{"id":4939,"date":"2023-06-06T10:30:26","date_gmt":"2023-06-06T08:30:26","guid":{"rendered":"https:\/\/www.fcgueugnon.fr\/site\/?p=4939"},"modified":"2023-10-23T09:38:15","modified_gmt":"2023-10-23T07:38:15","slug":"agenda-les-resultats-du-week-end-du-03-et-04-juin-2023","status":"publish","type":"post","link":"https:\/\/www.fcgueugnon.fr\/site\/agenda-les-resultats-du-week-end-du-03-et-04-juin-2023\/4939","title":{"rendered":"[Agenda] Les r\u00e9sultats du week-end du 03 et 04 Juin 2023"},"content":{"rendered":"\n<h2 class=\"wp-block-heading\">Les r\u00e9sultats de nos forgerons ce week-end :<\/h2>\n\n\n\n<div style=\"height:35px\" aria-hidden=\"true\" class=\"wp-block-spacer\"><\/div>\n\n\n\n<h3 class=\"wp-block-heading blue-underline-title\">S\u00e9niors<\/h3>\n\n\n\n<p><em>Groupe N3 \u2013 J26<\/em> \ud83d\udfe7<br>Samedi 03\/06 \u2013 18h00<br><strong>UCS Cosne \/ FC Gueugnon : 0-0<\/strong><\/p>\n\n\n\n<p><em>Groupe Espoirs \u2013 J22<\/em> \u274c<br>Dimanche 04\/06 \u2013 15h00<br><strong>FC Sens \/ FC Gueugnon : 5-0<\/strong><\/p>\n\n\n\n<div style=\"height:35px\" aria-hidden=\"true\" class=\"wp-block-spacer\"><\/div>\n\n\n\n<h3 class=\"wp-block-heading blue-underline-title\">Sport E.Leclerc Acad\u00e9mie<\/h3>\n\n\n\n<p><em>U18 R1 \u2013 J22<\/em> \u2705<br>Dimanche 04\/06 \u2013 12h30<br><strong>FC Gueugnon \/ GJ Rudipontain : 3-0 (forfait)<\/strong><\/p>\n\n\n\n<p><em>U16 R1 \u2013 J21<\/em> \u2705<br>Mercredi 31\/05 \u2013 17h00<br><strong>FC Gueugnon \/ AJ Auxerre : 2-1<\/strong><br>Buts : Mael Berry, Illiane Semane.<\/p>\n\n\n\n<div style=\"height:20px\" aria-hidden=\"true\" class=\"wp-block-spacer\"><\/div>\n\n\n<div class=\"wp-block-image\">\n<figure class=\"aligncenter size-full is-resized\"><img loading=\"lazy\" decoding=\"async\" src=\"https:\/\/www.fcgueugnon.fr\/site\/wp-content\/uploads\/2023\/06\/U16.jpeg\" alt=\"\" class=\"wp-image-4940\" width=\"400\" height=\"300\" srcset=\"https:\/\/www.fcgueugnon.fr\/site\/wp-content\/uploads\/2023\/06\/U16.jpeg 1600w, https:\/\/www.fcgueugnon.fr\/site\/wp-content\/uploads\/2023\/06\/U16-400x300.jpeg 400w, https:\/\/www.fcgueugnon.fr\/site\/wp-content\/uploads\/2023\/06\/U16-1024x768.jpeg 1024w, https:\/\/www.fcgueugnon.fr\/site\/wp-content\/uploads\/2023\/06\/U16-768x576.jpeg 768w, https:\/\/www.fcgueugnon.fr\/site\/wp-content\/uploads\/2023\/06\/U16-1536x1152.jpeg 1536w, https:\/\/www.fcgueugnon.fr\/site\/wp-content\/uploads\/2023\/06\/U16-1320x990.jpeg 1320w, https:\/\/www.fcgueugnon.fr\/site\/wp-content\/uploads\/2023\/06\/U16-600x450.jpeg 600w\" sizes=\"auto, (max-width: 400px) 100vw, 400px\" \/><\/figure>\n<\/div>\n\n\n<div style=\"height:20px\" aria-hidden=\"true\" class=\"wp-block-spacer\"><\/div>\n\n\n\n<p><em>U16 R1 \u2013 J22<\/em> \u2705<br>Dimanche 04\/06\u2013 13h00<br><strong>FC Montceau Bourgogne \/ FC Gueugnon : 2-7<\/strong><\/p>\n\n\n\n<div style=\"height:20px\" aria-hidden=\"true\" class=\"wp-block-spacer\"><\/div>\n\n\n<div class=\"wp-block-image\">\n<figure class=\"aligncenter size-full is-resized\"><img loading=\"lazy\" decoding=\"async\" src=\"https:\/\/www.fcgueugnon.fr\/site\/wp-content\/uploads\/2023\/06\/U16-18.jpeg\" alt=\"\" class=\"wp-image-4955\" width=\"512\" height=\"348\" srcset=\"https:\/\/www.fcgueugnon.fr\/site\/wp-content\/uploads\/2023\/06\/U16-18.jpeg 1024w, https:\/\/www.fcgueugnon.fr\/site\/wp-content\/uploads\/2023\/06\/U16-18-400x272.jpeg 400w, https:\/\/www.fcgueugnon.fr\/site\/wp-content\/uploads\/2023\/06\/U16-18-768x522.jpeg 768w, https:\/\/www.fcgueugnon.fr\/site\/wp-content\/uploads\/2023\/06\/U16-18-600x408.jpeg 600w\" sizes=\"auto, (max-width: 512px) 100vw, 512px\" \/><\/figure>\n<\/div>\n\n\n<div style=\"height:20px\" aria-hidden=\"true\" class=\"wp-block-spacer\"><\/div>\n\n\n\n<p><em>U15 R1 \u2013 J10<\/em> \u2705<br>Samedi 03\/06 \u2013 15h00<br><strong>FC Gueugnon \/ AFGP 58 : 3-2<\/strong><br>Buteurs : L\u00e9andre Macedo, Jessym Dahmani, Th\u00e9o Ravier<\/p>\n\n\n\n<div style=\"height:20px\" aria-hidden=\"true\" class=\"wp-block-spacer\"><\/div>\n\n\n\n<figure class=\"wp-block-gallery has-nested-images columns-default is-cropped wp-block-gallery-1 is-layout-flex wp-block-gallery-is-layout-flex\">\n<figure class=\"wp-block-image size-large\"><img loading=\"lazy\" decoding=\"async\" width=\"1024\" height=\"605\" data-id=\"4952\" src=\"https:\/\/www.fcgueugnon.fr\/site\/wp-content\/uploads\/2023\/06\/U15-7-1024x605.jpeg\" alt=\"\" class=\"wp-image-4952\" srcset=\"https:\/\/www.fcgueugnon.fr\/site\/wp-content\/uploads\/2023\/06\/U15-7-1024x605.jpeg 1024w, https:\/\/www.fcgueugnon.fr\/site\/wp-content\/uploads\/2023\/06\/U15-7-400x237.jpeg 400w, https:\/\/www.fcgueugnon.fr\/site\/wp-content\/uploads\/2023\/06\/U15-7-768x454.jpeg 768w, https:\/\/www.fcgueugnon.fr\/site\/wp-content\/uploads\/2023\/06\/U15-7-1536x908.jpeg 1536w, https:\/\/www.fcgueugnon.fr\/site\/wp-content\/uploads\/2023\/06\/U15-7-1320x780.jpeg 1320w, https:\/\/www.fcgueugnon.fr\/site\/wp-content\/uploads\/2023\/06\/U15-7-600x355.jpeg 600w, https:\/\/www.fcgueugnon.fr\/site\/wp-content\/uploads\/2023\/06\/U15-7.jpeg 1600w\" sizes=\"auto, (max-width: 1024px) 100vw, 1024px\" \/><\/figure>\n\n\n\n<figure class=\"wp-block-image size-large\"><img loading=\"lazy\" decoding=\"async\" width=\"1024\" height=\"906\" data-id=\"4953\" src=\"https:\/\/www.fcgueugnon.fr\/site\/wp-content\/uploads\/2023\/06\/U15-1-1024x906.jpeg\" alt=\"\" class=\"wp-image-4953\" srcset=\"https:\/\/www.fcgueugnon.fr\/site\/wp-content\/uploads\/2023\/06\/U15-1-1024x906.jpeg 1024w, https:\/\/www.fcgueugnon.fr\/site\/wp-content\/uploads\/2023\/06\/U15-1-400x354.jpeg 400w, https:\/\/www.fcgueugnon.fr\/site\/wp-content\/uploads\/2023\/06\/U15-1-768x680.jpeg 768w, https:\/\/www.fcgueugnon.fr\/site\/wp-content\/uploads\/2023\/06\/U15-1-1536x1359.jpeg 1536w, https:\/\/www.fcgueugnon.fr\/site\/wp-content\/uploads\/2023\/06\/U15-1-1320x1168.jpeg 1320w, https:\/\/www.fcgueugnon.fr\/site\/wp-content\/uploads\/2023\/06\/U15-1-600x531.jpeg 600w, https:\/\/www.fcgueugnon.fr\/site\/wp-content\/uploads\/2023\/06\/U15-1.jpeg 1600w\" sizes=\"auto, (max-width: 1024px) 100vw, 1024px\" \/><\/figure>\n<\/figure>\n\n\n\n<div style=\"height:20px\" aria-hidden=\"true\" class=\"wp-block-spacer\"><\/div>\n\n\n\n<p><em>U14 R1 \u2013 J10<\/em> \u2705<br>Samedi 03\/06 \u2013 15h00<br><strong>UCS Cosne \/ FC Gueugnon : 1-2<\/strong><br>Buts : Jules Dauvergne, Mathis Joffroy<br>Le mot de Gabriel Rousseau : <em>\u00ab\u00a0Un match essentiellement bas\u00e9 sur le combat physique, avec une \u00e9quipe de Cosne dans l\u2019obligation de gagner pour pr\u00e9tendre \u00e0 une qualification en U15R1. Nous avons r\u00e9pondu pr\u00e9sent encore une fois ! Je dis un grand bravo \u00e0 tous les joueurs du groupe U14 pour cette saison pleine d\u2019apprentissage. Merci \u00e0 l&rsquo;ensemble des parents, \u00e9ducateurs avec une petite mention \u00e0 Clara, merci beaucoup. N\u2019oubliez pas d\u2019o\u00f9 nous venons.\u00a0\u00bb<\/em><\/p>\n\n\n\n<p><em>U15F \u00a0\u2013 J10<\/em> \u274c<br>Samedi 03\/06 \u2013 10h30<br><strong>FC Gueugnon \/ FC Louhans Cuiseaux : 2-5<\/strong><\/p>\n\n\n\n<div style=\"height:20px\" aria-hidden=\"true\" class=\"wp-block-spacer\"><\/div>\n\n\n<div class=\"wp-block-image\">\n<figure class=\"aligncenter size-full\"><img loading=\"lazy\" decoding=\"async\" width=\"2048\" height=\"1536\" src=\"https:\/\/www.fcgueugnon.fr\/site\/wp-content\/uploads\/2023\/06\/U15F-7.jpeg\" alt=\"\" class=\"wp-image-4949\" srcset=\"https:\/\/www.fcgueugnon.fr\/site\/wp-content\/uploads\/2023\/06\/U15F-7.jpeg 2048w, https:\/\/www.fcgueugnon.fr\/site\/wp-content\/uploads\/2023\/06\/U15F-7-400x300.jpeg 400w, https:\/\/www.fcgueugnon.fr\/site\/wp-content\/uploads\/2023\/06\/U15F-7-1024x768.jpeg 1024w, https:\/\/www.fcgueugnon.fr\/site\/wp-content\/uploads\/2023\/06\/U15F-7-768x576.jpeg 768w, https:\/\/www.fcgueugnon.fr\/site\/wp-content\/uploads\/2023\/06\/U15F-7-1536x1152.jpeg 1536w, https:\/\/www.fcgueugnon.fr\/site\/wp-content\/uploads\/2023\/06\/U15F-7-1320x990.jpeg 1320w, https:\/\/www.fcgueugnon.fr\/site\/wp-content\/uploads\/2023\/06\/U15F-7-600x450.jpeg 600w\" sizes=\"auto, (max-width: 2048px) 100vw, 2048px\" \/><\/figure>\n<\/div>\n\n\n<figure class=\"wp-block-gallery has-nested-images columns-default is-cropped wp-block-gallery-2 is-layout-flex wp-block-gallery-is-layout-flex\">\n<figure class=\"wp-block-image size-full\"><img loading=\"lazy\" decoding=\"async\" width=\"1536\" height=\"2048\" data-id=\"4950\" src=\"https:\/\/www.fcgueugnon.fr\/site\/wp-content\/uploads\/2023\/06\/U15F-8.jpeg\" alt=\"\" class=\"wp-image-4950\" srcset=\"https:\/\/www.fcgueugnon.fr\/site\/wp-content\/uploads\/2023\/06\/U15F-8.jpeg 1536w, https:\/\/www.fcgueugnon.fr\/site\/wp-content\/uploads\/2023\/06\/U15F-8-300x400.jpeg 300w, https:\/\/www.fcgueugnon.fr\/site\/wp-content\/uploads\/2023\/06\/U15F-8-768x1024.jpeg 768w, https:\/\/www.fcgueugnon.fr\/site\/wp-content\/uploads\/2023\/06\/U15F-8-1152x1536.jpeg 1152w, https:\/\/www.fcgueugnon.fr\/site\/wp-content\/uploads\/2023\/06\/U15F-8-1320x1760.jpeg 1320w, https:\/\/www.fcgueugnon.fr\/site\/wp-content\/uploads\/2023\/06\/U15F-8-600x800.jpeg 600w\" sizes=\"auto, (max-width: 1536px) 100vw, 1536px\" \/><\/figure>\n\n\n\n<figure class=\"wp-block-image size-full\"><img loading=\"lazy\" decoding=\"async\" width=\"1536\" height=\"2048\" data-id=\"4951\" src=\"https:\/\/www.fcgueugnon.fr\/site\/wp-content\/uploads\/2023\/06\/U15F-9.jpeg\" alt=\"\" class=\"wp-image-4951\" srcset=\"https:\/\/www.fcgueugnon.fr\/site\/wp-content\/uploads\/2023\/06\/U15F-9.jpeg 1536w, https:\/\/www.fcgueugnon.fr\/site\/wp-content\/uploads\/2023\/06\/U15F-9-300x400.jpeg 300w, https:\/\/www.fcgueugnon.fr\/site\/wp-content\/uploads\/2023\/06\/U15F-9-768x1024.jpeg 768w, https:\/\/www.fcgueugnon.fr\/site\/wp-content\/uploads\/2023\/06\/U15F-9-1152x1536.jpeg 1152w, https:\/\/www.fcgueugnon.fr\/site\/wp-content\/uploads\/2023\/06\/U15F-9-1320x1760.jpeg 1320w, https:\/\/www.fcgueugnon.fr\/site\/wp-content\/uploads\/2023\/06\/U15F-9-600x800.jpeg 600w\" sizes=\"auto, (max-width: 1536px) 100vw, 1536px\" \/><\/figure>\n<\/figure>\n\n\n\n<div style=\"height:20px\" aria-hidden=\"true\" class=\"wp-block-spacer\"><\/div>\n\n\n\n<p><em>U13 Intersecteurs \u2013 J09<\/em> \u274c<br>Samedi 03\/06 \u2013 15h00<br><strong>FC Montceau Bourgogne \/ FC Gueugnon : 4-3<\/strong><br>Buts : Evan Bidault x2, Hugo Ruvio.<\/p>\n\n\n\n<p><em>U12 D1 \u2013 J09<\/em> \u274c<br>Samedi 03\/06 \u2013 14h00<br><strong>FC M\u00e2con \/ FC Gueugnon : 4-2<\/strong><\/p>\n\n\n\n<p><em>U11 \u2013 Niveau 1<\/em> \ud83d\udfe7<br>Mercredi 31\/05 \u2013 16h30<br><strong>FC Gueugnon \/ FC Louhans Cuiseaux : 1-1<\/strong><\/p>\n\n\n\n<p><em>U11 \u2013 Niveau 1<\/em> \u2705<br>Samedi 03\/06 \u2013 12h30<br><strong>Tournoi \u00e0 Gueugnon : 1er\/12<\/strong><\/p>\n\n\n\n<div style=\"height:20px\" aria-hidden=\"true\" class=\"wp-block-spacer\"><\/div>\n\n\n<div class=\"wp-block-image\">\n<figure class=\"aligncenter size-full is-resized\"><img loading=\"lazy\" decoding=\"async\" src=\"https:\/\/www.fcgueugnon.fr\/site\/wp-content\/uploads\/2023\/06\/U11-5.jpeg\" alt=\"\" class=\"wp-image-4954\" width=\"300\" height=\"400\" srcset=\"https:\/\/www.fcgueugnon.fr\/site\/wp-content\/uploads\/2023\/06\/U11-5.jpeg 1200w, https:\/\/www.fcgueugnon.fr\/site\/wp-content\/uploads\/2023\/06\/U11-5-300x400.jpeg 300w, https:\/\/www.fcgueugnon.fr\/site\/wp-content\/uploads\/2023\/06\/U11-5-768x1024.jpeg 768w, https:\/\/www.fcgueugnon.fr\/site\/wp-content\/uploads\/2023\/06\/U11-5-1152x1536.jpeg 1152w, https:\/\/www.fcgueugnon.fr\/site\/wp-content\/uploads\/2023\/06\/U11-5-600x800.jpeg 600w\" sizes=\"auto, (max-width: 300px) 100vw, 300px\" \/><\/figure>\n<\/div>\n\n\n<div style=\"height:20px\" aria-hidden=\"true\" class=\"wp-block-spacer\"><\/div>\n\n\n\n<p><em>U11 \u2013 Niveau 2<\/em> \u2611<br>Samedi 03\/06 \u2013 12h30<br><strong>Tournoi \u00e0 Gueugnon : <strong>3e\/12<\/strong><\/strong><\/p>\n\n\n\n<p><em>U11 \u2013 Niveau 3<\/em> \u2611<br>Samedi 03\/06 \u2013 12h30<br><strong>Tournoi \u00e0 Gueugnon : <strong>12e\/12<\/strong><\/strong><\/p>\n\n\n\n<p><em>U08 &#8211; U09<\/em> \u2611<br>Samedi 03\/06 \u2013 10h30<br><strong>Journ\u00e9e nationale des d\u00e9butants<\/strong><br>\u00c9quipe U8 : 1V, 2N, 2D<br>\u00c9quipe U7 : 5V\u00a0<\/p>\n\n\n\n<div style=\"height:20px\" aria-hidden=\"true\" class=\"wp-block-spacer\"><\/div>\n\n\n<div class=\"wp-block-image\">\n<figure class=\"aligncenter size-full is-resized\"><img loading=\"lazy\" decoding=\"async\" src=\"https:\/\/www.fcgueugnon.fr\/site\/wp-content\/uploads\/2023\/06\/U8-U9-32.jpeg\" alt=\"\" class=\"wp-image-4948\" width=\"400\" height=\"300\" srcset=\"https:\/\/www.fcgueugnon.fr\/site\/wp-content\/uploads\/2023\/06\/U8-U9-32.jpeg 1600w, https:\/\/www.fcgueugnon.fr\/site\/wp-content\/uploads\/2023\/06\/U8-U9-32-400x300.jpeg 400w, https:\/\/www.fcgueugnon.fr\/site\/wp-content\/uploads\/2023\/06\/U8-U9-32-1024x768.jpeg 1024w, https:\/\/www.fcgueugnon.fr\/site\/wp-content\/uploads\/2023\/06\/U8-U9-32-768x576.jpeg 768w, https:\/\/www.fcgueugnon.fr\/site\/wp-content\/uploads\/2023\/06\/U8-U9-32-1536x1152.jpeg 1536w, https:\/\/www.fcgueugnon.fr\/site\/wp-content\/uploads\/2023\/06\/U8-U9-32-1320x990.jpeg 1320w, https:\/\/www.fcgueugnon.fr\/site\/wp-content\/uploads\/2023\/06\/U8-U9-32-600x450.jpeg 600w\" sizes=\"auto, (max-width: 400px) 100vw, 400px\" \/><\/figure>\n<\/div>\n\n\n<div style=\"height:20px\" aria-hidden=\"true\" class=\"wp-block-spacer\"><\/div>\n\n\n\n<p><em>U08F &#8211; U09F<\/em> \u2611<br>Samedi 03\/06 \u2013 10h30<br><strong>Journ\u00e9e nationale des d\u00e9butants : 5D<\/strong><\/p>\n\n\n\n<div style=\"height:20px\" aria-hidden=\"true\" class=\"wp-block-spacer\"><\/div>\n\n\n\n<figure class=\"wp-block-gallery has-nested-images columns-default is-cropped wp-block-gallery-3 is-layout-flex wp-block-gallery-is-layout-flex\">\n<figure class=\"wp-block-image size-large\"><img loading=\"lazy\" decoding=\"async\" width=\"461\" height=\"1024\" data-id=\"4941\" src=\"https:\/\/www.fcgueugnon.fr\/site\/wp-content\/uploads\/2023\/06\/U8F-U9F-4-461x1024.jpeg\" alt=\"\" class=\"wp-image-4941\" srcset=\"https:\/\/www.fcgueugnon.fr\/site\/wp-content\/uploads\/2023\/06\/U8F-U9F-4-461x1024.jpeg 461w, https:\/\/www.fcgueugnon.fr\/site\/wp-content\/uploads\/2023\/06\/U8F-U9F-4-180x400.jpeg 180w, https:\/\/www.fcgueugnon.fr\/site\/wp-content\/uploads\/2023\/06\/U8F-U9F-4-691x1536.jpeg 691w, https:\/\/www.fcgueugnon.fr\/site\/wp-content\/uploads\/2023\/06\/U8F-U9F-4-600x1333.jpeg 600w, https:\/\/www.fcgueugnon.fr\/site\/wp-content\/uploads\/2023\/06\/U8F-U9F-4.jpeg 720w\" sizes=\"auto, (max-width: 461px) 100vw, 461px\" \/><\/figure>\n\n\n\n<figure class=\"wp-block-image size-large\"><img loading=\"lazy\" decoding=\"async\" width=\"461\" height=\"1024\" data-id=\"4945\" src=\"https:\/\/www.fcgueugnon.fr\/site\/wp-content\/uploads\/2023\/06\/U8F-U9F-5-461x1024.jpeg\" alt=\"\" class=\"wp-image-4945\" srcset=\"https:\/\/www.fcgueugnon.fr\/site\/wp-content\/uploads\/2023\/06\/U8F-U9F-5-461x1024.jpeg 461w, https:\/\/www.fcgueugnon.fr\/site\/wp-content\/uploads\/2023\/06\/U8F-U9F-5-180x400.jpeg 180w, https:\/\/www.fcgueugnon.fr\/site\/wp-content\/uploads\/2023\/06\/U8F-U9F-5-691x1536.jpeg 691w, https:\/\/www.fcgueugnon.fr\/site\/wp-content\/uploads\/2023\/06\/U8F-U9F-5-600x1333.jpeg 600w, https:\/\/www.fcgueugnon.fr\/site\/wp-content\/uploads\/2023\/06\/U8F-U9F-5.jpeg 720w\" sizes=\"auto, (max-width: 461px) 100vw, 461px\" \/><\/figure>\n\n\n\n<figure class=\"wp-block-image size-large\"><img loading=\"lazy\" decoding=\"async\" width=\"461\" height=\"1024\" data-id=\"4943\" src=\"https:\/\/www.fcgueugnon.fr\/site\/wp-content\/uploads\/2023\/06\/U8F-U9F-6-461x1024.jpeg\" alt=\"\" class=\"wp-image-4943\" srcset=\"https:\/\/www.fcgueugnon.fr\/site\/wp-content\/uploads\/2023\/06\/U8F-U9F-6-461x1024.jpeg 461w, https:\/\/www.fcgueugnon.fr\/site\/wp-content\/uploads\/2023\/06\/U8F-U9F-6-180x400.jpeg 180w, https:\/\/www.fcgueugnon.fr\/site\/wp-content\/uploads\/2023\/06\/U8F-U9F-6-691x1536.jpeg 691w, https:\/\/www.fcgueugnon.fr\/site\/wp-content\/uploads\/2023\/06\/U8F-U9F-6-600x1333.jpeg 600w, https:\/\/www.fcgueugnon.fr\/site\/wp-content\/uploads\/2023\/06\/U8F-U9F-6.jpeg 720w\" sizes=\"auto, (max-width: 461px) 100vw, 461px\" \/><\/figure>\n\n\n\n<figure class=\"wp-block-image size-large\"><img loading=\"lazy\" decoding=\"async\" width=\"461\" height=\"1024\" data-id=\"4946\" src=\"https:\/\/www.fcgueugnon.fr\/site\/wp-content\/uploads\/2023\/06\/U8F-U9F-7-461x1024.jpeg\" alt=\"\" class=\"wp-image-4946\" srcset=\"https:\/\/www.fcgueugnon.fr\/site\/wp-content\/uploads\/2023\/06\/U8F-U9F-7-461x1024.jpeg 461w, https:\/\/www.fcgueugnon.fr\/site\/wp-content\/uploads\/2023\/06\/U8F-U9F-7-180x400.jpeg 180w, https:\/\/www.fcgueugnon.fr\/site\/wp-content\/uploads\/2023\/06\/U8F-U9F-7-691x1536.jpeg 691w, https:\/\/www.fcgueugnon.fr\/site\/wp-content\/uploads\/2023\/06\/U8F-U9F-7-600x1333.jpeg 600w, https:\/\/www.fcgueugnon.fr\/site\/wp-content\/uploads\/2023\/06\/U8F-U9F-7.jpeg 720w\" sizes=\"auto, (max-width: 461px) 100vw, 461px\" \/><\/figure>\n\n\n\n<figure class=\"wp-block-image size-large\"><img loading=\"lazy\" decoding=\"async\" width=\"461\" height=\"1024\" data-id=\"4944\" src=\"https:\/\/www.fcgueugnon.fr\/site\/wp-content\/uploads\/2023\/06\/U8F-U9F-8-461x1024.jpeg\" alt=\"\" class=\"wp-image-4944\" srcset=\"https:\/\/www.fcgueugnon.fr\/site\/wp-content\/uploads\/2023\/06\/U8F-U9F-8-461x1024.jpeg 461w, https:\/\/www.fcgueugnon.fr\/site\/wp-content\/uploads\/2023\/06\/U8F-U9F-8-180x400.jpeg 180w, https:\/\/www.fcgueugnon.fr\/site\/wp-content\/uploads\/2023\/06\/U8F-U9F-8-691x1536.jpeg 691w, https:\/\/www.fcgueugnon.fr\/site\/wp-content\/uploads\/2023\/06\/U8F-U9F-8-600x1333.jpeg 600w, https:\/\/www.fcgueugnon.fr\/site\/wp-content\/uploads\/2023\/06\/U8F-U9F-8.jpeg 720w\" sizes=\"auto, (max-width: 461px) 100vw, 461px\" \/><\/figure>\n\n\n\n<figure class=\"wp-block-image size-large\"><img loading=\"lazy\" decoding=\"async\" width=\"461\" height=\"1024\" data-id=\"4942\" src=\"https:\/\/www.fcgueugnon.fr\/site\/wp-content\/uploads\/2023\/06\/U8F-U9F-1-461x1024.jpeg\" alt=\"\" class=\"wp-image-4942\" srcset=\"https:\/\/www.fcgueugnon.fr\/site\/wp-content\/uploads\/2023\/06\/U8F-U9F-1-461x1024.jpeg 461w, https:\/\/www.fcgueugnon.fr\/site\/wp-content\/uploads\/2023\/06\/U8F-U9F-1-180x400.jpeg 180w, https:\/\/www.fcgueugnon.fr\/site\/wp-content\/uploads\/2023\/06\/U8F-U9F-1-691x1536.jpeg 691w, https:\/\/www.fcgueugnon.fr\/site\/wp-content\/uploads\/2023\/06\/U8F-U9F-1-600x1333.jpeg 600w, https:\/\/www.fcgueugnon.fr\/site\/wp-content\/uploads\/2023\/06\/U8F-U9F-1.jpeg 720w\" sizes=\"auto, (max-width: 461px) 100vw, 461px\" \/><\/figure>\n<\/figure>\n\n\n\n<div style=\"height:20px\" aria-hidden=\"true\" class=\"wp-block-spacer\"><\/div>\n\n\n\n<p><em>U06 &#8211; U07<\/em> \u2611<br>Samedi 03\/06 \u2013 10h30<br><strong>Journ\u00e9e nationale des d\u00e9butants : 5D<\/strong><\/p>\n\n\n\n<div style=\"height:20px\" aria-hidden=\"true\" class=\"wp-block-spacer\"><\/div>\n\n\n<div class=\"wp-block-image\">\n<figure class=\"aligncenter size-full is-resized\"><img loading=\"lazy\" decoding=\"async\" src=\"https:\/\/www.fcgueugnon.fr\/site\/wp-content\/uploads\/2023\/06\/U6-U7-43.jpeg\" alt=\"\" class=\"wp-image-4947\" width=\"225\" height=\"500\" srcset=\"https:\/\/www.fcgueugnon.fr\/site\/wp-content\/uploads\/2023\/06\/U6-U7-43.jpeg 900w, https:\/\/www.fcgueugnon.fr\/site\/wp-content\/uploads\/2023\/06\/U6-U7-43-180x400.jpeg 180w, https:\/\/www.fcgueugnon.fr\/site\/wp-content\/uploads\/2023\/06\/U6-U7-43-461x1024.jpeg 461w, https:\/\/www.fcgueugnon.fr\/site\/wp-content\/uploads\/2023\/06\/U6-U7-43-768x1707.jpeg 768w, https:\/\/www.fcgueugnon.fr\/site\/wp-content\/uploads\/2023\/06\/U6-U7-43-691x1536.jpeg 691w, https:\/\/www.fcgueugnon.fr\/site\/wp-content\/uploads\/2023\/06\/U6-U7-43-600x1333.jpeg 600w\" sizes=\"auto, (max-width: 225px) 100vw, 225px\" \/><\/figure>\n<\/div>\n\n\n<div style=\"height:80px\" aria-hidden=\"true\" class=\"wp-block-spacer mb-0\"><\/div>\n\n\n\n<h3 class=\"wp-block-heading blue-underline-title\">Arbitres<\/h3>\n\n\n\n<p><strong>Mehdi OTMANI <\/strong>\u2013 Samedi 03\/06<br>Saint Vallier SF \/ AS Saint Vincent Bragny<br>U18 D2<\/p>\n\n\n\n<p><strong>Fabrice MUET <\/strong>\u2013 Dimanche 04\/06<br>Digoin FCA \/ JS M\u00e2connaise<br>D\u00e9partemental 1<\/p>\n\n\n\n<p><strong>Lucas MENAGER <\/strong>\u2013 Dimanche 04\/06<br>ASJT Torcy \/ JO Creusot B<br>D\u00e9partemental 3<\/p>\n\n\n\n<p><strong>Christophe AUBEL <\/strong>\u2013 Dimanche 04\/06<br>SRC La Clayette B \/ JSVG B&nbsp;<br>D\u00e9partemental 3<\/p>\n\n\n\n<p><strong>Mehdi OTMANI <\/strong>\u2013 Dimanche 04\/06<br>RC Guerreaux La Motte &nbsp;\/ US Varenne St Yan<br>D\u00e9partemental 3<\/p>\n\n\n\n<p><strong>Mehdi OTMANI <\/strong>\u2013 Dimanche 04\/06<br>FC Dompierre Matour&nbsp; \/ FC Vitry B<br>D\u00e9partemental 3<\/p>\n\n\n\n<div style=\"height:35px\" aria-hidden=\"true\" class=\"wp-block-spacer\"><\/div>\n\n\n\n<h3 class=\"wp-block-heading blue-underline-title\">eSport<\/h3>\n\n\n\n<p>Fin de saison.<\/p>\n\n\n\n<h3 class=\"wp-block-heading\"><em>Suivez toute l\u2019actualit\u00e9 de la section eSport du FCG sur&nbsp;<a href=\"http:\/\/twitter.com\/gueugnon_esport\/\" target=\"_blank\" rel=\"noreferrer noopener\">Twitter<\/a>&nbsp;et&nbsp;<a href=\"http:\/\/twitch.tv\/fcgesport\/\" target=\"_blank\" rel=\"noreferrer noopener\">Twitch<\/a><\/em><\/h3>\n\n\n\n<div style=\"height:100px\" aria-hidden=\"true\" class=\"wp-block-spacer mb-0\"><\/div>\n\n\n\n<h1 class=\"wp-block-heading has-text-align-center\">#ForgeronFamily<\/h1>\n","protected":false},"excerpt":{"rendered":"<p>Les r\u00e9sultats de nos forgerons ce week-end : S\u00e9niors Groupe N3 \u2013 J26 \ud83d\udfe7Samedi 03\/06 \u2013 18h00UCS Cosne \/ FC Gueugnon : 0-0 Groupe Espoirs \u2013 J22 \u274cDimanche 04\/06 \u2013 15h00FC Sens \/ FC Gueugnon : 5-0 Sport E.Leclerc Acad\u00e9mie U18 R1 \u2013 J22 \u2705Dimanche 04\/06 \u2013 12h30FC Gueugnon \/ GJ Rudipontain : 3-0 (forfait) &#8230; <\/p>\n<p class=\"read-more-container\"><a title=\"[Agenda] Les r\u00e9sultats du week-end du 03 et 04 Juin 2023\" class=\"read-more button\" href=\"https:\/\/www.fcgueugnon.fr\/site\/agenda-les-resultats-du-week-end-du-03-et-04-juin-2023\/4939#more-4939\" aria-label=\"Plus sur [Agenda] Les r\u00e9sultats du week-end du 03 et 04 Juin 2023\">Lire la suite<\/a><\/p>\n","protected":false},"author":3,"featured_media":4952,"comment_status":"closed","ping_status":"closed","sticky":false,"template":"","format":"standard","meta":{"footnotes":""},"categories":[5,4],"tags":[33,14],"class_list":["post-4939","post","type-post","status-publish","format-standard","has-post-thumbnail","hentry","category-news-2022-2023","category-news","tag-agenda","tag-sport-e-leclerc-academie-jeunes-formation","infinite-scroll-item","generate-columns","tablet-grid-50","mobile-grid-100","grid-parent","grid-25","resize-featured-image"],"yoast_head":"<!-- This site is optimized with the Yoast SEO plugin v26.6 - https:\/\/yoast.com\/wordpress\/plugins\/seo\/ -->\n<title>[Agenda] Les r\u00e9sultats du week-end du 03 et 04 Juin 2023 &#8226; FOOTBALL CLUB GUEUGNON<\/title>\n<meta name=\"robots\" content=\"index, follow, max-snippet:-1, max-image-preview:large, max-video-preview:-1\" \/>\n<link rel=\"canonical\" href=\"https:\/\/www.fcgueugnon.fr\/site\/agenda-les-resultats-du-week-end-du-03-et-04-juin-2023\/4939\" \/>\n<meta property=\"og:locale\" content=\"fr_FR\" \/>\n<meta property=\"og:type\" content=\"article\" \/>\n<meta property=\"og:title\" content=\"[Agenda] Les r\u00e9sultats du week-end du 03 et 04 Juin 2023 &#8226; FOOTBALL CLUB GUEUGNON\" \/>\n<meta property=\"og:description\" content=\"Les r\u00e9sultats de nos forgerons ce week-end : S\u00e9niors Groupe N3 \u2013 J26 \ud83d\udfe7Samedi 03\/06 \u2013 18h00UCS Cosne \/ FC Gueugnon : 0-0 Groupe Espoirs \u2013 J22 \u274cDimanche 04\/06 \u2013 15h00FC Sens \/ FC Gueugnon : 5-0 Sport E.Leclerc Acad\u00e9mie U18 R1 \u2013 J22 \u2705Dimanche 04\/06 \u2013 12h30FC Gueugnon \/ GJ Rudipontain : 3-0 (forfait) ... Lire la suite\" \/>\n<meta property=\"og:url\" content=\"https:\/\/www.fcgueugnon.fr\/site\/agenda-les-resultats-du-week-end-du-03-et-04-juin-2023\/4939\" \/>\n<meta property=\"og:site_name\" content=\"FOOTBALL CLUB GUEUGNON\" \/>\n<meta property=\"article:publisher\" content=\"http:\/\/facebook.com\/FCGueugnon\" \/>\n<meta property=\"article:published_time\" content=\"2023-06-06T08:30:26+00:00\" \/>\n<meta property=\"article:modified_time\" content=\"2023-10-23T07:38:15+00:00\" \/>\n<meta property=\"og:image\" content=\"https:\/\/www.fcgueugnon.fr\/site\/wp-content\/uploads\/2023\/06\/U15-7.jpeg\" \/>\n\t<meta property=\"og:image:width\" content=\"1600\" \/>\n\t<meta property=\"og:image:height\" content=\"946\" \/>\n\t<meta property=\"og:image:type\" content=\"image\/jpeg\" \/>\n<meta name=\"author\" content=\"FC Gueugnon\" \/>\n<meta name=\"twitter:card\" content=\"summary_large_image\" \/>\n<meta name=\"twitter:creator\" content=\"@FCGueugnon_off\" \/>\n<meta name=\"twitter:site\" content=\"@FCGueugnon_off\" \/>\n<meta name=\"twitter:label1\" content=\"\u00c9crit par\" \/>\n\t<meta name=\"twitter:data1\" content=\"FC Gueugnon\" \/>\n\t<meta name=\"twitter:label2\" content=\"Dur\u00e9e de lecture estim\u00e9e\" \/>\n\t<meta name=\"twitter:data2\" content=\"6 minutes\" \/>\n<script type=\"application\/ld+json\" class=\"yoast-schema-graph\">{\"@context\":\"https:\/\/schema.org\",\"@graph\":[{\"@type\":\"Article\",\"@id\":\"https:\/\/www.fcgueugnon.fr\/site\/agenda-les-resultats-du-week-end-du-03-et-04-juin-2023\/4939#article\",\"isPartOf\":{\"@id\":\"https:\/\/www.fcgueugnon.fr\/site\/agenda-les-resultats-du-week-end-du-03-et-04-juin-2023\/4939\"},\"author\":{\"name\":\"FC Gueugnon\",\"@id\":\"https:\/\/www.fcgueugnon.fr\/site\/#\/schema\/person\/829630bfb5d6f3ebe4d296b75687c01a\"},\"headline\":\"[Agenda] Les r\u00e9sultats du week-end du 03 et 04 Juin 2023\",\"datePublished\":\"2023-06-06T08:30:26+00:00\",\"dateModified\":\"2023-10-23T07:38:15+00:00\",\"mainEntityOfPage\":{\"@id\":\"https:\/\/www.fcgueugnon.fr\/site\/agenda-les-resultats-du-week-end-du-03-et-04-juin-2023\/4939\"},\"wordCount\":393,\"publisher\":{\"@id\":\"https:\/\/www.fcgueugnon.fr\/site\/#organization\"},\"image\":{\"@id\":\"https:\/\/www.fcgueugnon.fr\/site\/agenda-les-resultats-du-week-end-du-03-et-04-juin-2023\/4939#primaryimage\"},\"thumbnailUrl\":\"https:\/\/www.fcgueugnon.fr\/site\/wp-content\/uploads\/2023\/06\/U15-7.jpeg\",\"keywords\":[\"Agenda\",\"Sport E.Leclerc Acad\u00e9mie : Jeunes \/ Formation\"],\"articleSection\":[\"Archives 2022\/2023\",\"News\"],\"inLanguage\":\"fr-FR\"},{\"@type\":\"WebPage\",\"@id\":\"https:\/\/www.fcgueugnon.fr\/site\/agenda-les-resultats-du-week-end-du-03-et-04-juin-2023\/4939\",\"url\":\"https:\/\/www.fcgueugnon.fr\/site\/agenda-les-resultats-du-week-end-du-03-et-04-juin-2023\/4939\",\"name\":\"[Agenda] Les r\u00e9sultats du week-end du 03 et 04 Juin 2023 &#8226; FOOTBALL CLUB GUEUGNON\",\"isPartOf\":{\"@id\":\"https:\/\/www.fcgueugnon.fr\/site\/#website\"},\"primaryImageOfPage\":{\"@id\":\"https:\/\/www.fcgueugnon.fr\/site\/agenda-les-resultats-du-week-end-du-03-et-04-juin-2023\/4939#primaryimage\"},\"image\":{\"@id\":\"https:\/\/www.fcgueugnon.fr\/site\/agenda-les-resultats-du-week-end-du-03-et-04-juin-2023\/4939#primaryimage\"},\"thumbnailUrl\":\"https:\/\/www.fcgueugnon.fr\/site\/wp-content\/uploads\/2023\/06\/U15-7.jpeg\",\"datePublished\":\"2023-06-06T08:30:26+00:00\",\"dateModified\":\"2023-10-23T07:38:15+00:00\",\"breadcrumb\":{\"@id\":\"https:\/\/www.fcgueugnon.fr\/site\/agenda-les-resultats-du-week-end-du-03-et-04-juin-2023\/4939#breadcrumb\"},\"inLanguage\":\"fr-FR\",\"potentialAction\":[{\"@type\":\"ReadAction\",\"target\":[\"https:\/\/www.fcgueugnon.fr\/site\/agenda-les-resultats-du-week-end-du-03-et-04-juin-2023\/4939\"]}]},{\"@type\":\"ImageObject\",\"inLanguage\":\"fr-FR\",\"@id\":\"https:\/\/www.fcgueugnon.fr\/site\/agenda-les-resultats-du-week-end-du-03-et-04-juin-2023\/4939#primaryimage\",\"url\":\"https:\/\/www.fcgueugnon.fr\/site\/wp-content\/uploads\/2023\/06\/U15-7.jpeg\",\"contentUrl\":\"https:\/\/www.fcgueugnon.fr\/site\/wp-content\/uploads\/2023\/06\/U15-7.jpeg\",\"width\":1600,\"height\":946},{\"@type\":\"BreadcrumbList\",\"@id\":\"https:\/\/www.fcgueugnon.fr\/site\/agenda-les-resultats-du-week-end-du-03-et-04-juin-2023\/4939#breadcrumb\",\"itemListElement\":[{\"@type\":\"ListItem\",\"position\":1,\"name\":\"Accueil\",\"item\":\"https:\/\/www.fcgueugnon.fr\/site\/\"},{\"@type\":\"ListItem\",\"position\":2,\"name\":\"[Agenda] Les r\u00e9sultats du week-end du 03 et 04 Juin 2023\"}]},{\"@type\":\"WebSite\",\"@id\":\"https:\/\/www.fcgueugnon.fr\/site\/#website\",\"url\":\"https:\/\/www.fcgueugnon.fr\/site\/\",\"name\":\"FOOTBALL CLUB GUEUGNON\",\"description\":\"Le Site Officiel des Forgerons\",\"publisher\":{\"@id\":\"https:\/\/www.fcgueugnon.fr\/site\/#organization\"},\"potentialAction\":[{\"@type\":\"SearchAction\",\"target\":{\"@type\":\"EntryPoint\",\"urlTemplate\":\"https:\/\/www.fcgueugnon.fr\/site\/?s={search_term_string}\"},\"query-input\":{\"@type\":\"PropertyValueSpecification\",\"valueRequired\":true,\"valueName\":\"search_term_string\"}}],\"inLanguage\":\"fr-FR\"},{\"@type\":\"Organization\",\"@id\":\"https:\/\/www.fcgueugnon.fr\/site\/#organization\",\"name\":\"FC Gueugnon\",\"url\":\"https:\/\/www.fcgueugnon.fr\/site\/\",\"logo\":{\"@type\":\"ImageObject\",\"inLanguage\":\"fr-FR\",\"@id\":\"https:\/\/www.fcgueugnon.fr\/site\/#\/schema\/logo\/image\/\",\"url\":\"https:\/\/www.fcgueugnon.fr\/site\/wp-content\/uploads\/2022\/07\/cropped-Logo-FCGUEUGNON-low-350x350-1.png\",\"contentUrl\":\"https:\/\/www.fcgueugnon.fr\/site\/wp-content\/uploads\/2022\/07\/cropped-Logo-FCGUEUGNON-low-350x350-1.png\",\"width\":350,\"height\":350,\"caption\":\"FC Gueugnon\"},\"image\":{\"@id\":\"https:\/\/www.fcgueugnon.fr\/site\/#\/schema\/logo\/image\/\"},\"sameAs\":[\"http:\/\/facebook.com\/FCGueugnon\",\"https:\/\/x.com\/FCGueugnon_off\",\"https:\/\/www.instagram.com\/fcgueugnon\/\",\"https:\/\/www.linkedin.com\/company\/football-club-de-gueugnon\/\",\"https:\/\/www.youtube.com\/user\/FCGueugnonnais\",\"https:\/\/fr.wikipedia.org\/wiki\/Football_Club_de_Gueugnon\"]},{\"@type\":\"Person\",\"@id\":\"https:\/\/www.fcgueugnon.fr\/site\/#\/schema\/person\/829630bfb5d6f3ebe4d296b75687c01a\",\"name\":\"FC Gueugnon\",\"url\":\"https:\/\/www.fcgueugnon.fr\/site\/author\/g-avin1\"}]}<\/script>\n<!-- \/ Yoast SEO plugin. -->","yoast_head_json":{"title":"[Agenda] Les r\u00e9sultats du week-end du 03 et 04 Juin 2023 &#8226; FOOTBALL CLUB GUEUGNON","robots":{"index":"index","follow":"follow","max-snippet":"max-snippet:-1","max-image-preview":"max-image-preview:large","max-video-preview":"max-video-preview:-1"},"canonical":"https:\/\/www.fcgueugnon.fr\/site\/agenda-les-resultats-du-week-end-du-03-et-04-juin-2023\/4939","og_locale":"fr_FR","og_type":"article","og_title":"[Agenda] Les r\u00e9sultats du week-end du 03 et 04 Juin 2023 &#8226; FOOTBALL CLUB GUEUGNON","og_description":"Les r\u00e9sultats de nos forgerons ce week-end : S\u00e9niors Groupe N3 \u2013 J26 \ud83d\udfe7Samedi 03\/06 \u2013 18h00UCS Cosne \/ FC Gueugnon : 0-0 Groupe Espoirs \u2013 J22 \u274cDimanche 04\/06 \u2013 15h00FC Sens \/ FC Gueugnon : 5-0 Sport E.Leclerc Acad\u00e9mie U18 R1 \u2013 J22 \u2705Dimanche 04\/06 \u2013 12h30FC Gueugnon \/ GJ Rudipontain : 3-0 (forfait) ... Lire la suite","og_url":"https:\/\/www.fcgueugnon.fr\/site\/agenda-les-resultats-du-week-end-du-03-et-04-juin-2023\/4939","og_site_name":"FOOTBALL CLUB GUEUGNON","article_publisher":"http:\/\/facebook.com\/FCGueugnon","article_published_time":"2023-06-06T08:30:26+00:00","article_modified_time":"2023-10-23T07:38:15+00:00","og_image":[{"width":1600,"height":946,"url":"https:\/\/www.fcgueugnon.fr\/site\/wp-content\/uploads\/2023\/06\/U15-7.jpeg","type":"image\/jpeg"}],"author":"FC Gueugnon","twitter_card":"summary_large_image","twitter_creator":"@FCGueugnon_off","twitter_site":"@FCGueugnon_off","twitter_misc":{"\u00c9crit par":"FC Gueugnon","Dur\u00e9e de lecture estim\u00e9e":"6 minutes"},"schema":{"@context":"https:\/\/schema.org","@graph":[{"@type":"Article","@id":"https:\/\/www.fcgueugnon.fr\/site\/agenda-les-resultats-du-week-end-du-03-et-04-juin-2023\/4939#article","isPartOf":{"@id":"https:\/\/www.fcgueugnon.fr\/site\/agenda-les-resultats-du-week-end-du-03-et-04-juin-2023\/4939"},"author":{"name":"FC Gueugnon","@id":"https:\/\/www.fcgueugnon.fr\/site\/#\/schema\/person\/829630bfb5d6f3ebe4d296b75687c01a"},"headline":"[Agenda] Les r\u00e9sultats du week-end du 03 et 04 Juin 2023","datePublished":"2023-06-06T08:30:26+00:00","dateModified":"2023-10-23T07:38:15+00:00","mainEntityOfPage":{"@id":"https:\/\/www.fcgueugnon.fr\/site\/agenda-les-resultats-du-week-end-du-03-et-04-juin-2023\/4939"},"wordCount":393,"publisher":{"@id":"https:\/\/www.fcgueugnon.fr\/site\/#organization"},"image":{"@id":"https:\/\/www.fcgueugnon.fr\/site\/agenda-les-resultats-du-week-end-du-03-et-04-juin-2023\/4939#primaryimage"},"thumbnailUrl":"https:\/\/www.fcgueugnon.fr\/site\/wp-content\/uploads\/2023\/06\/U15-7.jpeg","keywords":["Agenda","Sport E.Leclerc Acad\u00e9mie : Jeunes \/ Formation"],"articleSection":["Archives 2022\/2023","News"],"inLanguage":"fr-FR"},{"@type":"WebPage","@id":"https:\/\/www.fcgueugnon.fr\/site\/agenda-les-resultats-du-week-end-du-03-et-04-juin-2023\/4939","url":"https:\/\/www.fcgueugnon.fr\/site\/agenda-les-resultats-du-week-end-du-03-et-04-juin-2023\/4939","name":"[Agenda] Les r\u00e9sultats du week-end du 03 et 04 Juin 2023 &#8226; FOOTBALL CLUB GUEUGNON","isPartOf":{"@id":"https:\/\/www.fcgueugnon.fr\/site\/#website"},"primaryImageOfPage":{"@id":"https:\/\/www.fcgueugnon.fr\/site\/agenda-les-resultats-du-week-end-du-03-et-04-juin-2023\/4939#primaryimage"},"image":{"@id":"https:\/\/www.fcgueugnon.fr\/site\/agenda-les-resultats-du-week-end-du-03-et-04-juin-2023\/4939#primaryimage"},"thumbnailUrl":"https:\/\/www.fcgueugnon.fr\/site\/wp-content\/uploads\/2023\/06\/U15-7.jpeg","datePublished":"2023-06-06T08:30:26+00:00","dateModified":"2023-10-23T07:38:15+00:00","breadcrumb":{"@id":"https:\/\/www.fcgueugnon.fr\/site\/agenda-les-resultats-du-week-end-du-03-et-04-juin-2023\/4939#breadcrumb"},"inLanguage":"fr-FR","potentialAction":[{"@type":"ReadAction","target":["https:\/\/www.fcgueugnon.fr\/site\/agenda-les-resultats-du-week-end-du-03-et-04-juin-2023\/4939"]}]},{"@type":"ImageObject","inLanguage":"fr-FR","@id":"https:\/\/www.fcgueugnon.fr\/site\/agenda-les-resultats-du-week-end-du-03-et-04-juin-2023\/4939#primaryimage","url":"https:\/\/www.fcgueugnon.fr\/site\/wp-content\/uploads\/2023\/06\/U15-7.jpeg","contentUrl":"https:\/\/www.fcgueugnon.fr\/site\/wp-content\/uploads\/2023\/06\/U15-7.jpeg","width":1600,"height":946},{"@type":"BreadcrumbList","@id":"https:\/\/www.fcgueugnon.fr\/site\/agenda-les-resultats-du-week-end-du-03-et-04-juin-2023\/4939#breadcrumb","itemListElement":[{"@type":"ListItem","position":1,"name":"Accueil","item":"https:\/\/www.fcgueugnon.fr\/site\/"},{"@type":"ListItem","position":2,"name":"[Agenda] Les r\u00e9sultats du week-end du 03 et 04 Juin 2023"}]},{"@type":"WebSite","@id":"https:\/\/www.fcgueugnon.fr\/site\/#website","url":"https:\/\/www.fcgueugnon.fr\/site\/","name":"FOOTBALL CLUB GUEUGNON","description":"Le Site Officiel des Forgerons","publisher":{"@id":"https:\/\/www.fcgueugnon.fr\/site\/#organization"},"potentialAction":[{"@type":"SearchAction","target":{"@type":"EntryPoint","urlTemplate":"https:\/\/www.fcgueugnon.fr\/site\/?s={search_term_string}"},"query-input":{"@type":"PropertyValueSpecification","valueRequired":true,"valueName":"search_term_string"}}],"inLanguage":"fr-FR"},{"@type":"Organization","@id":"https:\/\/www.fcgueugnon.fr\/site\/#organization","name":"FC Gueugnon","url":"https:\/\/www.fcgueugnon.fr\/site\/","logo":{"@type":"ImageObject","inLanguage":"fr-FR","@id":"https:\/\/www.fcgueugnon.fr\/site\/#\/schema\/logo\/image\/","url":"https:\/\/www.fcgueugnon.fr\/site\/wp-content\/uploads\/2022\/07\/cropped-Logo-FCGUEUGNON-low-350x350-1.png","contentUrl":"https:\/\/www.fcgueugnon.fr\/site\/wp-content\/uploads\/2022\/07\/cropped-Logo-FCGUEUGNON-low-350x350-1.png","width":350,"height":350,"caption":"FC Gueugnon"},"image":{"@id":"https:\/\/www.fcgueugnon.fr\/site\/#\/schema\/logo\/image\/"},"sameAs":["http:\/\/facebook.com\/FCGueugnon","https:\/\/x.com\/FCGueugnon_off","https:\/\/www.instagram.com\/fcgueugnon\/","https:\/\/www.linkedin.com\/company\/football-club-de-gueugnon\/","https:\/\/www.youtube.com\/user\/FCGueugnonnais","https:\/\/fr.wikipedia.org\/wiki\/Football_Club_de_Gueugnon"]},{"@type":"Person","@id":"https:\/\/www.fcgueugnon.fr\/site\/#\/schema\/person\/829630bfb5d6f3ebe4d296b75687c01a","name":"FC Gueugnon","url":"https:\/\/www.fcgueugnon.fr\/site\/author\/g-avin1"}]}},"rttpg_featured_image_url":{"full":["https:\/\/www.fcgueugnon.fr\/site\/wp-content\/uploads\/2023\/06\/U15-7.jpeg",1600,946,false],"landscape":["https:\/\/www.fcgueugnon.fr\/site\/wp-content\/uploads\/2023\/06\/U15-7.jpeg",1600,946,false],"portraits":["https:\/\/www.fcgueugnon.fr\/site\/wp-content\/uploads\/2023\/06\/U15-7.jpeg",1600,946,false],"thumbnail":["https:\/\/www.fcgueugnon.fr\/site\/wp-content\/uploads\/2023\/06\/U15-7-150x150.jpeg",150,150,true],"medium":["https:\/\/www.fcgueugnon.fr\/site\/wp-content\/uploads\/2023\/06\/U15-7-400x237.jpeg",400,237,true],"large":["https:\/\/www.fcgueugnon.fr\/site\/wp-content\/uploads\/2023\/06\/U15-7-1024x605.jpeg",1024,605,true],"1536x1536":["https:\/\/www.fcgueugnon.fr\/site\/wp-content\/uploads\/2023\/06\/U15-7-1536x908.jpeg",1536,908,true],"2048x2048":["https:\/\/www.fcgueugnon.fr\/site\/wp-content\/uploads\/2023\/06\/U15-7.jpeg",1600,946,false]},"rttpg_author":{"display_name":"FC Gueugnon","author_link":"https:\/\/www.fcgueugnon.fr\/site\/author\/g-avin1"},"rttpg_comment":0,"rttpg_category":"<a href=\"https:\/\/www.fcgueugnon.fr\/site\/category\/news\/news-2022-2023\" rel=\"category tag\">Archives 2022\/2023<\/a> <a href=\"https:\/\/www.fcgueugnon.fr\/site\/category\/news\" rel=\"category tag\">News<\/a>","rttpg_excerpt":"Les r\u00e9sultats de nos forgerons ce week-end : S\u00e9niors Groupe N3 \u2013 J26 \ud83d\udfe7Samedi 03\/06 \u2013 18h00UCS Cosne \/ FC Gueugnon : 0-0 Groupe Espoirs \u2013 J22 \u274cDimanche 04\/06 \u2013 15h00FC Sens \/ FC Gueugnon : 5-0 Sport E.Leclerc Acad\u00e9mie U18 R1 \u2013 J22 \u2705Dimanche 04\/06 \u2013 12h30FC Gueugnon \/ GJ Rudipontain : 3-0 (forfait)\u2026","_links":{"self":[{"href":"https:\/\/www.fcgueugnon.fr\/site\/wp-json\/wp\/v2\/posts\/4939","targetHints":{"allow":["GET"]}}],"collection":[{"href":"https:\/\/www.fcgueugnon.fr\/site\/wp-json\/wp\/v2\/posts"}],"about":[{"href":"https:\/\/www.fcgueugnon.fr\/site\/wp-json\/wp\/v2\/types\/post"}],"author":[{"embeddable":true,"href":"https:\/\/www.fcgueugnon.fr\/site\/wp-json\/wp\/v2\/users\/3"}],"replies":[{"embeddable":true,"href":"https:\/\/www.fcgueugnon.fr\/site\/wp-json\/wp\/v2\/comments?post=4939"}],"version-history":[{"count":2,"href":"https:\/\/www.fcgueugnon.fr\/site\/wp-json\/wp\/v2\/posts\/4939\/revisions"}],"predecessor-version":[{"id":4957,"href":"https:\/\/www.fcgueugnon.fr\/site\/wp-json\/wp\/v2\/posts\/4939\/revisions\/4957"}],"wp:featuredmedia":[{"embeddable":true,"href":"https:\/\/www.fcgueugnon.fr\/site\/wp-json\/wp\/v2\/media\/4952"}],"wp:attachment":[{"href":"https:\/\/www.fcgueugnon.fr\/site\/wp-json\/wp\/v2\/media?parent=4939"}],"wp:term":[{"taxonomy":"category","embeddable":true,"href":"https:\/\/www.fcgueugnon.fr\/site\/wp-json\/wp\/v2\/categories?post=4939"},{"taxonomy":"post_tag","embeddable":true,"href":"https:\/\/www.fcgueugnon.fr\/site\/wp-json\/wp\/v2\/tags?post=4939"}],"curies":[{"name":"wp","href":"https:\/\/api.w.org\/{rel}","templated":true}]}}