{"id":4938,"date":"2023-06-06T11:39:13","date_gmt":"2023-06-06T09:39:13","guid":{"rendered":"https:\/\/www.fcgueugnon.fr\/site\/?p=4938"},"modified":"2023-10-23T09:38:14","modified_gmt":"2023-10-23T07:38:14","slug":"n3-j26-ucs-cosne-fc-gueugnon-resultat-reactions-et-resume","status":"publish","type":"post","link":"https:\/\/www.fcgueugnon.fr\/site\/n3-j26-ucs-cosne-fc-gueugnon-resultat-reactions-et-resume\/4938","title":{"rendered":"[N3 J26 : UCS Cosne \u2013 FC Gueugnon] R\u00e9sultat, r\u00e9actions et r\u00e9sum\u00e9"},"content":{"rendered":"\n<h3 class=\"wp-block-heading\"><strong>Dans un match sans r\u00e9el enjeu sportif puisque les deux \u00e9quipes ont obtenu leur maintien en National 3 lors de la pr\u00e9c\u00e9dente journ\u00e9e, l&rsquo;UCS Cosne et le FCG se sont quitt\u00e9s dos-\u00e0-dos (0-0).<\/strong><\/h3>\n\n\n\n<h3 class=\"wp-block-heading has-text-align-left\"><strong> <\/strong><\/h3>\n\n\n\n<div style=\"height:15px\" aria-hidden=\"true\" class=\"wp-block-spacer\"><\/div>\n\n\n\n<figure class=\"wp-block-gallery aligncenter has-nested-images columns-2 is-cropped wp-block-gallery-1 is-layout-flex wp-block-gallery-is-layout-flex\">\n<figure class=\"wp-block-image size-full\"><img loading=\"lazy\" decoding=\"async\" width=\"2048\" height=\"1536\" data-id=\"4958\" src=\"https:\/\/www.fcgueugnon.fr\/site\/wp-content\/uploads\/2023\/06\/Cosne-0-0-FCG-2.jpg\" alt=\"\" class=\"wp-image-4958\" srcset=\"https:\/\/www.fcgueugnon.fr\/site\/wp-content\/uploads\/2023\/06\/Cosne-0-0-FCG-2.jpg 2048w, https:\/\/www.fcgueugnon.fr\/site\/wp-content\/uploads\/2023\/06\/Cosne-0-0-FCG-2-400x300.jpg 400w, https:\/\/www.fcgueugnon.fr\/site\/wp-content\/uploads\/2023\/06\/Cosne-0-0-FCG-2-1024x768.jpg 1024w, https:\/\/www.fcgueugnon.fr\/site\/wp-content\/uploads\/2023\/06\/Cosne-0-0-FCG-2-768x576.jpg 768w, https:\/\/www.fcgueugnon.fr\/site\/wp-content\/uploads\/2023\/06\/Cosne-0-0-FCG-2-1536x1152.jpg 1536w, https:\/\/www.fcgueugnon.fr\/site\/wp-content\/uploads\/2023\/06\/Cosne-0-0-FCG-2-1320x990.jpg 1320w, https:\/\/www.fcgueugnon.fr\/site\/wp-content\/uploads\/2023\/06\/Cosne-0-0-FCG-2-600x450.jpg 600w\" sizes=\"auto, (max-width: 2048px) 100vw, 2048px\" \/><\/figure>\n\n\n\n<figure class=\"wp-block-image size-full\"><img loading=\"lazy\" decoding=\"async\" width=\"2048\" height=\"1536\" data-id=\"4959\" src=\"https:\/\/www.fcgueugnon.fr\/site\/wp-content\/uploads\/2023\/06\/Cosne-0-0-FCG-3.jpg\" alt=\"\" class=\"wp-image-4959\" srcset=\"https:\/\/www.fcgueugnon.fr\/site\/wp-content\/uploads\/2023\/06\/Cosne-0-0-FCG-3.jpg 2048w, https:\/\/www.fcgueugnon.fr\/site\/wp-content\/uploads\/2023\/06\/Cosne-0-0-FCG-3-400x300.jpg 400w, https:\/\/www.fcgueugnon.fr\/site\/wp-content\/uploads\/2023\/06\/Cosne-0-0-FCG-3-1024x768.jpg 1024w, https:\/\/www.fcgueugnon.fr\/site\/wp-content\/uploads\/2023\/06\/Cosne-0-0-FCG-3-768x576.jpg 768w, https:\/\/www.fcgueugnon.fr\/site\/wp-content\/uploads\/2023\/06\/Cosne-0-0-FCG-3-1536x1152.jpg 1536w, https:\/\/www.fcgueugnon.fr\/site\/wp-content\/uploads\/2023\/06\/Cosne-0-0-FCG-3-1320x990.jpg 1320w, https:\/\/www.fcgueugnon.fr\/site\/wp-content\/uploads\/2023\/06\/Cosne-0-0-FCG-3-600x450.jpg 600w\" sizes=\"auto, (max-width: 2048px) 100vw, 2048px\" \/><\/figure>\n\n\n\n<figure class=\"wp-block-image size-full\"><img loading=\"lazy\" decoding=\"async\" width=\"2048\" height=\"1536\" data-id=\"4960\" src=\"https:\/\/www.fcgueugnon.fr\/site\/wp-content\/uploads\/2023\/06\/Cosne-0-0-FCG-1.jpg\" alt=\"\" class=\"wp-image-4960\" srcset=\"https:\/\/www.fcgueugnon.fr\/site\/wp-content\/uploads\/2023\/06\/Cosne-0-0-FCG-1.jpg 2048w, https:\/\/www.fcgueugnon.fr\/site\/wp-content\/uploads\/2023\/06\/Cosne-0-0-FCG-1-400x300.jpg 400w, https:\/\/www.fcgueugnon.fr\/site\/wp-content\/uploads\/2023\/06\/Cosne-0-0-FCG-1-1024x768.jpg 1024w, https:\/\/www.fcgueugnon.fr\/site\/wp-content\/uploads\/2023\/06\/Cosne-0-0-FCG-1-768x576.jpg 768w, https:\/\/www.fcgueugnon.fr\/site\/wp-content\/uploads\/2023\/06\/Cosne-0-0-FCG-1-1536x1152.jpg 1536w, https:\/\/www.fcgueugnon.fr\/site\/wp-content\/uploads\/2023\/06\/Cosne-0-0-FCG-1-1320x990.jpg 1320w, https:\/\/www.fcgueugnon.fr\/site\/wp-content\/uploads\/2023\/06\/Cosne-0-0-FCG-1-600x450.jpg 600w\" sizes=\"auto, (max-width: 2048px) 100vw, 2048px\" \/><\/figure>\n<\/figure>\n\n\n\n<p class=\"has-text-align-center\"><em>Photos : FC Gueugnon<\/em><\/p>\n\n\n\n<div style=\"height:15px\" aria-hidden=\"true\" class=\"wp-block-spacer\"><\/div>\n\n\n\n<p>Devant 1 607 personnes pr\u00e9sentes \u00e0 Jean-Laville la semaine derni\u00e8re, les forgerons ont d\u00e9finitivement valid\u00e9 leur maintien en National 3, malgr\u00e9 la d\u00e9faite face \u00e0 l&rsquo;UF M\u00e2connais. L&rsquo;objectif de cette fin de saison ayant \u00e9t\u00e9 atteint, les hommes de <strong>Philippe Correia<\/strong> se d\u00e9pla\u00e7aient \u00e0 Cosne avec une pression moins importante que lors des matches pr\u00e9c\u00e9dents.<\/p>\n\n\n\n<p>D\u00e9sormais, l&rsquo;importance est de pr\u00e9parer l&rsquo;avenir, et c&rsquo;est avec cette vision que diff\u00e9rents jeunes ont \u00e9t\u00e9 int\u00e9gr\u00e9s au 11 de d\u00e9part, \u00e0 l&rsquo;image de <strong>Yanis Figueira<\/strong> et <strong>Ilan Dos Santos<\/strong>. Pouvant compter sur le soutien de nos U14 qui se sont impos\u00e9s plus t\u00f4t dans l&rsquo;apr\u00e8s-midi face \u00e0 Cosne (1-2), les gueugnonnais d\u00e9butent la partie. Dans un match ferm\u00e9 et \u00e9quilibr\u00e9, aucune des deux \u00e9quipes ne parviendra \u00e0 se procurer de r\u00e9elles occasions de but. Les deux formations se quittent donc sur un score nul et vierge (0-0).<\/p>\n\n\n\n<p>Le FCG cl\u00f4ture sa saison \u00e0 la 9\u00e8me place du classement. Nous tenons \u00e0 remercier chaleureusement tous les supporters, abonn\u00e9s, Ultras Gueugnon, b\u00e9n\u00e9voles et partenaires pour leur soutien sans faille tout au long de la saison, m\u00eame dans les moments difficiles.<\/p>\n\n\n\n<div style=\"height:40px\" aria-hidden=\"true\" class=\"wp-block-spacer\"><\/div>\n\n\n\n<h2 class=\"wp-block-heading\">R\u00e9actions<\/h2>\n\n\n\n<div class=\"wp-block-coblocks-media-card alignwide is-style-left is-stacked-on-mobile coblocks-media-card-77145432166\"><div class=\"wp-block-coblocks-media-card__inner has-padding has-large-padding\"><div class=\"wp-block-coblocks-media-card__wrapper\" style=\"grid-template-columns:50% auto\"><figure class=\"wp-block-coblocks-media-card__media has-shadow\"><img loading=\"lazy\" decoding=\"async\" width=\"1024\" height=\"744\" src=\"https:\/\/www.fcgueugnon.fr\/site\/wp-content\/uploads\/2023\/06\/Yanis-Figueira-1024x744.jpg\" alt=\"\" class=\"wp-image-4961\" srcset=\"https:\/\/www.fcgueugnon.fr\/site\/wp-content\/uploads\/2023\/06\/Yanis-Figueira-1024x744.jpg 1024w, https:\/\/www.fcgueugnon.fr\/site\/wp-content\/uploads\/2023\/06\/Yanis-Figueira-400x291.jpg 400w, https:\/\/www.fcgueugnon.fr\/site\/wp-content\/uploads\/2023\/06\/Yanis-Figueira-768x558.jpg 768w, https:\/\/www.fcgueugnon.fr\/site\/wp-content\/uploads\/2023\/06\/Yanis-Figueira-600x436.jpg 600w, https:\/\/www.fcgueugnon.fr\/site\/wp-content\/uploads\/2023\/06\/Yanis-Figueira.jpg 1142w\" sizes=\"auto, (max-width: 1024px) 100vw, 1024px\" \/><\/figure><div class=\"wp-block-coblocks-media-card__content has-shadow\">\n<div class=\"wp-block-coblocks-row coblocks-row-77145432275\" data-columns=\"1\" data-layout=\"100\"><div class=\"wp-block-coblocks-row__inner has-background has-padding has-huge-padding has-no-margin is-stacked-on-mobile are-vertically-aligned-center has-medium-gutter\" style=\"background-color:#FFFFFF\">\n<div class=\"wp-block-coblocks-column is-vertically-aligned-center coblocks-column-77145432284\" style=\"width:100%\"><div class=\"wp-block-coblocks-column__inner has-no-padding has-no-margin\">\n<h3 class=\"wp-block-heading\"><strong>Yanis Figueira, milieu :<\/strong><\/h3>\n\n\n\n<div style=\"height:30px\" aria-hidden=\"true\" class=\"wp-block-spacer\"><\/div>\n\n\n\n<p><em>\u00ab C&rsquo;\u00e9tait ma premi\u00e8re titularisation en National 3. Je suis tr\u00e8s heureux et tr\u00e8s fier. Jouer en \u00e9quipe premi\u00e8re avec le club de ma ville, c&rsquo;est un r\u00e9el objectif. \u00bb<\/em><\/p>\n\n\n\n<div style=\"height:30px\" aria-hidden=\"true\" class=\"wp-block-spacer\"><\/div>\n\n\n\n<p><sub>R\u00e9actions compl\u00e8tes \u00e0 retrouver ce mercredi \u00e0 10:15 et \u00e0 18:30 en direct sur Radio Cactus (FM 92.2) ou \u00e0 partir de jeudi sur notre site officiel !<\/sub><\/p>\n\n\n\n<div style=\"height:20px\" aria-hidden=\"true\" class=\"wp-block-spacer\"><\/div>\n<\/div><\/div>\n<\/div><\/div>\n<\/div><\/div><\/div><\/div>\n\n\n\n<div style=\"height:40px\" aria-hidden=\"true\" class=\"wp-block-spacer\"><\/div>\n\n\n\n<h3 class=\"wp-block-heading\">\u26bd <strong>Score final<\/strong><\/h3>\n\n\n\n<p><strong>\u00c0 Cosne, au stade Rapha\u00ebl-Giraux<br><\/strong>UCS Cosne 0-0 FC Gueugnon<\/p>\n\n\n\n<p><strong>Officiels :<\/strong><br>Arbitre centre : LILIAN BOUVERESSE<br>Arbitre assistant 1 : AURELIEN CHATON<br>Arbitre assistant 2 : AURELIEN PLAT<br>D\u00e9l\u00e9gu\u00e9 principal : DAVID BERQUIER<\/p>\n\n\n\n<div style=\"height:15px\" aria-hidden=\"true\" class=\"wp-block-spacer\"><\/div>\n\n\n\n<h3 class=\"wp-block-heading\">\ud83d\udfe1\ud83d\udd35 <strong>Composition d&rsquo;\u00e9quipe<\/strong><\/h3>\n\n\n\n<p>Lamonge &#8211; Mohamed &#8211; Helal &#8211; Delclaux &#8211; Mendy &#8211; Diallo (65&prime; Chauvet) &#8211; Fa. Revuelta (87&prime; Mustivar) &#8211; Figueira (83&prime; Fahrasmane) &#8211; Luanda &#8211; Dos Santos (46&prime; Dram\u00e9) &#8211; Fr. Revuelta.<\/p>\n\n\n\n<div style=\"height:38px\" aria-hidden=\"true\" class=\"wp-block-spacer\"><\/div>\n\n\n\n<h3 class=\"wp-block-heading\">\ud83d\udd0d <strong>Plus d&rsquo;articles <\/strong><\/h3>\n\n\n\n<blockquote class=\"wp-block-quote is-layout-flow wp-block-quote-is-layout-flow\">\n<p><span style=\"line-height: 1.5;\">\u25ba <\/span><a href=\"https:\/\/twitter.com\/FCGueugnon_Off\/status\/1665010456610631682\" target=\"_blank\" rel=\"noreferrer noopener\"><span style=\"line-height: 1.5;\">Revivre le li<\/span>ve<\/a><\/p>\n<\/blockquote>\n\n\n\n<div style=\"height:38px\" aria-hidden=\"true\" class=\"wp-block-spacer\"><\/div>\n\n\n\n<h3 class=\"wp-block-heading\">\ud83d\uddd3\u00a0<strong>La 26e journ\u00e9e de National 3<\/strong><\/h3>\n\n\n\n<p>Samedi 03 Juin<br>18:00 : Saint Apollinaire \u2013 AS Quetigny : 4-2<br>18:00 : Morteau-Montlebon \u2013 CA Pontarlier : 1-2<br>18:00 : UF M\u00e2con \u2013 Sochaux-Montbeliard B : 2-1<br>18:00 : UCS Cosne \u2013 FC Gueugnon : 0-0<br>18:00 : FC Grandvillars \u2013 Jura Dolois : 5-1<br>18:00 : Montceau \u2013 Besan\u00e7on Foot : 1-6<br>18:00 : Dijon FCO B \u2013 Is-Selongey : 5-1<\/p>\n\n\n\n<p>\u25ba <a href=\"https:\/\/www.fcgueugnon.fr\/site\/calendrier-seniors-a-national-3-bourgogne-franche-comte\">Calendrier<\/a><\/p>\n\n\n\n<p>\u25ba <a href=\"https:\/\/www.fcgueugnon.fr\/site\/classement-national-3-bourgogne-franche-comte\">Classement<\/a><\/p>\n","protected":false},"excerpt":{"rendered":"<p>Dans un match sans r\u00e9el enjeu sportif puisque les deux \u00e9quipes ont obtenu leur maintien en National 3 lors de la pr\u00e9c\u00e9dente journ\u00e9e, l&rsquo;UCS Cosne et le FCG se sont quitt\u00e9s dos-\u00e0-dos (0-0). Photos : FC Gueugnon Devant 1 607 personnes pr\u00e9sentes \u00e0 Jean-Laville la semaine derni\u00e8re, les forgerons ont d\u00e9finitivement valid\u00e9 leur maintien en &#8230; <\/p>\n<p class=\"read-more-container\"><a title=\"[N3 J26 : UCS Cosne \u2013 FC Gueugnon] R\u00e9sultat, r\u00e9actions et r\u00e9sum\u00e9\" class=\"read-more button\" href=\"https:\/\/www.fcgueugnon.fr\/site\/n3-j26-ucs-cosne-fc-gueugnon-resultat-reactions-et-resume\/4938#more-4938\" aria-label=\"Plus sur [N3 J26 : UCS Cosne \u2013 FC Gueugnon] R\u00e9sultat, r\u00e9actions et r\u00e9sum\u00e9\">Lire la suite<\/a><\/p>\n","protected":false},"author":3,"featured_media":4959,"comment_status":"closed","ping_status":"closed","sticky":false,"template":"","format":"standard","meta":{"footnotes":""},"categories":[5,4],"tags":[27,31],"class_list":["post-4938","post","type-post","status-publish","format-standard","has-post-thumbnail","hentry","category-news-2022-2023","category-news","tag-resultat","tag-video","infinite-scroll-item","generate-columns","tablet-grid-50","mobile-grid-100","grid-parent","grid-25","resize-featured-image"],"yoast_head":"<!-- This site is optimized with the Yoast SEO plugin v26.6 - https:\/\/yoast.com\/wordpress\/plugins\/seo\/ -->\n<title>[N3 J26 : UCS Cosne \u2013 FC Gueugnon] R\u00e9sultat, r\u00e9actions et r\u00e9sum\u00e9 &#8226; FOOTBALL CLUB GUEUGNON<\/title>\n<meta name=\"robots\" content=\"index, follow, max-snippet:-1, max-image-preview:large, max-video-preview:-1\" \/>\n<link rel=\"canonical\" href=\"https:\/\/www.fcgueugnon.fr\/site\/n3-j26-ucs-cosne-fc-gueugnon-resultat-reactions-et-resume\/4938\" \/>\n<meta property=\"og:locale\" content=\"fr_FR\" \/>\n<meta property=\"og:type\" content=\"article\" \/>\n<meta property=\"og:title\" content=\"[N3 J26 : UCS Cosne \u2013 FC Gueugnon] R\u00e9sultat, r\u00e9actions et r\u00e9sum\u00e9 &#8226; FOOTBALL CLUB GUEUGNON\" \/>\n<meta property=\"og:description\" content=\"Dans un match sans r\u00e9el enjeu sportif puisque les deux \u00e9quipes ont obtenu leur maintien en National 3 lors de la pr\u00e9c\u00e9dente journ\u00e9e, l&rsquo;UCS Cosne et le FCG se sont quitt\u00e9s dos-\u00e0-dos (0-0). Photos : FC Gueugnon Devant 1 607 personnes pr\u00e9sentes \u00e0 Jean-Laville la semaine derni\u00e8re, les forgerons ont d\u00e9finitivement valid\u00e9 leur maintien en ... Lire la suite\" \/>\n<meta property=\"og:url\" content=\"https:\/\/www.fcgueugnon.fr\/site\/n3-j26-ucs-cosne-fc-gueugnon-resultat-reactions-et-resume\/4938\" \/>\n<meta property=\"og:site_name\" content=\"FOOTBALL CLUB GUEUGNON\" \/>\n<meta property=\"article:publisher\" content=\"http:\/\/facebook.com\/FCGueugnon\" \/>\n<meta property=\"article:published_time\" content=\"2023-06-06T09:39:13+00:00\" \/>\n<meta property=\"article:modified_time\" content=\"2023-10-23T07:38:14+00:00\" \/>\n<meta property=\"og:image\" content=\"https:\/\/www.fcgueugnon.fr\/site\/wp-content\/uploads\/2023\/06\/Cosne-0-0-FCG-3.jpg\" \/>\n\t<meta property=\"og:image:width\" content=\"2048\" \/>\n\t<meta property=\"og:image:height\" content=\"1536\" \/>\n\t<meta property=\"og:image:type\" content=\"image\/jpeg\" \/>\n<meta name=\"author\" content=\"FC Gueugnon\" \/>\n<meta name=\"twitter:card\" content=\"summary_large_image\" \/>\n<meta name=\"twitter:creator\" content=\"@FCGueugnon_off\" \/>\n<meta name=\"twitter:site\" content=\"@FCGueugnon_off\" \/>\n<meta name=\"twitter:label1\" content=\"\u00c9crit par\" \/>\n\t<meta name=\"twitter:data1\" content=\"FC Gueugnon\" \/>\n\t<meta name=\"twitter:label2\" content=\"Dur\u00e9e de lecture estim\u00e9e\" \/>\n\t<meta name=\"twitter:data2\" content=\"3 minutes\" \/>\n<script type=\"application\/ld+json\" class=\"yoast-schema-graph\">{\"@context\":\"https:\/\/schema.org\",\"@graph\":[{\"@type\":\"Article\",\"@id\":\"https:\/\/www.fcgueugnon.fr\/site\/n3-j26-ucs-cosne-fc-gueugnon-resultat-reactions-et-resume\/4938#article\",\"isPartOf\":{\"@id\":\"https:\/\/www.fcgueugnon.fr\/site\/n3-j26-ucs-cosne-fc-gueugnon-resultat-reactions-et-resume\/4938\"},\"author\":{\"name\":\"FC Gueugnon\",\"@id\":\"https:\/\/www.fcgueugnon.fr\/site\/#\/schema\/person\/829630bfb5d6f3ebe4d296b75687c01a\"},\"headline\":\"[N3 J26 : UCS Cosne \u2013 FC Gueugnon] R\u00e9sultat, r\u00e9actions et r\u00e9sum\u00e9\",\"datePublished\":\"2023-06-06T09:39:13+00:00\",\"dateModified\":\"2023-10-23T07:38:14+00:00\",\"mainEntityOfPage\":{\"@id\":\"https:\/\/www.fcgueugnon.fr\/site\/n3-j26-ucs-cosne-fc-gueugnon-resultat-reactions-et-resume\/4938\"},\"wordCount\":430,\"publisher\":{\"@id\":\"https:\/\/www.fcgueugnon.fr\/site\/#organization\"},\"image\":{\"@id\":\"https:\/\/www.fcgueugnon.fr\/site\/n3-j26-ucs-cosne-fc-gueugnon-resultat-reactions-et-resume\/4938#primaryimage\"},\"thumbnailUrl\":\"https:\/\/www.fcgueugnon.fr\/site\/wp-content\/uploads\/2023\/06\/Cosne-0-0-FCG-3.jpg\",\"keywords\":[\"R\u00e9sultat\",\"Vid\u00e9o\"],\"articleSection\":[\"Archives 2022\/2023\",\"News\"],\"inLanguage\":\"fr-FR\"},{\"@type\":\"WebPage\",\"@id\":\"https:\/\/www.fcgueugnon.fr\/site\/n3-j26-ucs-cosne-fc-gueugnon-resultat-reactions-et-resume\/4938\",\"url\":\"https:\/\/www.fcgueugnon.fr\/site\/n3-j26-ucs-cosne-fc-gueugnon-resultat-reactions-et-resume\/4938\",\"name\":\"[N3 J26 : UCS Cosne \u2013 FC Gueugnon] R\u00e9sultat, r\u00e9actions et r\u00e9sum\u00e9 &#8226; FOOTBALL CLUB GUEUGNON\",\"isPartOf\":{\"@id\":\"https:\/\/www.fcgueugnon.fr\/site\/#website\"},\"primaryImageOfPage\":{\"@id\":\"https:\/\/www.fcgueugnon.fr\/site\/n3-j26-ucs-cosne-fc-gueugnon-resultat-reactions-et-resume\/4938#primaryimage\"},\"image\":{\"@id\":\"https:\/\/www.fcgueugnon.fr\/site\/n3-j26-ucs-cosne-fc-gueugnon-resultat-reactions-et-resume\/4938#primaryimage\"},\"thumbnailUrl\":\"https:\/\/www.fcgueugnon.fr\/site\/wp-content\/uploads\/2023\/06\/Cosne-0-0-FCG-3.jpg\",\"datePublished\":\"2023-06-06T09:39:13+00:00\",\"dateModified\":\"2023-10-23T07:38:14+00:00\",\"breadcrumb\":{\"@id\":\"https:\/\/www.fcgueugnon.fr\/site\/n3-j26-ucs-cosne-fc-gueugnon-resultat-reactions-et-resume\/4938#breadcrumb\"},\"inLanguage\":\"fr-FR\",\"potentialAction\":[{\"@type\":\"ReadAction\",\"target\":[\"https:\/\/www.fcgueugnon.fr\/site\/n3-j26-ucs-cosne-fc-gueugnon-resultat-reactions-et-resume\/4938\"]}]},{\"@type\":\"ImageObject\",\"inLanguage\":\"fr-FR\",\"@id\":\"https:\/\/www.fcgueugnon.fr\/site\/n3-j26-ucs-cosne-fc-gueugnon-resultat-reactions-et-resume\/4938#primaryimage\",\"url\":\"https:\/\/www.fcgueugnon.fr\/site\/wp-content\/uploads\/2023\/06\/Cosne-0-0-FCG-3.jpg\",\"contentUrl\":\"https:\/\/www.fcgueugnon.fr\/site\/wp-content\/uploads\/2023\/06\/Cosne-0-0-FCG-3.jpg\",\"width\":2048,\"height\":1536},{\"@type\":\"BreadcrumbList\",\"@id\":\"https:\/\/www.fcgueugnon.fr\/site\/n3-j26-ucs-cosne-fc-gueugnon-resultat-reactions-et-resume\/4938#breadcrumb\",\"itemListElement\":[{\"@type\":\"ListItem\",\"position\":1,\"name\":\"Accueil\",\"item\":\"https:\/\/www.fcgueugnon.fr\/site\/\"},{\"@type\":\"ListItem\",\"position\":2,\"name\":\"[N3 J26 : UCS Cosne \u2013 FC Gueugnon] R\u00e9sultat, r\u00e9actions et r\u00e9sum\u00e9\"}]},{\"@type\":\"WebSite\",\"@id\":\"https:\/\/www.fcgueugnon.fr\/site\/#website\",\"url\":\"https:\/\/www.fcgueugnon.fr\/site\/\",\"name\":\"FOOTBALL CLUB GUEUGNON\",\"description\":\"Le Site Officiel des Forgerons\",\"publisher\":{\"@id\":\"https:\/\/www.fcgueugnon.fr\/site\/#organization\"},\"potentialAction\":[{\"@type\":\"SearchAction\",\"target\":{\"@type\":\"EntryPoint\",\"urlTemplate\":\"https:\/\/www.fcgueugnon.fr\/site\/?s={search_term_string}\"},\"query-input\":{\"@type\":\"PropertyValueSpecification\",\"valueRequired\":true,\"valueName\":\"search_term_string\"}}],\"inLanguage\":\"fr-FR\"},{\"@type\":\"Organization\",\"@id\":\"https:\/\/www.fcgueugnon.fr\/site\/#organization\",\"name\":\"FC Gueugnon\",\"url\":\"https:\/\/www.fcgueugnon.fr\/site\/\",\"logo\":{\"@type\":\"ImageObject\",\"inLanguage\":\"fr-FR\",\"@id\":\"https:\/\/www.fcgueugnon.fr\/site\/#\/schema\/logo\/image\/\",\"url\":\"https:\/\/www.fcgueugnon.fr\/site\/wp-content\/uploads\/2022\/07\/cropped-Logo-FCGUEUGNON-low-350x350-1.png\",\"contentUrl\":\"https:\/\/www.fcgueugnon.fr\/site\/wp-content\/uploads\/2022\/07\/cropped-Logo-FCGUEUGNON-low-350x350-1.png\",\"width\":350,\"height\":350,\"caption\":\"FC Gueugnon\"},\"image\":{\"@id\":\"https:\/\/www.fcgueugnon.fr\/site\/#\/schema\/logo\/image\/\"},\"sameAs\":[\"http:\/\/facebook.com\/FCGueugnon\",\"https:\/\/x.com\/FCGueugnon_off\",\"https:\/\/www.instagram.com\/fcgueugnon\/\",\"https:\/\/www.linkedin.com\/company\/football-club-de-gueugnon\/\",\"https:\/\/www.youtube.com\/user\/FCGueugnonnais\",\"https:\/\/fr.wikipedia.org\/wiki\/Football_Club_de_Gueugnon\"]},{\"@type\":\"Person\",\"@id\":\"https:\/\/www.fcgueugnon.fr\/site\/#\/schema\/person\/829630bfb5d6f3ebe4d296b75687c01a\",\"name\":\"FC Gueugnon\",\"url\":\"https:\/\/www.fcgueugnon.fr\/site\/author\/g-avin1\"}]}<\/script>\n<!-- \/ Yoast SEO plugin. -->","yoast_head_json":{"title":"[N3 J26 : UCS Cosne \u2013 FC Gueugnon] R\u00e9sultat, r\u00e9actions et r\u00e9sum\u00e9 &#8226; FOOTBALL CLUB GUEUGNON","robots":{"index":"index","follow":"follow","max-snippet":"max-snippet:-1","max-image-preview":"max-image-preview:large","max-video-preview":"max-video-preview:-1"},"canonical":"https:\/\/www.fcgueugnon.fr\/site\/n3-j26-ucs-cosne-fc-gueugnon-resultat-reactions-et-resume\/4938","og_locale":"fr_FR","og_type":"article","og_title":"[N3 J26 : UCS Cosne \u2013 FC Gueugnon] R\u00e9sultat, r\u00e9actions et r\u00e9sum\u00e9 &#8226; FOOTBALL CLUB GUEUGNON","og_description":"Dans un match sans r\u00e9el enjeu sportif puisque les deux \u00e9quipes ont obtenu leur maintien en National 3 lors de la pr\u00e9c\u00e9dente journ\u00e9e, l&rsquo;UCS Cosne et le FCG se sont quitt\u00e9s dos-\u00e0-dos (0-0). Photos : FC Gueugnon Devant 1 607 personnes pr\u00e9sentes \u00e0 Jean-Laville la semaine derni\u00e8re, les forgerons ont d\u00e9finitivement valid\u00e9 leur maintien en ... Lire la suite","og_url":"https:\/\/www.fcgueugnon.fr\/site\/n3-j26-ucs-cosne-fc-gueugnon-resultat-reactions-et-resume\/4938","og_site_name":"FOOTBALL CLUB GUEUGNON","article_publisher":"http:\/\/facebook.com\/FCGueugnon","article_published_time":"2023-06-06T09:39:13+00:00","article_modified_time":"2023-10-23T07:38:14+00:00","og_image":[{"width":2048,"height":1536,"url":"https:\/\/www.fcgueugnon.fr\/site\/wp-content\/uploads\/2023\/06\/Cosne-0-0-FCG-3.jpg","type":"image\/jpeg"}],"author":"FC Gueugnon","twitter_card":"summary_large_image","twitter_creator":"@FCGueugnon_off","twitter_site":"@FCGueugnon_off","twitter_misc":{"\u00c9crit par":"FC Gueugnon","Dur\u00e9e de lecture estim\u00e9e":"3 minutes"},"schema":{"@context":"https:\/\/schema.org","@graph":[{"@type":"Article","@id":"https:\/\/www.fcgueugnon.fr\/site\/n3-j26-ucs-cosne-fc-gueugnon-resultat-reactions-et-resume\/4938#article","isPartOf":{"@id":"https:\/\/www.fcgueugnon.fr\/site\/n3-j26-ucs-cosne-fc-gueugnon-resultat-reactions-et-resume\/4938"},"author":{"name":"FC Gueugnon","@id":"https:\/\/www.fcgueugnon.fr\/site\/#\/schema\/person\/829630bfb5d6f3ebe4d296b75687c01a"},"headline":"[N3 J26 : UCS Cosne \u2013 FC Gueugnon] R\u00e9sultat, r\u00e9actions et r\u00e9sum\u00e9","datePublished":"2023-06-06T09:39:13+00:00","dateModified":"2023-10-23T07:38:14+00:00","mainEntityOfPage":{"@id":"https:\/\/www.fcgueugnon.fr\/site\/n3-j26-ucs-cosne-fc-gueugnon-resultat-reactions-et-resume\/4938"},"wordCount":430,"publisher":{"@id":"https:\/\/www.fcgueugnon.fr\/site\/#organization"},"image":{"@id":"https:\/\/www.fcgueugnon.fr\/site\/n3-j26-ucs-cosne-fc-gueugnon-resultat-reactions-et-resume\/4938#primaryimage"},"thumbnailUrl":"https:\/\/www.fcgueugnon.fr\/site\/wp-content\/uploads\/2023\/06\/Cosne-0-0-FCG-3.jpg","keywords":["R\u00e9sultat","Vid\u00e9o"],"articleSection":["Archives 2022\/2023","News"],"inLanguage":"fr-FR"},{"@type":"WebPage","@id":"https:\/\/www.fcgueugnon.fr\/site\/n3-j26-ucs-cosne-fc-gueugnon-resultat-reactions-et-resume\/4938","url":"https:\/\/www.fcgueugnon.fr\/site\/n3-j26-ucs-cosne-fc-gueugnon-resultat-reactions-et-resume\/4938","name":"[N3 J26 : UCS Cosne \u2013 FC Gueugnon] R\u00e9sultat, r\u00e9actions et r\u00e9sum\u00e9 &#8226; FOOTBALL CLUB GUEUGNON","isPartOf":{"@id":"https:\/\/www.fcgueugnon.fr\/site\/#website"},"primaryImageOfPage":{"@id":"https:\/\/www.fcgueugnon.fr\/site\/n3-j26-ucs-cosne-fc-gueugnon-resultat-reactions-et-resume\/4938#primaryimage"},"image":{"@id":"https:\/\/www.fcgueugnon.fr\/site\/n3-j26-ucs-cosne-fc-gueugnon-resultat-reactions-et-resume\/4938#primaryimage"},"thumbnailUrl":"https:\/\/www.fcgueugnon.fr\/site\/wp-content\/uploads\/2023\/06\/Cosne-0-0-FCG-3.jpg","datePublished":"2023-06-06T09:39:13+00:00","dateModified":"2023-10-23T07:38:14+00:00","breadcrumb":{"@id":"https:\/\/www.fcgueugnon.fr\/site\/n3-j26-ucs-cosne-fc-gueugnon-resultat-reactions-et-resume\/4938#breadcrumb"},"inLanguage":"fr-FR","potentialAction":[{"@type":"ReadAction","target":["https:\/\/www.fcgueugnon.fr\/site\/n3-j26-ucs-cosne-fc-gueugnon-resultat-reactions-et-resume\/4938"]}]},{"@type":"ImageObject","inLanguage":"fr-FR","@id":"https:\/\/www.fcgueugnon.fr\/site\/n3-j26-ucs-cosne-fc-gueugnon-resultat-reactions-et-resume\/4938#primaryimage","url":"https:\/\/www.fcgueugnon.fr\/site\/wp-content\/uploads\/2023\/06\/Cosne-0-0-FCG-3.jpg","contentUrl":"https:\/\/www.fcgueugnon.fr\/site\/wp-content\/uploads\/2023\/06\/Cosne-0-0-FCG-3.jpg","width":2048,"height":1536},{"@type":"BreadcrumbList","@id":"https:\/\/www.fcgueugnon.fr\/site\/n3-j26-ucs-cosne-fc-gueugnon-resultat-reactions-et-resume\/4938#breadcrumb","itemListElement":[{"@type":"ListItem","position":1,"name":"Accueil","item":"https:\/\/www.fcgueugnon.fr\/site\/"},{"@type":"ListItem","position":2,"name":"[N3 J26 : UCS Cosne \u2013 FC Gueugnon] R\u00e9sultat, r\u00e9actions et r\u00e9sum\u00e9"}]},{"@type":"WebSite","@id":"https:\/\/www.fcgueugnon.fr\/site\/#website","url":"https:\/\/www.fcgueugnon.fr\/site\/","name":"FOOTBALL CLUB GUEUGNON","description":"Le Site Officiel des Forgerons","publisher":{"@id":"https:\/\/www.fcgueugnon.fr\/site\/#organization"},"potentialAction":[{"@type":"SearchAction","target":{"@type":"EntryPoint","urlTemplate":"https:\/\/www.fcgueugnon.fr\/site\/?s={search_term_string}"},"query-input":{"@type":"PropertyValueSpecification","valueRequired":true,"valueName":"search_term_string"}}],"inLanguage":"fr-FR"},{"@type":"Organization","@id":"https:\/\/www.fcgueugnon.fr\/site\/#organization","name":"FC Gueugnon","url":"https:\/\/www.fcgueugnon.fr\/site\/","logo":{"@type":"ImageObject","inLanguage":"fr-FR","@id":"https:\/\/www.fcgueugnon.fr\/site\/#\/schema\/logo\/image\/","url":"https:\/\/www.fcgueugnon.fr\/site\/wp-content\/uploads\/2022\/07\/cropped-Logo-FCGUEUGNON-low-350x350-1.png","contentUrl":"https:\/\/www.fcgueugnon.fr\/site\/wp-content\/uploads\/2022\/07\/cropped-Logo-FCGUEUGNON-low-350x350-1.png","width":350,"height":350,"caption":"FC Gueugnon"},"image":{"@id":"https:\/\/www.fcgueugnon.fr\/site\/#\/schema\/logo\/image\/"},"sameAs":["http:\/\/facebook.com\/FCGueugnon","https:\/\/x.com\/FCGueugnon_off","https:\/\/www.instagram.com\/fcgueugnon\/","https:\/\/www.linkedin.com\/company\/football-club-de-gueugnon\/","https:\/\/www.youtube.com\/user\/FCGueugnonnais","https:\/\/fr.wikipedia.org\/wiki\/Football_Club_de_Gueugnon"]},{"@type":"Person","@id":"https:\/\/www.fcgueugnon.fr\/site\/#\/schema\/person\/829630bfb5d6f3ebe4d296b75687c01a","name":"FC Gueugnon","url":"https:\/\/www.fcgueugnon.fr\/site\/author\/g-avin1"}]}},"rttpg_featured_image_url":{"full":["https:\/\/www.fcgueugnon.fr\/site\/wp-content\/uploads\/2023\/06\/Cosne-0-0-FCG-3.jpg",2048,1536,false],"landscape":["https:\/\/www.fcgueugnon.fr\/site\/wp-content\/uploads\/2023\/06\/Cosne-0-0-FCG-3.jpg",2048,1536,false],"portraits":["https:\/\/www.fcgueugnon.fr\/site\/wp-content\/uploads\/2023\/06\/Cosne-0-0-FCG-3.jpg",2048,1536,false],"thumbnail":["https:\/\/www.fcgueugnon.fr\/site\/wp-content\/uploads\/2023\/06\/Cosne-0-0-FCG-3-150x150.jpg",150,150,true],"medium":["https:\/\/www.fcgueugnon.fr\/site\/wp-content\/uploads\/2023\/06\/Cosne-0-0-FCG-3-400x300.jpg",400,300,true],"large":["https:\/\/www.fcgueugnon.fr\/site\/wp-content\/uploads\/2023\/06\/Cosne-0-0-FCG-3-1024x768.jpg",1024,768,true],"1536x1536":["https:\/\/www.fcgueugnon.fr\/site\/wp-content\/uploads\/2023\/06\/Cosne-0-0-FCG-3-1536x1152.jpg",1536,1152,true],"2048x2048":["https:\/\/www.fcgueugnon.fr\/site\/wp-content\/uploads\/2023\/06\/Cosne-0-0-FCG-3.jpg",2048,1536,false]},"rttpg_author":{"display_name":"FC Gueugnon","author_link":"https:\/\/www.fcgueugnon.fr\/site\/author\/g-avin1"},"rttpg_comment":0,"rttpg_category":"<a href=\"https:\/\/www.fcgueugnon.fr\/site\/category\/news\/news-2022-2023\" rel=\"category tag\">Archives 2022\/2023<\/a> <a href=\"https:\/\/www.fcgueugnon.fr\/site\/category\/news\" rel=\"category tag\">News<\/a>","rttpg_excerpt":"Dans un match sans r\u00e9el enjeu sportif puisque les deux \u00e9quipes ont obtenu leur maintien en National 3 lors de la pr\u00e9c\u00e9dente journ\u00e9e, l&rsquo;UCS Cosne et le FCG se sont quitt\u00e9s dos-\u00e0-dos (0-0). Photos : FC Gueugnon Devant 1 607 personnes pr\u00e9sentes \u00e0 Jean-Laville la semaine derni\u00e8re, les forgerons ont d\u00e9finitivement valid\u00e9 leur maintien en\u2026","_links":{"self":[{"href":"https:\/\/www.fcgueugnon.fr\/site\/wp-json\/wp\/v2\/posts\/4938","targetHints":{"allow":["GET"]}}],"collection":[{"href":"https:\/\/www.fcgueugnon.fr\/site\/wp-json\/wp\/v2\/posts"}],"about":[{"href":"https:\/\/www.fcgueugnon.fr\/site\/wp-json\/wp\/v2\/types\/post"}],"author":[{"embeddable":true,"href":"https:\/\/www.fcgueugnon.fr\/site\/wp-json\/wp\/v2\/users\/3"}],"replies":[{"embeddable":true,"href":"https:\/\/www.fcgueugnon.fr\/site\/wp-json\/wp\/v2\/comments?post=4938"}],"version-history":[{"count":2,"href":"https:\/\/www.fcgueugnon.fr\/site\/wp-json\/wp\/v2\/posts\/4938\/revisions"}],"predecessor-version":[{"id":4963,"href":"https:\/\/www.fcgueugnon.fr\/site\/wp-json\/wp\/v2\/posts\/4938\/revisions\/4963"}],"wp:featuredmedia":[{"embeddable":true,"href":"https:\/\/www.fcgueugnon.fr\/site\/wp-json\/wp\/v2\/media\/4959"}],"wp:attachment":[{"href":"https:\/\/www.fcgueugnon.fr\/site\/wp-json\/wp\/v2\/media?parent=4938"}],"wp:term":[{"taxonomy":"category","embeddable":true,"href":"https:\/\/www.fcgueugnon.fr\/site\/wp-json\/wp\/v2\/categories?post=4938"},{"taxonomy":"post_tag","embeddable":true,"href":"https:\/\/www.fcgueugnon.fr\/site\/wp-json\/wp\/v2\/tags?post=4938"}],"curies":[{"name":"wp","href":"https:\/\/api.w.org\/{rel}","templated":true}]}}