{"id":4646,"date":"2023-05-27T16:55:00","date_gmt":"2023-05-27T14:55:00","guid":{"rendered":"https:\/\/www.fcgueugnon.fr\/site\/?p=4646"},"modified":"2023-05-26T12:24:33","modified_gmt":"2023-05-26T10:24:33","slug":"interview-forgeron-mag-13-avec-morad-benameur","status":"publish","type":"post","link":"https:\/\/www.fcgueugnon.fr\/site\/interview-forgeron-mag-13-avec-morad-benameur\/4646","title":{"rendered":"[Interview] Forgeron Mag #13 avec Morad BENAMEUR"},"content":{"rendered":"\n<h3 class=\"wp-block-heading\">D\u00e9couvrez en int\u00e9gralit\u00e9 l&rsquo;entretien de Morad BENAMEUR diffus\u00e9 \u00e0 l&rsquo;occasion de cette 25\u00e8me journ\u00e9e de championnat face \u00e0 l&rsquo;UF M\u00e2con dans le dernier Forgeron Mag de cette saison.<\/h3>\n\n\n\n<div style=\"height:75px\" aria-hidden=\"true\" class=\"wp-block-spacer\"><\/div>\n\n\n<div class=\"wp-block-image\">\n<figure class=\"aligncenter size-large is-resized\"><img loading=\"lazy\" decoding=\"async\" src=\"https:\/\/www.fcgueugnon.fr\/site\/wp-content\/uploads\/2023\/05\/morad-benameur-1024x683.jpg\" alt=\"\" class=\"wp-image-4647\" width=\"768\" height=\"512\" srcset=\"https:\/\/www.fcgueugnon.fr\/site\/wp-content\/uploads\/2023\/05\/morad-benameur-1024x683.jpg 1024w, https:\/\/www.fcgueugnon.fr\/site\/wp-content\/uploads\/2023\/05\/morad-benameur-400x267.jpg 400w, https:\/\/www.fcgueugnon.fr\/site\/wp-content\/uploads\/2023\/05\/morad-benameur-768x512.jpg 768w, https:\/\/www.fcgueugnon.fr\/site\/wp-content\/uploads\/2023\/05\/morad-benameur-1536x1024.jpg 1536w, https:\/\/www.fcgueugnon.fr\/site\/wp-content\/uploads\/2023\/05\/morad-benameur-2048x1365.jpg 2048w, https:\/\/www.fcgueugnon.fr\/site\/wp-content\/uploads\/2023\/05\/morad-benameur-1320x880.jpg 1320w, https:\/\/www.fcgueugnon.fr\/site\/wp-content\/uploads\/2023\/05\/morad-benameur-600x400.jpg 600w\" sizes=\"auto, (max-width: 768px) 100vw, 768px\" \/><\/figure>\n<\/div>\n\n\n<div style=\"height:75px\" aria-hidden=\"true\" class=\"wp-block-spacer\"><\/div>\n\n\n\n<p><strong>Bonjour Morad, qu\u2019est-ce qui t\u2019as fait commencer le foot&nbsp;?<\/strong><br>\u00ab Bonjour, j\u2019ai commenc\u00e9 le foot \u00e0 6 ans, c\u2019est un peu une tradition dans ma famille. Au d\u00e9but je n\u2019\u00e9tais vraiment pas dou\u00e9.&nbsp;\u00bb<\/p>\n\n\n\n<p><strong>Cela fait longtemps qu\u2019on te connait ici \u00e0 Gueugnon, que deviens-tu aujourd\u2019hui&nbsp;?<\/strong><br>\u00ab Je suis Papa d\u2019un jeune gar\u00e7on de 18 mois&nbsp;! Je travaille en parall\u00e8le aux Forges d\u2019APERAM de Gueugnon.&nbsp;\u00bb<\/p>\n\n\n\n<p><strong>Pour toi, qui va remporter la Champions League cette ann\u00e9e&nbsp;? Est-ce que tu supportes une \u00e9quipe&nbsp;en dehors de cette comp\u00e9tition&nbsp;?<\/strong><br>\u00ab Je n\u2019ai pas vraiment d\u2019\u00e9quipe pr\u00e9f\u00e9r\u00e9e, j\u2019aime bien l\u2019OM si je devais t\u2019en donner une. Pour la Ligue des Champions, je pense que City va l\u2019emporter&nbsp;! J\u2019aimerais bien qu\u2019ils gagnent, mais ce sera un match difficile \u00e0 jouer contre l\u2019Inter.&nbsp;\u00bb<\/p>\n\n\n\n<figure class=\"wp-block-pullquote\"><blockquote><p>\u00ab  On va essayer d\u2019obtenir ce maintien d\u00e8s que possible pour pouvoir finir la saison de fa\u00e7on lib\u00e9r\u00e9e&nbsp;! \u00bb<\/p><\/blockquote><\/figure>\n\n\n\n<p><strong>Avant ton retour au club, o\u00f9 jouais-tu&nbsp;?<\/strong><br>\u00ab Apr\u00e8s mon d\u00e9part du FCG, je suis all\u00e9 jouer \u00e0 Paray pendant une saison. Je suis ensuite devenu entraineur et joueur au DSCB Chaufailles pendant 2 saisons. Puis Fabrice Correia m\u2019a contact\u00e9 pour revenir jouer avec la r\u00e9serve. Il n\u2019a pas eu besoin de me convaincre tr\u00e8s longtemps&nbsp;!&nbsp;\u00bb<\/p>\n\n\n\n<p><strong>Parle nous de ton profil de joueur, \u00e0 l\u2019\u00e9poque tu \u00e9tais un joueur assez polyvalent, est-ce que c\u2019est toujours le cas&nbsp;?<\/strong><br>\u00ab Je pr\u00e9f\u00e8re jouer au milieu aujourd\u2019hui. Effectivement avant j\u2019\u00e9tais capable de jouer plusieurs postes. Mais avec l\u2019\u00e2ge, je ne pourrais plus occuper un poste dans le couloir.&nbsp;\u00bb<\/p>\n\n\n\n<p><strong>Quand tu es arriv\u00e9 \u00e0 Gueugnon en 2015, je me souviens d\u2019un article qui disait \u00ab&nbsp;Il ne reste que 7 matches pour inverser la tendance&nbsp;\u00bb, une exp\u00e9rience similaire \u00e0 aujourd\u2019hui et qui s\u2019est bien termin\u00e9e&nbsp;:<\/strong><br>\u00ab Je n\u2019ai jamais connu de descente dans ma carri\u00e8re et j\u2019esp\u00e8re ne jamais la connaitre&nbsp;! Le club est en reconstruction et donc on a appris \u00e0 jouer dans ce genre de situation. Ces ann\u00e9es-l\u00e0 nous servent aujourd\u2019hui pour g\u00e9rer cette pression du r\u00e9sultat&nbsp;!&nbsp;\u00bb<\/p>\n\n\n\n<figure class=\"wp-block-pullquote\"><blockquote><p>\u00ab  Fabrice Correia m\u2019a contact\u00e9 pour revenir jouer avec la r\u00e9serve. Il n\u2019a pas eu besoin de me convaincre tr\u00e8s longtemps&nbsp;! \u00bb<\/p><\/blockquote><\/figure>\n\n\n\n<p><strong>Est-ce que tu as une anecdote \u00e0 nous donner sur ton pass\u00e9 de Forgeron&nbsp;:<\/strong><br>\u00ab Je me rappelle d\u2019un match contre Morteau-Montlebon, Johan Lapeyre le gardien de cette saison se blesse. Personne ne voulait aller dans le but\u2026 Du coup, j\u2019ai pris les gants et j\u2019ai \u00e9t\u00e9 le second gardien de la rencontre. Avec le recul, c\u2019\u00e9tait marrant de voir mes co\u00e9quipiers en panique \u00e0 chaque attaque de Morteau&nbsp;!&nbsp;\u00bb<\/p>\n\n\n\n<p><strong>Depuis 7 matches, tu es titulaire avec l\u2019\u00e9quipe fanion, 4 victoires, 1 nul et 2 d\u00e9faites. Notons 3 victoires cons\u00e9cutives, est-ce que vous avez r\u00e9ussi \u00e0 inverser la tendance&nbsp;?<\/strong><br>\u00ab Il y a clairement du mieux mais on n\u2019est pas encore maintenus&nbsp;! On se donne \u00e0 fond pour l\u2019obtenir. J\u2019essaie d\u2019apporter tout mon v\u00e9cu et mon exp\u00e9rience dans ce club. On sent que le collectif est l\u00e0, c\u2019est le travail de tout un club qui est en train de payer&nbsp;! Merci \u00e0 tous les supporters et les Ultras, votre soutien nous a permis d\u2019inverser cette tendance&nbsp;!&nbsp;\u00bb<\/p>\n\n\n\n<p><strong>Le dernier match s\u2019est conclu sur une victoire face \u00e0 Morteau, un match difficile. Est-ce que la confiance est l\u00e0 pour ces 2 prochains matches&nbsp;?<\/strong><br>\u00ab On gagne \u00e0 Morteau malgr\u00e9 une performance qui n\u2019\u00e9tait pas au top de notre c\u00f4t\u00e9. On sait qu\u2019en cas de victoire ou de r\u00e9sultat \u00e9quivalent \u00e0 Morteau, on est maintenus. On va essayer d\u2019obtenir ce maintien d\u00e8s que possible pour pouvoir finir la saison de fa\u00e7on lib\u00e9r\u00e9e&nbsp;!&nbsp;\u00bb<\/p>\n\n\n\n<figure class=\"wp-block-pullquote\"><blockquote><p>\u00ab Il y a clairement du mieux mais on n\u2019est pas encore maintenus&nbsp;! On se donne \u00e0 fond pour l\u2019obtenir. \u00bb<\/p><\/blockquote><\/figure>\n\n\n\n<p><strong>En tant qu\u2019ancien au club, quel est ton apport dans ce groupe&nbsp;?<\/strong><br>\u00ab Je suis arriv\u00e9 pour renforcer le groupe en cette fin de saison. Je pense qu\u2019il faudrait directement demander \u00e0 mes co\u00e9quipiers, je donne le maximum sur le terrain, j\u2019essaie d\u2019\u00eatre positif et surtout j\u2019encourage tout le monde&nbsp;!&nbsp;\u00bb<\/p>\n\n\n\n<p><strong>Le mot de la fin&nbsp;?<\/strong><br>\u00ab Je voudrais remercier toutes les personnes qui nous suivent, les supporters, les ultras, les dirigeants, les b\u00e9n\u00e9voles. Ils sont pr\u00e9sents \u00e0 domicile et prennent le temps de se d\u00e9placer pour nous encourager chaque week-end, c\u2019est vraiment une chance, merci \u00e0 vous&nbsp;!&nbsp;\u00bb<\/p>\n\n\n\n<div style=\"height:100px\" aria-hidden=\"true\" class=\"wp-block-spacer\"><\/div>\n\n\n\n<hr class=\"wp-block-separator has-alpha-channel-opacity\"\/>\n\n\n\n<h3 class=\"wp-block-heading\">Retrouvez le Forgeron Mag #13 en int\u00e9gralit\u00e9<\/h3>\n\n\n\n<div class=\"wp-block-pdf-viewer-block-standard\" style=\"text-align:left\"><div class=\"uploaded-pdf\"><a href=\"https:\/\/www.fcgueugnon.fr\/site\/wp-content\/uploads\/2023\/05\/Forgeron-mag-FCG-UFM-J25.pdf\" data-width=\"\" data-height=\"\"><\/a><\/div><\/div>\n\n\n\n<div class=\"wp-block-buttons is-layout-flex wp-block-buttons-is-layout-flex\">\n<div class=\"wp-block-button alignright is-style-circular\"><a class=\"wp-block-button__link wp-element-button\" href=\"https:\/\/www.fcgueugnon.fr\/site\/wp-content\/uploads\/2023\/05\/Forgeron-mag-FCG-UFM-J25.pdf\">T\u00e9l\u00e9charger<\/a><\/div>\n<\/div>\n","protected":false},"excerpt":{"rendered":"<p>D\u00e9couvrez en int\u00e9gralit\u00e9 l&rsquo;entretien de Morad BENAMEUR diffus\u00e9 \u00e0 l&rsquo;occasion de cette 25\u00e8me journ\u00e9e de championnat face \u00e0 l&rsquo;UF M\u00e2con dans le dernier Forgeron Mag de cette saison. Bonjour Morad, qu\u2019est-ce qui t\u2019as fait commencer le foot&nbsp;?\u00ab Bonjour, j\u2019ai commenc\u00e9 le foot \u00e0 6 ans, c\u2019est un peu une tradition dans ma famille. Au d\u00e9but &#8230; <\/p>\n<p class=\"read-more-container\"><a title=\"[Interview] Forgeron Mag #13 avec Morad BENAMEUR\" class=\"read-more button\" href=\"https:\/\/www.fcgueugnon.fr\/site\/interview-forgeron-mag-13-avec-morad-benameur\/4646#more-4646\" aria-label=\"Plus sur [Interview] Forgeron Mag #13 avec Morad BENAMEUR\">Lire la suite<\/a><\/p>\n","protected":false},"author":2,"featured_media":4647,"comment_status":"closed","ping_status":"closed","sticky":false,"template":"","format":"standard","meta":{"footnotes":""},"categories":[5,4],"tags":[24,11],"class_list":["post-4646","post","type-post","status-publish","format-standard","has-post-thumbnail","hentry","category-news-2022-2023","category-news","tag-forgeron-mag","tag-interview","infinite-scroll-item","generate-columns","tablet-grid-50","mobile-grid-100","grid-parent","grid-25"],"yoast_head":"<!-- This site is optimized with the Yoast SEO plugin v26.6 - https:\/\/yoast.com\/wordpress\/plugins\/seo\/ -->\n<title>[Interview] Forgeron Mag #13 avec Morad BENAMEUR &#8226; FOOTBALL CLUB GUEUGNON<\/title>\n<meta name=\"robots\" content=\"index, follow, max-snippet:-1, max-image-preview:large, max-video-preview:-1\" \/>\n<link rel=\"canonical\" href=\"https:\/\/www.fcgueugnon.fr\/site\/interview-forgeron-mag-13-avec-morad-benameur\/4646\" \/>\n<meta property=\"og:locale\" content=\"fr_FR\" \/>\n<meta property=\"og:type\" content=\"article\" \/>\n<meta property=\"og:title\" content=\"[Interview] Forgeron Mag #13 avec Morad BENAMEUR &#8226; FOOTBALL CLUB GUEUGNON\" \/>\n<meta property=\"og:description\" content=\"D\u00e9couvrez en int\u00e9gralit\u00e9 l&rsquo;entretien de Morad BENAMEUR diffus\u00e9 \u00e0 l&rsquo;occasion de cette 25\u00e8me journ\u00e9e de championnat face \u00e0 l&rsquo;UF M\u00e2con dans le dernier Forgeron Mag de cette saison. Bonjour Morad, qu\u2019est-ce qui t\u2019as fait commencer le foot&nbsp;?\u00ab Bonjour, j\u2019ai commenc\u00e9 le foot \u00e0 6 ans, c\u2019est un peu une tradition dans ma famille. Au d\u00e9but ... Lire la suite\" \/>\n<meta property=\"og:url\" content=\"https:\/\/www.fcgueugnon.fr\/site\/interview-forgeron-mag-13-avec-morad-benameur\/4646\" \/>\n<meta property=\"og:site_name\" content=\"FOOTBALL CLUB GUEUGNON\" \/>\n<meta property=\"article:publisher\" content=\"http:\/\/facebook.com\/FCGueugnon\" \/>\n<meta property=\"article:published_time\" content=\"2023-05-27T14:55:00+00:00\" \/>\n<meta property=\"og:image\" content=\"https:\/\/www.fcgueugnon.fr\/site\/wp-content\/uploads\/2023\/05\/morad-benameur-scaled.jpg\" \/>\n\t<meta property=\"og:image:width\" content=\"2560\" \/>\n\t<meta property=\"og:image:height\" content=\"1707\" \/>\n\t<meta property=\"og:image:type\" content=\"image\/jpeg\" \/>\n<meta name=\"author\" content=\"FC Gueugnon\" \/>\n<meta name=\"twitter:card\" content=\"summary_large_image\" \/>\n<meta name=\"twitter:creator\" content=\"@FCGueugnon_off\" \/>\n<meta name=\"twitter:site\" content=\"@FCGueugnon_off\" \/>\n<meta name=\"twitter:label1\" content=\"\u00c9crit par\" \/>\n\t<meta name=\"twitter:data1\" content=\"FC Gueugnon\" \/>\n\t<meta name=\"twitter:label2\" content=\"Dur\u00e9e de lecture estim\u00e9e\" \/>\n\t<meta name=\"twitter:data2\" content=\"4 minutes\" \/>\n<script type=\"application\/ld+json\" class=\"yoast-schema-graph\">{\"@context\":\"https:\/\/schema.org\",\"@graph\":[{\"@type\":\"Article\",\"@id\":\"https:\/\/www.fcgueugnon.fr\/site\/interview-forgeron-mag-13-avec-morad-benameur\/4646#article\",\"isPartOf\":{\"@id\":\"https:\/\/www.fcgueugnon.fr\/site\/interview-forgeron-mag-13-avec-morad-benameur\/4646\"},\"author\":{\"name\":\"FC Gueugnon\",\"@id\":\"https:\/\/www.fcgueugnon.fr\/site\/#\/schema\/person\/d342d0c35e8e8f04740b9bdd734eeb20\"},\"headline\":\"[Interview] Forgeron Mag #13 avec Morad BENAMEUR\",\"datePublished\":\"2023-05-27T14:55:00+00:00\",\"mainEntityOfPage\":{\"@id\":\"https:\/\/www.fcgueugnon.fr\/site\/interview-forgeron-mag-13-avec-morad-benameur\/4646\"},\"wordCount\":850,\"publisher\":{\"@id\":\"https:\/\/www.fcgueugnon.fr\/site\/#organization\"},\"image\":{\"@id\":\"https:\/\/www.fcgueugnon.fr\/site\/interview-forgeron-mag-13-avec-morad-benameur\/4646#primaryimage\"},\"thumbnailUrl\":\"https:\/\/www.fcgueugnon.fr\/site\/wp-content\/uploads\/2023\/05\/morad-benameur-scaled.jpg\",\"keywords\":[\"Forgeron Mag\",\"Interview\"],\"articleSection\":[\"Archives 2022\/2023\",\"News\"],\"inLanguage\":\"fr-FR\"},{\"@type\":\"WebPage\",\"@id\":\"https:\/\/www.fcgueugnon.fr\/site\/interview-forgeron-mag-13-avec-morad-benameur\/4646\",\"url\":\"https:\/\/www.fcgueugnon.fr\/site\/interview-forgeron-mag-13-avec-morad-benameur\/4646\",\"name\":\"[Interview] Forgeron Mag #13 avec Morad BENAMEUR &#8226; FOOTBALL CLUB GUEUGNON\",\"isPartOf\":{\"@id\":\"https:\/\/www.fcgueugnon.fr\/site\/#website\"},\"primaryImageOfPage\":{\"@id\":\"https:\/\/www.fcgueugnon.fr\/site\/interview-forgeron-mag-13-avec-morad-benameur\/4646#primaryimage\"},\"image\":{\"@id\":\"https:\/\/www.fcgueugnon.fr\/site\/interview-forgeron-mag-13-avec-morad-benameur\/4646#primaryimage\"},\"thumbnailUrl\":\"https:\/\/www.fcgueugnon.fr\/site\/wp-content\/uploads\/2023\/05\/morad-benameur-scaled.jpg\",\"datePublished\":\"2023-05-27T14:55:00+00:00\",\"breadcrumb\":{\"@id\":\"https:\/\/www.fcgueugnon.fr\/site\/interview-forgeron-mag-13-avec-morad-benameur\/4646#breadcrumb\"},\"inLanguage\":\"fr-FR\",\"potentialAction\":[{\"@type\":\"ReadAction\",\"target\":[\"https:\/\/www.fcgueugnon.fr\/site\/interview-forgeron-mag-13-avec-morad-benameur\/4646\"]}]},{\"@type\":\"ImageObject\",\"inLanguage\":\"fr-FR\",\"@id\":\"https:\/\/www.fcgueugnon.fr\/site\/interview-forgeron-mag-13-avec-morad-benameur\/4646#primaryimage\",\"url\":\"https:\/\/www.fcgueugnon.fr\/site\/wp-content\/uploads\/2023\/05\/morad-benameur-scaled.jpg\",\"contentUrl\":\"https:\/\/www.fcgueugnon.fr\/site\/wp-content\/uploads\/2023\/05\/morad-benameur-scaled.jpg\",\"width\":2560,\"height\":1707},{\"@type\":\"BreadcrumbList\",\"@id\":\"https:\/\/www.fcgueugnon.fr\/site\/interview-forgeron-mag-13-avec-morad-benameur\/4646#breadcrumb\",\"itemListElement\":[{\"@type\":\"ListItem\",\"position\":1,\"name\":\"Accueil\",\"item\":\"https:\/\/www.fcgueugnon.fr\/site\/\"},{\"@type\":\"ListItem\",\"position\":2,\"name\":\"[Interview] Forgeron Mag #13 avec Morad BENAMEUR\"}]},{\"@type\":\"WebSite\",\"@id\":\"https:\/\/www.fcgueugnon.fr\/site\/#website\",\"url\":\"https:\/\/www.fcgueugnon.fr\/site\/\",\"name\":\"FOOTBALL CLUB GUEUGNON\",\"description\":\"Le Site Officiel des Forgerons\",\"publisher\":{\"@id\":\"https:\/\/www.fcgueugnon.fr\/site\/#organization\"},\"potentialAction\":[{\"@type\":\"SearchAction\",\"target\":{\"@type\":\"EntryPoint\",\"urlTemplate\":\"https:\/\/www.fcgueugnon.fr\/site\/?s={search_term_string}\"},\"query-input\":{\"@type\":\"PropertyValueSpecification\",\"valueRequired\":true,\"valueName\":\"search_term_string\"}}],\"inLanguage\":\"fr-FR\"},{\"@type\":\"Organization\",\"@id\":\"https:\/\/www.fcgueugnon.fr\/site\/#organization\",\"name\":\"FC Gueugnon\",\"url\":\"https:\/\/www.fcgueugnon.fr\/site\/\",\"logo\":{\"@type\":\"ImageObject\",\"inLanguage\":\"fr-FR\",\"@id\":\"https:\/\/www.fcgueugnon.fr\/site\/#\/schema\/logo\/image\/\",\"url\":\"https:\/\/www.fcgueugnon.fr\/site\/wp-content\/uploads\/2022\/07\/cropped-Logo-FCGUEUGNON-low-350x350-1.png\",\"contentUrl\":\"https:\/\/www.fcgueugnon.fr\/site\/wp-content\/uploads\/2022\/07\/cropped-Logo-FCGUEUGNON-low-350x350-1.png\",\"width\":350,\"height\":350,\"caption\":\"FC Gueugnon\"},\"image\":{\"@id\":\"https:\/\/www.fcgueugnon.fr\/site\/#\/schema\/logo\/image\/\"},\"sameAs\":[\"http:\/\/facebook.com\/FCGueugnon\",\"https:\/\/x.com\/FCGueugnon_off\",\"https:\/\/www.instagram.com\/fcgueugnon\/\",\"https:\/\/www.linkedin.com\/company\/football-club-de-gueugnon\/\",\"https:\/\/www.youtube.com\/user\/FCGueugnonnais\",\"https:\/\/fr.wikipedia.org\/wiki\/Football_Club_de_Gueugnon\"]},{\"@type\":\"Person\",\"@id\":\"https:\/\/www.fcgueugnon.fr\/site\/#\/schema\/person\/d342d0c35e8e8f04740b9bdd734eeb20\",\"name\":\"FC Gueugnon\",\"url\":\"https:\/\/www.fcgueugnon.fr\/site\/author\/s-rod\"}]}<\/script>\n<!-- \/ Yoast SEO plugin. -->","yoast_head_json":{"title":"[Interview] Forgeron Mag #13 avec Morad BENAMEUR &#8226; FOOTBALL CLUB GUEUGNON","robots":{"index":"index","follow":"follow","max-snippet":"max-snippet:-1","max-image-preview":"max-image-preview:large","max-video-preview":"max-video-preview:-1"},"canonical":"https:\/\/www.fcgueugnon.fr\/site\/interview-forgeron-mag-13-avec-morad-benameur\/4646","og_locale":"fr_FR","og_type":"article","og_title":"[Interview] Forgeron Mag #13 avec Morad BENAMEUR &#8226; FOOTBALL CLUB GUEUGNON","og_description":"D\u00e9couvrez en int\u00e9gralit\u00e9 l&rsquo;entretien de Morad BENAMEUR diffus\u00e9 \u00e0 l&rsquo;occasion de cette 25\u00e8me journ\u00e9e de championnat face \u00e0 l&rsquo;UF M\u00e2con dans le dernier Forgeron Mag de cette saison. Bonjour Morad, qu\u2019est-ce qui t\u2019as fait commencer le foot&nbsp;?\u00ab Bonjour, j\u2019ai commenc\u00e9 le foot \u00e0 6 ans, c\u2019est un peu une tradition dans ma famille. Au d\u00e9but ... Lire la suite","og_url":"https:\/\/www.fcgueugnon.fr\/site\/interview-forgeron-mag-13-avec-morad-benameur\/4646","og_site_name":"FOOTBALL CLUB GUEUGNON","article_publisher":"http:\/\/facebook.com\/FCGueugnon","article_published_time":"2023-05-27T14:55:00+00:00","og_image":[{"width":2560,"height":1707,"url":"https:\/\/www.fcgueugnon.fr\/site\/wp-content\/uploads\/2023\/05\/morad-benameur-scaled.jpg","type":"image\/jpeg"}],"author":"FC Gueugnon","twitter_card":"summary_large_image","twitter_creator":"@FCGueugnon_off","twitter_site":"@FCGueugnon_off","twitter_misc":{"\u00c9crit par":"FC Gueugnon","Dur\u00e9e de lecture estim\u00e9e":"4 minutes"},"schema":{"@context":"https:\/\/schema.org","@graph":[{"@type":"Article","@id":"https:\/\/www.fcgueugnon.fr\/site\/interview-forgeron-mag-13-avec-morad-benameur\/4646#article","isPartOf":{"@id":"https:\/\/www.fcgueugnon.fr\/site\/interview-forgeron-mag-13-avec-morad-benameur\/4646"},"author":{"name":"FC Gueugnon","@id":"https:\/\/www.fcgueugnon.fr\/site\/#\/schema\/person\/d342d0c35e8e8f04740b9bdd734eeb20"},"headline":"[Interview] Forgeron Mag #13 avec Morad BENAMEUR","datePublished":"2023-05-27T14:55:00+00:00","mainEntityOfPage":{"@id":"https:\/\/www.fcgueugnon.fr\/site\/interview-forgeron-mag-13-avec-morad-benameur\/4646"},"wordCount":850,"publisher":{"@id":"https:\/\/www.fcgueugnon.fr\/site\/#organization"},"image":{"@id":"https:\/\/www.fcgueugnon.fr\/site\/interview-forgeron-mag-13-avec-morad-benameur\/4646#primaryimage"},"thumbnailUrl":"https:\/\/www.fcgueugnon.fr\/site\/wp-content\/uploads\/2023\/05\/morad-benameur-scaled.jpg","keywords":["Forgeron Mag","Interview"],"articleSection":["Archives 2022\/2023","News"],"inLanguage":"fr-FR"},{"@type":"WebPage","@id":"https:\/\/www.fcgueugnon.fr\/site\/interview-forgeron-mag-13-avec-morad-benameur\/4646","url":"https:\/\/www.fcgueugnon.fr\/site\/interview-forgeron-mag-13-avec-morad-benameur\/4646","name":"[Interview] Forgeron Mag #13 avec Morad BENAMEUR &#8226; FOOTBALL CLUB GUEUGNON","isPartOf":{"@id":"https:\/\/www.fcgueugnon.fr\/site\/#website"},"primaryImageOfPage":{"@id":"https:\/\/www.fcgueugnon.fr\/site\/interview-forgeron-mag-13-avec-morad-benameur\/4646#primaryimage"},"image":{"@id":"https:\/\/www.fcgueugnon.fr\/site\/interview-forgeron-mag-13-avec-morad-benameur\/4646#primaryimage"},"thumbnailUrl":"https:\/\/www.fcgueugnon.fr\/site\/wp-content\/uploads\/2023\/05\/morad-benameur-scaled.jpg","datePublished":"2023-05-27T14:55:00+00:00","breadcrumb":{"@id":"https:\/\/www.fcgueugnon.fr\/site\/interview-forgeron-mag-13-avec-morad-benameur\/4646#breadcrumb"},"inLanguage":"fr-FR","potentialAction":[{"@type":"ReadAction","target":["https:\/\/www.fcgueugnon.fr\/site\/interview-forgeron-mag-13-avec-morad-benameur\/4646"]}]},{"@type":"ImageObject","inLanguage":"fr-FR","@id":"https:\/\/www.fcgueugnon.fr\/site\/interview-forgeron-mag-13-avec-morad-benameur\/4646#primaryimage","url":"https:\/\/www.fcgueugnon.fr\/site\/wp-content\/uploads\/2023\/05\/morad-benameur-scaled.jpg","contentUrl":"https:\/\/www.fcgueugnon.fr\/site\/wp-content\/uploads\/2023\/05\/morad-benameur-scaled.jpg","width":2560,"height":1707},{"@type":"BreadcrumbList","@id":"https:\/\/www.fcgueugnon.fr\/site\/interview-forgeron-mag-13-avec-morad-benameur\/4646#breadcrumb","itemListElement":[{"@type":"ListItem","position":1,"name":"Accueil","item":"https:\/\/www.fcgueugnon.fr\/site\/"},{"@type":"ListItem","position":2,"name":"[Interview] Forgeron Mag #13 avec Morad BENAMEUR"}]},{"@type":"WebSite","@id":"https:\/\/www.fcgueugnon.fr\/site\/#website","url":"https:\/\/www.fcgueugnon.fr\/site\/","name":"FOOTBALL CLUB GUEUGNON","description":"Le Site Officiel des Forgerons","publisher":{"@id":"https:\/\/www.fcgueugnon.fr\/site\/#organization"},"potentialAction":[{"@type":"SearchAction","target":{"@type":"EntryPoint","urlTemplate":"https:\/\/www.fcgueugnon.fr\/site\/?s={search_term_string}"},"query-input":{"@type":"PropertyValueSpecification","valueRequired":true,"valueName":"search_term_string"}}],"inLanguage":"fr-FR"},{"@type":"Organization","@id":"https:\/\/www.fcgueugnon.fr\/site\/#organization","name":"FC Gueugnon","url":"https:\/\/www.fcgueugnon.fr\/site\/","logo":{"@type":"ImageObject","inLanguage":"fr-FR","@id":"https:\/\/www.fcgueugnon.fr\/site\/#\/schema\/logo\/image\/","url":"https:\/\/www.fcgueugnon.fr\/site\/wp-content\/uploads\/2022\/07\/cropped-Logo-FCGUEUGNON-low-350x350-1.png","contentUrl":"https:\/\/www.fcgueugnon.fr\/site\/wp-content\/uploads\/2022\/07\/cropped-Logo-FCGUEUGNON-low-350x350-1.png","width":350,"height":350,"caption":"FC Gueugnon"},"image":{"@id":"https:\/\/www.fcgueugnon.fr\/site\/#\/schema\/logo\/image\/"},"sameAs":["http:\/\/facebook.com\/FCGueugnon","https:\/\/x.com\/FCGueugnon_off","https:\/\/www.instagram.com\/fcgueugnon\/","https:\/\/www.linkedin.com\/company\/football-club-de-gueugnon\/","https:\/\/www.youtube.com\/user\/FCGueugnonnais","https:\/\/fr.wikipedia.org\/wiki\/Football_Club_de_Gueugnon"]},{"@type":"Person","@id":"https:\/\/www.fcgueugnon.fr\/site\/#\/schema\/person\/d342d0c35e8e8f04740b9bdd734eeb20","name":"FC Gueugnon","url":"https:\/\/www.fcgueugnon.fr\/site\/author\/s-rod"}]}},"rttpg_featured_image_url":{"full":["https:\/\/www.fcgueugnon.fr\/site\/wp-content\/uploads\/2023\/05\/morad-benameur-scaled.jpg",2560,1707,false],"landscape":["https:\/\/www.fcgueugnon.fr\/site\/wp-content\/uploads\/2023\/05\/morad-benameur-scaled.jpg",2560,1707,false],"portraits":["https:\/\/www.fcgueugnon.fr\/site\/wp-content\/uploads\/2023\/05\/morad-benameur-scaled.jpg",2560,1707,false],"thumbnail":["https:\/\/www.fcgueugnon.fr\/site\/wp-content\/uploads\/2023\/05\/morad-benameur-150x150.jpg",150,150,true],"medium":["https:\/\/www.fcgueugnon.fr\/site\/wp-content\/uploads\/2023\/05\/morad-benameur-400x267.jpg",400,267,true],"large":["https:\/\/www.fcgueugnon.fr\/site\/wp-content\/uploads\/2023\/05\/morad-benameur-1024x683.jpg",1024,683,true],"1536x1536":["https:\/\/www.fcgueugnon.fr\/site\/wp-content\/uploads\/2023\/05\/morad-benameur-1536x1024.jpg",1536,1024,true],"2048x2048":["https:\/\/www.fcgueugnon.fr\/site\/wp-content\/uploads\/2023\/05\/morad-benameur-2048x1365.jpg",2048,1365,true]},"rttpg_author":{"display_name":"FC Gueugnon","author_link":"https:\/\/www.fcgueugnon.fr\/site\/author\/s-rod"},"rttpg_comment":0,"rttpg_category":"<a href=\"https:\/\/www.fcgueugnon.fr\/site\/category\/news\/news-2022-2023\" rel=\"category tag\">Archives 2022\/2023<\/a> <a href=\"https:\/\/www.fcgueugnon.fr\/site\/category\/news\" rel=\"category tag\">News<\/a>","rttpg_excerpt":"D\u00e9couvrez en int\u00e9gralit\u00e9 l&rsquo;entretien de Morad BENAMEUR diffus\u00e9 \u00e0 l&rsquo;occasion de cette 25\u00e8me journ\u00e9e de championnat face \u00e0 l&rsquo;UF M\u00e2con dans le dernier Forgeron Mag de cette saison. Bonjour Morad, qu\u2019est-ce qui t\u2019as fait commencer le foot&nbsp;?\u00ab Bonjour, j\u2019ai commenc\u00e9 le foot \u00e0 6 ans, c\u2019est un peu une tradition dans ma famille. Au d\u00e9but\u2026","_links":{"self":[{"href":"https:\/\/www.fcgueugnon.fr\/site\/wp-json\/wp\/v2\/posts\/4646","targetHints":{"allow":["GET"]}}],"collection":[{"href":"https:\/\/www.fcgueugnon.fr\/site\/wp-json\/wp\/v2\/posts"}],"about":[{"href":"https:\/\/www.fcgueugnon.fr\/site\/wp-json\/wp\/v2\/types\/post"}],"author":[{"embeddable":true,"href":"https:\/\/www.fcgueugnon.fr\/site\/wp-json\/wp\/v2\/users\/2"}],"replies":[{"embeddable":true,"href":"https:\/\/www.fcgueugnon.fr\/site\/wp-json\/wp\/v2\/comments?post=4646"}],"version-history":[{"count":3,"href":"https:\/\/www.fcgueugnon.fr\/site\/wp-json\/wp\/v2\/posts\/4646\/revisions"}],"predecessor-version":[{"id":4668,"href":"https:\/\/www.fcgueugnon.fr\/site\/wp-json\/wp\/v2\/posts\/4646\/revisions\/4668"}],"wp:featuredmedia":[{"embeddable":true,"href":"https:\/\/www.fcgueugnon.fr\/site\/wp-json\/wp\/v2\/media\/4647"}],"wp:attachment":[{"href":"https:\/\/www.fcgueugnon.fr\/site\/wp-json\/wp\/v2\/media?parent=4646"}],"wp:term":[{"taxonomy":"category","embeddable":true,"href":"https:\/\/www.fcgueugnon.fr\/site\/wp-json\/wp\/v2\/categories?post=4646"},{"taxonomy":"post_tag","embeddable":true,"href":"https:\/\/www.fcgueugnon.fr\/site\/wp-json\/wp\/v2\/tags?post=4646"}],"curies":[{"name":"wp","href":"https:\/\/api.w.org\/{rel}","templated":true}]}}