{"id":455,"date":"2022-07-21T18:55:00","date_gmt":"2022-07-21T16:55:00","guid":{"rendered":"https:\/\/www.fcgueugnon.fr\/site\/?p=455"},"modified":"2022-08-12T22:50:31","modified_gmt":"2022-08-12T20:50:31","slug":"mercato-le-groupe-espoirs-enregistre-6-renforts-pour-la-saison-2022-2023","status":"publish","type":"post","link":"https:\/\/www.fcgueugnon.fr\/site\/mercato-le-groupe-espoirs-enregistre-6-renforts-pour-la-saison-2022-2023\/455","title":{"rendered":"[Mercato] Le groupe Espoirs enregistre 7 renforts pour la saison 2022-2023."},"content":{"rendered":"\n<h3 class=\"has-text-align-left wp-block-heading\"><strong>En coulisses, l&rsquo;entra\u00eeneur Fabrice Correia et son staff ont travaill\u00e9 pour renforcer l&rsquo;\u00e9quipe actuelle qui sort d&rsquo;une saison tr\u00e8s aboutie en R\u00e9gional 1. Six nouveaux joueurs rejoignent le projet du groupe Espoirs.<\/strong><\/h3>\n\n\n\n<div style=\"height:30px\" aria-hidden=\"true\" class=\"wp-block-spacer\"><\/div>\n\n\n<div class=\"wp-block-image\">\n<figure class=\"aligncenter size-large is-resized\"><img loading=\"lazy\" decoding=\"async\" src=\"https:\/\/www.fcgueugnon.fr\/site\/wp-content\/uploads\/2022\/08\/Isidore-Mabwati-1024x1024.png\" alt=\"\" class=\"wp-image-542\" width=\"512\" height=\"512\" srcset=\"https:\/\/www.fcgueugnon.fr\/site\/wp-content\/uploads\/2022\/08\/Isidore-Mabwati-1024x1024.png 1024w, https:\/\/www.fcgueugnon.fr\/site\/wp-content\/uploads\/2022\/08\/Isidore-Mabwati-400x400.png 400w, https:\/\/www.fcgueugnon.fr\/site\/wp-content\/uploads\/2022\/08\/Isidore-Mabwati-150x150.png 150w, https:\/\/www.fcgueugnon.fr\/site\/wp-content\/uploads\/2022\/08\/Isidore-Mabwati-768x768.png 768w, https:\/\/www.fcgueugnon.fr\/site\/wp-content\/uploads\/2022\/08\/Isidore-Mabwati-1536x1536.png 1536w, https:\/\/www.fcgueugnon.fr\/site\/wp-content\/uploads\/2022\/08\/Isidore-Mabwati-2048x2048.png 2048w\" sizes=\"auto, (max-width: 512px) 100vw, 512px\" \/><\/figure>\n<\/div>\n\n\n<div style=\"height:30px\" aria-hidden=\"true\" class=\"wp-block-spacer\"><\/div>\n\n\n\n<h3 class=\"western wp-block-heading\"><strong>Isidore Mabwati &#8211; 20 ans &#8211; Attaquant<\/strong><\/h3>\n\n\n\n<p>Isidore Mabwati vient de s&rsquo;engager avec le FC Gueugnon.  Pass\u00e9 par Lyon Duch\u00e8re, le FC Lyon ou encore le FC Vaulx-en-Velin, le jeune attaquant s&rsquo;est d\u00e9marqu\u00e9 dans les championnats nationaux jeunes. Ses performances lui ont permis d&rsquo;\u00eatre international U20 avec la R\u00e9publique D\u00e9mocratique du Congo. Isidore a particip\u00e9 \u00e0 la reprise de l&rsquo;entra\u00eenement cette semaine avec le groupe National 3.<\/p>\n\n\n\n<p>Bienvenue \u00e0 Gueugnon, Isidore !<\/p>\n\n\n\n<div style=\"height:15px\" aria-hidden=\"true\" class=\"wp-block-spacer\"><\/div>\n\n\n\n<hr class=\"wp-block-separator has-css-opacity is-style-default\"\/>\n\n\n\n<div style=\"height:15px\" aria-hidden=\"true\" class=\"wp-block-spacer\"><\/div>\n\n\n<div class=\"wp-block-image\">\n<figure class=\"aligncenter size-full is-resized\"><img loading=\"lazy\" decoding=\"async\" src=\"https:\/\/www.fcgueugnon.fr\/site\/wp-content\/uploads\/2022\/08\/Benjamin-Godard.jpeg\" alt=\"\" class=\"wp-image-461\" width=\"498\" height=\"498\" srcset=\"https:\/\/www.fcgueugnon.fr\/site\/wp-content\/uploads\/2022\/08\/Benjamin-Godard.jpeg 996w, https:\/\/www.fcgueugnon.fr\/site\/wp-content\/uploads\/2022\/08\/Benjamin-Godard-400x400.jpeg 400w, https:\/\/www.fcgueugnon.fr\/site\/wp-content\/uploads\/2022\/08\/Benjamin-Godard-150x150.jpeg 150w, https:\/\/www.fcgueugnon.fr\/site\/wp-content\/uploads\/2022\/08\/Benjamin-Godard-768x768.jpeg 768w\" sizes=\"auto, (max-width: 498px) 100vw, 498px\" \/><\/figure>\n<\/div>\n\n\n<div style=\"height:30px\" aria-hidden=\"true\" class=\"wp-block-spacer\"><\/div>\n\n\n\n<h3 class=\"western wp-block-heading\"><strong>Benjamin Godard &#8211; 20 ans &#8211; Gardien de But<\/strong><\/h3>\n\n\n\n<p>Le FC Gueugnon annonce l\u2019arriv\u00e9e de la premi\u00e8re recrue du Groupe Espoirs pour la saison 2022-2023. Il s\u2019agit de Benjamin Godard, jeune gardien de but de 20 ans qui arrive de l\u2019US Saint-Vit. Apr\u00e8s avoir effectu\u00e9 ses cat\u00e9gories jeunes au Besan\u00e7on Football, il vient s\u2019inscrire dans le projet du Groupe Espoirs du Football Club de Gueugnon.<\/p>\n\n\n\n<p>Bienvenue \u00e0 Benjamin !<\/p>\n\n\n\n<div style=\"height:15px\" aria-hidden=\"true\" class=\"wp-block-spacer\"><\/div>\n\n\n\n<hr class=\"wp-block-separator has-css-opacity is-style-default\"\/>\n\n\n\n<div style=\"height:15px\" aria-hidden=\"true\" class=\"wp-block-spacer\"><\/div>\n\n\n<div class=\"wp-block-image\">\n<figure class=\"aligncenter size-large is-resized\"><img loading=\"lazy\" decoding=\"async\" src=\"https:\/\/www.fcgueugnon.fr\/site\/wp-content\/uploads\/2022\/08\/Yanis-Figueira-1024x1024.jpeg\" alt=\"\" class=\"wp-image-460\" width=\"512\" height=\"512\" srcset=\"https:\/\/www.fcgueugnon.fr\/site\/wp-content\/uploads\/2022\/08\/Yanis-Figueira-1024x1024.jpeg 1024w, https:\/\/www.fcgueugnon.fr\/site\/wp-content\/uploads\/2022\/08\/Yanis-Figueira-400x400.jpeg 400w, https:\/\/www.fcgueugnon.fr\/site\/wp-content\/uploads\/2022\/08\/Yanis-Figueira-150x150.jpeg 150w, https:\/\/www.fcgueugnon.fr\/site\/wp-content\/uploads\/2022\/08\/Yanis-Figueira-768x768.jpeg 768w, https:\/\/www.fcgueugnon.fr\/site\/wp-content\/uploads\/2022\/08\/Yanis-Figueira-1536x1536.jpeg 1536w, https:\/\/www.fcgueugnon.fr\/site\/wp-content\/uploads\/2022\/08\/Yanis-Figueira.jpeg 1654w\" sizes=\"auto, (max-width: 512px) 100vw, 512px\" \/><\/figure>\n<\/div>\n\n\n<div style=\"height:30px\" aria-hidden=\"true\" class=\"wp-block-spacer\"><\/div>\n\n\n\n<h3 class=\"western wp-block-heading\"><strong>Yanis Figueira &#8211; 18 ans &#8211; Dijon ASPTT<\/strong><\/h3>\n\n\n\n<p>Une nouvelle recrue rejoint le Groupe Espoirs du FC Gueugnon. Il s\u2019agit du retour d\u2019un jeune d\u00e9j\u00e0 pass\u00e9 par le FCG durant ses cat\u00e9gories jeunes. Yanis Figueira qui \u00e9voluait au Dijon ASPTT les saisons pr\u00e9c\u00e9dentes, retrouve l\u2019effectif jaune et bleu de Fabrice Correia pour l\u2019exercice 2022-2023. Ce jeune milieu d\u00e9fensif a disput\u00e9 2 saisons en U17 National puis U19 National avec le club Dijonnais.<\/p>\n\n\n\n<p>On souhaite une belle saison \u00e0 Yanis Figueira sous le maillot Forgeron !<\/p>\n\n\n\n<div style=\"height:15px\" aria-hidden=\"true\" class=\"wp-block-spacer\"><\/div>\n\n\n\n<hr class=\"wp-block-separator has-css-opacity is-style-default\"\/>\n\n\n\n<div style=\"height:15px\" aria-hidden=\"true\" class=\"wp-block-spacer\"><\/div>\n\n\n<div class=\"wp-block-image\">\n<figure class=\"aligncenter size-large is-resized\" id=\"block-fa211856-c9c0-46a5-9df2-d151dd36311e\"><img loading=\"lazy\" decoding=\"async\" src=\"https:\/\/www.fcgueugnon.fr\/site\/wp-content\/uploads\/2022\/08\/Hossein-Assal-1024x1024.jpeg\" alt=\"\" class=\"wp-image-459\" width=\"512\" height=\"512\" srcset=\"https:\/\/www.fcgueugnon.fr\/site\/wp-content\/uploads\/2022\/08\/Hossein-Assal-1024x1024.jpeg 1024w, https:\/\/www.fcgueugnon.fr\/site\/wp-content\/uploads\/2022\/08\/Hossein-Assal-400x400.jpeg 400w, https:\/\/www.fcgueugnon.fr\/site\/wp-content\/uploads\/2022\/08\/Hossein-Assal-150x150.jpeg 150w, https:\/\/www.fcgueugnon.fr\/site\/wp-content\/uploads\/2022\/08\/Hossein-Assal-768x768.jpeg 768w, https:\/\/www.fcgueugnon.fr\/site\/wp-content\/uploads\/2022\/08\/Hossein-Assal.jpeg 1536w\" sizes=\"auto, (max-width: 512px) 100vw, 512px\" \/><\/figure>\n<\/div>\n\n\n<div style=\"height:30px\" aria-hidden=\"true\" class=\"wp-block-spacer\"><\/div>\n\n\n\n<h3 class=\"wp-block-heading\" id=\"block-2d122c84-cb31-4209-b9c7-a95be7cb5c9b\"><strong>Hossein Assal &#8211; 31 ans &#8211; CS Sanvignes<\/strong><\/h3>\n\n\n\n<p>Un nouveau cadre rejoint le projet Espoirs du FCG. Il s\u2019agit de Hossein Assal, d\u00e9fenseur exp\u00e9riment\u00e9 qui arrive en provenance du CS Sanvignes. \u00c0 31 ans, Hossein peut \u00e9voluer sur les postes de d\u00e9fenseur axial et de d\u00e9fenseur lat\u00e9ral. Sa polyvalence va lui permettre d\u2019avoir un r\u00f4le important dans l\u2019effectif de Fabrice CORREIA pour la saison 2022-2023.<\/p>\n\n\n\n<p>Nous souhaitons la bienvenue \u00e0 Hossein !<\/p>\n\n\n\n<div style=\"height:16px\" aria-hidden=\"true\" class=\"wp-block-spacer\"><\/div>\n\n\n\n<hr class=\"wp-block-separator has-css-opacity is-style-default\"\/>\n\n\n\n<div style=\"height:16px\" aria-hidden=\"true\" class=\"wp-block-spacer\"><\/div>\n\n\n<div class=\"wp-block-image\">\n<figure class=\"aligncenter size-large is-resized\"><img loading=\"lazy\" decoding=\"async\" src=\"https:\/\/www.fcgueugnon.fr\/site\/wp-content\/uploads\/2022\/08\/Raoul-Brossard-1024x1024.jpeg\" alt=\"\" class=\"wp-image-458\" width=\"512\" height=\"512\" srcset=\"https:\/\/www.fcgueugnon.fr\/site\/wp-content\/uploads\/2022\/08\/Raoul-Brossard-1024x1024.jpeg 1024w, https:\/\/www.fcgueugnon.fr\/site\/wp-content\/uploads\/2022\/08\/Raoul-Brossard-400x400.jpeg 400w, https:\/\/www.fcgueugnon.fr\/site\/wp-content\/uploads\/2022\/08\/Raoul-Brossard-150x150.jpeg 150w, https:\/\/www.fcgueugnon.fr\/site\/wp-content\/uploads\/2022\/08\/Raoul-Brossard-768x768.jpeg 768w, https:\/\/www.fcgueugnon.fr\/site\/wp-content\/uploads\/2022\/08\/Raoul-Brossard.jpeg 1536w\" sizes=\"auto, (max-width: 512px) 100vw, 512px\" \/><\/figure>\n<\/div>\n\n\n<div style=\"height:30px\" aria-hidden=\"true\" class=\"wp-block-spacer\"><\/div>\n\n\n\n<h3 class=\"western wp-block-heading\"><strong>Raoul Brossard &#8211; 23 ans &#8211; AS Garchizy<\/strong><\/h3>\n\n\n\n<p>Le Groupe Espoirs du FC Gueugnon se renforce \u00e9galement dans le secteur offensif. L\u2019effectif de Fabrice Correia pourra compter sur Raoul Brossard, un des meilleurs buteurs de Regional 1 cette saison avec l\u2019AS Garchizy. \u00c0 23 ans, le natif de la r\u00e9gion Parisienne a sign\u00e9 dans le but de franchir un nouveau pallier dans sa jeune carri\u00e8re. Raoul est un offensif axial qui a marqu\u00e9 une quinzaine de buts lors de l\u2019exercice 2021-2022.<\/p>\n\n\n\n<p>Une tr\u00e8s belle nouvelle pour le FC Gueugnon qui souhaite la bienvenue \u00e0 son nouvel attaquant Raoul Brossard !<\/p>\n\n\n\n<div style=\"height:15px\" aria-hidden=\"true\" class=\"wp-block-spacer\"><\/div>\n\n\n\n<hr class=\"wp-block-separator has-css-opacity is-style-default\"\/>\n\n\n\n<div style=\"height:15px\" aria-hidden=\"true\" class=\"wp-block-spacer\"><\/div>\n\n\n<div class=\"wp-block-image\">\n<figure class=\"aligncenter size-large is-resized\"><img loading=\"lazy\" decoding=\"async\" src=\"https:\/\/www.fcgueugnon.fr\/site\/wp-content\/uploads\/2022\/08\/Saoulio-Diomande-1024x1024.jpeg\" alt=\"\" class=\"wp-image-457\" width=\"512\" height=\"512\" srcset=\"https:\/\/www.fcgueugnon.fr\/site\/wp-content\/uploads\/2022\/08\/Saoulio-Diomande-1024x1024.jpeg 1024w, https:\/\/www.fcgueugnon.fr\/site\/wp-content\/uploads\/2022\/08\/Saoulio-Diomande-400x400.jpeg 400w, https:\/\/www.fcgueugnon.fr\/site\/wp-content\/uploads\/2022\/08\/Saoulio-Diomande-150x150.jpeg 150w, https:\/\/www.fcgueugnon.fr\/site\/wp-content\/uploads\/2022\/08\/Saoulio-Diomande-768x768.jpeg 768w, https:\/\/www.fcgueugnon.fr\/site\/wp-content\/uploads\/2022\/08\/Saoulio-Diomande.jpeg 1200w\" sizes=\"auto, (max-width: 512px) 100vw, 512px\" \/><\/figure>\n<\/div>\n\n\n<div style=\"height:30px\" aria-hidden=\"true\" class=\"wp-block-spacer\"><\/div>\n\n\n\n<h3 class=\"western wp-block-heading\"><strong>Saoulio Diomand\u00e9 &#8211; 21 ans &#8211; SNID Imphy Decize<\/strong><\/h3>\n\n\n\n<p>Nouvel \u00e9l\u00e9ment offensif pour le FC Gueugnon Espoirs, Soualio Diomand\u00e9, 21 ans, auteur d\u2019une belle saison du c\u00f4t\u00e9 d\u2019Imphy Decize. L&rsquo;attaquant rejoint le FC Gueugnon pour la prochaine saison. Pouvant \u00e9voluer dans l&rsquo;axe comme sur un c\u00f4t\u00e9, Soualio est un attaquant de rupture qui sera tr\u00e8s compl\u00e9mentaire avec ses co\u00e9quipiers offensifs.<\/p>\n\n\n\n<p>Nous souhaitons une excellente saison \u00e0 Saoulio Diomand\u00e9, qui est la 5\u00e8me recrue du groupe Espoirs.<\/p>\n\n\n\n<div style=\"height:15px\" aria-hidden=\"true\" class=\"wp-block-spacer\"><\/div>\n\n\n\n<hr class=\"wp-block-separator has-css-opacity is-style-default\"\/>\n\n\n\n<div style=\"height:15px\" aria-hidden=\"true\" class=\"wp-block-spacer\"><\/div>\n\n\n<div class=\"wp-block-image\">\n<figure class=\"aligncenter size-large is-resized\" id=\"block-fa211856-c9c0-46a5-9df2-d151dd36311e\"><img loading=\"lazy\" decoding=\"async\" src=\"https:\/\/www.fcgueugnon.fr\/site\/wp-content\/uploads\/2022\/08\/Morad-Benameur-1024x1024.jpeg\" alt=\"\" class=\"wp-image-456\" width=\"512\" height=\"512\" srcset=\"https:\/\/www.fcgueugnon.fr\/site\/wp-content\/uploads\/2022\/08\/Morad-Benameur-1024x1024.jpeg 1024w, https:\/\/www.fcgueugnon.fr\/site\/wp-content\/uploads\/2022\/08\/Morad-Benameur-400x400.jpeg 400w, https:\/\/www.fcgueugnon.fr\/site\/wp-content\/uploads\/2022\/08\/Morad-Benameur-150x150.jpeg 150w, https:\/\/www.fcgueugnon.fr\/site\/wp-content\/uploads\/2022\/08\/Morad-Benameur-768x768.jpeg 768w, https:\/\/www.fcgueugnon.fr\/site\/wp-content\/uploads\/2022\/08\/Morad-Benameur.jpeg 1536w\" sizes=\"auto, (max-width: 512px) 100vw, 512px\" \/><\/figure>\n<\/div>\n\n\n<div style=\"height:30px\" aria-hidden=\"true\" class=\"wp-block-spacer\"><\/div>\n\n\n\n<h3 class=\"wp-block-heading\" id=\"block-2d122c84-cb31-4209-b9c7-a95be7cb5c9b\"><strong>Morad Benameur &#8211; 34 ans &#8211; Dun Sornin Chauffailles<\/strong><\/h3>\n\n\n\n<p>Pour conclure ce mercato, le FC Gueugnon annonce le retour d\u2019un ancien Forgeron. Morad Benameur, milieu d\u00e9fensif de 34 ans, est pass\u00e9 par le FCG de 2011 \u00e0 2018. Cette saison, Morad revient prendre part au projet Espoirs du club. Il aura lui aussi un v\u00e9ritable statut de cadre pour mener le groupe tr\u00e8s homog\u00e8ne de Fabrice Correia pour la saison 2022-2023.<\/p>\n\n\n\n<p>Welcome back Morad !<\/p>\n\n\n\n<div style=\"height:30px\" aria-hidden=\"true\" class=\"wp-block-spacer\"><\/div>\n\n\n\n<h3 class=\"wp-block-heading\">\u25ba <strong><em><a href=\"https:\/\/www.fcgueugnon.fr\/site\/tag\/mercato-2022\">Retrouvez toute l&rsquo;actu mercato du FCG sur ce lien<\/a><\/em><\/strong><\/h3>\n","protected":false},"excerpt":{"rendered":"<p>En coulisses, l&rsquo;entra\u00eeneur Fabrice Correia et son staff ont travaill\u00e9 pour renforcer l&rsquo;\u00e9quipe actuelle qui sort d&rsquo;une saison tr\u00e8s aboutie en R\u00e9gional 1. Six nouveaux joueurs rejoignent le projet du groupe Espoirs. Isidore Mabwati &#8211; 20 ans &#8211; Attaquant Isidore Mabwati vient de s&rsquo;engager avec le FC Gueugnon. Pass\u00e9 par Lyon Duch\u00e8re, le FC Lyon &#8230; <\/p>\n<p class=\"read-more-container\"><a title=\"[Mercato] Le groupe Espoirs enregistre 7 renforts pour la saison 2022-2023.\" class=\"read-more button\" href=\"https:\/\/www.fcgueugnon.fr\/site\/mercato-le-groupe-espoirs-enregistre-6-renforts-pour-la-saison-2022-2023\/455#more-455\" aria-label=\"Plus sur [Mercato] Le groupe Espoirs enregistre 7 renforts pour la saison 2022-2023.\">Lire la suite<\/a><\/p>\n","protected":false},"author":1,"featured_media":462,"comment_status":"closed","ping_status":"closed","sticky":false,"template":"","format":"standard","meta":{"footnotes":""},"categories":[5,4],"tags":[8,9,10],"class_list":["post-455","post","type-post","status-publish","format-standard","has-post-thumbnail","hentry","category-news-2022-2023","category-news","tag-effectif","tag-mercato-2022","tag-preparation-entrainement","infinite-scroll-item","generate-columns","tablet-grid-50","mobile-grid-100","grid-parent","grid-25","resize-featured-image"],"yoast_head":"<!-- This site is optimized with the Yoast SEO plugin v26.6 - https:\/\/yoast.com\/wordpress\/plugins\/seo\/ -->\n<title>[Mercato] Le groupe Espoirs enregistre 7 renforts pour la saison 2022-2023. &#8226; FOOTBALL CLUB GUEUGNON<\/title>\n<meta name=\"robots\" content=\"index, follow, max-snippet:-1, max-image-preview:large, max-video-preview:-1\" \/>\n<link rel=\"canonical\" href=\"https:\/\/www.fcgueugnon.fr\/site\/mercato-le-groupe-espoirs-enregistre-6-renforts-pour-la-saison-2022-2023\/455\" \/>\n<meta property=\"og:locale\" content=\"fr_FR\" \/>\n<meta property=\"og:type\" content=\"article\" \/>\n<meta property=\"og:title\" content=\"[Mercato] Le groupe Espoirs enregistre 7 renforts pour la saison 2022-2023. &#8226; FOOTBALL CLUB GUEUGNON\" \/>\n<meta property=\"og:description\" content=\"En coulisses, l&rsquo;entra\u00eeneur Fabrice Correia et son staff ont travaill\u00e9 pour renforcer l&rsquo;\u00e9quipe actuelle qui sort d&rsquo;une saison tr\u00e8s aboutie en R\u00e9gional 1. Six nouveaux joueurs rejoignent le projet du groupe Espoirs. Isidore Mabwati &#8211; 20 ans &#8211; Attaquant Isidore Mabwati vient de s&rsquo;engager avec le FC Gueugnon. Pass\u00e9 par Lyon Duch\u00e8re, le FC Lyon ... Lire la suite\" \/>\n<meta property=\"og:url\" content=\"https:\/\/www.fcgueugnon.fr\/site\/mercato-le-groupe-espoirs-enregistre-6-renforts-pour-la-saison-2022-2023\/455\" \/>\n<meta property=\"og:site_name\" content=\"FOOTBALL CLUB GUEUGNON\" \/>\n<meta property=\"article:publisher\" content=\"http:\/\/facebook.com\/FCGueugnon\" \/>\n<meta property=\"article:published_time\" content=\"2022-07-21T16:55:00+00:00\" \/>\n<meta property=\"article:modified_time\" content=\"2022-08-12T20:50:31+00:00\" \/>\n<meta property=\"og:image\" content=\"https:\/\/www.fcgueugnon.fr\/site\/wp-content\/uploads\/2022\/08\/Mercato-espoirs-saison-2022-2023.png\" \/>\n\t<meta property=\"og:image:width\" content=\"1200\" \/>\n\t<meta property=\"og:image:height\" content=\"630\" \/>\n\t<meta property=\"og:image:type\" content=\"image\/png\" \/>\n<meta name=\"author\" content=\"FC Gueugnon\" \/>\n<meta name=\"twitter:card\" content=\"summary_large_image\" \/>\n<meta name=\"twitter:creator\" content=\"@FCGueugnon_off\" \/>\n<meta name=\"twitter:site\" content=\"@FCGueugnon_off\" \/>\n<meta name=\"twitter:label1\" content=\"\u00c9crit par\" \/>\n\t<meta name=\"twitter:data1\" content=\"FC Gueugnon\" \/>\n\t<meta name=\"twitter:label2\" content=\"Dur\u00e9e de lecture estim\u00e9e\" \/>\n\t<meta name=\"twitter:data2\" content=\"5 minutes\" \/>\n<script type=\"application\/ld+json\" class=\"yoast-schema-graph\">{\"@context\":\"https:\/\/schema.org\",\"@graph\":[{\"@type\":\"Article\",\"@id\":\"https:\/\/www.fcgueugnon.fr\/site\/mercato-le-groupe-espoirs-enregistre-6-renforts-pour-la-saison-2022-2023\/455#article\",\"isPartOf\":{\"@id\":\"https:\/\/www.fcgueugnon.fr\/site\/mercato-le-groupe-espoirs-enregistre-6-renforts-pour-la-saison-2022-2023\/455\"},\"author\":{\"name\":\"FC Gueugnon\",\"@id\":\"https:\/\/www.fcgueugnon.fr\/site\/#\/schema\/person\/f6444fbdd35fa731ee974c03508738fb\"},\"headline\":\"[Mercato] Le groupe Espoirs enregistre 7 renforts pour la saison 2022-2023.\",\"datePublished\":\"2022-07-21T16:55:00+00:00\",\"dateModified\":\"2022-08-12T20:50:31+00:00\",\"mainEntityOfPage\":{\"@id\":\"https:\/\/www.fcgueugnon.fr\/site\/mercato-le-groupe-espoirs-enregistre-6-renforts-pour-la-saison-2022-2023\/455\"},\"wordCount\":630,\"publisher\":{\"@id\":\"https:\/\/www.fcgueugnon.fr\/site\/#organization\"},\"image\":{\"@id\":\"https:\/\/www.fcgueugnon.fr\/site\/mercato-le-groupe-espoirs-enregistre-6-renforts-pour-la-saison-2022-2023\/455#primaryimage\"},\"thumbnailUrl\":\"https:\/\/www.fcgueugnon.fr\/site\/wp-content\/uploads\/2022\/08\/Mercato-espoirs-saison-2022-2023.png\",\"keywords\":[\"effectif\",\"Mercato 2022\",\"Pr\u00e9paration - Entrainement\"],\"articleSection\":[\"Archives 2022\/2023\",\"News\"],\"inLanguage\":\"fr-FR\"},{\"@type\":\"WebPage\",\"@id\":\"https:\/\/www.fcgueugnon.fr\/site\/mercato-le-groupe-espoirs-enregistre-6-renforts-pour-la-saison-2022-2023\/455\",\"url\":\"https:\/\/www.fcgueugnon.fr\/site\/mercato-le-groupe-espoirs-enregistre-6-renforts-pour-la-saison-2022-2023\/455\",\"name\":\"[Mercato] Le groupe Espoirs enregistre 7 renforts pour la saison 2022-2023. &#8226; FOOTBALL CLUB GUEUGNON\",\"isPartOf\":{\"@id\":\"https:\/\/www.fcgueugnon.fr\/site\/#website\"},\"primaryImageOfPage\":{\"@id\":\"https:\/\/www.fcgueugnon.fr\/site\/mercato-le-groupe-espoirs-enregistre-6-renforts-pour-la-saison-2022-2023\/455#primaryimage\"},\"image\":{\"@id\":\"https:\/\/www.fcgueugnon.fr\/site\/mercato-le-groupe-espoirs-enregistre-6-renforts-pour-la-saison-2022-2023\/455#primaryimage\"},\"thumbnailUrl\":\"https:\/\/www.fcgueugnon.fr\/site\/wp-content\/uploads\/2022\/08\/Mercato-espoirs-saison-2022-2023.png\",\"datePublished\":\"2022-07-21T16:55:00+00:00\",\"dateModified\":\"2022-08-12T20:50:31+00:00\",\"breadcrumb\":{\"@id\":\"https:\/\/www.fcgueugnon.fr\/site\/mercato-le-groupe-espoirs-enregistre-6-renforts-pour-la-saison-2022-2023\/455#breadcrumb\"},\"inLanguage\":\"fr-FR\",\"potentialAction\":[{\"@type\":\"ReadAction\",\"target\":[\"https:\/\/www.fcgueugnon.fr\/site\/mercato-le-groupe-espoirs-enregistre-6-renforts-pour-la-saison-2022-2023\/455\"]}]},{\"@type\":\"ImageObject\",\"inLanguage\":\"fr-FR\",\"@id\":\"https:\/\/www.fcgueugnon.fr\/site\/mercato-le-groupe-espoirs-enregistre-6-renforts-pour-la-saison-2022-2023\/455#primaryimage\",\"url\":\"https:\/\/www.fcgueugnon.fr\/site\/wp-content\/uploads\/2022\/08\/Mercato-espoirs-saison-2022-2023.png\",\"contentUrl\":\"https:\/\/www.fcgueugnon.fr\/site\/wp-content\/uploads\/2022\/08\/Mercato-espoirs-saison-2022-2023.png\",\"width\":1200,\"height\":630},{\"@type\":\"BreadcrumbList\",\"@id\":\"https:\/\/www.fcgueugnon.fr\/site\/mercato-le-groupe-espoirs-enregistre-6-renforts-pour-la-saison-2022-2023\/455#breadcrumb\",\"itemListElement\":[{\"@type\":\"ListItem\",\"position\":1,\"name\":\"Accueil\",\"item\":\"https:\/\/www.fcgueugnon.fr\/site\/\"},{\"@type\":\"ListItem\",\"position\":2,\"name\":\"[Mercato] Le groupe Espoirs enregistre 7 renforts pour la saison 2022-2023.\"}]},{\"@type\":\"WebSite\",\"@id\":\"https:\/\/www.fcgueugnon.fr\/site\/#website\",\"url\":\"https:\/\/www.fcgueugnon.fr\/site\/\",\"name\":\"FOOTBALL CLUB GUEUGNON\",\"description\":\"Le Site Officiel des Forgerons\",\"publisher\":{\"@id\":\"https:\/\/www.fcgueugnon.fr\/site\/#organization\"},\"potentialAction\":[{\"@type\":\"SearchAction\",\"target\":{\"@type\":\"EntryPoint\",\"urlTemplate\":\"https:\/\/www.fcgueugnon.fr\/site\/?s={search_term_string}\"},\"query-input\":{\"@type\":\"PropertyValueSpecification\",\"valueRequired\":true,\"valueName\":\"search_term_string\"}}],\"inLanguage\":\"fr-FR\"},{\"@type\":\"Organization\",\"@id\":\"https:\/\/www.fcgueugnon.fr\/site\/#organization\",\"name\":\"FC Gueugnon\",\"url\":\"https:\/\/www.fcgueugnon.fr\/site\/\",\"logo\":{\"@type\":\"ImageObject\",\"inLanguage\":\"fr-FR\",\"@id\":\"https:\/\/www.fcgueugnon.fr\/site\/#\/schema\/logo\/image\/\",\"url\":\"https:\/\/www.fcgueugnon.fr\/site\/wp-content\/uploads\/2022\/07\/cropped-Logo-FCGUEUGNON-low-350x350-1.png\",\"contentUrl\":\"https:\/\/www.fcgueugnon.fr\/site\/wp-content\/uploads\/2022\/07\/cropped-Logo-FCGUEUGNON-low-350x350-1.png\",\"width\":350,\"height\":350,\"caption\":\"FC Gueugnon\"},\"image\":{\"@id\":\"https:\/\/www.fcgueugnon.fr\/site\/#\/schema\/logo\/image\/\"},\"sameAs\":[\"http:\/\/facebook.com\/FCGueugnon\",\"https:\/\/x.com\/FCGueugnon_off\",\"https:\/\/www.instagram.com\/fcgueugnon\/\",\"https:\/\/www.linkedin.com\/company\/football-club-de-gueugnon\/\",\"https:\/\/www.youtube.com\/user\/FCGueugnonnais\",\"https:\/\/fr.wikipedia.org\/wiki\/Football_Club_de_Gueugnon\"]},{\"@type\":\"Person\",\"@id\":\"https:\/\/www.fcgueugnon.fr\/site\/#\/schema\/person\/f6444fbdd35fa731ee974c03508738fb\",\"name\":\"FC Gueugnon\",\"sameAs\":[\"https:\/\/www.fcgueugnon.fr\/site\"],\"url\":\"https:\/\/www.fcgueugnon.fr\/site\/author\/admin-antho\"}]}<\/script>\n<!-- \/ Yoast SEO plugin. -->","yoast_head_json":{"title":"[Mercato] Le groupe Espoirs enregistre 7 renforts pour la saison 2022-2023. &#8226; FOOTBALL CLUB GUEUGNON","robots":{"index":"index","follow":"follow","max-snippet":"max-snippet:-1","max-image-preview":"max-image-preview:large","max-video-preview":"max-video-preview:-1"},"canonical":"https:\/\/www.fcgueugnon.fr\/site\/mercato-le-groupe-espoirs-enregistre-6-renforts-pour-la-saison-2022-2023\/455","og_locale":"fr_FR","og_type":"article","og_title":"[Mercato] Le groupe Espoirs enregistre 7 renforts pour la saison 2022-2023. &#8226; FOOTBALL CLUB GUEUGNON","og_description":"En coulisses, l&rsquo;entra\u00eeneur Fabrice Correia et son staff ont travaill\u00e9 pour renforcer l&rsquo;\u00e9quipe actuelle qui sort d&rsquo;une saison tr\u00e8s aboutie en R\u00e9gional 1. Six nouveaux joueurs rejoignent le projet du groupe Espoirs. Isidore Mabwati &#8211; 20 ans &#8211; Attaquant Isidore Mabwati vient de s&rsquo;engager avec le FC Gueugnon. Pass\u00e9 par Lyon Duch\u00e8re, le FC Lyon ... Lire la suite","og_url":"https:\/\/www.fcgueugnon.fr\/site\/mercato-le-groupe-espoirs-enregistre-6-renforts-pour-la-saison-2022-2023\/455","og_site_name":"FOOTBALL CLUB GUEUGNON","article_publisher":"http:\/\/facebook.com\/FCGueugnon","article_published_time":"2022-07-21T16:55:00+00:00","article_modified_time":"2022-08-12T20:50:31+00:00","og_image":[{"width":1200,"height":630,"url":"https:\/\/www.fcgueugnon.fr\/site\/wp-content\/uploads\/2022\/08\/Mercato-espoirs-saison-2022-2023.png","type":"image\/png"}],"author":"FC Gueugnon","twitter_card":"summary_large_image","twitter_creator":"@FCGueugnon_off","twitter_site":"@FCGueugnon_off","twitter_misc":{"\u00c9crit par":"FC Gueugnon","Dur\u00e9e de lecture estim\u00e9e":"5 minutes"},"schema":{"@context":"https:\/\/schema.org","@graph":[{"@type":"Article","@id":"https:\/\/www.fcgueugnon.fr\/site\/mercato-le-groupe-espoirs-enregistre-6-renforts-pour-la-saison-2022-2023\/455#article","isPartOf":{"@id":"https:\/\/www.fcgueugnon.fr\/site\/mercato-le-groupe-espoirs-enregistre-6-renforts-pour-la-saison-2022-2023\/455"},"author":{"name":"FC Gueugnon","@id":"https:\/\/www.fcgueugnon.fr\/site\/#\/schema\/person\/f6444fbdd35fa731ee974c03508738fb"},"headline":"[Mercato] Le groupe Espoirs enregistre 7 renforts pour la saison 2022-2023.","datePublished":"2022-07-21T16:55:00+00:00","dateModified":"2022-08-12T20:50:31+00:00","mainEntityOfPage":{"@id":"https:\/\/www.fcgueugnon.fr\/site\/mercato-le-groupe-espoirs-enregistre-6-renforts-pour-la-saison-2022-2023\/455"},"wordCount":630,"publisher":{"@id":"https:\/\/www.fcgueugnon.fr\/site\/#organization"},"image":{"@id":"https:\/\/www.fcgueugnon.fr\/site\/mercato-le-groupe-espoirs-enregistre-6-renforts-pour-la-saison-2022-2023\/455#primaryimage"},"thumbnailUrl":"https:\/\/www.fcgueugnon.fr\/site\/wp-content\/uploads\/2022\/08\/Mercato-espoirs-saison-2022-2023.png","keywords":["effectif","Mercato 2022","Pr\u00e9paration - Entrainement"],"articleSection":["Archives 2022\/2023","News"],"inLanguage":"fr-FR"},{"@type":"WebPage","@id":"https:\/\/www.fcgueugnon.fr\/site\/mercato-le-groupe-espoirs-enregistre-6-renforts-pour-la-saison-2022-2023\/455","url":"https:\/\/www.fcgueugnon.fr\/site\/mercato-le-groupe-espoirs-enregistre-6-renforts-pour-la-saison-2022-2023\/455","name":"[Mercato] Le groupe Espoirs enregistre 7 renforts pour la saison 2022-2023. &#8226; FOOTBALL CLUB GUEUGNON","isPartOf":{"@id":"https:\/\/www.fcgueugnon.fr\/site\/#website"},"primaryImageOfPage":{"@id":"https:\/\/www.fcgueugnon.fr\/site\/mercato-le-groupe-espoirs-enregistre-6-renforts-pour-la-saison-2022-2023\/455#primaryimage"},"image":{"@id":"https:\/\/www.fcgueugnon.fr\/site\/mercato-le-groupe-espoirs-enregistre-6-renforts-pour-la-saison-2022-2023\/455#primaryimage"},"thumbnailUrl":"https:\/\/www.fcgueugnon.fr\/site\/wp-content\/uploads\/2022\/08\/Mercato-espoirs-saison-2022-2023.png","datePublished":"2022-07-21T16:55:00+00:00","dateModified":"2022-08-12T20:50:31+00:00","breadcrumb":{"@id":"https:\/\/www.fcgueugnon.fr\/site\/mercato-le-groupe-espoirs-enregistre-6-renforts-pour-la-saison-2022-2023\/455#breadcrumb"},"inLanguage":"fr-FR","potentialAction":[{"@type":"ReadAction","target":["https:\/\/www.fcgueugnon.fr\/site\/mercato-le-groupe-espoirs-enregistre-6-renforts-pour-la-saison-2022-2023\/455"]}]},{"@type":"ImageObject","inLanguage":"fr-FR","@id":"https:\/\/www.fcgueugnon.fr\/site\/mercato-le-groupe-espoirs-enregistre-6-renforts-pour-la-saison-2022-2023\/455#primaryimage","url":"https:\/\/www.fcgueugnon.fr\/site\/wp-content\/uploads\/2022\/08\/Mercato-espoirs-saison-2022-2023.png","contentUrl":"https:\/\/www.fcgueugnon.fr\/site\/wp-content\/uploads\/2022\/08\/Mercato-espoirs-saison-2022-2023.png","width":1200,"height":630},{"@type":"BreadcrumbList","@id":"https:\/\/www.fcgueugnon.fr\/site\/mercato-le-groupe-espoirs-enregistre-6-renforts-pour-la-saison-2022-2023\/455#breadcrumb","itemListElement":[{"@type":"ListItem","position":1,"name":"Accueil","item":"https:\/\/www.fcgueugnon.fr\/site\/"},{"@type":"ListItem","position":2,"name":"[Mercato] Le groupe Espoirs enregistre 7 renforts pour la saison 2022-2023."}]},{"@type":"WebSite","@id":"https:\/\/www.fcgueugnon.fr\/site\/#website","url":"https:\/\/www.fcgueugnon.fr\/site\/","name":"FOOTBALL CLUB GUEUGNON","description":"Le Site Officiel des Forgerons","publisher":{"@id":"https:\/\/www.fcgueugnon.fr\/site\/#organization"},"potentialAction":[{"@type":"SearchAction","target":{"@type":"EntryPoint","urlTemplate":"https:\/\/www.fcgueugnon.fr\/site\/?s={search_term_string}"},"query-input":{"@type":"PropertyValueSpecification","valueRequired":true,"valueName":"search_term_string"}}],"inLanguage":"fr-FR"},{"@type":"Organization","@id":"https:\/\/www.fcgueugnon.fr\/site\/#organization","name":"FC Gueugnon","url":"https:\/\/www.fcgueugnon.fr\/site\/","logo":{"@type":"ImageObject","inLanguage":"fr-FR","@id":"https:\/\/www.fcgueugnon.fr\/site\/#\/schema\/logo\/image\/","url":"https:\/\/www.fcgueugnon.fr\/site\/wp-content\/uploads\/2022\/07\/cropped-Logo-FCGUEUGNON-low-350x350-1.png","contentUrl":"https:\/\/www.fcgueugnon.fr\/site\/wp-content\/uploads\/2022\/07\/cropped-Logo-FCGUEUGNON-low-350x350-1.png","width":350,"height":350,"caption":"FC Gueugnon"},"image":{"@id":"https:\/\/www.fcgueugnon.fr\/site\/#\/schema\/logo\/image\/"},"sameAs":["http:\/\/facebook.com\/FCGueugnon","https:\/\/x.com\/FCGueugnon_off","https:\/\/www.instagram.com\/fcgueugnon\/","https:\/\/www.linkedin.com\/company\/football-club-de-gueugnon\/","https:\/\/www.youtube.com\/user\/FCGueugnonnais","https:\/\/fr.wikipedia.org\/wiki\/Football_Club_de_Gueugnon"]},{"@type":"Person","@id":"https:\/\/www.fcgueugnon.fr\/site\/#\/schema\/person\/f6444fbdd35fa731ee974c03508738fb","name":"FC Gueugnon","sameAs":["https:\/\/www.fcgueugnon.fr\/site"],"url":"https:\/\/www.fcgueugnon.fr\/site\/author\/admin-antho"}]}},"rttpg_featured_image_url":{"full":["https:\/\/www.fcgueugnon.fr\/site\/wp-content\/uploads\/2022\/08\/Mercato-espoirs-saison-2022-2023.png",1200,630,false],"landscape":["https:\/\/www.fcgueugnon.fr\/site\/wp-content\/uploads\/2022\/08\/Mercato-espoirs-saison-2022-2023.png",1200,630,false],"portraits":["https:\/\/www.fcgueugnon.fr\/site\/wp-content\/uploads\/2022\/08\/Mercato-espoirs-saison-2022-2023.png",1200,630,false],"thumbnail":["https:\/\/www.fcgueugnon.fr\/site\/wp-content\/uploads\/2022\/08\/Mercato-espoirs-saison-2022-2023-150x150.png",150,150,true],"medium":["https:\/\/www.fcgueugnon.fr\/site\/wp-content\/uploads\/2022\/08\/Mercato-espoirs-saison-2022-2023-400x210.png",400,210,true],"large":["https:\/\/www.fcgueugnon.fr\/site\/wp-content\/uploads\/2022\/08\/Mercato-espoirs-saison-2022-2023-1024x538.png",1024,538,true],"1536x1536":["https:\/\/www.fcgueugnon.fr\/site\/wp-content\/uploads\/2022\/08\/Mercato-espoirs-saison-2022-2023.png",1200,630,false],"2048x2048":["https:\/\/www.fcgueugnon.fr\/site\/wp-content\/uploads\/2022\/08\/Mercato-espoirs-saison-2022-2023.png",1200,630,false]},"rttpg_author":{"display_name":"FC Gueugnon","author_link":"https:\/\/www.fcgueugnon.fr\/site\/author\/admin-antho"},"rttpg_comment":0,"rttpg_category":"<a href=\"https:\/\/www.fcgueugnon.fr\/site\/category\/news\/news-2022-2023\" rel=\"category tag\">Archives 2022\/2023<\/a> <a href=\"https:\/\/www.fcgueugnon.fr\/site\/category\/news\" rel=\"category tag\">News<\/a>","rttpg_excerpt":"En coulisses, l&rsquo;entra\u00eeneur Fabrice Correia et son staff ont travaill\u00e9 pour renforcer l&rsquo;\u00e9quipe actuelle qui sort d&rsquo;une saison tr\u00e8s aboutie en R\u00e9gional 1. Six nouveaux joueurs rejoignent le projet du groupe Espoirs. Isidore Mabwati &#8211; 20 ans &#8211; Attaquant Isidore Mabwati vient de s&rsquo;engager avec le FC Gueugnon. Pass\u00e9 par Lyon Duch\u00e8re, le FC Lyon\u2026","_links":{"self":[{"href":"https:\/\/www.fcgueugnon.fr\/site\/wp-json\/wp\/v2\/posts\/455","targetHints":{"allow":["GET"]}}],"collection":[{"href":"https:\/\/www.fcgueugnon.fr\/site\/wp-json\/wp\/v2\/posts"}],"about":[{"href":"https:\/\/www.fcgueugnon.fr\/site\/wp-json\/wp\/v2\/types\/post"}],"author":[{"embeddable":true,"href":"https:\/\/www.fcgueugnon.fr\/site\/wp-json\/wp\/v2\/users\/1"}],"replies":[{"embeddable":true,"href":"https:\/\/www.fcgueugnon.fr\/site\/wp-json\/wp\/v2\/comments?post=455"}],"version-history":[{"count":2,"href":"https:\/\/www.fcgueugnon.fr\/site\/wp-json\/wp\/v2\/posts\/455\/revisions"}],"predecessor-version":[{"id":544,"href":"https:\/\/www.fcgueugnon.fr\/site\/wp-json\/wp\/v2\/posts\/455\/revisions\/544"}],"wp:featuredmedia":[{"embeddable":true,"href":"https:\/\/www.fcgueugnon.fr\/site\/wp-json\/wp\/v2\/media\/462"}],"wp:attachment":[{"href":"https:\/\/www.fcgueugnon.fr\/site\/wp-json\/wp\/v2\/media?parent=455"}],"wp:term":[{"taxonomy":"category","embeddable":true,"href":"https:\/\/www.fcgueugnon.fr\/site\/wp-json\/wp\/v2\/categories?post=455"},{"taxonomy":"post_tag","embeddable":true,"href":"https:\/\/www.fcgueugnon.fr\/site\/wp-json\/wp\/v2\/tags?post=455"}],"curies":[{"name":"wp","href":"https:\/\/api.w.org\/{rel}","templated":true}]}}