{"id":4490,"date":"2023-05-11T11:03:33","date_gmt":"2023-05-11T09:03:33","guid":{"rendered":"https:\/\/www.fcgueugnon.fr\/site\/?p=4490"},"modified":"2023-05-13T13:14:37","modified_gmt":"2023-05-13T11:14:37","slug":"agenda-week-end-du-13-et-14-mai-2023","status":"publish","type":"post","link":"https:\/\/www.fcgueugnon.fr\/site\/agenda-week-end-du-13-et-14-mai-2023\/4490","title":{"rendered":"[Agenda] Week-end du 13 et 14 Mai 2023"},"content":{"rendered":"\n<h2 class=\"wp-block-heading\">Au programme de nos forgerons ce week-end :<\/h2>\n\n\n\n<div style=\"height:35px\" aria-hidden=\"true\" class=\"wp-block-spacer\"><\/div>\n\n\n\n<h3 class=\"wp-block-heading blue-underline-title\">S\u00e9niors<\/h3>\n\n\n\n<p><em>Groupe N3<\/em><em> \u2013<\/em><em> J24<\/em><br>Samedi 13\/05 \u2013 18h00<br><strong>FC Morteau Montlebon \/ <\/strong><strong>FC Gueugnon<\/strong><strong><\/strong><\/p>\n\n\n\n<p><em>Groupe Espoirs <\/em><em>\u2013<\/em><em> R1 J20<\/em><br>DImanche 14\/05 \u2013 15h00<br><strong>Is Selongey B \/ <\/strong><strong>FC Gueugnon<\/strong><strong><\/strong><\/p>\n\n\n\n<div style=\"height:35px\" aria-hidden=\"true\" class=\"wp-block-spacer\"><\/div>\n\n\n\n<h3 class=\"wp-block-heading blue-underline-title\">Sport E.Leclerc Acad\u00e9mie<\/h3>\n\n\n\n<p><em>U18 R1<\/em><em> \u2013<\/em><em> J19<\/em><br>Dimanche 14\/05 \u2013 12h30<br><strong>US Saint Vit \/ <\/strong><strong>FC Gueugnon<\/strong><strong><\/strong><\/p>\n\n\n\n<p><em>U16 R1<\/em><em> \u2013<\/em><em> J19<\/em><br>Dimanche 14\/05 \u2013 13h00<br><strong>FC Morteau Montlebon \/ FC Gueugnon<\/strong><strong><\/strong><\/p>\n\n\n\n<p><em>U15 R1<\/em><em> \u2013<\/em><em> J08<\/em><br>Samedi 13\/05 \u2013 15h00<br><strong>FC Gueugnon \/ FC Louhans Cuiseaux<\/strong><strong><\/strong><\/p>\n\n\n\n<p><em>U15F D1<\/em><em> \u2013<\/em><em> J08<\/em><br>Samedi 13\/05 \u2013 10h00<br><strong>FC Gueugnon \/ US Blanzy<\/strong><strong><\/strong><\/p>\n\n\n\n<p><em>U14 R1<\/em><em> \u2013<\/em><em> J08<\/em><br>Samedi 13\/05 \u2013 15h00<br><strong>FC Nevers Banlay \/ FC Gueugnon<\/strong><strong><\/strong><\/p>\n\n\n\n<p><em>U12 D1 <\/em><em>&nbsp;\u2013<\/em><em> J07<\/em><br>Mercredi 10\/05 \u2013 14h00<br><strong>GJ GSF M\u00e2con \/ FC Gueugnon<\/strong><em><\/em><\/p>\n\n\n\n<p><em>U11 <\/em><em>\u2013<\/em><em> Niveau 1<\/em><br>Samedi 13\/05 \u2013 10h30<br><strong>FC Montceau Bourgogne \/ FC Gueugnon<\/strong><strong><\/strong><\/p>\n\n\n\n<p><em>U11 <\/em><em>\u2013<\/em><em> Niveau 2<\/em><br>Samedi 13\/05 \u2013 13h30<br><strong>ESA Le Breuil \/ FC Gueugnon <\/strong><strong><\/strong><\/p>\n\n\n\n<p><em>U11 <\/em><em>\u2013<\/em><em> Niveau 3<\/em><br>Samedi 13\/05 \u2013 10h30<br><strong>FC Gueugnon \/ Sud Foot 71<\/strong><strong><\/strong><\/p>\n\n\n\n<p><em>U08 &#8211; U09<\/em><br>Samedi 13\/05 \u2013 10h30<br><strong>Festi-foot \u00e0 Gueugnon<\/strong><strong><\/strong><\/p>\n\n\n\n<p><em>U08F &#8211; U09F<\/em><br>Samedi 13\/05 \u2013 10h30<br><strong>Festi-foot \u00e0 Gueugnon<\/strong><\/p>\n\n\n\n<p><em>U06 &#8211; U07<\/em><br>Samedi 13\/05\u2013 10h30<br><strong>Festi-foot \u00e0 Palinges<\/strong><\/p>\n\n\n\n<div style=\"height:80px\" aria-hidden=\"true\" class=\"wp-block-spacer mb-0\"><\/div>\n\n\n\n<h3 class=\"wp-block-heading blue-underline-title\">Arbitres<\/h3>\n\n\n\n<p><strong>Christophe AUBEL <\/strong>\u2013 Dimanche 14\/05<br>ASL Lux \/ AS La Chapelle de Guinchay B<br>Coupe Sport Comm<\/p>\n\n\n\n<p><strong>Th\u00e9o GABE <\/strong>\u2013 Dimanche 14\/05<br>USSC Sennecy-le-Grand C \/ AS Neuvy-Grandchamp B<br>Coupe D\u00e9partementale<\/p>\n\n\n\n<div style=\"height:35px\" aria-hidden=\"true\" class=\"wp-block-spacer\"><\/div>\n\n\n\n<h3 class=\"wp-block-heading blue-underline-title\">eSport<\/h3>\n\n\n\n<h3 class=\"wp-block-heading\"><strong>FIFA23 Club Pro<\/strong><\/h3>\n\n\n\n<p><em>Final eSport Football League (EFL) \u2013 1\/4 de finale playdown<\/em><br>Mardi 02\/05&nbsp;\u2013 22h00<br><strong>FC Gueugnon eSport \/ MTLK eFoot<\/strong><\/p>\n\n\n\n<div style=\"height:30px\" aria-hidden=\"true\" class=\"wp-block-spacer\"><\/div>\n\n\n\n<h3 class=\"wp-block-heading\"><strong>FIFA23 Ultimate Team<\/strong><\/h3>\n\n\n\n<p><strong>Zeyrox<\/strong><br><em>Ultimate Football League &#8211; L1<\/em><br>J13\u00a0contre Alds8_<\/p>\n\n\n\n<p><strong>Yzaki<\/strong><br><em>Ultimate Football League &#8211; L2<\/em><br>J13\u00a0contre XBlaster<\/p>\n\n\n\n<p><strong>Cocorr<\/strong><br><em>Ultimate Football League &#8211; L1<\/em><br>J13\u00a0contre Kaloux10<\/p>\n\n\n\n<p><em>Suivez toute l\u2019actualit\u00e9 de la section eSport du FCG sur&nbsp;<a href=\"http:\/\/twitter.com\/gueugnon_esport\/\" target=\"_blank\" rel=\"noreferrer noopener\">Twitter<\/a>&nbsp;et&nbsp;<a href=\"http:\/\/twitch.tv\/fcgesport\/\" target=\"_blank\" rel=\"noreferrer noopener\">Twitch<\/a><\/em><\/p>\n\n\n\n<div style=\"height:100px\" aria-hidden=\"true\" class=\"wp-block-spacer mb-0\"><\/div>\n\n\n\n<h1 class=\"wp-block-heading has-text-align-center\">#ForgeronFamily<\/h1>\n","protected":false},"excerpt":{"rendered":"<p>Au programme de nos forgerons ce week-end : S\u00e9niors Groupe N3 \u2013 J24Samedi 13\/05 \u2013 18h00FC Morteau Montlebon \/ FC Gueugnon Groupe Espoirs \u2013 R1 J20DImanche 14\/05 \u2013 15h00Is Selongey B \/ FC Gueugnon Sport E.Leclerc Acad\u00e9mie U18 R1 \u2013 J19Dimanche 14\/05 \u2013 12h30US Saint Vit \/ FC Gueugnon U16 R1 \u2013 J19Dimanche 14\/05 \u2013 &#8230; <\/p>\n<p class=\"read-more-container\"><a title=\"[Agenda] Week-end du 13 et 14 Mai 2023\" class=\"read-more button\" href=\"https:\/\/www.fcgueugnon.fr\/site\/agenda-week-end-du-13-et-14-mai-2023\/4490#more-4490\" aria-label=\"Plus sur [Agenda] Week-end du 13 et 14 Mai 2023\">Lire la suite<\/a><\/p>\n","protected":false},"author":3,"featured_media":1107,"comment_status":"closed","ping_status":"closed","sticky":false,"template":"","format":"standard","meta":{"footnotes":""},"categories":[5,4],"tags":[33,14],"class_list":["post-4490","post","type-post","status-publish","format-standard","has-post-thumbnail","hentry","category-news-2022-2023","category-news","tag-agenda","tag-sport-e-leclerc-academie-jeunes-formation","infinite-scroll-item","generate-columns","tablet-grid-50","mobile-grid-100","grid-parent","grid-25","resize-featured-image"],"yoast_head":"<!-- This site is optimized with the Yoast SEO plugin v26.6 - https:\/\/yoast.com\/wordpress\/plugins\/seo\/ -->\n<title>[Agenda] Week-end du 13 et 14 Mai 2023 &#8226; FOOTBALL CLUB GUEUGNON<\/title>\n<meta name=\"robots\" content=\"index, follow, max-snippet:-1, max-image-preview:large, max-video-preview:-1\" \/>\n<link rel=\"canonical\" href=\"https:\/\/www.fcgueugnon.fr\/site\/agenda-week-end-du-13-et-14-mai-2023\/4490\" \/>\n<meta property=\"og:locale\" content=\"fr_FR\" \/>\n<meta property=\"og:type\" content=\"article\" \/>\n<meta property=\"og:title\" content=\"[Agenda] Week-end du 13 et 14 Mai 2023 &#8226; FOOTBALL CLUB GUEUGNON\" \/>\n<meta property=\"og:description\" content=\"Au programme de nos forgerons ce week-end : S\u00e9niors Groupe N3 \u2013 J24Samedi 13\/05 \u2013 18h00FC Morteau Montlebon \/ FC Gueugnon Groupe Espoirs \u2013 R1 J20DImanche 14\/05 \u2013 15h00Is Selongey B \/ FC Gueugnon Sport E.Leclerc Acad\u00e9mie U18 R1 \u2013 J19Dimanche 14\/05 \u2013 12h30US Saint Vit \/ FC Gueugnon U16 R1 \u2013 J19Dimanche 14\/05 \u2013 ... Lire la suite\" \/>\n<meta property=\"og:url\" content=\"https:\/\/www.fcgueugnon.fr\/site\/agenda-week-end-du-13-et-14-mai-2023\/4490\" \/>\n<meta property=\"og:site_name\" content=\"FOOTBALL CLUB GUEUGNON\" \/>\n<meta property=\"article:publisher\" content=\"http:\/\/facebook.com\/FCGueugnon\" \/>\n<meta property=\"article:published_time\" content=\"2023-05-11T09:03:33+00:00\" \/>\n<meta property=\"article:modified_time\" content=\"2023-05-13T11:14:37+00:00\" \/>\n<meta property=\"og:image\" content=\"https:\/\/www.fcgueugnon.fr\/site\/wp-content\/uploads\/2022\/09\/MicrosoftTeams-image.png\" \/>\n\t<meta property=\"og:image:width\" content=\"1920\" \/>\n\t<meta property=\"og:image:height\" content=\"1080\" \/>\n\t<meta property=\"og:image:type\" content=\"image\/png\" \/>\n<meta name=\"author\" content=\"FC Gueugnon\" \/>\n<meta name=\"twitter:card\" content=\"summary_large_image\" \/>\n<meta name=\"twitter:creator\" content=\"@FCGueugnon_off\" \/>\n<meta name=\"twitter:site\" content=\"@FCGueugnon_off\" \/>\n<meta name=\"twitter:label1\" content=\"\u00c9crit par\" \/>\n\t<meta name=\"twitter:data1\" content=\"FC Gueugnon\" \/>\n\t<meta name=\"twitter:label2\" content=\"Dur\u00e9e de lecture estim\u00e9e\" \/>\n\t<meta name=\"twitter:data2\" content=\"2 minutes\" \/>\n<script type=\"application\/ld+json\" class=\"yoast-schema-graph\">{\"@context\":\"https:\/\/schema.org\",\"@graph\":[{\"@type\":\"Article\",\"@id\":\"https:\/\/www.fcgueugnon.fr\/site\/agenda-week-end-du-13-et-14-mai-2023\/4490#article\",\"isPartOf\":{\"@id\":\"https:\/\/www.fcgueugnon.fr\/site\/agenda-week-end-du-13-et-14-mai-2023\/4490\"},\"author\":{\"name\":\"FC Gueugnon\",\"@id\":\"https:\/\/www.fcgueugnon.fr\/site\/#\/schema\/person\/829630bfb5d6f3ebe4d296b75687c01a\"},\"headline\":\"[Agenda] Week-end du 13 et 14 Mai 2023\",\"datePublished\":\"2023-05-11T09:03:33+00:00\",\"dateModified\":\"2023-05-13T11:14:37+00:00\",\"mainEntityOfPage\":{\"@id\":\"https:\/\/www.fcgueugnon.fr\/site\/agenda-week-end-du-13-et-14-mai-2023\/4490\"},\"wordCount\":245,\"publisher\":{\"@id\":\"https:\/\/www.fcgueugnon.fr\/site\/#organization\"},\"image\":{\"@id\":\"https:\/\/www.fcgueugnon.fr\/site\/agenda-week-end-du-13-et-14-mai-2023\/4490#primaryimage\"},\"thumbnailUrl\":\"https:\/\/www.fcgueugnon.fr\/site\/wp-content\/uploads\/2022\/09\/MicrosoftTeams-image.png\",\"keywords\":[\"Agenda\",\"Sport E.Leclerc Acad\u00e9mie : Jeunes \/ Formation\"],\"articleSection\":[\"Archives 2022\/2023\",\"News\"],\"inLanguage\":\"fr-FR\"},{\"@type\":\"WebPage\",\"@id\":\"https:\/\/www.fcgueugnon.fr\/site\/agenda-week-end-du-13-et-14-mai-2023\/4490\",\"url\":\"https:\/\/www.fcgueugnon.fr\/site\/agenda-week-end-du-13-et-14-mai-2023\/4490\",\"name\":\"[Agenda] Week-end du 13 et 14 Mai 2023 &#8226; FOOTBALL CLUB GUEUGNON\",\"isPartOf\":{\"@id\":\"https:\/\/www.fcgueugnon.fr\/site\/#website\"},\"primaryImageOfPage\":{\"@id\":\"https:\/\/www.fcgueugnon.fr\/site\/agenda-week-end-du-13-et-14-mai-2023\/4490#primaryimage\"},\"image\":{\"@id\":\"https:\/\/www.fcgueugnon.fr\/site\/agenda-week-end-du-13-et-14-mai-2023\/4490#primaryimage\"},\"thumbnailUrl\":\"https:\/\/www.fcgueugnon.fr\/site\/wp-content\/uploads\/2022\/09\/MicrosoftTeams-image.png\",\"datePublished\":\"2023-05-11T09:03:33+00:00\",\"dateModified\":\"2023-05-13T11:14:37+00:00\",\"breadcrumb\":{\"@id\":\"https:\/\/www.fcgueugnon.fr\/site\/agenda-week-end-du-13-et-14-mai-2023\/4490#breadcrumb\"},\"inLanguage\":\"fr-FR\",\"potentialAction\":[{\"@type\":\"ReadAction\",\"target\":[\"https:\/\/www.fcgueugnon.fr\/site\/agenda-week-end-du-13-et-14-mai-2023\/4490\"]}]},{\"@type\":\"ImageObject\",\"inLanguage\":\"fr-FR\",\"@id\":\"https:\/\/www.fcgueugnon.fr\/site\/agenda-week-end-du-13-et-14-mai-2023\/4490#primaryimage\",\"url\":\"https:\/\/www.fcgueugnon.fr\/site\/wp-content\/uploads\/2022\/09\/MicrosoftTeams-image.png\",\"contentUrl\":\"https:\/\/www.fcgueugnon.fr\/site\/wp-content\/uploads\/2022\/09\/MicrosoftTeams-image.png\",\"width\":1920,\"height\":1080},{\"@type\":\"BreadcrumbList\",\"@id\":\"https:\/\/www.fcgueugnon.fr\/site\/agenda-week-end-du-13-et-14-mai-2023\/4490#breadcrumb\",\"itemListElement\":[{\"@type\":\"ListItem\",\"position\":1,\"name\":\"Accueil\",\"item\":\"https:\/\/www.fcgueugnon.fr\/site\/\"},{\"@type\":\"ListItem\",\"position\":2,\"name\":\"[Agenda] Week-end du 13 et 14 Mai 2023\"}]},{\"@type\":\"WebSite\",\"@id\":\"https:\/\/www.fcgueugnon.fr\/site\/#website\",\"url\":\"https:\/\/www.fcgueugnon.fr\/site\/\",\"name\":\"FOOTBALL CLUB GUEUGNON\",\"description\":\"Le Site Officiel des Forgerons\",\"publisher\":{\"@id\":\"https:\/\/www.fcgueugnon.fr\/site\/#organization\"},\"potentialAction\":[{\"@type\":\"SearchAction\",\"target\":{\"@type\":\"EntryPoint\",\"urlTemplate\":\"https:\/\/www.fcgueugnon.fr\/site\/?s={search_term_string}\"},\"query-input\":{\"@type\":\"PropertyValueSpecification\",\"valueRequired\":true,\"valueName\":\"search_term_string\"}}],\"inLanguage\":\"fr-FR\"},{\"@type\":\"Organization\",\"@id\":\"https:\/\/www.fcgueugnon.fr\/site\/#organization\",\"name\":\"FC Gueugnon\",\"url\":\"https:\/\/www.fcgueugnon.fr\/site\/\",\"logo\":{\"@type\":\"ImageObject\",\"inLanguage\":\"fr-FR\",\"@id\":\"https:\/\/www.fcgueugnon.fr\/site\/#\/schema\/logo\/image\/\",\"url\":\"https:\/\/www.fcgueugnon.fr\/site\/wp-content\/uploads\/2022\/07\/cropped-Logo-FCGUEUGNON-low-350x350-1.png\",\"contentUrl\":\"https:\/\/www.fcgueugnon.fr\/site\/wp-content\/uploads\/2022\/07\/cropped-Logo-FCGUEUGNON-low-350x350-1.png\",\"width\":350,\"height\":350,\"caption\":\"FC Gueugnon\"},\"image\":{\"@id\":\"https:\/\/www.fcgueugnon.fr\/site\/#\/schema\/logo\/image\/\"},\"sameAs\":[\"http:\/\/facebook.com\/FCGueugnon\",\"https:\/\/x.com\/FCGueugnon_off\",\"https:\/\/www.instagram.com\/fcgueugnon\/\",\"https:\/\/www.linkedin.com\/company\/football-club-de-gueugnon\/\",\"https:\/\/www.youtube.com\/user\/FCGueugnonnais\",\"https:\/\/fr.wikipedia.org\/wiki\/Football_Club_de_Gueugnon\"]},{\"@type\":\"Person\",\"@id\":\"https:\/\/www.fcgueugnon.fr\/site\/#\/schema\/person\/829630bfb5d6f3ebe4d296b75687c01a\",\"name\":\"FC Gueugnon\",\"url\":\"https:\/\/www.fcgueugnon.fr\/site\/author\/g-avin1\"}]}<\/script>\n<!-- \/ Yoast SEO plugin. -->","yoast_head_json":{"title":"[Agenda] Week-end du 13 et 14 Mai 2023 &#8226; FOOTBALL CLUB GUEUGNON","robots":{"index":"index","follow":"follow","max-snippet":"max-snippet:-1","max-image-preview":"max-image-preview:large","max-video-preview":"max-video-preview:-1"},"canonical":"https:\/\/www.fcgueugnon.fr\/site\/agenda-week-end-du-13-et-14-mai-2023\/4490","og_locale":"fr_FR","og_type":"article","og_title":"[Agenda] Week-end du 13 et 14 Mai 2023 &#8226; FOOTBALL CLUB GUEUGNON","og_description":"Au programme de nos forgerons ce week-end : S\u00e9niors Groupe N3 \u2013 J24Samedi 13\/05 \u2013 18h00FC Morteau Montlebon \/ FC Gueugnon Groupe Espoirs \u2013 R1 J20DImanche 14\/05 \u2013 15h00Is Selongey B \/ FC Gueugnon Sport E.Leclerc Acad\u00e9mie U18 R1 \u2013 J19Dimanche 14\/05 \u2013 12h30US Saint Vit \/ FC Gueugnon U16 R1 \u2013 J19Dimanche 14\/05 \u2013 ... Lire la suite","og_url":"https:\/\/www.fcgueugnon.fr\/site\/agenda-week-end-du-13-et-14-mai-2023\/4490","og_site_name":"FOOTBALL CLUB GUEUGNON","article_publisher":"http:\/\/facebook.com\/FCGueugnon","article_published_time":"2023-05-11T09:03:33+00:00","article_modified_time":"2023-05-13T11:14:37+00:00","og_image":[{"width":1920,"height":1080,"url":"https:\/\/www.fcgueugnon.fr\/site\/wp-content\/uploads\/2022\/09\/MicrosoftTeams-image.png","type":"image\/png"}],"author":"FC Gueugnon","twitter_card":"summary_large_image","twitter_creator":"@FCGueugnon_off","twitter_site":"@FCGueugnon_off","twitter_misc":{"\u00c9crit par":"FC Gueugnon","Dur\u00e9e de lecture estim\u00e9e":"2 minutes"},"schema":{"@context":"https:\/\/schema.org","@graph":[{"@type":"Article","@id":"https:\/\/www.fcgueugnon.fr\/site\/agenda-week-end-du-13-et-14-mai-2023\/4490#article","isPartOf":{"@id":"https:\/\/www.fcgueugnon.fr\/site\/agenda-week-end-du-13-et-14-mai-2023\/4490"},"author":{"name":"FC Gueugnon","@id":"https:\/\/www.fcgueugnon.fr\/site\/#\/schema\/person\/829630bfb5d6f3ebe4d296b75687c01a"},"headline":"[Agenda] Week-end du 13 et 14 Mai 2023","datePublished":"2023-05-11T09:03:33+00:00","dateModified":"2023-05-13T11:14:37+00:00","mainEntityOfPage":{"@id":"https:\/\/www.fcgueugnon.fr\/site\/agenda-week-end-du-13-et-14-mai-2023\/4490"},"wordCount":245,"publisher":{"@id":"https:\/\/www.fcgueugnon.fr\/site\/#organization"},"image":{"@id":"https:\/\/www.fcgueugnon.fr\/site\/agenda-week-end-du-13-et-14-mai-2023\/4490#primaryimage"},"thumbnailUrl":"https:\/\/www.fcgueugnon.fr\/site\/wp-content\/uploads\/2022\/09\/MicrosoftTeams-image.png","keywords":["Agenda","Sport E.Leclerc Acad\u00e9mie : Jeunes \/ Formation"],"articleSection":["Archives 2022\/2023","News"],"inLanguage":"fr-FR"},{"@type":"WebPage","@id":"https:\/\/www.fcgueugnon.fr\/site\/agenda-week-end-du-13-et-14-mai-2023\/4490","url":"https:\/\/www.fcgueugnon.fr\/site\/agenda-week-end-du-13-et-14-mai-2023\/4490","name":"[Agenda] Week-end du 13 et 14 Mai 2023 &#8226; FOOTBALL CLUB GUEUGNON","isPartOf":{"@id":"https:\/\/www.fcgueugnon.fr\/site\/#website"},"primaryImageOfPage":{"@id":"https:\/\/www.fcgueugnon.fr\/site\/agenda-week-end-du-13-et-14-mai-2023\/4490#primaryimage"},"image":{"@id":"https:\/\/www.fcgueugnon.fr\/site\/agenda-week-end-du-13-et-14-mai-2023\/4490#primaryimage"},"thumbnailUrl":"https:\/\/www.fcgueugnon.fr\/site\/wp-content\/uploads\/2022\/09\/MicrosoftTeams-image.png","datePublished":"2023-05-11T09:03:33+00:00","dateModified":"2023-05-13T11:14:37+00:00","breadcrumb":{"@id":"https:\/\/www.fcgueugnon.fr\/site\/agenda-week-end-du-13-et-14-mai-2023\/4490#breadcrumb"},"inLanguage":"fr-FR","potentialAction":[{"@type":"ReadAction","target":["https:\/\/www.fcgueugnon.fr\/site\/agenda-week-end-du-13-et-14-mai-2023\/4490"]}]},{"@type":"ImageObject","inLanguage":"fr-FR","@id":"https:\/\/www.fcgueugnon.fr\/site\/agenda-week-end-du-13-et-14-mai-2023\/4490#primaryimage","url":"https:\/\/www.fcgueugnon.fr\/site\/wp-content\/uploads\/2022\/09\/MicrosoftTeams-image.png","contentUrl":"https:\/\/www.fcgueugnon.fr\/site\/wp-content\/uploads\/2022\/09\/MicrosoftTeams-image.png","width":1920,"height":1080},{"@type":"BreadcrumbList","@id":"https:\/\/www.fcgueugnon.fr\/site\/agenda-week-end-du-13-et-14-mai-2023\/4490#breadcrumb","itemListElement":[{"@type":"ListItem","position":1,"name":"Accueil","item":"https:\/\/www.fcgueugnon.fr\/site\/"},{"@type":"ListItem","position":2,"name":"[Agenda] Week-end du 13 et 14 Mai 2023"}]},{"@type":"WebSite","@id":"https:\/\/www.fcgueugnon.fr\/site\/#website","url":"https:\/\/www.fcgueugnon.fr\/site\/","name":"FOOTBALL CLUB GUEUGNON","description":"Le Site Officiel des Forgerons","publisher":{"@id":"https:\/\/www.fcgueugnon.fr\/site\/#organization"},"potentialAction":[{"@type":"SearchAction","target":{"@type":"EntryPoint","urlTemplate":"https:\/\/www.fcgueugnon.fr\/site\/?s={search_term_string}"},"query-input":{"@type":"PropertyValueSpecification","valueRequired":true,"valueName":"search_term_string"}}],"inLanguage":"fr-FR"},{"@type":"Organization","@id":"https:\/\/www.fcgueugnon.fr\/site\/#organization","name":"FC Gueugnon","url":"https:\/\/www.fcgueugnon.fr\/site\/","logo":{"@type":"ImageObject","inLanguage":"fr-FR","@id":"https:\/\/www.fcgueugnon.fr\/site\/#\/schema\/logo\/image\/","url":"https:\/\/www.fcgueugnon.fr\/site\/wp-content\/uploads\/2022\/07\/cropped-Logo-FCGUEUGNON-low-350x350-1.png","contentUrl":"https:\/\/www.fcgueugnon.fr\/site\/wp-content\/uploads\/2022\/07\/cropped-Logo-FCGUEUGNON-low-350x350-1.png","width":350,"height":350,"caption":"FC Gueugnon"},"image":{"@id":"https:\/\/www.fcgueugnon.fr\/site\/#\/schema\/logo\/image\/"},"sameAs":["http:\/\/facebook.com\/FCGueugnon","https:\/\/x.com\/FCGueugnon_off","https:\/\/www.instagram.com\/fcgueugnon\/","https:\/\/www.linkedin.com\/company\/football-club-de-gueugnon\/","https:\/\/www.youtube.com\/user\/FCGueugnonnais","https:\/\/fr.wikipedia.org\/wiki\/Football_Club_de_Gueugnon"]},{"@type":"Person","@id":"https:\/\/www.fcgueugnon.fr\/site\/#\/schema\/person\/829630bfb5d6f3ebe4d296b75687c01a","name":"FC Gueugnon","url":"https:\/\/www.fcgueugnon.fr\/site\/author\/g-avin1"}]}},"rttpg_featured_image_url":{"full":["https:\/\/www.fcgueugnon.fr\/site\/wp-content\/uploads\/2022\/09\/MicrosoftTeams-image.png",1920,1080,false],"landscape":["https:\/\/www.fcgueugnon.fr\/site\/wp-content\/uploads\/2022\/09\/MicrosoftTeams-image.png",1920,1080,false],"portraits":["https:\/\/www.fcgueugnon.fr\/site\/wp-content\/uploads\/2022\/09\/MicrosoftTeams-image.png",1920,1080,false],"thumbnail":["https:\/\/www.fcgueugnon.fr\/site\/wp-content\/uploads\/2022\/09\/MicrosoftTeams-image-150x150.png",150,150,true],"medium":["https:\/\/www.fcgueugnon.fr\/site\/wp-content\/uploads\/2022\/09\/MicrosoftTeams-image-400x225.png",400,225,true],"large":["https:\/\/www.fcgueugnon.fr\/site\/wp-content\/uploads\/2022\/09\/MicrosoftTeams-image-1024x576.png",1024,576,true],"1536x1536":["https:\/\/www.fcgueugnon.fr\/site\/wp-content\/uploads\/2022\/09\/MicrosoftTeams-image-1536x864.png",1536,864,true],"2048x2048":["https:\/\/www.fcgueugnon.fr\/site\/wp-content\/uploads\/2022\/09\/MicrosoftTeams-image.png",1920,1080,false]},"rttpg_author":{"display_name":"FC Gueugnon","author_link":"https:\/\/www.fcgueugnon.fr\/site\/author\/g-avin1"},"rttpg_comment":0,"rttpg_category":"<a href=\"https:\/\/www.fcgueugnon.fr\/site\/category\/news\/news-2022-2023\" rel=\"category tag\">Archives 2022\/2023<\/a> <a href=\"https:\/\/www.fcgueugnon.fr\/site\/category\/news\" rel=\"category tag\">News<\/a>","rttpg_excerpt":"Au programme de nos forgerons ce week-end : S\u00e9niors Groupe N3 \u2013 J24Samedi 13\/05 \u2013 18h00FC Morteau Montlebon \/ FC Gueugnon Groupe Espoirs \u2013 R1 J20DImanche 14\/05 \u2013 15h00Is Selongey B \/ FC Gueugnon Sport E.Leclerc Acad\u00e9mie U18 R1 \u2013 J19Dimanche 14\/05 \u2013 12h30US Saint Vit \/ FC Gueugnon U16 R1 \u2013 J19Dimanche 14\/05 \u2013\u2026","_links":{"self":[{"href":"https:\/\/www.fcgueugnon.fr\/site\/wp-json\/wp\/v2\/posts\/4490","targetHints":{"allow":["GET"]}}],"collection":[{"href":"https:\/\/www.fcgueugnon.fr\/site\/wp-json\/wp\/v2\/posts"}],"about":[{"href":"https:\/\/www.fcgueugnon.fr\/site\/wp-json\/wp\/v2\/types\/post"}],"author":[{"embeddable":true,"href":"https:\/\/www.fcgueugnon.fr\/site\/wp-json\/wp\/v2\/users\/3"}],"replies":[{"embeddable":true,"href":"https:\/\/www.fcgueugnon.fr\/site\/wp-json\/wp\/v2\/comments?post=4490"}],"version-history":[{"count":2,"href":"https:\/\/www.fcgueugnon.fr\/site\/wp-json\/wp\/v2\/posts\/4490\/revisions"}],"predecessor-version":[{"id":4492,"href":"https:\/\/www.fcgueugnon.fr\/site\/wp-json\/wp\/v2\/posts\/4490\/revisions\/4492"}],"wp:featuredmedia":[{"embeddable":true,"href":"https:\/\/www.fcgueugnon.fr\/site\/wp-json\/wp\/v2\/media\/1107"}],"wp:attachment":[{"href":"https:\/\/www.fcgueugnon.fr\/site\/wp-json\/wp\/v2\/media?parent=4490"}],"wp:term":[{"taxonomy":"category","embeddable":true,"href":"https:\/\/www.fcgueugnon.fr\/site\/wp-json\/wp\/v2\/categories?post=4490"},{"taxonomy":"post_tag","embeddable":true,"href":"https:\/\/www.fcgueugnon.fr\/site\/wp-json\/wp\/v2\/tags?post=4490"}],"curies":[{"name":"wp","href":"https:\/\/api.w.org\/{rel}","templated":true}]}}