{"id":4476,"date":"2023-05-10T13:42:31","date_gmt":"2023-05-10T11:42:31","guid":{"rendered":"https:\/\/www.fcgueugnon.fr\/site\/?p=4476"},"modified":"2024-02-21T21:45:55","modified_gmt":"2024-02-21T20:45:55","slug":"n3-j23-fc-gueugnon-asc-st-apollinaire-lescale-et-e-leclerc-bourges-partenaires-de-la-rencontre-2","status":"publish","type":"post","link":"https:\/\/www.fcgueugnon.fr\/site\/n3-j23-fc-gueugnon-asc-st-apollinaire-lescale-et-e-leclerc-bourges-partenaires-de-la-rencontre-2\/4476","title":{"rendered":"[N3 J23 : FC Gueugnon \u2013 ASC St Apollinaire] L&rsquo;Escale et E.Leclerc Bourges, partenaires de la rencontre"},"content":{"rendered":"\n<h3 class=\"wp-block-heading\"><strong>Retour en images sur le coup d&rsquo;envoi fictif de la rencontre entre<\/strong> <strong>le FC Gueugnon et l&rsquo;ASC Saint-Apollinaire \u00e0 l&rsquo;occasion de la 23\u00e8me journ\u00e9e de National 3. Un match qui \u00e9tait parrain\u00e9 par L&rsquo;Escale et E.Leclerc Bourges.<\/strong><\/h3>\n\n\n\n<div style=\"height:20px\" aria-hidden=\"true\" class=\"wp-block-spacer\"><\/div>\n\n\n\n<figure class=\"wp-block-gallery has-nested-images columns-default is-cropped wp-block-gallery-1 is-layout-flex wp-block-gallery-is-layout-flex\">\n<figure class=\"wp-block-image size-large\"><img loading=\"lazy\" decoding=\"async\" width=\"1024\" height=\"683\" data-id=\"4477\" src=\"https:\/\/www.fcgueugnon.fr\/site\/wp-content\/uploads\/2023\/05\/Partenaire-lescale-leclerc-1-1024x683.jpg\" alt=\"\" class=\"wp-image-4477\" srcset=\"https:\/\/www.fcgueugnon.fr\/site\/wp-content\/uploads\/2023\/05\/Partenaire-lescale-leclerc-1-1024x683.jpg 1024w, https:\/\/www.fcgueugnon.fr\/site\/wp-content\/uploads\/2023\/05\/Partenaire-lescale-leclerc-1-400x267.jpg 400w, https:\/\/www.fcgueugnon.fr\/site\/wp-content\/uploads\/2023\/05\/Partenaire-lescale-leclerc-1-768x512.jpg 768w, https:\/\/www.fcgueugnon.fr\/site\/wp-content\/uploads\/2023\/05\/Partenaire-lescale-leclerc-1-1536x1024.jpg 1536w, https:\/\/www.fcgueugnon.fr\/site\/wp-content\/uploads\/2023\/05\/Partenaire-lescale-leclerc-1-2048x1365.jpg 2048w, https:\/\/www.fcgueugnon.fr\/site\/wp-content\/uploads\/2023\/05\/Partenaire-lescale-leclerc-1-1320x880.jpg 1320w, https:\/\/www.fcgueugnon.fr\/site\/wp-content\/uploads\/2023\/05\/Partenaire-lescale-leclerc-1-600x400.jpg 600w\" sizes=\"auto, (max-width: 1024px) 100vw, 1024px\" \/><\/figure>\n\n\n\n<figure class=\"wp-block-image size-large\"><img loading=\"lazy\" decoding=\"async\" width=\"1024\" height=\"683\" data-id=\"4479\" src=\"https:\/\/www.fcgueugnon.fr\/site\/wp-content\/uploads\/2023\/05\/Partenaire-lescale-leclerc-3-1024x683.jpg\" alt=\"\" class=\"wp-image-4479\" srcset=\"https:\/\/www.fcgueugnon.fr\/site\/wp-content\/uploads\/2023\/05\/Partenaire-lescale-leclerc-3-1024x683.jpg 1024w, https:\/\/www.fcgueugnon.fr\/site\/wp-content\/uploads\/2023\/05\/Partenaire-lescale-leclerc-3-400x267.jpg 400w, https:\/\/www.fcgueugnon.fr\/site\/wp-content\/uploads\/2023\/05\/Partenaire-lescale-leclerc-3-768x512.jpg 768w, https:\/\/www.fcgueugnon.fr\/site\/wp-content\/uploads\/2023\/05\/Partenaire-lescale-leclerc-3-1536x1024.jpg 1536w, https:\/\/www.fcgueugnon.fr\/site\/wp-content\/uploads\/2023\/05\/Partenaire-lescale-leclerc-3-2048x1365.jpg 2048w, https:\/\/www.fcgueugnon.fr\/site\/wp-content\/uploads\/2023\/05\/Partenaire-lescale-leclerc-3-1320x880.jpg 1320w, https:\/\/www.fcgueugnon.fr\/site\/wp-content\/uploads\/2023\/05\/Partenaire-lescale-leclerc-3-600x400.jpg 600w\" sizes=\"auto, (max-width: 1024px) 100vw, 1024px\" \/><\/figure>\n\n\n\n<figure class=\"wp-block-image size-large\"><img loading=\"lazy\" decoding=\"async\" width=\"1024\" height=\"683\" data-id=\"4478\" src=\"https:\/\/www.fcgueugnon.fr\/site\/wp-content\/uploads\/2023\/05\/Partenaire-lescale-leclerc-2-1024x683.jpg\" alt=\"\" class=\"wp-image-4478\" srcset=\"https:\/\/www.fcgueugnon.fr\/site\/wp-content\/uploads\/2023\/05\/Partenaire-lescale-leclerc-2-1024x683.jpg 1024w, https:\/\/www.fcgueugnon.fr\/site\/wp-content\/uploads\/2023\/05\/Partenaire-lescale-leclerc-2-400x267.jpg 400w, https:\/\/www.fcgueugnon.fr\/site\/wp-content\/uploads\/2023\/05\/Partenaire-lescale-leclerc-2-768x512.jpg 768w, https:\/\/www.fcgueugnon.fr\/site\/wp-content\/uploads\/2023\/05\/Partenaire-lescale-leclerc-2-1536x1024.jpg 1536w, https:\/\/www.fcgueugnon.fr\/site\/wp-content\/uploads\/2023\/05\/Partenaire-lescale-leclerc-2-2048x1365.jpg 2048w, https:\/\/www.fcgueugnon.fr\/site\/wp-content\/uploads\/2023\/05\/Partenaire-lescale-leclerc-2-1320x880.jpg 1320w, https:\/\/www.fcgueugnon.fr\/site\/wp-content\/uploads\/2023\/05\/Partenaire-lescale-leclerc-2-600x400.jpg 600w\" sizes=\"auto, (max-width: 1024px) 100vw, 1024px\" \/><\/figure>\n<\/figure>\n\n\n\n<div style=\"height:20px\" aria-hidden=\"true\" class=\"wp-block-spacer\"><\/div>\n\n\n\n<p><strong>L\u2019Escale,&nbsp;<\/strong>c\u2019est le partenaire de vos bons moments ! Implant\u00e9e depuis plus de 30 ans \u00e0&nbsp;<strong>Digoin<\/strong>, cette entreprise familiale dirig\u00e9 par<strong>&nbsp;Camille GORDAT&nbsp;<\/strong>a su s\u2019adapter et \u00e9voluer en d\u00e9m\u00e9nageant sur l\u2019avenue des Platanes. D\u00e9sormais, c\u2019est dans un b\u00e2timent plus spacieux o\u00f9, en compl\u00e9ment de la partie laboratoire traiteur et des bureaux, les clients peuvent profiter d\u2019un restaurant moderne de 400 m\u00b2 incluant un bar et une terrasse de 250 m\u00b2 !<\/p>\n\n\n\n<p>L\u2019\u00e9tablissement assure la fonction de&nbsp;<strong>traiteur<\/strong>&nbsp;et dispose de toutes les comp\u00e9tences et la logistique n\u00e9cessaire pour organiser \u00e9galement des&nbsp;<strong>repas en salle ou en plein air&nbsp;<\/strong>jusqu\u2019\u00e0 10.000 personnes !<\/p>\n\n\n\n<p>Le FC Gueugnon remercie chaleureusement <strong>l&rsquo;Escale<\/strong> pour son soutien.<\/p>\n\n\n\n<div style=\"height:33px\" aria-hidden=\"true\" class=\"wp-block-spacer\"><\/div>\n\n\n<div class=\"wp-block-image\">\n<figure class=\"aligncenter size-full is-resized\"><img loading=\"lazy\" decoding=\"async\" src=\"https:\/\/www.fcgueugnon.fr\/site\/wp-content\/uploads\/2023\/05\/image.png\" alt=\"\" class=\"wp-image-4369\" width=\"349\" height=\"177\" srcset=\"https:\/\/www.fcgueugnon.fr\/site\/wp-content\/uploads\/2023\/05\/image.png 721w, https:\/\/www.fcgueugnon.fr\/site\/wp-content\/uploads\/2023\/05\/image-400x203.png 400w, https:\/\/www.fcgueugnon.fr\/site\/wp-content\/uploads\/2023\/05\/image-600x305.png 600w\" sizes=\"auto, (max-width: 349px) 100vw, 349px\" \/><\/figure>\n<\/div>\n\n\n<div style=\"height:30px\" aria-hidden=\"true\" class=\"wp-block-spacer\"><\/div>\n\n\n\n<p class=\"has-text-align-center\">  <strong><strong>Contact<\/strong><\/strong> :<br>L&rsquo;Escale<br>1 Lotissement des peupliers, Av. des Platanes, <br>71160 Digoin<br>T\u00e9l\u00e9phone : 03 85 88 51 52<a href=\"http:\/\/www.locatrans-genelardais.com\/\"><br><\/a>Site internet :&nbsp;<a href=\"https:\/\/www.traiteur-rotisseur-lescale.com\/fr\" target=\"_blank\" rel=\"noreferrer noopener\">www.traiteur-rotisseur-lescale.com<\/a><\/p>\n\n\n\n<div style=\"height:34px\" aria-hidden=\"true\" class=\"wp-block-spacer\"><\/div>\n\n\n\n<hr class=\"wp-block-separator has-alpha-channel-opacity\"\/>\n\n\n\n<div style=\"height:20px\" aria-hidden=\"true\" class=\"wp-block-spacer\"><\/div>\n\n\n\n<p>Nous tenons \u00e0 remercier chaleureusement&nbsp;<strong>Patrick Guitton<\/strong>&nbsp;et le centre&nbsp;<strong>E.Leclerc Bourges<\/strong>&nbsp;pour leur soutien lors de cette 23\u00e8me journ\u00e9e de championnat National 3 face \u00e0 l&rsquo;ASC Saint-Apollinaire. Patrick, originaire de notre r\u00e9gion et qui a travaill\u00e9 pour les centres E.Leclerc de Digoin et de Paray-le-Monial est un fid\u00e8le supporter du FC Gueugnon.<\/p>\n\n\n\n<p>De par ses connaissances avec&nbsp;<strong>Fr\u00e9d\u00e9ric Givry<\/strong>&nbsp;et&nbsp;<strong>David Thoral<\/strong>, partenaires du FC Gueugnon, <strong>Patrick Guitton<\/strong> a souhait\u00e9 lui aussi rejoindre l\u2019aventure du FC Gueugnon !<\/p>\n\n\n\n<div style=\"height:45px\" aria-hidden=\"true\" class=\"wp-block-spacer\"><\/div>\n\n\n<div class=\"wp-block-image\">\n<figure class=\"aligncenter is-resized\"><img loading=\"lazy\" decoding=\"async\" src=\"https:\/\/www.fcgueugnon.fr\/wp\/wp-content\/uploads\/2021\/04\/LECLERC.png\" alt=\"\" class=\"wp-image-44691\" width=\"208\" height=\"208\"\/><\/figure>\n<\/div>\n\n\n<div style=\"height:20px\" aria-hidden=\"true\" class=\"wp-block-spacer\"><\/div>\n\n\n\n<p class=\"has-text-align-center\"><strong>Contact<\/strong>&nbsp;:<br>E.LECLERC BOURGES<br>Le Nouveau, Le Prado,<br>18000 Bourges<br>T\u00e9l\u00e9phone : 02 48 69 72 00<br>Site internet :&nbsp;<a href=\"https:\/\/www.e.leclerc\/mag\/e-leclerc-bourges\" target=\"_blank\" rel=\"noreferrer noopener\"><\/a><a href=\"https:\/\/www.e.leclerc\/mag\/e-leclerc-bourges\" target=\"_blank\" rel=\"noreferrer noopener\">https:\/\/www.e.leclerc\/mag\/e-leclerc-bourges<\/a><\/p>\n\n\n\n<div style=\"height:15px\" aria-hidden=\"true\" class=\"wp-block-spacer\"><\/div>\n\n\n\n<div style=\"height:20px\" aria-hidden=\"true\" class=\"wp-block-spacer\"><\/div>\n\n\n\n<p class=\"has-text-align-center\"><strong>Supporters forgerons, <a href=\"https:\/\/www.fcgueugnon.fr\/site\/partenaires\">r\u00e9servez vos achats et vos sorties chez nos partenaires<\/a> !<\/strong><\/p>\n","protected":false},"excerpt":{"rendered":"<p>Retour en images sur le coup d&rsquo;envoi fictif de la rencontre entre le FC Gueugnon et l&rsquo;ASC Saint-Apollinaire \u00e0 l&rsquo;occasion de la 23\u00e8me journ\u00e9e de National 3. Un match qui \u00e9tait parrain\u00e9 par L&rsquo;Escale et E.Leclerc Bourges. L\u2019Escale,&nbsp;c\u2019est le partenaire de vos bons moments ! Implant\u00e9e depuis plus de 30 ans \u00e0&nbsp;Digoin, cette entreprise familiale &#8230; <\/p>\n<p class=\"read-more-container\"><a title=\"[N3 J23 : FC Gueugnon \u2013 ASC St Apollinaire] L&rsquo;Escale et E.Leclerc Bourges, partenaires de la rencontre\" class=\"read-more button\" href=\"https:\/\/www.fcgueugnon.fr\/site\/n3-j23-fc-gueugnon-asc-st-apollinaire-lescale-et-e-leclerc-bourges-partenaires-de-la-rencontre-2\/4476#more-4476\" aria-label=\"Plus sur [N3 J23 : FC Gueugnon \u2013 ASC St Apollinaire] L&rsquo;Escale et E.Leclerc Bourges, partenaires de la rencontre\">Lire la suite<\/a><\/p>\n","protected":false},"author":3,"featured_media":4478,"comment_status":"closed","ping_status":"closed","sticky":true,"template":"","format":"standard","meta":{"footnotes":""},"categories":[5,4],"tags":[23],"class_list":["post-4476","post","type-post","status-publish","format-standard","has-post-thumbnail","hentry","category-news-2022-2023","category-news","tag-partenaires","infinite-scroll-item","generate-columns","tablet-grid-50","mobile-grid-100","grid-parent","grid-25"],"yoast_head":"<!-- This site is optimized with the Yoast SEO plugin v26.6 - https:\/\/yoast.com\/wordpress\/plugins\/seo\/ -->\n<title>[N3 J23 : FC Gueugnon \u2013 ASC St Apollinaire] L&#039;Escale et E.Leclerc Bourges, partenaires de la rencontre &#8226; FOOTBALL CLUB GUEUGNON<\/title>\n<meta name=\"robots\" content=\"index, follow, max-snippet:-1, max-image-preview:large, max-video-preview:-1\" \/>\n<link rel=\"canonical\" href=\"https:\/\/www.fcgueugnon.fr\/site\/n3-j23-fc-gueugnon-asc-st-apollinaire-lescale-et-e-leclerc-bourges-partenaires-de-la-rencontre-2\/4476\" \/>\n<meta property=\"og:locale\" content=\"fr_FR\" \/>\n<meta property=\"og:type\" content=\"article\" \/>\n<meta property=\"og:title\" content=\"[N3 J23 : FC Gueugnon \u2013 ASC St Apollinaire] L&#039;Escale et E.Leclerc Bourges, partenaires de la rencontre &#8226; FOOTBALL CLUB GUEUGNON\" \/>\n<meta property=\"og:description\" content=\"Retour en images sur le coup d&rsquo;envoi fictif de la rencontre entre le FC Gueugnon et l&rsquo;ASC Saint-Apollinaire \u00e0 l&rsquo;occasion de la 23\u00e8me journ\u00e9e de National 3. Un match qui \u00e9tait parrain\u00e9 par L&rsquo;Escale et E.Leclerc Bourges. L\u2019Escale,&nbsp;c\u2019est le partenaire de vos bons moments ! Implant\u00e9e depuis plus de 30 ans \u00e0&nbsp;Digoin, cette entreprise familiale ... Lire la suite\" \/>\n<meta property=\"og:url\" content=\"https:\/\/www.fcgueugnon.fr\/site\/n3-j23-fc-gueugnon-asc-st-apollinaire-lescale-et-e-leclerc-bourges-partenaires-de-la-rencontre-2\/4476\" \/>\n<meta property=\"og:site_name\" content=\"FOOTBALL CLUB GUEUGNON\" \/>\n<meta property=\"article:publisher\" content=\"http:\/\/facebook.com\/FCGueugnon\" \/>\n<meta property=\"article:published_time\" content=\"2023-05-10T11:42:31+00:00\" \/>\n<meta property=\"article:modified_time\" content=\"2024-02-21T20:45:55+00:00\" \/>\n<meta property=\"og:image\" content=\"https:\/\/www.fcgueugnon.fr\/site\/wp-content\/uploads\/2022\/08\/Partenaire-ballon-du-match-merevis-consulting.png\" \/>\n\t<meta property=\"og:image:width\" content=\"1920\" \/>\n\t<meta property=\"og:image:height\" content=\"1080\" \/>\n\t<meta property=\"og:image:type\" content=\"image\/png\" \/>\n<meta name=\"author\" content=\"FC Gueugnon\" \/>\n<meta name=\"twitter:card\" content=\"summary_large_image\" \/>\n<meta name=\"twitter:image\" content=\"https:\/\/www.fcgueugnon.fr\/site\/wp-content\/uploads\/2022\/08\/Partenaire-ballon-du-match-merevis-consulting.png\" \/>\n<meta name=\"twitter:creator\" content=\"@FCGueugnon_off\" \/>\n<meta name=\"twitter:site\" content=\"@FCGueugnon_off\" \/>\n<meta name=\"twitter:label1\" content=\"\u00c9crit par\" \/>\n\t<meta name=\"twitter:data1\" content=\"FC Gueugnon\" \/>\n\t<meta name=\"twitter:label2\" content=\"Dur\u00e9e de lecture estim\u00e9e\" \/>\n\t<meta name=\"twitter:data2\" content=\"3 minutes\" \/>\n<script type=\"application\/ld+json\" class=\"yoast-schema-graph\">{\"@context\":\"https:\/\/schema.org\",\"@graph\":[{\"@type\":\"Article\",\"@id\":\"https:\/\/www.fcgueugnon.fr\/site\/n3-j23-fc-gueugnon-asc-st-apollinaire-lescale-et-e-leclerc-bourges-partenaires-de-la-rencontre-2\/4476#article\",\"isPartOf\":{\"@id\":\"https:\/\/www.fcgueugnon.fr\/site\/n3-j23-fc-gueugnon-asc-st-apollinaire-lescale-et-e-leclerc-bourges-partenaires-de-la-rencontre-2\/4476\"},\"author\":{\"name\":\"FC Gueugnon\",\"@id\":\"https:\/\/www.fcgueugnon.fr\/site\/#\/schema\/person\/829630bfb5d6f3ebe4d296b75687c01a\"},\"headline\":\"[N3 J23 : FC Gueugnon \u2013 ASC St Apollinaire] L&rsquo;Escale et E.Leclerc Bourges, partenaires de la rencontre\",\"datePublished\":\"2023-05-10T11:42:31+00:00\",\"dateModified\":\"2024-02-21T20:45:55+00:00\",\"mainEntityOfPage\":{\"@id\":\"https:\/\/www.fcgueugnon.fr\/site\/n3-j23-fc-gueugnon-asc-st-apollinaire-lescale-et-e-leclerc-bourges-partenaires-de-la-rencontre-2\/4476\"},\"wordCount\":328,\"publisher\":{\"@id\":\"https:\/\/www.fcgueugnon.fr\/site\/#organization\"},\"image\":{\"@id\":\"https:\/\/www.fcgueugnon.fr\/site\/n3-j23-fc-gueugnon-asc-st-apollinaire-lescale-et-e-leclerc-bourges-partenaires-de-la-rencontre-2\/4476#primaryimage\"},\"thumbnailUrl\":\"https:\/\/www.fcgueugnon.fr\/site\/wp-content\/uploads\/2023\/05\/Partenaire-lescale-leclerc-2-scaled.jpg\",\"keywords\":[\"Partenaires\"],\"articleSection\":[\"Archives 2022\/2023\",\"News\"],\"inLanguage\":\"fr-FR\"},{\"@type\":\"WebPage\",\"@id\":\"https:\/\/www.fcgueugnon.fr\/site\/n3-j23-fc-gueugnon-asc-st-apollinaire-lescale-et-e-leclerc-bourges-partenaires-de-la-rencontre-2\/4476\",\"url\":\"https:\/\/www.fcgueugnon.fr\/site\/n3-j23-fc-gueugnon-asc-st-apollinaire-lescale-et-e-leclerc-bourges-partenaires-de-la-rencontre-2\/4476\",\"name\":\"[N3 J23 : FC Gueugnon \u2013 ASC St Apollinaire] L'Escale et E.Leclerc Bourges, partenaires de la rencontre &#8226; FOOTBALL CLUB GUEUGNON\",\"isPartOf\":{\"@id\":\"https:\/\/www.fcgueugnon.fr\/site\/#website\"},\"primaryImageOfPage\":{\"@id\":\"https:\/\/www.fcgueugnon.fr\/site\/n3-j23-fc-gueugnon-asc-st-apollinaire-lescale-et-e-leclerc-bourges-partenaires-de-la-rencontre-2\/4476#primaryimage\"},\"image\":{\"@id\":\"https:\/\/www.fcgueugnon.fr\/site\/n3-j23-fc-gueugnon-asc-st-apollinaire-lescale-et-e-leclerc-bourges-partenaires-de-la-rencontre-2\/4476#primaryimage\"},\"thumbnailUrl\":\"https:\/\/www.fcgueugnon.fr\/site\/wp-content\/uploads\/2023\/05\/Partenaire-lescale-leclerc-2-scaled.jpg\",\"datePublished\":\"2023-05-10T11:42:31+00:00\",\"dateModified\":\"2024-02-21T20:45:55+00:00\",\"breadcrumb\":{\"@id\":\"https:\/\/www.fcgueugnon.fr\/site\/n3-j23-fc-gueugnon-asc-st-apollinaire-lescale-et-e-leclerc-bourges-partenaires-de-la-rencontre-2\/4476#breadcrumb\"},\"inLanguage\":\"fr-FR\",\"potentialAction\":[{\"@type\":\"ReadAction\",\"target\":[\"https:\/\/www.fcgueugnon.fr\/site\/n3-j23-fc-gueugnon-asc-st-apollinaire-lescale-et-e-leclerc-bourges-partenaires-de-la-rencontre-2\/4476\"]}]},{\"@type\":\"ImageObject\",\"inLanguage\":\"fr-FR\",\"@id\":\"https:\/\/www.fcgueugnon.fr\/site\/n3-j23-fc-gueugnon-asc-st-apollinaire-lescale-et-e-leclerc-bourges-partenaires-de-la-rencontre-2\/4476#primaryimage\",\"url\":\"https:\/\/www.fcgueugnon.fr\/site\/wp-content\/uploads\/2023\/05\/Partenaire-lescale-leclerc-2-scaled.jpg\",\"contentUrl\":\"https:\/\/www.fcgueugnon.fr\/site\/wp-content\/uploads\/2023\/05\/Partenaire-lescale-leclerc-2-scaled.jpg\",\"width\":2560,\"height\":1707},{\"@type\":\"BreadcrumbList\",\"@id\":\"https:\/\/www.fcgueugnon.fr\/site\/n3-j23-fc-gueugnon-asc-st-apollinaire-lescale-et-e-leclerc-bourges-partenaires-de-la-rencontre-2\/4476#breadcrumb\",\"itemListElement\":[{\"@type\":\"ListItem\",\"position\":1,\"name\":\"Accueil\",\"item\":\"https:\/\/www.fcgueugnon.fr\/site\/\"},{\"@type\":\"ListItem\",\"position\":2,\"name\":\"[N3 J23 : FC Gueugnon \u2013 ASC St Apollinaire] L&#8217;Escale et E.Leclerc Bourges, partenaires de la rencontre\"}]},{\"@type\":\"WebSite\",\"@id\":\"https:\/\/www.fcgueugnon.fr\/site\/#website\",\"url\":\"https:\/\/www.fcgueugnon.fr\/site\/\",\"name\":\"FOOTBALL CLUB GUEUGNON\",\"description\":\"Le Site Officiel des Forgerons\",\"publisher\":{\"@id\":\"https:\/\/www.fcgueugnon.fr\/site\/#organization\"},\"potentialAction\":[{\"@type\":\"SearchAction\",\"target\":{\"@type\":\"EntryPoint\",\"urlTemplate\":\"https:\/\/www.fcgueugnon.fr\/site\/?s={search_term_string}\"},\"query-input\":{\"@type\":\"PropertyValueSpecification\",\"valueRequired\":true,\"valueName\":\"search_term_string\"}}],\"inLanguage\":\"fr-FR\"},{\"@type\":\"Organization\",\"@id\":\"https:\/\/www.fcgueugnon.fr\/site\/#organization\",\"name\":\"FC Gueugnon\",\"url\":\"https:\/\/www.fcgueugnon.fr\/site\/\",\"logo\":{\"@type\":\"ImageObject\",\"inLanguage\":\"fr-FR\",\"@id\":\"https:\/\/www.fcgueugnon.fr\/site\/#\/schema\/logo\/image\/\",\"url\":\"https:\/\/www.fcgueugnon.fr\/site\/wp-content\/uploads\/2022\/07\/cropped-Logo-FCGUEUGNON-low-350x350-1.png\",\"contentUrl\":\"https:\/\/www.fcgueugnon.fr\/site\/wp-content\/uploads\/2022\/07\/cropped-Logo-FCGUEUGNON-low-350x350-1.png\",\"width\":350,\"height\":350,\"caption\":\"FC Gueugnon\"},\"image\":{\"@id\":\"https:\/\/www.fcgueugnon.fr\/site\/#\/schema\/logo\/image\/\"},\"sameAs\":[\"http:\/\/facebook.com\/FCGueugnon\",\"https:\/\/x.com\/FCGueugnon_off\",\"https:\/\/www.instagram.com\/fcgueugnon\/\",\"https:\/\/www.linkedin.com\/company\/football-club-de-gueugnon\/\",\"https:\/\/www.youtube.com\/user\/FCGueugnonnais\",\"https:\/\/fr.wikipedia.org\/wiki\/Football_Club_de_Gueugnon\"]},{\"@type\":\"Person\",\"@id\":\"https:\/\/www.fcgueugnon.fr\/site\/#\/schema\/person\/829630bfb5d6f3ebe4d296b75687c01a\",\"name\":\"FC Gueugnon\",\"url\":\"https:\/\/www.fcgueugnon.fr\/site\/author\/g-avin1\"}]}<\/script>\n<!-- \/ Yoast SEO plugin. -->","yoast_head_json":{"title":"[N3 J23 : FC Gueugnon \u2013 ASC St Apollinaire] L'Escale et E.Leclerc Bourges, partenaires de la rencontre &#8226; FOOTBALL CLUB GUEUGNON","robots":{"index":"index","follow":"follow","max-snippet":"max-snippet:-1","max-image-preview":"max-image-preview:large","max-video-preview":"max-video-preview:-1"},"canonical":"https:\/\/www.fcgueugnon.fr\/site\/n3-j23-fc-gueugnon-asc-st-apollinaire-lescale-et-e-leclerc-bourges-partenaires-de-la-rencontre-2\/4476","og_locale":"fr_FR","og_type":"article","og_title":"[N3 J23 : FC Gueugnon \u2013 ASC St Apollinaire] L'Escale et E.Leclerc Bourges, partenaires de la rencontre &#8226; FOOTBALL CLUB GUEUGNON","og_description":"Retour en images sur le coup d&rsquo;envoi fictif de la rencontre entre le FC Gueugnon et l&rsquo;ASC Saint-Apollinaire \u00e0 l&rsquo;occasion de la 23\u00e8me journ\u00e9e de National 3. Un match qui \u00e9tait parrain\u00e9 par L&rsquo;Escale et E.Leclerc Bourges. L\u2019Escale,&nbsp;c\u2019est le partenaire de vos bons moments ! Implant\u00e9e depuis plus de 30 ans \u00e0&nbsp;Digoin, cette entreprise familiale ... Lire la suite","og_url":"https:\/\/www.fcgueugnon.fr\/site\/n3-j23-fc-gueugnon-asc-st-apollinaire-lescale-et-e-leclerc-bourges-partenaires-de-la-rencontre-2\/4476","og_site_name":"FOOTBALL CLUB GUEUGNON","article_publisher":"http:\/\/facebook.com\/FCGueugnon","article_published_time":"2023-05-10T11:42:31+00:00","article_modified_time":"2024-02-21T20:45:55+00:00","og_image":[{"width":1920,"height":1080,"url":"https:\/\/www.fcgueugnon.fr\/site\/wp-content\/uploads\/2022\/08\/Partenaire-ballon-du-match-merevis-consulting.png","type":"image\/png"}],"author":"FC Gueugnon","twitter_card":"summary_large_image","twitter_image":"https:\/\/www.fcgueugnon.fr\/site\/wp-content\/uploads\/2022\/08\/Partenaire-ballon-du-match-merevis-consulting.png","twitter_creator":"@FCGueugnon_off","twitter_site":"@FCGueugnon_off","twitter_misc":{"\u00c9crit par":"FC Gueugnon","Dur\u00e9e de lecture estim\u00e9e":"3 minutes"},"schema":{"@context":"https:\/\/schema.org","@graph":[{"@type":"Article","@id":"https:\/\/www.fcgueugnon.fr\/site\/n3-j23-fc-gueugnon-asc-st-apollinaire-lescale-et-e-leclerc-bourges-partenaires-de-la-rencontre-2\/4476#article","isPartOf":{"@id":"https:\/\/www.fcgueugnon.fr\/site\/n3-j23-fc-gueugnon-asc-st-apollinaire-lescale-et-e-leclerc-bourges-partenaires-de-la-rencontre-2\/4476"},"author":{"name":"FC Gueugnon","@id":"https:\/\/www.fcgueugnon.fr\/site\/#\/schema\/person\/829630bfb5d6f3ebe4d296b75687c01a"},"headline":"[N3 J23 : FC Gueugnon \u2013 ASC St Apollinaire] L&rsquo;Escale et E.Leclerc Bourges, partenaires de la rencontre","datePublished":"2023-05-10T11:42:31+00:00","dateModified":"2024-02-21T20:45:55+00:00","mainEntityOfPage":{"@id":"https:\/\/www.fcgueugnon.fr\/site\/n3-j23-fc-gueugnon-asc-st-apollinaire-lescale-et-e-leclerc-bourges-partenaires-de-la-rencontre-2\/4476"},"wordCount":328,"publisher":{"@id":"https:\/\/www.fcgueugnon.fr\/site\/#organization"},"image":{"@id":"https:\/\/www.fcgueugnon.fr\/site\/n3-j23-fc-gueugnon-asc-st-apollinaire-lescale-et-e-leclerc-bourges-partenaires-de-la-rencontre-2\/4476#primaryimage"},"thumbnailUrl":"https:\/\/www.fcgueugnon.fr\/site\/wp-content\/uploads\/2023\/05\/Partenaire-lescale-leclerc-2-scaled.jpg","keywords":["Partenaires"],"articleSection":["Archives 2022\/2023","News"],"inLanguage":"fr-FR"},{"@type":"WebPage","@id":"https:\/\/www.fcgueugnon.fr\/site\/n3-j23-fc-gueugnon-asc-st-apollinaire-lescale-et-e-leclerc-bourges-partenaires-de-la-rencontre-2\/4476","url":"https:\/\/www.fcgueugnon.fr\/site\/n3-j23-fc-gueugnon-asc-st-apollinaire-lescale-et-e-leclerc-bourges-partenaires-de-la-rencontre-2\/4476","name":"[N3 J23 : FC Gueugnon \u2013 ASC St Apollinaire] L'Escale et E.Leclerc Bourges, partenaires de la rencontre &#8226; FOOTBALL CLUB GUEUGNON","isPartOf":{"@id":"https:\/\/www.fcgueugnon.fr\/site\/#website"},"primaryImageOfPage":{"@id":"https:\/\/www.fcgueugnon.fr\/site\/n3-j23-fc-gueugnon-asc-st-apollinaire-lescale-et-e-leclerc-bourges-partenaires-de-la-rencontre-2\/4476#primaryimage"},"image":{"@id":"https:\/\/www.fcgueugnon.fr\/site\/n3-j23-fc-gueugnon-asc-st-apollinaire-lescale-et-e-leclerc-bourges-partenaires-de-la-rencontre-2\/4476#primaryimage"},"thumbnailUrl":"https:\/\/www.fcgueugnon.fr\/site\/wp-content\/uploads\/2023\/05\/Partenaire-lescale-leclerc-2-scaled.jpg","datePublished":"2023-05-10T11:42:31+00:00","dateModified":"2024-02-21T20:45:55+00:00","breadcrumb":{"@id":"https:\/\/www.fcgueugnon.fr\/site\/n3-j23-fc-gueugnon-asc-st-apollinaire-lescale-et-e-leclerc-bourges-partenaires-de-la-rencontre-2\/4476#breadcrumb"},"inLanguage":"fr-FR","potentialAction":[{"@type":"ReadAction","target":["https:\/\/www.fcgueugnon.fr\/site\/n3-j23-fc-gueugnon-asc-st-apollinaire-lescale-et-e-leclerc-bourges-partenaires-de-la-rencontre-2\/4476"]}]},{"@type":"ImageObject","inLanguage":"fr-FR","@id":"https:\/\/www.fcgueugnon.fr\/site\/n3-j23-fc-gueugnon-asc-st-apollinaire-lescale-et-e-leclerc-bourges-partenaires-de-la-rencontre-2\/4476#primaryimage","url":"https:\/\/www.fcgueugnon.fr\/site\/wp-content\/uploads\/2023\/05\/Partenaire-lescale-leclerc-2-scaled.jpg","contentUrl":"https:\/\/www.fcgueugnon.fr\/site\/wp-content\/uploads\/2023\/05\/Partenaire-lescale-leclerc-2-scaled.jpg","width":2560,"height":1707},{"@type":"BreadcrumbList","@id":"https:\/\/www.fcgueugnon.fr\/site\/n3-j23-fc-gueugnon-asc-st-apollinaire-lescale-et-e-leclerc-bourges-partenaires-de-la-rencontre-2\/4476#breadcrumb","itemListElement":[{"@type":"ListItem","position":1,"name":"Accueil","item":"https:\/\/www.fcgueugnon.fr\/site\/"},{"@type":"ListItem","position":2,"name":"[N3 J23 : FC Gueugnon \u2013 ASC St Apollinaire] L&#8217;Escale et E.Leclerc Bourges, partenaires de la rencontre"}]},{"@type":"WebSite","@id":"https:\/\/www.fcgueugnon.fr\/site\/#website","url":"https:\/\/www.fcgueugnon.fr\/site\/","name":"FOOTBALL CLUB GUEUGNON","description":"Le Site Officiel des Forgerons","publisher":{"@id":"https:\/\/www.fcgueugnon.fr\/site\/#organization"},"potentialAction":[{"@type":"SearchAction","target":{"@type":"EntryPoint","urlTemplate":"https:\/\/www.fcgueugnon.fr\/site\/?s={search_term_string}"},"query-input":{"@type":"PropertyValueSpecification","valueRequired":true,"valueName":"search_term_string"}}],"inLanguage":"fr-FR"},{"@type":"Organization","@id":"https:\/\/www.fcgueugnon.fr\/site\/#organization","name":"FC Gueugnon","url":"https:\/\/www.fcgueugnon.fr\/site\/","logo":{"@type":"ImageObject","inLanguage":"fr-FR","@id":"https:\/\/www.fcgueugnon.fr\/site\/#\/schema\/logo\/image\/","url":"https:\/\/www.fcgueugnon.fr\/site\/wp-content\/uploads\/2022\/07\/cropped-Logo-FCGUEUGNON-low-350x350-1.png","contentUrl":"https:\/\/www.fcgueugnon.fr\/site\/wp-content\/uploads\/2022\/07\/cropped-Logo-FCGUEUGNON-low-350x350-1.png","width":350,"height":350,"caption":"FC Gueugnon"},"image":{"@id":"https:\/\/www.fcgueugnon.fr\/site\/#\/schema\/logo\/image\/"},"sameAs":["http:\/\/facebook.com\/FCGueugnon","https:\/\/x.com\/FCGueugnon_off","https:\/\/www.instagram.com\/fcgueugnon\/","https:\/\/www.linkedin.com\/company\/football-club-de-gueugnon\/","https:\/\/www.youtube.com\/user\/FCGueugnonnais","https:\/\/fr.wikipedia.org\/wiki\/Football_Club_de_Gueugnon"]},{"@type":"Person","@id":"https:\/\/www.fcgueugnon.fr\/site\/#\/schema\/person\/829630bfb5d6f3ebe4d296b75687c01a","name":"FC Gueugnon","url":"https:\/\/www.fcgueugnon.fr\/site\/author\/g-avin1"}]}},"rttpg_featured_image_url":{"full":["https:\/\/www.fcgueugnon.fr\/site\/wp-content\/uploads\/2023\/05\/Partenaire-lescale-leclerc-2-scaled.jpg",2560,1707,false],"landscape":["https:\/\/www.fcgueugnon.fr\/site\/wp-content\/uploads\/2023\/05\/Partenaire-lescale-leclerc-2-scaled.jpg",2560,1707,false],"portraits":["https:\/\/www.fcgueugnon.fr\/site\/wp-content\/uploads\/2023\/05\/Partenaire-lescale-leclerc-2-scaled.jpg",2560,1707,false],"thumbnail":["https:\/\/www.fcgueugnon.fr\/site\/wp-content\/uploads\/2023\/05\/Partenaire-lescale-leclerc-2-150x150.jpg",150,150,true],"medium":["https:\/\/www.fcgueugnon.fr\/site\/wp-content\/uploads\/2023\/05\/Partenaire-lescale-leclerc-2-400x267.jpg",400,267,true],"large":["https:\/\/www.fcgueugnon.fr\/site\/wp-content\/uploads\/2023\/05\/Partenaire-lescale-leclerc-2-1024x683.jpg",1024,683,true],"1536x1536":["https:\/\/www.fcgueugnon.fr\/site\/wp-content\/uploads\/2023\/05\/Partenaire-lescale-leclerc-2-1536x1024.jpg",1536,1024,true],"2048x2048":["https:\/\/www.fcgueugnon.fr\/site\/wp-content\/uploads\/2023\/05\/Partenaire-lescale-leclerc-2-2048x1365.jpg",2048,1365,true]},"rttpg_author":{"display_name":"FC Gueugnon","author_link":"https:\/\/www.fcgueugnon.fr\/site\/author\/g-avin1"},"rttpg_comment":0,"rttpg_category":"<a href=\"https:\/\/www.fcgueugnon.fr\/site\/category\/news\/news-2022-2023\" rel=\"category tag\">Archives 2022\/2023<\/a> <a href=\"https:\/\/www.fcgueugnon.fr\/site\/category\/news\" rel=\"category tag\">News<\/a>","rttpg_excerpt":"Retour en images sur le coup d&rsquo;envoi fictif de la rencontre entre le FC Gueugnon et l&rsquo;ASC Saint-Apollinaire \u00e0 l&rsquo;occasion de la 23\u00e8me journ\u00e9e de National 3. Un match qui \u00e9tait parrain\u00e9 par L&rsquo;Escale et E.Leclerc Bourges. L\u2019Escale,&nbsp;c\u2019est le partenaire de vos bons moments ! Implant\u00e9e depuis plus de 30 ans \u00e0&nbsp;Digoin, cette entreprise familiale\u2026","_links":{"self":[{"href":"https:\/\/www.fcgueugnon.fr\/site\/wp-json\/wp\/v2\/posts\/4476","targetHints":{"allow":["GET"]}}],"collection":[{"href":"https:\/\/www.fcgueugnon.fr\/site\/wp-json\/wp\/v2\/posts"}],"about":[{"href":"https:\/\/www.fcgueugnon.fr\/site\/wp-json\/wp\/v2\/types\/post"}],"author":[{"embeddable":true,"href":"https:\/\/www.fcgueugnon.fr\/site\/wp-json\/wp\/v2\/users\/3"}],"replies":[{"embeddable":true,"href":"https:\/\/www.fcgueugnon.fr\/site\/wp-json\/wp\/v2\/comments?post=4476"}],"version-history":[{"count":1,"href":"https:\/\/www.fcgueugnon.fr\/site\/wp-json\/wp\/v2\/posts\/4476\/revisions"}],"predecessor-version":[{"id":4480,"href":"https:\/\/www.fcgueugnon.fr\/site\/wp-json\/wp\/v2\/posts\/4476\/revisions\/4480"}],"wp:featuredmedia":[{"embeddable":true,"href":"https:\/\/www.fcgueugnon.fr\/site\/wp-json\/wp\/v2\/media\/4478"}],"wp:attachment":[{"href":"https:\/\/www.fcgueugnon.fr\/site\/wp-json\/wp\/v2\/media?parent=4476"}],"wp:term":[{"taxonomy":"category","embeddable":true,"href":"https:\/\/www.fcgueugnon.fr\/site\/wp-json\/wp\/v2\/categories?post=4476"},{"taxonomy":"post_tag","embeddable":true,"href":"https:\/\/www.fcgueugnon.fr\/site\/wp-json\/wp\/v2\/tags?post=4476"}],"curies":[{"name":"wp","href":"https:\/\/api.w.org\/{rel}","templated":true}]}}