{"id":447,"date":"2022-06-22T17:50:00","date_gmt":"2022-06-22T15:50:00","guid":{"rendered":"https:\/\/www.fcgueugnon.fr\/site\/?p=447"},"modified":"2022-08-12T21:47:26","modified_gmt":"2022-08-12T19:47:26","slug":"mercato-ibrahim-mohamed-renforce-le-secteur-defensif-du-fcg","status":"publish","type":"post","link":"https:\/\/www.fcgueugnon.fr\/site\/mercato-ibrahim-mohamed-renforce-le-secteur-defensif-du-fcg\/447","title":{"rendered":"[Mercato] Ibrahim Mohamed renforce le secteur d\u00e9fensif du FCG !"},"content":{"rendered":"\n<h3 class=\"has-text-align-left wp-block-heading\"><strong>Ibrahim Mohamed, d\u00e9fenseur lat\u00e9ral, est la seconde recrue estivale du FC Gueugnon !<\/strong><\/h3>\n\n\n\n<div style=\"height:30px\" aria-hidden=\"true\" class=\"wp-block-spacer\"><\/div>\n\n\n\n<div class=\"wp-block-columns is-layout-flex wp-container-core-columns-is-layout-9d6595d7 wp-block-columns-is-layout-flex\">\n<div class=\"wp-block-column is-layout-flow wp-block-column-is-layout-flow\" style=\"flex-basis:100%\"><div class=\"wp-block-image\">\n<figure class=\"aligncenter size-large is-resized\"><img loading=\"lazy\" decoding=\"async\" src=\"https:\/\/www.fcgueugnon.fr\/site\/wp-content\/uploads\/2022\/08\/Ibrahim-Mohamed-2-1024x1024.png\" alt=\"\" class=\"wp-image-449\" width=\"768\" height=\"768\" srcset=\"https:\/\/www.fcgueugnon.fr\/site\/wp-content\/uploads\/2022\/08\/Ibrahim-Mohamed-2-1024x1024.png 1024w, https:\/\/www.fcgueugnon.fr\/site\/wp-content\/uploads\/2022\/08\/Ibrahim-Mohamed-2-400x400.png 400w, https:\/\/www.fcgueugnon.fr\/site\/wp-content\/uploads\/2022\/08\/Ibrahim-Mohamed-2-150x150.png 150w, https:\/\/www.fcgueugnon.fr\/site\/wp-content\/uploads\/2022\/08\/Ibrahim-Mohamed-2-768x768.png 768w, https:\/\/www.fcgueugnon.fr\/site\/wp-content\/uploads\/2022\/08\/Ibrahim-Mohamed-2.png 1500w\" sizes=\"auto, (max-width: 768px) 100vw, 768px\" \/><\/figure>\n<\/div><\/div>\n<\/div>\n\n\n\n<div style=\"height:30px\" aria-hidden=\"true\" class=\"wp-block-spacer\"><\/div>\n\n\n\n<h3 class=\"western wp-block-heading\"><strong>Ibrahim Mohamed, D\u00e9fenseur &#8211; 23 ans<\/strong><\/h3>\n\n\n\n<p>\u00c0 l&rsquo;\u00e2ge de 10 ans, Ibrahim Mohamed d\u00e9couvre le football sous les couleurs de l&rsquo;AS Montferrand. Apr\u00e8s 7 saisons chez les jaunes et bleu de l&rsquo;ASM, Ibrahim rejoint le centre de formation de Clermont Foot pour 3 saisons. Il fait ses premi\u00e8res apparitions en National 3 et est tr\u00e8s vite rep\u00e9r\u00e9 par l&rsquo;actuel pensionnaire de National 2, le FC Chamali\u00e8res.<\/p>\n\n\n\n<p>\u00c0 l&rsquo;issue d&rsquo;un parcours r\u00e9ussi couronn\u00e9 notamment par un 32\u00e8me de finale de Coupe de France, le d\u00e9fenseur lat\u00e9ral s&rsquo;est engag\u00e9 la saison derni\u00e8re au Besan\u00e7on Football. Titulaire indiscutable au sein de la formation franc-comptoise, Ibrahim a disput\u00e9 22 matchs de championnat pour 1740 minutes jou\u00e9es.<\/p>\n\n\n\n<p>Nous souhaitons la bienvenue \u00e0 Ibrahim, qui apportera toute son exp\u00e9rience malgr\u00e9 son jeune \u00e2ge !<\/p>\n\n\n\n<div style=\"height:30px\" aria-hidden=\"true\" class=\"wp-block-spacer\"><\/div>\n\n\n\n<h3 class=\"wp-block-heading\"><strong>La r\u00e9action de Richard TRIVINO, Directeur Sportif<\/strong><\/h3>\n\n\n<div class=\"wp-block-image\">\n<figure class=\"aligncenter size-large is-resized\"><img loading=\"lazy\" decoding=\"async\" src=\"https:\/\/www.fcgueugnon.fr\/site\/wp-content\/uploads\/2022\/08\/Richard-Trivino-709x1024.png\" alt=\"\" class=\"wp-image-442\" width=\"355\" height=\"512\" srcset=\"https:\/\/www.fcgueugnon.fr\/site\/wp-content\/uploads\/2022\/08\/Richard-Trivino-709x1024.png 709w, https:\/\/www.fcgueugnon.fr\/site\/wp-content\/uploads\/2022\/08\/Richard-Trivino-277x400.png 277w, https:\/\/www.fcgueugnon.fr\/site\/wp-content\/uploads\/2022\/08\/Richard-Trivino-768x1109.png 768w, https:\/\/www.fcgueugnon.fr\/site\/wp-content\/uploads\/2022\/08\/Richard-Trivino.png 1063w\" sizes=\"auto, (max-width: 355px) 100vw, 355px\" \/><\/figure>\n<\/div>\n\n\n<p><em>\u00ab Suite \u00e0 notre choix de ne pas garder Mansour Demba mais aussi afin de compenser l&rsquo;absence de Jean Pierre Mendy jusqu&rsquo;\u00e0 fin octobre, il nous fallait trouver un lat\u00e9ral droit \u00e0 la hauteur de nos ambitions, c&rsquo;est chose faite avec l&rsquo;arriv\u00e9e d&rsquo;Ibrahim. \u00bb<\/em><\/p>\n\n\n\n<div style=\"height:30px\" aria-hidden=\"true\" class=\"wp-block-spacer\"><\/div>\n\n\n\n<p class=\"has-text-align-center\">&#8212;<\/p>\n\n\n\n<h3 class=\"wp-block-heading\"><strong><em>R\u00e9capitulatif des transferts (saison 2022-2023) :<\/em><\/strong><\/h3>\n\n\n\n<p>Arriv\u00e9es : Arnaud Rollin (FCMB), Ibrahim Mohamed (Besan\u00e7on Football)<\/p>\n\n\n\n<p>D\u00e9parts :&nbsp;Dylan Mamessier (Paray Foot)<span class=\"_5yl5\"><br><\/span><\/p>\n\n\n\n<h3 class=\"wp-block-heading\">\u25ba <strong><em><a href=\"https:\/\/www.fcgueugnon.fr\/site\/tag\/mercato-2022\">Retrouvez toute l&rsquo;actu mercato du FCG sur ce lien<\/a><\/em><\/strong><\/h3>\n\n\n\n<p><\/p>\n","protected":false},"excerpt":{"rendered":"<p>Ibrahim Mohamed, d\u00e9fenseur lat\u00e9ral, est la seconde recrue estivale du FC Gueugnon ! Ibrahim Mohamed, D\u00e9fenseur &#8211; 23 ans \u00c0 l&rsquo;\u00e2ge de 10 ans, Ibrahim Mohamed d\u00e9couvre le football sous les couleurs de l&rsquo;AS Montferrand. Apr\u00e8s 7 saisons chez les jaunes et bleu de l&rsquo;ASM, Ibrahim rejoint le centre de formation de Clermont Foot pour &#8230; <\/p>\n<p class=\"read-more-container\"><a title=\"[Mercato] Ibrahim Mohamed renforce le secteur d\u00e9fensif du FCG !\" class=\"read-more button\" href=\"https:\/\/www.fcgueugnon.fr\/site\/mercato-ibrahim-mohamed-renforce-le-secteur-defensif-du-fcg\/447#more-447\" aria-label=\"Plus sur [Mercato] Ibrahim Mohamed renforce le secteur d\u00e9fensif du FCG !\">Lire la suite<\/a><\/p>\n","protected":false},"author":1,"featured_media":448,"comment_status":"closed","ping_status":"closed","sticky":false,"template":"","format":"standard","meta":{"footnotes":""},"categories":[5,4],"tags":[8,9,10],"class_list":["post-447","post","type-post","status-publish","format-standard","has-post-thumbnail","hentry","category-news-2022-2023","category-news","tag-effectif","tag-mercato-2022","tag-preparation-entrainement","infinite-scroll-item","generate-columns","tablet-grid-50","mobile-grid-100","grid-parent","grid-25","resize-featured-image"],"yoast_head":"<!-- This site is optimized with the Yoast SEO plugin v26.6 - https:\/\/yoast.com\/wordpress\/plugins\/seo\/ -->\n<title>[Mercato] Ibrahim Mohamed renforce le secteur d\u00e9fensif du FCG ! &#8226; FOOTBALL CLUB GUEUGNON<\/title>\n<meta name=\"robots\" content=\"index, follow, max-snippet:-1, max-image-preview:large, max-video-preview:-1\" \/>\n<link rel=\"canonical\" href=\"https:\/\/www.fcgueugnon.fr\/site\/mercato-ibrahim-mohamed-renforce-le-secteur-defensif-du-fcg\/447\" \/>\n<meta property=\"og:locale\" content=\"fr_FR\" \/>\n<meta property=\"og:type\" content=\"article\" \/>\n<meta property=\"og:title\" content=\"[Mercato] Ibrahim Mohamed renforce le secteur d\u00e9fensif du FCG ! &#8226; FOOTBALL CLUB GUEUGNON\" \/>\n<meta property=\"og:description\" content=\"Ibrahim Mohamed, d\u00e9fenseur lat\u00e9ral, est la seconde recrue estivale du FC Gueugnon ! Ibrahim Mohamed, D\u00e9fenseur &#8211; 23 ans \u00c0 l&rsquo;\u00e2ge de 10 ans, Ibrahim Mohamed d\u00e9couvre le football sous les couleurs de l&rsquo;AS Montferrand. Apr\u00e8s 7 saisons chez les jaunes et bleu de l&rsquo;ASM, Ibrahim rejoint le centre de formation de Clermont Foot pour ... Lire la suite\" \/>\n<meta property=\"og:url\" content=\"https:\/\/www.fcgueugnon.fr\/site\/mercato-ibrahim-mohamed-renforce-le-secteur-defensif-du-fcg\/447\" \/>\n<meta property=\"og:site_name\" content=\"FOOTBALL CLUB GUEUGNON\" \/>\n<meta property=\"article:publisher\" content=\"http:\/\/facebook.com\/FCGueugnon\" \/>\n<meta property=\"article:published_time\" content=\"2022-06-22T15:50:00+00:00\" \/>\n<meta property=\"article:modified_time\" content=\"2022-08-12T19:47:26+00:00\" \/>\n<meta property=\"og:image\" content=\"https:\/\/www.fcgueugnon.fr\/site\/wp-content\/uploads\/2022\/08\/Ibrahim-Mohamed-1-1024x576.png\" \/>\n\t<meta property=\"og:image:width\" content=\"1024\" \/>\n\t<meta property=\"og:image:height\" content=\"576\" \/>\n\t<meta property=\"og:image:type\" content=\"image\/png\" \/>\n<meta name=\"author\" content=\"FC Gueugnon\" \/>\n<meta name=\"twitter:card\" content=\"summary_large_image\" \/>\n<meta name=\"twitter:creator\" content=\"@FCGueugnon_off\" \/>\n<meta name=\"twitter:site\" content=\"@FCGueugnon_off\" \/>\n<meta name=\"twitter:label1\" content=\"\u00c9crit par\" \/>\n\t<meta name=\"twitter:data1\" content=\"FC Gueugnon\" \/>\n\t<meta name=\"twitter:label2\" content=\"Dur\u00e9e de lecture estim\u00e9e\" \/>\n\t<meta name=\"twitter:data2\" content=\"2 minutes\" \/>\n<script type=\"application\/ld+json\" class=\"yoast-schema-graph\">{\"@context\":\"https:\/\/schema.org\",\"@graph\":[{\"@type\":\"Article\",\"@id\":\"https:\/\/www.fcgueugnon.fr\/site\/mercato-ibrahim-mohamed-renforce-le-secteur-defensif-du-fcg\/447#article\",\"isPartOf\":{\"@id\":\"https:\/\/www.fcgueugnon.fr\/site\/mercato-ibrahim-mohamed-renforce-le-secteur-defensif-du-fcg\/447\"},\"author\":{\"name\":\"FC Gueugnon\",\"@id\":\"https:\/\/www.fcgueugnon.fr\/site\/#\/schema\/person\/f6444fbdd35fa731ee974c03508738fb\"},\"headline\":\"[Mercato] Ibrahim Mohamed renforce le secteur d\u00e9fensif du FCG !\",\"datePublished\":\"2022-06-22T15:50:00+00:00\",\"dateModified\":\"2022-08-12T19:47:26+00:00\",\"mainEntityOfPage\":{\"@id\":\"https:\/\/www.fcgueugnon.fr\/site\/mercato-ibrahim-mohamed-renforce-le-secteur-defensif-du-fcg\/447\"},\"wordCount\":249,\"publisher\":{\"@id\":\"https:\/\/www.fcgueugnon.fr\/site\/#organization\"},\"image\":{\"@id\":\"https:\/\/www.fcgueugnon.fr\/site\/mercato-ibrahim-mohamed-renforce-le-secteur-defensif-du-fcg\/447#primaryimage\"},\"thumbnailUrl\":\"https:\/\/www.fcgueugnon.fr\/site\/wp-content\/uploads\/2022\/08\/Ibrahim-Mohamed-1.png\",\"keywords\":[\"effectif\",\"Mercato 2022\",\"Pr\u00e9paration - Entrainement\"],\"articleSection\":[\"Archives 2022\/2023\",\"News\"],\"inLanguage\":\"fr-FR\"},{\"@type\":\"WebPage\",\"@id\":\"https:\/\/www.fcgueugnon.fr\/site\/mercato-ibrahim-mohamed-renforce-le-secteur-defensif-du-fcg\/447\",\"url\":\"https:\/\/www.fcgueugnon.fr\/site\/mercato-ibrahim-mohamed-renforce-le-secteur-defensif-du-fcg\/447\",\"name\":\"[Mercato] Ibrahim Mohamed renforce le secteur d\u00e9fensif du FCG ! &#8226; FOOTBALL CLUB GUEUGNON\",\"isPartOf\":{\"@id\":\"https:\/\/www.fcgueugnon.fr\/site\/#website\"},\"primaryImageOfPage\":{\"@id\":\"https:\/\/www.fcgueugnon.fr\/site\/mercato-ibrahim-mohamed-renforce-le-secteur-defensif-du-fcg\/447#primaryimage\"},\"image\":{\"@id\":\"https:\/\/www.fcgueugnon.fr\/site\/mercato-ibrahim-mohamed-renforce-le-secteur-defensif-du-fcg\/447#primaryimage\"},\"thumbnailUrl\":\"https:\/\/www.fcgueugnon.fr\/site\/wp-content\/uploads\/2022\/08\/Ibrahim-Mohamed-1.png\",\"datePublished\":\"2022-06-22T15:50:00+00:00\",\"dateModified\":\"2022-08-12T19:47:26+00:00\",\"breadcrumb\":{\"@id\":\"https:\/\/www.fcgueugnon.fr\/site\/mercato-ibrahim-mohamed-renforce-le-secteur-defensif-du-fcg\/447#breadcrumb\"},\"inLanguage\":\"fr-FR\",\"potentialAction\":[{\"@type\":\"ReadAction\",\"target\":[\"https:\/\/www.fcgueugnon.fr\/site\/mercato-ibrahim-mohamed-renforce-le-secteur-defensif-du-fcg\/447\"]}]},{\"@type\":\"ImageObject\",\"inLanguage\":\"fr-FR\",\"@id\":\"https:\/\/www.fcgueugnon.fr\/site\/mercato-ibrahim-mohamed-renforce-le-secteur-defensif-du-fcg\/447#primaryimage\",\"url\":\"https:\/\/www.fcgueugnon.fr\/site\/wp-content\/uploads\/2022\/08\/Ibrahim-Mohamed-1.png\",\"contentUrl\":\"https:\/\/www.fcgueugnon.fr\/site\/wp-content\/uploads\/2022\/08\/Ibrahim-Mohamed-1.png\",\"width\":1366,\"height\":768},{\"@type\":\"BreadcrumbList\",\"@id\":\"https:\/\/www.fcgueugnon.fr\/site\/mercato-ibrahim-mohamed-renforce-le-secteur-defensif-du-fcg\/447#breadcrumb\",\"itemListElement\":[{\"@type\":\"ListItem\",\"position\":1,\"name\":\"Accueil\",\"item\":\"https:\/\/www.fcgueugnon.fr\/site\/\"},{\"@type\":\"ListItem\",\"position\":2,\"name\":\"[Mercato] Ibrahim Mohamed renforce le secteur d\u00e9fensif du FCG !\"}]},{\"@type\":\"WebSite\",\"@id\":\"https:\/\/www.fcgueugnon.fr\/site\/#website\",\"url\":\"https:\/\/www.fcgueugnon.fr\/site\/\",\"name\":\"FOOTBALL CLUB GUEUGNON\",\"description\":\"Le Site Officiel des Forgerons\",\"publisher\":{\"@id\":\"https:\/\/www.fcgueugnon.fr\/site\/#organization\"},\"potentialAction\":[{\"@type\":\"SearchAction\",\"target\":{\"@type\":\"EntryPoint\",\"urlTemplate\":\"https:\/\/www.fcgueugnon.fr\/site\/?s={search_term_string}\"},\"query-input\":{\"@type\":\"PropertyValueSpecification\",\"valueRequired\":true,\"valueName\":\"search_term_string\"}}],\"inLanguage\":\"fr-FR\"},{\"@type\":\"Organization\",\"@id\":\"https:\/\/www.fcgueugnon.fr\/site\/#organization\",\"name\":\"FC Gueugnon\",\"url\":\"https:\/\/www.fcgueugnon.fr\/site\/\",\"logo\":{\"@type\":\"ImageObject\",\"inLanguage\":\"fr-FR\",\"@id\":\"https:\/\/www.fcgueugnon.fr\/site\/#\/schema\/logo\/image\/\",\"url\":\"https:\/\/www.fcgueugnon.fr\/site\/wp-content\/uploads\/2022\/07\/cropped-Logo-FCGUEUGNON-low-350x350-1.png\",\"contentUrl\":\"https:\/\/www.fcgueugnon.fr\/site\/wp-content\/uploads\/2022\/07\/cropped-Logo-FCGUEUGNON-low-350x350-1.png\",\"width\":350,\"height\":350,\"caption\":\"FC Gueugnon\"},\"image\":{\"@id\":\"https:\/\/www.fcgueugnon.fr\/site\/#\/schema\/logo\/image\/\"},\"sameAs\":[\"http:\/\/facebook.com\/FCGueugnon\",\"https:\/\/x.com\/FCGueugnon_off\",\"https:\/\/www.instagram.com\/fcgueugnon\/\",\"https:\/\/www.linkedin.com\/company\/football-club-de-gueugnon\/\",\"https:\/\/www.youtube.com\/user\/FCGueugnonnais\",\"https:\/\/fr.wikipedia.org\/wiki\/Football_Club_de_Gueugnon\"]},{\"@type\":\"Person\",\"@id\":\"https:\/\/www.fcgueugnon.fr\/site\/#\/schema\/person\/f6444fbdd35fa731ee974c03508738fb\",\"name\":\"FC Gueugnon\",\"sameAs\":[\"https:\/\/www.fcgueugnon.fr\/site\"],\"url\":\"https:\/\/www.fcgueugnon.fr\/site\/author\/admin-antho\"}]}<\/script>\n<!-- \/ Yoast SEO plugin. -->","yoast_head_json":{"title":"[Mercato] Ibrahim Mohamed renforce le secteur d\u00e9fensif du FCG ! &#8226; FOOTBALL CLUB GUEUGNON","robots":{"index":"index","follow":"follow","max-snippet":"max-snippet:-1","max-image-preview":"max-image-preview:large","max-video-preview":"max-video-preview:-1"},"canonical":"https:\/\/www.fcgueugnon.fr\/site\/mercato-ibrahim-mohamed-renforce-le-secteur-defensif-du-fcg\/447","og_locale":"fr_FR","og_type":"article","og_title":"[Mercato] Ibrahim Mohamed renforce le secteur d\u00e9fensif du FCG ! &#8226; FOOTBALL CLUB GUEUGNON","og_description":"Ibrahim Mohamed, d\u00e9fenseur lat\u00e9ral, est la seconde recrue estivale du FC Gueugnon ! Ibrahim Mohamed, D\u00e9fenseur &#8211; 23 ans \u00c0 l&rsquo;\u00e2ge de 10 ans, Ibrahim Mohamed d\u00e9couvre le football sous les couleurs de l&rsquo;AS Montferrand. Apr\u00e8s 7 saisons chez les jaunes et bleu de l&rsquo;ASM, Ibrahim rejoint le centre de formation de Clermont Foot pour ... Lire la suite","og_url":"https:\/\/www.fcgueugnon.fr\/site\/mercato-ibrahim-mohamed-renforce-le-secteur-defensif-du-fcg\/447","og_site_name":"FOOTBALL CLUB GUEUGNON","article_publisher":"http:\/\/facebook.com\/FCGueugnon","article_published_time":"2022-06-22T15:50:00+00:00","article_modified_time":"2022-08-12T19:47:26+00:00","og_image":[{"width":1024,"height":576,"url":"https:\/\/www.fcgueugnon.fr\/site\/wp-content\/uploads\/2022\/08\/Ibrahim-Mohamed-1-1024x576.png","type":"image\/png"}],"author":"FC Gueugnon","twitter_card":"summary_large_image","twitter_creator":"@FCGueugnon_off","twitter_site":"@FCGueugnon_off","twitter_misc":{"\u00c9crit par":"FC Gueugnon","Dur\u00e9e de lecture estim\u00e9e":"2 minutes"},"schema":{"@context":"https:\/\/schema.org","@graph":[{"@type":"Article","@id":"https:\/\/www.fcgueugnon.fr\/site\/mercato-ibrahim-mohamed-renforce-le-secteur-defensif-du-fcg\/447#article","isPartOf":{"@id":"https:\/\/www.fcgueugnon.fr\/site\/mercato-ibrahim-mohamed-renforce-le-secteur-defensif-du-fcg\/447"},"author":{"name":"FC Gueugnon","@id":"https:\/\/www.fcgueugnon.fr\/site\/#\/schema\/person\/f6444fbdd35fa731ee974c03508738fb"},"headline":"[Mercato] Ibrahim Mohamed renforce le secteur d\u00e9fensif du FCG !","datePublished":"2022-06-22T15:50:00+00:00","dateModified":"2022-08-12T19:47:26+00:00","mainEntityOfPage":{"@id":"https:\/\/www.fcgueugnon.fr\/site\/mercato-ibrahim-mohamed-renforce-le-secteur-defensif-du-fcg\/447"},"wordCount":249,"publisher":{"@id":"https:\/\/www.fcgueugnon.fr\/site\/#organization"},"image":{"@id":"https:\/\/www.fcgueugnon.fr\/site\/mercato-ibrahim-mohamed-renforce-le-secteur-defensif-du-fcg\/447#primaryimage"},"thumbnailUrl":"https:\/\/www.fcgueugnon.fr\/site\/wp-content\/uploads\/2022\/08\/Ibrahim-Mohamed-1.png","keywords":["effectif","Mercato 2022","Pr\u00e9paration - Entrainement"],"articleSection":["Archives 2022\/2023","News"],"inLanguage":"fr-FR"},{"@type":"WebPage","@id":"https:\/\/www.fcgueugnon.fr\/site\/mercato-ibrahim-mohamed-renforce-le-secteur-defensif-du-fcg\/447","url":"https:\/\/www.fcgueugnon.fr\/site\/mercato-ibrahim-mohamed-renforce-le-secteur-defensif-du-fcg\/447","name":"[Mercato] Ibrahim Mohamed renforce le secteur d\u00e9fensif du FCG ! &#8226; FOOTBALL CLUB GUEUGNON","isPartOf":{"@id":"https:\/\/www.fcgueugnon.fr\/site\/#website"},"primaryImageOfPage":{"@id":"https:\/\/www.fcgueugnon.fr\/site\/mercato-ibrahim-mohamed-renforce-le-secteur-defensif-du-fcg\/447#primaryimage"},"image":{"@id":"https:\/\/www.fcgueugnon.fr\/site\/mercato-ibrahim-mohamed-renforce-le-secteur-defensif-du-fcg\/447#primaryimage"},"thumbnailUrl":"https:\/\/www.fcgueugnon.fr\/site\/wp-content\/uploads\/2022\/08\/Ibrahim-Mohamed-1.png","datePublished":"2022-06-22T15:50:00+00:00","dateModified":"2022-08-12T19:47:26+00:00","breadcrumb":{"@id":"https:\/\/www.fcgueugnon.fr\/site\/mercato-ibrahim-mohamed-renforce-le-secteur-defensif-du-fcg\/447#breadcrumb"},"inLanguage":"fr-FR","potentialAction":[{"@type":"ReadAction","target":["https:\/\/www.fcgueugnon.fr\/site\/mercato-ibrahim-mohamed-renforce-le-secteur-defensif-du-fcg\/447"]}]},{"@type":"ImageObject","inLanguage":"fr-FR","@id":"https:\/\/www.fcgueugnon.fr\/site\/mercato-ibrahim-mohamed-renforce-le-secteur-defensif-du-fcg\/447#primaryimage","url":"https:\/\/www.fcgueugnon.fr\/site\/wp-content\/uploads\/2022\/08\/Ibrahim-Mohamed-1.png","contentUrl":"https:\/\/www.fcgueugnon.fr\/site\/wp-content\/uploads\/2022\/08\/Ibrahim-Mohamed-1.png","width":1366,"height":768},{"@type":"BreadcrumbList","@id":"https:\/\/www.fcgueugnon.fr\/site\/mercato-ibrahim-mohamed-renforce-le-secteur-defensif-du-fcg\/447#breadcrumb","itemListElement":[{"@type":"ListItem","position":1,"name":"Accueil","item":"https:\/\/www.fcgueugnon.fr\/site\/"},{"@type":"ListItem","position":2,"name":"[Mercato] Ibrahim Mohamed renforce le secteur d\u00e9fensif du FCG !"}]},{"@type":"WebSite","@id":"https:\/\/www.fcgueugnon.fr\/site\/#website","url":"https:\/\/www.fcgueugnon.fr\/site\/","name":"FOOTBALL CLUB GUEUGNON","description":"Le Site Officiel des Forgerons","publisher":{"@id":"https:\/\/www.fcgueugnon.fr\/site\/#organization"},"potentialAction":[{"@type":"SearchAction","target":{"@type":"EntryPoint","urlTemplate":"https:\/\/www.fcgueugnon.fr\/site\/?s={search_term_string}"},"query-input":{"@type":"PropertyValueSpecification","valueRequired":true,"valueName":"search_term_string"}}],"inLanguage":"fr-FR"},{"@type":"Organization","@id":"https:\/\/www.fcgueugnon.fr\/site\/#organization","name":"FC Gueugnon","url":"https:\/\/www.fcgueugnon.fr\/site\/","logo":{"@type":"ImageObject","inLanguage":"fr-FR","@id":"https:\/\/www.fcgueugnon.fr\/site\/#\/schema\/logo\/image\/","url":"https:\/\/www.fcgueugnon.fr\/site\/wp-content\/uploads\/2022\/07\/cropped-Logo-FCGUEUGNON-low-350x350-1.png","contentUrl":"https:\/\/www.fcgueugnon.fr\/site\/wp-content\/uploads\/2022\/07\/cropped-Logo-FCGUEUGNON-low-350x350-1.png","width":350,"height":350,"caption":"FC Gueugnon"},"image":{"@id":"https:\/\/www.fcgueugnon.fr\/site\/#\/schema\/logo\/image\/"},"sameAs":["http:\/\/facebook.com\/FCGueugnon","https:\/\/x.com\/FCGueugnon_off","https:\/\/www.instagram.com\/fcgueugnon\/","https:\/\/www.linkedin.com\/company\/football-club-de-gueugnon\/","https:\/\/www.youtube.com\/user\/FCGueugnonnais","https:\/\/fr.wikipedia.org\/wiki\/Football_Club_de_Gueugnon"]},{"@type":"Person","@id":"https:\/\/www.fcgueugnon.fr\/site\/#\/schema\/person\/f6444fbdd35fa731ee974c03508738fb","name":"FC Gueugnon","sameAs":["https:\/\/www.fcgueugnon.fr\/site"],"url":"https:\/\/www.fcgueugnon.fr\/site\/author\/admin-antho"}]}},"rttpg_featured_image_url":{"full":["https:\/\/www.fcgueugnon.fr\/site\/wp-content\/uploads\/2022\/08\/Ibrahim-Mohamed-1.png",1366,768,false],"landscape":["https:\/\/www.fcgueugnon.fr\/site\/wp-content\/uploads\/2022\/08\/Ibrahim-Mohamed-1.png",1366,768,false],"portraits":["https:\/\/www.fcgueugnon.fr\/site\/wp-content\/uploads\/2022\/08\/Ibrahim-Mohamed-1.png",1366,768,false],"thumbnail":["https:\/\/www.fcgueugnon.fr\/site\/wp-content\/uploads\/2022\/08\/Ibrahim-Mohamed-1-150x150.png",150,150,true],"medium":["https:\/\/www.fcgueugnon.fr\/site\/wp-content\/uploads\/2022\/08\/Ibrahim-Mohamed-1-400x225.png",400,225,true],"large":["https:\/\/www.fcgueugnon.fr\/site\/wp-content\/uploads\/2022\/08\/Ibrahim-Mohamed-1-1024x576.png",1024,576,true],"1536x1536":["https:\/\/www.fcgueugnon.fr\/site\/wp-content\/uploads\/2022\/08\/Ibrahim-Mohamed-1.png",1366,768,false],"2048x2048":["https:\/\/www.fcgueugnon.fr\/site\/wp-content\/uploads\/2022\/08\/Ibrahim-Mohamed-1.png",1366,768,false]},"rttpg_author":{"display_name":"FC Gueugnon","author_link":"https:\/\/www.fcgueugnon.fr\/site\/author\/admin-antho"},"rttpg_comment":0,"rttpg_category":"<a href=\"https:\/\/www.fcgueugnon.fr\/site\/category\/news\/news-2022-2023\" rel=\"category tag\">Archives 2022\/2023<\/a> <a href=\"https:\/\/www.fcgueugnon.fr\/site\/category\/news\" rel=\"category tag\">News<\/a>","rttpg_excerpt":"Ibrahim Mohamed, d\u00e9fenseur lat\u00e9ral, est la seconde recrue estivale du FC Gueugnon ! Ibrahim Mohamed, D\u00e9fenseur &#8211; 23 ans \u00c0 l&rsquo;\u00e2ge de 10 ans, Ibrahim Mohamed d\u00e9couvre le football sous les couleurs de l&rsquo;AS Montferrand. Apr\u00e8s 7 saisons chez les jaunes et bleu de l&rsquo;ASM, Ibrahim rejoint le centre de formation de Clermont Foot pour\u2026","_links":{"self":[{"href":"https:\/\/www.fcgueugnon.fr\/site\/wp-json\/wp\/v2\/posts\/447","targetHints":{"allow":["GET"]}}],"collection":[{"href":"https:\/\/www.fcgueugnon.fr\/site\/wp-json\/wp\/v2\/posts"}],"about":[{"href":"https:\/\/www.fcgueugnon.fr\/site\/wp-json\/wp\/v2\/types\/post"}],"author":[{"embeddable":true,"href":"https:\/\/www.fcgueugnon.fr\/site\/wp-json\/wp\/v2\/users\/1"}],"replies":[{"embeddable":true,"href":"https:\/\/www.fcgueugnon.fr\/site\/wp-json\/wp\/v2\/comments?post=447"}],"version-history":[{"count":1,"href":"https:\/\/www.fcgueugnon.fr\/site\/wp-json\/wp\/v2\/posts\/447\/revisions"}],"predecessor-version":[{"id":450,"href":"https:\/\/www.fcgueugnon.fr\/site\/wp-json\/wp\/v2\/posts\/447\/revisions\/450"}],"wp:featuredmedia":[{"embeddable":true,"href":"https:\/\/www.fcgueugnon.fr\/site\/wp-json\/wp\/v2\/media\/448"}],"wp:attachment":[{"href":"https:\/\/www.fcgueugnon.fr\/site\/wp-json\/wp\/v2\/media?parent=447"}],"wp:term":[{"taxonomy":"category","embeddable":true,"href":"https:\/\/www.fcgueugnon.fr\/site\/wp-json\/wp\/v2\/categories?post=447"},{"taxonomy":"post_tag","embeddable":true,"href":"https:\/\/www.fcgueugnon.fr\/site\/wp-json\/wp\/v2\/tags?post=447"}],"curies":[{"name":"wp","href":"https:\/\/api.w.org\/{rel}","templated":true}]}}