{"id":4339,"date":"2023-05-02T14:29:25","date_gmt":"2023-05-02T12:29:25","guid":{"rendered":"https:\/\/www.fcgueugnon.fr\/site\/?p=4339"},"modified":"2023-05-13T13:14:38","modified_gmt":"2023-05-13T11:14:38","slug":"agenda-les-resultats-du-week-end-du-29-et-30-avril-2023","status":"publish","type":"post","link":"https:\/\/www.fcgueugnon.fr\/site\/agenda-les-resultats-du-week-end-du-29-et-30-avril-2023\/4339","title":{"rendered":"[Agenda] Les r\u00e9sultats du week-end du 29 et 30 Avril 2023"},"content":{"rendered":"\n<h2 class=\"wp-block-heading\">Les r\u00e9sultats de nos forgerons ce week-end :<\/h2>\n\n\n\n<div style=\"height:35px\" aria-hidden=\"true\" class=\"wp-block-spacer\"><\/div>\n\n\n\n<h3 class=\"wp-block-heading blue-underline-title\">S\u00e9niors<\/h3>\n\n\n\n<p><em>Groupe N3 \u2013 Match de pr\u00e9paration<\/em> \u274c<br>Dimanche 30\/04 \u2013 13h00<br><strong>Olympique Lyonnais B \/ FC Gueugnon : 3-0<\/strong><\/p>\n\n\n\n<div style=\"height:20px\" aria-hidden=\"true\" class=\"wp-block-spacer\"><\/div>\n\n\n<div class=\"wp-block-image\">\n<figure class=\"aligncenter size-full is-resized\"><img loading=\"lazy\" decoding=\"async\" src=\"https:\/\/www.fcgueugnon.fr\/site\/wp-content\/uploads\/2023\/05\/OL-3-0-FC-GUEUGNON.png\" alt=\"\" class=\"wp-image-4355\" width=\"500\" height=\"500\" srcset=\"https:\/\/www.fcgueugnon.fr\/site\/wp-content\/uploads\/2023\/05\/OL-3-0-FC-GUEUGNON.png 2000w, https:\/\/www.fcgueugnon.fr\/site\/wp-content\/uploads\/2023\/05\/OL-3-0-FC-GUEUGNON-400x400.png 400w, https:\/\/www.fcgueugnon.fr\/site\/wp-content\/uploads\/2023\/05\/OL-3-0-FC-GUEUGNON-1024x1024.png 1024w, https:\/\/www.fcgueugnon.fr\/site\/wp-content\/uploads\/2023\/05\/OL-3-0-FC-GUEUGNON-150x150.png 150w, https:\/\/www.fcgueugnon.fr\/site\/wp-content\/uploads\/2023\/05\/OL-3-0-FC-GUEUGNON-768x768.png 768w, https:\/\/www.fcgueugnon.fr\/site\/wp-content\/uploads\/2023\/05\/OL-3-0-FC-GUEUGNON-1536x1536.png 1536w, https:\/\/www.fcgueugnon.fr\/site\/wp-content\/uploads\/2023\/05\/OL-3-0-FC-GUEUGNON-1320x1320.png 1320w, https:\/\/www.fcgueugnon.fr\/site\/wp-content\/uploads\/2023\/05\/OL-3-0-FC-GUEUGNON-300x300.png 300w, https:\/\/www.fcgueugnon.fr\/site\/wp-content\/uploads\/2023\/05\/OL-3-0-FC-GUEUGNON-600x600.png 600w, https:\/\/www.fcgueugnon.fr\/site\/wp-content\/uploads\/2023\/05\/OL-3-0-FC-GUEUGNON-100x100.png 100w\" sizes=\"auto, (max-width: 500px) 100vw, 500px\" \/><\/figure>\n<\/div>\n\n\n<div style=\"height:35px\" aria-hidden=\"true\" class=\"wp-block-spacer\"><\/div>\n\n\n\n<h3 class=\"wp-block-heading blue-underline-title\">Sport E.Leclerc Acad\u00e9mie<\/h3>\n\n\n\n<p><em>U18 R1 \u2013 J17<\/em> \u274c<br>Samedi 29\/04 \u2013 13h00<br><strong>Dijon FCO \/ FC Gueugnon : 11-0<\/strong><\/p>\n\n\n\n<p><em>U16 R1 \u2013 J17<\/em> \ud83d\udfe7<br>Dimanche 30\/04 \u2013 13h00<br><strong>FC Gueugnon \/ Jura Sud : 2-2<\/strong><\/p>\n\n\n\n<p><em>U15 R1 \u2013 J06<\/em> \ud83d\udfe7<br>Samedi 29\/04 \u2013 15h00<br><strong>FC Gueugnon \/ Jura Dolois : 1-1<\/strong><\/p>\n\n\n\n<p><em>U15F D1 \u2013 J06<\/em> \u274c<br>Samedi 29\/04 \u2013 10h30<br><strong>AS Chatenoy-le-Royal \/ FC Gueugnon : 2-1<\/strong><\/p>\n\n\n\n<div style=\"height:20px\" aria-hidden=\"true\" class=\"wp-block-spacer\"><\/div>\n\n\n<div class=\"wp-block-image\">\n<figure class=\"aligncenter size-full is-resized\"><img loading=\"lazy\" decoding=\"async\" src=\"https:\/\/www.fcgueugnon.fr\/site\/wp-content\/uploads\/2023\/05\/U15F-3.jpeg\" alt=\"\" class=\"wp-image-4340\" width=\"512\" height=\"384\" srcset=\"https:\/\/www.fcgueugnon.fr\/site\/wp-content\/uploads\/2023\/05\/U15F-3.jpeg 2048w, https:\/\/www.fcgueugnon.fr\/site\/wp-content\/uploads\/2023\/05\/U15F-3-400x300.jpeg 400w, https:\/\/www.fcgueugnon.fr\/site\/wp-content\/uploads\/2023\/05\/U15F-3-1024x768.jpeg 1024w, https:\/\/www.fcgueugnon.fr\/site\/wp-content\/uploads\/2023\/05\/U15F-3-768x576.jpeg 768w, https:\/\/www.fcgueugnon.fr\/site\/wp-content\/uploads\/2023\/05\/U15F-3-1536x1152.jpeg 1536w, https:\/\/www.fcgueugnon.fr\/site\/wp-content\/uploads\/2023\/05\/U15F-3-1320x990.jpeg 1320w, https:\/\/www.fcgueugnon.fr\/site\/wp-content\/uploads\/2023\/05\/U15F-3-600x450.jpeg 600w\" sizes=\"auto, (max-width: 512px) 100vw, 512px\" \/><\/figure>\n<\/div>\n\n\n<div style=\"height:20px\" aria-hidden=\"true\" class=\"wp-block-spacer\"><\/div>\n\n\n\n<p><em>U14 R1 \u2013 J06<\/em> \u274c<br>Samedi 29\/04 \u2013 15h00<br><strong>FC Chalon \/ FC Gueugnon : 5-1<\/strong><\/p>\n\n\n\n<div style=\"height:20px\" aria-hidden=\"true\" class=\"wp-block-spacer\"><\/div>\n\n\n<div class=\"wp-block-image\">\n<figure class=\"aligncenter size-full is-resized\"><img loading=\"lazy\" decoding=\"async\" src=\"https:\/\/www.fcgueugnon.fr\/site\/wp-content\/uploads\/2023\/05\/U15-5.jpeg\" alt=\"\" class=\"wp-image-4343\" width=\"512\" height=\"384\" srcset=\"https:\/\/www.fcgueugnon.fr\/site\/wp-content\/uploads\/2023\/05\/U15-5.jpeg 2048w, https:\/\/www.fcgueugnon.fr\/site\/wp-content\/uploads\/2023\/05\/U15-5-400x300.jpeg 400w, https:\/\/www.fcgueugnon.fr\/site\/wp-content\/uploads\/2023\/05\/U15-5-1024x768.jpeg 1024w, https:\/\/www.fcgueugnon.fr\/site\/wp-content\/uploads\/2023\/05\/U15-5-768x576.jpeg 768w, https:\/\/www.fcgueugnon.fr\/site\/wp-content\/uploads\/2023\/05\/U15-5-1536x1152.jpeg 1536w, https:\/\/www.fcgueugnon.fr\/site\/wp-content\/uploads\/2023\/05\/U15-5-1320x990.jpeg 1320w, https:\/\/www.fcgueugnon.fr\/site\/wp-content\/uploads\/2023\/05\/U15-5-600x450.jpeg 600w\" sizes=\"auto, (max-width: 512px) 100vw, 512px\" \/><\/figure>\n<\/div>\n\n\n<div style=\"height:20px\" aria-hidden=\"true\" class=\"wp-block-spacer\"><\/div>\n\n\n\n<p><em>U13 Intersecteurs \u2013 J06<\/em> \u2705<br>Samedi 29\/04 \u2013 12h00<br><strong>FC Gueugnon \/ FCO Avallon : 4-1<\/strong><\/p>\n\n\n\n<p><em>U13 Intersecteurs \u2013 Tournoi<\/em> \u2705<br>Lundi 01\/05 \u2013 Journ\u00e9e compl\u00e8te<br><strong>Tournoi \u00e0 Vitry-en-Charollais : 1er<\/strong><\/p>\n\n\n\n<div style=\"height:20px\" aria-hidden=\"true\" class=\"wp-block-spacer\"><\/div>\n\n\n<div class=\"wp-block-image\">\n<figure class=\"aligncenter size-full is-resized\"><img loading=\"lazy\" decoding=\"async\" src=\"https:\/\/www.fcgueugnon.fr\/site\/wp-content\/uploads\/2023\/05\/U13.jpg\" alt=\"\" class=\"wp-image-4351\" width=\"375\" height=\"500\" srcset=\"https:\/\/www.fcgueugnon.fr\/site\/wp-content\/uploads\/2023\/05\/U13.jpg 1500w, https:\/\/www.fcgueugnon.fr\/site\/wp-content\/uploads\/2023\/05\/U13-300x400.jpg 300w, https:\/\/www.fcgueugnon.fr\/site\/wp-content\/uploads\/2023\/05\/U13-768x1024.jpg 768w, https:\/\/www.fcgueugnon.fr\/site\/wp-content\/uploads\/2023\/05\/U13-1152x1536.jpg 1152w, https:\/\/www.fcgueugnon.fr\/site\/wp-content\/uploads\/2023\/05\/U13-1320x1760.jpg 1320w, https:\/\/www.fcgueugnon.fr\/site\/wp-content\/uploads\/2023\/05\/U13-600x800.jpg 600w\" sizes=\"auto, (max-width: 375px) 100vw, 375px\" \/><\/figure>\n<\/div>\n\n\n<div style=\"height:20px\" aria-hidden=\"true\" class=\"wp-block-spacer\"><\/div>\n\n\n\n<p><em>U12 D1 \u00a0\u2013 J05<\/em> \u2705<br>Samedi 29\/04 \u2013 14h00<br><strong>JO Le Creusot \/ FC Gueugnon : 2-1<\/strong><\/p>\n\n\n\n<div style=\"height:20px\" aria-hidden=\"true\" class=\"wp-block-spacer\"><\/div>\n\n\n<div class=\"wp-block-image\">\n<figure class=\"aligncenter size-full is-resized\"><img loading=\"lazy\" decoding=\"async\" src=\"https:\/\/www.fcgueugnon.fr\/site\/wp-content\/uploads\/2023\/05\/U12.jpeg\" alt=\"\" class=\"wp-image-4341\" width=\"384\" height=\"512\" srcset=\"https:\/\/www.fcgueugnon.fr\/site\/wp-content\/uploads\/2023\/05\/U12.jpeg 1536w, https:\/\/www.fcgueugnon.fr\/site\/wp-content\/uploads\/2023\/05\/U12-300x400.jpeg 300w, https:\/\/www.fcgueugnon.fr\/site\/wp-content\/uploads\/2023\/05\/U12-768x1024.jpeg 768w, https:\/\/www.fcgueugnon.fr\/site\/wp-content\/uploads\/2023\/05\/U12-1152x1536.jpeg 1152w, https:\/\/www.fcgueugnon.fr\/site\/wp-content\/uploads\/2023\/05\/U12-1320x1760.jpeg 1320w, https:\/\/www.fcgueugnon.fr\/site\/wp-content\/uploads\/2023\/05\/U12-600x800.jpeg 600w\" sizes=\"auto, (max-width: 384px) 100vw, 384px\" \/><\/figure>\n<\/div>\n\n\n<div style=\"height:20px\" aria-hidden=\"true\" class=\"wp-block-spacer\"><\/div>\n\n\n\n<p><em>U11 \u2013 Niveau 1<\/em> \u274c<br>Samedi 29\/04 \u2013 10h30<br><strong>GJ M\u00e2con \/ FC Gueugnon : 4-1<\/strong><\/p>\n\n\n\n<p><em>U11 \u2013 Niveau 1<\/em> \u2705<br>Dimanche 30\/04 \u2013 Journ\u00e9e compl\u00e8te<br><strong>Tournoi \u00e0 Saint Vallier : 1er\/16<\/strong><\/p>\n\n\n\n<div style=\"height:20px\" aria-hidden=\"true\" class=\"wp-block-spacer\"><\/div>\n\n\n<div class=\"wp-block-image\">\n<figure class=\"aligncenter size-full is-resized\"><img loading=\"lazy\" decoding=\"async\" src=\"https:\/\/www.fcgueugnon.fr\/site\/wp-content\/uploads\/2023\/05\/U10-U11-6.jpeg\" alt=\"\" class=\"wp-image-4346\" width=\"300\" height=\"400\" srcset=\"https:\/\/www.fcgueugnon.fr\/site\/wp-content\/uploads\/2023\/05\/U10-U11-6.jpeg 1200w, https:\/\/www.fcgueugnon.fr\/site\/wp-content\/uploads\/2023\/05\/U10-U11-6-300x400.jpeg 300w, https:\/\/www.fcgueugnon.fr\/site\/wp-content\/uploads\/2023\/05\/U10-U11-6-768x1024.jpeg 768w, https:\/\/www.fcgueugnon.fr\/site\/wp-content\/uploads\/2023\/05\/U10-U11-6-1152x1536.jpeg 1152w, https:\/\/www.fcgueugnon.fr\/site\/wp-content\/uploads\/2023\/05\/U10-U11-6-600x800.jpeg 600w\" sizes=\"auto, (max-width: 300px) 100vw, 300px\" \/><\/figure>\n<\/div>\n\n\n<div style=\"height:20px\" aria-hidden=\"true\" class=\"wp-block-spacer\"><\/div>\n\n\n\n<p><em>U11 <\/em><em>\u2013<\/em><em> Niveau 2<\/em><br>Samedi 29\/04 \u2013 13h30<br><strong>JSTEL \/ FC Gueugnon <\/strong><strong><\/strong><\/p>\n\n\n\n<p><em>U11 \u2013 Niveau 2<\/em> \u2611<br>Lundi 01\/05 \u2013 Journ\u00e9e compl\u00e8te<br><strong>Tournoi \u00e0 Toulon-sur-Arroux<\/strong><br>\u00c9quipe 1 : 5\u00e8me\/16<br>\u00c9quipe 2 : 9\u00e8me\/16<\/p>\n\n\n\n<div style=\"height:20px\" aria-hidden=\"true\" class=\"wp-block-spacer\"><\/div>\n\n\n\n<figure class=\"wp-block-gallery has-nested-images columns-default is-cropped wp-block-gallery-1 is-layout-flex wp-block-gallery-is-layout-flex\">\n<figure class=\"wp-block-image size-large\"><img loading=\"lazy\" decoding=\"async\" width=\"768\" height=\"1024\" data-id=\"4352\" src=\"https:\/\/www.fcgueugnon.fr\/site\/wp-content\/uploads\/2023\/05\/U11-TOULON-2-768x1024.jpeg\" alt=\"\" class=\"wp-image-4352\" srcset=\"https:\/\/www.fcgueugnon.fr\/site\/wp-content\/uploads\/2023\/05\/U11-TOULON-2-768x1024.jpeg 768w, https:\/\/www.fcgueugnon.fr\/site\/wp-content\/uploads\/2023\/05\/U11-TOULON-2-300x400.jpeg 300w, https:\/\/www.fcgueugnon.fr\/site\/wp-content\/uploads\/2023\/05\/U11-TOULON-2-1152x1536.jpeg 1152w, https:\/\/www.fcgueugnon.fr\/site\/wp-content\/uploads\/2023\/05\/U11-TOULON-2-600x800.jpeg 600w, https:\/\/www.fcgueugnon.fr\/site\/wp-content\/uploads\/2023\/05\/U11-TOULON-2.jpeg 1200w\" sizes=\"auto, (max-width: 768px) 100vw, 768px\" \/><\/figure>\n\n\n\n<figure class=\"wp-block-image size-large\"><img loading=\"lazy\" decoding=\"async\" width=\"768\" height=\"1024\" data-id=\"4353\" src=\"https:\/\/www.fcgueugnon.fr\/site\/wp-content\/uploads\/2023\/05\/U11-TOULON-1-768x1024.jpeg\" alt=\"\" class=\"wp-image-4353\" srcset=\"https:\/\/www.fcgueugnon.fr\/site\/wp-content\/uploads\/2023\/05\/U11-TOULON-1-768x1024.jpeg 768w, https:\/\/www.fcgueugnon.fr\/site\/wp-content\/uploads\/2023\/05\/U11-TOULON-1-300x400.jpeg 300w, https:\/\/www.fcgueugnon.fr\/site\/wp-content\/uploads\/2023\/05\/U11-TOULON-1-1152x1536.jpeg 1152w, https:\/\/www.fcgueugnon.fr\/site\/wp-content\/uploads\/2023\/05\/U11-TOULON-1-600x800.jpeg 600w, https:\/\/www.fcgueugnon.fr\/site\/wp-content\/uploads\/2023\/05\/U11-TOULON-1.jpeg 1200w\" sizes=\"auto, (max-width: 768px) 100vw, 768px\" \/><\/figure>\n<\/figure>\n\n\n\n<div style=\"height:20px\" aria-hidden=\"true\" class=\"wp-block-spacer\"><\/div>\n\n\n\n<p><em>U11 \u2013 Niveau 3<\/em> \u2611<br>Samedi 29\/04 \u2013 14h00<br><strong>FC Gueugnon U9 \/ FC Gueugnon U11 : 4-5<\/strong><\/p>\n\n\n\n<p><em>U08 &#8211; U09<\/em> \u2611<br>Samedi 29\/04 \u2013 10h30<br><strong>Plateau \u00e0 Bourbon-Lancy<\/strong><br>\u00c9quipe U8\/U9 : 1V, 2N, 1D<br>\u00c9quipe U7 : 4V<\/p>\n\n\n\n<div style=\"height:20px\" aria-hidden=\"true\" class=\"wp-block-spacer\"><\/div>\n\n\n<div class=\"wp-block-image\">\n<figure class=\"aligncenter size-full is-resized\"><img loading=\"lazy\" decoding=\"async\" src=\"https:\/\/www.fcgueugnon.fr\/site\/wp-content\/uploads\/2023\/05\/U8-U9-31.jpeg\" alt=\"\" class=\"wp-image-4342\" width=\"1024\" height=\"473\" srcset=\"https:\/\/www.fcgueugnon.fr\/site\/wp-content\/uploads\/2023\/05\/U8-U9-31.jpeg 2048w, https:\/\/www.fcgueugnon.fr\/site\/wp-content\/uploads\/2023\/05\/U8-U9-31-400x185.jpeg 400w, https:\/\/www.fcgueugnon.fr\/site\/wp-content\/uploads\/2023\/05\/U8-U9-31-1024x473.jpeg 1024w, https:\/\/www.fcgueugnon.fr\/site\/wp-content\/uploads\/2023\/05\/U8-U9-31-768x354.jpeg 768w, https:\/\/www.fcgueugnon.fr\/site\/wp-content\/uploads\/2023\/05\/U8-U9-31-1536x709.jpeg 1536w, https:\/\/www.fcgueugnon.fr\/site\/wp-content\/uploads\/2023\/05\/U8-U9-31-1320x609.jpeg 1320w, https:\/\/www.fcgueugnon.fr\/site\/wp-content\/uploads\/2023\/05\/U8-U9-31-600x277.jpeg 600w\" sizes=\"auto, (max-width: 1024px) 100vw, 1024px\" \/><\/figure>\n<\/div>\n\n\n<div style=\"height:20px\" aria-hidden=\"true\" class=\"wp-block-spacer\"><\/div>\n\n\n\n<p><em>U08 &#8211; U09<\/em> \u2611<br>Samedi 29\/04 \u2013 14h00<br><strong>FC Gueugnon U9 \/ FC Gueugnon U11 : 4-5<\/strong><\/p>\n\n\n\n<p><em>U08 &#8211; U09<\/em> \u2611<br>Dimanche 30\/04 \u2013 Journ\u00e9e compl\u00e8te<br><strong>Tournoi \u00e0 Saint Vallier : 7\u00e8me\/16<\/strong><\/p>\n\n\n\n<div style=\"height:20px\" aria-hidden=\"true\" class=\"wp-block-spacer\"><\/div>\n\n\n<div class=\"wp-block-image\">\n<figure class=\"aligncenter size-full is-resized\"><img loading=\"lazy\" decoding=\"async\" src=\"https:\/\/www.fcgueugnon.fr\/site\/wp-content\/uploads\/2023\/05\/U9-3.jpeg\" alt=\"\" class=\"wp-image-4347\" width=\"500\" height=\"375\" srcset=\"https:\/\/www.fcgueugnon.fr\/site\/wp-content\/uploads\/2023\/05\/U9-3.jpeg 2000w, https:\/\/www.fcgueugnon.fr\/site\/wp-content\/uploads\/2023\/05\/U9-3-400x300.jpeg 400w, https:\/\/www.fcgueugnon.fr\/site\/wp-content\/uploads\/2023\/05\/U9-3-1024x768.jpeg 1024w, https:\/\/www.fcgueugnon.fr\/site\/wp-content\/uploads\/2023\/05\/U9-3-768x576.jpeg 768w, https:\/\/www.fcgueugnon.fr\/site\/wp-content\/uploads\/2023\/05\/U9-3-1536x1152.jpeg 1536w, https:\/\/www.fcgueugnon.fr\/site\/wp-content\/uploads\/2023\/05\/U9-3-1320x990.jpeg 1320w, https:\/\/www.fcgueugnon.fr\/site\/wp-content\/uploads\/2023\/05\/U9-3-600x450.jpeg 600w\" sizes=\"auto, (max-width: 500px) 100vw, 500px\" \/><\/figure>\n<\/div>\n\n\n<div style=\"height:20px\" aria-hidden=\"true\" class=\"wp-block-spacer\"><\/div>\n\n\n\n<p><em>U08 &#8211; U09<\/em> \u2705<br>Lundi 01\/05 \u2013 Journ\u00e9e compl\u00e8te<br><strong>Tournoi \u00e0 Vitry-en-Charollais<\/strong><br>\u00c9quipe U8\/U9 : 1er\/16.<br>\u00c9quipe U8\/U9 2 : 13\u00e8me\/16.<\/p>\n\n\n\n<div style=\"height:20px\" aria-hidden=\"true\" class=\"wp-block-spacer\"><\/div>\n\n\n\n<figure class=\"wp-block-gallery has-nested-images columns-default is-cropped wp-block-gallery-2 is-layout-flex wp-block-gallery-is-layout-flex\">\n<figure class=\"wp-block-image size-large\"><img loading=\"lazy\" decoding=\"async\" width=\"1024\" height=\"768\" data-id=\"4350\" src=\"https:\/\/www.fcgueugnon.fr\/site\/wp-content\/uploads\/2023\/05\/U8-U9-VITRY-2-1024x768.jpeg\" alt=\"\" class=\"wp-image-4350\" srcset=\"https:\/\/www.fcgueugnon.fr\/site\/wp-content\/uploads\/2023\/05\/U8-U9-VITRY-2-1024x768.jpeg 1024w, https:\/\/www.fcgueugnon.fr\/site\/wp-content\/uploads\/2023\/05\/U8-U9-VITRY-2-400x300.jpeg 400w, https:\/\/www.fcgueugnon.fr\/site\/wp-content\/uploads\/2023\/05\/U8-U9-VITRY-2-768x576.jpeg 768w, https:\/\/www.fcgueugnon.fr\/site\/wp-content\/uploads\/2023\/05\/U8-U9-VITRY-2-1536x1152.jpeg 1536w, https:\/\/www.fcgueugnon.fr\/site\/wp-content\/uploads\/2023\/05\/U8-U9-VITRY-2-1320x990.jpeg 1320w, https:\/\/www.fcgueugnon.fr\/site\/wp-content\/uploads\/2023\/05\/U8-U9-VITRY-2-600x450.jpeg 600w, https:\/\/www.fcgueugnon.fr\/site\/wp-content\/uploads\/2023\/05\/U8-U9-VITRY-2.jpeg 1600w\" sizes=\"auto, (max-width: 1024px) 100vw, 1024px\" \/><\/figure>\n\n\n\n<figure class=\"wp-block-image size-large\"><img loading=\"lazy\" decoding=\"async\" width=\"1024\" height=\"768\" data-id=\"4349\" src=\"https:\/\/www.fcgueugnon.fr\/site\/wp-content\/uploads\/2023\/05\/U8-U9-VITRY-3-1024x768.jpeg\" alt=\"\" class=\"wp-image-4349\" srcset=\"https:\/\/www.fcgueugnon.fr\/site\/wp-content\/uploads\/2023\/05\/U8-U9-VITRY-3-1024x768.jpeg 1024w, https:\/\/www.fcgueugnon.fr\/site\/wp-content\/uploads\/2023\/05\/U8-U9-VITRY-3-400x300.jpeg 400w, https:\/\/www.fcgueugnon.fr\/site\/wp-content\/uploads\/2023\/05\/U8-U9-VITRY-3-768x576.jpeg 768w, https:\/\/www.fcgueugnon.fr\/site\/wp-content\/uploads\/2023\/05\/U8-U9-VITRY-3-1536x1152.jpeg 1536w, https:\/\/www.fcgueugnon.fr\/site\/wp-content\/uploads\/2023\/05\/U8-U9-VITRY-3-1320x990.jpeg 1320w, https:\/\/www.fcgueugnon.fr\/site\/wp-content\/uploads\/2023\/05\/U8-U9-VITRY-3-600x450.jpeg 600w, https:\/\/www.fcgueugnon.fr\/site\/wp-content\/uploads\/2023\/05\/U8-U9-VITRY-3.jpeg 1600w\" sizes=\"auto, (max-width: 1024px) 100vw, 1024px\" \/><\/figure>\n\n\n\n<figure class=\"wp-block-image size-large\"><img loading=\"lazy\" decoding=\"async\" width=\"1024\" height=\"768\" data-id=\"4348\" src=\"https:\/\/www.fcgueugnon.fr\/site\/wp-content\/uploads\/2023\/05\/U8-U9-VITRY-1-1024x768.jpeg\" alt=\"\" class=\"wp-image-4348\" srcset=\"https:\/\/www.fcgueugnon.fr\/site\/wp-content\/uploads\/2023\/05\/U8-U9-VITRY-1-1024x768.jpeg 1024w, https:\/\/www.fcgueugnon.fr\/site\/wp-content\/uploads\/2023\/05\/U8-U9-VITRY-1-400x300.jpeg 400w, https:\/\/www.fcgueugnon.fr\/site\/wp-content\/uploads\/2023\/05\/U8-U9-VITRY-1-768x576.jpeg 768w, https:\/\/www.fcgueugnon.fr\/site\/wp-content\/uploads\/2023\/05\/U8-U9-VITRY-1-1536x1152.jpeg 1536w, https:\/\/www.fcgueugnon.fr\/site\/wp-content\/uploads\/2023\/05\/U8-U9-VITRY-1-1320x990.jpeg 1320w, https:\/\/www.fcgueugnon.fr\/site\/wp-content\/uploads\/2023\/05\/U8-U9-VITRY-1-600x450.jpeg 600w, https:\/\/www.fcgueugnon.fr\/site\/wp-content\/uploads\/2023\/05\/U8-U9-VITRY-1.jpeg 1600w\" sizes=\"auto, (max-width: 1024px) 100vw, 1024px\" \/><\/figure>\n<\/figure>\n\n\n\n<div style=\"height:20px\" aria-hidden=\"true\" class=\"wp-block-spacer\"><\/div>\n\n\n\n<p><em>U08F &#8211; U09F<\/em> \u2611<br>Samedi 29\/04 \u2013 10h30<br><strong>Plateau \u00e0 Palinges<\/strong><br>\u00c9quipe U8\/U9 F\u00e9minine : 2V-1N-3D<\/p>\n\n\n\n<div style=\"height:20px\" aria-hidden=\"true\" class=\"wp-block-spacer\"><\/div>\n\n\n<div class=\"wp-block-image\">\n<figure class=\"aligncenter size-full is-resized\"><img loading=\"lazy\" decoding=\"async\" src=\"https:\/\/www.fcgueugnon.fr\/site\/wp-content\/uploads\/2023\/05\/U8F-U9F-2.jpeg\" alt=\"\" class=\"wp-image-4345\" width=\"300\" height=\"400\" srcset=\"https:\/\/www.fcgueugnon.fr\/site\/wp-content\/uploads\/2023\/05\/U8F-U9F-2.jpeg 1200w, https:\/\/www.fcgueugnon.fr\/site\/wp-content\/uploads\/2023\/05\/U8F-U9F-2-300x400.jpeg 300w, https:\/\/www.fcgueugnon.fr\/site\/wp-content\/uploads\/2023\/05\/U8F-U9F-2-768x1024.jpeg 768w, https:\/\/www.fcgueugnon.fr\/site\/wp-content\/uploads\/2023\/05\/U8F-U9F-2-1152x1536.jpeg 1152w, https:\/\/www.fcgueugnon.fr\/site\/wp-content\/uploads\/2023\/05\/U8F-U9F-2-600x800.jpeg 600w\" sizes=\"auto, (max-width: 300px) 100vw, 300px\" \/><\/figure>\n<\/div>\n\n\n<div style=\"height:20px\" aria-hidden=\"true\" class=\"wp-block-spacer\"><\/div>\n\n\n\n<p><em>U06 &#8211; U07<\/em> \u2611<br>Samedi 29\/04 \u2013 10h30<br><strong>Plateau \u00e0 Gueugnon<\/strong><br>\u00c9quipe U7 : 3V<br>\u00c9quipe U6 : 1V, 2D<br>\u00c9quipe U6\/U7 : 2V<br>\u00c9quipe baby-ballon : 2D<\/p>\n\n\n\n<div style=\"height:20px\" aria-hidden=\"true\" class=\"wp-block-spacer\"><\/div>\n\n\n<div class=\"wp-block-image\">\n<figure class=\"aligncenter size-full is-resized\"><img loading=\"lazy\" decoding=\"async\" src=\"https:\/\/www.fcgueugnon.fr\/site\/wp-content\/uploads\/2023\/05\/U6-U7-41.jpeg\" alt=\"\" class=\"wp-image-4344\" width=\"400\" height=\"300\" srcset=\"https:\/\/www.fcgueugnon.fr\/site\/wp-content\/uploads\/2023\/05\/U6-U7-41.jpeg 1600w, https:\/\/www.fcgueugnon.fr\/site\/wp-content\/uploads\/2023\/05\/U6-U7-41-400x300.jpeg 400w, https:\/\/www.fcgueugnon.fr\/site\/wp-content\/uploads\/2023\/05\/U6-U7-41-1024x768.jpeg 1024w, https:\/\/www.fcgueugnon.fr\/site\/wp-content\/uploads\/2023\/05\/U6-U7-41-768x576.jpeg 768w, https:\/\/www.fcgueugnon.fr\/site\/wp-content\/uploads\/2023\/05\/U6-U7-41-1536x1152.jpeg 1536w, https:\/\/www.fcgueugnon.fr\/site\/wp-content\/uploads\/2023\/05\/U6-U7-41-1320x990.jpeg 1320w, https:\/\/www.fcgueugnon.fr\/site\/wp-content\/uploads\/2023\/05\/U6-U7-41-600x450.jpeg 600w\" sizes=\"auto, (max-width: 400px) 100vw, 400px\" \/><\/figure>\n<\/div>\n\n\n<div style=\"height:80px\" aria-hidden=\"true\" class=\"wp-block-spacer mb-0\"><\/div>\n\n\n\n<h3 class=\"wp-block-heading blue-underline-title\">Arbitres<\/h3>\n\n\n\n<p><strong>Fabrice MUET<\/strong><strong> <\/strong>\u2013 Samedi 29\/04<br>FC Marmagne \/ Saint Forgeot Dracy Sport &nbsp;<br>U18 D2<\/p>\n\n\n\n<p><strong>Mehdi OTMANI <\/strong>\u2013 Samedi 29\/04<br>AS Montceaux l\u2019Etoile \/ JSTEL<br>U18 D2<\/p>\n\n\n\n<p><strong>Christophe AUBEL <\/strong>\u2013 Dimanche 30\/04<br>AS Ciry le Noble B \/ RC Flace les M\u00e2con B<br>Coupe D\u00e9partementale<\/p>\n\n\n\n<div style=\"height:35px\" aria-hidden=\"true\" class=\"wp-block-spacer\"><\/div>\n\n\n\n<h3 class=\"wp-block-heading blue-underline-title\">eSport<\/h3>\n\n\n\n<h3 class=\"wp-block-heading\"><strong>FIFA23 Club Pro<\/strong><\/h3>\n\n\n\n<p><em>Final eSport Football League (EFL) \u2013 J11<\/em><br>Mardi 25\/04\u00a0\u2013 22h00<br><strong>Pandore FC \/ FC Gueugnon eSport : 6-0<\/strong><\/p>\n\n\n\n<p><em>Final eSport Football League (EFL) \u2013 J12<\/em><br>Mardi 25\/04\u00a0\u2013 22h20<br><strong>FC Gueugnon eSport \/ PCS FC : 1-1<\/strong><\/p>\n\n\n\n<p><em>Final eSport Football League (EFL) \u2013 J13<\/em><br>jeudi 27\/04\u00a0\u2013 22h00<br><strong>FC Gueugnon eSport \/ RC Grasse eSport : 1-2<\/strong><\/p>\n\n\n\n<p><em>Final eSport Football League (EFL) \u2013 J14<\/em><br>jeudi 27\/04\u00a0\u2013 22h20<br><strong>FC Gueugnon eSport \/ Thunder AUK : 1-1<\/strong><\/p>\n\n\n\n<div style=\"height:30px\" aria-hidden=\"true\" class=\"wp-block-spacer\"><\/div>\n\n\n\n<h3 class=\"wp-block-heading\"><strong>FIFA23 Ultimate Team<\/strong><\/h3>\n\n\n\n<p><strong>Zeyrox<\/strong><br><em>Ultimate Football League &#8211; L1<\/em><br>J11 contre Magic poulpe : victoire 2-1<br>J12 contre Loris : d\u00e9faite 0-1<\/p>\n\n\n\n<p><strong>Yzaki<\/strong><br><em>Ultimate Football League &#8211; L2<\/em><br>J11 contre DaRey7x : d\u00e9faite 0-3<br>J12 contre NyDaX18 : 1-1<\/p>\n\n\n\n<p><strong>Cocorr<\/strong><br><em>Ultimate Football League &#8211; L1<\/em><br>J11 contre Doudouche : : d\u00e9faite 0-1<br>J12 contre Zanteeeh : : d\u00e9faite 0-1<\/p>\n\n\n\n<p><em>Suivez toute l\u2019actualit\u00e9 de la section eSport du FCG sur&nbsp;<a href=\"http:\/\/twitter.com\/gueugnon_esport\/\" target=\"_blank\" rel=\"noreferrer noopener\">Twitter<\/a>&nbsp;et&nbsp;<a href=\"http:\/\/twitch.tv\/fcgesport\/\" target=\"_blank\" rel=\"noreferrer noopener\">Twitch<\/a><\/em><\/p>\n\n\n\n<div style=\"height:100px\" aria-hidden=\"true\" class=\"wp-block-spacer mb-0\"><\/div>\n\n\n\n<h1 class=\"wp-block-heading has-text-align-center\">#ForgeronFamily<\/h1>\n","protected":false},"excerpt":{"rendered":"<p>Les r\u00e9sultats de nos forgerons ce week-end : S\u00e9niors Groupe N3 \u2013 Match de pr\u00e9paration \u274cDimanche 30\/04 \u2013 13h00Olympique Lyonnais B \/ FC Gueugnon : 3-0 Sport E.Leclerc Acad\u00e9mie U18 R1 \u2013 J17 \u274cSamedi 29\/04 \u2013 13h00Dijon FCO \/ FC Gueugnon : 11-0 U16 R1 \u2013 J17 \ud83d\udfe7Dimanche 30\/04 \u2013 13h00FC Gueugnon \/ Jura Sud &#8230; <\/p>\n<p class=\"read-more-container\"><a title=\"[Agenda] Les r\u00e9sultats du week-end du 29 et 30 Avril 2023\" class=\"read-more button\" href=\"https:\/\/www.fcgueugnon.fr\/site\/agenda-les-resultats-du-week-end-du-29-et-30-avril-2023\/4339#more-4339\" aria-label=\"Plus sur [Agenda] Les r\u00e9sultats du week-end du 29 et 30 Avril 2023\">Lire la suite<\/a><\/p>\n","protected":false},"author":3,"featured_media":4342,"comment_status":"closed","ping_status":"closed","sticky":false,"template":"","format":"standard","meta":{"footnotes":""},"categories":[5,4],"tags":[33,14],"class_list":["post-4339","post","type-post","status-publish","format-standard","has-post-thumbnail","hentry","category-news-2022-2023","category-news","tag-agenda","tag-sport-e-leclerc-academie-jeunes-formation","infinite-scroll-item","generate-columns","tablet-grid-50","mobile-grid-100","grid-parent","grid-25","resize-featured-image"],"yoast_head":"<!-- This site is optimized with the Yoast SEO plugin v26.6 - https:\/\/yoast.com\/wordpress\/plugins\/seo\/ -->\n<title>[Agenda] Les r\u00e9sultats du week-end du 29 et 30 Avril 2023 &#8226; FOOTBALL CLUB GUEUGNON<\/title>\n<meta name=\"robots\" content=\"index, follow, max-snippet:-1, max-image-preview:large, max-video-preview:-1\" \/>\n<link rel=\"canonical\" href=\"https:\/\/www.fcgueugnon.fr\/site\/agenda-les-resultats-du-week-end-du-29-et-30-avril-2023\/4339\" \/>\n<meta property=\"og:locale\" content=\"fr_FR\" \/>\n<meta property=\"og:type\" content=\"article\" \/>\n<meta property=\"og:title\" content=\"[Agenda] Les r\u00e9sultats du week-end du 29 et 30 Avril 2023 &#8226; FOOTBALL CLUB GUEUGNON\" \/>\n<meta property=\"og:description\" content=\"Les r\u00e9sultats de nos forgerons ce week-end : S\u00e9niors Groupe N3 \u2013 Match de pr\u00e9paration \u274cDimanche 30\/04 \u2013 13h00Olympique Lyonnais B \/ FC Gueugnon : 3-0 Sport E.Leclerc Acad\u00e9mie U18 R1 \u2013 J17 \u274cSamedi 29\/04 \u2013 13h00Dijon FCO \/ FC Gueugnon : 11-0 U16 R1 \u2013 J17 \ud83d\udfe7Dimanche 30\/04 \u2013 13h00FC Gueugnon \/ Jura Sud ... Lire la suite\" \/>\n<meta property=\"og:url\" content=\"https:\/\/www.fcgueugnon.fr\/site\/agenda-les-resultats-du-week-end-du-29-et-30-avril-2023\/4339\" \/>\n<meta property=\"og:site_name\" content=\"FOOTBALL CLUB GUEUGNON\" \/>\n<meta property=\"article:publisher\" content=\"http:\/\/facebook.com\/FCGueugnon\" \/>\n<meta property=\"article:published_time\" content=\"2023-05-02T12:29:25+00:00\" \/>\n<meta property=\"article:modified_time\" content=\"2023-05-13T11:14:38+00:00\" \/>\n<meta property=\"og:image\" content=\"https:\/\/www.fcgueugnon.fr\/site\/wp-content\/uploads\/2023\/05\/U8-U9-31.jpeg\" \/>\n\t<meta property=\"og:image:width\" content=\"2048\" \/>\n\t<meta property=\"og:image:height\" content=\"945\" \/>\n\t<meta property=\"og:image:type\" content=\"image\/jpeg\" \/>\n<meta name=\"author\" content=\"FC Gueugnon\" \/>\n<meta name=\"twitter:card\" content=\"summary_large_image\" \/>\n<meta name=\"twitter:creator\" content=\"@FCGueugnon_off\" \/>\n<meta name=\"twitter:site\" content=\"@FCGueugnon_off\" \/>\n<meta name=\"twitter:label1\" content=\"\u00c9crit par\" \/>\n\t<meta name=\"twitter:data1\" content=\"FC Gueugnon\" \/>\n\t<meta name=\"twitter:label2\" content=\"Dur\u00e9e de lecture estim\u00e9e\" \/>\n\t<meta name=\"twitter:data2\" content=\"6 minutes\" \/>\n<script type=\"application\/ld+json\" class=\"yoast-schema-graph\">{\"@context\":\"https:\/\/schema.org\",\"@graph\":[{\"@type\":\"Article\",\"@id\":\"https:\/\/www.fcgueugnon.fr\/site\/agenda-les-resultats-du-week-end-du-29-et-30-avril-2023\/4339#article\",\"isPartOf\":{\"@id\":\"https:\/\/www.fcgueugnon.fr\/site\/agenda-les-resultats-du-week-end-du-29-et-30-avril-2023\/4339\"},\"author\":{\"name\":\"FC Gueugnon\",\"@id\":\"https:\/\/www.fcgueugnon.fr\/site\/#\/schema\/person\/829630bfb5d6f3ebe4d296b75687c01a\"},\"headline\":\"[Agenda] Les r\u00e9sultats du week-end du 29 et 30 Avril 2023\",\"datePublished\":\"2023-05-02T12:29:25+00:00\",\"dateModified\":\"2023-05-13T11:14:38+00:00\",\"mainEntityOfPage\":{\"@id\":\"https:\/\/www.fcgueugnon.fr\/site\/agenda-les-resultats-du-week-end-du-29-et-30-avril-2023\/4339\"},\"wordCount\":442,\"publisher\":{\"@id\":\"https:\/\/www.fcgueugnon.fr\/site\/#organization\"},\"image\":{\"@id\":\"https:\/\/www.fcgueugnon.fr\/site\/agenda-les-resultats-du-week-end-du-29-et-30-avril-2023\/4339#primaryimage\"},\"thumbnailUrl\":\"https:\/\/www.fcgueugnon.fr\/site\/wp-content\/uploads\/2023\/05\/U8-U9-31.jpeg\",\"keywords\":[\"Agenda\",\"Sport E.Leclerc Acad\u00e9mie : Jeunes \/ Formation\"],\"articleSection\":[\"Archives 2022\/2023\",\"News\"],\"inLanguage\":\"fr-FR\"},{\"@type\":\"WebPage\",\"@id\":\"https:\/\/www.fcgueugnon.fr\/site\/agenda-les-resultats-du-week-end-du-29-et-30-avril-2023\/4339\",\"url\":\"https:\/\/www.fcgueugnon.fr\/site\/agenda-les-resultats-du-week-end-du-29-et-30-avril-2023\/4339\",\"name\":\"[Agenda] Les r\u00e9sultats du week-end du 29 et 30 Avril 2023 &#8226; FOOTBALL CLUB GUEUGNON\",\"isPartOf\":{\"@id\":\"https:\/\/www.fcgueugnon.fr\/site\/#website\"},\"primaryImageOfPage\":{\"@id\":\"https:\/\/www.fcgueugnon.fr\/site\/agenda-les-resultats-du-week-end-du-29-et-30-avril-2023\/4339#primaryimage\"},\"image\":{\"@id\":\"https:\/\/www.fcgueugnon.fr\/site\/agenda-les-resultats-du-week-end-du-29-et-30-avril-2023\/4339#primaryimage\"},\"thumbnailUrl\":\"https:\/\/www.fcgueugnon.fr\/site\/wp-content\/uploads\/2023\/05\/U8-U9-31.jpeg\",\"datePublished\":\"2023-05-02T12:29:25+00:00\",\"dateModified\":\"2023-05-13T11:14:38+00:00\",\"breadcrumb\":{\"@id\":\"https:\/\/www.fcgueugnon.fr\/site\/agenda-les-resultats-du-week-end-du-29-et-30-avril-2023\/4339#breadcrumb\"},\"inLanguage\":\"fr-FR\",\"potentialAction\":[{\"@type\":\"ReadAction\",\"target\":[\"https:\/\/www.fcgueugnon.fr\/site\/agenda-les-resultats-du-week-end-du-29-et-30-avril-2023\/4339\"]}]},{\"@type\":\"ImageObject\",\"inLanguage\":\"fr-FR\",\"@id\":\"https:\/\/www.fcgueugnon.fr\/site\/agenda-les-resultats-du-week-end-du-29-et-30-avril-2023\/4339#primaryimage\",\"url\":\"https:\/\/www.fcgueugnon.fr\/site\/wp-content\/uploads\/2023\/05\/U8-U9-31.jpeg\",\"contentUrl\":\"https:\/\/www.fcgueugnon.fr\/site\/wp-content\/uploads\/2023\/05\/U8-U9-31.jpeg\",\"width\":2048,\"height\":945},{\"@type\":\"BreadcrumbList\",\"@id\":\"https:\/\/www.fcgueugnon.fr\/site\/agenda-les-resultats-du-week-end-du-29-et-30-avril-2023\/4339#breadcrumb\",\"itemListElement\":[{\"@type\":\"ListItem\",\"position\":1,\"name\":\"Accueil\",\"item\":\"https:\/\/www.fcgueugnon.fr\/site\/\"},{\"@type\":\"ListItem\",\"position\":2,\"name\":\"[Agenda] Les r\u00e9sultats du week-end du 29 et 30 Avril 2023\"}]},{\"@type\":\"WebSite\",\"@id\":\"https:\/\/www.fcgueugnon.fr\/site\/#website\",\"url\":\"https:\/\/www.fcgueugnon.fr\/site\/\",\"name\":\"FOOTBALL CLUB GUEUGNON\",\"description\":\"Le Site Officiel des Forgerons\",\"publisher\":{\"@id\":\"https:\/\/www.fcgueugnon.fr\/site\/#organization\"},\"potentialAction\":[{\"@type\":\"SearchAction\",\"target\":{\"@type\":\"EntryPoint\",\"urlTemplate\":\"https:\/\/www.fcgueugnon.fr\/site\/?s={search_term_string}\"},\"query-input\":{\"@type\":\"PropertyValueSpecification\",\"valueRequired\":true,\"valueName\":\"search_term_string\"}}],\"inLanguage\":\"fr-FR\"},{\"@type\":\"Organization\",\"@id\":\"https:\/\/www.fcgueugnon.fr\/site\/#organization\",\"name\":\"FC Gueugnon\",\"url\":\"https:\/\/www.fcgueugnon.fr\/site\/\",\"logo\":{\"@type\":\"ImageObject\",\"inLanguage\":\"fr-FR\",\"@id\":\"https:\/\/www.fcgueugnon.fr\/site\/#\/schema\/logo\/image\/\",\"url\":\"https:\/\/www.fcgueugnon.fr\/site\/wp-content\/uploads\/2022\/07\/cropped-Logo-FCGUEUGNON-low-350x350-1.png\",\"contentUrl\":\"https:\/\/www.fcgueugnon.fr\/site\/wp-content\/uploads\/2022\/07\/cropped-Logo-FCGUEUGNON-low-350x350-1.png\",\"width\":350,\"height\":350,\"caption\":\"FC Gueugnon\"},\"image\":{\"@id\":\"https:\/\/www.fcgueugnon.fr\/site\/#\/schema\/logo\/image\/\"},\"sameAs\":[\"http:\/\/facebook.com\/FCGueugnon\",\"https:\/\/x.com\/FCGueugnon_off\",\"https:\/\/www.instagram.com\/fcgueugnon\/\",\"https:\/\/www.linkedin.com\/company\/football-club-de-gueugnon\/\",\"https:\/\/www.youtube.com\/user\/FCGueugnonnais\",\"https:\/\/fr.wikipedia.org\/wiki\/Football_Club_de_Gueugnon\"]},{\"@type\":\"Person\",\"@id\":\"https:\/\/www.fcgueugnon.fr\/site\/#\/schema\/person\/829630bfb5d6f3ebe4d296b75687c01a\",\"name\":\"FC Gueugnon\",\"url\":\"https:\/\/www.fcgueugnon.fr\/site\/author\/g-avin1\"}]}<\/script>\n<!-- \/ Yoast SEO plugin. -->","yoast_head_json":{"title":"[Agenda] Les r\u00e9sultats du week-end du 29 et 30 Avril 2023 &#8226; FOOTBALL CLUB GUEUGNON","robots":{"index":"index","follow":"follow","max-snippet":"max-snippet:-1","max-image-preview":"max-image-preview:large","max-video-preview":"max-video-preview:-1"},"canonical":"https:\/\/www.fcgueugnon.fr\/site\/agenda-les-resultats-du-week-end-du-29-et-30-avril-2023\/4339","og_locale":"fr_FR","og_type":"article","og_title":"[Agenda] Les r\u00e9sultats du week-end du 29 et 30 Avril 2023 &#8226; FOOTBALL CLUB GUEUGNON","og_description":"Les r\u00e9sultats de nos forgerons ce week-end : S\u00e9niors Groupe N3 \u2013 Match de pr\u00e9paration \u274cDimanche 30\/04 \u2013 13h00Olympique Lyonnais B \/ FC Gueugnon : 3-0 Sport E.Leclerc Acad\u00e9mie U18 R1 \u2013 J17 \u274cSamedi 29\/04 \u2013 13h00Dijon FCO \/ FC Gueugnon : 11-0 U16 R1 \u2013 J17 \ud83d\udfe7Dimanche 30\/04 \u2013 13h00FC Gueugnon \/ Jura Sud ... Lire la suite","og_url":"https:\/\/www.fcgueugnon.fr\/site\/agenda-les-resultats-du-week-end-du-29-et-30-avril-2023\/4339","og_site_name":"FOOTBALL CLUB GUEUGNON","article_publisher":"http:\/\/facebook.com\/FCGueugnon","article_published_time":"2023-05-02T12:29:25+00:00","article_modified_time":"2023-05-13T11:14:38+00:00","og_image":[{"width":2048,"height":945,"url":"https:\/\/www.fcgueugnon.fr\/site\/wp-content\/uploads\/2023\/05\/U8-U9-31.jpeg","type":"image\/jpeg"}],"author":"FC Gueugnon","twitter_card":"summary_large_image","twitter_creator":"@FCGueugnon_off","twitter_site":"@FCGueugnon_off","twitter_misc":{"\u00c9crit par":"FC Gueugnon","Dur\u00e9e de lecture estim\u00e9e":"6 minutes"},"schema":{"@context":"https:\/\/schema.org","@graph":[{"@type":"Article","@id":"https:\/\/www.fcgueugnon.fr\/site\/agenda-les-resultats-du-week-end-du-29-et-30-avril-2023\/4339#article","isPartOf":{"@id":"https:\/\/www.fcgueugnon.fr\/site\/agenda-les-resultats-du-week-end-du-29-et-30-avril-2023\/4339"},"author":{"name":"FC Gueugnon","@id":"https:\/\/www.fcgueugnon.fr\/site\/#\/schema\/person\/829630bfb5d6f3ebe4d296b75687c01a"},"headline":"[Agenda] Les r\u00e9sultats du week-end du 29 et 30 Avril 2023","datePublished":"2023-05-02T12:29:25+00:00","dateModified":"2023-05-13T11:14:38+00:00","mainEntityOfPage":{"@id":"https:\/\/www.fcgueugnon.fr\/site\/agenda-les-resultats-du-week-end-du-29-et-30-avril-2023\/4339"},"wordCount":442,"publisher":{"@id":"https:\/\/www.fcgueugnon.fr\/site\/#organization"},"image":{"@id":"https:\/\/www.fcgueugnon.fr\/site\/agenda-les-resultats-du-week-end-du-29-et-30-avril-2023\/4339#primaryimage"},"thumbnailUrl":"https:\/\/www.fcgueugnon.fr\/site\/wp-content\/uploads\/2023\/05\/U8-U9-31.jpeg","keywords":["Agenda","Sport E.Leclerc Acad\u00e9mie : Jeunes \/ Formation"],"articleSection":["Archives 2022\/2023","News"],"inLanguage":"fr-FR"},{"@type":"WebPage","@id":"https:\/\/www.fcgueugnon.fr\/site\/agenda-les-resultats-du-week-end-du-29-et-30-avril-2023\/4339","url":"https:\/\/www.fcgueugnon.fr\/site\/agenda-les-resultats-du-week-end-du-29-et-30-avril-2023\/4339","name":"[Agenda] Les r\u00e9sultats du week-end du 29 et 30 Avril 2023 &#8226; FOOTBALL CLUB GUEUGNON","isPartOf":{"@id":"https:\/\/www.fcgueugnon.fr\/site\/#website"},"primaryImageOfPage":{"@id":"https:\/\/www.fcgueugnon.fr\/site\/agenda-les-resultats-du-week-end-du-29-et-30-avril-2023\/4339#primaryimage"},"image":{"@id":"https:\/\/www.fcgueugnon.fr\/site\/agenda-les-resultats-du-week-end-du-29-et-30-avril-2023\/4339#primaryimage"},"thumbnailUrl":"https:\/\/www.fcgueugnon.fr\/site\/wp-content\/uploads\/2023\/05\/U8-U9-31.jpeg","datePublished":"2023-05-02T12:29:25+00:00","dateModified":"2023-05-13T11:14:38+00:00","breadcrumb":{"@id":"https:\/\/www.fcgueugnon.fr\/site\/agenda-les-resultats-du-week-end-du-29-et-30-avril-2023\/4339#breadcrumb"},"inLanguage":"fr-FR","potentialAction":[{"@type":"ReadAction","target":["https:\/\/www.fcgueugnon.fr\/site\/agenda-les-resultats-du-week-end-du-29-et-30-avril-2023\/4339"]}]},{"@type":"ImageObject","inLanguage":"fr-FR","@id":"https:\/\/www.fcgueugnon.fr\/site\/agenda-les-resultats-du-week-end-du-29-et-30-avril-2023\/4339#primaryimage","url":"https:\/\/www.fcgueugnon.fr\/site\/wp-content\/uploads\/2023\/05\/U8-U9-31.jpeg","contentUrl":"https:\/\/www.fcgueugnon.fr\/site\/wp-content\/uploads\/2023\/05\/U8-U9-31.jpeg","width":2048,"height":945},{"@type":"BreadcrumbList","@id":"https:\/\/www.fcgueugnon.fr\/site\/agenda-les-resultats-du-week-end-du-29-et-30-avril-2023\/4339#breadcrumb","itemListElement":[{"@type":"ListItem","position":1,"name":"Accueil","item":"https:\/\/www.fcgueugnon.fr\/site\/"},{"@type":"ListItem","position":2,"name":"[Agenda] Les r\u00e9sultats du week-end du 29 et 30 Avril 2023"}]},{"@type":"WebSite","@id":"https:\/\/www.fcgueugnon.fr\/site\/#website","url":"https:\/\/www.fcgueugnon.fr\/site\/","name":"FOOTBALL CLUB GUEUGNON","description":"Le Site Officiel des Forgerons","publisher":{"@id":"https:\/\/www.fcgueugnon.fr\/site\/#organization"},"potentialAction":[{"@type":"SearchAction","target":{"@type":"EntryPoint","urlTemplate":"https:\/\/www.fcgueugnon.fr\/site\/?s={search_term_string}"},"query-input":{"@type":"PropertyValueSpecification","valueRequired":true,"valueName":"search_term_string"}}],"inLanguage":"fr-FR"},{"@type":"Organization","@id":"https:\/\/www.fcgueugnon.fr\/site\/#organization","name":"FC Gueugnon","url":"https:\/\/www.fcgueugnon.fr\/site\/","logo":{"@type":"ImageObject","inLanguage":"fr-FR","@id":"https:\/\/www.fcgueugnon.fr\/site\/#\/schema\/logo\/image\/","url":"https:\/\/www.fcgueugnon.fr\/site\/wp-content\/uploads\/2022\/07\/cropped-Logo-FCGUEUGNON-low-350x350-1.png","contentUrl":"https:\/\/www.fcgueugnon.fr\/site\/wp-content\/uploads\/2022\/07\/cropped-Logo-FCGUEUGNON-low-350x350-1.png","width":350,"height":350,"caption":"FC Gueugnon"},"image":{"@id":"https:\/\/www.fcgueugnon.fr\/site\/#\/schema\/logo\/image\/"},"sameAs":["http:\/\/facebook.com\/FCGueugnon","https:\/\/x.com\/FCGueugnon_off","https:\/\/www.instagram.com\/fcgueugnon\/","https:\/\/www.linkedin.com\/company\/football-club-de-gueugnon\/","https:\/\/www.youtube.com\/user\/FCGueugnonnais","https:\/\/fr.wikipedia.org\/wiki\/Football_Club_de_Gueugnon"]},{"@type":"Person","@id":"https:\/\/www.fcgueugnon.fr\/site\/#\/schema\/person\/829630bfb5d6f3ebe4d296b75687c01a","name":"FC Gueugnon","url":"https:\/\/www.fcgueugnon.fr\/site\/author\/g-avin1"}]}},"rttpg_featured_image_url":{"full":["https:\/\/www.fcgueugnon.fr\/site\/wp-content\/uploads\/2023\/05\/U8-U9-31.jpeg",2048,945,false],"landscape":["https:\/\/www.fcgueugnon.fr\/site\/wp-content\/uploads\/2023\/05\/U8-U9-31.jpeg",2048,945,false],"portraits":["https:\/\/www.fcgueugnon.fr\/site\/wp-content\/uploads\/2023\/05\/U8-U9-31.jpeg",2048,945,false],"thumbnail":["https:\/\/www.fcgueugnon.fr\/site\/wp-content\/uploads\/2023\/05\/U8-U9-31-150x150.jpeg",150,150,true],"medium":["https:\/\/www.fcgueugnon.fr\/site\/wp-content\/uploads\/2023\/05\/U8-U9-31-400x185.jpeg",400,185,true],"large":["https:\/\/www.fcgueugnon.fr\/site\/wp-content\/uploads\/2023\/05\/U8-U9-31-1024x473.jpeg",1024,473,true],"1536x1536":["https:\/\/www.fcgueugnon.fr\/site\/wp-content\/uploads\/2023\/05\/U8-U9-31-1536x709.jpeg",1536,709,true],"2048x2048":["https:\/\/www.fcgueugnon.fr\/site\/wp-content\/uploads\/2023\/05\/U8-U9-31.jpeg",2048,945,false]},"rttpg_author":{"display_name":"FC Gueugnon","author_link":"https:\/\/www.fcgueugnon.fr\/site\/author\/g-avin1"},"rttpg_comment":0,"rttpg_category":"<a href=\"https:\/\/www.fcgueugnon.fr\/site\/category\/news\/news-2022-2023\" rel=\"category tag\">Archives 2022\/2023<\/a> <a href=\"https:\/\/www.fcgueugnon.fr\/site\/category\/news\" rel=\"category tag\">News<\/a>","rttpg_excerpt":"Les r\u00e9sultats de nos forgerons ce week-end : S\u00e9niors Groupe N3 \u2013 Match de pr\u00e9paration \u274cDimanche 30\/04 \u2013 13h00Olympique Lyonnais B \/ FC Gueugnon : 3-0 Sport E.Leclerc Acad\u00e9mie U18 R1 \u2013 J17 \u274cSamedi 29\/04 \u2013 13h00Dijon FCO \/ FC Gueugnon : 11-0 U16 R1 \u2013 J17 \ud83d\udfe7Dimanche 30\/04 \u2013 13h00FC Gueugnon \/ Jura Sud\u2026","_links":{"self":[{"href":"https:\/\/www.fcgueugnon.fr\/site\/wp-json\/wp\/v2\/posts\/4339","targetHints":{"allow":["GET"]}}],"collection":[{"href":"https:\/\/www.fcgueugnon.fr\/site\/wp-json\/wp\/v2\/posts"}],"about":[{"href":"https:\/\/www.fcgueugnon.fr\/site\/wp-json\/wp\/v2\/types\/post"}],"author":[{"embeddable":true,"href":"https:\/\/www.fcgueugnon.fr\/site\/wp-json\/wp\/v2\/users\/3"}],"replies":[{"embeddable":true,"href":"https:\/\/www.fcgueugnon.fr\/site\/wp-json\/wp\/v2\/comments?post=4339"}],"version-history":[{"count":2,"href":"https:\/\/www.fcgueugnon.fr\/site\/wp-json\/wp\/v2\/posts\/4339\/revisions"}],"predecessor-version":[{"id":4356,"href":"https:\/\/www.fcgueugnon.fr\/site\/wp-json\/wp\/v2\/posts\/4339\/revisions\/4356"}],"wp:featuredmedia":[{"embeddable":true,"href":"https:\/\/www.fcgueugnon.fr\/site\/wp-json\/wp\/v2\/media\/4342"}],"wp:attachment":[{"href":"https:\/\/www.fcgueugnon.fr\/site\/wp-json\/wp\/v2\/media?parent=4339"}],"wp:term":[{"taxonomy":"category","embeddable":true,"href":"https:\/\/www.fcgueugnon.fr\/site\/wp-json\/wp\/v2\/categories?post=4339"},{"taxonomy":"post_tag","embeddable":true,"href":"https:\/\/www.fcgueugnon.fr\/site\/wp-json\/wp\/v2\/tags?post=4339"}],"curies":[{"name":"wp","href":"https:\/\/api.w.org\/{rel}","templated":true}]}}