{"id":4305,"date":"2023-04-24T15:20:23","date_gmt":"2023-04-24T13:20:23","guid":{"rendered":"https:\/\/www.fcgueugnon.fr\/site\/?p=4305"},"modified":"2023-10-23T09:38:21","modified_gmt":"2023-10-23T07:38:21","slug":"n3-j22-as-quetigny-fc-gueugnon-resultat-reactions-et-resume","status":"publish","type":"post","link":"https:\/\/www.fcgueugnon.fr\/site\/n3-j22-as-quetigny-fc-gueugnon-resultat-reactions-et-resume\/4305","title":{"rendered":"[N3 J22 : AS Quetigny \u2013 FC Gueugnon] R\u00e9sultat, r\u00e9actions et r\u00e9sum\u00e9"},"content":{"rendered":"\n<div style=\"height:2px\" aria-hidden=\"true\" class=\"wp-block-spacer\"><\/div>\n\n\n\n<h3 class=\"wp-block-heading\"><strong>Les Forgerons s&rsquo;imposent face \u00e0 Quetigny et obtiennent les trois points capitaux pour le maintien.<\/strong><\/h3>\n\n\n\n<div style=\"height:0px\" aria-hidden=\"true\" class=\"wp-block-spacer\"><\/div>\n\n\n\n<figure class=\"wp-block-gallery aligncenter has-nested-images columns-2 is-cropped wp-block-gallery-1 is-layout-flex wp-block-gallery-is-layout-flex\">\n<figure class=\"wp-block-image size-full\"><img loading=\"lazy\" decoding=\"async\" width=\"1650\" height=\"1100\" data-id=\"4319\" src=\"https:\/\/www.fcgueugnon.fr\/site\/wp-content\/uploads\/2023\/04\/FuVJZl8WYAEk2zM-1.jpeg\" alt=\"\" class=\"wp-image-4319\" srcset=\"https:\/\/www.fcgueugnon.fr\/site\/wp-content\/uploads\/2023\/04\/FuVJZl8WYAEk2zM-1.jpeg 1650w, https:\/\/www.fcgueugnon.fr\/site\/wp-content\/uploads\/2023\/04\/FuVJZl8WYAEk2zM-1-400x267.jpeg 400w, https:\/\/www.fcgueugnon.fr\/site\/wp-content\/uploads\/2023\/04\/FuVJZl8WYAEk2zM-1-1024x683.jpeg 1024w, https:\/\/www.fcgueugnon.fr\/site\/wp-content\/uploads\/2023\/04\/FuVJZl8WYAEk2zM-1-768x512.jpeg 768w, https:\/\/www.fcgueugnon.fr\/site\/wp-content\/uploads\/2023\/04\/FuVJZl8WYAEk2zM-1-1536x1024.jpeg 1536w, https:\/\/www.fcgueugnon.fr\/site\/wp-content\/uploads\/2023\/04\/FuVJZl8WYAEk2zM-1-1320x880.jpeg 1320w, https:\/\/www.fcgueugnon.fr\/site\/wp-content\/uploads\/2023\/04\/FuVJZl8WYAEk2zM-1-600x400.jpeg 600w\" sizes=\"auto, (max-width: 1650px) 100vw, 1650px\" \/><\/figure>\n\n\n\n<figure class=\"wp-block-image size-full\"><img loading=\"lazy\" decoding=\"async\" width=\"1536\" height=\"1024\" data-id=\"4317\" src=\"https:\/\/www.fcgueugnon.fr\/site\/wp-content\/uploads\/2023\/04\/FuVELjlXgAECDTl-1.jpeg\" alt=\"\" class=\"wp-image-4317\" srcset=\"https:\/\/www.fcgueugnon.fr\/site\/wp-content\/uploads\/2023\/04\/FuVELjlXgAECDTl-1.jpeg 1536w, https:\/\/www.fcgueugnon.fr\/site\/wp-content\/uploads\/2023\/04\/FuVELjlXgAECDTl-1-400x267.jpeg 400w, https:\/\/www.fcgueugnon.fr\/site\/wp-content\/uploads\/2023\/04\/FuVELjlXgAECDTl-1-1024x683.jpeg 1024w, https:\/\/www.fcgueugnon.fr\/site\/wp-content\/uploads\/2023\/04\/FuVELjlXgAECDTl-1-768x512.jpeg 768w, https:\/\/www.fcgueugnon.fr\/site\/wp-content\/uploads\/2023\/04\/FuVELjlXgAECDTl-1-1320x880.jpeg 1320w, https:\/\/www.fcgueugnon.fr\/site\/wp-content\/uploads\/2023\/04\/FuVELjlXgAECDTl-1-600x400.jpeg 600w\" sizes=\"auto, (max-width: 1536px) 100vw, 1536px\" \/><\/figure>\n\n\n\n<figure class=\"wp-block-image\"><img decoding=\"async\" src=\"https:\/\/www.fcgueugnon.fr\/site\/wp-content\/uploads\/2023\/04\/FuVE6E2XgAELiSo-1-1024x683.jpeg\" alt=\"L\u2019attribut alt de cette image est vide, son nom de fichier est FuVE6E2XgAELiSo-1-1024x683.jpeg.\"\/><\/figure>\n\n\n\n<figure class=\"wp-block-image size-full\"><img loading=\"lazy\" decoding=\"async\" width=\"1536\" height=\"1024\" data-id=\"4316\" src=\"https:\/\/www.fcgueugnon.fr\/site\/wp-content\/uploads\/2023\/04\/FuVJZl-XsAIf1tx-2.jpeg\" alt=\"\" class=\"wp-image-4316\" srcset=\"https:\/\/www.fcgueugnon.fr\/site\/wp-content\/uploads\/2023\/04\/FuVJZl-XsAIf1tx-2.jpeg 1536w, https:\/\/www.fcgueugnon.fr\/site\/wp-content\/uploads\/2023\/04\/FuVJZl-XsAIf1tx-2-400x267.jpeg 400w, https:\/\/www.fcgueugnon.fr\/site\/wp-content\/uploads\/2023\/04\/FuVJZl-XsAIf1tx-2-1024x683.jpeg 1024w, https:\/\/www.fcgueugnon.fr\/site\/wp-content\/uploads\/2023\/04\/FuVJZl-XsAIf1tx-2-768x512.jpeg 768w, https:\/\/www.fcgueugnon.fr\/site\/wp-content\/uploads\/2023\/04\/FuVJZl-XsAIf1tx-2-1320x880.jpeg 1320w, https:\/\/www.fcgueugnon.fr\/site\/wp-content\/uploads\/2023\/04\/FuVJZl-XsAIf1tx-2-600x400.jpeg 600w\" sizes=\"auto, (max-width: 1536px) 100vw, 1536px\" \/><\/figure>\n<\/figure>\n\n\n\n<p class=\"has-text-align-center\"><em>Photos : FC Gueugnon<\/em><\/p>\n\n\n\n<div style=\"height:15px\" aria-hidden=\"true\" class=\"wp-block-spacer\"><\/div>\n\n\n\n<p>C\u2019est au stade des C\u00e8dres, que nous retrouvions nos forgerons ce samedi. Apr\u00e8s avoir conc\u00e9d\u00e9 le nul face au leader Pontarlier, nos Jaunes et Bleus sont toujours en qu\u00eate de points pour pouvoir assurer leur maintien. C\u2019est face \u00e0 l\u2019AS Quetigny, d\u2019ores-et-d\u00e9j\u00e0 condamn\u00e9 dans ce championnat, que nos Gueugnonnais esp\u00e8rent empocher leur premi\u00e8re victoire \u00e0 l&rsquo;ext\u00e9rieur.&nbsp;<\/p>\n\n\n\n<p>La premi\u00e8re p\u00e9riode de jeu s&rsquo;annonce tr\u00e8s intense, les Quetignois ouvrent le score d\u00e8s la 11\u00e8me minute (1-0), avant d\u2019\u00eatre \u00e9galis\u00e9s sur un coup-franc d<strong>\u2019Erwan Mbock<\/strong> qui ram\u00e8ne le score \u00e0 1-1 quelque temps apr\u00e8s (16\u2019). Nos Forgerons prennent rapidement l\u2019avantage et encha\u00eenent les occasions face \u00e0 une AS Quetigny d\u00e9stabilis\u00e9e qui, sur une erreur de la d\u00e9fense, pousse le ballon tir\u00e9 par <strong>Jason<\/strong> <strong>Luanda<\/strong> dans ses propres filets et offre le deuxi\u00e8me but \u00e0 nos Gueugnonnais (1-2; 32\u2019). Les Jaunes et Bleus profitent de cette situation pour encha\u00eener sur un troisi\u00e8me but avant la pause, gr\u00e2ce \u00e0 un penalty transform\u00e9 d\u2019<strong>Erwan Mbock <\/strong>(1-3; 39\u2019).<\/p>\n\n\n\n<p>Au retour des vestiaires, les conditions de jeu se d\u00e9gradent mais nos Gueugnonnais conservent leur avantage. Apr\u00e8s un premier but hors-jeu pour <strong>Erwan Mbock<\/strong>, celui-ci signe son tripl\u00e9 \u00e0 la 64\u00e8me minute (1-4). Les Quetignois se retrouvent d\u00e9pass\u00e9s et ne parviennent pas \u00e0 reprendre possession de la balle. Apr\u00e8s quelques changements du c\u00f4t\u00e9 des deux \u00e9quipes, nos Gueugnonnais concluent ce match avec un doubl\u00e9 de <strong>Jason Luanda <\/strong>(1-5; 87\u2019), puis donnent le coup de gr\u00e2ce avec un dernier but de <strong>Franck Revuelta<\/strong> (1-6; 89\u2019).\u00a0<\/p>\n\n\n\n<p>Nous vous donnons rendez-vous samedi 6 mai \u00e0 18h00 au Stade Jean Laville, pour la 23\u00e8me journ\u00e9e de National 3 face \u00e0 l\u2019ASC Saint Apollinaire.<\/p>\n\n\n\n<div style=\"height:40px\" aria-hidden=\"true\" class=\"wp-block-spacer\"><\/div>\n\n\n\n<div style=\"height:40px\" aria-hidden=\"true\" class=\"wp-block-spacer\"><\/div>\n\n\n\n<h2 class=\"wp-block-heading\">R\u00e9actions<\/h2>\n\n\n\n<div class=\"wp-block-coblocks-media-card alignwide is-style-left is-stacked-on-mobile coblocks-media-card-77145432166\"><div class=\"wp-block-coblocks-media-card__inner has-padding has-large-padding\"><div class=\"wp-block-coblocks-media-card__wrapper\"><figure class=\"wp-block-coblocks-media-card__media has-shadow\"><img loading=\"lazy\" decoding=\"async\" width=\"1024\" height=\"1024\" src=\"https:\/\/www.fcgueugnon.fr\/site\/wp-content\/uploads\/2023\/04\/Bernard-Canard-president-FC-Gueugnon-1024x1024-1.jpg\" alt=\"\" class=\"wp-image-4307\" srcset=\"https:\/\/www.fcgueugnon.fr\/site\/wp-content\/uploads\/2023\/04\/Bernard-Canard-president-FC-Gueugnon-1024x1024-1.jpg 1024w, https:\/\/www.fcgueugnon.fr\/site\/wp-content\/uploads\/2023\/04\/Bernard-Canard-president-FC-Gueugnon-1024x1024-1-400x400.jpg 400w, https:\/\/www.fcgueugnon.fr\/site\/wp-content\/uploads\/2023\/04\/Bernard-Canard-president-FC-Gueugnon-1024x1024-1-150x150.jpg 150w, https:\/\/www.fcgueugnon.fr\/site\/wp-content\/uploads\/2023\/04\/Bernard-Canard-president-FC-Gueugnon-1024x1024-1-768x768.jpg 768w, https:\/\/www.fcgueugnon.fr\/site\/wp-content\/uploads\/2023\/04\/Bernard-Canard-president-FC-Gueugnon-1024x1024-1-300x300.jpg 300w, https:\/\/www.fcgueugnon.fr\/site\/wp-content\/uploads\/2023\/04\/Bernard-Canard-president-FC-Gueugnon-1024x1024-1-600x600.jpg 600w, https:\/\/www.fcgueugnon.fr\/site\/wp-content\/uploads\/2023\/04\/Bernard-Canard-president-FC-Gueugnon-1024x1024-1-100x100.jpg 100w\" sizes=\"auto, (max-width: 1024px) 100vw, 1024px\" \/><\/figure><div class=\"wp-block-coblocks-media-card__content has-shadow\">\n<div class=\"wp-block-coblocks-row coblocks-row-77145432275\" data-columns=\"1\" data-layout=\"100\"><div class=\"wp-block-coblocks-row__inner has-background has-padding has-huge-padding has-no-margin is-stacked-on-mobile are-vertically-aligned-center has-medium-gutter\" style=\"background-color:#FFFFFF\">\n<div class=\"wp-block-coblocks-column is-vertically-aligned-center coblocks-column-77145432284\" style=\"width:100%\"><div class=\"wp-block-coblocks-column__inner has-no-padding has-no-margin\">\n<h3 class=\"wp-block-heading\"><strong><strong>Bernard CANARD, Pr\u00e9sident <\/strong><\/strong>:<\/h3>\n\n\n\n<div style=\"height:30px\" aria-hidden=\"true\" class=\"wp-block-spacer\"><\/div>\n\n\n\n<p><em>\u00ab\u00a0Bravo au groupe, ils ont \u00e9t\u00e9 performants en attaque et en d\u00e9fense, nous avons retrouv\u00e9 une belle \u00e9quipe de Gueugnon. Merci \u00e9galement aux supporters qui ont permis d\u2019apporter beaucoup de confiance aux joueurs. Nous avons besoin de votre soutien plus que jamais pour ce prochain match face \u00e0 Saint Apollinaire. \u00bb<\/em><\/p>\n\n\n\n<div style=\"height:30px\" aria-hidden=\"true\" class=\"wp-block-spacer\"><\/div>\n\n\n\n<p><sub>R\u00e9actions compl\u00e8tes \u00e0 retrouver ce mercredi \u00e0 10:15 et \u00e0 18:30 en direct sur Radio Cactus (FM 92.2) ou \u00e0 partir de jeudi sur notre site officiel !<\/sub><\/p>\n\n\n\n<div style=\"height:20px\" aria-hidden=\"true\" class=\"wp-block-spacer\"><\/div>\n<\/div><\/div>\n<\/div><\/div>\n<\/div><\/div><\/div><\/div>\n\n\n\n<div style=\"height:40px\" aria-hidden=\"true\" class=\"wp-block-spacer\"><\/div>\n\n\n\n<hr class=\"wp-block-separator has-text-color has-css-opacity has-background\" style=\"background-color:#f7db4a;color:#f7db4a\"\/>\n\n\n\n<h3 class=\"wp-block-heading has-text-align-center\"><strong>\u2139 Prochain match : <\/strong><br>&#8211; Samedi 06\/05 \u00e0 18h00 : FC Gueugnon \/ ASC Saint Apollinaire (N3)<\/h3>\n\n\n\n<hr class=\"wp-block-separator has-text-color has-css-opacity has-background\" style=\"background-color:#f7db4a;color:#f7db4a\"\/>\n\n\n\n<h3 class=\"wp-block-heading\">\u26bd <strong>Score final<\/strong><\/h3>\n\n\n\n<p><strong>\u00c0 Quetigny, au stade des C\u00e8dres<br><\/strong>AS Quetigny 1-6 FC Gueugnon<br>Buts : AS Quetigny : Soulier (11&prime;) <br>FC Gueugnon: Erwan Mbock (16&prime;; 39&prime;; 64&prime;), Jason Luanda (32&prime;; 87&prime;), Franck Revuelta ( 89&prime;)<\/p>\n\n\n\n<div style=\"height:2px\" aria-hidden=\"true\" class=\"wp-block-spacer\"><\/div>\n\n\n\n<p><strong>Officiels :<\/strong><br>Arbitre centre : CORENTIN PAYA <br>Arbitre assistant 1 : CEDRIC JUNG <br>Arbitre assistant 2 : BOUDJEMA LAHOUAZI <br>D\u00e9l\u00e9gu\u00e9 principal : ALBERT GIBOULET<\/p>\n\n\n\n<div style=\"height:15px\" aria-hidden=\"true\" class=\"wp-block-spacer\"><\/div>\n\n\n\n<h3 class=\"wp-block-heading\">\ud83d\udfe1\ud83d\udd35 <strong>Composition d&rsquo;\u00e9quipe<\/strong><\/h3>\n\n\n\n<p>Lamonge &#8211; Mohamed &#8211; Soulier &#8211; Fahrasmane &#8211; Chauvet &#8211; Luanda &#8211; Diallo &#8211; Benameur &#8211; Dram\u00e9 &#8211; Mbock &#8211; Rollin. Rempla\u00e7ants : Njock &#8211; Fr.Revuelta &#8211; Houla &#8211; Fa.Revuelta &#8211; Mvondo. <br>Entra\u00eeneur : Philippe Correia \/ Adjoint : Bakeba Bayo.<\/p>\n\n\n\n<div style=\"height:38px\" aria-hidden=\"true\" class=\"wp-block-spacer\"><\/div>\n\n\n\n<h3 class=\"wp-block-heading\">\ud83d\udd0d <strong>Plus d&rsquo;articles <\/strong><\/h3>\n\n\n\n<blockquote class=\"wp-block-quote is-layout-flow wp-block-quote-is-layout-flow\">\n<p><span style=\"line-height: 1.5;\">\u25ba <a href=\"https:\/\/twitter.com\/FCGueugnon_Off\/status\/1649832768572989441\" target=\"_blank\" rel=\"noreferrer noopener\">Revivre le live<\/a><\/span><\/p>\n<\/blockquote>\n\n\n\n<div style=\"height:38px\" aria-hidden=\"true\" class=\"wp-block-spacer\"><\/div>\n\n\n\n<h3 class=\"wp-block-heading\">\ud83d\uddd3\u00a0<strong>La 22e journ\u00e9e de National 3<\/strong><\/h3>\n\n\n\n<p>Samedi 22 Avril <br>17:00 : Saint Apollinaire \u2013 Besan\u00e7on Foot : 1-2<br>17:00 : Cosne \u2013 Grandvillars : 2-1 <br>18:00 : Quetigny \u2013 Gueugnon : 1-6<br>18:00 : Morteau Montlebon \u2013 Jura Dolois : 1-1<br>18:00 : Montceau \u2013 Is Selongey : 1-2<br>18:00 : Pontarlier \u2013 Sochaux B : 0-1<br>18:00 : M\u00e2con \u2013 Dijon B : 2-1<br><\/p>\n\n\n\n<p>\u25ba <a href=\"https:\/\/www.fcgueugnon.fr\/site\/calendrier-seniors-a-national-3-bourgogne-franche-comte\">Calendrier<\/a><\/p>\n\n\n\n<p>\u25ba <a href=\"https:\/\/www.fcgueugnon.fr\/site\/classement-national-3-bourgogne-franche-comte\">Classement<\/a><\/p>\n","protected":false},"excerpt":{"rendered":"<p>Les Forgerons s&rsquo;imposent face \u00e0 Quetigny et obtiennent les trois points capitaux pour le maintien. Photos : FC Gueugnon C\u2019est au stade des C\u00e8dres, que nous retrouvions nos forgerons ce samedi. Apr\u00e8s avoir conc\u00e9d\u00e9 le nul face au leader Pontarlier, nos Jaunes et Bleus sont toujours en qu\u00eate de points pour pouvoir assurer leur maintien. &#8230; <\/p>\n<p class=\"read-more-container\"><a title=\"[N3 J22 : AS Quetigny \u2013 FC Gueugnon] R\u00e9sultat, r\u00e9actions et r\u00e9sum\u00e9\" class=\"read-more button\" href=\"https:\/\/www.fcgueugnon.fr\/site\/n3-j22-as-quetigny-fc-gueugnon-resultat-reactions-et-resume\/4305#more-4305\" aria-label=\"Plus sur [N3 J22 : AS Quetigny \u2013 FC Gueugnon] R\u00e9sultat, r\u00e9actions et r\u00e9sum\u00e9\">Lire la suite<\/a><\/p>\n","protected":false},"author":4,"featured_media":4319,"comment_status":"closed","ping_status":"closed","sticky":false,"template":"","format":"standard","meta":{"footnotes":""},"categories":[5,4],"tags":[27,31],"class_list":["post-4305","post","type-post","status-publish","format-standard","has-post-thumbnail","hentry","category-news-2022-2023","category-news","tag-resultat","tag-video","infinite-scroll-item","generate-columns","tablet-grid-50","mobile-grid-100","grid-parent","grid-25"],"yoast_head":"<!-- This site is optimized with the Yoast SEO plugin v26.6 - https:\/\/yoast.com\/wordpress\/plugins\/seo\/ -->\n<title>[N3 J22 : AS Quetigny \u2013 FC Gueugnon] R\u00e9sultat, r\u00e9actions et r\u00e9sum\u00e9 &#8226; FOOTBALL CLUB GUEUGNON<\/title>\n<meta name=\"robots\" content=\"index, follow, max-snippet:-1, max-image-preview:large, max-video-preview:-1\" \/>\n<link rel=\"canonical\" href=\"https:\/\/www.fcgueugnon.fr\/site\/n3-j22-as-quetigny-fc-gueugnon-resultat-reactions-et-resume\/4305\" \/>\n<meta property=\"og:locale\" content=\"fr_FR\" \/>\n<meta property=\"og:type\" content=\"article\" \/>\n<meta property=\"og:title\" content=\"[N3 J22 : AS Quetigny \u2013 FC Gueugnon] R\u00e9sultat, r\u00e9actions et r\u00e9sum\u00e9 &#8226; FOOTBALL CLUB GUEUGNON\" \/>\n<meta property=\"og:description\" content=\"Les Forgerons s&rsquo;imposent face \u00e0 Quetigny et obtiennent les trois points capitaux pour le maintien. Photos : FC Gueugnon C\u2019est au stade des C\u00e8dres, que nous retrouvions nos forgerons ce samedi. Apr\u00e8s avoir conc\u00e9d\u00e9 le nul face au leader Pontarlier, nos Jaunes et Bleus sont toujours en qu\u00eate de points pour pouvoir assurer leur maintien. ... Lire la suite\" \/>\n<meta property=\"og:url\" content=\"https:\/\/www.fcgueugnon.fr\/site\/n3-j22-as-quetigny-fc-gueugnon-resultat-reactions-et-resume\/4305\" \/>\n<meta property=\"og:site_name\" content=\"FOOTBALL CLUB GUEUGNON\" \/>\n<meta property=\"article:publisher\" content=\"http:\/\/facebook.com\/FCGueugnon\" \/>\n<meta property=\"article:published_time\" content=\"2023-04-24T13:20:23+00:00\" \/>\n<meta property=\"article:modified_time\" content=\"2023-10-23T07:38:21+00:00\" \/>\n<meta property=\"og:image\" content=\"https:\/\/www.fcgueugnon.fr\/site\/wp-content\/uploads\/2023\/04\/FuVJZl8WYAEk2zM-1.jpeg\" \/>\n\t<meta property=\"og:image:width\" content=\"1650\" \/>\n\t<meta property=\"og:image:height\" content=\"1100\" \/>\n\t<meta property=\"og:image:type\" content=\"image\/jpeg\" \/>\n<meta name=\"author\" content=\"FC Gueugnon\" \/>\n<meta name=\"twitter:card\" content=\"summary_large_image\" \/>\n<meta name=\"twitter:creator\" content=\"@FCGueugnon_off\" \/>\n<meta name=\"twitter:site\" content=\"@FCGueugnon_off\" \/>\n<meta name=\"twitter:label1\" content=\"\u00c9crit par\" \/>\n\t<meta name=\"twitter:data1\" content=\"FC Gueugnon\" \/>\n\t<meta name=\"twitter:label2\" content=\"Dur\u00e9e de lecture estim\u00e9e\" \/>\n\t<meta name=\"twitter:data2\" content=\"4 minutes\" \/>\n<script type=\"application\/ld+json\" class=\"yoast-schema-graph\">{\"@context\":\"https:\/\/schema.org\",\"@graph\":[{\"@type\":\"Article\",\"@id\":\"https:\/\/www.fcgueugnon.fr\/site\/n3-j22-as-quetigny-fc-gueugnon-resultat-reactions-et-resume\/4305#article\",\"isPartOf\":{\"@id\":\"https:\/\/www.fcgueugnon.fr\/site\/n3-j22-as-quetigny-fc-gueugnon-resultat-reactions-et-resume\/4305\"},\"author\":{\"name\":\"FC Gueugnon\",\"@id\":\"https:\/\/www.fcgueugnon.fr\/site\/#\/schema\/person\/6b88acb9354d23e86675fc81c54ed359\"},\"headline\":\"[N3 J22 : AS Quetigny \u2013 FC Gueugnon] R\u00e9sultat, r\u00e9actions et r\u00e9sum\u00e9\",\"datePublished\":\"2023-04-24T13:20:23+00:00\",\"dateModified\":\"2023-10-23T07:38:21+00:00\",\"mainEntityOfPage\":{\"@id\":\"https:\/\/www.fcgueugnon.fr\/site\/n3-j22-as-quetigny-fc-gueugnon-resultat-reactions-et-resume\/4305\"},\"wordCount\":550,\"publisher\":{\"@id\":\"https:\/\/www.fcgueugnon.fr\/site\/#organization\"},\"image\":{\"@id\":\"https:\/\/www.fcgueugnon.fr\/site\/n3-j22-as-quetigny-fc-gueugnon-resultat-reactions-et-resume\/4305#primaryimage\"},\"thumbnailUrl\":\"https:\/\/www.fcgueugnon.fr\/site\/wp-content\/uploads\/2023\/04\/FuVJZl8WYAEk2zM-1.jpeg\",\"keywords\":[\"R\u00e9sultat\",\"Vid\u00e9o\"],\"articleSection\":[\"Archives 2022\/2023\",\"News\"],\"inLanguage\":\"fr-FR\"},{\"@type\":\"WebPage\",\"@id\":\"https:\/\/www.fcgueugnon.fr\/site\/n3-j22-as-quetigny-fc-gueugnon-resultat-reactions-et-resume\/4305\",\"url\":\"https:\/\/www.fcgueugnon.fr\/site\/n3-j22-as-quetigny-fc-gueugnon-resultat-reactions-et-resume\/4305\",\"name\":\"[N3 J22 : AS Quetigny \u2013 FC Gueugnon] R\u00e9sultat, r\u00e9actions et r\u00e9sum\u00e9 &#8226; FOOTBALL CLUB GUEUGNON\",\"isPartOf\":{\"@id\":\"https:\/\/www.fcgueugnon.fr\/site\/#website\"},\"primaryImageOfPage\":{\"@id\":\"https:\/\/www.fcgueugnon.fr\/site\/n3-j22-as-quetigny-fc-gueugnon-resultat-reactions-et-resume\/4305#primaryimage\"},\"image\":{\"@id\":\"https:\/\/www.fcgueugnon.fr\/site\/n3-j22-as-quetigny-fc-gueugnon-resultat-reactions-et-resume\/4305#primaryimage\"},\"thumbnailUrl\":\"https:\/\/www.fcgueugnon.fr\/site\/wp-content\/uploads\/2023\/04\/FuVJZl8WYAEk2zM-1.jpeg\",\"datePublished\":\"2023-04-24T13:20:23+00:00\",\"dateModified\":\"2023-10-23T07:38:21+00:00\",\"breadcrumb\":{\"@id\":\"https:\/\/www.fcgueugnon.fr\/site\/n3-j22-as-quetigny-fc-gueugnon-resultat-reactions-et-resume\/4305#breadcrumb\"},\"inLanguage\":\"fr-FR\",\"potentialAction\":[{\"@type\":\"ReadAction\",\"target\":[\"https:\/\/www.fcgueugnon.fr\/site\/n3-j22-as-quetigny-fc-gueugnon-resultat-reactions-et-resume\/4305\"]}]},{\"@type\":\"ImageObject\",\"inLanguage\":\"fr-FR\",\"@id\":\"https:\/\/www.fcgueugnon.fr\/site\/n3-j22-as-quetigny-fc-gueugnon-resultat-reactions-et-resume\/4305#primaryimage\",\"url\":\"https:\/\/www.fcgueugnon.fr\/site\/wp-content\/uploads\/2023\/04\/FuVJZl8WYAEk2zM-1.jpeg\",\"contentUrl\":\"https:\/\/www.fcgueugnon.fr\/site\/wp-content\/uploads\/2023\/04\/FuVJZl8WYAEk2zM-1.jpeg\",\"width\":1650,\"height\":1100},{\"@type\":\"BreadcrumbList\",\"@id\":\"https:\/\/www.fcgueugnon.fr\/site\/n3-j22-as-quetigny-fc-gueugnon-resultat-reactions-et-resume\/4305#breadcrumb\",\"itemListElement\":[{\"@type\":\"ListItem\",\"position\":1,\"name\":\"Accueil\",\"item\":\"https:\/\/www.fcgueugnon.fr\/site\/\"},{\"@type\":\"ListItem\",\"position\":2,\"name\":\"[N3 J22 : AS Quetigny \u2013 FC Gueugnon] R\u00e9sultat, r\u00e9actions et r\u00e9sum\u00e9\"}]},{\"@type\":\"WebSite\",\"@id\":\"https:\/\/www.fcgueugnon.fr\/site\/#website\",\"url\":\"https:\/\/www.fcgueugnon.fr\/site\/\",\"name\":\"FOOTBALL CLUB GUEUGNON\",\"description\":\"Le Site Officiel des Forgerons\",\"publisher\":{\"@id\":\"https:\/\/www.fcgueugnon.fr\/site\/#organization\"},\"potentialAction\":[{\"@type\":\"SearchAction\",\"target\":{\"@type\":\"EntryPoint\",\"urlTemplate\":\"https:\/\/www.fcgueugnon.fr\/site\/?s={search_term_string}\"},\"query-input\":{\"@type\":\"PropertyValueSpecification\",\"valueRequired\":true,\"valueName\":\"search_term_string\"}}],\"inLanguage\":\"fr-FR\"},{\"@type\":\"Organization\",\"@id\":\"https:\/\/www.fcgueugnon.fr\/site\/#organization\",\"name\":\"FC Gueugnon\",\"url\":\"https:\/\/www.fcgueugnon.fr\/site\/\",\"logo\":{\"@type\":\"ImageObject\",\"inLanguage\":\"fr-FR\",\"@id\":\"https:\/\/www.fcgueugnon.fr\/site\/#\/schema\/logo\/image\/\",\"url\":\"https:\/\/www.fcgueugnon.fr\/site\/wp-content\/uploads\/2022\/07\/cropped-Logo-FCGUEUGNON-low-350x350-1.png\",\"contentUrl\":\"https:\/\/www.fcgueugnon.fr\/site\/wp-content\/uploads\/2022\/07\/cropped-Logo-FCGUEUGNON-low-350x350-1.png\",\"width\":350,\"height\":350,\"caption\":\"FC Gueugnon\"},\"image\":{\"@id\":\"https:\/\/www.fcgueugnon.fr\/site\/#\/schema\/logo\/image\/\"},\"sameAs\":[\"http:\/\/facebook.com\/FCGueugnon\",\"https:\/\/x.com\/FCGueugnon_off\",\"https:\/\/www.instagram.com\/fcgueugnon\/\",\"https:\/\/www.linkedin.com\/company\/football-club-de-gueugnon\/\",\"https:\/\/www.youtube.com\/user\/FCGueugnonnais\",\"https:\/\/fr.wikipedia.org\/wiki\/Football_Club_de_Gueugnon\"]},{\"@type\":\"Person\",\"@id\":\"https:\/\/www.fcgueugnon.fr\/site\/#\/schema\/person\/6b88acb9354d23e86675fc81c54ed359\",\"name\":\"FC Gueugnon\",\"url\":\"https:\/\/www.fcgueugnon.fr\/site\/author\/man-antu\"}]}<\/script>\n<!-- \/ Yoast SEO plugin. -->","yoast_head_json":{"title":"[N3 J22 : AS Quetigny \u2013 FC Gueugnon] R\u00e9sultat, r\u00e9actions et r\u00e9sum\u00e9 &#8226; FOOTBALL CLUB GUEUGNON","robots":{"index":"index","follow":"follow","max-snippet":"max-snippet:-1","max-image-preview":"max-image-preview:large","max-video-preview":"max-video-preview:-1"},"canonical":"https:\/\/www.fcgueugnon.fr\/site\/n3-j22-as-quetigny-fc-gueugnon-resultat-reactions-et-resume\/4305","og_locale":"fr_FR","og_type":"article","og_title":"[N3 J22 : AS Quetigny \u2013 FC Gueugnon] R\u00e9sultat, r\u00e9actions et r\u00e9sum\u00e9 &#8226; FOOTBALL CLUB GUEUGNON","og_description":"Les Forgerons s&rsquo;imposent face \u00e0 Quetigny et obtiennent les trois points capitaux pour le maintien. Photos : FC Gueugnon C\u2019est au stade des C\u00e8dres, que nous retrouvions nos forgerons ce samedi. Apr\u00e8s avoir conc\u00e9d\u00e9 le nul face au leader Pontarlier, nos Jaunes et Bleus sont toujours en qu\u00eate de points pour pouvoir assurer leur maintien. ... Lire la suite","og_url":"https:\/\/www.fcgueugnon.fr\/site\/n3-j22-as-quetigny-fc-gueugnon-resultat-reactions-et-resume\/4305","og_site_name":"FOOTBALL CLUB GUEUGNON","article_publisher":"http:\/\/facebook.com\/FCGueugnon","article_published_time":"2023-04-24T13:20:23+00:00","article_modified_time":"2023-10-23T07:38:21+00:00","og_image":[{"width":1650,"height":1100,"url":"https:\/\/www.fcgueugnon.fr\/site\/wp-content\/uploads\/2023\/04\/FuVJZl8WYAEk2zM-1.jpeg","type":"image\/jpeg"}],"author":"FC Gueugnon","twitter_card":"summary_large_image","twitter_creator":"@FCGueugnon_off","twitter_site":"@FCGueugnon_off","twitter_misc":{"\u00c9crit par":"FC Gueugnon","Dur\u00e9e de lecture estim\u00e9e":"4 minutes"},"schema":{"@context":"https:\/\/schema.org","@graph":[{"@type":"Article","@id":"https:\/\/www.fcgueugnon.fr\/site\/n3-j22-as-quetigny-fc-gueugnon-resultat-reactions-et-resume\/4305#article","isPartOf":{"@id":"https:\/\/www.fcgueugnon.fr\/site\/n3-j22-as-quetigny-fc-gueugnon-resultat-reactions-et-resume\/4305"},"author":{"name":"FC Gueugnon","@id":"https:\/\/www.fcgueugnon.fr\/site\/#\/schema\/person\/6b88acb9354d23e86675fc81c54ed359"},"headline":"[N3 J22 : AS Quetigny \u2013 FC Gueugnon] R\u00e9sultat, r\u00e9actions et r\u00e9sum\u00e9","datePublished":"2023-04-24T13:20:23+00:00","dateModified":"2023-10-23T07:38:21+00:00","mainEntityOfPage":{"@id":"https:\/\/www.fcgueugnon.fr\/site\/n3-j22-as-quetigny-fc-gueugnon-resultat-reactions-et-resume\/4305"},"wordCount":550,"publisher":{"@id":"https:\/\/www.fcgueugnon.fr\/site\/#organization"},"image":{"@id":"https:\/\/www.fcgueugnon.fr\/site\/n3-j22-as-quetigny-fc-gueugnon-resultat-reactions-et-resume\/4305#primaryimage"},"thumbnailUrl":"https:\/\/www.fcgueugnon.fr\/site\/wp-content\/uploads\/2023\/04\/FuVJZl8WYAEk2zM-1.jpeg","keywords":["R\u00e9sultat","Vid\u00e9o"],"articleSection":["Archives 2022\/2023","News"],"inLanguage":"fr-FR"},{"@type":"WebPage","@id":"https:\/\/www.fcgueugnon.fr\/site\/n3-j22-as-quetigny-fc-gueugnon-resultat-reactions-et-resume\/4305","url":"https:\/\/www.fcgueugnon.fr\/site\/n3-j22-as-quetigny-fc-gueugnon-resultat-reactions-et-resume\/4305","name":"[N3 J22 : AS Quetigny \u2013 FC Gueugnon] R\u00e9sultat, r\u00e9actions et r\u00e9sum\u00e9 &#8226; FOOTBALL CLUB GUEUGNON","isPartOf":{"@id":"https:\/\/www.fcgueugnon.fr\/site\/#website"},"primaryImageOfPage":{"@id":"https:\/\/www.fcgueugnon.fr\/site\/n3-j22-as-quetigny-fc-gueugnon-resultat-reactions-et-resume\/4305#primaryimage"},"image":{"@id":"https:\/\/www.fcgueugnon.fr\/site\/n3-j22-as-quetigny-fc-gueugnon-resultat-reactions-et-resume\/4305#primaryimage"},"thumbnailUrl":"https:\/\/www.fcgueugnon.fr\/site\/wp-content\/uploads\/2023\/04\/FuVJZl8WYAEk2zM-1.jpeg","datePublished":"2023-04-24T13:20:23+00:00","dateModified":"2023-10-23T07:38:21+00:00","breadcrumb":{"@id":"https:\/\/www.fcgueugnon.fr\/site\/n3-j22-as-quetigny-fc-gueugnon-resultat-reactions-et-resume\/4305#breadcrumb"},"inLanguage":"fr-FR","potentialAction":[{"@type":"ReadAction","target":["https:\/\/www.fcgueugnon.fr\/site\/n3-j22-as-quetigny-fc-gueugnon-resultat-reactions-et-resume\/4305"]}]},{"@type":"ImageObject","inLanguage":"fr-FR","@id":"https:\/\/www.fcgueugnon.fr\/site\/n3-j22-as-quetigny-fc-gueugnon-resultat-reactions-et-resume\/4305#primaryimage","url":"https:\/\/www.fcgueugnon.fr\/site\/wp-content\/uploads\/2023\/04\/FuVJZl8WYAEk2zM-1.jpeg","contentUrl":"https:\/\/www.fcgueugnon.fr\/site\/wp-content\/uploads\/2023\/04\/FuVJZl8WYAEk2zM-1.jpeg","width":1650,"height":1100},{"@type":"BreadcrumbList","@id":"https:\/\/www.fcgueugnon.fr\/site\/n3-j22-as-quetigny-fc-gueugnon-resultat-reactions-et-resume\/4305#breadcrumb","itemListElement":[{"@type":"ListItem","position":1,"name":"Accueil","item":"https:\/\/www.fcgueugnon.fr\/site\/"},{"@type":"ListItem","position":2,"name":"[N3 J22 : AS Quetigny \u2013 FC Gueugnon] R\u00e9sultat, r\u00e9actions et r\u00e9sum\u00e9"}]},{"@type":"WebSite","@id":"https:\/\/www.fcgueugnon.fr\/site\/#website","url":"https:\/\/www.fcgueugnon.fr\/site\/","name":"FOOTBALL CLUB GUEUGNON","description":"Le Site Officiel des Forgerons","publisher":{"@id":"https:\/\/www.fcgueugnon.fr\/site\/#organization"},"potentialAction":[{"@type":"SearchAction","target":{"@type":"EntryPoint","urlTemplate":"https:\/\/www.fcgueugnon.fr\/site\/?s={search_term_string}"},"query-input":{"@type":"PropertyValueSpecification","valueRequired":true,"valueName":"search_term_string"}}],"inLanguage":"fr-FR"},{"@type":"Organization","@id":"https:\/\/www.fcgueugnon.fr\/site\/#organization","name":"FC Gueugnon","url":"https:\/\/www.fcgueugnon.fr\/site\/","logo":{"@type":"ImageObject","inLanguage":"fr-FR","@id":"https:\/\/www.fcgueugnon.fr\/site\/#\/schema\/logo\/image\/","url":"https:\/\/www.fcgueugnon.fr\/site\/wp-content\/uploads\/2022\/07\/cropped-Logo-FCGUEUGNON-low-350x350-1.png","contentUrl":"https:\/\/www.fcgueugnon.fr\/site\/wp-content\/uploads\/2022\/07\/cropped-Logo-FCGUEUGNON-low-350x350-1.png","width":350,"height":350,"caption":"FC Gueugnon"},"image":{"@id":"https:\/\/www.fcgueugnon.fr\/site\/#\/schema\/logo\/image\/"},"sameAs":["http:\/\/facebook.com\/FCGueugnon","https:\/\/x.com\/FCGueugnon_off","https:\/\/www.instagram.com\/fcgueugnon\/","https:\/\/www.linkedin.com\/company\/football-club-de-gueugnon\/","https:\/\/www.youtube.com\/user\/FCGueugnonnais","https:\/\/fr.wikipedia.org\/wiki\/Football_Club_de_Gueugnon"]},{"@type":"Person","@id":"https:\/\/www.fcgueugnon.fr\/site\/#\/schema\/person\/6b88acb9354d23e86675fc81c54ed359","name":"FC Gueugnon","url":"https:\/\/www.fcgueugnon.fr\/site\/author\/man-antu"}]}},"rttpg_featured_image_url":{"full":["https:\/\/www.fcgueugnon.fr\/site\/wp-content\/uploads\/2023\/04\/FuVJZl8WYAEk2zM-1.jpeg",1650,1100,false],"landscape":["https:\/\/www.fcgueugnon.fr\/site\/wp-content\/uploads\/2023\/04\/FuVJZl8WYAEk2zM-1.jpeg",1650,1100,false],"portraits":["https:\/\/www.fcgueugnon.fr\/site\/wp-content\/uploads\/2023\/04\/FuVJZl8WYAEk2zM-1.jpeg",1650,1100,false],"thumbnail":["https:\/\/www.fcgueugnon.fr\/site\/wp-content\/uploads\/2023\/04\/FuVJZl8WYAEk2zM-1-150x150.jpeg",150,150,true],"medium":["https:\/\/www.fcgueugnon.fr\/site\/wp-content\/uploads\/2023\/04\/FuVJZl8WYAEk2zM-1-400x267.jpeg",400,267,true],"large":["https:\/\/www.fcgueugnon.fr\/site\/wp-content\/uploads\/2023\/04\/FuVJZl8WYAEk2zM-1-1024x683.jpeg",1024,683,true],"1536x1536":["https:\/\/www.fcgueugnon.fr\/site\/wp-content\/uploads\/2023\/04\/FuVJZl8WYAEk2zM-1-1536x1024.jpeg",1536,1024,true],"2048x2048":["https:\/\/www.fcgueugnon.fr\/site\/wp-content\/uploads\/2023\/04\/FuVJZl8WYAEk2zM-1.jpeg",1650,1100,false]},"rttpg_author":{"display_name":"FC Gueugnon","author_link":"https:\/\/www.fcgueugnon.fr\/site\/author\/man-antu"},"rttpg_comment":0,"rttpg_category":"<a href=\"https:\/\/www.fcgueugnon.fr\/site\/category\/news\/news-2022-2023\" rel=\"category tag\">Archives 2022\/2023<\/a> <a href=\"https:\/\/www.fcgueugnon.fr\/site\/category\/news\" rel=\"category tag\">News<\/a>","rttpg_excerpt":"Les Forgerons s&rsquo;imposent face \u00e0 Quetigny et obtiennent les trois points capitaux pour le maintien. Photos : FC Gueugnon C\u2019est au stade des C\u00e8dres, que nous retrouvions nos forgerons ce samedi. Apr\u00e8s avoir conc\u00e9d\u00e9 le nul face au leader Pontarlier, nos Jaunes et Bleus sont toujours en qu\u00eate de points pour pouvoir assurer leur maintien.\u2026","_links":{"self":[{"href":"https:\/\/www.fcgueugnon.fr\/site\/wp-json\/wp\/v2\/posts\/4305","targetHints":{"allow":["GET"]}}],"collection":[{"href":"https:\/\/www.fcgueugnon.fr\/site\/wp-json\/wp\/v2\/posts"}],"about":[{"href":"https:\/\/www.fcgueugnon.fr\/site\/wp-json\/wp\/v2\/types\/post"}],"author":[{"embeddable":true,"href":"https:\/\/www.fcgueugnon.fr\/site\/wp-json\/wp\/v2\/users\/4"}],"replies":[{"embeddable":true,"href":"https:\/\/www.fcgueugnon.fr\/site\/wp-json\/wp\/v2\/comments?post=4305"}],"version-history":[{"count":2,"href":"https:\/\/www.fcgueugnon.fr\/site\/wp-json\/wp\/v2\/posts\/4305\/revisions"}],"predecessor-version":[{"id":4320,"href":"https:\/\/www.fcgueugnon.fr\/site\/wp-json\/wp\/v2\/posts\/4305\/revisions\/4320"}],"wp:featuredmedia":[{"embeddable":true,"href":"https:\/\/www.fcgueugnon.fr\/site\/wp-json\/wp\/v2\/media\/4319"}],"wp:attachment":[{"href":"https:\/\/www.fcgueugnon.fr\/site\/wp-json\/wp\/v2\/media?parent=4305"}],"wp:term":[{"taxonomy":"category","embeddable":true,"href":"https:\/\/www.fcgueugnon.fr\/site\/wp-json\/wp\/v2\/categories?post=4305"},{"taxonomy":"post_tag","embeddable":true,"href":"https:\/\/www.fcgueugnon.fr\/site\/wp-json\/wp\/v2\/tags?post=4305"}],"curies":[{"name":"wp","href":"https:\/\/api.w.org\/{rel}","templated":true}]}}