{"id":4276,"date":"2023-04-21T09:00:00","date_gmt":"2023-04-21T07:00:00","guid":{"rendered":"https:\/\/www.fcgueugnon.fr\/site\/?p=4276"},"modified":"2024-10-07T11:20:13","modified_gmt":"2024-10-07T09:20:13","slug":"n3-j22-as-quetigny-fc-gueugnon-apres-le-leader-rendez-vous-chez-la-lanterne-rouge","status":"publish","type":"post","link":"https:\/\/www.fcgueugnon.fr\/site\/n3-j22-as-quetigny-fc-gueugnon-apres-le-leader-rendez-vous-chez-la-lanterne-rouge\/4276","title":{"rendered":"[N3 J22 : AS Quetigny \u2013 FC Gueugnon] Apr\u00e8s le leader rendez-vous chez la lanterne rouge"},"content":{"rendered":"\n<h2 class=\"wp-block-heading\">Apr\u00e8s son match nul \u00e0 domicile contre Pontarlier, le FCG se d\u00e9place au stade des C\u00e8dres de l&rsquo;AS Quetigny pour faire fructifier le point du nul.<\/h2>\n\n\n\n<div style=\"height:70px\" aria-hidden=\"true\" class=\"wp-block-spacer\"><\/div>\n\n\n\n<div class=\"wp-block-getwid-image-box getwid-animation has-text-center has-mobile-layout-default has-mobile-alignment-center\" data-animation=\"zoomSmall\"><div class=\"wp-block-getwid-image-box__image-container is-position-top\"><div class=\"wp-block-getwid-image-box__image-wrapper\"><img loading=\"lazy\" decoding=\"async\" width=\"1024\" height=\"683\" src=\"https:\/\/www.fcgueugnon.fr\/site\/wp-content\/uploads\/2023\/04\/FCG-0-0-CA-PONTARLIER-6-1024x683.jpg\" alt=\"\" class=\"wp-block-getwid-image-box__image wp-image-4219\" srcset=\"https:\/\/www.fcgueugnon.fr\/site\/wp-content\/uploads\/2023\/04\/FCG-0-0-CA-PONTARLIER-6-1024x683.jpg 1024w, https:\/\/www.fcgueugnon.fr\/site\/wp-content\/uploads\/2023\/04\/FCG-0-0-CA-PONTARLIER-6-400x267.jpg 400w, https:\/\/www.fcgueugnon.fr\/site\/wp-content\/uploads\/2023\/04\/FCG-0-0-CA-PONTARLIER-6-768x512.jpg 768w, https:\/\/www.fcgueugnon.fr\/site\/wp-content\/uploads\/2023\/04\/FCG-0-0-CA-PONTARLIER-6-1536x1024.jpg 1536w, https:\/\/www.fcgueugnon.fr\/site\/wp-content\/uploads\/2023\/04\/FCG-0-0-CA-PONTARLIER-6-1320x880.jpg 1320w, https:\/\/www.fcgueugnon.fr\/site\/wp-content\/uploads\/2023\/04\/FCG-0-0-CA-PONTARLIER-6-600x400.jpg 600w, https:\/\/www.fcgueugnon.fr\/site\/wp-content\/uploads\/2023\/04\/FCG-0-0-CA-PONTARLIER-6.jpg 2048w\" sizes=\"auto, (max-width: 1024px) 100vw, 1024px\" \/><\/div><\/div><div class=\"wp-block-getwid-image-box__content\">\n<h3 class=\"wp-block-heading\"><\/h3>\n\n\n\n<p><\/p>\n<\/div><\/div>\n\n\n\n<div style=\"height:70px\" aria-hidden=\"true\" class=\"wp-block-spacer\"><\/div>\n\n\n\n<h3 class=\"wp-block-heading\">\ud83c\udd9a <em><strong>L&rsquo;adversaire <\/strong><\/em><\/h3>\n\n\n\n<p>Saison cauchemar pour le promu <strong>Quetigny <\/strong>qui avait fait le pari de conserver le noyau de joueurs ayant particip\u00e9 \u00e0 la mont\u00e9e, dont <strong>Micka\u00ebl Gaougaou <\/strong>auteur de 28 buts en R1 ! Apr\u00e8s le d\u00e9part du coach <strong>Anthony Morlot<\/strong> pour raisons professionnelles, le duo de coachs n&rsquo;aura pas su prendre de points et d\u00e9missionnera d\u00e8s la 5e journ\u00e9e&#8230; <\/p>\n\n\n\n<p>C&rsquo;est sans entraineur que les quetignois se retrouvent pour leur unique victoire de la saison lors de la r\u00e9ception du <strong>FC Montceau Bourgogne <\/strong>(3-1) ! Malgr\u00e9 l&rsquo;arriv\u00e9e d&rsquo;un nouveau coach en la personne de <strong>Didier Clerval <\/strong>lors de la 8<sup>e<\/sup> journ\u00e9e, les espoirs ont vite \u00e9t\u00e9 douch\u00e9s pour les c\u00f4te-d&rsquo;oriens qui pointent \u00e0 la derni\u00e8re et 14e place avec -3 points puisque le club a \u00e9t\u00e9 p\u00e9nalis\u00e9 de 6 points pour une infraction du Statut des \u00c9ducateurs et Entra\u00eeneurs DESJEPS lors de 6 journ\u00e9es.<\/p>\n\n\n\n<p>Une saison \u00e0 oublier pour une \u00e9quipe d\u00e9j\u00e0 rel\u00e9gable mais qui n\u2019a pour autant pas abandonn\u00e9 le jeu et sa volont\u00e9 de rajouter une nouvelle victoire \u00e0 son escarcelle ! Gare \u00e0 l&rsquo;exc\u00e8s de confiance. <\/p>\n\n\n\n<p><em>Site internet de l&rsquo;AS Quetigny : <\/em><a href=\"https:\/\/as-quetigny-football.footeo.com\/\" target=\"_blank\" rel=\"noreferrer noopener\">as-quetigny-football.footeo.com<\/a><\/p>\n\n\n\n<div style=\"height:70px\" aria-hidden=\"true\" class=\"wp-block-spacer\"><\/div>\n\n\n\n<h3 class=\"wp-block-heading\">\ud83d\udce3 <em><strong>La d\u00e9cla&rsquo;<\/strong><\/em><\/h3>\n\n\n\n<blockquote class=\"wp-block-quote is-style-default is-layout-flow wp-block-quote-is-layout-flow\">\n<p class=\"has-x-large-font-size\"><em>\u00ab <\/em>Il faut aller chercher une victoire \u00e0 Quetigny ! Cette premi\u00e8re victoire \u00e0 l&rsquo;ext\u00e9rieur nous ferait du bien et nous lib\u00e9rerait&#8230;<em>\u00a0\u00bb<\/em><\/p>\n<cite><strong><em>Philippe CORREIA <\/em><\/strong><em>(entraineur)<\/em><\/cite><\/blockquote>\n\n\n\n<div style=\"height:70px\" aria-hidden=\"true\" class=\"wp-block-spacer\"><\/div>\n\n\n\n<h3 class=\"wp-block-heading\">\ud83d\udfe1\ud83d\udd35 <em><strong>Le FC Gueugnon<\/strong><\/em><\/h3>\n\n\n\n<p class=\"has-text-align-left\"><strong>Gueugnon <\/strong>court apr\u00e8s les points dans cette fin de championnat&#8230; Le week-end dernier \u00e0 domicile devant pr\u00e8s de 800 spectateurs et supporters, les forgerons ont obtenu un bon point face \u00e0 un leader <strong>Pontarlier <\/strong>(<a href=\"https:\/\/www.fcgueugnon.fr\/site\/n3-j21-fc-gueugnon-ca-pontarlier-resultat-reactions-et-resume\/4196\">relire apr\u00e8s-match<\/a>) qui cravache \u00e0 une seule unit\u00e9 devant son dauphin m\u00e2connais. <\/p>\n\n\n\n<p>Un match solide, courageux et inspirant pour le coach <strong>Philippe Correia<\/strong> : \u00ab<em> Je pense que\u00a0ce point peut nous amener un peu de confiance. On n\u2019a pas pris de but et on a conc\u00e9d\u00e9 qu&rsquo;une occasion en 90 minutes&#8230;<\/em> \u00bb. Et une prestation qu&rsquo;il faudra reproduire contre un <strong>Quetigny <\/strong>\u00e0 ne pas m\u00e9sestimer. <\/p>\n\n\n\n<p>Le <strong>FCG <\/strong>a encore des cartes en main dans cette bataille pour le maintien. Il faudra toutefois faire preuve d&rsquo;efficacit\u00e9 et prendre les matchs les uns apr\u00e8s les autres comme le signale le coach : <em>\u00ab De toute fa\u00e7on, on ne l\u00e2chera pas et on se battra jusqu\u2019au bout pour se maintenir.\u00a0\u00bb<\/em><\/p>\n\n\n\n<p>Les gueugnonnais empocheront-ils une premi\u00e8re victoire \u00e0 l\u2019ext\u00e9rieur cette saison ? C&rsquo;est en tout cas le souhait des supporters qui seront \u00e0 nouveau derri\u00e8re l&rsquo;\u00e9quipe ce samedi.<\/p>\n\n\n\n<div style=\"height:70px\" aria-hidden=\"true\" class=\"wp-block-spacer\"><\/div>\n\n\n\n<hr class=\"wp-block-separator has-text-color has-css-opacity has-background is-style-default\" style=\"background-color:#f7db4a;color:#f7db4a\"\/>\n\n\n\n<div class=\"wp-block-media-text alignwide is-stacked-on-mobile is-vertically-aligned-center is-style-default\" style=\"grid-template-columns:49% auto\"><figure class=\"wp-block-media-text__media\"><img loading=\"lazy\" decoding=\"async\" width=\"1024\" height=\"538\" src=\"https:\/\/www.fcgueugnon.fr\/site\/wp-content\/uploads\/2022\/08\/post-facebook-FCG-1024x538.png\" alt=\"\" class=\"wp-image-930 size-full\" srcset=\"https:\/\/www.fcgueugnon.fr\/site\/wp-content\/uploads\/2022\/08\/post-facebook-FCG-1024x538.png 1024w, https:\/\/www.fcgueugnon.fr\/site\/wp-content\/uploads\/2022\/08\/post-facebook-FCG-400x210.png 400w, https:\/\/www.fcgueugnon.fr\/site\/wp-content\/uploads\/2022\/08\/post-facebook-FCG-768x403.png 768w, https:\/\/www.fcgueugnon.fr\/site\/wp-content\/uploads\/2022\/08\/post-facebook-FCG.png 1200w\" sizes=\"auto, (max-width: 1024px) 100vw, 1024px\" \/><\/figure><div class=\"wp-block-media-text__content\">\n<h2 class=\"wp-block-heading\">C&rsquo;est en covoiturant qu&rsquo;on devient Forgeron ! <\/h2>\n\n\n\n<div style=\"height:10px\" aria-hidden=\"true\" class=\"wp-block-spacer\"><\/div>\n\n\n\n<p><strong>Rendez-vous sur l&rsquo;application et le site internet de StadiumGO pour proposer et trouver votre trajet pour vous rendre \u00e0 Gueugnon !<\/strong><\/p>\n\n\n\n<div class=\"wp-block-buttons is-layout-flex wp-block-buttons-is-layout-flex\">\n<div class=\"wp-block-button aligncenter is-style-circular\"><a class=\"wp-block-button__link wp-element-button\" href=\"https:\/\/www.stadiumgo.fr\/liste-matchs?search=1&amp;club=gueugnon&amp;league=\">StadiumGO<\/a><\/div>\n<\/div>\n<\/div><\/div>\n\n\n\n<div style=\"height:25px\" aria-hidden=\"true\" class=\"wp-block-spacer\"><\/div>\n\n\n\n<hr class=\"wp-block-separator has-text-color has-css-opacity has-background is-style-default\" style=\"background-color:#f7db4a;color:#f7db4a\"\/>\n\n\n\n<h3 class=\"wp-block-heading\">\u26bd <strong><em>La fiche<\/em><\/strong><\/h3>\n\n\n\n<h4 class=\"wp-block-heading\"><b>NIVEAU NATIONAL : F\u00c9D\u00c9RATION&nbsp;FRAN\u00c7AISE&nbsp;DE FOOTBALL<\/b><br><strong><b>NATIONAL 3 &#8211; J<\/b>2<\/strong>2<br>Samedi 22 Avril 2023 &#8211; 18H00<br>AS QUETIGNY \/ FC GUEUGNON<\/h4>\n\n\n\n<p><strong>TERRAIN<\/strong><br>STADE DES C\u00c8DRES 1<br>5 AVENUE DU 8 MAI 1945<br>21800 &#8211; QUETIGNY<\/p>\n\n\n\n<p><strong>SURFACE DE JEU<\/strong><br>Pelouse naturelle<\/p>\n\n\n\n<p><strong>OFFICIELS<\/strong><br>Arbitre centre : EMMANUEL MICHELET<br>Arbitre assistant 1 : CEDRIC JUNG<br>Arbitre assistant 2 : BOUDJEMA LAHOUAZI<br>D\u00e9l\u00e9gu\u00e9 principal : ALBERT GIBOULET<\/p>\n\n\n\n<div style=\"height:50px\" aria-hidden=\"true\" class=\"wp-block-spacer\"><\/div>\n\n\n\n<h3 class=\"wp-block-heading\"><strong>Groupe<\/strong><\/h3>\n\n\n\n<p>A venir apr\u00e8s le dernier entrainement<\/p>\n\n\n\n<div style=\"height:50px\" aria-hidden=\"true\" class=\"wp-block-spacer\"><\/div>\n\n\n\n<h3 class=\"wp-block-heading\">\ud83d\uddd3 <strong>La 18e journ\u00e9e de National 3<\/strong><\/h3>\n\n\n\n<p>Samedi 22 Avril<br>17:00 : US Cosne &#8211; FC Grandvillars<br>17:00 : St Apollinaire &#8211; Besan\u00e7on Foot<br>18:00 : FC Montceau Bourgogne &#8211; Is-Selongey<br>18:00 : AS Quetigny &#8211; FC Gueugnon<br>18:00 : CA Pontarlier &#8211; Sochaux Montb\u00e9liard B<br>18:00 : Morteau Montlebon &#8211; Jura Dolois <br>18:00 : UF M\u00e2connais &#8211; Dijon FCO B<br><\/p>\n\n\n\n<div style=\"height:100px\" aria-hidden=\"true\" class=\"wp-block-spacer\"><\/div>\n","protected":false},"excerpt":{"rendered":"<p>Apr\u00e8s son match nul \u00e0 domicile contre Pontarlier, le FCG se d\u00e9place au stade des C\u00e8dres de l&rsquo;AS Quetigny pour faire fructifier le point du nul. \ud83c\udd9a L&rsquo;adversaire Saison cauchemar pour le promu Quetigny qui avait fait le pari de conserver le noyau de joueurs ayant particip\u00e9 \u00e0 la mont\u00e9e, dont Micka\u00ebl Gaougaou auteur de &#8230; <\/p>\n<p class=\"read-more-container\"><a title=\"[N3 J22 : AS Quetigny \u2013 FC Gueugnon] Apr\u00e8s le leader rendez-vous chez la lanterne rouge\" class=\"read-more button\" href=\"https:\/\/www.fcgueugnon.fr\/site\/n3-j22-as-quetigny-fc-gueugnon-apres-le-leader-rendez-vous-chez-la-lanterne-rouge\/4276#more-4276\" aria-label=\"Plus sur [N3 J22 : AS Quetigny \u2013 FC Gueugnon] Apr\u00e8s le leader rendez-vous chez la lanterne rouge\">Lire la suite<\/a><\/p>\n","protected":false},"author":2,"featured_media":4278,"comment_status":"closed","ping_status":"closed","sticky":false,"template":"","format":"standard","meta":{"footnotes":""},"categories":[5,4],"tags":[28],"class_list":["post-4276","post","type-post","status-publish","format-standard","has-post-thumbnail","hentry","category-news-2022-2023","category-news","tag-avant-match","infinite-scroll-item","generate-columns","tablet-grid-50","mobile-grid-100","grid-parent","grid-25","resize-featured-image"],"yoast_head":"<!-- This site is optimized with the Yoast SEO plugin v26.6 - https:\/\/yoast.com\/wordpress\/plugins\/seo\/ -->\n<title>[N3 J22 : AS Quetigny \u2013 FC Gueugnon] Apr\u00e8s le leader rendez-vous chez la lanterne rouge &#8226; FOOTBALL CLUB GUEUGNON<\/title>\n<meta name=\"robots\" content=\"index, follow, max-snippet:-1, max-image-preview:large, max-video-preview:-1\" \/>\n<link rel=\"canonical\" href=\"https:\/\/www.fcgueugnon.fr\/site\/n3-j22-as-quetigny-fc-gueugnon-apres-le-leader-rendez-vous-chez-la-lanterne-rouge\/4276\" \/>\n<meta property=\"og:locale\" content=\"fr_FR\" \/>\n<meta property=\"og:type\" content=\"article\" \/>\n<meta property=\"og:title\" content=\"[N3 J22 : AS Quetigny \u2013 FC Gueugnon] Apr\u00e8s le leader rendez-vous chez la lanterne rouge &#8226; FOOTBALL CLUB GUEUGNON\" \/>\n<meta property=\"og:description\" content=\"Apr\u00e8s son match nul \u00e0 domicile contre Pontarlier, le FCG se d\u00e9place au stade des C\u00e8dres de l&rsquo;AS Quetigny pour faire fructifier le point du nul. \ud83c\udd9a L&rsquo;adversaire Saison cauchemar pour le promu Quetigny qui avait fait le pari de conserver le noyau de joueurs ayant particip\u00e9 \u00e0 la mont\u00e9e, dont Micka\u00ebl Gaougaou auteur de ... Lire la suite\" \/>\n<meta property=\"og:url\" content=\"https:\/\/www.fcgueugnon.fr\/site\/n3-j22-as-quetigny-fc-gueugnon-apres-le-leader-rendez-vous-chez-la-lanterne-rouge\/4276\" \/>\n<meta property=\"og:site_name\" content=\"FOOTBALL CLUB GUEUGNON\" \/>\n<meta property=\"article:publisher\" content=\"http:\/\/facebook.com\/FCGueugnon\" \/>\n<meta property=\"article:published_time\" content=\"2023-04-21T07:00:00+00:00\" \/>\n<meta property=\"article:modified_time\" content=\"2024-10-07T09:20:13+00:00\" \/>\n<meta property=\"og:image\" content=\"https:\/\/www.fcgueugnon.fr\/site\/wp-content\/uploads\/2023\/04\/BANNIERE-SITE-OFF-AVANT-MATCH-1024x576.png\" \/>\n\t<meta property=\"og:image:width\" content=\"1024\" \/>\n\t<meta property=\"og:image:height\" content=\"576\" \/>\n\t<meta property=\"og:image:type\" content=\"image\/png\" \/>\n<meta name=\"author\" content=\"FC Gueugnon\" \/>\n<meta name=\"twitter:card\" content=\"summary_large_image\" \/>\n<meta name=\"twitter:creator\" content=\"@FCGueugnon_off\" \/>\n<meta name=\"twitter:site\" content=\"@FCGueugnon_off\" \/>\n<meta name=\"twitter:label1\" content=\"\u00c9crit par\" \/>\n\t<meta name=\"twitter:data1\" content=\"FC Gueugnon\" \/>\n\t<meta name=\"twitter:label2\" content=\"Dur\u00e9e de lecture estim\u00e9e\" \/>\n\t<meta name=\"twitter:data2\" content=\"4 minutes\" \/>\n<script type=\"application\/ld+json\" class=\"yoast-schema-graph\">{\"@context\":\"https:\/\/schema.org\",\"@graph\":[{\"@type\":\"Article\",\"@id\":\"https:\/\/www.fcgueugnon.fr\/site\/n3-j22-as-quetigny-fc-gueugnon-apres-le-leader-rendez-vous-chez-la-lanterne-rouge\/4276#article\",\"isPartOf\":{\"@id\":\"https:\/\/www.fcgueugnon.fr\/site\/n3-j22-as-quetigny-fc-gueugnon-apres-le-leader-rendez-vous-chez-la-lanterne-rouge\/4276\"},\"author\":{\"name\":\"FC Gueugnon\",\"@id\":\"https:\/\/www.fcgueugnon.fr\/site\/#\/schema\/person\/d342d0c35e8e8f04740b9bdd734eeb20\"},\"headline\":\"[N3 J22 : AS Quetigny \u2013 FC Gueugnon] Apr\u00e8s le leader rendez-vous chez la lanterne rouge\",\"datePublished\":\"2023-04-21T07:00:00+00:00\",\"dateModified\":\"2024-10-07T09:20:13+00:00\",\"mainEntityOfPage\":{\"@id\":\"https:\/\/www.fcgueugnon.fr\/site\/n3-j22-as-quetigny-fc-gueugnon-apres-le-leader-rendez-vous-chez-la-lanterne-rouge\/4276\"},\"wordCount\":603,\"publisher\":{\"@id\":\"https:\/\/www.fcgueugnon.fr\/site\/#organization\"},\"image\":{\"@id\":\"https:\/\/www.fcgueugnon.fr\/site\/n3-j22-as-quetigny-fc-gueugnon-apres-le-leader-rendez-vous-chez-la-lanterne-rouge\/4276#primaryimage\"},\"thumbnailUrl\":\"https:\/\/www.fcgueugnon.fr\/site\/wp-content\/uploads\/2023\/04\/BANNIERE-SITE-OFF-AVANT-MATCH.png\",\"keywords\":[\"Avant-match\"],\"articleSection\":[\"Archives 2022\/2023\",\"News\"],\"inLanguage\":\"fr-FR\"},{\"@type\":\"WebPage\",\"@id\":\"https:\/\/www.fcgueugnon.fr\/site\/n3-j22-as-quetigny-fc-gueugnon-apres-le-leader-rendez-vous-chez-la-lanterne-rouge\/4276\",\"url\":\"https:\/\/www.fcgueugnon.fr\/site\/n3-j22-as-quetigny-fc-gueugnon-apres-le-leader-rendez-vous-chez-la-lanterne-rouge\/4276\",\"name\":\"[N3 J22 : AS Quetigny \u2013 FC Gueugnon] Apr\u00e8s le leader rendez-vous chez la lanterne rouge &#8226; FOOTBALL CLUB GUEUGNON\",\"isPartOf\":{\"@id\":\"https:\/\/www.fcgueugnon.fr\/site\/#website\"},\"primaryImageOfPage\":{\"@id\":\"https:\/\/www.fcgueugnon.fr\/site\/n3-j22-as-quetigny-fc-gueugnon-apres-le-leader-rendez-vous-chez-la-lanterne-rouge\/4276#primaryimage\"},\"image\":{\"@id\":\"https:\/\/www.fcgueugnon.fr\/site\/n3-j22-as-quetigny-fc-gueugnon-apres-le-leader-rendez-vous-chez-la-lanterne-rouge\/4276#primaryimage\"},\"thumbnailUrl\":\"https:\/\/www.fcgueugnon.fr\/site\/wp-content\/uploads\/2023\/04\/BANNIERE-SITE-OFF-AVANT-MATCH.png\",\"datePublished\":\"2023-04-21T07:00:00+00:00\",\"dateModified\":\"2024-10-07T09:20:13+00:00\",\"breadcrumb\":{\"@id\":\"https:\/\/www.fcgueugnon.fr\/site\/n3-j22-as-quetigny-fc-gueugnon-apres-le-leader-rendez-vous-chez-la-lanterne-rouge\/4276#breadcrumb\"},\"inLanguage\":\"fr-FR\",\"potentialAction\":[{\"@type\":\"ReadAction\",\"target\":[\"https:\/\/www.fcgueugnon.fr\/site\/n3-j22-as-quetigny-fc-gueugnon-apres-le-leader-rendez-vous-chez-la-lanterne-rouge\/4276\"]}]},{\"@type\":\"ImageObject\",\"inLanguage\":\"fr-FR\",\"@id\":\"https:\/\/www.fcgueugnon.fr\/site\/n3-j22-as-quetigny-fc-gueugnon-apres-le-leader-rendez-vous-chez-la-lanterne-rouge\/4276#primaryimage\",\"url\":\"https:\/\/www.fcgueugnon.fr\/site\/wp-content\/uploads\/2023\/04\/BANNIERE-SITE-OFF-AVANT-MATCH.png\",\"contentUrl\":\"https:\/\/www.fcgueugnon.fr\/site\/wp-content\/uploads\/2023\/04\/BANNIERE-SITE-OFF-AVANT-MATCH.png\",\"width\":1920,\"height\":1080},{\"@type\":\"BreadcrumbList\",\"@id\":\"https:\/\/www.fcgueugnon.fr\/site\/n3-j22-as-quetigny-fc-gueugnon-apres-le-leader-rendez-vous-chez-la-lanterne-rouge\/4276#breadcrumb\",\"itemListElement\":[{\"@type\":\"ListItem\",\"position\":1,\"name\":\"Accueil\",\"item\":\"https:\/\/www.fcgueugnon.fr\/site\/\"},{\"@type\":\"ListItem\",\"position\":2,\"name\":\"[N3 J22 : AS Quetigny \u2013 FC Gueugnon] Apr\u00e8s le leader rendez-vous chez la lanterne rouge\"}]},{\"@type\":\"WebSite\",\"@id\":\"https:\/\/www.fcgueugnon.fr\/site\/#website\",\"url\":\"https:\/\/www.fcgueugnon.fr\/site\/\",\"name\":\"FOOTBALL CLUB GUEUGNON\",\"description\":\"Le Site Officiel des Forgerons\",\"publisher\":{\"@id\":\"https:\/\/www.fcgueugnon.fr\/site\/#organization\"},\"potentialAction\":[{\"@type\":\"SearchAction\",\"target\":{\"@type\":\"EntryPoint\",\"urlTemplate\":\"https:\/\/www.fcgueugnon.fr\/site\/?s={search_term_string}\"},\"query-input\":{\"@type\":\"PropertyValueSpecification\",\"valueRequired\":true,\"valueName\":\"search_term_string\"}}],\"inLanguage\":\"fr-FR\"},{\"@type\":\"Organization\",\"@id\":\"https:\/\/www.fcgueugnon.fr\/site\/#organization\",\"name\":\"FC Gueugnon\",\"url\":\"https:\/\/www.fcgueugnon.fr\/site\/\",\"logo\":{\"@type\":\"ImageObject\",\"inLanguage\":\"fr-FR\",\"@id\":\"https:\/\/www.fcgueugnon.fr\/site\/#\/schema\/logo\/image\/\",\"url\":\"https:\/\/www.fcgueugnon.fr\/site\/wp-content\/uploads\/2022\/07\/cropped-Logo-FCGUEUGNON-low-350x350-1.png\",\"contentUrl\":\"https:\/\/www.fcgueugnon.fr\/site\/wp-content\/uploads\/2022\/07\/cropped-Logo-FCGUEUGNON-low-350x350-1.png\",\"width\":350,\"height\":350,\"caption\":\"FC Gueugnon\"},\"image\":{\"@id\":\"https:\/\/www.fcgueugnon.fr\/site\/#\/schema\/logo\/image\/\"},\"sameAs\":[\"http:\/\/facebook.com\/FCGueugnon\",\"https:\/\/x.com\/FCGueugnon_off\",\"https:\/\/www.instagram.com\/fcgueugnon\/\",\"https:\/\/www.linkedin.com\/company\/football-club-de-gueugnon\/\",\"https:\/\/www.youtube.com\/user\/FCGueugnonnais\",\"https:\/\/fr.wikipedia.org\/wiki\/Football_Club_de_Gueugnon\"]},{\"@type\":\"Person\",\"@id\":\"https:\/\/www.fcgueugnon.fr\/site\/#\/schema\/person\/d342d0c35e8e8f04740b9bdd734eeb20\",\"name\":\"FC Gueugnon\",\"url\":\"https:\/\/www.fcgueugnon.fr\/site\/author\/s-rod\"}]}<\/script>\n<!-- \/ Yoast SEO plugin. -->","yoast_head_json":{"title":"[N3 J22 : AS Quetigny \u2013 FC Gueugnon] Apr\u00e8s le leader rendez-vous chez la lanterne rouge &#8226; FOOTBALL CLUB GUEUGNON","robots":{"index":"index","follow":"follow","max-snippet":"max-snippet:-1","max-image-preview":"max-image-preview:large","max-video-preview":"max-video-preview:-1"},"canonical":"https:\/\/www.fcgueugnon.fr\/site\/n3-j22-as-quetigny-fc-gueugnon-apres-le-leader-rendez-vous-chez-la-lanterne-rouge\/4276","og_locale":"fr_FR","og_type":"article","og_title":"[N3 J22 : AS Quetigny \u2013 FC Gueugnon] Apr\u00e8s le leader rendez-vous chez la lanterne rouge &#8226; FOOTBALL CLUB GUEUGNON","og_description":"Apr\u00e8s son match nul \u00e0 domicile contre Pontarlier, le FCG se d\u00e9place au stade des C\u00e8dres de l&rsquo;AS Quetigny pour faire fructifier le point du nul. \ud83c\udd9a L&rsquo;adversaire Saison cauchemar pour le promu Quetigny qui avait fait le pari de conserver le noyau de joueurs ayant particip\u00e9 \u00e0 la mont\u00e9e, dont Micka\u00ebl Gaougaou auteur de ... Lire la suite","og_url":"https:\/\/www.fcgueugnon.fr\/site\/n3-j22-as-quetigny-fc-gueugnon-apres-le-leader-rendez-vous-chez-la-lanterne-rouge\/4276","og_site_name":"FOOTBALL CLUB GUEUGNON","article_publisher":"http:\/\/facebook.com\/FCGueugnon","article_published_time":"2023-04-21T07:00:00+00:00","article_modified_time":"2024-10-07T09:20:13+00:00","og_image":[{"width":1024,"height":576,"url":"https:\/\/www.fcgueugnon.fr\/site\/wp-content\/uploads\/2023\/04\/BANNIERE-SITE-OFF-AVANT-MATCH-1024x576.png","type":"image\/png"}],"author":"FC Gueugnon","twitter_card":"summary_large_image","twitter_creator":"@FCGueugnon_off","twitter_site":"@FCGueugnon_off","twitter_misc":{"\u00c9crit par":"FC Gueugnon","Dur\u00e9e de lecture estim\u00e9e":"4 minutes"},"schema":{"@context":"https:\/\/schema.org","@graph":[{"@type":"Article","@id":"https:\/\/www.fcgueugnon.fr\/site\/n3-j22-as-quetigny-fc-gueugnon-apres-le-leader-rendez-vous-chez-la-lanterne-rouge\/4276#article","isPartOf":{"@id":"https:\/\/www.fcgueugnon.fr\/site\/n3-j22-as-quetigny-fc-gueugnon-apres-le-leader-rendez-vous-chez-la-lanterne-rouge\/4276"},"author":{"name":"FC Gueugnon","@id":"https:\/\/www.fcgueugnon.fr\/site\/#\/schema\/person\/d342d0c35e8e8f04740b9bdd734eeb20"},"headline":"[N3 J22 : AS Quetigny \u2013 FC Gueugnon] Apr\u00e8s le leader rendez-vous chez la lanterne rouge","datePublished":"2023-04-21T07:00:00+00:00","dateModified":"2024-10-07T09:20:13+00:00","mainEntityOfPage":{"@id":"https:\/\/www.fcgueugnon.fr\/site\/n3-j22-as-quetigny-fc-gueugnon-apres-le-leader-rendez-vous-chez-la-lanterne-rouge\/4276"},"wordCount":603,"publisher":{"@id":"https:\/\/www.fcgueugnon.fr\/site\/#organization"},"image":{"@id":"https:\/\/www.fcgueugnon.fr\/site\/n3-j22-as-quetigny-fc-gueugnon-apres-le-leader-rendez-vous-chez-la-lanterne-rouge\/4276#primaryimage"},"thumbnailUrl":"https:\/\/www.fcgueugnon.fr\/site\/wp-content\/uploads\/2023\/04\/BANNIERE-SITE-OFF-AVANT-MATCH.png","keywords":["Avant-match"],"articleSection":["Archives 2022\/2023","News"],"inLanguage":"fr-FR"},{"@type":"WebPage","@id":"https:\/\/www.fcgueugnon.fr\/site\/n3-j22-as-quetigny-fc-gueugnon-apres-le-leader-rendez-vous-chez-la-lanterne-rouge\/4276","url":"https:\/\/www.fcgueugnon.fr\/site\/n3-j22-as-quetigny-fc-gueugnon-apres-le-leader-rendez-vous-chez-la-lanterne-rouge\/4276","name":"[N3 J22 : AS Quetigny \u2013 FC Gueugnon] Apr\u00e8s le leader rendez-vous chez la lanterne rouge &#8226; FOOTBALL CLUB GUEUGNON","isPartOf":{"@id":"https:\/\/www.fcgueugnon.fr\/site\/#website"},"primaryImageOfPage":{"@id":"https:\/\/www.fcgueugnon.fr\/site\/n3-j22-as-quetigny-fc-gueugnon-apres-le-leader-rendez-vous-chez-la-lanterne-rouge\/4276#primaryimage"},"image":{"@id":"https:\/\/www.fcgueugnon.fr\/site\/n3-j22-as-quetigny-fc-gueugnon-apres-le-leader-rendez-vous-chez-la-lanterne-rouge\/4276#primaryimage"},"thumbnailUrl":"https:\/\/www.fcgueugnon.fr\/site\/wp-content\/uploads\/2023\/04\/BANNIERE-SITE-OFF-AVANT-MATCH.png","datePublished":"2023-04-21T07:00:00+00:00","dateModified":"2024-10-07T09:20:13+00:00","breadcrumb":{"@id":"https:\/\/www.fcgueugnon.fr\/site\/n3-j22-as-quetigny-fc-gueugnon-apres-le-leader-rendez-vous-chez-la-lanterne-rouge\/4276#breadcrumb"},"inLanguage":"fr-FR","potentialAction":[{"@type":"ReadAction","target":["https:\/\/www.fcgueugnon.fr\/site\/n3-j22-as-quetigny-fc-gueugnon-apres-le-leader-rendez-vous-chez-la-lanterne-rouge\/4276"]}]},{"@type":"ImageObject","inLanguage":"fr-FR","@id":"https:\/\/www.fcgueugnon.fr\/site\/n3-j22-as-quetigny-fc-gueugnon-apres-le-leader-rendez-vous-chez-la-lanterne-rouge\/4276#primaryimage","url":"https:\/\/www.fcgueugnon.fr\/site\/wp-content\/uploads\/2023\/04\/BANNIERE-SITE-OFF-AVANT-MATCH.png","contentUrl":"https:\/\/www.fcgueugnon.fr\/site\/wp-content\/uploads\/2023\/04\/BANNIERE-SITE-OFF-AVANT-MATCH.png","width":1920,"height":1080},{"@type":"BreadcrumbList","@id":"https:\/\/www.fcgueugnon.fr\/site\/n3-j22-as-quetigny-fc-gueugnon-apres-le-leader-rendez-vous-chez-la-lanterne-rouge\/4276#breadcrumb","itemListElement":[{"@type":"ListItem","position":1,"name":"Accueil","item":"https:\/\/www.fcgueugnon.fr\/site\/"},{"@type":"ListItem","position":2,"name":"[N3 J22 : AS Quetigny \u2013 FC Gueugnon] Apr\u00e8s le leader rendez-vous chez la lanterne rouge"}]},{"@type":"WebSite","@id":"https:\/\/www.fcgueugnon.fr\/site\/#website","url":"https:\/\/www.fcgueugnon.fr\/site\/","name":"FOOTBALL CLUB GUEUGNON","description":"Le Site Officiel des Forgerons","publisher":{"@id":"https:\/\/www.fcgueugnon.fr\/site\/#organization"},"potentialAction":[{"@type":"SearchAction","target":{"@type":"EntryPoint","urlTemplate":"https:\/\/www.fcgueugnon.fr\/site\/?s={search_term_string}"},"query-input":{"@type":"PropertyValueSpecification","valueRequired":true,"valueName":"search_term_string"}}],"inLanguage":"fr-FR"},{"@type":"Organization","@id":"https:\/\/www.fcgueugnon.fr\/site\/#organization","name":"FC Gueugnon","url":"https:\/\/www.fcgueugnon.fr\/site\/","logo":{"@type":"ImageObject","inLanguage":"fr-FR","@id":"https:\/\/www.fcgueugnon.fr\/site\/#\/schema\/logo\/image\/","url":"https:\/\/www.fcgueugnon.fr\/site\/wp-content\/uploads\/2022\/07\/cropped-Logo-FCGUEUGNON-low-350x350-1.png","contentUrl":"https:\/\/www.fcgueugnon.fr\/site\/wp-content\/uploads\/2022\/07\/cropped-Logo-FCGUEUGNON-low-350x350-1.png","width":350,"height":350,"caption":"FC Gueugnon"},"image":{"@id":"https:\/\/www.fcgueugnon.fr\/site\/#\/schema\/logo\/image\/"},"sameAs":["http:\/\/facebook.com\/FCGueugnon","https:\/\/x.com\/FCGueugnon_off","https:\/\/www.instagram.com\/fcgueugnon\/","https:\/\/www.linkedin.com\/company\/football-club-de-gueugnon\/","https:\/\/www.youtube.com\/user\/FCGueugnonnais","https:\/\/fr.wikipedia.org\/wiki\/Football_Club_de_Gueugnon"]},{"@type":"Person","@id":"https:\/\/www.fcgueugnon.fr\/site\/#\/schema\/person\/d342d0c35e8e8f04740b9bdd734eeb20","name":"FC Gueugnon","url":"https:\/\/www.fcgueugnon.fr\/site\/author\/s-rod"}]}},"rttpg_featured_image_url":{"full":["https:\/\/www.fcgueugnon.fr\/site\/wp-content\/uploads\/2023\/04\/BANNIERE-SITE-OFF-AVANT-MATCH.png",1920,1080,false],"landscape":["https:\/\/www.fcgueugnon.fr\/site\/wp-content\/uploads\/2023\/04\/BANNIERE-SITE-OFF-AVANT-MATCH.png",1920,1080,false],"portraits":["https:\/\/www.fcgueugnon.fr\/site\/wp-content\/uploads\/2023\/04\/BANNIERE-SITE-OFF-AVANT-MATCH.png",1920,1080,false],"thumbnail":["https:\/\/www.fcgueugnon.fr\/site\/wp-content\/uploads\/2023\/04\/BANNIERE-SITE-OFF-AVANT-MATCH-150x150.png",150,150,true],"medium":["https:\/\/www.fcgueugnon.fr\/site\/wp-content\/uploads\/2023\/04\/BANNIERE-SITE-OFF-AVANT-MATCH-400x225.png",400,225,true],"large":["https:\/\/www.fcgueugnon.fr\/site\/wp-content\/uploads\/2023\/04\/BANNIERE-SITE-OFF-AVANT-MATCH-1024x576.png",1024,576,true],"1536x1536":["https:\/\/www.fcgueugnon.fr\/site\/wp-content\/uploads\/2023\/04\/BANNIERE-SITE-OFF-AVANT-MATCH-1536x864.png",1536,864,true],"2048x2048":["https:\/\/www.fcgueugnon.fr\/site\/wp-content\/uploads\/2023\/04\/BANNIERE-SITE-OFF-AVANT-MATCH.png",1920,1080,false]},"rttpg_author":{"display_name":"FC Gueugnon","author_link":"https:\/\/www.fcgueugnon.fr\/site\/author\/s-rod"},"rttpg_comment":0,"rttpg_category":"<a href=\"https:\/\/www.fcgueugnon.fr\/site\/category\/news\/news-2022-2023\" rel=\"category tag\">Archives 2022\/2023<\/a> <a href=\"https:\/\/www.fcgueugnon.fr\/site\/category\/news\" rel=\"category tag\">News<\/a>","rttpg_excerpt":"Apr\u00e8s son match nul \u00e0 domicile contre Pontarlier, le FCG se d\u00e9place au stade des C\u00e8dres de l&rsquo;AS Quetigny pour faire fructifier le point du nul. \ud83c\udd9a L&rsquo;adversaire Saison cauchemar pour le promu Quetigny qui avait fait le pari de conserver le noyau de joueurs ayant particip\u00e9 \u00e0 la mont\u00e9e, dont Micka\u00ebl Gaougaou auteur de\u2026","_links":{"self":[{"href":"https:\/\/www.fcgueugnon.fr\/site\/wp-json\/wp\/v2\/posts\/4276","targetHints":{"allow":["GET"]}}],"collection":[{"href":"https:\/\/www.fcgueugnon.fr\/site\/wp-json\/wp\/v2\/posts"}],"about":[{"href":"https:\/\/www.fcgueugnon.fr\/site\/wp-json\/wp\/v2\/types\/post"}],"author":[{"embeddable":true,"href":"https:\/\/www.fcgueugnon.fr\/site\/wp-json\/wp\/v2\/users\/2"}],"replies":[{"embeddable":true,"href":"https:\/\/www.fcgueugnon.fr\/site\/wp-json\/wp\/v2\/comments?post=4276"}],"version-history":[{"count":3,"href":"https:\/\/www.fcgueugnon.fr\/site\/wp-json\/wp\/v2\/posts\/4276\/revisions"}],"predecessor-version":[{"id":4283,"href":"https:\/\/www.fcgueugnon.fr\/site\/wp-json\/wp\/v2\/posts\/4276\/revisions\/4283"}],"wp:featuredmedia":[{"embeddable":true,"href":"https:\/\/www.fcgueugnon.fr\/site\/wp-json\/wp\/v2\/media\/4278"}],"wp:attachment":[{"href":"https:\/\/www.fcgueugnon.fr\/site\/wp-json\/wp\/v2\/media?parent=4276"}],"wp:term":[{"taxonomy":"category","embeddable":true,"href":"https:\/\/www.fcgueugnon.fr\/site\/wp-json\/wp\/v2\/categories?post=4276"},{"taxonomy":"post_tag","embeddable":true,"href":"https:\/\/www.fcgueugnon.fr\/site\/wp-json\/wp\/v2\/tags?post=4276"}],"curies":[{"name":"wp","href":"https:\/\/api.w.org\/{rel}","templated":true}]}}