{"id":4198,"date":"2023-04-17T10:50:37","date_gmt":"2023-04-17T08:50:37","guid":{"rendered":"https:\/\/www.fcgueugnon.fr\/site\/?p=4198"},"modified":"2023-05-13T13:14:39","modified_gmt":"2023-05-13T11:14:39","slug":"agenda-les-resultats-du-week-end-du-15-et-16-avril-2023","status":"publish","type":"post","link":"https:\/\/www.fcgueugnon.fr\/site\/agenda-les-resultats-du-week-end-du-15-et-16-avril-2023\/4198","title":{"rendered":"[Agenda] Les r\u00e9sultats du week-end du 15 et 16 Avril 2023"},"content":{"rendered":"\n<h2 class=\"wp-block-heading\">Les r\u00e9sultats de nos forgerons ce week-end :<\/h2>\n\n\n\n<div style=\"height:35px\" aria-hidden=\"true\" class=\"wp-block-spacer\"><\/div>\n\n\n\n<h3 class=\"wp-block-heading blue-underline-title\">S\u00e9niors<\/h3>\n\n\n\n<p><em>Groupe N3 \u2013 J21<\/em> \ud83d\udfe7<br>Samedi 15\/04 \u2013 18h00<br><strong>FC Gueugnon \/ CA Pontarlier : 0-0<\/strong><\/p>\n\n\n\n<p><em>Groupe Espoir \u2013 R1 J17<\/em> \u274c<br>Dimanche 16\/04 \u2013 15h00<br><strong>Auxerre Stade \/ FC Gueugnon : 0-1<\/strong><\/p>\n\n\n\n<div style=\"height:35px\" aria-hidden=\"true\" class=\"wp-block-spacer\"><\/div>\n\n\n\n<h3 class=\"wp-block-heading blue-underline-title\">Sport E.Leclerc Acad\u00e9mie<\/h3>\n\n\n\n<p><em>U14 R1 \u2013 D\u00e9tection<\/em> \u2611<br>Samedi 15\/04 \u2013 14h30<\/p>\n\n\n\n<div style=\"height:20px\" aria-hidden=\"true\" class=\"wp-block-spacer\"><\/div>\n\n\n<div class=\"wp-block-image\">\n<figure class=\"aligncenter size-full is-resized\"><img loading=\"lazy\" decoding=\"async\" src=\"https:\/\/www.fcgueugnon.fr\/site\/wp-content\/uploads\/2023\/04\/U13-U14-Detection.jpeg\" alt=\"\" class=\"wp-image-4203\" width=\"1024\" height=\"768\" srcset=\"https:\/\/www.fcgueugnon.fr\/site\/wp-content\/uploads\/2023\/04\/U13-U14-Detection.jpeg 2048w, https:\/\/www.fcgueugnon.fr\/site\/wp-content\/uploads\/2023\/04\/U13-U14-Detection-400x300.jpeg 400w, https:\/\/www.fcgueugnon.fr\/site\/wp-content\/uploads\/2023\/04\/U13-U14-Detection-1024x768.jpeg 1024w, https:\/\/www.fcgueugnon.fr\/site\/wp-content\/uploads\/2023\/04\/U13-U14-Detection-768x576.jpeg 768w, https:\/\/www.fcgueugnon.fr\/site\/wp-content\/uploads\/2023\/04\/U13-U14-Detection-1536x1152.jpeg 1536w, https:\/\/www.fcgueugnon.fr\/site\/wp-content\/uploads\/2023\/04\/U13-U14-Detection-1320x990.jpeg 1320w, https:\/\/www.fcgueugnon.fr\/site\/wp-content\/uploads\/2023\/04\/U13-U14-Detection-600x450.jpeg 600w\" sizes=\"auto, (max-width: 1024px) 100vw, 1024px\" \/><\/figure>\n<\/div>\n\n\n<div style=\"height:20px\" aria-hidden=\"true\" class=\"wp-block-spacer\"><\/div>\n\n\n\n<p><em>U13 Intersecteurs \u2013 Amical<\/em> \u2705<br>Samedi 15\/04 \u2013 16h00<br><strong>FC Gueugnon \/ US 2 Vallons : 6-1<\/strong><\/p>\n\n\n\n<div style=\"height:20px\" aria-hidden=\"true\" class=\"wp-block-spacer\"><\/div>\n\n\n\n<figure class=\"wp-block-gallery has-nested-images columns-default is-cropped wp-block-gallery-1 is-layout-flex wp-block-gallery-is-layout-flex\">\n<figure class=\"wp-block-image size-large\"><img loading=\"lazy\" decoding=\"async\" width=\"995\" height=\"469\" data-id=\"4204\" src=\"https:\/\/www.fcgueugnon.fr\/site\/wp-content\/uploads\/2023\/04\/US-2-VALLONS-1.jpg\" alt=\"\" class=\"wp-image-4204\" srcset=\"https:\/\/www.fcgueugnon.fr\/site\/wp-content\/uploads\/2023\/04\/US-2-VALLONS-1.jpg 995w, https:\/\/www.fcgueugnon.fr\/site\/wp-content\/uploads\/2023\/04\/US-2-VALLONS-1-400x189.jpg 400w, https:\/\/www.fcgueugnon.fr\/site\/wp-content\/uploads\/2023\/04\/US-2-VALLONS-1-768x362.jpg 768w, https:\/\/www.fcgueugnon.fr\/site\/wp-content\/uploads\/2023\/04\/US-2-VALLONS-1-600x283.jpg 600w\" sizes=\"auto, (max-width: 995px) 100vw, 995px\" \/><\/figure>\n\n\n\n<figure class=\"wp-block-image size-large\"><img loading=\"lazy\" decoding=\"async\" width=\"1024\" height=\"768\" data-id=\"4206\" src=\"https:\/\/www.fcgueugnon.fr\/site\/wp-content\/uploads\/2023\/04\/US-2-VALLONS-2-1024x768.jpg\" alt=\"\" class=\"wp-image-4206\" srcset=\"https:\/\/www.fcgueugnon.fr\/site\/wp-content\/uploads\/2023\/04\/US-2-VALLONS-2-1024x768.jpg 1024w, https:\/\/www.fcgueugnon.fr\/site\/wp-content\/uploads\/2023\/04\/US-2-VALLONS-2-400x300.jpg 400w, https:\/\/www.fcgueugnon.fr\/site\/wp-content\/uploads\/2023\/04\/US-2-VALLONS-2-768x576.jpg 768w, https:\/\/www.fcgueugnon.fr\/site\/wp-content\/uploads\/2023\/04\/US-2-VALLONS-2-1536x1152.jpg 1536w, https:\/\/www.fcgueugnon.fr\/site\/wp-content\/uploads\/2023\/04\/US-2-VALLONS-2-1320x990.jpg 1320w, https:\/\/www.fcgueugnon.fr\/site\/wp-content\/uploads\/2023\/04\/US-2-VALLONS-2-600x450.jpg 600w, https:\/\/www.fcgueugnon.fr\/site\/wp-content\/uploads\/2023\/04\/US-2-VALLONS-2.jpg 1600w\" sizes=\"auto, (max-width: 1024px) 100vw, 1024px\" \/><\/figure>\n\n\n\n<figure class=\"wp-block-image size-large\"><img loading=\"lazy\" decoding=\"async\" width=\"1024\" height=\"768\" data-id=\"4205\" src=\"https:\/\/www.fcgueugnon.fr\/site\/wp-content\/uploads\/2023\/04\/US-2-VALLONS-3-1024x768.jpg\" alt=\"\" class=\"wp-image-4205\" srcset=\"https:\/\/www.fcgueugnon.fr\/site\/wp-content\/uploads\/2023\/04\/US-2-VALLONS-3-1024x768.jpg 1024w, https:\/\/www.fcgueugnon.fr\/site\/wp-content\/uploads\/2023\/04\/US-2-VALLONS-3-400x300.jpg 400w, https:\/\/www.fcgueugnon.fr\/site\/wp-content\/uploads\/2023\/04\/US-2-VALLONS-3-768x576.jpg 768w, https:\/\/www.fcgueugnon.fr\/site\/wp-content\/uploads\/2023\/04\/US-2-VALLONS-3-1536x1152.jpg 1536w, https:\/\/www.fcgueugnon.fr\/site\/wp-content\/uploads\/2023\/04\/US-2-VALLONS-3-1320x990.jpg 1320w, https:\/\/www.fcgueugnon.fr\/site\/wp-content\/uploads\/2023\/04\/US-2-VALLONS-3-600x450.jpg 600w, https:\/\/www.fcgueugnon.fr\/site\/wp-content\/uploads\/2023\/04\/US-2-VALLONS-3.jpg 1600w\" sizes=\"auto, (max-width: 1024px) 100vw, 1024px\" \/><\/figure>\n<\/figure>\n\n\n\n<div style=\"height:20px\" aria-hidden=\"true\" class=\"wp-block-spacer\"><\/div>\n\n\n\n<p><em>U13 Intersecteurs \u2013 D\u00e9tection<\/em> \u2611<br>Samedi 15\/04 \u2013 14h30<\/p>\n\n\n\n<p><em>U12 D1 \u2013 D\u00e9tection<\/em> \u2611<br>Samedi 15\/04 \u2013 10h30<\/p>\n\n\n\n<p><em>U11 \u2013 D\u00e9tection<\/em> \u2611<br>Samedi 15\/04 \u2013 10h30<\/p>\n\n\n\n<p><em>U10 \u2013 Journ\u00e9e Portes Ouvertes<\/em> \u2611<br>Samedi 15\/04 \u2013 9h30<\/p>\n\n\n\n<p><em>U08 &#8211; U09 \u2013 Journ\u00e9e Portes Ouvertes<\/em> \u2611<br>Samedi 15\/04 \u2013 9h30<\/p>\n\n\n\n<div style=\"height:20px\" aria-hidden=\"true\" class=\"wp-block-spacer\"><\/div>\n\n\n<div class=\"wp-block-image\">\n<figure class=\"aligncenter size-full is-resized\"><img loading=\"lazy\" decoding=\"async\" src=\"https:\/\/www.fcgueugnon.fr\/site\/wp-content\/uploads\/2023\/04\/JPO.jpg\" alt=\"\" class=\"wp-image-4199\" width=\"800\" height=\"600\" srcset=\"https:\/\/www.fcgueugnon.fr\/site\/wp-content\/uploads\/2023\/04\/JPO.jpg 1600w, https:\/\/www.fcgueugnon.fr\/site\/wp-content\/uploads\/2023\/04\/JPO-400x300.jpg 400w, https:\/\/www.fcgueugnon.fr\/site\/wp-content\/uploads\/2023\/04\/JPO-1024x768.jpg 1024w, https:\/\/www.fcgueugnon.fr\/site\/wp-content\/uploads\/2023\/04\/JPO-768x576.jpg 768w, https:\/\/www.fcgueugnon.fr\/site\/wp-content\/uploads\/2023\/04\/JPO-1536x1152.jpg 1536w, https:\/\/www.fcgueugnon.fr\/site\/wp-content\/uploads\/2023\/04\/JPO-1320x990.jpg 1320w, https:\/\/www.fcgueugnon.fr\/site\/wp-content\/uploads\/2023\/04\/JPO-600x450.jpg 600w\" sizes=\"auto, (max-width: 800px) 100vw, 800px\" \/><\/figure>\n<\/div>\n\n\n<div style=\"height:20px\" aria-hidden=\"true\" class=\"wp-block-spacer\"><\/div>\n\n\n\n<p><em>U08 &#8211; U09<\/em> \u2611<br>Samedi 15\/04 \u2013 14h00<br><strong>Plateau \u00e0 Moulins : 2V, 3D<\/strong><\/p>\n\n\n\n<div style=\"height:20px\" aria-hidden=\"true\" class=\"wp-block-spacer\"><\/div>\n\n\n<div class=\"wp-block-image\">\n<figure class=\"aligncenter size-full is-resized\"><img loading=\"lazy\" decoding=\"async\" src=\"https:\/\/www.fcgueugnon.fr\/site\/wp-content\/uploads\/2023\/04\/U8-U9-a-Moulins.jpeg\" alt=\"\" class=\"wp-image-4200\" width=\"800\" height=\"600\" srcset=\"https:\/\/www.fcgueugnon.fr\/site\/wp-content\/uploads\/2023\/04\/U8-U9-a-Moulins.jpeg 1600w, https:\/\/www.fcgueugnon.fr\/site\/wp-content\/uploads\/2023\/04\/U8-U9-a-Moulins-400x300.jpeg 400w, https:\/\/www.fcgueugnon.fr\/site\/wp-content\/uploads\/2023\/04\/U8-U9-a-Moulins-1024x768.jpeg 1024w, https:\/\/www.fcgueugnon.fr\/site\/wp-content\/uploads\/2023\/04\/U8-U9-a-Moulins-768x576.jpeg 768w, https:\/\/www.fcgueugnon.fr\/site\/wp-content\/uploads\/2023\/04\/U8-U9-a-Moulins-1536x1152.jpeg 1536w, https:\/\/www.fcgueugnon.fr\/site\/wp-content\/uploads\/2023\/04\/U8-U9-a-Moulins-1320x990.jpeg 1320w, https:\/\/www.fcgueugnon.fr\/site\/wp-content\/uploads\/2023\/04\/U8-U9-a-Moulins-600x450.jpeg 600w\" sizes=\"auto, (max-width: 800px) 100vw, 800px\" \/><\/figure>\n<\/div>\n\n\n<div style=\"height:20px\" aria-hidden=\"true\" class=\"wp-block-spacer\"><\/div>\n\n\n\n<p><em>U08F &#8211; U09F<\/em> \u2611<br>Samedi 15\/04 \u2013 14h30<br><strong>Plateau \u00e0 Gueugnon<\/strong><\/p>\n\n\n\n<div style=\"height:20px\" aria-hidden=\"true\" class=\"wp-block-spacer\"><\/div>\n\n\n\n<figure class=\"wp-block-gallery has-nested-images columns-default is-cropped wp-block-gallery-2 is-layout-flex wp-block-gallery-is-layout-flex\">\n<figure class=\"wp-block-image size-large\"><img loading=\"lazy\" decoding=\"async\" width=\"1024\" height=\"683\" data-id=\"4202\" src=\"https:\/\/www.fcgueugnon.fr\/site\/wp-content\/uploads\/2023\/04\/IMG_0211-1024x683.jpg\" alt=\"\" class=\"wp-image-4202\" srcset=\"https:\/\/www.fcgueugnon.fr\/site\/wp-content\/uploads\/2023\/04\/IMG_0211-1024x683.jpg 1024w, https:\/\/www.fcgueugnon.fr\/site\/wp-content\/uploads\/2023\/04\/IMG_0211-400x267.jpg 400w, https:\/\/www.fcgueugnon.fr\/site\/wp-content\/uploads\/2023\/04\/IMG_0211-768x512.jpg 768w, https:\/\/www.fcgueugnon.fr\/site\/wp-content\/uploads\/2023\/04\/IMG_0211-1536x1024.jpg 1536w, https:\/\/www.fcgueugnon.fr\/site\/wp-content\/uploads\/2023\/04\/IMG_0211-2048x1365.jpg 2048w, https:\/\/www.fcgueugnon.fr\/site\/wp-content\/uploads\/2023\/04\/IMG_0211-1320x880.jpg 1320w, https:\/\/www.fcgueugnon.fr\/site\/wp-content\/uploads\/2023\/04\/IMG_0211-600x400.jpg 600w\" sizes=\"auto, (max-width: 1024px) 100vw, 1024px\" \/><\/figure>\n\n\n\n<figure class=\"wp-block-image size-large\"><img loading=\"lazy\" decoding=\"async\" width=\"1024\" height=\"683\" data-id=\"4201\" src=\"https:\/\/www.fcgueugnon.fr\/site\/wp-content\/uploads\/2023\/04\/IMG_0212-1024x683.jpg\" alt=\"\" class=\"wp-image-4201\" srcset=\"https:\/\/www.fcgueugnon.fr\/site\/wp-content\/uploads\/2023\/04\/IMG_0212-1024x683.jpg 1024w, https:\/\/www.fcgueugnon.fr\/site\/wp-content\/uploads\/2023\/04\/IMG_0212-400x267.jpg 400w, https:\/\/www.fcgueugnon.fr\/site\/wp-content\/uploads\/2023\/04\/IMG_0212-768x512.jpg 768w, https:\/\/www.fcgueugnon.fr\/site\/wp-content\/uploads\/2023\/04\/IMG_0212-1536x1024.jpg 1536w, https:\/\/www.fcgueugnon.fr\/site\/wp-content\/uploads\/2023\/04\/IMG_0212-2048x1365.jpg 2048w, https:\/\/www.fcgueugnon.fr\/site\/wp-content\/uploads\/2023\/04\/IMG_0212-1320x880.jpg 1320w, https:\/\/www.fcgueugnon.fr\/site\/wp-content\/uploads\/2023\/04\/IMG_0212-600x400.jpg 600w\" sizes=\"auto, (max-width: 1024px) 100vw, 1024px\" \/><\/figure>\n<\/figure>\n\n\n\n<div style=\"height:20px\" aria-hidden=\"true\" class=\"wp-block-spacer\"><\/div>\n\n\n\n<p><em>U06 &#8211; U07 \u2013 Journ\u00e9e Portes Ouvertes<\/em> \u2611<br>Samedi 15\/04 \u2013 9h30<\/p>\n\n\n\n<div style=\"height:80px\" aria-hidden=\"true\" class=\"wp-block-spacer mb-0\"><\/div>\n\n\n\n<h3 class=\"wp-block-heading blue-underline-title\">Arbitres<\/h3>\n\n\n\n<p><strong>Lucas MENAGER<\/strong><strong> <\/strong>\u2013 Dimanche 16\/04<br>UF M\u00e2con B \/ FC Montceau Bourgogne B<br>R\u00e9gional 2<\/p>\n\n\n\n<p><strong>Fabrice MUET<\/strong><strong> <\/strong>\u2013 Dimanche 16\/04<br>US Blanzy \/ Team Montceay Foot<br>D\u00e9partemental 1<\/p>\n\n\n\n<p><strong>Savian Dumitru DRAGAN <\/strong>\u2013 Dimanche 16\/04<br>ESA Le Breuil B \/ ASC Chagny<br>D\u00e9partemental 2<\/p>\n\n\n\n<p><strong>Th\u00e9o GABE <\/strong>\u2013 Dimanche 16\/04<br>FC Charette \/ Condal<br>D\u00e9partemental 3<\/p>\n\n\n\n<p><strong>Mehdi OTMANI <\/strong>\u2013 Dimanche 16\/04<br>AS Vendenesse\/Arroux \/ AS Chassy Marly Oudry<br>D\u00e9partemental 3<\/p>\n\n\n\n<div style=\"height:35px\" aria-hidden=\"true\" class=\"wp-block-spacer\"><\/div>\n\n\n\n<h3 class=\"wp-block-heading blue-underline-title\">eSport<\/h3>\n\n\n\n<h3 class=\"wp-block-heading\"><strong>FIFA23 Club Pro<\/strong><\/h3>\n\n\n\n<p><em>Final eSport Football League (EFL) \u2013 J05<\/em><br>jeudi 06\/04\u00a0\u2013 22h20<br><strong>PCS FC \/ FC Gueugnon eSport : 0-0<\/strong><\/p>\n\n\n\n<p><em>Final eSport Football League (EFL) \u2013 J06<\/em><br>jeudi 06\/04\u00a0\u2013 22h20<br><strong>RC Grasse eSport \/ FC Gueugnon eSport : 2-2<\/strong><\/p>\n\n\n\n<p><em>Final eSport Football League (EFL) \u2013 J07<\/em><br>jeudi 06\/04\u00a0\u2013 22h45<br><strong>Thunder AUK \/ FC Gueugnon eSport\u00a0: 6-1<\/strong><\/p>\n\n\n\n<div style=\"height:30px\" aria-hidden=\"true\" class=\"wp-block-spacer\"><\/div>\n\n\n\n<h3 class=\"wp-block-heading\"><strong>FIFA23 Ultimate Team<\/strong><\/h3>\n\n\n\n<p><strong>Zeyrox<\/strong><br>Ultimate Football League &#8211; L1<br>J06\u00a0contre BngSabri : d\u00e9faite 1-3<br>J07\u00a0contre SDX : report<\/p>\n\n\n\n<p><strong>Yzaki<\/strong><br>Ultimate Football League &#8211; L2<br>J06\u00a0contre Mrikk69_ : d\u00e9faite 2-3<br>J07\u00a0contre ElLucus95 : d\u00e9faite 0-2<\/p>\n\n\n\n<p><strong>Cocorr<\/strong><br>Ultimate Football League &#8211; L1<br>J06\u00a0contre WkoFUT : victoire par forfait<br>J07\u00a0contre PuR Piaff : 3-3<\/p>\n\n\n\n<p><em>Suivez toute l\u2019actualit\u00e9 de la section eSport du FCG sur&nbsp;<a href=\"http:\/\/twitter.com\/gueugnon_esport\/\" target=\"_blank\" rel=\"noreferrer noopener\">Twitter<\/a>&nbsp;et&nbsp;<a href=\"http:\/\/twitch.tv\/fcgesport\/\" target=\"_blank\" rel=\"noreferrer noopener\">Twitch<\/a><\/em><\/p>\n\n\n\n<div style=\"height:100px\" aria-hidden=\"true\" class=\"wp-block-spacer mb-0\"><\/div>\n\n\n\n<h1 class=\"wp-block-heading has-text-align-center\">#ForgeronFamily<\/h1>\n","protected":false},"excerpt":{"rendered":"<p>Les r\u00e9sultats de nos forgerons ce week-end : S\u00e9niors Groupe N3 \u2013 J21 \ud83d\udfe7Samedi 15\/04 \u2013 18h00FC Gueugnon \/ CA Pontarlier : 0-0 Groupe Espoir \u2013 R1 J17 \u274cDimanche 16\/04 \u2013 15h00Auxerre Stade \/ FC Gueugnon : 0-1 Sport E.Leclerc Acad\u00e9mie U14 R1 \u2013 D\u00e9tection \u2611Samedi 15\/04 \u2013 14h30 U13 Intersecteurs \u2013 Amical \u2705Samedi 15\/04 &#8230; <\/p>\n<p class=\"read-more-container\"><a title=\"[Agenda] Les r\u00e9sultats du week-end du 15 et 16 Avril 2023\" class=\"read-more button\" href=\"https:\/\/www.fcgueugnon.fr\/site\/agenda-les-resultats-du-week-end-du-15-et-16-avril-2023\/4198#more-4198\" aria-label=\"Plus sur [Agenda] Les r\u00e9sultats du week-end du 15 et 16 Avril 2023\">Lire la suite<\/a><\/p>\n","protected":false},"author":3,"featured_media":4202,"comment_status":"closed","ping_status":"closed","sticky":false,"template":"","format":"standard","meta":{"footnotes":""},"categories":[5,4],"tags":[33,14],"class_list":["post-4198","post","type-post","status-publish","format-standard","has-post-thumbnail","hentry","category-news-2022-2023","category-news","tag-agenda","tag-sport-e-leclerc-academie-jeunes-formation","infinite-scroll-item","generate-columns","tablet-grid-50","mobile-grid-100","grid-parent","grid-25"],"yoast_head":"<!-- This site is optimized with the Yoast SEO plugin v26.6 - https:\/\/yoast.com\/wordpress\/plugins\/seo\/ -->\n<title>[Agenda] Les r\u00e9sultats du week-end du 15 et 16 Avril 2023 &#8226; FOOTBALL CLUB GUEUGNON<\/title>\n<meta name=\"robots\" content=\"index, follow, max-snippet:-1, max-image-preview:large, max-video-preview:-1\" \/>\n<link rel=\"canonical\" href=\"https:\/\/www.fcgueugnon.fr\/site\/agenda-les-resultats-du-week-end-du-15-et-16-avril-2023\/4198\" \/>\n<meta property=\"og:locale\" content=\"fr_FR\" \/>\n<meta property=\"og:type\" content=\"article\" \/>\n<meta property=\"og:title\" content=\"[Agenda] Les r\u00e9sultats du week-end du 15 et 16 Avril 2023 &#8226; FOOTBALL CLUB GUEUGNON\" \/>\n<meta property=\"og:description\" content=\"Les r\u00e9sultats de nos forgerons ce week-end : S\u00e9niors Groupe N3 \u2013 J21 \ud83d\udfe7Samedi 15\/04 \u2013 18h00FC Gueugnon \/ CA Pontarlier : 0-0 Groupe Espoir \u2013 R1 J17 \u274cDimanche 16\/04 \u2013 15h00Auxerre Stade \/ FC Gueugnon : 0-1 Sport E.Leclerc Acad\u00e9mie U14 R1 \u2013 D\u00e9tection \u2611Samedi 15\/04 \u2013 14h30 U13 Intersecteurs \u2013 Amical \u2705Samedi 15\/04 ... Lire la suite\" \/>\n<meta property=\"og:url\" content=\"https:\/\/www.fcgueugnon.fr\/site\/agenda-les-resultats-du-week-end-du-15-et-16-avril-2023\/4198\" \/>\n<meta property=\"og:site_name\" content=\"FOOTBALL CLUB GUEUGNON\" \/>\n<meta property=\"article:publisher\" content=\"http:\/\/facebook.com\/FCGueugnon\" \/>\n<meta property=\"article:published_time\" content=\"2023-04-17T08:50:37+00:00\" \/>\n<meta property=\"article:modified_time\" content=\"2023-05-13T11:14:39+00:00\" \/>\n<meta property=\"og:image\" content=\"https:\/\/www.fcgueugnon.fr\/site\/wp-content\/uploads\/2023\/04\/IMG_0211-scaled.jpg\" \/>\n\t<meta property=\"og:image:width\" content=\"2560\" \/>\n\t<meta property=\"og:image:height\" content=\"1707\" \/>\n\t<meta property=\"og:image:type\" content=\"image\/jpeg\" \/>\n<meta name=\"author\" content=\"FC Gueugnon\" \/>\n<meta name=\"twitter:card\" content=\"summary_large_image\" \/>\n<meta name=\"twitter:creator\" content=\"@FCGueugnon_off\" \/>\n<meta name=\"twitter:site\" content=\"@FCGueugnon_off\" \/>\n<meta name=\"twitter:label1\" content=\"\u00c9crit par\" \/>\n\t<meta name=\"twitter:data1\" content=\"FC Gueugnon\" \/>\n\t<meta name=\"twitter:label2\" content=\"Dur\u00e9e de lecture estim\u00e9e\" \/>\n\t<meta name=\"twitter:data2\" content=\"4 minutes\" \/>\n<script type=\"application\/ld+json\" class=\"yoast-schema-graph\">{\"@context\":\"https:\/\/schema.org\",\"@graph\":[{\"@type\":\"Article\",\"@id\":\"https:\/\/www.fcgueugnon.fr\/site\/agenda-les-resultats-du-week-end-du-15-et-16-avril-2023\/4198#article\",\"isPartOf\":{\"@id\":\"https:\/\/www.fcgueugnon.fr\/site\/agenda-les-resultats-du-week-end-du-15-et-16-avril-2023\/4198\"},\"author\":{\"name\":\"FC Gueugnon\",\"@id\":\"https:\/\/www.fcgueugnon.fr\/site\/#\/schema\/person\/829630bfb5d6f3ebe4d296b75687c01a\"},\"headline\":\"[Agenda] Les r\u00e9sultats du week-end du 15 et 16 Avril 2023\",\"datePublished\":\"2023-04-17T08:50:37+00:00\",\"dateModified\":\"2023-05-13T11:14:39+00:00\",\"mainEntityOfPage\":{\"@id\":\"https:\/\/www.fcgueugnon.fr\/site\/agenda-les-resultats-du-week-end-du-15-et-16-avril-2023\/4198\"},\"wordCount\":291,\"publisher\":{\"@id\":\"https:\/\/www.fcgueugnon.fr\/site\/#organization\"},\"image\":{\"@id\":\"https:\/\/www.fcgueugnon.fr\/site\/agenda-les-resultats-du-week-end-du-15-et-16-avril-2023\/4198#primaryimage\"},\"thumbnailUrl\":\"https:\/\/www.fcgueugnon.fr\/site\/wp-content\/uploads\/2023\/04\/IMG_0211-scaled.jpg\",\"keywords\":[\"Agenda\",\"Sport E.Leclerc Acad\u00e9mie : Jeunes \/ Formation\"],\"articleSection\":[\"Archives 2022\/2023\",\"News\"],\"inLanguage\":\"fr-FR\"},{\"@type\":\"WebPage\",\"@id\":\"https:\/\/www.fcgueugnon.fr\/site\/agenda-les-resultats-du-week-end-du-15-et-16-avril-2023\/4198\",\"url\":\"https:\/\/www.fcgueugnon.fr\/site\/agenda-les-resultats-du-week-end-du-15-et-16-avril-2023\/4198\",\"name\":\"[Agenda] Les r\u00e9sultats du week-end du 15 et 16 Avril 2023 &#8226; FOOTBALL CLUB GUEUGNON\",\"isPartOf\":{\"@id\":\"https:\/\/www.fcgueugnon.fr\/site\/#website\"},\"primaryImageOfPage\":{\"@id\":\"https:\/\/www.fcgueugnon.fr\/site\/agenda-les-resultats-du-week-end-du-15-et-16-avril-2023\/4198#primaryimage\"},\"image\":{\"@id\":\"https:\/\/www.fcgueugnon.fr\/site\/agenda-les-resultats-du-week-end-du-15-et-16-avril-2023\/4198#primaryimage\"},\"thumbnailUrl\":\"https:\/\/www.fcgueugnon.fr\/site\/wp-content\/uploads\/2023\/04\/IMG_0211-scaled.jpg\",\"datePublished\":\"2023-04-17T08:50:37+00:00\",\"dateModified\":\"2023-05-13T11:14:39+00:00\",\"breadcrumb\":{\"@id\":\"https:\/\/www.fcgueugnon.fr\/site\/agenda-les-resultats-du-week-end-du-15-et-16-avril-2023\/4198#breadcrumb\"},\"inLanguage\":\"fr-FR\",\"potentialAction\":[{\"@type\":\"ReadAction\",\"target\":[\"https:\/\/www.fcgueugnon.fr\/site\/agenda-les-resultats-du-week-end-du-15-et-16-avril-2023\/4198\"]}]},{\"@type\":\"ImageObject\",\"inLanguage\":\"fr-FR\",\"@id\":\"https:\/\/www.fcgueugnon.fr\/site\/agenda-les-resultats-du-week-end-du-15-et-16-avril-2023\/4198#primaryimage\",\"url\":\"https:\/\/www.fcgueugnon.fr\/site\/wp-content\/uploads\/2023\/04\/IMG_0211-scaled.jpg\",\"contentUrl\":\"https:\/\/www.fcgueugnon.fr\/site\/wp-content\/uploads\/2023\/04\/IMG_0211-scaled.jpg\",\"width\":2560,\"height\":1707},{\"@type\":\"BreadcrumbList\",\"@id\":\"https:\/\/www.fcgueugnon.fr\/site\/agenda-les-resultats-du-week-end-du-15-et-16-avril-2023\/4198#breadcrumb\",\"itemListElement\":[{\"@type\":\"ListItem\",\"position\":1,\"name\":\"Accueil\",\"item\":\"https:\/\/www.fcgueugnon.fr\/site\/\"},{\"@type\":\"ListItem\",\"position\":2,\"name\":\"[Agenda] Les r\u00e9sultats du week-end du 15 et 16 Avril 2023\"}]},{\"@type\":\"WebSite\",\"@id\":\"https:\/\/www.fcgueugnon.fr\/site\/#website\",\"url\":\"https:\/\/www.fcgueugnon.fr\/site\/\",\"name\":\"FOOTBALL CLUB GUEUGNON\",\"description\":\"Le Site Officiel des Forgerons\",\"publisher\":{\"@id\":\"https:\/\/www.fcgueugnon.fr\/site\/#organization\"},\"potentialAction\":[{\"@type\":\"SearchAction\",\"target\":{\"@type\":\"EntryPoint\",\"urlTemplate\":\"https:\/\/www.fcgueugnon.fr\/site\/?s={search_term_string}\"},\"query-input\":{\"@type\":\"PropertyValueSpecification\",\"valueRequired\":true,\"valueName\":\"search_term_string\"}}],\"inLanguage\":\"fr-FR\"},{\"@type\":\"Organization\",\"@id\":\"https:\/\/www.fcgueugnon.fr\/site\/#organization\",\"name\":\"FC Gueugnon\",\"url\":\"https:\/\/www.fcgueugnon.fr\/site\/\",\"logo\":{\"@type\":\"ImageObject\",\"inLanguage\":\"fr-FR\",\"@id\":\"https:\/\/www.fcgueugnon.fr\/site\/#\/schema\/logo\/image\/\",\"url\":\"https:\/\/www.fcgueugnon.fr\/site\/wp-content\/uploads\/2022\/07\/cropped-Logo-FCGUEUGNON-low-350x350-1.png\",\"contentUrl\":\"https:\/\/www.fcgueugnon.fr\/site\/wp-content\/uploads\/2022\/07\/cropped-Logo-FCGUEUGNON-low-350x350-1.png\",\"width\":350,\"height\":350,\"caption\":\"FC Gueugnon\"},\"image\":{\"@id\":\"https:\/\/www.fcgueugnon.fr\/site\/#\/schema\/logo\/image\/\"},\"sameAs\":[\"http:\/\/facebook.com\/FCGueugnon\",\"https:\/\/x.com\/FCGueugnon_off\",\"https:\/\/www.instagram.com\/fcgueugnon\/\",\"https:\/\/www.linkedin.com\/company\/football-club-de-gueugnon\/\",\"https:\/\/www.youtube.com\/user\/FCGueugnonnais\",\"https:\/\/fr.wikipedia.org\/wiki\/Football_Club_de_Gueugnon\"]},{\"@type\":\"Person\",\"@id\":\"https:\/\/www.fcgueugnon.fr\/site\/#\/schema\/person\/829630bfb5d6f3ebe4d296b75687c01a\",\"name\":\"FC Gueugnon\",\"url\":\"https:\/\/www.fcgueugnon.fr\/site\/author\/g-avin1\"}]}<\/script>\n<!-- \/ Yoast SEO plugin. -->","yoast_head_json":{"title":"[Agenda] Les r\u00e9sultats du week-end du 15 et 16 Avril 2023 &#8226; FOOTBALL CLUB GUEUGNON","robots":{"index":"index","follow":"follow","max-snippet":"max-snippet:-1","max-image-preview":"max-image-preview:large","max-video-preview":"max-video-preview:-1"},"canonical":"https:\/\/www.fcgueugnon.fr\/site\/agenda-les-resultats-du-week-end-du-15-et-16-avril-2023\/4198","og_locale":"fr_FR","og_type":"article","og_title":"[Agenda] Les r\u00e9sultats du week-end du 15 et 16 Avril 2023 &#8226; FOOTBALL CLUB GUEUGNON","og_description":"Les r\u00e9sultats de nos forgerons ce week-end : S\u00e9niors Groupe N3 \u2013 J21 \ud83d\udfe7Samedi 15\/04 \u2013 18h00FC Gueugnon \/ CA Pontarlier : 0-0 Groupe Espoir \u2013 R1 J17 \u274cDimanche 16\/04 \u2013 15h00Auxerre Stade \/ FC Gueugnon : 0-1 Sport E.Leclerc Acad\u00e9mie U14 R1 \u2013 D\u00e9tection \u2611Samedi 15\/04 \u2013 14h30 U13 Intersecteurs \u2013 Amical \u2705Samedi 15\/04 ... Lire la suite","og_url":"https:\/\/www.fcgueugnon.fr\/site\/agenda-les-resultats-du-week-end-du-15-et-16-avril-2023\/4198","og_site_name":"FOOTBALL CLUB GUEUGNON","article_publisher":"http:\/\/facebook.com\/FCGueugnon","article_published_time":"2023-04-17T08:50:37+00:00","article_modified_time":"2023-05-13T11:14:39+00:00","og_image":[{"width":2560,"height":1707,"url":"https:\/\/www.fcgueugnon.fr\/site\/wp-content\/uploads\/2023\/04\/IMG_0211-scaled.jpg","type":"image\/jpeg"}],"author":"FC Gueugnon","twitter_card":"summary_large_image","twitter_creator":"@FCGueugnon_off","twitter_site":"@FCGueugnon_off","twitter_misc":{"\u00c9crit par":"FC Gueugnon","Dur\u00e9e de lecture estim\u00e9e":"4 minutes"},"schema":{"@context":"https:\/\/schema.org","@graph":[{"@type":"Article","@id":"https:\/\/www.fcgueugnon.fr\/site\/agenda-les-resultats-du-week-end-du-15-et-16-avril-2023\/4198#article","isPartOf":{"@id":"https:\/\/www.fcgueugnon.fr\/site\/agenda-les-resultats-du-week-end-du-15-et-16-avril-2023\/4198"},"author":{"name":"FC Gueugnon","@id":"https:\/\/www.fcgueugnon.fr\/site\/#\/schema\/person\/829630bfb5d6f3ebe4d296b75687c01a"},"headline":"[Agenda] Les r\u00e9sultats du week-end du 15 et 16 Avril 2023","datePublished":"2023-04-17T08:50:37+00:00","dateModified":"2023-05-13T11:14:39+00:00","mainEntityOfPage":{"@id":"https:\/\/www.fcgueugnon.fr\/site\/agenda-les-resultats-du-week-end-du-15-et-16-avril-2023\/4198"},"wordCount":291,"publisher":{"@id":"https:\/\/www.fcgueugnon.fr\/site\/#organization"},"image":{"@id":"https:\/\/www.fcgueugnon.fr\/site\/agenda-les-resultats-du-week-end-du-15-et-16-avril-2023\/4198#primaryimage"},"thumbnailUrl":"https:\/\/www.fcgueugnon.fr\/site\/wp-content\/uploads\/2023\/04\/IMG_0211-scaled.jpg","keywords":["Agenda","Sport E.Leclerc Acad\u00e9mie : Jeunes \/ Formation"],"articleSection":["Archives 2022\/2023","News"],"inLanguage":"fr-FR"},{"@type":"WebPage","@id":"https:\/\/www.fcgueugnon.fr\/site\/agenda-les-resultats-du-week-end-du-15-et-16-avril-2023\/4198","url":"https:\/\/www.fcgueugnon.fr\/site\/agenda-les-resultats-du-week-end-du-15-et-16-avril-2023\/4198","name":"[Agenda] Les r\u00e9sultats du week-end du 15 et 16 Avril 2023 &#8226; FOOTBALL CLUB GUEUGNON","isPartOf":{"@id":"https:\/\/www.fcgueugnon.fr\/site\/#website"},"primaryImageOfPage":{"@id":"https:\/\/www.fcgueugnon.fr\/site\/agenda-les-resultats-du-week-end-du-15-et-16-avril-2023\/4198#primaryimage"},"image":{"@id":"https:\/\/www.fcgueugnon.fr\/site\/agenda-les-resultats-du-week-end-du-15-et-16-avril-2023\/4198#primaryimage"},"thumbnailUrl":"https:\/\/www.fcgueugnon.fr\/site\/wp-content\/uploads\/2023\/04\/IMG_0211-scaled.jpg","datePublished":"2023-04-17T08:50:37+00:00","dateModified":"2023-05-13T11:14:39+00:00","breadcrumb":{"@id":"https:\/\/www.fcgueugnon.fr\/site\/agenda-les-resultats-du-week-end-du-15-et-16-avril-2023\/4198#breadcrumb"},"inLanguage":"fr-FR","potentialAction":[{"@type":"ReadAction","target":["https:\/\/www.fcgueugnon.fr\/site\/agenda-les-resultats-du-week-end-du-15-et-16-avril-2023\/4198"]}]},{"@type":"ImageObject","inLanguage":"fr-FR","@id":"https:\/\/www.fcgueugnon.fr\/site\/agenda-les-resultats-du-week-end-du-15-et-16-avril-2023\/4198#primaryimage","url":"https:\/\/www.fcgueugnon.fr\/site\/wp-content\/uploads\/2023\/04\/IMG_0211-scaled.jpg","contentUrl":"https:\/\/www.fcgueugnon.fr\/site\/wp-content\/uploads\/2023\/04\/IMG_0211-scaled.jpg","width":2560,"height":1707},{"@type":"BreadcrumbList","@id":"https:\/\/www.fcgueugnon.fr\/site\/agenda-les-resultats-du-week-end-du-15-et-16-avril-2023\/4198#breadcrumb","itemListElement":[{"@type":"ListItem","position":1,"name":"Accueil","item":"https:\/\/www.fcgueugnon.fr\/site\/"},{"@type":"ListItem","position":2,"name":"[Agenda] Les r\u00e9sultats du week-end du 15 et 16 Avril 2023"}]},{"@type":"WebSite","@id":"https:\/\/www.fcgueugnon.fr\/site\/#website","url":"https:\/\/www.fcgueugnon.fr\/site\/","name":"FOOTBALL CLUB GUEUGNON","description":"Le Site Officiel des Forgerons","publisher":{"@id":"https:\/\/www.fcgueugnon.fr\/site\/#organization"},"potentialAction":[{"@type":"SearchAction","target":{"@type":"EntryPoint","urlTemplate":"https:\/\/www.fcgueugnon.fr\/site\/?s={search_term_string}"},"query-input":{"@type":"PropertyValueSpecification","valueRequired":true,"valueName":"search_term_string"}}],"inLanguage":"fr-FR"},{"@type":"Organization","@id":"https:\/\/www.fcgueugnon.fr\/site\/#organization","name":"FC Gueugnon","url":"https:\/\/www.fcgueugnon.fr\/site\/","logo":{"@type":"ImageObject","inLanguage":"fr-FR","@id":"https:\/\/www.fcgueugnon.fr\/site\/#\/schema\/logo\/image\/","url":"https:\/\/www.fcgueugnon.fr\/site\/wp-content\/uploads\/2022\/07\/cropped-Logo-FCGUEUGNON-low-350x350-1.png","contentUrl":"https:\/\/www.fcgueugnon.fr\/site\/wp-content\/uploads\/2022\/07\/cropped-Logo-FCGUEUGNON-low-350x350-1.png","width":350,"height":350,"caption":"FC Gueugnon"},"image":{"@id":"https:\/\/www.fcgueugnon.fr\/site\/#\/schema\/logo\/image\/"},"sameAs":["http:\/\/facebook.com\/FCGueugnon","https:\/\/x.com\/FCGueugnon_off","https:\/\/www.instagram.com\/fcgueugnon\/","https:\/\/www.linkedin.com\/company\/football-club-de-gueugnon\/","https:\/\/www.youtube.com\/user\/FCGueugnonnais","https:\/\/fr.wikipedia.org\/wiki\/Football_Club_de_Gueugnon"]},{"@type":"Person","@id":"https:\/\/www.fcgueugnon.fr\/site\/#\/schema\/person\/829630bfb5d6f3ebe4d296b75687c01a","name":"FC Gueugnon","url":"https:\/\/www.fcgueugnon.fr\/site\/author\/g-avin1"}]}},"rttpg_featured_image_url":{"full":["https:\/\/www.fcgueugnon.fr\/site\/wp-content\/uploads\/2023\/04\/IMG_0211-scaled.jpg",2560,1707,false],"landscape":["https:\/\/www.fcgueugnon.fr\/site\/wp-content\/uploads\/2023\/04\/IMG_0211-scaled.jpg",2560,1707,false],"portraits":["https:\/\/www.fcgueugnon.fr\/site\/wp-content\/uploads\/2023\/04\/IMG_0211-scaled.jpg",2560,1707,false],"thumbnail":["https:\/\/www.fcgueugnon.fr\/site\/wp-content\/uploads\/2023\/04\/IMG_0211-150x150.jpg",150,150,true],"medium":["https:\/\/www.fcgueugnon.fr\/site\/wp-content\/uploads\/2023\/04\/IMG_0211-400x267.jpg",400,267,true],"large":["https:\/\/www.fcgueugnon.fr\/site\/wp-content\/uploads\/2023\/04\/IMG_0211-1024x683.jpg",1024,683,true],"1536x1536":["https:\/\/www.fcgueugnon.fr\/site\/wp-content\/uploads\/2023\/04\/IMG_0211-1536x1024.jpg",1536,1024,true],"2048x2048":["https:\/\/www.fcgueugnon.fr\/site\/wp-content\/uploads\/2023\/04\/IMG_0211-2048x1365.jpg",2048,1365,true]},"rttpg_author":{"display_name":"FC Gueugnon","author_link":"https:\/\/www.fcgueugnon.fr\/site\/author\/g-avin1"},"rttpg_comment":0,"rttpg_category":"<a href=\"https:\/\/www.fcgueugnon.fr\/site\/category\/news\/news-2022-2023\" rel=\"category tag\">Archives 2022\/2023<\/a> <a href=\"https:\/\/www.fcgueugnon.fr\/site\/category\/news\" rel=\"category tag\">News<\/a>","rttpg_excerpt":"Les r\u00e9sultats de nos forgerons ce week-end : S\u00e9niors Groupe N3 \u2013 J21 \ud83d\udfe7Samedi 15\/04 \u2013 18h00FC Gueugnon \/ CA Pontarlier : 0-0 Groupe Espoir \u2013 R1 J17 \u274cDimanche 16\/04 \u2013 15h00Auxerre Stade \/ FC Gueugnon : 0-1 Sport E.Leclerc Acad\u00e9mie U14 R1 \u2013 D\u00e9tection \u2611Samedi 15\/04 \u2013 14h30 U13 Intersecteurs \u2013 Amical \u2705Samedi 15\/04\u2026","_links":{"self":[{"href":"https:\/\/www.fcgueugnon.fr\/site\/wp-json\/wp\/v2\/posts\/4198","targetHints":{"allow":["GET"]}}],"collection":[{"href":"https:\/\/www.fcgueugnon.fr\/site\/wp-json\/wp\/v2\/posts"}],"about":[{"href":"https:\/\/www.fcgueugnon.fr\/site\/wp-json\/wp\/v2\/types\/post"}],"author":[{"embeddable":true,"href":"https:\/\/www.fcgueugnon.fr\/site\/wp-json\/wp\/v2\/users\/3"}],"replies":[{"embeddable":true,"href":"https:\/\/www.fcgueugnon.fr\/site\/wp-json\/wp\/v2\/comments?post=4198"}],"version-history":[{"count":2,"href":"https:\/\/www.fcgueugnon.fr\/site\/wp-json\/wp\/v2\/posts\/4198\/revisions"}],"predecessor-version":[{"id":4208,"href":"https:\/\/www.fcgueugnon.fr\/site\/wp-json\/wp\/v2\/posts\/4198\/revisions\/4208"}],"wp:featuredmedia":[{"embeddable":true,"href":"https:\/\/www.fcgueugnon.fr\/site\/wp-json\/wp\/v2\/media\/4202"}],"wp:attachment":[{"href":"https:\/\/www.fcgueugnon.fr\/site\/wp-json\/wp\/v2\/media?parent=4198"}],"wp:term":[{"taxonomy":"category","embeddable":true,"href":"https:\/\/www.fcgueugnon.fr\/site\/wp-json\/wp\/v2\/categories?post=4198"},{"taxonomy":"post_tag","embeddable":true,"href":"https:\/\/www.fcgueugnon.fr\/site\/wp-json\/wp\/v2\/tags?post=4198"}],"curies":[{"name":"wp","href":"https:\/\/api.w.org\/{rel}","templated":true}]}}