{"id":4196,"date":"2023-04-17T16:46:42","date_gmt":"2023-04-17T14:46:42","guid":{"rendered":"https:\/\/www.fcgueugnon.fr\/site\/?p=4196"},"modified":"2023-10-23T09:38:22","modified_gmt":"2023-10-23T07:38:22","slug":"n3-j21-fc-gueugnon-ca-pontarlier-resultat-reactions-et-resume","status":"publish","type":"post","link":"https:\/\/www.fcgueugnon.fr\/site\/n3-j21-fc-gueugnon-ca-pontarlier-resultat-reactions-et-resume\/4196","title":{"rendered":"[N3 J21 : FC Gueugnon \u2013 CA Pontarlier] R\u00e9sultat, r\u00e9actions et r\u00e9sum\u00e9"},"content":{"rendered":"\n<div style=\"height:2px\" aria-hidden=\"true\" class=\"wp-block-spacer\"><\/div>\n\n\n\n<h3 class=\"wp-block-heading\"><strong>Face au leader Pontarlier, les forgerons r\u00e9cup\u00e8rent un point pr\u00e9cieux dans la course au maintien.<\/strong><\/h3>\n\n\n\n<div style=\"height:0px\" aria-hidden=\"true\" class=\"wp-block-spacer\"><\/div>\n\n\n\n<figure class=\"wp-block-gallery aligncenter has-nested-images columns-2 is-cropped wp-block-gallery-1 is-layout-flex wp-block-gallery-is-layout-flex\">\n<figure class=\"wp-block-image size-full\"><img loading=\"lazy\" decoding=\"async\" width=\"2048\" height=\"1365\" data-id=\"4214\" src=\"https:\/\/www.fcgueugnon.fr\/site\/wp-content\/uploads\/2023\/04\/FCG-0-0-CA-PONTARLIER-1.jpg\" alt=\"\" class=\"wp-image-4214\" srcset=\"https:\/\/www.fcgueugnon.fr\/site\/wp-content\/uploads\/2023\/04\/FCG-0-0-CA-PONTARLIER-1.jpg 2048w, https:\/\/www.fcgueugnon.fr\/site\/wp-content\/uploads\/2023\/04\/FCG-0-0-CA-PONTARLIER-1-400x267.jpg 400w, https:\/\/www.fcgueugnon.fr\/site\/wp-content\/uploads\/2023\/04\/FCG-0-0-CA-PONTARLIER-1-1024x683.jpg 1024w, https:\/\/www.fcgueugnon.fr\/site\/wp-content\/uploads\/2023\/04\/FCG-0-0-CA-PONTARLIER-1-768x512.jpg 768w, https:\/\/www.fcgueugnon.fr\/site\/wp-content\/uploads\/2023\/04\/FCG-0-0-CA-PONTARLIER-1-1536x1024.jpg 1536w, https:\/\/www.fcgueugnon.fr\/site\/wp-content\/uploads\/2023\/04\/FCG-0-0-CA-PONTARLIER-1-1320x880.jpg 1320w, https:\/\/www.fcgueugnon.fr\/site\/wp-content\/uploads\/2023\/04\/FCG-0-0-CA-PONTARLIER-1-600x400.jpg 600w\" sizes=\"auto, (max-width: 2048px) 100vw, 2048px\" \/><\/figure>\n\n\n\n<figure class=\"wp-block-image size-full\"><img loading=\"lazy\" decoding=\"async\" width=\"2048\" height=\"1365\" data-id=\"4215\" src=\"https:\/\/www.fcgueugnon.fr\/site\/wp-content\/uploads\/2023\/04\/FCG-0-0-CA-PONTARLIER-5.jpg\" alt=\"\" class=\"wp-image-4215\" srcset=\"https:\/\/www.fcgueugnon.fr\/site\/wp-content\/uploads\/2023\/04\/FCG-0-0-CA-PONTARLIER-5.jpg 2048w, https:\/\/www.fcgueugnon.fr\/site\/wp-content\/uploads\/2023\/04\/FCG-0-0-CA-PONTARLIER-5-400x267.jpg 400w, https:\/\/www.fcgueugnon.fr\/site\/wp-content\/uploads\/2023\/04\/FCG-0-0-CA-PONTARLIER-5-1024x683.jpg 1024w, https:\/\/www.fcgueugnon.fr\/site\/wp-content\/uploads\/2023\/04\/FCG-0-0-CA-PONTARLIER-5-768x512.jpg 768w, https:\/\/www.fcgueugnon.fr\/site\/wp-content\/uploads\/2023\/04\/FCG-0-0-CA-PONTARLIER-5-1536x1024.jpg 1536w, https:\/\/www.fcgueugnon.fr\/site\/wp-content\/uploads\/2023\/04\/FCG-0-0-CA-PONTARLIER-5-1320x880.jpg 1320w, https:\/\/www.fcgueugnon.fr\/site\/wp-content\/uploads\/2023\/04\/FCG-0-0-CA-PONTARLIER-5-600x400.jpg 600w\" sizes=\"auto, (max-width: 2048px) 100vw, 2048px\" \/><\/figure>\n\n\n\n<figure class=\"wp-block-image size-full\"><img loading=\"lazy\" decoding=\"async\" width=\"2048\" height=\"1365\" data-id=\"4219\" src=\"https:\/\/www.fcgueugnon.fr\/site\/wp-content\/uploads\/2023\/04\/FCG-0-0-CA-PONTARLIER-6.jpg\" alt=\"\" class=\"wp-image-4219\" srcset=\"https:\/\/www.fcgueugnon.fr\/site\/wp-content\/uploads\/2023\/04\/FCG-0-0-CA-PONTARLIER-6.jpg 2048w, https:\/\/www.fcgueugnon.fr\/site\/wp-content\/uploads\/2023\/04\/FCG-0-0-CA-PONTARLIER-6-400x267.jpg 400w, https:\/\/www.fcgueugnon.fr\/site\/wp-content\/uploads\/2023\/04\/FCG-0-0-CA-PONTARLIER-6-1024x683.jpg 1024w, https:\/\/www.fcgueugnon.fr\/site\/wp-content\/uploads\/2023\/04\/FCG-0-0-CA-PONTARLIER-6-768x512.jpg 768w, https:\/\/www.fcgueugnon.fr\/site\/wp-content\/uploads\/2023\/04\/FCG-0-0-CA-PONTARLIER-6-1536x1024.jpg 1536w, https:\/\/www.fcgueugnon.fr\/site\/wp-content\/uploads\/2023\/04\/FCG-0-0-CA-PONTARLIER-6-1320x880.jpg 1320w, https:\/\/www.fcgueugnon.fr\/site\/wp-content\/uploads\/2023\/04\/FCG-0-0-CA-PONTARLIER-6-600x400.jpg 600w\" sizes=\"auto, (max-width: 2048px) 100vw, 2048px\" \/><\/figure>\n\n\n\n<figure class=\"wp-block-image size-full\"><img loading=\"lazy\" decoding=\"async\" width=\"2048\" height=\"1365\" data-id=\"4218\" src=\"https:\/\/www.fcgueugnon.fr\/site\/wp-content\/uploads\/2023\/04\/FCG-0-0-CA-PONTARLIER-2.jpg\" alt=\"\" class=\"wp-image-4218\" srcset=\"https:\/\/www.fcgueugnon.fr\/site\/wp-content\/uploads\/2023\/04\/FCG-0-0-CA-PONTARLIER-2.jpg 2048w, https:\/\/www.fcgueugnon.fr\/site\/wp-content\/uploads\/2023\/04\/FCG-0-0-CA-PONTARLIER-2-400x267.jpg 400w, https:\/\/www.fcgueugnon.fr\/site\/wp-content\/uploads\/2023\/04\/FCG-0-0-CA-PONTARLIER-2-1024x683.jpg 1024w, https:\/\/www.fcgueugnon.fr\/site\/wp-content\/uploads\/2023\/04\/FCG-0-0-CA-PONTARLIER-2-768x512.jpg 768w, https:\/\/www.fcgueugnon.fr\/site\/wp-content\/uploads\/2023\/04\/FCG-0-0-CA-PONTARLIER-2-1536x1024.jpg 1536w, https:\/\/www.fcgueugnon.fr\/site\/wp-content\/uploads\/2023\/04\/FCG-0-0-CA-PONTARLIER-2-1320x880.jpg 1320w, https:\/\/www.fcgueugnon.fr\/site\/wp-content\/uploads\/2023\/04\/FCG-0-0-CA-PONTARLIER-2-600x400.jpg 600w\" sizes=\"auto, (max-width: 2048px) 100vw, 2048px\" \/><\/figure>\n<\/figure>\n\n\n\n<p class=\"has-text-align-center\"><em>Photos : FC Gueugnon &#8211; Bertrand Poizeau<\/em><\/p>\n\n\n\n<div style=\"height:15px\" aria-hidden=\"true\" class=\"wp-block-spacer\"><\/div>\n\n\n\n<p>Ce samedi, nos Forgerons accueillaient les leaders Pontissaliens sur la pelouse du stade Jean Laville. Apr\u00e8s leur d\u00e9faite \u00e0 l\u2019ext\u00e9rieur face au FC Sochaux-Montb\u00e9liard, les Jaunes et Bleus doivent plus que jamais, gagner des points pour pouvoir s\u2019assurer le maintien, face a une \u00e9quipe du CA Pontarlier qui, quant \u00e0 elle, reste favorite \u00e0 la mont\u00e9e.&nbsp;<\/p>\n\n\n\n<p>La premi\u00e8re p\u00e9riode d\u00e9bute \u00e0 l\u2019avantage des visiteurs. Le CA Pontarlier prend rapidement le contr\u00f4le du ballon et met en difficult\u00e9 nos forgerons qui restent malgr\u00e9 tout, efficaces d\u00e9fensivement. Les Pontissaliens vont encha\u00eener les occasions mais ne parviendront pas \u00e0 faire plier le bloc d\u00e9fensif Gueugnonnais. Le score restera nul \u00e0 la pause.&nbsp;<\/p>\n\n\n\n<p>La seconde p\u00e9riode laissera place \u00e0 un jeu plus \u00e9quilibr\u00e9. Nos Gueugnonnais parviendront \u00e0 se cr\u00e9er quelques occasions, mais manquent de pr\u00e9cision dans la finition. Apr\u00e8s quelques changements et une ultime tentative de la part des Pontissaliens, aucune des deux \u00e9quipes ne r\u00e9ussit \u00e0 prendre l\u2019avantage en cette fin de match. Face au leader, nos forgerons obtiennent alors, le point du match nul.&nbsp;&nbsp;<\/p>\n\n\n\n<p>Nous vous donnons rendez-vous samedi 22 avril au Stade des C\u00e8dres \u00e0 Quetigny, pour la 22\u00e8me journ\u00e9e de National 3.<\/p>\n\n\n\n<div style=\"height:40px\" aria-hidden=\"true\" class=\"wp-block-spacer\"><\/div>\n\n\n\n<h2 class=\"wp-block-heading\">R\u00e9sum\u00e9 vid\u00e9o<\/h2>\n\n\n\n<div style=\"height:40px\" aria-hidden=\"true\" class=\"wp-block-spacer\"><\/div>\n\n\n\n<figure class=\"wp-block-embed is-type-video is-provider-youtube wp-block-embed-youtube wp-embed-aspect-16-9 wp-has-aspect-ratio\"><div class=\"wp-block-embed__wrapper\">\n<iframe loading=\"lazy\" title=\"FC Gueugnon - CA Pontarlier | Journ\u00e9e 21 | R\u00e9sum\u00e9 Complet\" width=\"1200\" height=\"675\" src=\"https:\/\/www.youtube.com\/embed\/BzWNy3X6KnA?feature=oembed\" frameborder=\"0\" allow=\"accelerometer; autoplay; clipboard-write; encrypted-media; gyroscope; picture-in-picture; web-share\" allowfullscreen><\/iframe>\n<\/div><\/figure>\n\n\n\n<div style=\"height:40px\" aria-hidden=\"true\" class=\"wp-block-spacer\"><\/div>\n\n\n\n<h2 class=\"wp-block-heading\">R\u00e9actions<\/h2>\n\n\n\n<div class=\"wp-block-coblocks-media-card alignwide is-style-left is-stacked-on-mobile coblocks-media-card-77145432166\"><div class=\"wp-block-coblocks-media-card__inner has-padding has-large-padding\"><div class=\"wp-block-coblocks-media-card__wrapper\" style=\"grid-template-columns:NaN% auto\"><figure class=\"wp-block-coblocks-media-card__media has-shadow\"><img loading=\"lazy\" decoding=\"async\" width=\"1000\" height=\"972\" src=\"https:\/\/www.fcgueugnon.fr\/site\/wp-content\/uploads\/2023\/04\/marly-rampont.jpg\" alt=\"\" class=\"wp-image-4224\" srcset=\"https:\/\/www.fcgueugnon.fr\/site\/wp-content\/uploads\/2023\/04\/marly-rampont.jpg 1000w, https:\/\/www.fcgueugnon.fr\/site\/wp-content\/uploads\/2023\/04\/marly-rampont-400x389.jpg 400w, https:\/\/www.fcgueugnon.fr\/site\/wp-content\/uploads\/2023\/04\/marly-rampont-768x746.jpg 768w, https:\/\/www.fcgueugnon.fr\/site\/wp-content\/uploads\/2023\/04\/marly-rampont-600x583.jpg 600w\" sizes=\"auto, (max-width: 1000px) 100vw, 1000px\" \/><\/figure><div class=\"wp-block-coblocks-media-card__content has-shadow\">\n\n<div class=\"wp-block-coblocks-row coblocks-row-77145432275\" data-columns=\"1\" data-layout=\"100\"><div class=\"wp-block-coblocks-row__inner has-background has-padding has-huge-padding has-no-margin is-stacked-on-mobile are-vertically-aligned-center has-medium-gutter\" style=\"background-color:#FFFFFF\">\n\n<div class=\"wp-block-coblocks-column is-vertically-aligned-center coblocks-column-77145432284\" style=\"width:100%\"><div class=\"wp-block-coblocks-column__inner has-no-padding has-no-margin\">\n\n<h3 class=\"wp-block-heading\"><strong>Marly Rampont, ex-gueugnonnais : <\/strong><\/h3>\n\n\n<div style=\"height:30px\" aria-hidden=\"true\" class=\"wp-block-spacer\"><\/div>\n\n\n<p><em>\u00abJe suis de tout c\u0153ur avec eux et je suis persuad\u00e9 qu\u2019ils vont se maintenir. Pour cela, il faudra se battre jusqu\u2019au bout et jouer chaque match comme une finale. \u00bb<\/em><\/p>\n\n\n<div style=\"height:30px\" aria-hidden=\"true\" class=\"wp-block-spacer\"><\/div>\n\n\n<p><sub>R\u00e9actions compl\u00e8tes \u00e0 retrouver ce mercredi \u00e0 10:15 et \u00e0 18:30 en direct sur Radio Cactus (FM 92.2) ou \u00e0 partir de jeudi sur notre site officiel !<\/sub><\/p>\n\n\n<div style=\"height:20px\" aria-hidden=\"true\" class=\"wp-block-spacer\"><\/div>\n\n<\/div><\/div>\n\n<\/div><\/div>\n\n<\/div><\/div><\/div><\/div>\n\n\n\n<div style=\"height:40px\" aria-hidden=\"true\" class=\"wp-block-spacer\"><\/div>\n\n\n\n<hr class=\"wp-block-separator has-text-color has-css-opacity has-background\" style=\"background-color:#f7db4a;color:#f7db4a\"\/>\n\n\n\n<h3 class=\"wp-block-heading has-text-align-center\"><strong>\u2139 Prochain match : <\/strong><br>&#8211; Samedi 22\/04 \u00e0 18h00 : AS Quetigny \/ FC Gueugnon (N3)<\/h3>\n\n\n\n<hr class=\"wp-block-separator has-text-color has-css-opacity has-background\" style=\"background-color:#f7db4a;color:#f7db4a\"\/>\n\n\n\n<h3 class=\"wp-block-heading\">\u26bd <strong>Score final<\/strong><\/h3>\n\n\n\n<p><strong>\u00c0 Gueugnon, au stade Jean Laville<br><\/strong>FC Gueugnon 0-0 CA Pontarlier<br>Affluence : 774 spectateurs<\/p>\n\n\n\n<div style=\"height:2px\" aria-hidden=\"true\" class=\"wp-block-spacer\"><\/div>\n\n\n\n<p><strong>Officiels :<\/strong><br>Arbitre centre : ALEXIS GUILLON&nbsp; <br>Arbitre assistant 1 : MATHIAS DONAT &nbsp; <br>Arbitre assistant 2 : TIMOTHE BAUDOT&nbsp; <br>D\u00e9l\u00e9gu\u00e9 principal : FLORENCIE VIE&nbsp; <br>D\u00e9l\u00e9gu\u00e9 accompagnateur : FRANCK MOSCATO<\/p>\n\n\n\n<div style=\"height:15px\" aria-hidden=\"true\" class=\"wp-block-spacer\"><\/div>\n\n\n\n<h3 class=\"wp-block-heading\">\ud83d\udfe1\ud83d\udd35 <strong>Composition d&rsquo;\u00e9quipe<\/strong><\/h3>\n\n\n\n<p>Lamonge, Mohamed, Chauvet, Soulier, Mustivar \u00a9, Fa. Revuelta (55&prime; Dram\u00e9), Bouekou (55&prime; Rollin), Diallo, Luanda, Benameur (74&prime; Helal), Mbock (74&prime; Fr. Revuelta).<br>Entra\u00eeneur : Philippe Correia \/ Adjoint\u202f: Bakeba Bayo.<\/p>\n\n\n\n<div style=\"height:38px\" aria-hidden=\"true\" class=\"wp-block-spacer\"><\/div>\n\n\n\n<h3 class=\"wp-block-heading\">\ud83d\udd0d <strong>Plus d&rsquo;articles <\/strong><\/h3>\n\n\n\n<blockquote class=\"wp-block-quote is-layout-flow wp-block-quote-is-layout-flow\">\n<p><span style=\"line-height: 1.5;\">\u25ba <a href=\"https:\/\/twitter.com\/FCGueugnon_Off\/status\/1647253450969989121\" target=\"_blank\" rel=\"noreferrer noopener\">Revivre le live<\/a><\/span><\/p>\n<\/blockquote>\n\n\n\n<div style=\"height:38px\" aria-hidden=\"true\" class=\"wp-block-spacer\"><\/div>\n\n\n\n<h3 class=\"wp-block-heading\">\ud83d\uddd3&nbsp;<strong>La 21e journ\u00e9e de National 3<\/strong><\/h3>\n\n\n\n<p>Sam 15 Avril&nbsp; <br>18:00 : Besan\u00e7on Foot \u2013 AS Quetigny  : 4-1<br>18:00 : Jura Dolois \u2013 ASC Saint Apollinaire : 3-2<br>18:00 : FC Gueugnon \u2013 CA Pontarlier : 0-0<br>18:00 : Is Selongey \u2013 FC Sochaux Montb\u00e9liard B : 1-0&nbsp; &nbsp; <br>18:00 : FC Grandvillars \u2013 UF M\u00e2con : 0-3&nbsp; <br>18:00 : FC Montceau \u2013 UCS Cosne : 0-2<br><\/p>\n\n\n\n<p>\u25ba <a href=\"https:\/\/www.fcgueugnon.fr\/site\/calendrier-seniors-a-national-3-bourgogne-franche-comte\">Calendrier<\/a><\/p>\n\n\n\n<p>\u25ba <a href=\"https:\/\/www.fcgueugnon.fr\/site\/classement-national-3-bourgogne-franche-comte\">Classement<\/a><\/p>\n","protected":false},"excerpt":{"rendered":"<p>Face au leader Pontarlier, les forgerons r\u00e9cup\u00e8rent un point pr\u00e9cieux dans la course au maintien. Photos : FC Gueugnon &#8211; Bertrand Poizeau Ce samedi, nos Forgerons accueillaient les leaders Pontissaliens sur la pelouse du stade Jean Laville. Apr\u00e8s leur d\u00e9faite \u00e0 l\u2019ext\u00e9rieur face au FC Sochaux-Montb\u00e9liard, les Jaunes et Bleus doivent plus que jamais, gagner &#8230; <\/p>\n<p class=\"read-more-container\"><a title=\"[N3 J21 : FC Gueugnon \u2013 CA Pontarlier] R\u00e9sultat, r\u00e9actions et r\u00e9sum\u00e9\" class=\"read-more button\" href=\"https:\/\/www.fcgueugnon.fr\/site\/n3-j21-fc-gueugnon-ca-pontarlier-resultat-reactions-et-resume\/4196#more-4196\" aria-label=\"Plus sur [N3 J21 : FC Gueugnon \u2013 CA Pontarlier] R\u00e9sultat, r\u00e9actions et r\u00e9sum\u00e9\">Lire la suite<\/a><\/p>\n","protected":false},"author":4,"featured_media":4219,"comment_status":"closed","ping_status":"closed","sticky":false,"template":"","format":"standard","meta":{"footnotes":""},"categories":[5,4],"tags":[27,31],"class_list":["post-4196","post","type-post","status-publish","format-standard","has-post-thumbnail","hentry","category-news-2022-2023","category-news","tag-resultat","tag-video","infinite-scroll-item","generate-columns","tablet-grid-50","mobile-grid-100","grid-parent","grid-25"],"yoast_head":"<!-- This site is optimized with the Yoast SEO plugin v26.6 - https:\/\/yoast.com\/wordpress\/plugins\/seo\/ -->\n<title>[N3 J21 : FC Gueugnon \u2013 CA Pontarlier] R\u00e9sultat, r\u00e9actions et r\u00e9sum\u00e9 &#8226; FOOTBALL CLUB GUEUGNON<\/title>\n<meta name=\"robots\" content=\"index, follow, max-snippet:-1, max-image-preview:large, max-video-preview:-1\" \/>\n<link rel=\"canonical\" href=\"https:\/\/www.fcgueugnon.fr\/site\/n3-j21-fc-gueugnon-ca-pontarlier-resultat-reactions-et-resume\/4196\" \/>\n<meta property=\"og:locale\" content=\"fr_FR\" \/>\n<meta property=\"og:type\" content=\"article\" \/>\n<meta property=\"og:title\" content=\"[N3 J21 : FC Gueugnon \u2013 CA Pontarlier] R\u00e9sultat, r\u00e9actions et r\u00e9sum\u00e9 &#8226; FOOTBALL CLUB GUEUGNON\" \/>\n<meta property=\"og:description\" content=\"Face au leader Pontarlier, les forgerons r\u00e9cup\u00e8rent un point pr\u00e9cieux dans la course au maintien. Photos : FC Gueugnon &#8211; Bertrand Poizeau Ce samedi, nos Forgerons accueillaient les leaders Pontissaliens sur la pelouse du stade Jean Laville. Apr\u00e8s leur d\u00e9faite \u00e0 l\u2019ext\u00e9rieur face au FC Sochaux-Montb\u00e9liard, les Jaunes et Bleus doivent plus que jamais, gagner ... Lire la suite\" \/>\n<meta property=\"og:url\" content=\"https:\/\/www.fcgueugnon.fr\/site\/n3-j21-fc-gueugnon-ca-pontarlier-resultat-reactions-et-resume\/4196\" \/>\n<meta property=\"og:site_name\" content=\"FOOTBALL CLUB GUEUGNON\" \/>\n<meta property=\"article:publisher\" content=\"http:\/\/facebook.com\/FCGueugnon\" \/>\n<meta property=\"article:published_time\" content=\"2023-04-17T14:46:42+00:00\" \/>\n<meta property=\"article:modified_time\" content=\"2023-10-23T07:38:22+00:00\" \/>\n<meta property=\"og:image\" content=\"https:\/\/www.fcgueugnon.fr\/site\/wp-content\/uploads\/2023\/04\/FCG-0-0-CA-PONTARLIER-6.jpg\" \/>\n\t<meta property=\"og:image:width\" content=\"2048\" \/>\n\t<meta property=\"og:image:height\" content=\"1365\" \/>\n\t<meta property=\"og:image:type\" content=\"image\/jpeg\" \/>\n<meta name=\"author\" content=\"FC Gueugnon\" \/>\n<meta name=\"twitter:card\" content=\"summary_large_image\" \/>\n<meta name=\"twitter:creator\" content=\"@FCGueugnon_off\" \/>\n<meta name=\"twitter:site\" content=\"@FCGueugnon_off\" \/>\n<meta name=\"twitter:label1\" content=\"\u00c9crit par\" \/>\n\t<meta name=\"twitter:data1\" content=\"FC Gueugnon\" \/>\n\t<meta name=\"twitter:label2\" content=\"Dur\u00e9e de lecture estim\u00e9e\" \/>\n\t<meta name=\"twitter:data2\" content=\"4 minutes\" \/>\n<script type=\"application\/ld+json\" class=\"yoast-schema-graph\">{\"@context\":\"https:\/\/schema.org\",\"@graph\":[{\"@type\":\"Article\",\"@id\":\"https:\/\/www.fcgueugnon.fr\/site\/n3-j21-fc-gueugnon-ca-pontarlier-resultat-reactions-et-resume\/4196#article\",\"isPartOf\":{\"@id\":\"https:\/\/www.fcgueugnon.fr\/site\/n3-j21-fc-gueugnon-ca-pontarlier-resultat-reactions-et-resume\/4196\"},\"author\":{\"name\":\"FC Gueugnon\",\"@id\":\"https:\/\/www.fcgueugnon.fr\/site\/#\/schema\/person\/6b88acb9354d23e86675fc81c54ed359\"},\"headline\":\"[N3 J21 : FC Gueugnon \u2013 CA Pontarlier] R\u00e9sultat, r\u00e9actions et r\u00e9sum\u00e9\",\"datePublished\":\"2023-04-17T14:46:42+00:00\",\"dateModified\":\"2023-10-23T07:38:22+00:00\",\"mainEntityOfPage\":{\"@id\":\"https:\/\/www.fcgueugnon.fr\/site\/n3-j21-fc-gueugnon-ca-pontarlier-resultat-reactions-et-resume\/4196\"},\"wordCount\":453,\"publisher\":{\"@id\":\"https:\/\/www.fcgueugnon.fr\/site\/#organization\"},\"image\":{\"@id\":\"https:\/\/www.fcgueugnon.fr\/site\/n3-j21-fc-gueugnon-ca-pontarlier-resultat-reactions-et-resume\/4196#primaryimage\"},\"thumbnailUrl\":\"https:\/\/www.fcgueugnon.fr\/site\/wp-content\/uploads\/2023\/04\/FCG-0-0-CA-PONTARLIER-6.jpg\",\"keywords\":[\"R\u00e9sultat\",\"Vid\u00e9o\"],\"articleSection\":[\"Archives 2022\/2023\",\"News\"],\"inLanguage\":\"fr-FR\"},{\"@type\":\"WebPage\",\"@id\":\"https:\/\/www.fcgueugnon.fr\/site\/n3-j21-fc-gueugnon-ca-pontarlier-resultat-reactions-et-resume\/4196\",\"url\":\"https:\/\/www.fcgueugnon.fr\/site\/n3-j21-fc-gueugnon-ca-pontarlier-resultat-reactions-et-resume\/4196\",\"name\":\"[N3 J21 : FC Gueugnon \u2013 CA Pontarlier] R\u00e9sultat, r\u00e9actions et r\u00e9sum\u00e9 &#8226; FOOTBALL CLUB GUEUGNON\",\"isPartOf\":{\"@id\":\"https:\/\/www.fcgueugnon.fr\/site\/#website\"},\"primaryImageOfPage\":{\"@id\":\"https:\/\/www.fcgueugnon.fr\/site\/n3-j21-fc-gueugnon-ca-pontarlier-resultat-reactions-et-resume\/4196#primaryimage\"},\"image\":{\"@id\":\"https:\/\/www.fcgueugnon.fr\/site\/n3-j21-fc-gueugnon-ca-pontarlier-resultat-reactions-et-resume\/4196#primaryimage\"},\"thumbnailUrl\":\"https:\/\/www.fcgueugnon.fr\/site\/wp-content\/uploads\/2023\/04\/FCG-0-0-CA-PONTARLIER-6.jpg\",\"datePublished\":\"2023-04-17T14:46:42+00:00\",\"dateModified\":\"2023-10-23T07:38:22+00:00\",\"breadcrumb\":{\"@id\":\"https:\/\/www.fcgueugnon.fr\/site\/n3-j21-fc-gueugnon-ca-pontarlier-resultat-reactions-et-resume\/4196#breadcrumb\"},\"inLanguage\":\"fr-FR\",\"potentialAction\":[{\"@type\":\"ReadAction\",\"target\":[\"https:\/\/www.fcgueugnon.fr\/site\/n3-j21-fc-gueugnon-ca-pontarlier-resultat-reactions-et-resume\/4196\"]}]},{\"@type\":\"ImageObject\",\"inLanguage\":\"fr-FR\",\"@id\":\"https:\/\/www.fcgueugnon.fr\/site\/n3-j21-fc-gueugnon-ca-pontarlier-resultat-reactions-et-resume\/4196#primaryimage\",\"url\":\"https:\/\/www.fcgueugnon.fr\/site\/wp-content\/uploads\/2023\/04\/FCG-0-0-CA-PONTARLIER-6.jpg\",\"contentUrl\":\"https:\/\/www.fcgueugnon.fr\/site\/wp-content\/uploads\/2023\/04\/FCG-0-0-CA-PONTARLIER-6.jpg\",\"width\":2048,\"height\":1365},{\"@type\":\"BreadcrumbList\",\"@id\":\"https:\/\/www.fcgueugnon.fr\/site\/n3-j21-fc-gueugnon-ca-pontarlier-resultat-reactions-et-resume\/4196#breadcrumb\",\"itemListElement\":[{\"@type\":\"ListItem\",\"position\":1,\"name\":\"Accueil\",\"item\":\"https:\/\/www.fcgueugnon.fr\/site\/\"},{\"@type\":\"ListItem\",\"position\":2,\"name\":\"[N3 J21 : FC Gueugnon \u2013 CA Pontarlier] R\u00e9sultat, r\u00e9actions et r\u00e9sum\u00e9\"}]},{\"@type\":\"WebSite\",\"@id\":\"https:\/\/www.fcgueugnon.fr\/site\/#website\",\"url\":\"https:\/\/www.fcgueugnon.fr\/site\/\",\"name\":\"FOOTBALL CLUB GUEUGNON\",\"description\":\"Le Site Officiel des Forgerons\",\"publisher\":{\"@id\":\"https:\/\/www.fcgueugnon.fr\/site\/#organization\"},\"potentialAction\":[{\"@type\":\"SearchAction\",\"target\":{\"@type\":\"EntryPoint\",\"urlTemplate\":\"https:\/\/www.fcgueugnon.fr\/site\/?s={search_term_string}\"},\"query-input\":{\"@type\":\"PropertyValueSpecification\",\"valueRequired\":true,\"valueName\":\"search_term_string\"}}],\"inLanguage\":\"fr-FR\"},{\"@type\":\"Organization\",\"@id\":\"https:\/\/www.fcgueugnon.fr\/site\/#organization\",\"name\":\"FC Gueugnon\",\"url\":\"https:\/\/www.fcgueugnon.fr\/site\/\",\"logo\":{\"@type\":\"ImageObject\",\"inLanguage\":\"fr-FR\",\"@id\":\"https:\/\/www.fcgueugnon.fr\/site\/#\/schema\/logo\/image\/\",\"url\":\"https:\/\/www.fcgueugnon.fr\/site\/wp-content\/uploads\/2022\/07\/cropped-Logo-FCGUEUGNON-low-350x350-1.png\",\"contentUrl\":\"https:\/\/www.fcgueugnon.fr\/site\/wp-content\/uploads\/2022\/07\/cropped-Logo-FCGUEUGNON-low-350x350-1.png\",\"width\":350,\"height\":350,\"caption\":\"FC Gueugnon\"},\"image\":{\"@id\":\"https:\/\/www.fcgueugnon.fr\/site\/#\/schema\/logo\/image\/\"},\"sameAs\":[\"http:\/\/facebook.com\/FCGueugnon\",\"https:\/\/x.com\/FCGueugnon_off\",\"https:\/\/www.instagram.com\/fcgueugnon\/\",\"https:\/\/www.linkedin.com\/company\/football-club-de-gueugnon\/\",\"https:\/\/www.youtube.com\/user\/FCGueugnonnais\",\"https:\/\/fr.wikipedia.org\/wiki\/Football_Club_de_Gueugnon\"]},{\"@type\":\"Person\",\"@id\":\"https:\/\/www.fcgueugnon.fr\/site\/#\/schema\/person\/6b88acb9354d23e86675fc81c54ed359\",\"name\":\"FC Gueugnon\",\"url\":\"https:\/\/www.fcgueugnon.fr\/site\/author\/man-antu\"}]}<\/script>\n<!-- \/ Yoast SEO plugin. -->","yoast_head_json":{"title":"[N3 J21 : FC Gueugnon \u2013 CA Pontarlier] R\u00e9sultat, r\u00e9actions et r\u00e9sum\u00e9 &#8226; FOOTBALL CLUB GUEUGNON","robots":{"index":"index","follow":"follow","max-snippet":"max-snippet:-1","max-image-preview":"max-image-preview:large","max-video-preview":"max-video-preview:-1"},"canonical":"https:\/\/www.fcgueugnon.fr\/site\/n3-j21-fc-gueugnon-ca-pontarlier-resultat-reactions-et-resume\/4196","og_locale":"fr_FR","og_type":"article","og_title":"[N3 J21 : FC Gueugnon \u2013 CA Pontarlier] R\u00e9sultat, r\u00e9actions et r\u00e9sum\u00e9 &#8226; FOOTBALL CLUB GUEUGNON","og_description":"Face au leader Pontarlier, les forgerons r\u00e9cup\u00e8rent un point pr\u00e9cieux dans la course au maintien. Photos : FC Gueugnon &#8211; Bertrand Poizeau Ce samedi, nos Forgerons accueillaient les leaders Pontissaliens sur la pelouse du stade Jean Laville. Apr\u00e8s leur d\u00e9faite \u00e0 l\u2019ext\u00e9rieur face au FC Sochaux-Montb\u00e9liard, les Jaunes et Bleus doivent plus que jamais, gagner ... Lire la suite","og_url":"https:\/\/www.fcgueugnon.fr\/site\/n3-j21-fc-gueugnon-ca-pontarlier-resultat-reactions-et-resume\/4196","og_site_name":"FOOTBALL CLUB GUEUGNON","article_publisher":"http:\/\/facebook.com\/FCGueugnon","article_published_time":"2023-04-17T14:46:42+00:00","article_modified_time":"2023-10-23T07:38:22+00:00","og_image":[{"width":2048,"height":1365,"url":"https:\/\/www.fcgueugnon.fr\/site\/wp-content\/uploads\/2023\/04\/FCG-0-0-CA-PONTARLIER-6.jpg","type":"image\/jpeg"}],"author":"FC Gueugnon","twitter_card":"summary_large_image","twitter_creator":"@FCGueugnon_off","twitter_site":"@FCGueugnon_off","twitter_misc":{"\u00c9crit par":"FC Gueugnon","Dur\u00e9e de lecture estim\u00e9e":"4 minutes"},"schema":{"@context":"https:\/\/schema.org","@graph":[{"@type":"Article","@id":"https:\/\/www.fcgueugnon.fr\/site\/n3-j21-fc-gueugnon-ca-pontarlier-resultat-reactions-et-resume\/4196#article","isPartOf":{"@id":"https:\/\/www.fcgueugnon.fr\/site\/n3-j21-fc-gueugnon-ca-pontarlier-resultat-reactions-et-resume\/4196"},"author":{"name":"FC Gueugnon","@id":"https:\/\/www.fcgueugnon.fr\/site\/#\/schema\/person\/6b88acb9354d23e86675fc81c54ed359"},"headline":"[N3 J21 : FC Gueugnon \u2013 CA Pontarlier] R\u00e9sultat, r\u00e9actions et r\u00e9sum\u00e9","datePublished":"2023-04-17T14:46:42+00:00","dateModified":"2023-10-23T07:38:22+00:00","mainEntityOfPage":{"@id":"https:\/\/www.fcgueugnon.fr\/site\/n3-j21-fc-gueugnon-ca-pontarlier-resultat-reactions-et-resume\/4196"},"wordCount":453,"publisher":{"@id":"https:\/\/www.fcgueugnon.fr\/site\/#organization"},"image":{"@id":"https:\/\/www.fcgueugnon.fr\/site\/n3-j21-fc-gueugnon-ca-pontarlier-resultat-reactions-et-resume\/4196#primaryimage"},"thumbnailUrl":"https:\/\/www.fcgueugnon.fr\/site\/wp-content\/uploads\/2023\/04\/FCG-0-0-CA-PONTARLIER-6.jpg","keywords":["R\u00e9sultat","Vid\u00e9o"],"articleSection":["Archives 2022\/2023","News"],"inLanguage":"fr-FR"},{"@type":"WebPage","@id":"https:\/\/www.fcgueugnon.fr\/site\/n3-j21-fc-gueugnon-ca-pontarlier-resultat-reactions-et-resume\/4196","url":"https:\/\/www.fcgueugnon.fr\/site\/n3-j21-fc-gueugnon-ca-pontarlier-resultat-reactions-et-resume\/4196","name":"[N3 J21 : FC Gueugnon \u2013 CA Pontarlier] R\u00e9sultat, r\u00e9actions et r\u00e9sum\u00e9 &#8226; FOOTBALL CLUB GUEUGNON","isPartOf":{"@id":"https:\/\/www.fcgueugnon.fr\/site\/#website"},"primaryImageOfPage":{"@id":"https:\/\/www.fcgueugnon.fr\/site\/n3-j21-fc-gueugnon-ca-pontarlier-resultat-reactions-et-resume\/4196#primaryimage"},"image":{"@id":"https:\/\/www.fcgueugnon.fr\/site\/n3-j21-fc-gueugnon-ca-pontarlier-resultat-reactions-et-resume\/4196#primaryimage"},"thumbnailUrl":"https:\/\/www.fcgueugnon.fr\/site\/wp-content\/uploads\/2023\/04\/FCG-0-0-CA-PONTARLIER-6.jpg","datePublished":"2023-04-17T14:46:42+00:00","dateModified":"2023-10-23T07:38:22+00:00","breadcrumb":{"@id":"https:\/\/www.fcgueugnon.fr\/site\/n3-j21-fc-gueugnon-ca-pontarlier-resultat-reactions-et-resume\/4196#breadcrumb"},"inLanguage":"fr-FR","potentialAction":[{"@type":"ReadAction","target":["https:\/\/www.fcgueugnon.fr\/site\/n3-j21-fc-gueugnon-ca-pontarlier-resultat-reactions-et-resume\/4196"]}]},{"@type":"ImageObject","inLanguage":"fr-FR","@id":"https:\/\/www.fcgueugnon.fr\/site\/n3-j21-fc-gueugnon-ca-pontarlier-resultat-reactions-et-resume\/4196#primaryimage","url":"https:\/\/www.fcgueugnon.fr\/site\/wp-content\/uploads\/2023\/04\/FCG-0-0-CA-PONTARLIER-6.jpg","contentUrl":"https:\/\/www.fcgueugnon.fr\/site\/wp-content\/uploads\/2023\/04\/FCG-0-0-CA-PONTARLIER-6.jpg","width":2048,"height":1365},{"@type":"BreadcrumbList","@id":"https:\/\/www.fcgueugnon.fr\/site\/n3-j21-fc-gueugnon-ca-pontarlier-resultat-reactions-et-resume\/4196#breadcrumb","itemListElement":[{"@type":"ListItem","position":1,"name":"Accueil","item":"https:\/\/www.fcgueugnon.fr\/site\/"},{"@type":"ListItem","position":2,"name":"[N3 J21 : FC Gueugnon \u2013 CA Pontarlier] R\u00e9sultat, r\u00e9actions et r\u00e9sum\u00e9"}]},{"@type":"WebSite","@id":"https:\/\/www.fcgueugnon.fr\/site\/#website","url":"https:\/\/www.fcgueugnon.fr\/site\/","name":"FOOTBALL CLUB GUEUGNON","description":"Le Site Officiel des Forgerons","publisher":{"@id":"https:\/\/www.fcgueugnon.fr\/site\/#organization"},"potentialAction":[{"@type":"SearchAction","target":{"@type":"EntryPoint","urlTemplate":"https:\/\/www.fcgueugnon.fr\/site\/?s={search_term_string}"},"query-input":{"@type":"PropertyValueSpecification","valueRequired":true,"valueName":"search_term_string"}}],"inLanguage":"fr-FR"},{"@type":"Organization","@id":"https:\/\/www.fcgueugnon.fr\/site\/#organization","name":"FC Gueugnon","url":"https:\/\/www.fcgueugnon.fr\/site\/","logo":{"@type":"ImageObject","inLanguage":"fr-FR","@id":"https:\/\/www.fcgueugnon.fr\/site\/#\/schema\/logo\/image\/","url":"https:\/\/www.fcgueugnon.fr\/site\/wp-content\/uploads\/2022\/07\/cropped-Logo-FCGUEUGNON-low-350x350-1.png","contentUrl":"https:\/\/www.fcgueugnon.fr\/site\/wp-content\/uploads\/2022\/07\/cropped-Logo-FCGUEUGNON-low-350x350-1.png","width":350,"height":350,"caption":"FC Gueugnon"},"image":{"@id":"https:\/\/www.fcgueugnon.fr\/site\/#\/schema\/logo\/image\/"},"sameAs":["http:\/\/facebook.com\/FCGueugnon","https:\/\/x.com\/FCGueugnon_off","https:\/\/www.instagram.com\/fcgueugnon\/","https:\/\/www.linkedin.com\/company\/football-club-de-gueugnon\/","https:\/\/www.youtube.com\/user\/FCGueugnonnais","https:\/\/fr.wikipedia.org\/wiki\/Football_Club_de_Gueugnon"]},{"@type":"Person","@id":"https:\/\/www.fcgueugnon.fr\/site\/#\/schema\/person\/6b88acb9354d23e86675fc81c54ed359","name":"FC Gueugnon","url":"https:\/\/www.fcgueugnon.fr\/site\/author\/man-antu"}]}},"rttpg_featured_image_url":{"full":["https:\/\/www.fcgueugnon.fr\/site\/wp-content\/uploads\/2023\/04\/FCG-0-0-CA-PONTARLIER-6.jpg",2048,1365,false],"landscape":["https:\/\/www.fcgueugnon.fr\/site\/wp-content\/uploads\/2023\/04\/FCG-0-0-CA-PONTARLIER-6.jpg",2048,1365,false],"portraits":["https:\/\/www.fcgueugnon.fr\/site\/wp-content\/uploads\/2023\/04\/FCG-0-0-CA-PONTARLIER-6.jpg",2048,1365,false],"thumbnail":["https:\/\/www.fcgueugnon.fr\/site\/wp-content\/uploads\/2023\/04\/FCG-0-0-CA-PONTARLIER-6-150x150.jpg",150,150,true],"medium":["https:\/\/www.fcgueugnon.fr\/site\/wp-content\/uploads\/2023\/04\/FCG-0-0-CA-PONTARLIER-6-400x267.jpg",400,267,true],"large":["https:\/\/www.fcgueugnon.fr\/site\/wp-content\/uploads\/2023\/04\/FCG-0-0-CA-PONTARLIER-6-1024x683.jpg",1024,683,true],"1536x1536":["https:\/\/www.fcgueugnon.fr\/site\/wp-content\/uploads\/2023\/04\/FCG-0-0-CA-PONTARLIER-6-1536x1024.jpg",1536,1024,true],"2048x2048":["https:\/\/www.fcgueugnon.fr\/site\/wp-content\/uploads\/2023\/04\/FCG-0-0-CA-PONTARLIER-6.jpg",2048,1365,false]},"rttpg_author":{"display_name":"FC Gueugnon","author_link":"https:\/\/www.fcgueugnon.fr\/site\/author\/man-antu"},"rttpg_comment":0,"rttpg_category":"<a href=\"https:\/\/www.fcgueugnon.fr\/site\/category\/news\/news-2022-2023\" rel=\"category tag\">Archives 2022\/2023<\/a> <a href=\"https:\/\/www.fcgueugnon.fr\/site\/category\/news\" rel=\"category tag\">News<\/a>","rttpg_excerpt":"Face au leader Pontarlier, les forgerons r\u00e9cup\u00e8rent un point pr\u00e9cieux dans la course au maintien. Photos : FC Gueugnon &#8211; Bertrand Poizeau Ce samedi, nos Forgerons accueillaient les leaders Pontissaliens sur la pelouse du stade Jean Laville. Apr\u00e8s leur d\u00e9faite \u00e0 l\u2019ext\u00e9rieur face au FC Sochaux-Montb\u00e9liard, les Jaunes et Bleus doivent plus que jamais, gagner\u2026","_links":{"self":[{"href":"https:\/\/www.fcgueugnon.fr\/site\/wp-json\/wp\/v2\/posts\/4196","targetHints":{"allow":["GET"]}}],"collection":[{"href":"https:\/\/www.fcgueugnon.fr\/site\/wp-json\/wp\/v2\/posts"}],"about":[{"href":"https:\/\/www.fcgueugnon.fr\/site\/wp-json\/wp\/v2\/types\/post"}],"author":[{"embeddable":true,"href":"https:\/\/www.fcgueugnon.fr\/site\/wp-json\/wp\/v2\/users\/4"}],"replies":[{"embeddable":true,"href":"https:\/\/www.fcgueugnon.fr\/site\/wp-json\/wp\/v2\/comments?post=4196"}],"version-history":[{"count":7,"href":"https:\/\/www.fcgueugnon.fr\/site\/wp-json\/wp\/v2\/posts\/4196\/revisions"}],"predecessor-version":[{"id":4288,"href":"https:\/\/www.fcgueugnon.fr\/site\/wp-json\/wp\/v2\/posts\/4196\/revisions\/4288"}],"wp:featuredmedia":[{"embeddable":true,"href":"https:\/\/www.fcgueugnon.fr\/site\/wp-json\/wp\/v2\/media\/4219"}],"wp:attachment":[{"href":"https:\/\/www.fcgueugnon.fr\/site\/wp-json\/wp\/v2\/media?parent=4196"}],"wp:term":[{"taxonomy":"category","embeddable":true,"href":"https:\/\/www.fcgueugnon.fr\/site\/wp-json\/wp\/v2\/categories?post=4196"},{"taxonomy":"post_tag","embeddable":true,"href":"https:\/\/www.fcgueugnon.fr\/site\/wp-json\/wp\/v2\/tags?post=4196"}],"curies":[{"name":"wp","href":"https:\/\/api.w.org\/{rel}","templated":true}]}}