{"id":4172,"date":"2023-04-15T16:55:00","date_gmt":"2023-04-15T14:55:00","guid":{"rendered":"https:\/\/www.fcgueugnon.fr\/site\/?p=4172"},"modified":"2023-06-30T14:39:57","modified_gmt":"2023-06-30T12:39:57","slug":"interview-forgeron-mag-11-avec-franck-revuelta","status":"publish","type":"post","link":"https:\/\/www.fcgueugnon.fr\/site\/interview-forgeron-mag-11-avec-franck-revuelta\/4172","title":{"rendered":"[Interview] Forgeron Mag #11 avec Franck REVUELTA"},"content":{"rendered":"\n<h3 class=\"wp-block-heading\">D\u00e9couvrez en int\u00e9gralit\u00e9 l&rsquo;entretien de Franck REVUELTA diffus\u00e9 \u00e0 l&rsquo;occasion de cette 21\u00e8me journ\u00e9e de championnat face au CA Pontarlier dans le Forgeron Mag du 15\/04\/23.<\/h3>\n\n\n\n<div style=\"height:75px\" aria-hidden=\"true\" class=\"wp-block-spacer\"><\/div>\n\n\n<div class=\"wp-block-image\">\n<figure class=\"aligncenter size-large\"><img loading=\"lazy\" decoding=\"async\" width=\"1024\" height=\"683\" src=\"https:\/\/www.fcgueugnon.fr\/site\/wp-content\/uploads\/2023\/04\/franck-revuelta-1024x683.jpg\" alt=\"\" class=\"wp-image-4174\" srcset=\"https:\/\/www.fcgueugnon.fr\/site\/wp-content\/uploads\/2023\/04\/franck-revuelta-1024x683.jpg 1024w, https:\/\/www.fcgueugnon.fr\/site\/wp-content\/uploads\/2023\/04\/franck-revuelta-400x267.jpg 400w, https:\/\/www.fcgueugnon.fr\/site\/wp-content\/uploads\/2023\/04\/franck-revuelta-768x512.jpg 768w, https:\/\/www.fcgueugnon.fr\/site\/wp-content\/uploads\/2023\/04\/franck-revuelta-1536x1024.jpg 1536w, https:\/\/www.fcgueugnon.fr\/site\/wp-content\/uploads\/2023\/04\/franck-revuelta-2048x1365.jpg 2048w, https:\/\/www.fcgueugnon.fr\/site\/wp-content\/uploads\/2023\/04\/franck-revuelta-1320x880.jpg 1320w, https:\/\/www.fcgueugnon.fr\/site\/wp-content\/uploads\/2023\/04\/franck-revuelta-600x400.jpg 600w\" sizes=\"auto, (max-width: 1024px) 100vw, 1024px\" \/><\/figure>\n<\/div>\n\n\n<div style=\"height:75px\" aria-hidden=\"true\" class=\"wp-block-spacer\"><\/div>\n\n\n\n<p><strong>Bonjour Franck, tu es \u00e0 Gueugnon depuis des ann\u00e9es maintenant, pour ceux qui ne te connaissent pas encore, peux-tu retracer ta carri\u00e8re jusqu\u2019\u00e0 maintenant&nbsp;?<\/strong><br>J\u2019ai commenc\u00e9 le foot \u00e0 l\u2019\u00e2ge de 5 ans \u00e0 Digoin o\u00f9 j\u2019ai \u00e9volu\u00e9 dans plusieurs clubs. J\u2019ai rejoint le sport \u00e9tude \u00e0 Gueugnon jusqu\u2019\u00e0 ma seconde o\u00f9 j\u2019ai d\u00fb faire le choix entre centre d\u2019entrainement ou arr\u00eater. J\u2019ai pr\u00e9f\u00e9r\u00e9 arr\u00eater et me r\u00e9inscrire \u00e0 Digoin.<br>\u00c0 18 ans, je suis pass\u00e9 en s\u00e9niors, c\u2019est l\u2019ann\u00e9e o\u00f9 les 2 clubs ont fusionn\u00e9, on jouait en PH \u00e0 l\u2019\u00e9poque et on est vite mont\u00e9 en DH. Philippe Correia est devenu coach, Richard Trivino nous a rejoint, on avait une super \u00e9quipe&nbsp;! Je me souviens que l\u2019objectif \u00e9tait le maintien, on termine 5<sup>e<\/sup> \u00e0 jouer le haut du tableau.<br>L\u2019ann\u00e9e suivante, Philippe rejoint Gueugnon qui \u00e9tait en DH \u00e0 l\u2019\u00e9poque, il m\u2019a emmen\u00e9 avec lui, beaucoup de mutations dans le groupe, ce n\u2019\u00e9tait pas une ann\u00e9e simple mais nous sommes mont\u00e9s en CFA2 comme vous le savez. Depuis, je suis au FCG et vous connaissez l\u2019histoire&nbsp;!<\/p>\n\n\n\n<p><strong>Tu as connu le changement des championnats amateurs, qu\u2019est-ce qui fait la diff\u00e9rence entre l\u2019ancien CFA2 et le N3 d\u2019aujourd\u2019hui&nbsp;?<\/strong><br>Je trouve que c\u2019\u00e9tait beaucoup plus relev\u00e9 avant, on avait des d\u00e9placements dans le Lyonnais, en Auvergne et m\u00eame vers la r\u00e9gion Parisienne. Le ton \u00e9tait au-dessus.<br>Pour ce qui est du N3, il a beaucoup chang\u00e9 surtout cette saison avec la r\u00e8gle des 6 descentes, beaucoup de clubs jouent leur survie, les matches sont diff\u00e9rents et beaucoup plus durs.<\/p>\n\n\n\n<figure class=\"wp-block-pullquote\"><blockquote><p>\u00ab  Il ne faut pas perdre l\u2019esprit Forgeron en cette fin de saison&nbsp;! \u00bb<\/p><\/blockquote><\/figure>\n\n\n\n<p><strong>C\u2019est quoi tes hobbies en dehors du foot&nbsp;?<\/strong><br>Je suis p\u00eacheur, je vais souvent au bord de l\u2019eau avec mon cousin Fabrice. On se tire la bourre ensemble pour savoir qui est le meilleur. Ma plus grosse pi\u00e8ce est un silure d\u20191,88m&nbsp;!<br>Cette passion me vient de mon p\u00e8re et mon grand-p\u00e8re, j\u2019essaie de rep\u00e9rer les bons endroits pour les bonnes prises.<\/p>\n\n\n\n<p><strong>Il y a eu quelques changements dans ta vie derni\u00e8rement&nbsp;:<\/strong><br>Exactement, je vis \u00e0 Gueugnon maintenant et j\u2019ai eu une petite fille le 30 juillet dernier, Alice. De gros changements, que du bonheur&nbsp;!<\/p>\n\n\n\n<p><strong>Sur le plan professionnel, quelles sont tes fonctions&nbsp;\u00e0 c\u00f4t\u00e9 de ton activit\u00e9 de joueur&nbsp;? Il n\u2019y a pas si longtemps que \u00e7a, tu intervenais en EHPAD&nbsp;?<\/strong><br>Exactement, j\u2019ai particip\u00e9 au lancement du projet, j\u2019\u00e9tais en train de passer mes examens dans les m\u00e9tiers de la forme, c\u2019\u00e9tait quelque chose de super, intervenir en EHPAD, apporter un bien \u00eatre, changer leur quotidien\u2026<br>Aujourd\u2019hui, je suis formateur chez FORMAPI et coordinateur dans la partie administrative. Je donne des cours pour les \u00e9tudiants en BP JEPS.<br>C\u2019est une vraie gymnastique pour le planning, je m\u2019entraine tous les matins, l\u2019apr\u00e8s-midi je travaille et en dehors de tout cela, ma petite famille&nbsp;!<\/p>\n\n\n\n<figure class=\"wp-block-pullquote\"><blockquote><p>\u00ab est un vrai luxe d\u2019avoir un kop d\u2019ultras et des supporters que ce soit \u00e0 domicile ou \u00e0 l\u2019ext\u00e9rieur&#8230; \u00bb<\/p><\/blockquote><\/figure>\n\n\n\n<p><strong>Raconte-nous tes meilleurs souvenirs sportifs&nbsp;:<\/strong><br>C\u2019\u00e9tait le match de 32<sup>e<\/sup> de finale de Coupe de France contre Clermont. On est vite men\u00e9 au score, je m\u2019offre le luxe d\u2019\u00e9galiser contre une L2 (sur une t\u00eate de Dylan Mamessier). Sekou Coumar\u00e9 se loupe en toute fin de match devant le but alors qu\u2019il aurait pu \u00e9galiser. C\u2019est aussi un grand regret d\u2019avoir manqu\u00e9 cela. L\u2019ambiance \u00e9tait g\u00e9niale et on sort de coupe la t\u00eate haute&nbsp;!<\/p>\n\n\n\n<p><strong>Et ton plus mauvais souvenir&nbsp;?<\/strong><br>La gifle que nous avons prise il y a 2 ou 3 saisons de cela \u00e0 Montceau pour le derby. 5-0 chez eux, c\u2019\u00e9tait dur \u00e0 avaler. Les derbys ont une saveur particuli\u00e8re pour moi (surtout apr\u00e8s avoir connu les derbys d\u2019antan), perdre n\u2019est jamais facile \u00e0 accepter dans ces matches mais ce score faisait vraiment mal.<\/p>\n\n\n\n<p><strong>Tu n\u2019\u00e9tais pas dans le groupe en d\u00e9but de saison, tu as repris lors du 5<sup>e<\/sup> match de cette saison avant une nouvelle p\u00e9riode d\u2019absence et de revenir r\u00e9cemment, tu es \u00e0 fond pour cette fin de saison&nbsp;?<\/strong><br>J\u2019ai d\u00e9marr\u00e9 tard cette saison car j\u2019ai eu 4 matches de suspension\u2026 La saison derni\u00e8re j\u2019ai beaucoup \u00e9t\u00e9 bless\u00e9, cette ann\u00e9e \u00e7a va mieux (malgr\u00e9 une p\u00e9riode d\u2019arr\u00eat). Je reprends du plaisir sur le terrain \u00e0 d\u00e9fendre nos couleurs&nbsp;! M\u00eame si les r\u00e9sultats ne sont pas l\u00e0, je me donnerai \u00e0 fond jusqu\u2019au bout&nbsp;pour nous maintenir.<\/p>\n\n\n\n<figure class=\"wp-block-pullquote\"><blockquote><p>\u00ab  Ce qui d\u00e9finit le mieux l\u2019\u00e9tat d\u2019esprit du groupe, c\u2019est la solidarit\u00e9. C\u2019est comme si on partait ensemble \u00e0 la guerre, on a un combat qu\u2019on doit gagner&nbsp;pour sauver notre club&#8230; \u00bb<\/p><\/blockquote><\/figure>\n\n\n\n<p><strong>Il reste 6 matches avant de terminer cette saison, quel est l\u2019\u00e9tat d\u2019esprit du groupe&nbsp;?<\/strong><br>Cette saison n\u2019est pas simple, j\u2019aurais clairement pr\u00e9f\u00e9r\u00e9 jouer en haut du tableau. Ce qui d\u00e9finit le mieux l\u2019\u00e9tat d\u2019esprit du groupe, c\u2019est la solidarit\u00e9. C\u2019est comme si on partait ensemble \u00e0 la guerre, on a un combat qu\u2019on doit gagner&nbsp;pour sauver notre club.<br>Cette ann\u00e9e, \u00e7a n\u2019aura pas coll\u00e9 malheureusement et cela tombe l\u2019ann\u00e9e des 5 descentes.<\/p>\n\n\n\n<p><strong>Un mot pour tous les supporters qui vous suivent et vous soutiennent dans cette saison difficile&nbsp;?<\/strong><br>Le FCG doit garder son esprit de famille&nbsp;! Je tire mon chapeau \u00e0 tous ces supporters qui nous suivent et nous encouragent quel que soit le stade dans lequel nous sommes&nbsp;! Ils se d\u00e9placent pendant des heures pour nous soutenir. En tant que joueur, c\u2019est un vrai luxe d\u2019avoir un kop d\u2019ultras et des supporters que ce soit \u00e0 domicile ou \u00e0 l\u2019ext\u00e9rieur&nbsp;(surtout \u00e0 ce niveau). J\u2019esp\u00e8re que le club retrouvera son niveau d\u2019antan&nbsp;!<\/p>\n\n\n\n<p><strong>Le mot de la fin&nbsp;?<\/strong><br>Il ne faut pas perdre l\u2019esprit Forgeron en cette fin de saison&nbsp;! On l\u2019a un peu perdu au fil des ann\u00e9es mais il est bien revenu au cours de cette saison. C\u2019est notre force et c\u2019est ce qui p\u00e9rennisera le club&nbsp;! Nous allons tout donner samedi contre Pontarlier et pour le reste de la saison&nbsp;!<\/p>\n\n\n\n<p>Merci Franck !<\/p>\n\n\n\n<div style=\"height:100px\" aria-hidden=\"true\" class=\"wp-block-spacer\"><\/div>\n\n\n\n<hr class=\"wp-block-separator has-alpha-channel-opacity\"\/>\n\n\n\n<h3 class=\"wp-block-heading\">Retrouvez le Forgeron Mag #21 en int\u00e9gralit\u00e9<\/h3>\n\n\n\n<div class=\"wp-block-pdf-viewer-block-standard\" style=\"text-align:left\"><div class=\"uploaded-pdf\"><a href=\"https:\/\/www.fcgueugnon.fr\/site\/wp-content\/uploads\/2023\/04\/Forgeron-mag-FCG-vs-CAP-J21.pdf\" data-width=\"\" data-height=\"\"><\/a><\/div><\/div>\n\n\n\n<div class=\"wp-block-buttons is-layout-flex wp-block-buttons-is-layout-flex\">\n<div class=\"wp-block-button alignright is-style-circular\"><a class=\"wp-block-button__link wp-element-button\" href=\"https:\/\/www.fcgueugnon.fr\/site\/wp-content\/uploads\/2023\/04\/Forgeron-mag-FCG-vs-CAP-J21.pdf\">T\u00e9l\u00e9charger<\/a><\/div>\n<\/div>\n","protected":false},"excerpt":{"rendered":"<p>D\u00e9couvrez en int\u00e9gralit\u00e9 l&rsquo;entretien de Franck REVUELTA diffus\u00e9 \u00e0 l&rsquo;occasion de cette 21\u00e8me journ\u00e9e de championnat face au CA Pontarlier dans le Forgeron Mag du 15\/04\/23. Bonjour Franck, tu es \u00e0 Gueugnon depuis des ann\u00e9es maintenant, pour ceux qui ne te connaissent pas encore, peux-tu retracer ta carri\u00e8re jusqu\u2019\u00e0 maintenant&nbsp;?J\u2019ai commenc\u00e9 le foot \u00e0 l\u2019\u00e2ge &#8230; <\/p>\n<p class=\"read-more-container\"><a title=\"[Interview] Forgeron Mag #11 avec Franck REVUELTA\" class=\"read-more button\" href=\"https:\/\/www.fcgueugnon.fr\/site\/interview-forgeron-mag-11-avec-franck-revuelta\/4172#more-4172\" aria-label=\"Plus sur [Interview] Forgeron Mag #11 avec Franck REVUELTA\">Lire la suite<\/a><\/p>\n","protected":false},"author":2,"featured_media":4174,"comment_status":"closed","ping_status":"closed","sticky":false,"template":"","format":"standard","meta":{"footnotes":""},"categories":[5,4],"tags":[24,11],"class_list":["post-4172","post","type-post","status-publish","format-standard","has-post-thumbnail","hentry","category-news-2022-2023","category-news","tag-forgeron-mag","tag-interview","infinite-scroll-item","generate-columns","tablet-grid-50","mobile-grid-100","grid-parent","grid-25"],"yoast_head":"<!-- This site is optimized with the Yoast SEO plugin v26.6 - https:\/\/yoast.com\/wordpress\/plugins\/seo\/ -->\n<title>[Interview] Forgeron Mag #11 avec Franck REVUELTA &#8226; FOOTBALL CLUB GUEUGNON<\/title>\n<meta name=\"robots\" content=\"index, follow, max-snippet:-1, max-image-preview:large, max-video-preview:-1\" \/>\n<link rel=\"canonical\" href=\"https:\/\/www.fcgueugnon.fr\/site\/interview-forgeron-mag-11-avec-franck-revuelta\/4172\" \/>\n<meta property=\"og:locale\" content=\"fr_FR\" \/>\n<meta property=\"og:type\" content=\"article\" \/>\n<meta property=\"og:title\" content=\"[Interview] Forgeron Mag #11 avec Franck REVUELTA &#8226; FOOTBALL CLUB GUEUGNON\" \/>\n<meta property=\"og:description\" content=\"D\u00e9couvrez en int\u00e9gralit\u00e9 l&rsquo;entretien de Franck REVUELTA diffus\u00e9 \u00e0 l&rsquo;occasion de cette 21\u00e8me journ\u00e9e de championnat face au CA Pontarlier dans le Forgeron Mag du 15\/04\/23. Bonjour Franck, tu es \u00e0 Gueugnon depuis des ann\u00e9es maintenant, pour ceux qui ne te connaissent pas encore, peux-tu retracer ta carri\u00e8re jusqu\u2019\u00e0 maintenant&nbsp;?J\u2019ai commenc\u00e9 le foot \u00e0 l\u2019\u00e2ge ... Lire la suite\" \/>\n<meta property=\"og:url\" content=\"https:\/\/www.fcgueugnon.fr\/site\/interview-forgeron-mag-11-avec-franck-revuelta\/4172\" \/>\n<meta property=\"og:site_name\" content=\"FOOTBALL CLUB GUEUGNON\" \/>\n<meta property=\"article:publisher\" content=\"http:\/\/facebook.com\/FCGueugnon\" \/>\n<meta property=\"article:published_time\" content=\"2023-04-15T14:55:00+00:00\" \/>\n<meta property=\"article:modified_time\" content=\"2023-06-30T12:39:57+00:00\" \/>\n<meta property=\"og:image\" content=\"https:\/\/www.fcgueugnon.fr\/site\/wp-content\/uploads\/2023\/04\/franck-revuelta-scaled.jpg\" \/>\n\t<meta property=\"og:image:width\" content=\"2560\" \/>\n\t<meta property=\"og:image:height\" content=\"1707\" \/>\n\t<meta property=\"og:image:type\" content=\"image\/jpeg\" \/>\n<meta name=\"author\" content=\"FC Gueugnon\" \/>\n<meta name=\"twitter:card\" content=\"summary_large_image\" \/>\n<meta name=\"twitter:creator\" content=\"@FCGueugnon_off\" \/>\n<meta name=\"twitter:site\" content=\"@FCGueugnon_off\" \/>\n<meta name=\"twitter:label1\" content=\"\u00c9crit par\" \/>\n\t<meta name=\"twitter:data1\" content=\"FC Gueugnon\" \/>\n\t<meta name=\"twitter:label2\" content=\"Dur\u00e9e de lecture estim\u00e9e\" \/>\n\t<meta name=\"twitter:data2\" content=\"6 minutes\" \/>\n<script type=\"application\/ld+json\" class=\"yoast-schema-graph\">{\"@context\":\"https:\/\/schema.org\",\"@graph\":[{\"@type\":\"Article\",\"@id\":\"https:\/\/www.fcgueugnon.fr\/site\/interview-forgeron-mag-11-avec-franck-revuelta\/4172#article\",\"isPartOf\":{\"@id\":\"https:\/\/www.fcgueugnon.fr\/site\/interview-forgeron-mag-11-avec-franck-revuelta\/4172\"},\"author\":{\"name\":\"FC Gueugnon\",\"@id\":\"https:\/\/www.fcgueugnon.fr\/site\/#\/schema\/person\/d342d0c35e8e8f04740b9bdd734eeb20\"},\"headline\":\"[Interview] Forgeron Mag #11 avec Franck REVUELTA\",\"datePublished\":\"2023-04-15T14:55:00+00:00\",\"dateModified\":\"2023-06-30T12:39:57+00:00\",\"mainEntityOfPage\":{\"@id\":\"https:\/\/www.fcgueugnon.fr\/site\/interview-forgeron-mag-11-avec-franck-revuelta\/4172\"},\"wordCount\":1159,\"publisher\":{\"@id\":\"https:\/\/www.fcgueugnon.fr\/site\/#organization\"},\"image\":{\"@id\":\"https:\/\/www.fcgueugnon.fr\/site\/interview-forgeron-mag-11-avec-franck-revuelta\/4172#primaryimage\"},\"thumbnailUrl\":\"https:\/\/www.fcgueugnon.fr\/site\/wp-content\/uploads\/2023\/04\/franck-revuelta-scaled.jpg\",\"keywords\":[\"Forgeron Mag\",\"Interview\"],\"articleSection\":[\"Archives 2022\/2023\",\"News\"],\"inLanguage\":\"fr-FR\"},{\"@type\":\"WebPage\",\"@id\":\"https:\/\/www.fcgueugnon.fr\/site\/interview-forgeron-mag-11-avec-franck-revuelta\/4172\",\"url\":\"https:\/\/www.fcgueugnon.fr\/site\/interview-forgeron-mag-11-avec-franck-revuelta\/4172\",\"name\":\"[Interview] Forgeron Mag #11 avec Franck REVUELTA &#8226; FOOTBALL CLUB GUEUGNON\",\"isPartOf\":{\"@id\":\"https:\/\/www.fcgueugnon.fr\/site\/#website\"},\"primaryImageOfPage\":{\"@id\":\"https:\/\/www.fcgueugnon.fr\/site\/interview-forgeron-mag-11-avec-franck-revuelta\/4172#primaryimage\"},\"image\":{\"@id\":\"https:\/\/www.fcgueugnon.fr\/site\/interview-forgeron-mag-11-avec-franck-revuelta\/4172#primaryimage\"},\"thumbnailUrl\":\"https:\/\/www.fcgueugnon.fr\/site\/wp-content\/uploads\/2023\/04\/franck-revuelta-scaled.jpg\",\"datePublished\":\"2023-04-15T14:55:00+00:00\",\"dateModified\":\"2023-06-30T12:39:57+00:00\",\"breadcrumb\":{\"@id\":\"https:\/\/www.fcgueugnon.fr\/site\/interview-forgeron-mag-11-avec-franck-revuelta\/4172#breadcrumb\"},\"inLanguage\":\"fr-FR\",\"potentialAction\":[{\"@type\":\"ReadAction\",\"target\":[\"https:\/\/www.fcgueugnon.fr\/site\/interview-forgeron-mag-11-avec-franck-revuelta\/4172\"]}]},{\"@type\":\"ImageObject\",\"inLanguage\":\"fr-FR\",\"@id\":\"https:\/\/www.fcgueugnon.fr\/site\/interview-forgeron-mag-11-avec-franck-revuelta\/4172#primaryimage\",\"url\":\"https:\/\/www.fcgueugnon.fr\/site\/wp-content\/uploads\/2023\/04\/franck-revuelta-scaled.jpg\",\"contentUrl\":\"https:\/\/www.fcgueugnon.fr\/site\/wp-content\/uploads\/2023\/04\/franck-revuelta-scaled.jpg\",\"width\":2560,\"height\":1707},{\"@type\":\"BreadcrumbList\",\"@id\":\"https:\/\/www.fcgueugnon.fr\/site\/interview-forgeron-mag-11-avec-franck-revuelta\/4172#breadcrumb\",\"itemListElement\":[{\"@type\":\"ListItem\",\"position\":1,\"name\":\"Accueil\",\"item\":\"https:\/\/www.fcgueugnon.fr\/site\/\"},{\"@type\":\"ListItem\",\"position\":2,\"name\":\"[Interview] Forgeron Mag #11 avec Franck REVUELTA\"}]},{\"@type\":\"WebSite\",\"@id\":\"https:\/\/www.fcgueugnon.fr\/site\/#website\",\"url\":\"https:\/\/www.fcgueugnon.fr\/site\/\",\"name\":\"FOOTBALL CLUB GUEUGNON\",\"description\":\"Le Site Officiel des Forgerons\",\"publisher\":{\"@id\":\"https:\/\/www.fcgueugnon.fr\/site\/#organization\"},\"potentialAction\":[{\"@type\":\"SearchAction\",\"target\":{\"@type\":\"EntryPoint\",\"urlTemplate\":\"https:\/\/www.fcgueugnon.fr\/site\/?s={search_term_string}\"},\"query-input\":{\"@type\":\"PropertyValueSpecification\",\"valueRequired\":true,\"valueName\":\"search_term_string\"}}],\"inLanguage\":\"fr-FR\"},{\"@type\":\"Organization\",\"@id\":\"https:\/\/www.fcgueugnon.fr\/site\/#organization\",\"name\":\"FC Gueugnon\",\"url\":\"https:\/\/www.fcgueugnon.fr\/site\/\",\"logo\":{\"@type\":\"ImageObject\",\"inLanguage\":\"fr-FR\",\"@id\":\"https:\/\/www.fcgueugnon.fr\/site\/#\/schema\/logo\/image\/\",\"url\":\"https:\/\/www.fcgueugnon.fr\/site\/wp-content\/uploads\/2022\/07\/cropped-Logo-FCGUEUGNON-low-350x350-1.png\",\"contentUrl\":\"https:\/\/www.fcgueugnon.fr\/site\/wp-content\/uploads\/2022\/07\/cropped-Logo-FCGUEUGNON-low-350x350-1.png\",\"width\":350,\"height\":350,\"caption\":\"FC Gueugnon\"},\"image\":{\"@id\":\"https:\/\/www.fcgueugnon.fr\/site\/#\/schema\/logo\/image\/\"},\"sameAs\":[\"http:\/\/facebook.com\/FCGueugnon\",\"https:\/\/x.com\/FCGueugnon_off\",\"https:\/\/www.instagram.com\/fcgueugnon\/\",\"https:\/\/www.linkedin.com\/company\/football-club-de-gueugnon\/\",\"https:\/\/www.youtube.com\/user\/FCGueugnonnais\",\"https:\/\/fr.wikipedia.org\/wiki\/Football_Club_de_Gueugnon\"]},{\"@type\":\"Person\",\"@id\":\"https:\/\/www.fcgueugnon.fr\/site\/#\/schema\/person\/d342d0c35e8e8f04740b9bdd734eeb20\",\"name\":\"FC Gueugnon\",\"url\":\"https:\/\/www.fcgueugnon.fr\/site\/author\/s-rod\"}]}<\/script>\n<!-- \/ Yoast SEO plugin. -->","yoast_head_json":{"title":"[Interview] Forgeron Mag #11 avec Franck REVUELTA &#8226; FOOTBALL CLUB GUEUGNON","robots":{"index":"index","follow":"follow","max-snippet":"max-snippet:-1","max-image-preview":"max-image-preview:large","max-video-preview":"max-video-preview:-1"},"canonical":"https:\/\/www.fcgueugnon.fr\/site\/interview-forgeron-mag-11-avec-franck-revuelta\/4172","og_locale":"fr_FR","og_type":"article","og_title":"[Interview] Forgeron Mag #11 avec Franck REVUELTA &#8226; FOOTBALL CLUB GUEUGNON","og_description":"D\u00e9couvrez en int\u00e9gralit\u00e9 l&rsquo;entretien de Franck REVUELTA diffus\u00e9 \u00e0 l&rsquo;occasion de cette 21\u00e8me journ\u00e9e de championnat face au CA Pontarlier dans le Forgeron Mag du 15\/04\/23. Bonjour Franck, tu es \u00e0 Gueugnon depuis des ann\u00e9es maintenant, pour ceux qui ne te connaissent pas encore, peux-tu retracer ta carri\u00e8re jusqu\u2019\u00e0 maintenant&nbsp;?J\u2019ai commenc\u00e9 le foot \u00e0 l\u2019\u00e2ge ... Lire la suite","og_url":"https:\/\/www.fcgueugnon.fr\/site\/interview-forgeron-mag-11-avec-franck-revuelta\/4172","og_site_name":"FOOTBALL CLUB GUEUGNON","article_publisher":"http:\/\/facebook.com\/FCGueugnon","article_published_time":"2023-04-15T14:55:00+00:00","article_modified_time":"2023-06-30T12:39:57+00:00","og_image":[{"width":2560,"height":1707,"url":"https:\/\/www.fcgueugnon.fr\/site\/wp-content\/uploads\/2023\/04\/franck-revuelta-scaled.jpg","type":"image\/jpeg"}],"author":"FC Gueugnon","twitter_card":"summary_large_image","twitter_creator":"@FCGueugnon_off","twitter_site":"@FCGueugnon_off","twitter_misc":{"\u00c9crit par":"FC Gueugnon","Dur\u00e9e de lecture estim\u00e9e":"6 minutes"},"schema":{"@context":"https:\/\/schema.org","@graph":[{"@type":"Article","@id":"https:\/\/www.fcgueugnon.fr\/site\/interview-forgeron-mag-11-avec-franck-revuelta\/4172#article","isPartOf":{"@id":"https:\/\/www.fcgueugnon.fr\/site\/interview-forgeron-mag-11-avec-franck-revuelta\/4172"},"author":{"name":"FC Gueugnon","@id":"https:\/\/www.fcgueugnon.fr\/site\/#\/schema\/person\/d342d0c35e8e8f04740b9bdd734eeb20"},"headline":"[Interview] Forgeron Mag #11 avec Franck REVUELTA","datePublished":"2023-04-15T14:55:00+00:00","dateModified":"2023-06-30T12:39:57+00:00","mainEntityOfPage":{"@id":"https:\/\/www.fcgueugnon.fr\/site\/interview-forgeron-mag-11-avec-franck-revuelta\/4172"},"wordCount":1159,"publisher":{"@id":"https:\/\/www.fcgueugnon.fr\/site\/#organization"},"image":{"@id":"https:\/\/www.fcgueugnon.fr\/site\/interview-forgeron-mag-11-avec-franck-revuelta\/4172#primaryimage"},"thumbnailUrl":"https:\/\/www.fcgueugnon.fr\/site\/wp-content\/uploads\/2023\/04\/franck-revuelta-scaled.jpg","keywords":["Forgeron Mag","Interview"],"articleSection":["Archives 2022\/2023","News"],"inLanguage":"fr-FR"},{"@type":"WebPage","@id":"https:\/\/www.fcgueugnon.fr\/site\/interview-forgeron-mag-11-avec-franck-revuelta\/4172","url":"https:\/\/www.fcgueugnon.fr\/site\/interview-forgeron-mag-11-avec-franck-revuelta\/4172","name":"[Interview] Forgeron Mag #11 avec Franck REVUELTA &#8226; FOOTBALL CLUB GUEUGNON","isPartOf":{"@id":"https:\/\/www.fcgueugnon.fr\/site\/#website"},"primaryImageOfPage":{"@id":"https:\/\/www.fcgueugnon.fr\/site\/interview-forgeron-mag-11-avec-franck-revuelta\/4172#primaryimage"},"image":{"@id":"https:\/\/www.fcgueugnon.fr\/site\/interview-forgeron-mag-11-avec-franck-revuelta\/4172#primaryimage"},"thumbnailUrl":"https:\/\/www.fcgueugnon.fr\/site\/wp-content\/uploads\/2023\/04\/franck-revuelta-scaled.jpg","datePublished":"2023-04-15T14:55:00+00:00","dateModified":"2023-06-30T12:39:57+00:00","breadcrumb":{"@id":"https:\/\/www.fcgueugnon.fr\/site\/interview-forgeron-mag-11-avec-franck-revuelta\/4172#breadcrumb"},"inLanguage":"fr-FR","potentialAction":[{"@type":"ReadAction","target":["https:\/\/www.fcgueugnon.fr\/site\/interview-forgeron-mag-11-avec-franck-revuelta\/4172"]}]},{"@type":"ImageObject","inLanguage":"fr-FR","@id":"https:\/\/www.fcgueugnon.fr\/site\/interview-forgeron-mag-11-avec-franck-revuelta\/4172#primaryimage","url":"https:\/\/www.fcgueugnon.fr\/site\/wp-content\/uploads\/2023\/04\/franck-revuelta-scaled.jpg","contentUrl":"https:\/\/www.fcgueugnon.fr\/site\/wp-content\/uploads\/2023\/04\/franck-revuelta-scaled.jpg","width":2560,"height":1707},{"@type":"BreadcrumbList","@id":"https:\/\/www.fcgueugnon.fr\/site\/interview-forgeron-mag-11-avec-franck-revuelta\/4172#breadcrumb","itemListElement":[{"@type":"ListItem","position":1,"name":"Accueil","item":"https:\/\/www.fcgueugnon.fr\/site\/"},{"@type":"ListItem","position":2,"name":"[Interview] Forgeron Mag #11 avec Franck REVUELTA"}]},{"@type":"WebSite","@id":"https:\/\/www.fcgueugnon.fr\/site\/#website","url":"https:\/\/www.fcgueugnon.fr\/site\/","name":"FOOTBALL CLUB GUEUGNON","description":"Le Site Officiel des Forgerons","publisher":{"@id":"https:\/\/www.fcgueugnon.fr\/site\/#organization"},"potentialAction":[{"@type":"SearchAction","target":{"@type":"EntryPoint","urlTemplate":"https:\/\/www.fcgueugnon.fr\/site\/?s={search_term_string}"},"query-input":{"@type":"PropertyValueSpecification","valueRequired":true,"valueName":"search_term_string"}}],"inLanguage":"fr-FR"},{"@type":"Organization","@id":"https:\/\/www.fcgueugnon.fr\/site\/#organization","name":"FC Gueugnon","url":"https:\/\/www.fcgueugnon.fr\/site\/","logo":{"@type":"ImageObject","inLanguage":"fr-FR","@id":"https:\/\/www.fcgueugnon.fr\/site\/#\/schema\/logo\/image\/","url":"https:\/\/www.fcgueugnon.fr\/site\/wp-content\/uploads\/2022\/07\/cropped-Logo-FCGUEUGNON-low-350x350-1.png","contentUrl":"https:\/\/www.fcgueugnon.fr\/site\/wp-content\/uploads\/2022\/07\/cropped-Logo-FCGUEUGNON-low-350x350-1.png","width":350,"height":350,"caption":"FC Gueugnon"},"image":{"@id":"https:\/\/www.fcgueugnon.fr\/site\/#\/schema\/logo\/image\/"},"sameAs":["http:\/\/facebook.com\/FCGueugnon","https:\/\/x.com\/FCGueugnon_off","https:\/\/www.instagram.com\/fcgueugnon\/","https:\/\/www.linkedin.com\/company\/football-club-de-gueugnon\/","https:\/\/www.youtube.com\/user\/FCGueugnonnais","https:\/\/fr.wikipedia.org\/wiki\/Football_Club_de_Gueugnon"]},{"@type":"Person","@id":"https:\/\/www.fcgueugnon.fr\/site\/#\/schema\/person\/d342d0c35e8e8f04740b9bdd734eeb20","name":"FC Gueugnon","url":"https:\/\/www.fcgueugnon.fr\/site\/author\/s-rod"}]}},"rttpg_featured_image_url":{"full":["https:\/\/www.fcgueugnon.fr\/site\/wp-content\/uploads\/2023\/04\/franck-revuelta-scaled.jpg",2560,1707,false],"landscape":["https:\/\/www.fcgueugnon.fr\/site\/wp-content\/uploads\/2023\/04\/franck-revuelta-scaled.jpg",2560,1707,false],"portraits":["https:\/\/www.fcgueugnon.fr\/site\/wp-content\/uploads\/2023\/04\/franck-revuelta-scaled.jpg",2560,1707,false],"thumbnail":["https:\/\/www.fcgueugnon.fr\/site\/wp-content\/uploads\/2023\/04\/franck-revuelta-150x150.jpg",150,150,true],"medium":["https:\/\/www.fcgueugnon.fr\/site\/wp-content\/uploads\/2023\/04\/franck-revuelta-400x267.jpg",400,267,true],"large":["https:\/\/www.fcgueugnon.fr\/site\/wp-content\/uploads\/2023\/04\/franck-revuelta-1024x683.jpg",1024,683,true],"1536x1536":["https:\/\/www.fcgueugnon.fr\/site\/wp-content\/uploads\/2023\/04\/franck-revuelta-1536x1024.jpg",1536,1024,true],"2048x2048":["https:\/\/www.fcgueugnon.fr\/site\/wp-content\/uploads\/2023\/04\/franck-revuelta-2048x1365.jpg",2048,1365,true]},"rttpg_author":{"display_name":"FC Gueugnon","author_link":"https:\/\/www.fcgueugnon.fr\/site\/author\/s-rod"},"rttpg_comment":0,"rttpg_category":"<a href=\"https:\/\/www.fcgueugnon.fr\/site\/category\/news\/news-2022-2023\" rel=\"category tag\">Archives 2022\/2023<\/a> <a href=\"https:\/\/www.fcgueugnon.fr\/site\/category\/news\" rel=\"category tag\">News<\/a>","rttpg_excerpt":"D\u00e9couvrez en int\u00e9gralit\u00e9 l&rsquo;entretien de Franck REVUELTA diffus\u00e9 \u00e0 l&rsquo;occasion de cette 21\u00e8me journ\u00e9e de championnat face au CA Pontarlier dans le Forgeron Mag du 15\/04\/23. Bonjour Franck, tu es \u00e0 Gueugnon depuis des ann\u00e9es maintenant, pour ceux qui ne te connaissent pas encore, peux-tu retracer ta carri\u00e8re jusqu\u2019\u00e0 maintenant&nbsp;?J\u2019ai commenc\u00e9 le foot \u00e0 l\u2019\u00e2ge\u2026","_links":{"self":[{"href":"https:\/\/www.fcgueugnon.fr\/site\/wp-json\/wp\/v2\/posts\/4172","targetHints":{"allow":["GET"]}}],"collection":[{"href":"https:\/\/www.fcgueugnon.fr\/site\/wp-json\/wp\/v2\/posts"}],"about":[{"href":"https:\/\/www.fcgueugnon.fr\/site\/wp-json\/wp\/v2\/types\/post"}],"author":[{"embeddable":true,"href":"https:\/\/www.fcgueugnon.fr\/site\/wp-json\/wp\/v2\/users\/2"}],"replies":[{"embeddable":true,"href":"https:\/\/www.fcgueugnon.fr\/site\/wp-json\/wp\/v2\/comments?post=4172"}],"version-history":[{"count":2,"href":"https:\/\/www.fcgueugnon.fr\/site\/wp-json\/wp\/v2\/posts\/4172\/revisions"}],"predecessor-version":[{"id":5293,"href":"https:\/\/www.fcgueugnon.fr\/site\/wp-json\/wp\/v2\/posts\/4172\/revisions\/5293"}],"wp:featuredmedia":[{"embeddable":true,"href":"https:\/\/www.fcgueugnon.fr\/site\/wp-json\/wp\/v2\/media\/4174"}],"wp:attachment":[{"href":"https:\/\/www.fcgueugnon.fr\/site\/wp-json\/wp\/v2\/media?parent=4172"}],"wp:term":[{"taxonomy":"category","embeddable":true,"href":"https:\/\/www.fcgueugnon.fr\/site\/wp-json\/wp\/v2\/categories?post=4172"},{"taxonomy":"post_tag","embeddable":true,"href":"https:\/\/www.fcgueugnon.fr\/site\/wp-json\/wp\/v2\/tags?post=4172"}],"curies":[{"name":"wp","href":"https:\/\/api.w.org\/{rel}","templated":true}]}}