{"id":4139,"date":"2023-04-14T09:43:13","date_gmt":"2023-04-14T07:43:13","guid":{"rendered":"https:\/\/www.fcgueugnon.fr\/site\/?p=4139"},"modified":"2024-10-07T11:20:13","modified_gmt":"2024-10-07T09:20:13","slug":"n3-j21-fc-gueugnon-ca-pontarlier-face-au-leader-a-jean-laville","status":"publish","type":"post","link":"https:\/\/www.fcgueugnon.fr\/site\/n3-j21-fc-gueugnon-ca-pontarlier-face-au-leader-a-jean-laville\/4139","title":{"rendered":"[N3 J21 : FC Gueugnon \u2013 CA Pontarlier] Face au leader \u00e0 Jean Laville !"},"content":{"rendered":"\n<h2 class=\"wp-block-heading\">A 6 journ\u00e9es d&rsquo;une fin de championnat haletante, Gueugnon est de retour au stade Jean Laville avec un morceau de choix !<\/h2>\n\n\n\n<div style=\"height:70px\" aria-hidden=\"true\" class=\"wp-block-spacer\"><\/div>\n\n\n\n<div class=\"wp-block-getwid-image-box getwid-animation has-text-center has-mobile-layout-default has-mobile-alignment-center\" data-animation=\"zoomSmall\"><div class=\"wp-block-getwid-image-box__image-container is-position-top\"><div class=\"wp-block-getwid-image-box__image-wrapper\"><img loading=\"lazy\" decoding=\"async\" width=\"724\" height=\"1024\" src=\"https:\/\/www.fcgueugnon.fr\/site\/wp-content\/uploads\/2023\/04\/affiche-fc-gueugnon-ca-pontarlier-724x1024.jpg\" alt=\"\" class=\"wp-block-getwid-image-box__image wp-image-4141\" srcset=\"https:\/\/www.fcgueugnon.fr\/site\/wp-content\/uploads\/2023\/04\/affiche-fc-gueugnon-ca-pontarlier-724x1024.jpg 724w, https:\/\/www.fcgueugnon.fr\/site\/wp-content\/uploads\/2023\/04\/affiche-fc-gueugnon-ca-pontarlier-283x400.jpg 283w, https:\/\/www.fcgueugnon.fr\/site\/wp-content\/uploads\/2023\/04\/affiche-fc-gueugnon-ca-pontarlier-768x1086.jpg 768w, https:\/\/www.fcgueugnon.fr\/site\/wp-content\/uploads\/2023\/04\/affiche-fc-gueugnon-ca-pontarlier-1086x1536.jpg 1086w, https:\/\/www.fcgueugnon.fr\/site\/wp-content\/uploads\/2023\/04\/affiche-fc-gueugnon-ca-pontarlier-1320x1867.jpg 1320w, https:\/\/www.fcgueugnon.fr\/site\/wp-content\/uploads\/2023\/04\/affiche-fc-gueugnon-ca-pontarlier-600x849.jpg 600w, https:\/\/www.fcgueugnon.fr\/site\/wp-content\/uploads\/2023\/04\/affiche-fc-gueugnon-ca-pontarlier.jpg 1448w\" sizes=\"auto, (max-width: 724px) 100vw, 724px\" \/><\/div><\/div><div class=\"wp-block-getwid-image-box__content\">\n<h3 class=\"wp-block-heading\"><\/h3>\n\n\n\n<p><\/p>\n<\/div><\/div>\n\n\n\n<div style=\"height:70px\" aria-hidden=\"true\" class=\"wp-block-spacer\"><\/div>\n\n\n\n<h3 class=\"wp-block-heading\">\ud83c\udd9a <em><strong>L&rsquo;adversaire <\/strong><\/em><\/h3>\n\n\n\n<p>Cette saison, le <strong>CA Pontarlier <\/strong>caracole en t\u00eate ! En s&rsquo;appuyant sur la voie de l\u2019exp\u00e9rience, les pontissaliens ont su prendre les commandes de ce championnat depuis la 5<sup>e<\/sup> journ\u00e9e et ne plus la quitter depuis&#8230; <\/p>\n\n\n\n<p>M\u00eame si l&rsquo;\u00e9quipe a connu son coup de mou fin janvier en conc\u00e9dant quelques premi\u00e8res d\u00e9faites face \u00e0<strong> Saint-Apollinaire, Cosne et Dijon B <\/strong>ou un nul \u00e0 <strong>Montceau<\/strong>, <strong>Pontarlier <\/strong>a su reprendre un second souffle en s&rsquo;imposant par 2 fois, dont une victoire face \u00e0 <strong>Dole <\/strong>(3e) avant de p\u00e9ricliter le week-end dernier en match en retard face \u00e0 l&rsquo;ogre <strong>m\u00e2connais <\/strong>actuellement dauphin \u00e0 3 points (4-0) ! <\/p>\n\n\n\n<p>9e la saison pass\u00e9e avec 32pts, une ultime place synonyme de maintien cette saison avec la refonte des championnats, les hommes de <strong>Jean-Luc Courtet <\/strong>restent favoris pour la mont\u00e9e et se prennent au jeu comme le d\u00e9taillait le coach dans les colonnes de l&rsquo;Est R\u00e9publicain : \u00ab&nbsp;<em>Le but maintenant, c\u2019est 55 points. On n\u2019a pas \u00e0 regarder les autres<\/em>&nbsp;\u00bb.<\/p>\n\n\n\n<p>A Jean Laville, <strong>Pontarlier <\/strong>voudra se remettre dans le droit chemin vers cet objectif final !<\/p>\n\n\n\n<p><em>Site internet de CA Pontarlier : <a href=\"https:\/\/capontarlierfoot.com\/\" target=\"_blank\" rel=\"noreferrer noopener\">www.capontarlierfoot.com<\/a><\/em><\/p>\n\n\n\n<div style=\"height:70px\" aria-hidden=\"true\" class=\"wp-block-spacer\"><\/div>\n\n\n\n<h3 class=\"wp-block-heading\">\ud83d\udce3 <em><strong>La d\u00e9cla&rsquo;<\/strong><\/em><\/h3>\n\n\n\n<blockquote class=\"wp-block-quote is-style-default is-layout-flow wp-block-quote-is-layout-flow\">\n<p class=\"has-x-large-font-size\"><em>\u00ab Il ne faut pas que l\u2019on perde l\u2019esprit forgeron. C&rsquo;est ce qui faisait notre force par le pass\u00e9&#8230; Nous en aurons besoin d\u00e8s ce samedi contre Pontarlier.&nbsp;\u00bb<\/em><\/p>\n<cite><strong><em>Philippe CORREIA <\/em><\/strong><em>(entraineur)<\/em><\/cite><\/blockquote>\n\n\n\n<div style=\"height:70px\" aria-hidden=\"true\" class=\"wp-block-spacer\"><\/div>\n\n\n\n<h3 class=\"wp-block-heading\">\ud83d\udfe1\ud83d\udd35 <em><strong>Le FC Gueugnon<\/strong><\/em><\/h3>\n\n\n\n<p class=\"has-text-align-left\">Des forgerons en mode commando ? <em>C<\/em>\u2019est en tout cas les espoirs de tout un club et de tous les supporters jaunes et bleus en cette fin de saison. <\/p>\n\n\n\n<p class=\"has-text-align-left\">Car le FCG doit aussi composer avec les nombreuses absences en d\u00e9fense centrale tel que <strong>Basile Delclaux, Hugo Ketterle, Charles Houla <\/strong>ou encore <strong>Th\u00e9o Gab\u00e9<\/strong> ou <strong>Jean-Pierre Mendy<\/strong>&#8230; Voil\u00e0 de quoi encore compliquer une t\u00e2che d\u00e9j\u00e0 d\u00e9licate mais qui peut se simplifier si les joueurs abordent les matchs sans complexe dans un esprit \u00ab\u00a0coupe\u00a0\u00bb. <\/p>\n\n\n\n<p class=\"has-text-align-left\">Si certains commencent \u00e0 sortir les calculatrices pour les 6 derni\u00e8res rencontres et \u00e0 regarder cette 9e place salvatrice estim\u00e9e \u00e0 33 points o\u00f9 il manquerait au moins 10 unit\u00e9s sur les 18 restantes&#8230; Ou d&rsquo;autres \u00e0 comparer les calendriers, ces hypoth\u00e8ses restent soumises \u00e0 un \u00e9tat d&rsquo;esprit solidaire et combattif sur le terrain avec de l&rsquo;efficacit\u00e9 d\u00e9fensive et offensive. <\/p>\n\n\n\n<p>Un duel \u00e0 Jean Laville pour une qu\u00eate de points d\u00e9terminantes en cette fin de saison&#8230;<\/p>\n\n\n\n<div style=\"height:70px\" aria-hidden=\"true\" class=\"wp-block-spacer\"><\/div>\n\n\n\n<h3 class=\"wp-block-heading\"><em>\ud83e\udd1d <strong>Partenaire du match<\/strong> : <\/em><a href=\"https:\/\/www.fcgueugnon.fr\/site\/n3-j21-fc-gueugnon-ca-pontarlier-formapi-partenaire-de-la-rencontre\/4154\"><em>Formapi<\/em><\/a><\/h3>\n\n\n\n<div class=\"wp-block-getwid-image-box getwid-animation has-text-center has-mobile-layout-default has-mobile-alignment-default\" data-animation=\"zoomSmall\"><div class=\"wp-block-getwid-image-box__image-container is-position-top\"><a href=\"https:\/\/www.fcgueugnon.fr\/site\/n3-j18-fc-gueugnon-besancon-foot-ecouter-voir-partenaire-de-la-rencontre\/3785\" class=\"wp-block-getwid-image-box__image-wrapper\"><img loading=\"lazy\" decoding=\"async\" width=\"1024\" height=\"576\" src=\"https:\/\/www.fcgueugnon.fr\/site\/wp-content\/uploads\/2023\/04\/PARTENAIRE-DU-MATCH-FORMAPI-1-1024x576.png\" alt=\"\" class=\"wp-block-getwid-image-box__image wp-image-4162\" srcset=\"https:\/\/www.fcgueugnon.fr\/site\/wp-content\/uploads\/2023\/04\/PARTENAIRE-DU-MATCH-FORMAPI-1-1024x576.png 1024w, https:\/\/www.fcgueugnon.fr\/site\/wp-content\/uploads\/2023\/04\/PARTENAIRE-DU-MATCH-FORMAPI-1-400x225.png 400w, https:\/\/www.fcgueugnon.fr\/site\/wp-content\/uploads\/2023\/04\/PARTENAIRE-DU-MATCH-FORMAPI-1-768x432.png 768w, https:\/\/www.fcgueugnon.fr\/site\/wp-content\/uploads\/2023\/04\/PARTENAIRE-DU-MATCH-FORMAPI-1-1536x864.png 1536w, https:\/\/www.fcgueugnon.fr\/site\/wp-content\/uploads\/2023\/04\/PARTENAIRE-DU-MATCH-FORMAPI-1-1320x743.png 1320w, https:\/\/www.fcgueugnon.fr\/site\/wp-content\/uploads\/2023\/04\/PARTENAIRE-DU-MATCH-FORMAPI-1-600x338.png 600w, https:\/\/www.fcgueugnon.fr\/site\/wp-content\/uploads\/2023\/04\/PARTENAIRE-DU-MATCH-FORMAPI-1.png 1920w\" sizes=\"auto, (max-width: 1024px) 100vw, 1024px\" \/><\/a><\/div><div class=\"wp-block-getwid-image-box__content\">\n<h3 class=\"wp-block-heading\"><em><a href=\"https:\/\/www.fcgueugnon.fr\/site\/n3-j21-fc-gueugnon-ca-pontarlier-formapi-partenaire-de-la-rencontre\/4154\" target=\"_blank\" rel=\"noreferrer noopener\">[N3 J21 : FC Gueugnon \u2013 CA Pontarlier] Formapi, partenaire de la rencontre<\/a><\/em><\/h3>\n\n\n\n<p><\/p>\n<\/div><\/div>\n\n\n\n<div style=\"height:70px\" aria-hidden=\"true\" class=\"wp-block-spacer\"><\/div>\n\n\n\n<hr class=\"wp-block-separator has-text-color has-css-opacity has-background is-style-default\" style=\"background-color:#f7db4a;color:#f7db4a\"\/>\n\n\n\n<h3 class=\"wp-block-heading\">\ud83d\udccd <strong><em>Les infos pratiques<\/em><\/strong><\/h3>\n\n\n\n<h2 class=\"wp-block-heading\">Billetterie<\/h2>\n\n\n\n<div class=\"wp-block-media-text alignwide is-stacked-on-mobile is-vertically-aligned-center is-style-default\" style=\"grid-template-columns:49% auto\"><figure class=\"wp-block-media-text__media\"><img loading=\"lazy\" decoding=\"async\" width=\"1024\" height=\"768\" src=\"https:\/\/www.fcgueugnon.fr\/site\/wp-content\/uploads\/2022\/08\/entree-billetterie-stade-jean-laville-sous-la-tribune-ouest-1024x768.jpg\" alt=\"\" class=\"wp-image-951 size-full\" srcset=\"https:\/\/www.fcgueugnon.fr\/site\/wp-content\/uploads\/2022\/08\/entree-billetterie-stade-jean-laville-sous-la-tribune-ouest-1024x768.jpg 1024w, https:\/\/www.fcgueugnon.fr\/site\/wp-content\/uploads\/2022\/08\/entree-billetterie-stade-jean-laville-sous-la-tribune-ouest-400x300.jpg 400w, https:\/\/www.fcgueugnon.fr\/site\/wp-content\/uploads\/2022\/08\/entree-billetterie-stade-jean-laville-sous-la-tribune-ouest-768x576.jpg 768w, https:\/\/www.fcgueugnon.fr\/site\/wp-content\/uploads\/2022\/08\/entree-billetterie-stade-jean-laville-sous-la-tribune-ouest-1536x1152.jpg 1536w, https:\/\/www.fcgueugnon.fr\/site\/wp-content\/uploads\/2022\/08\/entree-billetterie-stade-jean-laville-sous-la-tribune-ouest-2048x1536.jpg 2048w, https:\/\/www.fcgueugnon.fr\/site\/wp-content\/uploads\/2022\/08\/entree-billetterie-stade-jean-laville-sous-la-tribune-ouest-1320x990.jpg 1320w\" sizes=\"auto, (max-width: 1024px) 100vw, 1024px\" \/><\/figure><div class=\"wp-block-media-text__content\">\n<p><br><em>Rendez-vous sous la<strong> tribune Ouest <\/strong>pour acc\u00e9der au guichet Billetterie puis dans l&rsquo;angle des tribunes Nord et Ouest (c\u00f4t\u00e9 piscine) pour acc\u00e9der au stade.<\/em><\/p>\n<\/div><\/div>\n\n\n\n<div class=\"wp-block-media-text alignwide has-media-on-the-right is-stacked-on-mobile is-vertically-aligned-center is-style-default\" style=\"grid-template-columns:auto 49%\"><div class=\"wp-block-media-text__content\">\n<h2 class=\"wp-block-heading\">Tarifs<\/h2>\n\n\n\n<ul class=\"wp-block-list\">\n<li>Ce samedi \u00e0 Gueugnon, le Football F\u00e9minin est \u00e0 l&rsquo;honneur ! <img loading=\"lazy\" decoding=\"async\" src=\"https:\/\/static.xx.fbcdn.net\/images\/emoji.php\/v9\/te9\/1\/16\/2640.png\" alt=\"\u2640\" width=\"16\" height=\"16\">\n<ul class=\"wp-block-list\">\n<li>14:30 | Plateau U6F \u00e0 U11F (VF) et r\u00e9union d&rsquo;information en pr\u00e9sence des \u00ab r\u00e9f\u00e9rents football f\u00e9minin \u00bb (Jean Laville) organis\u00e9s par le District de Football Sa\u00f4ne et Loire.<\/li>\n\n\n\n<li>17:00 | Remise du label \u00c9cole F\u00e9minine de Football.<\/li>\n\n\n\n<li><strong>18:00 | FC Gueugnon &#8211; CA Pontarlier : entr\u00e9e gratuite pour toutes les femmes.<\/strong><\/li>\n<\/ul>\n<\/li>\n<\/ul>\n\n\n\n<p><\/p>\n\n\n\n<ul class=\"wp-block-list\">\n<li><strong><span style=\"text-decoration: underline;\">Gratuits<\/span><\/strong> : licenci\u00e9s FC Gueugnon, &#8211; 16ans (sur pr\u00e9sentation d\u2019un justificatif ou carte), femmes<\/li>\n\n\n\n<li><strong><span style=\"text-decoration: underline;\">Tarif r\u00e9duit<\/span> : 4\u20ac<\/strong> \u2013 \u00c9tudiants, Demandeurs d\u2019emploi (sur pr\u00e9sentation d\u2019un justificatif ou carte)<\/li>\n\n\n\n<li><strong><span style=\"text-decoration: underline;\">Plein-tarif<\/span> : 7\u20ac<\/strong><\/li>\n<\/ul>\n\n\n\n<div style=\"height:10px\" aria-hidden=\"true\" class=\"wp-block-spacer\"><\/div>\n\n\n\n<p><\/p>\n<\/div><figure class=\"wp-block-media-text__media\"><img loading=\"lazy\" decoding=\"async\" width=\"1024\" height=\"768\" src=\"https:\/\/www.fcgueugnon.fr\/site\/wp-content\/uploads\/2022\/07\/billetterie-sous-la-tribune-ouest-d-FCGueugnon-a-Jean-Laville-1024x768.jpg\" alt=\"\" class=\"wp-image-63 size-full\" srcset=\"https:\/\/www.fcgueugnon.fr\/site\/wp-content\/uploads\/2022\/07\/billetterie-sous-la-tribune-ouest-d-FCGueugnon-a-Jean-Laville-1024x768.jpg 1024w, https:\/\/www.fcgueugnon.fr\/site\/wp-content\/uploads\/2022\/07\/billetterie-sous-la-tribune-ouest-d-FCGueugnon-a-Jean-Laville-400x300.jpg 400w, https:\/\/www.fcgueugnon.fr\/site\/wp-content\/uploads\/2022\/07\/billetterie-sous-la-tribune-ouest-d-FCGueugnon-a-Jean-Laville-768x576.jpg 768w, https:\/\/www.fcgueugnon.fr\/site\/wp-content\/uploads\/2022\/07\/billetterie-sous-la-tribune-ouest-d-FCGueugnon-a-Jean-Laville-1536x1152.jpg 1536w, https:\/\/www.fcgueugnon.fr\/site\/wp-content\/uploads\/2022\/07\/billetterie-sous-la-tribune-ouest-d-FCGueugnon-a-Jean-Laville-2048x1536.jpg 2048w\" sizes=\"auto, (max-width: 1024px) 100vw, 1024px\" \/><\/figure><\/div>\n\n\n\n<div class=\"wp-block-media-text alignwide is-stacked-on-mobile is-vertically-aligned-center is-style-default\" style=\"grid-template-columns:49% auto\"><figure class=\"wp-block-media-text__media\"><img loading=\"lazy\" decoding=\"async\" width=\"1024\" height=\"538\" src=\"https:\/\/www.fcgueugnon.fr\/site\/wp-content\/uploads\/2022\/08\/post-facebook-FCG-1024x538.png\" alt=\"\" class=\"wp-image-930 size-full\" srcset=\"https:\/\/www.fcgueugnon.fr\/site\/wp-content\/uploads\/2022\/08\/post-facebook-FCG-1024x538.png 1024w, https:\/\/www.fcgueugnon.fr\/site\/wp-content\/uploads\/2022\/08\/post-facebook-FCG-400x210.png 400w, https:\/\/www.fcgueugnon.fr\/site\/wp-content\/uploads\/2022\/08\/post-facebook-FCG-768x403.png 768w, https:\/\/www.fcgueugnon.fr\/site\/wp-content\/uploads\/2022\/08\/post-facebook-FCG.png 1200w\" sizes=\"auto, (max-width: 1024px) 100vw, 1024px\" \/><\/figure><div class=\"wp-block-media-text__content\">\n<h2 class=\"wp-block-heading\">C&rsquo;est en covoiturant qu&rsquo;on devient Forgeron ! <\/h2>\n\n\n\n<div style=\"height:10px\" aria-hidden=\"true\" class=\"wp-block-spacer\"><\/div>\n\n\n\n<p><strong>Rendez-vous sur l&rsquo;application et le site internet de StadiumGO pour proposer et trouver votre trajet pour vous rendre \u00e0 Gueugnon !<\/strong><\/p>\n\n\n\n<div class=\"wp-block-buttons is-layout-flex wp-block-buttons-is-layout-flex\">\n<div class=\"wp-block-button aligncenter is-style-circular\"><a class=\"wp-block-button__link wp-element-button\" href=\"https:\/\/www.stadiumgo.fr\/liste-matchs?search=1&amp;club=gueugnon&amp;league=\">StadiumGO<\/a><\/div>\n<\/div>\n<\/div><\/div>\n\n\n\n<div style=\"height:10px\" aria-hidden=\"true\" class=\"wp-block-spacer\"><\/div>\n\n\n\n<div style=\"height:25px\" aria-hidden=\"true\" class=\"wp-block-spacer\"><\/div>\n\n\n\n<p>\u2139\ufe0f <em><a href=\"https:\/\/www.fcgueugnon.fr\/site\/infos-pratiques\" target=\"_blank\" rel=\"noreferrer noopener\"><span style=\"text-decoration: underline;\">Acc\u00e8s au stade, buvette, PMR&#8230; Toutes les infos pratiques sur ce lien<\/span><\/a><\/em><\/p>\n\n\n\n<div style=\"height:70px\" aria-hidden=\"true\" class=\"wp-block-spacer\"><\/div>\n\n\n\n<hr class=\"wp-block-separator has-text-color has-css-opacity has-background is-style-default\" style=\"background-color:#f7db4a;color:#f7db4a\"\/>\n\n\n\n<h3 class=\"wp-block-heading\">\u26bd <strong><em>La fiche<\/em><\/strong><\/h3>\n\n\n\n<h4 class=\"wp-block-heading\"><b>NIVEAU NATIONAL : F\u00c9D\u00c9RATION&nbsp;FRAN\u00c7AISE&nbsp;DE FOOTBALL<\/b><br><strong><b>NATIONAL 3 &#8211; J<\/b>21<\/strong><br>Samedi 15 Avril 2022 &#8211; 18H00<br>FC GUEUGNON \/ CA PONTARLIER<\/h4>\n\n\n\n<p><strong>TERRAIN<\/strong><br>Stade Jean Laville<br>Rue Roger Couderc<br>71130 Gueugnon<\/p>\n\n\n\n<p><strong>SURFACE DE JEU<\/strong><br>Pelouse naturelle<\/p>\n\n\n\n<p><strong>OFFICIELS<\/strong><br>Arbitre centre : ALEXIS GUILLON<br>Arbitre assistant 1 : MATHIAS DONAT<br>Arbitre assistant 2 : TIMOTHE BAUDOT<br>D\u00e9l\u00e9gu\u00e9 principal : FLORENCE VIE<br>D\u00e9l\u00e9gu\u00e9 accompagnateur : FRANCK MOSCATO<\/p>\n\n\n\n<div style=\"height:50px\" aria-hidden=\"true\" class=\"wp-block-spacer\"><\/div>\n\n\n\n<h3 class=\"wp-block-heading\"><strong>Groupe<\/strong><\/h3>\n\n\n\n<figure class=\"wp-block-embed is-type-rich is-provider-twitter wp-block-embed-twitter\"><div class=\"wp-block-embed__wrapper\">\n<blockquote class=\"twitter-tweet\" data-width=\"550\" data-dnt=\"true\"><p lang=\"fr\" dir=\"ltr\">\ud83d\udfe1 \ud835\udde1\ud835\udfef \ud835\udddd\ud835\udfee\ud835\udfed | \ud835\uddd9\ud835\uddd6 \ud835\uddda\ud835\udde8\ud835\uddd8\ud835\udde8\ud835\uddda\ud835\udde1\ud835\udde2\ud835\udde1 &#8211; \ud835\uddd6\ud835\uddd4 \ud835\udde3\ud835\udde2\ud835\udde1\ud835\udde7\ud835\uddd4\ud835\udde5\ud835\udddf\ud835\udddc\ud835\uddd8\ud835\udde5 \ud83d\udd35 <br> <br>\ud83d\udc65 Le groupe forgeron pour cette 21\u00e8me journ\u00e9e : Njock, Lamonge, Mohamed, Helal, Chauvet, Soulier, Mustivar, Diallo, Fa. Revuelta, Benameur, Dram\u00e9, Luanda, Mbock, Bouekou, Fr. Revuelta, Rollin. <a href=\"https:\/\/t.co\/deTLEvyFwd\">pic.twitter.com\/deTLEvyFwd<\/a><\/p>&mdash; FC Gueugnon (@FCGueugnon_Off) <a href=\"https:\/\/twitter.com\/FCGueugnon_Off\/status\/1646936606706630656?ref_src=twsrc%5Etfw\">April 14, 2023<\/a><\/blockquote><script async src=\"https:\/\/platform.twitter.com\/widgets.js\" charset=\"utf-8\"><\/script>\n<\/div><\/figure>\n\n\n\n<div style=\"height:50px\" aria-hidden=\"true\" class=\"wp-block-spacer\"><\/div>\n\n\n\n<h3 class=\"wp-block-heading\">\ud83d\uddd3 <strong>La 18e journ\u00e9e de National 3<\/strong><\/h3>\n\n\n\n<p>Samedi 15 Avril<br>18:00 : Besan\u00e7on Foot &#8211; AS Quetigny<br>18:00 : Jura Dolois &#8211; Saint Apollinaire <br>18:00 : FC Gueugnon &#8211; CA Pontarlier <br>18:00 : Is-Selongey &#8211; Sochaux-Montb\u00e9liard B<br>18:00 : FC Grandvillars &#8211; UF M\u00e2con<br>18:00 : Montceau &#8211; UCS Cosne<\/p>\n\n\n\n<p>Dimanche 16 Avril<br>15:00 : Dijon FCO B &#8211; Morteau-Montlebon<br><\/p>\n\n\n\n<div style=\"height:100px\" aria-hidden=\"true\" class=\"wp-block-spacer\"><\/div>\n","protected":false},"excerpt":{"rendered":"<p>A 6 journ\u00e9es d&rsquo;une fin de championnat haletante, Gueugnon est de retour au stade Jean Laville avec un morceau de choix ! \ud83c\udd9a L&rsquo;adversaire Cette saison, le CA Pontarlier caracole en t\u00eate ! En s&rsquo;appuyant sur la voie de l\u2019exp\u00e9rience, les pontissaliens ont su prendre les commandes de ce championnat depuis la 5e journ\u00e9e et &#8230; <\/p>\n<p class=\"read-more-container\"><a title=\"[N3 J21 : FC Gueugnon \u2013 CA Pontarlier] Face au leader \u00e0 Jean Laville !\" class=\"read-more button\" href=\"https:\/\/www.fcgueugnon.fr\/site\/n3-j21-fc-gueugnon-ca-pontarlier-face-au-leader-a-jean-laville\/4139#more-4139\" aria-label=\"Plus sur [N3 J21 : FC Gueugnon \u2013 CA Pontarlier] Face au leader \u00e0 Jean Laville !\">Lire la suite<\/a><\/p>\n","protected":false},"author":1,"featured_media":4167,"comment_status":"closed","ping_status":"closed","sticky":false,"template":"","format":"standard","meta":{"footnotes":""},"categories":[5,4],"tags":[28],"class_list":["post-4139","post","type-post","status-publish","format-standard","has-post-thumbnail","hentry","category-news-2022-2023","category-news","tag-avant-match","infinite-scroll-item","generate-columns","tablet-grid-50","mobile-grid-100","grid-parent","grid-25","resize-featured-image"],"yoast_head":"<!-- This site is optimized with the Yoast SEO plugin v26.6 - https:\/\/yoast.com\/wordpress\/plugins\/seo\/ -->\n<title>[N3 J21 : FC Gueugnon \u2013 CA Pontarlier] Face au leader \u00e0 Jean Laville ! &#8226; FOOTBALL CLUB GUEUGNON<\/title>\n<meta name=\"robots\" content=\"index, follow, max-snippet:-1, max-image-preview:large, max-video-preview:-1\" \/>\n<link rel=\"canonical\" href=\"https:\/\/www.fcgueugnon.fr\/site\/n3-j21-fc-gueugnon-ca-pontarlier-face-au-leader-a-jean-laville\/4139\" \/>\n<meta property=\"og:locale\" content=\"fr_FR\" \/>\n<meta property=\"og:type\" content=\"article\" \/>\n<meta property=\"og:title\" content=\"[N3 J21 : FC Gueugnon \u2013 CA Pontarlier] Face au leader \u00e0 Jean Laville ! &#8226; FOOTBALL CLUB GUEUGNON\" \/>\n<meta property=\"og:description\" content=\"A 6 journ\u00e9es d&rsquo;une fin de championnat haletante, Gueugnon est de retour au stade Jean Laville avec un morceau de choix ! \ud83c\udd9a L&rsquo;adversaire Cette saison, le CA Pontarlier caracole en t\u00eate ! En s&rsquo;appuyant sur la voie de l\u2019exp\u00e9rience, les pontissaliens ont su prendre les commandes de ce championnat depuis la 5e journ\u00e9e et ... Lire la suite\" \/>\n<meta property=\"og:url\" content=\"https:\/\/www.fcgueugnon.fr\/site\/n3-j21-fc-gueugnon-ca-pontarlier-face-au-leader-a-jean-laville\/4139\" \/>\n<meta property=\"og:site_name\" content=\"FOOTBALL CLUB GUEUGNON\" \/>\n<meta property=\"article:publisher\" content=\"http:\/\/facebook.com\/FCGueugnon\" \/>\n<meta property=\"article:published_time\" content=\"2023-04-14T07:43:13+00:00\" \/>\n<meta property=\"article:modified_time\" content=\"2024-10-07T09:20:13+00:00\" \/>\n<meta property=\"og:image\" content=\"https:\/\/www.fcgueugnon.fr\/site\/wp-content\/uploads\/2023\/04\/avant-match-fc-gueugnon-ca-pontarlier-1024x576.png\" \/>\n\t<meta property=\"og:image:width\" content=\"1024\" \/>\n\t<meta property=\"og:image:height\" content=\"576\" \/>\n\t<meta property=\"og:image:type\" content=\"image\/png\" \/>\n<meta name=\"author\" content=\"FC Gueugnon\" \/>\n<meta name=\"twitter:card\" content=\"summary_large_image\" \/>\n<meta name=\"twitter:creator\" content=\"@FCGueugnon_off\" \/>\n<meta name=\"twitter:site\" content=\"@FCGueugnon_off\" \/>\n<meta name=\"twitter:label1\" content=\"\u00c9crit par\" \/>\n\t<meta name=\"twitter:data1\" content=\"FC Gueugnon\" \/>\n\t<meta name=\"twitter:label2\" content=\"Dur\u00e9e de lecture estim\u00e9e\" \/>\n\t<meta name=\"twitter:data2\" content=\"5 minutes\" \/>\n<script type=\"application\/ld+json\" class=\"yoast-schema-graph\">{\"@context\":\"https:\/\/schema.org\",\"@graph\":[{\"@type\":\"Article\",\"@id\":\"https:\/\/www.fcgueugnon.fr\/site\/n3-j21-fc-gueugnon-ca-pontarlier-face-au-leader-a-jean-laville\/4139#article\",\"isPartOf\":{\"@id\":\"https:\/\/www.fcgueugnon.fr\/site\/n3-j21-fc-gueugnon-ca-pontarlier-face-au-leader-a-jean-laville\/4139\"},\"author\":{\"name\":\"FC Gueugnon\",\"@id\":\"https:\/\/www.fcgueugnon.fr\/site\/#\/schema\/person\/f6444fbdd35fa731ee974c03508738fb\"},\"headline\":\"[N3 J21 : FC Gueugnon \u2013 CA Pontarlier] Face au leader \u00e0 Jean Laville !\",\"datePublished\":\"2023-04-14T07:43:13+00:00\",\"dateModified\":\"2024-10-07T09:20:13+00:00\",\"mainEntityOfPage\":{\"@id\":\"https:\/\/www.fcgueugnon.fr\/site\/n3-j21-fc-gueugnon-ca-pontarlier-face-au-leader-a-jean-laville\/4139\"},\"wordCount\":734,\"publisher\":{\"@id\":\"https:\/\/www.fcgueugnon.fr\/site\/#organization\"},\"image\":{\"@id\":\"https:\/\/www.fcgueugnon.fr\/site\/n3-j21-fc-gueugnon-ca-pontarlier-face-au-leader-a-jean-laville\/4139#primaryimage\"},\"thumbnailUrl\":\"https:\/\/www.fcgueugnon.fr\/site\/wp-content\/uploads\/2023\/04\/avant-match-fc-gueugnon-ca-pontarlier.png\",\"keywords\":[\"Avant-match\"],\"articleSection\":[\"Archives 2022\/2023\",\"News\"],\"inLanguage\":\"fr-FR\"},{\"@type\":\"WebPage\",\"@id\":\"https:\/\/www.fcgueugnon.fr\/site\/n3-j21-fc-gueugnon-ca-pontarlier-face-au-leader-a-jean-laville\/4139\",\"url\":\"https:\/\/www.fcgueugnon.fr\/site\/n3-j21-fc-gueugnon-ca-pontarlier-face-au-leader-a-jean-laville\/4139\",\"name\":\"[N3 J21 : FC Gueugnon \u2013 CA Pontarlier] Face au leader \u00e0 Jean Laville ! &#8226; FOOTBALL CLUB GUEUGNON\",\"isPartOf\":{\"@id\":\"https:\/\/www.fcgueugnon.fr\/site\/#website\"},\"primaryImageOfPage\":{\"@id\":\"https:\/\/www.fcgueugnon.fr\/site\/n3-j21-fc-gueugnon-ca-pontarlier-face-au-leader-a-jean-laville\/4139#primaryimage\"},\"image\":{\"@id\":\"https:\/\/www.fcgueugnon.fr\/site\/n3-j21-fc-gueugnon-ca-pontarlier-face-au-leader-a-jean-laville\/4139#primaryimage\"},\"thumbnailUrl\":\"https:\/\/www.fcgueugnon.fr\/site\/wp-content\/uploads\/2023\/04\/avant-match-fc-gueugnon-ca-pontarlier.png\",\"datePublished\":\"2023-04-14T07:43:13+00:00\",\"dateModified\":\"2024-10-07T09:20:13+00:00\",\"breadcrumb\":{\"@id\":\"https:\/\/www.fcgueugnon.fr\/site\/n3-j21-fc-gueugnon-ca-pontarlier-face-au-leader-a-jean-laville\/4139#breadcrumb\"},\"inLanguage\":\"fr-FR\",\"potentialAction\":[{\"@type\":\"ReadAction\",\"target\":[\"https:\/\/www.fcgueugnon.fr\/site\/n3-j21-fc-gueugnon-ca-pontarlier-face-au-leader-a-jean-laville\/4139\"]}]},{\"@type\":\"ImageObject\",\"inLanguage\":\"fr-FR\",\"@id\":\"https:\/\/www.fcgueugnon.fr\/site\/n3-j21-fc-gueugnon-ca-pontarlier-face-au-leader-a-jean-laville\/4139#primaryimage\",\"url\":\"https:\/\/www.fcgueugnon.fr\/site\/wp-content\/uploads\/2023\/04\/avant-match-fc-gueugnon-ca-pontarlier.png\",\"contentUrl\":\"https:\/\/www.fcgueugnon.fr\/site\/wp-content\/uploads\/2023\/04\/avant-match-fc-gueugnon-ca-pontarlier.png\",\"width\":1920,\"height\":1080},{\"@type\":\"BreadcrumbList\",\"@id\":\"https:\/\/www.fcgueugnon.fr\/site\/n3-j21-fc-gueugnon-ca-pontarlier-face-au-leader-a-jean-laville\/4139#breadcrumb\",\"itemListElement\":[{\"@type\":\"ListItem\",\"position\":1,\"name\":\"Accueil\",\"item\":\"https:\/\/www.fcgueugnon.fr\/site\/\"},{\"@type\":\"ListItem\",\"position\":2,\"name\":\"[N3 J21 : FC Gueugnon \u2013 CA Pontarlier] Face au leader \u00e0 Jean Laville !\"}]},{\"@type\":\"WebSite\",\"@id\":\"https:\/\/www.fcgueugnon.fr\/site\/#website\",\"url\":\"https:\/\/www.fcgueugnon.fr\/site\/\",\"name\":\"FOOTBALL CLUB GUEUGNON\",\"description\":\"Le Site Officiel des Forgerons\",\"publisher\":{\"@id\":\"https:\/\/www.fcgueugnon.fr\/site\/#organization\"},\"potentialAction\":[{\"@type\":\"SearchAction\",\"target\":{\"@type\":\"EntryPoint\",\"urlTemplate\":\"https:\/\/www.fcgueugnon.fr\/site\/?s={search_term_string}\"},\"query-input\":{\"@type\":\"PropertyValueSpecification\",\"valueRequired\":true,\"valueName\":\"search_term_string\"}}],\"inLanguage\":\"fr-FR\"},{\"@type\":\"Organization\",\"@id\":\"https:\/\/www.fcgueugnon.fr\/site\/#organization\",\"name\":\"FC Gueugnon\",\"url\":\"https:\/\/www.fcgueugnon.fr\/site\/\",\"logo\":{\"@type\":\"ImageObject\",\"inLanguage\":\"fr-FR\",\"@id\":\"https:\/\/www.fcgueugnon.fr\/site\/#\/schema\/logo\/image\/\",\"url\":\"https:\/\/www.fcgueugnon.fr\/site\/wp-content\/uploads\/2022\/07\/cropped-Logo-FCGUEUGNON-low-350x350-1.png\",\"contentUrl\":\"https:\/\/www.fcgueugnon.fr\/site\/wp-content\/uploads\/2022\/07\/cropped-Logo-FCGUEUGNON-low-350x350-1.png\",\"width\":350,\"height\":350,\"caption\":\"FC Gueugnon\"},\"image\":{\"@id\":\"https:\/\/www.fcgueugnon.fr\/site\/#\/schema\/logo\/image\/\"},\"sameAs\":[\"http:\/\/facebook.com\/FCGueugnon\",\"https:\/\/x.com\/FCGueugnon_off\",\"https:\/\/www.instagram.com\/fcgueugnon\/\",\"https:\/\/www.linkedin.com\/company\/football-club-de-gueugnon\/\",\"https:\/\/www.youtube.com\/user\/FCGueugnonnais\",\"https:\/\/fr.wikipedia.org\/wiki\/Football_Club_de_Gueugnon\"]},{\"@type\":\"Person\",\"@id\":\"https:\/\/www.fcgueugnon.fr\/site\/#\/schema\/person\/f6444fbdd35fa731ee974c03508738fb\",\"name\":\"FC Gueugnon\",\"sameAs\":[\"https:\/\/www.fcgueugnon.fr\/site\"],\"url\":\"https:\/\/www.fcgueugnon.fr\/site\/author\/admin-antho\"}]}<\/script>\n<!-- \/ Yoast SEO plugin. -->","yoast_head_json":{"title":"[N3 J21 : FC Gueugnon \u2013 CA Pontarlier] Face au leader \u00e0 Jean Laville ! &#8226; FOOTBALL CLUB GUEUGNON","robots":{"index":"index","follow":"follow","max-snippet":"max-snippet:-1","max-image-preview":"max-image-preview:large","max-video-preview":"max-video-preview:-1"},"canonical":"https:\/\/www.fcgueugnon.fr\/site\/n3-j21-fc-gueugnon-ca-pontarlier-face-au-leader-a-jean-laville\/4139","og_locale":"fr_FR","og_type":"article","og_title":"[N3 J21 : FC Gueugnon \u2013 CA Pontarlier] Face au leader \u00e0 Jean Laville ! &#8226; FOOTBALL CLUB GUEUGNON","og_description":"A 6 journ\u00e9es d&rsquo;une fin de championnat haletante, Gueugnon est de retour au stade Jean Laville avec un morceau de choix ! \ud83c\udd9a L&rsquo;adversaire Cette saison, le CA Pontarlier caracole en t\u00eate ! En s&rsquo;appuyant sur la voie de l\u2019exp\u00e9rience, les pontissaliens ont su prendre les commandes de ce championnat depuis la 5e journ\u00e9e et ... Lire la suite","og_url":"https:\/\/www.fcgueugnon.fr\/site\/n3-j21-fc-gueugnon-ca-pontarlier-face-au-leader-a-jean-laville\/4139","og_site_name":"FOOTBALL CLUB GUEUGNON","article_publisher":"http:\/\/facebook.com\/FCGueugnon","article_published_time":"2023-04-14T07:43:13+00:00","article_modified_time":"2024-10-07T09:20:13+00:00","og_image":[{"width":1024,"height":576,"url":"https:\/\/www.fcgueugnon.fr\/site\/wp-content\/uploads\/2023\/04\/avant-match-fc-gueugnon-ca-pontarlier-1024x576.png","type":"image\/png"}],"author":"FC Gueugnon","twitter_card":"summary_large_image","twitter_creator":"@FCGueugnon_off","twitter_site":"@FCGueugnon_off","twitter_misc":{"\u00c9crit par":"FC Gueugnon","Dur\u00e9e de lecture estim\u00e9e":"5 minutes"},"schema":{"@context":"https:\/\/schema.org","@graph":[{"@type":"Article","@id":"https:\/\/www.fcgueugnon.fr\/site\/n3-j21-fc-gueugnon-ca-pontarlier-face-au-leader-a-jean-laville\/4139#article","isPartOf":{"@id":"https:\/\/www.fcgueugnon.fr\/site\/n3-j21-fc-gueugnon-ca-pontarlier-face-au-leader-a-jean-laville\/4139"},"author":{"name":"FC Gueugnon","@id":"https:\/\/www.fcgueugnon.fr\/site\/#\/schema\/person\/f6444fbdd35fa731ee974c03508738fb"},"headline":"[N3 J21 : FC Gueugnon \u2013 CA Pontarlier] Face au leader \u00e0 Jean Laville !","datePublished":"2023-04-14T07:43:13+00:00","dateModified":"2024-10-07T09:20:13+00:00","mainEntityOfPage":{"@id":"https:\/\/www.fcgueugnon.fr\/site\/n3-j21-fc-gueugnon-ca-pontarlier-face-au-leader-a-jean-laville\/4139"},"wordCount":734,"publisher":{"@id":"https:\/\/www.fcgueugnon.fr\/site\/#organization"},"image":{"@id":"https:\/\/www.fcgueugnon.fr\/site\/n3-j21-fc-gueugnon-ca-pontarlier-face-au-leader-a-jean-laville\/4139#primaryimage"},"thumbnailUrl":"https:\/\/www.fcgueugnon.fr\/site\/wp-content\/uploads\/2023\/04\/avant-match-fc-gueugnon-ca-pontarlier.png","keywords":["Avant-match"],"articleSection":["Archives 2022\/2023","News"],"inLanguage":"fr-FR"},{"@type":"WebPage","@id":"https:\/\/www.fcgueugnon.fr\/site\/n3-j21-fc-gueugnon-ca-pontarlier-face-au-leader-a-jean-laville\/4139","url":"https:\/\/www.fcgueugnon.fr\/site\/n3-j21-fc-gueugnon-ca-pontarlier-face-au-leader-a-jean-laville\/4139","name":"[N3 J21 : FC Gueugnon \u2013 CA Pontarlier] Face au leader \u00e0 Jean Laville ! &#8226; FOOTBALL CLUB GUEUGNON","isPartOf":{"@id":"https:\/\/www.fcgueugnon.fr\/site\/#website"},"primaryImageOfPage":{"@id":"https:\/\/www.fcgueugnon.fr\/site\/n3-j21-fc-gueugnon-ca-pontarlier-face-au-leader-a-jean-laville\/4139#primaryimage"},"image":{"@id":"https:\/\/www.fcgueugnon.fr\/site\/n3-j21-fc-gueugnon-ca-pontarlier-face-au-leader-a-jean-laville\/4139#primaryimage"},"thumbnailUrl":"https:\/\/www.fcgueugnon.fr\/site\/wp-content\/uploads\/2023\/04\/avant-match-fc-gueugnon-ca-pontarlier.png","datePublished":"2023-04-14T07:43:13+00:00","dateModified":"2024-10-07T09:20:13+00:00","breadcrumb":{"@id":"https:\/\/www.fcgueugnon.fr\/site\/n3-j21-fc-gueugnon-ca-pontarlier-face-au-leader-a-jean-laville\/4139#breadcrumb"},"inLanguage":"fr-FR","potentialAction":[{"@type":"ReadAction","target":["https:\/\/www.fcgueugnon.fr\/site\/n3-j21-fc-gueugnon-ca-pontarlier-face-au-leader-a-jean-laville\/4139"]}]},{"@type":"ImageObject","inLanguage":"fr-FR","@id":"https:\/\/www.fcgueugnon.fr\/site\/n3-j21-fc-gueugnon-ca-pontarlier-face-au-leader-a-jean-laville\/4139#primaryimage","url":"https:\/\/www.fcgueugnon.fr\/site\/wp-content\/uploads\/2023\/04\/avant-match-fc-gueugnon-ca-pontarlier.png","contentUrl":"https:\/\/www.fcgueugnon.fr\/site\/wp-content\/uploads\/2023\/04\/avant-match-fc-gueugnon-ca-pontarlier.png","width":1920,"height":1080},{"@type":"BreadcrumbList","@id":"https:\/\/www.fcgueugnon.fr\/site\/n3-j21-fc-gueugnon-ca-pontarlier-face-au-leader-a-jean-laville\/4139#breadcrumb","itemListElement":[{"@type":"ListItem","position":1,"name":"Accueil","item":"https:\/\/www.fcgueugnon.fr\/site\/"},{"@type":"ListItem","position":2,"name":"[N3 J21 : FC Gueugnon \u2013 CA Pontarlier] Face au leader \u00e0 Jean Laville !"}]},{"@type":"WebSite","@id":"https:\/\/www.fcgueugnon.fr\/site\/#website","url":"https:\/\/www.fcgueugnon.fr\/site\/","name":"FOOTBALL CLUB GUEUGNON","description":"Le Site Officiel des Forgerons","publisher":{"@id":"https:\/\/www.fcgueugnon.fr\/site\/#organization"},"potentialAction":[{"@type":"SearchAction","target":{"@type":"EntryPoint","urlTemplate":"https:\/\/www.fcgueugnon.fr\/site\/?s={search_term_string}"},"query-input":{"@type":"PropertyValueSpecification","valueRequired":true,"valueName":"search_term_string"}}],"inLanguage":"fr-FR"},{"@type":"Organization","@id":"https:\/\/www.fcgueugnon.fr\/site\/#organization","name":"FC Gueugnon","url":"https:\/\/www.fcgueugnon.fr\/site\/","logo":{"@type":"ImageObject","inLanguage":"fr-FR","@id":"https:\/\/www.fcgueugnon.fr\/site\/#\/schema\/logo\/image\/","url":"https:\/\/www.fcgueugnon.fr\/site\/wp-content\/uploads\/2022\/07\/cropped-Logo-FCGUEUGNON-low-350x350-1.png","contentUrl":"https:\/\/www.fcgueugnon.fr\/site\/wp-content\/uploads\/2022\/07\/cropped-Logo-FCGUEUGNON-low-350x350-1.png","width":350,"height":350,"caption":"FC Gueugnon"},"image":{"@id":"https:\/\/www.fcgueugnon.fr\/site\/#\/schema\/logo\/image\/"},"sameAs":["http:\/\/facebook.com\/FCGueugnon","https:\/\/x.com\/FCGueugnon_off","https:\/\/www.instagram.com\/fcgueugnon\/","https:\/\/www.linkedin.com\/company\/football-club-de-gueugnon\/","https:\/\/www.youtube.com\/user\/FCGueugnonnais","https:\/\/fr.wikipedia.org\/wiki\/Football_Club_de_Gueugnon"]},{"@type":"Person","@id":"https:\/\/www.fcgueugnon.fr\/site\/#\/schema\/person\/f6444fbdd35fa731ee974c03508738fb","name":"FC Gueugnon","sameAs":["https:\/\/www.fcgueugnon.fr\/site"],"url":"https:\/\/www.fcgueugnon.fr\/site\/author\/admin-antho"}]}},"rttpg_featured_image_url":{"full":["https:\/\/www.fcgueugnon.fr\/site\/wp-content\/uploads\/2023\/04\/avant-match-fc-gueugnon-ca-pontarlier.png",1920,1080,false],"landscape":["https:\/\/www.fcgueugnon.fr\/site\/wp-content\/uploads\/2023\/04\/avant-match-fc-gueugnon-ca-pontarlier.png",1920,1080,false],"portraits":["https:\/\/www.fcgueugnon.fr\/site\/wp-content\/uploads\/2023\/04\/avant-match-fc-gueugnon-ca-pontarlier.png",1920,1080,false],"thumbnail":["https:\/\/www.fcgueugnon.fr\/site\/wp-content\/uploads\/2023\/04\/avant-match-fc-gueugnon-ca-pontarlier-150x150.png",150,150,true],"medium":["https:\/\/www.fcgueugnon.fr\/site\/wp-content\/uploads\/2023\/04\/avant-match-fc-gueugnon-ca-pontarlier-400x225.png",400,225,true],"large":["https:\/\/www.fcgueugnon.fr\/site\/wp-content\/uploads\/2023\/04\/avant-match-fc-gueugnon-ca-pontarlier-1024x576.png",1024,576,true],"1536x1536":["https:\/\/www.fcgueugnon.fr\/site\/wp-content\/uploads\/2023\/04\/avant-match-fc-gueugnon-ca-pontarlier-1536x864.png",1536,864,true],"2048x2048":["https:\/\/www.fcgueugnon.fr\/site\/wp-content\/uploads\/2023\/04\/avant-match-fc-gueugnon-ca-pontarlier.png",1920,1080,false]},"rttpg_author":{"display_name":"FC Gueugnon","author_link":"https:\/\/www.fcgueugnon.fr\/site\/author\/admin-antho"},"rttpg_comment":0,"rttpg_category":"<a href=\"https:\/\/www.fcgueugnon.fr\/site\/category\/news\/news-2022-2023\" rel=\"category tag\">Archives 2022\/2023<\/a> <a href=\"https:\/\/www.fcgueugnon.fr\/site\/category\/news\" rel=\"category tag\">News<\/a>","rttpg_excerpt":"A 6 journ\u00e9es d&rsquo;une fin de championnat haletante, Gueugnon est de retour au stade Jean Laville avec un morceau de choix ! \ud83c\udd9a L&rsquo;adversaire Cette saison, le CA Pontarlier caracole en t\u00eate ! En s&rsquo;appuyant sur la voie de l\u2019exp\u00e9rience, les pontissaliens ont su prendre les commandes de ce championnat depuis la 5e journ\u00e9e et\u2026","_links":{"self":[{"href":"https:\/\/www.fcgueugnon.fr\/site\/wp-json\/wp\/v2\/posts\/4139","targetHints":{"allow":["GET"]}}],"collection":[{"href":"https:\/\/www.fcgueugnon.fr\/site\/wp-json\/wp\/v2\/posts"}],"about":[{"href":"https:\/\/www.fcgueugnon.fr\/site\/wp-json\/wp\/v2\/types\/post"}],"author":[{"embeddable":true,"href":"https:\/\/www.fcgueugnon.fr\/site\/wp-json\/wp\/v2\/users\/1"}],"replies":[{"embeddable":true,"href":"https:\/\/www.fcgueugnon.fr\/site\/wp-json\/wp\/v2\/comments?post=4139"}],"version-history":[{"count":5,"href":"https:\/\/www.fcgueugnon.fr\/site\/wp-json\/wp\/v2\/posts\/4139\/revisions"}],"predecessor-version":[{"id":4179,"href":"https:\/\/www.fcgueugnon.fr\/site\/wp-json\/wp\/v2\/posts\/4139\/revisions\/4179"}],"wp:featuredmedia":[{"embeddable":true,"href":"https:\/\/www.fcgueugnon.fr\/site\/wp-json\/wp\/v2\/media\/4167"}],"wp:attachment":[{"href":"https:\/\/www.fcgueugnon.fr\/site\/wp-json\/wp\/v2\/media?parent=4139"}],"wp:term":[{"taxonomy":"category","embeddable":true,"href":"https:\/\/www.fcgueugnon.fr\/site\/wp-json\/wp\/v2\/categories?post=4139"},{"taxonomy":"post_tag","embeddable":true,"href":"https:\/\/www.fcgueugnon.fr\/site\/wp-json\/wp\/v2\/tags?post=4139"}],"curies":[{"name":"wp","href":"https:\/\/api.w.org\/{rel}","templated":true}]}}