{"id":3967,"date":"2023-03-31T09:01:00","date_gmt":"2023-03-31T07:01:00","guid":{"rendered":"https:\/\/www.fcgueugnon.fr\/site\/?p=3967"},"modified":"2024-10-07T11:20:14","modified_gmt":"2024-10-07T09:20:14","slug":"n3-j20-sochaux-montbeliard-b-fc-gueugnon-pas-de-blagues-pour-des-forgerons-sur-le-fil-a-lamorce-de-cette-fin-de-saison","status":"publish","type":"post","link":"https:\/\/www.fcgueugnon.fr\/site\/n3-j20-sochaux-montbeliard-b-fc-gueugnon-pas-de-blagues-pour-des-forgerons-sur-le-fil-a-lamorce-de-cette-fin-de-saison\/3967","title":{"rendered":"[N3 J20 : Sochaux-Montb\u00e9liard B &#8211; FC Gueugnon] Pas de blague pour des forgerons sur le fil \u00e0 l&rsquo;amorce de cette fin de saison&#8230;"},"content":{"rendered":"\n<h3 class=\"wp-block-heading\"><strong>Rendez-vous \u00e0 15h00 \u00e0 Montb\u00e9liard lors d&rsquo;un second d\u00e9placement cons\u00e9cutif pour des gueugnonnais en qu\u00eate de points dans cette fin de championnat&#8230;<\/strong><\/h3>\n\n\n\n<div style=\"height:70px\" aria-hidden=\"true\" class=\"wp-block-spacer\"><\/div>\n\n\n\n<div class=\"wp-block-getwid-image-box getwid-animation has-text-center has-mobile-layout-default has-mobile-alignment-default\" data-animation=\"zoomSmall\"><div class=\"wp-block-getwid-image-box__image-container is-position-top\"><div class=\"wp-block-getwid-image-box__image-wrapper\"><img loading=\"lazy\" decoding=\"async\" width=\"1600\" height=\"1066\" src=\"https:\/\/www.fcgueugnon.fr\/site\/wp-content\/uploads\/2022\/11\/samedi-soir-face-a-sochaux-b-les-gueugnonnais-ont-remporte-leur-deuxieme-rencontre-consecutive-a-jean-laville-sur-le-score-de-2-1-photo-jsl-benjamin-lemousy-clp-1668287384-2.jpg\" alt=\"\" class=\"wp-block-getwid-image-box__image wp-image-2286\" srcset=\"https:\/\/www.fcgueugnon.fr\/site\/wp-content\/uploads\/2022\/11\/samedi-soir-face-a-sochaux-b-les-gueugnonnais-ont-remporte-leur-deuxieme-rencontre-consecutive-a-jean-laville-sur-le-score-de-2-1-photo-jsl-benjamin-lemousy-clp-1668287384-2.jpg 1600w, https:\/\/www.fcgueugnon.fr\/site\/wp-content\/uploads\/2022\/11\/samedi-soir-face-a-sochaux-b-les-gueugnonnais-ont-remporte-leur-deuxieme-rencontre-consecutive-a-jean-laville-sur-le-score-de-2-1-photo-jsl-benjamin-lemousy-clp-1668287384-2-400x267.jpg 400w, https:\/\/www.fcgueugnon.fr\/site\/wp-content\/uploads\/2022\/11\/samedi-soir-face-a-sochaux-b-les-gueugnonnais-ont-remporte-leur-deuxieme-rencontre-consecutive-a-jean-laville-sur-le-score-de-2-1-photo-jsl-benjamin-lemousy-clp-1668287384-2-1024x682.jpg 1024w, https:\/\/www.fcgueugnon.fr\/site\/wp-content\/uploads\/2022\/11\/samedi-soir-face-a-sochaux-b-les-gueugnonnais-ont-remporte-leur-deuxieme-rencontre-consecutive-a-jean-laville-sur-le-score-de-2-1-photo-jsl-benjamin-lemousy-clp-1668287384-2-768x512.jpg 768w, https:\/\/www.fcgueugnon.fr\/site\/wp-content\/uploads\/2022\/11\/samedi-soir-face-a-sochaux-b-les-gueugnonnais-ont-remporte-leur-deuxieme-rencontre-consecutive-a-jean-laville-sur-le-score-de-2-1-photo-jsl-benjamin-lemousy-clp-1668287384-2-1536x1023.jpg 1536w, https:\/\/www.fcgueugnon.fr\/site\/wp-content\/uploads\/2022\/11\/samedi-soir-face-a-sochaux-b-les-gueugnonnais-ont-remporte-leur-deuxieme-rencontre-consecutive-a-jean-laville-sur-le-score-de-2-1-photo-jsl-benjamin-lemousy-clp-1668287384-2-1320x879.jpg 1320w\" sizes=\"auto, (max-width: 1600px) 100vw, 1600px\" \/><\/div><\/div><div class=\"wp-block-getwid-image-box__content\">\n<h3 class=\"wp-block-heading\"><\/h3>\n\n\n\n<p><\/p>\n<\/div><\/div>\n\n\n\n<div style=\"height:70px\" aria-hidden=\"true\" class=\"wp-block-spacer\"><\/div>\n\n\n\n<h3 class=\"wp-block-heading\">\ud83c\udd9a <em><strong>L&rsquo;adversaire <\/strong><\/em><\/h3>\n\n\n\n<p>Apr\u00e8s avoir \u00e9t\u00e9 au pied du podium \u00e0 la 7<sup>e<\/sup> journ\u00e9e puis rel\u00e9gable un temps, le <strong>FCSM B<\/strong> a relev\u00e9 la pente dans ce championnat tr\u00e8s disput\u00e9 en enchainant pas moins de 29 buts en 5 matchs entre d\u00e9cembre et f\u00e9vrier ! Une s\u00e9rie prolifique permettant \u00e0 <strong>Sochaux B<\/strong> de pointer comme meilleure attaque du championnat avec 45 buts en 18 matchs.<\/p>\n\n\n\n<p>Malheureusement, la moisson s&rsquo;arr\u00eata en mars lors des 3 derniers matchs ponctu\u00e9s par 2 d\u00e9faites face \u00e0 deux des t\u00e9nors du championnat : <strong>Dijon FCO B<\/strong> (2e) et <strong>Jura Dolois <\/strong>(4e) puis un match nul 1-1 face au <strong>Besan\u00e7on Foot<\/strong> (5e). Un match o\u00f9 les r\u00e9servistes sochaliens pourtant renforc\u00e9s par 4 joueurs pros, dont <strong>Sambou Yatabar\u00e9 <\/strong>auteur du but, seront rejoints au score par des bisontins g\u00e9n\u00e9reux dans l\u2019effort \u00e0 domicile&#8230;<\/p>\n\n\n\n<p>D\u00e9sormais \u00e0 la 7e place avec 25 points et un match en retard \u00e0 jouer contre <strong>Morteau-Montlebon<\/strong>, les hommes de <strong>Sylvain Monsoreau <\/strong>veulent repartir de l&rsquo;avant afin d&rsquo;obtenir au plus vite le maintien et certainement se rattraper de la d\u00e9faite au match aller o\u00f9 les forgerons s&rsquo;\u00e9taient impos\u00e9s 2-1 (<a href=\"https:\/\/www.fcgueugnon.fr\/site\/n3-j08-fc-gueugnon-sochaux-montbeliard-b-resultat-reactions-et-resume\/2282\" target=\"_blank\" rel=\"noreferrer noopener\">relire l&rsquo;apr\u00e8s-match<\/a>).<\/p>\n\n\n\n<p>Site internet de Sochaux-Montb\u00e9liard : <a href=\"https:\/\/www.fcsochaux.fr\/\" target=\"_blank\" rel=\"noreferrer noopener\">www.fcsochaux.fr<\/a><\/p>\n\n\n\n<div style=\"height:70px\" aria-hidden=\"true\" class=\"wp-block-spacer\"><\/div>\n\n\n\n<h3 class=\"wp-block-heading\">\ud83d\udce3 <em><strong>La d\u00e9cla&rsquo;<\/strong><\/em><\/h3>\n\n\n\n<blockquote class=\"wp-block-quote is-style-default is-layout-flow wp-block-quote-is-layout-flow\">\n<p>\u00ab&nbsp;On doit s\u2019am\u00e9liorer sur certains points et retourner travailler. On doit tout donner pour les combats \u00e0 venir. Ce n\u2019est que comme cela que la r\u00e9ussite viendra.&nbsp;\u00bb<\/p>\n<cite><strong><em>Soni MUSTIVAR (Capitaine)<\/em><\/strong><\/cite><\/blockquote>\n\n\n\n<div style=\"height:70px\" aria-hidden=\"true\" class=\"wp-block-spacer\"><\/div>\n\n\n\n<h3 class=\"wp-block-heading\">\ud83d\udfe1\ud83d\udd35 <em><strong>Le FC Gueugnon<\/strong><\/em><\/h3>\n\n\n\n<p>Apr\u00e8s une victoire \u00e0 Jean Laville gr\u00e2ce \u00e0 un p\u00e9nalty transform\u00e9 dans les arr\u00eats de jeu face au <strong>Besan\u00e7on Foot<\/strong> (<a href=\"https:\/\/www.fcgueugnon.fr\/site\/n3-j18-fc-gueugnon-besancon-foot-resultat-reactions-et-resume-video\/3861\" target=\"_blank\" rel=\"noreferrer noopener\">match \u00e0 revivre en video<\/a>), le <strong>FCG <\/strong>s&rsquo;est inclin\u00e9 le weekend dernier en d\u00e9placement \u00e0 <strong>Selongey<\/strong>&#8230;. Sur un p\u00e9nalty inscrit \u00e9galement dans les arr\u00eats de jeu ! <\/p>\n\n\n\n<p>Une d\u00e9faite cruelle mais une premi\u00e8re mi-temps en de\u00e7\u00e0 des performances attendues par tous les supporters forgerons puisque<strong> Is-Selongey<\/strong> menait d\u00e9j\u00e0 2-0 \u00e0 la pause. Les forgerons ont pourtant fait preuve de mental pour se relancer et sont parvenus \u00e0 \u00e9galiser gr\u00e2ce \u00e0 des r\u00e9alisations de <strong>Franck Revuelta <\/strong>et <strong>Soni Mustivar<\/strong> avant de s&rsquo;incliner en toute fin de match.<\/p>\n\n\n\n<p>Une d\u00e9faite rageante pour le coach <strong>Philippe Correia <\/strong>qui s&rsquo;exprimait \u00e0 chaud dans notre <a href=\"https:\/\/www.fcgueugnon.fr\/site\/total-foot-radio-cactus-soni-mustivar-nous-avons-des-matchs-capitaux-qui-arrivent-nous-devons-gagner-les-points-pour-maintenir-le-club\/3971\" target=\"_blank\" rel=\"noreferrer noopener\">podcast Total Foot<\/a> : \u00ab <em>On se met en difficult\u00e9 tout seul et dans l&rsquo;\u00e9tat d&rsquo;urgence o\u00f9 l&rsquo;on est, on n&rsquo;a pas le droit <\/em>\u00bb lui m\u00eame rejoint par le capitaine <strong>Soni Mustivar<\/strong> : \u00ab <em>Forc\u00e9ment d\u00e9gout\u00e9 du match et de notre prestation<\/em> \u00bb. <strong>Soni <\/strong>qui donne \u00e9galement un leitmotiv : \u00ab <em>Oui, il va falloir se relever. Nous avons d\u2019autres matchs tr\u00e8s importants qui arrivent. Il faut oublier ce match et ramener des points et des victoires pour maintenir le club<\/em>.<em> Pour cela on doit s\u2019am\u00e9liorer et retourner travailler<\/em>. <em>On doit tout donner pour les combats \u00e0 venir, ce n\u2019est que comme cela que la r\u00e9ussite viendra. <\/em>\u00bb<\/p>\n\n\n\n<p>Pour ce second d\u00e9placement cons\u00e9cutif, cette fois-ci face \u00e0 une solide r\u00e9serve sochalienne, les forgerons savent ce qu&rsquo;ils ont \u00e0 faire. <\/p>\n\n\n\n<div style=\"height:70px\" aria-hidden=\"true\" class=\"wp-block-spacer\"><\/div>\n\n\n\n<hr class=\"wp-block-separator has-text-color has-css-opacity has-background is-style-default\" style=\"background-color:#f7db4a;color:#f7db4a\"\/>\n\n\n\n<div style=\"height:25px\" aria-hidden=\"true\" class=\"wp-block-spacer\"><\/div>\n\n\n\n<div class=\"wp-block-media-text alignwide is-stacked-on-mobile is-vertically-aligned-center is-style-default\" style=\"grid-template-columns:49% auto\"><figure class=\"wp-block-media-text__media\"><img loading=\"lazy\" decoding=\"async\" width=\"1024\" height=\"538\" src=\"https:\/\/www.fcgueugnon.fr\/site\/wp-content\/uploads\/2022\/08\/post-facebook-FCG-1024x538.png\" alt=\"\" class=\"wp-image-930 size-full\" srcset=\"https:\/\/www.fcgueugnon.fr\/site\/wp-content\/uploads\/2022\/08\/post-facebook-FCG-1024x538.png 1024w, https:\/\/www.fcgueugnon.fr\/site\/wp-content\/uploads\/2022\/08\/post-facebook-FCG-400x210.png 400w, https:\/\/www.fcgueugnon.fr\/site\/wp-content\/uploads\/2022\/08\/post-facebook-FCG-768x403.png 768w, https:\/\/www.fcgueugnon.fr\/site\/wp-content\/uploads\/2022\/08\/post-facebook-FCG.png 1200w\" sizes=\"auto, (max-width: 1024px) 100vw, 1024px\" \/><\/figure><div class=\"wp-block-media-text__content\">\n<h2 class=\"wp-block-heading\">C&rsquo;est en covoiturant qu&rsquo;on devient Forgeron ! <\/h2>\n\n\n\n<div style=\"height:10px\" aria-hidden=\"true\" class=\"wp-block-spacer\"><\/div>\n\n\n\n<p><strong>Rendez-vous sur l&rsquo;application et le site internet de StadiumGO pour proposer et trouver votre trajet pour vous rendre aux matchs du FC Gueugnon !<\/strong><\/p>\n\n\n\n<div class=\"wp-block-buttons is-layout-flex wp-block-buttons-is-layout-flex\">\n<div class=\"wp-block-button aligncenter is-style-circular\"><a class=\"wp-block-button__link wp-element-button\" href=\"https:\/\/www.stadiumgo.fr\/liste-matchs?search=1&amp;club=gueugnon&amp;league=\">StadiumGO<\/a><\/div>\n<\/div>\n<\/div><\/div>\n\n\n\n<div style=\"height:25px\" aria-hidden=\"true\" class=\"wp-block-spacer\"><\/div>\n\n\n\n<hr class=\"wp-block-separator has-text-color has-css-opacity has-background is-style-default\" style=\"background-color:#f7db4a;color:#f7db4a\"\/>\n\n\n\n<h3 class=\"wp-block-heading\">\u26bd <strong><em>La fiche<\/em><\/strong><\/h3>\n\n\n\n<h4 class=\"wp-block-heading\"><b>NIVEAU NATIONAL : F\u00c9D\u00c9RATION&nbsp;FRAN\u00c7AISE&nbsp;DE FOOTBALL<\/b><br><strong><b>NATIONAL 3 &#8211; J20<\/b>  <\/strong><br>Samedi 01 Avril 2023 &#8211; 15H00<br>FC Sochaux-Montb\u00e9liard B \/ FC Gueugnon<\/h4>\n\n\n\n<p><strong>TERRAIN<\/strong><br>STADE REN\u00c9 BLUM 1<br>13, RUE DU CHAMP DE FOIRE<br>25200 &#8211; MONTBELIARD<\/p>\n\n\n\n<p><strong>SURFACE DE JEU<\/strong><br>Pelouse naturelle<\/p>\n\n\n\n<p><strong>OFFICIELS<\/strong><br>Arbitre centre : BAPTISTE LAMBERT<br>Arbitre assistant 1 : SEBASTIEN SIMARD<br>Arbitre assistant 2 : MIMOUN EL BOUAYADI<br>D\u00e9l\u00e9gu\u00e9 principal : JEAN CHARLES PETTINI<\/p>\n\n\n\n<div style=\"height:50px\" aria-hidden=\"true\" class=\"wp-block-spacer\"><\/div>\n\n\n\n<h3 class=\"wp-block-heading\"><strong>Groupe<\/strong><\/h3>\n\n\n\n<figure class=\"wp-block-embed is-type-rich is-provider-twitter wp-block-embed-twitter\"><div class=\"wp-block-embed__wrapper\">\n<blockquote class=\"twitter-tweet\" data-width=\"550\" data-dnt=\"true\"><p lang=\"fr\" dir=\"ltr\">\ud835\udde1\ud835\udfef \ud835\udddd\ud835\udfee\ud835\udfec | \ud835\udde6\ud835\udde2\ud835\uddd6\ud835\udddb\ud835\uddd4\ud835\udde8\ud835\uddeb-\ud835\udde0\ud835\udde2\ud835\udde1\ud835\udde7\ud835\uddd5\ud835\uddd8\ud835\udddf\ud835\udddc\ud835\uddd4\ud835\udde5\ud835\uddd7 \ud835\uddd5 &#8211; \ud835\uddd9\ud835\uddd6 \ud835\uddda\ud835\udde8\ud835\uddd8\ud835\udde8\ud835\uddda\ud835\udde1\ud835\udde2\ud835\udde1 \ud83d\udd35<br><br>\ud83d\udc65 Le groupe pour cette 20\u00e8me journ\u00e9e : Njock &#8211; Garcia &#8211; Houla &#8211; Mustivar &#8211; Fahrasmane  &#8211; Chauvet  &#8211; Helal &#8211; Ducarouge &#8211; Mohamed &#8211; Gab\u00e9  &#8211; Dram\u00e9  &#8211; Gauthier &#8211; Rollin &#8211; Luanda &#8211; Mvondo &#8211; Zahaf. <a href=\"https:\/\/t.co\/e8LcLQOsHp\">pic.twitter.com\/e8LcLQOsHp<\/a><\/p>&mdash; FC Gueugnon (@FCGueugnon_Off) <a href=\"https:\/\/twitter.com\/FCGueugnon_Off\/status\/1641888710210846720?ref_src=twsrc%5Etfw\">March 31, 2023<\/a><\/blockquote><script async src=\"https:\/\/platform.twitter.com\/widgets.js\" charset=\"utf-8\"><\/script>\n<\/div><\/figure>\n\n\n\n<div style=\"height:50px\" aria-hidden=\"true\" class=\"wp-block-spacer\"><\/div>\n\n\n\n<h3 class=\"wp-block-heading\">\ud83d\uddd3 <strong>La 20e journ\u00e9e de National 3<\/strong><\/h3>\n\n\n\n<p>Samedi 01 Avril<br>15:00 : Sochaux-Montb\u00e9liard B &#8211; FC Gueugnon<br>16:00 : AS Quetigny &#8211; Jura Dolois<br>17:00 : UCS Cosne &#8211; Is-Selongey<br>18:00 : Saint Apollinaire &#8211; Dijon FCO B<br>18:00 : CA Pontarlier &#8211; Besan\u00e7on Foot<br>18:00 : Morteau-Montlebon &#8211; FC Grandvillars<br>18:00 : UF M\u00e2con &#8211; FC Montceau<br><br><\/p>\n\n\n\n<div style=\"height:100px\" aria-hidden=\"true\" class=\"wp-block-spacer\"><\/div>\n","protected":false},"excerpt":{"rendered":"<p>Rendez-vous \u00e0 15h00 \u00e0 Montb\u00e9liard lors d&rsquo;un second d\u00e9placement cons\u00e9cutif pour des gueugnonnais en qu\u00eate de points dans cette fin de championnat&#8230; \ud83c\udd9a L&rsquo;adversaire Apr\u00e8s avoir \u00e9t\u00e9 au pied du podium \u00e0 la 7e journ\u00e9e puis rel\u00e9gable un temps, le FCSM B a relev\u00e9 la pente dans ce championnat tr\u00e8s disput\u00e9 en enchainant pas moins &#8230; <\/p>\n<p class=\"read-more-container\"><a title=\"[N3 J20 : Sochaux-Montb\u00e9liard B &#8211; FC Gueugnon] Pas de blague pour des forgerons sur le fil \u00e0 l&rsquo;amorce de cette fin de saison&#8230;\" class=\"read-more button\" href=\"https:\/\/www.fcgueugnon.fr\/site\/n3-j20-sochaux-montbeliard-b-fc-gueugnon-pas-de-blagues-pour-des-forgerons-sur-le-fil-a-lamorce-de-cette-fin-de-saison\/3967#more-3967\" aria-label=\"Plus sur [N3 J20 : Sochaux-Montb\u00e9liard B &#8211; FC Gueugnon] Pas de blague pour des forgerons sur le fil \u00e0 l&rsquo;amorce de cette fin de saison&#8230;\">Lire la suite<\/a><\/p>\n","protected":false},"author":1,"featured_media":3980,"comment_status":"closed","ping_status":"closed","sticky":false,"template":"","format":"standard","meta":{"footnotes":""},"categories":[5,4],"tags":[28],"class_list":["post-3967","post","type-post","status-publish","format-standard","has-post-thumbnail","hentry","category-news-2022-2023","category-news","tag-avant-match","infinite-scroll-item","generate-columns","tablet-grid-50","mobile-grid-100","grid-parent","grid-25","resize-featured-image"],"yoast_head":"<!-- This site is optimized with the Yoast SEO plugin v26.6 - https:\/\/yoast.com\/wordpress\/plugins\/seo\/ -->\n<title>[N3 J20 : Sochaux-Montb\u00e9liard B - FC Gueugnon] Pas de blague pour des forgerons sur le fil \u00e0 l&#039;amorce de cette fin de saison... &#8226; FOOTBALL CLUB GUEUGNON<\/title>\n<meta name=\"robots\" content=\"index, follow, max-snippet:-1, max-image-preview:large, max-video-preview:-1\" \/>\n<link rel=\"canonical\" href=\"https:\/\/www.fcgueugnon.fr\/site\/n3-j20-sochaux-montbeliard-b-fc-gueugnon-pas-de-blagues-pour-des-forgerons-sur-le-fil-a-lamorce-de-cette-fin-de-saison\/3967\" \/>\n<meta property=\"og:locale\" content=\"fr_FR\" \/>\n<meta property=\"og:type\" content=\"article\" \/>\n<meta property=\"og:title\" content=\"[N3 J20 : Sochaux-Montb\u00e9liard B - FC Gueugnon] Pas de blague pour des forgerons sur le fil \u00e0 l&#039;amorce de cette fin de saison... &#8226; FOOTBALL CLUB GUEUGNON\" \/>\n<meta property=\"og:description\" content=\"Rendez-vous \u00e0 15h00 \u00e0 Montb\u00e9liard lors d&rsquo;un second d\u00e9placement cons\u00e9cutif pour des gueugnonnais en qu\u00eate de points dans cette fin de championnat&#8230; \ud83c\udd9a L&rsquo;adversaire Apr\u00e8s avoir \u00e9t\u00e9 au pied du podium \u00e0 la 7e journ\u00e9e puis rel\u00e9gable un temps, le FCSM B a relev\u00e9 la pente dans ce championnat tr\u00e8s disput\u00e9 en enchainant pas moins ... Lire la suite\" \/>\n<meta property=\"og:url\" content=\"https:\/\/www.fcgueugnon.fr\/site\/n3-j20-sochaux-montbeliard-b-fc-gueugnon-pas-de-blagues-pour-des-forgerons-sur-le-fil-a-lamorce-de-cette-fin-de-saison\/3967\" \/>\n<meta property=\"og:site_name\" content=\"FOOTBALL CLUB GUEUGNON\" \/>\n<meta property=\"article:publisher\" content=\"http:\/\/facebook.com\/FCGueugnon\" \/>\n<meta property=\"article:published_time\" content=\"2023-03-31T07:01:00+00:00\" \/>\n<meta property=\"article:modified_time\" content=\"2024-10-07T09:20:14+00:00\" \/>\n<meta property=\"og:image\" content=\"https:\/\/www.fcgueugnon.fr\/site\/wp-content\/uploads\/2023\/03\/BANNIERE-SITE-OFF-AVANT-MATCH-2-1024x576.png\" \/>\n\t<meta property=\"og:image:width\" content=\"1024\" \/>\n\t<meta property=\"og:image:height\" content=\"576\" \/>\n\t<meta property=\"og:image:type\" content=\"image\/png\" \/>\n<meta name=\"author\" content=\"FC Gueugnon\" \/>\n<meta name=\"twitter:card\" content=\"summary_large_image\" \/>\n<meta name=\"twitter:creator\" content=\"@FCGueugnon_off\" \/>\n<meta name=\"twitter:site\" content=\"@FCGueugnon_off\" \/>\n<meta name=\"twitter:label1\" content=\"\u00c9crit par\" \/>\n\t<meta name=\"twitter:data1\" content=\"FC Gueugnon\" \/>\n\t<meta name=\"twitter:label2\" content=\"Dur\u00e9e de lecture estim\u00e9e\" \/>\n\t<meta name=\"twitter:data2\" content=\"4 minutes\" \/>\n<script type=\"application\/ld+json\" class=\"yoast-schema-graph\">{\"@context\":\"https:\/\/schema.org\",\"@graph\":[{\"@type\":\"Article\",\"@id\":\"https:\/\/www.fcgueugnon.fr\/site\/n3-j20-sochaux-montbeliard-b-fc-gueugnon-pas-de-blagues-pour-des-forgerons-sur-le-fil-a-lamorce-de-cette-fin-de-saison\/3967#article\",\"isPartOf\":{\"@id\":\"https:\/\/www.fcgueugnon.fr\/site\/n3-j20-sochaux-montbeliard-b-fc-gueugnon-pas-de-blagues-pour-des-forgerons-sur-le-fil-a-lamorce-de-cette-fin-de-saison\/3967\"},\"author\":{\"name\":\"FC Gueugnon\",\"@id\":\"https:\/\/www.fcgueugnon.fr\/site\/#\/schema\/person\/f6444fbdd35fa731ee974c03508738fb\"},\"headline\":\"[N3 J20 : Sochaux-Montb\u00e9liard B &#8211; FC Gueugnon] Pas de blague pour des forgerons sur le fil \u00e0 l&rsquo;amorce de cette fin de saison&#8230;\",\"datePublished\":\"2023-03-31T07:01:00+00:00\",\"dateModified\":\"2024-10-07T09:20:14+00:00\",\"mainEntityOfPage\":{\"@id\":\"https:\/\/www.fcgueugnon.fr\/site\/n3-j20-sochaux-montbeliard-b-fc-gueugnon-pas-de-blagues-pour-des-forgerons-sur-le-fil-a-lamorce-de-cette-fin-de-saison\/3967\"},\"wordCount\":702,\"publisher\":{\"@id\":\"https:\/\/www.fcgueugnon.fr\/site\/#organization\"},\"image\":{\"@id\":\"https:\/\/www.fcgueugnon.fr\/site\/n3-j20-sochaux-montbeliard-b-fc-gueugnon-pas-de-blagues-pour-des-forgerons-sur-le-fil-a-lamorce-de-cette-fin-de-saison\/3967#primaryimage\"},\"thumbnailUrl\":\"https:\/\/www.fcgueugnon.fr\/site\/wp-content\/uploads\/2023\/03\/BANNIERE-SITE-OFF-AVANT-MATCH-2.png\",\"keywords\":[\"Avant-match\"],\"articleSection\":[\"Archives 2022\/2023\",\"News\"],\"inLanguage\":\"fr-FR\"},{\"@type\":\"WebPage\",\"@id\":\"https:\/\/www.fcgueugnon.fr\/site\/n3-j20-sochaux-montbeliard-b-fc-gueugnon-pas-de-blagues-pour-des-forgerons-sur-le-fil-a-lamorce-de-cette-fin-de-saison\/3967\",\"url\":\"https:\/\/www.fcgueugnon.fr\/site\/n3-j20-sochaux-montbeliard-b-fc-gueugnon-pas-de-blagues-pour-des-forgerons-sur-le-fil-a-lamorce-de-cette-fin-de-saison\/3967\",\"name\":\"[N3 J20 : Sochaux-Montb\u00e9liard B - FC Gueugnon] Pas de blague pour des forgerons sur le fil \u00e0 l'amorce de cette fin de saison... &#8226; FOOTBALL CLUB GUEUGNON\",\"isPartOf\":{\"@id\":\"https:\/\/www.fcgueugnon.fr\/site\/#website\"},\"primaryImageOfPage\":{\"@id\":\"https:\/\/www.fcgueugnon.fr\/site\/n3-j20-sochaux-montbeliard-b-fc-gueugnon-pas-de-blagues-pour-des-forgerons-sur-le-fil-a-lamorce-de-cette-fin-de-saison\/3967#primaryimage\"},\"image\":{\"@id\":\"https:\/\/www.fcgueugnon.fr\/site\/n3-j20-sochaux-montbeliard-b-fc-gueugnon-pas-de-blagues-pour-des-forgerons-sur-le-fil-a-lamorce-de-cette-fin-de-saison\/3967#primaryimage\"},\"thumbnailUrl\":\"https:\/\/www.fcgueugnon.fr\/site\/wp-content\/uploads\/2023\/03\/BANNIERE-SITE-OFF-AVANT-MATCH-2.png\",\"datePublished\":\"2023-03-31T07:01:00+00:00\",\"dateModified\":\"2024-10-07T09:20:14+00:00\",\"breadcrumb\":{\"@id\":\"https:\/\/www.fcgueugnon.fr\/site\/n3-j20-sochaux-montbeliard-b-fc-gueugnon-pas-de-blagues-pour-des-forgerons-sur-le-fil-a-lamorce-de-cette-fin-de-saison\/3967#breadcrumb\"},\"inLanguage\":\"fr-FR\",\"potentialAction\":[{\"@type\":\"ReadAction\",\"target\":[\"https:\/\/www.fcgueugnon.fr\/site\/n3-j20-sochaux-montbeliard-b-fc-gueugnon-pas-de-blagues-pour-des-forgerons-sur-le-fil-a-lamorce-de-cette-fin-de-saison\/3967\"]}]},{\"@type\":\"ImageObject\",\"inLanguage\":\"fr-FR\",\"@id\":\"https:\/\/www.fcgueugnon.fr\/site\/n3-j20-sochaux-montbeliard-b-fc-gueugnon-pas-de-blagues-pour-des-forgerons-sur-le-fil-a-lamorce-de-cette-fin-de-saison\/3967#primaryimage\",\"url\":\"https:\/\/www.fcgueugnon.fr\/site\/wp-content\/uploads\/2023\/03\/BANNIERE-SITE-OFF-AVANT-MATCH-2.png\",\"contentUrl\":\"https:\/\/www.fcgueugnon.fr\/site\/wp-content\/uploads\/2023\/03\/BANNIERE-SITE-OFF-AVANT-MATCH-2.png\",\"width\":1920,\"height\":1080},{\"@type\":\"BreadcrumbList\",\"@id\":\"https:\/\/www.fcgueugnon.fr\/site\/n3-j20-sochaux-montbeliard-b-fc-gueugnon-pas-de-blagues-pour-des-forgerons-sur-le-fil-a-lamorce-de-cette-fin-de-saison\/3967#breadcrumb\",\"itemListElement\":[{\"@type\":\"ListItem\",\"position\":1,\"name\":\"Accueil\",\"item\":\"https:\/\/www.fcgueugnon.fr\/site\/\"},{\"@type\":\"ListItem\",\"position\":2,\"name\":\"[N3 J20 : Sochaux-Montb\u00e9liard B &#8211; FC Gueugnon] Pas de blague pour des forgerons sur le fil \u00e0 l&rsquo;amorce de cette fin de saison&#8230;\"}]},{\"@type\":\"WebSite\",\"@id\":\"https:\/\/www.fcgueugnon.fr\/site\/#website\",\"url\":\"https:\/\/www.fcgueugnon.fr\/site\/\",\"name\":\"FOOTBALL CLUB GUEUGNON\",\"description\":\"Le Site Officiel des Forgerons\",\"publisher\":{\"@id\":\"https:\/\/www.fcgueugnon.fr\/site\/#organization\"},\"potentialAction\":[{\"@type\":\"SearchAction\",\"target\":{\"@type\":\"EntryPoint\",\"urlTemplate\":\"https:\/\/www.fcgueugnon.fr\/site\/?s={search_term_string}\"},\"query-input\":{\"@type\":\"PropertyValueSpecification\",\"valueRequired\":true,\"valueName\":\"search_term_string\"}}],\"inLanguage\":\"fr-FR\"},{\"@type\":\"Organization\",\"@id\":\"https:\/\/www.fcgueugnon.fr\/site\/#organization\",\"name\":\"FC Gueugnon\",\"url\":\"https:\/\/www.fcgueugnon.fr\/site\/\",\"logo\":{\"@type\":\"ImageObject\",\"inLanguage\":\"fr-FR\",\"@id\":\"https:\/\/www.fcgueugnon.fr\/site\/#\/schema\/logo\/image\/\",\"url\":\"https:\/\/www.fcgueugnon.fr\/site\/wp-content\/uploads\/2022\/07\/cropped-Logo-FCGUEUGNON-low-350x350-1.png\",\"contentUrl\":\"https:\/\/www.fcgueugnon.fr\/site\/wp-content\/uploads\/2022\/07\/cropped-Logo-FCGUEUGNON-low-350x350-1.png\",\"width\":350,\"height\":350,\"caption\":\"FC Gueugnon\"},\"image\":{\"@id\":\"https:\/\/www.fcgueugnon.fr\/site\/#\/schema\/logo\/image\/\"},\"sameAs\":[\"http:\/\/facebook.com\/FCGueugnon\",\"https:\/\/x.com\/FCGueugnon_off\",\"https:\/\/www.instagram.com\/fcgueugnon\/\",\"https:\/\/www.linkedin.com\/company\/football-club-de-gueugnon\/\",\"https:\/\/www.youtube.com\/user\/FCGueugnonnais\",\"https:\/\/fr.wikipedia.org\/wiki\/Football_Club_de_Gueugnon\"]},{\"@type\":\"Person\",\"@id\":\"https:\/\/www.fcgueugnon.fr\/site\/#\/schema\/person\/f6444fbdd35fa731ee974c03508738fb\",\"name\":\"FC Gueugnon\",\"sameAs\":[\"https:\/\/www.fcgueugnon.fr\/site\"],\"url\":\"https:\/\/www.fcgueugnon.fr\/site\/author\/admin-antho\"}]}<\/script>\n<!-- \/ Yoast SEO plugin. -->","yoast_head_json":{"title":"[N3 J20 : Sochaux-Montb\u00e9liard B - FC Gueugnon] Pas de blague pour des forgerons sur le fil \u00e0 l'amorce de cette fin de saison... &#8226; FOOTBALL CLUB GUEUGNON","robots":{"index":"index","follow":"follow","max-snippet":"max-snippet:-1","max-image-preview":"max-image-preview:large","max-video-preview":"max-video-preview:-1"},"canonical":"https:\/\/www.fcgueugnon.fr\/site\/n3-j20-sochaux-montbeliard-b-fc-gueugnon-pas-de-blagues-pour-des-forgerons-sur-le-fil-a-lamorce-de-cette-fin-de-saison\/3967","og_locale":"fr_FR","og_type":"article","og_title":"[N3 J20 : Sochaux-Montb\u00e9liard B - FC Gueugnon] Pas de blague pour des forgerons sur le fil \u00e0 l'amorce de cette fin de saison... &#8226; FOOTBALL CLUB GUEUGNON","og_description":"Rendez-vous \u00e0 15h00 \u00e0 Montb\u00e9liard lors d&rsquo;un second d\u00e9placement cons\u00e9cutif pour des gueugnonnais en qu\u00eate de points dans cette fin de championnat&#8230; \ud83c\udd9a L&rsquo;adversaire Apr\u00e8s avoir \u00e9t\u00e9 au pied du podium \u00e0 la 7e journ\u00e9e puis rel\u00e9gable un temps, le FCSM B a relev\u00e9 la pente dans ce championnat tr\u00e8s disput\u00e9 en enchainant pas moins ... Lire la suite","og_url":"https:\/\/www.fcgueugnon.fr\/site\/n3-j20-sochaux-montbeliard-b-fc-gueugnon-pas-de-blagues-pour-des-forgerons-sur-le-fil-a-lamorce-de-cette-fin-de-saison\/3967","og_site_name":"FOOTBALL CLUB GUEUGNON","article_publisher":"http:\/\/facebook.com\/FCGueugnon","article_published_time":"2023-03-31T07:01:00+00:00","article_modified_time":"2024-10-07T09:20:14+00:00","og_image":[{"width":1024,"height":576,"url":"https:\/\/www.fcgueugnon.fr\/site\/wp-content\/uploads\/2023\/03\/BANNIERE-SITE-OFF-AVANT-MATCH-2-1024x576.png","type":"image\/png"}],"author":"FC Gueugnon","twitter_card":"summary_large_image","twitter_creator":"@FCGueugnon_off","twitter_site":"@FCGueugnon_off","twitter_misc":{"\u00c9crit par":"FC Gueugnon","Dur\u00e9e de lecture estim\u00e9e":"4 minutes"},"schema":{"@context":"https:\/\/schema.org","@graph":[{"@type":"Article","@id":"https:\/\/www.fcgueugnon.fr\/site\/n3-j20-sochaux-montbeliard-b-fc-gueugnon-pas-de-blagues-pour-des-forgerons-sur-le-fil-a-lamorce-de-cette-fin-de-saison\/3967#article","isPartOf":{"@id":"https:\/\/www.fcgueugnon.fr\/site\/n3-j20-sochaux-montbeliard-b-fc-gueugnon-pas-de-blagues-pour-des-forgerons-sur-le-fil-a-lamorce-de-cette-fin-de-saison\/3967"},"author":{"name":"FC Gueugnon","@id":"https:\/\/www.fcgueugnon.fr\/site\/#\/schema\/person\/f6444fbdd35fa731ee974c03508738fb"},"headline":"[N3 J20 : Sochaux-Montb\u00e9liard B &#8211; FC Gueugnon] Pas de blague pour des forgerons sur le fil \u00e0 l&rsquo;amorce de cette fin de saison&#8230;","datePublished":"2023-03-31T07:01:00+00:00","dateModified":"2024-10-07T09:20:14+00:00","mainEntityOfPage":{"@id":"https:\/\/www.fcgueugnon.fr\/site\/n3-j20-sochaux-montbeliard-b-fc-gueugnon-pas-de-blagues-pour-des-forgerons-sur-le-fil-a-lamorce-de-cette-fin-de-saison\/3967"},"wordCount":702,"publisher":{"@id":"https:\/\/www.fcgueugnon.fr\/site\/#organization"},"image":{"@id":"https:\/\/www.fcgueugnon.fr\/site\/n3-j20-sochaux-montbeliard-b-fc-gueugnon-pas-de-blagues-pour-des-forgerons-sur-le-fil-a-lamorce-de-cette-fin-de-saison\/3967#primaryimage"},"thumbnailUrl":"https:\/\/www.fcgueugnon.fr\/site\/wp-content\/uploads\/2023\/03\/BANNIERE-SITE-OFF-AVANT-MATCH-2.png","keywords":["Avant-match"],"articleSection":["Archives 2022\/2023","News"],"inLanguage":"fr-FR"},{"@type":"WebPage","@id":"https:\/\/www.fcgueugnon.fr\/site\/n3-j20-sochaux-montbeliard-b-fc-gueugnon-pas-de-blagues-pour-des-forgerons-sur-le-fil-a-lamorce-de-cette-fin-de-saison\/3967","url":"https:\/\/www.fcgueugnon.fr\/site\/n3-j20-sochaux-montbeliard-b-fc-gueugnon-pas-de-blagues-pour-des-forgerons-sur-le-fil-a-lamorce-de-cette-fin-de-saison\/3967","name":"[N3 J20 : Sochaux-Montb\u00e9liard B - FC Gueugnon] Pas de blague pour des forgerons sur le fil \u00e0 l'amorce de cette fin de saison... &#8226; FOOTBALL CLUB GUEUGNON","isPartOf":{"@id":"https:\/\/www.fcgueugnon.fr\/site\/#website"},"primaryImageOfPage":{"@id":"https:\/\/www.fcgueugnon.fr\/site\/n3-j20-sochaux-montbeliard-b-fc-gueugnon-pas-de-blagues-pour-des-forgerons-sur-le-fil-a-lamorce-de-cette-fin-de-saison\/3967#primaryimage"},"image":{"@id":"https:\/\/www.fcgueugnon.fr\/site\/n3-j20-sochaux-montbeliard-b-fc-gueugnon-pas-de-blagues-pour-des-forgerons-sur-le-fil-a-lamorce-de-cette-fin-de-saison\/3967#primaryimage"},"thumbnailUrl":"https:\/\/www.fcgueugnon.fr\/site\/wp-content\/uploads\/2023\/03\/BANNIERE-SITE-OFF-AVANT-MATCH-2.png","datePublished":"2023-03-31T07:01:00+00:00","dateModified":"2024-10-07T09:20:14+00:00","breadcrumb":{"@id":"https:\/\/www.fcgueugnon.fr\/site\/n3-j20-sochaux-montbeliard-b-fc-gueugnon-pas-de-blagues-pour-des-forgerons-sur-le-fil-a-lamorce-de-cette-fin-de-saison\/3967#breadcrumb"},"inLanguage":"fr-FR","potentialAction":[{"@type":"ReadAction","target":["https:\/\/www.fcgueugnon.fr\/site\/n3-j20-sochaux-montbeliard-b-fc-gueugnon-pas-de-blagues-pour-des-forgerons-sur-le-fil-a-lamorce-de-cette-fin-de-saison\/3967"]}]},{"@type":"ImageObject","inLanguage":"fr-FR","@id":"https:\/\/www.fcgueugnon.fr\/site\/n3-j20-sochaux-montbeliard-b-fc-gueugnon-pas-de-blagues-pour-des-forgerons-sur-le-fil-a-lamorce-de-cette-fin-de-saison\/3967#primaryimage","url":"https:\/\/www.fcgueugnon.fr\/site\/wp-content\/uploads\/2023\/03\/BANNIERE-SITE-OFF-AVANT-MATCH-2.png","contentUrl":"https:\/\/www.fcgueugnon.fr\/site\/wp-content\/uploads\/2023\/03\/BANNIERE-SITE-OFF-AVANT-MATCH-2.png","width":1920,"height":1080},{"@type":"BreadcrumbList","@id":"https:\/\/www.fcgueugnon.fr\/site\/n3-j20-sochaux-montbeliard-b-fc-gueugnon-pas-de-blagues-pour-des-forgerons-sur-le-fil-a-lamorce-de-cette-fin-de-saison\/3967#breadcrumb","itemListElement":[{"@type":"ListItem","position":1,"name":"Accueil","item":"https:\/\/www.fcgueugnon.fr\/site\/"},{"@type":"ListItem","position":2,"name":"[N3 J20 : Sochaux-Montb\u00e9liard B &#8211; FC Gueugnon] Pas de blague pour des forgerons sur le fil \u00e0 l&rsquo;amorce de cette fin de saison&#8230;"}]},{"@type":"WebSite","@id":"https:\/\/www.fcgueugnon.fr\/site\/#website","url":"https:\/\/www.fcgueugnon.fr\/site\/","name":"FOOTBALL CLUB GUEUGNON","description":"Le Site Officiel des Forgerons","publisher":{"@id":"https:\/\/www.fcgueugnon.fr\/site\/#organization"},"potentialAction":[{"@type":"SearchAction","target":{"@type":"EntryPoint","urlTemplate":"https:\/\/www.fcgueugnon.fr\/site\/?s={search_term_string}"},"query-input":{"@type":"PropertyValueSpecification","valueRequired":true,"valueName":"search_term_string"}}],"inLanguage":"fr-FR"},{"@type":"Organization","@id":"https:\/\/www.fcgueugnon.fr\/site\/#organization","name":"FC Gueugnon","url":"https:\/\/www.fcgueugnon.fr\/site\/","logo":{"@type":"ImageObject","inLanguage":"fr-FR","@id":"https:\/\/www.fcgueugnon.fr\/site\/#\/schema\/logo\/image\/","url":"https:\/\/www.fcgueugnon.fr\/site\/wp-content\/uploads\/2022\/07\/cropped-Logo-FCGUEUGNON-low-350x350-1.png","contentUrl":"https:\/\/www.fcgueugnon.fr\/site\/wp-content\/uploads\/2022\/07\/cropped-Logo-FCGUEUGNON-low-350x350-1.png","width":350,"height":350,"caption":"FC Gueugnon"},"image":{"@id":"https:\/\/www.fcgueugnon.fr\/site\/#\/schema\/logo\/image\/"},"sameAs":["http:\/\/facebook.com\/FCGueugnon","https:\/\/x.com\/FCGueugnon_off","https:\/\/www.instagram.com\/fcgueugnon\/","https:\/\/www.linkedin.com\/company\/football-club-de-gueugnon\/","https:\/\/www.youtube.com\/user\/FCGueugnonnais","https:\/\/fr.wikipedia.org\/wiki\/Football_Club_de_Gueugnon"]},{"@type":"Person","@id":"https:\/\/www.fcgueugnon.fr\/site\/#\/schema\/person\/f6444fbdd35fa731ee974c03508738fb","name":"FC Gueugnon","sameAs":["https:\/\/www.fcgueugnon.fr\/site"],"url":"https:\/\/www.fcgueugnon.fr\/site\/author\/admin-antho"}]}},"rttpg_featured_image_url":{"full":["https:\/\/www.fcgueugnon.fr\/site\/wp-content\/uploads\/2023\/03\/BANNIERE-SITE-OFF-AVANT-MATCH-2.png",1920,1080,false],"landscape":["https:\/\/www.fcgueugnon.fr\/site\/wp-content\/uploads\/2023\/03\/BANNIERE-SITE-OFF-AVANT-MATCH-2.png",1920,1080,false],"portraits":["https:\/\/www.fcgueugnon.fr\/site\/wp-content\/uploads\/2023\/03\/BANNIERE-SITE-OFF-AVANT-MATCH-2.png",1920,1080,false],"thumbnail":["https:\/\/www.fcgueugnon.fr\/site\/wp-content\/uploads\/2023\/03\/BANNIERE-SITE-OFF-AVANT-MATCH-2-150x150.png",150,150,true],"medium":["https:\/\/www.fcgueugnon.fr\/site\/wp-content\/uploads\/2023\/03\/BANNIERE-SITE-OFF-AVANT-MATCH-2-400x225.png",400,225,true],"large":["https:\/\/www.fcgueugnon.fr\/site\/wp-content\/uploads\/2023\/03\/BANNIERE-SITE-OFF-AVANT-MATCH-2-1024x576.png",1024,576,true],"1536x1536":["https:\/\/www.fcgueugnon.fr\/site\/wp-content\/uploads\/2023\/03\/BANNIERE-SITE-OFF-AVANT-MATCH-2-1536x864.png",1536,864,true],"2048x2048":["https:\/\/www.fcgueugnon.fr\/site\/wp-content\/uploads\/2023\/03\/BANNIERE-SITE-OFF-AVANT-MATCH-2.png",1920,1080,false]},"rttpg_author":{"display_name":"FC Gueugnon","author_link":"https:\/\/www.fcgueugnon.fr\/site\/author\/admin-antho"},"rttpg_comment":0,"rttpg_category":"<a href=\"https:\/\/www.fcgueugnon.fr\/site\/category\/news\/news-2022-2023\" rel=\"category tag\">Archives 2022\/2023<\/a> <a href=\"https:\/\/www.fcgueugnon.fr\/site\/category\/news\" rel=\"category tag\">News<\/a>","rttpg_excerpt":"Rendez-vous \u00e0 15h00 \u00e0 Montb\u00e9liard lors d&rsquo;un second d\u00e9placement cons\u00e9cutif pour des gueugnonnais en qu\u00eate de points dans cette fin de championnat&#8230; \ud83c\udd9a L&rsquo;adversaire Apr\u00e8s avoir \u00e9t\u00e9 au pied du podium \u00e0 la 7e journ\u00e9e puis rel\u00e9gable un temps, le FCSM B a relev\u00e9 la pente dans ce championnat tr\u00e8s disput\u00e9 en enchainant pas moins\u2026","_links":{"self":[{"href":"https:\/\/www.fcgueugnon.fr\/site\/wp-json\/wp\/v2\/posts\/3967","targetHints":{"allow":["GET"]}}],"collection":[{"href":"https:\/\/www.fcgueugnon.fr\/site\/wp-json\/wp\/v2\/posts"}],"about":[{"href":"https:\/\/www.fcgueugnon.fr\/site\/wp-json\/wp\/v2\/types\/post"}],"author":[{"embeddable":true,"href":"https:\/\/www.fcgueugnon.fr\/site\/wp-json\/wp\/v2\/users\/1"}],"replies":[{"embeddable":true,"href":"https:\/\/www.fcgueugnon.fr\/site\/wp-json\/wp\/v2\/comments?post=3967"}],"version-history":[{"count":7,"href":"https:\/\/www.fcgueugnon.fr\/site\/wp-json\/wp\/v2\/posts\/3967\/revisions"}],"predecessor-version":[{"id":3996,"href":"https:\/\/www.fcgueugnon.fr\/site\/wp-json\/wp\/v2\/posts\/3967\/revisions\/3996"}],"wp:featuredmedia":[{"embeddable":true,"href":"https:\/\/www.fcgueugnon.fr\/site\/wp-json\/wp\/v2\/media\/3980"}],"wp:attachment":[{"href":"https:\/\/www.fcgueugnon.fr\/site\/wp-json\/wp\/v2\/media?parent=3967"}],"wp:term":[{"taxonomy":"category","embeddable":true,"href":"https:\/\/www.fcgueugnon.fr\/site\/wp-json\/wp\/v2\/categories?post=3967"},{"taxonomy":"post_tag","embeddable":true,"href":"https:\/\/www.fcgueugnon.fr\/site\/wp-json\/wp\/v2\/tags?post=3967"}],"curies":[{"name":"wp","href":"https:\/\/api.w.org\/{rel}","templated":true}]}}