{"id":3861,"date":"2023-03-20T16:32:17","date_gmt":"2023-03-20T15:32:17","guid":{"rendered":"https:\/\/www.fcgueugnon.fr\/site\/?p=3861"},"modified":"2023-05-13T13:11:20","modified_gmt":"2023-05-13T11:11:20","slug":"n3-j18-fc-gueugnon-besancon-foot-resultat-reactions-et-resume-video","status":"publish","type":"post","link":"https:\/\/www.fcgueugnon.fr\/site\/n3-j18-fc-gueugnon-besancon-foot-resultat-reactions-et-resume-video\/3861","title":{"rendered":"[N3 J18 : FC Gueugnon \u2013 Besan\u00e7on Foot] R\u00e9sultat, r\u00e9actions et r\u00e9sum\u00e9 vid\u00e9o"},"content":{"rendered":"\n<h3 class=\"has-text-align-left wp-block-heading\"><strong>Dans une fin de saison qui s&rsquo;annonce ind\u00e9cise et palpitante, le\u00a0FC Gueugnon\u00a0a arrach\u00e9 un\u00a0succ\u00e8s pr\u00e9cieux\u00a0ce samedi face \u00e0 Besan\u00e7on Foot.<\/strong><\/h3>\n\n\n\n<div style=\"height:15px\" aria-hidden=\"true\" class=\"wp-block-spacer\"><\/div>\n\n\n\n<figure class=\"wp-block-gallery has-nested-images columns-2 is-cropped wp-block-gallery-1 is-layout-flex wp-block-gallery-is-layout-flex\">\n<figure class=\"wp-block-image size-large\"><img loading=\"lazy\" decoding=\"async\" width=\"1024\" height=\"683\" data-id=\"3863\" src=\"https:\/\/www.fcgueugnon.fr\/site\/wp-content\/uploads\/2023\/03\/fcg-bf-1024x683.jpg\" alt=\"\" class=\"wp-image-3863\" srcset=\"https:\/\/www.fcgueugnon.fr\/site\/wp-content\/uploads\/2023\/03\/fcg-bf-1024x683.jpg 1024w, https:\/\/www.fcgueugnon.fr\/site\/wp-content\/uploads\/2023\/03\/fcg-bf-400x267.jpg 400w, https:\/\/www.fcgueugnon.fr\/site\/wp-content\/uploads\/2023\/03\/fcg-bf-768x512.jpg 768w, https:\/\/www.fcgueugnon.fr\/site\/wp-content\/uploads\/2023\/03\/fcg-bf-1536x1024.jpg 1536w, https:\/\/www.fcgueugnon.fr\/site\/wp-content\/uploads\/2023\/03\/fcg-bf-1320x880.jpg 1320w, https:\/\/www.fcgueugnon.fr\/site\/wp-content\/uploads\/2023\/03\/fcg-bf-600x400.jpg 600w, https:\/\/www.fcgueugnon.fr\/site\/wp-content\/uploads\/2023\/03\/fcg-bf.jpg 2048w\" sizes=\"auto, (max-width: 1024px) 100vw, 1024px\" \/><\/figure>\n\n\n\n<figure class=\"wp-block-image size-large\"><img loading=\"lazy\" decoding=\"async\" width=\"1024\" height=\"683\" data-id=\"3864\" src=\"https:\/\/www.fcgueugnon.fr\/site\/wp-content\/uploads\/2023\/03\/fcg-bf2-1024x683.jpg\" alt=\"\" class=\"wp-image-3864\" srcset=\"https:\/\/www.fcgueugnon.fr\/site\/wp-content\/uploads\/2023\/03\/fcg-bf2-1024x683.jpg 1024w, https:\/\/www.fcgueugnon.fr\/site\/wp-content\/uploads\/2023\/03\/fcg-bf2-400x267.jpg 400w, https:\/\/www.fcgueugnon.fr\/site\/wp-content\/uploads\/2023\/03\/fcg-bf2-768x512.jpg 768w, https:\/\/www.fcgueugnon.fr\/site\/wp-content\/uploads\/2023\/03\/fcg-bf2-1536x1024.jpg 1536w, https:\/\/www.fcgueugnon.fr\/site\/wp-content\/uploads\/2023\/03\/fcg-bf2-1320x880.jpg 1320w, https:\/\/www.fcgueugnon.fr\/site\/wp-content\/uploads\/2023\/03\/fcg-bf2-600x400.jpg 600w, https:\/\/www.fcgueugnon.fr\/site\/wp-content\/uploads\/2023\/03\/fcg-bf2.jpg 2048w\" sizes=\"auto, (max-width: 1024px) 100vw, 1024px\" \/><\/figure>\n<\/figure>\n\n\n\n<p class=\"has-text-align-center\"><em>Photos : FC Gueugnon \/ Bertrand Poizeau<\/em><\/p>\n\n\n\n<div style=\"height:15px\" aria-hidden=\"true\" class=\"wp-block-spacer\"><\/div>\n\n\n\n<p>Ce samedi, nos Forgerons ont re\u00e7u les Bisontins au Stade Jean Laville pour la 18\u00e8me journ\u00e9e de National 3. Invaincu \u00e0 domicile depuis septembre, le FC Gueugnon avait pour objectif de poursuivre cette s\u00e9rie face \u00e0 Besan\u00e7on Foot et d&rsquo;engranger des points importants pour le maintien.<\/p>\n\n\n\n<p>D\u00e8s les premi\u00e8res minutes, les forgerons donnent le ton. Le d\u00e9but de match est intense et engag\u00e9. Apr\u00e8s un changement suite \u00e0 la blessure d<strong>\u2019Erwan Mbock<\/strong>, la premi\u00e8re occasion nous est offerte, avec un centre de <strong>Anthony Chauvet<\/strong> repouss\u00e9 par la d\u00e9fense adverse. Besan\u00e7on tente \u00e0 son tour de d\u00e9stabiliser nos gueugnonnais, mais leurs frappes manquent de pr\u00e9cision. Dans les derni\u00e8res minutes de cette premi\u00e8re p\u00e9riode, nos forgerons se cr\u00e9ent plusieurs opportunit\u00e9s, mais manquent de justesse dans la finition. <strong>Fabrice Revuelta<\/strong>, \u00e9galement bless\u00e9, est contraint \u00e0 son tour de sortir sur blessure juste avant la pause.<\/p>\n\n\n\n<p>Au retour des vestiaires, nos gueugnonnais continuent sur leur lanc\u00e9e et dominent les d\u00e9bats. Besan\u00e7on subit et les avertissements s&rsquo;encha\u00eenent. Le match s\u2019intensifie et les Bisontins tentent \u00e0 leur tour de faire la diff\u00e9rence, mais <strong>Anthony Njock<\/strong> reste infranchissable. Gueugnon pousse dans les arr\u00eats de jeu, et arrache la victoire sur un penalty transform\u00e9 par <strong>Arnaud Rollin<\/strong> (1-0; 90+4\u2019) qui permet \u00e0 l\u2019\u00e9quipe d\u2019empocher les trois points.\u00a0<\/p>\n\n\n\n<p>Nous vous donnons rendez-vous ce samedi \u00e0 18h00 au stade des Courvelles \u00e0 Selongey, pour la 19\u00e8me journ\u00e9e de National 3.\u00a0<\/p>\n\n\n\n<div style=\"height:40px\" aria-hidden=\"true\" class=\"wp-block-spacer\"><\/div>\n\n\n\n<h2 class=\"wp-block-heading\">R\u00e9sum\u00e9 vid\u00e9o<\/h2>\n\n\n\n<div style=\"height:40px\" aria-hidden=\"true\" class=\"wp-block-spacer\"><\/div>\n\n\n\n<figure class=\"wp-block-embed is-type-rich is-provider-prise-en-charge-des-contenus-embarques wp-block-embed-prise-en-charge-des-contenus-embarques wp-embed-aspect-16-9 wp-has-aspect-ratio\"><div class=\"wp-block-embed__wrapper\">\n<iframe loading=\"lazy\" title=\"FC Gueugnon - Besan\u00e7on Foot | Journ\u00e9e 18 | R\u00e9sum\u00e9 Complet\" width=\"1200\" height=\"675\" src=\"https:\/\/www.youtube.com\/embed\/MCeaJugI_H0?feature=oembed\" frameborder=\"0\" allow=\"accelerometer; autoplay; clipboard-write; encrypted-media; gyroscope; picture-in-picture; web-share\" allowfullscreen><\/iframe>\n<\/div><\/figure>\n\n\n\n<div style=\"height:40px\" aria-hidden=\"true\" class=\"wp-block-spacer\"><\/div>\n\n\n\n<h2 class=\"wp-block-heading\">R\u00e9actions<\/h2>\n\n\n\n<div class=\"wp-block-coblocks-media-card alignwide is-style-left is-stacked-on-mobile coblocks-media-card-77145432166\"><div class=\"wp-block-coblocks-media-card__inner has-padding has-large-padding\"><div class=\"wp-block-coblocks-media-card__wrapper\" style=\"grid-template-columns:44% auto\"><figure class=\"wp-block-coblocks-media-card__media has-shadow\"><img loading=\"lazy\" decoding=\"async\" width=\"1024\" height=\"709\" src=\"https:\/\/www.fcgueugnon.fr\/site\/wp-content\/uploads\/2022\/08\/Reprise-National-3-Saison-22-23-23-coach-philippe-correia-1024x709.png\" alt=\"\" class=\"wp-image-843\" srcset=\"https:\/\/www.fcgueugnon.fr\/site\/wp-content\/uploads\/2022\/08\/Reprise-National-3-Saison-22-23-23-coach-philippe-correia-1024x709.png 1024w, https:\/\/www.fcgueugnon.fr\/site\/wp-content\/uploads\/2022\/08\/Reprise-National-3-Saison-22-23-23-coach-philippe-correia-400x277.png 400w, https:\/\/www.fcgueugnon.fr\/site\/wp-content\/uploads\/2022\/08\/Reprise-National-3-Saison-22-23-23-coach-philippe-correia-768x532.png 768w, https:\/\/www.fcgueugnon.fr\/site\/wp-content\/uploads\/2022\/08\/Reprise-National-3-Saison-22-23-23-coach-philippe-correia-1320x914.png 1320w, https:\/\/www.fcgueugnon.fr\/site\/wp-content\/uploads\/2022\/08\/Reprise-National-3-Saison-22-23-23-coach-philippe-correia.png 1535w\" sizes=\"auto, (max-width: 1024px) 100vw, 1024px\" \/><\/figure><div class=\"wp-block-coblocks-media-card__content has-shadow\">\n<div class=\"wp-block-coblocks-row coblocks-row-77145432275\" data-columns=\"1\" data-layout=\"100\"><div class=\"wp-block-coblocks-row__inner has-background has-padding has-huge-padding has-no-margin is-stacked-on-mobile are-vertically-aligned-center has-medium-gutter\" style=\"background-color:#FFFFFF\">\n<div class=\"wp-block-coblocks-column is-vertically-aligned-center coblocks-column-77145432284\" style=\"width:100%\"><div class=\"wp-block-coblocks-column__inner has-no-padding has-no-margin\">\n<h3 class=\"wp-block-heading\"><strong>Philippe CORREIA, entraineur : <\/strong><\/h3>\n\n\n\n<div style=\"height:30px\" aria-hidden=\"true\" class=\"wp-block-spacer\"><\/div>\n\n\n\n<p><em>\u00ab Je suis doublement satisfait. D\u00e9j\u00e0 d&rsquo;un point de vue comptable mais aussi par rapport \u00e0 l&rsquo;investissement des joueurs. Ils \u00e9taient investis et ont fait \u00e9norm\u00e9ment d&rsquo;efforts. \u00bb<\/em><\/p>\n\n\n\n<div style=\"height:30px\" aria-hidden=\"true\" class=\"wp-block-spacer\"><\/div>\n\n\n\n<p><sub>R\u00e9actions compl\u00e8tes \u00e0 retrouver ce mercredi \u00e0 10:15 et \u00e0 18:30 en direct sur Radio Cactus (FM 92.2) ou \u00e0 partir de jeudi sur notre site officiel ou sur Mixcloud.com !<\/sub><\/p>\n\n\n\n<div style=\"height:20px\" aria-hidden=\"true\" class=\"wp-block-spacer\"><\/div>\n<\/div><\/div>\n<\/div><\/div>\n<\/div><\/div><\/div><\/div>\n\n\n\n<div style=\"height:40px\" aria-hidden=\"true\" class=\"wp-block-spacer\"><\/div>\n\n\n\n<hr class=\"wp-block-separator has-text-color has-css-opacity has-background\" style=\"background-color:#f7db4a;color:#f7db4a\"\/>\n\n\n\n<h3 class=\"has-text-align-center wp-block-heading\"><strong>\u2139 Prochains matchs : <\/strong><br>&#8211; Samedi 25\/03 \u00e0 18h00 : Is-Selongey \/ FC Gueugnon (N3)<br>&#8211; Dimanche 02\/04 \u00e0 15h00 : Sochaux-Montb\u00e9liard \/ FC Gueugnon (N3)<\/h3>\n\n\n\n<hr class=\"wp-block-separator has-text-color has-css-opacity has-background\" style=\"background-color:#f7db4a;color:#f7db4a\"\/>\n\n\n\n<h3 class=\"wp-block-heading\">\u26bd <strong>Score final<\/strong><\/h3>\n\n\n\n<p><strong>\u00c0 Gueugnon, Stade Jean Laville<br><\/strong>FC Gueugnon 1-0 Besan\u00e7on Foot<br>But : Arnaud Rollin (90+4&prime;)<br>Affluence : 600 spectateurs<\/p>\n\n\n\n<p><strong>Officiels :<\/strong><br>Arbitre centre : QUENTIN PINET<br>Arbitre assistant 1 : SEBASTIEN FEVRE<br>Arbitre assistant 2 : MOURAD EL IDRISSI<br>D\u00e9l\u00e9gu\u00e9 principal : GILLES RONDEAU<br>D\u00e9l\u00e9gu\u00e9 accompagnateur : FRANCK MOSCATO<\/p>\n\n\n\n<div style=\"height:15px\" aria-hidden=\"true\" class=\"wp-block-spacer\"><\/div>\n\n\n\n<h3 class=\"wp-block-heading\">\ud83d\udfe1\ud83d\udd35 <strong>Composition d&rsquo;\u00e9quipe<\/strong><\/h3>\n\n\n\n<p>Njock, Mohamed, Chauvet, Mustivar, Houla, Fa. Revuelta (44&prime; Gab\u00e9), Luanda, Benameur, Fr. Revuelta, Mvondo (68&prime; Rollin), Mbock (24&prime; Dram\u00e9).<br>Entraineur : Philippe Correia \/ Adjoint : Bakeba Bayo.<\/p>\n\n\n\n<div style=\"height:38px\" aria-hidden=\"true\" class=\"wp-block-spacer\"><\/div>\n\n\n\n<h3 class=\"wp-block-heading\">\ud83d\udd0d <strong>Plus d&rsquo;articles <\/strong><\/h3>\n\n\n\n<blockquote class=\"wp-block-quote is-layout-flow wp-block-quote-is-layout-flow\">\n<p><span style=\"line-height: 1.5;\">\u25ba <a href=\"https:\/\/twitter.com\/FCGueugnon_Off\/status\/1637121935413846018\">Revivre le live<\/a><\/span><\/p>\n<\/blockquote>\n\n\n\n<div style=\"height:38px\" aria-hidden=\"true\" class=\"wp-block-spacer\"><\/div>\n\n\n\n<h3 class=\"wp-block-heading\"><strong>\ud83d\uddd3 National 3 &#8211; J16<\/strong> <\/h3>\n\n\n\n<p>Samedi 18 Mars<br>16:00 : AS Quetigny \u2013 FC Grandvillars : 2-6<br>18:00 : CA Pontarlier \u2013 Dijon FCO B : 2-3 <br>18:00 : Morteau-Montlebon \u2013 UCS Cosne : 1-3<br>18:00 : FC Gueugnon \u2013 Besan\u00e7on Foot : 1-0<br>18:00 : UF M\u00e2con \u2013 Is-Selongey : 2-1<\/p>\n\n\n\n<p>Dimanche 19 Mars<br>14:30 : Saint Apollinaire \u2013 FC Montceau : 1-1<br>15:00 : Sochaux-Montbeliard B \u2013 Jura Dolois Foot : 1-2<\/p>\n\n\n\n<p>\u25ba <a href=\"https:\/\/www.fcgueugnon.fr\/site\/calendrier-seniors-a-national-3-bourgogne-franche-comte\">Calendrier<\/a><\/p>\n\n\n\n<p>\u25ba <a href=\"https:\/\/www.fcgueugnon.fr\/site\/classement-national-3-bourgogne-franche-comte\">Classement<\/a><\/p>\n","protected":false},"excerpt":{"rendered":"<p>Dans une fin de saison qui s&rsquo;annonce ind\u00e9cise et palpitante, le\u00a0FC Gueugnon\u00a0a arrach\u00e9 un\u00a0succ\u00e8s pr\u00e9cieux\u00a0ce samedi face \u00e0 Besan\u00e7on Foot. Photos : FC Gueugnon \/ Bertrand Poizeau Ce samedi, nos Forgerons ont re\u00e7u les Bisontins au Stade Jean Laville pour la 18\u00e8me journ\u00e9e de National 3. Invaincu \u00e0 domicile depuis septembre, le FC Gueugnon avait &#8230; <\/p>\n<p class=\"read-more-container\"><a title=\"[N3 J18 : FC Gueugnon \u2013 Besan\u00e7on Foot] R\u00e9sultat, r\u00e9actions et r\u00e9sum\u00e9 vid\u00e9o\" class=\"read-more button\" href=\"https:\/\/www.fcgueugnon.fr\/site\/n3-j18-fc-gueugnon-besancon-foot-resultat-reactions-et-resume-video\/3861#more-3861\" aria-label=\"Plus sur [N3 J18 : FC Gueugnon \u2013 Besan\u00e7on Foot] R\u00e9sultat, r\u00e9actions et r\u00e9sum\u00e9 vid\u00e9o\">Lire la suite<\/a><\/p>\n","protected":false},"author":3,"featured_media":3863,"comment_status":"closed","ping_status":"closed","sticky":true,"template":"","format":"standard","meta":{"footnotes":""},"categories":[5,4],"tags":[27,31],"class_list":["post-3861","post","type-post","status-publish","format-standard","has-post-thumbnail","hentry","category-news-2022-2023","category-news","tag-resultat","tag-video","infinite-scroll-item","generate-columns","tablet-grid-50","mobile-grid-100","grid-parent","grid-25"],"yoast_head":"<!-- This site is optimized with the Yoast SEO plugin v26.6 - https:\/\/yoast.com\/wordpress\/plugins\/seo\/ -->\n<title>[N3 J18 : FC Gueugnon \u2013 Besan\u00e7on Foot] R\u00e9sultat, r\u00e9actions et r\u00e9sum\u00e9 vid\u00e9o &#8226; FOOTBALL CLUB GUEUGNON<\/title>\n<meta name=\"robots\" content=\"index, follow, max-snippet:-1, max-image-preview:large, max-video-preview:-1\" \/>\n<link rel=\"canonical\" href=\"https:\/\/www.fcgueugnon.fr\/site\/n3-j18-fc-gueugnon-besancon-foot-resultat-reactions-et-resume-video\/3861\" \/>\n<meta property=\"og:locale\" content=\"fr_FR\" \/>\n<meta property=\"og:type\" content=\"article\" \/>\n<meta property=\"og:title\" content=\"[N3 J18 : FC Gueugnon \u2013 Besan\u00e7on Foot] R\u00e9sultat, r\u00e9actions et r\u00e9sum\u00e9 vid\u00e9o &#8226; FOOTBALL CLUB GUEUGNON\" \/>\n<meta property=\"og:description\" content=\"Dans une fin de saison qui s&rsquo;annonce ind\u00e9cise et palpitante, le\u00a0FC Gueugnon\u00a0a arrach\u00e9 un\u00a0succ\u00e8s pr\u00e9cieux\u00a0ce samedi face \u00e0 Besan\u00e7on Foot. Photos : FC Gueugnon \/ Bertrand Poizeau Ce samedi, nos Forgerons ont re\u00e7u les Bisontins au Stade Jean Laville pour la 18\u00e8me journ\u00e9e de National 3. Invaincu \u00e0 domicile depuis septembre, le FC Gueugnon avait ... Lire la suite\" \/>\n<meta property=\"og:url\" content=\"https:\/\/www.fcgueugnon.fr\/site\/n3-j18-fc-gueugnon-besancon-foot-resultat-reactions-et-resume-video\/3861\" \/>\n<meta property=\"og:site_name\" content=\"FOOTBALL CLUB GUEUGNON\" \/>\n<meta property=\"article:publisher\" content=\"http:\/\/facebook.com\/FCGueugnon\" \/>\n<meta property=\"article:published_time\" content=\"2023-03-20T15:32:17+00:00\" \/>\n<meta property=\"article:modified_time\" content=\"2023-05-13T11:11:20+00:00\" \/>\n<meta property=\"og:image\" content=\"https:\/\/www.fcgueugnon.fr\/site\/wp-content\/uploads\/2023\/03\/fcg-bf.jpg\" \/>\n\t<meta property=\"og:image:width\" content=\"2048\" \/>\n\t<meta property=\"og:image:height\" content=\"1365\" \/>\n\t<meta property=\"og:image:type\" content=\"image\/jpeg\" \/>\n<meta name=\"author\" content=\"FC Gueugnon\" \/>\n<meta name=\"twitter:card\" content=\"summary_large_image\" \/>\n<meta name=\"twitter:creator\" content=\"@FCGueugnon_off\" \/>\n<meta name=\"twitter:site\" content=\"@FCGueugnon_off\" \/>\n<meta name=\"twitter:label1\" content=\"\u00c9crit par\" \/>\n\t<meta name=\"twitter:data1\" content=\"FC Gueugnon\" \/>\n\t<meta name=\"twitter:label2\" content=\"Dur\u00e9e de lecture estim\u00e9e\" \/>\n\t<meta name=\"twitter:data2\" content=\"4 minutes\" \/>\n<script type=\"application\/ld+json\" class=\"yoast-schema-graph\">{\"@context\":\"https:\/\/schema.org\",\"@graph\":[{\"@type\":\"Article\",\"@id\":\"https:\/\/www.fcgueugnon.fr\/site\/n3-j18-fc-gueugnon-besancon-foot-resultat-reactions-et-resume-video\/3861#article\",\"isPartOf\":{\"@id\":\"https:\/\/www.fcgueugnon.fr\/site\/n3-j18-fc-gueugnon-besancon-foot-resultat-reactions-et-resume-video\/3861\"},\"author\":{\"name\":\"FC Gueugnon\",\"@id\":\"https:\/\/www.fcgueugnon.fr\/site\/#\/schema\/person\/829630bfb5d6f3ebe4d296b75687c01a\"},\"headline\":\"[N3 J18 : FC Gueugnon \u2013 Besan\u00e7on Foot] R\u00e9sultat, r\u00e9actions et r\u00e9sum\u00e9 vid\u00e9o\",\"datePublished\":\"2023-03-20T15:32:17+00:00\",\"dateModified\":\"2023-05-13T11:11:20+00:00\",\"mainEntityOfPage\":{\"@id\":\"https:\/\/www.fcgueugnon.fr\/site\/n3-j18-fc-gueugnon-besancon-foot-resultat-reactions-et-resume-video\/3861\"},\"wordCount\":502,\"publisher\":{\"@id\":\"https:\/\/www.fcgueugnon.fr\/site\/#organization\"},\"image\":{\"@id\":\"https:\/\/www.fcgueugnon.fr\/site\/n3-j18-fc-gueugnon-besancon-foot-resultat-reactions-et-resume-video\/3861#primaryimage\"},\"thumbnailUrl\":\"https:\/\/www.fcgueugnon.fr\/site\/wp-content\/uploads\/2023\/03\/fcg-bf.jpg\",\"keywords\":[\"R\u00e9sultat\",\"Vid\u00e9o\"],\"articleSection\":[\"Archives 2022\/2023\",\"News\"],\"inLanguage\":\"fr-FR\"},{\"@type\":\"WebPage\",\"@id\":\"https:\/\/www.fcgueugnon.fr\/site\/n3-j18-fc-gueugnon-besancon-foot-resultat-reactions-et-resume-video\/3861\",\"url\":\"https:\/\/www.fcgueugnon.fr\/site\/n3-j18-fc-gueugnon-besancon-foot-resultat-reactions-et-resume-video\/3861\",\"name\":\"[N3 J18 : FC Gueugnon \u2013 Besan\u00e7on Foot] R\u00e9sultat, r\u00e9actions et r\u00e9sum\u00e9 vid\u00e9o &#8226; FOOTBALL CLUB GUEUGNON\",\"isPartOf\":{\"@id\":\"https:\/\/www.fcgueugnon.fr\/site\/#website\"},\"primaryImageOfPage\":{\"@id\":\"https:\/\/www.fcgueugnon.fr\/site\/n3-j18-fc-gueugnon-besancon-foot-resultat-reactions-et-resume-video\/3861#primaryimage\"},\"image\":{\"@id\":\"https:\/\/www.fcgueugnon.fr\/site\/n3-j18-fc-gueugnon-besancon-foot-resultat-reactions-et-resume-video\/3861#primaryimage\"},\"thumbnailUrl\":\"https:\/\/www.fcgueugnon.fr\/site\/wp-content\/uploads\/2023\/03\/fcg-bf.jpg\",\"datePublished\":\"2023-03-20T15:32:17+00:00\",\"dateModified\":\"2023-05-13T11:11:20+00:00\",\"breadcrumb\":{\"@id\":\"https:\/\/www.fcgueugnon.fr\/site\/n3-j18-fc-gueugnon-besancon-foot-resultat-reactions-et-resume-video\/3861#breadcrumb\"},\"inLanguage\":\"fr-FR\",\"potentialAction\":[{\"@type\":\"ReadAction\",\"target\":[\"https:\/\/www.fcgueugnon.fr\/site\/n3-j18-fc-gueugnon-besancon-foot-resultat-reactions-et-resume-video\/3861\"]}]},{\"@type\":\"ImageObject\",\"inLanguage\":\"fr-FR\",\"@id\":\"https:\/\/www.fcgueugnon.fr\/site\/n3-j18-fc-gueugnon-besancon-foot-resultat-reactions-et-resume-video\/3861#primaryimage\",\"url\":\"https:\/\/www.fcgueugnon.fr\/site\/wp-content\/uploads\/2023\/03\/fcg-bf.jpg\",\"contentUrl\":\"https:\/\/www.fcgueugnon.fr\/site\/wp-content\/uploads\/2023\/03\/fcg-bf.jpg\",\"width\":2048,\"height\":1365},{\"@type\":\"BreadcrumbList\",\"@id\":\"https:\/\/www.fcgueugnon.fr\/site\/n3-j18-fc-gueugnon-besancon-foot-resultat-reactions-et-resume-video\/3861#breadcrumb\",\"itemListElement\":[{\"@type\":\"ListItem\",\"position\":1,\"name\":\"Accueil\",\"item\":\"https:\/\/www.fcgueugnon.fr\/site\/\"},{\"@type\":\"ListItem\",\"position\":2,\"name\":\"[N3 J18 : FC Gueugnon \u2013 Besan\u00e7on Foot] R\u00e9sultat, r\u00e9actions et r\u00e9sum\u00e9 vid\u00e9o\"}]},{\"@type\":\"WebSite\",\"@id\":\"https:\/\/www.fcgueugnon.fr\/site\/#website\",\"url\":\"https:\/\/www.fcgueugnon.fr\/site\/\",\"name\":\"FOOTBALL CLUB GUEUGNON\",\"description\":\"Le Site Officiel des Forgerons\",\"publisher\":{\"@id\":\"https:\/\/www.fcgueugnon.fr\/site\/#organization\"},\"potentialAction\":[{\"@type\":\"SearchAction\",\"target\":{\"@type\":\"EntryPoint\",\"urlTemplate\":\"https:\/\/www.fcgueugnon.fr\/site\/?s={search_term_string}\"},\"query-input\":{\"@type\":\"PropertyValueSpecification\",\"valueRequired\":true,\"valueName\":\"search_term_string\"}}],\"inLanguage\":\"fr-FR\"},{\"@type\":\"Organization\",\"@id\":\"https:\/\/www.fcgueugnon.fr\/site\/#organization\",\"name\":\"FC Gueugnon\",\"url\":\"https:\/\/www.fcgueugnon.fr\/site\/\",\"logo\":{\"@type\":\"ImageObject\",\"inLanguage\":\"fr-FR\",\"@id\":\"https:\/\/www.fcgueugnon.fr\/site\/#\/schema\/logo\/image\/\",\"url\":\"https:\/\/www.fcgueugnon.fr\/site\/wp-content\/uploads\/2022\/07\/cropped-Logo-FCGUEUGNON-low-350x350-1.png\",\"contentUrl\":\"https:\/\/www.fcgueugnon.fr\/site\/wp-content\/uploads\/2022\/07\/cropped-Logo-FCGUEUGNON-low-350x350-1.png\",\"width\":350,\"height\":350,\"caption\":\"FC Gueugnon\"},\"image\":{\"@id\":\"https:\/\/www.fcgueugnon.fr\/site\/#\/schema\/logo\/image\/\"},\"sameAs\":[\"http:\/\/facebook.com\/FCGueugnon\",\"https:\/\/x.com\/FCGueugnon_off\",\"https:\/\/www.instagram.com\/fcgueugnon\/\",\"https:\/\/www.linkedin.com\/company\/football-club-de-gueugnon\/\",\"https:\/\/www.youtube.com\/user\/FCGueugnonnais\",\"https:\/\/fr.wikipedia.org\/wiki\/Football_Club_de_Gueugnon\"]},{\"@type\":\"Person\",\"@id\":\"https:\/\/www.fcgueugnon.fr\/site\/#\/schema\/person\/829630bfb5d6f3ebe4d296b75687c01a\",\"name\":\"FC Gueugnon\",\"url\":\"https:\/\/www.fcgueugnon.fr\/site\/author\/g-avin1\"}]}<\/script>\n<!-- \/ Yoast SEO plugin. -->","yoast_head_json":{"title":"[N3 J18 : FC Gueugnon \u2013 Besan\u00e7on Foot] R\u00e9sultat, r\u00e9actions et r\u00e9sum\u00e9 vid\u00e9o &#8226; FOOTBALL CLUB GUEUGNON","robots":{"index":"index","follow":"follow","max-snippet":"max-snippet:-1","max-image-preview":"max-image-preview:large","max-video-preview":"max-video-preview:-1"},"canonical":"https:\/\/www.fcgueugnon.fr\/site\/n3-j18-fc-gueugnon-besancon-foot-resultat-reactions-et-resume-video\/3861","og_locale":"fr_FR","og_type":"article","og_title":"[N3 J18 : FC Gueugnon \u2013 Besan\u00e7on Foot] R\u00e9sultat, r\u00e9actions et r\u00e9sum\u00e9 vid\u00e9o &#8226; FOOTBALL CLUB GUEUGNON","og_description":"Dans une fin de saison qui s&rsquo;annonce ind\u00e9cise et palpitante, le\u00a0FC Gueugnon\u00a0a arrach\u00e9 un\u00a0succ\u00e8s pr\u00e9cieux\u00a0ce samedi face \u00e0 Besan\u00e7on Foot. Photos : FC Gueugnon \/ Bertrand Poizeau Ce samedi, nos Forgerons ont re\u00e7u les Bisontins au Stade Jean Laville pour la 18\u00e8me journ\u00e9e de National 3. Invaincu \u00e0 domicile depuis septembre, le FC Gueugnon avait ... Lire la suite","og_url":"https:\/\/www.fcgueugnon.fr\/site\/n3-j18-fc-gueugnon-besancon-foot-resultat-reactions-et-resume-video\/3861","og_site_name":"FOOTBALL CLUB GUEUGNON","article_publisher":"http:\/\/facebook.com\/FCGueugnon","article_published_time":"2023-03-20T15:32:17+00:00","article_modified_time":"2023-05-13T11:11:20+00:00","og_image":[{"width":2048,"height":1365,"url":"https:\/\/www.fcgueugnon.fr\/site\/wp-content\/uploads\/2023\/03\/fcg-bf.jpg","type":"image\/jpeg"}],"author":"FC Gueugnon","twitter_card":"summary_large_image","twitter_creator":"@FCGueugnon_off","twitter_site":"@FCGueugnon_off","twitter_misc":{"\u00c9crit par":"FC Gueugnon","Dur\u00e9e de lecture estim\u00e9e":"4 minutes"},"schema":{"@context":"https:\/\/schema.org","@graph":[{"@type":"Article","@id":"https:\/\/www.fcgueugnon.fr\/site\/n3-j18-fc-gueugnon-besancon-foot-resultat-reactions-et-resume-video\/3861#article","isPartOf":{"@id":"https:\/\/www.fcgueugnon.fr\/site\/n3-j18-fc-gueugnon-besancon-foot-resultat-reactions-et-resume-video\/3861"},"author":{"name":"FC Gueugnon","@id":"https:\/\/www.fcgueugnon.fr\/site\/#\/schema\/person\/829630bfb5d6f3ebe4d296b75687c01a"},"headline":"[N3 J18 : FC Gueugnon \u2013 Besan\u00e7on Foot] R\u00e9sultat, r\u00e9actions et r\u00e9sum\u00e9 vid\u00e9o","datePublished":"2023-03-20T15:32:17+00:00","dateModified":"2023-05-13T11:11:20+00:00","mainEntityOfPage":{"@id":"https:\/\/www.fcgueugnon.fr\/site\/n3-j18-fc-gueugnon-besancon-foot-resultat-reactions-et-resume-video\/3861"},"wordCount":502,"publisher":{"@id":"https:\/\/www.fcgueugnon.fr\/site\/#organization"},"image":{"@id":"https:\/\/www.fcgueugnon.fr\/site\/n3-j18-fc-gueugnon-besancon-foot-resultat-reactions-et-resume-video\/3861#primaryimage"},"thumbnailUrl":"https:\/\/www.fcgueugnon.fr\/site\/wp-content\/uploads\/2023\/03\/fcg-bf.jpg","keywords":["R\u00e9sultat","Vid\u00e9o"],"articleSection":["Archives 2022\/2023","News"],"inLanguage":"fr-FR"},{"@type":"WebPage","@id":"https:\/\/www.fcgueugnon.fr\/site\/n3-j18-fc-gueugnon-besancon-foot-resultat-reactions-et-resume-video\/3861","url":"https:\/\/www.fcgueugnon.fr\/site\/n3-j18-fc-gueugnon-besancon-foot-resultat-reactions-et-resume-video\/3861","name":"[N3 J18 : FC Gueugnon \u2013 Besan\u00e7on Foot] R\u00e9sultat, r\u00e9actions et r\u00e9sum\u00e9 vid\u00e9o &#8226; FOOTBALL CLUB GUEUGNON","isPartOf":{"@id":"https:\/\/www.fcgueugnon.fr\/site\/#website"},"primaryImageOfPage":{"@id":"https:\/\/www.fcgueugnon.fr\/site\/n3-j18-fc-gueugnon-besancon-foot-resultat-reactions-et-resume-video\/3861#primaryimage"},"image":{"@id":"https:\/\/www.fcgueugnon.fr\/site\/n3-j18-fc-gueugnon-besancon-foot-resultat-reactions-et-resume-video\/3861#primaryimage"},"thumbnailUrl":"https:\/\/www.fcgueugnon.fr\/site\/wp-content\/uploads\/2023\/03\/fcg-bf.jpg","datePublished":"2023-03-20T15:32:17+00:00","dateModified":"2023-05-13T11:11:20+00:00","breadcrumb":{"@id":"https:\/\/www.fcgueugnon.fr\/site\/n3-j18-fc-gueugnon-besancon-foot-resultat-reactions-et-resume-video\/3861#breadcrumb"},"inLanguage":"fr-FR","potentialAction":[{"@type":"ReadAction","target":["https:\/\/www.fcgueugnon.fr\/site\/n3-j18-fc-gueugnon-besancon-foot-resultat-reactions-et-resume-video\/3861"]}]},{"@type":"ImageObject","inLanguage":"fr-FR","@id":"https:\/\/www.fcgueugnon.fr\/site\/n3-j18-fc-gueugnon-besancon-foot-resultat-reactions-et-resume-video\/3861#primaryimage","url":"https:\/\/www.fcgueugnon.fr\/site\/wp-content\/uploads\/2023\/03\/fcg-bf.jpg","contentUrl":"https:\/\/www.fcgueugnon.fr\/site\/wp-content\/uploads\/2023\/03\/fcg-bf.jpg","width":2048,"height":1365},{"@type":"BreadcrumbList","@id":"https:\/\/www.fcgueugnon.fr\/site\/n3-j18-fc-gueugnon-besancon-foot-resultat-reactions-et-resume-video\/3861#breadcrumb","itemListElement":[{"@type":"ListItem","position":1,"name":"Accueil","item":"https:\/\/www.fcgueugnon.fr\/site\/"},{"@type":"ListItem","position":2,"name":"[N3 J18 : FC Gueugnon \u2013 Besan\u00e7on Foot] R\u00e9sultat, r\u00e9actions et r\u00e9sum\u00e9 vid\u00e9o"}]},{"@type":"WebSite","@id":"https:\/\/www.fcgueugnon.fr\/site\/#website","url":"https:\/\/www.fcgueugnon.fr\/site\/","name":"FOOTBALL CLUB GUEUGNON","description":"Le Site Officiel des Forgerons","publisher":{"@id":"https:\/\/www.fcgueugnon.fr\/site\/#organization"},"potentialAction":[{"@type":"SearchAction","target":{"@type":"EntryPoint","urlTemplate":"https:\/\/www.fcgueugnon.fr\/site\/?s={search_term_string}"},"query-input":{"@type":"PropertyValueSpecification","valueRequired":true,"valueName":"search_term_string"}}],"inLanguage":"fr-FR"},{"@type":"Organization","@id":"https:\/\/www.fcgueugnon.fr\/site\/#organization","name":"FC Gueugnon","url":"https:\/\/www.fcgueugnon.fr\/site\/","logo":{"@type":"ImageObject","inLanguage":"fr-FR","@id":"https:\/\/www.fcgueugnon.fr\/site\/#\/schema\/logo\/image\/","url":"https:\/\/www.fcgueugnon.fr\/site\/wp-content\/uploads\/2022\/07\/cropped-Logo-FCGUEUGNON-low-350x350-1.png","contentUrl":"https:\/\/www.fcgueugnon.fr\/site\/wp-content\/uploads\/2022\/07\/cropped-Logo-FCGUEUGNON-low-350x350-1.png","width":350,"height":350,"caption":"FC Gueugnon"},"image":{"@id":"https:\/\/www.fcgueugnon.fr\/site\/#\/schema\/logo\/image\/"},"sameAs":["http:\/\/facebook.com\/FCGueugnon","https:\/\/x.com\/FCGueugnon_off","https:\/\/www.instagram.com\/fcgueugnon\/","https:\/\/www.linkedin.com\/company\/football-club-de-gueugnon\/","https:\/\/www.youtube.com\/user\/FCGueugnonnais","https:\/\/fr.wikipedia.org\/wiki\/Football_Club_de_Gueugnon"]},{"@type":"Person","@id":"https:\/\/www.fcgueugnon.fr\/site\/#\/schema\/person\/829630bfb5d6f3ebe4d296b75687c01a","name":"FC Gueugnon","url":"https:\/\/www.fcgueugnon.fr\/site\/author\/g-avin1"}]}},"rttpg_featured_image_url":{"full":["https:\/\/www.fcgueugnon.fr\/site\/wp-content\/uploads\/2023\/03\/fcg-bf.jpg",2048,1365,false],"landscape":["https:\/\/www.fcgueugnon.fr\/site\/wp-content\/uploads\/2023\/03\/fcg-bf.jpg",2048,1365,false],"portraits":["https:\/\/www.fcgueugnon.fr\/site\/wp-content\/uploads\/2023\/03\/fcg-bf.jpg",2048,1365,false],"thumbnail":["https:\/\/www.fcgueugnon.fr\/site\/wp-content\/uploads\/2023\/03\/fcg-bf-150x150.jpg",150,150,true],"medium":["https:\/\/www.fcgueugnon.fr\/site\/wp-content\/uploads\/2023\/03\/fcg-bf-400x267.jpg",400,267,true],"large":["https:\/\/www.fcgueugnon.fr\/site\/wp-content\/uploads\/2023\/03\/fcg-bf-1024x683.jpg",1024,683,true],"1536x1536":["https:\/\/www.fcgueugnon.fr\/site\/wp-content\/uploads\/2023\/03\/fcg-bf-1536x1024.jpg",1536,1024,true],"2048x2048":["https:\/\/www.fcgueugnon.fr\/site\/wp-content\/uploads\/2023\/03\/fcg-bf.jpg",2048,1365,false]},"rttpg_author":{"display_name":"FC Gueugnon","author_link":"https:\/\/www.fcgueugnon.fr\/site\/author\/g-avin1"},"rttpg_comment":0,"rttpg_category":"<a href=\"https:\/\/www.fcgueugnon.fr\/site\/category\/news\/news-2022-2023\" rel=\"category tag\">Archives 2022\/2023<\/a> <a href=\"https:\/\/www.fcgueugnon.fr\/site\/category\/news\" rel=\"category tag\">News<\/a>","rttpg_excerpt":"Dans une fin de saison qui s&rsquo;annonce ind\u00e9cise et palpitante, le\u00a0FC Gueugnon\u00a0a arrach\u00e9 un\u00a0succ\u00e8s pr\u00e9cieux\u00a0ce samedi face \u00e0 Besan\u00e7on Foot. Photos : FC Gueugnon \/ Bertrand Poizeau Ce samedi, nos Forgerons ont re\u00e7u les Bisontins au Stade Jean Laville pour la 18\u00e8me journ\u00e9e de National 3. Invaincu \u00e0 domicile depuis septembre, le FC Gueugnon avait\u2026","_links":{"self":[{"href":"https:\/\/www.fcgueugnon.fr\/site\/wp-json\/wp\/v2\/posts\/3861","targetHints":{"allow":["GET"]}}],"collection":[{"href":"https:\/\/www.fcgueugnon.fr\/site\/wp-json\/wp\/v2\/posts"}],"about":[{"href":"https:\/\/www.fcgueugnon.fr\/site\/wp-json\/wp\/v2\/types\/post"}],"author":[{"embeddable":true,"href":"https:\/\/www.fcgueugnon.fr\/site\/wp-json\/wp\/v2\/users\/3"}],"replies":[{"embeddable":true,"href":"https:\/\/www.fcgueugnon.fr\/site\/wp-json\/wp\/v2\/comments?post=3861"}],"version-history":[{"count":4,"href":"https:\/\/www.fcgueugnon.fr\/site\/wp-json\/wp\/v2\/posts\/3861\/revisions"}],"predecessor-version":[{"id":4289,"href":"https:\/\/www.fcgueugnon.fr\/site\/wp-json\/wp\/v2\/posts\/3861\/revisions\/4289"}],"wp:featuredmedia":[{"embeddable":true,"href":"https:\/\/www.fcgueugnon.fr\/site\/wp-json\/wp\/v2\/media\/3863"}],"wp:attachment":[{"href":"https:\/\/www.fcgueugnon.fr\/site\/wp-json\/wp\/v2\/media?parent=3861"}],"wp:term":[{"taxonomy":"category","embeddable":true,"href":"https:\/\/www.fcgueugnon.fr\/site\/wp-json\/wp\/v2\/categories?post=3861"},{"taxonomy":"post_tag","embeddable":true,"href":"https:\/\/www.fcgueugnon.fr\/site\/wp-json\/wp\/v2\/tags?post=3861"}],"curies":[{"name":"wp","href":"https:\/\/api.w.org\/{rel}","templated":true}]}}