{"id":3823,"date":"2023-03-20T11:26:10","date_gmt":"2023-03-20T10:26:10","guid":{"rendered":"https:\/\/www.fcgueugnon.fr\/site\/?p=3823"},"modified":"2023-05-13T13:14:41","modified_gmt":"2023-05-13T11:14:41","slug":"agenda-les-resultats-du-week-end-du-18-et-19-mars-2023","status":"publish","type":"post","link":"https:\/\/www.fcgueugnon.fr\/site\/agenda-les-resultats-du-week-end-du-18-et-19-mars-2023\/3823","title":{"rendered":"[Agenda] Les r\u00e9sultats du week-end du 18 et 19 Mars 2023"},"content":{"rendered":"\n<h2 class=\"wp-block-heading\">Les r\u00e9sultats de nos forgerons ce week-end :<\/h2>\n\n\n\n<div style=\"height:35px\" aria-hidden=\"true\" class=\"wp-block-spacer\"><\/div>\n\n\n\n<h3 class=\"blue-underline-title wp-block-heading\">S\u00e9niors<\/h3>\n\n\n\n<p><em>Groupe N3 \u2013 J18<\/em> \u2705<br>Samedi 18\/03 \u2013 18h00<br><strong>FC Gueugnon \/ Besan\u00e7on Foot : 1-0<\/strong><br>But : Rollin sp (90+4&prime;)<\/p>\n\n\n\n<div style=\"height:20px\" aria-hidden=\"true\" class=\"wp-block-spacer\"><\/div>\n\n\n<div class=\"wp-block-image\">\n<figure class=\"aligncenter size-full is-resized\"><img loading=\"lazy\" decoding=\"async\" src=\"https:\/\/www.fcgueugnon.fr\/site\/wp-content\/uploads\/2023\/03\/SCORE-FINAL-1.png\" alt=\"\" class=\"wp-image-3821\" width=\"500\" height=\"500\" srcset=\"https:\/\/www.fcgueugnon.fr\/site\/wp-content\/uploads\/2023\/03\/SCORE-FINAL-1.png 2000w, https:\/\/www.fcgueugnon.fr\/site\/wp-content\/uploads\/2023\/03\/SCORE-FINAL-1-400x400.png 400w, https:\/\/www.fcgueugnon.fr\/site\/wp-content\/uploads\/2023\/03\/SCORE-FINAL-1-1024x1024.png 1024w, https:\/\/www.fcgueugnon.fr\/site\/wp-content\/uploads\/2023\/03\/SCORE-FINAL-1-150x150.png 150w, https:\/\/www.fcgueugnon.fr\/site\/wp-content\/uploads\/2023\/03\/SCORE-FINAL-1-768x768.png 768w, https:\/\/www.fcgueugnon.fr\/site\/wp-content\/uploads\/2023\/03\/SCORE-FINAL-1-1536x1536.png 1536w, https:\/\/www.fcgueugnon.fr\/site\/wp-content\/uploads\/2023\/03\/SCORE-FINAL-1-1320x1320.png 1320w, https:\/\/www.fcgueugnon.fr\/site\/wp-content\/uploads\/2023\/03\/SCORE-FINAL-1-300x300.png 300w, https:\/\/www.fcgueugnon.fr\/site\/wp-content\/uploads\/2023\/03\/SCORE-FINAL-1-600x600.png 600w, https:\/\/www.fcgueugnon.fr\/site\/wp-content\/uploads\/2023\/03\/SCORE-FINAL-1-100x100.png 100w\" sizes=\"auto, (max-width: 500px) 100vw, 500px\" \/><\/figure>\n<\/div>\n\n\n<div style=\"height:20px\" aria-hidden=\"true\" class=\"wp-block-spacer\"><\/div>\n\n\n\n<p><em>Groupe Espoir \u2013 R1 J14<\/em> \u2705<br>Dimanche 19\/03 \u2013 15h00<br><strong>FC Gueugnon \/ US Saint-Sernin : 4-3<\/strong><br>Buts : Ngono (1\u2019) &#8211; Figueira (47\u2019) &#8211; Zahaf sp (69\u2019) &#8211; Ba (83\u2019)<\/p>\n\n\n\n<div style=\"height:20px\" aria-hidden=\"true\" class=\"wp-block-spacer\"><\/div>\n\n\n<div class=\"wp-block-image\">\n<figure class=\"aligncenter size-full is-resized\"><img loading=\"lazy\" decoding=\"async\" src=\"https:\/\/www.fcgueugnon.fr\/site\/wp-content\/uploads\/2023\/03\/ESPOIRS.jpg\" alt=\"\" class=\"wp-image-3829\" width=\"1024\" height=\"768\" srcset=\"https:\/\/www.fcgueugnon.fr\/site\/wp-content\/uploads\/2023\/03\/ESPOIRS.jpg 2048w, https:\/\/www.fcgueugnon.fr\/site\/wp-content\/uploads\/2023\/03\/ESPOIRS-400x300.jpg 400w, https:\/\/www.fcgueugnon.fr\/site\/wp-content\/uploads\/2023\/03\/ESPOIRS-1024x768.jpg 1024w, https:\/\/www.fcgueugnon.fr\/site\/wp-content\/uploads\/2023\/03\/ESPOIRS-768x576.jpg 768w, https:\/\/www.fcgueugnon.fr\/site\/wp-content\/uploads\/2023\/03\/ESPOIRS-1536x1152.jpg 1536w, https:\/\/www.fcgueugnon.fr\/site\/wp-content\/uploads\/2023\/03\/ESPOIRS-1320x990.jpg 1320w, https:\/\/www.fcgueugnon.fr\/site\/wp-content\/uploads\/2023\/03\/ESPOIRS-600x450.jpg 600w\" sizes=\"auto, (max-width: 1024px) 100vw, 1024px\" \/><\/figure>\n<\/div>\n\n\n<div style=\"height:35px\" aria-hidden=\"true\" class=\"wp-block-spacer\"><\/div>\n\n\n\n<h3 class=\"blue-underline-title wp-block-heading\">Sport E.Leclerc Acad\u00e9mie<\/h3>\n\n\n\n<p><em>U18 R1 \u2013 J07<\/em> \u274c<br>Dimanche 19\/03 \u2013 12h30<br><strong>CA Pontarlier \/ FC Gueugnon : 3-0<\/strong><\/p>\n\n\n\n<p><em>U15 R1 \u2013 \u00bc de finales de la Coupe Cr\u00e9dit Agricole<\/em> \u2705<br>Samedi 18\/03 \u2013 15h00<br><strong>FC Gueugnon \/ Besan\u00e7on Foot : 1-0<\/strong><\/p>\n\n\n\n<div style=\"height:20px\" aria-hidden=\"true\" class=\"wp-block-spacer\"><\/div>\n\n\n\n<figure class=\"wp-block-gallery aligncenter has-nested-images columns-default is-cropped wp-block-gallery-1 is-layout-flex wp-block-gallery-is-layout-flex\">\n<figure class=\"wp-block-image size-full\"><img loading=\"lazy\" decoding=\"async\" width=\"1474\" height=\"967\" data-id=\"3826\" src=\"https:\/\/www.fcgueugnon.fr\/site\/wp-content\/uploads\/2023\/03\/U15-FCG-1.jpg\" alt=\"\" class=\"wp-image-3826\" srcset=\"https:\/\/www.fcgueugnon.fr\/site\/wp-content\/uploads\/2023\/03\/U15-FCG-1.jpg 1474w, https:\/\/www.fcgueugnon.fr\/site\/wp-content\/uploads\/2023\/03\/U15-FCG-1-400x262.jpg 400w, https:\/\/www.fcgueugnon.fr\/site\/wp-content\/uploads\/2023\/03\/U15-FCG-1-1024x672.jpg 1024w, https:\/\/www.fcgueugnon.fr\/site\/wp-content\/uploads\/2023\/03\/U15-FCG-1-768x504.jpg 768w, https:\/\/www.fcgueugnon.fr\/site\/wp-content\/uploads\/2023\/03\/U15-FCG-1-1320x866.jpg 1320w, https:\/\/www.fcgueugnon.fr\/site\/wp-content\/uploads\/2023\/03\/U15-FCG-1-600x394.jpg 600w\" sizes=\"auto, (max-width: 1474px) 100vw, 1474px\" \/><\/figure>\n\n\n\n<figure class=\"wp-block-image size-full\"><img loading=\"lazy\" decoding=\"async\" width=\"574\" height=\"449\" data-id=\"3825\" src=\"https:\/\/www.fcgueugnon.fr\/site\/wp-content\/uploads\/2023\/03\/U15-FCG-2.jpg\" alt=\"\" class=\"wp-image-3825\" srcset=\"https:\/\/www.fcgueugnon.fr\/site\/wp-content\/uploads\/2023\/03\/U15-FCG-2.jpg 574w, https:\/\/www.fcgueugnon.fr\/site\/wp-content\/uploads\/2023\/03\/U15-FCG-2-400x313.jpg 400w\" sizes=\"auto, (max-width: 574px) 100vw, 574px\" \/><\/figure>\n\n\n\n<figure class=\"wp-block-image size-full\"><img loading=\"lazy\" decoding=\"async\" width=\"676\" height=\"454\" data-id=\"3824\" src=\"https:\/\/www.fcgueugnon.fr\/site\/wp-content\/uploads\/2023\/03\/U15-FCG-3.jpg\" alt=\"\" class=\"wp-image-3824\" srcset=\"https:\/\/www.fcgueugnon.fr\/site\/wp-content\/uploads\/2023\/03\/U15-FCG-3.jpg 676w, https:\/\/www.fcgueugnon.fr\/site\/wp-content\/uploads\/2023\/03\/U15-FCG-3-400x269.jpg 400w, https:\/\/www.fcgueugnon.fr\/site\/wp-content\/uploads\/2023\/03\/U15-FCG-3-600x403.jpg 600w\" sizes=\"auto, (max-width: 676px) 100vw, 676px\" \/><\/figure>\n<\/figure>\n\n\n\n<div style=\"height:20px\" aria-hidden=\"true\" class=\"wp-block-spacer\"><\/div>\n\n\n\n<p><em>U15F \u2013 J04<\/em> \ud83d\udd00<br>Samedi 18\/03 \u2013 10h30<br><strong>FC Montceau Bourgogne \/ FC Gueugnon >> Report\u00e9<\/strong><\/p>\n\n\n\n<p><em>U12 <\/em>\u2611<br>Samedi 18\/03 \u2013 9h00<br><strong>Finale d\u00e9partementale au Creusot : 3\u00e8me place<\/strong><\/p>\n\n\n\n<div style=\"height:20px\" aria-hidden=\"true\" class=\"wp-block-spacer\"><\/div>\n\n\n\n<figure class=\"wp-block-gallery aligncenter has-nested-images columns-default is-cropped wp-block-gallery-2 is-layout-flex wp-block-gallery-is-layout-flex\">\n<figure class=\"wp-block-image size-large\"><img loading=\"lazy\" decoding=\"async\" width=\"1024\" height=\"768\" data-id=\"3827\" src=\"https:\/\/www.fcgueugnon.fr\/site\/wp-content\/uploads\/2023\/03\/U12-FCG-2-1024x768.jpg\" alt=\"\" class=\"wp-image-3827\" srcset=\"https:\/\/www.fcgueugnon.fr\/site\/wp-content\/uploads\/2023\/03\/U12-FCG-2-1024x768.jpg 1024w, https:\/\/www.fcgueugnon.fr\/site\/wp-content\/uploads\/2023\/03\/U12-FCG-2-400x300.jpg 400w, https:\/\/www.fcgueugnon.fr\/site\/wp-content\/uploads\/2023\/03\/U12-FCG-2-768x576.jpg 768w, https:\/\/www.fcgueugnon.fr\/site\/wp-content\/uploads\/2023\/03\/U12-FCG-2-1536x1152.jpg 1536w, https:\/\/www.fcgueugnon.fr\/site\/wp-content\/uploads\/2023\/03\/U12-FCG-2-1320x990.jpg 1320w, https:\/\/www.fcgueugnon.fr\/site\/wp-content\/uploads\/2023\/03\/U12-FCG-2-600x450.jpg 600w, https:\/\/www.fcgueugnon.fr\/site\/wp-content\/uploads\/2023\/03\/U12-FCG-2.jpg 1600w\" sizes=\"auto, (max-width: 1024px) 100vw, 1024px\" \/><\/figure>\n\n\n\n<figure class=\"wp-block-image size-large\"><img loading=\"lazy\" decoding=\"async\" width=\"1024\" height=\"858\" data-id=\"3828\" src=\"https:\/\/www.fcgueugnon.fr\/site\/wp-content\/uploads\/2023\/03\/U12-FCG-1-1024x858.jpg\" alt=\"\" class=\"wp-image-3828\" srcset=\"https:\/\/www.fcgueugnon.fr\/site\/wp-content\/uploads\/2023\/03\/U12-FCG-1-1024x858.jpg 1024w, https:\/\/www.fcgueugnon.fr\/site\/wp-content\/uploads\/2023\/03\/U12-FCG-1-400x335.jpg 400w, https:\/\/www.fcgueugnon.fr\/site\/wp-content\/uploads\/2023\/03\/U12-FCG-1-768x644.jpg 768w, https:\/\/www.fcgueugnon.fr\/site\/wp-content\/uploads\/2023\/03\/U12-FCG-1-1536x1287.jpg 1536w, https:\/\/www.fcgueugnon.fr\/site\/wp-content\/uploads\/2023\/03\/U12-FCG-1-1320x1106.jpg 1320w, https:\/\/www.fcgueugnon.fr\/site\/wp-content\/uploads\/2023\/03\/U12-FCG-1-600x503.jpg 600w, https:\/\/www.fcgueugnon.fr\/site\/wp-content\/uploads\/2023\/03\/U12-FCG-1.jpg 1600w\" sizes=\"auto, (max-width: 1024px) 100vw, 1024px\" \/><\/figure>\n<\/figure>\n\n\n\n<div style=\"height:20px\" aria-hidden=\"true\" class=\"wp-block-spacer\"><\/div>\n\n\n\n<p><em>U11 \u2013 Niveau 2<\/em> \u2611<br>Samedi 18\/03 \u2013 14h00<br><strong>Match amical contre U9 FC Gueugnon : 10-1<\/strong><br>Buts : Joani BASSANI x3, Antoine CHARNET x3, Lucas BADET, Leo REGNAULT.<\/p>\n\n\n\n<div style=\"height:20px\" aria-hidden=\"true\" class=\"wp-block-spacer\"><\/div>\n\n\n<div class=\"wp-block-image\">\n<figure class=\"aligncenter size-full is-resized\"><img loading=\"lazy\" decoding=\"async\" src=\"https:\/\/www.fcgueugnon.fr\/site\/wp-content\/uploads\/2023\/03\/U10.jpeg\" alt=\"\" class=\"wp-image-3846\" width=\"768\" height=\"1024\" srcset=\"https:\/\/www.fcgueugnon.fr\/site\/wp-content\/uploads\/2023\/03\/U10.jpeg 1536w, https:\/\/www.fcgueugnon.fr\/site\/wp-content\/uploads\/2023\/03\/U10-300x400.jpeg 300w, https:\/\/www.fcgueugnon.fr\/site\/wp-content\/uploads\/2023\/03\/U10-768x1024.jpeg 768w, https:\/\/www.fcgueugnon.fr\/site\/wp-content\/uploads\/2023\/03\/U10-1152x1536.jpeg 1152w, https:\/\/www.fcgueugnon.fr\/site\/wp-content\/uploads\/2023\/03\/U10-1320x1760.jpeg 1320w, https:\/\/www.fcgueugnon.fr\/site\/wp-content\/uploads\/2023\/03\/U10-600x800.jpeg 600w\" sizes=\"auto, (max-width: 768px) 100vw, 768px\" \/><\/figure>\n<\/div>\n\n\n<div style=\"height:20px\" aria-hidden=\"true\" class=\"wp-block-spacer\"><\/div>\n\n\n\n<p><em>U08 &#8211; U09<\/em> \u2611<br>Samedi 18\/03 \u2013 14h00<br><strong>Match amical contre U11 FC Gueugnon : 1-10<\/strong><\/p>\n\n\n\n<div style=\"height:20px\" aria-hidden=\"true\" class=\"wp-block-spacer\"><\/div>\n\n\n<div class=\"wp-block-image\">\n<figure class=\"aligncenter size-full is-resized\"><img loading=\"lazy\" decoding=\"async\" src=\"https:\/\/www.fcgueugnon.fr\/site\/wp-content\/uploads\/2023\/03\/U9.jpeg\" alt=\"\" class=\"wp-image-3845\" width=\"800\" height=\"600\" srcset=\"https:\/\/www.fcgueugnon.fr\/site\/wp-content\/uploads\/2023\/03\/U9.jpeg 1600w, https:\/\/www.fcgueugnon.fr\/site\/wp-content\/uploads\/2023\/03\/U9-400x300.jpeg 400w, https:\/\/www.fcgueugnon.fr\/site\/wp-content\/uploads\/2023\/03\/U9-1024x768.jpeg 1024w, https:\/\/www.fcgueugnon.fr\/site\/wp-content\/uploads\/2023\/03\/U9-768x576.jpeg 768w, https:\/\/www.fcgueugnon.fr\/site\/wp-content\/uploads\/2023\/03\/U9-1536x1152.jpeg 1536w, https:\/\/www.fcgueugnon.fr\/site\/wp-content\/uploads\/2023\/03\/U9-1320x990.jpeg 1320w, https:\/\/www.fcgueugnon.fr\/site\/wp-content\/uploads\/2023\/03\/U9-600x450.jpeg 600w\" sizes=\"auto, (max-width: 800px) 100vw, 800px\" \/><\/figure>\n<\/div>\n\n\n<div style=\"height:20px\" aria-hidden=\"true\" class=\"wp-block-spacer\"><\/div>\n\n\n\n<p><em>U08 &#8211; U09<\/em> \u2611<br>Samedi 18\/03 \u2013 10h30<br><strong>Plateau \u00e0 Vendenesse-sur-Arroux <\/strong><br>Niveau 1 &#8211; \u00c9quipe U8 : 3V, 1D<br>Niveau 1 &#8211; \u00c9quipe U7 : 3V, 1D<br>Niveau 2 &#8211; \u00c9quipe U8\/U9 : 2V, 1N, 2D<\/p>\n\n\n\n<div style=\"height:20px\" aria-hidden=\"true\" class=\"wp-block-spacer\"><\/div>\n\n\n\n<figure class=\"wp-block-coblocks-gallery-masonry masonry-grid has-medium-gutter\">\n<figure class=\"wp-block-image size-large\"><img loading=\"lazy\" decoding=\"async\" width=\"1024\" height=\"768\" src=\"https:\/\/www.fcgueugnon.fr\/site\/wp-content\/uploads\/2023\/03\/U8-U9-2-1024x768.jpeg\" alt=\"Image gallery image\" class=\"wp-image-3841\" srcset=\"https:\/\/www.fcgueugnon.fr\/site\/wp-content\/uploads\/2023\/03\/U8-U9-2-1024x768.jpeg 1024w, https:\/\/www.fcgueugnon.fr\/site\/wp-content\/uploads\/2023\/03\/U8-U9-2-400x300.jpeg 400w, https:\/\/www.fcgueugnon.fr\/site\/wp-content\/uploads\/2023\/03\/U8-U9-2-768x576.jpeg 768w, https:\/\/www.fcgueugnon.fr\/site\/wp-content\/uploads\/2023\/03\/U8-U9-2-1536x1152.jpeg 1536w, https:\/\/www.fcgueugnon.fr\/site\/wp-content\/uploads\/2023\/03\/U8-U9-2-1320x990.jpeg 1320w, https:\/\/www.fcgueugnon.fr\/site\/wp-content\/uploads\/2023\/03\/U8-U9-2-600x450.jpeg 600w, https:\/\/www.fcgueugnon.fr\/site\/wp-content\/uploads\/2023\/03\/U8-U9-2.jpeg 1600w\" sizes=\"auto, (max-width: 1024px) 100vw, 1024px\" \/><\/figure>\n\n\n\n<figure class=\"wp-block-image size-large\"><img loading=\"lazy\" decoding=\"async\" width=\"768\" height=\"1024\" src=\"https:\/\/www.fcgueugnon.fr\/site\/wp-content\/uploads\/2023\/03\/U8-U9-3-768x1024.jpeg\" alt=\"Image gallery image\" class=\"wp-image-3844\" srcset=\"https:\/\/www.fcgueugnon.fr\/site\/wp-content\/uploads\/2023\/03\/U8-U9-3-768x1024.jpeg 768w, https:\/\/www.fcgueugnon.fr\/site\/wp-content\/uploads\/2023\/03\/U8-U9-3-300x400.jpeg 300w, https:\/\/www.fcgueugnon.fr\/site\/wp-content\/uploads\/2023\/03\/U8-U9-3-1152x1536.jpeg 1152w, https:\/\/www.fcgueugnon.fr\/site\/wp-content\/uploads\/2023\/03\/U8-U9-3-600x800.jpeg 600w, https:\/\/www.fcgueugnon.fr\/site\/wp-content\/uploads\/2023\/03\/U8-U9-3.jpeg 1200w\" sizes=\"auto, (max-width: 768px) 100vw, 768px\" \/><\/figure>\n\n\n\n<figure class=\"wp-block-image size-large\"><img loading=\"lazy\" decoding=\"async\" width=\"1024\" height=\"768\" src=\"https:\/\/www.fcgueugnon.fr\/site\/wp-content\/uploads\/2023\/03\/U8-U9-4-1024x768.jpeg\" alt=\"Image gallery image\" class=\"wp-image-3840\" srcset=\"https:\/\/www.fcgueugnon.fr\/site\/wp-content\/uploads\/2023\/03\/U8-U9-4-1024x768.jpeg 1024w, https:\/\/www.fcgueugnon.fr\/site\/wp-content\/uploads\/2023\/03\/U8-U9-4-400x300.jpeg 400w, https:\/\/www.fcgueugnon.fr\/site\/wp-content\/uploads\/2023\/03\/U8-U9-4-768x576.jpeg 768w, https:\/\/www.fcgueugnon.fr\/site\/wp-content\/uploads\/2023\/03\/U8-U9-4-1536x1152.jpeg 1536w, https:\/\/www.fcgueugnon.fr\/site\/wp-content\/uploads\/2023\/03\/U8-U9-4-1320x990.jpeg 1320w, https:\/\/www.fcgueugnon.fr\/site\/wp-content\/uploads\/2023\/03\/U8-U9-4-600x450.jpeg 600w, https:\/\/www.fcgueugnon.fr\/site\/wp-content\/uploads\/2023\/03\/U8-U9-4.jpeg 1600w\" sizes=\"auto, (max-width: 1024px) 100vw, 1024px\" \/><\/figure>\n\n\n\n<figure class=\"wp-block-image size-large\"><img loading=\"lazy\" decoding=\"async\" width=\"1024\" height=\"768\" src=\"https:\/\/www.fcgueugnon.fr\/site\/wp-content\/uploads\/2023\/03\/U8-U9-5-1024x768.jpeg\" alt=\"Image gallery image\" class=\"wp-image-3839\" srcset=\"https:\/\/www.fcgueugnon.fr\/site\/wp-content\/uploads\/2023\/03\/U8-U9-5-1024x768.jpeg 1024w, https:\/\/www.fcgueugnon.fr\/site\/wp-content\/uploads\/2023\/03\/U8-U9-5-400x300.jpeg 400w, https:\/\/www.fcgueugnon.fr\/site\/wp-content\/uploads\/2023\/03\/U8-U9-5-768x576.jpeg 768w, https:\/\/www.fcgueugnon.fr\/site\/wp-content\/uploads\/2023\/03\/U8-U9-5-1536x1152.jpeg 1536w, https:\/\/www.fcgueugnon.fr\/site\/wp-content\/uploads\/2023\/03\/U8-U9-5-1320x990.jpeg 1320w, https:\/\/www.fcgueugnon.fr\/site\/wp-content\/uploads\/2023\/03\/U8-U9-5-600x450.jpeg 600w, https:\/\/www.fcgueugnon.fr\/site\/wp-content\/uploads\/2023\/03\/U8-U9-5.jpeg 1600w\" sizes=\"auto, (max-width: 1024px) 100vw, 1024px\" \/><\/figure>\n\n\n\n<figure class=\"wp-block-image size-large\"><img loading=\"lazy\" decoding=\"async\" width=\"1024\" height=\"768\" src=\"https:\/\/www.fcgueugnon.fr\/site\/wp-content\/uploads\/2023\/03\/U8-U9-6-1024x768.jpeg\" alt=\"Image gallery image\" class=\"wp-image-3843\" srcset=\"https:\/\/www.fcgueugnon.fr\/site\/wp-content\/uploads\/2023\/03\/U8-U9-6-1024x768.jpeg 1024w, https:\/\/www.fcgueugnon.fr\/site\/wp-content\/uploads\/2023\/03\/U8-U9-6-400x300.jpeg 400w, https:\/\/www.fcgueugnon.fr\/site\/wp-content\/uploads\/2023\/03\/U8-U9-6-768x576.jpeg 768w, https:\/\/www.fcgueugnon.fr\/site\/wp-content\/uploads\/2023\/03\/U8-U9-6-1536x1152.jpeg 1536w, https:\/\/www.fcgueugnon.fr\/site\/wp-content\/uploads\/2023\/03\/U8-U9-6-1320x990.jpeg 1320w, https:\/\/www.fcgueugnon.fr\/site\/wp-content\/uploads\/2023\/03\/U8-U9-6-600x450.jpeg 600w, https:\/\/www.fcgueugnon.fr\/site\/wp-content\/uploads\/2023\/03\/U8-U9-6.jpeg 1600w\" sizes=\"auto, (max-width: 1024px) 100vw, 1024px\" \/><\/figure>\n\n\n\n<figure class=\"wp-block-image size-large\"><img loading=\"lazy\" decoding=\"async\" width=\"1024\" height=\"768\" src=\"https:\/\/www.fcgueugnon.fr\/site\/wp-content\/uploads\/2023\/03\/U8-U9-1-1024x768.jpeg\" alt=\"Image gallery image\" class=\"wp-image-3842\" srcset=\"https:\/\/www.fcgueugnon.fr\/site\/wp-content\/uploads\/2023\/03\/U8-U9-1-1024x768.jpeg 1024w, https:\/\/www.fcgueugnon.fr\/site\/wp-content\/uploads\/2023\/03\/U8-U9-1-400x300.jpeg 400w, https:\/\/www.fcgueugnon.fr\/site\/wp-content\/uploads\/2023\/03\/U8-U9-1-768x576.jpeg 768w, https:\/\/www.fcgueugnon.fr\/site\/wp-content\/uploads\/2023\/03\/U8-U9-1-1536x1152.jpeg 1536w, https:\/\/www.fcgueugnon.fr\/site\/wp-content\/uploads\/2023\/03\/U8-U9-1-1320x990.jpeg 1320w, https:\/\/www.fcgueugnon.fr\/site\/wp-content\/uploads\/2023\/03\/U8-U9-1-600x450.jpeg 600w, https:\/\/www.fcgueugnon.fr\/site\/wp-content\/uploads\/2023\/03\/U8-U9-1.jpeg 1600w\" sizes=\"auto, (max-width: 1024px) 100vw, 1024px\" \/><\/figure>\n<\/figure>\n\n\n\n<div style=\"height:20px\" aria-hidden=\"true\" class=\"wp-block-spacer\"><\/div>\n\n\n\n<p><em>U08F &#8211; U09F<\/em> \u2611<br>Samedi 18\/03 \u2013 10h30<br><strong>Plateau \u00e0 Vendenesse-sur-Arroux<\/strong><br>Niveau 2 &#8211; \u00c9quipe U8F\/U9F : 2V, 1N, 2D<\/p>\n\n\n\n<div style=\"height:20px\" aria-hidden=\"true\" class=\"wp-block-spacer\"><\/div>\n\n\n<div class=\"wp-block-image\">\n<figure class=\"aligncenter size-full is-resized\"><img loading=\"lazy\" decoding=\"async\" src=\"https:\/\/www.fcgueugnon.fr\/site\/wp-content\/uploads\/2023\/03\/U8F-U9F-2.jpeg\" alt=\"\" class=\"wp-image-3838\" width=\"599\" height=\"800\" srcset=\"https:\/\/www.fcgueugnon.fr\/site\/wp-content\/uploads\/2023\/03\/U8F-U9F-2.jpeg 1198w, https:\/\/www.fcgueugnon.fr\/site\/wp-content\/uploads\/2023\/03\/U8F-U9F-2-300x400.jpeg 300w, https:\/\/www.fcgueugnon.fr\/site\/wp-content\/uploads\/2023\/03\/U8F-U9F-2-767x1024.jpeg 767w, https:\/\/www.fcgueugnon.fr\/site\/wp-content\/uploads\/2023\/03\/U8F-U9F-2-768x1026.jpeg 768w, https:\/\/www.fcgueugnon.fr\/site\/wp-content\/uploads\/2023\/03\/U8F-U9F-2-1150x1536.jpeg 1150w, https:\/\/www.fcgueugnon.fr\/site\/wp-content\/uploads\/2023\/03\/U8F-U9F-2-600x801.jpeg 600w\" sizes=\"auto, (max-width: 599px) 100vw, 599px\" \/><\/figure>\n<\/div>\n\n\n<div style=\"height:20px\" aria-hidden=\"true\" class=\"wp-block-spacer\"><\/div>\n\n\n\n<p><em>U06 &#8211; U07<\/em> \u2611<br>Samedi 18\/03 \u2013 10h30<br><strong>Plateau \u00e0 Neuvy-Grandchamp<\/strong><br>\u00c9quipe U7 : 4V, 1D<br>\u00c9quipe U6 : 2V, 3D<br>\u00c9quipe Baby-Ballon : 1V, 4D<\/p>\n\n\n\n<div style=\"height:20px\" aria-hidden=\"true\" class=\"wp-block-spacer\"><\/div>\n\n\n\n<figure class=\"wp-block-coblocks-gallery-masonry masonry-grid has-medium-gutter\">\n<figure class=\"wp-block-image size-large masonry-brick\"><img loading=\"lazy\" decoding=\"async\" width=\"461\" height=\"1024\" src=\"https:\/\/www.fcgueugnon.fr\/site\/wp-content\/uploads\/2023\/03\/U6-U7-30-461x1024.jpeg\" alt=\"Image gallery image\" class=\"wp-image-3834\" srcset=\"https:\/\/www.fcgueugnon.fr\/site\/wp-content\/uploads\/2023\/03\/U6-U7-30-461x1024.jpeg 461w, https:\/\/www.fcgueugnon.fr\/site\/wp-content\/uploads\/2023\/03\/U6-U7-30-180x400.jpeg 180w, https:\/\/www.fcgueugnon.fr\/site\/wp-content\/uploads\/2023\/03\/U6-U7-30-691x1536.jpeg 691w, https:\/\/www.fcgueugnon.fr\/site\/wp-content\/uploads\/2023\/03\/U6-U7-30-600x1333.jpeg 600w, https:\/\/www.fcgueugnon.fr\/site\/wp-content\/uploads\/2023\/03\/U6-U7-30.jpeg 720w\" sizes=\"auto, (max-width: 461px) 100vw, 461px\" \/><\/figure>\n\n\n\n<figure class=\"wp-block-image size-large masonry-brick\"><img loading=\"lazy\" decoding=\"async\" width=\"461\" height=\"1024\" src=\"https:\/\/www.fcgueugnon.fr\/site\/wp-content\/uploads\/2023\/03\/U6-U7-31-461x1024.jpeg\" alt=\"Image gallery image\" class=\"wp-image-3837\" srcset=\"https:\/\/www.fcgueugnon.fr\/site\/wp-content\/uploads\/2023\/03\/U6-U7-31-461x1024.jpeg 461w, https:\/\/www.fcgueugnon.fr\/site\/wp-content\/uploads\/2023\/03\/U6-U7-31-180x400.jpeg 180w, https:\/\/www.fcgueugnon.fr\/site\/wp-content\/uploads\/2023\/03\/U6-U7-31-691x1536.jpeg 691w, https:\/\/www.fcgueugnon.fr\/site\/wp-content\/uploads\/2023\/03\/U6-U7-31-600x1333.jpeg 600w, https:\/\/www.fcgueugnon.fr\/site\/wp-content\/uploads\/2023\/03\/U6-U7-31.jpeg 720w\" sizes=\"auto, (max-width: 461px) 100vw, 461px\" \/><\/figure>\n\n\n\n<figure class=\"wp-block-image size-large masonry-brick\"><img loading=\"lazy\" decoding=\"async\" width=\"461\" height=\"1024\" src=\"https:\/\/www.fcgueugnon.fr\/site\/wp-content\/uploads\/2023\/03\/U6-U7-32-461x1024.jpeg\" alt=\"Image gallery image\" class=\"wp-image-3832\" srcset=\"https:\/\/www.fcgueugnon.fr\/site\/wp-content\/uploads\/2023\/03\/U6-U7-32-461x1024.jpeg 461w, https:\/\/www.fcgueugnon.fr\/site\/wp-content\/uploads\/2023\/03\/U6-U7-32-180x400.jpeg 180w, https:\/\/www.fcgueugnon.fr\/site\/wp-content\/uploads\/2023\/03\/U6-U7-32-691x1536.jpeg 691w, https:\/\/www.fcgueugnon.fr\/site\/wp-content\/uploads\/2023\/03\/U6-U7-32-600x1333.jpeg 600w, https:\/\/www.fcgueugnon.fr\/site\/wp-content\/uploads\/2023\/03\/U6-U7-32.jpeg 720w\" sizes=\"auto, (max-width: 461px) 100vw, 461px\" \/><\/figure>\n\n\n\n<figure class=\"wp-block-image size-large masonry-brick\"><img loading=\"lazy\" decoding=\"async\" width=\"461\" height=\"1024\" src=\"https:\/\/www.fcgueugnon.fr\/site\/wp-content\/uploads\/2023\/03\/U6-U7-33-461x1024.jpeg\" alt=\"Image gallery image\" class=\"wp-image-3833\" srcset=\"https:\/\/www.fcgueugnon.fr\/site\/wp-content\/uploads\/2023\/03\/U6-U7-33-461x1024.jpeg 461w, https:\/\/www.fcgueugnon.fr\/site\/wp-content\/uploads\/2023\/03\/U6-U7-33-180x400.jpeg 180w, https:\/\/www.fcgueugnon.fr\/site\/wp-content\/uploads\/2023\/03\/U6-U7-33-768x1708.jpeg 768w, https:\/\/www.fcgueugnon.fr\/site\/wp-content\/uploads\/2023\/03\/U6-U7-33-691x1536.jpeg 691w, https:\/\/www.fcgueugnon.fr\/site\/wp-content\/uploads\/2023\/03\/U6-U7-33-600x1334.jpeg 600w, https:\/\/www.fcgueugnon.fr\/site\/wp-content\/uploads\/2023\/03\/U6-U7-33.jpeg 921w\" sizes=\"auto, (max-width: 461px) 100vw, 461px\" \/><\/figure>\n\n\n\n<figure class=\"wp-block-image size-large masonry-brick\"><img loading=\"lazy\" decoding=\"async\" width=\"461\" height=\"1024\" src=\"https:\/\/www.fcgueugnon.fr\/site\/wp-content\/uploads\/2023\/03\/U6-U7-34-461x1024.jpeg\" alt=\"Image gallery image\" class=\"wp-image-3836\" srcset=\"https:\/\/www.fcgueugnon.fr\/site\/wp-content\/uploads\/2023\/03\/U6-U7-34-461x1024.jpeg 461w, https:\/\/www.fcgueugnon.fr\/site\/wp-content\/uploads\/2023\/03\/U6-U7-34-180x400.jpeg 180w, https:\/\/www.fcgueugnon.fr\/site\/wp-content\/uploads\/2023\/03\/U6-U7-34-768x1708.jpeg 768w, https:\/\/www.fcgueugnon.fr\/site\/wp-content\/uploads\/2023\/03\/U6-U7-34-691x1536.jpeg 691w, https:\/\/www.fcgueugnon.fr\/site\/wp-content\/uploads\/2023\/03\/U6-U7-34-600x1334.jpeg 600w, https:\/\/www.fcgueugnon.fr\/site\/wp-content\/uploads\/2023\/03\/U6-U7-34.jpeg 921w\" sizes=\"auto, (max-width: 461px) 100vw, 461px\" \/><\/figure>\n\n\n\n<figure class=\"wp-block-image size-large masonry-brick\"><img loading=\"lazy\" decoding=\"async\" width=\"1024\" height=\"461\" src=\"https:\/\/www.fcgueugnon.fr\/site\/wp-content\/uploads\/2023\/03\/U6-U7-35-1024x461.jpeg\" alt=\"Image gallery image\" class=\"wp-image-3835\" srcset=\"https:\/\/www.fcgueugnon.fr\/site\/wp-content\/uploads\/2023\/03\/U6-U7-35-1024x461.jpeg 1024w, https:\/\/www.fcgueugnon.fr\/site\/wp-content\/uploads\/2023\/03\/U6-U7-35-400x180.jpeg 400w, https:\/\/www.fcgueugnon.fr\/site\/wp-content\/uploads\/2023\/03\/U6-U7-35-768x345.jpeg 768w, https:\/\/www.fcgueugnon.fr\/site\/wp-content\/uploads\/2023\/03\/U6-U7-35-1536x691.jpeg 1536w, https:\/\/www.fcgueugnon.fr\/site\/wp-content\/uploads\/2023\/03\/U6-U7-35-1320x594.jpeg 1320w, https:\/\/www.fcgueugnon.fr\/site\/wp-content\/uploads\/2023\/03\/U6-U7-35-600x270.jpeg 600w, https:\/\/www.fcgueugnon.fr\/site\/wp-content\/uploads\/2023\/03\/U6-U7-35.jpeg 2048w\" sizes=\"auto, (max-width: 1024px) 100vw, 1024px\" \/><\/figure>\n<\/figure>\n\n\n\n<div style=\"height:80px\" aria-hidden=\"true\" class=\"wp-block-spacer mb-0\"><\/div>\n\n\n\n<h3 class=\"blue-underline-title wp-block-heading\">Arbitres<\/h3>\n\n\n\n<p><strong>Fabrice MUET<\/strong><strong> <\/strong>\u2013 Samedi 18\/03<br>Team Montceau Foot \/ Saint Vallier SF<br>U18 D2<\/p>\n\n\n\n<p><strong>Lucas MENAGER<\/strong><strong> <\/strong>\u2013 Samedi 18\/03<br>US Bourbon-Lancy \/ JSTEL<br>U18 D2<\/p>\n\n\n\n<p><strong>Lucas MENAGER<\/strong><strong> <\/strong>\u2013 Dimanche 19\/03<br>CS Sanvignes B \/ Sud Nivernaise 58<br>R\u00e9gional 3<\/p>\n\n\n\n<p><strong>Fabrice MUET<\/strong><strong> <\/strong>\u2013 Dimanche 19\/03<br>AS Saint-Vincent-Bragny \/ FLL Gergy-Verjux<br>D\u00e9partemental 1<\/p>\n\n\n\n<p><strong>Savian Dimitru DRAGAN<\/strong><strong> <\/strong>\u2013 Dimanche 19\/03<br>Les Gach\u00e8res \/ FC Vitry<br>D\u00e9partemental 2<\/p>\n\n\n\n<p><strong>Mehdi OTMANI <\/strong><strong>&nbsp;<\/strong>\u2013 Dimanche 19\/03<br>Dun Sornin B \/ Varennes St Yan&nbsp;<br>D\u00e9partemental 3<\/p>\n\n\n\n<div style=\"height:35px\" aria-hidden=\"true\" class=\"wp-block-spacer\"><\/div>\n\n\n\n<h3 class=\"blue-underline-title wp-block-heading\">eSport<\/h3>\n\n\n\n<h3 class=\"wp-block-heading\">Reprise en avril. Voir <a href=\"https:\/\/www.fcgueugnon.fr\/site\/esport-fifa23-club-pro-bilan-de-la-phase-hivernale\/3675\">le bilan de la phase hivernale<\/a><\/h3>\n\n\n\n<p><em>Suivez toute l\u2019actualit\u00e9 de la section eSport du FCG sur&nbsp;<a href=\"http:\/\/twitter.com\/gueugnon_esport\/\" rel=\"noreferrer noopener\" target=\"_blank\">Twitter<\/a>&nbsp;et&nbsp;<a href=\"http:\/\/twitch.tv\/fcgesport\/\" rel=\"noreferrer noopener\" target=\"_blank\">Twitch<\/a><\/em><\/p>\n\n\n\n<div style=\"height:100px\" aria-hidden=\"true\" class=\"wp-block-spacer mb-0\"><\/div>\n\n\n\n<h1 class=\"has-text-align-center wp-block-heading\">#ForgeronFamily<\/h1>\n","protected":false},"excerpt":{"rendered":"<p>Les r\u00e9sultats de nos forgerons ce week-end : S\u00e9niors Groupe N3 \u2013 J18 \u2705Samedi 18\/03 \u2013 18h00FC Gueugnon \/ Besan\u00e7on Foot : 1-0But : Rollin sp (90+4&prime;) Groupe Espoir \u2013 R1 J14 \u2705Dimanche 19\/03 \u2013 15h00FC Gueugnon \/ US Saint-Sernin : 4-3Buts : Ngono (1\u2019) &#8211; Figueira (47\u2019) &#8211; Zahaf sp (69\u2019) &#8211; Ba (83\u2019) &#8230; <\/p>\n<p class=\"read-more-container\"><a title=\"[Agenda] Les r\u00e9sultats du week-end du 18 et 19 Mars 2023\" class=\"read-more button\" href=\"https:\/\/www.fcgueugnon.fr\/site\/agenda-les-resultats-du-week-end-du-18-et-19-mars-2023\/3823#more-3823\" aria-label=\"Plus sur [Agenda] Les r\u00e9sultats du week-end du 18 et 19 Mars 2023\">Lire la suite<\/a><\/p>\n","protected":false},"author":3,"featured_media":3829,"comment_status":"closed","ping_status":"closed","sticky":false,"template":"","format":"standard","meta":{"footnotes":""},"categories":[5,4],"tags":[33,14],"class_list":["post-3823","post","type-post","status-publish","format-standard","has-post-thumbnail","hentry","category-news-2022-2023","category-news","tag-agenda","tag-sport-e-leclerc-academie-jeunes-formation","infinite-scroll-item","generate-columns","tablet-grid-50","mobile-grid-100","grid-parent","grid-25","resize-featured-image"],"yoast_head":"<!-- This site is optimized with the Yoast SEO plugin v26.6 - https:\/\/yoast.com\/wordpress\/plugins\/seo\/ -->\n<title>[Agenda] Les r\u00e9sultats du week-end du 18 et 19 Mars 2023 &#8226; FOOTBALL CLUB GUEUGNON<\/title>\n<meta name=\"robots\" content=\"index, follow, max-snippet:-1, max-image-preview:large, max-video-preview:-1\" \/>\n<link rel=\"canonical\" href=\"https:\/\/www.fcgueugnon.fr\/site\/agenda-les-resultats-du-week-end-du-18-et-19-mars-2023\/3823\" \/>\n<meta property=\"og:locale\" content=\"fr_FR\" \/>\n<meta property=\"og:type\" content=\"article\" \/>\n<meta property=\"og:title\" content=\"[Agenda] Les r\u00e9sultats du week-end du 18 et 19 Mars 2023 &#8226; FOOTBALL CLUB GUEUGNON\" \/>\n<meta property=\"og:description\" content=\"Les r\u00e9sultats de nos forgerons ce week-end : S\u00e9niors Groupe N3 \u2013 J18 \u2705Samedi 18\/03 \u2013 18h00FC Gueugnon \/ Besan\u00e7on Foot : 1-0But : Rollin sp (90+4&prime;) Groupe Espoir \u2013 R1 J14 \u2705Dimanche 19\/03 \u2013 15h00FC Gueugnon \/ US Saint-Sernin : 4-3Buts : Ngono (1\u2019) &#8211; Figueira (47\u2019) &#8211; Zahaf sp (69\u2019) &#8211; Ba (83\u2019) ... Lire la suite\" \/>\n<meta property=\"og:url\" content=\"https:\/\/www.fcgueugnon.fr\/site\/agenda-les-resultats-du-week-end-du-18-et-19-mars-2023\/3823\" \/>\n<meta property=\"og:site_name\" content=\"FOOTBALL CLUB GUEUGNON\" \/>\n<meta property=\"article:publisher\" content=\"http:\/\/facebook.com\/FCGueugnon\" \/>\n<meta property=\"article:published_time\" content=\"2023-03-20T10:26:10+00:00\" \/>\n<meta property=\"article:modified_time\" content=\"2023-05-13T11:14:41+00:00\" \/>\n<meta property=\"og:image\" content=\"https:\/\/www.fcgueugnon.fr\/site\/wp-content\/uploads\/2023\/03\/ESPOIRS.jpg\" \/>\n\t<meta property=\"og:image:width\" content=\"2048\" \/>\n\t<meta property=\"og:image:height\" content=\"1536\" \/>\n\t<meta property=\"og:image:type\" content=\"image\/jpeg\" \/>\n<meta name=\"author\" content=\"FC Gueugnon\" \/>\n<meta name=\"twitter:card\" content=\"summary_large_image\" \/>\n<meta name=\"twitter:creator\" content=\"@FCGueugnon_off\" \/>\n<meta name=\"twitter:site\" content=\"@FCGueugnon_off\" \/>\n<meta name=\"twitter:label1\" content=\"\u00c9crit par\" \/>\n\t<meta name=\"twitter:data1\" content=\"FC Gueugnon\" \/>\n\t<meta name=\"twitter:label2\" content=\"Dur\u00e9e de lecture estim\u00e9e\" \/>\n\t<meta name=\"twitter:data2\" content=\"6 minutes\" \/>\n<script type=\"application\/ld+json\" class=\"yoast-schema-graph\">{\"@context\":\"https:\/\/schema.org\",\"@graph\":[{\"@type\":\"Article\",\"@id\":\"https:\/\/www.fcgueugnon.fr\/site\/agenda-les-resultats-du-week-end-du-18-et-19-mars-2023\/3823#article\",\"isPartOf\":{\"@id\":\"https:\/\/www.fcgueugnon.fr\/site\/agenda-les-resultats-du-week-end-du-18-et-19-mars-2023\/3823\"},\"author\":{\"name\":\"FC Gueugnon\",\"@id\":\"https:\/\/www.fcgueugnon.fr\/site\/#\/schema\/person\/829630bfb5d6f3ebe4d296b75687c01a\"},\"headline\":\"[Agenda] Les r\u00e9sultats du week-end du 18 et 19 Mars 2023\",\"datePublished\":\"2023-03-20T10:26:10+00:00\",\"dateModified\":\"2023-05-13T11:14:41+00:00\",\"mainEntityOfPage\":{\"@id\":\"https:\/\/www.fcgueugnon.fr\/site\/agenda-les-resultats-du-week-end-du-18-et-19-mars-2023\/3823\"},\"wordCount\":292,\"publisher\":{\"@id\":\"https:\/\/www.fcgueugnon.fr\/site\/#organization\"},\"image\":{\"@id\":\"https:\/\/www.fcgueugnon.fr\/site\/agenda-les-resultats-du-week-end-du-18-et-19-mars-2023\/3823#primaryimage\"},\"thumbnailUrl\":\"https:\/\/www.fcgueugnon.fr\/site\/wp-content\/uploads\/2023\/03\/ESPOIRS.jpg\",\"keywords\":[\"Agenda\",\"Sport E.Leclerc Acad\u00e9mie : Jeunes \/ Formation\"],\"articleSection\":[\"Archives 2022\/2023\",\"News\"],\"inLanguage\":\"fr-FR\"},{\"@type\":\"WebPage\",\"@id\":\"https:\/\/www.fcgueugnon.fr\/site\/agenda-les-resultats-du-week-end-du-18-et-19-mars-2023\/3823\",\"url\":\"https:\/\/www.fcgueugnon.fr\/site\/agenda-les-resultats-du-week-end-du-18-et-19-mars-2023\/3823\",\"name\":\"[Agenda] Les r\u00e9sultats du week-end du 18 et 19 Mars 2023 &#8226; FOOTBALL CLUB GUEUGNON\",\"isPartOf\":{\"@id\":\"https:\/\/www.fcgueugnon.fr\/site\/#website\"},\"primaryImageOfPage\":{\"@id\":\"https:\/\/www.fcgueugnon.fr\/site\/agenda-les-resultats-du-week-end-du-18-et-19-mars-2023\/3823#primaryimage\"},\"image\":{\"@id\":\"https:\/\/www.fcgueugnon.fr\/site\/agenda-les-resultats-du-week-end-du-18-et-19-mars-2023\/3823#primaryimage\"},\"thumbnailUrl\":\"https:\/\/www.fcgueugnon.fr\/site\/wp-content\/uploads\/2023\/03\/ESPOIRS.jpg\",\"datePublished\":\"2023-03-20T10:26:10+00:00\",\"dateModified\":\"2023-05-13T11:14:41+00:00\",\"breadcrumb\":{\"@id\":\"https:\/\/www.fcgueugnon.fr\/site\/agenda-les-resultats-du-week-end-du-18-et-19-mars-2023\/3823#breadcrumb\"},\"inLanguage\":\"fr-FR\",\"potentialAction\":[{\"@type\":\"ReadAction\",\"target\":[\"https:\/\/www.fcgueugnon.fr\/site\/agenda-les-resultats-du-week-end-du-18-et-19-mars-2023\/3823\"]}]},{\"@type\":\"ImageObject\",\"inLanguage\":\"fr-FR\",\"@id\":\"https:\/\/www.fcgueugnon.fr\/site\/agenda-les-resultats-du-week-end-du-18-et-19-mars-2023\/3823#primaryimage\",\"url\":\"https:\/\/www.fcgueugnon.fr\/site\/wp-content\/uploads\/2023\/03\/ESPOIRS.jpg\",\"contentUrl\":\"https:\/\/www.fcgueugnon.fr\/site\/wp-content\/uploads\/2023\/03\/ESPOIRS.jpg\",\"width\":2048,\"height\":1536},{\"@type\":\"BreadcrumbList\",\"@id\":\"https:\/\/www.fcgueugnon.fr\/site\/agenda-les-resultats-du-week-end-du-18-et-19-mars-2023\/3823#breadcrumb\",\"itemListElement\":[{\"@type\":\"ListItem\",\"position\":1,\"name\":\"Accueil\",\"item\":\"https:\/\/www.fcgueugnon.fr\/site\/\"},{\"@type\":\"ListItem\",\"position\":2,\"name\":\"[Agenda] Les r\u00e9sultats du week-end du 18 et 19 Mars 2023\"}]},{\"@type\":\"WebSite\",\"@id\":\"https:\/\/www.fcgueugnon.fr\/site\/#website\",\"url\":\"https:\/\/www.fcgueugnon.fr\/site\/\",\"name\":\"FOOTBALL CLUB GUEUGNON\",\"description\":\"Le Site Officiel des Forgerons\",\"publisher\":{\"@id\":\"https:\/\/www.fcgueugnon.fr\/site\/#organization\"},\"potentialAction\":[{\"@type\":\"SearchAction\",\"target\":{\"@type\":\"EntryPoint\",\"urlTemplate\":\"https:\/\/www.fcgueugnon.fr\/site\/?s={search_term_string}\"},\"query-input\":{\"@type\":\"PropertyValueSpecification\",\"valueRequired\":true,\"valueName\":\"search_term_string\"}}],\"inLanguage\":\"fr-FR\"},{\"@type\":\"Organization\",\"@id\":\"https:\/\/www.fcgueugnon.fr\/site\/#organization\",\"name\":\"FC Gueugnon\",\"url\":\"https:\/\/www.fcgueugnon.fr\/site\/\",\"logo\":{\"@type\":\"ImageObject\",\"inLanguage\":\"fr-FR\",\"@id\":\"https:\/\/www.fcgueugnon.fr\/site\/#\/schema\/logo\/image\/\",\"url\":\"https:\/\/www.fcgueugnon.fr\/site\/wp-content\/uploads\/2022\/07\/cropped-Logo-FCGUEUGNON-low-350x350-1.png\",\"contentUrl\":\"https:\/\/www.fcgueugnon.fr\/site\/wp-content\/uploads\/2022\/07\/cropped-Logo-FCGUEUGNON-low-350x350-1.png\",\"width\":350,\"height\":350,\"caption\":\"FC Gueugnon\"},\"image\":{\"@id\":\"https:\/\/www.fcgueugnon.fr\/site\/#\/schema\/logo\/image\/\"},\"sameAs\":[\"http:\/\/facebook.com\/FCGueugnon\",\"https:\/\/x.com\/FCGueugnon_off\",\"https:\/\/www.instagram.com\/fcgueugnon\/\",\"https:\/\/www.linkedin.com\/company\/football-club-de-gueugnon\/\",\"https:\/\/www.youtube.com\/user\/FCGueugnonnais\",\"https:\/\/fr.wikipedia.org\/wiki\/Football_Club_de_Gueugnon\"]},{\"@type\":\"Person\",\"@id\":\"https:\/\/www.fcgueugnon.fr\/site\/#\/schema\/person\/829630bfb5d6f3ebe4d296b75687c01a\",\"name\":\"FC Gueugnon\",\"url\":\"https:\/\/www.fcgueugnon.fr\/site\/author\/g-avin1\"}]}<\/script>\n<!-- \/ Yoast SEO plugin. -->","yoast_head_json":{"title":"[Agenda] Les r\u00e9sultats du week-end du 18 et 19 Mars 2023 &#8226; FOOTBALL CLUB GUEUGNON","robots":{"index":"index","follow":"follow","max-snippet":"max-snippet:-1","max-image-preview":"max-image-preview:large","max-video-preview":"max-video-preview:-1"},"canonical":"https:\/\/www.fcgueugnon.fr\/site\/agenda-les-resultats-du-week-end-du-18-et-19-mars-2023\/3823","og_locale":"fr_FR","og_type":"article","og_title":"[Agenda] Les r\u00e9sultats du week-end du 18 et 19 Mars 2023 &#8226; FOOTBALL CLUB GUEUGNON","og_description":"Les r\u00e9sultats de nos forgerons ce week-end : S\u00e9niors Groupe N3 \u2013 J18 \u2705Samedi 18\/03 \u2013 18h00FC Gueugnon \/ Besan\u00e7on Foot : 1-0But : Rollin sp (90+4&prime;) Groupe Espoir \u2013 R1 J14 \u2705Dimanche 19\/03 \u2013 15h00FC Gueugnon \/ US Saint-Sernin : 4-3Buts : Ngono (1\u2019) &#8211; Figueira (47\u2019) &#8211; Zahaf sp (69\u2019) &#8211; Ba (83\u2019) ... Lire la suite","og_url":"https:\/\/www.fcgueugnon.fr\/site\/agenda-les-resultats-du-week-end-du-18-et-19-mars-2023\/3823","og_site_name":"FOOTBALL CLUB GUEUGNON","article_publisher":"http:\/\/facebook.com\/FCGueugnon","article_published_time":"2023-03-20T10:26:10+00:00","article_modified_time":"2023-05-13T11:14:41+00:00","og_image":[{"width":2048,"height":1536,"url":"https:\/\/www.fcgueugnon.fr\/site\/wp-content\/uploads\/2023\/03\/ESPOIRS.jpg","type":"image\/jpeg"}],"author":"FC Gueugnon","twitter_card":"summary_large_image","twitter_creator":"@FCGueugnon_off","twitter_site":"@FCGueugnon_off","twitter_misc":{"\u00c9crit par":"FC Gueugnon","Dur\u00e9e de lecture estim\u00e9e":"6 minutes"},"schema":{"@context":"https:\/\/schema.org","@graph":[{"@type":"Article","@id":"https:\/\/www.fcgueugnon.fr\/site\/agenda-les-resultats-du-week-end-du-18-et-19-mars-2023\/3823#article","isPartOf":{"@id":"https:\/\/www.fcgueugnon.fr\/site\/agenda-les-resultats-du-week-end-du-18-et-19-mars-2023\/3823"},"author":{"name":"FC Gueugnon","@id":"https:\/\/www.fcgueugnon.fr\/site\/#\/schema\/person\/829630bfb5d6f3ebe4d296b75687c01a"},"headline":"[Agenda] Les r\u00e9sultats du week-end du 18 et 19 Mars 2023","datePublished":"2023-03-20T10:26:10+00:00","dateModified":"2023-05-13T11:14:41+00:00","mainEntityOfPage":{"@id":"https:\/\/www.fcgueugnon.fr\/site\/agenda-les-resultats-du-week-end-du-18-et-19-mars-2023\/3823"},"wordCount":292,"publisher":{"@id":"https:\/\/www.fcgueugnon.fr\/site\/#organization"},"image":{"@id":"https:\/\/www.fcgueugnon.fr\/site\/agenda-les-resultats-du-week-end-du-18-et-19-mars-2023\/3823#primaryimage"},"thumbnailUrl":"https:\/\/www.fcgueugnon.fr\/site\/wp-content\/uploads\/2023\/03\/ESPOIRS.jpg","keywords":["Agenda","Sport E.Leclerc Acad\u00e9mie : Jeunes \/ Formation"],"articleSection":["Archives 2022\/2023","News"],"inLanguage":"fr-FR"},{"@type":"WebPage","@id":"https:\/\/www.fcgueugnon.fr\/site\/agenda-les-resultats-du-week-end-du-18-et-19-mars-2023\/3823","url":"https:\/\/www.fcgueugnon.fr\/site\/agenda-les-resultats-du-week-end-du-18-et-19-mars-2023\/3823","name":"[Agenda] Les r\u00e9sultats du week-end du 18 et 19 Mars 2023 &#8226; FOOTBALL CLUB GUEUGNON","isPartOf":{"@id":"https:\/\/www.fcgueugnon.fr\/site\/#website"},"primaryImageOfPage":{"@id":"https:\/\/www.fcgueugnon.fr\/site\/agenda-les-resultats-du-week-end-du-18-et-19-mars-2023\/3823#primaryimage"},"image":{"@id":"https:\/\/www.fcgueugnon.fr\/site\/agenda-les-resultats-du-week-end-du-18-et-19-mars-2023\/3823#primaryimage"},"thumbnailUrl":"https:\/\/www.fcgueugnon.fr\/site\/wp-content\/uploads\/2023\/03\/ESPOIRS.jpg","datePublished":"2023-03-20T10:26:10+00:00","dateModified":"2023-05-13T11:14:41+00:00","breadcrumb":{"@id":"https:\/\/www.fcgueugnon.fr\/site\/agenda-les-resultats-du-week-end-du-18-et-19-mars-2023\/3823#breadcrumb"},"inLanguage":"fr-FR","potentialAction":[{"@type":"ReadAction","target":["https:\/\/www.fcgueugnon.fr\/site\/agenda-les-resultats-du-week-end-du-18-et-19-mars-2023\/3823"]}]},{"@type":"ImageObject","inLanguage":"fr-FR","@id":"https:\/\/www.fcgueugnon.fr\/site\/agenda-les-resultats-du-week-end-du-18-et-19-mars-2023\/3823#primaryimage","url":"https:\/\/www.fcgueugnon.fr\/site\/wp-content\/uploads\/2023\/03\/ESPOIRS.jpg","contentUrl":"https:\/\/www.fcgueugnon.fr\/site\/wp-content\/uploads\/2023\/03\/ESPOIRS.jpg","width":2048,"height":1536},{"@type":"BreadcrumbList","@id":"https:\/\/www.fcgueugnon.fr\/site\/agenda-les-resultats-du-week-end-du-18-et-19-mars-2023\/3823#breadcrumb","itemListElement":[{"@type":"ListItem","position":1,"name":"Accueil","item":"https:\/\/www.fcgueugnon.fr\/site\/"},{"@type":"ListItem","position":2,"name":"[Agenda] Les r\u00e9sultats du week-end du 18 et 19 Mars 2023"}]},{"@type":"WebSite","@id":"https:\/\/www.fcgueugnon.fr\/site\/#website","url":"https:\/\/www.fcgueugnon.fr\/site\/","name":"FOOTBALL CLUB GUEUGNON","description":"Le Site Officiel des Forgerons","publisher":{"@id":"https:\/\/www.fcgueugnon.fr\/site\/#organization"},"potentialAction":[{"@type":"SearchAction","target":{"@type":"EntryPoint","urlTemplate":"https:\/\/www.fcgueugnon.fr\/site\/?s={search_term_string}"},"query-input":{"@type":"PropertyValueSpecification","valueRequired":true,"valueName":"search_term_string"}}],"inLanguage":"fr-FR"},{"@type":"Organization","@id":"https:\/\/www.fcgueugnon.fr\/site\/#organization","name":"FC Gueugnon","url":"https:\/\/www.fcgueugnon.fr\/site\/","logo":{"@type":"ImageObject","inLanguage":"fr-FR","@id":"https:\/\/www.fcgueugnon.fr\/site\/#\/schema\/logo\/image\/","url":"https:\/\/www.fcgueugnon.fr\/site\/wp-content\/uploads\/2022\/07\/cropped-Logo-FCGUEUGNON-low-350x350-1.png","contentUrl":"https:\/\/www.fcgueugnon.fr\/site\/wp-content\/uploads\/2022\/07\/cropped-Logo-FCGUEUGNON-low-350x350-1.png","width":350,"height":350,"caption":"FC Gueugnon"},"image":{"@id":"https:\/\/www.fcgueugnon.fr\/site\/#\/schema\/logo\/image\/"},"sameAs":["http:\/\/facebook.com\/FCGueugnon","https:\/\/x.com\/FCGueugnon_off","https:\/\/www.instagram.com\/fcgueugnon\/","https:\/\/www.linkedin.com\/company\/football-club-de-gueugnon\/","https:\/\/www.youtube.com\/user\/FCGueugnonnais","https:\/\/fr.wikipedia.org\/wiki\/Football_Club_de_Gueugnon"]},{"@type":"Person","@id":"https:\/\/www.fcgueugnon.fr\/site\/#\/schema\/person\/829630bfb5d6f3ebe4d296b75687c01a","name":"FC Gueugnon","url":"https:\/\/www.fcgueugnon.fr\/site\/author\/g-avin1"}]}},"rttpg_featured_image_url":{"full":["https:\/\/www.fcgueugnon.fr\/site\/wp-content\/uploads\/2023\/03\/ESPOIRS.jpg",2048,1536,false],"landscape":["https:\/\/www.fcgueugnon.fr\/site\/wp-content\/uploads\/2023\/03\/ESPOIRS.jpg",2048,1536,false],"portraits":["https:\/\/www.fcgueugnon.fr\/site\/wp-content\/uploads\/2023\/03\/ESPOIRS.jpg",2048,1536,false],"thumbnail":["https:\/\/www.fcgueugnon.fr\/site\/wp-content\/uploads\/2023\/03\/ESPOIRS-150x150.jpg",150,150,true],"medium":["https:\/\/www.fcgueugnon.fr\/site\/wp-content\/uploads\/2023\/03\/ESPOIRS-400x300.jpg",400,300,true],"large":["https:\/\/www.fcgueugnon.fr\/site\/wp-content\/uploads\/2023\/03\/ESPOIRS-1024x768.jpg",1024,768,true],"1536x1536":["https:\/\/www.fcgueugnon.fr\/site\/wp-content\/uploads\/2023\/03\/ESPOIRS-1536x1152.jpg",1536,1152,true],"2048x2048":["https:\/\/www.fcgueugnon.fr\/site\/wp-content\/uploads\/2023\/03\/ESPOIRS.jpg",2048,1536,false]},"rttpg_author":{"display_name":"FC Gueugnon","author_link":"https:\/\/www.fcgueugnon.fr\/site\/author\/g-avin1"},"rttpg_comment":0,"rttpg_category":"<a href=\"https:\/\/www.fcgueugnon.fr\/site\/category\/news\/news-2022-2023\" rel=\"category tag\">Archives 2022\/2023<\/a> <a href=\"https:\/\/www.fcgueugnon.fr\/site\/category\/news\" rel=\"category tag\">News<\/a>","rttpg_excerpt":"Les r\u00e9sultats de nos forgerons ce week-end : S\u00e9niors Groupe N3 \u2013 J18 \u2705Samedi 18\/03 \u2013 18h00FC Gueugnon \/ Besan\u00e7on Foot : 1-0But : Rollin sp (90+4&prime;) Groupe Espoir \u2013 R1 J14 \u2705Dimanche 19\/03 \u2013 15h00FC Gueugnon \/ US Saint-Sernin : 4-3Buts : Ngono (1\u2019) &#8211; Figueira (47\u2019) &#8211; Zahaf sp (69\u2019) &#8211; Ba (83\u2019)\u2026","_links":{"self":[{"href":"https:\/\/www.fcgueugnon.fr\/site\/wp-json\/wp\/v2\/posts\/3823","targetHints":{"allow":["GET"]}}],"collection":[{"href":"https:\/\/www.fcgueugnon.fr\/site\/wp-json\/wp\/v2\/posts"}],"about":[{"href":"https:\/\/www.fcgueugnon.fr\/site\/wp-json\/wp\/v2\/types\/post"}],"author":[{"embeddable":true,"href":"https:\/\/www.fcgueugnon.fr\/site\/wp-json\/wp\/v2\/users\/3"}],"replies":[{"embeddable":true,"href":"https:\/\/www.fcgueugnon.fr\/site\/wp-json\/wp\/v2\/comments?post=3823"}],"version-history":[{"count":3,"href":"https:\/\/www.fcgueugnon.fr\/site\/wp-json\/wp\/v2\/posts\/3823\/revisions"}],"predecessor-version":[{"id":3847,"href":"https:\/\/www.fcgueugnon.fr\/site\/wp-json\/wp\/v2\/posts\/3823\/revisions\/3847"}],"wp:featuredmedia":[{"embeddable":true,"href":"https:\/\/www.fcgueugnon.fr\/site\/wp-json\/wp\/v2\/media\/3829"}],"wp:attachment":[{"href":"https:\/\/www.fcgueugnon.fr\/site\/wp-json\/wp\/v2\/media?parent=3823"}],"wp:term":[{"taxonomy":"category","embeddable":true,"href":"https:\/\/www.fcgueugnon.fr\/site\/wp-json\/wp\/v2\/categories?post=3823"},{"taxonomy":"post_tag","embeddable":true,"href":"https:\/\/www.fcgueugnon.fr\/site\/wp-json\/wp\/v2\/tags?post=3823"}],"curies":[{"name":"wp","href":"https:\/\/api.w.org\/{rel}","templated":true}]}}