{"id":3815,"date":"2023-03-18T16:55:00","date_gmt":"2023-03-18T15:55:00","guid":{"rendered":"https:\/\/www.fcgueugnon.fr\/site\/?p=3815"},"modified":"2023-03-17T22:47:51","modified_gmt":"2023-03-17T21:47:51","slug":"interview-forgeron-mag-10-avec-arnaud-rollin","status":"publish","type":"post","link":"https:\/\/www.fcgueugnon.fr\/site\/interview-forgeron-mag-10-avec-arnaud-rollin\/3815","title":{"rendered":"[Interview] Forgeron Mag #10 avec Arnaud ROLLIN"},"content":{"rendered":"\n<h3 class=\"wp-block-heading\">D\u00e9couvrez en int\u00e9gralit\u00e9 l&rsquo;entretien d&rsquo;Arnaud ROLLIN diffus\u00e9 \u00e0 l&rsquo;occasion de cette 18\u00e8me journ\u00e9e de championnat face \u00e0 Besan\u00e7on Football dans le Forgeron Mag du 18\/03\/23.<\/h3>\n\n\n\n<div style=\"height:75px\" aria-hidden=\"true\" class=\"wp-block-spacer\"><\/div>\n\n\n<div class=\"wp-block-image\">\n<figure class=\"aligncenter size-large\"><img loading=\"lazy\" decoding=\"async\" width=\"1024\" height=\"683\" src=\"https:\/\/www.fcgueugnon.fr\/site\/wp-content\/uploads\/2023\/03\/arnaud-rollin-1024x683.jpg\" alt=\"\" class=\"wp-image-3816\" srcset=\"https:\/\/www.fcgueugnon.fr\/site\/wp-content\/uploads\/2023\/03\/arnaud-rollin-1024x683.jpg 1024w, https:\/\/www.fcgueugnon.fr\/site\/wp-content\/uploads\/2023\/03\/arnaud-rollin-400x267.jpg 400w, https:\/\/www.fcgueugnon.fr\/site\/wp-content\/uploads\/2023\/03\/arnaud-rollin-768x512.jpg 768w, https:\/\/www.fcgueugnon.fr\/site\/wp-content\/uploads\/2023\/03\/arnaud-rollin-1536x1024.jpg 1536w, https:\/\/www.fcgueugnon.fr\/site\/wp-content\/uploads\/2023\/03\/arnaud-rollin-2048x1365.jpg 2048w, https:\/\/www.fcgueugnon.fr\/site\/wp-content\/uploads\/2023\/03\/arnaud-rollin-1320x880.jpg 1320w, https:\/\/www.fcgueugnon.fr\/site\/wp-content\/uploads\/2023\/03\/arnaud-rollin-600x400.jpg 600w\" sizes=\"auto, (max-width: 1024px) 100vw, 1024px\" \/><\/figure>\n<\/div>\n\n\n<div style=\"height:75px\" aria-hidden=\"true\" class=\"wp-block-spacer\"><\/div>\n\n\n\n<p><strong>Salut Arnaud, comment \u00e7a va\u00a0?<\/strong><br><strong>\u00ab<\/strong> \u00c7a va bien, je suis plut\u00f4t content de ma semaine d\u2019entrainement, je me sens bien, il fait beau. Tout est r\u00e9uni pour bien travailler\u00a0!<strong>\u00a0\u00bb<\/strong><\/p>\n\n\n\n<p><strong>N\u00e9 dans le Gard, un passage en Corse et Lyon, \u00e7a doit te changer la Sa\u00f4ne et Loire\u00a0!<\/strong><br><strong>\u00ab<\/strong> Un long parcours effectivement, je suis n\u00e9 \u00e0 Bagnols sur C\u00e8ze pour les connaisseurs. Je suis aussi pass\u00e9 par Bourg-en-Bresse avant la Duch\u00e8re. Le changement \u00e9tait effectivement important, mais je m\u2019habitue bien \u00e0 la campagne.<strong>\u00a0\u00bb<\/strong><\/p>\n\n\n\n<p><strong>Dis-nous en plus sur ton parcours de formation\u00a0:<\/strong><br><strong>\u00ab<\/strong> J\u2019ai commenc\u00e9 \u00e0 Bourg-en-Bresse en U16, malheureusement \u00e7a n\u2019a pas \u00e9t\u00e9 concluant\u2026 Je n\u2019avais pas assez de temps de jeu \u00e0 mon gout. J\u2019ai fait ensuite des tests \u00e0 Ajaccio avant de signer. J\u2019ai fait l\u2019internat l\u00e0-bas, loin de ma famille. C\u2019\u00e9tait une super exp\u00e9rience, il y avec mon cousin en plus\u00a0!<strong>\u00a0\u00bb<\/strong><\/p>\n\n\n\n<p><strong>Tu rejoins ensuite Dijon, pour continuer ta formation du monde pro, raconte-nous\u00a0:<\/strong><br><strong>\u00ab<\/strong> Effectivement, je vais ensuite jouer avec la r\u00e9serve du DFCO, c\u2019\u00e9tait encore un niveau au-dessus. Ajaccio est un club tr\u00e8s familial, quand je suis arriv\u00e9 \u00e0 Dijon, c\u2019\u00e9tait tr\u00e8s structur\u00e9, tr\u00e8s pro\u2026 J\u2019ai pass\u00e9 un cap l\u00e0-bas.<strong>\u00a0\u00bb<\/strong><\/p>\n\n\n\n<figure class=\"wp-block-pullquote\"><blockquote><p>\u00ab  On ne l\u00e2che rien\u00a0! \u00bb<\/p><\/blockquote><\/figure>\n\n\n\n<p><strong>Quels sont tes meilleurs souvenirs dans le foot\u00a0?<\/strong><br><strong>\u00ab<\/strong> Mon ann\u00e9e de U17 nationaux, on \u00e9tait dans une poule tr\u00e8s relev\u00e9e, on finit 3<sup>e<\/sup> avec beaucoup de victoires \u00e0 domicile. L\u2019ambiance \u00e9tait g\u00e9niale dans le groupe. Mon premier match de N3 avec Dijon aussi, je me suis dit directement que c\u2019\u00e9tait un autre niveau, tout va plus vite, plus d\u2019intensit\u00e9\u2026<strong>\u00a0\u00bb<\/strong><\/p>\n\n\n\n<p><strong>Quels sont tes hobbies\u00a0?<\/strong><br><strong>\u00ab<\/strong> Je joue aux jeux-vid\u00e9os (notamment FIFA ou Call of Duty). J\u2019aime aussi les s\u00e9ries fantastiques et paranormales comme The Walking Dead ou The Descent.<strong>\u00a0\u00bb<\/strong><\/p>\n\n\n\n<p><strong>Est-ce que tu as d\u00e9j\u00e0 pratiqu\u00e9 d\u2019autres sports \u00e9tant plus jeune\u00a0?<\/strong><br><strong>\u00ab<\/strong> J\u2019aime tous les sports en g\u00e9n\u00e9ral mais il n\u2019y a que le foot que j\u2019aime pratiquer.<strong>\u00a0\u00bb<\/strong><\/p>\n\n\n\n<p><strong>Qu\u2019est-ce qui t\u2019as fait choisir le foot\u00a0?<\/strong><br><strong>\u00ab<\/strong> J\u2019ai commenc\u00e9 \u00e0 jouer \u00e0 l\u2019\u00e9cole avec les copains. Ma m\u00e8re aime beaucoup le foot, elle m\u2019a inscrit quand elle a vu que \u00e7a me plaisait.<strong>\u00a0\u00bb<\/strong><\/p>\n\n\n\n<figure class=\"wp-block-pullquote\"><blockquote><p>\u00ab On se doit de faire un gros match pour se rattraper du match aller ! \u00bb<\/p><\/blockquote><\/figure>\n\n\n\n<p><strong>C\u2019est quoi pour toi une journ\u00e9e type\u00a0?<\/strong><br><strong>\u00ab<\/strong> On commence avec une s\u00e9ance d\u2019entrainement le matin, on enchaine avec une pause d\u00e9jeuner. Pour l\u2019apr\u00e8s-midi, tout d\u00e9pend des jours, cela peut-\u00eatre des t\u00e2ches \u00e0 effectuer au club ou alors repos devant la t\u00e9l\u00e9 ou un jeu vid\u00e9o.<strong>\u00a0\u00bb<\/strong><\/p>\n\n\n\n<p><strong>Est-ce que tu penses que la nouvelle r\u00e8gle des 5 descentes apporte un r\u00e9el changement par rapport \u00e0 la saison pass\u00e9e\u00a0?<\/strong><br><strong>\u00ab<\/strong> Tr\u00e8s clairement, la poule est beaucoup plus forte, personne ne l\u00e2che rien\u00a0! Tout le monde est motiv\u00e9 pour sa survie, tous les matchs sont extr\u00eamement difficiles et tr\u00e8s serr\u00e9s.<strong>\u00a0\u00bb<\/strong><\/p>\n\n\n\n<p><strong>4 buts \u00e0 ton compteur, la courbe est similaire \u00e0 la saison derni\u00e8re, tu es parti pour finir dans le top buteurs de la comp\u00e9tition\u00a0?<\/strong><br><strong>\u00ab<\/strong> J\u2019esp\u00e8re\u00a0! Comme je l\u2019ai dit avant, tous les matchs sont compliqu\u00e9s. Le plus important c\u2019est le collectif. Il faut qu\u2019on gagne des matches, que je marque ou non.\u00a0<strong>\u00a0\u00bb<\/strong><\/p>\n\n\n\n<p><strong>Comment vois-tu la fin de saison\u00a0?<\/strong><br><strong>\u00ab<\/strong> Tout le monde se bat pour le maintien, \u00e7a ne sera pas facile mais on va tout donner.<strong>\u00a0\u00bb<\/strong><\/p>\n\n\n\n<figure class=\"wp-block-pullquote\"><blockquote><p>\u00ab  je rentrerai sur le terrain avec la m\u00eame id\u00e9e en t\u00eate\u00a0: gagner. \u00bb<\/p><\/blockquote><\/figure>\n\n\n\n<p><strong>Fin de votre parcours en coupe, retour au championnat, comment est l\u2019\u00e9tat d\u2019esprit dans le groupe avant le match de Besan\u00e7on\u00a0?<\/strong><br><strong>\u00ab<\/strong> L\u2019\u00e9tat d\u2019esprit du groupe est l\u00e0\u00a0! On va donner notre maximum jusqu\u2019au bout. Comme l\u2019a dit le coach, il y a eu des saisons beaucoup plus compliqu\u00e9es que d\u2019autres, celle-l\u00e0 en fait clairement partie. Il y a plein de crit\u00e8res \u00e0 prendre en compte pour analyser ce qui va ou ne va pas. La priorit\u00e9 n\u2019est pas de trouver un fautif mais de se maintenir\u00a0et nous allons faire notre maximum\u00a0!<strong>\u00a0\u00bb<\/strong><\/p>\n\n\n\n<p><strong>Comment vous abordez ce match face \u00e0 l\u2019un des leaders de la comp\u00e9tition\u00a0?<\/strong><br><strong>\u00ab<\/strong> C\u2019est effectivement une \u00e9quipe costaud. On se doit de faire un gros match pour se rattraper du match aller. Objectif victoire\u00a0!<strong>\u00a0\u00bb<\/strong><\/p>\n\n\n\n<p><strong>9 matches restants, la route est encore longue avant la fin de saison\u00a0:<\/strong><br><strong>\u00ab<\/strong> Clairement, on doit prendre les matches un par un et se donner \u00e0 fond pour gagner\u00a0! On donnera notre maximum jusqu\u2019au bout, je rentrerai sur le terrain avec la m\u00eame id\u00e9e en t\u00eate\u00a0: gagner.<strong>\u00a0\u00bb<\/strong><\/p>\n\n\n\n<p><strong>Comme \u00e0 chaque interview, je te laisse le mot de la fin\u00a0:<\/strong><br><strong>\u00ab<\/strong> Je tiens \u00e0 remercier les supporters et les Ultras qui viennent nous voir tous les week-end\u00a0! Ils font beaucoup d\u2019efforts, ils passent presque tous leurs samedis \u00e0 venir voir nos matchs. Cela nous fait un bien fou d\u2019avoir du soutien \u00e0 domicile et \u00e0 l\u2019ext\u00e9rieur\u00a0! On joue pour eux, pour les partenaires, c\u2019est une motivation \u00e9norme\u00a0! On ne l\u00e2che rien\u00a0!<strong>\u00a0\u00bb<\/strong><\/p>\n\n\n\n<p><strong>Merci Arnaud<\/strong><\/p>\n\n\n\n<div style=\"height:100px\" aria-hidden=\"true\" class=\"wp-block-spacer\"><\/div>\n\n\n\n<hr class=\"wp-block-separator has-alpha-channel-opacity\"\/>\n\n\n\n<h3 class=\"wp-block-heading\">Retrouvez le Forgeron Mag #10 en int\u00e9gralit\u00e9<\/h3>\n\n\n\n<div class=\"wp-block-pdf-viewer-block-standard\" style=\"text-align:left\"><div class=\"uploaded-pdf\"><a href=\"https:\/\/www.fcgueugnon.fr\/site\/wp-content\/uploads\/2023\/03\/forgeron-mag-fc-gueugnon-besancon-foot.pdf\" data-width=\"\" data-height=\"\"><\/a><\/div><\/div>\n\n\n\n<div class=\"wp-block-buttons is-layout-flex wp-block-buttons-is-layout-flex\">\n<div class=\"wp-block-button alignright is-style-circular\"><a class=\"wp-block-button__link wp-element-button\" href=\"https:\/\/www.fcgueugnon.fr\/site\/wp-content\/uploads\/2023\/03\/forgeron-mag-fc-gueugnon-besancon-foot.pdf\">T\u00e9l\u00e9charger<\/a><\/div>\n<\/div>\n","protected":false},"excerpt":{"rendered":"<p>D\u00e9couvrez en int\u00e9gralit\u00e9 l&rsquo;entretien d&rsquo;Arnaud ROLLIN diffus\u00e9 \u00e0 l&rsquo;occasion de cette 18\u00e8me journ\u00e9e de championnat face \u00e0 Besan\u00e7on Football dans le Forgeron Mag du 18\/03\/23. Salut Arnaud, comment \u00e7a va\u00a0?\u00ab \u00c7a va bien, je suis plut\u00f4t content de ma semaine d\u2019entrainement, je me sens bien, il fait beau. Tout est r\u00e9uni pour bien travailler\u00a0!\u00a0\u00bb N\u00e9 &#8230; <\/p>\n<p class=\"read-more-container\"><a title=\"[Interview] Forgeron Mag #10 avec Arnaud ROLLIN\" class=\"read-more button\" href=\"https:\/\/www.fcgueugnon.fr\/site\/interview-forgeron-mag-10-avec-arnaud-rollin\/3815#more-3815\" aria-label=\"Plus sur [Interview] Forgeron Mag #10 avec Arnaud ROLLIN\">Lire la suite<\/a><\/p>\n","protected":false},"author":2,"featured_media":3816,"comment_status":"closed","ping_status":"closed","sticky":false,"template":"","format":"standard","meta":{"footnotes":""},"categories":[5,4],"tags":[24,11],"class_list":["post-3815","post","type-post","status-publish","format-standard","has-post-thumbnail","hentry","category-news-2022-2023","category-news","tag-forgeron-mag","tag-interview","infinite-scroll-item","generate-columns","tablet-grid-50","mobile-grid-100","grid-parent","grid-25"],"yoast_head":"<!-- This site is optimized with the Yoast SEO plugin v26.6 - https:\/\/yoast.com\/wordpress\/plugins\/seo\/ -->\n<title>[Interview] Forgeron Mag #10 avec Arnaud ROLLIN &#8226; FOOTBALL CLUB GUEUGNON<\/title>\n<meta name=\"robots\" content=\"index, follow, max-snippet:-1, max-image-preview:large, max-video-preview:-1\" \/>\n<link rel=\"canonical\" href=\"https:\/\/www.fcgueugnon.fr\/site\/interview-forgeron-mag-10-avec-arnaud-rollin\/3815\" \/>\n<meta property=\"og:locale\" content=\"fr_FR\" \/>\n<meta property=\"og:type\" content=\"article\" \/>\n<meta property=\"og:title\" content=\"[Interview] Forgeron Mag #10 avec Arnaud ROLLIN &#8226; FOOTBALL CLUB GUEUGNON\" \/>\n<meta property=\"og:description\" content=\"D\u00e9couvrez en int\u00e9gralit\u00e9 l&rsquo;entretien d&rsquo;Arnaud ROLLIN diffus\u00e9 \u00e0 l&rsquo;occasion de cette 18\u00e8me journ\u00e9e de championnat face \u00e0 Besan\u00e7on Football dans le Forgeron Mag du 18\/03\/23. Salut Arnaud, comment \u00e7a va\u00a0?\u00ab \u00c7a va bien, je suis plut\u00f4t content de ma semaine d\u2019entrainement, je me sens bien, il fait beau. Tout est r\u00e9uni pour bien travailler\u00a0!\u00a0\u00bb N\u00e9 ... Lire la suite\" \/>\n<meta property=\"og:url\" content=\"https:\/\/www.fcgueugnon.fr\/site\/interview-forgeron-mag-10-avec-arnaud-rollin\/3815\" \/>\n<meta property=\"og:site_name\" content=\"FOOTBALL CLUB GUEUGNON\" \/>\n<meta property=\"article:publisher\" content=\"http:\/\/facebook.com\/FCGueugnon\" \/>\n<meta property=\"article:published_time\" content=\"2023-03-18T15:55:00+00:00\" \/>\n<meta property=\"og:image\" content=\"https:\/\/www.fcgueugnon.fr\/site\/wp-content\/uploads\/2023\/03\/arnaud-rollin-scaled.jpg\" \/>\n\t<meta property=\"og:image:width\" content=\"2560\" \/>\n\t<meta property=\"og:image:height\" content=\"1707\" \/>\n\t<meta property=\"og:image:type\" content=\"image\/jpeg\" \/>\n<meta name=\"author\" content=\"FC Gueugnon\" \/>\n<meta name=\"twitter:card\" content=\"summary_large_image\" \/>\n<meta name=\"twitter:creator\" content=\"@FCGueugnon_off\" \/>\n<meta name=\"twitter:site\" content=\"@FCGueugnon_off\" \/>\n<meta name=\"twitter:label1\" content=\"\u00c9crit par\" \/>\n\t<meta name=\"twitter:data1\" content=\"FC Gueugnon\" \/>\n\t<meta name=\"twitter:label2\" content=\"Dur\u00e9e de lecture estim\u00e9e\" \/>\n\t<meta name=\"twitter:data2\" content=\"5 minutes\" \/>\n<script type=\"application\/ld+json\" class=\"yoast-schema-graph\">{\"@context\":\"https:\/\/schema.org\",\"@graph\":[{\"@type\":\"Article\",\"@id\":\"https:\/\/www.fcgueugnon.fr\/site\/interview-forgeron-mag-10-avec-arnaud-rollin\/3815#article\",\"isPartOf\":{\"@id\":\"https:\/\/www.fcgueugnon.fr\/site\/interview-forgeron-mag-10-avec-arnaud-rollin\/3815\"},\"author\":{\"name\":\"FC Gueugnon\",\"@id\":\"https:\/\/www.fcgueugnon.fr\/site\/#\/schema\/person\/d342d0c35e8e8f04740b9bdd734eeb20\"},\"headline\":\"[Interview] Forgeron Mag #10 avec Arnaud ROLLIN\",\"datePublished\":\"2023-03-18T15:55:00+00:00\",\"mainEntityOfPage\":{\"@id\":\"https:\/\/www.fcgueugnon.fr\/site\/interview-forgeron-mag-10-avec-arnaud-rollin\/3815\"},\"wordCount\":911,\"publisher\":{\"@id\":\"https:\/\/www.fcgueugnon.fr\/site\/#organization\"},\"image\":{\"@id\":\"https:\/\/www.fcgueugnon.fr\/site\/interview-forgeron-mag-10-avec-arnaud-rollin\/3815#primaryimage\"},\"thumbnailUrl\":\"https:\/\/www.fcgueugnon.fr\/site\/wp-content\/uploads\/2023\/03\/arnaud-rollin-scaled.jpg\",\"keywords\":[\"Forgeron Mag\",\"Interview\"],\"articleSection\":[\"Archives 2022\/2023\",\"News\"],\"inLanguage\":\"fr-FR\"},{\"@type\":\"WebPage\",\"@id\":\"https:\/\/www.fcgueugnon.fr\/site\/interview-forgeron-mag-10-avec-arnaud-rollin\/3815\",\"url\":\"https:\/\/www.fcgueugnon.fr\/site\/interview-forgeron-mag-10-avec-arnaud-rollin\/3815\",\"name\":\"[Interview] Forgeron Mag #10 avec Arnaud ROLLIN &#8226; FOOTBALL CLUB GUEUGNON\",\"isPartOf\":{\"@id\":\"https:\/\/www.fcgueugnon.fr\/site\/#website\"},\"primaryImageOfPage\":{\"@id\":\"https:\/\/www.fcgueugnon.fr\/site\/interview-forgeron-mag-10-avec-arnaud-rollin\/3815#primaryimage\"},\"image\":{\"@id\":\"https:\/\/www.fcgueugnon.fr\/site\/interview-forgeron-mag-10-avec-arnaud-rollin\/3815#primaryimage\"},\"thumbnailUrl\":\"https:\/\/www.fcgueugnon.fr\/site\/wp-content\/uploads\/2023\/03\/arnaud-rollin-scaled.jpg\",\"datePublished\":\"2023-03-18T15:55:00+00:00\",\"breadcrumb\":{\"@id\":\"https:\/\/www.fcgueugnon.fr\/site\/interview-forgeron-mag-10-avec-arnaud-rollin\/3815#breadcrumb\"},\"inLanguage\":\"fr-FR\",\"potentialAction\":[{\"@type\":\"ReadAction\",\"target\":[\"https:\/\/www.fcgueugnon.fr\/site\/interview-forgeron-mag-10-avec-arnaud-rollin\/3815\"]}]},{\"@type\":\"ImageObject\",\"inLanguage\":\"fr-FR\",\"@id\":\"https:\/\/www.fcgueugnon.fr\/site\/interview-forgeron-mag-10-avec-arnaud-rollin\/3815#primaryimage\",\"url\":\"https:\/\/www.fcgueugnon.fr\/site\/wp-content\/uploads\/2023\/03\/arnaud-rollin-scaled.jpg\",\"contentUrl\":\"https:\/\/www.fcgueugnon.fr\/site\/wp-content\/uploads\/2023\/03\/arnaud-rollin-scaled.jpg\",\"width\":2560,\"height\":1707},{\"@type\":\"BreadcrumbList\",\"@id\":\"https:\/\/www.fcgueugnon.fr\/site\/interview-forgeron-mag-10-avec-arnaud-rollin\/3815#breadcrumb\",\"itemListElement\":[{\"@type\":\"ListItem\",\"position\":1,\"name\":\"Accueil\",\"item\":\"https:\/\/www.fcgueugnon.fr\/site\/\"},{\"@type\":\"ListItem\",\"position\":2,\"name\":\"[Interview] Forgeron Mag #10 avec Arnaud ROLLIN\"}]},{\"@type\":\"WebSite\",\"@id\":\"https:\/\/www.fcgueugnon.fr\/site\/#website\",\"url\":\"https:\/\/www.fcgueugnon.fr\/site\/\",\"name\":\"FOOTBALL CLUB GUEUGNON\",\"description\":\"Le Site Officiel des Forgerons\",\"publisher\":{\"@id\":\"https:\/\/www.fcgueugnon.fr\/site\/#organization\"},\"potentialAction\":[{\"@type\":\"SearchAction\",\"target\":{\"@type\":\"EntryPoint\",\"urlTemplate\":\"https:\/\/www.fcgueugnon.fr\/site\/?s={search_term_string}\"},\"query-input\":{\"@type\":\"PropertyValueSpecification\",\"valueRequired\":true,\"valueName\":\"search_term_string\"}}],\"inLanguage\":\"fr-FR\"},{\"@type\":\"Organization\",\"@id\":\"https:\/\/www.fcgueugnon.fr\/site\/#organization\",\"name\":\"FC Gueugnon\",\"url\":\"https:\/\/www.fcgueugnon.fr\/site\/\",\"logo\":{\"@type\":\"ImageObject\",\"inLanguage\":\"fr-FR\",\"@id\":\"https:\/\/www.fcgueugnon.fr\/site\/#\/schema\/logo\/image\/\",\"url\":\"https:\/\/www.fcgueugnon.fr\/site\/wp-content\/uploads\/2022\/07\/cropped-Logo-FCGUEUGNON-low-350x350-1.png\",\"contentUrl\":\"https:\/\/www.fcgueugnon.fr\/site\/wp-content\/uploads\/2022\/07\/cropped-Logo-FCGUEUGNON-low-350x350-1.png\",\"width\":350,\"height\":350,\"caption\":\"FC Gueugnon\"},\"image\":{\"@id\":\"https:\/\/www.fcgueugnon.fr\/site\/#\/schema\/logo\/image\/\"},\"sameAs\":[\"http:\/\/facebook.com\/FCGueugnon\",\"https:\/\/x.com\/FCGueugnon_off\",\"https:\/\/www.instagram.com\/fcgueugnon\/\",\"https:\/\/www.linkedin.com\/company\/football-club-de-gueugnon\/\",\"https:\/\/www.youtube.com\/user\/FCGueugnonnais\",\"https:\/\/fr.wikipedia.org\/wiki\/Football_Club_de_Gueugnon\"]},{\"@type\":\"Person\",\"@id\":\"https:\/\/www.fcgueugnon.fr\/site\/#\/schema\/person\/d342d0c35e8e8f04740b9bdd734eeb20\",\"name\":\"FC Gueugnon\",\"url\":\"https:\/\/www.fcgueugnon.fr\/site\/author\/s-rod\"}]}<\/script>\n<!-- \/ Yoast SEO plugin. -->","yoast_head_json":{"title":"[Interview] Forgeron Mag #10 avec Arnaud ROLLIN &#8226; FOOTBALL CLUB GUEUGNON","robots":{"index":"index","follow":"follow","max-snippet":"max-snippet:-1","max-image-preview":"max-image-preview:large","max-video-preview":"max-video-preview:-1"},"canonical":"https:\/\/www.fcgueugnon.fr\/site\/interview-forgeron-mag-10-avec-arnaud-rollin\/3815","og_locale":"fr_FR","og_type":"article","og_title":"[Interview] Forgeron Mag #10 avec Arnaud ROLLIN &#8226; FOOTBALL CLUB GUEUGNON","og_description":"D\u00e9couvrez en int\u00e9gralit\u00e9 l&rsquo;entretien d&rsquo;Arnaud ROLLIN diffus\u00e9 \u00e0 l&rsquo;occasion de cette 18\u00e8me journ\u00e9e de championnat face \u00e0 Besan\u00e7on Football dans le Forgeron Mag du 18\/03\/23. Salut Arnaud, comment \u00e7a va\u00a0?\u00ab \u00c7a va bien, je suis plut\u00f4t content de ma semaine d\u2019entrainement, je me sens bien, il fait beau. Tout est r\u00e9uni pour bien travailler\u00a0!\u00a0\u00bb N\u00e9 ... Lire la suite","og_url":"https:\/\/www.fcgueugnon.fr\/site\/interview-forgeron-mag-10-avec-arnaud-rollin\/3815","og_site_name":"FOOTBALL CLUB GUEUGNON","article_publisher":"http:\/\/facebook.com\/FCGueugnon","article_published_time":"2023-03-18T15:55:00+00:00","og_image":[{"width":2560,"height":1707,"url":"https:\/\/www.fcgueugnon.fr\/site\/wp-content\/uploads\/2023\/03\/arnaud-rollin-scaled.jpg","type":"image\/jpeg"}],"author":"FC Gueugnon","twitter_card":"summary_large_image","twitter_creator":"@FCGueugnon_off","twitter_site":"@FCGueugnon_off","twitter_misc":{"\u00c9crit par":"FC Gueugnon","Dur\u00e9e de lecture estim\u00e9e":"5 minutes"},"schema":{"@context":"https:\/\/schema.org","@graph":[{"@type":"Article","@id":"https:\/\/www.fcgueugnon.fr\/site\/interview-forgeron-mag-10-avec-arnaud-rollin\/3815#article","isPartOf":{"@id":"https:\/\/www.fcgueugnon.fr\/site\/interview-forgeron-mag-10-avec-arnaud-rollin\/3815"},"author":{"name":"FC Gueugnon","@id":"https:\/\/www.fcgueugnon.fr\/site\/#\/schema\/person\/d342d0c35e8e8f04740b9bdd734eeb20"},"headline":"[Interview] Forgeron Mag #10 avec Arnaud ROLLIN","datePublished":"2023-03-18T15:55:00+00:00","mainEntityOfPage":{"@id":"https:\/\/www.fcgueugnon.fr\/site\/interview-forgeron-mag-10-avec-arnaud-rollin\/3815"},"wordCount":911,"publisher":{"@id":"https:\/\/www.fcgueugnon.fr\/site\/#organization"},"image":{"@id":"https:\/\/www.fcgueugnon.fr\/site\/interview-forgeron-mag-10-avec-arnaud-rollin\/3815#primaryimage"},"thumbnailUrl":"https:\/\/www.fcgueugnon.fr\/site\/wp-content\/uploads\/2023\/03\/arnaud-rollin-scaled.jpg","keywords":["Forgeron Mag","Interview"],"articleSection":["Archives 2022\/2023","News"],"inLanguage":"fr-FR"},{"@type":"WebPage","@id":"https:\/\/www.fcgueugnon.fr\/site\/interview-forgeron-mag-10-avec-arnaud-rollin\/3815","url":"https:\/\/www.fcgueugnon.fr\/site\/interview-forgeron-mag-10-avec-arnaud-rollin\/3815","name":"[Interview] Forgeron Mag #10 avec Arnaud ROLLIN &#8226; FOOTBALL CLUB GUEUGNON","isPartOf":{"@id":"https:\/\/www.fcgueugnon.fr\/site\/#website"},"primaryImageOfPage":{"@id":"https:\/\/www.fcgueugnon.fr\/site\/interview-forgeron-mag-10-avec-arnaud-rollin\/3815#primaryimage"},"image":{"@id":"https:\/\/www.fcgueugnon.fr\/site\/interview-forgeron-mag-10-avec-arnaud-rollin\/3815#primaryimage"},"thumbnailUrl":"https:\/\/www.fcgueugnon.fr\/site\/wp-content\/uploads\/2023\/03\/arnaud-rollin-scaled.jpg","datePublished":"2023-03-18T15:55:00+00:00","breadcrumb":{"@id":"https:\/\/www.fcgueugnon.fr\/site\/interview-forgeron-mag-10-avec-arnaud-rollin\/3815#breadcrumb"},"inLanguage":"fr-FR","potentialAction":[{"@type":"ReadAction","target":["https:\/\/www.fcgueugnon.fr\/site\/interview-forgeron-mag-10-avec-arnaud-rollin\/3815"]}]},{"@type":"ImageObject","inLanguage":"fr-FR","@id":"https:\/\/www.fcgueugnon.fr\/site\/interview-forgeron-mag-10-avec-arnaud-rollin\/3815#primaryimage","url":"https:\/\/www.fcgueugnon.fr\/site\/wp-content\/uploads\/2023\/03\/arnaud-rollin-scaled.jpg","contentUrl":"https:\/\/www.fcgueugnon.fr\/site\/wp-content\/uploads\/2023\/03\/arnaud-rollin-scaled.jpg","width":2560,"height":1707},{"@type":"BreadcrumbList","@id":"https:\/\/www.fcgueugnon.fr\/site\/interview-forgeron-mag-10-avec-arnaud-rollin\/3815#breadcrumb","itemListElement":[{"@type":"ListItem","position":1,"name":"Accueil","item":"https:\/\/www.fcgueugnon.fr\/site\/"},{"@type":"ListItem","position":2,"name":"[Interview] Forgeron Mag #10 avec Arnaud ROLLIN"}]},{"@type":"WebSite","@id":"https:\/\/www.fcgueugnon.fr\/site\/#website","url":"https:\/\/www.fcgueugnon.fr\/site\/","name":"FOOTBALL CLUB GUEUGNON","description":"Le Site Officiel des Forgerons","publisher":{"@id":"https:\/\/www.fcgueugnon.fr\/site\/#organization"},"potentialAction":[{"@type":"SearchAction","target":{"@type":"EntryPoint","urlTemplate":"https:\/\/www.fcgueugnon.fr\/site\/?s={search_term_string}"},"query-input":{"@type":"PropertyValueSpecification","valueRequired":true,"valueName":"search_term_string"}}],"inLanguage":"fr-FR"},{"@type":"Organization","@id":"https:\/\/www.fcgueugnon.fr\/site\/#organization","name":"FC Gueugnon","url":"https:\/\/www.fcgueugnon.fr\/site\/","logo":{"@type":"ImageObject","inLanguage":"fr-FR","@id":"https:\/\/www.fcgueugnon.fr\/site\/#\/schema\/logo\/image\/","url":"https:\/\/www.fcgueugnon.fr\/site\/wp-content\/uploads\/2022\/07\/cropped-Logo-FCGUEUGNON-low-350x350-1.png","contentUrl":"https:\/\/www.fcgueugnon.fr\/site\/wp-content\/uploads\/2022\/07\/cropped-Logo-FCGUEUGNON-low-350x350-1.png","width":350,"height":350,"caption":"FC Gueugnon"},"image":{"@id":"https:\/\/www.fcgueugnon.fr\/site\/#\/schema\/logo\/image\/"},"sameAs":["http:\/\/facebook.com\/FCGueugnon","https:\/\/x.com\/FCGueugnon_off","https:\/\/www.instagram.com\/fcgueugnon\/","https:\/\/www.linkedin.com\/company\/football-club-de-gueugnon\/","https:\/\/www.youtube.com\/user\/FCGueugnonnais","https:\/\/fr.wikipedia.org\/wiki\/Football_Club_de_Gueugnon"]},{"@type":"Person","@id":"https:\/\/www.fcgueugnon.fr\/site\/#\/schema\/person\/d342d0c35e8e8f04740b9bdd734eeb20","name":"FC Gueugnon","url":"https:\/\/www.fcgueugnon.fr\/site\/author\/s-rod"}]}},"rttpg_featured_image_url":{"full":["https:\/\/www.fcgueugnon.fr\/site\/wp-content\/uploads\/2023\/03\/arnaud-rollin-scaled.jpg",2560,1707,false],"landscape":["https:\/\/www.fcgueugnon.fr\/site\/wp-content\/uploads\/2023\/03\/arnaud-rollin-scaled.jpg",2560,1707,false],"portraits":["https:\/\/www.fcgueugnon.fr\/site\/wp-content\/uploads\/2023\/03\/arnaud-rollin-scaled.jpg",2560,1707,false],"thumbnail":["https:\/\/www.fcgueugnon.fr\/site\/wp-content\/uploads\/2023\/03\/arnaud-rollin-150x150.jpg",150,150,true],"medium":["https:\/\/www.fcgueugnon.fr\/site\/wp-content\/uploads\/2023\/03\/arnaud-rollin-400x267.jpg",400,267,true],"large":["https:\/\/www.fcgueugnon.fr\/site\/wp-content\/uploads\/2023\/03\/arnaud-rollin-1024x683.jpg",1024,683,true],"1536x1536":["https:\/\/www.fcgueugnon.fr\/site\/wp-content\/uploads\/2023\/03\/arnaud-rollin-1536x1024.jpg",1536,1024,true],"2048x2048":["https:\/\/www.fcgueugnon.fr\/site\/wp-content\/uploads\/2023\/03\/arnaud-rollin-2048x1365.jpg",2048,1365,true]},"rttpg_author":{"display_name":"FC Gueugnon","author_link":"https:\/\/www.fcgueugnon.fr\/site\/author\/s-rod"},"rttpg_comment":0,"rttpg_category":"<a href=\"https:\/\/www.fcgueugnon.fr\/site\/category\/news\/news-2022-2023\" rel=\"category tag\">Archives 2022\/2023<\/a> <a href=\"https:\/\/www.fcgueugnon.fr\/site\/category\/news\" rel=\"category tag\">News<\/a>","rttpg_excerpt":"D\u00e9couvrez en int\u00e9gralit\u00e9 l&rsquo;entretien d&rsquo;Arnaud ROLLIN diffus\u00e9 \u00e0 l&rsquo;occasion de cette 18\u00e8me journ\u00e9e de championnat face \u00e0 Besan\u00e7on Football dans le Forgeron Mag du 18\/03\/23. Salut Arnaud, comment \u00e7a va\u00a0?\u00ab \u00c7a va bien, je suis plut\u00f4t content de ma semaine d\u2019entrainement, je me sens bien, il fait beau. Tout est r\u00e9uni pour bien travailler\u00a0!\u00a0\u00bb N\u00e9\u2026","_links":{"self":[{"href":"https:\/\/www.fcgueugnon.fr\/site\/wp-json\/wp\/v2\/posts\/3815","targetHints":{"allow":["GET"]}}],"collection":[{"href":"https:\/\/www.fcgueugnon.fr\/site\/wp-json\/wp\/v2\/posts"}],"about":[{"href":"https:\/\/www.fcgueugnon.fr\/site\/wp-json\/wp\/v2\/types\/post"}],"author":[{"embeddable":true,"href":"https:\/\/www.fcgueugnon.fr\/site\/wp-json\/wp\/v2\/users\/2"}],"replies":[{"embeddable":true,"href":"https:\/\/www.fcgueugnon.fr\/site\/wp-json\/wp\/v2\/comments?post=3815"}],"version-history":[{"count":1,"href":"https:\/\/www.fcgueugnon.fr\/site\/wp-json\/wp\/v2\/posts\/3815\/revisions"}],"predecessor-version":[{"id":3818,"href":"https:\/\/www.fcgueugnon.fr\/site\/wp-json\/wp\/v2\/posts\/3815\/revisions\/3818"}],"wp:featuredmedia":[{"embeddable":true,"href":"https:\/\/www.fcgueugnon.fr\/site\/wp-json\/wp\/v2\/media\/3816"}],"wp:attachment":[{"href":"https:\/\/www.fcgueugnon.fr\/site\/wp-json\/wp\/v2\/media?parent=3815"}],"wp:term":[{"taxonomy":"category","embeddable":true,"href":"https:\/\/www.fcgueugnon.fr\/site\/wp-json\/wp\/v2\/categories?post=3815"},{"taxonomy":"post_tag","embeddable":true,"href":"https:\/\/www.fcgueugnon.fr\/site\/wp-json\/wp\/v2\/tags?post=3815"}],"curies":[{"name":"wp","href":"https:\/\/api.w.org\/{rel}","templated":true}]}}