{"id":3782,"date":"2023-03-17T10:49:02","date_gmt":"2023-03-17T09:49:02","guid":{"rendered":"https:\/\/www.fcgueugnon.fr\/site\/?p=3782"},"modified":"2024-10-07T11:20:14","modified_gmt":"2024-10-07T09:20:14","slug":"n3-j18-fc-gueugnon-besancon-foot-tous-derriere-les-joueurs-cest-le-mot-dordre","status":"publish","type":"post","link":"https:\/\/www.fcgueugnon.fr\/site\/n3-j18-fc-gueugnon-besancon-foot-tous-derriere-les-joueurs-cest-le-mot-dordre\/3782","title":{"rendered":"[N3 J18 : FC Gueugnon \u2013 Besan\u00e7on Foot] \u00ab Tous derri\u00e8re les joueurs, c&rsquo;est le mot d&rsquo;ordre \u00bb"},"content":{"rendered":"\n<h2 class=\"wp-block-heading\">Accul\u00e9s dans le classement, les jaunes et bleus re\u00e7oivent les bisontins du Besan\u00e7on Foot avec un mot d&rsquo;ordre et la d\u00e9termination de prendre des points ! <\/h2>\n\n\n\n<div style=\"height:70px\" aria-hidden=\"true\" class=\"wp-block-spacer\"><\/div>\n\n\n\n<div class=\"wp-block-getwid-image-box getwid-animation has-text-center has-mobile-layout-default has-mobile-alignment-center\" data-animation=\"zoomSmall\"><div class=\"wp-block-getwid-image-box__image-container is-position-top\"><div class=\"wp-block-getwid-image-box__image-wrapper\"><img loading=\"lazy\" decoding=\"async\" width=\"675\" height=\"956\" src=\"https:\/\/www.fcgueugnon.fr\/site\/wp-content\/uploads\/2023\/03\/Fq3STkSXoAQb1Yx.jpg\" alt=\"\" class=\"wp-block-getwid-image-box__image wp-image-3780\" srcset=\"https:\/\/www.fcgueugnon.fr\/site\/wp-content\/uploads\/2023\/03\/Fq3STkSXoAQb1Yx.jpg 675w, https:\/\/www.fcgueugnon.fr\/site\/wp-content\/uploads\/2023\/03\/Fq3STkSXoAQb1Yx-282x400.jpg 282w, https:\/\/www.fcgueugnon.fr\/site\/wp-content\/uploads\/2023\/03\/Fq3STkSXoAQb1Yx-600x850.jpg 600w\" sizes=\"auto, (max-width: 675px) 100vw, 675px\" \/><\/div><\/div><div class=\"wp-block-getwid-image-box__content\">\n\n<h3 class=\"wp-block-heading\"><\/h3>\n\n\n<p><\/p>\n\n<\/div><\/div>\n\n\n\n<div style=\"height:70px\" aria-hidden=\"true\" class=\"wp-block-spacer\"><\/div>\n\n\n\n<h3 class=\"wp-block-heading\">\ud83c\udd9a <em><strong>L&rsquo;adversaire <\/strong><\/em><\/h3>\n\n\n\n<p>Remani\u00e9 lors de l&rsquo;intersaison avec un changement d\u2019entraineur et 75 % de nouveaux joueurs, le <strong>BF <\/strong>a bien d\u00e9but\u00e9 la saison avec 2 victoires contre <strong>Grandvillars <\/strong>et <strong>Montceau <\/strong>avant d&rsquo;enchainer une s\u00e9rie de 3 d\u00e9faites cons\u00e9cutions contre <strong>Dijon, Jura Dolois<\/strong> ou encore<strong> Is-Selongey<\/strong>. Si le nouveau coach <strong>Benoit Pansier<\/strong> avait des mots durs estimant \u00ab&nbsp;<em>avoir \u00e9t\u00e9 nuls contre Selongey<\/em>&nbsp;\u00bb, les doubistes ont su mieux que rebondir en s&rsquo;imposant lourdement \u00e0 domicile face&#8230; au FC Gueugnon (3-0. <a href=\"https:\/\/www.fcgueugnon.fr\/site\/n3-j06-besancon-foot-fc-gueugnon-resultat-reactions-et-resume\/1992\" target=\"_blank\" rel=\"noreferrer noopener\">Relire l&rsquo;apr\u00e8s-match<\/a>).<\/p>\n\n\n\n<p>Depuis, <strong>Besan\u00e7on Foot <\/strong>squatte le top 5 du championnat avec 17 points (8V\/3N\/6D) mais vient de voir sa s\u00e9rie d\u2019invincibilit\u00e9 de 5 matchs s&rsquo;arr\u00eater dans un match \u00e0 rebondissement chez&#8230; <strong>Is-Selongey<\/strong> ! En effet, les bisontins ont termin\u00e9 \u00e0 huit apr\u00e8s l&rsquo;expulsions en fin de match de <strong>Gaye, Diarra <\/strong>et <strong>Adjakly<\/strong>. Le week-end dernier en coupe de Bourgogne Franche-Comt\u00e9, c&rsquo;est une \u00e9limination chez le <strong>FC Chalon<\/strong> (R1 mais bien encourag\u00e9 par Bouby &#8211; 4-1) et malgr\u00e9 6 titulaires sur le 11 de d\u00e9part qu&rsquo;a connu le club de Franche-Comt\u00e9. Une d\u00e9faite laissant dire au coach que \u00ab&nbsp;<em>certains joueurs vont devoir se remettre en question au plus vite..<\/em>.&nbsp;\u00bb.<\/p>\n\n\n\n<p>A nouveau dans un creux, le <strong>BF <\/strong>a cependant les armes pour mieux faire et souhaitera profiter de cette nouvelle opposition face au FCG pour repartir de l&rsquo;avant ! <\/p>\n\n\n\n<p><em>Site internet du Besan\u00e7on Foot : <a href=\"https:\/\/www.besanconfoot.com\/\" target=\"_blank\" rel=\"noreferrer noopener\">www.besanconfoot.com<\/a><\/em><\/p>\n\n\n\n<div style=\"height:70px\" aria-hidden=\"true\" class=\"wp-block-spacer\"><\/div>\n\n\n\n<h3 class=\"wp-block-heading\">\ud83d\udce3 <em><strong>La d\u00e9cla&rsquo;<\/strong><\/em><\/h3>\n\n\n\n<blockquote class=\"wp-block-quote is-style-default is-layout-flow wp-block-quote-is-layout-flow\">\n<p class=\"has-x-large-font-size\">\u00ab <em>J\u2019ai une mentalit\u00e9 gueugnonnaise. Je ne l\u00e2cherai pas et je ne les l\u00e2cherai pas.<\/em>&nbsp;\u00bb<\/p>\n<cite><strong><em>Philippe CORREIA <\/em><\/strong><em>(entraineur)<\/em><\/cite><\/blockquote>\n\n\n\n<div style=\"height:70px\" aria-hidden=\"true\" class=\"wp-block-spacer\"><\/div>\n\n\n\n<h3 class=\"wp-block-heading\">\ud83d\udfe1\ud83d\udd35 <em><strong>Le FC Gueugnon<\/strong><\/em><\/h3>\n\n\n\n<p class=\"has-text-align-left\">Le <strong>FC Gueugnon <\/strong>poursuit sa course de fond dans ce championnat avec cette s\u00e9rie de matchs face au <strong>Besan\u00e7on Foot<\/strong> (5e \/ +7 points) puis des d\u00e9placements \u00e0 <strong>Is-Selongey <\/strong>(6e \/ +4 points) et <strong>Sochaux B <\/strong>(7e et meilleure attaque \/ +4 points) avant de recevoir le leader <strong>Pontarlier<\/strong>. Un calendrier (\u00e0 <a href=\"https:\/\/www.fcgueugnon.fr\/site\/calendrier-seniors-a-national-3-bourgogne-franche-comte\" target=\"_blank\" rel=\"noreferrer noopener\">consulter ici<\/a>) qui laisse peu de place \u00e0 l&rsquo;erreur en cette fin de saison.<\/p>\n\n\n\n<p>Une saison compliqu\u00e9e pour les forgerons mais un leitmotiv et une volont\u00e9 forte \u00e0 tous les \u00e9tages pour obtenir le maintien, \u00e0 l&rsquo;image du coach <strong>Philippe Correia<\/strong> : <em>\u00ab Il ne faut surtout pas baisser les bras, le maintien va se jouer jusqu\u2019au dernier match et il faut que l\u2019on reste soud\u00e9. \u00bb<\/em>, de l&rsquo;entraineur des gardiens <strong>C\u00e9dric Jacquet<\/strong> : <em>\u00ab Cette deuxi\u00e8me partie de saison est essentielle pour le club. Les objectifs ont vite \u00e9volu\u00e9s et il faut affronter chaque adversaire avec l\u2019envie de prendre des points. \u00bb<\/em> ou encore du pr\u00e9sident <strong>Bernard Canard <\/strong>\u00e0 la conclusion <em>\u00ab Tous derri\u00e8re les joueurs, c\u2019est le mot d\u2019ordre. \u00bb<\/em>.<\/p>\n\n\n\n<p>La route est encore longue et les gueugnonnais doivent \u00e9galement une revanche \u00e0 leurs supporters apr\u00e8s le match aller o\u00f9 ils avaient \u00e9t\u00e9 malmen\u00e9s \u00e0 L\u00e9o Lagrange&#8230; Cette fois encore, les forgerons pourront compter sur un public du stade Jean Laville toujours exigeant mais pr\u00eat pour les accompagner dans cette qu\u00eate de points ! <\/p>\n\n\n\n<div style=\"height:70px\" aria-hidden=\"true\" class=\"wp-block-spacer\"><\/div>\n\n\n\n<h3 class=\"wp-block-heading\"><em>\ud83e\udd1d <strong>Partenaire du match<\/strong> : <a href=\"https:\/\/www.fcgueugnon.fr\/site\/n3-j18-fc-gueugnon-besancon-foot-ecouter-voir-partenaire-de-la-rencontre\/3785\" target=\"_blank\" rel=\"noreferrer noopener\">\u00c9couter Voir, partenaire de la rencontre<\/a><\/em><\/h3>\n\n\n\n<div class=\"wp-block-getwid-image-box getwid-animation has-text-center has-mobile-layout-default has-mobile-alignment-default\" data-animation=\"zoomSmall\"><div class=\"wp-block-getwid-image-box__image-container is-position-top\"><a href=\"https:\/\/www.fcgueugnon.fr\/site\/n3-j18-fc-gueugnon-besancon-foot-ecouter-voir-partenaire-de-la-rencontre\/3785\" class=\"wp-block-getwid-image-box__image-wrapper\"><img loading=\"lazy\" decoding=\"async\" width=\"1024\" height=\"576\" src=\"https:\/\/www.fcgueugnon.fr\/site\/wp-content\/uploads\/2023\/03\/PARTENAIRE-DU-MATCH-ECOUTER-VOIR-1024x576.png\" alt=\"\" class=\"wp-block-getwid-image-box__image wp-image-3793\" srcset=\"https:\/\/www.fcgueugnon.fr\/site\/wp-content\/uploads\/2023\/03\/PARTENAIRE-DU-MATCH-ECOUTER-VOIR-1024x576.png 1024w, https:\/\/www.fcgueugnon.fr\/site\/wp-content\/uploads\/2023\/03\/PARTENAIRE-DU-MATCH-ECOUTER-VOIR-400x225.png 400w, https:\/\/www.fcgueugnon.fr\/site\/wp-content\/uploads\/2023\/03\/PARTENAIRE-DU-MATCH-ECOUTER-VOIR-768x432.png 768w, https:\/\/www.fcgueugnon.fr\/site\/wp-content\/uploads\/2023\/03\/PARTENAIRE-DU-MATCH-ECOUTER-VOIR-1536x864.png 1536w, https:\/\/www.fcgueugnon.fr\/site\/wp-content\/uploads\/2023\/03\/PARTENAIRE-DU-MATCH-ECOUTER-VOIR-1320x743.png 1320w, https:\/\/www.fcgueugnon.fr\/site\/wp-content\/uploads\/2023\/03\/PARTENAIRE-DU-MATCH-ECOUTER-VOIR-600x338.png 600w, https:\/\/www.fcgueugnon.fr\/site\/wp-content\/uploads\/2023\/03\/PARTENAIRE-DU-MATCH-ECOUTER-VOIR.png 1920w\" sizes=\"auto, (max-width: 1024px) 100vw, 1024px\" \/><\/a><\/div><div class=\"wp-block-getwid-image-box__content\">\n\n<h3 class=\"wp-block-heading\"><\/h3>\n\n\n<p><\/p>\n\n<\/div><\/div>\n\n\n\n<div style=\"height:70px\" aria-hidden=\"true\" class=\"wp-block-spacer\"><\/div>\n\n\n\n<hr class=\"wp-block-separator has-text-color has-css-opacity has-background is-style-default\" style=\"background-color:#f7db4a;color:#f7db4a\"\/>\n\n\n\n<h3 class=\"wp-block-heading\">\ud83d\udccd <strong><em>Les infos pratiques<\/em><\/strong><\/h3>\n\n\n\n<h2 class=\"wp-block-heading\">Billetterie<\/h2>\n\n\n\n<div class=\"wp-block-media-text alignwide is-stacked-on-mobile is-vertically-aligned-center is-style-default\" style=\"grid-template-columns:49% auto\"><figure class=\"wp-block-media-text__media\"><img loading=\"lazy\" decoding=\"async\" width=\"1024\" height=\"768\" src=\"https:\/\/www.fcgueugnon.fr\/site\/wp-content\/uploads\/2022\/08\/entree-billetterie-stade-jean-laville-sous-la-tribune-ouest-1024x768.jpg\" alt=\"\" class=\"wp-image-951 size-full\" srcset=\"https:\/\/www.fcgueugnon.fr\/site\/wp-content\/uploads\/2022\/08\/entree-billetterie-stade-jean-laville-sous-la-tribune-ouest-1024x768.jpg 1024w, https:\/\/www.fcgueugnon.fr\/site\/wp-content\/uploads\/2022\/08\/entree-billetterie-stade-jean-laville-sous-la-tribune-ouest-400x300.jpg 400w, https:\/\/www.fcgueugnon.fr\/site\/wp-content\/uploads\/2022\/08\/entree-billetterie-stade-jean-laville-sous-la-tribune-ouest-768x576.jpg 768w, https:\/\/www.fcgueugnon.fr\/site\/wp-content\/uploads\/2022\/08\/entree-billetterie-stade-jean-laville-sous-la-tribune-ouest-1536x1152.jpg 1536w, https:\/\/www.fcgueugnon.fr\/site\/wp-content\/uploads\/2022\/08\/entree-billetterie-stade-jean-laville-sous-la-tribune-ouest-2048x1536.jpg 2048w, https:\/\/www.fcgueugnon.fr\/site\/wp-content\/uploads\/2022\/08\/entree-billetterie-stade-jean-laville-sous-la-tribune-ouest-1320x990.jpg 1320w\" sizes=\"auto, (max-width: 1024px) 100vw, 1024px\" \/><\/figure><div class=\"wp-block-media-text__content\">\n<p><br><em>Rendez-vous sous la<strong> tribune Ouest <\/strong>pour acc\u00e9der au guichet Billetterie puis dans l&rsquo;angle des tribunes Nord et Ouest (c\u00f4t\u00e9 piscine) pour acc\u00e9der au stade.<\/em><\/p>\n<\/div><\/div>\n\n\n\n<div class=\"wp-block-media-text alignwide has-media-on-the-right is-stacked-on-mobile is-vertically-aligned-center is-style-default\" style=\"grid-template-columns:auto 49%\"><div class=\"wp-block-media-text__content\">\n<h2 class=\"wp-block-heading\">Tarifs<\/h2>\n\n\n\n<ul class=\"wp-block-list\">\n<li><strong><span style=\"text-decoration: underline;\">Gratuits <\/span><\/strong>: licenci\u00e9s FC Gueugnon, -16ans (sur pr\u00e9sentation d\u2019un justificatif ou carte)<\/li>\n\n\n\n<li><strong><span style=\"text-decoration: underline;\">Tarif r\u00e9duit<\/span> : 4\u20ac<\/strong> \u2013 \u00c9tudiants, Demandeurs d\u2019emploi (sur pr\u00e9sentation d\u2019un justificatif ou carte)<\/li>\n\n\n\n<li><strong><span style=\"text-decoration: underline;\">Plein-tarif<\/span> : 7\u20ac<\/strong><\/li>\n<\/ul>\n\n\n\n<div style=\"height:10px\" aria-hidden=\"true\" class=\"wp-block-spacer\"><\/div>\n\n\n\n<p><\/p>\n<\/div><figure class=\"wp-block-media-text__media\"><img loading=\"lazy\" decoding=\"async\" width=\"1024\" height=\"768\" src=\"https:\/\/www.fcgueugnon.fr\/site\/wp-content\/uploads\/2022\/07\/billetterie-sous-la-tribune-ouest-d-FCGueugnon-a-Jean-Laville-1024x768.jpg\" alt=\"\" class=\"wp-image-63 size-full\" srcset=\"https:\/\/www.fcgueugnon.fr\/site\/wp-content\/uploads\/2022\/07\/billetterie-sous-la-tribune-ouest-d-FCGueugnon-a-Jean-Laville-1024x768.jpg 1024w, https:\/\/www.fcgueugnon.fr\/site\/wp-content\/uploads\/2022\/07\/billetterie-sous-la-tribune-ouest-d-FCGueugnon-a-Jean-Laville-400x300.jpg 400w, https:\/\/www.fcgueugnon.fr\/site\/wp-content\/uploads\/2022\/07\/billetterie-sous-la-tribune-ouest-d-FCGueugnon-a-Jean-Laville-768x576.jpg 768w, https:\/\/www.fcgueugnon.fr\/site\/wp-content\/uploads\/2022\/07\/billetterie-sous-la-tribune-ouest-d-FCGueugnon-a-Jean-Laville-1536x1152.jpg 1536w, https:\/\/www.fcgueugnon.fr\/site\/wp-content\/uploads\/2022\/07\/billetterie-sous-la-tribune-ouest-d-FCGueugnon-a-Jean-Laville-2048x1536.jpg 2048w\" sizes=\"auto, (max-width: 1024px) 100vw, 1024px\" \/><\/figure><\/div>\n\n\n\n<div class=\"wp-block-media-text alignwide is-stacked-on-mobile is-vertically-aligned-center is-style-default\" style=\"grid-template-columns:49% auto\"><figure class=\"wp-block-media-text__media\"><img loading=\"lazy\" decoding=\"async\" width=\"1024\" height=\"538\" src=\"https:\/\/www.fcgueugnon.fr\/site\/wp-content\/uploads\/2022\/08\/post-facebook-FCG-1024x538.png\" alt=\"\" class=\"wp-image-930 size-full\" srcset=\"https:\/\/www.fcgueugnon.fr\/site\/wp-content\/uploads\/2022\/08\/post-facebook-FCG-1024x538.png 1024w, https:\/\/www.fcgueugnon.fr\/site\/wp-content\/uploads\/2022\/08\/post-facebook-FCG-400x210.png 400w, https:\/\/www.fcgueugnon.fr\/site\/wp-content\/uploads\/2022\/08\/post-facebook-FCG-768x403.png 768w, https:\/\/www.fcgueugnon.fr\/site\/wp-content\/uploads\/2022\/08\/post-facebook-FCG.png 1200w\" sizes=\"auto, (max-width: 1024px) 100vw, 1024px\" \/><\/figure><div class=\"wp-block-media-text__content\">\n<h2 class=\"wp-block-heading\">C&rsquo;est en covoiturant qu&rsquo;on devient Forgeron ! <\/h2>\n\n\n\n<div style=\"height:10px\" aria-hidden=\"true\" class=\"wp-block-spacer\"><\/div>\n\n\n\n<p><strong>Rendez-vous sur l&rsquo;application et le site internet de StadiumGO pour proposer et trouver votre trajet pour vous rendre \u00e0 Gueugnon !<\/strong><\/p>\n\n\n\n<div class=\"wp-block-buttons is-layout-flex wp-block-buttons-is-layout-flex\">\n<div class=\"wp-block-button aligncenter is-style-circular\"><a class=\"wp-block-button__link wp-element-button\" href=\"https:\/\/www.stadiumgo.fr\/liste-matchs?search=1&amp;club=gueugnon&amp;league=\">StadiumGO<\/a><\/div>\n<\/div>\n<\/div><\/div>\n\n\n\n<div style=\"height:10px\" aria-hidden=\"true\" class=\"wp-block-spacer\"><\/div>\n\n\n\n<div style=\"height:25px\" aria-hidden=\"true\" class=\"wp-block-spacer\"><\/div>\n\n\n\n<p>\u2139\ufe0f <em><a href=\"https:\/\/www.fcgueugnon.fr\/site\/infos-pratiques\" target=\"_blank\" rel=\"noreferrer noopener\"><span style=\"text-decoration: underline;\">Acc\u00e8s au stade, buvette, PMR&#8230; Toutes les infos pratiques sur ce lien<\/span><\/a><\/em><\/p>\n\n\n\n<div style=\"height:70px\" aria-hidden=\"true\" class=\"wp-block-spacer\"><\/div>\n\n\n\n<hr class=\"wp-block-separator has-text-color has-css-opacity has-background is-style-default\" style=\"background-color:#f7db4a;color:#f7db4a\"\/>\n\n\n\n<h3 class=\"wp-block-heading\">\u26bd <strong><em>La fiche<\/em><\/strong><\/h3>\n\n\n\n<h4 class=\"wp-block-heading\"><b>NIVEAU NATIONAL : F\u00c9D\u00c9RATION&nbsp;FRAN\u00c7AISE&nbsp;DE FOOTBALL<\/b><br><strong><b>NATIONAL 3 &#8211; J1<\/b>8<\/strong><br>Samedi 18 Mars 2022 &#8211; 18H00<br>FC GUEUGNON \/ BESAN\u00c7ON FOOT<\/h4>\n\n\n\n<p><strong>TERRAIN<\/strong><br>Stade Jean Laville<br>Rue Roger Couderc<br>71130 Gueugnon<\/p>\n\n\n\n<p><strong>SURFACE DE JEU<\/strong><br>Pelouse naturelle<\/p>\n\n\n\n<p><strong>OFFICIELS<\/strong><br>Arbitre centre : QUENTIN PINET<br>Arbitre assistant 1 : SEBASTIEN FEVRE<br>Arbitre assistant 2 : MOURAD EL IDRISSI<br>D\u00e9l\u00e9gu\u00e9 principal : GILLES RONDEAU<br>D\u00e9l\u00e9gu\u00e9 accompagnateur : FRANCK MOSCATO<\/p>\n\n\n\n<div style=\"height:50px\" aria-hidden=\"true\" class=\"wp-block-spacer\"><\/div>\n\n\n\n<h3 class=\"wp-block-heading\"><strong>Groupe<\/strong><\/h3>\n\n\n\n<figure class=\"wp-block-embed is-type-rich is-provider-twitter wp-block-embed-twitter\"><div class=\"wp-block-embed__wrapper\">\n<blockquote class=\"twitter-tweet\" data-width=\"550\" data-dnt=\"true\"><p lang=\"fr\" dir=\"ltr\">\ud83d\udfe1 \ud835\udde1\ud835\udfef \ud835\udddd\ud835\udfed\ud835\udff4 | \ud835\uddd9\ud835\uddd6 \ud835\uddda\ud835\udde8\ud835\uddd8\ud835\udde8\ud835\uddda\ud835\udde1\ud835\udde2\ud835\udde1 &#8211; \ud835\uddd5\ud835\uddd8\ud835\udde6\ud835\uddd4\ud835\udde1\ud835\uddd6\u0327\ud835\udde2\ud835\udde1 \ud835\uddd9\ud835\udde2\ud835\udde2\ud835\udde7 \ud83d\udd35<br><br>\ud83d\udc65 Le groupe pour la J18 de N3 : Njock &#8211; Houla &#8211; Mustivar &#8211; Fahrasmane  &#8211; Mohamed  &#8211; Chauvet &#8211; Diallo &#8211; Fa. Revuelta &#8211; Gab\u00e9 &#8211; Benameur &#8211; Mbock &#8211; Dram\u00e9  &#8211; Rollin &#8211; Fr. Revuelta &#8211; Luanda &#8211; Mvondo &#8211; Diomand\u00e9. <a href=\"https:\/\/t.co\/5ankr9lC1Y\">pic.twitter.com\/5ankr9lC1Y<\/a><\/p>&mdash; FC Gueugnon (@FCGueugnon_Off) <a href=\"https:\/\/twitter.com\/FCGueugnon_Off\/status\/1636820847938682881?ref_src=twsrc%5Etfw\">March 17, 2023<\/a><\/blockquote><script async src=\"https:\/\/platform.twitter.com\/widgets.js\" charset=\"utf-8\"><\/script>\n<\/div><\/figure>\n\n\n\n<div style=\"height:50px\" aria-hidden=\"true\" class=\"wp-block-spacer\"><\/div>\n\n\n\n<h3 class=\"wp-block-heading\">\ud83d\uddd3 <strong>La 18e journ\u00e9e de National 3<\/strong><\/h3>\n\n\n\n<p>Samedi 18 Mars<br>16:00 : AS Quetigny &#8211; FC Grandvillars<br>18:00 : CA Pontarlier &#8211; Dijon FCO B<br>18:00 : Morteau-Montlebon &#8211; UCS Cosne<br>18:00 : FC Gueugnon &#8211; Besan\u00e7on Foot<br>18:00 : UF M\u00e2con &#8211; Is-Selongey<\/p>\n\n\n\n<p>Dimanche 19 Mars<br>14:30 : Saint Apollinaire &#8211; FC Montceau<br>15:00 : Sochaux-Montbeliard B &#8211; Jura Dolois Foot<br><\/p>\n\n\n\n<div style=\"height:100px\" aria-hidden=\"true\" class=\"wp-block-spacer\"><\/div>\n","protected":false},"excerpt":{"rendered":"<p>Accul\u00e9s dans le classement, les jaunes et bleus re\u00e7oivent les bisontins du Besan\u00e7on Foot avec un mot d&rsquo;ordre et la d\u00e9termination de prendre des points ! \ud83c\udd9a L&rsquo;adversaire Remani\u00e9 lors de l&rsquo;intersaison avec un changement d\u2019entraineur et 75 % de nouveaux joueurs, le BF a bien d\u00e9but\u00e9 la saison avec 2 victoires contre Grandvillars et &#8230; <\/p>\n<p class=\"read-more-container\"><a title=\"[N3 J18 : FC Gueugnon \u2013 Besan\u00e7on Foot] \u00ab Tous derri\u00e8re les joueurs, c&rsquo;est le mot d&rsquo;ordre \u00bb\" class=\"read-more button\" href=\"https:\/\/www.fcgueugnon.fr\/site\/n3-j18-fc-gueugnon-besancon-foot-tous-derriere-les-joueurs-cest-le-mot-dordre\/3782#more-3782\" aria-label=\"Plus sur [N3 J18 : FC Gueugnon \u2013 Besan\u00e7on Foot] \u00ab Tous derri\u00e8re les joueurs, c&rsquo;est le mot d&rsquo;ordre \u00bb\">Lire la suite<\/a><\/p>\n","protected":false},"author":1,"featured_media":3803,"comment_status":"closed","ping_status":"closed","sticky":false,"template":"","format":"standard","meta":{"footnotes":""},"categories":[5,4],"tags":[28],"class_list":["post-3782","post","type-post","status-publish","format-standard","has-post-thumbnail","hentry","category-news-2022-2023","category-news","tag-avant-match","infinite-scroll-item","generate-columns","tablet-grid-50","mobile-grid-100","grid-parent","grid-25","resize-featured-image"],"yoast_head":"<!-- This site is optimized with the Yoast SEO plugin v26.6 - https:\/\/yoast.com\/wordpress\/plugins\/seo\/ -->\n<title>[N3 J18 : FC Gueugnon \u2013 Besan\u00e7on Foot] \u00ab Tous derri\u00e8re les joueurs, c&#039;est le mot d&#039;ordre \u00bb &#8226; FOOTBALL CLUB GUEUGNON<\/title>\n<meta name=\"robots\" content=\"index, follow, max-snippet:-1, max-image-preview:large, max-video-preview:-1\" \/>\n<link rel=\"canonical\" href=\"https:\/\/www.fcgueugnon.fr\/site\/n3-j18-fc-gueugnon-besancon-foot-tous-derriere-les-joueurs-cest-le-mot-dordre\/3782\" \/>\n<meta property=\"og:locale\" content=\"fr_FR\" \/>\n<meta property=\"og:type\" content=\"article\" \/>\n<meta property=\"og:title\" content=\"[N3 J18 : FC Gueugnon \u2013 Besan\u00e7on Foot] \u00ab Tous derri\u00e8re les joueurs, c&#039;est le mot d&#039;ordre \u00bb &#8226; FOOTBALL CLUB GUEUGNON\" \/>\n<meta property=\"og:description\" content=\"Accul\u00e9s dans le classement, les jaunes et bleus re\u00e7oivent les bisontins du Besan\u00e7on Foot avec un mot d&rsquo;ordre et la d\u00e9termination de prendre des points ! \ud83c\udd9a L&rsquo;adversaire Remani\u00e9 lors de l&rsquo;intersaison avec un changement d\u2019entraineur et 75 % de nouveaux joueurs, le BF a bien d\u00e9but\u00e9 la saison avec 2 victoires contre Grandvillars et ... Lire la suite\" \/>\n<meta property=\"og:url\" content=\"https:\/\/www.fcgueugnon.fr\/site\/n3-j18-fc-gueugnon-besancon-foot-tous-derriere-les-joueurs-cest-le-mot-dordre\/3782\" \/>\n<meta property=\"og:site_name\" content=\"FOOTBALL CLUB GUEUGNON\" \/>\n<meta property=\"article:publisher\" content=\"http:\/\/facebook.com\/FCGueugnon\" \/>\n<meta property=\"article:published_time\" content=\"2023-03-17T09:49:02+00:00\" \/>\n<meta property=\"article:modified_time\" content=\"2024-10-07T09:20:14+00:00\" \/>\n<meta property=\"og:image\" content=\"https:\/\/www.fcgueugnon.fr\/site\/wp-content\/uploads\/2023\/03\/avant-match-fc-gueugnon-besancon-foot-1024x576.png\" \/>\n\t<meta property=\"og:image:width\" content=\"1024\" \/>\n\t<meta property=\"og:image:height\" content=\"576\" \/>\n\t<meta property=\"og:image:type\" content=\"image\/png\" \/>\n<meta name=\"author\" content=\"FC Gueugnon\" \/>\n<meta name=\"twitter:card\" content=\"summary_large_image\" \/>\n<meta name=\"twitter:creator\" content=\"@FCGueugnon_off\" \/>\n<meta name=\"twitter:site\" content=\"@FCGueugnon_off\" \/>\n<meta name=\"twitter:label1\" content=\"\u00c9crit par\" \/>\n\t<meta name=\"twitter:data1\" content=\"FC Gueugnon\" \/>\n\t<meta name=\"twitter:label2\" content=\"Dur\u00e9e de lecture estim\u00e9e\" \/>\n\t<meta name=\"twitter:data2\" content=\"5 minutes\" \/>\n<script type=\"application\/ld+json\" class=\"yoast-schema-graph\">{\"@context\":\"https:\/\/schema.org\",\"@graph\":[{\"@type\":\"Article\",\"@id\":\"https:\/\/www.fcgueugnon.fr\/site\/n3-j18-fc-gueugnon-besancon-foot-tous-derriere-les-joueurs-cest-le-mot-dordre\/3782#article\",\"isPartOf\":{\"@id\":\"https:\/\/www.fcgueugnon.fr\/site\/n3-j18-fc-gueugnon-besancon-foot-tous-derriere-les-joueurs-cest-le-mot-dordre\/3782\"},\"author\":{\"name\":\"FC Gueugnon\",\"@id\":\"https:\/\/www.fcgueugnon.fr\/site\/#\/schema\/person\/f6444fbdd35fa731ee974c03508738fb\"},\"headline\":\"[N3 J18 : FC Gueugnon \u2013 Besan\u00e7on Foot] \u00ab Tous derri\u00e8re les joueurs, c&rsquo;est le mot d&rsquo;ordre \u00bb\",\"datePublished\":\"2023-03-17T09:49:02+00:00\",\"dateModified\":\"2024-10-07T09:20:14+00:00\",\"mainEntityOfPage\":{\"@id\":\"https:\/\/www.fcgueugnon.fr\/site\/n3-j18-fc-gueugnon-besancon-foot-tous-derriere-les-joueurs-cest-le-mot-dordre\/3782\"},\"wordCount\":770,\"publisher\":{\"@id\":\"https:\/\/www.fcgueugnon.fr\/site\/#organization\"},\"image\":{\"@id\":\"https:\/\/www.fcgueugnon.fr\/site\/n3-j18-fc-gueugnon-besancon-foot-tous-derriere-les-joueurs-cest-le-mot-dordre\/3782#primaryimage\"},\"thumbnailUrl\":\"https:\/\/www.fcgueugnon.fr\/site\/wp-content\/uploads\/2023\/03\/avant-match-fc-gueugnon-besancon-foot.png\",\"keywords\":[\"Avant-match\"],\"articleSection\":[\"Archives 2022\/2023\",\"News\"],\"inLanguage\":\"fr-FR\"},{\"@type\":\"WebPage\",\"@id\":\"https:\/\/www.fcgueugnon.fr\/site\/n3-j18-fc-gueugnon-besancon-foot-tous-derriere-les-joueurs-cest-le-mot-dordre\/3782\",\"url\":\"https:\/\/www.fcgueugnon.fr\/site\/n3-j18-fc-gueugnon-besancon-foot-tous-derriere-les-joueurs-cest-le-mot-dordre\/3782\",\"name\":\"[N3 J18 : FC Gueugnon \u2013 Besan\u00e7on Foot] \u00ab Tous derri\u00e8re les joueurs, c'est le mot d'ordre \u00bb &#8226; FOOTBALL CLUB GUEUGNON\",\"isPartOf\":{\"@id\":\"https:\/\/www.fcgueugnon.fr\/site\/#website\"},\"primaryImageOfPage\":{\"@id\":\"https:\/\/www.fcgueugnon.fr\/site\/n3-j18-fc-gueugnon-besancon-foot-tous-derriere-les-joueurs-cest-le-mot-dordre\/3782#primaryimage\"},\"image\":{\"@id\":\"https:\/\/www.fcgueugnon.fr\/site\/n3-j18-fc-gueugnon-besancon-foot-tous-derriere-les-joueurs-cest-le-mot-dordre\/3782#primaryimage\"},\"thumbnailUrl\":\"https:\/\/www.fcgueugnon.fr\/site\/wp-content\/uploads\/2023\/03\/avant-match-fc-gueugnon-besancon-foot.png\",\"datePublished\":\"2023-03-17T09:49:02+00:00\",\"dateModified\":\"2024-10-07T09:20:14+00:00\",\"breadcrumb\":{\"@id\":\"https:\/\/www.fcgueugnon.fr\/site\/n3-j18-fc-gueugnon-besancon-foot-tous-derriere-les-joueurs-cest-le-mot-dordre\/3782#breadcrumb\"},\"inLanguage\":\"fr-FR\",\"potentialAction\":[{\"@type\":\"ReadAction\",\"target\":[\"https:\/\/www.fcgueugnon.fr\/site\/n3-j18-fc-gueugnon-besancon-foot-tous-derriere-les-joueurs-cest-le-mot-dordre\/3782\"]}]},{\"@type\":\"ImageObject\",\"inLanguage\":\"fr-FR\",\"@id\":\"https:\/\/www.fcgueugnon.fr\/site\/n3-j18-fc-gueugnon-besancon-foot-tous-derriere-les-joueurs-cest-le-mot-dordre\/3782#primaryimage\",\"url\":\"https:\/\/www.fcgueugnon.fr\/site\/wp-content\/uploads\/2023\/03\/avant-match-fc-gueugnon-besancon-foot.png\",\"contentUrl\":\"https:\/\/www.fcgueugnon.fr\/site\/wp-content\/uploads\/2023\/03\/avant-match-fc-gueugnon-besancon-foot.png\",\"width\":1920,\"height\":1080},{\"@type\":\"BreadcrumbList\",\"@id\":\"https:\/\/www.fcgueugnon.fr\/site\/n3-j18-fc-gueugnon-besancon-foot-tous-derriere-les-joueurs-cest-le-mot-dordre\/3782#breadcrumb\",\"itemListElement\":[{\"@type\":\"ListItem\",\"position\":1,\"name\":\"Accueil\",\"item\":\"https:\/\/www.fcgueugnon.fr\/site\/\"},{\"@type\":\"ListItem\",\"position\":2,\"name\":\"[N3 J18 : FC Gueugnon \u2013 Besan\u00e7on Foot] \u00ab Tous derri\u00e8re les joueurs, c&rsquo;est le mot d&rsquo;ordre \u00bb\"}]},{\"@type\":\"WebSite\",\"@id\":\"https:\/\/www.fcgueugnon.fr\/site\/#website\",\"url\":\"https:\/\/www.fcgueugnon.fr\/site\/\",\"name\":\"FOOTBALL CLUB GUEUGNON\",\"description\":\"Le Site Officiel des Forgerons\",\"publisher\":{\"@id\":\"https:\/\/www.fcgueugnon.fr\/site\/#organization\"},\"potentialAction\":[{\"@type\":\"SearchAction\",\"target\":{\"@type\":\"EntryPoint\",\"urlTemplate\":\"https:\/\/www.fcgueugnon.fr\/site\/?s={search_term_string}\"},\"query-input\":{\"@type\":\"PropertyValueSpecification\",\"valueRequired\":true,\"valueName\":\"search_term_string\"}}],\"inLanguage\":\"fr-FR\"},{\"@type\":\"Organization\",\"@id\":\"https:\/\/www.fcgueugnon.fr\/site\/#organization\",\"name\":\"FC Gueugnon\",\"url\":\"https:\/\/www.fcgueugnon.fr\/site\/\",\"logo\":{\"@type\":\"ImageObject\",\"inLanguage\":\"fr-FR\",\"@id\":\"https:\/\/www.fcgueugnon.fr\/site\/#\/schema\/logo\/image\/\",\"url\":\"https:\/\/www.fcgueugnon.fr\/site\/wp-content\/uploads\/2022\/07\/cropped-Logo-FCGUEUGNON-low-350x350-1.png\",\"contentUrl\":\"https:\/\/www.fcgueugnon.fr\/site\/wp-content\/uploads\/2022\/07\/cropped-Logo-FCGUEUGNON-low-350x350-1.png\",\"width\":350,\"height\":350,\"caption\":\"FC Gueugnon\"},\"image\":{\"@id\":\"https:\/\/www.fcgueugnon.fr\/site\/#\/schema\/logo\/image\/\"},\"sameAs\":[\"http:\/\/facebook.com\/FCGueugnon\",\"https:\/\/x.com\/FCGueugnon_off\",\"https:\/\/www.instagram.com\/fcgueugnon\/\",\"https:\/\/www.linkedin.com\/company\/football-club-de-gueugnon\/\",\"https:\/\/www.youtube.com\/user\/FCGueugnonnais\",\"https:\/\/fr.wikipedia.org\/wiki\/Football_Club_de_Gueugnon\"]},{\"@type\":\"Person\",\"@id\":\"https:\/\/www.fcgueugnon.fr\/site\/#\/schema\/person\/f6444fbdd35fa731ee974c03508738fb\",\"name\":\"FC Gueugnon\",\"sameAs\":[\"https:\/\/www.fcgueugnon.fr\/site\"],\"url\":\"https:\/\/www.fcgueugnon.fr\/site\/author\/admin-antho\"}]}<\/script>\n<!-- \/ Yoast SEO plugin. -->","yoast_head_json":{"title":"[N3 J18 : FC Gueugnon \u2013 Besan\u00e7on Foot] \u00ab Tous derri\u00e8re les joueurs, c'est le mot d'ordre \u00bb &#8226; FOOTBALL CLUB GUEUGNON","robots":{"index":"index","follow":"follow","max-snippet":"max-snippet:-1","max-image-preview":"max-image-preview:large","max-video-preview":"max-video-preview:-1"},"canonical":"https:\/\/www.fcgueugnon.fr\/site\/n3-j18-fc-gueugnon-besancon-foot-tous-derriere-les-joueurs-cest-le-mot-dordre\/3782","og_locale":"fr_FR","og_type":"article","og_title":"[N3 J18 : FC Gueugnon \u2013 Besan\u00e7on Foot] \u00ab Tous derri\u00e8re les joueurs, c'est le mot d'ordre \u00bb &#8226; FOOTBALL CLUB GUEUGNON","og_description":"Accul\u00e9s dans le classement, les jaunes et bleus re\u00e7oivent les bisontins du Besan\u00e7on Foot avec un mot d&rsquo;ordre et la d\u00e9termination de prendre des points ! \ud83c\udd9a L&rsquo;adversaire Remani\u00e9 lors de l&rsquo;intersaison avec un changement d\u2019entraineur et 75 % de nouveaux joueurs, le BF a bien d\u00e9but\u00e9 la saison avec 2 victoires contre Grandvillars et ... Lire la suite","og_url":"https:\/\/www.fcgueugnon.fr\/site\/n3-j18-fc-gueugnon-besancon-foot-tous-derriere-les-joueurs-cest-le-mot-dordre\/3782","og_site_name":"FOOTBALL CLUB GUEUGNON","article_publisher":"http:\/\/facebook.com\/FCGueugnon","article_published_time":"2023-03-17T09:49:02+00:00","article_modified_time":"2024-10-07T09:20:14+00:00","og_image":[{"width":1024,"height":576,"url":"https:\/\/www.fcgueugnon.fr\/site\/wp-content\/uploads\/2023\/03\/avant-match-fc-gueugnon-besancon-foot-1024x576.png","type":"image\/png"}],"author":"FC Gueugnon","twitter_card":"summary_large_image","twitter_creator":"@FCGueugnon_off","twitter_site":"@FCGueugnon_off","twitter_misc":{"\u00c9crit par":"FC Gueugnon","Dur\u00e9e de lecture estim\u00e9e":"5 minutes"},"schema":{"@context":"https:\/\/schema.org","@graph":[{"@type":"Article","@id":"https:\/\/www.fcgueugnon.fr\/site\/n3-j18-fc-gueugnon-besancon-foot-tous-derriere-les-joueurs-cest-le-mot-dordre\/3782#article","isPartOf":{"@id":"https:\/\/www.fcgueugnon.fr\/site\/n3-j18-fc-gueugnon-besancon-foot-tous-derriere-les-joueurs-cest-le-mot-dordre\/3782"},"author":{"name":"FC Gueugnon","@id":"https:\/\/www.fcgueugnon.fr\/site\/#\/schema\/person\/f6444fbdd35fa731ee974c03508738fb"},"headline":"[N3 J18 : FC Gueugnon \u2013 Besan\u00e7on Foot] \u00ab Tous derri\u00e8re les joueurs, c&rsquo;est le mot d&rsquo;ordre \u00bb","datePublished":"2023-03-17T09:49:02+00:00","dateModified":"2024-10-07T09:20:14+00:00","mainEntityOfPage":{"@id":"https:\/\/www.fcgueugnon.fr\/site\/n3-j18-fc-gueugnon-besancon-foot-tous-derriere-les-joueurs-cest-le-mot-dordre\/3782"},"wordCount":770,"publisher":{"@id":"https:\/\/www.fcgueugnon.fr\/site\/#organization"},"image":{"@id":"https:\/\/www.fcgueugnon.fr\/site\/n3-j18-fc-gueugnon-besancon-foot-tous-derriere-les-joueurs-cest-le-mot-dordre\/3782#primaryimage"},"thumbnailUrl":"https:\/\/www.fcgueugnon.fr\/site\/wp-content\/uploads\/2023\/03\/avant-match-fc-gueugnon-besancon-foot.png","keywords":["Avant-match"],"articleSection":["Archives 2022\/2023","News"],"inLanguage":"fr-FR"},{"@type":"WebPage","@id":"https:\/\/www.fcgueugnon.fr\/site\/n3-j18-fc-gueugnon-besancon-foot-tous-derriere-les-joueurs-cest-le-mot-dordre\/3782","url":"https:\/\/www.fcgueugnon.fr\/site\/n3-j18-fc-gueugnon-besancon-foot-tous-derriere-les-joueurs-cest-le-mot-dordre\/3782","name":"[N3 J18 : FC Gueugnon \u2013 Besan\u00e7on Foot] \u00ab Tous derri\u00e8re les joueurs, c'est le mot d'ordre \u00bb &#8226; FOOTBALL CLUB GUEUGNON","isPartOf":{"@id":"https:\/\/www.fcgueugnon.fr\/site\/#website"},"primaryImageOfPage":{"@id":"https:\/\/www.fcgueugnon.fr\/site\/n3-j18-fc-gueugnon-besancon-foot-tous-derriere-les-joueurs-cest-le-mot-dordre\/3782#primaryimage"},"image":{"@id":"https:\/\/www.fcgueugnon.fr\/site\/n3-j18-fc-gueugnon-besancon-foot-tous-derriere-les-joueurs-cest-le-mot-dordre\/3782#primaryimage"},"thumbnailUrl":"https:\/\/www.fcgueugnon.fr\/site\/wp-content\/uploads\/2023\/03\/avant-match-fc-gueugnon-besancon-foot.png","datePublished":"2023-03-17T09:49:02+00:00","dateModified":"2024-10-07T09:20:14+00:00","breadcrumb":{"@id":"https:\/\/www.fcgueugnon.fr\/site\/n3-j18-fc-gueugnon-besancon-foot-tous-derriere-les-joueurs-cest-le-mot-dordre\/3782#breadcrumb"},"inLanguage":"fr-FR","potentialAction":[{"@type":"ReadAction","target":["https:\/\/www.fcgueugnon.fr\/site\/n3-j18-fc-gueugnon-besancon-foot-tous-derriere-les-joueurs-cest-le-mot-dordre\/3782"]}]},{"@type":"ImageObject","inLanguage":"fr-FR","@id":"https:\/\/www.fcgueugnon.fr\/site\/n3-j18-fc-gueugnon-besancon-foot-tous-derriere-les-joueurs-cest-le-mot-dordre\/3782#primaryimage","url":"https:\/\/www.fcgueugnon.fr\/site\/wp-content\/uploads\/2023\/03\/avant-match-fc-gueugnon-besancon-foot.png","contentUrl":"https:\/\/www.fcgueugnon.fr\/site\/wp-content\/uploads\/2023\/03\/avant-match-fc-gueugnon-besancon-foot.png","width":1920,"height":1080},{"@type":"BreadcrumbList","@id":"https:\/\/www.fcgueugnon.fr\/site\/n3-j18-fc-gueugnon-besancon-foot-tous-derriere-les-joueurs-cest-le-mot-dordre\/3782#breadcrumb","itemListElement":[{"@type":"ListItem","position":1,"name":"Accueil","item":"https:\/\/www.fcgueugnon.fr\/site\/"},{"@type":"ListItem","position":2,"name":"[N3 J18 : FC Gueugnon \u2013 Besan\u00e7on Foot] \u00ab Tous derri\u00e8re les joueurs, c&rsquo;est le mot d&rsquo;ordre \u00bb"}]},{"@type":"WebSite","@id":"https:\/\/www.fcgueugnon.fr\/site\/#website","url":"https:\/\/www.fcgueugnon.fr\/site\/","name":"FOOTBALL CLUB GUEUGNON","description":"Le Site Officiel des Forgerons","publisher":{"@id":"https:\/\/www.fcgueugnon.fr\/site\/#organization"},"potentialAction":[{"@type":"SearchAction","target":{"@type":"EntryPoint","urlTemplate":"https:\/\/www.fcgueugnon.fr\/site\/?s={search_term_string}"},"query-input":{"@type":"PropertyValueSpecification","valueRequired":true,"valueName":"search_term_string"}}],"inLanguage":"fr-FR"},{"@type":"Organization","@id":"https:\/\/www.fcgueugnon.fr\/site\/#organization","name":"FC Gueugnon","url":"https:\/\/www.fcgueugnon.fr\/site\/","logo":{"@type":"ImageObject","inLanguage":"fr-FR","@id":"https:\/\/www.fcgueugnon.fr\/site\/#\/schema\/logo\/image\/","url":"https:\/\/www.fcgueugnon.fr\/site\/wp-content\/uploads\/2022\/07\/cropped-Logo-FCGUEUGNON-low-350x350-1.png","contentUrl":"https:\/\/www.fcgueugnon.fr\/site\/wp-content\/uploads\/2022\/07\/cropped-Logo-FCGUEUGNON-low-350x350-1.png","width":350,"height":350,"caption":"FC Gueugnon"},"image":{"@id":"https:\/\/www.fcgueugnon.fr\/site\/#\/schema\/logo\/image\/"},"sameAs":["http:\/\/facebook.com\/FCGueugnon","https:\/\/x.com\/FCGueugnon_off","https:\/\/www.instagram.com\/fcgueugnon\/","https:\/\/www.linkedin.com\/company\/football-club-de-gueugnon\/","https:\/\/www.youtube.com\/user\/FCGueugnonnais","https:\/\/fr.wikipedia.org\/wiki\/Football_Club_de_Gueugnon"]},{"@type":"Person","@id":"https:\/\/www.fcgueugnon.fr\/site\/#\/schema\/person\/f6444fbdd35fa731ee974c03508738fb","name":"FC Gueugnon","sameAs":["https:\/\/www.fcgueugnon.fr\/site"],"url":"https:\/\/www.fcgueugnon.fr\/site\/author\/admin-antho"}]}},"rttpg_featured_image_url":{"full":["https:\/\/www.fcgueugnon.fr\/site\/wp-content\/uploads\/2023\/03\/avant-match-fc-gueugnon-besancon-foot.png",1920,1080,false],"landscape":["https:\/\/www.fcgueugnon.fr\/site\/wp-content\/uploads\/2023\/03\/avant-match-fc-gueugnon-besancon-foot.png",1920,1080,false],"portraits":["https:\/\/www.fcgueugnon.fr\/site\/wp-content\/uploads\/2023\/03\/avant-match-fc-gueugnon-besancon-foot.png",1920,1080,false],"thumbnail":["https:\/\/www.fcgueugnon.fr\/site\/wp-content\/uploads\/2023\/03\/avant-match-fc-gueugnon-besancon-foot-150x150.png",150,150,true],"medium":["https:\/\/www.fcgueugnon.fr\/site\/wp-content\/uploads\/2023\/03\/avant-match-fc-gueugnon-besancon-foot-400x225.png",400,225,true],"large":["https:\/\/www.fcgueugnon.fr\/site\/wp-content\/uploads\/2023\/03\/avant-match-fc-gueugnon-besancon-foot-1024x576.png",1024,576,true],"1536x1536":["https:\/\/www.fcgueugnon.fr\/site\/wp-content\/uploads\/2023\/03\/avant-match-fc-gueugnon-besancon-foot-1536x864.png",1536,864,true],"2048x2048":["https:\/\/www.fcgueugnon.fr\/site\/wp-content\/uploads\/2023\/03\/avant-match-fc-gueugnon-besancon-foot.png",1920,1080,false]},"rttpg_author":{"display_name":"FC Gueugnon","author_link":"https:\/\/www.fcgueugnon.fr\/site\/author\/admin-antho"},"rttpg_comment":0,"rttpg_category":"<a href=\"https:\/\/www.fcgueugnon.fr\/site\/category\/news\/news-2022-2023\" rel=\"category tag\">Archives 2022\/2023<\/a> <a href=\"https:\/\/www.fcgueugnon.fr\/site\/category\/news\" rel=\"category tag\">News<\/a>","rttpg_excerpt":"Accul\u00e9s dans le classement, les jaunes et bleus re\u00e7oivent les bisontins du Besan\u00e7on Foot avec un mot d&rsquo;ordre et la d\u00e9termination de prendre des points ! \ud83c\udd9a L&rsquo;adversaire Remani\u00e9 lors de l&rsquo;intersaison avec un changement d\u2019entraineur et 75 % de nouveaux joueurs, le BF a bien d\u00e9but\u00e9 la saison avec 2 victoires contre Grandvillars et\u2026","_links":{"self":[{"href":"https:\/\/www.fcgueugnon.fr\/site\/wp-json\/wp\/v2\/posts\/3782","targetHints":{"allow":["GET"]}}],"collection":[{"href":"https:\/\/www.fcgueugnon.fr\/site\/wp-json\/wp\/v2\/posts"}],"about":[{"href":"https:\/\/www.fcgueugnon.fr\/site\/wp-json\/wp\/v2\/types\/post"}],"author":[{"embeddable":true,"href":"https:\/\/www.fcgueugnon.fr\/site\/wp-json\/wp\/v2\/users\/1"}],"replies":[{"embeddable":true,"href":"https:\/\/www.fcgueugnon.fr\/site\/wp-json\/wp\/v2\/comments?post=3782"}],"version-history":[{"count":6,"href":"https:\/\/www.fcgueugnon.fr\/site\/wp-json\/wp\/v2\/posts\/3782\/revisions"}],"predecessor-version":[{"id":3814,"href":"https:\/\/www.fcgueugnon.fr\/site\/wp-json\/wp\/v2\/posts\/3782\/revisions\/3814"}],"wp:featuredmedia":[{"embeddable":true,"href":"https:\/\/www.fcgueugnon.fr\/site\/wp-json\/wp\/v2\/media\/3803"}],"wp:attachment":[{"href":"https:\/\/www.fcgueugnon.fr\/site\/wp-json\/wp\/v2\/media?parent=3782"}],"wp:term":[{"taxonomy":"category","embeddable":true,"href":"https:\/\/www.fcgueugnon.fr\/site\/wp-json\/wp\/v2\/categories?post=3782"},{"taxonomy":"post_tag","embeddable":true,"href":"https:\/\/www.fcgueugnon.fr\/site\/wp-json\/wp\/v2\/tags?post=3782"}],"curies":[{"name":"wp","href":"https:\/\/api.w.org\/{rel}","templated":true}]}}