{"id":3759,"date":"2023-03-13T14:30:15","date_gmt":"2023-03-13T13:30:15","guid":{"rendered":"https:\/\/www.fcgueugnon.fr\/site\/?p=3759"},"modified":"2023-05-13T13:11:20","modified_gmt":"2023-05-13T11:11:20","slug":"cbfc-16e-saint-apollinaire-fc-gueugnon-resultat-reactions-et-resume","status":"publish","type":"post","link":"https:\/\/www.fcgueugnon.fr\/site\/cbfc-16e-saint-apollinaire-fc-gueugnon-resultat-reactions-et-resume\/3759","title":{"rendered":"[CBFC 16e : Saint Apollinaire \u2013 FC Gueugnon] R\u00e9sultat, r\u00e9actions et r\u00e9sum\u00e9"},"content":{"rendered":"\n<h3 class=\"has-text-align-left wp-block-heading\"><strong><strong>Malgr\u00e9 un doubl\u00e9 de Dram\u00e9, les forgerons se sont inclin\u00e9s \u00e0 Saint Apollinaire. Place au championnat avec un objectif de maintien\u00a0au plus vite.<\/strong><\/strong><\/h3>\n\n\n\n<div style=\"height:15px\" aria-hidden=\"true\" class=\"wp-block-spacer\"><\/div>\n\n\n\n<figure class=\"wp-block-image size-full is-resized\"><img loading=\"lazy\" decoding=\"async\" src=\"https:\/\/www.fcgueugnon.fr\/site\/wp-content\/uploads\/2023\/03\/Saint-Apollinaire-FC-Gueugnon-Coupe-BFC-2.jpg\" alt=\"\" class=\"wp-image-3761\" width=\"1120\" height=\"504\" srcset=\"https:\/\/www.fcgueugnon.fr\/site\/wp-content\/uploads\/2023\/03\/Saint-Apollinaire-FC-Gueugnon-Coupe-BFC-2.jpg 2240w, https:\/\/www.fcgueugnon.fr\/site\/wp-content\/uploads\/2023\/03\/Saint-Apollinaire-FC-Gueugnon-Coupe-BFC-2-400x180.jpg 400w, https:\/\/www.fcgueugnon.fr\/site\/wp-content\/uploads\/2023\/03\/Saint-Apollinaire-FC-Gueugnon-Coupe-BFC-2-1024x461.jpg 1024w, https:\/\/www.fcgueugnon.fr\/site\/wp-content\/uploads\/2023\/03\/Saint-Apollinaire-FC-Gueugnon-Coupe-BFC-2-768x346.jpg 768w, https:\/\/www.fcgueugnon.fr\/site\/wp-content\/uploads\/2023\/03\/Saint-Apollinaire-FC-Gueugnon-Coupe-BFC-2-1536x691.jpg 1536w, https:\/\/www.fcgueugnon.fr\/site\/wp-content\/uploads\/2023\/03\/Saint-Apollinaire-FC-Gueugnon-Coupe-BFC-2-2048x922.jpg 2048w, https:\/\/www.fcgueugnon.fr\/site\/wp-content\/uploads\/2023\/03\/Saint-Apollinaire-FC-Gueugnon-Coupe-BFC-2-1320x594.jpg 1320w, https:\/\/www.fcgueugnon.fr\/site\/wp-content\/uploads\/2023\/03\/Saint-Apollinaire-FC-Gueugnon-Coupe-BFC-2-600x270.jpg 600w\" sizes=\"auto, (max-width: 1120px) 100vw, 1120px\" \/><\/figure>\n\n\n\n<p class=\"has-text-align-center\"><em>Photo : FCG<\/em><\/p>\n\n\n\n<div style=\"height:15px\" aria-hidden=\"true\" class=\"wp-block-spacer\"><\/div>\n\n\n\n<p>C\u2019est en C\u00f4te d\u2019Or que nous retrouvions nos forgerons ce week-end, pour les 1\/16\u00e8me de finale de Coupe Bourgogne-Franche-Comt\u00e9 face \u00e0 l\u2019ASC Saint-Apollinaire. \u00c0 la lutte en championnat, les deux \u00e9quipes s\u2019affrontaient pour une revanche du mois de d\u00e9cembre, sur le terrain du complexe sportif de Louzole.\u00a0<\/p>\n\n\n\n<p>D\u00e8s le d\u00e9but de la premi\u00e8re p\u00e9riode, le match est tr\u00e8s intense avec deux \u00e9quipes qui encha\u00eenent les buts et les occasions. Apr\u00e8s quelques minutes de jeu, Gueugnon ouvre le score sur un centre d\u00e9tourn\u00e9 par <strong>Oum\u00e9rou Dram\u00e9<\/strong> (0-1 ; 7\u2019). Les verts viendront \u00e9galiser quelque temps apr\u00e8s gr\u00e2ce \u00e0 un but de <strong>Gueye <\/strong>(1-1; 13\u2019). Malgr\u00e9 ce retour au score, nos forgerons ne s\u2019avouent pas vaincu et <strong>Oum\u00e9rou Dram\u00e9<\/strong> s&rsquo;offre le doubl\u00e9 (1-2 ; 16\u2019) permettant aux forgerons de reprendre le dessus sur le match. Mais les locaux vont de nouveau \u00e9galiser sur un coup-franc et porter le score \u00e0 2-2. (22\u2019). Les verts vont finalement prendre l\u2019avantage avec un dernier but de <strong>Gaudiller<\/strong> \u00e0 la 25\u00e8me minute (3-2).\u00a0<\/p>\n\n\n\n<p>Apr\u00e8s quelques changements au retour des vestiaires, Gueugnon pousse en cette seconde p\u00e9riode et domine le jeu en multipliant les occasions. Malgr\u00e9 les tentatives de nos forgerons, le gardien \u00e9pleumien reste impassible, n\u2019offrant pas d\u2019ouverture \u00e0 une \u00e9galisation. En cette fin de match, les efforts de nos Jaunes et Bleus ne seront malheureusement pas suffisants pour assurer le nul et une \u00e9ventuelle s\u00e9ance de tirs aux buts. Saint-Apollinaire obtient alors sa qualification pour le prochain tour.<\/p>\n\n\n\n<p>Nous vous donnons rendez-vous ce samedi, pour la 18e journ\u00e9e de National 3 au stade Jean Laville face \u00e0 Besan\u00e7on Foot.<\/p>\n\n\n\n<div style=\"height:40px\" aria-hidden=\"true\" class=\"wp-block-spacer\"><\/div>\n\n\n\n<h2 class=\"wp-block-heading\">R\u00e9actions<\/h2>\n\n\n\n<div class=\"wp-block-coblocks-media-card alignwide is-style-left is-stacked-on-mobile coblocks-media-card-77145432166\"><div class=\"wp-block-coblocks-media-card__inner has-padding has-large-padding\"><div class=\"wp-block-coblocks-media-card__wrapper\" style=\"grid-template-columns:44% auto\"><figure class=\"wp-block-coblocks-media-card__media has-shadow\"><img loading=\"lazy\" decoding=\"async\" width=\"1024\" height=\"709\" src=\"https:\/\/www.fcgueugnon.fr\/site\/wp-content\/uploads\/2022\/08\/Reprise-National-3-Saison-22-23-22-credic-jacquet-1024x709.png\" alt=\"\" class=\"wp-image-844\" srcset=\"https:\/\/www.fcgueugnon.fr\/site\/wp-content\/uploads\/2022\/08\/Reprise-National-3-Saison-22-23-22-credic-jacquet-1024x709.png 1024w, https:\/\/www.fcgueugnon.fr\/site\/wp-content\/uploads\/2022\/08\/Reprise-National-3-Saison-22-23-22-credic-jacquet-400x277.png 400w, https:\/\/www.fcgueugnon.fr\/site\/wp-content\/uploads\/2022\/08\/Reprise-National-3-Saison-22-23-22-credic-jacquet-768x532.png 768w, https:\/\/www.fcgueugnon.fr\/site\/wp-content\/uploads\/2022\/08\/Reprise-National-3-Saison-22-23-22-credic-jacquet-1320x914.png 1320w, https:\/\/www.fcgueugnon.fr\/site\/wp-content\/uploads\/2022\/08\/Reprise-National-3-Saison-22-23-22-credic-jacquet.png 1535w\" sizes=\"auto, (max-width: 1024px) 100vw, 1024px\" \/><\/figure><div class=\"wp-block-coblocks-media-card__content has-shadow\">\n<div class=\"wp-block-coblocks-row coblocks-row-77145432275\" data-columns=\"1\" data-layout=\"100\"><div class=\"wp-block-coblocks-row__inner has-background has-padding has-huge-padding has-no-margin is-stacked-on-mobile are-vertically-aligned-center has-medium-gutter\" style=\"background-color:#FFFFFF\">\n<div class=\"wp-block-coblocks-column is-vertically-aligned-center coblocks-column-77145432284\" style=\"width:100%\"><div class=\"wp-block-coblocks-column__inner has-no-padding has-no-margin\">\n<h3 class=\"wp-block-heading\"><strong>C\u00e9dric JACQUET, entra\u00eeneur GDB : <\/strong><\/h3>\n\n\n\n<div style=\"height:30px\" aria-hidden=\"true\" class=\"wp-block-spacer\"><\/div>\n\n\n\n<p><em>\u00ab Cette deuxi\u00e8me partie de saison est essentielle pour le club. Les objectifs ont vite \u00e9volu\u00e9s. Il faut se pr\u00e9parer au maintien et affronter chaque adversaire avec l\u2019envie de prendre des points. \u00bb<\/em><\/p>\n\n\n\n<div style=\"height:30px\" aria-hidden=\"true\" class=\"wp-block-spacer\"><\/div>\n\n\n\n<p><sub>R\u00e9actions compl\u00e8tes \u00e0 retrouver ce mercredi \u00e0 10:15 et \u00e0 18:30 en direct sur Radio Cactus (FM 92.2) ou \u00e0 partir de jeudi sur notre site officiel ou sur Mixcloud.com !<\/sub><\/p>\n\n\n\n<div style=\"height:20px\" aria-hidden=\"true\" class=\"wp-block-spacer\"><\/div>\n<\/div><\/div>\n<\/div><\/div>\n<\/div><\/div><\/div><\/div>\n\n\n\n<div style=\"height:40px\" aria-hidden=\"true\" class=\"wp-block-spacer\"><\/div>\n\n\n\n<hr class=\"wp-block-separator has-text-color has-css-opacity has-background\" style=\"background-color:#f7db4a;color:#f7db4a\"\/>\n\n\n\n<h3 class=\"has-text-align-center wp-block-heading\"><strong>\u2139 Prochains matchs : <\/strong><br>&#8211; Samedi 18\/03 \u00e0 18h00 : FC Gueugnon \/ Besan\u00e7on Foot (N3)<br>&#8211; Samedi 25\/03 \u00e0 18h00 : Is Selongey \/ FC Gueugnon (N3)<\/h3>\n\n\n\n<hr class=\"wp-block-separator has-text-color has-css-opacity has-background\" style=\"background-color:#f7db4a;color:#f7db4a\"\/>\n\n\n\n<h3 class=\"wp-block-heading\">\u26bd <strong>Score final<\/strong><\/h3>\n\n\n\n<p><strong>\u00c0 Saint-Apollinaire &#8211; Complexe sportif de Louzole <br><\/strong>ASC Saint Apollinaire 3-2 FC Gueugnon<br>Buts : Oum\u00e9rou Dram\u00e9 (7\u2019 ; 16\u2019) pour Gueugnon ; Gueye (14&prime;), Benyahya (22&prime;), Gaudillier (25&prime;) pour Saint-Apollinaire.<br><\/p>\n\n\n\n<p><strong>Officiels :<\/strong><br>Arbitre centre : NICOLAS COUILLAUD<br>Arbitre assistant 1 : CYRILLE REMOND<br>Arbitre assistant 2 : AURELIEN PLAT<br>D\u00e9l\u00e9gu\u00e9 principal : PASCAL HINDERCHIETTE<br>Observateur principal : MATHIEU LIEGAULT<\/p>\n\n\n\n<div style=\"height:15px\" aria-hidden=\"true\" class=\"wp-block-spacer\"><\/div>\n\n\n\n<h3 class=\"wp-block-heading\">\ud83d\udfe1\ud83d\udd35 <strong>Composition d&rsquo;\u00e9quipe<\/strong><\/h3>\n\n\n\n<p>Njock &#8211; Fahrasmane &#8211; Mustivar &#8211; Chauvet &#8211; Helal &#8211; Gab\u00e9 &#8211; Fa Revuelta (46&prime; Benameur) &#8211; Dram\u00e9 &#8211; Luanda (46&prime; Rollin) &#8211; Bouekou &#8211; Mvondo.<br>Entraineur : Philippe Correia \/ Adjoint : Bakeba Bayo.<br>Expulsion : Chauvet (90+1&prime;)<\/p>\n\n\n\n<div style=\"height:38px\" aria-hidden=\"true\" class=\"wp-block-spacer\"><\/div>\n\n\n\n<h3 class=\"wp-block-heading\">\ud83d\udd0d <strong>Plus d&rsquo;articles <\/strong><\/h3>\n\n\n\n<blockquote class=\"wp-block-quote is-layout-flow wp-block-quote-is-layout-flow\">\n<p><span style=\"line-height: 1.5;\">\u25ba <a href=\"https:\/\/twitter.com\/FCGueugnon_Off\/status\/1634540476824010753\" target=\"_blank\" rel=\"noreferrer noopener\">Revivre le live<\/a><\/span><\/p>\n<\/blockquote>\n","protected":false},"excerpt":{"rendered":"<p>Malgr\u00e9 un doubl\u00e9 de Dram\u00e9, les forgerons se sont inclin\u00e9s \u00e0 Saint Apollinaire. Place au championnat avec un objectif de maintien\u00a0au plus vite. Photo : FCG C\u2019est en C\u00f4te d\u2019Or que nous retrouvions nos forgerons ce week-end, pour les 1\/16\u00e8me de finale de Coupe Bourgogne-Franche-Comt\u00e9 face \u00e0 l\u2019ASC Saint-Apollinaire. \u00c0 la lutte en championnat, les &#8230; <\/p>\n<p class=\"read-more-container\"><a title=\"[CBFC 16e : Saint Apollinaire \u2013 FC Gueugnon] R\u00e9sultat, r\u00e9actions et r\u00e9sum\u00e9\" class=\"read-more button\" href=\"https:\/\/www.fcgueugnon.fr\/site\/cbfc-16e-saint-apollinaire-fc-gueugnon-resultat-reactions-et-resume\/3759#more-3759\" aria-label=\"Plus sur [CBFC 16e : Saint Apollinaire \u2013 FC Gueugnon] R\u00e9sultat, r\u00e9actions et r\u00e9sum\u00e9\">Lire la suite<\/a><\/p>\n","protected":false},"author":3,"featured_media":3762,"comment_status":"closed","ping_status":"closed","sticky":true,"template":"","format":"standard","meta":{"footnotes":""},"categories":[5,4],"tags":[27],"class_list":["post-3759","post","type-post","status-publish","format-standard","has-post-thumbnail","hentry","category-news-2022-2023","category-news","tag-resultat","infinite-scroll-item","generate-columns","tablet-grid-50","mobile-grid-100","grid-parent","grid-25","resize-featured-image"],"yoast_head":"<!-- This site is optimized with the Yoast SEO plugin v26.6 - https:\/\/yoast.com\/wordpress\/plugins\/seo\/ -->\n<title>[CBFC 16e : Saint Apollinaire \u2013 FC Gueugnon] R\u00e9sultat, r\u00e9actions et r\u00e9sum\u00e9 &#8226; FOOTBALL CLUB GUEUGNON<\/title>\n<meta name=\"robots\" content=\"index, follow, max-snippet:-1, max-image-preview:large, max-video-preview:-1\" \/>\n<link rel=\"canonical\" href=\"https:\/\/www.fcgueugnon.fr\/site\/cbfc-16e-saint-apollinaire-fc-gueugnon-resultat-reactions-et-resume\/3759\" \/>\n<meta property=\"og:locale\" content=\"fr_FR\" \/>\n<meta property=\"og:type\" content=\"article\" \/>\n<meta property=\"og:title\" content=\"[CBFC 16e : Saint Apollinaire \u2013 FC Gueugnon] R\u00e9sultat, r\u00e9actions et r\u00e9sum\u00e9 &#8226; FOOTBALL CLUB GUEUGNON\" \/>\n<meta property=\"og:description\" content=\"Malgr\u00e9 un doubl\u00e9 de Dram\u00e9, les forgerons se sont inclin\u00e9s \u00e0 Saint Apollinaire. Place au championnat avec un objectif de maintien\u00a0au plus vite. Photo : FCG C\u2019est en C\u00f4te d\u2019Or que nous retrouvions nos forgerons ce week-end, pour les 1\/16\u00e8me de finale de Coupe Bourgogne-Franche-Comt\u00e9 face \u00e0 l\u2019ASC Saint-Apollinaire. \u00c0 la lutte en championnat, les ... Lire la suite\" \/>\n<meta property=\"og:url\" content=\"https:\/\/www.fcgueugnon.fr\/site\/cbfc-16e-saint-apollinaire-fc-gueugnon-resultat-reactions-et-resume\/3759\" \/>\n<meta property=\"og:site_name\" content=\"FOOTBALL CLUB GUEUGNON\" \/>\n<meta property=\"article:publisher\" content=\"http:\/\/facebook.com\/FCGueugnon\" \/>\n<meta property=\"article:published_time\" content=\"2023-03-13T13:30:15+00:00\" \/>\n<meta property=\"article:modified_time\" content=\"2023-05-13T11:11:20+00:00\" \/>\n<meta property=\"og:image\" content=\"https:\/\/www.fcgueugnon.fr\/site\/wp-content\/uploads\/2023\/03\/Saint-Apollinaire-FC-Gueugnon-Coupe-BFC-1.jpg\" \/>\n\t<meta property=\"og:image:width\" content=\"2240\" \/>\n\t<meta property=\"og:image:height\" content=\"1008\" \/>\n\t<meta property=\"og:image:type\" content=\"image\/jpeg\" \/>\n<meta name=\"author\" content=\"FC Gueugnon\" \/>\n<meta name=\"twitter:card\" content=\"summary_large_image\" \/>\n<meta name=\"twitter:creator\" content=\"@FCGueugnon_off\" \/>\n<meta name=\"twitter:site\" content=\"@FCGueugnon_off\" \/>\n<meta name=\"twitter:label1\" content=\"\u00c9crit par\" \/>\n\t<meta name=\"twitter:data1\" content=\"FC Gueugnon\" \/>\n\t<meta name=\"twitter:label2\" content=\"Dur\u00e9e de lecture estim\u00e9e\" \/>\n\t<meta name=\"twitter:data2\" content=\"3 minutes\" \/>\n<script type=\"application\/ld+json\" class=\"yoast-schema-graph\">{\"@context\":\"https:\/\/schema.org\",\"@graph\":[{\"@type\":\"Article\",\"@id\":\"https:\/\/www.fcgueugnon.fr\/site\/cbfc-16e-saint-apollinaire-fc-gueugnon-resultat-reactions-et-resume\/3759#article\",\"isPartOf\":{\"@id\":\"https:\/\/www.fcgueugnon.fr\/site\/cbfc-16e-saint-apollinaire-fc-gueugnon-resultat-reactions-et-resume\/3759\"},\"author\":{\"name\":\"FC Gueugnon\",\"@id\":\"https:\/\/www.fcgueugnon.fr\/site\/#\/schema\/person\/829630bfb5d6f3ebe4d296b75687c01a\"},\"headline\":\"[CBFC 16e : Saint Apollinaire \u2013 FC Gueugnon] R\u00e9sultat, r\u00e9actions et r\u00e9sum\u00e9\",\"datePublished\":\"2023-03-13T13:30:15+00:00\",\"dateModified\":\"2023-05-13T11:11:20+00:00\",\"mainEntityOfPage\":{\"@id\":\"https:\/\/www.fcgueugnon.fr\/site\/cbfc-16e-saint-apollinaire-fc-gueugnon-resultat-reactions-et-resume\/3759\"},\"wordCount\":489,\"publisher\":{\"@id\":\"https:\/\/www.fcgueugnon.fr\/site\/#organization\"},\"image\":{\"@id\":\"https:\/\/www.fcgueugnon.fr\/site\/cbfc-16e-saint-apollinaire-fc-gueugnon-resultat-reactions-et-resume\/3759#primaryimage\"},\"thumbnailUrl\":\"https:\/\/www.fcgueugnon.fr\/site\/wp-content\/uploads\/2023\/03\/Saint-Apollinaire-FC-Gueugnon-Coupe-BFC-1.jpg\",\"keywords\":[\"R\u00e9sultat\"],\"articleSection\":[\"Archives 2022\/2023\",\"News\"],\"inLanguage\":\"fr-FR\"},{\"@type\":\"WebPage\",\"@id\":\"https:\/\/www.fcgueugnon.fr\/site\/cbfc-16e-saint-apollinaire-fc-gueugnon-resultat-reactions-et-resume\/3759\",\"url\":\"https:\/\/www.fcgueugnon.fr\/site\/cbfc-16e-saint-apollinaire-fc-gueugnon-resultat-reactions-et-resume\/3759\",\"name\":\"[CBFC 16e : Saint Apollinaire \u2013 FC Gueugnon] R\u00e9sultat, r\u00e9actions et r\u00e9sum\u00e9 &#8226; FOOTBALL CLUB GUEUGNON\",\"isPartOf\":{\"@id\":\"https:\/\/www.fcgueugnon.fr\/site\/#website\"},\"primaryImageOfPage\":{\"@id\":\"https:\/\/www.fcgueugnon.fr\/site\/cbfc-16e-saint-apollinaire-fc-gueugnon-resultat-reactions-et-resume\/3759#primaryimage\"},\"image\":{\"@id\":\"https:\/\/www.fcgueugnon.fr\/site\/cbfc-16e-saint-apollinaire-fc-gueugnon-resultat-reactions-et-resume\/3759#primaryimage\"},\"thumbnailUrl\":\"https:\/\/www.fcgueugnon.fr\/site\/wp-content\/uploads\/2023\/03\/Saint-Apollinaire-FC-Gueugnon-Coupe-BFC-1.jpg\",\"datePublished\":\"2023-03-13T13:30:15+00:00\",\"dateModified\":\"2023-05-13T11:11:20+00:00\",\"breadcrumb\":{\"@id\":\"https:\/\/www.fcgueugnon.fr\/site\/cbfc-16e-saint-apollinaire-fc-gueugnon-resultat-reactions-et-resume\/3759#breadcrumb\"},\"inLanguage\":\"fr-FR\",\"potentialAction\":[{\"@type\":\"ReadAction\",\"target\":[\"https:\/\/www.fcgueugnon.fr\/site\/cbfc-16e-saint-apollinaire-fc-gueugnon-resultat-reactions-et-resume\/3759\"]}]},{\"@type\":\"ImageObject\",\"inLanguage\":\"fr-FR\",\"@id\":\"https:\/\/www.fcgueugnon.fr\/site\/cbfc-16e-saint-apollinaire-fc-gueugnon-resultat-reactions-et-resume\/3759#primaryimage\",\"url\":\"https:\/\/www.fcgueugnon.fr\/site\/wp-content\/uploads\/2023\/03\/Saint-Apollinaire-FC-Gueugnon-Coupe-BFC-1.jpg\",\"contentUrl\":\"https:\/\/www.fcgueugnon.fr\/site\/wp-content\/uploads\/2023\/03\/Saint-Apollinaire-FC-Gueugnon-Coupe-BFC-1.jpg\",\"width\":2240,\"height\":1008},{\"@type\":\"BreadcrumbList\",\"@id\":\"https:\/\/www.fcgueugnon.fr\/site\/cbfc-16e-saint-apollinaire-fc-gueugnon-resultat-reactions-et-resume\/3759#breadcrumb\",\"itemListElement\":[{\"@type\":\"ListItem\",\"position\":1,\"name\":\"Accueil\",\"item\":\"https:\/\/www.fcgueugnon.fr\/site\/\"},{\"@type\":\"ListItem\",\"position\":2,\"name\":\"[CBFC 16e : Saint Apollinaire \u2013 FC Gueugnon] R\u00e9sultat, r\u00e9actions et r\u00e9sum\u00e9\"}]},{\"@type\":\"WebSite\",\"@id\":\"https:\/\/www.fcgueugnon.fr\/site\/#website\",\"url\":\"https:\/\/www.fcgueugnon.fr\/site\/\",\"name\":\"FOOTBALL CLUB GUEUGNON\",\"description\":\"Le Site Officiel des Forgerons\",\"publisher\":{\"@id\":\"https:\/\/www.fcgueugnon.fr\/site\/#organization\"},\"potentialAction\":[{\"@type\":\"SearchAction\",\"target\":{\"@type\":\"EntryPoint\",\"urlTemplate\":\"https:\/\/www.fcgueugnon.fr\/site\/?s={search_term_string}\"},\"query-input\":{\"@type\":\"PropertyValueSpecification\",\"valueRequired\":true,\"valueName\":\"search_term_string\"}}],\"inLanguage\":\"fr-FR\"},{\"@type\":\"Organization\",\"@id\":\"https:\/\/www.fcgueugnon.fr\/site\/#organization\",\"name\":\"FC Gueugnon\",\"url\":\"https:\/\/www.fcgueugnon.fr\/site\/\",\"logo\":{\"@type\":\"ImageObject\",\"inLanguage\":\"fr-FR\",\"@id\":\"https:\/\/www.fcgueugnon.fr\/site\/#\/schema\/logo\/image\/\",\"url\":\"https:\/\/www.fcgueugnon.fr\/site\/wp-content\/uploads\/2022\/07\/cropped-Logo-FCGUEUGNON-low-350x350-1.png\",\"contentUrl\":\"https:\/\/www.fcgueugnon.fr\/site\/wp-content\/uploads\/2022\/07\/cropped-Logo-FCGUEUGNON-low-350x350-1.png\",\"width\":350,\"height\":350,\"caption\":\"FC Gueugnon\"},\"image\":{\"@id\":\"https:\/\/www.fcgueugnon.fr\/site\/#\/schema\/logo\/image\/\"},\"sameAs\":[\"http:\/\/facebook.com\/FCGueugnon\",\"https:\/\/x.com\/FCGueugnon_off\",\"https:\/\/www.instagram.com\/fcgueugnon\/\",\"https:\/\/www.linkedin.com\/company\/football-club-de-gueugnon\/\",\"https:\/\/www.youtube.com\/user\/FCGueugnonnais\",\"https:\/\/fr.wikipedia.org\/wiki\/Football_Club_de_Gueugnon\"]},{\"@type\":\"Person\",\"@id\":\"https:\/\/www.fcgueugnon.fr\/site\/#\/schema\/person\/829630bfb5d6f3ebe4d296b75687c01a\",\"name\":\"FC Gueugnon\",\"url\":\"https:\/\/www.fcgueugnon.fr\/site\/author\/g-avin1\"}]}<\/script>\n<!-- \/ Yoast SEO plugin. -->","yoast_head_json":{"title":"[CBFC 16e : Saint Apollinaire \u2013 FC Gueugnon] R\u00e9sultat, r\u00e9actions et r\u00e9sum\u00e9 &#8226; FOOTBALL CLUB GUEUGNON","robots":{"index":"index","follow":"follow","max-snippet":"max-snippet:-1","max-image-preview":"max-image-preview:large","max-video-preview":"max-video-preview:-1"},"canonical":"https:\/\/www.fcgueugnon.fr\/site\/cbfc-16e-saint-apollinaire-fc-gueugnon-resultat-reactions-et-resume\/3759","og_locale":"fr_FR","og_type":"article","og_title":"[CBFC 16e : Saint Apollinaire \u2013 FC Gueugnon] R\u00e9sultat, r\u00e9actions et r\u00e9sum\u00e9 &#8226; FOOTBALL CLUB GUEUGNON","og_description":"Malgr\u00e9 un doubl\u00e9 de Dram\u00e9, les forgerons se sont inclin\u00e9s \u00e0 Saint Apollinaire. Place au championnat avec un objectif de maintien\u00a0au plus vite. Photo : FCG C\u2019est en C\u00f4te d\u2019Or que nous retrouvions nos forgerons ce week-end, pour les 1\/16\u00e8me de finale de Coupe Bourgogne-Franche-Comt\u00e9 face \u00e0 l\u2019ASC Saint-Apollinaire. \u00c0 la lutte en championnat, les ... Lire la suite","og_url":"https:\/\/www.fcgueugnon.fr\/site\/cbfc-16e-saint-apollinaire-fc-gueugnon-resultat-reactions-et-resume\/3759","og_site_name":"FOOTBALL CLUB GUEUGNON","article_publisher":"http:\/\/facebook.com\/FCGueugnon","article_published_time":"2023-03-13T13:30:15+00:00","article_modified_time":"2023-05-13T11:11:20+00:00","og_image":[{"width":2240,"height":1008,"url":"https:\/\/www.fcgueugnon.fr\/site\/wp-content\/uploads\/2023\/03\/Saint-Apollinaire-FC-Gueugnon-Coupe-BFC-1.jpg","type":"image\/jpeg"}],"author":"FC Gueugnon","twitter_card":"summary_large_image","twitter_creator":"@FCGueugnon_off","twitter_site":"@FCGueugnon_off","twitter_misc":{"\u00c9crit par":"FC Gueugnon","Dur\u00e9e de lecture estim\u00e9e":"3 minutes"},"schema":{"@context":"https:\/\/schema.org","@graph":[{"@type":"Article","@id":"https:\/\/www.fcgueugnon.fr\/site\/cbfc-16e-saint-apollinaire-fc-gueugnon-resultat-reactions-et-resume\/3759#article","isPartOf":{"@id":"https:\/\/www.fcgueugnon.fr\/site\/cbfc-16e-saint-apollinaire-fc-gueugnon-resultat-reactions-et-resume\/3759"},"author":{"name":"FC Gueugnon","@id":"https:\/\/www.fcgueugnon.fr\/site\/#\/schema\/person\/829630bfb5d6f3ebe4d296b75687c01a"},"headline":"[CBFC 16e : Saint Apollinaire \u2013 FC Gueugnon] R\u00e9sultat, r\u00e9actions et r\u00e9sum\u00e9","datePublished":"2023-03-13T13:30:15+00:00","dateModified":"2023-05-13T11:11:20+00:00","mainEntityOfPage":{"@id":"https:\/\/www.fcgueugnon.fr\/site\/cbfc-16e-saint-apollinaire-fc-gueugnon-resultat-reactions-et-resume\/3759"},"wordCount":489,"publisher":{"@id":"https:\/\/www.fcgueugnon.fr\/site\/#organization"},"image":{"@id":"https:\/\/www.fcgueugnon.fr\/site\/cbfc-16e-saint-apollinaire-fc-gueugnon-resultat-reactions-et-resume\/3759#primaryimage"},"thumbnailUrl":"https:\/\/www.fcgueugnon.fr\/site\/wp-content\/uploads\/2023\/03\/Saint-Apollinaire-FC-Gueugnon-Coupe-BFC-1.jpg","keywords":["R\u00e9sultat"],"articleSection":["Archives 2022\/2023","News"],"inLanguage":"fr-FR"},{"@type":"WebPage","@id":"https:\/\/www.fcgueugnon.fr\/site\/cbfc-16e-saint-apollinaire-fc-gueugnon-resultat-reactions-et-resume\/3759","url":"https:\/\/www.fcgueugnon.fr\/site\/cbfc-16e-saint-apollinaire-fc-gueugnon-resultat-reactions-et-resume\/3759","name":"[CBFC 16e : Saint Apollinaire \u2013 FC Gueugnon] R\u00e9sultat, r\u00e9actions et r\u00e9sum\u00e9 &#8226; FOOTBALL CLUB GUEUGNON","isPartOf":{"@id":"https:\/\/www.fcgueugnon.fr\/site\/#website"},"primaryImageOfPage":{"@id":"https:\/\/www.fcgueugnon.fr\/site\/cbfc-16e-saint-apollinaire-fc-gueugnon-resultat-reactions-et-resume\/3759#primaryimage"},"image":{"@id":"https:\/\/www.fcgueugnon.fr\/site\/cbfc-16e-saint-apollinaire-fc-gueugnon-resultat-reactions-et-resume\/3759#primaryimage"},"thumbnailUrl":"https:\/\/www.fcgueugnon.fr\/site\/wp-content\/uploads\/2023\/03\/Saint-Apollinaire-FC-Gueugnon-Coupe-BFC-1.jpg","datePublished":"2023-03-13T13:30:15+00:00","dateModified":"2023-05-13T11:11:20+00:00","breadcrumb":{"@id":"https:\/\/www.fcgueugnon.fr\/site\/cbfc-16e-saint-apollinaire-fc-gueugnon-resultat-reactions-et-resume\/3759#breadcrumb"},"inLanguage":"fr-FR","potentialAction":[{"@type":"ReadAction","target":["https:\/\/www.fcgueugnon.fr\/site\/cbfc-16e-saint-apollinaire-fc-gueugnon-resultat-reactions-et-resume\/3759"]}]},{"@type":"ImageObject","inLanguage":"fr-FR","@id":"https:\/\/www.fcgueugnon.fr\/site\/cbfc-16e-saint-apollinaire-fc-gueugnon-resultat-reactions-et-resume\/3759#primaryimage","url":"https:\/\/www.fcgueugnon.fr\/site\/wp-content\/uploads\/2023\/03\/Saint-Apollinaire-FC-Gueugnon-Coupe-BFC-1.jpg","contentUrl":"https:\/\/www.fcgueugnon.fr\/site\/wp-content\/uploads\/2023\/03\/Saint-Apollinaire-FC-Gueugnon-Coupe-BFC-1.jpg","width":2240,"height":1008},{"@type":"BreadcrumbList","@id":"https:\/\/www.fcgueugnon.fr\/site\/cbfc-16e-saint-apollinaire-fc-gueugnon-resultat-reactions-et-resume\/3759#breadcrumb","itemListElement":[{"@type":"ListItem","position":1,"name":"Accueil","item":"https:\/\/www.fcgueugnon.fr\/site\/"},{"@type":"ListItem","position":2,"name":"[CBFC 16e : Saint Apollinaire \u2013 FC Gueugnon] R\u00e9sultat, r\u00e9actions et r\u00e9sum\u00e9"}]},{"@type":"WebSite","@id":"https:\/\/www.fcgueugnon.fr\/site\/#website","url":"https:\/\/www.fcgueugnon.fr\/site\/","name":"FOOTBALL CLUB GUEUGNON","description":"Le Site Officiel des Forgerons","publisher":{"@id":"https:\/\/www.fcgueugnon.fr\/site\/#organization"},"potentialAction":[{"@type":"SearchAction","target":{"@type":"EntryPoint","urlTemplate":"https:\/\/www.fcgueugnon.fr\/site\/?s={search_term_string}"},"query-input":{"@type":"PropertyValueSpecification","valueRequired":true,"valueName":"search_term_string"}}],"inLanguage":"fr-FR"},{"@type":"Organization","@id":"https:\/\/www.fcgueugnon.fr\/site\/#organization","name":"FC Gueugnon","url":"https:\/\/www.fcgueugnon.fr\/site\/","logo":{"@type":"ImageObject","inLanguage":"fr-FR","@id":"https:\/\/www.fcgueugnon.fr\/site\/#\/schema\/logo\/image\/","url":"https:\/\/www.fcgueugnon.fr\/site\/wp-content\/uploads\/2022\/07\/cropped-Logo-FCGUEUGNON-low-350x350-1.png","contentUrl":"https:\/\/www.fcgueugnon.fr\/site\/wp-content\/uploads\/2022\/07\/cropped-Logo-FCGUEUGNON-low-350x350-1.png","width":350,"height":350,"caption":"FC Gueugnon"},"image":{"@id":"https:\/\/www.fcgueugnon.fr\/site\/#\/schema\/logo\/image\/"},"sameAs":["http:\/\/facebook.com\/FCGueugnon","https:\/\/x.com\/FCGueugnon_off","https:\/\/www.instagram.com\/fcgueugnon\/","https:\/\/www.linkedin.com\/company\/football-club-de-gueugnon\/","https:\/\/www.youtube.com\/user\/FCGueugnonnais","https:\/\/fr.wikipedia.org\/wiki\/Football_Club_de_Gueugnon"]},{"@type":"Person","@id":"https:\/\/www.fcgueugnon.fr\/site\/#\/schema\/person\/829630bfb5d6f3ebe4d296b75687c01a","name":"FC Gueugnon","url":"https:\/\/www.fcgueugnon.fr\/site\/author\/g-avin1"}]}},"rttpg_featured_image_url":{"full":["https:\/\/www.fcgueugnon.fr\/site\/wp-content\/uploads\/2023\/03\/Saint-Apollinaire-FC-Gueugnon-Coupe-BFC-1.jpg",2240,1008,false],"landscape":["https:\/\/www.fcgueugnon.fr\/site\/wp-content\/uploads\/2023\/03\/Saint-Apollinaire-FC-Gueugnon-Coupe-BFC-1.jpg",2240,1008,false],"portraits":["https:\/\/www.fcgueugnon.fr\/site\/wp-content\/uploads\/2023\/03\/Saint-Apollinaire-FC-Gueugnon-Coupe-BFC-1.jpg",2240,1008,false],"thumbnail":["https:\/\/www.fcgueugnon.fr\/site\/wp-content\/uploads\/2023\/03\/Saint-Apollinaire-FC-Gueugnon-Coupe-BFC-1-150x150.jpg",150,150,true],"medium":["https:\/\/www.fcgueugnon.fr\/site\/wp-content\/uploads\/2023\/03\/Saint-Apollinaire-FC-Gueugnon-Coupe-BFC-1-400x180.jpg",400,180,true],"large":["https:\/\/www.fcgueugnon.fr\/site\/wp-content\/uploads\/2023\/03\/Saint-Apollinaire-FC-Gueugnon-Coupe-BFC-1-1024x461.jpg",1024,461,true],"1536x1536":["https:\/\/www.fcgueugnon.fr\/site\/wp-content\/uploads\/2023\/03\/Saint-Apollinaire-FC-Gueugnon-Coupe-BFC-1-1536x691.jpg",1536,691,true],"2048x2048":["https:\/\/www.fcgueugnon.fr\/site\/wp-content\/uploads\/2023\/03\/Saint-Apollinaire-FC-Gueugnon-Coupe-BFC-1-2048x922.jpg",2048,922,true]},"rttpg_author":{"display_name":"FC Gueugnon","author_link":"https:\/\/www.fcgueugnon.fr\/site\/author\/g-avin1"},"rttpg_comment":0,"rttpg_category":"<a href=\"https:\/\/www.fcgueugnon.fr\/site\/category\/news\/news-2022-2023\" rel=\"category tag\">Archives 2022\/2023<\/a> <a href=\"https:\/\/www.fcgueugnon.fr\/site\/category\/news\" rel=\"category tag\">News<\/a>","rttpg_excerpt":"Malgr\u00e9 un doubl\u00e9 de Dram\u00e9, les forgerons se sont inclin\u00e9s \u00e0 Saint Apollinaire. Place au championnat avec un objectif de maintien\u00a0au plus vite. Photo : FCG C\u2019est en C\u00f4te d\u2019Or que nous retrouvions nos forgerons ce week-end, pour les 1\/16\u00e8me de finale de Coupe Bourgogne-Franche-Comt\u00e9 face \u00e0 l\u2019ASC Saint-Apollinaire. \u00c0 la lutte en championnat, les\u2026","_links":{"self":[{"href":"https:\/\/www.fcgueugnon.fr\/site\/wp-json\/wp\/v2\/posts\/3759","targetHints":{"allow":["GET"]}}],"collection":[{"href":"https:\/\/www.fcgueugnon.fr\/site\/wp-json\/wp\/v2\/posts"}],"about":[{"href":"https:\/\/www.fcgueugnon.fr\/site\/wp-json\/wp\/v2\/types\/post"}],"author":[{"embeddable":true,"href":"https:\/\/www.fcgueugnon.fr\/site\/wp-json\/wp\/v2\/users\/3"}],"replies":[{"embeddable":true,"href":"https:\/\/www.fcgueugnon.fr\/site\/wp-json\/wp\/v2\/comments?post=3759"}],"version-history":[{"count":4,"href":"https:\/\/www.fcgueugnon.fr\/site\/wp-json\/wp\/v2\/posts\/3759\/revisions"}],"predecessor-version":[{"id":3766,"href":"https:\/\/www.fcgueugnon.fr\/site\/wp-json\/wp\/v2\/posts\/3759\/revisions\/3766"}],"wp:featuredmedia":[{"embeddable":true,"href":"https:\/\/www.fcgueugnon.fr\/site\/wp-json\/wp\/v2\/media\/3762"}],"wp:attachment":[{"href":"https:\/\/www.fcgueugnon.fr\/site\/wp-json\/wp\/v2\/media?parent=3759"}],"wp:term":[{"taxonomy":"category","embeddable":true,"href":"https:\/\/www.fcgueugnon.fr\/site\/wp-json\/wp\/v2\/categories?post=3759"},{"taxonomy":"post_tag","embeddable":true,"href":"https:\/\/www.fcgueugnon.fr\/site\/wp-json\/wp\/v2\/tags?post=3759"}],"curies":[{"name":"wp","href":"https:\/\/api.w.org\/{rel}","templated":true}]}}