{"id":3641,"date":"2023-03-06T16:41:11","date_gmt":"2023-03-06T15:41:11","guid":{"rendered":"https:\/\/www.fcgueugnon.fr\/site\/?p=3641"},"modified":"2023-05-13T13:14:42","modified_gmt":"2023-05-13T11:14:42","slug":"agenda-les-resultats-du-weekend-du-04-et-05-mars-2023","status":"publish","type":"post","link":"https:\/\/www.fcgueugnon.fr\/site\/agenda-les-resultats-du-weekend-du-04-et-05-mars-2023\/3641","title":{"rendered":"[Agenda] Les r\u00e9sultats du weekend du 04 et 05 Mars 2023"},"content":{"rendered":"\n<h2 class=\"wp-block-heading\">Les r\u00e9sultats de nos forgerons ce week-end :<\/h2>\n\n\n\n<div style=\"height:35px\" aria-hidden=\"true\" class=\"wp-block-spacer\"><\/div>\n\n\n\n<h3 class=\"blue-underline-title wp-block-heading\">S\u00e9niors<\/h3>\n\n\n\n<p><em>Groupe N3 \u2013 J17<\/em> \u274c<br>Samedi 04\/03 \u2013 18h00<br><strong>Jura Dolois Football \/ FC Gueugnon : 2-0<\/strong><\/p>\n\n\n\n<p><em>Groupe Espoir \u2013 R1 J13<\/em> \ud83d\udfe7<br>Dimanche 05\/03 \u2013 15h00<br><strong>US La Charit\u00e9 \/ FC Gueugnon : 1-1<\/strong><\/p>\n\n\n\n<div style=\"height:35px\" aria-hidden=\"true\" class=\"wp-block-spacer\"><\/div>\n\n\n\n<h3 class=\"blue-underline-title wp-block-heading\">Sport E.Leclerc Acad\u00e9mie<\/h3>\n\n\n\n<p><em>U18 R1 \u2013 J13<\/em> \u2705<br>Samedi 04\/03 \u2013 14h30<br><strong>FC Gueugnon \/ Racing Besan\u00e7on : 1-0<\/strong><br>But : Malvin Gonnachon<\/p>\n\n\n\n<p><em>U16 R1 \u2013 J13<\/em> \ud83d\udfe7<br>Dimanche 05\/03 \u2013 13h00<br><strong>Dijon ASPTT \/ FC Gueugnon : 2-2<\/strong><\/p>\n\n\n\n<p><em>U15 R1 \u2013 J02<\/em> \ud83d\udfe7<br>Samedi 04\/03 \u2013 16h00<br><strong>Jura Dolois Football \/ FC Gueugnon : 1-1<\/strong><\/p>\n\n\n\n<div style=\"height:15px\" aria-hidden=\"true\" class=\"wp-block-spacer\"><\/div>\n\n\n<div class=\"wp-block-image\">\n<figure class=\"aligncenter size-full is-resized\"><img loading=\"lazy\" decoding=\"async\" src=\"https:\/\/www.fcgueugnon.fr\/site\/wp-content\/uploads\/2023\/03\/U15-3.jpeg\" alt=\"\" class=\"wp-image-3642\" width=\"512\" height=\"363\" srcset=\"https:\/\/www.fcgueugnon.fr\/site\/wp-content\/uploads\/2023\/03\/U15-3.jpeg 1024w, https:\/\/www.fcgueugnon.fr\/site\/wp-content\/uploads\/2023\/03\/U15-3-400x284.jpeg 400w, https:\/\/www.fcgueugnon.fr\/site\/wp-content\/uploads\/2023\/03\/U15-3-768x545.jpeg 768w, https:\/\/www.fcgueugnon.fr\/site\/wp-content\/uploads\/2023\/03\/U15-3-600x425.jpeg 600w\" sizes=\"auto, (max-width: 512px) 100vw, 512px\" \/><\/figure>\n<\/div>\n\n\n<div style=\"height:15px\" aria-hidden=\"true\" class=\"wp-block-spacer\"><\/div>\n\n\n\n<p><em>U15F \u2013 J02<\/em> \u274c<br>Samedi 04\/03 \u2013 10h00<br><strong>FC Gueugnon \/ AS Chatenoy le Royal : 0-4<\/strong><br>Le mot de Clara Coulpied : <em>\u00ab Une premi\u00e8re mi-temps catastrophique sur tous les aspects o\u00f9 nous nous retrouvons men\u00e9 seulement 1-0 \u00e0 la pause. Au retour des vestiaires, les joueuses ont montr\u00e9 plus d\u2019envie et d\u2019intentions de jeu. Les 20 premi\u00e8res minutes de cette 2\u00e8me mi-temps sont nettement sup\u00e9rieures \u00e0 la premi\u00e8re p\u00e9riode. Nous nous \u00e9croulons en fin de 2\u00e8me mi-temps o\u00f9 nous encaissons 3 buts\u2026 \u00bb<\/em><\/p>\n\n\n\n<p><em>U14 R1 \u2013 J02<\/em> \ud83d\udfe7<br>Samedi 04\/03 \u2013 15h00<br><strong>FC Gueugnon \/ FC Chalon : 0-0<\/strong><br>Le mot de Gabriel Rousseau : <em>\u00ab Une premi\u00e8re mi-temps ma\u00eetris\u00e9e de notre part avec beaucoup d\u2019intensit\u00e9, avec et sans ballon. Nous avons quelques situations devant le but mais sans trouver le chemin des filets. Un d\u00e9but de deuxi\u00e8me mi-temps int\u00e9ressant, dans la continuit\u00e9 de la premi\u00e8re. Nous avons baiss\u00e9 physiquement sur la fin de match, offrant des occasions \u00e0 Chalon. Un grand Louis Lallemand aujourd\u2019hui nous ram\u00e8ne un bon point. Bravo \u00e0 tous pour cette progression flagrante de semaine en semaine ! Continuez ! Place \u00e0 la semaine prochaine avec un d\u00e9placement tr\u00e8s important \u00e0 Paron. \u00bb<\/em><\/p>\n\n\n\n<div style=\"height:15px\" aria-hidden=\"true\" class=\"wp-block-spacer\"><\/div>\n\n\n<div class=\"wp-block-image\">\n<figure class=\"aligncenter size-large is-resized\"><img loading=\"lazy\" decoding=\"async\" src=\"https:\/\/www.fcgueugnon.fr\/site\/wp-content\/uploads\/2023\/03\/U14-2-1024x768.jpeg\" alt=\"\" class=\"wp-image-3643\" width=\"512\" height=\"384\" srcset=\"https:\/\/www.fcgueugnon.fr\/site\/wp-content\/uploads\/2023\/03\/U14-2-1024x768.jpeg 1024w, https:\/\/www.fcgueugnon.fr\/site\/wp-content\/uploads\/2023\/03\/U14-2-400x300.jpeg 400w, https:\/\/www.fcgueugnon.fr\/site\/wp-content\/uploads\/2023\/03\/U14-2-768x576.jpeg 768w, https:\/\/www.fcgueugnon.fr\/site\/wp-content\/uploads\/2023\/03\/U14-2-1536x1152.jpeg 1536w, https:\/\/www.fcgueugnon.fr\/site\/wp-content\/uploads\/2023\/03\/U14-2-1320x990.jpeg 1320w, https:\/\/www.fcgueugnon.fr\/site\/wp-content\/uploads\/2023\/03\/U14-2-600x450.jpeg 600w, https:\/\/www.fcgueugnon.fr\/site\/wp-content\/uploads\/2023\/03\/U14-2.jpeg 2048w\" sizes=\"auto, (max-width: 512px) 100vw, 512px\" \/><\/figure>\n<\/div>\n\n\n<div style=\"height:15px\" aria-hidden=\"true\" class=\"wp-block-spacer\"><\/div>\n\n\n\n<p><em>U13 \u2013 J01<\/em> \u2705<br>Samedi 04\/03 \u2013 13h00<br><strong>FC Fontaine les Dijon \/ FC Gueugnon : 2-4<\/strong><\/p>\n\n\n\n<p><em>U13 D1 \u2013 J01<\/em> \u2705<br>Mercredi 01\/03 \u2013 16h00<br><strong>FC Gueugnon \/ FC Montceau Bourgogne : 5-0<\/strong><\/p>\n\n\n\n<p><em>U13 D1 \u2013 Plateau de Coupe<\/em> \u2705<br>Samedi 04\/03 \u2013 14h00<br><strong>Plateau de Coupe (FC Gueugnon, FC Montceau Bourgogne, USC Paray, JSTEL)<\/strong><br>3 Victoires &#8211; Qualifi\u00e9<\/p>\n\n\n\n<p><em>U11 \u2013 Niveau 1<\/em> \u2705<br>Samedi 04\/03 \u2013 14h00<br><strong>Festifoot \u00e0 La Motte Saint Jean<\/strong><br>Victoire 2-0 contre la JSTEL (Buts : No\u00e9 et Kylian).<br>Victoire 2-0 contre La Motte Saint-Jean (Buts : Valentin x2).<br>Le mot de Killian Dulka : <em>\u00ab Tr\u00e8s bon comportement des enfants en prenant ces 2 matchs de coupe au s\u00e9rieux malgr\u00e9 le terrain compliqu\u00e9. Les joueurs ont su appliquer ce que l\u2019on travaille la semaine \u00e0 l&rsquo;entra\u00eenement ! F\u00e9licitations, le travail paie. \u00bb<\/em><\/p>\n\n\n\n<div style=\"height:15px\" aria-hidden=\"true\" class=\"wp-block-spacer\"><\/div>\n\n\n<div class=\"wp-block-image\">\n<figure class=\"aligncenter size-large is-resized\"><img loading=\"lazy\" decoding=\"async\" src=\"https:\/\/www.fcgueugnon.fr\/site\/wp-content\/uploads\/2023\/03\/U10-U11-2-1024x1024.jpeg\" alt=\"\" class=\"wp-image-3644\" width=\"512\" height=\"512\" srcset=\"https:\/\/www.fcgueugnon.fr\/site\/wp-content\/uploads\/2023\/03\/U10-U11-2-1024x1024.jpeg 1024w, https:\/\/www.fcgueugnon.fr\/site\/wp-content\/uploads\/2023\/03\/U10-U11-2-400x400.jpeg 400w, https:\/\/www.fcgueugnon.fr\/site\/wp-content\/uploads\/2023\/03\/U10-U11-2-150x150.jpeg 150w, https:\/\/www.fcgueugnon.fr\/site\/wp-content\/uploads\/2023\/03\/U10-U11-2-768x768.jpeg 768w, https:\/\/www.fcgueugnon.fr\/site\/wp-content\/uploads\/2023\/03\/U10-U11-2-300x300.jpeg 300w, https:\/\/www.fcgueugnon.fr\/site\/wp-content\/uploads\/2023\/03\/U10-U11-2-600x600.jpeg 600w, https:\/\/www.fcgueugnon.fr\/site\/wp-content\/uploads\/2023\/03\/U10-U11-2-100x100.jpeg 100w, https:\/\/www.fcgueugnon.fr\/site\/wp-content\/uploads\/2023\/03\/U10-U11-2.jpeg 1200w\" sizes=\"auto, (max-width: 512px) 100vw, 512px\" \/><\/figure>\n<\/div>\n\n\n<div style=\"height:15px\" aria-hidden=\"true\" class=\"wp-block-spacer\"><\/div>\n\n\n\n<p><em>U11 \u2013 Niveau 2<\/em> \u2705<br>Samedi 04\/03 \u2013 14h00<br><strong>Festifoot \u00e0 Marcigny<\/strong><br>Victoire 5-1 contre Sud Foot (Buts : Am\u00e9lien, Soan, Joani, Ars\u00e8ne x2).<br>Victoire 3-1 contre Dun Sornin Chauffailles (Buts : Am\u00e9lien x3).<\/p>\n\n\n\n<div style=\"height:15px\" aria-hidden=\"true\" class=\"wp-block-spacer\"><\/div>\n\n\n<div class=\"wp-block-image\">\n<figure class=\"aligncenter size-large is-resized\"><img loading=\"lazy\" decoding=\"async\" src=\"https:\/\/www.fcgueugnon.fr\/site\/wp-content\/uploads\/2023\/03\/U10-U11-2-1-1024x1024.jpeg\" alt=\"\" class=\"wp-image-3645\" width=\"512\" height=\"512\" srcset=\"https:\/\/www.fcgueugnon.fr\/site\/wp-content\/uploads\/2023\/03\/U10-U11-2-1-1024x1024.jpeg 1024w, https:\/\/www.fcgueugnon.fr\/site\/wp-content\/uploads\/2023\/03\/U10-U11-2-1-400x400.jpeg 400w, https:\/\/www.fcgueugnon.fr\/site\/wp-content\/uploads\/2023\/03\/U10-U11-2-1-150x150.jpeg 150w, https:\/\/www.fcgueugnon.fr\/site\/wp-content\/uploads\/2023\/03\/U10-U11-2-1-768x768.jpeg 768w, https:\/\/www.fcgueugnon.fr\/site\/wp-content\/uploads\/2023\/03\/U10-U11-2-1-300x300.jpeg 300w, https:\/\/www.fcgueugnon.fr\/site\/wp-content\/uploads\/2023\/03\/U10-U11-2-1-600x600.jpeg 600w, https:\/\/www.fcgueugnon.fr\/site\/wp-content\/uploads\/2023\/03\/U10-U11-2-1-100x100.jpeg 100w, https:\/\/www.fcgueugnon.fr\/site\/wp-content\/uploads\/2023\/03\/U10-U11-2-1.jpeg 1200w\" sizes=\"auto, (max-width: 512px) 100vw, 512px\" \/><\/figure>\n<\/div>\n\n\n<div style=\"height:15px\" aria-hidden=\"true\" class=\"wp-block-spacer\"><\/div>\n\n\n\n<p><em>U11 \u2013 Niveau 3<\/em> \ud83d\udd00<br>Samedi 04\/03 \u2013 16h00<br><strong>Match amical contre U9 FC Gueugnon <\/strong>>> Annul\u00e9<\/p>\n\n\n\n<p><em>U08 &#8211; U09<\/em> \ud83d\udd00<br>Samedi 04\/03 \u2013 10h30<br><strong>Match amical contre U11 FC Gueugnon<\/strong> >> Annul\u00e9<\/p>\n\n\n\n<p><em>U08 &#8211; U09<\/em> \u2611<br>Samedi 04\/03 \u2013 10h30<br><strong>Plateau \u00e0 Neuvy-Grandchamp<\/strong><br>Niveau 1 \u2013 \u00c9quipe U9 : 5V<br>Niveau 1 \u2013 \u00c9quipe U8 : 3V, 1N, 1D<br>Niveau 1 \u2013 \u00c9quipe U7 : 2V, 3D<br>Niveau 1 \u2013 \u00c9quipe U8-U9 : 5D<\/p>\n\n\n\n<div style=\"height:15px\" aria-hidden=\"true\" class=\"wp-block-spacer\"><\/div>\n\n\n\n<figure class=\"wp-block-coblocks-gallery-masonry masonry-grid has-medium-gutter\">\n<figure class=\"wp-block-image size-large\"><img loading=\"lazy\" decoding=\"async\" width=\"1024\" height=\"768\" src=\"https:\/\/www.fcgueugnon.fr\/site\/wp-content\/uploads\/2023\/03\/U8-U9-15-1024x768.jpeg\" alt=\"Image gallery image\" class=\"wp-image-3659\" srcset=\"https:\/\/www.fcgueugnon.fr\/site\/wp-content\/uploads\/2023\/03\/U8-U9-15-1024x768.jpeg 1024w, https:\/\/www.fcgueugnon.fr\/site\/wp-content\/uploads\/2023\/03\/U8-U9-15-400x300.jpeg 400w, https:\/\/www.fcgueugnon.fr\/site\/wp-content\/uploads\/2023\/03\/U8-U9-15-768x576.jpeg 768w, https:\/\/www.fcgueugnon.fr\/site\/wp-content\/uploads\/2023\/03\/U8-U9-15-1536x1152.jpeg 1536w, https:\/\/www.fcgueugnon.fr\/site\/wp-content\/uploads\/2023\/03\/U8-U9-15-1320x990.jpeg 1320w, https:\/\/www.fcgueugnon.fr\/site\/wp-content\/uploads\/2023\/03\/U8-U9-15-600x450.jpeg 600w, https:\/\/www.fcgueugnon.fr\/site\/wp-content\/uploads\/2023\/03\/U8-U9-15.jpeg 1600w\" sizes=\"auto, (max-width: 1024px) 100vw, 1024px\" \/><\/figure>\n\n\n\n<figure class=\"wp-block-image size-large\"><img loading=\"lazy\" decoding=\"async\" width=\"768\" height=\"1024\" src=\"https:\/\/www.fcgueugnon.fr\/site\/wp-content\/uploads\/2023\/03\/U8-U9-16-768x1024.jpeg\" alt=\"Image gallery image\" class=\"wp-image-3663\" srcset=\"https:\/\/www.fcgueugnon.fr\/site\/wp-content\/uploads\/2023\/03\/U8-U9-16-768x1024.jpeg 768w, https:\/\/www.fcgueugnon.fr\/site\/wp-content\/uploads\/2023\/03\/U8-U9-16-300x400.jpeg 300w, https:\/\/www.fcgueugnon.fr\/site\/wp-content\/uploads\/2023\/03\/U8-U9-16-1152x1536.jpeg 1152w, https:\/\/www.fcgueugnon.fr\/site\/wp-content\/uploads\/2023\/03\/U8-U9-16-600x800.jpeg 600w, https:\/\/www.fcgueugnon.fr\/site\/wp-content\/uploads\/2023\/03\/U8-U9-16.jpeg 1200w\" sizes=\"auto, (max-width: 768px) 100vw, 768px\" \/><\/figure>\n\n\n\n<figure class=\"wp-block-image size-large\"><img loading=\"lazy\" decoding=\"async\" width=\"1024\" height=\"768\" src=\"https:\/\/www.fcgueugnon.fr\/site\/wp-content\/uploads\/2023\/03\/U8-U9-17-1024x768.jpeg\" alt=\"Image gallery image\" class=\"wp-image-3662\" srcset=\"https:\/\/www.fcgueugnon.fr\/site\/wp-content\/uploads\/2023\/03\/U8-U9-17-1024x768.jpeg 1024w, https:\/\/www.fcgueugnon.fr\/site\/wp-content\/uploads\/2023\/03\/U8-U9-17-400x300.jpeg 400w, https:\/\/www.fcgueugnon.fr\/site\/wp-content\/uploads\/2023\/03\/U8-U9-17-768x576.jpeg 768w, https:\/\/www.fcgueugnon.fr\/site\/wp-content\/uploads\/2023\/03\/U8-U9-17-1536x1152.jpeg 1536w, https:\/\/www.fcgueugnon.fr\/site\/wp-content\/uploads\/2023\/03\/U8-U9-17-1320x990.jpeg 1320w, https:\/\/www.fcgueugnon.fr\/site\/wp-content\/uploads\/2023\/03\/U8-U9-17-600x450.jpeg 600w, https:\/\/www.fcgueugnon.fr\/site\/wp-content\/uploads\/2023\/03\/U8-U9-17.jpeg 1600w\" sizes=\"auto, (max-width: 1024px) 100vw, 1024px\" \/><\/figure>\n\n\n\n<figure class=\"wp-block-image size-large\"><img loading=\"lazy\" decoding=\"async\" width=\"1024\" height=\"768\" src=\"https:\/\/www.fcgueugnon.fr\/site\/wp-content\/uploads\/2023\/03\/U8-U9-18-1024x768.jpeg\" alt=\"Image gallery image\" class=\"wp-image-3660\" srcset=\"https:\/\/www.fcgueugnon.fr\/site\/wp-content\/uploads\/2023\/03\/U8-U9-18-1024x768.jpeg 1024w, https:\/\/www.fcgueugnon.fr\/site\/wp-content\/uploads\/2023\/03\/U8-U9-18-400x300.jpeg 400w, https:\/\/www.fcgueugnon.fr\/site\/wp-content\/uploads\/2023\/03\/U8-U9-18-768x576.jpeg 768w, https:\/\/www.fcgueugnon.fr\/site\/wp-content\/uploads\/2023\/03\/U8-U9-18-1536x1152.jpeg 1536w, https:\/\/www.fcgueugnon.fr\/site\/wp-content\/uploads\/2023\/03\/U8-U9-18-1320x990.jpeg 1320w, https:\/\/www.fcgueugnon.fr\/site\/wp-content\/uploads\/2023\/03\/U8-U9-18-600x450.jpeg 600w, https:\/\/www.fcgueugnon.fr\/site\/wp-content\/uploads\/2023\/03\/U8-U9-18.jpeg 1600w\" sizes=\"auto, (max-width: 1024px) 100vw, 1024px\" \/><\/figure>\n\n\n\n<figure class=\"wp-block-image size-large\"><img loading=\"lazy\" decoding=\"async\" width=\"768\" height=\"1024\" src=\"https:\/\/www.fcgueugnon.fr\/site\/wp-content\/uploads\/2023\/03\/U8-U9-19-768x1024.jpeg\" alt=\"Image gallery image\" class=\"wp-image-3658\" srcset=\"https:\/\/www.fcgueugnon.fr\/site\/wp-content\/uploads\/2023\/03\/U8-U9-19-768x1024.jpeg 768w, https:\/\/www.fcgueugnon.fr\/site\/wp-content\/uploads\/2023\/03\/U8-U9-19-300x400.jpeg 300w, https:\/\/www.fcgueugnon.fr\/site\/wp-content\/uploads\/2023\/03\/U8-U9-19-1152x1536.jpeg 1152w, https:\/\/www.fcgueugnon.fr\/site\/wp-content\/uploads\/2023\/03\/U8-U9-19-600x800.jpeg 600w, https:\/\/www.fcgueugnon.fr\/site\/wp-content\/uploads\/2023\/03\/U8-U9-19.jpeg 1200w\" sizes=\"auto, (max-width: 768px) 100vw, 768px\" \/><\/figure>\n\n\n\n<figure class=\"wp-block-image size-large\"><img loading=\"lazy\" decoding=\"async\" width=\"768\" height=\"1024\" src=\"https:\/\/www.fcgueugnon.fr\/site\/wp-content\/uploads\/2023\/03\/U8-U9-20-768x1024.jpeg\" alt=\"Image gallery image\" class=\"wp-image-3657\" srcset=\"https:\/\/www.fcgueugnon.fr\/site\/wp-content\/uploads\/2023\/03\/U8-U9-20-768x1024.jpeg 768w, https:\/\/www.fcgueugnon.fr\/site\/wp-content\/uploads\/2023\/03\/U8-U9-20-300x400.jpeg 300w, https:\/\/www.fcgueugnon.fr\/site\/wp-content\/uploads\/2023\/03\/U8-U9-20-1152x1536.jpeg 1152w, https:\/\/www.fcgueugnon.fr\/site\/wp-content\/uploads\/2023\/03\/U8-U9-20-600x800.jpeg 600w, https:\/\/www.fcgueugnon.fr\/site\/wp-content\/uploads\/2023\/03\/U8-U9-20.jpeg 1200w\" sizes=\"auto, (max-width: 768px) 100vw, 768px\" \/><\/figure>\n\n\n\n<figure class=\"wp-block-image size-large\"><img loading=\"lazy\" decoding=\"async\" width=\"768\" height=\"1024\" src=\"https:\/\/www.fcgueugnon.fr\/site\/wp-content\/uploads\/2023\/03\/U8-U9-14-768x1024.jpeg\" alt=\"Image gallery image\" class=\"wp-image-3661\" srcset=\"https:\/\/www.fcgueugnon.fr\/site\/wp-content\/uploads\/2023\/03\/U8-U9-14-768x1024.jpeg 768w, https:\/\/www.fcgueugnon.fr\/site\/wp-content\/uploads\/2023\/03\/U8-U9-14-300x400.jpeg 300w, https:\/\/www.fcgueugnon.fr\/site\/wp-content\/uploads\/2023\/03\/U8-U9-14-1152x1536.jpeg 1152w, https:\/\/www.fcgueugnon.fr\/site\/wp-content\/uploads\/2023\/03\/U8-U9-14-600x800.jpeg 600w, https:\/\/www.fcgueugnon.fr\/site\/wp-content\/uploads\/2023\/03\/U8-U9-14.jpeg 1200w\" sizes=\"auto, (max-width: 768px) 100vw, 768px\" \/><\/figure>\n<\/figure>\n\n\n\n<div style=\"height:15px\" aria-hidden=\"true\" class=\"wp-block-spacer\"><\/div>\n\n\n\n<p><em>U08F &#8211; U09F<\/em> \u2611<br>Samedi 04\/03 \u2013 10h30<br><strong>Plateau \u00e0 Neuvy-Grandchamp<\/strong><br>Niveau 2 &#8211; \u00c9quipe U8F-U9F : 3V, 1D<br>Niveau 2 &#8211; \u00c9quipe U8-U9 Mixte : 2V, 2D<\/p>\n\n\n\n<div style=\"height:15px\" aria-hidden=\"true\" class=\"wp-block-spacer\"><\/div>\n\n\n<div class=\"wp-block-image\">\n<figure class=\"aligncenter size-large is-resized\"><img loading=\"lazy\" decoding=\"async\" src=\"https:\/\/www.fcgueugnon.fr\/site\/wp-content\/uploads\/2023\/03\/U8F-U9F-1024x1024.jpeg\" alt=\"\" class=\"wp-image-3656\" width=\"512\" height=\"512\" srcset=\"https:\/\/www.fcgueugnon.fr\/site\/wp-content\/uploads\/2023\/03\/U8F-U9F-1024x1024.jpeg 1024w, https:\/\/www.fcgueugnon.fr\/site\/wp-content\/uploads\/2023\/03\/U8F-U9F-400x400.jpeg 400w, https:\/\/www.fcgueugnon.fr\/site\/wp-content\/uploads\/2023\/03\/U8F-U9F-150x150.jpeg 150w, https:\/\/www.fcgueugnon.fr\/site\/wp-content\/uploads\/2023\/03\/U8F-U9F-768x768.jpeg 768w, https:\/\/www.fcgueugnon.fr\/site\/wp-content\/uploads\/2023\/03\/U8F-U9F-300x300.jpeg 300w, https:\/\/www.fcgueugnon.fr\/site\/wp-content\/uploads\/2023\/03\/U8F-U9F-600x600.jpeg 600w, https:\/\/www.fcgueugnon.fr\/site\/wp-content\/uploads\/2023\/03\/U8F-U9F-100x100.jpeg 100w, https:\/\/www.fcgueugnon.fr\/site\/wp-content\/uploads\/2023\/03\/U8F-U9F.jpeg 1198w\" sizes=\"auto, (max-width: 512px) 100vw, 512px\" \/><\/figure>\n<\/div>\n\n\n<div style=\"height:15px\" aria-hidden=\"true\" class=\"wp-block-spacer\"><\/div>\n\n\n\n<p><em>U06 &#8211; U07<\/em> \u2611<br>Samedi 04\/03 \u2013 10h30<br><strong>Plateau \u00e0 Gueugnon<\/strong><br>\u00c9quipe U7 : 4V<br>\u00c9quipe U6 : 2V, 2D<br>\u00c9quipe U6-U7 : 1V, 3D<br>\u00c9quipe Baby-Ballon : 4D<\/p>\n\n\n\n<div style=\"height:15px\" aria-hidden=\"true\" class=\"wp-block-spacer\"><\/div>\n\n\n\n<figure class=\"wp-block-coblocks-gallery-masonry masonry-grid has-medium-gutter\">\n<figure class=\"wp-block-image size-large\"><img loading=\"lazy\" decoding=\"async\" width=\"768\" height=\"1024\" src=\"https:\/\/www.fcgueugnon.fr\/site\/wp-content\/uploads\/2023\/03\/U6-U7-22-768x1024.jpeg\" alt=\"Image gallery image\" class=\"wp-image-3652\" srcset=\"https:\/\/www.fcgueugnon.fr\/site\/wp-content\/uploads\/2023\/03\/U6-U7-22-768x1024.jpeg 768w, https:\/\/www.fcgueugnon.fr\/site\/wp-content\/uploads\/2023\/03\/U6-U7-22-300x400.jpeg 300w, https:\/\/www.fcgueugnon.fr\/site\/wp-content\/uploads\/2023\/03\/U6-U7-22-1152x1536.jpeg 1152w, https:\/\/www.fcgueugnon.fr\/site\/wp-content\/uploads\/2023\/03\/U6-U7-22-600x800.jpeg 600w, https:\/\/www.fcgueugnon.fr\/site\/wp-content\/uploads\/2023\/03\/U6-U7-22.jpeg 1200w\" sizes=\"auto, (max-width: 768px) 100vw, 768px\" \/><\/figure>\n\n\n\n<figure class=\"wp-block-image size-large\"><img loading=\"lazy\" decoding=\"async\" width=\"768\" height=\"1024\" src=\"https:\/\/www.fcgueugnon.fr\/site\/wp-content\/uploads\/2023\/03\/U6-U7-23-768x1024.jpeg\" alt=\"Image gallery image\" class=\"wp-image-3647\" srcset=\"https:\/\/www.fcgueugnon.fr\/site\/wp-content\/uploads\/2023\/03\/U6-U7-23-768x1024.jpeg 768w, https:\/\/www.fcgueugnon.fr\/site\/wp-content\/uploads\/2023\/03\/U6-U7-23-300x400.jpeg 300w, https:\/\/www.fcgueugnon.fr\/site\/wp-content\/uploads\/2023\/03\/U6-U7-23-1152x1536.jpeg 1152w, https:\/\/www.fcgueugnon.fr\/site\/wp-content\/uploads\/2023\/03\/U6-U7-23-600x800.jpeg 600w, https:\/\/www.fcgueugnon.fr\/site\/wp-content\/uploads\/2023\/03\/U6-U7-23.jpeg 1200w\" sizes=\"auto, (max-width: 768px) 100vw, 768px\" \/><\/figure>\n\n\n\n<figure class=\"wp-block-image size-large\"><img loading=\"lazy\" decoding=\"async\" width=\"768\" height=\"1024\" src=\"https:\/\/www.fcgueugnon.fr\/site\/wp-content\/uploads\/2023\/03\/U6-U7-24-768x1024.jpeg\" alt=\"Image gallery image\" class=\"wp-image-3646\" srcset=\"https:\/\/www.fcgueugnon.fr\/site\/wp-content\/uploads\/2023\/03\/U6-U7-24-768x1024.jpeg 768w, https:\/\/www.fcgueugnon.fr\/site\/wp-content\/uploads\/2023\/03\/U6-U7-24-300x400.jpeg 300w, https:\/\/www.fcgueugnon.fr\/site\/wp-content\/uploads\/2023\/03\/U6-U7-24-1152x1536.jpeg 1152w, https:\/\/www.fcgueugnon.fr\/site\/wp-content\/uploads\/2023\/03\/U6-U7-24-600x800.jpeg 600w, https:\/\/www.fcgueugnon.fr\/site\/wp-content\/uploads\/2023\/03\/U6-U7-24.jpeg 1200w\" sizes=\"auto, (max-width: 768px) 100vw, 768px\" \/><\/figure>\n\n\n\n<figure class=\"wp-block-image size-large\"><img loading=\"lazy\" decoding=\"async\" width=\"768\" height=\"1024\" src=\"https:\/\/www.fcgueugnon.fr\/site\/wp-content\/uploads\/2023\/03\/U6-U7-25-768x1024.jpeg\" alt=\"Image gallery image\" class=\"wp-image-3649\" srcset=\"https:\/\/www.fcgueugnon.fr\/site\/wp-content\/uploads\/2023\/03\/U6-U7-25-768x1024.jpeg 768w, https:\/\/www.fcgueugnon.fr\/site\/wp-content\/uploads\/2023\/03\/U6-U7-25-300x400.jpeg 300w, https:\/\/www.fcgueugnon.fr\/site\/wp-content\/uploads\/2023\/03\/U6-U7-25-1152x1536.jpeg 1152w, https:\/\/www.fcgueugnon.fr\/site\/wp-content\/uploads\/2023\/03\/U6-U7-25-600x800.jpeg 600w, https:\/\/www.fcgueugnon.fr\/site\/wp-content\/uploads\/2023\/03\/U6-U7-25.jpeg 1200w\" sizes=\"auto, (max-width: 768px) 100vw, 768px\" \/><\/figure>\n\n\n\n<figure class=\"wp-block-image size-large\"><img loading=\"lazy\" decoding=\"async\" width=\"768\" height=\"1024\" src=\"https:\/\/www.fcgueugnon.fr\/site\/wp-content\/uploads\/2023\/03\/U6-U7-26-768x1024.jpeg\" alt=\"Image gallery image\" class=\"wp-image-3650\" srcset=\"https:\/\/www.fcgueugnon.fr\/site\/wp-content\/uploads\/2023\/03\/U6-U7-26-768x1024.jpeg 768w, https:\/\/www.fcgueugnon.fr\/site\/wp-content\/uploads\/2023\/03\/U6-U7-26-300x400.jpeg 300w, https:\/\/www.fcgueugnon.fr\/site\/wp-content\/uploads\/2023\/03\/U6-U7-26-1152x1536.jpeg 1152w, https:\/\/www.fcgueugnon.fr\/site\/wp-content\/uploads\/2023\/03\/U6-U7-26-600x800.jpeg 600w, https:\/\/www.fcgueugnon.fr\/site\/wp-content\/uploads\/2023\/03\/U6-U7-26.jpeg 1200w\" sizes=\"auto, (max-width: 768px) 100vw, 768px\" \/><\/figure>\n\n\n\n<figure class=\"wp-block-image size-large\"><img loading=\"lazy\" decoding=\"async\" width=\"768\" height=\"1024\" src=\"https:\/\/www.fcgueugnon.fr\/site\/wp-content\/uploads\/2023\/03\/U6-U7-27-768x1024.jpeg\" alt=\"Image gallery image\" class=\"wp-image-3653\" srcset=\"https:\/\/www.fcgueugnon.fr\/site\/wp-content\/uploads\/2023\/03\/U6-U7-27-768x1024.jpeg 768w, https:\/\/www.fcgueugnon.fr\/site\/wp-content\/uploads\/2023\/03\/U6-U7-27-300x400.jpeg 300w, https:\/\/www.fcgueugnon.fr\/site\/wp-content\/uploads\/2023\/03\/U6-U7-27-1152x1536.jpeg 1152w, https:\/\/www.fcgueugnon.fr\/site\/wp-content\/uploads\/2023\/03\/U6-U7-27-600x800.jpeg 600w, https:\/\/www.fcgueugnon.fr\/site\/wp-content\/uploads\/2023\/03\/U6-U7-27.jpeg 1200w\" sizes=\"auto, (max-width: 768px) 100vw, 768px\" \/><\/figure>\n\n\n\n<figure class=\"wp-block-image size-large\"><img loading=\"lazy\" decoding=\"async\" width=\"768\" height=\"1024\" src=\"https:\/\/www.fcgueugnon.fr\/site\/wp-content\/uploads\/2023\/03\/U6-U7-28-768x1024.jpeg\" alt=\"Image gallery image\" class=\"wp-image-3651\" srcset=\"https:\/\/www.fcgueugnon.fr\/site\/wp-content\/uploads\/2023\/03\/U6-U7-28-768x1024.jpeg 768w, https:\/\/www.fcgueugnon.fr\/site\/wp-content\/uploads\/2023\/03\/U6-U7-28-300x400.jpeg 300w, https:\/\/www.fcgueugnon.fr\/site\/wp-content\/uploads\/2023\/03\/U6-U7-28-1152x1536.jpeg 1152w, https:\/\/www.fcgueugnon.fr\/site\/wp-content\/uploads\/2023\/03\/U6-U7-28-600x800.jpeg 600w, https:\/\/www.fcgueugnon.fr\/site\/wp-content\/uploads\/2023\/03\/U6-U7-28.jpeg 1200w\" sizes=\"auto, (max-width: 768px) 100vw, 768px\" \/><\/figure>\n\n\n\n<figure class=\"wp-block-image size-large\"><img loading=\"lazy\" decoding=\"async\" width=\"768\" height=\"1024\" src=\"https:\/\/www.fcgueugnon.fr\/site\/wp-content\/uploads\/2023\/03\/U6-U7-29-768x1024.jpeg\" alt=\"Image gallery image\" class=\"wp-image-3648\" srcset=\"https:\/\/www.fcgueugnon.fr\/site\/wp-content\/uploads\/2023\/03\/U6-U7-29-768x1024.jpeg 768w, https:\/\/www.fcgueugnon.fr\/site\/wp-content\/uploads\/2023\/03\/U6-U7-29-300x400.jpeg 300w, https:\/\/www.fcgueugnon.fr\/site\/wp-content\/uploads\/2023\/03\/U6-U7-29-1152x1536.jpeg 1152w, https:\/\/www.fcgueugnon.fr\/site\/wp-content\/uploads\/2023\/03\/U6-U7-29-600x800.jpeg 600w, https:\/\/www.fcgueugnon.fr\/site\/wp-content\/uploads\/2023\/03\/U6-U7-29.jpeg 1200w\" sizes=\"auto, (max-width: 768px) 100vw, 768px\" \/><\/figure>\n\n\n\n<figure class=\"wp-block-image size-large\"><img loading=\"lazy\" decoding=\"async\" width=\"1024\" height=\"768\" src=\"https:\/\/www.fcgueugnon.fr\/site\/wp-content\/uploads\/2023\/03\/U6-U7-21-1024x768.jpeg\" alt=\"Image gallery image\" class=\"wp-image-3654\" srcset=\"https:\/\/www.fcgueugnon.fr\/site\/wp-content\/uploads\/2023\/03\/U6-U7-21-1024x768.jpeg 1024w, https:\/\/www.fcgueugnon.fr\/site\/wp-content\/uploads\/2023\/03\/U6-U7-21-400x300.jpeg 400w, https:\/\/www.fcgueugnon.fr\/site\/wp-content\/uploads\/2023\/03\/U6-U7-21-768x576.jpeg 768w, https:\/\/www.fcgueugnon.fr\/site\/wp-content\/uploads\/2023\/03\/U6-U7-21-1536x1152.jpeg 1536w, https:\/\/www.fcgueugnon.fr\/site\/wp-content\/uploads\/2023\/03\/U6-U7-21-1320x990.jpeg 1320w, https:\/\/www.fcgueugnon.fr\/site\/wp-content\/uploads\/2023\/03\/U6-U7-21-600x450.jpeg 600w, https:\/\/www.fcgueugnon.fr\/site\/wp-content\/uploads\/2023\/03\/U6-U7-21.jpeg 1600w\" sizes=\"auto, (max-width: 1024px) 100vw, 1024px\" \/><\/figure>\n<\/figure>\n\n\n\n<div style=\"height:15px\" aria-hidden=\"true\" class=\"wp-block-spacer\"><\/div>\n\n\n\n<div style=\"height:80px\" aria-hidden=\"true\" class=\"wp-block-spacer mb-0\"><\/div>\n\n\n\n<h3 class=\"blue-underline-title wp-block-heading\">Arbitres<\/h3>\n\n\n\n<p><strong>Fabrice MUET<\/strong><strong> <\/strong>\u2013 Samedi 04\/03<br>Vendenesse\/Arroux \/ Le Breuil<br>U18 D1<\/p>\n\n\n\n<p><strong>Mehdi OTMANI<\/strong><strong> <\/strong>\u2013 Samedi 04\/03<br>Marmagne \/ Montceaux l\u2019Etoile<br>U18 D2<\/p>\n\n\n\n<p><strong>Lucas MENAGER <\/strong>\u2013 Dimanche 05\/03<br>JO Creusot \/ AJ Auxerre D<br>R\u00e9gional 2<\/p>\n\n\n\n<p><strong>Fabrice MUET<\/strong><strong> <\/strong>\u2013 Dimanche 05\/03<br>La Roche Vineuse \/ Clesse<br>D\u00e9partemental 1<\/p>\n\n\n\n<p><strong>Savian Dimitru DRAGAN<\/strong><strong> <\/strong>\u2013 Dimanche 05\/03<br>Etang\/Arroux \/ US Saint Sernin C<br>D\u00e9partemental 2<\/p>\n\n\n\n<p><strong>Th\u00e9o GABE<\/strong><strong> <\/strong>\u2013 Dimanche 05\/03<br>La Roche Vineuse B \/ Clesse B<br>D\u00e9partemental 3<\/p>\n\n\n\n<p><strong>Mehdi OTMANI<\/strong><strong> <\/strong>\u2013 Dimanche 05\/03<br>Vendenesse\/Arroux \/ US Rigny<br>D\u00e9partemental 3<\/p>\n\n\n\n<div style=\"height:35px\" aria-hidden=\"true\" class=\"wp-block-spacer\"><\/div>\n\n\n\n<h3 class=\"blue-underline-title wp-block-heading\">eSport<\/h3>\n\n\n\n<h3 class=\"wp-block-heading\"><strong>FIFA23 Club Pro<\/strong><\/h3>\n\n\n\n<p><em>eSport Football League (EFL) \u2013 J21<\/em><br>mardi 28\/02&nbsp;\u2013 22h20<br><strong>PCS FC \/ FC Gueugnon eSport : 1-1<\/strong><\/p>\n\n\n\n<p><em>eSport Football League (EFL) \u2013 J22<\/em><br>mardi 28\/02&nbsp;\u2013 22h20<br><strong>USMEC by MGT \/ FC Gueugnon eSport : 1-3<\/strong><\/p>\n\n\n\n<p><em>eSport Football League Phase finale<\/em><br>jeudi 02\/03 &#8211; 21h20<br>1\/8 de finale<br><strong>Trelissac FC eFoot&nbsp;\/ FC Gueugnon eSport : 0-1<\/strong><br>1\/4&nbsp;de finale<br><strong>Le Havre eFoot \/ FC Gueugnon eSport : 4-1<\/strong><\/p>\n\n\n\n<p><em>Suivez toute l\u2019actualit\u00e9 de la section eSport du FCG sur&nbsp;<a href=\"http:\/\/twitter.com\/gueugnon_esport\/\" rel=\"noreferrer noopener\" target=\"_blank\">Twitter<\/a>&nbsp;et&nbsp;<a href=\"http:\/\/twitch.tv\/fcgesport\/\" rel=\"noreferrer noopener\" target=\"_blank\">Twitch<\/a><\/em><\/p>\n\n\n\n<div style=\"height:100px\" aria-hidden=\"true\" class=\"wp-block-spacer mb-0\"><\/div>\n\n\n\n<h1 class=\"has-text-align-center wp-block-heading\">#ForgeronFamily<\/h1>\n","protected":false},"excerpt":{"rendered":"<p>Les r\u00e9sultats de nos forgerons ce week-end : S\u00e9niors Groupe N3 \u2013 J17 \u274cSamedi 04\/03 \u2013 18h00Jura Dolois Football \/ FC Gueugnon : 2-0 Groupe Espoir \u2013 R1 J13 \ud83d\udfe7Dimanche 05\/03 \u2013 15h00US La Charit\u00e9 \/ FC Gueugnon : 1-1 Sport E.Leclerc Acad\u00e9mie U18 R1 \u2013 J13 \u2705Samedi 04\/03 \u2013 14h30FC Gueugnon \/ Racing Besan\u00e7on &#8230; <\/p>\n<p class=\"read-more-container\"><a title=\"[Agenda] Les r\u00e9sultats du weekend du 04 et 05 Mars 2023\" class=\"read-more button\" href=\"https:\/\/www.fcgueugnon.fr\/site\/agenda-les-resultats-du-weekend-du-04-et-05-mars-2023\/3641#more-3641\" aria-label=\"Plus sur [Agenda] Les r\u00e9sultats du weekend du 04 et 05 Mars 2023\">Lire la suite<\/a><\/p>\n","protected":false},"author":3,"featured_media":3644,"comment_status":"closed","ping_status":"closed","sticky":false,"template":"","format":"standard","meta":{"footnotes":""},"categories":[5,4],"tags":[33,14],"class_list":["post-3641","post","type-post","status-publish","format-standard","has-post-thumbnail","hentry","category-news-2022-2023","category-news","tag-agenda","tag-sport-e-leclerc-academie-jeunes-formation","infinite-scroll-item","generate-columns","tablet-grid-50","mobile-grid-100","grid-parent","grid-25","resize-featured-image"],"yoast_head":"<!-- This site is optimized with the Yoast SEO plugin v26.6 - https:\/\/yoast.com\/wordpress\/plugins\/seo\/ -->\n<title>[Agenda] Les r\u00e9sultats du weekend du 04 et 05 Mars 2023 &#8226; FOOTBALL CLUB GUEUGNON<\/title>\n<meta name=\"robots\" content=\"index, follow, max-snippet:-1, max-image-preview:large, max-video-preview:-1\" \/>\n<link rel=\"canonical\" href=\"https:\/\/www.fcgueugnon.fr\/site\/agenda-les-resultats-du-weekend-du-04-et-05-mars-2023\/3641\" \/>\n<meta property=\"og:locale\" content=\"fr_FR\" \/>\n<meta property=\"og:type\" content=\"article\" \/>\n<meta property=\"og:title\" content=\"[Agenda] Les r\u00e9sultats du weekend du 04 et 05 Mars 2023 &#8226; FOOTBALL CLUB GUEUGNON\" \/>\n<meta property=\"og:description\" content=\"Les r\u00e9sultats de nos forgerons ce week-end : S\u00e9niors Groupe N3 \u2013 J17 \u274cSamedi 04\/03 \u2013 18h00Jura Dolois Football \/ FC Gueugnon : 2-0 Groupe Espoir \u2013 R1 J13 \ud83d\udfe7Dimanche 05\/03 \u2013 15h00US La Charit\u00e9 \/ FC Gueugnon : 1-1 Sport E.Leclerc Acad\u00e9mie U18 R1 \u2013 J13 \u2705Samedi 04\/03 \u2013 14h30FC Gueugnon \/ Racing Besan\u00e7on ... Lire la suite\" \/>\n<meta property=\"og:url\" content=\"https:\/\/www.fcgueugnon.fr\/site\/agenda-les-resultats-du-weekend-du-04-et-05-mars-2023\/3641\" \/>\n<meta property=\"og:site_name\" content=\"FOOTBALL CLUB GUEUGNON\" \/>\n<meta property=\"article:publisher\" content=\"http:\/\/facebook.com\/FCGueugnon\" \/>\n<meta property=\"article:published_time\" content=\"2023-03-06T15:41:11+00:00\" \/>\n<meta property=\"article:modified_time\" content=\"2023-05-13T11:14:42+00:00\" \/>\n<meta property=\"og:image\" content=\"https:\/\/www.fcgueugnon.fr\/site\/wp-content\/uploads\/2023\/03\/U10-U11-2.jpeg\" \/>\n\t<meta property=\"og:image:width\" content=\"1200\" \/>\n\t<meta property=\"og:image:height\" content=\"1200\" \/>\n\t<meta property=\"og:image:type\" content=\"image\/jpeg\" \/>\n<meta name=\"author\" content=\"FC Gueugnon\" \/>\n<meta name=\"twitter:card\" content=\"summary_large_image\" \/>\n<meta name=\"twitter:creator\" content=\"@FCGueugnon_off\" \/>\n<meta name=\"twitter:site\" content=\"@FCGueugnon_off\" \/>\n<meta name=\"twitter:label1\" content=\"\u00c9crit par\" \/>\n\t<meta name=\"twitter:data1\" content=\"FC Gueugnon\" \/>\n\t<meta name=\"twitter:label2\" content=\"Dur\u00e9e de lecture estim\u00e9e\" \/>\n\t<meta name=\"twitter:data2\" content=\"8 minutes\" \/>\n<script type=\"application\/ld+json\" class=\"yoast-schema-graph\">{\"@context\":\"https:\/\/schema.org\",\"@graph\":[{\"@type\":\"Article\",\"@id\":\"https:\/\/www.fcgueugnon.fr\/site\/agenda-les-resultats-du-weekend-du-04-et-05-mars-2023\/3641#article\",\"isPartOf\":{\"@id\":\"https:\/\/www.fcgueugnon.fr\/site\/agenda-les-resultats-du-weekend-du-04-et-05-mars-2023\/3641\"},\"author\":{\"name\":\"FC Gueugnon\",\"@id\":\"https:\/\/www.fcgueugnon.fr\/site\/#\/schema\/person\/829630bfb5d6f3ebe4d296b75687c01a\"},\"headline\":\"[Agenda] Les r\u00e9sultats du weekend du 04 et 05 Mars 2023\",\"datePublished\":\"2023-03-06T15:41:11+00:00\",\"dateModified\":\"2023-05-13T11:14:42+00:00\",\"mainEntityOfPage\":{\"@id\":\"https:\/\/www.fcgueugnon.fr\/site\/agenda-les-resultats-du-weekend-du-04-et-05-mars-2023\/3641\"},\"wordCount\":652,\"publisher\":{\"@id\":\"https:\/\/www.fcgueugnon.fr\/site\/#organization\"},\"image\":{\"@id\":\"https:\/\/www.fcgueugnon.fr\/site\/agenda-les-resultats-du-weekend-du-04-et-05-mars-2023\/3641#primaryimage\"},\"thumbnailUrl\":\"https:\/\/www.fcgueugnon.fr\/site\/wp-content\/uploads\/2023\/03\/U10-U11-2.jpeg\",\"keywords\":[\"Agenda\",\"Sport E.Leclerc Acad\u00e9mie : Jeunes \/ Formation\"],\"articleSection\":[\"Archives 2022\/2023\",\"News\"],\"inLanguage\":\"fr-FR\"},{\"@type\":\"WebPage\",\"@id\":\"https:\/\/www.fcgueugnon.fr\/site\/agenda-les-resultats-du-weekend-du-04-et-05-mars-2023\/3641\",\"url\":\"https:\/\/www.fcgueugnon.fr\/site\/agenda-les-resultats-du-weekend-du-04-et-05-mars-2023\/3641\",\"name\":\"[Agenda] Les r\u00e9sultats du weekend du 04 et 05 Mars 2023 &#8226; FOOTBALL CLUB GUEUGNON\",\"isPartOf\":{\"@id\":\"https:\/\/www.fcgueugnon.fr\/site\/#website\"},\"primaryImageOfPage\":{\"@id\":\"https:\/\/www.fcgueugnon.fr\/site\/agenda-les-resultats-du-weekend-du-04-et-05-mars-2023\/3641#primaryimage\"},\"image\":{\"@id\":\"https:\/\/www.fcgueugnon.fr\/site\/agenda-les-resultats-du-weekend-du-04-et-05-mars-2023\/3641#primaryimage\"},\"thumbnailUrl\":\"https:\/\/www.fcgueugnon.fr\/site\/wp-content\/uploads\/2023\/03\/U10-U11-2.jpeg\",\"datePublished\":\"2023-03-06T15:41:11+00:00\",\"dateModified\":\"2023-05-13T11:14:42+00:00\",\"breadcrumb\":{\"@id\":\"https:\/\/www.fcgueugnon.fr\/site\/agenda-les-resultats-du-weekend-du-04-et-05-mars-2023\/3641#breadcrumb\"},\"inLanguage\":\"fr-FR\",\"potentialAction\":[{\"@type\":\"ReadAction\",\"target\":[\"https:\/\/www.fcgueugnon.fr\/site\/agenda-les-resultats-du-weekend-du-04-et-05-mars-2023\/3641\"]}]},{\"@type\":\"ImageObject\",\"inLanguage\":\"fr-FR\",\"@id\":\"https:\/\/www.fcgueugnon.fr\/site\/agenda-les-resultats-du-weekend-du-04-et-05-mars-2023\/3641#primaryimage\",\"url\":\"https:\/\/www.fcgueugnon.fr\/site\/wp-content\/uploads\/2023\/03\/U10-U11-2.jpeg\",\"contentUrl\":\"https:\/\/www.fcgueugnon.fr\/site\/wp-content\/uploads\/2023\/03\/U10-U11-2.jpeg\",\"width\":1200,\"height\":1200},{\"@type\":\"BreadcrumbList\",\"@id\":\"https:\/\/www.fcgueugnon.fr\/site\/agenda-les-resultats-du-weekend-du-04-et-05-mars-2023\/3641#breadcrumb\",\"itemListElement\":[{\"@type\":\"ListItem\",\"position\":1,\"name\":\"Accueil\",\"item\":\"https:\/\/www.fcgueugnon.fr\/site\/\"},{\"@type\":\"ListItem\",\"position\":2,\"name\":\"[Agenda] Les r\u00e9sultats du weekend du 04 et 05 Mars 2023\"}]},{\"@type\":\"WebSite\",\"@id\":\"https:\/\/www.fcgueugnon.fr\/site\/#website\",\"url\":\"https:\/\/www.fcgueugnon.fr\/site\/\",\"name\":\"FOOTBALL CLUB GUEUGNON\",\"description\":\"Le Site Officiel des Forgerons\",\"publisher\":{\"@id\":\"https:\/\/www.fcgueugnon.fr\/site\/#organization\"},\"potentialAction\":[{\"@type\":\"SearchAction\",\"target\":{\"@type\":\"EntryPoint\",\"urlTemplate\":\"https:\/\/www.fcgueugnon.fr\/site\/?s={search_term_string}\"},\"query-input\":{\"@type\":\"PropertyValueSpecification\",\"valueRequired\":true,\"valueName\":\"search_term_string\"}}],\"inLanguage\":\"fr-FR\"},{\"@type\":\"Organization\",\"@id\":\"https:\/\/www.fcgueugnon.fr\/site\/#organization\",\"name\":\"FC Gueugnon\",\"url\":\"https:\/\/www.fcgueugnon.fr\/site\/\",\"logo\":{\"@type\":\"ImageObject\",\"inLanguage\":\"fr-FR\",\"@id\":\"https:\/\/www.fcgueugnon.fr\/site\/#\/schema\/logo\/image\/\",\"url\":\"https:\/\/www.fcgueugnon.fr\/site\/wp-content\/uploads\/2022\/07\/cropped-Logo-FCGUEUGNON-low-350x350-1.png\",\"contentUrl\":\"https:\/\/www.fcgueugnon.fr\/site\/wp-content\/uploads\/2022\/07\/cropped-Logo-FCGUEUGNON-low-350x350-1.png\",\"width\":350,\"height\":350,\"caption\":\"FC Gueugnon\"},\"image\":{\"@id\":\"https:\/\/www.fcgueugnon.fr\/site\/#\/schema\/logo\/image\/\"},\"sameAs\":[\"http:\/\/facebook.com\/FCGueugnon\",\"https:\/\/x.com\/FCGueugnon_off\",\"https:\/\/www.instagram.com\/fcgueugnon\/\",\"https:\/\/www.linkedin.com\/company\/football-club-de-gueugnon\/\",\"https:\/\/www.youtube.com\/user\/FCGueugnonnais\",\"https:\/\/fr.wikipedia.org\/wiki\/Football_Club_de_Gueugnon\"]},{\"@type\":\"Person\",\"@id\":\"https:\/\/www.fcgueugnon.fr\/site\/#\/schema\/person\/829630bfb5d6f3ebe4d296b75687c01a\",\"name\":\"FC Gueugnon\",\"url\":\"https:\/\/www.fcgueugnon.fr\/site\/author\/g-avin1\"}]}<\/script>\n<!-- \/ Yoast SEO plugin. -->","yoast_head_json":{"title":"[Agenda] Les r\u00e9sultats du weekend du 04 et 05 Mars 2023 &#8226; FOOTBALL CLUB GUEUGNON","robots":{"index":"index","follow":"follow","max-snippet":"max-snippet:-1","max-image-preview":"max-image-preview:large","max-video-preview":"max-video-preview:-1"},"canonical":"https:\/\/www.fcgueugnon.fr\/site\/agenda-les-resultats-du-weekend-du-04-et-05-mars-2023\/3641","og_locale":"fr_FR","og_type":"article","og_title":"[Agenda] Les r\u00e9sultats du weekend du 04 et 05 Mars 2023 &#8226; FOOTBALL CLUB GUEUGNON","og_description":"Les r\u00e9sultats de nos forgerons ce week-end : S\u00e9niors Groupe N3 \u2013 J17 \u274cSamedi 04\/03 \u2013 18h00Jura Dolois Football \/ FC Gueugnon : 2-0 Groupe Espoir \u2013 R1 J13 \ud83d\udfe7Dimanche 05\/03 \u2013 15h00US La Charit\u00e9 \/ FC Gueugnon : 1-1 Sport E.Leclerc Acad\u00e9mie U18 R1 \u2013 J13 \u2705Samedi 04\/03 \u2013 14h30FC Gueugnon \/ Racing Besan\u00e7on ... Lire la suite","og_url":"https:\/\/www.fcgueugnon.fr\/site\/agenda-les-resultats-du-weekend-du-04-et-05-mars-2023\/3641","og_site_name":"FOOTBALL CLUB GUEUGNON","article_publisher":"http:\/\/facebook.com\/FCGueugnon","article_published_time":"2023-03-06T15:41:11+00:00","article_modified_time":"2023-05-13T11:14:42+00:00","og_image":[{"width":1200,"height":1200,"url":"https:\/\/www.fcgueugnon.fr\/site\/wp-content\/uploads\/2023\/03\/U10-U11-2.jpeg","type":"image\/jpeg"}],"author":"FC Gueugnon","twitter_card":"summary_large_image","twitter_creator":"@FCGueugnon_off","twitter_site":"@FCGueugnon_off","twitter_misc":{"\u00c9crit par":"FC Gueugnon","Dur\u00e9e de lecture estim\u00e9e":"8 minutes"},"schema":{"@context":"https:\/\/schema.org","@graph":[{"@type":"Article","@id":"https:\/\/www.fcgueugnon.fr\/site\/agenda-les-resultats-du-weekend-du-04-et-05-mars-2023\/3641#article","isPartOf":{"@id":"https:\/\/www.fcgueugnon.fr\/site\/agenda-les-resultats-du-weekend-du-04-et-05-mars-2023\/3641"},"author":{"name":"FC Gueugnon","@id":"https:\/\/www.fcgueugnon.fr\/site\/#\/schema\/person\/829630bfb5d6f3ebe4d296b75687c01a"},"headline":"[Agenda] Les r\u00e9sultats du weekend du 04 et 05 Mars 2023","datePublished":"2023-03-06T15:41:11+00:00","dateModified":"2023-05-13T11:14:42+00:00","mainEntityOfPage":{"@id":"https:\/\/www.fcgueugnon.fr\/site\/agenda-les-resultats-du-weekend-du-04-et-05-mars-2023\/3641"},"wordCount":652,"publisher":{"@id":"https:\/\/www.fcgueugnon.fr\/site\/#organization"},"image":{"@id":"https:\/\/www.fcgueugnon.fr\/site\/agenda-les-resultats-du-weekend-du-04-et-05-mars-2023\/3641#primaryimage"},"thumbnailUrl":"https:\/\/www.fcgueugnon.fr\/site\/wp-content\/uploads\/2023\/03\/U10-U11-2.jpeg","keywords":["Agenda","Sport E.Leclerc Acad\u00e9mie : Jeunes \/ Formation"],"articleSection":["Archives 2022\/2023","News"],"inLanguage":"fr-FR"},{"@type":"WebPage","@id":"https:\/\/www.fcgueugnon.fr\/site\/agenda-les-resultats-du-weekend-du-04-et-05-mars-2023\/3641","url":"https:\/\/www.fcgueugnon.fr\/site\/agenda-les-resultats-du-weekend-du-04-et-05-mars-2023\/3641","name":"[Agenda] Les r\u00e9sultats du weekend du 04 et 05 Mars 2023 &#8226; FOOTBALL CLUB GUEUGNON","isPartOf":{"@id":"https:\/\/www.fcgueugnon.fr\/site\/#website"},"primaryImageOfPage":{"@id":"https:\/\/www.fcgueugnon.fr\/site\/agenda-les-resultats-du-weekend-du-04-et-05-mars-2023\/3641#primaryimage"},"image":{"@id":"https:\/\/www.fcgueugnon.fr\/site\/agenda-les-resultats-du-weekend-du-04-et-05-mars-2023\/3641#primaryimage"},"thumbnailUrl":"https:\/\/www.fcgueugnon.fr\/site\/wp-content\/uploads\/2023\/03\/U10-U11-2.jpeg","datePublished":"2023-03-06T15:41:11+00:00","dateModified":"2023-05-13T11:14:42+00:00","breadcrumb":{"@id":"https:\/\/www.fcgueugnon.fr\/site\/agenda-les-resultats-du-weekend-du-04-et-05-mars-2023\/3641#breadcrumb"},"inLanguage":"fr-FR","potentialAction":[{"@type":"ReadAction","target":["https:\/\/www.fcgueugnon.fr\/site\/agenda-les-resultats-du-weekend-du-04-et-05-mars-2023\/3641"]}]},{"@type":"ImageObject","inLanguage":"fr-FR","@id":"https:\/\/www.fcgueugnon.fr\/site\/agenda-les-resultats-du-weekend-du-04-et-05-mars-2023\/3641#primaryimage","url":"https:\/\/www.fcgueugnon.fr\/site\/wp-content\/uploads\/2023\/03\/U10-U11-2.jpeg","contentUrl":"https:\/\/www.fcgueugnon.fr\/site\/wp-content\/uploads\/2023\/03\/U10-U11-2.jpeg","width":1200,"height":1200},{"@type":"BreadcrumbList","@id":"https:\/\/www.fcgueugnon.fr\/site\/agenda-les-resultats-du-weekend-du-04-et-05-mars-2023\/3641#breadcrumb","itemListElement":[{"@type":"ListItem","position":1,"name":"Accueil","item":"https:\/\/www.fcgueugnon.fr\/site\/"},{"@type":"ListItem","position":2,"name":"[Agenda] Les r\u00e9sultats du weekend du 04 et 05 Mars 2023"}]},{"@type":"WebSite","@id":"https:\/\/www.fcgueugnon.fr\/site\/#website","url":"https:\/\/www.fcgueugnon.fr\/site\/","name":"FOOTBALL CLUB GUEUGNON","description":"Le Site Officiel des Forgerons","publisher":{"@id":"https:\/\/www.fcgueugnon.fr\/site\/#organization"},"potentialAction":[{"@type":"SearchAction","target":{"@type":"EntryPoint","urlTemplate":"https:\/\/www.fcgueugnon.fr\/site\/?s={search_term_string}"},"query-input":{"@type":"PropertyValueSpecification","valueRequired":true,"valueName":"search_term_string"}}],"inLanguage":"fr-FR"},{"@type":"Organization","@id":"https:\/\/www.fcgueugnon.fr\/site\/#organization","name":"FC Gueugnon","url":"https:\/\/www.fcgueugnon.fr\/site\/","logo":{"@type":"ImageObject","inLanguage":"fr-FR","@id":"https:\/\/www.fcgueugnon.fr\/site\/#\/schema\/logo\/image\/","url":"https:\/\/www.fcgueugnon.fr\/site\/wp-content\/uploads\/2022\/07\/cropped-Logo-FCGUEUGNON-low-350x350-1.png","contentUrl":"https:\/\/www.fcgueugnon.fr\/site\/wp-content\/uploads\/2022\/07\/cropped-Logo-FCGUEUGNON-low-350x350-1.png","width":350,"height":350,"caption":"FC Gueugnon"},"image":{"@id":"https:\/\/www.fcgueugnon.fr\/site\/#\/schema\/logo\/image\/"},"sameAs":["http:\/\/facebook.com\/FCGueugnon","https:\/\/x.com\/FCGueugnon_off","https:\/\/www.instagram.com\/fcgueugnon\/","https:\/\/www.linkedin.com\/company\/football-club-de-gueugnon\/","https:\/\/www.youtube.com\/user\/FCGueugnonnais","https:\/\/fr.wikipedia.org\/wiki\/Football_Club_de_Gueugnon"]},{"@type":"Person","@id":"https:\/\/www.fcgueugnon.fr\/site\/#\/schema\/person\/829630bfb5d6f3ebe4d296b75687c01a","name":"FC Gueugnon","url":"https:\/\/www.fcgueugnon.fr\/site\/author\/g-avin1"}]}},"rttpg_featured_image_url":{"full":["https:\/\/www.fcgueugnon.fr\/site\/wp-content\/uploads\/2023\/03\/U10-U11-2.jpeg",1200,1200,false],"landscape":["https:\/\/www.fcgueugnon.fr\/site\/wp-content\/uploads\/2023\/03\/U10-U11-2.jpeg",1200,1200,false],"portraits":["https:\/\/www.fcgueugnon.fr\/site\/wp-content\/uploads\/2023\/03\/U10-U11-2.jpeg",1200,1200,false],"thumbnail":["https:\/\/www.fcgueugnon.fr\/site\/wp-content\/uploads\/2023\/03\/U10-U11-2-150x150.jpeg",150,150,true],"medium":["https:\/\/www.fcgueugnon.fr\/site\/wp-content\/uploads\/2023\/03\/U10-U11-2-400x400.jpeg",400,400,true],"large":["https:\/\/www.fcgueugnon.fr\/site\/wp-content\/uploads\/2023\/03\/U10-U11-2-1024x1024.jpeg",1024,1024,true],"1536x1536":["https:\/\/www.fcgueugnon.fr\/site\/wp-content\/uploads\/2023\/03\/U10-U11-2.jpeg",1200,1200,false],"2048x2048":["https:\/\/www.fcgueugnon.fr\/site\/wp-content\/uploads\/2023\/03\/U10-U11-2.jpeg",1200,1200,false]},"rttpg_author":{"display_name":"FC Gueugnon","author_link":"https:\/\/www.fcgueugnon.fr\/site\/author\/g-avin1"},"rttpg_comment":0,"rttpg_category":"<a href=\"https:\/\/www.fcgueugnon.fr\/site\/category\/news\/news-2022-2023\" rel=\"category tag\">Archives 2022\/2023<\/a> <a href=\"https:\/\/www.fcgueugnon.fr\/site\/category\/news\" rel=\"category tag\">News<\/a>","rttpg_excerpt":"Les r\u00e9sultats de nos forgerons ce week-end : S\u00e9niors Groupe N3 \u2013 J17 \u274cSamedi 04\/03 \u2013 18h00Jura Dolois Football \/ FC Gueugnon : 2-0 Groupe Espoir \u2013 R1 J13 \ud83d\udfe7Dimanche 05\/03 \u2013 15h00US La Charit\u00e9 \/ FC Gueugnon : 1-1 Sport E.Leclerc Acad\u00e9mie U18 R1 \u2013 J13 \u2705Samedi 04\/03 \u2013 14h30FC Gueugnon \/ Racing Besan\u00e7on\u2026","_links":{"self":[{"href":"https:\/\/www.fcgueugnon.fr\/site\/wp-json\/wp\/v2\/posts\/3641","targetHints":{"allow":["GET"]}}],"collection":[{"href":"https:\/\/www.fcgueugnon.fr\/site\/wp-json\/wp\/v2\/posts"}],"about":[{"href":"https:\/\/www.fcgueugnon.fr\/site\/wp-json\/wp\/v2\/types\/post"}],"author":[{"embeddable":true,"href":"https:\/\/www.fcgueugnon.fr\/site\/wp-json\/wp\/v2\/users\/3"}],"replies":[{"embeddable":true,"href":"https:\/\/www.fcgueugnon.fr\/site\/wp-json\/wp\/v2\/comments?post=3641"}],"version-history":[{"count":3,"href":"https:\/\/www.fcgueugnon.fr\/site\/wp-json\/wp\/v2\/posts\/3641\/revisions"}],"predecessor-version":[{"id":3665,"href":"https:\/\/www.fcgueugnon.fr\/site\/wp-json\/wp\/v2\/posts\/3641\/revisions\/3665"}],"wp:featuredmedia":[{"embeddable":true,"href":"https:\/\/www.fcgueugnon.fr\/site\/wp-json\/wp\/v2\/media\/3644"}],"wp:attachment":[{"href":"https:\/\/www.fcgueugnon.fr\/site\/wp-json\/wp\/v2\/media?parent=3641"}],"wp:term":[{"taxonomy":"category","embeddable":true,"href":"https:\/\/www.fcgueugnon.fr\/site\/wp-json\/wp\/v2\/categories?post=3641"},{"taxonomy":"post_tag","embeddable":true,"href":"https:\/\/www.fcgueugnon.fr\/site\/wp-json\/wp\/v2\/tags?post=3641"}],"curies":[{"name":"wp","href":"https:\/\/api.w.org\/{rel}","templated":true}]}}