{"id":3467,"date":"2023-02-25T16:55:00","date_gmt":"2023-02-25T15:55:00","guid":{"rendered":"https:\/\/www.fcgueugnon.fr\/site\/?p=3467"},"modified":"2023-02-25T12:59:23","modified_gmt":"2023-02-25T11:59:23","slug":"interview-forgeron-mag-9-avec-fabrice-revuelta","status":"publish","type":"post","link":"https:\/\/www.fcgueugnon.fr\/site\/interview-forgeron-mag-9-avec-fabrice-revuelta\/3467","title":{"rendered":"[Interview] Forgeron Mag #9 avec Fabrice REVUELTA"},"content":{"rendered":"\n<h3 class=\"wp-block-heading\">D\u00e9couvrez en int\u00e9gralit\u00e9 l&rsquo;entretien de Fabrice REVUELTA diffus\u00e9 \u00e0 l&rsquo;occasion de cette 16\u00e8me journ\u00e9e de championnat face \u00e0 la r\u00e9serve du DFCO dans le Forgeron Mag du 25\/02\/23.<\/h3>\n\n\n\n<div style=\"height:75px\" aria-hidden=\"true\" class=\"wp-block-spacer\"><\/div>\n\n\n<div class=\"wp-block-image\">\n<figure class=\"aligncenter size-large\"><img loading=\"lazy\" decoding=\"async\" width=\"1024\" height=\"768\" src=\"https:\/\/www.fcgueugnon.fr\/site\/wp-content\/uploads\/2023\/02\/MicrosoftTeams-image-4-1024x768.jpg\" alt=\"\" class=\"wp-image-3468\" srcset=\"https:\/\/www.fcgueugnon.fr\/site\/wp-content\/uploads\/2023\/02\/MicrosoftTeams-image-4-1024x768.jpg 1024w, https:\/\/www.fcgueugnon.fr\/site\/wp-content\/uploads\/2023\/02\/MicrosoftTeams-image-4-400x300.jpg 400w, https:\/\/www.fcgueugnon.fr\/site\/wp-content\/uploads\/2023\/02\/MicrosoftTeams-image-4-768x576.jpg 768w, https:\/\/www.fcgueugnon.fr\/site\/wp-content\/uploads\/2023\/02\/MicrosoftTeams-image-4-1536x1152.jpg 1536w, https:\/\/www.fcgueugnon.fr\/site\/wp-content\/uploads\/2023\/02\/MicrosoftTeams-image-4-1320x990.jpg 1320w, https:\/\/www.fcgueugnon.fr\/site\/wp-content\/uploads\/2023\/02\/MicrosoftTeams-image-4-600x450.jpg 600w, https:\/\/www.fcgueugnon.fr\/site\/wp-content\/uploads\/2023\/02\/MicrosoftTeams-image-4.jpg 2048w\" sizes=\"auto, (max-width: 1024px) 100vw, 1024px\" \/><\/figure>\n<\/div>\n\n\n<div style=\"height:75px\" aria-hidden=\"true\" class=\"wp-block-spacer\"><\/div>\n\n\n\n<p><strong>Bonjour Fabrice, tout le monde te connait d\u00e9j\u00e0, mais rappelle-nous ton parcours de footballeur\u00a0:<\/strong><br><strong>\u00ab\u00a0<\/strong>J\u2019ai d\u00e9but\u00e9 le foot \u00e0 Digoin quand j\u2019avais 12 ans, depuis le seul club que j\u2019ai connu c\u2019est le FCG\u00a0! J\u2019ai fait toutes mes classes ici et ai d\u00e9but\u00e9 en s\u00e9niors \u00e0 17 ans avec l\u2019\u00e9quipe r\u00e9serve. J\u2019ai ensuite int\u00e9gr\u00e9 la A \u00e0 19 ans.<strong>\u00a0\u00bb<\/strong><\/p>\n\n\n\n<p><strong>Content de te voir de retour apr\u00e8s cette longue absence, comment \u00e7a s\u2019est pass\u00e9 pour toi\u00a0?<\/strong><br><strong>\u00ab\u00a0<\/strong>Content moi aussi de pouvoir revenir\u00a0! J\u2019ai \u00e9t\u00e9 \u00e9loign\u00e9 des terrains pendant plus d\u2019un an, je me suis fait op\u00e9rer 2 fois du genou. C\u2019\u00e9tait une p\u00e9riode difficile car je suis rest\u00e9 plusieurs semaines sans pouvoir plier le genou\u2026 Voyons le positif, j\u2019ai pu passer plus de temps avec mes enfants\u00a0!<strong>\u00a0\u00bb<\/strong><\/p>\n\n\n\n<figure class=\"wp-block-pullquote\"><blockquote><p>\u00ab  Je sais qu\u2019on est capable de faire des bons r\u00e9sultats&#8230; \u00bb<\/p><\/blockquote><\/figure>\n\n\n\n<p><strong>Ton cousin et toi \u00eates les plus anciens du groupe, comment expliques-tu cette fid\u00e9lit\u00e9\u00a0?<\/strong><br><strong>\u00ab\u00a0<\/strong>Le FCG est mon club de c\u0153ur\u00a0! On ne passe pas plus de 20 ans dans un club si on ne se sent pas bien. Je sens en plus que c\u2019est bient\u00f4t la fin, je veux profiter des derniers instants dans mon club et tenter de donner mon maximum afin d\u2019essayer de rendre au club ce qu\u2019il a pu m\u2019offrir\u00a0!<strong>\u00a0\u00bb<\/strong><\/p>\n\n\n\n<p><strong>Apr\u00e8s ce long p\u00e9riple en tant que joueur au club, tu te vois faire quoi \u00e0 l\u2019avenir\u00a0?<\/strong><br><strong>\u00ab\u00a0<\/strong>Je veux rester dans le monde du foot, je me lancerai dans une aventure d\u2019entraineur je pense.<strong>\u00a0\u00bb<\/strong><\/p>\n\n\n\n<p><strong>Bien des choses ont chang\u00e9 au sein du club depuis la reprise en 2011 en DH\u2026<\/strong><br><strong>\u00ab\u00a0<\/strong>Oh que oui, mais les choses ont \u00e9volu\u00e9 vers du positif\u00a0! En 2011, je me souviens que pratiquement tous les joueurs travaillaient \u00e0 c\u00f4t\u00e9, on devait s\u2019entrainer le soir. Aujourd\u2019hui, 90% des joueurs ont un contrat avec le club, c\u2019est un vrai luxe\u00a0!<br>Le plus gros changement est au niveau des jeunes, on voit que le club est plus comp\u00e9titif et attire plus\u00a0! C\u2019est gr\u00e2ce au travail de David Vasco et des \u00e9ducateurs dipl\u00f4m\u00e9s qui font un excellent job\u00a0!<strong>\u00a0\u00bb<\/strong><\/p>\n\n\n\n<p><strong>Apr\u00e8s 20 ans au FCG, quels sont tes meilleurs souvenirs\u00a0?<\/strong><br><strong>\u00ab\u00a0<\/strong>J\u2019en ai des tonnes\u00a0! Si je devais en choisir 3, je dirais la victoire en Gambardella \u00e0 Bastia, la mont\u00e9e en CFA 2 et la victoire en coupe de Bourgogne.<strong>\u00a0\u00bb<\/strong><\/p>\n\n\n\n<figure class=\"wp-block-pullquote\"><blockquote><p>\u00ab On ne passe pas plus de 20 ans dans un club si on ne se sent pas bien&#8230; \u00bb<\/p><\/blockquote><\/figure>\n\n\n\n<p><strong>Tu as surement des tonnes d\u2019anecdotes \u00e0 nous raconter\u00a0?<\/strong><br><strong>\u00ab\u00a0<\/strong>La plus marquante pour moi, c\u2019est quand William Perraudin avait dit au Coach Boniface que c\u2019\u00e9tait facile du banc alors qu\u2019il avait fait une carri\u00e8re pro *rire*.<strong>\u00a0\u00bb<\/strong><\/p>\n\n\n\n<p><strong>Tu es revenu dans le groupe en tant que titulaire samedi \u00e0 Grandvillars, \u00e7a s\u2019est pass\u00e9 comment\u00a0?<\/strong><br><strong>\u00ab\u00a0<\/strong>J\u2019ai fait 2 matches amicaux avec l\u2019\u00e9quipe A et deux autres avec la r\u00e9serve. Mentalement je suis totalement pr\u00eat \u00e0 me relancer. Maintenant, le physique n\u2019est pas totalement \u00e0 100%. Mais avec l\u2019exp\u00e9rience, je sais g\u00e9rer mon match.<strong>\u00a0\u00bb<\/strong><\/p>\n\n\n\n<figure class=\"wp-block-pullquote\"><blockquote><p>\u00ab  je veux profiter des derniers instants dans mon club et tenter de donner mon maximum afin d\u2019essayer de rendre au club ce qu\u2019il a pu m\u2019offrir\u00a0! \u00bb<\/p><\/blockquote><\/figure>\n\n\n\n<p><strong>Que peux-tu nous dire sur le groupe\u00a0? Contre Grandvillars, il a fait preuve de caract\u00e8re pour revenir au score 2 fois\u00a0!<\/strong><br><strong>\u00ab\u00a0<\/strong>C\u2019est assez positif de prendre un point \u00e0 l\u2019ext\u00e9rieur, on aurait clairement aim\u00e9 prendre les 3 points. Revenir 2 fois au score, \u00e7a montre que personne ne l\u00e2che rien dans l\u2019\u00e9quipe\u00a0! Avec un peu de r\u00e9ussite, on aurait pu gagner l\u00e0-bas\u2026<strong>\u00a0\u00bb<\/strong><\/p>\n\n\n\n<p><strong>Plus de 1000 personnes \u00e0 Jean-Laville pour un derby survolt\u00e9, qu\u2019en as-tu pens\u00e9\u00a0?<\/strong><br><strong>\u00ab\u00a0<\/strong>Les supporters sont toujours pr\u00e9sents depuis le d\u00e9but de saison m\u00eame si nous ne sommes pas dans nos objectifs, merci \u00e0 eux\u00a0pour leur soutien !<strong>\u00a0\u00bb<\/strong><\/p>\n\n\n\n<p><strong>Prochain match contre la r\u00e9serve de Dijon, comment vois-tu ce match\u00a0?<\/strong><br><strong>\u00ab\u00a0<\/strong>J\u2019ai vu beaucoup de matches depuis la tribune, je sais qu\u2019on est capable de faire des bons r\u00e9sultats contre les meilleures \u00e9quipes du championnat. \u00c0 nous de faire le travail samedi\u00a0!<strong>\u00a0\u00bb<\/strong><\/p>\n\n\n\n<p><strong>Le mot de la fin\u00a0?<\/strong><br><strong>\u00ab\u00a0<\/strong>Je voudrais remercier sinc\u00e8rement les supporters, les ultras et les b\u00e9n\u00e9voles du club, un grand merci \u00e0 vous tous\u00a0!<strong>\u00a0\u00bb<\/strong><\/p>\n\n\n\n<p><strong>Merci Fabrice<\/strong><\/p>\n\n\n\n<div style=\"height:100px\" aria-hidden=\"true\" class=\"wp-block-spacer\"><\/div>\n\n\n\n<hr class=\"wp-block-separator has-alpha-channel-opacity\"\/>\n\n\n\n<h3 class=\"wp-block-heading\">Retrouvez le Forgeron Mag #9 en int\u00e9gralit\u00e9<\/h3>\n\n\n\n<div class=\"wp-block-pdf-viewer-block-standard\" style=\"text-align:left\"><div class=\"uploaded-pdf\"><a href=\"https:\/\/www.fcgueugnon.fr\/site\/wp-content\/uploads\/2023\/02\/forgeron-mag-fc-gueugnon-dfco-b.pdf\" data-width=\"\" data-height=\"\"><\/a><\/div><\/div>\n\n\n\n<div class=\"wp-block-buttons is-layout-flex wp-block-buttons-is-layout-flex\">\n<div class=\"wp-block-button alignright is-style-circular\"><a class=\"wp-block-button__link wp-element-button\" href=\"https:\/\/www.fcgueugnon.fr\/site\/wp-content\/uploads\/2023\/02\/forgeron-mag-fc-gueugnon-dfco-b.pdf\">T\u00e9l\u00e9charger<\/a><\/div>\n<\/div>\n","protected":false},"excerpt":{"rendered":"<p>D\u00e9couvrez en int\u00e9gralit\u00e9 l&rsquo;entretien de Fabrice REVUELTA diffus\u00e9 \u00e0 l&rsquo;occasion de cette 16\u00e8me journ\u00e9e de championnat face \u00e0 la r\u00e9serve du DFCO dans le Forgeron Mag du 25\/02\/23. Bonjour Fabrice, tout le monde te connait d\u00e9j\u00e0, mais rappelle-nous ton parcours de footballeur\u00a0:\u00ab\u00a0J\u2019ai d\u00e9but\u00e9 le foot \u00e0 Digoin quand j\u2019avais 12 ans, depuis le seul club &#8230; <\/p>\n<p class=\"read-more-container\"><a title=\"[Interview] Forgeron Mag #9 avec Fabrice REVUELTA\" class=\"read-more button\" href=\"https:\/\/www.fcgueugnon.fr\/site\/interview-forgeron-mag-9-avec-fabrice-revuelta\/3467#more-3467\" aria-label=\"Plus sur [Interview] Forgeron Mag #9 avec Fabrice REVUELTA\">Lire la suite<\/a><\/p>\n","protected":false},"author":2,"featured_media":3468,"comment_status":"closed","ping_status":"closed","sticky":false,"template":"","format":"standard","meta":{"footnotes":""},"categories":[5,4],"tags":[24,11],"class_list":["post-3467","post","type-post","status-publish","format-standard","has-post-thumbnail","hentry","category-news-2022-2023","category-news","tag-forgeron-mag","tag-interview","infinite-scroll-item","generate-columns","tablet-grid-50","mobile-grid-100","grid-parent","grid-25","resize-featured-image"],"yoast_head":"<!-- This site is optimized with the Yoast SEO plugin v26.6 - https:\/\/yoast.com\/wordpress\/plugins\/seo\/ -->\n<title>[Interview] Forgeron Mag #9 avec Fabrice REVUELTA &#8226; FOOTBALL CLUB GUEUGNON<\/title>\n<meta name=\"robots\" content=\"index, follow, max-snippet:-1, max-image-preview:large, max-video-preview:-1\" \/>\n<link rel=\"canonical\" href=\"https:\/\/www.fcgueugnon.fr\/site\/interview-forgeron-mag-9-avec-fabrice-revuelta\/3467\" \/>\n<meta property=\"og:locale\" content=\"fr_FR\" \/>\n<meta property=\"og:type\" content=\"article\" \/>\n<meta property=\"og:title\" content=\"[Interview] Forgeron Mag #9 avec Fabrice REVUELTA &#8226; FOOTBALL CLUB GUEUGNON\" \/>\n<meta property=\"og:description\" content=\"D\u00e9couvrez en int\u00e9gralit\u00e9 l&rsquo;entretien de Fabrice REVUELTA diffus\u00e9 \u00e0 l&rsquo;occasion de cette 16\u00e8me journ\u00e9e de championnat face \u00e0 la r\u00e9serve du DFCO dans le Forgeron Mag du 25\/02\/23. Bonjour Fabrice, tout le monde te connait d\u00e9j\u00e0, mais rappelle-nous ton parcours de footballeur\u00a0:\u00ab\u00a0J\u2019ai d\u00e9but\u00e9 le foot \u00e0 Digoin quand j\u2019avais 12 ans, depuis le seul club ... Lire la suite\" \/>\n<meta property=\"og:url\" content=\"https:\/\/www.fcgueugnon.fr\/site\/interview-forgeron-mag-9-avec-fabrice-revuelta\/3467\" \/>\n<meta property=\"og:site_name\" content=\"FOOTBALL CLUB GUEUGNON\" \/>\n<meta property=\"article:publisher\" content=\"http:\/\/facebook.com\/FCGueugnon\" \/>\n<meta property=\"article:published_time\" content=\"2023-02-25T15:55:00+00:00\" \/>\n<meta property=\"og:image\" content=\"https:\/\/www.fcgueugnon.fr\/site\/wp-content\/uploads\/2023\/02\/MicrosoftTeams-image-4.jpg\" \/>\n\t<meta property=\"og:image:width\" content=\"2048\" \/>\n\t<meta property=\"og:image:height\" content=\"1536\" \/>\n\t<meta property=\"og:image:type\" content=\"image\/jpeg\" \/>\n<meta name=\"author\" content=\"FC Gueugnon\" \/>\n<meta name=\"twitter:card\" content=\"summary_large_image\" \/>\n<meta name=\"twitter:creator\" content=\"@FCGueugnon_off\" \/>\n<meta name=\"twitter:site\" content=\"@FCGueugnon_off\" \/>\n<meta name=\"twitter:label1\" content=\"\u00c9crit par\" \/>\n\t<meta name=\"twitter:data1\" content=\"FC Gueugnon\" \/>\n\t<meta name=\"twitter:label2\" content=\"Dur\u00e9e de lecture estim\u00e9e\" \/>\n\t<meta name=\"twitter:data2\" content=\"4 minutes\" \/>\n<script type=\"application\/ld+json\" class=\"yoast-schema-graph\">{\"@context\":\"https:\/\/schema.org\",\"@graph\":[{\"@type\":\"Article\",\"@id\":\"https:\/\/www.fcgueugnon.fr\/site\/interview-forgeron-mag-9-avec-fabrice-revuelta\/3467#article\",\"isPartOf\":{\"@id\":\"https:\/\/www.fcgueugnon.fr\/site\/interview-forgeron-mag-9-avec-fabrice-revuelta\/3467\"},\"author\":{\"name\":\"FC Gueugnon\",\"@id\":\"https:\/\/www.fcgueugnon.fr\/site\/#\/schema\/person\/d342d0c35e8e8f04740b9bdd734eeb20\"},\"headline\":\"[Interview] Forgeron Mag #9 avec Fabrice REVUELTA\",\"datePublished\":\"2023-02-25T15:55:00+00:00\",\"mainEntityOfPage\":{\"@id\":\"https:\/\/www.fcgueugnon.fr\/site\/interview-forgeron-mag-9-avec-fabrice-revuelta\/3467\"},\"wordCount\":778,\"publisher\":{\"@id\":\"https:\/\/www.fcgueugnon.fr\/site\/#organization\"},\"image\":{\"@id\":\"https:\/\/www.fcgueugnon.fr\/site\/interview-forgeron-mag-9-avec-fabrice-revuelta\/3467#primaryimage\"},\"thumbnailUrl\":\"https:\/\/www.fcgueugnon.fr\/site\/wp-content\/uploads\/2023\/02\/MicrosoftTeams-image-4.jpg\",\"keywords\":[\"Forgeron Mag\",\"Interview\"],\"articleSection\":[\"Archives 2022\/2023\",\"News\"],\"inLanguage\":\"fr-FR\"},{\"@type\":\"WebPage\",\"@id\":\"https:\/\/www.fcgueugnon.fr\/site\/interview-forgeron-mag-9-avec-fabrice-revuelta\/3467\",\"url\":\"https:\/\/www.fcgueugnon.fr\/site\/interview-forgeron-mag-9-avec-fabrice-revuelta\/3467\",\"name\":\"[Interview] Forgeron Mag #9 avec Fabrice REVUELTA &#8226; FOOTBALL CLUB GUEUGNON\",\"isPartOf\":{\"@id\":\"https:\/\/www.fcgueugnon.fr\/site\/#website\"},\"primaryImageOfPage\":{\"@id\":\"https:\/\/www.fcgueugnon.fr\/site\/interview-forgeron-mag-9-avec-fabrice-revuelta\/3467#primaryimage\"},\"image\":{\"@id\":\"https:\/\/www.fcgueugnon.fr\/site\/interview-forgeron-mag-9-avec-fabrice-revuelta\/3467#primaryimage\"},\"thumbnailUrl\":\"https:\/\/www.fcgueugnon.fr\/site\/wp-content\/uploads\/2023\/02\/MicrosoftTeams-image-4.jpg\",\"datePublished\":\"2023-02-25T15:55:00+00:00\",\"breadcrumb\":{\"@id\":\"https:\/\/www.fcgueugnon.fr\/site\/interview-forgeron-mag-9-avec-fabrice-revuelta\/3467#breadcrumb\"},\"inLanguage\":\"fr-FR\",\"potentialAction\":[{\"@type\":\"ReadAction\",\"target\":[\"https:\/\/www.fcgueugnon.fr\/site\/interview-forgeron-mag-9-avec-fabrice-revuelta\/3467\"]}]},{\"@type\":\"ImageObject\",\"inLanguage\":\"fr-FR\",\"@id\":\"https:\/\/www.fcgueugnon.fr\/site\/interview-forgeron-mag-9-avec-fabrice-revuelta\/3467#primaryimage\",\"url\":\"https:\/\/www.fcgueugnon.fr\/site\/wp-content\/uploads\/2023\/02\/MicrosoftTeams-image-4.jpg\",\"contentUrl\":\"https:\/\/www.fcgueugnon.fr\/site\/wp-content\/uploads\/2023\/02\/MicrosoftTeams-image-4.jpg\",\"width\":2048,\"height\":1536},{\"@type\":\"BreadcrumbList\",\"@id\":\"https:\/\/www.fcgueugnon.fr\/site\/interview-forgeron-mag-9-avec-fabrice-revuelta\/3467#breadcrumb\",\"itemListElement\":[{\"@type\":\"ListItem\",\"position\":1,\"name\":\"Accueil\",\"item\":\"https:\/\/www.fcgueugnon.fr\/site\/\"},{\"@type\":\"ListItem\",\"position\":2,\"name\":\"[Interview] Forgeron Mag #9 avec Fabrice REVUELTA\"}]},{\"@type\":\"WebSite\",\"@id\":\"https:\/\/www.fcgueugnon.fr\/site\/#website\",\"url\":\"https:\/\/www.fcgueugnon.fr\/site\/\",\"name\":\"FOOTBALL CLUB GUEUGNON\",\"description\":\"Le Site Officiel des Forgerons\",\"publisher\":{\"@id\":\"https:\/\/www.fcgueugnon.fr\/site\/#organization\"},\"potentialAction\":[{\"@type\":\"SearchAction\",\"target\":{\"@type\":\"EntryPoint\",\"urlTemplate\":\"https:\/\/www.fcgueugnon.fr\/site\/?s={search_term_string}\"},\"query-input\":{\"@type\":\"PropertyValueSpecification\",\"valueRequired\":true,\"valueName\":\"search_term_string\"}}],\"inLanguage\":\"fr-FR\"},{\"@type\":\"Organization\",\"@id\":\"https:\/\/www.fcgueugnon.fr\/site\/#organization\",\"name\":\"FC Gueugnon\",\"url\":\"https:\/\/www.fcgueugnon.fr\/site\/\",\"logo\":{\"@type\":\"ImageObject\",\"inLanguage\":\"fr-FR\",\"@id\":\"https:\/\/www.fcgueugnon.fr\/site\/#\/schema\/logo\/image\/\",\"url\":\"https:\/\/www.fcgueugnon.fr\/site\/wp-content\/uploads\/2022\/07\/cropped-Logo-FCGUEUGNON-low-350x350-1.png\",\"contentUrl\":\"https:\/\/www.fcgueugnon.fr\/site\/wp-content\/uploads\/2022\/07\/cropped-Logo-FCGUEUGNON-low-350x350-1.png\",\"width\":350,\"height\":350,\"caption\":\"FC Gueugnon\"},\"image\":{\"@id\":\"https:\/\/www.fcgueugnon.fr\/site\/#\/schema\/logo\/image\/\"},\"sameAs\":[\"http:\/\/facebook.com\/FCGueugnon\",\"https:\/\/x.com\/FCGueugnon_off\",\"https:\/\/www.instagram.com\/fcgueugnon\/\",\"https:\/\/www.linkedin.com\/company\/football-club-de-gueugnon\/\",\"https:\/\/www.youtube.com\/user\/FCGueugnonnais\",\"https:\/\/fr.wikipedia.org\/wiki\/Football_Club_de_Gueugnon\"]},{\"@type\":\"Person\",\"@id\":\"https:\/\/www.fcgueugnon.fr\/site\/#\/schema\/person\/d342d0c35e8e8f04740b9bdd734eeb20\",\"name\":\"FC Gueugnon\",\"url\":\"https:\/\/www.fcgueugnon.fr\/site\/author\/s-rod\"}]}<\/script>\n<!-- \/ Yoast SEO plugin. -->","yoast_head_json":{"title":"[Interview] Forgeron Mag #9 avec Fabrice REVUELTA &#8226; FOOTBALL CLUB GUEUGNON","robots":{"index":"index","follow":"follow","max-snippet":"max-snippet:-1","max-image-preview":"max-image-preview:large","max-video-preview":"max-video-preview:-1"},"canonical":"https:\/\/www.fcgueugnon.fr\/site\/interview-forgeron-mag-9-avec-fabrice-revuelta\/3467","og_locale":"fr_FR","og_type":"article","og_title":"[Interview] Forgeron Mag #9 avec Fabrice REVUELTA &#8226; FOOTBALL CLUB GUEUGNON","og_description":"D\u00e9couvrez en int\u00e9gralit\u00e9 l&rsquo;entretien de Fabrice REVUELTA diffus\u00e9 \u00e0 l&rsquo;occasion de cette 16\u00e8me journ\u00e9e de championnat face \u00e0 la r\u00e9serve du DFCO dans le Forgeron Mag du 25\/02\/23. Bonjour Fabrice, tout le monde te connait d\u00e9j\u00e0, mais rappelle-nous ton parcours de footballeur\u00a0:\u00ab\u00a0J\u2019ai d\u00e9but\u00e9 le foot \u00e0 Digoin quand j\u2019avais 12 ans, depuis le seul club ... Lire la suite","og_url":"https:\/\/www.fcgueugnon.fr\/site\/interview-forgeron-mag-9-avec-fabrice-revuelta\/3467","og_site_name":"FOOTBALL CLUB GUEUGNON","article_publisher":"http:\/\/facebook.com\/FCGueugnon","article_published_time":"2023-02-25T15:55:00+00:00","og_image":[{"width":2048,"height":1536,"url":"https:\/\/www.fcgueugnon.fr\/site\/wp-content\/uploads\/2023\/02\/MicrosoftTeams-image-4.jpg","type":"image\/jpeg"}],"author":"FC Gueugnon","twitter_card":"summary_large_image","twitter_creator":"@FCGueugnon_off","twitter_site":"@FCGueugnon_off","twitter_misc":{"\u00c9crit par":"FC Gueugnon","Dur\u00e9e de lecture estim\u00e9e":"4 minutes"},"schema":{"@context":"https:\/\/schema.org","@graph":[{"@type":"Article","@id":"https:\/\/www.fcgueugnon.fr\/site\/interview-forgeron-mag-9-avec-fabrice-revuelta\/3467#article","isPartOf":{"@id":"https:\/\/www.fcgueugnon.fr\/site\/interview-forgeron-mag-9-avec-fabrice-revuelta\/3467"},"author":{"name":"FC Gueugnon","@id":"https:\/\/www.fcgueugnon.fr\/site\/#\/schema\/person\/d342d0c35e8e8f04740b9bdd734eeb20"},"headline":"[Interview] Forgeron Mag #9 avec Fabrice REVUELTA","datePublished":"2023-02-25T15:55:00+00:00","mainEntityOfPage":{"@id":"https:\/\/www.fcgueugnon.fr\/site\/interview-forgeron-mag-9-avec-fabrice-revuelta\/3467"},"wordCount":778,"publisher":{"@id":"https:\/\/www.fcgueugnon.fr\/site\/#organization"},"image":{"@id":"https:\/\/www.fcgueugnon.fr\/site\/interview-forgeron-mag-9-avec-fabrice-revuelta\/3467#primaryimage"},"thumbnailUrl":"https:\/\/www.fcgueugnon.fr\/site\/wp-content\/uploads\/2023\/02\/MicrosoftTeams-image-4.jpg","keywords":["Forgeron Mag","Interview"],"articleSection":["Archives 2022\/2023","News"],"inLanguage":"fr-FR"},{"@type":"WebPage","@id":"https:\/\/www.fcgueugnon.fr\/site\/interview-forgeron-mag-9-avec-fabrice-revuelta\/3467","url":"https:\/\/www.fcgueugnon.fr\/site\/interview-forgeron-mag-9-avec-fabrice-revuelta\/3467","name":"[Interview] Forgeron Mag #9 avec Fabrice REVUELTA &#8226; FOOTBALL CLUB GUEUGNON","isPartOf":{"@id":"https:\/\/www.fcgueugnon.fr\/site\/#website"},"primaryImageOfPage":{"@id":"https:\/\/www.fcgueugnon.fr\/site\/interview-forgeron-mag-9-avec-fabrice-revuelta\/3467#primaryimage"},"image":{"@id":"https:\/\/www.fcgueugnon.fr\/site\/interview-forgeron-mag-9-avec-fabrice-revuelta\/3467#primaryimage"},"thumbnailUrl":"https:\/\/www.fcgueugnon.fr\/site\/wp-content\/uploads\/2023\/02\/MicrosoftTeams-image-4.jpg","datePublished":"2023-02-25T15:55:00+00:00","breadcrumb":{"@id":"https:\/\/www.fcgueugnon.fr\/site\/interview-forgeron-mag-9-avec-fabrice-revuelta\/3467#breadcrumb"},"inLanguage":"fr-FR","potentialAction":[{"@type":"ReadAction","target":["https:\/\/www.fcgueugnon.fr\/site\/interview-forgeron-mag-9-avec-fabrice-revuelta\/3467"]}]},{"@type":"ImageObject","inLanguage":"fr-FR","@id":"https:\/\/www.fcgueugnon.fr\/site\/interview-forgeron-mag-9-avec-fabrice-revuelta\/3467#primaryimage","url":"https:\/\/www.fcgueugnon.fr\/site\/wp-content\/uploads\/2023\/02\/MicrosoftTeams-image-4.jpg","contentUrl":"https:\/\/www.fcgueugnon.fr\/site\/wp-content\/uploads\/2023\/02\/MicrosoftTeams-image-4.jpg","width":2048,"height":1536},{"@type":"BreadcrumbList","@id":"https:\/\/www.fcgueugnon.fr\/site\/interview-forgeron-mag-9-avec-fabrice-revuelta\/3467#breadcrumb","itemListElement":[{"@type":"ListItem","position":1,"name":"Accueil","item":"https:\/\/www.fcgueugnon.fr\/site\/"},{"@type":"ListItem","position":2,"name":"[Interview] Forgeron Mag #9 avec Fabrice REVUELTA"}]},{"@type":"WebSite","@id":"https:\/\/www.fcgueugnon.fr\/site\/#website","url":"https:\/\/www.fcgueugnon.fr\/site\/","name":"FOOTBALL CLUB GUEUGNON","description":"Le Site Officiel des Forgerons","publisher":{"@id":"https:\/\/www.fcgueugnon.fr\/site\/#organization"},"potentialAction":[{"@type":"SearchAction","target":{"@type":"EntryPoint","urlTemplate":"https:\/\/www.fcgueugnon.fr\/site\/?s={search_term_string}"},"query-input":{"@type":"PropertyValueSpecification","valueRequired":true,"valueName":"search_term_string"}}],"inLanguage":"fr-FR"},{"@type":"Organization","@id":"https:\/\/www.fcgueugnon.fr\/site\/#organization","name":"FC Gueugnon","url":"https:\/\/www.fcgueugnon.fr\/site\/","logo":{"@type":"ImageObject","inLanguage":"fr-FR","@id":"https:\/\/www.fcgueugnon.fr\/site\/#\/schema\/logo\/image\/","url":"https:\/\/www.fcgueugnon.fr\/site\/wp-content\/uploads\/2022\/07\/cropped-Logo-FCGUEUGNON-low-350x350-1.png","contentUrl":"https:\/\/www.fcgueugnon.fr\/site\/wp-content\/uploads\/2022\/07\/cropped-Logo-FCGUEUGNON-low-350x350-1.png","width":350,"height":350,"caption":"FC Gueugnon"},"image":{"@id":"https:\/\/www.fcgueugnon.fr\/site\/#\/schema\/logo\/image\/"},"sameAs":["http:\/\/facebook.com\/FCGueugnon","https:\/\/x.com\/FCGueugnon_off","https:\/\/www.instagram.com\/fcgueugnon\/","https:\/\/www.linkedin.com\/company\/football-club-de-gueugnon\/","https:\/\/www.youtube.com\/user\/FCGueugnonnais","https:\/\/fr.wikipedia.org\/wiki\/Football_Club_de_Gueugnon"]},{"@type":"Person","@id":"https:\/\/www.fcgueugnon.fr\/site\/#\/schema\/person\/d342d0c35e8e8f04740b9bdd734eeb20","name":"FC Gueugnon","url":"https:\/\/www.fcgueugnon.fr\/site\/author\/s-rod"}]}},"rttpg_featured_image_url":{"full":["https:\/\/www.fcgueugnon.fr\/site\/wp-content\/uploads\/2023\/02\/MicrosoftTeams-image-4.jpg",2048,1536,false],"landscape":["https:\/\/www.fcgueugnon.fr\/site\/wp-content\/uploads\/2023\/02\/MicrosoftTeams-image-4.jpg",2048,1536,false],"portraits":["https:\/\/www.fcgueugnon.fr\/site\/wp-content\/uploads\/2023\/02\/MicrosoftTeams-image-4.jpg",2048,1536,false],"thumbnail":["https:\/\/www.fcgueugnon.fr\/site\/wp-content\/uploads\/2023\/02\/MicrosoftTeams-image-4-150x150.jpg",150,150,true],"medium":["https:\/\/www.fcgueugnon.fr\/site\/wp-content\/uploads\/2023\/02\/MicrosoftTeams-image-4-400x300.jpg",400,300,true],"large":["https:\/\/www.fcgueugnon.fr\/site\/wp-content\/uploads\/2023\/02\/MicrosoftTeams-image-4-1024x768.jpg",1024,768,true],"1536x1536":["https:\/\/www.fcgueugnon.fr\/site\/wp-content\/uploads\/2023\/02\/MicrosoftTeams-image-4-1536x1152.jpg",1536,1152,true],"2048x2048":["https:\/\/www.fcgueugnon.fr\/site\/wp-content\/uploads\/2023\/02\/MicrosoftTeams-image-4.jpg",2048,1536,false]},"rttpg_author":{"display_name":"FC Gueugnon","author_link":"https:\/\/www.fcgueugnon.fr\/site\/author\/s-rod"},"rttpg_comment":0,"rttpg_category":"<a href=\"https:\/\/www.fcgueugnon.fr\/site\/category\/news\/news-2022-2023\" rel=\"category tag\">Archives 2022\/2023<\/a> <a href=\"https:\/\/www.fcgueugnon.fr\/site\/category\/news\" rel=\"category tag\">News<\/a>","rttpg_excerpt":"D\u00e9couvrez en int\u00e9gralit\u00e9 l&rsquo;entretien de Fabrice REVUELTA diffus\u00e9 \u00e0 l&rsquo;occasion de cette 16\u00e8me journ\u00e9e de championnat face \u00e0 la r\u00e9serve du DFCO dans le Forgeron Mag du 25\/02\/23. Bonjour Fabrice, tout le monde te connait d\u00e9j\u00e0, mais rappelle-nous ton parcours de footballeur\u00a0:\u00ab\u00a0J\u2019ai d\u00e9but\u00e9 le foot \u00e0 Digoin quand j\u2019avais 12 ans, depuis le seul club\u2026","_links":{"self":[{"href":"https:\/\/www.fcgueugnon.fr\/site\/wp-json\/wp\/v2\/posts\/3467","targetHints":{"allow":["GET"]}}],"collection":[{"href":"https:\/\/www.fcgueugnon.fr\/site\/wp-json\/wp\/v2\/posts"}],"about":[{"href":"https:\/\/www.fcgueugnon.fr\/site\/wp-json\/wp\/v2\/types\/post"}],"author":[{"embeddable":true,"href":"https:\/\/www.fcgueugnon.fr\/site\/wp-json\/wp\/v2\/users\/2"}],"replies":[{"embeddable":true,"href":"https:\/\/www.fcgueugnon.fr\/site\/wp-json\/wp\/v2\/comments?post=3467"}],"version-history":[{"count":1,"href":"https:\/\/www.fcgueugnon.fr\/site\/wp-json\/wp\/v2\/posts\/3467\/revisions"}],"predecessor-version":[{"id":3470,"href":"https:\/\/www.fcgueugnon.fr\/site\/wp-json\/wp\/v2\/posts\/3467\/revisions\/3470"}],"wp:featuredmedia":[{"embeddable":true,"href":"https:\/\/www.fcgueugnon.fr\/site\/wp-json\/wp\/v2\/media\/3468"}],"wp:attachment":[{"href":"https:\/\/www.fcgueugnon.fr\/site\/wp-json\/wp\/v2\/media?parent=3467"}],"wp:term":[{"taxonomy":"category","embeddable":true,"href":"https:\/\/www.fcgueugnon.fr\/site\/wp-json\/wp\/v2\/categories?post=3467"},{"taxonomy":"post_tag","embeddable":true,"href":"https:\/\/www.fcgueugnon.fr\/site\/wp-json\/wp\/v2\/tags?post=3467"}],"curies":[{"name":"wp","href":"https:\/\/api.w.org\/{rel}","templated":true}]}}