{"id":3406,"date":"2023-02-24T08:44:01","date_gmt":"2023-02-24T07:44:01","guid":{"rendered":"https:\/\/www.fcgueugnon.fr\/site\/?p=3406"},"modified":"2024-02-21T21:44:38","modified_gmt":"2024-02-21T20:44:38","slug":"n3-j16-fc-gueugnon-dijon-fco-b-un-chouette-match-qui-sannonce","status":"publish","type":"post","link":"https:\/\/www.fcgueugnon.fr\/site\/n3-j16-fc-gueugnon-dijon-fco-b-un-chouette-match-qui-sannonce\/3406","title":{"rendered":"[N3 J16 : FC Gueugnon \u2013 Dijon FCO B] Un chouette match qui s&rsquo;annonce ?"},"content":{"rendered":"\n<h2 class=\"wp-block-heading\">Face \u00e0 une r\u00e9serve professionnelle rarement ferm\u00e9e au jeu, les forgerons devront mettre tous les ingr\u00e9dients pour prendre les 3 points !<\/h2>\n\n\n\n<div style=\"height:70px\" aria-hidden=\"true\" class=\"wp-block-spacer\"><\/div>\n\n\n\n<div class=\"wp-block-getwid-image-box getwid-animation has-text-center has-mobile-layout-default has-mobile-alignment-center\" data-animation=\"zoomSmall\"><div class=\"wp-block-getwid-image-box__image-container is-position-top\"><div class=\"wp-block-getwid-image-box__image-wrapper\"><img loading=\"lazy\" decoding=\"async\" width=\"724\" height=\"1024\" src=\"https:\/\/www.fcgueugnon.fr\/site\/wp-content\/uploads\/2023\/02\/affiche-FC-gueugnon-Dijon-DFCO-B-724x1024.jpg\" alt=\"\" class=\"wp-block-getwid-image-box__image wp-image-3407\" srcset=\"https:\/\/www.fcgueugnon.fr\/site\/wp-content\/uploads\/2023\/02\/affiche-FC-gueugnon-Dijon-DFCO-B-724x1024.jpg 724w, https:\/\/www.fcgueugnon.fr\/site\/wp-content\/uploads\/2023\/02\/affiche-FC-gueugnon-Dijon-DFCO-B-283x400.jpg 283w, https:\/\/www.fcgueugnon.fr\/site\/wp-content\/uploads\/2023\/02\/affiche-FC-gueugnon-Dijon-DFCO-B-768x1086.jpg 768w, https:\/\/www.fcgueugnon.fr\/site\/wp-content\/uploads\/2023\/02\/affiche-FC-gueugnon-Dijon-DFCO-B-1086x1536.jpg 1086w, https:\/\/www.fcgueugnon.fr\/site\/wp-content\/uploads\/2023\/02\/affiche-FC-gueugnon-Dijon-DFCO-B-1320x1867.jpg 1320w, https:\/\/www.fcgueugnon.fr\/site\/wp-content\/uploads\/2023\/02\/affiche-FC-gueugnon-Dijon-DFCO-B-600x849.jpg 600w, https:\/\/www.fcgueugnon.fr\/site\/wp-content\/uploads\/2023\/02\/affiche-FC-gueugnon-Dijon-DFCO-B.jpg 1448w\" sizes=\"auto, (max-width: 724px) 100vw, 724px\" \/><\/div><\/div><div class=\"wp-block-getwid-image-box__content\">\n<h3 class=\"wp-block-heading\"><\/h3>\n\n\n\n<p><\/p>\n<\/div><\/div>\n\n\n\n<div style=\"height:70px\" aria-hidden=\"true\" class=\"wp-block-spacer\"><\/div>\n\n\n\n<h3 class=\"wp-block-heading\">\ud83c\udd9a <em><strong>L&rsquo;adversaire <\/strong><\/em><\/h3>\n\n\n\n<p>Alors que l&rsquo;entraineur <strong>Christophe Point <\/strong>nous rappelle l&rsquo;importance et le r\u00f4le de son \u00e9quipe r\u00e9serve au sein du club c\u00f4te-d&rsquo;orien, \u00e0 savoir de former les jeunes au monde pro et de donner du temps de jeu aux actuels pro qui \u00ab <em>redescendent en B<\/em> \u00bb, le <strong>DFCO B<\/strong> r\u00e9pond pr\u00e9sent cette saison en s&rsquo;appuyant \u00e9galement sur l\u2019apport de joueurs d&rsquo;exp\u00e9rience tel qu&rsquo;un <strong>Axel Drouhin <\/strong>bien connu dans la cit\u00e9 des forges. <\/p>\n\n\n\n<p>Fort de cela, la r\u00e9serve du <strong>DFCO <\/strong>a longtemps occup\u00e9 la seconde place du championnat avant de conna\u00eetre un coup de moins bien en ce d\u00e9but d&rsquo;ann\u00e9e. Le bilan d&rsquo;apr\u00e8s tr\u00eave est ponctu\u00e9 de 2 victoires et 2 d\u00e9faites dont une derni\u00e8re d\u00e9faite par 4 buts \u00e0 0 au nouveau centre d&rsquo;entrainement face \u00e0 une \u00e9quipe du <strong>Besan\u00e7on Foot <\/strong>(4e) en sup\u00e9riorit\u00e9 num\u00e9rique pendant 75 minutes ! <\/p>\n\n\n\n<p>Une dynamique synth\u00e9tis\u00e9e par le coach dans la presse : \u00ab&nbsp;<em>il y a&nbsp;en ce moment&nbsp;trop d\u2019erreurs individuelles et trop de performances en dessous du potentiel. Il faut vite casser cette spirale et revenir \u00e0 une plus grande r\u00e9gularit\u00e9&nbsp;\u00bb<\/em>. <\/p>\n\n\n\n<p>En difficult\u00e9 en <strong>Ligue 2<\/strong>, le club dijonnais peut toutefois se targuer de la seconde meilleure d\u00e9fense du championnat de N3 ainsi que d&rsquo;une 5e place avec 26 points (et un match en retard) \u00e0 5 points du leader <strong>Pontarlier <\/strong>mais 1 seule unit\u00e9 du dauphin <strong>M\u00e2con<\/strong>&#8230;. Et une volont\u00e9 de repartir de l&rsquo;avant ! <\/p>\n\n\n\n<p><em>Site internet du DFCO :<\/em> <a href=\"https:\/\/www.dfco.fr\/\" target=\"_blank\" rel=\"noreferrer noopener\">www.dfco.fr<\/a><\/p>\n\n\n\n<div style=\"height:70px\" aria-hidden=\"true\" class=\"wp-block-spacer\"><\/div>\n\n\n\n<h3 class=\"wp-block-heading\">\ud83d\udce3 <em><strong>La d\u00e9cla&rsquo;<\/strong><\/em><\/h3>\n\n\n\n<blockquote class=\"wp-block-quote is-style-default is-layout-flow wp-block-quote-is-layout-flow\">\n<p class=\"has-x-large-font-size\">\u00ab <em>Ce match contre Dijon est lui aussi important et on le bosse pour \u00eatre plus concentr\u00e9s, plus coh\u00e9rents et pour faire en sorte de ne plus devoir courir apr\u00e8s le score&nbsp;<\/em>&nbsp;\u00bb<\/p>\n<cite><strong><em>Sony MUSTIVAR<\/em><\/strong> (Capitaine)<\/cite><\/blockquote>\n\n\n\n<div style=\"height:70px\" aria-hidden=\"true\" class=\"wp-block-spacer\"><\/div>\n\n\n\n<h3 class=\"wp-block-heading\">\ud83d\udfe1\ud83d\udd35 <em><strong>Le FC Gueugnon<\/strong><\/em><\/h3>\n\n\n\n<p>Les forgerons poursuivent leurs efforts dans ce championnat tr\u00e8s disput\u00e9 ! Les r\u00e9sultats s&rsquo;en ressentent en cette ann\u00e9e 2023 de la saison : victoire \u00e0 domicile contre <strong>Morteau<\/strong>, un nul dans le derby contre <strong>Montceau<\/strong> et 2 nuls \u00e0 l\u2019ext\u00e9rieur \u00e0 <strong>M\u00e2con <\/strong>et <strong>Grandvillars <\/strong>o\u00f9 l&rsquo;issue aurait pu basculer par 2 fois en faveur des jaunes et bleus en fin de rencontre&#8230; (<a href=\"https:\/\/www.fcgueugnon.fr\/site\/tag\/resultat\" target=\"_blank\" rel=\"noreferrer noopener\">voir les apr\u00e8s-match<\/a>). <\/p>\n\n\n\n<p>En 32e coupe de Bourgogne Franche-Comt\u00e9 le week-end dernier, le <strong>FCG <\/strong>a fait le job en emmagasinant de la confiance gr\u00e2ce \u00e0 une victoire par 5 buts \u00e0 0 face au 4e de R1 : l&rsquo;<strong>ES Fauverney-Rouvres-Breteniere<\/strong>. Une victoire satisfaisante pour le coach <strong>Philippe Correia <\/strong>qui s&rsquo;exprimait dans <a href=\"https:\/\/www.fcgueugnon.fr\/site\/total-foot-radio-cactus-philippe-correia-la-coupe-de-bourgogne-nous-a-permis-de-travailler-et-de-bien-preparer-le-match-du-dfco-qui-est-tres-important-pour-nous\/3411\" target=\"_blank\" rel=\"noreferrer noopener\">Total Foot, le podcast du FCG : \u00ab l<em>a coupe de Bourgogne nous a permis de travailler et de bien pr\u00e9parer le match du DFCO qui est tr\u00e8s important pour nous<\/em>. \u00bb<\/a><\/p>\n\n\n\n<p>Comptant sur les retours de <strong>Ibrahim Mohamed<\/strong>, <strong>J\u00e9r\u00e9my Fahrasmane <\/strong>et <strong>Charles Houla <\/strong>ou encore <strong>Hugo Ketterle<\/strong>, le FCG a d\u00e9montr\u00e9 sa r\u00e9silience et sa force de caract\u00e8re notamment \u00e0 Grandvillars en revenant par 2 fois au score. L&rsquo;objectif reste le m\u00eame : prendre des points pour remonter au classement et prouver que son potentiel est bien l\u00e0 o\u00f9 on l&rsquo;attend. <\/p>\n\n\n\n<p>Battus au match aller, les jaunes et bleus pourront compter sur le public du stade Jean Laville pour les accompagner dans cette qu\u00eate de points ! <\/p>\n\n\n\n<div style=\"height:70px\" aria-hidden=\"true\" class=\"wp-block-spacer\"><\/div>\n\n\n\n<h3 class=\"wp-block-heading\">\ud83e\udd1d <em><strong>Partenaire du match<\/strong> : <\/em><a href=\"https:\/\/www.fcgueugnon.fr\/site\/n3-j16-fc-gueugnon-dijon-fco-b-lauto-moto-ecole-drive-partenaire-de-la-rencontre\/3404\" target=\"_blank\" rel=\"noreferrer noopener\">L\u2019Auto-moto \u00e9cole Drive+, partenaire de la rencontre<\/a><\/h3>\n\n\n\n<div class=\"wp-block-getwid-image-box getwid-animation has-text-center has-mobile-layout-default has-mobile-alignment-default\" data-animation=\"zoomSmall\"><div class=\"wp-block-getwid-image-box__image-container is-position-top\"><a href=\"https:\/\/www.fcgueugnon.fr\/site\/n3-j16-fc-gueugnon-dijon-fco-b-lauto-moto-ecole-drive-partenaire-de-la-rencontre\/3404\" class=\"wp-block-getwid-image-box__image-wrapper\"><img loading=\"lazy\" decoding=\"async\" width=\"1024\" height=\"576\" src=\"https:\/\/www.fcgueugnon.fr\/site\/wp-content\/uploads\/2023\/02\/PARTENAIRE-DU-MATCH-DRIVE-1024x576.png\" alt=\"\" class=\"wp-block-getwid-image-box__image wp-image-3423\" srcset=\"https:\/\/www.fcgueugnon.fr\/site\/wp-content\/uploads\/2023\/02\/PARTENAIRE-DU-MATCH-DRIVE-1024x576.png 1024w, https:\/\/www.fcgueugnon.fr\/site\/wp-content\/uploads\/2023\/02\/PARTENAIRE-DU-MATCH-DRIVE-400x225.png 400w, https:\/\/www.fcgueugnon.fr\/site\/wp-content\/uploads\/2023\/02\/PARTENAIRE-DU-MATCH-DRIVE-768x432.png 768w, https:\/\/www.fcgueugnon.fr\/site\/wp-content\/uploads\/2023\/02\/PARTENAIRE-DU-MATCH-DRIVE-1536x864.png 1536w, https:\/\/www.fcgueugnon.fr\/site\/wp-content\/uploads\/2023\/02\/PARTENAIRE-DU-MATCH-DRIVE-1320x743.png 1320w, https:\/\/www.fcgueugnon.fr\/site\/wp-content\/uploads\/2023\/02\/PARTENAIRE-DU-MATCH-DRIVE-600x338.png 600w, https:\/\/www.fcgueugnon.fr\/site\/wp-content\/uploads\/2023\/02\/PARTENAIRE-DU-MATCH-DRIVE.png 1920w\" sizes=\"auto, (max-width: 1024px) 100vw, 1024px\" \/><\/a><\/div><div class=\"wp-block-getwid-image-box__content\">\n<h3 class=\"wp-block-heading\"><\/h3>\n\n\n\n<p><\/p>\n<\/div><\/div>\n\n\n\n<div style=\"height:70px\" aria-hidden=\"true\" class=\"wp-block-spacer\"><\/div>\n\n\n\n<hr class=\"wp-block-separator has-text-color has-css-opacity has-background is-style-default\" style=\"background-color:#f7db4a;color:#f7db4a\"\/>\n\n\n\n<h3 class=\"wp-block-heading\">\ud83d\udccd <strong><em>Les infos pratiques<\/em><\/strong><\/h3>\n\n\n\n<h2 class=\"wp-block-heading\">Billetterie<\/h2>\n\n\n\n<div class=\"wp-block-media-text alignwide is-stacked-on-mobile is-vertically-aligned-center is-style-default\" style=\"grid-template-columns:49% auto\"><figure class=\"wp-block-media-text__media\"><img loading=\"lazy\" decoding=\"async\" width=\"1024\" height=\"768\" src=\"https:\/\/www.fcgueugnon.fr\/site\/wp-content\/uploads\/2022\/08\/entree-billetterie-stade-jean-laville-sous-la-tribune-ouest-1024x768.jpg\" alt=\"\" class=\"wp-image-951 size-full\" srcset=\"https:\/\/www.fcgueugnon.fr\/site\/wp-content\/uploads\/2022\/08\/entree-billetterie-stade-jean-laville-sous-la-tribune-ouest-1024x768.jpg 1024w, https:\/\/www.fcgueugnon.fr\/site\/wp-content\/uploads\/2022\/08\/entree-billetterie-stade-jean-laville-sous-la-tribune-ouest-400x300.jpg 400w, https:\/\/www.fcgueugnon.fr\/site\/wp-content\/uploads\/2022\/08\/entree-billetterie-stade-jean-laville-sous-la-tribune-ouest-768x576.jpg 768w, https:\/\/www.fcgueugnon.fr\/site\/wp-content\/uploads\/2022\/08\/entree-billetterie-stade-jean-laville-sous-la-tribune-ouest-1536x1152.jpg 1536w, https:\/\/www.fcgueugnon.fr\/site\/wp-content\/uploads\/2022\/08\/entree-billetterie-stade-jean-laville-sous-la-tribune-ouest-2048x1536.jpg 2048w, https:\/\/www.fcgueugnon.fr\/site\/wp-content\/uploads\/2022\/08\/entree-billetterie-stade-jean-laville-sous-la-tribune-ouest-1320x990.jpg 1320w\" sizes=\"auto, (max-width: 1024px) 100vw, 1024px\" \/><\/figure><div class=\"wp-block-media-text__content\">\n<p><br><em>Rendez-vous sous la<strong> tribune Ouest <\/strong>pour acc\u00e9der au guichet Billetterie puis dans l&rsquo;angle des tribunes Nord et Ouest (c\u00f4t\u00e9 piscine) pour acc\u00e9der au stade.<\/em><\/p>\n<\/div><\/div>\n\n\n\n<div class=\"wp-block-media-text alignwide has-media-on-the-right is-stacked-on-mobile is-vertically-aligned-center is-style-default\" style=\"grid-template-columns:auto 49%\"><div class=\"wp-block-media-text__content\">\n<h2 class=\"wp-block-heading\">Tarifs<\/h2>\n\n\n\n<ul class=\"wp-block-list\">\n<li><strong><span style=\"text-decoration: underline;\">Gratuits <\/span><\/strong>: licenci\u00e9s FC Gueugnon, -16ans (sur pr\u00e9sentation d\u2019un justificatif ou carte)<\/li>\n\n\n\n<li><strong><span style=\"text-decoration: underline;\">Tarif r\u00e9duit<\/span> : 4\u20ac<\/strong> \u2013 \u00c9tudiants, Demandeurs d\u2019emploi (sur pr\u00e9sentation d\u2019un justificatif ou carte)<\/li>\n\n\n\n<li><strong><span style=\"text-decoration: underline;\">Plein-tarif<\/span> : 7\u20ac<\/strong><\/li>\n<\/ul>\n\n\n\n<div style=\"height:10px\" aria-hidden=\"true\" class=\"wp-block-spacer\"><\/div>\n\n\n\n<p><\/p>\n<\/div><figure class=\"wp-block-media-text__media\"><img loading=\"lazy\" decoding=\"async\" width=\"1024\" height=\"768\" src=\"https:\/\/www.fcgueugnon.fr\/site\/wp-content\/uploads\/2022\/07\/billetterie-sous-la-tribune-ouest-d-FCGueugnon-a-Jean-Laville-1024x768.jpg\" alt=\"\" class=\"wp-image-63 size-full\" srcset=\"https:\/\/www.fcgueugnon.fr\/site\/wp-content\/uploads\/2022\/07\/billetterie-sous-la-tribune-ouest-d-FCGueugnon-a-Jean-Laville-1024x768.jpg 1024w, https:\/\/www.fcgueugnon.fr\/site\/wp-content\/uploads\/2022\/07\/billetterie-sous-la-tribune-ouest-d-FCGueugnon-a-Jean-Laville-400x300.jpg 400w, https:\/\/www.fcgueugnon.fr\/site\/wp-content\/uploads\/2022\/07\/billetterie-sous-la-tribune-ouest-d-FCGueugnon-a-Jean-Laville-768x576.jpg 768w, https:\/\/www.fcgueugnon.fr\/site\/wp-content\/uploads\/2022\/07\/billetterie-sous-la-tribune-ouest-d-FCGueugnon-a-Jean-Laville-1536x1152.jpg 1536w, https:\/\/www.fcgueugnon.fr\/site\/wp-content\/uploads\/2022\/07\/billetterie-sous-la-tribune-ouest-d-FCGueugnon-a-Jean-Laville-2048x1536.jpg 2048w\" sizes=\"auto, (max-width: 1024px) 100vw, 1024px\" \/><\/figure><\/div>\n\n\n\n<div class=\"wp-block-media-text alignwide is-stacked-on-mobile is-vertically-aligned-center is-style-default\" style=\"grid-template-columns:49% auto\"><figure class=\"wp-block-media-text__media\"><img loading=\"lazy\" decoding=\"async\" width=\"1024\" height=\"538\" src=\"https:\/\/www.fcgueugnon.fr\/site\/wp-content\/uploads\/2022\/08\/post-facebook-FCG-1024x538.png\" alt=\"\" class=\"wp-image-930 size-full\" srcset=\"https:\/\/www.fcgueugnon.fr\/site\/wp-content\/uploads\/2022\/08\/post-facebook-FCG-1024x538.png 1024w, https:\/\/www.fcgueugnon.fr\/site\/wp-content\/uploads\/2022\/08\/post-facebook-FCG-400x210.png 400w, https:\/\/www.fcgueugnon.fr\/site\/wp-content\/uploads\/2022\/08\/post-facebook-FCG-768x403.png 768w, https:\/\/www.fcgueugnon.fr\/site\/wp-content\/uploads\/2022\/08\/post-facebook-FCG.png 1200w\" sizes=\"auto, (max-width: 1024px) 100vw, 1024px\" \/><\/figure><div class=\"wp-block-media-text__content\">\n<h2 class=\"wp-block-heading\">C&rsquo;est en covoiturant qu&rsquo;on devient Forgeron ! <\/h2>\n\n\n\n<div style=\"height:10px\" aria-hidden=\"true\" class=\"wp-block-spacer\"><\/div>\n\n\n\n<p><strong>Rendez-vous sur l&rsquo;application et le site internet de StadiumGO pour proposer et trouver votre trajet pour vous rendre \u00e0 Gueugnon !<\/strong><\/p>\n\n\n\n<div class=\"wp-block-buttons is-layout-flex wp-block-buttons-is-layout-flex\">\n<div class=\"wp-block-button aligncenter is-style-circular\"><a class=\"wp-block-button__link wp-element-button\" href=\"https:\/\/www.stadiumgo.fr\/liste-matchs?search=1&amp;club=gueugnon&amp;league=\">StadiumGO<\/a><\/div>\n<\/div>\n<\/div><\/div>\n\n\n\n<div style=\"height:10px\" aria-hidden=\"true\" class=\"wp-block-spacer\"><\/div>\n\n\n\n<div style=\"height:25px\" aria-hidden=\"true\" class=\"wp-block-spacer\"><\/div>\n\n\n\n<p>\u2139\ufe0f <em><a href=\"https:\/\/www.fcgueugnon.fr\/site\/infos-pratiques\" target=\"_blank\" rel=\"noreferrer noopener\"><span style=\"text-decoration: underline;\">Acc\u00e8s au stade, buvette, PMR&#8230; Toutes les infos pratiques sur ce lien<\/span><\/a><\/em><\/p>\n\n\n\n<div style=\"height:70px\" aria-hidden=\"true\" class=\"wp-block-spacer\"><\/div>\n\n\n\n<hr class=\"wp-block-separator has-text-color has-css-opacity has-background is-style-default\" style=\"background-color:#f7db4a;color:#f7db4a\"\/>\n\n\n\n<h3 class=\"wp-block-heading\">\u26bd <strong><em>La fiche<\/em><\/strong><\/h3>\n\n\n\n<h4 class=\"wp-block-heading\"><b>NIVEAU NATIONAL : F\u00c9D\u00c9RATION&nbsp;FRAN\u00c7AISE&nbsp;DE FOOTBALL<\/b><br><strong><b>NATIONAL 3 &#8211; J1<\/b>6<\/strong><br>Samedi 25 F\u00e9vrier 2022 &#8211; 18H00<br>FC GUEUGNON \/ DIJON FCO B<\/h4>\n\n\n\n<p><strong>TERRAIN<\/strong><br>Stade Jean Laville<br>Rue Roger Couderc<br>71130 Gueugnon<\/p>\n\n\n\n<p><strong>SURFACE DE JEU<\/strong><br>Pelouse naturelle<\/p>\n\n\n\n<p><strong>OFFICIELS<\/strong><br>Arbitre centre : MICKAEL ROCHE<br>Arbitre assistant 1 : CEDRIC JUNG<br>Arbitre assistant 2 : MOURAD EL IDRISSI<br>D\u00e9l\u00e9gu\u00e9 principal : MESSAOUD BOUTEFFAS<br>Observateur principal : MATHIEU LIEGAULT<\/p>\n\n\n\n<div style=\"height:50px\" aria-hidden=\"true\" class=\"wp-block-spacer\"><\/div>\n\n\n\n<h3 class=\"wp-block-heading\"><strong>Groupe<\/strong><\/h3>\n\n\n\n<figure class=\"wp-block-embed is-type-rich is-provider-twitter wp-block-embed-twitter\"><div class=\"wp-block-embed__wrapper\">\n<blockquote class=\"twitter-tweet\" data-width=\"550\" data-dnt=\"true\"><p lang=\"fr\" dir=\"ltr\">\ud83d\udfe1 \ud835\udde1\ud835\udfef \ud835\udddd\ud835\udfed\ud835\udff2 | \ud835\uddd9\ud835\uddd6 \ud835\uddda\ud835\udde8\ud835\uddd8\ud835\udde8\ud835\uddda\ud835\udde1\ud835\udde2\ud835\udde1 &#8211; \ud835\uddd7\ud835\udddc\ud835\udddd\ud835\udde2\ud835\udde1 \ud835\uddd9\ud835\uddd6\ud835\udde2 \ud835\uddd5 \ud83d\udd35<br><br>\ud83d\udc65 Le groupe pour la J16 de National 3 : Njock &#8211; Lamonge &#8211; Houla &#8211; Ketterle &#8211; Fahrasmane &#8211; Mohamed  &#8211; Chauvet &#8211; Luanda &#8211; Fa Revuelta &#8211; Mustivar &#8211; Gab\u00e9 &#8211; Diallo &#8211; Bouekou &#8211; Dram\u00e9  &#8211; Fr Revuelta &#8211; Rollin &#8211;  Mbock. <a href=\"https:\/\/t.co\/QqVrUTlnNp\">pic.twitter.com\/QqVrUTlnNp<\/a><\/p>&mdash; FC Gueugnon (@FCGueugnon_Off) <a href=\"https:\/\/twitter.com\/FCGueugnon_Off\/status\/1629210902049193989?ref_src=twsrc%5Etfw\">February 24, 2023<\/a><\/blockquote><script async src=\"https:\/\/platform.twitter.com\/widgets.js\" charset=\"utf-8\"><\/script>\n<\/div><\/figure>\n\n\n\n<div style=\"height:50px\" aria-hidden=\"true\" class=\"wp-block-spacer\"><\/div>\n\n\n\n<h3 class=\"wp-block-heading\">\ud83d\uddd3 <strong>La 16e journ\u00e9e de National 3<\/strong><\/h3>\n\n\n\n<p>Samedi 25 F\u00e9vrier <br>14:30 : Sochaux-Montb\u00e9liard B &#8211; FC Grandvillars<br>14:30 : St-Apollinaire &#8211; UF M\u00e2con<br>14:30 : Besan\u00e7on Foot &#8211; Jura Dolois Foot<br>17:00 : CA Pontarlier &#8211; FC Montceau<br>17:00 : Morteau-Montlebon &#8211; Is-Selongey<br>18:00 : AS Quetigny &#8211; USC Cosne<br>18:00 : FC Gueugnon &#8211; Dijon FCO B<br><\/p>\n\n\n\n<div style=\"height:100px\" aria-hidden=\"true\" class=\"wp-block-spacer\"><\/div>\n","protected":false},"excerpt":{"rendered":"<p>Face \u00e0 une r\u00e9serve professionnelle rarement ferm\u00e9e au jeu, les forgerons devront mettre tous les ingr\u00e9dients pour prendre les 3 points ! \ud83c\udd9a L&rsquo;adversaire Alors que l&rsquo;entraineur Christophe Point nous rappelle l&rsquo;importance et le r\u00f4le de son \u00e9quipe r\u00e9serve au sein du club c\u00f4te-d&rsquo;orien, \u00e0 savoir de former les jeunes au monde pro et de &#8230; <\/p>\n<p class=\"read-more-container\"><a title=\"[N3 J16 : FC Gueugnon \u2013 Dijon FCO B] Un chouette match qui s&rsquo;annonce ?\" class=\"read-more button\" href=\"https:\/\/www.fcgueugnon.fr\/site\/n3-j16-fc-gueugnon-dijon-fco-b-un-chouette-match-qui-sannonce\/3406#more-3406\" aria-label=\"Plus sur [N3 J16 : FC Gueugnon \u2013 Dijon FCO B] Un chouette match qui s&rsquo;annonce ?\">Lire la suite<\/a><\/p>\n","protected":false},"author":1,"featured_media":3427,"comment_status":"closed","ping_status":"closed","sticky":false,"template":"","format":"standard","meta":{"footnotes":""},"categories":[5,4],"tags":[28],"class_list":["post-3406","post","type-post","status-publish","format-standard","has-post-thumbnail","hentry","category-news-2022-2023","category-news","tag-avant-match","infinite-scroll-item","generate-columns","tablet-grid-50","mobile-grid-100","grid-parent","grid-25","resize-featured-image"],"yoast_head":"<!-- This site is optimized with the Yoast SEO plugin v26.6 - https:\/\/yoast.com\/wordpress\/plugins\/seo\/ -->\n<title>[N3 J16 : FC Gueugnon \u2013 Dijon FCO B] Un chouette match qui s&#039;annonce ? &#8226; FOOTBALL CLUB GUEUGNON<\/title>\n<meta name=\"robots\" content=\"index, follow, max-snippet:-1, max-image-preview:large, max-video-preview:-1\" \/>\n<link rel=\"canonical\" href=\"https:\/\/www.fcgueugnon.fr\/site\/n3-j16-fc-gueugnon-dijon-fco-b-un-chouette-match-qui-sannonce\/3406\" \/>\n<meta property=\"og:locale\" content=\"fr_FR\" \/>\n<meta property=\"og:type\" content=\"article\" \/>\n<meta property=\"og:title\" content=\"[N3 J16 : FC Gueugnon \u2013 Dijon FCO B] Un chouette match qui s&#039;annonce ? &#8226; FOOTBALL CLUB GUEUGNON\" \/>\n<meta property=\"og:description\" content=\"Face \u00e0 une r\u00e9serve professionnelle rarement ferm\u00e9e au jeu, les forgerons devront mettre tous les ingr\u00e9dients pour prendre les 3 points ! \ud83c\udd9a L&rsquo;adversaire Alors que l&rsquo;entraineur Christophe Point nous rappelle l&rsquo;importance et le r\u00f4le de son \u00e9quipe r\u00e9serve au sein du club c\u00f4te-d&rsquo;orien, \u00e0 savoir de former les jeunes au monde pro et de ... Lire la suite\" \/>\n<meta property=\"og:url\" content=\"https:\/\/www.fcgueugnon.fr\/site\/n3-j16-fc-gueugnon-dijon-fco-b-un-chouette-match-qui-sannonce\/3406\" \/>\n<meta property=\"og:site_name\" content=\"FOOTBALL CLUB GUEUGNON\" \/>\n<meta property=\"article:publisher\" content=\"http:\/\/facebook.com\/FCGueugnon\" \/>\n<meta property=\"article:published_time\" content=\"2023-02-24T07:44:01+00:00\" \/>\n<meta property=\"article:modified_time\" content=\"2024-02-21T20:44:38+00:00\" \/>\n<meta property=\"og:image\" content=\"https:\/\/www.fcgueugnon.fr\/site\/wp-content\/uploads\/2023\/02\/fc-gueugnon-dijon-DFCO-avant-match-1024x576.png\" \/>\n\t<meta property=\"og:image:width\" content=\"1024\" \/>\n\t<meta property=\"og:image:height\" content=\"576\" \/>\n\t<meta property=\"og:image:type\" content=\"image\/png\" \/>\n<meta name=\"author\" content=\"FC Gueugnon\" \/>\n<meta name=\"twitter:card\" content=\"summary_large_image\" \/>\n<meta name=\"twitter:creator\" content=\"@FCGueugnon_off\" \/>\n<meta name=\"twitter:site\" content=\"@FCGueugnon_off\" \/>\n<meta name=\"twitter:label1\" content=\"\u00c9crit par\" \/>\n\t<meta name=\"twitter:data1\" content=\"FC Gueugnon\" \/>\n\t<meta name=\"twitter:label2\" content=\"Dur\u00e9e de lecture estim\u00e9e\" \/>\n\t<meta name=\"twitter:data2\" content=\"5 minutes\" \/>\n<script type=\"application\/ld+json\" class=\"yoast-schema-graph\">{\"@context\":\"https:\/\/schema.org\",\"@graph\":[{\"@type\":\"Article\",\"@id\":\"https:\/\/www.fcgueugnon.fr\/site\/n3-j16-fc-gueugnon-dijon-fco-b-un-chouette-match-qui-sannonce\/3406#article\",\"isPartOf\":{\"@id\":\"https:\/\/www.fcgueugnon.fr\/site\/n3-j16-fc-gueugnon-dijon-fco-b-un-chouette-match-qui-sannonce\/3406\"},\"author\":{\"name\":\"FC Gueugnon\",\"@id\":\"https:\/\/www.fcgueugnon.fr\/site\/#\/schema\/person\/f6444fbdd35fa731ee974c03508738fb\"},\"headline\":\"[N3 J16 : FC Gueugnon \u2013 Dijon FCO B] Un chouette match qui s&rsquo;annonce ?\",\"datePublished\":\"2023-02-24T07:44:01+00:00\",\"dateModified\":\"2024-02-21T20:44:38+00:00\",\"mainEntityOfPage\":{\"@id\":\"https:\/\/www.fcgueugnon.fr\/site\/n3-j16-fc-gueugnon-dijon-fco-b-un-chouette-match-qui-sannonce\/3406\"},\"wordCount\":806,\"publisher\":{\"@id\":\"https:\/\/www.fcgueugnon.fr\/site\/#organization\"},\"image\":{\"@id\":\"https:\/\/www.fcgueugnon.fr\/site\/n3-j16-fc-gueugnon-dijon-fco-b-un-chouette-match-qui-sannonce\/3406#primaryimage\"},\"thumbnailUrl\":\"https:\/\/www.fcgueugnon.fr\/site\/wp-content\/uploads\/2023\/02\/fc-gueugnon-dijon-DFCO-avant-match.png\",\"keywords\":[\"Avant-match\"],\"articleSection\":[\"Archives 2022\/2023\",\"News\"],\"inLanguage\":\"fr-FR\"},{\"@type\":\"WebPage\",\"@id\":\"https:\/\/www.fcgueugnon.fr\/site\/n3-j16-fc-gueugnon-dijon-fco-b-un-chouette-match-qui-sannonce\/3406\",\"url\":\"https:\/\/www.fcgueugnon.fr\/site\/n3-j16-fc-gueugnon-dijon-fco-b-un-chouette-match-qui-sannonce\/3406\",\"name\":\"[N3 J16 : FC Gueugnon \u2013 Dijon FCO B] Un chouette match qui s'annonce ? &#8226; FOOTBALL CLUB GUEUGNON\",\"isPartOf\":{\"@id\":\"https:\/\/www.fcgueugnon.fr\/site\/#website\"},\"primaryImageOfPage\":{\"@id\":\"https:\/\/www.fcgueugnon.fr\/site\/n3-j16-fc-gueugnon-dijon-fco-b-un-chouette-match-qui-sannonce\/3406#primaryimage\"},\"image\":{\"@id\":\"https:\/\/www.fcgueugnon.fr\/site\/n3-j16-fc-gueugnon-dijon-fco-b-un-chouette-match-qui-sannonce\/3406#primaryimage\"},\"thumbnailUrl\":\"https:\/\/www.fcgueugnon.fr\/site\/wp-content\/uploads\/2023\/02\/fc-gueugnon-dijon-DFCO-avant-match.png\",\"datePublished\":\"2023-02-24T07:44:01+00:00\",\"dateModified\":\"2024-02-21T20:44:38+00:00\",\"breadcrumb\":{\"@id\":\"https:\/\/www.fcgueugnon.fr\/site\/n3-j16-fc-gueugnon-dijon-fco-b-un-chouette-match-qui-sannonce\/3406#breadcrumb\"},\"inLanguage\":\"fr-FR\",\"potentialAction\":[{\"@type\":\"ReadAction\",\"target\":[\"https:\/\/www.fcgueugnon.fr\/site\/n3-j16-fc-gueugnon-dijon-fco-b-un-chouette-match-qui-sannonce\/3406\"]}]},{\"@type\":\"ImageObject\",\"inLanguage\":\"fr-FR\",\"@id\":\"https:\/\/www.fcgueugnon.fr\/site\/n3-j16-fc-gueugnon-dijon-fco-b-un-chouette-match-qui-sannonce\/3406#primaryimage\",\"url\":\"https:\/\/www.fcgueugnon.fr\/site\/wp-content\/uploads\/2023\/02\/fc-gueugnon-dijon-DFCO-avant-match.png\",\"contentUrl\":\"https:\/\/www.fcgueugnon.fr\/site\/wp-content\/uploads\/2023\/02\/fc-gueugnon-dijon-DFCO-avant-match.png\",\"width\":1920,\"height\":1080},{\"@type\":\"BreadcrumbList\",\"@id\":\"https:\/\/www.fcgueugnon.fr\/site\/n3-j16-fc-gueugnon-dijon-fco-b-un-chouette-match-qui-sannonce\/3406#breadcrumb\",\"itemListElement\":[{\"@type\":\"ListItem\",\"position\":1,\"name\":\"Accueil\",\"item\":\"https:\/\/www.fcgueugnon.fr\/site\/\"},{\"@type\":\"ListItem\",\"position\":2,\"name\":\"[N3 J16 : FC Gueugnon \u2013 Dijon FCO B] Un chouette match qui s&#8217;annonce ?\"}]},{\"@type\":\"WebSite\",\"@id\":\"https:\/\/www.fcgueugnon.fr\/site\/#website\",\"url\":\"https:\/\/www.fcgueugnon.fr\/site\/\",\"name\":\"FOOTBALL CLUB GUEUGNON\",\"description\":\"Le Site Officiel des Forgerons\",\"publisher\":{\"@id\":\"https:\/\/www.fcgueugnon.fr\/site\/#organization\"},\"potentialAction\":[{\"@type\":\"SearchAction\",\"target\":{\"@type\":\"EntryPoint\",\"urlTemplate\":\"https:\/\/www.fcgueugnon.fr\/site\/?s={search_term_string}\"},\"query-input\":{\"@type\":\"PropertyValueSpecification\",\"valueRequired\":true,\"valueName\":\"search_term_string\"}}],\"inLanguage\":\"fr-FR\"},{\"@type\":\"Organization\",\"@id\":\"https:\/\/www.fcgueugnon.fr\/site\/#organization\",\"name\":\"FC Gueugnon\",\"url\":\"https:\/\/www.fcgueugnon.fr\/site\/\",\"logo\":{\"@type\":\"ImageObject\",\"inLanguage\":\"fr-FR\",\"@id\":\"https:\/\/www.fcgueugnon.fr\/site\/#\/schema\/logo\/image\/\",\"url\":\"https:\/\/www.fcgueugnon.fr\/site\/wp-content\/uploads\/2022\/07\/cropped-Logo-FCGUEUGNON-low-350x350-1.png\",\"contentUrl\":\"https:\/\/www.fcgueugnon.fr\/site\/wp-content\/uploads\/2022\/07\/cropped-Logo-FCGUEUGNON-low-350x350-1.png\",\"width\":350,\"height\":350,\"caption\":\"FC Gueugnon\"},\"image\":{\"@id\":\"https:\/\/www.fcgueugnon.fr\/site\/#\/schema\/logo\/image\/\"},\"sameAs\":[\"http:\/\/facebook.com\/FCGueugnon\",\"https:\/\/x.com\/FCGueugnon_off\",\"https:\/\/www.instagram.com\/fcgueugnon\/\",\"https:\/\/www.linkedin.com\/company\/football-club-de-gueugnon\/\",\"https:\/\/www.youtube.com\/user\/FCGueugnonnais\",\"https:\/\/fr.wikipedia.org\/wiki\/Football_Club_de_Gueugnon\"]},{\"@type\":\"Person\",\"@id\":\"https:\/\/www.fcgueugnon.fr\/site\/#\/schema\/person\/f6444fbdd35fa731ee974c03508738fb\",\"name\":\"FC Gueugnon\",\"sameAs\":[\"https:\/\/www.fcgueugnon.fr\/site\"],\"url\":\"https:\/\/www.fcgueugnon.fr\/site\/author\/admin-antho\"}]}<\/script>\n<!-- \/ Yoast SEO plugin. -->","yoast_head_json":{"title":"[N3 J16 : FC Gueugnon \u2013 Dijon FCO B] Un chouette match qui s'annonce ? &#8226; FOOTBALL CLUB GUEUGNON","robots":{"index":"index","follow":"follow","max-snippet":"max-snippet:-1","max-image-preview":"max-image-preview:large","max-video-preview":"max-video-preview:-1"},"canonical":"https:\/\/www.fcgueugnon.fr\/site\/n3-j16-fc-gueugnon-dijon-fco-b-un-chouette-match-qui-sannonce\/3406","og_locale":"fr_FR","og_type":"article","og_title":"[N3 J16 : FC Gueugnon \u2013 Dijon FCO B] Un chouette match qui s'annonce ? &#8226; FOOTBALL CLUB GUEUGNON","og_description":"Face \u00e0 une r\u00e9serve professionnelle rarement ferm\u00e9e au jeu, les forgerons devront mettre tous les ingr\u00e9dients pour prendre les 3 points ! \ud83c\udd9a L&rsquo;adversaire Alors que l&rsquo;entraineur Christophe Point nous rappelle l&rsquo;importance et le r\u00f4le de son \u00e9quipe r\u00e9serve au sein du club c\u00f4te-d&rsquo;orien, \u00e0 savoir de former les jeunes au monde pro et de ... Lire la suite","og_url":"https:\/\/www.fcgueugnon.fr\/site\/n3-j16-fc-gueugnon-dijon-fco-b-un-chouette-match-qui-sannonce\/3406","og_site_name":"FOOTBALL CLUB GUEUGNON","article_publisher":"http:\/\/facebook.com\/FCGueugnon","article_published_time":"2023-02-24T07:44:01+00:00","article_modified_time":"2024-02-21T20:44:38+00:00","og_image":[{"width":1024,"height":576,"url":"https:\/\/www.fcgueugnon.fr\/site\/wp-content\/uploads\/2023\/02\/fc-gueugnon-dijon-DFCO-avant-match-1024x576.png","type":"image\/png"}],"author":"FC Gueugnon","twitter_card":"summary_large_image","twitter_creator":"@FCGueugnon_off","twitter_site":"@FCGueugnon_off","twitter_misc":{"\u00c9crit par":"FC Gueugnon","Dur\u00e9e de lecture estim\u00e9e":"5 minutes"},"schema":{"@context":"https:\/\/schema.org","@graph":[{"@type":"Article","@id":"https:\/\/www.fcgueugnon.fr\/site\/n3-j16-fc-gueugnon-dijon-fco-b-un-chouette-match-qui-sannonce\/3406#article","isPartOf":{"@id":"https:\/\/www.fcgueugnon.fr\/site\/n3-j16-fc-gueugnon-dijon-fco-b-un-chouette-match-qui-sannonce\/3406"},"author":{"name":"FC Gueugnon","@id":"https:\/\/www.fcgueugnon.fr\/site\/#\/schema\/person\/f6444fbdd35fa731ee974c03508738fb"},"headline":"[N3 J16 : FC Gueugnon \u2013 Dijon FCO B] Un chouette match qui s&rsquo;annonce ?","datePublished":"2023-02-24T07:44:01+00:00","dateModified":"2024-02-21T20:44:38+00:00","mainEntityOfPage":{"@id":"https:\/\/www.fcgueugnon.fr\/site\/n3-j16-fc-gueugnon-dijon-fco-b-un-chouette-match-qui-sannonce\/3406"},"wordCount":806,"publisher":{"@id":"https:\/\/www.fcgueugnon.fr\/site\/#organization"},"image":{"@id":"https:\/\/www.fcgueugnon.fr\/site\/n3-j16-fc-gueugnon-dijon-fco-b-un-chouette-match-qui-sannonce\/3406#primaryimage"},"thumbnailUrl":"https:\/\/www.fcgueugnon.fr\/site\/wp-content\/uploads\/2023\/02\/fc-gueugnon-dijon-DFCO-avant-match.png","keywords":["Avant-match"],"articleSection":["Archives 2022\/2023","News"],"inLanguage":"fr-FR"},{"@type":"WebPage","@id":"https:\/\/www.fcgueugnon.fr\/site\/n3-j16-fc-gueugnon-dijon-fco-b-un-chouette-match-qui-sannonce\/3406","url":"https:\/\/www.fcgueugnon.fr\/site\/n3-j16-fc-gueugnon-dijon-fco-b-un-chouette-match-qui-sannonce\/3406","name":"[N3 J16 : FC Gueugnon \u2013 Dijon FCO B] Un chouette match qui s'annonce ? &#8226; FOOTBALL CLUB GUEUGNON","isPartOf":{"@id":"https:\/\/www.fcgueugnon.fr\/site\/#website"},"primaryImageOfPage":{"@id":"https:\/\/www.fcgueugnon.fr\/site\/n3-j16-fc-gueugnon-dijon-fco-b-un-chouette-match-qui-sannonce\/3406#primaryimage"},"image":{"@id":"https:\/\/www.fcgueugnon.fr\/site\/n3-j16-fc-gueugnon-dijon-fco-b-un-chouette-match-qui-sannonce\/3406#primaryimage"},"thumbnailUrl":"https:\/\/www.fcgueugnon.fr\/site\/wp-content\/uploads\/2023\/02\/fc-gueugnon-dijon-DFCO-avant-match.png","datePublished":"2023-02-24T07:44:01+00:00","dateModified":"2024-02-21T20:44:38+00:00","breadcrumb":{"@id":"https:\/\/www.fcgueugnon.fr\/site\/n3-j16-fc-gueugnon-dijon-fco-b-un-chouette-match-qui-sannonce\/3406#breadcrumb"},"inLanguage":"fr-FR","potentialAction":[{"@type":"ReadAction","target":["https:\/\/www.fcgueugnon.fr\/site\/n3-j16-fc-gueugnon-dijon-fco-b-un-chouette-match-qui-sannonce\/3406"]}]},{"@type":"ImageObject","inLanguage":"fr-FR","@id":"https:\/\/www.fcgueugnon.fr\/site\/n3-j16-fc-gueugnon-dijon-fco-b-un-chouette-match-qui-sannonce\/3406#primaryimage","url":"https:\/\/www.fcgueugnon.fr\/site\/wp-content\/uploads\/2023\/02\/fc-gueugnon-dijon-DFCO-avant-match.png","contentUrl":"https:\/\/www.fcgueugnon.fr\/site\/wp-content\/uploads\/2023\/02\/fc-gueugnon-dijon-DFCO-avant-match.png","width":1920,"height":1080},{"@type":"BreadcrumbList","@id":"https:\/\/www.fcgueugnon.fr\/site\/n3-j16-fc-gueugnon-dijon-fco-b-un-chouette-match-qui-sannonce\/3406#breadcrumb","itemListElement":[{"@type":"ListItem","position":1,"name":"Accueil","item":"https:\/\/www.fcgueugnon.fr\/site\/"},{"@type":"ListItem","position":2,"name":"[N3 J16 : FC Gueugnon \u2013 Dijon FCO B] Un chouette match qui s&#8217;annonce ?"}]},{"@type":"WebSite","@id":"https:\/\/www.fcgueugnon.fr\/site\/#website","url":"https:\/\/www.fcgueugnon.fr\/site\/","name":"FOOTBALL CLUB GUEUGNON","description":"Le Site Officiel des Forgerons","publisher":{"@id":"https:\/\/www.fcgueugnon.fr\/site\/#organization"},"potentialAction":[{"@type":"SearchAction","target":{"@type":"EntryPoint","urlTemplate":"https:\/\/www.fcgueugnon.fr\/site\/?s={search_term_string}"},"query-input":{"@type":"PropertyValueSpecification","valueRequired":true,"valueName":"search_term_string"}}],"inLanguage":"fr-FR"},{"@type":"Organization","@id":"https:\/\/www.fcgueugnon.fr\/site\/#organization","name":"FC Gueugnon","url":"https:\/\/www.fcgueugnon.fr\/site\/","logo":{"@type":"ImageObject","inLanguage":"fr-FR","@id":"https:\/\/www.fcgueugnon.fr\/site\/#\/schema\/logo\/image\/","url":"https:\/\/www.fcgueugnon.fr\/site\/wp-content\/uploads\/2022\/07\/cropped-Logo-FCGUEUGNON-low-350x350-1.png","contentUrl":"https:\/\/www.fcgueugnon.fr\/site\/wp-content\/uploads\/2022\/07\/cropped-Logo-FCGUEUGNON-low-350x350-1.png","width":350,"height":350,"caption":"FC Gueugnon"},"image":{"@id":"https:\/\/www.fcgueugnon.fr\/site\/#\/schema\/logo\/image\/"},"sameAs":["http:\/\/facebook.com\/FCGueugnon","https:\/\/x.com\/FCGueugnon_off","https:\/\/www.instagram.com\/fcgueugnon\/","https:\/\/www.linkedin.com\/company\/football-club-de-gueugnon\/","https:\/\/www.youtube.com\/user\/FCGueugnonnais","https:\/\/fr.wikipedia.org\/wiki\/Football_Club_de_Gueugnon"]},{"@type":"Person","@id":"https:\/\/www.fcgueugnon.fr\/site\/#\/schema\/person\/f6444fbdd35fa731ee974c03508738fb","name":"FC Gueugnon","sameAs":["https:\/\/www.fcgueugnon.fr\/site"],"url":"https:\/\/www.fcgueugnon.fr\/site\/author\/admin-antho"}]}},"rttpg_featured_image_url":{"full":["https:\/\/www.fcgueugnon.fr\/site\/wp-content\/uploads\/2023\/02\/fc-gueugnon-dijon-DFCO-avant-match.png",1920,1080,false],"landscape":["https:\/\/www.fcgueugnon.fr\/site\/wp-content\/uploads\/2023\/02\/fc-gueugnon-dijon-DFCO-avant-match.png",1920,1080,false],"portraits":["https:\/\/www.fcgueugnon.fr\/site\/wp-content\/uploads\/2023\/02\/fc-gueugnon-dijon-DFCO-avant-match.png",1920,1080,false],"thumbnail":["https:\/\/www.fcgueugnon.fr\/site\/wp-content\/uploads\/2023\/02\/fc-gueugnon-dijon-DFCO-avant-match-150x150.png",150,150,true],"medium":["https:\/\/www.fcgueugnon.fr\/site\/wp-content\/uploads\/2023\/02\/fc-gueugnon-dijon-DFCO-avant-match-400x225.png",400,225,true],"large":["https:\/\/www.fcgueugnon.fr\/site\/wp-content\/uploads\/2023\/02\/fc-gueugnon-dijon-DFCO-avant-match-1024x576.png",1024,576,true],"1536x1536":["https:\/\/www.fcgueugnon.fr\/site\/wp-content\/uploads\/2023\/02\/fc-gueugnon-dijon-DFCO-avant-match-1536x864.png",1536,864,true],"2048x2048":["https:\/\/www.fcgueugnon.fr\/site\/wp-content\/uploads\/2023\/02\/fc-gueugnon-dijon-DFCO-avant-match.png",1920,1080,false]},"rttpg_author":{"display_name":"FC Gueugnon","author_link":"https:\/\/www.fcgueugnon.fr\/site\/author\/admin-antho"},"rttpg_comment":0,"rttpg_category":"<a href=\"https:\/\/www.fcgueugnon.fr\/site\/category\/news\/news-2022-2023\" rel=\"category tag\">Archives 2022\/2023<\/a> <a href=\"https:\/\/www.fcgueugnon.fr\/site\/category\/news\" rel=\"category tag\">News<\/a>","rttpg_excerpt":"Face \u00e0 une r\u00e9serve professionnelle rarement ferm\u00e9e au jeu, les forgerons devront mettre tous les ingr\u00e9dients pour prendre les 3 points ! \ud83c\udd9a L&rsquo;adversaire Alors que l&rsquo;entraineur Christophe Point nous rappelle l&rsquo;importance et le r\u00f4le de son \u00e9quipe r\u00e9serve au sein du club c\u00f4te-d&rsquo;orien, \u00e0 savoir de former les jeunes au monde pro et de\u2026","_links":{"self":[{"href":"https:\/\/www.fcgueugnon.fr\/site\/wp-json\/wp\/v2\/posts\/3406","targetHints":{"allow":["GET"]}}],"collection":[{"href":"https:\/\/www.fcgueugnon.fr\/site\/wp-json\/wp\/v2\/posts"}],"about":[{"href":"https:\/\/www.fcgueugnon.fr\/site\/wp-json\/wp\/v2\/types\/post"}],"author":[{"embeddable":true,"href":"https:\/\/www.fcgueugnon.fr\/site\/wp-json\/wp\/v2\/users\/1"}],"replies":[{"embeddable":true,"href":"https:\/\/www.fcgueugnon.fr\/site\/wp-json\/wp\/v2\/comments?post=3406"}],"version-history":[{"count":5,"href":"https:\/\/www.fcgueugnon.fr\/site\/wp-json\/wp\/v2\/posts\/3406\/revisions"}],"predecessor-version":[{"id":3466,"href":"https:\/\/www.fcgueugnon.fr\/site\/wp-json\/wp\/v2\/posts\/3406\/revisions\/3466"}],"wp:featuredmedia":[{"embeddable":true,"href":"https:\/\/www.fcgueugnon.fr\/site\/wp-json\/wp\/v2\/media\/3427"}],"wp:attachment":[{"href":"https:\/\/www.fcgueugnon.fr\/site\/wp-json\/wp\/v2\/media?parent=3406"}],"wp:term":[{"taxonomy":"category","embeddable":true,"href":"https:\/\/www.fcgueugnon.fr\/site\/wp-json\/wp\/v2\/categories?post=3406"},{"taxonomy":"post_tag","embeddable":true,"href":"https:\/\/www.fcgueugnon.fr\/site\/wp-json\/wp\/v2\/tags?post=3406"}],"curies":[{"name":"wp","href":"https:\/\/api.w.org\/{rel}","templated":true}]}}