{"id":3348,"date":"2023-02-17T09:00:00","date_gmt":"2023-02-17T08:00:00","guid":{"rendered":"https:\/\/www.fcgueugnon.fr\/site\/?p=3348"},"modified":"2024-02-21T21:44:39","modified_gmt":"2024-02-21T20:44:39","slug":"cbfc-32e-fauverney-rouvres-breteniere-fc-gueugnon-entree-en-lice-des-forgerons-en-coupe-regionale","status":"publish","type":"post","link":"https:\/\/www.fcgueugnon.fr\/site\/cbfc-32e-fauverney-rouvres-breteniere-fc-gueugnon-entree-en-lice-des-forgerons-en-coupe-regionale\/3348","title":{"rendered":"[CBFC 32e : Fauverney-Rouvres-Breteni\u00e8re \u2013 FC Gueugnon] Entr\u00e9e en lice des forgerons en coupe r\u00e9gionale"},"content":{"rendered":"\n<h2 class=\"wp-block-heading\">A la lutte en championnat, les forgerons ont rendez-vous dans un 32e de Coupe Bourgogne Franche-Comt\u00e9 in\u00e9dit ! <\/h2>\n\n\n\n<div style=\"height:70px\" aria-hidden=\"true\" class=\"wp-block-spacer\"><\/div>\n\n\n\n<div class=\"wp-block-getwid-image-box getwid-animation has-text-center has-mobile-layout-default has-mobile-alignment-default\" data-animation=\"zoomSmall\"><div class=\"wp-block-getwid-image-box__image-container is-position-top\"><div class=\"wp-block-getwid-image-box__image-wrapper\"><img loading=\"lazy\" decoding=\"async\" width=\"1024\" height=\"682\" src=\"https:\/\/www.fcgueugnon.fr\/site\/wp-content\/uploads\/2023\/02\/FC-gueugnon-1-1-FC-Montceau-Bourgogne-4-1024x682.png\" alt=\"\" class=\"wp-block-getwid-image-box__image wp-image-3075\" srcset=\"https:\/\/www.fcgueugnon.fr\/site\/wp-content\/uploads\/2023\/02\/FC-gueugnon-1-1-FC-Montceau-Bourgogne-4-1024x682.png 1024w, https:\/\/www.fcgueugnon.fr\/site\/wp-content\/uploads\/2023\/02\/FC-gueugnon-1-1-FC-Montceau-Bourgogne-4-400x267.png 400w, https:\/\/www.fcgueugnon.fr\/site\/wp-content\/uploads\/2023\/02\/FC-gueugnon-1-1-FC-Montceau-Bourgogne-4-768x512.png 768w, https:\/\/www.fcgueugnon.fr\/site\/wp-content\/uploads\/2023\/02\/FC-gueugnon-1-1-FC-Montceau-Bourgogne-4-1536x1024.png 1536w, https:\/\/www.fcgueugnon.fr\/site\/wp-content\/uploads\/2023\/02\/FC-gueugnon-1-1-FC-Montceau-Bourgogne-4-1320x880.png 1320w, https:\/\/www.fcgueugnon.fr\/site\/wp-content\/uploads\/2023\/02\/FC-gueugnon-1-1-FC-Montceau-Bourgogne-4-600x400.png 600w, https:\/\/www.fcgueugnon.fr\/site\/wp-content\/uploads\/2023\/02\/FC-gueugnon-1-1-FC-Montceau-Bourgogne-4.png 1772w\" sizes=\"auto, (max-width: 1024px) 100vw, 1024px\" \/><\/div><\/div><div class=\"wp-block-getwid-image-box__content\">\n<h3 class=\"wp-block-heading\"><\/h3>\n\n\n\n<p><\/p>\n<\/div><\/div>\n\n\n\n<div style=\"height:70px\" aria-hidden=\"true\" class=\"wp-block-spacer\"><\/div>\n\n\n\n<h3 class=\"wp-block-heading\">\ud83c\udd9a <em><strong>L&rsquo;adversaire <\/strong><\/em><\/h3>\n\n\n\n<p>N\u00e9e en 1974, l&rsquo;entente <strong>Fauvernay-Rouvres-Breteni\u00e8re <\/strong>comptent d\u00e9sormais 200 licenci\u00e9s et vient d\u2019acc\u00e9der \u00e0 la <strong>R\u00e9gional 1 Herbelin<\/strong> ! Une mont\u00e9e et des ambitions judicieuses pour le coach c\u00f4te-d&rsquo;orien <strong>Eric Fournier<\/strong> : \u00ab&nbsp;<em>En tant que promu dans cette poule qui s&rsquo;annonce relev\u00e9e, le maintien est bien s\u00fbr notre objectif principal.&nbsp;Nous aurons \u00e0 c\u0153ur toutefois de bien figurer.&nbsp;\u00bb. <\/em><\/p>\n\n\n\n<p>Et la saison a bien commenc\u00e9 pour \u00ab <em>los blancos<\/em> \u00bb avec un 3-0 contre le <strong>FC Chalon <\/strong>suivi un 2-0 \u00e0 <strong>Saint Vit<\/strong> et un nul contre la r\u00e9serve de <strong>Louhans-Cuiseaux<\/strong>. Apr\u00e8s la tr\u00eave et un 0-2 \u00e0 <strong>Bresse Jura Foot<\/strong>, l&rsquo;<strong>EFRB<\/strong> pointent \u00e0 une int\u00e9ressante 4e place au classement avec 17 points (5V \/ 2N \/ 4D).<\/p>\n\n\n\n<p>Une \u00e9quipe qui sera difficile \u00e0 jouer dans son stade du temple avec ses artificiers et meilleurs buteurs du groupe&nbsp;: <strong>Lo\u00efc Lamouret <\/strong>(8 buts) et <strong>Jordi Clerqui <\/strong>(6 buts) qui comptabilisent 14 des 22 buts de la 3eme meilleure attaque du groupe (<a href=\"https:\/\/lbfc.fff.fr\/competitions?tab=ranking&amp;id=394427&amp;phase=1&amp;poule=2&amp;type=ch\" target=\"_blank\" rel=\"noreferrer noopener\">voir le classement<\/a>).<\/p>\n\n\n\n<p>Un adversaire in\u00e9dit qui n&rsquo;aura rien \u00e0 perdre dans ce match de coupe ! <\/p>\n\n\n\n<p>Site internet du Entente Sportive Fauverney Rouvres Breteni\u00e8re  : <a href=\"https:\/\/esfrb.footeo.com\/\" target=\"_blank\" rel=\"noreferrer noopener\">esfrb.footeo.com<\/a><\/p>\n\n\n\n<div style=\"height:70px\" aria-hidden=\"true\" class=\"wp-block-spacer\"><\/div>\n\n\n\n<h3 class=\"wp-block-heading\">\ud83d\udce3 <em><strong>La d\u00e9cla&rsquo;<\/strong><\/em><\/h3>\n\n\n\n<blockquote class=\"wp-block-quote is-style-default is-layout-flow wp-block-quote-is-layout-flow\">\n<p>\u00ab <em>J\u2019ai entendu parl\u00e9 de cette \u00e9quipe qui a de bons attaquants et qui fait une tr\u00e8s bonne partie de saison, il faudra se m\u00e9fier. <\/em>&nbsp;\u00bb<\/p>\n<cite><strong><em>Philippe CORREIA (entraineur)<\/em><\/strong><\/cite><\/blockquote>\n\n\n\n<div style=\"height:70px\" aria-hidden=\"true\" class=\"wp-block-spacer\"><\/div>\n\n\n\n<h3 class=\"wp-block-heading\">\ud83d\udfe1\ud83d\udd35 <em><strong>Le FC Gueugnon<\/strong><\/em><\/h3>\n\n\n\n<p>Gueugnon ne perd plus \u00e0 l\u2019ext\u00e9rieur ! Que ce soit contre l\u2019<strong>UF M\u00e2con<\/strong> ou \u00e0 <strong>Grandvillars <\/strong>(<a href=\"https:\/\/www.fcgueugnon.fr\/site\/tag\/resultat\" target=\"_blank\" rel=\"noreferrer noopener\">voir apr\u00e8s-match<\/a>). <\/p>\n\n\n\n<p>Ce dernier match dans le territoire de Belfort s&rsquo;est achev\u00e9 sur un 2-2&#8230; Avec une d\u00e9fense in\u00e9dite due aux absences conjugu\u00e9es de <strong>Jeremy Farashmane<\/strong>, <strong>Charles Houla<\/strong>, <strong>Hugo Keterl\u00e9 <\/strong>ou encore <strong>Basile Delclaux<\/strong>, les forgerons ont plut\u00f4t bien rempli leurs t\u00e2ches notamment gr\u00e2ce au retour du \u00ab <em>cousin <\/em>\u00bb <strong>Fabrice Revuelta <\/strong>dans l\u2019axe et d&rsquo;un <strong>Jason Luanda <\/strong>en lat\u00e9ral. Men\u00e9 2 fois au score, le FCG obtient le point du nul gr\u00e2ce \u00e0 des r\u00e9alisations de <strong>Mouhamed Diallo <\/strong>puis <strong>Jason Luanda<\/strong>.<\/p>\n\n\n\n<p>La s\u00e9rie d&rsquo;invincibilit\u00e9 se poursuit pour les forgerons depuis le d\u00e9but de cette ann\u00e9e. Avant la prochaine journ\u00e9e de N3 qui verra la r\u00e9ception de la r\u00e9serve du <strong>DFCO <\/strong>\u00e0 Jean Laville, place \u00e0 cette entr\u00e9e en lice en 32e de coupe r\u00e9gionale Bourgogne Franche-Comt\u00e9.<\/p>\n\n\n\n<p>Une comp\u00e9tition qui laisse \u00e0 dire au coach <strong>Philippe Correia<\/strong> que : \u00ab c<em><em>ette coupe est une comp\u00e9tition officielle et on va pr\u00e9parer cette rencontre avec s\u00e9rieux et envie<\/em><\/em> \u00bb mais \u00e9galement de profiter de l&rsquo;occasion \u00ab <em>cela nous permettra \u00e9galement de faire revenir certains qui sont de retour de blessure <em>et de donner du temps de jeu \u00e0 d&rsquo;autres qui ne jouent pas souvent <\/em>\u00bb<\/em>.<\/p>\n\n\n\n<p>Rendez-vous \u00e0 15h pour ce match couperet en c\u00f4te d&rsquo;or.<\/p>\n\n\n\n<div style=\"height:70px\" aria-hidden=\"true\" class=\"wp-block-spacer\"><\/div>\n\n\n\n<hr class=\"wp-block-separator has-text-color has-css-opacity has-background is-style-default\" style=\"background-color:#f7db4a;color:#f7db4a\"\/>\n\n\n\n<div style=\"height:25px\" aria-hidden=\"true\" class=\"wp-block-spacer\"><\/div>\n\n\n\n<div class=\"wp-block-media-text alignwide is-stacked-on-mobile is-vertically-aligned-center is-style-default\" style=\"grid-template-columns:49% auto\"><figure class=\"wp-block-media-text__media\"><img loading=\"lazy\" decoding=\"async\" width=\"1024\" height=\"538\" src=\"https:\/\/www.fcgueugnon.fr\/site\/wp-content\/uploads\/2022\/08\/post-facebook-FCG-1024x538.png\" alt=\"\" class=\"wp-image-930 size-full\" srcset=\"https:\/\/www.fcgueugnon.fr\/site\/wp-content\/uploads\/2022\/08\/post-facebook-FCG-1024x538.png 1024w, https:\/\/www.fcgueugnon.fr\/site\/wp-content\/uploads\/2022\/08\/post-facebook-FCG-400x210.png 400w, https:\/\/www.fcgueugnon.fr\/site\/wp-content\/uploads\/2022\/08\/post-facebook-FCG-768x403.png 768w, https:\/\/www.fcgueugnon.fr\/site\/wp-content\/uploads\/2022\/08\/post-facebook-FCG.png 1200w\" sizes=\"auto, (max-width: 1024px) 100vw, 1024px\" \/><\/figure><div class=\"wp-block-media-text__content\">\n<h2 class=\"wp-block-heading\">C&rsquo;est en covoiturant qu&rsquo;on devient Forgeron ! <\/h2>\n\n\n\n<div style=\"height:10px\" aria-hidden=\"true\" class=\"wp-block-spacer\"><\/div>\n\n\n\n<p><strong>Rendez-vous sur l&rsquo;application et le site internet de StadiumGO pour proposer et trouver votre trajet pour vous rendre aux matchs du FC Gueugnon !<\/strong><\/p>\n\n\n\n<div class=\"wp-block-buttons is-layout-flex wp-block-buttons-is-layout-flex\">\n<div class=\"wp-block-button aligncenter is-style-circular\"><a class=\"wp-block-button__link wp-element-button\" href=\"https:\/\/www.stadiumgo.fr\/liste-matchs?search=1&amp;club=gueugnon&amp;league=\">StadiumGO<\/a><\/div>\n<\/div>\n<\/div><\/div>\n\n\n\n<div style=\"height:25px\" aria-hidden=\"true\" class=\"wp-block-spacer\"><\/div>\n\n\n\n<hr class=\"wp-block-separator has-text-color has-css-opacity has-background is-style-default\" style=\"background-color:#f7db4a;color:#f7db4a\"\/>\n\n\n\n<h3 class=\"wp-block-heading\">\u26bd <strong><em>La fiche<\/em><\/strong><\/h3>\n\n\n\n<h4 class=\"wp-block-heading\"><b>LIGUE BFC<\/b><br><strong><b>COUPE BOURGOGNE FRANCHE-COMTE &#8211; 1\/32\u00e8me<\/b><\/strong><br>Samedi 18 F\u00e9vrier 2023 &#8211; 15H00<br>ES Fauverney Rouvres Bretonni\u00e8re \/ FC Gueugnon<\/h4>\n\n\n\n<p><strong>TERRAIN<\/strong><br>STADE DU TEMPLE 1<br>LE BOURG<br>21110 &#8211; FAUVERNEY<\/p>\n\n\n\n<p><strong>SURFACE DE JEU<\/strong><br>Pelouse naturelle<\/p>\n\n\n\n<p><strong>OFFICIELS<\/strong><br>Arbitre centre : QUENTIN GUILLAUME<br>Arbitre assistant 1 : FLORIAN MATHIEU<br>Arbitre assistant 2 : ALAIN HANIFI GUNDES<br>D\u00e9l\u00e9gu\u00e9 principal : NATHALIE GINESTE<br>D\u00e9l\u00e9gu\u00e9 accompagnateur : MOHAMMED KERZAZI<\/p>\n\n\n\n<div style=\"height:50px\" aria-hidden=\"true\" class=\"wp-block-spacer\"><\/div>\n\n\n\n<h3 class=\"wp-block-heading\"><strong>Groupe<\/strong><\/h3>\n\n\n\n<figure class=\"wp-block-embed is-type-rich is-provider-twitter wp-block-embed-twitter\"><div class=\"wp-block-embed__wrapper\">\n<blockquote class=\"twitter-tweet\" data-width=\"550\" data-dnt=\"true\"><p lang=\"fr\" dir=\"ltr\">\ud83d\udfe1 \ud835\uddd6\ud835\uddd5\ud835\uddd9\ud835\uddd6 \ud835\udfef\ud835\udfee\ud835\uddf2 | \ud835\uddd8\ud835\udde6\ud835\uddd9\ud835\udde5\ud835\uddd5 &#8211; \ud835\uddd9\ud835\uddd6 \ud835\uddda\ud835\udde8\ud835\uddd8\ud835\udde8\ud835\uddda\ud835\udde1\ud835\udde2\ud835\udde1 \ud83d\udd35<br><br>\ud83d\udc65 Le groupe retenu par Philippe Correia pour cette rencontre : Njock, Helal, Houla, Ketterle, Mohamed, Chauvet, Gab\u00e9, Diallo, Fa. Revuelta, Benameur, Mbock, Bouekou, Dram\u00e9, Fr. Revuelta. <a href=\"https:\/\/t.co\/cHTxF3HPKl\">pic.twitter.com\/cHTxF3HPKl<\/a><\/p>&mdash; FC Gueugnon (@FCGueugnon_Off) <a href=\"https:\/\/twitter.com\/FCGueugnon_Off\/status\/1626659495525900292?ref_src=twsrc%5Etfw\">February 17, 2023<\/a><\/blockquote><script async src=\"https:\/\/platform.twitter.com\/widgets.js\" charset=\"utf-8\"><\/script>\n<\/div><\/figure>\n\n\n\n<div style=\"height:50px\" aria-hidden=\"true\" class=\"wp-block-spacer\"><\/div>\n\n\n\n<h3 class=\"wp-block-heading\">\ud83d\uddd3 <strong> <strong>&gt; <a href=\"https:\/\/lbfc.fff.fr\/competitions?id=400600&amp;poule=1&amp;phase=1&amp;type=cp&amp;tab=resultat\" target=\"_blank\" rel=\"noreferrer noopener\">Les 32eme de Coupe BFC sur lbfc.fff.fr<\/a><\/strong><\/strong><\/h3>\n\n\n\n<div style=\"height:100px\" aria-hidden=\"true\" class=\"wp-block-spacer\"><\/div>\n","protected":false},"excerpt":{"rendered":"<p>A la lutte en championnat, les forgerons ont rendez-vous dans un 32e de Coupe Bourgogne Franche-Comt\u00e9 in\u00e9dit ! \ud83c\udd9a L&rsquo;adversaire N\u00e9e en 1974, l&rsquo;entente Fauvernay-Rouvres-Breteni\u00e8re comptent d\u00e9sormais 200 licenci\u00e9s et vient d\u2019acc\u00e9der \u00e0 la R\u00e9gional 1 Herbelin ! Une mont\u00e9e et des ambitions judicieuses pour le coach c\u00f4te-d&rsquo;orien Eric Fournier : \u00ab&nbsp;En tant que promu &#8230; <\/p>\n<p class=\"read-more-container\"><a title=\"[CBFC 32e : Fauverney-Rouvres-Breteni\u00e8re \u2013 FC Gueugnon] Entr\u00e9e en lice des forgerons en coupe r\u00e9gionale\" class=\"read-more button\" href=\"https:\/\/www.fcgueugnon.fr\/site\/cbfc-32e-fauverney-rouvres-breteniere-fc-gueugnon-entree-en-lice-des-forgerons-en-coupe-regionale\/3348#more-3348\" aria-label=\"Plus sur [CBFC 32e : Fauverney-Rouvres-Breteni\u00e8re \u2013 FC Gueugnon] Entr\u00e9e en lice des forgerons en coupe r\u00e9gionale\">Lire la suite<\/a><\/p>\n","protected":false},"author":1,"featured_media":3349,"comment_status":"closed","ping_status":"closed","sticky":false,"template":"","format":"standard","meta":{"footnotes":""},"categories":[5,4],"tags":[28],"class_list":["post-3348","post","type-post","status-publish","format-standard","has-post-thumbnail","hentry","category-news-2022-2023","category-news","tag-avant-match","infinite-scroll-item","generate-columns","tablet-grid-50","mobile-grid-100","grid-parent","grid-25","resize-featured-image"],"yoast_head":"<!-- This site is optimized with the Yoast SEO plugin v26.6 - https:\/\/yoast.com\/wordpress\/plugins\/seo\/ -->\n<title>[CBFC 32e : Fauverney-Rouvres-Breteni\u00e8re \u2013 FC Gueugnon] Entr\u00e9e en lice des forgerons en coupe r\u00e9gionale &#8226; FOOTBALL CLUB GUEUGNON<\/title>\n<meta name=\"robots\" content=\"index, follow, max-snippet:-1, max-image-preview:large, max-video-preview:-1\" \/>\n<link rel=\"canonical\" href=\"https:\/\/www.fcgueugnon.fr\/site\/cbfc-32e-fauverney-rouvres-breteniere-fc-gueugnon-entree-en-lice-des-forgerons-en-coupe-regionale\/3348\" \/>\n<meta property=\"og:locale\" content=\"fr_FR\" \/>\n<meta property=\"og:type\" content=\"article\" \/>\n<meta property=\"og:title\" content=\"[CBFC 32e : Fauverney-Rouvres-Breteni\u00e8re \u2013 FC Gueugnon] Entr\u00e9e en lice des forgerons en coupe r\u00e9gionale &#8226; FOOTBALL CLUB GUEUGNON\" \/>\n<meta property=\"og:description\" content=\"A la lutte en championnat, les forgerons ont rendez-vous dans un 32e de Coupe Bourgogne Franche-Comt\u00e9 in\u00e9dit ! \ud83c\udd9a L&rsquo;adversaire N\u00e9e en 1974, l&rsquo;entente Fauvernay-Rouvres-Breteni\u00e8re comptent d\u00e9sormais 200 licenci\u00e9s et vient d\u2019acc\u00e9der \u00e0 la R\u00e9gional 1 Herbelin ! Une mont\u00e9e et des ambitions judicieuses pour le coach c\u00f4te-d&rsquo;orien Eric Fournier : \u00ab&nbsp;En tant que promu ... Lire la suite\" \/>\n<meta property=\"og:url\" content=\"https:\/\/www.fcgueugnon.fr\/site\/cbfc-32e-fauverney-rouvres-breteniere-fc-gueugnon-entree-en-lice-des-forgerons-en-coupe-regionale\/3348\" \/>\n<meta property=\"og:site_name\" content=\"FOOTBALL CLUB GUEUGNON\" \/>\n<meta property=\"article:publisher\" content=\"http:\/\/facebook.com\/FCGueugnon\" \/>\n<meta property=\"article:published_time\" content=\"2023-02-17T08:00:00+00:00\" \/>\n<meta property=\"article:modified_time\" content=\"2024-02-21T20:44:39+00:00\" \/>\n<meta property=\"og:image\" content=\"https:\/\/www.fcgueugnon.fr\/site\/wp-content\/uploads\/2023\/02\/coupe-de-bourgogne-franche-comte-entente-fauvernay-rouvres-Breteniere-fc-gueugnon-1024x576.png\" \/>\n\t<meta property=\"og:image:width\" content=\"1024\" \/>\n\t<meta property=\"og:image:height\" content=\"576\" \/>\n\t<meta property=\"og:image:type\" content=\"image\/png\" \/>\n<meta name=\"author\" content=\"FC Gueugnon\" \/>\n<meta name=\"twitter:card\" content=\"summary_large_image\" \/>\n<meta name=\"twitter:creator\" content=\"@FCGueugnon_off\" \/>\n<meta name=\"twitter:site\" content=\"@FCGueugnon_off\" \/>\n<meta name=\"twitter:label1\" content=\"\u00c9crit par\" \/>\n\t<meta name=\"twitter:data1\" content=\"FC Gueugnon\" \/>\n\t<meta name=\"twitter:label2\" content=\"Dur\u00e9e de lecture estim\u00e9e\" \/>\n\t<meta name=\"twitter:data2\" content=\"4 minutes\" \/>\n<script type=\"application\/ld+json\" class=\"yoast-schema-graph\">{\"@context\":\"https:\/\/schema.org\",\"@graph\":[{\"@type\":\"Article\",\"@id\":\"https:\/\/www.fcgueugnon.fr\/site\/cbfc-32e-fauverney-rouvres-breteniere-fc-gueugnon-entree-en-lice-des-forgerons-en-coupe-regionale\/3348#article\",\"isPartOf\":{\"@id\":\"https:\/\/www.fcgueugnon.fr\/site\/cbfc-32e-fauverney-rouvres-breteniere-fc-gueugnon-entree-en-lice-des-forgerons-en-coupe-regionale\/3348\"},\"author\":{\"name\":\"FC Gueugnon\",\"@id\":\"https:\/\/www.fcgueugnon.fr\/site\/#\/schema\/person\/f6444fbdd35fa731ee974c03508738fb\"},\"headline\":\"[CBFC 32e : Fauverney-Rouvres-Breteni\u00e8re \u2013 FC Gueugnon] Entr\u00e9e en lice des forgerons en coupe r\u00e9gionale\",\"datePublished\":\"2023-02-17T08:00:00+00:00\",\"dateModified\":\"2024-02-21T20:44:39+00:00\",\"mainEntityOfPage\":{\"@id\":\"https:\/\/www.fcgueugnon.fr\/site\/cbfc-32e-fauverney-rouvres-breteniere-fc-gueugnon-entree-en-lice-des-forgerons-en-coupe-regionale\/3348\"},\"wordCount\":614,\"publisher\":{\"@id\":\"https:\/\/www.fcgueugnon.fr\/site\/#organization\"},\"image\":{\"@id\":\"https:\/\/www.fcgueugnon.fr\/site\/cbfc-32e-fauverney-rouvres-breteniere-fc-gueugnon-entree-en-lice-des-forgerons-en-coupe-regionale\/3348#primaryimage\"},\"thumbnailUrl\":\"https:\/\/www.fcgueugnon.fr\/site\/wp-content\/uploads\/2023\/02\/coupe-de-bourgogne-franche-comte-entente-fauvernay-rouvres-Breteniere-fc-gueugnon.png\",\"keywords\":[\"Avant-match\"],\"articleSection\":[\"Archives 2022\/2023\",\"News\"],\"inLanguage\":\"fr-FR\"},{\"@type\":\"WebPage\",\"@id\":\"https:\/\/www.fcgueugnon.fr\/site\/cbfc-32e-fauverney-rouvres-breteniere-fc-gueugnon-entree-en-lice-des-forgerons-en-coupe-regionale\/3348\",\"url\":\"https:\/\/www.fcgueugnon.fr\/site\/cbfc-32e-fauverney-rouvres-breteniere-fc-gueugnon-entree-en-lice-des-forgerons-en-coupe-regionale\/3348\",\"name\":\"[CBFC 32e : Fauverney-Rouvres-Breteni\u00e8re \u2013 FC Gueugnon] Entr\u00e9e en lice des forgerons en coupe r\u00e9gionale &#8226; FOOTBALL CLUB GUEUGNON\",\"isPartOf\":{\"@id\":\"https:\/\/www.fcgueugnon.fr\/site\/#website\"},\"primaryImageOfPage\":{\"@id\":\"https:\/\/www.fcgueugnon.fr\/site\/cbfc-32e-fauverney-rouvres-breteniere-fc-gueugnon-entree-en-lice-des-forgerons-en-coupe-regionale\/3348#primaryimage\"},\"image\":{\"@id\":\"https:\/\/www.fcgueugnon.fr\/site\/cbfc-32e-fauverney-rouvres-breteniere-fc-gueugnon-entree-en-lice-des-forgerons-en-coupe-regionale\/3348#primaryimage\"},\"thumbnailUrl\":\"https:\/\/www.fcgueugnon.fr\/site\/wp-content\/uploads\/2023\/02\/coupe-de-bourgogne-franche-comte-entente-fauvernay-rouvres-Breteniere-fc-gueugnon.png\",\"datePublished\":\"2023-02-17T08:00:00+00:00\",\"dateModified\":\"2024-02-21T20:44:39+00:00\",\"breadcrumb\":{\"@id\":\"https:\/\/www.fcgueugnon.fr\/site\/cbfc-32e-fauverney-rouvres-breteniere-fc-gueugnon-entree-en-lice-des-forgerons-en-coupe-regionale\/3348#breadcrumb\"},\"inLanguage\":\"fr-FR\",\"potentialAction\":[{\"@type\":\"ReadAction\",\"target\":[\"https:\/\/www.fcgueugnon.fr\/site\/cbfc-32e-fauverney-rouvres-breteniere-fc-gueugnon-entree-en-lice-des-forgerons-en-coupe-regionale\/3348\"]}]},{\"@type\":\"ImageObject\",\"inLanguage\":\"fr-FR\",\"@id\":\"https:\/\/www.fcgueugnon.fr\/site\/cbfc-32e-fauverney-rouvres-breteniere-fc-gueugnon-entree-en-lice-des-forgerons-en-coupe-regionale\/3348#primaryimage\",\"url\":\"https:\/\/www.fcgueugnon.fr\/site\/wp-content\/uploads\/2023\/02\/coupe-de-bourgogne-franche-comte-entente-fauvernay-rouvres-Breteniere-fc-gueugnon.png\",\"contentUrl\":\"https:\/\/www.fcgueugnon.fr\/site\/wp-content\/uploads\/2023\/02\/coupe-de-bourgogne-franche-comte-entente-fauvernay-rouvres-Breteniere-fc-gueugnon.png\",\"width\":1920,\"height\":1080},{\"@type\":\"BreadcrumbList\",\"@id\":\"https:\/\/www.fcgueugnon.fr\/site\/cbfc-32e-fauverney-rouvres-breteniere-fc-gueugnon-entree-en-lice-des-forgerons-en-coupe-regionale\/3348#breadcrumb\",\"itemListElement\":[{\"@type\":\"ListItem\",\"position\":1,\"name\":\"Accueil\",\"item\":\"https:\/\/www.fcgueugnon.fr\/site\/\"},{\"@type\":\"ListItem\",\"position\":2,\"name\":\"[CBFC 32e : Fauverney-Rouvres-Breteni\u00e8re \u2013 FC Gueugnon] Entr\u00e9e en lice des forgerons en coupe r\u00e9gionale\"}]},{\"@type\":\"WebSite\",\"@id\":\"https:\/\/www.fcgueugnon.fr\/site\/#website\",\"url\":\"https:\/\/www.fcgueugnon.fr\/site\/\",\"name\":\"FOOTBALL CLUB GUEUGNON\",\"description\":\"Le Site Officiel des Forgerons\",\"publisher\":{\"@id\":\"https:\/\/www.fcgueugnon.fr\/site\/#organization\"},\"potentialAction\":[{\"@type\":\"SearchAction\",\"target\":{\"@type\":\"EntryPoint\",\"urlTemplate\":\"https:\/\/www.fcgueugnon.fr\/site\/?s={search_term_string}\"},\"query-input\":{\"@type\":\"PropertyValueSpecification\",\"valueRequired\":true,\"valueName\":\"search_term_string\"}}],\"inLanguage\":\"fr-FR\"},{\"@type\":\"Organization\",\"@id\":\"https:\/\/www.fcgueugnon.fr\/site\/#organization\",\"name\":\"FC Gueugnon\",\"url\":\"https:\/\/www.fcgueugnon.fr\/site\/\",\"logo\":{\"@type\":\"ImageObject\",\"inLanguage\":\"fr-FR\",\"@id\":\"https:\/\/www.fcgueugnon.fr\/site\/#\/schema\/logo\/image\/\",\"url\":\"https:\/\/www.fcgueugnon.fr\/site\/wp-content\/uploads\/2022\/07\/cropped-Logo-FCGUEUGNON-low-350x350-1.png\",\"contentUrl\":\"https:\/\/www.fcgueugnon.fr\/site\/wp-content\/uploads\/2022\/07\/cropped-Logo-FCGUEUGNON-low-350x350-1.png\",\"width\":350,\"height\":350,\"caption\":\"FC Gueugnon\"},\"image\":{\"@id\":\"https:\/\/www.fcgueugnon.fr\/site\/#\/schema\/logo\/image\/\"},\"sameAs\":[\"http:\/\/facebook.com\/FCGueugnon\",\"https:\/\/x.com\/FCGueugnon_off\",\"https:\/\/www.instagram.com\/fcgueugnon\/\",\"https:\/\/www.linkedin.com\/company\/football-club-de-gueugnon\/\",\"https:\/\/www.youtube.com\/user\/FCGueugnonnais\",\"https:\/\/fr.wikipedia.org\/wiki\/Football_Club_de_Gueugnon\"]},{\"@type\":\"Person\",\"@id\":\"https:\/\/www.fcgueugnon.fr\/site\/#\/schema\/person\/f6444fbdd35fa731ee974c03508738fb\",\"name\":\"FC Gueugnon\",\"sameAs\":[\"https:\/\/www.fcgueugnon.fr\/site\"],\"url\":\"https:\/\/www.fcgueugnon.fr\/site\/author\/admin-antho\"}]}<\/script>\n<!-- \/ Yoast SEO plugin. -->","yoast_head_json":{"title":"[CBFC 32e : Fauverney-Rouvres-Breteni\u00e8re \u2013 FC Gueugnon] Entr\u00e9e en lice des forgerons en coupe r\u00e9gionale &#8226; FOOTBALL CLUB GUEUGNON","robots":{"index":"index","follow":"follow","max-snippet":"max-snippet:-1","max-image-preview":"max-image-preview:large","max-video-preview":"max-video-preview:-1"},"canonical":"https:\/\/www.fcgueugnon.fr\/site\/cbfc-32e-fauverney-rouvres-breteniere-fc-gueugnon-entree-en-lice-des-forgerons-en-coupe-regionale\/3348","og_locale":"fr_FR","og_type":"article","og_title":"[CBFC 32e : Fauverney-Rouvres-Breteni\u00e8re \u2013 FC Gueugnon] Entr\u00e9e en lice des forgerons en coupe r\u00e9gionale &#8226; FOOTBALL CLUB GUEUGNON","og_description":"A la lutte en championnat, les forgerons ont rendez-vous dans un 32e de Coupe Bourgogne Franche-Comt\u00e9 in\u00e9dit ! \ud83c\udd9a L&rsquo;adversaire N\u00e9e en 1974, l&rsquo;entente Fauvernay-Rouvres-Breteni\u00e8re comptent d\u00e9sormais 200 licenci\u00e9s et vient d\u2019acc\u00e9der \u00e0 la R\u00e9gional 1 Herbelin ! Une mont\u00e9e et des ambitions judicieuses pour le coach c\u00f4te-d&rsquo;orien Eric Fournier : \u00ab&nbsp;En tant que promu ... Lire la suite","og_url":"https:\/\/www.fcgueugnon.fr\/site\/cbfc-32e-fauverney-rouvres-breteniere-fc-gueugnon-entree-en-lice-des-forgerons-en-coupe-regionale\/3348","og_site_name":"FOOTBALL CLUB GUEUGNON","article_publisher":"http:\/\/facebook.com\/FCGueugnon","article_published_time":"2023-02-17T08:00:00+00:00","article_modified_time":"2024-02-21T20:44:39+00:00","og_image":[{"width":1024,"height":576,"url":"https:\/\/www.fcgueugnon.fr\/site\/wp-content\/uploads\/2023\/02\/coupe-de-bourgogne-franche-comte-entente-fauvernay-rouvres-Breteniere-fc-gueugnon-1024x576.png","type":"image\/png"}],"author":"FC Gueugnon","twitter_card":"summary_large_image","twitter_creator":"@FCGueugnon_off","twitter_site":"@FCGueugnon_off","twitter_misc":{"\u00c9crit par":"FC Gueugnon","Dur\u00e9e de lecture estim\u00e9e":"4 minutes"},"schema":{"@context":"https:\/\/schema.org","@graph":[{"@type":"Article","@id":"https:\/\/www.fcgueugnon.fr\/site\/cbfc-32e-fauverney-rouvres-breteniere-fc-gueugnon-entree-en-lice-des-forgerons-en-coupe-regionale\/3348#article","isPartOf":{"@id":"https:\/\/www.fcgueugnon.fr\/site\/cbfc-32e-fauverney-rouvres-breteniere-fc-gueugnon-entree-en-lice-des-forgerons-en-coupe-regionale\/3348"},"author":{"name":"FC Gueugnon","@id":"https:\/\/www.fcgueugnon.fr\/site\/#\/schema\/person\/f6444fbdd35fa731ee974c03508738fb"},"headline":"[CBFC 32e : Fauverney-Rouvres-Breteni\u00e8re \u2013 FC Gueugnon] Entr\u00e9e en lice des forgerons en coupe r\u00e9gionale","datePublished":"2023-02-17T08:00:00+00:00","dateModified":"2024-02-21T20:44:39+00:00","mainEntityOfPage":{"@id":"https:\/\/www.fcgueugnon.fr\/site\/cbfc-32e-fauverney-rouvres-breteniere-fc-gueugnon-entree-en-lice-des-forgerons-en-coupe-regionale\/3348"},"wordCount":614,"publisher":{"@id":"https:\/\/www.fcgueugnon.fr\/site\/#organization"},"image":{"@id":"https:\/\/www.fcgueugnon.fr\/site\/cbfc-32e-fauverney-rouvres-breteniere-fc-gueugnon-entree-en-lice-des-forgerons-en-coupe-regionale\/3348#primaryimage"},"thumbnailUrl":"https:\/\/www.fcgueugnon.fr\/site\/wp-content\/uploads\/2023\/02\/coupe-de-bourgogne-franche-comte-entente-fauvernay-rouvres-Breteniere-fc-gueugnon.png","keywords":["Avant-match"],"articleSection":["Archives 2022\/2023","News"],"inLanguage":"fr-FR"},{"@type":"WebPage","@id":"https:\/\/www.fcgueugnon.fr\/site\/cbfc-32e-fauverney-rouvres-breteniere-fc-gueugnon-entree-en-lice-des-forgerons-en-coupe-regionale\/3348","url":"https:\/\/www.fcgueugnon.fr\/site\/cbfc-32e-fauverney-rouvres-breteniere-fc-gueugnon-entree-en-lice-des-forgerons-en-coupe-regionale\/3348","name":"[CBFC 32e : Fauverney-Rouvres-Breteni\u00e8re \u2013 FC Gueugnon] Entr\u00e9e en lice des forgerons en coupe r\u00e9gionale &#8226; FOOTBALL CLUB GUEUGNON","isPartOf":{"@id":"https:\/\/www.fcgueugnon.fr\/site\/#website"},"primaryImageOfPage":{"@id":"https:\/\/www.fcgueugnon.fr\/site\/cbfc-32e-fauverney-rouvres-breteniere-fc-gueugnon-entree-en-lice-des-forgerons-en-coupe-regionale\/3348#primaryimage"},"image":{"@id":"https:\/\/www.fcgueugnon.fr\/site\/cbfc-32e-fauverney-rouvres-breteniere-fc-gueugnon-entree-en-lice-des-forgerons-en-coupe-regionale\/3348#primaryimage"},"thumbnailUrl":"https:\/\/www.fcgueugnon.fr\/site\/wp-content\/uploads\/2023\/02\/coupe-de-bourgogne-franche-comte-entente-fauvernay-rouvres-Breteniere-fc-gueugnon.png","datePublished":"2023-02-17T08:00:00+00:00","dateModified":"2024-02-21T20:44:39+00:00","breadcrumb":{"@id":"https:\/\/www.fcgueugnon.fr\/site\/cbfc-32e-fauverney-rouvres-breteniere-fc-gueugnon-entree-en-lice-des-forgerons-en-coupe-regionale\/3348#breadcrumb"},"inLanguage":"fr-FR","potentialAction":[{"@type":"ReadAction","target":["https:\/\/www.fcgueugnon.fr\/site\/cbfc-32e-fauverney-rouvres-breteniere-fc-gueugnon-entree-en-lice-des-forgerons-en-coupe-regionale\/3348"]}]},{"@type":"ImageObject","inLanguage":"fr-FR","@id":"https:\/\/www.fcgueugnon.fr\/site\/cbfc-32e-fauverney-rouvres-breteniere-fc-gueugnon-entree-en-lice-des-forgerons-en-coupe-regionale\/3348#primaryimage","url":"https:\/\/www.fcgueugnon.fr\/site\/wp-content\/uploads\/2023\/02\/coupe-de-bourgogne-franche-comte-entente-fauvernay-rouvres-Breteniere-fc-gueugnon.png","contentUrl":"https:\/\/www.fcgueugnon.fr\/site\/wp-content\/uploads\/2023\/02\/coupe-de-bourgogne-franche-comte-entente-fauvernay-rouvres-Breteniere-fc-gueugnon.png","width":1920,"height":1080},{"@type":"BreadcrumbList","@id":"https:\/\/www.fcgueugnon.fr\/site\/cbfc-32e-fauverney-rouvres-breteniere-fc-gueugnon-entree-en-lice-des-forgerons-en-coupe-regionale\/3348#breadcrumb","itemListElement":[{"@type":"ListItem","position":1,"name":"Accueil","item":"https:\/\/www.fcgueugnon.fr\/site\/"},{"@type":"ListItem","position":2,"name":"[CBFC 32e : Fauverney-Rouvres-Breteni\u00e8re \u2013 FC Gueugnon] Entr\u00e9e en lice des forgerons en coupe r\u00e9gionale"}]},{"@type":"WebSite","@id":"https:\/\/www.fcgueugnon.fr\/site\/#website","url":"https:\/\/www.fcgueugnon.fr\/site\/","name":"FOOTBALL CLUB GUEUGNON","description":"Le Site Officiel des Forgerons","publisher":{"@id":"https:\/\/www.fcgueugnon.fr\/site\/#organization"},"potentialAction":[{"@type":"SearchAction","target":{"@type":"EntryPoint","urlTemplate":"https:\/\/www.fcgueugnon.fr\/site\/?s={search_term_string}"},"query-input":{"@type":"PropertyValueSpecification","valueRequired":true,"valueName":"search_term_string"}}],"inLanguage":"fr-FR"},{"@type":"Organization","@id":"https:\/\/www.fcgueugnon.fr\/site\/#organization","name":"FC Gueugnon","url":"https:\/\/www.fcgueugnon.fr\/site\/","logo":{"@type":"ImageObject","inLanguage":"fr-FR","@id":"https:\/\/www.fcgueugnon.fr\/site\/#\/schema\/logo\/image\/","url":"https:\/\/www.fcgueugnon.fr\/site\/wp-content\/uploads\/2022\/07\/cropped-Logo-FCGUEUGNON-low-350x350-1.png","contentUrl":"https:\/\/www.fcgueugnon.fr\/site\/wp-content\/uploads\/2022\/07\/cropped-Logo-FCGUEUGNON-low-350x350-1.png","width":350,"height":350,"caption":"FC Gueugnon"},"image":{"@id":"https:\/\/www.fcgueugnon.fr\/site\/#\/schema\/logo\/image\/"},"sameAs":["http:\/\/facebook.com\/FCGueugnon","https:\/\/x.com\/FCGueugnon_off","https:\/\/www.instagram.com\/fcgueugnon\/","https:\/\/www.linkedin.com\/company\/football-club-de-gueugnon\/","https:\/\/www.youtube.com\/user\/FCGueugnonnais","https:\/\/fr.wikipedia.org\/wiki\/Football_Club_de_Gueugnon"]},{"@type":"Person","@id":"https:\/\/www.fcgueugnon.fr\/site\/#\/schema\/person\/f6444fbdd35fa731ee974c03508738fb","name":"FC Gueugnon","sameAs":["https:\/\/www.fcgueugnon.fr\/site"],"url":"https:\/\/www.fcgueugnon.fr\/site\/author\/admin-antho"}]}},"rttpg_featured_image_url":{"full":["https:\/\/www.fcgueugnon.fr\/site\/wp-content\/uploads\/2023\/02\/coupe-de-bourgogne-franche-comte-entente-fauvernay-rouvres-Breteniere-fc-gueugnon.png",1920,1080,false],"landscape":["https:\/\/www.fcgueugnon.fr\/site\/wp-content\/uploads\/2023\/02\/coupe-de-bourgogne-franche-comte-entente-fauvernay-rouvres-Breteniere-fc-gueugnon.png",1920,1080,false],"portraits":["https:\/\/www.fcgueugnon.fr\/site\/wp-content\/uploads\/2023\/02\/coupe-de-bourgogne-franche-comte-entente-fauvernay-rouvres-Breteniere-fc-gueugnon.png",1920,1080,false],"thumbnail":["https:\/\/www.fcgueugnon.fr\/site\/wp-content\/uploads\/2023\/02\/coupe-de-bourgogne-franche-comte-entente-fauvernay-rouvres-Breteniere-fc-gueugnon-150x150.png",150,150,true],"medium":["https:\/\/www.fcgueugnon.fr\/site\/wp-content\/uploads\/2023\/02\/coupe-de-bourgogne-franche-comte-entente-fauvernay-rouvres-Breteniere-fc-gueugnon-400x225.png",400,225,true],"large":["https:\/\/www.fcgueugnon.fr\/site\/wp-content\/uploads\/2023\/02\/coupe-de-bourgogne-franche-comte-entente-fauvernay-rouvres-Breteniere-fc-gueugnon-1024x576.png",1024,576,true],"1536x1536":["https:\/\/www.fcgueugnon.fr\/site\/wp-content\/uploads\/2023\/02\/coupe-de-bourgogne-franche-comte-entente-fauvernay-rouvres-Breteniere-fc-gueugnon-1536x864.png",1536,864,true],"2048x2048":["https:\/\/www.fcgueugnon.fr\/site\/wp-content\/uploads\/2023\/02\/coupe-de-bourgogne-franche-comte-entente-fauvernay-rouvres-Breteniere-fc-gueugnon.png",1920,1080,false]},"rttpg_author":{"display_name":"FC Gueugnon","author_link":"https:\/\/www.fcgueugnon.fr\/site\/author\/admin-antho"},"rttpg_comment":0,"rttpg_category":"<a href=\"https:\/\/www.fcgueugnon.fr\/site\/category\/news\/news-2022-2023\" rel=\"category tag\">Archives 2022\/2023<\/a> <a href=\"https:\/\/www.fcgueugnon.fr\/site\/category\/news\" rel=\"category tag\">News<\/a>","rttpg_excerpt":"A la lutte en championnat, les forgerons ont rendez-vous dans un 32e de Coupe Bourgogne Franche-Comt\u00e9 in\u00e9dit ! \ud83c\udd9a L&rsquo;adversaire N\u00e9e en 1974, l&rsquo;entente Fauvernay-Rouvres-Breteni\u00e8re comptent d\u00e9sormais 200 licenci\u00e9s et vient d\u2019acc\u00e9der \u00e0 la R\u00e9gional 1 Herbelin ! Une mont\u00e9e et des ambitions judicieuses pour le coach c\u00f4te-d&rsquo;orien Eric Fournier : \u00ab&nbsp;En tant que promu\u2026","_links":{"self":[{"href":"https:\/\/www.fcgueugnon.fr\/site\/wp-json\/wp\/v2\/posts\/3348","targetHints":{"allow":["GET"]}}],"collection":[{"href":"https:\/\/www.fcgueugnon.fr\/site\/wp-json\/wp\/v2\/posts"}],"about":[{"href":"https:\/\/www.fcgueugnon.fr\/site\/wp-json\/wp\/v2\/types\/post"}],"author":[{"embeddable":true,"href":"https:\/\/www.fcgueugnon.fr\/site\/wp-json\/wp\/v2\/users\/1"}],"replies":[{"embeddable":true,"href":"https:\/\/www.fcgueugnon.fr\/site\/wp-json\/wp\/v2\/comments?post=3348"}],"version-history":[{"count":4,"href":"https:\/\/www.fcgueugnon.fr\/site\/wp-json\/wp\/v2\/posts\/3348\/revisions"}],"predecessor-version":[{"id":3358,"href":"https:\/\/www.fcgueugnon.fr\/site\/wp-json\/wp\/v2\/posts\/3348\/revisions\/3358"}],"wp:featuredmedia":[{"embeddable":true,"href":"https:\/\/www.fcgueugnon.fr\/site\/wp-json\/wp\/v2\/media\/3349"}],"wp:attachment":[{"href":"https:\/\/www.fcgueugnon.fr\/site\/wp-json\/wp\/v2\/media?parent=3348"}],"wp:term":[{"taxonomy":"category","embeddable":true,"href":"https:\/\/www.fcgueugnon.fr\/site\/wp-json\/wp\/v2\/categories?post=3348"},{"taxonomy":"post_tag","embeddable":true,"href":"https:\/\/www.fcgueugnon.fr\/site\/wp-json\/wp\/v2\/tags?post=3348"}],"curies":[{"name":"wp","href":"https:\/\/api.w.org\/{rel}","templated":true}]}}