{"id":3345,"date":"2023-02-16T14:24:53","date_gmt":"2023-02-16T13:24:53","guid":{"rendered":"https:\/\/www.fcgueugnon.fr\/site\/?p=3345"},"modified":"2023-05-13T13:14:45","modified_gmt":"2023-05-13T11:14:45","slug":"agenda-week-end-du-18-et-19-fevrier-2023","status":"publish","type":"post","link":"https:\/\/www.fcgueugnon.fr\/site\/agenda-week-end-du-18-et-19-fevrier-2023\/3345","title":{"rendered":"[Agenda] Week-end du 18 et 19 F\u00e9vrier 2023"},"content":{"rendered":"\n<h2 class=\"wp-block-heading\">Au programme de nos forgerons ce week-end<\/h2>\n\n\n\n<div style=\"height:35px\" aria-hidden=\"true\" class=\"wp-block-spacer\"><\/div>\n\n\n\n<h3 class=\"blue-underline-title wp-block-heading\">S\u00e9niors<\/h3>\n\n\n\n<p><em>Groupe N3 \u2013 Coupe Bourgogne Franche Comt\u00e9 (32e de finales)<\/em><br>Samedi 18\/02 \u2013 15h00<br><strong>ES Fauverney Rouvres \/ FC Gueugnon <\/strong><br>> <a href=\"https:\/\/www.fcgueugnon.fr\/site\/cbfc-32e-fauverney-rouvres-breteniere-fc-gueugnon-entree-en-lice-des-forgerons-en-coupe-regionale\/3348\">Avant-match<\/a><\/p>\n\n\n\n<p><em>Groupe Espoir \u2013 Coupe Intersport J05<\/em><br>Dimanche 19\/02 \u2013 14h30<br><strong>FC Gueugnon \/ FC Louhans Cuiseaux B<\/strong><\/p>\n\n\n\n<div style=\"height:35px\" aria-hidden=\"true\" class=\"wp-block-spacer\"><\/div>\n\n\n\n<h3 class=\"blue-underline-title wp-block-heading\">Sport E.Leclerc Acad\u00e9mie<\/h3>\n\n\n\n<p><em>U<\/em><em>18 R1 \u2013 J09<\/em><br>Dimanche 19\/02 \u2013 14h30<br><strong>ASPTT Dijon \/ FC Gueugnon <\/strong><strong><\/strong><\/p>\n\n\n\n<p><em>U1<\/em><em>6 \u2013 Coupe Cr\u00e9dit Agricole (8e de finales)<\/em><br>DImanche 19\/02 \u2013 12h30<br><strong>GJ GSF M\u00e2con \/ FC Gueugnon <\/strong><strong><\/strong><\/p>\n\n\n\n<p><em>U15F \u2013 Match de pr\u00e9paration<\/em><br>Samedi 18\/02 \u2013 15h00<br><strong>AA Lapalisse \/ FC Gueugnon<\/strong> &gt;&gt; Annul\u00e9<\/p>\n\n\n\n<p><em>U1<\/em><em>4<\/em><em> \u2013 Match de pr\u00e9paration<\/em><br>Samedi 18\/02 \u2013 14h30<br><strong>FC Gueugnon \/ <\/strong><strong>US Bourbon Lancy <\/strong><strong><\/strong><\/p>\n\n\n\n<p><em>U08F &#8211; U09F<\/em><br>Samedi 18\/02 \u2013 9h00<br><strong>Tournoi futsal \u00e0 Blanzy<\/strong><strong><\/strong><\/p>\n\n\n\n<p><em>U06 &#8211; U07<\/em><br>Samedi 18\/02 \u2013 10h00<br><strong>Plateau \u00e0 Gueugnon<\/strong><strong><\/strong><\/p>\n\n\n\n<div style=\"height:80px\" aria-hidden=\"true\" class=\"wp-block-spacer mb-0\"><\/div>\n\n\n\n<h3 class=\"blue-underline-title wp-block-heading\">Arbitres<\/h3>\n\n\n\n<p><strong>Lucas MENAGER <\/strong>\u2013 Dimanche 19\/02<br>CS Sanvignes B \/ US Saint-Sernin B<br>R\u00e9gional 3<\/p>\n\n\n\n<p><strong>Fabrice MUET<\/strong><strong> <\/strong>\u2013 Dimanche 19\/02<br>SRC La Clayette \/ Lessard en Bresse<br>D\u00e9partemental 1<\/p>\n\n\n\n<p><strong>Th\u00e9o GABE<\/strong><strong> <\/strong>\u2013 Dimanche 19\/02<br>Dompierre Matour \/ JF Palinges B<br>D\u00e9partemental 3<\/p>\n\n\n\n<p><strong>Mehdi OTMANI<\/strong><strong> <\/strong>\u2013 Dimanche 19\/02<br>Marly\/Oudry \/ St Vallier B<br>D\u00e9partemental 3<\/p>\n\n\n\n<div style=\"height:35px\" aria-hidden=\"true\" class=\"wp-block-spacer\"><\/div>\n\n\n\n<h3 class=\"blue-underline-title wp-block-heading\">eSport<\/h3>\n\n\n\n<h3 class=\"wp-block-heading\"><strong>FIFA23 Club Pro<\/strong><\/h3>\n\n\n\n<p><em>eSport Football League (EFL) \u2013 J21<\/em><br>Jeudi 09\/02&nbsp;\u2013 22h20<br><strong>FC Gueugnon eSport \/ Montpellier HSC Pro Clubs<\/strong><\/p>\n\n\n\n<p><em>eSport Football League (EFL) \u2013 J22<\/em><br>Jeudi 09\/02&nbsp;\u2013 22h20<br><strong>FC Gueugnon eSport \/ FC ESC eSport<\/strong><\/p>\n\n\n\n<div style=\"height:10px\" aria-hidden=\"true\" class=\"wp-block-spacer\"><\/div>\n\n\n\n<h3 class=\"wp-block-heading\"><strong>FIFA23 Ultimate Team<\/strong><\/h3>\n\n\n\n<p><strong>Zeyrox<\/strong><br>Ultimate Football League<br>J15 vs xBlaster64<\/p>\n\n\n\n<p><strong>Cocorr<\/strong><br>Ultimate Football League<br>J15 vs ZeVagabond<\/p>\n\n\n\n<div style=\"height:10px\" aria-hidden=\"true\" class=\"wp-block-spacer\"><\/div>\n\n\n\n<p><em>Suivez toute l&rsquo;actualit\u00e9 de la section eSport du FCG sur <a href=\"http:\/\/twitter.com\/gueugnon_esport\/\" target=\"_blank\" rel=\"noreferrer noopener\">Twitter<\/a> et <a href=\"http:\/\/twitch.tv\/fcgesport\/\" target=\"_blank\" rel=\"noreferrer noopener\">Twitch<\/a><\/em><\/p>\n\n\n\n<div style=\"height:100px\" aria-hidden=\"true\" class=\"wp-block-spacer mb-0\"><\/div>\n\n\n\n<h1 class=\"has-text-align-center wp-block-heading\">#ForgeronFamily<\/h1>\n","protected":false},"excerpt":{"rendered":"<p>Au programme de nos forgerons ce week-end S\u00e9niors Groupe N3 \u2013 Coupe Bourgogne Franche Comt\u00e9 (32e de finales)Samedi 18\/02 \u2013 15h00ES Fauverney Rouvres \/ FC Gueugnon > Avant-match Groupe Espoir \u2013 Coupe Intersport J05Dimanche 19\/02 \u2013 14h30FC Gueugnon \/ FC Louhans Cuiseaux B Sport E.Leclerc Acad\u00e9mie U18 R1 \u2013 J09Dimanche 19\/02 \u2013 14h30ASPTT Dijon \/ &#8230; <\/p>\n<p class=\"read-more-container\"><a title=\"[Agenda] Week-end du 18 et 19 F\u00e9vrier 2023\" class=\"read-more button\" href=\"https:\/\/www.fcgueugnon.fr\/site\/agenda-week-end-du-18-et-19-fevrier-2023\/3345#more-3345\" aria-label=\"Plus sur [Agenda] Week-end du 18 et 19 F\u00e9vrier 2023\">Lire la suite<\/a><\/p>\n","protected":false},"author":1,"featured_media":1107,"comment_status":"closed","ping_status":"closed","sticky":false,"template":"","format":"standard","meta":{"footnotes":""},"categories":[5,4],"tags":[33,14],"class_list":["post-3345","post","type-post","status-publish","format-standard","has-post-thumbnail","hentry","category-news-2022-2023","category-news","tag-agenda","tag-sport-e-leclerc-academie-jeunes-formation","infinite-scroll-item","generate-columns","tablet-grid-50","mobile-grid-100","grid-parent","grid-25","resize-featured-image"],"yoast_head":"<!-- This site is optimized with the Yoast SEO plugin v26.6 - https:\/\/yoast.com\/wordpress\/plugins\/seo\/ -->\n<title>[Agenda] Week-end du 18 et 19 F\u00e9vrier 2023 &#8226; FOOTBALL CLUB GUEUGNON<\/title>\n<meta name=\"robots\" content=\"index, follow, max-snippet:-1, max-image-preview:large, max-video-preview:-1\" \/>\n<link rel=\"canonical\" href=\"https:\/\/www.fcgueugnon.fr\/site\/agenda-week-end-du-18-et-19-fevrier-2023\/3345\" \/>\n<meta property=\"og:locale\" content=\"fr_FR\" \/>\n<meta property=\"og:type\" content=\"article\" \/>\n<meta property=\"og:title\" content=\"[Agenda] Week-end du 18 et 19 F\u00e9vrier 2023 &#8226; FOOTBALL CLUB GUEUGNON\" \/>\n<meta property=\"og:description\" content=\"Au programme de nos forgerons ce week-end S\u00e9niors Groupe N3 \u2013 Coupe Bourgogne Franche Comt\u00e9 (32e de finales)Samedi 18\/02 \u2013 15h00ES Fauverney Rouvres \/ FC Gueugnon &gt; Avant-match Groupe Espoir \u2013 Coupe Intersport J05Dimanche 19\/02 \u2013 14h30FC Gueugnon \/ FC Louhans Cuiseaux B Sport E.Leclerc Acad\u00e9mie U18 R1 \u2013 J09Dimanche 19\/02 \u2013 14h30ASPTT Dijon \/ ... Lire la suite\" \/>\n<meta property=\"og:url\" content=\"https:\/\/www.fcgueugnon.fr\/site\/agenda-week-end-du-18-et-19-fevrier-2023\/3345\" \/>\n<meta property=\"og:site_name\" content=\"FOOTBALL CLUB GUEUGNON\" \/>\n<meta property=\"article:publisher\" content=\"http:\/\/facebook.com\/FCGueugnon\" \/>\n<meta property=\"article:published_time\" content=\"2023-02-16T13:24:53+00:00\" \/>\n<meta property=\"article:modified_time\" content=\"2023-05-13T11:14:45+00:00\" \/>\n<meta property=\"og:image\" content=\"https:\/\/www.fcgueugnon.fr\/site\/wp-content\/uploads\/2022\/09\/MicrosoftTeams-image.png\" \/>\n\t<meta property=\"og:image:width\" content=\"1920\" \/>\n\t<meta property=\"og:image:height\" content=\"1080\" \/>\n\t<meta property=\"og:image:type\" content=\"image\/png\" \/>\n<meta name=\"author\" content=\"FC Gueugnon\" \/>\n<meta name=\"twitter:card\" content=\"summary_large_image\" \/>\n<meta name=\"twitter:creator\" content=\"@FCGueugnon_off\" \/>\n<meta name=\"twitter:site\" content=\"@FCGueugnon_off\" \/>\n<meta name=\"twitter:label1\" content=\"\u00c9crit par\" \/>\n\t<meta name=\"twitter:data1\" content=\"FC Gueugnon\" \/>\n\t<meta name=\"twitter:label2\" content=\"Dur\u00e9e de lecture estim\u00e9e\" \/>\n\t<meta name=\"twitter:data2\" content=\"2 minutes\" \/>\n<script type=\"application\/ld+json\" class=\"yoast-schema-graph\">{\"@context\":\"https:\/\/schema.org\",\"@graph\":[{\"@type\":\"Article\",\"@id\":\"https:\/\/www.fcgueugnon.fr\/site\/agenda-week-end-du-18-et-19-fevrier-2023\/3345#article\",\"isPartOf\":{\"@id\":\"https:\/\/www.fcgueugnon.fr\/site\/agenda-week-end-du-18-et-19-fevrier-2023\/3345\"},\"author\":{\"name\":\"FC Gueugnon\",\"@id\":\"https:\/\/www.fcgueugnon.fr\/site\/#\/schema\/person\/f6444fbdd35fa731ee974c03508738fb\"},\"headline\":\"[Agenda] Week-end du 18 et 19 F\u00e9vrier 2023\",\"datePublished\":\"2023-02-16T13:24:53+00:00\",\"dateModified\":\"2023-05-13T11:14:45+00:00\",\"mainEntityOfPage\":{\"@id\":\"https:\/\/www.fcgueugnon.fr\/site\/agenda-week-end-du-18-et-19-fevrier-2023\/3345\"},\"wordCount\":222,\"publisher\":{\"@id\":\"https:\/\/www.fcgueugnon.fr\/site\/#organization\"},\"image\":{\"@id\":\"https:\/\/www.fcgueugnon.fr\/site\/agenda-week-end-du-18-et-19-fevrier-2023\/3345#primaryimage\"},\"thumbnailUrl\":\"https:\/\/www.fcgueugnon.fr\/site\/wp-content\/uploads\/2022\/09\/MicrosoftTeams-image.png\",\"keywords\":[\"Agenda\",\"Sport E.Leclerc Acad\u00e9mie : Jeunes \/ Formation\"],\"articleSection\":[\"Archives 2022\/2023\",\"News\"],\"inLanguage\":\"fr-FR\"},{\"@type\":\"WebPage\",\"@id\":\"https:\/\/www.fcgueugnon.fr\/site\/agenda-week-end-du-18-et-19-fevrier-2023\/3345\",\"url\":\"https:\/\/www.fcgueugnon.fr\/site\/agenda-week-end-du-18-et-19-fevrier-2023\/3345\",\"name\":\"[Agenda] Week-end du 18 et 19 F\u00e9vrier 2023 &#8226; FOOTBALL CLUB GUEUGNON\",\"isPartOf\":{\"@id\":\"https:\/\/www.fcgueugnon.fr\/site\/#website\"},\"primaryImageOfPage\":{\"@id\":\"https:\/\/www.fcgueugnon.fr\/site\/agenda-week-end-du-18-et-19-fevrier-2023\/3345#primaryimage\"},\"image\":{\"@id\":\"https:\/\/www.fcgueugnon.fr\/site\/agenda-week-end-du-18-et-19-fevrier-2023\/3345#primaryimage\"},\"thumbnailUrl\":\"https:\/\/www.fcgueugnon.fr\/site\/wp-content\/uploads\/2022\/09\/MicrosoftTeams-image.png\",\"datePublished\":\"2023-02-16T13:24:53+00:00\",\"dateModified\":\"2023-05-13T11:14:45+00:00\",\"breadcrumb\":{\"@id\":\"https:\/\/www.fcgueugnon.fr\/site\/agenda-week-end-du-18-et-19-fevrier-2023\/3345#breadcrumb\"},\"inLanguage\":\"fr-FR\",\"potentialAction\":[{\"@type\":\"ReadAction\",\"target\":[\"https:\/\/www.fcgueugnon.fr\/site\/agenda-week-end-du-18-et-19-fevrier-2023\/3345\"]}]},{\"@type\":\"ImageObject\",\"inLanguage\":\"fr-FR\",\"@id\":\"https:\/\/www.fcgueugnon.fr\/site\/agenda-week-end-du-18-et-19-fevrier-2023\/3345#primaryimage\",\"url\":\"https:\/\/www.fcgueugnon.fr\/site\/wp-content\/uploads\/2022\/09\/MicrosoftTeams-image.png\",\"contentUrl\":\"https:\/\/www.fcgueugnon.fr\/site\/wp-content\/uploads\/2022\/09\/MicrosoftTeams-image.png\",\"width\":1920,\"height\":1080},{\"@type\":\"BreadcrumbList\",\"@id\":\"https:\/\/www.fcgueugnon.fr\/site\/agenda-week-end-du-18-et-19-fevrier-2023\/3345#breadcrumb\",\"itemListElement\":[{\"@type\":\"ListItem\",\"position\":1,\"name\":\"Accueil\",\"item\":\"https:\/\/www.fcgueugnon.fr\/site\/\"},{\"@type\":\"ListItem\",\"position\":2,\"name\":\"[Agenda] Week-end du 18 et 19 F\u00e9vrier 2023\"}]},{\"@type\":\"WebSite\",\"@id\":\"https:\/\/www.fcgueugnon.fr\/site\/#website\",\"url\":\"https:\/\/www.fcgueugnon.fr\/site\/\",\"name\":\"FOOTBALL CLUB GUEUGNON\",\"description\":\"Le Site Officiel des Forgerons\",\"publisher\":{\"@id\":\"https:\/\/www.fcgueugnon.fr\/site\/#organization\"},\"potentialAction\":[{\"@type\":\"SearchAction\",\"target\":{\"@type\":\"EntryPoint\",\"urlTemplate\":\"https:\/\/www.fcgueugnon.fr\/site\/?s={search_term_string}\"},\"query-input\":{\"@type\":\"PropertyValueSpecification\",\"valueRequired\":true,\"valueName\":\"search_term_string\"}}],\"inLanguage\":\"fr-FR\"},{\"@type\":\"Organization\",\"@id\":\"https:\/\/www.fcgueugnon.fr\/site\/#organization\",\"name\":\"FC Gueugnon\",\"url\":\"https:\/\/www.fcgueugnon.fr\/site\/\",\"logo\":{\"@type\":\"ImageObject\",\"inLanguage\":\"fr-FR\",\"@id\":\"https:\/\/www.fcgueugnon.fr\/site\/#\/schema\/logo\/image\/\",\"url\":\"https:\/\/www.fcgueugnon.fr\/site\/wp-content\/uploads\/2022\/07\/cropped-Logo-FCGUEUGNON-low-350x350-1.png\",\"contentUrl\":\"https:\/\/www.fcgueugnon.fr\/site\/wp-content\/uploads\/2022\/07\/cropped-Logo-FCGUEUGNON-low-350x350-1.png\",\"width\":350,\"height\":350,\"caption\":\"FC Gueugnon\"},\"image\":{\"@id\":\"https:\/\/www.fcgueugnon.fr\/site\/#\/schema\/logo\/image\/\"},\"sameAs\":[\"http:\/\/facebook.com\/FCGueugnon\",\"https:\/\/x.com\/FCGueugnon_off\",\"https:\/\/www.instagram.com\/fcgueugnon\/\",\"https:\/\/www.linkedin.com\/company\/football-club-de-gueugnon\/\",\"https:\/\/www.youtube.com\/user\/FCGueugnonnais\",\"https:\/\/fr.wikipedia.org\/wiki\/Football_Club_de_Gueugnon\"]},{\"@type\":\"Person\",\"@id\":\"https:\/\/www.fcgueugnon.fr\/site\/#\/schema\/person\/f6444fbdd35fa731ee974c03508738fb\",\"name\":\"FC Gueugnon\",\"sameAs\":[\"https:\/\/www.fcgueugnon.fr\/site\"],\"url\":\"https:\/\/www.fcgueugnon.fr\/site\/author\/admin-antho\"}]}<\/script>\n<!-- \/ Yoast SEO plugin. -->","yoast_head_json":{"title":"[Agenda] Week-end du 18 et 19 F\u00e9vrier 2023 &#8226; FOOTBALL CLUB GUEUGNON","robots":{"index":"index","follow":"follow","max-snippet":"max-snippet:-1","max-image-preview":"max-image-preview:large","max-video-preview":"max-video-preview:-1"},"canonical":"https:\/\/www.fcgueugnon.fr\/site\/agenda-week-end-du-18-et-19-fevrier-2023\/3345","og_locale":"fr_FR","og_type":"article","og_title":"[Agenda] Week-end du 18 et 19 F\u00e9vrier 2023 &#8226; FOOTBALL CLUB GUEUGNON","og_description":"Au programme de nos forgerons ce week-end S\u00e9niors Groupe N3 \u2013 Coupe Bourgogne Franche Comt\u00e9 (32e de finales)Samedi 18\/02 \u2013 15h00ES Fauverney Rouvres \/ FC Gueugnon > Avant-match Groupe Espoir \u2013 Coupe Intersport J05Dimanche 19\/02 \u2013 14h30FC Gueugnon \/ FC Louhans Cuiseaux B Sport E.Leclerc Acad\u00e9mie U18 R1 \u2013 J09Dimanche 19\/02 \u2013 14h30ASPTT Dijon \/ ... Lire la suite","og_url":"https:\/\/www.fcgueugnon.fr\/site\/agenda-week-end-du-18-et-19-fevrier-2023\/3345","og_site_name":"FOOTBALL CLUB GUEUGNON","article_publisher":"http:\/\/facebook.com\/FCGueugnon","article_published_time":"2023-02-16T13:24:53+00:00","article_modified_time":"2023-05-13T11:14:45+00:00","og_image":[{"width":1920,"height":1080,"url":"https:\/\/www.fcgueugnon.fr\/site\/wp-content\/uploads\/2022\/09\/MicrosoftTeams-image.png","type":"image\/png"}],"author":"FC Gueugnon","twitter_card":"summary_large_image","twitter_creator":"@FCGueugnon_off","twitter_site":"@FCGueugnon_off","twitter_misc":{"\u00c9crit par":"FC Gueugnon","Dur\u00e9e de lecture estim\u00e9e":"2 minutes"},"schema":{"@context":"https:\/\/schema.org","@graph":[{"@type":"Article","@id":"https:\/\/www.fcgueugnon.fr\/site\/agenda-week-end-du-18-et-19-fevrier-2023\/3345#article","isPartOf":{"@id":"https:\/\/www.fcgueugnon.fr\/site\/agenda-week-end-du-18-et-19-fevrier-2023\/3345"},"author":{"name":"FC Gueugnon","@id":"https:\/\/www.fcgueugnon.fr\/site\/#\/schema\/person\/f6444fbdd35fa731ee974c03508738fb"},"headline":"[Agenda] Week-end du 18 et 19 F\u00e9vrier 2023","datePublished":"2023-02-16T13:24:53+00:00","dateModified":"2023-05-13T11:14:45+00:00","mainEntityOfPage":{"@id":"https:\/\/www.fcgueugnon.fr\/site\/agenda-week-end-du-18-et-19-fevrier-2023\/3345"},"wordCount":222,"publisher":{"@id":"https:\/\/www.fcgueugnon.fr\/site\/#organization"},"image":{"@id":"https:\/\/www.fcgueugnon.fr\/site\/agenda-week-end-du-18-et-19-fevrier-2023\/3345#primaryimage"},"thumbnailUrl":"https:\/\/www.fcgueugnon.fr\/site\/wp-content\/uploads\/2022\/09\/MicrosoftTeams-image.png","keywords":["Agenda","Sport E.Leclerc Acad\u00e9mie : Jeunes \/ Formation"],"articleSection":["Archives 2022\/2023","News"],"inLanguage":"fr-FR"},{"@type":"WebPage","@id":"https:\/\/www.fcgueugnon.fr\/site\/agenda-week-end-du-18-et-19-fevrier-2023\/3345","url":"https:\/\/www.fcgueugnon.fr\/site\/agenda-week-end-du-18-et-19-fevrier-2023\/3345","name":"[Agenda] Week-end du 18 et 19 F\u00e9vrier 2023 &#8226; FOOTBALL CLUB GUEUGNON","isPartOf":{"@id":"https:\/\/www.fcgueugnon.fr\/site\/#website"},"primaryImageOfPage":{"@id":"https:\/\/www.fcgueugnon.fr\/site\/agenda-week-end-du-18-et-19-fevrier-2023\/3345#primaryimage"},"image":{"@id":"https:\/\/www.fcgueugnon.fr\/site\/agenda-week-end-du-18-et-19-fevrier-2023\/3345#primaryimage"},"thumbnailUrl":"https:\/\/www.fcgueugnon.fr\/site\/wp-content\/uploads\/2022\/09\/MicrosoftTeams-image.png","datePublished":"2023-02-16T13:24:53+00:00","dateModified":"2023-05-13T11:14:45+00:00","breadcrumb":{"@id":"https:\/\/www.fcgueugnon.fr\/site\/agenda-week-end-du-18-et-19-fevrier-2023\/3345#breadcrumb"},"inLanguage":"fr-FR","potentialAction":[{"@type":"ReadAction","target":["https:\/\/www.fcgueugnon.fr\/site\/agenda-week-end-du-18-et-19-fevrier-2023\/3345"]}]},{"@type":"ImageObject","inLanguage":"fr-FR","@id":"https:\/\/www.fcgueugnon.fr\/site\/agenda-week-end-du-18-et-19-fevrier-2023\/3345#primaryimage","url":"https:\/\/www.fcgueugnon.fr\/site\/wp-content\/uploads\/2022\/09\/MicrosoftTeams-image.png","contentUrl":"https:\/\/www.fcgueugnon.fr\/site\/wp-content\/uploads\/2022\/09\/MicrosoftTeams-image.png","width":1920,"height":1080},{"@type":"BreadcrumbList","@id":"https:\/\/www.fcgueugnon.fr\/site\/agenda-week-end-du-18-et-19-fevrier-2023\/3345#breadcrumb","itemListElement":[{"@type":"ListItem","position":1,"name":"Accueil","item":"https:\/\/www.fcgueugnon.fr\/site\/"},{"@type":"ListItem","position":2,"name":"[Agenda] Week-end du 18 et 19 F\u00e9vrier 2023"}]},{"@type":"WebSite","@id":"https:\/\/www.fcgueugnon.fr\/site\/#website","url":"https:\/\/www.fcgueugnon.fr\/site\/","name":"FOOTBALL CLUB GUEUGNON","description":"Le Site Officiel des Forgerons","publisher":{"@id":"https:\/\/www.fcgueugnon.fr\/site\/#organization"},"potentialAction":[{"@type":"SearchAction","target":{"@type":"EntryPoint","urlTemplate":"https:\/\/www.fcgueugnon.fr\/site\/?s={search_term_string}"},"query-input":{"@type":"PropertyValueSpecification","valueRequired":true,"valueName":"search_term_string"}}],"inLanguage":"fr-FR"},{"@type":"Organization","@id":"https:\/\/www.fcgueugnon.fr\/site\/#organization","name":"FC Gueugnon","url":"https:\/\/www.fcgueugnon.fr\/site\/","logo":{"@type":"ImageObject","inLanguage":"fr-FR","@id":"https:\/\/www.fcgueugnon.fr\/site\/#\/schema\/logo\/image\/","url":"https:\/\/www.fcgueugnon.fr\/site\/wp-content\/uploads\/2022\/07\/cropped-Logo-FCGUEUGNON-low-350x350-1.png","contentUrl":"https:\/\/www.fcgueugnon.fr\/site\/wp-content\/uploads\/2022\/07\/cropped-Logo-FCGUEUGNON-low-350x350-1.png","width":350,"height":350,"caption":"FC Gueugnon"},"image":{"@id":"https:\/\/www.fcgueugnon.fr\/site\/#\/schema\/logo\/image\/"},"sameAs":["http:\/\/facebook.com\/FCGueugnon","https:\/\/x.com\/FCGueugnon_off","https:\/\/www.instagram.com\/fcgueugnon\/","https:\/\/www.linkedin.com\/company\/football-club-de-gueugnon\/","https:\/\/www.youtube.com\/user\/FCGueugnonnais","https:\/\/fr.wikipedia.org\/wiki\/Football_Club_de_Gueugnon"]},{"@type":"Person","@id":"https:\/\/www.fcgueugnon.fr\/site\/#\/schema\/person\/f6444fbdd35fa731ee974c03508738fb","name":"FC Gueugnon","sameAs":["https:\/\/www.fcgueugnon.fr\/site"],"url":"https:\/\/www.fcgueugnon.fr\/site\/author\/admin-antho"}]}},"rttpg_featured_image_url":{"full":["https:\/\/www.fcgueugnon.fr\/site\/wp-content\/uploads\/2022\/09\/MicrosoftTeams-image.png",1920,1080,false],"landscape":["https:\/\/www.fcgueugnon.fr\/site\/wp-content\/uploads\/2022\/09\/MicrosoftTeams-image.png",1920,1080,false],"portraits":["https:\/\/www.fcgueugnon.fr\/site\/wp-content\/uploads\/2022\/09\/MicrosoftTeams-image.png",1920,1080,false],"thumbnail":["https:\/\/www.fcgueugnon.fr\/site\/wp-content\/uploads\/2022\/09\/MicrosoftTeams-image-150x150.png",150,150,true],"medium":["https:\/\/www.fcgueugnon.fr\/site\/wp-content\/uploads\/2022\/09\/MicrosoftTeams-image-400x225.png",400,225,true],"large":["https:\/\/www.fcgueugnon.fr\/site\/wp-content\/uploads\/2022\/09\/MicrosoftTeams-image-1024x576.png",1024,576,true],"1536x1536":["https:\/\/www.fcgueugnon.fr\/site\/wp-content\/uploads\/2022\/09\/MicrosoftTeams-image-1536x864.png",1536,864,true],"2048x2048":["https:\/\/www.fcgueugnon.fr\/site\/wp-content\/uploads\/2022\/09\/MicrosoftTeams-image.png",1920,1080,false]},"rttpg_author":{"display_name":"FC Gueugnon","author_link":"https:\/\/www.fcgueugnon.fr\/site\/author\/admin-antho"},"rttpg_comment":0,"rttpg_category":"<a href=\"https:\/\/www.fcgueugnon.fr\/site\/category\/news\/news-2022-2023\" rel=\"category tag\">Archives 2022\/2023<\/a> <a href=\"https:\/\/www.fcgueugnon.fr\/site\/category\/news\" rel=\"category tag\">News<\/a>","rttpg_excerpt":"Au programme de nos forgerons ce week-end S\u00e9niors Groupe N3 \u2013 Coupe Bourgogne Franche Comt\u00e9 (32e de finales)Samedi 18\/02 \u2013 15h00ES Fauverney Rouvres \/ FC Gueugnon > Avant-match Groupe Espoir \u2013 Coupe Intersport J05Dimanche 19\/02 \u2013 14h30FC Gueugnon \/ FC Louhans Cuiseaux B Sport E.Leclerc Acad\u00e9mie U18 R1 \u2013 J09Dimanche 19\/02 \u2013 14h30ASPTT Dijon \/\u2026","_links":{"self":[{"href":"https:\/\/www.fcgueugnon.fr\/site\/wp-json\/wp\/v2\/posts\/3345","targetHints":{"allow":["GET"]}}],"collection":[{"href":"https:\/\/www.fcgueugnon.fr\/site\/wp-json\/wp\/v2\/posts"}],"about":[{"href":"https:\/\/www.fcgueugnon.fr\/site\/wp-json\/wp\/v2\/types\/post"}],"author":[{"embeddable":true,"href":"https:\/\/www.fcgueugnon.fr\/site\/wp-json\/wp\/v2\/users\/1"}],"replies":[{"embeddable":true,"href":"https:\/\/www.fcgueugnon.fr\/site\/wp-json\/wp\/v2\/comments?post=3345"}],"version-history":[{"count":3,"href":"https:\/\/www.fcgueugnon.fr\/site\/wp-json\/wp\/v2\/posts\/3345\/revisions"}],"predecessor-version":[{"id":3352,"href":"https:\/\/www.fcgueugnon.fr\/site\/wp-json\/wp\/v2\/posts\/3345\/revisions\/3352"}],"wp:featuredmedia":[{"embeddable":true,"href":"https:\/\/www.fcgueugnon.fr\/site\/wp-json\/wp\/v2\/media\/1107"}],"wp:attachment":[{"href":"https:\/\/www.fcgueugnon.fr\/site\/wp-json\/wp\/v2\/media?parent=3345"}],"wp:term":[{"taxonomy":"category","embeddable":true,"href":"https:\/\/www.fcgueugnon.fr\/site\/wp-json\/wp\/v2\/categories?post=3345"},{"taxonomy":"post_tag","embeddable":true,"href":"https:\/\/www.fcgueugnon.fr\/site\/wp-json\/wp\/v2\/tags?post=3345"}],"curies":[{"name":"wp","href":"https:\/\/api.w.org\/{rel}","templated":true}]}}