{"id":3143,"date":"2023-02-10T08:41:57","date_gmt":"2023-02-10T07:41:57","guid":{"rendered":"https:\/\/www.fcgueugnon.fr\/site\/?p=3143"},"modified":"2024-02-21T21:44:39","modified_gmt":"2024-02-21T20:44:39","slug":"n3-j15-fc-grandvillars-fc-gueugnon-une-rencontre-pour-des-forgerons-entre-le-marteau-et-lenclume","status":"publish","type":"post","link":"https:\/\/www.fcgueugnon.fr\/site\/n3-j15-fc-grandvillars-fc-gueugnon-une-rencontre-pour-des-forgerons-entre-le-marteau-et-lenclume\/3143","title":{"rendered":"[N3 J15 : FC Grandvillars &#8211; FC Gueugnon ] Une rencontre pour des forgerons entre le marteau et l&rsquo;enclume&#8230;"},"content":{"rendered":"\n<h2 class=\"wp-block-heading\">Battus au match aller, les gueugnonnais cherchent toujours cette premi\u00e8re victoire \u00e0 l\u2019ext\u00e9rieur&#8230; Et pourquoi pas du c\u00f4t\u00e9 de Grandvillars ? <\/h2>\n\n\n\n<div style=\"height:70px\" aria-hidden=\"true\" class=\"wp-block-spacer\"><\/div>\n\n\n\n<div class=\"wp-block-getwid-image-box getwid-animation has-text-center has-mobile-layout-default has-mobile-alignment-default\" data-animation=\"zoomSmall\"><div class=\"wp-block-getwid-image-box__image-container is-position-top\"><div class=\"wp-block-getwid-image-box__image-wrapper\"><img loading=\"lazy\" decoding=\"async\" width=\"1024\" height=\"682\" src=\"https:\/\/www.fcgueugnon.fr\/site\/wp-content\/uploads\/2023\/01\/uf-macon-fc-gueugnon-anthony-lamonge-1024x682.png\" class=\"wp-block-getwid-image-box__image wp-image-2955\" srcset=\"https:\/\/www.fcgueugnon.fr\/site\/wp-content\/uploads\/2023\/01\/uf-macon-fc-gueugnon-anthony-lamonge-1024x682.png 1024w, https:\/\/www.fcgueugnon.fr\/site\/wp-content\/uploads\/2023\/01\/uf-macon-fc-gueugnon-anthony-lamonge-400x267.png 400w, https:\/\/www.fcgueugnon.fr\/site\/wp-content\/uploads\/2023\/01\/uf-macon-fc-gueugnon-anthony-lamonge-768x512.png 768w, https:\/\/www.fcgueugnon.fr\/site\/wp-content\/uploads\/2023\/01\/uf-macon-fc-gueugnon-anthony-lamonge-1536x1024.png 1536w, https:\/\/www.fcgueugnon.fr\/site\/wp-content\/uploads\/2023\/01\/uf-macon-fc-gueugnon-anthony-lamonge-1320x880.png 1320w, https:\/\/www.fcgueugnon.fr\/site\/wp-content\/uploads\/2023\/01\/uf-macon-fc-gueugnon-anthony-lamonge-600x400.png 600w, https:\/\/www.fcgueugnon.fr\/site\/wp-content\/uploads\/2023\/01\/uf-macon-fc-gueugnon-anthony-lamonge.png 1772w\" sizes=\"auto, (max-width: 1024px) 100vw, 1024px\" \/><\/div><\/div><div class=\"wp-block-getwid-image-box__content\">\n<h3 class=\"wp-block-heading\"><\/h3>\n\n\n\n<p><\/p>\n<\/div><\/div>\n\n\n\n<div style=\"height:70px\" aria-hidden=\"true\" class=\"wp-block-spacer\"><\/div>\n\n\n\n<h3 class=\"wp-block-heading\">\ud83c\udd9a <em><strong>L&rsquo;adversaire <\/strong><\/em><\/h3>\n\n\n\n<p><strong>Grandvillars<\/strong> a tourn\u00e9 la page de sa belle saison pr\u00e9c\u00e9dente qui s&rsquo;\u00e9tait achev\u00e9e \u00e0 la 6e place du classement. Cette ann\u00e9e, les terrifortains alternent le chaud et le froid dans ce championnat de N3 : 9 d\u00e9faites pour 4 victoires dont celle pleine d\u2019opportunisme et avec une solidit\u00e9 d\u00e9fensive sans faille face aux gueugnonnais, \u00e0 <strong>Jean Laville<\/strong>, lors de la 3eme journ\u00e9e (<a href=\"https:\/\/www.fcgueugnon.fr\/site\/n3-j03-fc-gueugnon-fc-grandvillars-resultat-reactions-et-resume-video\/1419\" target=\"_blank\" rel=\"noreferrer noopener\">revivre le match en vid\u00e9o<\/a>).<\/p>\n\n\n\n<p>Apr\u00e8s plusieurs matchs complexes dont une d\u00e9faite 2-0 face aux montcelliens le 10 d\u00e9cembre dernier, l&rsquo;\u00ab autre FCG \u00bb aura du patienter jusqu&rsquo;au 28 janvier avant de lancer l&rsquo;ann\u00e9e 2023 ! Une longue phase d\u2019attente ponctu\u00e9e par le d\u00e9part pour le championnat suisse d\u2019un joueur clef en la personne de <strong>Cl\u00e9ment Payan<\/strong>&#8230; Malgr\u00e9 tout, ce sont des grandvellais r\u00e9alistes et bien prot\u00e9g\u00e9s par un gardien imp\u00e9rial dans sa surface qui se sont impos\u00e9es fin Janvier \u00e0 <strong>Is-Selongey <\/strong>pour obtenir une 3 victoires sur 4 \u00e0 l\u2019ext\u00e9rieur.<\/p>\n\n\n\n<p>Mais l&rsquo;enchainement attendu dimanche dernier contre le <strong>Besan\u00e7on Foot <\/strong>n&rsquo;aura pas eu lieu&#8230; Apr\u00e8s avoir men\u00e9 au score pendant 70 minutes, le <strong>FC Grandvillars <\/strong>s&rsquo;inclinera en fin de partie (2-1) laissant le club \u00e0 la 13e place (sur 14) avec 12 points mais un match en moins \u00e0 jouer contre le <strong>DFCO B<\/strong>. Un club en mission sauvetage \u00e0 ne v\u00e9ritablement pas prendre \u00e0 la l\u00e9g\u00e8re !<\/p>\n\n\n\n<p>Site internet du FC Grandvillars : <a href=\"https:\/\/www.fcgrandvillars.fr\/home\" target=\"_blank\" rel=\"noreferrer noopener\">www.fcgrandvillars.fr<\/a><\/p>\n\n\n\n<div style=\"height:70px\" aria-hidden=\"true\" class=\"wp-block-spacer\"><\/div>\n\n\n\n<h3 class=\"wp-block-heading\">\ud83d\udce3 <em><strong>La d\u00e9cla&rsquo;<\/strong><\/em><\/h3>\n\n\n\n<blockquote class=\"wp-block-quote is-style-default is-layout-flow wp-block-quote-is-layout-flow\">\n<p> \u00ab On s&rsquo;attend \u00e0 un match engag\u00e9 et disput\u00e9. Ce ne sera pas simple mais on y va pour essayer de r\u00e9cup\u00e9rer les points perdus contre Montceau.&nbsp;\u00bb<\/p>\n<cite><strong><em>Philippe CORREIA (entraineur)<\/em><\/strong><\/cite><\/blockquote>\n\n\n\n<div style=\"height:70px\" aria-hidden=\"true\" class=\"wp-block-spacer\"><\/div>\n\n\n\n<h3 class=\"wp-block-heading\">\ud83d\udfe1\ud83d\udd35 <em><strong>Le FC Gueugnon<\/strong><\/em><\/h3>\n\n\n\n<p>Dans la zone de rel\u00e9gation avant la tr\u00eave des confiseurs, les forgerons (de <strong>Gueugnon<\/strong>) ont su trouver des ressources pour redresser la barre en 2023 ! Une victoire probante contre <strong>Morteau-Montlebon<\/strong> (3-0), un bon match nul et un premier point pris \u00e0 l\u2019ext\u00e9rieur contre <strong>M\u00e2con<\/strong> et la belle prestation en amicale contre <strong>Jura Sud <\/strong>(N2) validaient les efforts produits \u00e0 l&rsquo;entrainement (<a href=\"https:\/\/www.fcgueugnon.fr\/site\/tag\/resultat\">revivre les apr\u00e8s-matchs<\/a>). <\/p>\n\n\n\n<p>Mais lors du dernier match \u00e0 <strong>Jean Laville <\/strong>et devant plus de 1000 spectateurs pour <strong>#LeDerbyDu71<\/strong>, les jaunes et bleus n&rsquo;ont pas su imposer leur jeu. Men\u00e9 au score, <strong>Gueugnon <\/strong>\u00e9galisa gr\u00e2ce \u00e0 un but d\u2019<strong>Arnaud Rollin <\/strong>\u00e0 la 86<sup>e<\/sup> pour un score final de 1-1. Un r\u00e9sultat qui laisse \u00e0 dire au buteur du soir : \u00ab&nbsp;<em>on a su se rattraper avec ce point et c\u2019est mieux que rien<\/em>&nbsp;\u00bb (<a href=\"https:\/\/www.fcgueugnon.fr\/site\/n3-j14-fc-gueugnon-fc-montceau-resultat-reactions-et-resume-video\/3070\" target=\"_blank\" rel=\"noreferrer noopener\">revivre le match en vid\u00e9o<\/a>).<\/p>\n\n\n\n<p>Avec l\u2019envie de rebondir apr\u00e8s ce dernier r\u00e9sultat, mais \u00e9galement de r\u00e9pondre \u00e0 la d\u00e9faite au match aller&#8230; Ou encore avec l&rsquo;envie d\u2019engranger enfin une premi\u00e8re victoire \u00e0 l\u2019ext\u00e9rieur, les gueugnonnais auront \u00e0 c\u0153ur de prouver leur vraie valeur sur la pelouse (synth\u00e9tique) des adversaires&#8230; <\/p>\n\n\n\n<div style=\"height:70px\" aria-hidden=\"true\" class=\"wp-block-spacer\"><\/div>\n\n\n\n<hr class=\"wp-block-separator has-text-color has-css-opacity has-background is-style-default\" style=\"background-color:#f7db4a;color:#f7db4a\"\/>\n\n\n\n<div style=\"height:25px\" aria-hidden=\"true\" class=\"wp-block-spacer\"><\/div>\n\n\n\n<div class=\"wp-block-media-text alignwide is-stacked-on-mobile is-vertically-aligned-center is-style-default\" style=\"grid-template-columns:49% auto\"><figure class=\"wp-block-media-text__media\"><img loading=\"lazy\" decoding=\"async\" width=\"1024\" height=\"538\" src=\"https:\/\/www.fcgueugnon.fr\/site\/wp-content\/uploads\/2022\/08\/post-facebook-FCG-1024x538.png\" alt=\"\" class=\"wp-image-930 size-full\" srcset=\"https:\/\/www.fcgueugnon.fr\/site\/wp-content\/uploads\/2022\/08\/post-facebook-FCG-1024x538.png 1024w, https:\/\/www.fcgueugnon.fr\/site\/wp-content\/uploads\/2022\/08\/post-facebook-FCG-400x210.png 400w, https:\/\/www.fcgueugnon.fr\/site\/wp-content\/uploads\/2022\/08\/post-facebook-FCG-768x403.png 768w, https:\/\/www.fcgueugnon.fr\/site\/wp-content\/uploads\/2022\/08\/post-facebook-FCG.png 1200w\" sizes=\"auto, (max-width: 1024px) 100vw, 1024px\" \/><\/figure><div class=\"wp-block-media-text__content\">\n<h2 class=\"wp-block-heading\">C&rsquo;est en covoiturant qu&rsquo;on devient Forgeron ! <\/h2>\n\n\n\n<div style=\"height:10px\" aria-hidden=\"true\" class=\"wp-block-spacer\"><\/div>\n\n\n\n<p><strong>Rendez-vous sur l&rsquo;application et le site internet de StadiumGO pour proposer et trouver votre trajet pour vous rendre aux matchs du FC Gueugnon !<\/strong><\/p>\n\n\n\n<div class=\"wp-block-buttons is-layout-flex wp-block-buttons-is-layout-flex\">\n<div class=\"wp-block-button aligncenter is-style-circular\"><a class=\"wp-block-button__link wp-element-button\" href=\"https:\/\/www.stadiumgo.fr\/liste-matchs?search=1&amp;club=gueugnon&amp;league=\">StadiumGO<\/a><\/div>\n<\/div>\n<\/div><\/div>\n\n\n\n<div style=\"height:25px\" aria-hidden=\"true\" class=\"wp-block-spacer\"><\/div>\n\n\n\n<hr class=\"wp-block-separator has-text-color has-css-opacity has-background is-style-default\" style=\"background-color:#f7db4a;color:#f7db4a\"\/>\n\n\n\n<h3 class=\"wp-block-heading\">\u26bd <strong><em>La fiche<\/em><\/strong><\/h3>\n\n\n\n<h4 class=\"wp-block-heading\"><b>NIVEAU NATIONAL : F\u00c9D\u00c9RATION&nbsp;FRAN\u00c7AISE&nbsp;DE FOOTBALL<\/b><br><strong><b>NATIONAL 3 &#8211; J15<\/b><\/strong><br>Samedi 11 F\u00e9vrier 2023 &#8211; 18H00<br>FC Grandvillars \/ FC Gueugnon<\/h4>\n\n\n\n<p><strong>TERRAIN<\/strong><br>STADE L\u00c9ON GELOT<br>RUE DU STADE<br>90600 &#8211; GRANDVILLARS<\/p>\n\n\n\n<p><strong>SURFACE DE JEU<\/strong><br>Synth\u00e9tique<\/p>\n\n\n\n<p><strong>OFFICIELS<\/strong><br>Arbitre centre : BAPTISTE LAMBERT<br>Arbitre assistant 1 : SEBASTIEN SIMARD<br>Arbitre assistant 2 : BILLEL DEBBICHE<br>D\u00e9l\u00e9gu\u00e9 principal : ROGER RIVOLET<\/p>\n\n\n\n<div style=\"height:50px\" aria-hidden=\"true\" class=\"wp-block-spacer\"><\/div>\n\n\n\n<h3 class=\"wp-block-heading\"><strong>Groupe<\/strong><\/h3>\n\n\n\n<figure class=\"wp-block-embed is-type-rich is-provider-twitter wp-block-embed-twitter\"><div class=\"wp-block-embed__wrapper\">\n<blockquote class=\"twitter-tweet\" data-width=\"550\" data-dnt=\"true\"><p lang=\"fr\" dir=\"ltr\">\ud83d\udfe1 \ud835\udde1\ud835\udfef \ud835\udddd\ud835\udfed\ud835\udff1 | \ud835\uddd9\ud835\uddd6 \ud835\uddda\ud835\udde5\ud835\uddd4\ud835\udde1\ud835\uddd7\ud835\udde9\ud835\udddc\ud835\udddf\ud835\udddf\ud835\uddd4\ud835\udde5\ud835\udde6 &#8211; \ud835\uddd9\ud835\uddd6 \ud835\uddda\ud835\udde8\ud835\uddd8\ud835\udde8\ud835\uddda\ud835\udde1\ud835\udde2\ud835\udde1 \ud83d\udd35<br><br>\ud83d\udc65 Le groupe retenu par Philippe Correia pour cette rencontre : Lamonge, Njock, Helal, Chauvet, Soulier, Mohamed, Luanda, Fa. Revuelta, Diallo, Mustivar, Gab\u00e9, Bouekou, Dram\u00e9, Mbock, Fr. Revuelta, Rollin. <a href=\"https:\/\/t.co\/xI1BWNIhhv\">pic.twitter.com\/xI1BWNIhhv<\/a><\/p>&mdash; FC Gueugnon (@FCGueugnon_Off) <a href=\"https:\/\/twitter.com\/FCGueugnon_Off\/status\/1624121020494774274?ref_src=twsrc%5Etfw\">February 10, 2023<\/a><\/blockquote><script async src=\"https:\/\/platform.twitter.com\/widgets.js\" charset=\"utf-8\"><\/script>\n<\/div><\/figure>\n\n\n\n<div style=\"height:50px\" aria-hidden=\"true\" class=\"wp-block-spacer\"><\/div>\n\n\n\n<h3 class=\"wp-block-heading\">\ud83d\uddd3 <strong>La 15e journ\u00e9e de National 3<\/strong><\/h3>\n\n\n\n<p>Samedi 11 F\u00e9vrier<br>14:30 : FC Montceau &#8211; Sochaux-Montbeliard B<br>15:00 : Dijon FCO B &#8211; Besan\u00e7on Foot<br>16:00 : Morteau-Montlebon &#8211; St Apollinaire<br>17:00 : UCS Cosne &#8211; CA Pontarlier<br>18:00 : UF M\u00e2con &#8211; AS Quetigny<br>18:00 : FC Grandvillars &#8211; FC Gueugnon<br>18:00 : Is-Selongey &#8211; Jura Dolois<br><br><\/p>\n\n\n\n<div style=\"height:100px\" aria-hidden=\"true\" class=\"wp-block-spacer\"><\/div>\n","protected":false},"excerpt":{"rendered":"<p>Battus au match aller, les gueugnonnais cherchent toujours cette premi\u00e8re victoire \u00e0 l\u2019ext\u00e9rieur&#8230; Et pourquoi pas du c\u00f4t\u00e9 de Grandvillars ? \ud83c\udd9a L&rsquo;adversaire Grandvillars a tourn\u00e9 la page de sa belle saison pr\u00e9c\u00e9dente qui s&rsquo;\u00e9tait achev\u00e9e \u00e0 la 6e place du classement. Cette ann\u00e9e, les terrifortains alternent le chaud et le froid dans ce championnat &#8230; <\/p>\n<p class=\"read-more-container\"><a title=\"[N3 J15 : FC Grandvillars &#8211; FC Gueugnon ] Une rencontre pour des forgerons entre le marteau et l&rsquo;enclume&#8230;\" class=\"read-more button\" href=\"https:\/\/www.fcgueugnon.fr\/site\/n3-j15-fc-grandvillars-fc-gueugnon-une-rencontre-pour-des-forgerons-entre-le-marteau-et-lenclume\/3143#more-3143\" aria-label=\"Plus sur [N3 J15 : FC Grandvillars &#8211; FC Gueugnon ] Une rencontre pour des forgerons entre le marteau et l&rsquo;enclume&#8230;\">Lire la suite<\/a><\/p>\n","protected":false},"author":1,"featured_media":3249,"comment_status":"closed","ping_status":"closed","sticky":false,"template":"","format":"standard","meta":{"footnotes":""},"categories":[5,4],"tags":[28],"class_list":["post-3143","post","type-post","status-publish","format-standard","has-post-thumbnail","hentry","category-news-2022-2023","category-news","tag-avant-match","infinite-scroll-item","generate-columns","tablet-grid-50","mobile-grid-100","grid-parent","grid-25","resize-featured-image"],"yoast_head":"<!-- This site is optimized with the Yoast SEO plugin v26.6 - https:\/\/yoast.com\/wordpress\/plugins\/seo\/ -->\n<title>[N3 J15 : FC Grandvillars - FC Gueugnon ] Une rencontre pour des forgerons entre le marteau et l&#039;enclume... &#8226; FOOTBALL CLUB GUEUGNON<\/title>\n<meta name=\"robots\" content=\"index, follow, max-snippet:-1, max-image-preview:large, max-video-preview:-1\" \/>\n<link rel=\"canonical\" href=\"https:\/\/www.fcgueugnon.fr\/site\/n3-j15-fc-grandvillars-fc-gueugnon-une-rencontre-pour-des-forgerons-entre-le-marteau-et-lenclume\/3143\" \/>\n<meta property=\"og:locale\" content=\"fr_FR\" \/>\n<meta property=\"og:type\" content=\"article\" \/>\n<meta property=\"og:title\" content=\"[N3 J15 : FC Grandvillars - FC Gueugnon ] Une rencontre pour des forgerons entre le marteau et l&#039;enclume... &#8226; FOOTBALL CLUB GUEUGNON\" \/>\n<meta property=\"og:description\" content=\"Battus au match aller, les gueugnonnais cherchent toujours cette premi\u00e8re victoire \u00e0 l\u2019ext\u00e9rieur&#8230; Et pourquoi pas du c\u00f4t\u00e9 de Grandvillars ? \ud83c\udd9a L&rsquo;adversaire Grandvillars a tourn\u00e9 la page de sa belle saison pr\u00e9c\u00e9dente qui s&rsquo;\u00e9tait achev\u00e9e \u00e0 la 6e place du classement. Cette ann\u00e9e, les terrifortains alternent le chaud et le froid dans ce championnat ... Lire la suite\" \/>\n<meta property=\"og:url\" content=\"https:\/\/www.fcgueugnon.fr\/site\/n3-j15-fc-grandvillars-fc-gueugnon-une-rencontre-pour-des-forgerons-entre-le-marteau-et-lenclume\/3143\" \/>\n<meta property=\"og:site_name\" content=\"FOOTBALL CLUB GUEUGNON\" \/>\n<meta property=\"article:publisher\" content=\"http:\/\/facebook.com\/FCGueugnon\" \/>\n<meta property=\"article:published_time\" content=\"2023-02-10T07:41:57+00:00\" \/>\n<meta property=\"article:modified_time\" content=\"2024-02-21T20:44:39+00:00\" \/>\n<meta property=\"og:image\" content=\"https:\/\/www.fcgueugnon.fr\/site\/wp-content\/uploads\/2023\/02\/avant-match-fc-grandvillars-fc-gueugnon-1024x576.png\" \/>\n\t<meta property=\"og:image:width\" content=\"1024\" \/>\n\t<meta property=\"og:image:height\" content=\"576\" \/>\n\t<meta property=\"og:image:type\" content=\"image\/png\" \/>\n<meta name=\"author\" content=\"FC Gueugnon\" \/>\n<meta name=\"twitter:card\" content=\"summary_large_image\" \/>\n<meta name=\"twitter:creator\" content=\"@FCGueugnon_off\" \/>\n<meta name=\"twitter:site\" content=\"@FCGueugnon_off\" \/>\n<meta name=\"twitter:label1\" content=\"\u00c9crit par\" \/>\n\t<meta name=\"twitter:data1\" content=\"FC Gueugnon\" \/>\n\t<meta name=\"twitter:label2\" content=\"Dur\u00e9e de lecture estim\u00e9e\" \/>\n\t<meta name=\"twitter:data2\" content=\"4 minutes\" \/>\n<script type=\"application\/ld+json\" class=\"yoast-schema-graph\">{\"@context\":\"https:\/\/schema.org\",\"@graph\":[{\"@type\":\"Article\",\"@id\":\"https:\/\/www.fcgueugnon.fr\/site\/n3-j15-fc-grandvillars-fc-gueugnon-une-rencontre-pour-des-forgerons-entre-le-marteau-et-lenclume\/3143#article\",\"isPartOf\":{\"@id\":\"https:\/\/www.fcgueugnon.fr\/site\/n3-j15-fc-grandvillars-fc-gueugnon-une-rencontre-pour-des-forgerons-entre-le-marteau-et-lenclume\/3143\"},\"author\":{\"name\":\"FC Gueugnon\",\"@id\":\"https:\/\/www.fcgueugnon.fr\/site\/#\/schema\/person\/f6444fbdd35fa731ee974c03508738fb\"},\"headline\":\"[N3 J15 : FC Grandvillars &#8211; FC Gueugnon ] Une rencontre pour des forgerons entre le marteau et l&rsquo;enclume&#8230;\",\"datePublished\":\"2023-02-10T07:41:57+00:00\",\"dateModified\":\"2024-02-21T20:44:39+00:00\",\"mainEntityOfPage\":{\"@id\":\"https:\/\/www.fcgueugnon.fr\/site\/n3-j15-fc-grandvillars-fc-gueugnon-une-rencontre-pour-des-forgerons-entre-le-marteau-et-lenclume\/3143\"},\"wordCount\":661,\"publisher\":{\"@id\":\"https:\/\/www.fcgueugnon.fr\/site\/#organization\"},\"image\":{\"@id\":\"https:\/\/www.fcgueugnon.fr\/site\/n3-j15-fc-grandvillars-fc-gueugnon-une-rencontre-pour-des-forgerons-entre-le-marteau-et-lenclume\/3143#primaryimage\"},\"thumbnailUrl\":\"https:\/\/www.fcgueugnon.fr\/site\/wp-content\/uploads\/2023\/02\/avant-match-fc-grandvillars-fc-gueugnon.png\",\"keywords\":[\"Avant-match\"],\"articleSection\":[\"Archives 2022\/2023\",\"News\"],\"inLanguage\":\"fr-FR\"},{\"@type\":\"WebPage\",\"@id\":\"https:\/\/www.fcgueugnon.fr\/site\/n3-j15-fc-grandvillars-fc-gueugnon-une-rencontre-pour-des-forgerons-entre-le-marteau-et-lenclume\/3143\",\"url\":\"https:\/\/www.fcgueugnon.fr\/site\/n3-j15-fc-grandvillars-fc-gueugnon-une-rencontre-pour-des-forgerons-entre-le-marteau-et-lenclume\/3143\",\"name\":\"[N3 J15 : FC Grandvillars - FC Gueugnon ] Une rencontre pour des forgerons entre le marteau et l'enclume... &#8226; FOOTBALL CLUB GUEUGNON\",\"isPartOf\":{\"@id\":\"https:\/\/www.fcgueugnon.fr\/site\/#website\"},\"primaryImageOfPage\":{\"@id\":\"https:\/\/www.fcgueugnon.fr\/site\/n3-j15-fc-grandvillars-fc-gueugnon-une-rencontre-pour-des-forgerons-entre-le-marteau-et-lenclume\/3143#primaryimage\"},\"image\":{\"@id\":\"https:\/\/www.fcgueugnon.fr\/site\/n3-j15-fc-grandvillars-fc-gueugnon-une-rencontre-pour-des-forgerons-entre-le-marteau-et-lenclume\/3143#primaryimage\"},\"thumbnailUrl\":\"https:\/\/www.fcgueugnon.fr\/site\/wp-content\/uploads\/2023\/02\/avant-match-fc-grandvillars-fc-gueugnon.png\",\"datePublished\":\"2023-02-10T07:41:57+00:00\",\"dateModified\":\"2024-02-21T20:44:39+00:00\",\"breadcrumb\":{\"@id\":\"https:\/\/www.fcgueugnon.fr\/site\/n3-j15-fc-grandvillars-fc-gueugnon-une-rencontre-pour-des-forgerons-entre-le-marteau-et-lenclume\/3143#breadcrumb\"},\"inLanguage\":\"fr-FR\",\"potentialAction\":[{\"@type\":\"ReadAction\",\"target\":[\"https:\/\/www.fcgueugnon.fr\/site\/n3-j15-fc-grandvillars-fc-gueugnon-une-rencontre-pour-des-forgerons-entre-le-marteau-et-lenclume\/3143\"]}]},{\"@type\":\"ImageObject\",\"inLanguage\":\"fr-FR\",\"@id\":\"https:\/\/www.fcgueugnon.fr\/site\/n3-j15-fc-grandvillars-fc-gueugnon-une-rencontre-pour-des-forgerons-entre-le-marteau-et-lenclume\/3143#primaryimage\",\"url\":\"https:\/\/www.fcgueugnon.fr\/site\/wp-content\/uploads\/2023\/02\/avant-match-fc-grandvillars-fc-gueugnon.png\",\"contentUrl\":\"https:\/\/www.fcgueugnon.fr\/site\/wp-content\/uploads\/2023\/02\/avant-match-fc-grandvillars-fc-gueugnon.png\",\"width\":1920,\"height\":1080},{\"@type\":\"BreadcrumbList\",\"@id\":\"https:\/\/www.fcgueugnon.fr\/site\/n3-j15-fc-grandvillars-fc-gueugnon-une-rencontre-pour-des-forgerons-entre-le-marteau-et-lenclume\/3143#breadcrumb\",\"itemListElement\":[{\"@type\":\"ListItem\",\"position\":1,\"name\":\"Accueil\",\"item\":\"https:\/\/www.fcgueugnon.fr\/site\/\"},{\"@type\":\"ListItem\",\"position\":2,\"name\":\"[N3 J15 : FC Grandvillars &#8211; FC Gueugnon ] Une rencontre pour des forgerons entre le marteau et l&#8217;enclume&#8230;\"}]},{\"@type\":\"WebSite\",\"@id\":\"https:\/\/www.fcgueugnon.fr\/site\/#website\",\"url\":\"https:\/\/www.fcgueugnon.fr\/site\/\",\"name\":\"FOOTBALL CLUB GUEUGNON\",\"description\":\"Le Site Officiel des Forgerons\",\"publisher\":{\"@id\":\"https:\/\/www.fcgueugnon.fr\/site\/#organization\"},\"potentialAction\":[{\"@type\":\"SearchAction\",\"target\":{\"@type\":\"EntryPoint\",\"urlTemplate\":\"https:\/\/www.fcgueugnon.fr\/site\/?s={search_term_string}\"},\"query-input\":{\"@type\":\"PropertyValueSpecification\",\"valueRequired\":true,\"valueName\":\"search_term_string\"}}],\"inLanguage\":\"fr-FR\"},{\"@type\":\"Organization\",\"@id\":\"https:\/\/www.fcgueugnon.fr\/site\/#organization\",\"name\":\"FC Gueugnon\",\"url\":\"https:\/\/www.fcgueugnon.fr\/site\/\",\"logo\":{\"@type\":\"ImageObject\",\"inLanguage\":\"fr-FR\",\"@id\":\"https:\/\/www.fcgueugnon.fr\/site\/#\/schema\/logo\/image\/\",\"url\":\"https:\/\/www.fcgueugnon.fr\/site\/wp-content\/uploads\/2022\/07\/cropped-Logo-FCGUEUGNON-low-350x350-1.png\",\"contentUrl\":\"https:\/\/www.fcgueugnon.fr\/site\/wp-content\/uploads\/2022\/07\/cropped-Logo-FCGUEUGNON-low-350x350-1.png\",\"width\":350,\"height\":350,\"caption\":\"FC Gueugnon\"},\"image\":{\"@id\":\"https:\/\/www.fcgueugnon.fr\/site\/#\/schema\/logo\/image\/\"},\"sameAs\":[\"http:\/\/facebook.com\/FCGueugnon\",\"https:\/\/x.com\/FCGueugnon_off\",\"https:\/\/www.instagram.com\/fcgueugnon\/\",\"https:\/\/www.linkedin.com\/company\/football-club-de-gueugnon\/\",\"https:\/\/www.youtube.com\/user\/FCGueugnonnais\",\"https:\/\/fr.wikipedia.org\/wiki\/Football_Club_de_Gueugnon\"]},{\"@type\":\"Person\",\"@id\":\"https:\/\/www.fcgueugnon.fr\/site\/#\/schema\/person\/f6444fbdd35fa731ee974c03508738fb\",\"name\":\"FC Gueugnon\",\"sameAs\":[\"https:\/\/www.fcgueugnon.fr\/site\"],\"url\":\"https:\/\/www.fcgueugnon.fr\/site\/author\/admin-antho\"}]}<\/script>\n<!-- \/ Yoast SEO plugin. -->","yoast_head_json":{"title":"[N3 J15 : FC Grandvillars - FC Gueugnon ] Une rencontre pour des forgerons entre le marteau et l'enclume... &#8226; FOOTBALL CLUB GUEUGNON","robots":{"index":"index","follow":"follow","max-snippet":"max-snippet:-1","max-image-preview":"max-image-preview:large","max-video-preview":"max-video-preview:-1"},"canonical":"https:\/\/www.fcgueugnon.fr\/site\/n3-j15-fc-grandvillars-fc-gueugnon-une-rencontre-pour-des-forgerons-entre-le-marteau-et-lenclume\/3143","og_locale":"fr_FR","og_type":"article","og_title":"[N3 J15 : FC Grandvillars - FC Gueugnon ] Une rencontre pour des forgerons entre le marteau et l'enclume... &#8226; FOOTBALL CLUB GUEUGNON","og_description":"Battus au match aller, les gueugnonnais cherchent toujours cette premi\u00e8re victoire \u00e0 l\u2019ext\u00e9rieur&#8230; Et pourquoi pas du c\u00f4t\u00e9 de Grandvillars ? \ud83c\udd9a L&rsquo;adversaire Grandvillars a tourn\u00e9 la page de sa belle saison pr\u00e9c\u00e9dente qui s&rsquo;\u00e9tait achev\u00e9e \u00e0 la 6e place du classement. Cette ann\u00e9e, les terrifortains alternent le chaud et le froid dans ce championnat ... Lire la suite","og_url":"https:\/\/www.fcgueugnon.fr\/site\/n3-j15-fc-grandvillars-fc-gueugnon-une-rencontre-pour-des-forgerons-entre-le-marteau-et-lenclume\/3143","og_site_name":"FOOTBALL CLUB GUEUGNON","article_publisher":"http:\/\/facebook.com\/FCGueugnon","article_published_time":"2023-02-10T07:41:57+00:00","article_modified_time":"2024-02-21T20:44:39+00:00","og_image":[{"width":1024,"height":576,"url":"https:\/\/www.fcgueugnon.fr\/site\/wp-content\/uploads\/2023\/02\/avant-match-fc-grandvillars-fc-gueugnon-1024x576.png","type":"image\/png"}],"author":"FC Gueugnon","twitter_card":"summary_large_image","twitter_creator":"@FCGueugnon_off","twitter_site":"@FCGueugnon_off","twitter_misc":{"\u00c9crit par":"FC Gueugnon","Dur\u00e9e de lecture estim\u00e9e":"4 minutes"},"schema":{"@context":"https:\/\/schema.org","@graph":[{"@type":"Article","@id":"https:\/\/www.fcgueugnon.fr\/site\/n3-j15-fc-grandvillars-fc-gueugnon-une-rencontre-pour-des-forgerons-entre-le-marteau-et-lenclume\/3143#article","isPartOf":{"@id":"https:\/\/www.fcgueugnon.fr\/site\/n3-j15-fc-grandvillars-fc-gueugnon-une-rencontre-pour-des-forgerons-entre-le-marteau-et-lenclume\/3143"},"author":{"name":"FC Gueugnon","@id":"https:\/\/www.fcgueugnon.fr\/site\/#\/schema\/person\/f6444fbdd35fa731ee974c03508738fb"},"headline":"[N3 J15 : FC Grandvillars &#8211; FC Gueugnon ] Une rencontre pour des forgerons entre le marteau et l&rsquo;enclume&#8230;","datePublished":"2023-02-10T07:41:57+00:00","dateModified":"2024-02-21T20:44:39+00:00","mainEntityOfPage":{"@id":"https:\/\/www.fcgueugnon.fr\/site\/n3-j15-fc-grandvillars-fc-gueugnon-une-rencontre-pour-des-forgerons-entre-le-marteau-et-lenclume\/3143"},"wordCount":661,"publisher":{"@id":"https:\/\/www.fcgueugnon.fr\/site\/#organization"},"image":{"@id":"https:\/\/www.fcgueugnon.fr\/site\/n3-j15-fc-grandvillars-fc-gueugnon-une-rencontre-pour-des-forgerons-entre-le-marteau-et-lenclume\/3143#primaryimage"},"thumbnailUrl":"https:\/\/www.fcgueugnon.fr\/site\/wp-content\/uploads\/2023\/02\/avant-match-fc-grandvillars-fc-gueugnon.png","keywords":["Avant-match"],"articleSection":["Archives 2022\/2023","News"],"inLanguage":"fr-FR"},{"@type":"WebPage","@id":"https:\/\/www.fcgueugnon.fr\/site\/n3-j15-fc-grandvillars-fc-gueugnon-une-rencontre-pour-des-forgerons-entre-le-marteau-et-lenclume\/3143","url":"https:\/\/www.fcgueugnon.fr\/site\/n3-j15-fc-grandvillars-fc-gueugnon-une-rencontre-pour-des-forgerons-entre-le-marteau-et-lenclume\/3143","name":"[N3 J15 : FC Grandvillars - FC Gueugnon ] Une rencontre pour des forgerons entre le marteau et l'enclume... &#8226; FOOTBALL CLUB GUEUGNON","isPartOf":{"@id":"https:\/\/www.fcgueugnon.fr\/site\/#website"},"primaryImageOfPage":{"@id":"https:\/\/www.fcgueugnon.fr\/site\/n3-j15-fc-grandvillars-fc-gueugnon-une-rencontre-pour-des-forgerons-entre-le-marteau-et-lenclume\/3143#primaryimage"},"image":{"@id":"https:\/\/www.fcgueugnon.fr\/site\/n3-j15-fc-grandvillars-fc-gueugnon-une-rencontre-pour-des-forgerons-entre-le-marteau-et-lenclume\/3143#primaryimage"},"thumbnailUrl":"https:\/\/www.fcgueugnon.fr\/site\/wp-content\/uploads\/2023\/02\/avant-match-fc-grandvillars-fc-gueugnon.png","datePublished":"2023-02-10T07:41:57+00:00","dateModified":"2024-02-21T20:44:39+00:00","breadcrumb":{"@id":"https:\/\/www.fcgueugnon.fr\/site\/n3-j15-fc-grandvillars-fc-gueugnon-une-rencontre-pour-des-forgerons-entre-le-marteau-et-lenclume\/3143#breadcrumb"},"inLanguage":"fr-FR","potentialAction":[{"@type":"ReadAction","target":["https:\/\/www.fcgueugnon.fr\/site\/n3-j15-fc-grandvillars-fc-gueugnon-une-rencontre-pour-des-forgerons-entre-le-marteau-et-lenclume\/3143"]}]},{"@type":"ImageObject","inLanguage":"fr-FR","@id":"https:\/\/www.fcgueugnon.fr\/site\/n3-j15-fc-grandvillars-fc-gueugnon-une-rencontre-pour-des-forgerons-entre-le-marteau-et-lenclume\/3143#primaryimage","url":"https:\/\/www.fcgueugnon.fr\/site\/wp-content\/uploads\/2023\/02\/avant-match-fc-grandvillars-fc-gueugnon.png","contentUrl":"https:\/\/www.fcgueugnon.fr\/site\/wp-content\/uploads\/2023\/02\/avant-match-fc-grandvillars-fc-gueugnon.png","width":1920,"height":1080},{"@type":"BreadcrumbList","@id":"https:\/\/www.fcgueugnon.fr\/site\/n3-j15-fc-grandvillars-fc-gueugnon-une-rencontre-pour-des-forgerons-entre-le-marteau-et-lenclume\/3143#breadcrumb","itemListElement":[{"@type":"ListItem","position":1,"name":"Accueil","item":"https:\/\/www.fcgueugnon.fr\/site\/"},{"@type":"ListItem","position":2,"name":"[N3 J15 : FC Grandvillars &#8211; FC Gueugnon ] Une rencontre pour des forgerons entre le marteau et l&#8217;enclume&#8230;"}]},{"@type":"WebSite","@id":"https:\/\/www.fcgueugnon.fr\/site\/#website","url":"https:\/\/www.fcgueugnon.fr\/site\/","name":"FOOTBALL CLUB GUEUGNON","description":"Le Site Officiel des Forgerons","publisher":{"@id":"https:\/\/www.fcgueugnon.fr\/site\/#organization"},"potentialAction":[{"@type":"SearchAction","target":{"@type":"EntryPoint","urlTemplate":"https:\/\/www.fcgueugnon.fr\/site\/?s={search_term_string}"},"query-input":{"@type":"PropertyValueSpecification","valueRequired":true,"valueName":"search_term_string"}}],"inLanguage":"fr-FR"},{"@type":"Organization","@id":"https:\/\/www.fcgueugnon.fr\/site\/#organization","name":"FC Gueugnon","url":"https:\/\/www.fcgueugnon.fr\/site\/","logo":{"@type":"ImageObject","inLanguage":"fr-FR","@id":"https:\/\/www.fcgueugnon.fr\/site\/#\/schema\/logo\/image\/","url":"https:\/\/www.fcgueugnon.fr\/site\/wp-content\/uploads\/2022\/07\/cropped-Logo-FCGUEUGNON-low-350x350-1.png","contentUrl":"https:\/\/www.fcgueugnon.fr\/site\/wp-content\/uploads\/2022\/07\/cropped-Logo-FCGUEUGNON-low-350x350-1.png","width":350,"height":350,"caption":"FC Gueugnon"},"image":{"@id":"https:\/\/www.fcgueugnon.fr\/site\/#\/schema\/logo\/image\/"},"sameAs":["http:\/\/facebook.com\/FCGueugnon","https:\/\/x.com\/FCGueugnon_off","https:\/\/www.instagram.com\/fcgueugnon\/","https:\/\/www.linkedin.com\/company\/football-club-de-gueugnon\/","https:\/\/www.youtube.com\/user\/FCGueugnonnais","https:\/\/fr.wikipedia.org\/wiki\/Football_Club_de_Gueugnon"]},{"@type":"Person","@id":"https:\/\/www.fcgueugnon.fr\/site\/#\/schema\/person\/f6444fbdd35fa731ee974c03508738fb","name":"FC Gueugnon","sameAs":["https:\/\/www.fcgueugnon.fr\/site"],"url":"https:\/\/www.fcgueugnon.fr\/site\/author\/admin-antho"}]}},"rttpg_featured_image_url":{"full":["https:\/\/www.fcgueugnon.fr\/site\/wp-content\/uploads\/2023\/02\/avant-match-fc-grandvillars-fc-gueugnon.png",1920,1080,false],"landscape":["https:\/\/www.fcgueugnon.fr\/site\/wp-content\/uploads\/2023\/02\/avant-match-fc-grandvillars-fc-gueugnon.png",1920,1080,false],"portraits":["https:\/\/www.fcgueugnon.fr\/site\/wp-content\/uploads\/2023\/02\/avant-match-fc-grandvillars-fc-gueugnon.png",1920,1080,false],"thumbnail":["https:\/\/www.fcgueugnon.fr\/site\/wp-content\/uploads\/2023\/02\/avant-match-fc-grandvillars-fc-gueugnon-150x150.png",150,150,true],"medium":["https:\/\/www.fcgueugnon.fr\/site\/wp-content\/uploads\/2023\/02\/avant-match-fc-grandvillars-fc-gueugnon-400x225.png",400,225,true],"large":["https:\/\/www.fcgueugnon.fr\/site\/wp-content\/uploads\/2023\/02\/avant-match-fc-grandvillars-fc-gueugnon-1024x576.png",1024,576,true],"1536x1536":["https:\/\/www.fcgueugnon.fr\/site\/wp-content\/uploads\/2023\/02\/avant-match-fc-grandvillars-fc-gueugnon-1536x864.png",1536,864,true],"2048x2048":["https:\/\/www.fcgueugnon.fr\/site\/wp-content\/uploads\/2023\/02\/avant-match-fc-grandvillars-fc-gueugnon.png",1920,1080,false]},"rttpg_author":{"display_name":"FC Gueugnon","author_link":"https:\/\/www.fcgueugnon.fr\/site\/author\/admin-antho"},"rttpg_comment":0,"rttpg_category":"<a href=\"https:\/\/www.fcgueugnon.fr\/site\/category\/news\/news-2022-2023\" rel=\"category tag\">Archives 2022\/2023<\/a> <a href=\"https:\/\/www.fcgueugnon.fr\/site\/category\/news\" rel=\"category tag\">News<\/a>","rttpg_excerpt":"Battus au match aller, les gueugnonnais cherchent toujours cette premi\u00e8re victoire \u00e0 l\u2019ext\u00e9rieur&#8230; Et pourquoi pas du c\u00f4t\u00e9 de Grandvillars ? \ud83c\udd9a L&rsquo;adversaire Grandvillars a tourn\u00e9 la page de sa belle saison pr\u00e9c\u00e9dente qui s&rsquo;\u00e9tait achev\u00e9e \u00e0 la 6e place du classement. Cette ann\u00e9e, les terrifortains alternent le chaud et le froid dans ce championnat\u2026","_links":{"self":[{"href":"https:\/\/www.fcgueugnon.fr\/site\/wp-json\/wp\/v2\/posts\/3143","targetHints":{"allow":["GET"]}}],"collection":[{"href":"https:\/\/www.fcgueugnon.fr\/site\/wp-json\/wp\/v2\/posts"}],"about":[{"href":"https:\/\/www.fcgueugnon.fr\/site\/wp-json\/wp\/v2\/types\/post"}],"author":[{"embeddable":true,"href":"https:\/\/www.fcgueugnon.fr\/site\/wp-json\/wp\/v2\/users\/1"}],"replies":[{"embeddable":true,"href":"https:\/\/www.fcgueugnon.fr\/site\/wp-json\/wp\/v2\/comments?post=3143"}],"version-history":[{"count":3,"href":"https:\/\/www.fcgueugnon.fr\/site\/wp-json\/wp\/v2\/posts\/3143\/revisions"}],"predecessor-version":[{"id":3303,"href":"https:\/\/www.fcgueugnon.fr\/site\/wp-json\/wp\/v2\/posts\/3143\/revisions\/3303"}],"wp:featuredmedia":[{"embeddable":true,"href":"https:\/\/www.fcgueugnon.fr\/site\/wp-json\/wp\/v2\/media\/3249"}],"wp:attachment":[{"href":"https:\/\/www.fcgueugnon.fr\/site\/wp-json\/wp\/v2\/media?parent=3143"}],"wp:term":[{"taxonomy":"category","embeddable":true,"href":"https:\/\/www.fcgueugnon.fr\/site\/wp-json\/wp\/v2\/categories?post=3143"},{"taxonomy":"post_tag","embeddable":true,"href":"https:\/\/www.fcgueugnon.fr\/site\/wp-json\/wp\/v2\/tags?post=3143"}],"curies":[{"name":"wp","href":"https:\/\/api.w.org\/{rel}","templated":true}]}}