{"id":3070,"date":"2023-02-06T14:38:57","date_gmt":"2023-02-06T13:38:57","guid":{"rendered":"https:\/\/www.fcgueugnon.fr\/site\/?p=3070"},"modified":"2023-05-13T13:11:23","modified_gmt":"2023-05-13T11:11:23","slug":"n3-j14-fc-gueugnon-fc-montceau-resultat-reactions-et-resume-video","status":"publish","type":"post","link":"https:\/\/www.fcgueugnon.fr\/site\/n3-j14-fc-gueugnon-fc-montceau-resultat-reactions-et-resume-video\/3070","title":{"rendered":"[N3 J14 : FC Gueugnon \u2013 FC Montceau] R\u00e9sultat, r\u00e9actions et r\u00e9sum\u00e9 vid\u00e9o"},"content":{"rendered":"\n<h3 class=\"has-text-align-left wp-block-heading\"><strong>Men\u00e9s au score, les forgerons ont su r\u00e9agir et revenir au score dans ce derby face au FC Montceau Bourgogne.<\/strong><\/h3>\n\n\n\n<div style=\"height:15px\" aria-hidden=\"true\" class=\"wp-block-spacer\"><\/div>\n\n\n\n<figure class=\"wp-block-gallery has-nested-images columns-2 is-cropped wp-block-gallery-1 is-layout-flex wp-block-gallery-is-layout-flex\">\n<figure class=\"wp-block-image size-large\"><img loading=\"lazy\" decoding=\"async\" width=\"1024\" height=\"682\" data-id=\"3074\" src=\"https:\/\/www.fcgueugnon.fr\/site\/wp-content\/uploads\/2023\/02\/FC-gueugnon-1-1-FC-Montceau-Bourgogne-2-1024x682.png\" alt=\"\" class=\"wp-image-3074\" srcset=\"https:\/\/www.fcgueugnon.fr\/site\/wp-content\/uploads\/2023\/02\/FC-gueugnon-1-1-FC-Montceau-Bourgogne-2-1024x682.png 1024w, https:\/\/www.fcgueugnon.fr\/site\/wp-content\/uploads\/2023\/02\/FC-gueugnon-1-1-FC-Montceau-Bourgogne-2-400x267.png 400w, https:\/\/www.fcgueugnon.fr\/site\/wp-content\/uploads\/2023\/02\/FC-gueugnon-1-1-FC-Montceau-Bourgogne-2-768x512.png 768w, https:\/\/www.fcgueugnon.fr\/site\/wp-content\/uploads\/2023\/02\/FC-gueugnon-1-1-FC-Montceau-Bourgogne-2-1536x1024.png 1536w, https:\/\/www.fcgueugnon.fr\/site\/wp-content\/uploads\/2023\/02\/FC-gueugnon-1-1-FC-Montceau-Bourgogne-2-1320x880.png 1320w, https:\/\/www.fcgueugnon.fr\/site\/wp-content\/uploads\/2023\/02\/FC-gueugnon-1-1-FC-Montceau-Bourgogne-2-600x400.png 600w, https:\/\/www.fcgueugnon.fr\/site\/wp-content\/uploads\/2023\/02\/FC-gueugnon-1-1-FC-Montceau-Bourgogne-2.png 1772w\" sizes=\"auto, (max-width: 1024px) 100vw, 1024px\" \/><\/figure>\n\n\n\n<figure class=\"wp-block-image size-large\"><img loading=\"lazy\" decoding=\"async\" width=\"1024\" height=\"682\" data-id=\"3075\" src=\"https:\/\/www.fcgueugnon.fr\/site\/wp-content\/uploads\/2023\/02\/FC-gueugnon-1-1-FC-Montceau-Bourgogne-4-1024x682.png\" alt=\"\" class=\"wp-image-3075\" srcset=\"https:\/\/www.fcgueugnon.fr\/site\/wp-content\/uploads\/2023\/02\/FC-gueugnon-1-1-FC-Montceau-Bourgogne-4-1024x682.png 1024w, https:\/\/www.fcgueugnon.fr\/site\/wp-content\/uploads\/2023\/02\/FC-gueugnon-1-1-FC-Montceau-Bourgogne-4-400x267.png 400w, https:\/\/www.fcgueugnon.fr\/site\/wp-content\/uploads\/2023\/02\/FC-gueugnon-1-1-FC-Montceau-Bourgogne-4-768x512.png 768w, https:\/\/www.fcgueugnon.fr\/site\/wp-content\/uploads\/2023\/02\/FC-gueugnon-1-1-FC-Montceau-Bourgogne-4-1536x1024.png 1536w, https:\/\/www.fcgueugnon.fr\/site\/wp-content\/uploads\/2023\/02\/FC-gueugnon-1-1-FC-Montceau-Bourgogne-4-1320x880.png 1320w, https:\/\/www.fcgueugnon.fr\/site\/wp-content\/uploads\/2023\/02\/FC-gueugnon-1-1-FC-Montceau-Bourgogne-4-600x400.png 600w, https:\/\/www.fcgueugnon.fr\/site\/wp-content\/uploads\/2023\/02\/FC-gueugnon-1-1-FC-Montceau-Bourgogne-4.png 1772w\" sizes=\"auto, (max-width: 1024px) 100vw, 1024px\" \/><\/figure>\n\n\n\n<figure class=\"wp-block-image size-large\"><img loading=\"lazy\" decoding=\"async\" width=\"1024\" height=\"682\" data-id=\"3073\" src=\"https:\/\/www.fcgueugnon.fr\/site\/wp-content\/uploads\/2023\/02\/FC-gueugnon-1-1-FC-Montceau-Bourgogne-3-1024x682.png\" alt=\"\" class=\"wp-image-3073\" srcset=\"https:\/\/www.fcgueugnon.fr\/site\/wp-content\/uploads\/2023\/02\/FC-gueugnon-1-1-FC-Montceau-Bourgogne-3-1024x682.png 1024w, https:\/\/www.fcgueugnon.fr\/site\/wp-content\/uploads\/2023\/02\/FC-gueugnon-1-1-FC-Montceau-Bourgogne-3-400x267.png 400w, https:\/\/www.fcgueugnon.fr\/site\/wp-content\/uploads\/2023\/02\/FC-gueugnon-1-1-FC-Montceau-Bourgogne-3-768x512.png 768w, https:\/\/www.fcgueugnon.fr\/site\/wp-content\/uploads\/2023\/02\/FC-gueugnon-1-1-FC-Montceau-Bourgogne-3-1536x1024.png 1536w, https:\/\/www.fcgueugnon.fr\/site\/wp-content\/uploads\/2023\/02\/FC-gueugnon-1-1-FC-Montceau-Bourgogne-3-1320x880.png 1320w, https:\/\/www.fcgueugnon.fr\/site\/wp-content\/uploads\/2023\/02\/FC-gueugnon-1-1-FC-Montceau-Bourgogne-3-600x400.png 600w, https:\/\/www.fcgueugnon.fr\/site\/wp-content\/uploads\/2023\/02\/FC-gueugnon-1-1-FC-Montceau-Bourgogne-3.png 1772w\" sizes=\"auto, (max-width: 1024px) 100vw, 1024px\" \/><\/figure>\n\n\n\n<figure class=\"wp-block-image size-large\"><img loading=\"lazy\" decoding=\"async\" width=\"1024\" height=\"682\" data-id=\"3072\" src=\"https:\/\/www.fcgueugnon.fr\/site\/wp-content\/uploads\/2023\/02\/FC-gueugnon-1-1-FC-Montceau-Bourgogne-1024x682.png\" alt=\"\" class=\"wp-image-3072\" srcset=\"https:\/\/www.fcgueugnon.fr\/site\/wp-content\/uploads\/2023\/02\/FC-gueugnon-1-1-FC-Montceau-Bourgogne-1024x682.png 1024w, https:\/\/www.fcgueugnon.fr\/site\/wp-content\/uploads\/2023\/02\/FC-gueugnon-1-1-FC-Montceau-Bourgogne-400x267.png 400w, https:\/\/www.fcgueugnon.fr\/site\/wp-content\/uploads\/2023\/02\/FC-gueugnon-1-1-FC-Montceau-Bourgogne-768x512.png 768w, https:\/\/www.fcgueugnon.fr\/site\/wp-content\/uploads\/2023\/02\/FC-gueugnon-1-1-FC-Montceau-Bourgogne-1536x1024.png 1536w, https:\/\/www.fcgueugnon.fr\/site\/wp-content\/uploads\/2023\/02\/FC-gueugnon-1-1-FC-Montceau-Bourgogne-1320x880.png 1320w, https:\/\/www.fcgueugnon.fr\/site\/wp-content\/uploads\/2023\/02\/FC-gueugnon-1-1-FC-Montceau-Bourgogne-600x400.png 600w, https:\/\/www.fcgueugnon.fr\/site\/wp-content\/uploads\/2023\/02\/FC-gueugnon-1-1-FC-Montceau-Bourgogne.png 1772w\" sizes=\"auto, (max-width: 1024px) 100vw, 1024px\" \/><\/figure>\n<\/figure>\n\n\n\n<p class=\"has-text-align-center\"><em>Photos : FC Gueugnon \/ Bertrand POIZEAU<\/em><\/p>\n\n\n\n<div style=\"height:15px\" aria-hidden=\"true\" class=\"wp-block-spacer\"><\/div>\n\n\n\n<p>Apr\u00e8s un match convainquant sur le terrain de l&rsquo;UF M\u00e2con, c\u2019est \u00e0 domicile que les jaunes et bleus performaient ce samedi contre leurs meilleurs ennemis Montcelliens. En effet, apr\u00e8s les difficult\u00e9s rencontr\u00e9es lors du match aller, l\u2019objectif du FC Gueugnon \u00e9tait de se rapprocher du haut du tableau devant un FCMB qui veut, quant \u00e0 lui, se maintenir.<\/p>\n\n\n\n<p>Apr\u00e8s quelques minutes d\u2019observation, les Montcelliens vont prendre l\u2019avantage sur le jeu avec l&rsquo;objectif de se relancer dans la course au maintien. Malgr\u00e9 tout, la premi\u00e8re occasion du match est \u00e0 l&rsquo;initiative de <strong>Arnaud Rollin<\/strong>, qui trouvera la profondeur mais croisera trop sa frappe. Mais la domination du FCMB \u00e9tait sans compter sur l&rsquo;efficacit\u00e9 du gardien forgeron<strong> Anthony Lamonge <\/strong>qui s\u2019imposera lors de cette premi\u00e8re p\u00e9riode, et causera des difficult\u00e9s aux visiteurs. Les rouges vont manquer plusieurs occasions dans ce premier acte et vont faire face \u00e0 une d\u00e9fense forgeronne efficace. Aucune des deux \u00e9quipes n\u2019aura alors trouv\u00e9 l\u2019ouverture avant la pause. (0-0 ; 45&prime;).<\/p>\n\n\n\n<p>Le d\u00e9but de la seconde p\u00e9riode laissera place \u00e0 des intentions moins prononc\u00e9es, beaucoup de fautes et un rythme moins \u00e9lev\u00e9. Cependant, Montceau ouvrira le score \u00e0 20 minutes du terme par l\u2019interm\u00e9diaire de<strong> Koumba Voama<\/strong> (69\u2019 ; 0-1), ce qui provoquera la mise en action<em> <\/em>de nos forgerons. La frappe en pivot d\u2019<strong>Arnaud Rollin <\/strong>en fin de match (86\u2019 ; 1-1)<strong> <\/strong>sauvera nos Gueugnonnais et fera exulter les 1073 supporters pr\u00e9sents samedi soir.<strong><br><br><\/strong>Apr\u00e8s ce score de parit\u00e9, le FCG se d\u00e9placera ce samedi \u00e0 18h00 sur le terrain du FC Grandvillars.<\/p>\n\n\n\n<div style=\"height:40px\" aria-hidden=\"true\" class=\"wp-block-spacer\"><\/div>\n\n\n\n<h2 class=\"wp-block-heading\">R\u00e9sum\u00e9 vid\u00e9o<\/h2>\n\n\n\n<div style=\"height:40px\" aria-hidden=\"true\" class=\"wp-block-spacer\"><\/div>\n\n\n\n<figure class=\"wp-block-embed is-type-rich is-provider-prise-en-charge-des-contenus-embarques wp-block-embed-prise-en-charge-des-contenus-embarques wp-embed-aspect-4-3 wp-has-aspect-ratio\"><div class=\"wp-block-embed__wrapper\">\n<iframe loading=\"lazy\" title=\"FC Gueugnon - FC Montceau | Journ\u00e9e 14 | R\u00e9sum\u00e9 Complet (#LeDerbyDu71)\" width=\"1200\" height=\"675\" src=\"https:\/\/www.youtube.com\/embed\/PEEBfrdEJLg?feature=oembed\" frameborder=\"0\" allow=\"accelerometer; autoplay; clipboard-write; encrypted-media; gyroscope; picture-in-picture; web-share\" allowfullscreen><\/iframe>\n<\/div><\/figure>\n\n\n\n<div style=\"height:40px\" aria-hidden=\"true\" class=\"wp-block-spacer\"><\/div>\n\n\n\n<h2 class=\"wp-block-heading\">R\u00e9actions<\/h2>\n\n\n\n<div class=\"wp-block-coblocks-media-card alignwide is-style-left is-stacked-on-mobile coblocks-media-card-77145432166\"><div class=\"wp-block-coblocks-media-card__inner has-padding has-large-padding\"><div class=\"wp-block-coblocks-media-card__wrapper\" style=\"grid-template-columns:44% auto\"><figure class=\"wp-block-coblocks-media-card__media has-shadow\"><img loading=\"lazy\" decoding=\"async\" width=\"1024\" height=\"682\" src=\"https:\/\/www.fcgueugnon.fr\/site\/wp-content\/uploads\/2022\/10\/philippe-Correia-FC-Gueugnon-1024x682.jpg\" alt=\"\" class=\"wp-image-1998\" srcset=\"https:\/\/www.fcgueugnon.fr\/site\/wp-content\/uploads\/2022\/10\/philippe-Correia-FC-Gueugnon-1024x682.jpg 1024w, https:\/\/www.fcgueugnon.fr\/site\/wp-content\/uploads\/2022\/10\/philippe-Correia-FC-Gueugnon-400x267.jpg 400w, https:\/\/www.fcgueugnon.fr\/site\/wp-content\/uploads\/2022\/10\/philippe-Correia-FC-Gueugnon-768x512.jpg 768w, https:\/\/www.fcgueugnon.fr\/site\/wp-content\/uploads\/2022\/10\/philippe-Correia-FC-Gueugnon.jpg 1280w\" sizes=\"auto, (max-width: 1024px) 100vw, 1024px\" \/><\/figure><div class=\"wp-block-coblocks-media-card__content has-shadow\">\n<div class=\"wp-block-coblocks-row coblocks-row-77145432275\" data-columns=\"1\" data-layout=\"100\"><div class=\"wp-block-coblocks-row__inner has-background has-padding has-huge-padding has-no-margin is-stacked-on-mobile are-vertically-aligned-center has-medium-gutter\" style=\"background-color:#FFFFFF\">\n<div class=\"wp-block-coblocks-column is-vertically-aligned-center coblocks-column-77145432284\" style=\"width:100%\"><div class=\"wp-block-coblocks-column__inner has-no-padding has-no-margin\">\n<h3 class=\"wp-block-heading\"><strong>Philippe CORREIA, entraineur : <\/strong><\/h3>\n\n\n\n<div style=\"height:30px\" aria-hidden=\"true\" class=\"wp-block-spacer\"><\/div>\n\n\n\n<p><em>\u00ab C&rsquo;\u00e9tait un derby avec beaucoup d&rsquo;intensit\u00e9 et beaucoup de duels. Le pressing de Montceau nous a pos\u00e9 beaucoup de difficult\u00e9s. Fort logiquement, ils ont ouvert le score mais si je retiens le positif, on a su r\u00e9agir et revenir au score. \u00bb<\/em><\/p>\n\n\n\n<div style=\"height:30px\" aria-hidden=\"true\" class=\"wp-block-spacer\"><\/div>\n\n\n\n<p><sub>R\u00e9actions compl\u00e8tes \u00e0 retrouver ce mercredi \u00e0 10:15 et \u00e0 18:30 en direct sur Radio Cactus (FM 92.2) ou \u00e0 partir de jeudi sur notre site officiel ou sur Mixcloud.com !<\/sub><\/p>\n\n\n\n<div style=\"height:20px\" aria-hidden=\"true\" class=\"wp-block-spacer\"><\/div>\n<\/div><\/div>\n<\/div><\/div>\n<\/div><\/div><\/div><\/div>\n\n\n\n<div class=\"wp-block-coblocks-media-card alignwide is-style-right is-stacked-on-mobile coblocks-media-card-77145432166\"><div class=\"wp-block-coblocks-media-card__inner has-padding has-large-padding\"><div class=\"wp-block-coblocks-media-card__wrapper\" style=\"grid-template-columns:auto 44%\"><figure class=\"wp-block-coblocks-media-card__media has-shadow\"><img loading=\"lazy\" decoding=\"async\" width=\"1000\" height=\"751\" src=\"https:\/\/www.fcgueugnon.fr\/site\/wp-content\/uploads\/2023\/02\/title-1675626411.jpg\" alt=\"\" class=\"wp-image-3098\" srcset=\"https:\/\/www.fcgueugnon.fr\/site\/wp-content\/uploads\/2023\/02\/title-1675626411.jpg 1000w, https:\/\/www.fcgueugnon.fr\/site\/wp-content\/uploads\/2023\/02\/title-1675626411-400x300.jpg 400w, https:\/\/www.fcgueugnon.fr\/site\/wp-content\/uploads\/2023\/02\/title-1675626411-768x577.jpg 768w, https:\/\/www.fcgueugnon.fr\/site\/wp-content\/uploads\/2023\/02\/title-1675626411-600x451.jpg 600w\" sizes=\"auto, (max-width: 1000px) 100vw, 1000px\" \/><\/figure><div class=\"wp-block-coblocks-media-card__content has-shadow\">\n<div class=\"wp-block-coblocks-row coblocks-row-77145432275\" data-columns=\"1\" data-layout=\"100\"><div class=\"wp-block-coblocks-row__inner has-background has-padding has-huge-padding has-no-margin is-stacked-on-mobile are-vertically-aligned-center has-medium-gutter\" style=\"background-color:#FFFFFF\">\n<div class=\"wp-block-coblocks-column is-vertically-aligned-center coblocks-column-77145432284\" style=\"width:100%\"><div class=\"wp-block-coblocks-column__inner has-no-padding has-no-margin\">\n<h3 class=\"wp-block-heading\"><strong>Arnaud ROLLIN, attaquant : <\/strong><\/h3>\n\n\n\n<div style=\"height:30px\" aria-hidden=\"true\" class=\"wp-block-spacer\"><\/div>\n\n\n\n<p><em>\u00ab C&rsquo;\u00e9tait un match compliqu\u00e9. On a jou\u00e9 \u00e0 r\u00e9action et on n&rsquo;a pas su reproduire le jeu que l&rsquo;on avait produit lors de nos derniers matchs. Mais on a su se rattraper et revenir au score, c&rsquo;est mieux que rien. \u00bb<\/em><\/p>\n\n\n\n<div style=\"height:30px\" aria-hidden=\"true\" class=\"wp-block-spacer\"><\/div>\n\n\n\n<p><sub>R\u00e9actions compl\u00e8tes \u00e0 retrouver ce mercredi \u00e0 10:15 et \u00e0 18:30 en direct sur Radio Cactus (FM 92.2) ou \u00e0 partir de jeudi sur notre site officiel ou sur Mixcloud.com !<\/sub><\/p>\n\n\n\n<div style=\"height:20px\" aria-hidden=\"true\" class=\"wp-block-spacer\"><\/div>\n<\/div><\/div>\n<\/div><\/div>\n<\/div><\/div><\/div><\/div>\n\n\n\n<div style=\"height:40px\" aria-hidden=\"true\" class=\"wp-block-spacer\"><\/div>\n\n\n\n<hr class=\"wp-block-separator has-text-color has-css-opacity has-background\" style=\"background-color:#f7db4a;color:#f7db4a\"\/>\n\n\n\n<h3 class=\"has-text-align-center wp-block-heading\"><strong>\u2139 Prochains matchs : <\/strong><br>&#8211; Samedi 11\/02 \u00e0 18h00 : FC Grandvillars \/ FC Gueugnon (N3)<br>&#8211; Dimanche 19\/02 \u00e0 14h30 : Fauverney Rouvres \/ FC Gueugnon (Coupe BFC)<\/h3>\n\n\n\n<hr class=\"wp-block-separator has-text-color has-css-opacity has-background\" style=\"background-color:#f7db4a;color:#f7db4a\"\/>\n\n\n\n<h3 class=\"wp-block-heading\">\u26bd <strong>Score final<\/strong><\/h3>\n\n\n\n<p><span data-reactid=\".9.1:3:1:$comment10153319512882859_10153320215687859:0.0.$right.0.$left.0.0.1.$comment-body.0.$end:0:$4:0\"><span class=\"null\"><strong>\u00c0 Gueugnon, Stade Jean Laville<\/strong><br><\/span><\/span>FC Gueugnon 1-1 FC Montceau Bourgogne<br>Buts : Koumba Voama (69&prime;) ; Rollin (86&prime;)<br>Affluence : 1 073 spectateurs<\/p>\n\n\n\n<p><strong>Officiels :<\/strong><br>Arbitre centre : SYLVAIN MAZZOLA<br>Arbitre assistant 1 : CYRILLE REMOND<br>Arbitre assistant 2 : DAMIEN JOURDHIER<br>D\u00e9l\u00e9gu\u00e9 principal : DAVID BERQUIER<\/p>\n\n\n\n<div style=\"height:15px\" aria-hidden=\"true\" class=\"wp-block-spacer\"><\/div>\n\n\n\n<h3 class=\"wp-block-heading\">\ud83d\udfe1\ud83d\udd35 <strong>Composition d&rsquo;\u00e9quipe<\/strong><\/h3>\n\n\n\n<p>Lamonge &#8211; Houla, Fahrasmane, Helal &#8211; Chauvet (65&prime; Mbock), Luanda (65&prime; Mahla), Mustivar (c), Diallo (79&prime; Bouekou), Gab\u00e9 &#8211; Fr. Revuelta (65&prime; Dram\u00e9), Rollin.<br>Entraineur : Philippe Correia \/ Adjoint : Bakeba Bayo.<\/p>\n\n\n\n<div style=\"height:38px\" aria-hidden=\"true\" class=\"wp-block-spacer\"><\/div>\n\n\n\n<h3 class=\"wp-block-heading\">\ud83d\udd0d <strong>Plus d&rsquo;articles <\/strong><\/h3>\n\n\n\n<blockquote class=\"wp-block-quote is-layout-flow wp-block-quote-is-layout-flow\">\n<p><span style=\"line-height: 1.5;\">\u25ba <a href=\"https:\/\/twitter.com\/FCGueugnon_Off\/status\/1621901644957900802\">Revivre le live<\/a><\/span><\/p>\n<\/blockquote>\n","protected":false},"excerpt":{"rendered":"<p>Men\u00e9s au score, les forgerons ont su r\u00e9agir et revenir au score dans ce derby face au FC Montceau Bourgogne. Photos : FC Gueugnon \/ Bertrand POIZEAU Apr\u00e8s un match convainquant sur le terrain de l&rsquo;UF M\u00e2con, c\u2019est \u00e0 domicile que les jaunes et bleus performaient ce samedi contre leurs meilleurs ennemis Montcelliens. En effet, &#8230; <\/p>\n<p class=\"read-more-container\"><a title=\"[N3 J14 : FC Gueugnon \u2013 FC Montceau] R\u00e9sultat, r\u00e9actions et r\u00e9sum\u00e9 vid\u00e9o\" class=\"read-more button\" href=\"https:\/\/www.fcgueugnon.fr\/site\/n3-j14-fc-gueugnon-fc-montceau-resultat-reactions-et-resume-video\/3070#more-3070\" aria-label=\"Plus sur [N3 J14 : FC Gueugnon \u2013 FC Montceau] R\u00e9sultat, r\u00e9actions et r\u00e9sum\u00e9 vid\u00e9o\">Lire la suite<\/a><\/p>\n","protected":false},"author":3,"featured_media":3072,"comment_status":"closed","ping_status":"closed","sticky":true,"template":"","format":"standard","meta":{"footnotes":""},"categories":[5,4],"tags":[27,31],"class_list":["post-3070","post","type-post","status-publish","format-standard","has-post-thumbnail","hentry","category-news-2022-2023","category-news","tag-resultat","tag-video","infinite-scroll-item","generate-columns","tablet-grid-50","mobile-grid-100","grid-parent","grid-25"],"yoast_head":"<!-- This site is optimized with the Yoast SEO plugin v26.6 - https:\/\/yoast.com\/wordpress\/plugins\/seo\/ -->\n<title>[N3 J14 : FC Gueugnon \u2013 FC Montceau] R\u00e9sultat, r\u00e9actions et r\u00e9sum\u00e9 vid\u00e9o &#8226; FOOTBALL CLUB GUEUGNON<\/title>\n<meta name=\"robots\" content=\"index, follow, max-snippet:-1, max-image-preview:large, max-video-preview:-1\" \/>\n<link rel=\"canonical\" href=\"https:\/\/www.fcgueugnon.fr\/site\/n3-j14-fc-gueugnon-fc-montceau-resultat-reactions-et-resume-video\/3070\" \/>\n<meta property=\"og:locale\" content=\"fr_FR\" \/>\n<meta property=\"og:type\" content=\"article\" \/>\n<meta property=\"og:title\" content=\"[N3 J14 : FC Gueugnon \u2013 FC Montceau] R\u00e9sultat, r\u00e9actions et r\u00e9sum\u00e9 vid\u00e9o &#8226; FOOTBALL CLUB GUEUGNON\" \/>\n<meta property=\"og:description\" content=\"Men\u00e9s au score, les forgerons ont su r\u00e9agir et revenir au score dans ce derby face au FC Montceau Bourgogne. Photos : FC Gueugnon \/ Bertrand POIZEAU Apr\u00e8s un match convainquant sur le terrain de l&rsquo;UF M\u00e2con, c\u2019est \u00e0 domicile que les jaunes et bleus performaient ce samedi contre leurs meilleurs ennemis Montcelliens. En effet, ... Lire la suite\" \/>\n<meta property=\"og:url\" content=\"https:\/\/www.fcgueugnon.fr\/site\/n3-j14-fc-gueugnon-fc-montceau-resultat-reactions-et-resume-video\/3070\" \/>\n<meta property=\"og:site_name\" content=\"FOOTBALL CLUB GUEUGNON\" \/>\n<meta property=\"article:publisher\" content=\"http:\/\/facebook.com\/FCGueugnon\" \/>\n<meta property=\"article:published_time\" content=\"2023-02-06T13:38:57+00:00\" \/>\n<meta property=\"article:modified_time\" content=\"2023-05-13T11:11:23+00:00\" \/>\n<meta property=\"og:image\" content=\"https:\/\/www.fcgueugnon.fr\/site\/wp-content\/uploads\/2023\/02\/FC-gueugnon-1-1-FC-Montceau-Bourgogne-1024x682.png\" \/>\n\t<meta property=\"og:image:width\" content=\"1024\" \/>\n\t<meta property=\"og:image:height\" content=\"682\" \/>\n\t<meta property=\"og:image:type\" content=\"image\/png\" \/>\n<meta name=\"author\" content=\"FC Gueugnon\" \/>\n<meta name=\"twitter:card\" content=\"summary_large_image\" \/>\n<meta name=\"twitter:creator\" content=\"@FCGueugnon_off\" \/>\n<meta name=\"twitter:site\" content=\"@FCGueugnon_off\" \/>\n<meta name=\"twitter:label1\" content=\"\u00c9crit par\" \/>\n\t<meta name=\"twitter:data1\" content=\"FC Gueugnon\" \/>\n\t<meta name=\"twitter:label2\" content=\"Dur\u00e9e de lecture estim\u00e9e\" \/>\n\t<meta name=\"twitter:data2\" content=\"4 minutes\" \/>\n<script type=\"application\/ld+json\" class=\"yoast-schema-graph\">{\"@context\":\"https:\/\/schema.org\",\"@graph\":[{\"@type\":\"Article\",\"@id\":\"https:\/\/www.fcgueugnon.fr\/site\/n3-j14-fc-gueugnon-fc-montceau-resultat-reactions-et-resume-video\/3070#article\",\"isPartOf\":{\"@id\":\"https:\/\/www.fcgueugnon.fr\/site\/n3-j14-fc-gueugnon-fc-montceau-resultat-reactions-et-resume-video\/3070\"},\"author\":{\"name\":\"FC Gueugnon\",\"@id\":\"https:\/\/www.fcgueugnon.fr\/site\/#\/schema\/person\/829630bfb5d6f3ebe4d296b75687c01a\"},\"headline\":\"[N3 J14 : FC Gueugnon \u2013 FC Montceau] R\u00e9sultat, r\u00e9actions et r\u00e9sum\u00e9 vid\u00e9o\",\"datePublished\":\"2023-02-06T13:38:57+00:00\",\"dateModified\":\"2023-05-13T11:11:23+00:00\",\"mainEntityOfPage\":{\"@id\":\"https:\/\/www.fcgueugnon.fr\/site\/n3-j14-fc-gueugnon-fc-montceau-resultat-reactions-et-resume-video\/3070\"},\"wordCount\":560,\"publisher\":{\"@id\":\"https:\/\/www.fcgueugnon.fr\/site\/#organization\"},\"image\":{\"@id\":\"https:\/\/www.fcgueugnon.fr\/site\/n3-j14-fc-gueugnon-fc-montceau-resultat-reactions-et-resume-video\/3070#primaryimage\"},\"thumbnailUrl\":\"https:\/\/www.fcgueugnon.fr\/site\/wp-content\/uploads\/2023\/02\/FC-gueugnon-1-1-FC-Montceau-Bourgogne.png\",\"keywords\":[\"R\u00e9sultat\",\"Vid\u00e9o\"],\"articleSection\":[\"Archives 2022\/2023\",\"News\"],\"inLanguage\":\"fr-FR\"},{\"@type\":\"WebPage\",\"@id\":\"https:\/\/www.fcgueugnon.fr\/site\/n3-j14-fc-gueugnon-fc-montceau-resultat-reactions-et-resume-video\/3070\",\"url\":\"https:\/\/www.fcgueugnon.fr\/site\/n3-j14-fc-gueugnon-fc-montceau-resultat-reactions-et-resume-video\/3070\",\"name\":\"[N3 J14 : FC Gueugnon \u2013 FC Montceau] R\u00e9sultat, r\u00e9actions et r\u00e9sum\u00e9 vid\u00e9o &#8226; FOOTBALL CLUB GUEUGNON\",\"isPartOf\":{\"@id\":\"https:\/\/www.fcgueugnon.fr\/site\/#website\"},\"primaryImageOfPage\":{\"@id\":\"https:\/\/www.fcgueugnon.fr\/site\/n3-j14-fc-gueugnon-fc-montceau-resultat-reactions-et-resume-video\/3070#primaryimage\"},\"image\":{\"@id\":\"https:\/\/www.fcgueugnon.fr\/site\/n3-j14-fc-gueugnon-fc-montceau-resultat-reactions-et-resume-video\/3070#primaryimage\"},\"thumbnailUrl\":\"https:\/\/www.fcgueugnon.fr\/site\/wp-content\/uploads\/2023\/02\/FC-gueugnon-1-1-FC-Montceau-Bourgogne.png\",\"datePublished\":\"2023-02-06T13:38:57+00:00\",\"dateModified\":\"2023-05-13T11:11:23+00:00\",\"breadcrumb\":{\"@id\":\"https:\/\/www.fcgueugnon.fr\/site\/n3-j14-fc-gueugnon-fc-montceau-resultat-reactions-et-resume-video\/3070#breadcrumb\"},\"inLanguage\":\"fr-FR\",\"potentialAction\":[{\"@type\":\"ReadAction\",\"target\":[\"https:\/\/www.fcgueugnon.fr\/site\/n3-j14-fc-gueugnon-fc-montceau-resultat-reactions-et-resume-video\/3070\"]}]},{\"@type\":\"ImageObject\",\"inLanguage\":\"fr-FR\",\"@id\":\"https:\/\/www.fcgueugnon.fr\/site\/n3-j14-fc-gueugnon-fc-montceau-resultat-reactions-et-resume-video\/3070#primaryimage\",\"url\":\"https:\/\/www.fcgueugnon.fr\/site\/wp-content\/uploads\/2023\/02\/FC-gueugnon-1-1-FC-Montceau-Bourgogne.png\",\"contentUrl\":\"https:\/\/www.fcgueugnon.fr\/site\/wp-content\/uploads\/2023\/02\/FC-gueugnon-1-1-FC-Montceau-Bourgogne.png\",\"width\":1772,\"height\":1181},{\"@type\":\"BreadcrumbList\",\"@id\":\"https:\/\/www.fcgueugnon.fr\/site\/n3-j14-fc-gueugnon-fc-montceau-resultat-reactions-et-resume-video\/3070#breadcrumb\",\"itemListElement\":[{\"@type\":\"ListItem\",\"position\":1,\"name\":\"Accueil\",\"item\":\"https:\/\/www.fcgueugnon.fr\/site\/\"},{\"@type\":\"ListItem\",\"position\":2,\"name\":\"[N3 J14 : FC Gueugnon \u2013 FC Montceau] R\u00e9sultat, r\u00e9actions et r\u00e9sum\u00e9 vid\u00e9o\"}]},{\"@type\":\"WebSite\",\"@id\":\"https:\/\/www.fcgueugnon.fr\/site\/#website\",\"url\":\"https:\/\/www.fcgueugnon.fr\/site\/\",\"name\":\"FOOTBALL CLUB GUEUGNON\",\"description\":\"Le Site Officiel des Forgerons\",\"publisher\":{\"@id\":\"https:\/\/www.fcgueugnon.fr\/site\/#organization\"},\"potentialAction\":[{\"@type\":\"SearchAction\",\"target\":{\"@type\":\"EntryPoint\",\"urlTemplate\":\"https:\/\/www.fcgueugnon.fr\/site\/?s={search_term_string}\"},\"query-input\":{\"@type\":\"PropertyValueSpecification\",\"valueRequired\":true,\"valueName\":\"search_term_string\"}}],\"inLanguage\":\"fr-FR\"},{\"@type\":\"Organization\",\"@id\":\"https:\/\/www.fcgueugnon.fr\/site\/#organization\",\"name\":\"FC Gueugnon\",\"url\":\"https:\/\/www.fcgueugnon.fr\/site\/\",\"logo\":{\"@type\":\"ImageObject\",\"inLanguage\":\"fr-FR\",\"@id\":\"https:\/\/www.fcgueugnon.fr\/site\/#\/schema\/logo\/image\/\",\"url\":\"https:\/\/www.fcgueugnon.fr\/site\/wp-content\/uploads\/2022\/07\/cropped-Logo-FCGUEUGNON-low-350x350-1.png\",\"contentUrl\":\"https:\/\/www.fcgueugnon.fr\/site\/wp-content\/uploads\/2022\/07\/cropped-Logo-FCGUEUGNON-low-350x350-1.png\",\"width\":350,\"height\":350,\"caption\":\"FC Gueugnon\"},\"image\":{\"@id\":\"https:\/\/www.fcgueugnon.fr\/site\/#\/schema\/logo\/image\/\"},\"sameAs\":[\"http:\/\/facebook.com\/FCGueugnon\",\"https:\/\/x.com\/FCGueugnon_off\",\"https:\/\/www.instagram.com\/fcgueugnon\/\",\"https:\/\/www.linkedin.com\/company\/football-club-de-gueugnon\/\",\"https:\/\/www.youtube.com\/user\/FCGueugnonnais\",\"https:\/\/fr.wikipedia.org\/wiki\/Football_Club_de_Gueugnon\"]},{\"@type\":\"Person\",\"@id\":\"https:\/\/www.fcgueugnon.fr\/site\/#\/schema\/person\/829630bfb5d6f3ebe4d296b75687c01a\",\"name\":\"FC Gueugnon\",\"url\":\"https:\/\/www.fcgueugnon.fr\/site\/author\/g-avin1\"}]}<\/script>\n<!-- \/ Yoast SEO plugin. -->","yoast_head_json":{"title":"[N3 J14 : FC Gueugnon \u2013 FC Montceau] R\u00e9sultat, r\u00e9actions et r\u00e9sum\u00e9 vid\u00e9o &#8226; FOOTBALL CLUB GUEUGNON","robots":{"index":"index","follow":"follow","max-snippet":"max-snippet:-1","max-image-preview":"max-image-preview:large","max-video-preview":"max-video-preview:-1"},"canonical":"https:\/\/www.fcgueugnon.fr\/site\/n3-j14-fc-gueugnon-fc-montceau-resultat-reactions-et-resume-video\/3070","og_locale":"fr_FR","og_type":"article","og_title":"[N3 J14 : FC Gueugnon \u2013 FC Montceau] R\u00e9sultat, r\u00e9actions et r\u00e9sum\u00e9 vid\u00e9o &#8226; FOOTBALL CLUB GUEUGNON","og_description":"Men\u00e9s au score, les forgerons ont su r\u00e9agir et revenir au score dans ce derby face au FC Montceau Bourgogne. Photos : FC Gueugnon \/ Bertrand POIZEAU Apr\u00e8s un match convainquant sur le terrain de l&rsquo;UF M\u00e2con, c\u2019est \u00e0 domicile que les jaunes et bleus performaient ce samedi contre leurs meilleurs ennemis Montcelliens. En effet, ... Lire la suite","og_url":"https:\/\/www.fcgueugnon.fr\/site\/n3-j14-fc-gueugnon-fc-montceau-resultat-reactions-et-resume-video\/3070","og_site_name":"FOOTBALL CLUB GUEUGNON","article_publisher":"http:\/\/facebook.com\/FCGueugnon","article_published_time":"2023-02-06T13:38:57+00:00","article_modified_time":"2023-05-13T11:11:23+00:00","og_image":[{"width":1024,"height":682,"url":"https:\/\/www.fcgueugnon.fr\/site\/wp-content\/uploads\/2023\/02\/FC-gueugnon-1-1-FC-Montceau-Bourgogne-1024x682.png","type":"image\/png"}],"author":"FC Gueugnon","twitter_card":"summary_large_image","twitter_creator":"@FCGueugnon_off","twitter_site":"@FCGueugnon_off","twitter_misc":{"\u00c9crit par":"FC Gueugnon","Dur\u00e9e de lecture estim\u00e9e":"4 minutes"},"schema":{"@context":"https:\/\/schema.org","@graph":[{"@type":"Article","@id":"https:\/\/www.fcgueugnon.fr\/site\/n3-j14-fc-gueugnon-fc-montceau-resultat-reactions-et-resume-video\/3070#article","isPartOf":{"@id":"https:\/\/www.fcgueugnon.fr\/site\/n3-j14-fc-gueugnon-fc-montceau-resultat-reactions-et-resume-video\/3070"},"author":{"name":"FC Gueugnon","@id":"https:\/\/www.fcgueugnon.fr\/site\/#\/schema\/person\/829630bfb5d6f3ebe4d296b75687c01a"},"headline":"[N3 J14 : FC Gueugnon \u2013 FC Montceau] R\u00e9sultat, r\u00e9actions et r\u00e9sum\u00e9 vid\u00e9o","datePublished":"2023-02-06T13:38:57+00:00","dateModified":"2023-05-13T11:11:23+00:00","mainEntityOfPage":{"@id":"https:\/\/www.fcgueugnon.fr\/site\/n3-j14-fc-gueugnon-fc-montceau-resultat-reactions-et-resume-video\/3070"},"wordCount":560,"publisher":{"@id":"https:\/\/www.fcgueugnon.fr\/site\/#organization"},"image":{"@id":"https:\/\/www.fcgueugnon.fr\/site\/n3-j14-fc-gueugnon-fc-montceau-resultat-reactions-et-resume-video\/3070#primaryimage"},"thumbnailUrl":"https:\/\/www.fcgueugnon.fr\/site\/wp-content\/uploads\/2023\/02\/FC-gueugnon-1-1-FC-Montceau-Bourgogne.png","keywords":["R\u00e9sultat","Vid\u00e9o"],"articleSection":["Archives 2022\/2023","News"],"inLanguage":"fr-FR"},{"@type":"WebPage","@id":"https:\/\/www.fcgueugnon.fr\/site\/n3-j14-fc-gueugnon-fc-montceau-resultat-reactions-et-resume-video\/3070","url":"https:\/\/www.fcgueugnon.fr\/site\/n3-j14-fc-gueugnon-fc-montceau-resultat-reactions-et-resume-video\/3070","name":"[N3 J14 : FC Gueugnon \u2013 FC Montceau] R\u00e9sultat, r\u00e9actions et r\u00e9sum\u00e9 vid\u00e9o &#8226; FOOTBALL CLUB GUEUGNON","isPartOf":{"@id":"https:\/\/www.fcgueugnon.fr\/site\/#website"},"primaryImageOfPage":{"@id":"https:\/\/www.fcgueugnon.fr\/site\/n3-j14-fc-gueugnon-fc-montceau-resultat-reactions-et-resume-video\/3070#primaryimage"},"image":{"@id":"https:\/\/www.fcgueugnon.fr\/site\/n3-j14-fc-gueugnon-fc-montceau-resultat-reactions-et-resume-video\/3070#primaryimage"},"thumbnailUrl":"https:\/\/www.fcgueugnon.fr\/site\/wp-content\/uploads\/2023\/02\/FC-gueugnon-1-1-FC-Montceau-Bourgogne.png","datePublished":"2023-02-06T13:38:57+00:00","dateModified":"2023-05-13T11:11:23+00:00","breadcrumb":{"@id":"https:\/\/www.fcgueugnon.fr\/site\/n3-j14-fc-gueugnon-fc-montceau-resultat-reactions-et-resume-video\/3070#breadcrumb"},"inLanguage":"fr-FR","potentialAction":[{"@type":"ReadAction","target":["https:\/\/www.fcgueugnon.fr\/site\/n3-j14-fc-gueugnon-fc-montceau-resultat-reactions-et-resume-video\/3070"]}]},{"@type":"ImageObject","inLanguage":"fr-FR","@id":"https:\/\/www.fcgueugnon.fr\/site\/n3-j14-fc-gueugnon-fc-montceau-resultat-reactions-et-resume-video\/3070#primaryimage","url":"https:\/\/www.fcgueugnon.fr\/site\/wp-content\/uploads\/2023\/02\/FC-gueugnon-1-1-FC-Montceau-Bourgogne.png","contentUrl":"https:\/\/www.fcgueugnon.fr\/site\/wp-content\/uploads\/2023\/02\/FC-gueugnon-1-1-FC-Montceau-Bourgogne.png","width":1772,"height":1181},{"@type":"BreadcrumbList","@id":"https:\/\/www.fcgueugnon.fr\/site\/n3-j14-fc-gueugnon-fc-montceau-resultat-reactions-et-resume-video\/3070#breadcrumb","itemListElement":[{"@type":"ListItem","position":1,"name":"Accueil","item":"https:\/\/www.fcgueugnon.fr\/site\/"},{"@type":"ListItem","position":2,"name":"[N3 J14 : FC Gueugnon \u2013 FC Montceau] R\u00e9sultat, r\u00e9actions et r\u00e9sum\u00e9 vid\u00e9o"}]},{"@type":"WebSite","@id":"https:\/\/www.fcgueugnon.fr\/site\/#website","url":"https:\/\/www.fcgueugnon.fr\/site\/","name":"FOOTBALL CLUB GUEUGNON","description":"Le Site Officiel des Forgerons","publisher":{"@id":"https:\/\/www.fcgueugnon.fr\/site\/#organization"},"potentialAction":[{"@type":"SearchAction","target":{"@type":"EntryPoint","urlTemplate":"https:\/\/www.fcgueugnon.fr\/site\/?s={search_term_string}"},"query-input":{"@type":"PropertyValueSpecification","valueRequired":true,"valueName":"search_term_string"}}],"inLanguage":"fr-FR"},{"@type":"Organization","@id":"https:\/\/www.fcgueugnon.fr\/site\/#organization","name":"FC Gueugnon","url":"https:\/\/www.fcgueugnon.fr\/site\/","logo":{"@type":"ImageObject","inLanguage":"fr-FR","@id":"https:\/\/www.fcgueugnon.fr\/site\/#\/schema\/logo\/image\/","url":"https:\/\/www.fcgueugnon.fr\/site\/wp-content\/uploads\/2022\/07\/cropped-Logo-FCGUEUGNON-low-350x350-1.png","contentUrl":"https:\/\/www.fcgueugnon.fr\/site\/wp-content\/uploads\/2022\/07\/cropped-Logo-FCGUEUGNON-low-350x350-1.png","width":350,"height":350,"caption":"FC Gueugnon"},"image":{"@id":"https:\/\/www.fcgueugnon.fr\/site\/#\/schema\/logo\/image\/"},"sameAs":["http:\/\/facebook.com\/FCGueugnon","https:\/\/x.com\/FCGueugnon_off","https:\/\/www.instagram.com\/fcgueugnon\/","https:\/\/www.linkedin.com\/company\/football-club-de-gueugnon\/","https:\/\/www.youtube.com\/user\/FCGueugnonnais","https:\/\/fr.wikipedia.org\/wiki\/Football_Club_de_Gueugnon"]},{"@type":"Person","@id":"https:\/\/www.fcgueugnon.fr\/site\/#\/schema\/person\/829630bfb5d6f3ebe4d296b75687c01a","name":"FC Gueugnon","url":"https:\/\/www.fcgueugnon.fr\/site\/author\/g-avin1"}]}},"rttpg_featured_image_url":{"full":["https:\/\/www.fcgueugnon.fr\/site\/wp-content\/uploads\/2023\/02\/FC-gueugnon-1-1-FC-Montceau-Bourgogne.png",1772,1181,false],"landscape":["https:\/\/www.fcgueugnon.fr\/site\/wp-content\/uploads\/2023\/02\/FC-gueugnon-1-1-FC-Montceau-Bourgogne.png",1772,1181,false],"portraits":["https:\/\/www.fcgueugnon.fr\/site\/wp-content\/uploads\/2023\/02\/FC-gueugnon-1-1-FC-Montceau-Bourgogne.png",1772,1181,false],"thumbnail":["https:\/\/www.fcgueugnon.fr\/site\/wp-content\/uploads\/2023\/02\/FC-gueugnon-1-1-FC-Montceau-Bourgogne-150x150.png",150,150,true],"medium":["https:\/\/www.fcgueugnon.fr\/site\/wp-content\/uploads\/2023\/02\/FC-gueugnon-1-1-FC-Montceau-Bourgogne-400x267.png",400,267,true],"large":["https:\/\/www.fcgueugnon.fr\/site\/wp-content\/uploads\/2023\/02\/FC-gueugnon-1-1-FC-Montceau-Bourgogne-1024x682.png",1024,682,true],"1536x1536":["https:\/\/www.fcgueugnon.fr\/site\/wp-content\/uploads\/2023\/02\/FC-gueugnon-1-1-FC-Montceau-Bourgogne-1536x1024.png",1536,1024,true],"2048x2048":["https:\/\/www.fcgueugnon.fr\/site\/wp-content\/uploads\/2023\/02\/FC-gueugnon-1-1-FC-Montceau-Bourgogne.png",1772,1181,false]},"rttpg_author":{"display_name":"FC Gueugnon","author_link":"https:\/\/www.fcgueugnon.fr\/site\/author\/g-avin1"},"rttpg_comment":0,"rttpg_category":"<a href=\"https:\/\/www.fcgueugnon.fr\/site\/category\/news\/news-2022-2023\" rel=\"category tag\">Archives 2022\/2023<\/a> <a href=\"https:\/\/www.fcgueugnon.fr\/site\/category\/news\" rel=\"category tag\">News<\/a>","rttpg_excerpt":"Men\u00e9s au score, les forgerons ont su r\u00e9agir et revenir au score dans ce derby face au FC Montceau Bourgogne. Photos : FC Gueugnon \/ Bertrand POIZEAU Apr\u00e8s un match convainquant sur le terrain de l&rsquo;UF M\u00e2con, c\u2019est \u00e0 domicile que les jaunes et bleus performaient ce samedi contre leurs meilleurs ennemis Montcelliens. En effet,\u2026","_links":{"self":[{"href":"https:\/\/www.fcgueugnon.fr\/site\/wp-json\/wp\/v2\/posts\/3070","targetHints":{"allow":["GET"]}}],"collection":[{"href":"https:\/\/www.fcgueugnon.fr\/site\/wp-json\/wp\/v2\/posts"}],"about":[{"href":"https:\/\/www.fcgueugnon.fr\/site\/wp-json\/wp\/v2\/types\/post"}],"author":[{"embeddable":true,"href":"https:\/\/www.fcgueugnon.fr\/site\/wp-json\/wp\/v2\/users\/3"}],"replies":[{"embeddable":true,"href":"https:\/\/www.fcgueugnon.fr\/site\/wp-json\/wp\/v2\/comments?post=3070"}],"version-history":[{"count":3,"href":"https:\/\/www.fcgueugnon.fr\/site\/wp-json\/wp\/v2\/posts\/3070\/revisions"}],"predecessor-version":[{"id":3539,"href":"https:\/\/www.fcgueugnon.fr\/site\/wp-json\/wp\/v2\/posts\/3070\/revisions\/3539"}],"wp:featuredmedia":[{"embeddable":true,"href":"https:\/\/www.fcgueugnon.fr\/site\/wp-json\/wp\/v2\/media\/3072"}],"wp:attachment":[{"href":"https:\/\/www.fcgueugnon.fr\/site\/wp-json\/wp\/v2\/media?parent=3070"}],"wp:term":[{"taxonomy":"category","embeddable":true,"href":"https:\/\/www.fcgueugnon.fr\/site\/wp-json\/wp\/v2\/categories?post=3070"},{"taxonomy":"post_tag","embeddable":true,"href":"https:\/\/www.fcgueugnon.fr\/site\/wp-json\/wp\/v2\/tags?post=3070"}],"curies":[{"name":"wp","href":"https:\/\/api.w.org\/{rel}","templated":true}]}}