{"id":3056,"date":"2023-02-03T09:01:00","date_gmt":"2023-02-03T08:01:00","guid":{"rendered":"https:\/\/www.fcgueugnon.fr\/site\/?p=3056"},"modified":"2024-02-21T21:44:39","modified_gmt":"2024-02-21T20:44:39","slug":"n3-j14-fc-gueugnon-fc-montceau-duel-de-forgerons-et-de-mineurs-cest-lederbydu71-au-stade-jean-laville","status":"publish","type":"post","link":"https:\/\/www.fcgueugnon.fr\/site\/n3-j14-fc-gueugnon-fc-montceau-duel-de-forgerons-et-de-mineurs-cest-lederbydu71-au-stade-jean-laville\/3056","title":{"rendered":"[N3 J14 : FC Gueugnon \u2013 FC Montceau] Duel de forgerons et de mineurs&#8230; C&rsquo;est #LeDerbyDu71 au stade Jean Laville !"},"content":{"rendered":"\n<h2 class=\"wp-block-heading\"><strong>Place aux matchs retour de ce championnat 2022-2023 de N3 avec la r\u00e9ception du voisin montcellien pour #LeDerbyDu71&#8230;<\/strong><\/h2>\n\n\n\n<div style=\"height:70px\" aria-hidden=\"true\" class=\"wp-block-spacer\"><\/div>\n\n\n\n<div class=\"wp-block-getwid-image-box getwid-animation has-text-center has-mobile-layout-default has-mobile-alignment-center\" data-animation=\"zoomSmall\"><div class=\"wp-block-getwid-image-box__image-container is-position-top\"><div class=\"wp-block-getwid-image-box__image-wrapper\"><img loading=\"lazy\" decoding=\"async\" width=\"724\" height=\"1024\" src=\"https:\/\/www.fcgueugnon.fr\/site\/wp-content\/uploads\/2023\/02\/affiche-le-derby-du-71-fc-gueugnon-montceau-les-mines-724x1024.jpg\" alt=\"\" class=\"wp-block-getwid-image-box__image wp-image-3059\" srcset=\"https:\/\/www.fcgueugnon.fr\/site\/wp-content\/uploads\/2023\/02\/affiche-le-derby-du-71-fc-gueugnon-montceau-les-mines-724x1024.jpg 724w, https:\/\/www.fcgueugnon.fr\/site\/wp-content\/uploads\/2023\/02\/affiche-le-derby-du-71-fc-gueugnon-montceau-les-mines-283x400.jpg 283w, https:\/\/www.fcgueugnon.fr\/site\/wp-content\/uploads\/2023\/02\/affiche-le-derby-du-71-fc-gueugnon-montceau-les-mines-768x1086.jpg 768w, https:\/\/www.fcgueugnon.fr\/site\/wp-content\/uploads\/2023\/02\/affiche-le-derby-du-71-fc-gueugnon-montceau-les-mines-1086x1536.jpg 1086w, https:\/\/www.fcgueugnon.fr\/site\/wp-content\/uploads\/2023\/02\/affiche-le-derby-du-71-fc-gueugnon-montceau-les-mines-1320x1867.jpg 1320w, https:\/\/www.fcgueugnon.fr\/site\/wp-content\/uploads\/2023\/02\/affiche-le-derby-du-71-fc-gueugnon-montceau-les-mines-600x849.jpg 600w, https:\/\/www.fcgueugnon.fr\/site\/wp-content\/uploads\/2023\/02\/affiche-le-derby-du-71-fc-gueugnon-montceau-les-mines.jpg 1448w\" sizes=\"auto, (max-width: 724px) 100vw, 724px\" \/><\/div><\/div><div class=\"wp-block-getwid-image-box__content\">\n<h3 class=\"wp-block-heading\"><\/h3>\n\n\n\n<p><\/p>\n<\/div><\/div>\n\n\n\n<div style=\"height:70px\" aria-hidden=\"true\" class=\"wp-block-spacer\"><\/div>\n\n\n\n<h3 class=\"wp-block-heading\">\ud83c\udd9a <em><strong>L&rsquo;adversaire <\/strong><\/em><\/h3>\n\n\n\n<p>La saison derni\u00e8re du <strong>FCMB <\/strong>restera marqu\u00e9e \u00e0 jamais par le d\u00e9c\u00e8s de <strong>Jean-Philippe For\u00eat<\/strong> et un maintien en hommage acquis sur le tard avec une petite unit\u00e9 devant le premier rel\u00e9gable. C&rsquo;est dans un nouveau chapitre dans lequel s&rsquo;est engag\u00e9 <strong>Montceau <\/strong>avec le nouveau coach <strong>Aur\u00e9lien Ferrari<\/strong> d\u00e9sormais au volant de l&rsquo;\u00e9curie des rouges. <\/p>\n\n\n\n<p>Et la saison est plut\u00f4t partie sur les chapeaux de roues du c\u00f4t\u00e9 de la cit\u00e9 mini\u00e8re avec une probante victoire contre&#8230; le FCG. Puis cela s\u2019est compliqu\u00e9 avec une avant-derni\u00e8re place mais un total de 11 points (3V \/ 2N \/ 8D) \u00e0 seulement 4 longueurs de la zone de flottaison ! Car, dans ce championnat o\u00f9 tout le monde peut battre tout le monde, <strong>Montceau <\/strong>reste sur une dynamique int\u00e9ressante \u00e0 l&rsquo;image de ce match nul face \u00e0 <strong>Jura Dolois <\/strong>(1-1).<\/p>\n\n\n\n<p>De quoi esp\u00e9rer une seconde partie de saison salvatrice ? Avec encore la moiti\u00e9 des matchs \u00e0 jouer, l&rsquo;espoir reste de mise&#8230; Cela passera par ce derby dont on connait la rivalit\u00e9 qui s&rsquo;en d\u00e9gage&#8230; Un duel s&rsquo;annonce \u00e2pre et \u00e2cre ! <\/p>\n\n\n\n<p><em>Site internet du FCMB :<\/em> fcmontceaubourgogne.footeo.com<\/p>\n\n\n\n<div style=\"height:70px\" aria-hidden=\"true\" class=\"wp-block-spacer\"><\/div>\n\n\n\n<h3 class=\"wp-block-heading\">\ud83d\udce3 <em><strong>La d\u00e9cla&rsquo;<\/strong><\/em><\/h3>\n\n\n\n<blockquote class=\"wp-block-quote is-style-default is-layout-flow wp-block-quote-is-layout-flow\">\n<p class=\"has-x-large-font-size\">\u00ab <em><em>Les derbys ne sont jamais des rencontres comme les autres&#8230; Il va falloir les prendre du bon c\u00f4t\u00e9<\/em> !<\/em>&nbsp;\u00bb<\/p>\n<cite><strong><em>Guy CLOPIN<\/em><\/strong> (Dirigeant)<\/cite><\/blockquote>\n\n\n\n<div style=\"height:70px\" aria-hidden=\"true\" class=\"wp-block-spacer\"><\/div>\n\n\n\n<h3 class=\"wp-block-heading\">\ud83d\udfe1\ud83d\udd35 <em><strong>Le FC Gueugnon<\/strong><\/em><\/h3>\n\n\n\n<p>Performant \u00e0 domicile, les jaunes et bleus ont r\u00e9ussi \u00e0 prendre leur premier point de la saison \u00e0 l\u2019ext\u00e9rieur face aux ambitieux <strong>m\u00e2connais <\/strong>(1-1 &#8211; <a href=\"https:\/\/www.fcgueugnon.fr\/site\/tag\/resultat\" target=\"_blank\" rel=\"noreferrer noopener\">A revivre en vid\u00e9o<\/a>). Un match convaincant dans le jeu qu&rsquo;il faudra bonifier ce samedi dans ce derby attendu par les supporters mais \u00e9galement par les joueurs \u00e0 l&rsquo;instar d&rsquo;<strong>Anthony Lamonge<\/strong> qui s&rsquo;exprimait \u00e0 ce sujet : \u00ab <em>on a h\u00e2te d\u2019y \u00eatre. On a \u00e0 c\u0153ur de gagner ce match \u00e0 domicile vu les difficult\u00e9s qu\u2019on avait rencontr\u00e9es chez eux au match aller. On sait aussi que ce match est important pour les supporters et on ne veut pas les d\u00e9cevoir.&nbsp;<\/em>\u00bb<\/p>\n\n\n\n<p>Si <strong>Gueugnon <\/strong>veut prouver son talent et remonter au classement dans cette seconde partie de championnat, c&rsquo;est sur son \u00e9tat d&rsquo;esprit de forgerons que le groupe doit s&rsquo;appuyer. Ce fut le cas lors des derni\u00e8res rencontres \u00e0 l&rsquo;image de cette opposition amicale de qualit\u00e9 face au leader de N2 : <strong>Jura Sud<\/strong>. Un match qui s&rsquo;est achev\u00e9 sur une victoire des jaunes et bleus gr\u00e2ce \u00e0 un but d&rsquo;<strong>Arnaud Rollin<\/strong> (1-0). <\/p>\n\n\n\n<p>Pointant \u00e0 la 7e place avec 17 points (5V \/ 2N \/ 6D), <strong>Gueugnon <\/strong>remonte la pente dans tous les domaines avec 7 points acquis lors des 4 derniers matchs. Les forgerons pourront \u00e9galement compter sur ses supporter et son groupe d&rsquo;Ultras pour garder le rythme et se transcender&#8230; <\/p>\n\n\n\n<div style=\"height:70px\" aria-hidden=\"true\" class=\"wp-block-spacer\"><\/div>\n\n\n\n<h3 class=\"wp-block-heading\">\ud83e\udd1d <em><strong>Partenaire du match<\/strong> : <a href=\"https:\/\/www.fcgueugnon.fr\/site\/n3-j14-fc-gueugnon-fc-montceau-groupama-et-locatrans-genelardais-partenaires-de-la-rencontre\/3049\" target=\"_blank\" rel=\"noreferrer noopener\">Groupama et Locatrans G\u00e9nelardais, partenaires de la rencontre<\/a><\/em><\/h3>\n\n\n\n<div class=\"wp-block-getwid-image-box getwid-animation has-text-center has-mobile-layout-default has-mobile-alignment-default\" data-animation=\"zoomSmall\"><div class=\"wp-block-getwid-image-box__image-container is-position-top\"><a href=\"https:\/\/www.fcgueugnon.fr\/site\/n3-j14-fc-gueugnon-fc-montceau-groupama-et-locatrans-genelardais-partenaires-de-la-rencontre\/3049\" class=\"wp-block-getwid-image-box__image-wrapper\"><img loading=\"lazy\" decoding=\"async\" width=\"1024\" height=\"576\" src=\"https:\/\/www.fcgueugnon.fr\/site\/wp-content\/uploads\/2023\/02\/PARTENAIRE-DU-MATCH-1024x576.png\" alt=\"\" class=\"wp-block-getwid-image-box__image wp-image-3050\" srcset=\"https:\/\/www.fcgueugnon.fr\/site\/wp-content\/uploads\/2023\/02\/PARTENAIRE-DU-MATCH-1024x576.png 1024w, https:\/\/www.fcgueugnon.fr\/site\/wp-content\/uploads\/2023\/02\/PARTENAIRE-DU-MATCH-400x225.png 400w, https:\/\/www.fcgueugnon.fr\/site\/wp-content\/uploads\/2023\/02\/PARTENAIRE-DU-MATCH-768x432.png 768w, https:\/\/www.fcgueugnon.fr\/site\/wp-content\/uploads\/2023\/02\/PARTENAIRE-DU-MATCH-1536x864.png 1536w, https:\/\/www.fcgueugnon.fr\/site\/wp-content\/uploads\/2023\/02\/PARTENAIRE-DU-MATCH-1320x743.png 1320w, https:\/\/www.fcgueugnon.fr\/site\/wp-content\/uploads\/2023\/02\/PARTENAIRE-DU-MATCH-600x338.png 600w, https:\/\/www.fcgueugnon.fr\/site\/wp-content\/uploads\/2023\/02\/PARTENAIRE-DU-MATCH.png 1920w\" sizes=\"auto, (max-width: 1024px) 100vw, 1024px\" \/><\/a><\/div><div class=\"wp-block-getwid-image-box__content\">\n<h3 class=\"wp-block-heading\"><\/h3>\n\n\n\n<p><\/p>\n<\/div><\/div>\n\n\n\n<div style=\"height:70px\" aria-hidden=\"true\" class=\"wp-block-spacer\"><\/div>\n\n\n\n<hr class=\"wp-block-separator has-text-color has-css-opacity has-background is-style-default\" style=\"background-color:#f7db4a;color:#f7db4a\"\/>\n\n\n\n<h3 class=\"wp-block-heading\">\ud83d\udccd <strong><em>Les infos pratiques<\/em><\/strong><\/h3>\n\n\n\n<h2 class=\"wp-block-heading\">Billetterie<\/h2>\n\n\n\n<div class=\"wp-block-media-text alignwide is-stacked-on-mobile is-vertically-aligned-center is-style-default\" style=\"grid-template-columns:49% auto\"><figure class=\"wp-block-media-text__media\"><img loading=\"lazy\" decoding=\"async\" width=\"1024\" height=\"768\" src=\"https:\/\/www.fcgueugnon.fr\/site\/wp-content\/uploads\/2022\/08\/entree-billetterie-stade-jean-laville-sous-la-tribune-ouest-1024x768.jpg\" alt=\"\" class=\"wp-image-951 size-full\" srcset=\"https:\/\/www.fcgueugnon.fr\/site\/wp-content\/uploads\/2022\/08\/entree-billetterie-stade-jean-laville-sous-la-tribune-ouest-1024x768.jpg 1024w, https:\/\/www.fcgueugnon.fr\/site\/wp-content\/uploads\/2022\/08\/entree-billetterie-stade-jean-laville-sous-la-tribune-ouest-400x300.jpg 400w, https:\/\/www.fcgueugnon.fr\/site\/wp-content\/uploads\/2022\/08\/entree-billetterie-stade-jean-laville-sous-la-tribune-ouest-768x576.jpg 768w, https:\/\/www.fcgueugnon.fr\/site\/wp-content\/uploads\/2022\/08\/entree-billetterie-stade-jean-laville-sous-la-tribune-ouest-1536x1152.jpg 1536w, https:\/\/www.fcgueugnon.fr\/site\/wp-content\/uploads\/2022\/08\/entree-billetterie-stade-jean-laville-sous-la-tribune-ouest-2048x1536.jpg 2048w, https:\/\/www.fcgueugnon.fr\/site\/wp-content\/uploads\/2022\/08\/entree-billetterie-stade-jean-laville-sous-la-tribune-ouest-1320x990.jpg 1320w\" sizes=\"auto, (max-width: 1024px) 100vw, 1024px\" \/><\/figure><div class=\"wp-block-media-text__content\">\n<p><br><em>Rendez-vous sous la<strong> tribune Ouest <\/strong>pour acc\u00e9der au guichet Billetterie puis dans l&rsquo;angle des tribunes Nord et Ouest (c\u00f4t\u00e9 piscine) pour acc\u00e9der au stade.<\/em><\/p>\n<\/div><\/div>\n\n\n\n<div class=\"wp-block-media-text alignwide has-media-on-the-right is-stacked-on-mobile is-vertically-aligned-center is-style-default\" style=\"grid-template-columns:auto 49%\"><div class=\"wp-block-media-text__content\">\n<h2 class=\"wp-block-heading\">Tarifs<\/h2>\n\n\n\n<ul class=\"wp-block-list\">\n<li><strong><span style=\"text-decoration: underline;\">Gratuits <\/span><\/strong>: licenci\u00e9s FC Gueugnon, -16ans (sur pr\u00e9sentation d\u2019un justificatif ou carte)<\/li>\n\n\n\n<li><strong><span style=\"text-decoration: underline;\">Tarif r\u00e9duit<\/span> : 4\u20ac<\/strong> \u2013 \u00c9tudiants, Demandeurs d\u2019emploi (sur pr\u00e9sentation d\u2019un justificatif ou carte)<\/li>\n\n\n\n<li><strong><span style=\"text-decoration: underline;\">Plein-tarif<\/span> : 7\u20ac<\/strong><\/li>\n<\/ul>\n\n\n\n<div style=\"height:10px\" aria-hidden=\"true\" class=\"wp-block-spacer\"><\/div>\n\n\n\n<p><\/p>\n<\/div><figure class=\"wp-block-media-text__media\"><img loading=\"lazy\" decoding=\"async\" width=\"1024\" height=\"768\" src=\"https:\/\/www.fcgueugnon.fr\/site\/wp-content\/uploads\/2022\/07\/billetterie-sous-la-tribune-ouest-d-FCGueugnon-a-Jean-Laville-1024x768.jpg\" alt=\"\" class=\"wp-image-63 size-full\" srcset=\"https:\/\/www.fcgueugnon.fr\/site\/wp-content\/uploads\/2022\/07\/billetterie-sous-la-tribune-ouest-d-FCGueugnon-a-Jean-Laville-1024x768.jpg 1024w, https:\/\/www.fcgueugnon.fr\/site\/wp-content\/uploads\/2022\/07\/billetterie-sous-la-tribune-ouest-d-FCGueugnon-a-Jean-Laville-400x300.jpg 400w, https:\/\/www.fcgueugnon.fr\/site\/wp-content\/uploads\/2022\/07\/billetterie-sous-la-tribune-ouest-d-FCGueugnon-a-Jean-Laville-768x576.jpg 768w, https:\/\/www.fcgueugnon.fr\/site\/wp-content\/uploads\/2022\/07\/billetterie-sous-la-tribune-ouest-d-FCGueugnon-a-Jean-Laville-1536x1152.jpg 1536w, https:\/\/www.fcgueugnon.fr\/site\/wp-content\/uploads\/2022\/07\/billetterie-sous-la-tribune-ouest-d-FCGueugnon-a-Jean-Laville-2048x1536.jpg 2048w\" sizes=\"auto, (max-width: 1024px) 100vw, 1024px\" \/><\/figure><\/div>\n\n\n\n<div class=\"wp-block-media-text alignwide is-stacked-on-mobile is-vertically-aligned-center is-style-default\" style=\"grid-template-columns:49% auto\"><figure class=\"wp-block-media-text__media\"><img loading=\"lazy\" decoding=\"async\" width=\"1024\" height=\"538\" src=\"https:\/\/www.fcgueugnon.fr\/site\/wp-content\/uploads\/2022\/08\/post-facebook-FCG-1024x538.png\" alt=\"\" class=\"wp-image-930 size-full\" srcset=\"https:\/\/www.fcgueugnon.fr\/site\/wp-content\/uploads\/2022\/08\/post-facebook-FCG-1024x538.png 1024w, https:\/\/www.fcgueugnon.fr\/site\/wp-content\/uploads\/2022\/08\/post-facebook-FCG-400x210.png 400w, https:\/\/www.fcgueugnon.fr\/site\/wp-content\/uploads\/2022\/08\/post-facebook-FCG-768x403.png 768w, https:\/\/www.fcgueugnon.fr\/site\/wp-content\/uploads\/2022\/08\/post-facebook-FCG.png 1200w\" sizes=\"auto, (max-width: 1024px) 100vw, 1024px\" \/><\/figure><div class=\"wp-block-media-text__content\">\n<h2 class=\"wp-block-heading\">C&rsquo;est en covoiturant qu&rsquo;on devient Forgeron ! <\/h2>\n\n\n\n<div style=\"height:10px\" aria-hidden=\"true\" class=\"wp-block-spacer\"><\/div>\n\n\n\n<p><strong>Rendez-vous sur l&rsquo;application et le site internet de StadiumGO pour proposer et trouver votre trajet pour vous rendre \u00e0 Gueugnon !<\/strong><\/p>\n\n\n\n<div class=\"wp-block-buttons is-layout-flex wp-block-buttons-is-layout-flex\">\n<div class=\"wp-block-button aligncenter is-style-circular\"><a class=\"wp-block-button__link wp-element-button\" href=\"https:\/\/www.stadiumgo.fr\/liste-matchs?search=1&amp;club=gueugnon&amp;league=\">StadiumGO<\/a><\/div>\n<\/div>\n<\/div><\/div>\n\n\n\n<div style=\"height:10px\" aria-hidden=\"true\" class=\"wp-block-spacer\"><\/div>\n\n\n\n<div style=\"height:25px\" aria-hidden=\"true\" class=\"wp-block-spacer\"><\/div>\n\n\n\n<p>\u2139\ufe0f <em><a href=\"https:\/\/www.fcgueugnon.fr\/site\/infos-pratiques\" target=\"_blank\" rel=\"noreferrer noopener\"><span style=\"text-decoration: underline;\">Acc\u00e8s au stade, buvette, PMR&#8230; Toutes les infos pratiques sur ce lien<\/span><\/a><\/em><\/p>\n\n\n\n<div style=\"height:70px\" aria-hidden=\"true\" class=\"wp-block-spacer\"><\/div>\n\n\n\n<hr class=\"wp-block-separator has-text-color has-css-opacity has-background is-style-default\" style=\"background-color:#f7db4a;color:#f7db4a\"\/>\n\n\n\n<h3 class=\"wp-block-heading\">\u26bd <strong><em>La fiche<\/em><\/strong><\/h3>\n\n\n\n<h4 class=\"wp-block-heading\"><b>NIVEAU NATIONAL : F\u00c9D\u00c9RATION&nbsp;FRAN\u00c7AISE&nbsp;DE FOOTBALL<\/b><br><strong><b>NATIONAL 3 &#8211; J1<\/b>4<\/strong><br>Samedi 04 F\u00e9vrier 2022 &#8211; 18H00<br>FC GUEUGNON \/ FC MONTCEAU-BOURGOGNE<\/h4>\n\n\n\n<p><strong>TERRAIN<\/strong><br>Stade Jean Laville<br>Rue Roger Couderc<br>71130 Gueugnon<\/p>\n\n\n\n<p><strong>SURFACE DE JEU<\/strong><br>Pelouse naturelle<\/p>\n\n\n\n<p><strong>OFFICIELS<\/strong><br>Arbitre centre : SYLVAIN MAZZOLA<br>Arbitre assistant 1 : CYRILLE REMOND<br>Arbitre assistant 2 : DAMIEN JOURDHIER<br>D\u00e9l\u00e9gu\u00e9 principal : DAVID BERQUIER<\/p>\n\n\n\n<div style=\"height:50px\" aria-hidden=\"true\" class=\"wp-block-spacer\"><\/div>\n\n\n\n<h3 class=\"wp-block-heading\"><strong>Groupe<\/strong><\/h3>\n\n\n\n<figure class=\"wp-block-embed is-type-rich is-provider-twitter wp-block-embed-twitter\"><div class=\"wp-block-embed__wrapper\">\n<blockquote class=\"twitter-tweet\" data-width=\"550\" data-dnt=\"true\"><p lang=\"fr\" dir=\"ltr\">\ud83d\udfe1 \ud835\udde1\ud835\udfef \ud835\udddd\ud835\udfed\ud835\udff0 | \ud835\udddf\ud835\uddd8 \ud835\uddd7\ud835\uddd8\ud835\udde5\ud835\uddd5\ud835\uddec \ud835\uddd7\ud835\udde8 \ud835\udff3\ud835\udfed \ud83d\udd35<br><br>\ud83d\udc65 D\u00e9couvrez le groupe forgeron pour le <a href=\"https:\/\/twitter.com\/hashtag\/Derbydu71?src=hash&amp;ref_src=twsrc%5Etfw\">#Derbydu71<\/a> face au FC Montceau Bourgogne : Lamonge, Njock, Fahrasmane, Helal, Houla, Chauvet, Luanda, Mahla, Diallo, Gab\u00e9, Mustivar, Mbock, Fr. Revuelta, Mvondo, Dram\u00e9, Rollin, Bouekou. <a href=\"https:\/\/t.co\/80menChkMW\">pic.twitter.com\/80menChkMW<\/a><\/p>&mdash; FC Gueugnon (@FCGueugnon_Off) <a href=\"https:\/\/twitter.com\/FCGueugnon_Off\/status\/1621589711192981504?ref_src=twsrc%5Etfw\">February 3, 2023<\/a><\/blockquote><script async src=\"https:\/\/platform.twitter.com\/widgets.js\" charset=\"utf-8\"><\/script>\n<\/div><\/figure>\n\n\n\n<div style=\"height:50px\" aria-hidden=\"true\" class=\"wp-block-spacer\"><\/div>\n\n\n\n<h3 class=\"wp-block-heading\">\ud83d\uddd3 <strong>La 14e journ\u00e9e de National 3<\/strong><\/h3>\n\n\n\n<p>Samedi 04 F\u00e9vrier <br>&#8211; CA Pontarlier &#8211; UF M\u00e2con &gt;&gt; Report\u00e9<br>14:30 : Sochaux-Montb\u00e9liard B &#8211; UCS Cosne<br>16:00 : AS Quetigny &#8211; Morteau-Montlebon<br>18:00 : FC Gueugnon &#8211; Montceau Bourg. <br>18:00 : Jura Dolois &#8211; Dijon FCO B<\/p>\n\n\n\n<p>Dimanche 05 F\u00e9vrier<br>14:30 : St Apollinaire &#8211; Is-Selongey<br>14:30 : Besan\u00e7on Foot &#8211; FC Grandvillars<\/p>\n\n\n\n<div style=\"height:100px\" aria-hidden=\"true\" class=\"wp-block-spacer\"><\/div>\n","protected":false},"excerpt":{"rendered":"<p>Place aux matchs retour de ce championnat 2022-2023 de N3 avec la r\u00e9ception du voisin montcellien pour #LeDerbyDu71&#8230; \ud83c\udd9a L&rsquo;adversaire La saison derni\u00e8re du FCMB restera marqu\u00e9e \u00e0 jamais par le d\u00e9c\u00e8s de Jean-Philippe For\u00eat et un maintien en hommage acquis sur le tard avec une petite unit\u00e9 devant le premier rel\u00e9gable. C&rsquo;est dans un &#8230; <\/p>\n<p class=\"read-more-container\"><a title=\"[N3 J14 : FC Gueugnon \u2013 FC Montceau] Duel de forgerons et de mineurs&#8230; C&rsquo;est #LeDerbyDu71 au stade Jean Laville !\" class=\"read-more button\" href=\"https:\/\/www.fcgueugnon.fr\/site\/n3-j14-fc-gueugnon-fc-montceau-duel-de-forgerons-et-de-mineurs-cest-lederbydu71-au-stade-jean-laville\/3056#more-3056\" aria-label=\"Plus sur [N3 J14 : FC Gueugnon \u2013 FC Montceau] Duel de forgerons et de mineurs&#8230; C&rsquo;est #LeDerbyDu71 au stade Jean Laville !\">Lire la suite<\/a><\/p>\n","protected":false},"author":1,"featured_media":3060,"comment_status":"closed","ping_status":"closed","sticky":false,"template":"","format":"standard","meta":{"footnotes":""},"categories":[5,4],"tags":[28],"class_list":["post-3056","post","type-post","status-publish","format-standard","has-post-thumbnail","hentry","category-news-2022-2023","category-news","tag-avant-match","infinite-scroll-item","generate-columns","tablet-grid-50","mobile-grid-100","grid-parent","grid-25","resize-featured-image"],"yoast_head":"<!-- This site is optimized with the Yoast SEO plugin v26.6 - https:\/\/yoast.com\/wordpress\/plugins\/seo\/ -->\n<title>[N3 J14 : FC Gueugnon \u2013 FC Montceau] Duel de forgerons et de mineurs... C&#039;est #LeDerbyDu71 au stade Jean Laville ! &#8226; FOOTBALL CLUB GUEUGNON<\/title>\n<meta name=\"robots\" content=\"index, follow, max-snippet:-1, max-image-preview:large, max-video-preview:-1\" \/>\n<link rel=\"canonical\" href=\"https:\/\/www.fcgueugnon.fr\/site\/n3-j14-fc-gueugnon-fc-montceau-duel-de-forgerons-et-de-mineurs-cest-lederbydu71-au-stade-jean-laville\/3056\" \/>\n<meta property=\"og:locale\" content=\"fr_FR\" \/>\n<meta property=\"og:type\" content=\"article\" \/>\n<meta property=\"og:title\" content=\"[N3 J14 : FC Gueugnon \u2013 FC Montceau] Duel de forgerons et de mineurs... C&#039;est #LeDerbyDu71 au stade Jean Laville ! &#8226; FOOTBALL CLUB GUEUGNON\" \/>\n<meta property=\"og:description\" content=\"Place aux matchs retour de ce championnat 2022-2023 de N3 avec la r\u00e9ception du voisin montcellien pour #LeDerbyDu71&#8230; \ud83c\udd9a L&rsquo;adversaire La saison derni\u00e8re du FCMB restera marqu\u00e9e \u00e0 jamais par le d\u00e9c\u00e8s de Jean-Philippe For\u00eat et un maintien en hommage acquis sur le tard avec une petite unit\u00e9 devant le premier rel\u00e9gable. C&rsquo;est dans un ... Lire la suite\" \/>\n<meta property=\"og:url\" content=\"https:\/\/www.fcgueugnon.fr\/site\/n3-j14-fc-gueugnon-fc-montceau-duel-de-forgerons-et-de-mineurs-cest-lederbydu71-au-stade-jean-laville\/3056\" \/>\n<meta property=\"og:site_name\" content=\"FOOTBALL CLUB GUEUGNON\" \/>\n<meta property=\"article:publisher\" content=\"http:\/\/facebook.com\/FCGueugnon\" \/>\n<meta property=\"article:published_time\" content=\"2023-02-03T08:01:00+00:00\" \/>\n<meta property=\"article:modified_time\" content=\"2024-02-21T20:44:39+00:00\" \/>\n<meta property=\"og:image\" content=\"https:\/\/www.fcgueugnon.fr\/site\/wp-content\/uploads\/2023\/02\/fc-gueugnon-montceau-le-derby-du-71-avant-match-1024x576.png\" \/>\n\t<meta property=\"og:image:width\" content=\"1024\" \/>\n\t<meta property=\"og:image:height\" content=\"576\" \/>\n\t<meta property=\"og:image:type\" content=\"image\/png\" \/>\n<meta name=\"author\" content=\"FC Gueugnon\" \/>\n<meta name=\"twitter:card\" content=\"summary_large_image\" \/>\n<meta name=\"twitter:creator\" content=\"@FCGueugnon_off\" \/>\n<meta name=\"twitter:site\" content=\"@FCGueugnon_off\" \/>\n<meta name=\"twitter:label1\" content=\"\u00c9crit par\" \/>\n\t<meta name=\"twitter:data1\" content=\"FC Gueugnon\" \/>\n\t<meta name=\"twitter:label2\" content=\"Dur\u00e9e de lecture estim\u00e9e\" \/>\n\t<meta name=\"twitter:data2\" content=\"5 minutes\" \/>\n<script type=\"application\/ld+json\" class=\"yoast-schema-graph\">{\"@context\":\"https:\/\/schema.org\",\"@graph\":[{\"@type\":\"Article\",\"@id\":\"https:\/\/www.fcgueugnon.fr\/site\/n3-j14-fc-gueugnon-fc-montceau-duel-de-forgerons-et-de-mineurs-cest-lederbydu71-au-stade-jean-laville\/3056#article\",\"isPartOf\":{\"@id\":\"https:\/\/www.fcgueugnon.fr\/site\/n3-j14-fc-gueugnon-fc-montceau-duel-de-forgerons-et-de-mineurs-cest-lederbydu71-au-stade-jean-laville\/3056\"},\"author\":{\"name\":\"FC Gueugnon\",\"@id\":\"https:\/\/www.fcgueugnon.fr\/site\/#\/schema\/person\/f6444fbdd35fa731ee974c03508738fb\"},\"headline\":\"[N3 J14 : FC Gueugnon \u2013 FC Montceau] Duel de forgerons et de mineurs&#8230; C&rsquo;est #LeDerbyDu71 au stade Jean Laville !\",\"datePublished\":\"2023-02-03T08:01:00+00:00\",\"dateModified\":\"2024-02-21T20:44:39+00:00\",\"mainEntityOfPage\":{\"@id\":\"https:\/\/www.fcgueugnon.fr\/site\/n3-j14-fc-gueugnon-fc-montceau-duel-de-forgerons-et-de-mineurs-cest-lederbydu71-au-stade-jean-laville\/3056\"},\"wordCount\":740,\"publisher\":{\"@id\":\"https:\/\/www.fcgueugnon.fr\/site\/#organization\"},\"image\":{\"@id\":\"https:\/\/www.fcgueugnon.fr\/site\/n3-j14-fc-gueugnon-fc-montceau-duel-de-forgerons-et-de-mineurs-cest-lederbydu71-au-stade-jean-laville\/3056#primaryimage\"},\"thumbnailUrl\":\"https:\/\/www.fcgueugnon.fr\/site\/wp-content\/uploads\/2023\/02\/fc-gueugnon-montceau-le-derby-du-71-avant-match.png\",\"keywords\":[\"Avant-match\"],\"articleSection\":[\"Archives 2022\/2023\",\"News\"],\"inLanguage\":\"fr-FR\"},{\"@type\":\"WebPage\",\"@id\":\"https:\/\/www.fcgueugnon.fr\/site\/n3-j14-fc-gueugnon-fc-montceau-duel-de-forgerons-et-de-mineurs-cest-lederbydu71-au-stade-jean-laville\/3056\",\"url\":\"https:\/\/www.fcgueugnon.fr\/site\/n3-j14-fc-gueugnon-fc-montceau-duel-de-forgerons-et-de-mineurs-cest-lederbydu71-au-stade-jean-laville\/3056\",\"name\":\"[N3 J14 : FC Gueugnon \u2013 FC Montceau] Duel de forgerons et de mineurs... C'est #LeDerbyDu71 au stade Jean Laville ! &#8226; FOOTBALL CLUB GUEUGNON\",\"isPartOf\":{\"@id\":\"https:\/\/www.fcgueugnon.fr\/site\/#website\"},\"primaryImageOfPage\":{\"@id\":\"https:\/\/www.fcgueugnon.fr\/site\/n3-j14-fc-gueugnon-fc-montceau-duel-de-forgerons-et-de-mineurs-cest-lederbydu71-au-stade-jean-laville\/3056#primaryimage\"},\"image\":{\"@id\":\"https:\/\/www.fcgueugnon.fr\/site\/n3-j14-fc-gueugnon-fc-montceau-duel-de-forgerons-et-de-mineurs-cest-lederbydu71-au-stade-jean-laville\/3056#primaryimage\"},\"thumbnailUrl\":\"https:\/\/www.fcgueugnon.fr\/site\/wp-content\/uploads\/2023\/02\/fc-gueugnon-montceau-le-derby-du-71-avant-match.png\",\"datePublished\":\"2023-02-03T08:01:00+00:00\",\"dateModified\":\"2024-02-21T20:44:39+00:00\",\"breadcrumb\":{\"@id\":\"https:\/\/www.fcgueugnon.fr\/site\/n3-j14-fc-gueugnon-fc-montceau-duel-de-forgerons-et-de-mineurs-cest-lederbydu71-au-stade-jean-laville\/3056#breadcrumb\"},\"inLanguage\":\"fr-FR\",\"potentialAction\":[{\"@type\":\"ReadAction\",\"target\":[\"https:\/\/www.fcgueugnon.fr\/site\/n3-j14-fc-gueugnon-fc-montceau-duel-de-forgerons-et-de-mineurs-cest-lederbydu71-au-stade-jean-laville\/3056\"]}]},{\"@type\":\"ImageObject\",\"inLanguage\":\"fr-FR\",\"@id\":\"https:\/\/www.fcgueugnon.fr\/site\/n3-j14-fc-gueugnon-fc-montceau-duel-de-forgerons-et-de-mineurs-cest-lederbydu71-au-stade-jean-laville\/3056#primaryimage\",\"url\":\"https:\/\/www.fcgueugnon.fr\/site\/wp-content\/uploads\/2023\/02\/fc-gueugnon-montceau-le-derby-du-71-avant-match.png\",\"contentUrl\":\"https:\/\/www.fcgueugnon.fr\/site\/wp-content\/uploads\/2023\/02\/fc-gueugnon-montceau-le-derby-du-71-avant-match.png\",\"width\":1920,\"height\":1080},{\"@type\":\"BreadcrumbList\",\"@id\":\"https:\/\/www.fcgueugnon.fr\/site\/n3-j14-fc-gueugnon-fc-montceau-duel-de-forgerons-et-de-mineurs-cest-lederbydu71-au-stade-jean-laville\/3056#breadcrumb\",\"itemListElement\":[{\"@type\":\"ListItem\",\"position\":1,\"name\":\"Accueil\",\"item\":\"https:\/\/www.fcgueugnon.fr\/site\/\"},{\"@type\":\"ListItem\",\"position\":2,\"name\":\"[N3 J14 : FC Gueugnon \u2013 FC Montceau] Duel de forgerons et de mineurs&#8230; C&#8217;est #LeDerbyDu71 au stade Jean Laville !\"}]},{\"@type\":\"WebSite\",\"@id\":\"https:\/\/www.fcgueugnon.fr\/site\/#website\",\"url\":\"https:\/\/www.fcgueugnon.fr\/site\/\",\"name\":\"FOOTBALL CLUB GUEUGNON\",\"description\":\"Le Site Officiel des Forgerons\",\"publisher\":{\"@id\":\"https:\/\/www.fcgueugnon.fr\/site\/#organization\"},\"potentialAction\":[{\"@type\":\"SearchAction\",\"target\":{\"@type\":\"EntryPoint\",\"urlTemplate\":\"https:\/\/www.fcgueugnon.fr\/site\/?s={search_term_string}\"},\"query-input\":{\"@type\":\"PropertyValueSpecification\",\"valueRequired\":true,\"valueName\":\"search_term_string\"}}],\"inLanguage\":\"fr-FR\"},{\"@type\":\"Organization\",\"@id\":\"https:\/\/www.fcgueugnon.fr\/site\/#organization\",\"name\":\"FC Gueugnon\",\"url\":\"https:\/\/www.fcgueugnon.fr\/site\/\",\"logo\":{\"@type\":\"ImageObject\",\"inLanguage\":\"fr-FR\",\"@id\":\"https:\/\/www.fcgueugnon.fr\/site\/#\/schema\/logo\/image\/\",\"url\":\"https:\/\/www.fcgueugnon.fr\/site\/wp-content\/uploads\/2022\/07\/cropped-Logo-FCGUEUGNON-low-350x350-1.png\",\"contentUrl\":\"https:\/\/www.fcgueugnon.fr\/site\/wp-content\/uploads\/2022\/07\/cropped-Logo-FCGUEUGNON-low-350x350-1.png\",\"width\":350,\"height\":350,\"caption\":\"FC Gueugnon\"},\"image\":{\"@id\":\"https:\/\/www.fcgueugnon.fr\/site\/#\/schema\/logo\/image\/\"},\"sameAs\":[\"http:\/\/facebook.com\/FCGueugnon\",\"https:\/\/x.com\/FCGueugnon_off\",\"https:\/\/www.instagram.com\/fcgueugnon\/\",\"https:\/\/www.linkedin.com\/company\/football-club-de-gueugnon\/\",\"https:\/\/www.youtube.com\/user\/FCGueugnonnais\",\"https:\/\/fr.wikipedia.org\/wiki\/Football_Club_de_Gueugnon\"]},{\"@type\":\"Person\",\"@id\":\"https:\/\/www.fcgueugnon.fr\/site\/#\/schema\/person\/f6444fbdd35fa731ee974c03508738fb\",\"name\":\"FC Gueugnon\",\"sameAs\":[\"https:\/\/www.fcgueugnon.fr\/site\"],\"url\":\"https:\/\/www.fcgueugnon.fr\/site\/author\/admin-antho\"}]}<\/script>\n<!-- \/ Yoast SEO plugin. -->","yoast_head_json":{"title":"[N3 J14 : FC Gueugnon \u2013 FC Montceau] Duel de forgerons et de mineurs... C'est #LeDerbyDu71 au stade Jean Laville ! &#8226; FOOTBALL CLUB GUEUGNON","robots":{"index":"index","follow":"follow","max-snippet":"max-snippet:-1","max-image-preview":"max-image-preview:large","max-video-preview":"max-video-preview:-1"},"canonical":"https:\/\/www.fcgueugnon.fr\/site\/n3-j14-fc-gueugnon-fc-montceau-duel-de-forgerons-et-de-mineurs-cest-lederbydu71-au-stade-jean-laville\/3056","og_locale":"fr_FR","og_type":"article","og_title":"[N3 J14 : FC Gueugnon \u2013 FC Montceau] Duel de forgerons et de mineurs... C'est #LeDerbyDu71 au stade Jean Laville ! &#8226; FOOTBALL CLUB GUEUGNON","og_description":"Place aux matchs retour de ce championnat 2022-2023 de N3 avec la r\u00e9ception du voisin montcellien pour #LeDerbyDu71&#8230; \ud83c\udd9a L&rsquo;adversaire La saison derni\u00e8re du FCMB restera marqu\u00e9e \u00e0 jamais par le d\u00e9c\u00e8s de Jean-Philippe For\u00eat et un maintien en hommage acquis sur le tard avec une petite unit\u00e9 devant le premier rel\u00e9gable. C&rsquo;est dans un ... Lire la suite","og_url":"https:\/\/www.fcgueugnon.fr\/site\/n3-j14-fc-gueugnon-fc-montceau-duel-de-forgerons-et-de-mineurs-cest-lederbydu71-au-stade-jean-laville\/3056","og_site_name":"FOOTBALL CLUB GUEUGNON","article_publisher":"http:\/\/facebook.com\/FCGueugnon","article_published_time":"2023-02-03T08:01:00+00:00","article_modified_time":"2024-02-21T20:44:39+00:00","og_image":[{"width":1024,"height":576,"url":"https:\/\/www.fcgueugnon.fr\/site\/wp-content\/uploads\/2023\/02\/fc-gueugnon-montceau-le-derby-du-71-avant-match-1024x576.png","type":"image\/png"}],"author":"FC Gueugnon","twitter_card":"summary_large_image","twitter_creator":"@FCGueugnon_off","twitter_site":"@FCGueugnon_off","twitter_misc":{"\u00c9crit par":"FC Gueugnon","Dur\u00e9e de lecture estim\u00e9e":"5 minutes"},"schema":{"@context":"https:\/\/schema.org","@graph":[{"@type":"Article","@id":"https:\/\/www.fcgueugnon.fr\/site\/n3-j14-fc-gueugnon-fc-montceau-duel-de-forgerons-et-de-mineurs-cest-lederbydu71-au-stade-jean-laville\/3056#article","isPartOf":{"@id":"https:\/\/www.fcgueugnon.fr\/site\/n3-j14-fc-gueugnon-fc-montceau-duel-de-forgerons-et-de-mineurs-cest-lederbydu71-au-stade-jean-laville\/3056"},"author":{"name":"FC Gueugnon","@id":"https:\/\/www.fcgueugnon.fr\/site\/#\/schema\/person\/f6444fbdd35fa731ee974c03508738fb"},"headline":"[N3 J14 : FC Gueugnon \u2013 FC Montceau] Duel de forgerons et de mineurs&#8230; C&rsquo;est #LeDerbyDu71 au stade Jean Laville !","datePublished":"2023-02-03T08:01:00+00:00","dateModified":"2024-02-21T20:44:39+00:00","mainEntityOfPage":{"@id":"https:\/\/www.fcgueugnon.fr\/site\/n3-j14-fc-gueugnon-fc-montceau-duel-de-forgerons-et-de-mineurs-cest-lederbydu71-au-stade-jean-laville\/3056"},"wordCount":740,"publisher":{"@id":"https:\/\/www.fcgueugnon.fr\/site\/#organization"},"image":{"@id":"https:\/\/www.fcgueugnon.fr\/site\/n3-j14-fc-gueugnon-fc-montceau-duel-de-forgerons-et-de-mineurs-cest-lederbydu71-au-stade-jean-laville\/3056#primaryimage"},"thumbnailUrl":"https:\/\/www.fcgueugnon.fr\/site\/wp-content\/uploads\/2023\/02\/fc-gueugnon-montceau-le-derby-du-71-avant-match.png","keywords":["Avant-match"],"articleSection":["Archives 2022\/2023","News"],"inLanguage":"fr-FR"},{"@type":"WebPage","@id":"https:\/\/www.fcgueugnon.fr\/site\/n3-j14-fc-gueugnon-fc-montceau-duel-de-forgerons-et-de-mineurs-cest-lederbydu71-au-stade-jean-laville\/3056","url":"https:\/\/www.fcgueugnon.fr\/site\/n3-j14-fc-gueugnon-fc-montceau-duel-de-forgerons-et-de-mineurs-cest-lederbydu71-au-stade-jean-laville\/3056","name":"[N3 J14 : FC Gueugnon \u2013 FC Montceau] Duel de forgerons et de mineurs... C'est #LeDerbyDu71 au stade Jean Laville ! &#8226; FOOTBALL CLUB GUEUGNON","isPartOf":{"@id":"https:\/\/www.fcgueugnon.fr\/site\/#website"},"primaryImageOfPage":{"@id":"https:\/\/www.fcgueugnon.fr\/site\/n3-j14-fc-gueugnon-fc-montceau-duel-de-forgerons-et-de-mineurs-cest-lederbydu71-au-stade-jean-laville\/3056#primaryimage"},"image":{"@id":"https:\/\/www.fcgueugnon.fr\/site\/n3-j14-fc-gueugnon-fc-montceau-duel-de-forgerons-et-de-mineurs-cest-lederbydu71-au-stade-jean-laville\/3056#primaryimage"},"thumbnailUrl":"https:\/\/www.fcgueugnon.fr\/site\/wp-content\/uploads\/2023\/02\/fc-gueugnon-montceau-le-derby-du-71-avant-match.png","datePublished":"2023-02-03T08:01:00+00:00","dateModified":"2024-02-21T20:44:39+00:00","breadcrumb":{"@id":"https:\/\/www.fcgueugnon.fr\/site\/n3-j14-fc-gueugnon-fc-montceau-duel-de-forgerons-et-de-mineurs-cest-lederbydu71-au-stade-jean-laville\/3056#breadcrumb"},"inLanguage":"fr-FR","potentialAction":[{"@type":"ReadAction","target":["https:\/\/www.fcgueugnon.fr\/site\/n3-j14-fc-gueugnon-fc-montceau-duel-de-forgerons-et-de-mineurs-cest-lederbydu71-au-stade-jean-laville\/3056"]}]},{"@type":"ImageObject","inLanguage":"fr-FR","@id":"https:\/\/www.fcgueugnon.fr\/site\/n3-j14-fc-gueugnon-fc-montceau-duel-de-forgerons-et-de-mineurs-cest-lederbydu71-au-stade-jean-laville\/3056#primaryimage","url":"https:\/\/www.fcgueugnon.fr\/site\/wp-content\/uploads\/2023\/02\/fc-gueugnon-montceau-le-derby-du-71-avant-match.png","contentUrl":"https:\/\/www.fcgueugnon.fr\/site\/wp-content\/uploads\/2023\/02\/fc-gueugnon-montceau-le-derby-du-71-avant-match.png","width":1920,"height":1080},{"@type":"BreadcrumbList","@id":"https:\/\/www.fcgueugnon.fr\/site\/n3-j14-fc-gueugnon-fc-montceau-duel-de-forgerons-et-de-mineurs-cest-lederbydu71-au-stade-jean-laville\/3056#breadcrumb","itemListElement":[{"@type":"ListItem","position":1,"name":"Accueil","item":"https:\/\/www.fcgueugnon.fr\/site\/"},{"@type":"ListItem","position":2,"name":"[N3 J14 : FC Gueugnon \u2013 FC Montceau] Duel de forgerons et de mineurs&#8230; C&#8217;est #LeDerbyDu71 au stade Jean Laville !"}]},{"@type":"WebSite","@id":"https:\/\/www.fcgueugnon.fr\/site\/#website","url":"https:\/\/www.fcgueugnon.fr\/site\/","name":"FOOTBALL CLUB GUEUGNON","description":"Le Site Officiel des Forgerons","publisher":{"@id":"https:\/\/www.fcgueugnon.fr\/site\/#organization"},"potentialAction":[{"@type":"SearchAction","target":{"@type":"EntryPoint","urlTemplate":"https:\/\/www.fcgueugnon.fr\/site\/?s={search_term_string}"},"query-input":{"@type":"PropertyValueSpecification","valueRequired":true,"valueName":"search_term_string"}}],"inLanguage":"fr-FR"},{"@type":"Organization","@id":"https:\/\/www.fcgueugnon.fr\/site\/#organization","name":"FC Gueugnon","url":"https:\/\/www.fcgueugnon.fr\/site\/","logo":{"@type":"ImageObject","inLanguage":"fr-FR","@id":"https:\/\/www.fcgueugnon.fr\/site\/#\/schema\/logo\/image\/","url":"https:\/\/www.fcgueugnon.fr\/site\/wp-content\/uploads\/2022\/07\/cropped-Logo-FCGUEUGNON-low-350x350-1.png","contentUrl":"https:\/\/www.fcgueugnon.fr\/site\/wp-content\/uploads\/2022\/07\/cropped-Logo-FCGUEUGNON-low-350x350-1.png","width":350,"height":350,"caption":"FC Gueugnon"},"image":{"@id":"https:\/\/www.fcgueugnon.fr\/site\/#\/schema\/logo\/image\/"},"sameAs":["http:\/\/facebook.com\/FCGueugnon","https:\/\/x.com\/FCGueugnon_off","https:\/\/www.instagram.com\/fcgueugnon\/","https:\/\/www.linkedin.com\/company\/football-club-de-gueugnon\/","https:\/\/www.youtube.com\/user\/FCGueugnonnais","https:\/\/fr.wikipedia.org\/wiki\/Football_Club_de_Gueugnon"]},{"@type":"Person","@id":"https:\/\/www.fcgueugnon.fr\/site\/#\/schema\/person\/f6444fbdd35fa731ee974c03508738fb","name":"FC Gueugnon","sameAs":["https:\/\/www.fcgueugnon.fr\/site"],"url":"https:\/\/www.fcgueugnon.fr\/site\/author\/admin-antho"}]}},"rttpg_featured_image_url":{"full":["https:\/\/www.fcgueugnon.fr\/site\/wp-content\/uploads\/2023\/02\/fc-gueugnon-montceau-le-derby-du-71-avant-match.png",1920,1080,false],"landscape":["https:\/\/www.fcgueugnon.fr\/site\/wp-content\/uploads\/2023\/02\/fc-gueugnon-montceau-le-derby-du-71-avant-match.png",1920,1080,false],"portraits":["https:\/\/www.fcgueugnon.fr\/site\/wp-content\/uploads\/2023\/02\/fc-gueugnon-montceau-le-derby-du-71-avant-match.png",1920,1080,false],"thumbnail":["https:\/\/www.fcgueugnon.fr\/site\/wp-content\/uploads\/2023\/02\/fc-gueugnon-montceau-le-derby-du-71-avant-match-150x150.png",150,150,true],"medium":["https:\/\/www.fcgueugnon.fr\/site\/wp-content\/uploads\/2023\/02\/fc-gueugnon-montceau-le-derby-du-71-avant-match-400x225.png",400,225,true],"large":["https:\/\/www.fcgueugnon.fr\/site\/wp-content\/uploads\/2023\/02\/fc-gueugnon-montceau-le-derby-du-71-avant-match-1024x576.png",1024,576,true],"1536x1536":["https:\/\/www.fcgueugnon.fr\/site\/wp-content\/uploads\/2023\/02\/fc-gueugnon-montceau-le-derby-du-71-avant-match-1536x864.png",1536,864,true],"2048x2048":["https:\/\/www.fcgueugnon.fr\/site\/wp-content\/uploads\/2023\/02\/fc-gueugnon-montceau-le-derby-du-71-avant-match.png",1920,1080,false]},"rttpg_author":{"display_name":"FC Gueugnon","author_link":"https:\/\/www.fcgueugnon.fr\/site\/author\/admin-antho"},"rttpg_comment":0,"rttpg_category":"<a href=\"https:\/\/www.fcgueugnon.fr\/site\/category\/news\/news-2022-2023\" rel=\"category tag\">Archives 2022\/2023<\/a> <a href=\"https:\/\/www.fcgueugnon.fr\/site\/category\/news\" rel=\"category tag\">News<\/a>","rttpg_excerpt":"Place aux matchs retour de ce championnat 2022-2023 de N3 avec la r\u00e9ception du voisin montcellien pour #LeDerbyDu71&#8230; \ud83c\udd9a L&rsquo;adversaire La saison derni\u00e8re du FCMB restera marqu\u00e9e \u00e0 jamais par le d\u00e9c\u00e8s de Jean-Philippe For\u00eat et un maintien en hommage acquis sur le tard avec une petite unit\u00e9 devant le premier rel\u00e9gable. C&rsquo;est dans un\u2026","_links":{"self":[{"href":"https:\/\/www.fcgueugnon.fr\/site\/wp-json\/wp\/v2\/posts\/3056","targetHints":{"allow":["GET"]}}],"collection":[{"href":"https:\/\/www.fcgueugnon.fr\/site\/wp-json\/wp\/v2\/posts"}],"about":[{"href":"https:\/\/www.fcgueugnon.fr\/site\/wp-json\/wp\/v2\/types\/post"}],"author":[{"embeddable":true,"href":"https:\/\/www.fcgueugnon.fr\/site\/wp-json\/wp\/v2\/users\/1"}],"replies":[{"embeddable":true,"href":"https:\/\/www.fcgueugnon.fr\/site\/wp-json\/wp\/v2\/comments?post=3056"}],"version-history":[{"count":3,"href":"https:\/\/www.fcgueugnon.fr\/site\/wp-json\/wp\/v2\/posts\/3056\/revisions"}],"predecessor-version":[{"id":3065,"href":"https:\/\/www.fcgueugnon.fr\/site\/wp-json\/wp\/v2\/posts\/3056\/revisions\/3065"}],"wp:featuredmedia":[{"embeddable":true,"href":"https:\/\/www.fcgueugnon.fr\/site\/wp-json\/wp\/v2\/media\/3060"}],"wp:attachment":[{"href":"https:\/\/www.fcgueugnon.fr\/site\/wp-json\/wp\/v2\/media?parent=3056"}],"wp:term":[{"taxonomy":"category","embeddable":true,"href":"https:\/\/www.fcgueugnon.fr\/site\/wp-json\/wp\/v2\/categories?post=3056"},{"taxonomy":"post_tag","embeddable":true,"href":"https:\/\/www.fcgueugnon.fr\/site\/wp-json\/wp\/v2\/tags?post=3056"}],"curies":[{"name":"wp","href":"https:\/\/api.w.org\/{rel}","templated":true}]}}