{"id":3049,"date":"2023-02-02T17:30:00","date_gmt":"2023-02-02T16:30:00","guid":{"rendered":"https:\/\/www.fcgueugnon.fr\/site\/?p=3049"},"modified":"2024-02-21T21:45:58","modified_gmt":"2024-02-21T20:45:58","slug":"n3-j14-fc-gueugnon-fc-montceau-groupama-et-locatrans-genelardais-partenaires-de-la-rencontre","status":"publish","type":"post","link":"https:\/\/www.fcgueugnon.fr\/site\/n3-j14-fc-gueugnon-fc-montceau-groupama-et-locatrans-genelardais-partenaires-de-la-rencontre\/3049","title":{"rendered":"[N3 J14 : FC Gueugnon \u2013 FC Montceau] Groupama et Locatrans G\u00e9nelardais, partenaires de la rencontre"},"content":{"rendered":"\n<h3 class=\"wp-block-heading\"><strong>\u00c0 l&rsquo;occasion de la 14\u00e8me journ\u00e9e de National 3, le FC Gueugnon re\u00e7oit le FC Montceau Bourgogne. Un match parrain\u00e9 par Groupama et Locatrans G\u00e9nelardais.<\/strong><\/h3>\n\n\n\n<div style=\"height:20px\" aria-hidden=\"true\" class=\"wp-block-spacer\"><\/div>\n\n\n\n<p>Le FC Gueugnon remercie chaleureusement l\u2019<strong>Agence Groupama de Gueugnon <\/strong>ainsi que la <strong>f\u00e9d\u00e9ration d\u00e9partementale<\/strong> pour leur soutien et leur fid\u00e9lit\u00e9. \u00c0 l\u2019occasion de ce derby, les membres de la soci\u00e9t\u00e9 d\u2019assurance donneront le coup d\u2019envoi fictif de la rencontre.<\/p>\n\n\n\n<p>Pour vos devis d\u2019assurance auto, habitation, sant\u00e9 \u2026 Mais aussi pour les assurances professionnelles et pour les agriculteurs, n\u2019h\u00e9sitez pas \u00e0 prendre rendez-vous \u00e0 Groupama ! L\u2019agence de Gueugnon vous accueille tous les matins du Mardi au Samedi (de 9h \u00e0 12h), et tous les apr\u00e8s-midi sur rendez-vous.<\/p>\n\n\n\n<div style=\"height:15px\" aria-hidden=\"true\" class=\"wp-block-spacer\"><\/div>\n\n\n\n<p class=\"has-text-align-center\"><strong>Agence Groupama Gueugnon<\/strong><br>22 Rue de la Libert\u00e9<br>71130 Gueugnon<br>T\u00e9l\u00e9phone :\u00a009 74 50 32 21<\/p>\n\n\n<div class=\"wp-block-image\">\n<figure class=\"aligncenter size-medium\"><img loading=\"lazy\" decoding=\"async\" width=\"400\" height=\"225\" src=\"https:\/\/www.fcgueugnon.fr\/site\/wp-content\/uploads\/2023\/02\/Couleur-logo-Groupama-400x225.jpg\" alt=\"\" class=\"wp-image-3051\" srcset=\"https:\/\/www.fcgueugnon.fr\/site\/wp-content\/uploads\/2023\/02\/Couleur-logo-Groupama-400x225.jpg 400w, https:\/\/www.fcgueugnon.fr\/site\/wp-content\/uploads\/2023\/02\/Couleur-logo-Groupama-1024x576.jpg 1024w, https:\/\/www.fcgueugnon.fr\/site\/wp-content\/uploads\/2023\/02\/Couleur-logo-Groupama-768x432.jpg 768w, https:\/\/www.fcgueugnon.fr\/site\/wp-content\/uploads\/2023\/02\/Couleur-logo-Groupama-1536x864.jpg 1536w, https:\/\/www.fcgueugnon.fr\/site\/wp-content\/uploads\/2023\/02\/Couleur-logo-Groupama-1320x743.jpg 1320w, https:\/\/www.fcgueugnon.fr\/site\/wp-content\/uploads\/2023\/02\/Couleur-logo-Groupama-600x338.jpg 600w, https:\/\/www.fcgueugnon.fr\/site\/wp-content\/uploads\/2023\/02\/Couleur-logo-Groupama.jpg 1920w\" sizes=\"auto, (max-width: 400px) 100vw, 400px\" \/><\/figure>\n<\/div>\n\n\n<div style=\"height:20px\" aria-hidden=\"true\" class=\"wp-block-spacer\"><\/div>\n\n\n\n<hr class=\"wp-block-separator has-alpha-channel-opacity\"\/>\n\n\n\n<div style=\"height:20px\" aria-hidden=\"true\" class=\"wp-block-spacer\"><\/div>\n\n\n\n<p>Install\u00e9s \u00e0 Palinges, Torcy et Longic,\u00a0<strong>Locatrans G\u00e9nelardais\u00a0<\/strong>poss\u00e8de une exp\u00e9rience de pr\u00e8s de 15 ans sp\u00e9cialis\u00e9e dans le\u00a0<strong>transport de toutes marchandises\u00a0<\/strong>comme les mati\u00e8res dangereuses, les \u00e9quipements industriels, les denr\u00e9es non p\u00e9rissables. Ils interviennent au niveau d\u00e9partemental, r\u00e9gional, national et international depuis 2008 !<\/p>\n\n\n\n<div style=\"height:15px\" aria-hidden=\"true\" class=\"wp-block-spacer\"><\/div>\n\n\n\n<p class=\"has-text-align-center\"><strong>Locatrans G\u00e9nelardais<\/strong><br>Si\u00e8ge : Avenue des Ferrancins &#8211; 71210 Torcy<br>Agence : Rue de Romelet &#8211; 21600 Longvic<br>Agence : Lev\u00e9e du Canal &#8211; 71430 Palinges<\/p>\n\n\n\n<p class=\"has-text-align-center\">Tel : 03 85 79 91 06<br>Mail :&nbsp;<a href=\"mailto:cyril.gilot@groupltg.com\">cyril.gilot@groupltg.com<\/a><a href=\"http:\/\/www.locatrans-genelardais.com\/\" target=\"_blank\" rel=\"noreferrer noopener\"><br><\/a>Site Web :&nbsp;<a href=\"https:\/\/www.groupltg.com\/\" target=\"_blank\" rel=\"noreferrer noopener\">www.groupltg.com<\/a><\/p>\n\n\n<div class=\"wp-block-image\">\n<figure class=\"aligncenter size-medium\"><img loading=\"lazy\" decoding=\"async\" width=\"400\" height=\"135\" src=\"https:\/\/www.fcgueugnon.fr\/site\/wp-content\/uploads\/2023\/02\/LocaTransGenelardais-400x135.png\" alt=\"\" class=\"wp-image-3052\" srcset=\"https:\/\/www.fcgueugnon.fr\/site\/wp-content\/uploads\/2023\/02\/LocaTransGenelardais-400x135.png 400w, https:\/\/www.fcgueugnon.fr\/site\/wp-content\/uploads\/2023\/02\/LocaTransGenelardais-1024x346.png 1024w, https:\/\/www.fcgueugnon.fr\/site\/wp-content\/uploads\/2023\/02\/LocaTransGenelardais-768x260.png 768w, https:\/\/www.fcgueugnon.fr\/site\/wp-content\/uploads\/2023\/02\/LocaTransGenelardais-1536x520.png 1536w, https:\/\/www.fcgueugnon.fr\/site\/wp-content\/uploads\/2023\/02\/LocaTransGenelardais-2048x693.png 2048w, https:\/\/www.fcgueugnon.fr\/site\/wp-content\/uploads\/2023\/02\/LocaTransGenelardais-1320x446.png 1320w, https:\/\/www.fcgueugnon.fr\/site\/wp-content\/uploads\/2023\/02\/LocaTransGenelardais-600x203.png 600w\" sizes=\"auto, (max-width: 400px) 100vw, 400px\" \/><\/figure>\n<\/div>\n\n\n<div style=\"height:20px\" aria-hidden=\"true\" class=\"wp-block-spacer\"><\/div>\n\n\n\n<div style=\"height:40px\" aria-hidden=\"true\" class=\"wp-block-spacer\"><\/div>\n\n\n\n<p class=\"has-text-align-center\"><strong>Supporters forgerons, <a href=\"https:\/\/www.fcgueugnon.fr\/site\/partenaires\">r\u00e9servez vos achats et vos sorties chez nos partenaires<\/a> !<\/strong><\/p>\n","protected":false},"excerpt":{"rendered":"<p>\u00c0 l&rsquo;occasion de la 14\u00e8me journ\u00e9e de National 3, le FC Gueugnon re\u00e7oit le FC Montceau Bourgogne. Un match parrain\u00e9 par Groupama et Locatrans G\u00e9nelardais. Le FC Gueugnon remercie chaleureusement l\u2019Agence Groupama de Gueugnon ainsi que la f\u00e9d\u00e9ration d\u00e9partementale pour leur soutien et leur fid\u00e9lit\u00e9. \u00c0 l\u2019occasion de ce derby, les membres de la soci\u00e9t\u00e9 &#8230; <\/p>\n<p class=\"read-more-container\"><a title=\"[N3 J14 : FC Gueugnon \u2013 FC Montceau] Groupama et Locatrans G\u00e9nelardais, partenaires de la rencontre\" class=\"read-more button\" href=\"https:\/\/www.fcgueugnon.fr\/site\/n3-j14-fc-gueugnon-fc-montceau-groupama-et-locatrans-genelardais-partenaires-de-la-rencontre\/3049#more-3049\" aria-label=\"Plus sur [N3 J14 : FC Gueugnon \u2013 FC Montceau] Groupama et Locatrans G\u00e9nelardais, partenaires de la rencontre\">Lire la suite<\/a><\/p>\n","protected":false},"author":3,"featured_media":3050,"comment_status":"closed","ping_status":"closed","sticky":true,"template":"","format":"standard","meta":{"footnotes":""},"categories":[5,4],"tags":[23],"class_list":["post-3049","post","type-post","status-publish","format-standard","has-post-thumbnail","hentry","category-news-2022-2023","category-news","tag-partenaires","infinite-scroll-item","generate-columns","tablet-grid-50","mobile-grid-100","grid-parent","grid-25","resize-featured-image"],"yoast_head":"<!-- This site is optimized with the Yoast SEO plugin v26.6 - https:\/\/yoast.com\/wordpress\/plugins\/seo\/ -->\n<title>[N3 J14 : FC Gueugnon \u2013 FC Montceau] Groupama et Locatrans G\u00e9nelardais, partenaires de la rencontre &#8226; FOOTBALL CLUB GUEUGNON<\/title>\n<meta name=\"robots\" content=\"index, follow, max-snippet:-1, max-image-preview:large, max-video-preview:-1\" \/>\n<link rel=\"canonical\" href=\"https:\/\/www.fcgueugnon.fr\/site\/n3-j14-fc-gueugnon-fc-montceau-groupama-et-locatrans-genelardais-partenaires-de-la-rencontre\/3049\" \/>\n<meta property=\"og:locale\" content=\"fr_FR\" \/>\n<meta property=\"og:type\" content=\"article\" \/>\n<meta property=\"og:title\" content=\"[N3 J14 : FC Gueugnon \u2013 FC Montceau] Groupama et Locatrans G\u00e9nelardais, partenaires de la rencontre &#8226; FOOTBALL CLUB GUEUGNON\" \/>\n<meta property=\"og:description\" content=\"\u00c0 l&rsquo;occasion de la 14\u00e8me journ\u00e9e de National 3, le FC Gueugnon re\u00e7oit le FC Montceau Bourgogne. Un match parrain\u00e9 par Groupama et Locatrans G\u00e9nelardais. Le FC Gueugnon remercie chaleureusement l\u2019Agence Groupama de Gueugnon ainsi que la f\u00e9d\u00e9ration d\u00e9partementale pour leur soutien et leur fid\u00e9lit\u00e9. \u00c0 l\u2019occasion de ce derby, les membres de la soci\u00e9t\u00e9 ... Lire la suite\" \/>\n<meta property=\"og:url\" content=\"https:\/\/www.fcgueugnon.fr\/site\/n3-j14-fc-gueugnon-fc-montceau-groupama-et-locatrans-genelardais-partenaires-de-la-rencontre\/3049\" \/>\n<meta property=\"og:site_name\" content=\"FOOTBALL CLUB GUEUGNON\" \/>\n<meta property=\"article:publisher\" content=\"http:\/\/facebook.com\/FCGueugnon\" \/>\n<meta property=\"article:published_time\" content=\"2023-02-02T16:30:00+00:00\" \/>\n<meta property=\"article:modified_time\" content=\"2024-02-21T20:45:58+00:00\" \/>\n<meta property=\"og:image\" content=\"https:\/\/www.fcgueugnon.fr\/site\/wp-content\/uploads\/2022\/08\/Partenaire-ballon-du-match-merevis-consulting.png\" \/>\n\t<meta property=\"og:image:width\" content=\"1920\" \/>\n\t<meta property=\"og:image:height\" content=\"1080\" \/>\n\t<meta property=\"og:image:type\" content=\"image\/png\" \/>\n<meta name=\"author\" content=\"FC Gueugnon\" \/>\n<meta name=\"twitter:card\" content=\"summary_large_image\" \/>\n<meta name=\"twitter:image\" content=\"https:\/\/www.fcgueugnon.fr\/site\/wp-content\/uploads\/2022\/08\/Partenaire-ballon-du-match-merevis-consulting.png\" \/>\n<meta name=\"twitter:creator\" content=\"@FCGueugnon_off\" \/>\n<meta name=\"twitter:site\" content=\"@FCGueugnon_off\" \/>\n<meta name=\"twitter:label1\" content=\"\u00c9crit par\" \/>\n\t<meta name=\"twitter:data1\" content=\"FC Gueugnon\" \/>\n\t<meta name=\"twitter:label2\" content=\"Dur\u00e9e de lecture estim\u00e9e\" \/>\n\t<meta name=\"twitter:data2\" content=\"2 minutes\" \/>\n<script type=\"application\/ld+json\" class=\"yoast-schema-graph\">{\"@context\":\"https:\/\/schema.org\",\"@graph\":[{\"@type\":\"Article\",\"@id\":\"https:\/\/www.fcgueugnon.fr\/site\/n3-j14-fc-gueugnon-fc-montceau-groupama-et-locatrans-genelardais-partenaires-de-la-rencontre\/3049#article\",\"isPartOf\":{\"@id\":\"https:\/\/www.fcgueugnon.fr\/site\/n3-j14-fc-gueugnon-fc-montceau-groupama-et-locatrans-genelardais-partenaires-de-la-rencontre\/3049\"},\"author\":{\"name\":\"FC Gueugnon\",\"@id\":\"https:\/\/www.fcgueugnon.fr\/site\/#\/schema\/person\/829630bfb5d6f3ebe4d296b75687c01a\"},\"headline\":\"[N3 J14 : FC Gueugnon \u2013 FC Montceau] Groupama et Locatrans G\u00e9nelardais, partenaires de la rencontre\",\"datePublished\":\"2023-02-02T16:30:00+00:00\",\"dateModified\":\"2024-02-21T20:45:58+00:00\",\"mainEntityOfPage\":{\"@id\":\"https:\/\/www.fcgueugnon.fr\/site\/n3-j14-fc-gueugnon-fc-montceau-groupama-et-locatrans-genelardais-partenaires-de-la-rencontre\/3049\"},\"wordCount\":247,\"publisher\":{\"@id\":\"https:\/\/www.fcgueugnon.fr\/site\/#organization\"},\"image\":{\"@id\":\"https:\/\/www.fcgueugnon.fr\/site\/n3-j14-fc-gueugnon-fc-montceau-groupama-et-locatrans-genelardais-partenaires-de-la-rencontre\/3049#primaryimage\"},\"thumbnailUrl\":\"https:\/\/www.fcgueugnon.fr\/site\/wp-content\/uploads\/2023\/02\/PARTENAIRE-DU-MATCH.png\",\"keywords\":[\"Partenaires\"],\"articleSection\":[\"Archives 2022\/2023\",\"News\"],\"inLanguage\":\"fr-FR\"},{\"@type\":\"WebPage\",\"@id\":\"https:\/\/www.fcgueugnon.fr\/site\/n3-j14-fc-gueugnon-fc-montceau-groupama-et-locatrans-genelardais-partenaires-de-la-rencontre\/3049\",\"url\":\"https:\/\/www.fcgueugnon.fr\/site\/n3-j14-fc-gueugnon-fc-montceau-groupama-et-locatrans-genelardais-partenaires-de-la-rencontre\/3049\",\"name\":\"[N3 J14 : FC Gueugnon \u2013 FC Montceau] Groupama et Locatrans G\u00e9nelardais, partenaires de la rencontre &#8226; FOOTBALL CLUB GUEUGNON\",\"isPartOf\":{\"@id\":\"https:\/\/www.fcgueugnon.fr\/site\/#website\"},\"primaryImageOfPage\":{\"@id\":\"https:\/\/www.fcgueugnon.fr\/site\/n3-j14-fc-gueugnon-fc-montceau-groupama-et-locatrans-genelardais-partenaires-de-la-rencontre\/3049#primaryimage\"},\"image\":{\"@id\":\"https:\/\/www.fcgueugnon.fr\/site\/n3-j14-fc-gueugnon-fc-montceau-groupama-et-locatrans-genelardais-partenaires-de-la-rencontre\/3049#primaryimage\"},\"thumbnailUrl\":\"https:\/\/www.fcgueugnon.fr\/site\/wp-content\/uploads\/2023\/02\/PARTENAIRE-DU-MATCH.png\",\"datePublished\":\"2023-02-02T16:30:00+00:00\",\"dateModified\":\"2024-02-21T20:45:58+00:00\",\"breadcrumb\":{\"@id\":\"https:\/\/www.fcgueugnon.fr\/site\/n3-j14-fc-gueugnon-fc-montceau-groupama-et-locatrans-genelardais-partenaires-de-la-rencontre\/3049#breadcrumb\"},\"inLanguage\":\"fr-FR\",\"potentialAction\":[{\"@type\":\"ReadAction\",\"target\":[\"https:\/\/www.fcgueugnon.fr\/site\/n3-j14-fc-gueugnon-fc-montceau-groupama-et-locatrans-genelardais-partenaires-de-la-rencontre\/3049\"]}]},{\"@type\":\"ImageObject\",\"inLanguage\":\"fr-FR\",\"@id\":\"https:\/\/www.fcgueugnon.fr\/site\/n3-j14-fc-gueugnon-fc-montceau-groupama-et-locatrans-genelardais-partenaires-de-la-rencontre\/3049#primaryimage\",\"url\":\"https:\/\/www.fcgueugnon.fr\/site\/wp-content\/uploads\/2023\/02\/PARTENAIRE-DU-MATCH.png\",\"contentUrl\":\"https:\/\/www.fcgueugnon.fr\/site\/wp-content\/uploads\/2023\/02\/PARTENAIRE-DU-MATCH.png\",\"width\":1920,\"height\":1080},{\"@type\":\"BreadcrumbList\",\"@id\":\"https:\/\/www.fcgueugnon.fr\/site\/n3-j14-fc-gueugnon-fc-montceau-groupama-et-locatrans-genelardais-partenaires-de-la-rencontre\/3049#breadcrumb\",\"itemListElement\":[{\"@type\":\"ListItem\",\"position\":1,\"name\":\"Accueil\",\"item\":\"https:\/\/www.fcgueugnon.fr\/site\/\"},{\"@type\":\"ListItem\",\"position\":2,\"name\":\"[N3 J14 : FC Gueugnon \u2013 FC Montceau] Groupama et Locatrans G\u00e9nelardais, partenaires de la rencontre\"}]},{\"@type\":\"WebSite\",\"@id\":\"https:\/\/www.fcgueugnon.fr\/site\/#website\",\"url\":\"https:\/\/www.fcgueugnon.fr\/site\/\",\"name\":\"FOOTBALL CLUB GUEUGNON\",\"description\":\"Le Site Officiel des Forgerons\",\"publisher\":{\"@id\":\"https:\/\/www.fcgueugnon.fr\/site\/#organization\"},\"potentialAction\":[{\"@type\":\"SearchAction\",\"target\":{\"@type\":\"EntryPoint\",\"urlTemplate\":\"https:\/\/www.fcgueugnon.fr\/site\/?s={search_term_string}\"},\"query-input\":{\"@type\":\"PropertyValueSpecification\",\"valueRequired\":true,\"valueName\":\"search_term_string\"}}],\"inLanguage\":\"fr-FR\"},{\"@type\":\"Organization\",\"@id\":\"https:\/\/www.fcgueugnon.fr\/site\/#organization\",\"name\":\"FC Gueugnon\",\"url\":\"https:\/\/www.fcgueugnon.fr\/site\/\",\"logo\":{\"@type\":\"ImageObject\",\"inLanguage\":\"fr-FR\",\"@id\":\"https:\/\/www.fcgueugnon.fr\/site\/#\/schema\/logo\/image\/\",\"url\":\"https:\/\/www.fcgueugnon.fr\/site\/wp-content\/uploads\/2022\/07\/cropped-Logo-FCGUEUGNON-low-350x350-1.png\",\"contentUrl\":\"https:\/\/www.fcgueugnon.fr\/site\/wp-content\/uploads\/2022\/07\/cropped-Logo-FCGUEUGNON-low-350x350-1.png\",\"width\":350,\"height\":350,\"caption\":\"FC Gueugnon\"},\"image\":{\"@id\":\"https:\/\/www.fcgueugnon.fr\/site\/#\/schema\/logo\/image\/\"},\"sameAs\":[\"http:\/\/facebook.com\/FCGueugnon\",\"https:\/\/x.com\/FCGueugnon_off\",\"https:\/\/www.instagram.com\/fcgueugnon\/\",\"https:\/\/www.linkedin.com\/company\/football-club-de-gueugnon\/\",\"https:\/\/www.youtube.com\/user\/FCGueugnonnais\",\"https:\/\/fr.wikipedia.org\/wiki\/Football_Club_de_Gueugnon\"]},{\"@type\":\"Person\",\"@id\":\"https:\/\/www.fcgueugnon.fr\/site\/#\/schema\/person\/829630bfb5d6f3ebe4d296b75687c01a\",\"name\":\"FC Gueugnon\",\"url\":\"https:\/\/www.fcgueugnon.fr\/site\/author\/g-avin1\"}]}<\/script>\n<!-- \/ Yoast SEO plugin. -->","yoast_head_json":{"title":"[N3 J14 : FC Gueugnon \u2013 FC Montceau] Groupama et Locatrans G\u00e9nelardais, partenaires de la rencontre &#8226; FOOTBALL CLUB GUEUGNON","robots":{"index":"index","follow":"follow","max-snippet":"max-snippet:-1","max-image-preview":"max-image-preview:large","max-video-preview":"max-video-preview:-1"},"canonical":"https:\/\/www.fcgueugnon.fr\/site\/n3-j14-fc-gueugnon-fc-montceau-groupama-et-locatrans-genelardais-partenaires-de-la-rencontre\/3049","og_locale":"fr_FR","og_type":"article","og_title":"[N3 J14 : FC Gueugnon \u2013 FC Montceau] Groupama et Locatrans G\u00e9nelardais, partenaires de la rencontre &#8226; FOOTBALL CLUB GUEUGNON","og_description":"\u00c0 l&rsquo;occasion de la 14\u00e8me journ\u00e9e de National 3, le FC Gueugnon re\u00e7oit le FC Montceau Bourgogne. Un match parrain\u00e9 par Groupama et Locatrans G\u00e9nelardais. Le FC Gueugnon remercie chaleureusement l\u2019Agence Groupama de Gueugnon ainsi que la f\u00e9d\u00e9ration d\u00e9partementale pour leur soutien et leur fid\u00e9lit\u00e9. \u00c0 l\u2019occasion de ce derby, les membres de la soci\u00e9t\u00e9 ... Lire la suite","og_url":"https:\/\/www.fcgueugnon.fr\/site\/n3-j14-fc-gueugnon-fc-montceau-groupama-et-locatrans-genelardais-partenaires-de-la-rencontre\/3049","og_site_name":"FOOTBALL CLUB GUEUGNON","article_publisher":"http:\/\/facebook.com\/FCGueugnon","article_published_time":"2023-02-02T16:30:00+00:00","article_modified_time":"2024-02-21T20:45:58+00:00","og_image":[{"width":1920,"height":1080,"url":"https:\/\/www.fcgueugnon.fr\/site\/wp-content\/uploads\/2022\/08\/Partenaire-ballon-du-match-merevis-consulting.png","type":"image\/png"}],"author":"FC Gueugnon","twitter_card":"summary_large_image","twitter_image":"https:\/\/www.fcgueugnon.fr\/site\/wp-content\/uploads\/2022\/08\/Partenaire-ballon-du-match-merevis-consulting.png","twitter_creator":"@FCGueugnon_off","twitter_site":"@FCGueugnon_off","twitter_misc":{"\u00c9crit par":"FC Gueugnon","Dur\u00e9e de lecture estim\u00e9e":"2 minutes"},"schema":{"@context":"https:\/\/schema.org","@graph":[{"@type":"Article","@id":"https:\/\/www.fcgueugnon.fr\/site\/n3-j14-fc-gueugnon-fc-montceau-groupama-et-locatrans-genelardais-partenaires-de-la-rencontre\/3049#article","isPartOf":{"@id":"https:\/\/www.fcgueugnon.fr\/site\/n3-j14-fc-gueugnon-fc-montceau-groupama-et-locatrans-genelardais-partenaires-de-la-rencontre\/3049"},"author":{"name":"FC Gueugnon","@id":"https:\/\/www.fcgueugnon.fr\/site\/#\/schema\/person\/829630bfb5d6f3ebe4d296b75687c01a"},"headline":"[N3 J14 : FC Gueugnon \u2013 FC Montceau] Groupama et Locatrans G\u00e9nelardais, partenaires de la rencontre","datePublished":"2023-02-02T16:30:00+00:00","dateModified":"2024-02-21T20:45:58+00:00","mainEntityOfPage":{"@id":"https:\/\/www.fcgueugnon.fr\/site\/n3-j14-fc-gueugnon-fc-montceau-groupama-et-locatrans-genelardais-partenaires-de-la-rencontre\/3049"},"wordCount":247,"publisher":{"@id":"https:\/\/www.fcgueugnon.fr\/site\/#organization"},"image":{"@id":"https:\/\/www.fcgueugnon.fr\/site\/n3-j14-fc-gueugnon-fc-montceau-groupama-et-locatrans-genelardais-partenaires-de-la-rencontre\/3049#primaryimage"},"thumbnailUrl":"https:\/\/www.fcgueugnon.fr\/site\/wp-content\/uploads\/2023\/02\/PARTENAIRE-DU-MATCH.png","keywords":["Partenaires"],"articleSection":["Archives 2022\/2023","News"],"inLanguage":"fr-FR"},{"@type":"WebPage","@id":"https:\/\/www.fcgueugnon.fr\/site\/n3-j14-fc-gueugnon-fc-montceau-groupama-et-locatrans-genelardais-partenaires-de-la-rencontre\/3049","url":"https:\/\/www.fcgueugnon.fr\/site\/n3-j14-fc-gueugnon-fc-montceau-groupama-et-locatrans-genelardais-partenaires-de-la-rencontre\/3049","name":"[N3 J14 : FC Gueugnon \u2013 FC Montceau] Groupama et Locatrans G\u00e9nelardais, partenaires de la rencontre &#8226; FOOTBALL CLUB GUEUGNON","isPartOf":{"@id":"https:\/\/www.fcgueugnon.fr\/site\/#website"},"primaryImageOfPage":{"@id":"https:\/\/www.fcgueugnon.fr\/site\/n3-j14-fc-gueugnon-fc-montceau-groupama-et-locatrans-genelardais-partenaires-de-la-rencontre\/3049#primaryimage"},"image":{"@id":"https:\/\/www.fcgueugnon.fr\/site\/n3-j14-fc-gueugnon-fc-montceau-groupama-et-locatrans-genelardais-partenaires-de-la-rencontre\/3049#primaryimage"},"thumbnailUrl":"https:\/\/www.fcgueugnon.fr\/site\/wp-content\/uploads\/2023\/02\/PARTENAIRE-DU-MATCH.png","datePublished":"2023-02-02T16:30:00+00:00","dateModified":"2024-02-21T20:45:58+00:00","breadcrumb":{"@id":"https:\/\/www.fcgueugnon.fr\/site\/n3-j14-fc-gueugnon-fc-montceau-groupama-et-locatrans-genelardais-partenaires-de-la-rencontre\/3049#breadcrumb"},"inLanguage":"fr-FR","potentialAction":[{"@type":"ReadAction","target":["https:\/\/www.fcgueugnon.fr\/site\/n3-j14-fc-gueugnon-fc-montceau-groupama-et-locatrans-genelardais-partenaires-de-la-rencontre\/3049"]}]},{"@type":"ImageObject","inLanguage":"fr-FR","@id":"https:\/\/www.fcgueugnon.fr\/site\/n3-j14-fc-gueugnon-fc-montceau-groupama-et-locatrans-genelardais-partenaires-de-la-rencontre\/3049#primaryimage","url":"https:\/\/www.fcgueugnon.fr\/site\/wp-content\/uploads\/2023\/02\/PARTENAIRE-DU-MATCH.png","contentUrl":"https:\/\/www.fcgueugnon.fr\/site\/wp-content\/uploads\/2023\/02\/PARTENAIRE-DU-MATCH.png","width":1920,"height":1080},{"@type":"BreadcrumbList","@id":"https:\/\/www.fcgueugnon.fr\/site\/n3-j14-fc-gueugnon-fc-montceau-groupama-et-locatrans-genelardais-partenaires-de-la-rencontre\/3049#breadcrumb","itemListElement":[{"@type":"ListItem","position":1,"name":"Accueil","item":"https:\/\/www.fcgueugnon.fr\/site\/"},{"@type":"ListItem","position":2,"name":"[N3 J14 : FC Gueugnon \u2013 FC Montceau] Groupama et Locatrans G\u00e9nelardais, partenaires de la rencontre"}]},{"@type":"WebSite","@id":"https:\/\/www.fcgueugnon.fr\/site\/#website","url":"https:\/\/www.fcgueugnon.fr\/site\/","name":"FOOTBALL CLUB GUEUGNON","description":"Le Site Officiel des Forgerons","publisher":{"@id":"https:\/\/www.fcgueugnon.fr\/site\/#organization"},"potentialAction":[{"@type":"SearchAction","target":{"@type":"EntryPoint","urlTemplate":"https:\/\/www.fcgueugnon.fr\/site\/?s={search_term_string}"},"query-input":{"@type":"PropertyValueSpecification","valueRequired":true,"valueName":"search_term_string"}}],"inLanguage":"fr-FR"},{"@type":"Organization","@id":"https:\/\/www.fcgueugnon.fr\/site\/#organization","name":"FC Gueugnon","url":"https:\/\/www.fcgueugnon.fr\/site\/","logo":{"@type":"ImageObject","inLanguage":"fr-FR","@id":"https:\/\/www.fcgueugnon.fr\/site\/#\/schema\/logo\/image\/","url":"https:\/\/www.fcgueugnon.fr\/site\/wp-content\/uploads\/2022\/07\/cropped-Logo-FCGUEUGNON-low-350x350-1.png","contentUrl":"https:\/\/www.fcgueugnon.fr\/site\/wp-content\/uploads\/2022\/07\/cropped-Logo-FCGUEUGNON-low-350x350-1.png","width":350,"height":350,"caption":"FC Gueugnon"},"image":{"@id":"https:\/\/www.fcgueugnon.fr\/site\/#\/schema\/logo\/image\/"},"sameAs":["http:\/\/facebook.com\/FCGueugnon","https:\/\/x.com\/FCGueugnon_off","https:\/\/www.instagram.com\/fcgueugnon\/","https:\/\/www.linkedin.com\/company\/football-club-de-gueugnon\/","https:\/\/www.youtube.com\/user\/FCGueugnonnais","https:\/\/fr.wikipedia.org\/wiki\/Football_Club_de_Gueugnon"]},{"@type":"Person","@id":"https:\/\/www.fcgueugnon.fr\/site\/#\/schema\/person\/829630bfb5d6f3ebe4d296b75687c01a","name":"FC Gueugnon","url":"https:\/\/www.fcgueugnon.fr\/site\/author\/g-avin1"}]}},"rttpg_featured_image_url":{"full":["https:\/\/www.fcgueugnon.fr\/site\/wp-content\/uploads\/2023\/02\/PARTENAIRE-DU-MATCH.png",1920,1080,false],"landscape":["https:\/\/www.fcgueugnon.fr\/site\/wp-content\/uploads\/2023\/02\/PARTENAIRE-DU-MATCH.png",1920,1080,false],"portraits":["https:\/\/www.fcgueugnon.fr\/site\/wp-content\/uploads\/2023\/02\/PARTENAIRE-DU-MATCH.png",1920,1080,false],"thumbnail":["https:\/\/www.fcgueugnon.fr\/site\/wp-content\/uploads\/2023\/02\/PARTENAIRE-DU-MATCH-150x150.png",150,150,true],"medium":["https:\/\/www.fcgueugnon.fr\/site\/wp-content\/uploads\/2023\/02\/PARTENAIRE-DU-MATCH-400x225.png",400,225,true],"large":["https:\/\/www.fcgueugnon.fr\/site\/wp-content\/uploads\/2023\/02\/PARTENAIRE-DU-MATCH-1024x576.png",1024,576,true],"1536x1536":["https:\/\/www.fcgueugnon.fr\/site\/wp-content\/uploads\/2023\/02\/PARTENAIRE-DU-MATCH-1536x864.png",1536,864,true],"2048x2048":["https:\/\/www.fcgueugnon.fr\/site\/wp-content\/uploads\/2023\/02\/PARTENAIRE-DU-MATCH.png",1920,1080,false]},"rttpg_author":{"display_name":"FC Gueugnon","author_link":"https:\/\/www.fcgueugnon.fr\/site\/author\/g-avin1"},"rttpg_comment":0,"rttpg_category":"<a href=\"https:\/\/www.fcgueugnon.fr\/site\/category\/news\/news-2022-2023\" rel=\"category tag\">Archives 2022\/2023<\/a> <a href=\"https:\/\/www.fcgueugnon.fr\/site\/category\/news\" rel=\"category tag\">News<\/a>","rttpg_excerpt":"\u00c0 l&rsquo;occasion de la 14\u00e8me journ\u00e9e de National 3, le FC Gueugnon re\u00e7oit le FC Montceau Bourgogne. Un match parrain\u00e9 par Groupama et Locatrans G\u00e9nelardais. Le FC Gueugnon remercie chaleureusement l\u2019Agence Groupama de Gueugnon ainsi que la f\u00e9d\u00e9ration d\u00e9partementale pour leur soutien et leur fid\u00e9lit\u00e9. \u00c0 l\u2019occasion de ce derby, les membres de la soci\u00e9t\u00e9\u2026","_links":{"self":[{"href":"https:\/\/www.fcgueugnon.fr\/site\/wp-json\/wp\/v2\/posts\/3049","targetHints":{"allow":["GET"]}}],"collection":[{"href":"https:\/\/www.fcgueugnon.fr\/site\/wp-json\/wp\/v2\/posts"}],"about":[{"href":"https:\/\/www.fcgueugnon.fr\/site\/wp-json\/wp\/v2\/types\/post"}],"author":[{"embeddable":true,"href":"https:\/\/www.fcgueugnon.fr\/site\/wp-json\/wp\/v2\/users\/3"}],"replies":[{"embeddable":true,"href":"https:\/\/www.fcgueugnon.fr\/site\/wp-json\/wp\/v2\/comments?post=3049"}],"version-history":[{"count":3,"href":"https:\/\/www.fcgueugnon.fr\/site\/wp-json\/wp\/v2\/posts\/3049\/revisions"}],"predecessor-version":[{"id":3055,"href":"https:\/\/www.fcgueugnon.fr\/site\/wp-json\/wp\/v2\/posts\/3049\/revisions\/3055"}],"wp:featuredmedia":[{"embeddable":true,"href":"https:\/\/www.fcgueugnon.fr\/site\/wp-json\/wp\/v2\/media\/3050"}],"wp:attachment":[{"href":"https:\/\/www.fcgueugnon.fr\/site\/wp-json\/wp\/v2\/media?parent=3049"}],"wp:term":[{"taxonomy":"category","embeddable":true,"href":"https:\/\/www.fcgueugnon.fr\/site\/wp-json\/wp\/v2\/categories?post=3049"},{"taxonomy":"post_tag","embeddable":true,"href":"https:\/\/www.fcgueugnon.fr\/site\/wp-json\/wp\/v2\/tags?post=3049"}],"curies":[{"name":"wp","href":"https:\/\/api.w.org\/{rel}","templated":true}]}}