{"id":3044,"date":"2023-02-04T16:55:00","date_gmt":"2023-02-04T15:55:00","guid":{"rendered":"https:\/\/www.fcgueugnon.fr\/site\/?p=3044"},"modified":"2023-02-02T10:56:59","modified_gmt":"2023-02-02T09:56:59","slug":"interview-forgeron-mag-8-avec-anthony-lamonge","status":"publish","type":"post","link":"https:\/\/www.fcgueugnon.fr\/site\/interview-forgeron-mag-8-avec-anthony-lamonge\/3044","title":{"rendered":"[Interview] Forgeron Mag #8 avec Anthony LAMONGE"},"content":{"rendered":"\n<h3 class=\"wp-block-heading\">D\u00e9couvrez en int\u00e9gralit\u00e9 l&rsquo;entretien d&rsquo;Anthony LAMONGE diffus\u00e9 \u00e0 l&rsquo;occasion de cette 14\u00e8me journ\u00e9e de championnat face au FC Montceau Bourgogne dans le Forgeron Mag du 04\/02\/23.<\/h3>\n\n\n\n<div style=\"height:75px\" aria-hidden=\"true\" class=\"wp-block-spacer\"><\/div>\n\n\n<div class=\"wp-block-image\">\n<figure class=\"aligncenter size-large\"><img loading=\"lazy\" decoding=\"async\" width=\"1024\" height=\"682\" src=\"https:\/\/www.fcgueugnon.fr\/site\/wp-content\/uploads\/2023\/01\/uf-macon-fc-gueugnon-anthony-lamonge-1024x682.png\" alt=\"\" class=\"wp-image-2955\" srcset=\"https:\/\/www.fcgueugnon.fr\/site\/wp-content\/uploads\/2023\/01\/uf-macon-fc-gueugnon-anthony-lamonge-1024x682.png 1024w, https:\/\/www.fcgueugnon.fr\/site\/wp-content\/uploads\/2023\/01\/uf-macon-fc-gueugnon-anthony-lamonge-400x267.png 400w, https:\/\/www.fcgueugnon.fr\/site\/wp-content\/uploads\/2023\/01\/uf-macon-fc-gueugnon-anthony-lamonge-768x512.png 768w, https:\/\/www.fcgueugnon.fr\/site\/wp-content\/uploads\/2023\/01\/uf-macon-fc-gueugnon-anthony-lamonge-1536x1024.png 1536w, https:\/\/www.fcgueugnon.fr\/site\/wp-content\/uploads\/2023\/01\/uf-macon-fc-gueugnon-anthony-lamonge-1320x880.png 1320w, https:\/\/www.fcgueugnon.fr\/site\/wp-content\/uploads\/2023\/01\/uf-macon-fc-gueugnon-anthony-lamonge-600x400.png 600w, https:\/\/www.fcgueugnon.fr\/site\/wp-content\/uploads\/2023\/01\/uf-macon-fc-gueugnon-anthony-lamonge.png 1772w\" sizes=\"auto, (max-width: 1024px) 100vw, 1024px\" \/><\/figure>\n<\/div>\n\n\n<div style=\"height:75px\" aria-hidden=\"true\" class=\"wp-block-spacer\"><\/div>\n\n\n\n<p><strong>Salut Anthony, peux-tu te pr\u00e9senter et faire le r\u00e9sum\u00e9 des clubs dans lesquels tu as jou\u00e9\u00a0:<br>\u00ab\u00a0<\/strong>Bonjour\u00a0! Je suis Anthony LAMONGE, j\u2019ai 26 ans, je suis n\u00e9 sur l\u2019\u00eele de la R\u00e9union. J\u2019ai \u00e9t\u00e9 form\u00e9 au FC Lorient, j\u2019ai ensuite jou\u00e9 \u00e0 Fontenay le Comte, \u00e0 l\u2019US Avranches, Vannes OC et enfin je suis arriv\u00e9 au FCG.<strong>\u00a0\u00bb<\/strong><\/p>\n\n\n\n<p><strong>Parle-nous de tes meilleurs souvenirs de ta carri\u00e8re\u00a0:<\/strong><br><strong>\u00ab\u00a0<\/strong>J\u2019en ai beaucoup\u00a0! Si je devais garder 3, je dirais la signature de mon premier contrat pro, vivre un match au Parc des Princes et ma s\u00e9lection en \u00e9quipe de France.<strong>\u00a0\u00bb<\/strong><\/p>\n\n\n\n<p><strong>Et concernant tes regrets\u00a0? J\u2019imagine que tu dois en avoir suite \u00e0 ton passage en pro \u00e0 Lorient\u00a0?<\/strong><br><strong>\u00ab\u00a0<\/strong>Ce n\u2019est pas mon genre d\u2019avoir des regrets. Je ne garde que le positif. <strong>\u00bb<\/strong><\/p>\n\n\n\n<figure class=\"wp-block-pullquote\"><blockquote><p>\u00ab  C\u2019\u00e9tait dur de quitter mon \u00eele natale \u00e0 15 ans. Je le faisais pour poursuivre mon r\u00eave&#8230; \u00bb<\/p><\/blockquote><\/figure>\n\n\n\n<p><strong>Qu\u2019est-ce qui a fait que tu sois devenu gardien\u00a0?<\/strong><br><strong>\u00ab\u00a0<\/strong>C\u2019est gr\u00e2ce \u00e0 ma grand-m\u00e8re, c\u2019est elle qui m\u2019a offert mes premiers gants.<strong>\u00a0\u00bb<\/strong><\/p>\n\n\n\n<p><strong>Qu\u2019est-ce qui compte le plus dans un groupe pour que cela fonctionne \u00e0 tous les niveaux\u00a0?<\/strong><br><strong>\u00ab\u00a0<\/strong>Le plus important c\u2019est la communication\u00a0! \u00c7a commence dans le vestiaire et \u00e7a se poursuit sur le terrain. Plus l\u2019alchimie est bonne, plus facile est la communication sur le terrain.<strong>\u00a0\u00bb<\/strong><\/p>\n\n\n\n<p><strong>La R\u00e9union, Lorient, Gueugnon, beaucoup de changements pour en arriver dans le Charolais, comment tu vis cela\u00a0?<\/strong><br><strong>\u00ab\u00a0<\/strong>C\u2019\u00e9tait dur de quitter mon \u00eele natale \u00e0 15 ans. Je le faisais pour poursuivre mon r\u00eave et \u00e7a c\u2019\u00e9tait que du positif. Tous ces d\u00e9m\u00e9nagements n\u2019ont pas \u00e9t\u00e9 simples mais je m\u2019adapte.<strong>\u00a0\u00bb<\/strong><\/p>\n\n\n\n<p><strong>Qu\u2019est-ce que tu fais pour passer ton temps\u00a0?<\/strong><br><strong>\u00ab\u00a0<\/strong>C\u2019est la premi\u00e8re fois que je vis aussi loin du littoral, je fais beaucoup de promenades dans la campagne, c\u2019est plut\u00f4t sympa. Quand je ne suis pas \u00e0 l\u2019entrainement, je passe mon temps avec mon fils et ma famille.<strong>\u00a0\u00bb<\/strong><\/p>\n\n\n\n<p><strong>Qu\u2019est-ce que Antho Lamonge aime\u00a0manger et regarder\u00a0?<\/strong><br><strong>\u00ab\u00a0<\/strong>Mon plat pr\u00e9f\u00e9r\u00e9 c\u2019est le rougail saucisses. Forc\u00e9ment, un plat typique r\u00e9unionnais\u00a0! Quand j\u2019ai un peu de temps, j\u2019aime bien regarder des s\u00e9ries, plut\u00f4t des thrillers ou avec un lien historique.<strong>\u00a0\u00bb<\/strong><\/p>\n\n\n\n<figure class=\"wp-block-pullquote\"><blockquote><p>\u00ab On sait que c\u2019est un match important, pour le club et les supporters. On ne veut pas les d\u00e9cevoir ! \u00bb<\/p><\/blockquote><\/figure>\n\n\n\n<p><strong>Tu es revenu dans le groupe depuis quelques matches apr\u00e8s ta blessure, comment tu as v\u00e9cu cette p\u00e9riode\u00a0?<\/strong><br><strong>\u00ab\u00a0<\/strong>J\u2019ai \u00e9t\u00e9 absent des terrains pendant 2 mois apr\u00e8s la rupture de mon ligament post\u00e9rieur. C\u2019est toujours des moments difficiles mais j\u2019\u00e9tais tr\u00e8s bien entour\u00e9 sur le plan m\u00e9dical et personnel. J\u2019ai pu revenir vite gr\u00e2ce \u00e0 cela.<strong>\u00a0\u00bb<\/strong><\/p>\n\n\n\n<p><strong>M\u00e2con \u00e9tait vu comme un match r\u00e9f\u00e9rence pour l\u2019\u00e9quipe, qu\u2019en as-tu pens\u00e9\u00a0?<\/strong><br><strong>\u00ab\u00a0<\/strong>La prestation est tr\u00e8s encourageante, c\u2019est la premi\u00e8re fois qu\u2019on ne perd pas \u00e0 l\u2019ext\u00e9rieur et contre une \u00e9quipe de haut de tableau. L\u2019effectif est vraiment prometteur pour la suite de saison.<strong>\u00a0\u00bb<\/strong><\/p>\n\n\n\n<figure class=\"wp-block-pullquote\"><blockquote><p>\u00ab  L\u2019effectif est vraiment prometteur pour la suite de saison. \u00bb<\/p><\/blockquote><\/figure>\n\n\n\n<p><strong>Tu es l\u2019un des t\u00f4liers du club d\u00e9sormais, quelles sont les diff\u00e9rences entre l\u2019\u00e9quipe de cette saison et celle de la pr\u00e9c\u00e9dente\u00a0?<\/strong><br><strong>\u00ab\u00a0<\/strong>Il y a eu beaucoup de changements et il faut que tout le monde s\u2019y habitue. L\u2019\u00e9quipe est prometteuse, j\u2019esp\u00e8re qu\u2019on pourra faire une aussi belle fin de saison que l\u2019ann\u00e9e derni\u00e8re.<strong>\u00a0\u00bb<\/strong><\/p>\n\n\n\n<p><strong>Es-tu pr\u00eat pour le derby\u00a0? Les supporters attendent beaucoup de vous, surtout apr\u00e8s le match aller\u00a0:<\/strong><br><strong>\u00ab\u00a0<\/strong>Nous sommes pr\u00eats et on a h\u00e2te\u00a0! On a c\u0153ur de gagner ce match. On sait que c\u2019est un match important, pour le club et les supporters. On ne veut pas les d\u00e9cevoir\u00a0!<strong>\u00a0\u00bb<\/strong><\/p>\n\n\n\n<p><strong>Le mot de la fin\u00a0?<\/strong><br><strong>\u00ab\u00a0<\/strong>Je tiens \u00e0 remercier les supporters, les Ultras, les b\u00e9n\u00e9voles et les partenaires qui nous suivent et nous soutiennent\u00a0\u00e0 chaque match\u00a0!<strong>\u00a0\u00bb<\/strong><\/p>\n\n\n\n<p>Merci Anthony<\/p>\n\n\n\n<div style=\"height:100px\" aria-hidden=\"true\" class=\"wp-block-spacer\"><\/div>\n\n\n\n<hr class=\"wp-block-separator has-alpha-channel-opacity\"\/>\n\n\n\n<h3 class=\"wp-block-heading\">Retrouvez le Forgeron Mag #8 en int\u00e9gralit\u00e9<\/h3>\n\n\n\n<div class=\"wp-block-pdf-viewer-block-standard\" style=\"text-align:left\"><div class=\"uploaded-pdf\"><a href=\"https:\/\/www.fcgueugnon.fr\/site\/wp-content\/uploads\/2023\/02\/Forgeron-mag-N3-j14-FCG-FCMB.pdf\" data-width=\"\" data-height=\"\"><\/a><\/div><\/div>\n\n\n\n<div class=\"wp-block-buttons is-layout-flex wp-block-buttons-is-layout-flex\">\n<div class=\"wp-block-button alignright is-style-circular\"><a class=\"wp-block-button__link wp-element-button\" href=\"https:\/\/www.fcgueugnon.fr\/site\/wp-content\/uploads\/2023\/02\/Forgeron-mag-N3-j14-FCG-FCMB.pdf\">T\u00e9l\u00e9charger<\/a><\/div>\n<\/div>\n","protected":false},"excerpt":{"rendered":"<p>D\u00e9couvrez en int\u00e9gralit\u00e9 l&rsquo;entretien d&rsquo;Anthony LAMONGE diffus\u00e9 \u00e0 l&rsquo;occasion de cette 14\u00e8me journ\u00e9e de championnat face au FC Montceau Bourgogne dans le Forgeron Mag du 04\/02\/23. Salut Anthony, peux-tu te pr\u00e9senter et faire le r\u00e9sum\u00e9 des clubs dans lesquels tu as jou\u00e9\u00a0:\u00ab\u00a0Bonjour\u00a0! Je suis Anthony LAMONGE, j\u2019ai 26 ans, je suis n\u00e9 sur l\u2019\u00eele de &#8230; <\/p>\n<p class=\"read-more-container\"><a title=\"[Interview] Forgeron Mag #8 avec Anthony LAMONGE\" class=\"read-more button\" href=\"https:\/\/www.fcgueugnon.fr\/site\/interview-forgeron-mag-8-avec-anthony-lamonge\/3044#more-3044\" aria-label=\"Plus sur [Interview] Forgeron Mag #8 avec Anthony LAMONGE\">Lire la suite<\/a><\/p>\n","protected":false},"author":2,"featured_media":2955,"comment_status":"closed","ping_status":"closed","sticky":false,"template":"","format":"standard","meta":{"footnotes":""},"categories":[5,4],"tags":[24,11],"class_list":["post-3044","post","type-post","status-publish","format-standard","has-post-thumbnail","hentry","category-news-2022-2023","category-news","tag-forgeron-mag","tag-interview","infinite-scroll-item","generate-columns","tablet-grid-50","mobile-grid-100","grid-parent","grid-25"],"yoast_head":"<!-- This site is optimized with the Yoast SEO plugin v26.6 - https:\/\/yoast.com\/wordpress\/plugins\/seo\/ -->\n<title>[Interview] Forgeron Mag #8 avec Anthony LAMONGE &#8226; FOOTBALL CLUB GUEUGNON<\/title>\n<meta name=\"robots\" content=\"index, follow, max-snippet:-1, max-image-preview:large, max-video-preview:-1\" \/>\n<link rel=\"canonical\" href=\"https:\/\/www.fcgueugnon.fr\/site\/interview-forgeron-mag-8-avec-anthony-lamonge\/3044\" \/>\n<meta property=\"og:locale\" content=\"fr_FR\" \/>\n<meta property=\"og:type\" content=\"article\" \/>\n<meta property=\"og:title\" content=\"[Interview] Forgeron Mag #8 avec Anthony LAMONGE &#8226; FOOTBALL CLUB GUEUGNON\" \/>\n<meta property=\"og:description\" content=\"D\u00e9couvrez en int\u00e9gralit\u00e9 l&rsquo;entretien d&rsquo;Anthony LAMONGE diffus\u00e9 \u00e0 l&rsquo;occasion de cette 14\u00e8me journ\u00e9e de championnat face au FC Montceau Bourgogne dans le Forgeron Mag du 04\/02\/23. Salut Anthony, peux-tu te pr\u00e9senter et faire le r\u00e9sum\u00e9 des clubs dans lesquels tu as jou\u00e9\u00a0:\u00ab\u00a0Bonjour\u00a0! Je suis Anthony LAMONGE, j\u2019ai 26 ans, je suis n\u00e9 sur l\u2019\u00eele de ... Lire la suite\" \/>\n<meta property=\"og:url\" content=\"https:\/\/www.fcgueugnon.fr\/site\/interview-forgeron-mag-8-avec-anthony-lamonge\/3044\" \/>\n<meta property=\"og:site_name\" content=\"FOOTBALL CLUB GUEUGNON\" \/>\n<meta property=\"article:publisher\" content=\"http:\/\/facebook.com\/FCGueugnon\" \/>\n<meta property=\"article:published_time\" content=\"2023-02-04T15:55:00+00:00\" \/>\n<meta property=\"og:image\" content=\"https:\/\/www.fcgueugnon.fr\/site\/wp-content\/uploads\/2023\/01\/uf-macon-fc-gueugnon-anthony-lamonge-1024x682.png\" \/>\n\t<meta property=\"og:image:width\" content=\"1024\" \/>\n\t<meta property=\"og:image:height\" content=\"682\" \/>\n\t<meta property=\"og:image:type\" content=\"image\/png\" \/>\n<meta name=\"author\" content=\"FC Gueugnon\" \/>\n<meta name=\"twitter:card\" content=\"summary_large_image\" \/>\n<meta name=\"twitter:creator\" content=\"@FCGueugnon_off\" \/>\n<meta name=\"twitter:site\" content=\"@FCGueugnon_off\" \/>\n<meta name=\"twitter:label1\" content=\"\u00c9crit par\" \/>\n\t<meta name=\"twitter:data1\" content=\"FC Gueugnon\" \/>\n\t<meta name=\"twitter:label2\" content=\"Dur\u00e9e de lecture estim\u00e9e\" \/>\n\t<meta name=\"twitter:data2\" content=\"4 minutes\" \/>\n<script type=\"application\/ld+json\" class=\"yoast-schema-graph\">{\"@context\":\"https:\/\/schema.org\",\"@graph\":[{\"@type\":\"Article\",\"@id\":\"https:\/\/www.fcgueugnon.fr\/site\/interview-forgeron-mag-8-avec-anthony-lamonge\/3044#article\",\"isPartOf\":{\"@id\":\"https:\/\/www.fcgueugnon.fr\/site\/interview-forgeron-mag-8-avec-anthony-lamonge\/3044\"},\"author\":{\"name\":\"FC Gueugnon\",\"@id\":\"https:\/\/www.fcgueugnon.fr\/site\/#\/schema\/person\/d342d0c35e8e8f04740b9bdd734eeb20\"},\"headline\":\"[Interview] Forgeron Mag #8 avec Anthony LAMONGE\",\"datePublished\":\"2023-02-04T15:55:00+00:00\",\"mainEntityOfPage\":{\"@id\":\"https:\/\/www.fcgueugnon.fr\/site\/interview-forgeron-mag-8-avec-anthony-lamonge\/3044\"},\"wordCount\":737,\"publisher\":{\"@id\":\"https:\/\/www.fcgueugnon.fr\/site\/#organization\"},\"image\":{\"@id\":\"https:\/\/www.fcgueugnon.fr\/site\/interview-forgeron-mag-8-avec-anthony-lamonge\/3044#primaryimage\"},\"thumbnailUrl\":\"https:\/\/www.fcgueugnon.fr\/site\/wp-content\/uploads\/2023\/01\/uf-macon-fc-gueugnon-anthony-lamonge.png\",\"keywords\":[\"Forgeron Mag\",\"Interview\"],\"articleSection\":[\"Archives 2022\/2023\",\"News\"],\"inLanguage\":\"fr-FR\"},{\"@type\":\"WebPage\",\"@id\":\"https:\/\/www.fcgueugnon.fr\/site\/interview-forgeron-mag-8-avec-anthony-lamonge\/3044\",\"url\":\"https:\/\/www.fcgueugnon.fr\/site\/interview-forgeron-mag-8-avec-anthony-lamonge\/3044\",\"name\":\"[Interview] Forgeron Mag #8 avec Anthony LAMONGE &#8226; FOOTBALL CLUB GUEUGNON\",\"isPartOf\":{\"@id\":\"https:\/\/www.fcgueugnon.fr\/site\/#website\"},\"primaryImageOfPage\":{\"@id\":\"https:\/\/www.fcgueugnon.fr\/site\/interview-forgeron-mag-8-avec-anthony-lamonge\/3044#primaryimage\"},\"image\":{\"@id\":\"https:\/\/www.fcgueugnon.fr\/site\/interview-forgeron-mag-8-avec-anthony-lamonge\/3044#primaryimage\"},\"thumbnailUrl\":\"https:\/\/www.fcgueugnon.fr\/site\/wp-content\/uploads\/2023\/01\/uf-macon-fc-gueugnon-anthony-lamonge.png\",\"datePublished\":\"2023-02-04T15:55:00+00:00\",\"breadcrumb\":{\"@id\":\"https:\/\/www.fcgueugnon.fr\/site\/interview-forgeron-mag-8-avec-anthony-lamonge\/3044#breadcrumb\"},\"inLanguage\":\"fr-FR\",\"potentialAction\":[{\"@type\":\"ReadAction\",\"target\":[\"https:\/\/www.fcgueugnon.fr\/site\/interview-forgeron-mag-8-avec-anthony-lamonge\/3044\"]}]},{\"@type\":\"ImageObject\",\"inLanguage\":\"fr-FR\",\"@id\":\"https:\/\/www.fcgueugnon.fr\/site\/interview-forgeron-mag-8-avec-anthony-lamonge\/3044#primaryimage\",\"url\":\"https:\/\/www.fcgueugnon.fr\/site\/wp-content\/uploads\/2023\/01\/uf-macon-fc-gueugnon-anthony-lamonge.png\",\"contentUrl\":\"https:\/\/www.fcgueugnon.fr\/site\/wp-content\/uploads\/2023\/01\/uf-macon-fc-gueugnon-anthony-lamonge.png\",\"width\":1772,\"height\":1181},{\"@type\":\"BreadcrumbList\",\"@id\":\"https:\/\/www.fcgueugnon.fr\/site\/interview-forgeron-mag-8-avec-anthony-lamonge\/3044#breadcrumb\",\"itemListElement\":[{\"@type\":\"ListItem\",\"position\":1,\"name\":\"Accueil\",\"item\":\"https:\/\/www.fcgueugnon.fr\/site\/\"},{\"@type\":\"ListItem\",\"position\":2,\"name\":\"[Interview] Forgeron Mag #8 avec Anthony LAMONGE\"}]},{\"@type\":\"WebSite\",\"@id\":\"https:\/\/www.fcgueugnon.fr\/site\/#website\",\"url\":\"https:\/\/www.fcgueugnon.fr\/site\/\",\"name\":\"FOOTBALL CLUB GUEUGNON\",\"description\":\"Le Site Officiel des Forgerons\",\"publisher\":{\"@id\":\"https:\/\/www.fcgueugnon.fr\/site\/#organization\"},\"potentialAction\":[{\"@type\":\"SearchAction\",\"target\":{\"@type\":\"EntryPoint\",\"urlTemplate\":\"https:\/\/www.fcgueugnon.fr\/site\/?s={search_term_string}\"},\"query-input\":{\"@type\":\"PropertyValueSpecification\",\"valueRequired\":true,\"valueName\":\"search_term_string\"}}],\"inLanguage\":\"fr-FR\"},{\"@type\":\"Organization\",\"@id\":\"https:\/\/www.fcgueugnon.fr\/site\/#organization\",\"name\":\"FC Gueugnon\",\"url\":\"https:\/\/www.fcgueugnon.fr\/site\/\",\"logo\":{\"@type\":\"ImageObject\",\"inLanguage\":\"fr-FR\",\"@id\":\"https:\/\/www.fcgueugnon.fr\/site\/#\/schema\/logo\/image\/\",\"url\":\"https:\/\/www.fcgueugnon.fr\/site\/wp-content\/uploads\/2022\/07\/cropped-Logo-FCGUEUGNON-low-350x350-1.png\",\"contentUrl\":\"https:\/\/www.fcgueugnon.fr\/site\/wp-content\/uploads\/2022\/07\/cropped-Logo-FCGUEUGNON-low-350x350-1.png\",\"width\":350,\"height\":350,\"caption\":\"FC Gueugnon\"},\"image\":{\"@id\":\"https:\/\/www.fcgueugnon.fr\/site\/#\/schema\/logo\/image\/\"},\"sameAs\":[\"http:\/\/facebook.com\/FCGueugnon\",\"https:\/\/x.com\/FCGueugnon_off\",\"https:\/\/www.instagram.com\/fcgueugnon\/\",\"https:\/\/www.linkedin.com\/company\/football-club-de-gueugnon\/\",\"https:\/\/www.youtube.com\/user\/FCGueugnonnais\",\"https:\/\/fr.wikipedia.org\/wiki\/Football_Club_de_Gueugnon\"]},{\"@type\":\"Person\",\"@id\":\"https:\/\/www.fcgueugnon.fr\/site\/#\/schema\/person\/d342d0c35e8e8f04740b9bdd734eeb20\",\"name\":\"FC Gueugnon\",\"url\":\"https:\/\/www.fcgueugnon.fr\/site\/author\/s-rod\"}]}<\/script>\n<!-- \/ Yoast SEO plugin. -->","yoast_head_json":{"title":"[Interview] Forgeron Mag #8 avec Anthony LAMONGE &#8226; FOOTBALL CLUB GUEUGNON","robots":{"index":"index","follow":"follow","max-snippet":"max-snippet:-1","max-image-preview":"max-image-preview:large","max-video-preview":"max-video-preview:-1"},"canonical":"https:\/\/www.fcgueugnon.fr\/site\/interview-forgeron-mag-8-avec-anthony-lamonge\/3044","og_locale":"fr_FR","og_type":"article","og_title":"[Interview] Forgeron Mag #8 avec Anthony LAMONGE &#8226; FOOTBALL CLUB GUEUGNON","og_description":"D\u00e9couvrez en int\u00e9gralit\u00e9 l&rsquo;entretien d&rsquo;Anthony LAMONGE diffus\u00e9 \u00e0 l&rsquo;occasion de cette 14\u00e8me journ\u00e9e de championnat face au FC Montceau Bourgogne dans le Forgeron Mag du 04\/02\/23. Salut Anthony, peux-tu te pr\u00e9senter et faire le r\u00e9sum\u00e9 des clubs dans lesquels tu as jou\u00e9\u00a0:\u00ab\u00a0Bonjour\u00a0! Je suis Anthony LAMONGE, j\u2019ai 26 ans, je suis n\u00e9 sur l\u2019\u00eele de ... Lire la suite","og_url":"https:\/\/www.fcgueugnon.fr\/site\/interview-forgeron-mag-8-avec-anthony-lamonge\/3044","og_site_name":"FOOTBALL CLUB GUEUGNON","article_publisher":"http:\/\/facebook.com\/FCGueugnon","article_published_time":"2023-02-04T15:55:00+00:00","og_image":[{"width":1024,"height":682,"url":"https:\/\/www.fcgueugnon.fr\/site\/wp-content\/uploads\/2023\/01\/uf-macon-fc-gueugnon-anthony-lamonge-1024x682.png","type":"image\/png"}],"author":"FC Gueugnon","twitter_card":"summary_large_image","twitter_creator":"@FCGueugnon_off","twitter_site":"@FCGueugnon_off","twitter_misc":{"\u00c9crit par":"FC Gueugnon","Dur\u00e9e de lecture estim\u00e9e":"4 minutes"},"schema":{"@context":"https:\/\/schema.org","@graph":[{"@type":"Article","@id":"https:\/\/www.fcgueugnon.fr\/site\/interview-forgeron-mag-8-avec-anthony-lamonge\/3044#article","isPartOf":{"@id":"https:\/\/www.fcgueugnon.fr\/site\/interview-forgeron-mag-8-avec-anthony-lamonge\/3044"},"author":{"name":"FC Gueugnon","@id":"https:\/\/www.fcgueugnon.fr\/site\/#\/schema\/person\/d342d0c35e8e8f04740b9bdd734eeb20"},"headline":"[Interview] Forgeron Mag #8 avec Anthony LAMONGE","datePublished":"2023-02-04T15:55:00+00:00","mainEntityOfPage":{"@id":"https:\/\/www.fcgueugnon.fr\/site\/interview-forgeron-mag-8-avec-anthony-lamonge\/3044"},"wordCount":737,"publisher":{"@id":"https:\/\/www.fcgueugnon.fr\/site\/#organization"},"image":{"@id":"https:\/\/www.fcgueugnon.fr\/site\/interview-forgeron-mag-8-avec-anthony-lamonge\/3044#primaryimage"},"thumbnailUrl":"https:\/\/www.fcgueugnon.fr\/site\/wp-content\/uploads\/2023\/01\/uf-macon-fc-gueugnon-anthony-lamonge.png","keywords":["Forgeron Mag","Interview"],"articleSection":["Archives 2022\/2023","News"],"inLanguage":"fr-FR"},{"@type":"WebPage","@id":"https:\/\/www.fcgueugnon.fr\/site\/interview-forgeron-mag-8-avec-anthony-lamonge\/3044","url":"https:\/\/www.fcgueugnon.fr\/site\/interview-forgeron-mag-8-avec-anthony-lamonge\/3044","name":"[Interview] Forgeron Mag #8 avec Anthony LAMONGE &#8226; FOOTBALL CLUB GUEUGNON","isPartOf":{"@id":"https:\/\/www.fcgueugnon.fr\/site\/#website"},"primaryImageOfPage":{"@id":"https:\/\/www.fcgueugnon.fr\/site\/interview-forgeron-mag-8-avec-anthony-lamonge\/3044#primaryimage"},"image":{"@id":"https:\/\/www.fcgueugnon.fr\/site\/interview-forgeron-mag-8-avec-anthony-lamonge\/3044#primaryimage"},"thumbnailUrl":"https:\/\/www.fcgueugnon.fr\/site\/wp-content\/uploads\/2023\/01\/uf-macon-fc-gueugnon-anthony-lamonge.png","datePublished":"2023-02-04T15:55:00+00:00","breadcrumb":{"@id":"https:\/\/www.fcgueugnon.fr\/site\/interview-forgeron-mag-8-avec-anthony-lamonge\/3044#breadcrumb"},"inLanguage":"fr-FR","potentialAction":[{"@type":"ReadAction","target":["https:\/\/www.fcgueugnon.fr\/site\/interview-forgeron-mag-8-avec-anthony-lamonge\/3044"]}]},{"@type":"ImageObject","inLanguage":"fr-FR","@id":"https:\/\/www.fcgueugnon.fr\/site\/interview-forgeron-mag-8-avec-anthony-lamonge\/3044#primaryimage","url":"https:\/\/www.fcgueugnon.fr\/site\/wp-content\/uploads\/2023\/01\/uf-macon-fc-gueugnon-anthony-lamonge.png","contentUrl":"https:\/\/www.fcgueugnon.fr\/site\/wp-content\/uploads\/2023\/01\/uf-macon-fc-gueugnon-anthony-lamonge.png","width":1772,"height":1181},{"@type":"BreadcrumbList","@id":"https:\/\/www.fcgueugnon.fr\/site\/interview-forgeron-mag-8-avec-anthony-lamonge\/3044#breadcrumb","itemListElement":[{"@type":"ListItem","position":1,"name":"Accueil","item":"https:\/\/www.fcgueugnon.fr\/site\/"},{"@type":"ListItem","position":2,"name":"[Interview] Forgeron Mag #8 avec Anthony LAMONGE"}]},{"@type":"WebSite","@id":"https:\/\/www.fcgueugnon.fr\/site\/#website","url":"https:\/\/www.fcgueugnon.fr\/site\/","name":"FOOTBALL CLUB GUEUGNON","description":"Le Site Officiel des Forgerons","publisher":{"@id":"https:\/\/www.fcgueugnon.fr\/site\/#organization"},"potentialAction":[{"@type":"SearchAction","target":{"@type":"EntryPoint","urlTemplate":"https:\/\/www.fcgueugnon.fr\/site\/?s={search_term_string}"},"query-input":{"@type":"PropertyValueSpecification","valueRequired":true,"valueName":"search_term_string"}}],"inLanguage":"fr-FR"},{"@type":"Organization","@id":"https:\/\/www.fcgueugnon.fr\/site\/#organization","name":"FC Gueugnon","url":"https:\/\/www.fcgueugnon.fr\/site\/","logo":{"@type":"ImageObject","inLanguage":"fr-FR","@id":"https:\/\/www.fcgueugnon.fr\/site\/#\/schema\/logo\/image\/","url":"https:\/\/www.fcgueugnon.fr\/site\/wp-content\/uploads\/2022\/07\/cropped-Logo-FCGUEUGNON-low-350x350-1.png","contentUrl":"https:\/\/www.fcgueugnon.fr\/site\/wp-content\/uploads\/2022\/07\/cropped-Logo-FCGUEUGNON-low-350x350-1.png","width":350,"height":350,"caption":"FC Gueugnon"},"image":{"@id":"https:\/\/www.fcgueugnon.fr\/site\/#\/schema\/logo\/image\/"},"sameAs":["http:\/\/facebook.com\/FCGueugnon","https:\/\/x.com\/FCGueugnon_off","https:\/\/www.instagram.com\/fcgueugnon\/","https:\/\/www.linkedin.com\/company\/football-club-de-gueugnon\/","https:\/\/www.youtube.com\/user\/FCGueugnonnais","https:\/\/fr.wikipedia.org\/wiki\/Football_Club_de_Gueugnon"]},{"@type":"Person","@id":"https:\/\/www.fcgueugnon.fr\/site\/#\/schema\/person\/d342d0c35e8e8f04740b9bdd734eeb20","name":"FC Gueugnon","url":"https:\/\/www.fcgueugnon.fr\/site\/author\/s-rod"}]}},"rttpg_featured_image_url":{"full":["https:\/\/www.fcgueugnon.fr\/site\/wp-content\/uploads\/2023\/01\/uf-macon-fc-gueugnon-anthony-lamonge.png",1772,1181,false],"landscape":["https:\/\/www.fcgueugnon.fr\/site\/wp-content\/uploads\/2023\/01\/uf-macon-fc-gueugnon-anthony-lamonge.png",1772,1181,false],"portraits":["https:\/\/www.fcgueugnon.fr\/site\/wp-content\/uploads\/2023\/01\/uf-macon-fc-gueugnon-anthony-lamonge.png",1772,1181,false],"thumbnail":["https:\/\/www.fcgueugnon.fr\/site\/wp-content\/uploads\/2023\/01\/uf-macon-fc-gueugnon-anthony-lamonge-150x150.png",150,150,true],"medium":["https:\/\/www.fcgueugnon.fr\/site\/wp-content\/uploads\/2023\/01\/uf-macon-fc-gueugnon-anthony-lamonge-400x267.png",400,267,true],"large":["https:\/\/www.fcgueugnon.fr\/site\/wp-content\/uploads\/2023\/01\/uf-macon-fc-gueugnon-anthony-lamonge-1024x682.png",1024,682,true],"1536x1536":["https:\/\/www.fcgueugnon.fr\/site\/wp-content\/uploads\/2023\/01\/uf-macon-fc-gueugnon-anthony-lamonge-1536x1024.png",1536,1024,true],"2048x2048":["https:\/\/www.fcgueugnon.fr\/site\/wp-content\/uploads\/2023\/01\/uf-macon-fc-gueugnon-anthony-lamonge.png",1772,1181,false]},"rttpg_author":{"display_name":"FC Gueugnon","author_link":"https:\/\/www.fcgueugnon.fr\/site\/author\/s-rod"},"rttpg_comment":0,"rttpg_category":"<a href=\"https:\/\/www.fcgueugnon.fr\/site\/category\/news\/news-2022-2023\" rel=\"category tag\">Archives 2022\/2023<\/a> <a href=\"https:\/\/www.fcgueugnon.fr\/site\/category\/news\" rel=\"category tag\">News<\/a>","rttpg_excerpt":"D\u00e9couvrez en int\u00e9gralit\u00e9 l&rsquo;entretien d&rsquo;Anthony LAMONGE diffus\u00e9 \u00e0 l&rsquo;occasion de cette 14\u00e8me journ\u00e9e de championnat face au FC Montceau Bourgogne dans le Forgeron Mag du 04\/02\/23. Salut Anthony, peux-tu te pr\u00e9senter et faire le r\u00e9sum\u00e9 des clubs dans lesquels tu as jou\u00e9\u00a0:\u00ab\u00a0Bonjour\u00a0! Je suis Anthony LAMONGE, j\u2019ai 26 ans, je suis n\u00e9 sur l\u2019\u00eele de\u2026","_links":{"self":[{"href":"https:\/\/www.fcgueugnon.fr\/site\/wp-json\/wp\/v2\/posts\/3044","targetHints":{"allow":["GET"]}}],"collection":[{"href":"https:\/\/www.fcgueugnon.fr\/site\/wp-json\/wp\/v2\/posts"}],"about":[{"href":"https:\/\/www.fcgueugnon.fr\/site\/wp-json\/wp\/v2\/types\/post"}],"author":[{"embeddable":true,"href":"https:\/\/www.fcgueugnon.fr\/site\/wp-json\/wp\/v2\/users\/2"}],"replies":[{"embeddable":true,"href":"https:\/\/www.fcgueugnon.fr\/site\/wp-json\/wp\/v2\/comments?post=3044"}],"version-history":[{"count":1,"href":"https:\/\/www.fcgueugnon.fr\/site\/wp-json\/wp\/v2\/posts\/3044\/revisions"}],"predecessor-version":[{"id":3048,"href":"https:\/\/www.fcgueugnon.fr\/site\/wp-json\/wp\/v2\/posts\/3044\/revisions\/3048"}],"wp:featuredmedia":[{"embeddable":true,"href":"https:\/\/www.fcgueugnon.fr\/site\/wp-json\/wp\/v2\/media\/2955"}],"wp:attachment":[{"href":"https:\/\/www.fcgueugnon.fr\/site\/wp-json\/wp\/v2\/media?parent=3044"}],"wp:term":[{"taxonomy":"category","embeddable":true,"href":"https:\/\/www.fcgueugnon.fr\/site\/wp-json\/wp\/v2\/categories?post=3044"},{"taxonomy":"post_tag","embeddable":true,"href":"https:\/\/www.fcgueugnon.fr\/site\/wp-json\/wp\/v2\/tags?post=3044"}],"curies":[{"name":"wp","href":"https:\/\/api.w.org\/{rel}","templated":true}]}}