{"id":3006,"date":"2023-01-27T22:26:50","date_gmt":"2023-01-27T21:26:50","guid":{"rendered":"https:\/\/www.fcgueugnon.fr\/site\/?p=3006"},"modified":"2023-01-29T18:43:30","modified_gmt":"2023-01-29T17:43:30","slug":"necrologie-patrick-borgna-membre-des-forgerons-dans-les-annees-80-nous-a-quittes","status":"publish","type":"post","link":"https:\/\/www.fcgueugnon.fr\/site\/necrologie-patrick-borgna-membre-des-forgerons-dans-les-annees-80-nous-a-quittes\/3006","title":{"rendered":"[N\u00e9crologie] Patrick BORGNA, membre des forgerons dans les ann\u00e9es 80, nous a quitt\u00e9s"},"content":{"rendered":"\n<p>Moments de tristesse au sein de la communaut\u00e9 \u00ab\u00a0GLORIEUX FCG\u00a0\u00bb avec l&rsquo;annonce du d\u00e9c\u00e8s survenu aujourd&rsquo;hui, de Patrick BORGNA, membre de l\u2019\u00e9quipe fanion dans les ann\u00e9es 80.<\/p>\n\n\n\n<p>Malgr\u00e9 toute son \u00e9nergie d\u00e9livr\u00e9e dans ce long combat contre une maladie qui l\u2019handicapait depuis de nombreuses ann\u00e9es, Patrick s\u2019en est all\u00e9, ce matin, \u00e0 l\u2019aube de ses 65 ans<\/p>\n\n\n\n<p>Le FCG et l&rsquo;Amicale des Anciens joueurs du FCG s&rsquo;associe \u00e0 la peine de la famille et pr\u00e9sente ses condol\u00e9ances sinc\u00e8res et attrist\u00e9es \u00e0 son \u00e9pouse Nathalie, elle aussi investie depuis de nombreuses ann\u00e9es dans la vie du FCG, \u00e0 sa fille Margaux et ses fils Thomas et Hugo qui ont \u00e9galement port\u00e9 les couleurs du club.<\/p>\n\n\n\n<iframe loading=\"lazy\" src=\"https:\/\/www.facebook.com\/plugins\/post.php?href=https%3A%2F%2Fwww.facebook.com%2FGlorieuxFCG%2Fposts%2Fpfbid02fKJCCURwC2gc9zCxjwVn716oZtnNdkBbTfidrcCxmDXndkwNCDrxbs3mRtCt8aT6l&amp;show_text=true&amp;width=500\" style=\"border:none;overflow:hidden\" scrolling=\"no\" allowfullscreen=\"true\" allow=\"autoplay; clipboard-write; encrypted-media; picture-in-picture; web-share\" width=\"500\" height=\"781\" frameborder=\"0\"><\/iframe>\n\n\n\n<p>Ses obs\u00e8ques auront lieu mardi 31 janvier 2023 \u00e0 11h00 en l&rsquo;\u00e9glise de Gueugnon. Suivi d&rsquo;une c\u00e9r\u00e9monie d&rsquo;incin\u00e9ration.<\/p>\n\n\n\n<p>Une minute de silence sera effectu\u00e9e en sa m\u00e9moire lors de la rencontre contre Montceau le week-end prochain. Patrick avait eu l\u2019occasion de participer \u00e0 plusieurs de ces derbies au niveau D2-D3 ou en Coupe de France.<\/p>\n","protected":false},"excerpt":{"rendered":"<p>Moments de tristesse au sein de la communaut\u00e9 \u00ab\u00a0GLORIEUX FCG\u00a0\u00bb avec l&rsquo;annonce du d\u00e9c\u00e8s survenu aujourd&rsquo;hui, de Patrick BORGNA, membre de l\u2019\u00e9quipe fanion dans les ann\u00e9es 80. Malgr\u00e9 toute son \u00e9nergie d\u00e9livr\u00e9e dans ce long combat contre une maladie qui l\u2019handicapait depuis de nombreuses ann\u00e9es, Patrick s\u2019en est all\u00e9, ce matin, \u00e0 l\u2019aube de ses &#8230; <\/p>\n<p class=\"read-more-container\"><a title=\"[N\u00e9crologie] Patrick BORGNA, membre des forgerons dans les ann\u00e9es 80, nous a quitt\u00e9s\" class=\"read-more button\" href=\"https:\/\/www.fcgueugnon.fr\/site\/necrologie-patrick-borgna-membre-des-forgerons-dans-les-annees-80-nous-a-quittes\/3006#more-3006\" aria-label=\"Plus sur [N\u00e9crologie] Patrick BORGNA, membre des forgerons dans les ann\u00e9es 80, nous a quitt\u00e9s\">Lire la suite<\/a><\/p>\n","protected":false},"author":1,"featured_media":3007,"comment_status":"closed","ping_status":"closed","sticky":true,"template":"","format":"standard","meta":{"footnotes":""},"categories":[5,4],"tags":[37],"class_list":["post-3006","post","type-post","status-publish","format-standard","has-post-thumbnail","hentry","category-news-2022-2023","category-news","tag-glorieux-fcg","infinite-scroll-item","generate-columns","tablet-grid-50","mobile-grid-100","grid-parent","grid-25","resize-featured-image"],"yoast_head":"<!-- This site is optimized with the Yoast SEO plugin v26.6 - https:\/\/yoast.com\/wordpress\/plugins\/seo\/ -->\n<title>[N\u00e9crologie] Patrick BORGNA, membre des forgerons dans les ann\u00e9es 80, nous a quitt\u00e9s &#8226; FOOTBALL CLUB GUEUGNON<\/title>\n<meta name=\"robots\" content=\"index, follow, max-snippet:-1, max-image-preview:large, max-video-preview:-1\" \/>\n<link rel=\"canonical\" href=\"https:\/\/www.fcgueugnon.fr\/site\/necrologie-patrick-borgna-membre-des-forgerons-dans-les-annees-80-nous-a-quittes\/3006\" \/>\n<meta property=\"og:locale\" content=\"fr_FR\" \/>\n<meta property=\"og:type\" content=\"article\" \/>\n<meta property=\"og:title\" content=\"[N\u00e9crologie] Patrick BORGNA, membre des forgerons dans les ann\u00e9es 80, nous a quitt\u00e9s &#8226; FOOTBALL CLUB GUEUGNON\" \/>\n<meta property=\"og:description\" content=\"Moments de tristesse au sein de la communaut\u00e9 \u00ab\u00a0GLORIEUX FCG\u00a0\u00bb avec l&rsquo;annonce du d\u00e9c\u00e8s survenu aujourd&rsquo;hui, de Patrick BORGNA, membre de l\u2019\u00e9quipe fanion dans les ann\u00e9es 80. Malgr\u00e9 toute son \u00e9nergie d\u00e9livr\u00e9e dans ce long combat contre une maladie qui l\u2019handicapait depuis de nombreuses ann\u00e9es, Patrick s\u2019en est all\u00e9, ce matin, \u00e0 l\u2019aube de ses ... Lire la suite\" \/>\n<meta property=\"og:url\" content=\"https:\/\/www.fcgueugnon.fr\/site\/necrologie-patrick-borgna-membre-des-forgerons-dans-les-annees-80-nous-a-quittes\/3006\" \/>\n<meta property=\"og:site_name\" content=\"FOOTBALL CLUB GUEUGNON\" \/>\n<meta property=\"article:publisher\" content=\"http:\/\/facebook.com\/FCGueugnon\" \/>\n<meta property=\"article:published_time\" content=\"2023-01-27T21:26:50+00:00\" \/>\n<meta property=\"article:modified_time\" content=\"2023-01-29T17:43:30+00:00\" \/>\n<meta property=\"og:image\" content=\"https:\/\/www.fcgueugnon.fr\/site\/wp-content\/uploads\/2023\/01\/Patrick-Borgna-FC-Gueugnon.jpg\" \/>\n\t<meta property=\"og:image:width\" content=\"696\" \/>\n\t<meta property=\"og:image:height\" content=\"908\" \/>\n\t<meta property=\"og:image:type\" content=\"image\/jpeg\" \/>\n<meta name=\"author\" content=\"FC Gueugnon\" \/>\n<meta name=\"twitter:card\" content=\"summary_large_image\" \/>\n<meta name=\"twitter:creator\" content=\"@FCGueugnon_off\" \/>\n<meta name=\"twitter:site\" content=\"@FCGueugnon_off\" \/>\n<meta name=\"twitter:label1\" content=\"\u00c9crit par\" \/>\n\t<meta name=\"twitter:data1\" content=\"FC Gueugnon\" \/>\n\t<meta name=\"twitter:label2\" content=\"Dur\u00e9e de lecture estim\u00e9e\" \/>\n\t<meta name=\"twitter:data2\" content=\"1 minute\" \/>\n<script type=\"application\/ld+json\" class=\"yoast-schema-graph\">{\"@context\":\"https:\/\/schema.org\",\"@graph\":[{\"@type\":\"Article\",\"@id\":\"https:\/\/www.fcgueugnon.fr\/site\/necrologie-patrick-borgna-membre-des-forgerons-dans-les-annees-80-nous-a-quittes\/3006#article\",\"isPartOf\":{\"@id\":\"https:\/\/www.fcgueugnon.fr\/site\/necrologie-patrick-borgna-membre-des-forgerons-dans-les-annees-80-nous-a-quittes\/3006\"},\"author\":{\"name\":\"FC Gueugnon\",\"@id\":\"https:\/\/www.fcgueugnon.fr\/site\/#\/schema\/person\/f6444fbdd35fa731ee974c03508738fb\"},\"headline\":\"[N\u00e9crologie] Patrick BORGNA, membre des forgerons dans les ann\u00e9es 80, nous a quitt\u00e9s\",\"datePublished\":\"2023-01-27T21:26:50+00:00\",\"dateModified\":\"2023-01-29T17:43:30+00:00\",\"mainEntityOfPage\":{\"@id\":\"https:\/\/www.fcgueugnon.fr\/site\/necrologie-patrick-borgna-membre-des-forgerons-dans-les-annees-80-nous-a-quittes\/3006\"},\"wordCount\":204,\"publisher\":{\"@id\":\"https:\/\/www.fcgueugnon.fr\/site\/#organization\"},\"image\":{\"@id\":\"https:\/\/www.fcgueugnon.fr\/site\/necrologie-patrick-borgna-membre-des-forgerons-dans-les-annees-80-nous-a-quittes\/3006#primaryimage\"},\"thumbnailUrl\":\"https:\/\/www.fcgueugnon.fr\/site\/wp-content\/uploads\/2023\/01\/Patrick-Borgna-FC-Gueugnon.jpg\",\"keywords\":[\"Glorieux FCG\"],\"articleSection\":[\"Archives 2022\/2023\",\"News\"],\"inLanguage\":\"fr-FR\"},{\"@type\":\"WebPage\",\"@id\":\"https:\/\/www.fcgueugnon.fr\/site\/necrologie-patrick-borgna-membre-des-forgerons-dans-les-annees-80-nous-a-quittes\/3006\",\"url\":\"https:\/\/www.fcgueugnon.fr\/site\/necrologie-patrick-borgna-membre-des-forgerons-dans-les-annees-80-nous-a-quittes\/3006\",\"name\":\"[N\u00e9crologie] Patrick BORGNA, membre des forgerons dans les ann\u00e9es 80, nous a quitt\u00e9s &#8226; FOOTBALL CLUB GUEUGNON\",\"isPartOf\":{\"@id\":\"https:\/\/www.fcgueugnon.fr\/site\/#website\"},\"primaryImageOfPage\":{\"@id\":\"https:\/\/www.fcgueugnon.fr\/site\/necrologie-patrick-borgna-membre-des-forgerons-dans-les-annees-80-nous-a-quittes\/3006#primaryimage\"},\"image\":{\"@id\":\"https:\/\/www.fcgueugnon.fr\/site\/necrologie-patrick-borgna-membre-des-forgerons-dans-les-annees-80-nous-a-quittes\/3006#primaryimage\"},\"thumbnailUrl\":\"https:\/\/www.fcgueugnon.fr\/site\/wp-content\/uploads\/2023\/01\/Patrick-Borgna-FC-Gueugnon.jpg\",\"datePublished\":\"2023-01-27T21:26:50+00:00\",\"dateModified\":\"2023-01-29T17:43:30+00:00\",\"breadcrumb\":{\"@id\":\"https:\/\/www.fcgueugnon.fr\/site\/necrologie-patrick-borgna-membre-des-forgerons-dans-les-annees-80-nous-a-quittes\/3006#breadcrumb\"},\"inLanguage\":\"fr-FR\",\"potentialAction\":[{\"@type\":\"ReadAction\",\"target\":[\"https:\/\/www.fcgueugnon.fr\/site\/necrologie-patrick-borgna-membre-des-forgerons-dans-les-annees-80-nous-a-quittes\/3006\"]}]},{\"@type\":\"ImageObject\",\"inLanguage\":\"fr-FR\",\"@id\":\"https:\/\/www.fcgueugnon.fr\/site\/necrologie-patrick-borgna-membre-des-forgerons-dans-les-annees-80-nous-a-quittes\/3006#primaryimage\",\"url\":\"https:\/\/www.fcgueugnon.fr\/site\/wp-content\/uploads\/2023\/01\/Patrick-Borgna-FC-Gueugnon.jpg\",\"contentUrl\":\"https:\/\/www.fcgueugnon.fr\/site\/wp-content\/uploads\/2023\/01\/Patrick-Borgna-FC-Gueugnon.jpg\",\"width\":696,\"height\":908},{\"@type\":\"BreadcrumbList\",\"@id\":\"https:\/\/www.fcgueugnon.fr\/site\/necrologie-patrick-borgna-membre-des-forgerons-dans-les-annees-80-nous-a-quittes\/3006#breadcrumb\",\"itemListElement\":[{\"@type\":\"ListItem\",\"position\":1,\"name\":\"Accueil\",\"item\":\"https:\/\/www.fcgueugnon.fr\/site\/\"},{\"@type\":\"ListItem\",\"position\":2,\"name\":\"[N\u00e9crologie] Patrick BORGNA, membre des forgerons dans les ann\u00e9es 80, nous a quitt\u00e9s\"}]},{\"@type\":\"WebSite\",\"@id\":\"https:\/\/www.fcgueugnon.fr\/site\/#website\",\"url\":\"https:\/\/www.fcgueugnon.fr\/site\/\",\"name\":\"FOOTBALL CLUB GUEUGNON\",\"description\":\"Le Site Officiel des Forgerons\",\"publisher\":{\"@id\":\"https:\/\/www.fcgueugnon.fr\/site\/#organization\"},\"potentialAction\":[{\"@type\":\"SearchAction\",\"target\":{\"@type\":\"EntryPoint\",\"urlTemplate\":\"https:\/\/www.fcgueugnon.fr\/site\/?s={search_term_string}\"},\"query-input\":{\"@type\":\"PropertyValueSpecification\",\"valueRequired\":true,\"valueName\":\"search_term_string\"}}],\"inLanguage\":\"fr-FR\"},{\"@type\":\"Organization\",\"@id\":\"https:\/\/www.fcgueugnon.fr\/site\/#organization\",\"name\":\"FC Gueugnon\",\"url\":\"https:\/\/www.fcgueugnon.fr\/site\/\",\"logo\":{\"@type\":\"ImageObject\",\"inLanguage\":\"fr-FR\",\"@id\":\"https:\/\/www.fcgueugnon.fr\/site\/#\/schema\/logo\/image\/\",\"url\":\"https:\/\/www.fcgueugnon.fr\/site\/wp-content\/uploads\/2022\/07\/cropped-Logo-FCGUEUGNON-low-350x350-1.png\",\"contentUrl\":\"https:\/\/www.fcgueugnon.fr\/site\/wp-content\/uploads\/2022\/07\/cropped-Logo-FCGUEUGNON-low-350x350-1.png\",\"width\":350,\"height\":350,\"caption\":\"FC Gueugnon\"},\"image\":{\"@id\":\"https:\/\/www.fcgueugnon.fr\/site\/#\/schema\/logo\/image\/\"},\"sameAs\":[\"http:\/\/facebook.com\/FCGueugnon\",\"https:\/\/x.com\/FCGueugnon_off\",\"https:\/\/www.instagram.com\/fcgueugnon\/\",\"https:\/\/www.linkedin.com\/company\/football-club-de-gueugnon\/\",\"https:\/\/www.youtube.com\/user\/FCGueugnonnais\",\"https:\/\/fr.wikipedia.org\/wiki\/Football_Club_de_Gueugnon\"]},{\"@type\":\"Person\",\"@id\":\"https:\/\/www.fcgueugnon.fr\/site\/#\/schema\/person\/f6444fbdd35fa731ee974c03508738fb\",\"name\":\"FC Gueugnon\",\"sameAs\":[\"https:\/\/www.fcgueugnon.fr\/site\"],\"url\":\"https:\/\/www.fcgueugnon.fr\/site\/author\/admin-antho\"}]}<\/script>\n<!-- \/ Yoast SEO plugin. -->","yoast_head_json":{"title":"[N\u00e9crologie] Patrick BORGNA, membre des forgerons dans les ann\u00e9es 80, nous a quitt\u00e9s &#8226; FOOTBALL CLUB GUEUGNON","robots":{"index":"index","follow":"follow","max-snippet":"max-snippet:-1","max-image-preview":"max-image-preview:large","max-video-preview":"max-video-preview:-1"},"canonical":"https:\/\/www.fcgueugnon.fr\/site\/necrologie-patrick-borgna-membre-des-forgerons-dans-les-annees-80-nous-a-quittes\/3006","og_locale":"fr_FR","og_type":"article","og_title":"[N\u00e9crologie] Patrick BORGNA, membre des forgerons dans les ann\u00e9es 80, nous a quitt\u00e9s &#8226; FOOTBALL CLUB GUEUGNON","og_description":"Moments de tristesse au sein de la communaut\u00e9 \u00ab\u00a0GLORIEUX FCG\u00a0\u00bb avec l&rsquo;annonce du d\u00e9c\u00e8s survenu aujourd&rsquo;hui, de Patrick BORGNA, membre de l\u2019\u00e9quipe fanion dans les ann\u00e9es 80. Malgr\u00e9 toute son \u00e9nergie d\u00e9livr\u00e9e dans ce long combat contre une maladie qui l\u2019handicapait depuis de nombreuses ann\u00e9es, Patrick s\u2019en est all\u00e9, ce matin, \u00e0 l\u2019aube de ses ... Lire la suite","og_url":"https:\/\/www.fcgueugnon.fr\/site\/necrologie-patrick-borgna-membre-des-forgerons-dans-les-annees-80-nous-a-quittes\/3006","og_site_name":"FOOTBALL CLUB GUEUGNON","article_publisher":"http:\/\/facebook.com\/FCGueugnon","article_published_time":"2023-01-27T21:26:50+00:00","article_modified_time":"2023-01-29T17:43:30+00:00","og_image":[{"width":696,"height":908,"url":"https:\/\/www.fcgueugnon.fr\/site\/wp-content\/uploads\/2023\/01\/Patrick-Borgna-FC-Gueugnon.jpg","type":"image\/jpeg"}],"author":"FC Gueugnon","twitter_card":"summary_large_image","twitter_creator":"@FCGueugnon_off","twitter_site":"@FCGueugnon_off","twitter_misc":{"\u00c9crit par":"FC Gueugnon","Dur\u00e9e de lecture estim\u00e9e":"1 minute"},"schema":{"@context":"https:\/\/schema.org","@graph":[{"@type":"Article","@id":"https:\/\/www.fcgueugnon.fr\/site\/necrologie-patrick-borgna-membre-des-forgerons-dans-les-annees-80-nous-a-quittes\/3006#article","isPartOf":{"@id":"https:\/\/www.fcgueugnon.fr\/site\/necrologie-patrick-borgna-membre-des-forgerons-dans-les-annees-80-nous-a-quittes\/3006"},"author":{"name":"FC Gueugnon","@id":"https:\/\/www.fcgueugnon.fr\/site\/#\/schema\/person\/f6444fbdd35fa731ee974c03508738fb"},"headline":"[N\u00e9crologie] Patrick BORGNA, membre des forgerons dans les ann\u00e9es 80, nous a quitt\u00e9s","datePublished":"2023-01-27T21:26:50+00:00","dateModified":"2023-01-29T17:43:30+00:00","mainEntityOfPage":{"@id":"https:\/\/www.fcgueugnon.fr\/site\/necrologie-patrick-borgna-membre-des-forgerons-dans-les-annees-80-nous-a-quittes\/3006"},"wordCount":204,"publisher":{"@id":"https:\/\/www.fcgueugnon.fr\/site\/#organization"},"image":{"@id":"https:\/\/www.fcgueugnon.fr\/site\/necrologie-patrick-borgna-membre-des-forgerons-dans-les-annees-80-nous-a-quittes\/3006#primaryimage"},"thumbnailUrl":"https:\/\/www.fcgueugnon.fr\/site\/wp-content\/uploads\/2023\/01\/Patrick-Borgna-FC-Gueugnon.jpg","keywords":["Glorieux FCG"],"articleSection":["Archives 2022\/2023","News"],"inLanguage":"fr-FR"},{"@type":"WebPage","@id":"https:\/\/www.fcgueugnon.fr\/site\/necrologie-patrick-borgna-membre-des-forgerons-dans-les-annees-80-nous-a-quittes\/3006","url":"https:\/\/www.fcgueugnon.fr\/site\/necrologie-patrick-borgna-membre-des-forgerons-dans-les-annees-80-nous-a-quittes\/3006","name":"[N\u00e9crologie] Patrick BORGNA, membre des forgerons dans les ann\u00e9es 80, nous a quitt\u00e9s &#8226; FOOTBALL CLUB GUEUGNON","isPartOf":{"@id":"https:\/\/www.fcgueugnon.fr\/site\/#website"},"primaryImageOfPage":{"@id":"https:\/\/www.fcgueugnon.fr\/site\/necrologie-patrick-borgna-membre-des-forgerons-dans-les-annees-80-nous-a-quittes\/3006#primaryimage"},"image":{"@id":"https:\/\/www.fcgueugnon.fr\/site\/necrologie-patrick-borgna-membre-des-forgerons-dans-les-annees-80-nous-a-quittes\/3006#primaryimage"},"thumbnailUrl":"https:\/\/www.fcgueugnon.fr\/site\/wp-content\/uploads\/2023\/01\/Patrick-Borgna-FC-Gueugnon.jpg","datePublished":"2023-01-27T21:26:50+00:00","dateModified":"2023-01-29T17:43:30+00:00","breadcrumb":{"@id":"https:\/\/www.fcgueugnon.fr\/site\/necrologie-patrick-borgna-membre-des-forgerons-dans-les-annees-80-nous-a-quittes\/3006#breadcrumb"},"inLanguage":"fr-FR","potentialAction":[{"@type":"ReadAction","target":["https:\/\/www.fcgueugnon.fr\/site\/necrologie-patrick-borgna-membre-des-forgerons-dans-les-annees-80-nous-a-quittes\/3006"]}]},{"@type":"ImageObject","inLanguage":"fr-FR","@id":"https:\/\/www.fcgueugnon.fr\/site\/necrologie-patrick-borgna-membre-des-forgerons-dans-les-annees-80-nous-a-quittes\/3006#primaryimage","url":"https:\/\/www.fcgueugnon.fr\/site\/wp-content\/uploads\/2023\/01\/Patrick-Borgna-FC-Gueugnon.jpg","contentUrl":"https:\/\/www.fcgueugnon.fr\/site\/wp-content\/uploads\/2023\/01\/Patrick-Borgna-FC-Gueugnon.jpg","width":696,"height":908},{"@type":"BreadcrumbList","@id":"https:\/\/www.fcgueugnon.fr\/site\/necrologie-patrick-borgna-membre-des-forgerons-dans-les-annees-80-nous-a-quittes\/3006#breadcrumb","itemListElement":[{"@type":"ListItem","position":1,"name":"Accueil","item":"https:\/\/www.fcgueugnon.fr\/site\/"},{"@type":"ListItem","position":2,"name":"[N\u00e9crologie] Patrick BORGNA, membre des forgerons dans les ann\u00e9es 80, nous a quitt\u00e9s"}]},{"@type":"WebSite","@id":"https:\/\/www.fcgueugnon.fr\/site\/#website","url":"https:\/\/www.fcgueugnon.fr\/site\/","name":"FOOTBALL CLUB GUEUGNON","description":"Le Site Officiel des Forgerons","publisher":{"@id":"https:\/\/www.fcgueugnon.fr\/site\/#organization"},"potentialAction":[{"@type":"SearchAction","target":{"@type":"EntryPoint","urlTemplate":"https:\/\/www.fcgueugnon.fr\/site\/?s={search_term_string}"},"query-input":{"@type":"PropertyValueSpecification","valueRequired":true,"valueName":"search_term_string"}}],"inLanguage":"fr-FR"},{"@type":"Organization","@id":"https:\/\/www.fcgueugnon.fr\/site\/#organization","name":"FC Gueugnon","url":"https:\/\/www.fcgueugnon.fr\/site\/","logo":{"@type":"ImageObject","inLanguage":"fr-FR","@id":"https:\/\/www.fcgueugnon.fr\/site\/#\/schema\/logo\/image\/","url":"https:\/\/www.fcgueugnon.fr\/site\/wp-content\/uploads\/2022\/07\/cropped-Logo-FCGUEUGNON-low-350x350-1.png","contentUrl":"https:\/\/www.fcgueugnon.fr\/site\/wp-content\/uploads\/2022\/07\/cropped-Logo-FCGUEUGNON-low-350x350-1.png","width":350,"height":350,"caption":"FC Gueugnon"},"image":{"@id":"https:\/\/www.fcgueugnon.fr\/site\/#\/schema\/logo\/image\/"},"sameAs":["http:\/\/facebook.com\/FCGueugnon","https:\/\/x.com\/FCGueugnon_off","https:\/\/www.instagram.com\/fcgueugnon\/","https:\/\/www.linkedin.com\/company\/football-club-de-gueugnon\/","https:\/\/www.youtube.com\/user\/FCGueugnonnais","https:\/\/fr.wikipedia.org\/wiki\/Football_Club_de_Gueugnon"]},{"@type":"Person","@id":"https:\/\/www.fcgueugnon.fr\/site\/#\/schema\/person\/f6444fbdd35fa731ee974c03508738fb","name":"FC Gueugnon","sameAs":["https:\/\/www.fcgueugnon.fr\/site"],"url":"https:\/\/www.fcgueugnon.fr\/site\/author\/admin-antho"}]}},"rttpg_featured_image_url":{"full":["https:\/\/www.fcgueugnon.fr\/site\/wp-content\/uploads\/2023\/01\/Patrick-Borgna-FC-Gueugnon.jpg",696,908,false],"landscape":["https:\/\/www.fcgueugnon.fr\/site\/wp-content\/uploads\/2023\/01\/Patrick-Borgna-FC-Gueugnon.jpg",696,908,false],"portraits":["https:\/\/www.fcgueugnon.fr\/site\/wp-content\/uploads\/2023\/01\/Patrick-Borgna-FC-Gueugnon.jpg",696,908,false],"thumbnail":["https:\/\/www.fcgueugnon.fr\/site\/wp-content\/uploads\/2023\/01\/Patrick-Borgna-FC-Gueugnon-150x150.jpg",150,150,true],"medium":["https:\/\/www.fcgueugnon.fr\/site\/wp-content\/uploads\/2023\/01\/Patrick-Borgna-FC-Gueugnon-307x400.jpg",307,400,true],"large":["https:\/\/www.fcgueugnon.fr\/site\/wp-content\/uploads\/2023\/01\/Patrick-Borgna-FC-Gueugnon.jpg",696,908,false],"1536x1536":["https:\/\/www.fcgueugnon.fr\/site\/wp-content\/uploads\/2023\/01\/Patrick-Borgna-FC-Gueugnon.jpg",696,908,false],"2048x2048":["https:\/\/www.fcgueugnon.fr\/site\/wp-content\/uploads\/2023\/01\/Patrick-Borgna-FC-Gueugnon.jpg",696,908,false]},"rttpg_author":{"display_name":"FC Gueugnon","author_link":"https:\/\/www.fcgueugnon.fr\/site\/author\/admin-antho"},"rttpg_comment":0,"rttpg_category":"<a href=\"https:\/\/www.fcgueugnon.fr\/site\/category\/news\/news-2022-2023\" rel=\"category tag\">Archives 2022\/2023<\/a> <a href=\"https:\/\/www.fcgueugnon.fr\/site\/category\/news\" rel=\"category tag\">News<\/a>","rttpg_excerpt":"Moments de tristesse au sein de la communaut\u00e9 \u00ab\u00a0GLORIEUX FCG\u00a0\u00bb avec l&rsquo;annonce du d\u00e9c\u00e8s survenu aujourd&rsquo;hui, de Patrick BORGNA, membre de l\u2019\u00e9quipe fanion dans les ann\u00e9es 80. Malgr\u00e9 toute son \u00e9nergie d\u00e9livr\u00e9e dans ce long combat contre une maladie qui l\u2019handicapait depuis de nombreuses ann\u00e9es, Patrick s\u2019en est all\u00e9, ce matin, \u00e0 l\u2019aube de ses\u2026","_links":{"self":[{"href":"https:\/\/www.fcgueugnon.fr\/site\/wp-json\/wp\/v2\/posts\/3006","targetHints":{"allow":["GET"]}}],"collection":[{"href":"https:\/\/www.fcgueugnon.fr\/site\/wp-json\/wp\/v2\/posts"}],"about":[{"href":"https:\/\/www.fcgueugnon.fr\/site\/wp-json\/wp\/v2\/types\/post"}],"author":[{"embeddable":true,"href":"https:\/\/www.fcgueugnon.fr\/site\/wp-json\/wp\/v2\/users\/1"}],"replies":[{"embeddable":true,"href":"https:\/\/www.fcgueugnon.fr\/site\/wp-json\/wp\/v2\/comments?post=3006"}],"version-history":[{"count":2,"href":"https:\/\/www.fcgueugnon.fr\/site\/wp-json\/wp\/v2\/posts\/3006\/revisions"}],"predecessor-version":[{"id":3009,"href":"https:\/\/www.fcgueugnon.fr\/site\/wp-json\/wp\/v2\/posts\/3006\/revisions\/3009"}],"wp:featuredmedia":[{"embeddable":true,"href":"https:\/\/www.fcgueugnon.fr\/site\/wp-json\/wp\/v2\/media\/3007"}],"wp:attachment":[{"href":"https:\/\/www.fcgueugnon.fr\/site\/wp-json\/wp\/v2\/media?parent=3006"}],"wp:term":[{"taxonomy":"category","embeddable":true,"href":"https:\/\/www.fcgueugnon.fr\/site\/wp-json\/wp\/v2\/categories?post=3006"},{"taxonomy":"post_tag","embeddable":true,"href":"https:\/\/www.fcgueugnon.fr\/site\/wp-json\/wp\/v2\/tags?post=3006"}],"curies":[{"name":"wp","href":"https:\/\/api.w.org\/{rel}","templated":true}]}}