{"id":2981,"date":"2023-01-24T14:49:28","date_gmt":"2023-01-24T13:49:28","guid":{"rendered":"https:\/\/www.fcgueugnon.fr\/site\/?p=2981"},"modified":"2023-05-13T13:11:23","modified_gmt":"2023-05-13T11:11:23","slug":"n3-j13-uf-macon-fc-gueugnon-resultat-reactions-et-resume","status":"publish","type":"post","link":"https:\/\/www.fcgueugnon.fr\/site\/n3-j13-uf-macon-fc-gueugnon-resultat-reactions-et-resume\/2981","title":{"rendered":"[N3 J13 : UF M\u00e2con \u2013 FC Gueugnon] R\u00e9sultat, r\u00e9actions et r\u00e9sum\u00e9"},"content":{"rendered":"\n<h3 class=\"has-text-align-left wp-block-heading\"><strong>Sur la pelouse de l&rsquo;UF M\u00e2con, les forgerons ont su livrer une prestation encourageante avant d&rsquo;affronter le FCMB dans le cadre du Derby du 71.<\/strong><\/h3>\n\n\n\n<div style=\"height:15px\" aria-hidden=\"true\" class=\"wp-block-spacer\"><\/div>\n\n\n\n<figure class=\"wp-block-gallery has-nested-images columns-2 is-cropped wp-block-gallery-1 is-layout-flex wp-block-gallery-is-layout-flex\">\n<figure class=\"wp-block-image size-large\"><img loading=\"lazy\" decoding=\"async\" width=\"1024\" height=\"680\" data-id=\"2989\" src=\"https:\/\/www.fcgueugnon.fr\/site\/wp-content\/uploads\/2023\/01\/ce-samedi-l-uf-maconnais-et-le-fc-gueugnon-se-sont-contentes-du-match-nul-photos-jsl-philippe-monperrus-clp-1674335204-4-1024x680.jpg\" alt=\"\" class=\"wp-image-2989\" srcset=\"https:\/\/www.fcgueugnon.fr\/site\/wp-content\/uploads\/2023\/01\/ce-samedi-l-uf-maconnais-et-le-fc-gueugnon-se-sont-contentes-du-match-nul-photos-jsl-philippe-monperrus-clp-1674335204-4-1024x680.jpg 1024w, https:\/\/www.fcgueugnon.fr\/site\/wp-content\/uploads\/2023\/01\/ce-samedi-l-uf-maconnais-et-le-fc-gueugnon-se-sont-contentes-du-match-nul-photos-jsl-philippe-monperrus-clp-1674335204-4-400x266.jpg 400w, https:\/\/www.fcgueugnon.fr\/site\/wp-content\/uploads\/2023\/01\/ce-samedi-l-uf-maconnais-et-le-fc-gueugnon-se-sont-contentes-du-match-nul-photos-jsl-philippe-monperrus-clp-1674335204-4-768x510.jpg 768w, https:\/\/www.fcgueugnon.fr\/site\/wp-content\/uploads\/2023\/01\/ce-samedi-l-uf-maconnais-et-le-fc-gueugnon-se-sont-contentes-du-match-nul-photos-jsl-philippe-monperrus-clp-1674335204-4-1536x1020.jpg 1536w, https:\/\/www.fcgueugnon.fr\/site\/wp-content\/uploads\/2023\/01\/ce-samedi-l-uf-maconnais-et-le-fc-gueugnon-se-sont-contentes-du-match-nul-photos-jsl-philippe-monperrus-clp-1674335204-4-1320x877.jpg 1320w, https:\/\/www.fcgueugnon.fr\/site\/wp-content\/uploads\/2023\/01\/ce-samedi-l-uf-maconnais-et-le-fc-gueugnon-se-sont-contentes-du-match-nul-photos-jsl-philippe-monperrus-clp-1674335204-4-600x399.jpg 600w, https:\/\/www.fcgueugnon.fr\/site\/wp-content\/uploads\/2023\/01\/ce-samedi-l-uf-maconnais-et-le-fc-gueugnon-se-sont-contentes-du-match-nul-photos-jsl-philippe-monperrus-clp-1674335204-4.jpg 1600w\" sizes=\"auto, (max-width: 1024px) 100vw, 1024px\" \/><\/figure>\n\n\n\n<figure class=\"wp-block-image size-large\"><img loading=\"lazy\" decoding=\"async\" width=\"1024\" height=\"666\" data-id=\"2990\" src=\"https:\/\/www.fcgueugnon.fr\/site\/wp-content\/uploads\/2023\/01\/ce-samedi-l-uf-maconnais-et-le-fc-gueugnon-se-sont-contentes-du-match-nul-photos-jsl-philippe-monperrus-clp-1674335204-3-1024x666.jpg\" alt=\"\" class=\"wp-image-2990\" srcset=\"https:\/\/www.fcgueugnon.fr\/site\/wp-content\/uploads\/2023\/01\/ce-samedi-l-uf-maconnais-et-le-fc-gueugnon-se-sont-contentes-du-match-nul-photos-jsl-philippe-monperrus-clp-1674335204-3-1024x666.jpg 1024w, https:\/\/www.fcgueugnon.fr\/site\/wp-content\/uploads\/2023\/01\/ce-samedi-l-uf-maconnais-et-le-fc-gueugnon-se-sont-contentes-du-match-nul-photos-jsl-philippe-monperrus-clp-1674335204-3-400x260.jpg 400w, https:\/\/www.fcgueugnon.fr\/site\/wp-content\/uploads\/2023\/01\/ce-samedi-l-uf-maconnais-et-le-fc-gueugnon-se-sont-contentes-du-match-nul-photos-jsl-philippe-monperrus-clp-1674335204-3-768x499.jpg 768w, https:\/\/www.fcgueugnon.fr\/site\/wp-content\/uploads\/2023\/01\/ce-samedi-l-uf-maconnais-et-le-fc-gueugnon-se-sont-contentes-du-match-nul-photos-jsl-philippe-monperrus-clp-1674335204-3-1536x998.jpg 1536w, https:\/\/www.fcgueugnon.fr\/site\/wp-content\/uploads\/2023\/01\/ce-samedi-l-uf-maconnais-et-le-fc-gueugnon-se-sont-contentes-du-match-nul-photos-jsl-philippe-monperrus-clp-1674335204-3-1320x858.jpg 1320w, https:\/\/www.fcgueugnon.fr\/site\/wp-content\/uploads\/2023\/01\/ce-samedi-l-uf-maconnais-et-le-fc-gueugnon-se-sont-contentes-du-match-nul-photos-jsl-philippe-monperrus-clp-1674335204-3-600x390.jpg 600w, https:\/\/www.fcgueugnon.fr\/site\/wp-content\/uploads\/2023\/01\/ce-samedi-l-uf-maconnais-et-le-fc-gueugnon-se-sont-contentes-du-match-nul-photos-jsl-philippe-monperrus-clp-1674335204-3.jpg 1600w\" sizes=\"auto, (max-width: 1024px) 100vw, 1024px\" \/><\/figure>\n\n\n\n<figure class=\"wp-block-image size-large\"><img loading=\"lazy\" decoding=\"async\" width=\"1024\" height=\"769\" data-id=\"2991\" src=\"https:\/\/www.fcgueugnon.fr\/site\/wp-content\/uploads\/2023\/01\/ce-samedi-l-uf-maconnais-et-le-fc-gueugnon-se-sont-contentes-du-match-nul-photos-jsl-philippe-monperrus-clp-1674335204-2-1024x769.jpg\" alt=\"\" class=\"wp-image-2991\" srcset=\"https:\/\/www.fcgueugnon.fr\/site\/wp-content\/uploads\/2023\/01\/ce-samedi-l-uf-maconnais-et-le-fc-gueugnon-se-sont-contentes-du-match-nul-photos-jsl-philippe-monperrus-clp-1674335204-2-1024x769.jpg 1024w, https:\/\/www.fcgueugnon.fr\/site\/wp-content\/uploads\/2023\/01\/ce-samedi-l-uf-maconnais-et-le-fc-gueugnon-se-sont-contentes-du-match-nul-photos-jsl-philippe-monperrus-clp-1674335204-2-400x301.jpg 400w, https:\/\/www.fcgueugnon.fr\/site\/wp-content\/uploads\/2023\/01\/ce-samedi-l-uf-maconnais-et-le-fc-gueugnon-se-sont-contentes-du-match-nul-photos-jsl-philippe-monperrus-clp-1674335204-2-768x577.jpg 768w, https:\/\/www.fcgueugnon.fr\/site\/wp-content\/uploads\/2023\/01\/ce-samedi-l-uf-maconnais-et-le-fc-gueugnon-se-sont-contentes-du-match-nul-photos-jsl-philippe-monperrus-clp-1674335204-2-1536x1154.jpg 1536w, https:\/\/www.fcgueugnon.fr\/site\/wp-content\/uploads\/2023\/01\/ce-samedi-l-uf-maconnais-et-le-fc-gueugnon-se-sont-contentes-du-match-nul-photos-jsl-philippe-monperrus-clp-1674335204-2-1320x992.jpg 1320w, https:\/\/www.fcgueugnon.fr\/site\/wp-content\/uploads\/2023\/01\/ce-samedi-l-uf-maconnais-et-le-fc-gueugnon-se-sont-contentes-du-match-nul-photos-jsl-philippe-monperrus-clp-1674335204-2-600x451.jpg 600w, https:\/\/www.fcgueugnon.fr\/site\/wp-content\/uploads\/2023\/01\/ce-samedi-l-uf-maconnais-et-le-fc-gueugnon-se-sont-contentes-du-match-nul-photos-jsl-philippe-monperrus-clp-1674335204-2.jpg 1600w\" sizes=\"auto, (max-width: 1024px) 100vw, 1024px\" \/><\/figure>\n\n\n\n<figure class=\"wp-block-image size-large\"><img loading=\"lazy\" decoding=\"async\" width=\"1024\" height=\"655\" data-id=\"2992\" src=\"https:\/\/www.fcgueugnon.fr\/site\/wp-content\/uploads\/2023\/01\/ce-samedi-l-uf-maconnais-et-le-fc-gueugnon-se-sont-contentes-du-match-nul-photos-jsl-philippe-monperrus-clp-1674335204-1024x655.jpg\" alt=\"\" class=\"wp-image-2992\" srcset=\"https:\/\/www.fcgueugnon.fr\/site\/wp-content\/uploads\/2023\/01\/ce-samedi-l-uf-maconnais-et-le-fc-gueugnon-se-sont-contentes-du-match-nul-photos-jsl-philippe-monperrus-clp-1674335204-1024x655.jpg 1024w, https:\/\/www.fcgueugnon.fr\/site\/wp-content\/uploads\/2023\/01\/ce-samedi-l-uf-maconnais-et-le-fc-gueugnon-se-sont-contentes-du-match-nul-photos-jsl-philippe-monperrus-clp-1674335204-400x256.jpg 400w, https:\/\/www.fcgueugnon.fr\/site\/wp-content\/uploads\/2023\/01\/ce-samedi-l-uf-maconnais-et-le-fc-gueugnon-se-sont-contentes-du-match-nul-photos-jsl-philippe-monperrus-clp-1674335204-768x492.jpg 768w, https:\/\/www.fcgueugnon.fr\/site\/wp-content\/uploads\/2023\/01\/ce-samedi-l-uf-maconnais-et-le-fc-gueugnon-se-sont-contentes-du-match-nul-photos-jsl-philippe-monperrus-clp-1674335204-1536x983.jpg 1536w, https:\/\/www.fcgueugnon.fr\/site\/wp-content\/uploads\/2023\/01\/ce-samedi-l-uf-maconnais-et-le-fc-gueugnon-se-sont-contentes-du-match-nul-photos-jsl-philippe-monperrus-clp-1674335204-1320x845.jpg 1320w, https:\/\/www.fcgueugnon.fr\/site\/wp-content\/uploads\/2023\/01\/ce-samedi-l-uf-maconnais-et-le-fc-gueugnon-se-sont-contentes-du-match-nul-photos-jsl-philippe-monperrus-clp-1674335204-600x384.jpg 600w, https:\/\/www.fcgueugnon.fr\/site\/wp-content\/uploads\/2023\/01\/ce-samedi-l-uf-maconnais-et-le-fc-gueugnon-se-sont-contentes-du-match-nul-photos-jsl-philippe-monperrus-clp-1674335204.jpg 1600w\" sizes=\"auto, (max-width: 1024px) 100vw, 1024px\" \/><\/figure>\n<\/figure>\n\n\n\n<p class=\"has-text-align-center\"><em>Photos : JSL \/ Phillipe MONPERRUS<\/em><\/p>\n\n\n\n<div style=\"height:15px\" aria-hidden=\"true\" class=\"wp-block-spacer\"><\/div>\n\n\n\n<p>Apr\u00e8s deux rencontres abouties face \u00e0 Rumilly en amical puis face \u00e0 Morteau en championnat, les forgerons se d\u00e9pla\u00e7aient ce samedi \u00e0 M\u00e2con avec beaucoup de confiance, mais en position d&rsquo;outsider. En effet, les locaux disposent sans doute de l&rsquo;effectif le plus complet de la division, malgr\u00e9 leur troisi\u00e8me place au classement. Motiv\u00e9s, les hommes de <strong>Romain Paturel<\/strong> abordent la rencontre avec l&rsquo;objectif de se rapprocher de la premi\u00e8re place suite \u00e0 la d\u00e9faite du CA Pontarlier plus t\u00f4t dans la journ\u00e9e.<\/p>\n\n\n\n<p>Apr\u00e8s quelques minutes d&rsquo;observation, les M\u00e2connais vont prendre le jeu \u00e0 leur compte et obtenir les meilleurs situations. Et, d\u00e8s le quart d&rsquo;heure de jeu, le meilleur buteur du championnat <strong>Matar Diagne<\/strong> va trouver la profondeur et remporter son duel face \u00e0 <strong>Anthony Lamonge<\/strong> (15&prime; ; 1-0). Loins d&rsquo;\u00eatre abattus, les gueugnonnais vont tr\u00e8s vite r\u00e9agir et se mettre au niveau d&rsquo;une belle \u00e9quipe M\u00e2connaise. Ils vont m\u00eame poser des difficult\u00e9s \u00e0 leurs adversaires en multipliant les phases de possession et les occasions. <strong>Erwan Mbock<\/strong>, <strong>Th\u00e9o Gab\u00e9<\/strong> et <strong>Mouhamed Diallo<\/strong> vont s&rsquo;illustrer mais c&rsquo;est finalement <strong>Jason Luanda<\/strong> qui va trouver l&rsquo;ouverture pour \u00e9galiser d&rsquo;une frappe en deux temps (43&prime; ; 1-1).<\/p>\n\n\n\n<p>La seconde p\u00e9riode laisse place \u00e0 un match plus hach\u00e9 avec beaucoup de fautes et de coup de pieds arr\u00eat\u00e9s. <strong>Axel Thoumin<\/strong> (76&prime;) et l&rsquo;ex-forgeron <strong>Rafael Calonge<\/strong> (85&prime;) tentent de remettre leur \u00e9quipe sur la bonne voie mais la d\u00e9fense du FCG est rest\u00e9e tr\u00e8s performante ce samedi soir. En fin de partie, les gueugnonnais auront l&rsquo;occasion de prendre l&rsquo;avantage mais les tentatives de <strong>Patrick Mvondo<\/strong>, <strong>Th\u00e9o Gab\u00e9<\/strong> et <strong>Arnaud Rollin<\/strong> ne seront pas cadr\u00e9es ou stopp\u00e9es. <strong>Mouhamed Diallo<\/strong> fera une derni\u00e8re frayeur au gardien <strong>Pierre Popp<\/strong> mais sa vol\u00e9e passe de justesse au-dessus (90&prime;).<\/p>\n\n\n\n<p>Apr\u00e8s ce score de parit\u00e9, le FCG va d\u00e9fier Jura Sud (National 2) vendredi soir \u00e0 Jean Laville en match de pr\u00e9paration. Puis, le 4 F\u00e9vrier prochain, les forgerons recevront le FC Montceau Bourgogne \u00e0 l&rsquo;occasion de la 14\u00e8me journ\u00e9e de National 3.<\/p>\n\n\n\n<div style=\"height:40px\" aria-hidden=\"true\" class=\"wp-block-spacer\"><\/div>\n\n\n\n<h2 class=\"wp-block-heading\">R\u00e9sum\u00e9 vid\u00e9o<\/h2>\n\n\n\n<div style=\"height:40px\" aria-hidden=\"true\" class=\"wp-block-spacer\"><\/div>\n\n\n\n<figure class=\"wp-block-embed is-type-rich is-provider-prise-en-charge-des-contenus-embarques wp-block-embed-prise-en-charge-des-contenus-embarques wp-embed-aspect-16-9 wp-has-aspect-ratio\"><div class=\"wp-block-embed__wrapper\">\n<iframe loading=\"lazy\" title=\"UF M\u00e2connais - FC Gueugnon | Journe\u0301e 13 | Re\u0301sume\u0301 Complet\" width=\"1200\" height=\"675\" src=\"https:\/\/www.youtube.com\/embed\/dZMc-YVKNrM?feature=oembed\" frameborder=\"0\" allow=\"accelerometer; autoplay; clipboard-write; encrypted-media; gyroscope; picture-in-picture; web-share\" allowfullscreen><\/iframe>\n<\/div><\/figure>\n\n\n\n<div style=\"height:40px\" aria-hidden=\"true\" class=\"wp-block-spacer\"><\/div>\n\n\n\n<div style=\"height:40px\" aria-hidden=\"true\" class=\"wp-block-spacer\"><\/div>\n\n\n\n<h2 class=\"wp-block-heading\">R\u00e9actions<\/h2>\n\n\n\n<div class=\"wp-block-coblocks-media-card alignwide is-style-left is-stacked-on-mobile coblocks-media-card-77145432166\"><div class=\"wp-block-coblocks-media-card__inner has-padding has-large-padding\"><div class=\"wp-block-coblocks-media-card__wrapper\" style=\"grid-template-columns:44% auto\"><figure class=\"wp-block-coblocks-media-card__media has-shadow\"><img loading=\"lazy\" decoding=\"async\" width=\"1024\" height=\"682\" src=\"https:\/\/www.fcgueugnon.fr\/site\/wp-content\/uploads\/2022\/10\/philippe-Correia-FC-Gueugnon-1024x682.jpg\" alt=\"\" class=\"wp-image-1998\" srcset=\"https:\/\/www.fcgueugnon.fr\/site\/wp-content\/uploads\/2022\/10\/philippe-Correia-FC-Gueugnon-1024x682.jpg 1024w, https:\/\/www.fcgueugnon.fr\/site\/wp-content\/uploads\/2022\/10\/philippe-Correia-FC-Gueugnon-400x267.jpg 400w, https:\/\/www.fcgueugnon.fr\/site\/wp-content\/uploads\/2022\/10\/philippe-Correia-FC-Gueugnon-768x512.jpg 768w, https:\/\/www.fcgueugnon.fr\/site\/wp-content\/uploads\/2022\/10\/philippe-Correia-FC-Gueugnon.jpg 1280w\" sizes=\"auto, (max-width: 1024px) 100vw, 1024px\" \/><\/figure><div class=\"wp-block-coblocks-media-card__content has-shadow\">\n<div class=\"wp-block-coblocks-row coblocks-row-77145432275\" data-columns=\"1\" data-layout=\"100\"><div class=\"wp-block-coblocks-row__inner has-background has-padding has-huge-padding has-no-margin is-stacked-on-mobile are-vertically-aligned-center has-medium-gutter\" style=\"background-color:#FFFFFF\">\n<div class=\"wp-block-coblocks-column is-vertically-aligned-center coblocks-column-77145432284\" style=\"width:100%\"><div class=\"wp-block-coblocks-column__inner has-no-padding has-no-margin\">\n<h3 class=\"wp-block-heading\"><strong>Philippe CORREIA, entraineur : <\/strong><\/h3>\n\n\n\n<div style=\"height:30px\" aria-hidden=\"true\" class=\"wp-block-spacer\"><\/div>\n\n\n\n<p><em>\u00ab C&rsquo;est un tr\u00e8s bon point pris face \u00e0 l&rsquo;UFM qui est pour moi l&rsquo;\u00e9quipe favorite de ce championnat. De notre c\u00f4t\u00e9, nous avons retrouv\u00e9 plus de confiance et de r\u00e9gularit\u00e9. Nos cadres ont retrouv\u00e9 leur niveau \u00e9galement. On est capable de rivaliser avec M\u00e2con. \u00bb<\/em><\/p>\n\n\n\n<div style=\"height:30px\" aria-hidden=\"true\" class=\"wp-block-spacer\"><\/div>\n\n\n\n<p><sub>R\u00e9actions compl\u00e8tes \u00e0 retrouver ce mercredi \u00e0 10:15 et \u00e0 18:30 en direct sur Radio Cactus (FM 92.2) ou \u00e0 partir de jeudi sur notre site officiel ou sur Mixcloud.com !<\/sub><\/p>\n\n\n\n<div style=\"height:20px\" aria-hidden=\"true\" class=\"wp-block-spacer\"><\/div>\n<\/div><\/div>\n<\/div><\/div>\n<\/div><\/div><\/div><\/div>\n\n\n\n<div style=\"height:40px\" aria-hidden=\"true\" class=\"wp-block-spacer\"><\/div>\n\n\n\n<hr class=\"wp-block-separator has-text-color has-css-opacity has-background\" style=\"background-color:#f7db4a;color:#f7db4a\"\/>\n\n\n\n<h3 class=\"has-text-align-center wp-block-heading\"><strong>\u2139 Prochains matchs : <\/strong><br>&#8211; Vendredi 27\/01 \u00e0 18h00 : FC Gueugnon \/ Jura Sud (Amical)<br>&#8211; Samedi 04\/02 \u00e0 18h00 : FC Gueugnon \/ FCMB (N3)<\/h3>\n\n\n\n<hr class=\"wp-block-separator has-text-color has-css-opacity has-background\" style=\"background-color:#f7db4a;color:#f7db4a\"\/>\n\n\n\n<h3 class=\"wp-block-heading\">\u26bd <strong>Score final<\/strong><\/h3>\n\n\n\n<p><span data-reactid=\".9.1:3:1:$comment10153319512882859_10153320215687859:0.0.$right.0.$left.0.0.1.$comment-body.0.$end:0:$4:0\"><span class=\"null\"><strong>\u00c0 Macon, Stade Champlevert<\/strong><br><\/span><\/span>UF M\u00e2con 1-1 FC Gueugnon<br>Buts : Diagne (15&prime;) ; Luanda (43&prime;).<\/p>\n\n\n\n<p><strong>Officiels :<\/strong><br>Arbitre centre : ALEXIS GUILLON<br>Arbitre assistant 1 : FLORIAN MATHIEU<br>Arbitre assistant 2 : AURELIEN PLAT<br>D\u00e9l\u00e9gu\u00e9 principal : MESSAOUD BOUTEFFAS<br>Observateur adjoint 1 : BENOIT MORELIERE<\/p>\n\n\n\n<div style=\"height:15px\" aria-hidden=\"true\" class=\"wp-block-spacer\"><\/div>\n\n\n\n<h3 class=\"wp-block-heading\">\ud83d\udfe1\ud83d\udd35 <strong>Composition d&rsquo;\u00e9quipe<\/strong><\/h3>\n\n\n\n<p>Lamonge &#8211; Helal &#8211; Chauvet &#8211; Fahrasmane &#8211; Houla &#8211; Diallo &#8211; Luanda (77&prime; Mahla) &#8211; Mustivar (c) &#8211; Dram\u00e9 (69&prime; Rollin) &#8211; Gab\u00e9 (88&prime; Bouekou) &#8211; Mbock (69&prime; Mvondo).<br>Entraineur : Philippe Correia \/ Adjoint : Bakeba Bayo.<\/p>\n\n\n\n<div style=\"height:38px\" aria-hidden=\"true\" class=\"wp-block-spacer\"><\/div>\n\n\n\n<h3 class=\"wp-block-heading\">\ud83d\udd0d <strong>Plus d&rsquo;articles <\/strong><\/h3>\n\n\n\n<blockquote class=\"wp-block-quote is-layout-flow wp-block-quote-is-layout-flow\">\n<p><span style=\"line-height: 1.5;\">\u25ba <a href=\"https:\/\/twitter.com\/FCGueugnon_Off\/status\/1616828968497201161\" target=\"_blank\" rel=\"noreferrer noopener\">Revivre le live<\/a><\/span><\/p>\n<\/blockquote>\n","protected":false},"excerpt":{"rendered":"<p>Sur la pelouse de l&rsquo;UF M\u00e2con, les forgerons ont su livrer une prestation encourageante avant d&rsquo;affronter le FCMB dans le cadre du Derby du 71. Photos : JSL \/ Phillipe MONPERRUS Apr\u00e8s deux rencontres abouties face \u00e0 Rumilly en amical puis face \u00e0 Morteau en championnat, les forgerons se d\u00e9pla\u00e7aient ce samedi \u00e0 M\u00e2con avec &#8230; <\/p>\n<p class=\"read-more-container\"><a title=\"[N3 J13 : UF M\u00e2con \u2013 FC Gueugnon] R\u00e9sultat, r\u00e9actions et r\u00e9sum\u00e9\" class=\"read-more button\" href=\"https:\/\/www.fcgueugnon.fr\/site\/n3-j13-uf-macon-fc-gueugnon-resultat-reactions-et-resume\/2981#more-2981\" aria-label=\"Plus sur [N3 J13 : UF M\u00e2con \u2013 FC Gueugnon] R\u00e9sultat, r\u00e9actions et r\u00e9sum\u00e9\">Lire la suite<\/a><\/p>\n","protected":false},"author":3,"featured_media":2991,"comment_status":"closed","ping_status":"closed","sticky":true,"template":"","format":"standard","meta":{"footnotes":""},"categories":[5,4],"tags":[27,31],"class_list":["post-2981","post","type-post","status-publish","format-standard","has-post-thumbnail","hentry","category-news-2022-2023","category-news","tag-resultat","tag-video","infinite-scroll-item","generate-columns","tablet-grid-50","mobile-grid-100","grid-parent","grid-25","resize-featured-image"],"yoast_head":"<!-- This site is optimized with the Yoast SEO plugin v26.6 - https:\/\/yoast.com\/wordpress\/plugins\/seo\/ -->\n<title>[N3 J13 : UF M\u00e2con \u2013 FC Gueugnon] R\u00e9sultat, r\u00e9actions et r\u00e9sum\u00e9 &#8226; FOOTBALL CLUB GUEUGNON<\/title>\n<meta name=\"robots\" content=\"index, follow, max-snippet:-1, max-image-preview:large, max-video-preview:-1\" \/>\n<link rel=\"canonical\" href=\"https:\/\/www.fcgueugnon.fr\/site\/n3-j13-uf-macon-fc-gueugnon-resultat-reactions-et-resume\/2981\" \/>\n<meta property=\"og:locale\" content=\"fr_FR\" \/>\n<meta property=\"og:type\" content=\"article\" \/>\n<meta property=\"og:title\" content=\"[N3 J13 : UF M\u00e2con \u2013 FC Gueugnon] R\u00e9sultat, r\u00e9actions et r\u00e9sum\u00e9 &#8226; FOOTBALL CLUB GUEUGNON\" \/>\n<meta property=\"og:description\" content=\"Sur la pelouse de l&rsquo;UF M\u00e2con, les forgerons ont su livrer une prestation encourageante avant d&rsquo;affronter le FCMB dans le cadre du Derby du 71. Photos : JSL \/ Phillipe MONPERRUS Apr\u00e8s deux rencontres abouties face \u00e0 Rumilly en amical puis face \u00e0 Morteau en championnat, les forgerons se d\u00e9pla\u00e7aient ce samedi \u00e0 M\u00e2con avec ... Lire la suite\" \/>\n<meta property=\"og:url\" content=\"https:\/\/www.fcgueugnon.fr\/site\/n3-j13-uf-macon-fc-gueugnon-resultat-reactions-et-resume\/2981\" \/>\n<meta property=\"og:site_name\" content=\"FOOTBALL CLUB GUEUGNON\" \/>\n<meta property=\"article:publisher\" content=\"http:\/\/facebook.com\/FCGueugnon\" \/>\n<meta property=\"article:published_time\" content=\"2023-01-24T13:49:28+00:00\" \/>\n<meta property=\"article:modified_time\" content=\"2023-05-13T11:11:23+00:00\" \/>\n<meta property=\"og:image\" content=\"https:\/\/www.fcgueugnon.fr\/site\/wp-content\/uploads\/2023\/01\/ce-samedi-l-uf-maconnais-et-le-fc-gueugnon-se-sont-contentes-du-match-nul-photos-jsl-philippe-monperrus-clp-1674335204-2.jpg\" \/>\n\t<meta property=\"og:image:width\" content=\"1600\" \/>\n\t<meta property=\"og:image:height\" content=\"1202\" \/>\n\t<meta property=\"og:image:type\" content=\"image\/jpeg\" \/>\n<meta name=\"author\" content=\"FC Gueugnon\" \/>\n<meta name=\"twitter:card\" content=\"summary_large_image\" \/>\n<meta name=\"twitter:creator\" content=\"@FCGueugnon_off\" \/>\n<meta name=\"twitter:site\" content=\"@FCGueugnon_off\" \/>\n<meta name=\"twitter:label1\" content=\"\u00c9crit par\" \/>\n\t<meta name=\"twitter:data1\" content=\"FC Gueugnon\" \/>\n\t<meta name=\"twitter:label2\" content=\"Dur\u00e9e de lecture estim\u00e9e\" \/>\n\t<meta name=\"twitter:data2\" content=\"4 minutes\" \/>\n<script type=\"application\/ld+json\" class=\"yoast-schema-graph\">{\"@context\":\"https:\/\/schema.org\",\"@graph\":[{\"@type\":\"Article\",\"@id\":\"https:\/\/www.fcgueugnon.fr\/site\/n3-j13-uf-macon-fc-gueugnon-resultat-reactions-et-resume\/2981#article\",\"isPartOf\":{\"@id\":\"https:\/\/www.fcgueugnon.fr\/site\/n3-j13-uf-macon-fc-gueugnon-resultat-reactions-et-resume\/2981\"},\"author\":{\"name\":\"FC Gueugnon\",\"@id\":\"https:\/\/www.fcgueugnon.fr\/site\/#\/schema\/person\/829630bfb5d6f3ebe4d296b75687c01a\"},\"headline\":\"[N3 J13 : UF M\u00e2con \u2013 FC Gueugnon] R\u00e9sultat, r\u00e9actions et r\u00e9sum\u00e9\",\"datePublished\":\"2023-01-24T13:49:28+00:00\",\"dateModified\":\"2023-05-13T11:11:23+00:00\",\"mainEntityOfPage\":{\"@id\":\"https:\/\/www.fcgueugnon.fr\/site\/n3-j13-uf-macon-fc-gueugnon-resultat-reactions-et-resume\/2981\"},\"wordCount\":587,\"publisher\":{\"@id\":\"https:\/\/www.fcgueugnon.fr\/site\/#organization\"},\"image\":{\"@id\":\"https:\/\/www.fcgueugnon.fr\/site\/n3-j13-uf-macon-fc-gueugnon-resultat-reactions-et-resume\/2981#primaryimage\"},\"thumbnailUrl\":\"https:\/\/www.fcgueugnon.fr\/site\/wp-content\/uploads\/2023\/01\/ce-samedi-l-uf-maconnais-et-le-fc-gueugnon-se-sont-contentes-du-match-nul-photos-jsl-philippe-monperrus-clp-1674335204-2.jpg\",\"keywords\":[\"R\u00e9sultat\",\"Vid\u00e9o\"],\"articleSection\":[\"Archives 2022\/2023\",\"News\"],\"inLanguage\":\"fr-FR\"},{\"@type\":\"WebPage\",\"@id\":\"https:\/\/www.fcgueugnon.fr\/site\/n3-j13-uf-macon-fc-gueugnon-resultat-reactions-et-resume\/2981\",\"url\":\"https:\/\/www.fcgueugnon.fr\/site\/n3-j13-uf-macon-fc-gueugnon-resultat-reactions-et-resume\/2981\",\"name\":\"[N3 J13 : UF M\u00e2con \u2013 FC Gueugnon] R\u00e9sultat, r\u00e9actions et r\u00e9sum\u00e9 &#8226; FOOTBALL CLUB GUEUGNON\",\"isPartOf\":{\"@id\":\"https:\/\/www.fcgueugnon.fr\/site\/#website\"},\"primaryImageOfPage\":{\"@id\":\"https:\/\/www.fcgueugnon.fr\/site\/n3-j13-uf-macon-fc-gueugnon-resultat-reactions-et-resume\/2981#primaryimage\"},\"image\":{\"@id\":\"https:\/\/www.fcgueugnon.fr\/site\/n3-j13-uf-macon-fc-gueugnon-resultat-reactions-et-resume\/2981#primaryimage\"},\"thumbnailUrl\":\"https:\/\/www.fcgueugnon.fr\/site\/wp-content\/uploads\/2023\/01\/ce-samedi-l-uf-maconnais-et-le-fc-gueugnon-se-sont-contentes-du-match-nul-photos-jsl-philippe-monperrus-clp-1674335204-2.jpg\",\"datePublished\":\"2023-01-24T13:49:28+00:00\",\"dateModified\":\"2023-05-13T11:11:23+00:00\",\"breadcrumb\":{\"@id\":\"https:\/\/www.fcgueugnon.fr\/site\/n3-j13-uf-macon-fc-gueugnon-resultat-reactions-et-resume\/2981#breadcrumb\"},\"inLanguage\":\"fr-FR\",\"potentialAction\":[{\"@type\":\"ReadAction\",\"target\":[\"https:\/\/www.fcgueugnon.fr\/site\/n3-j13-uf-macon-fc-gueugnon-resultat-reactions-et-resume\/2981\"]}]},{\"@type\":\"ImageObject\",\"inLanguage\":\"fr-FR\",\"@id\":\"https:\/\/www.fcgueugnon.fr\/site\/n3-j13-uf-macon-fc-gueugnon-resultat-reactions-et-resume\/2981#primaryimage\",\"url\":\"https:\/\/www.fcgueugnon.fr\/site\/wp-content\/uploads\/2023\/01\/ce-samedi-l-uf-maconnais-et-le-fc-gueugnon-se-sont-contentes-du-match-nul-photos-jsl-philippe-monperrus-clp-1674335204-2.jpg\",\"contentUrl\":\"https:\/\/www.fcgueugnon.fr\/site\/wp-content\/uploads\/2023\/01\/ce-samedi-l-uf-maconnais-et-le-fc-gueugnon-se-sont-contentes-du-match-nul-photos-jsl-philippe-monperrus-clp-1674335204-2.jpg\",\"width\":1600,\"height\":1202},{\"@type\":\"BreadcrumbList\",\"@id\":\"https:\/\/www.fcgueugnon.fr\/site\/n3-j13-uf-macon-fc-gueugnon-resultat-reactions-et-resume\/2981#breadcrumb\",\"itemListElement\":[{\"@type\":\"ListItem\",\"position\":1,\"name\":\"Accueil\",\"item\":\"https:\/\/www.fcgueugnon.fr\/site\/\"},{\"@type\":\"ListItem\",\"position\":2,\"name\":\"[N3 J13 : UF M\u00e2con \u2013 FC Gueugnon] R\u00e9sultat, r\u00e9actions et r\u00e9sum\u00e9\"}]},{\"@type\":\"WebSite\",\"@id\":\"https:\/\/www.fcgueugnon.fr\/site\/#website\",\"url\":\"https:\/\/www.fcgueugnon.fr\/site\/\",\"name\":\"FOOTBALL CLUB GUEUGNON\",\"description\":\"Le Site Officiel des Forgerons\",\"publisher\":{\"@id\":\"https:\/\/www.fcgueugnon.fr\/site\/#organization\"},\"potentialAction\":[{\"@type\":\"SearchAction\",\"target\":{\"@type\":\"EntryPoint\",\"urlTemplate\":\"https:\/\/www.fcgueugnon.fr\/site\/?s={search_term_string}\"},\"query-input\":{\"@type\":\"PropertyValueSpecification\",\"valueRequired\":true,\"valueName\":\"search_term_string\"}}],\"inLanguage\":\"fr-FR\"},{\"@type\":\"Organization\",\"@id\":\"https:\/\/www.fcgueugnon.fr\/site\/#organization\",\"name\":\"FC Gueugnon\",\"url\":\"https:\/\/www.fcgueugnon.fr\/site\/\",\"logo\":{\"@type\":\"ImageObject\",\"inLanguage\":\"fr-FR\",\"@id\":\"https:\/\/www.fcgueugnon.fr\/site\/#\/schema\/logo\/image\/\",\"url\":\"https:\/\/www.fcgueugnon.fr\/site\/wp-content\/uploads\/2022\/07\/cropped-Logo-FCGUEUGNON-low-350x350-1.png\",\"contentUrl\":\"https:\/\/www.fcgueugnon.fr\/site\/wp-content\/uploads\/2022\/07\/cropped-Logo-FCGUEUGNON-low-350x350-1.png\",\"width\":350,\"height\":350,\"caption\":\"FC Gueugnon\"},\"image\":{\"@id\":\"https:\/\/www.fcgueugnon.fr\/site\/#\/schema\/logo\/image\/\"},\"sameAs\":[\"http:\/\/facebook.com\/FCGueugnon\",\"https:\/\/x.com\/FCGueugnon_off\",\"https:\/\/www.instagram.com\/fcgueugnon\/\",\"https:\/\/www.linkedin.com\/company\/football-club-de-gueugnon\/\",\"https:\/\/www.youtube.com\/user\/FCGueugnonnais\",\"https:\/\/fr.wikipedia.org\/wiki\/Football_Club_de_Gueugnon\"]},{\"@type\":\"Person\",\"@id\":\"https:\/\/www.fcgueugnon.fr\/site\/#\/schema\/person\/829630bfb5d6f3ebe4d296b75687c01a\",\"name\":\"FC Gueugnon\",\"url\":\"https:\/\/www.fcgueugnon.fr\/site\/author\/g-avin1\"}]}<\/script>\n<!-- \/ Yoast SEO plugin. -->","yoast_head_json":{"title":"[N3 J13 : UF M\u00e2con \u2013 FC Gueugnon] R\u00e9sultat, r\u00e9actions et r\u00e9sum\u00e9 &#8226; FOOTBALL CLUB GUEUGNON","robots":{"index":"index","follow":"follow","max-snippet":"max-snippet:-1","max-image-preview":"max-image-preview:large","max-video-preview":"max-video-preview:-1"},"canonical":"https:\/\/www.fcgueugnon.fr\/site\/n3-j13-uf-macon-fc-gueugnon-resultat-reactions-et-resume\/2981","og_locale":"fr_FR","og_type":"article","og_title":"[N3 J13 : UF M\u00e2con \u2013 FC Gueugnon] R\u00e9sultat, r\u00e9actions et r\u00e9sum\u00e9 &#8226; FOOTBALL CLUB GUEUGNON","og_description":"Sur la pelouse de l&rsquo;UF M\u00e2con, les forgerons ont su livrer une prestation encourageante avant d&rsquo;affronter le FCMB dans le cadre du Derby du 71. Photos : JSL \/ Phillipe MONPERRUS Apr\u00e8s deux rencontres abouties face \u00e0 Rumilly en amical puis face \u00e0 Morteau en championnat, les forgerons se d\u00e9pla\u00e7aient ce samedi \u00e0 M\u00e2con avec ... Lire la suite","og_url":"https:\/\/www.fcgueugnon.fr\/site\/n3-j13-uf-macon-fc-gueugnon-resultat-reactions-et-resume\/2981","og_site_name":"FOOTBALL CLUB GUEUGNON","article_publisher":"http:\/\/facebook.com\/FCGueugnon","article_published_time":"2023-01-24T13:49:28+00:00","article_modified_time":"2023-05-13T11:11:23+00:00","og_image":[{"width":1600,"height":1202,"url":"https:\/\/www.fcgueugnon.fr\/site\/wp-content\/uploads\/2023\/01\/ce-samedi-l-uf-maconnais-et-le-fc-gueugnon-se-sont-contentes-du-match-nul-photos-jsl-philippe-monperrus-clp-1674335204-2.jpg","type":"image\/jpeg"}],"author":"FC Gueugnon","twitter_card":"summary_large_image","twitter_creator":"@FCGueugnon_off","twitter_site":"@FCGueugnon_off","twitter_misc":{"\u00c9crit par":"FC Gueugnon","Dur\u00e9e de lecture estim\u00e9e":"4 minutes"},"schema":{"@context":"https:\/\/schema.org","@graph":[{"@type":"Article","@id":"https:\/\/www.fcgueugnon.fr\/site\/n3-j13-uf-macon-fc-gueugnon-resultat-reactions-et-resume\/2981#article","isPartOf":{"@id":"https:\/\/www.fcgueugnon.fr\/site\/n3-j13-uf-macon-fc-gueugnon-resultat-reactions-et-resume\/2981"},"author":{"name":"FC Gueugnon","@id":"https:\/\/www.fcgueugnon.fr\/site\/#\/schema\/person\/829630bfb5d6f3ebe4d296b75687c01a"},"headline":"[N3 J13 : UF M\u00e2con \u2013 FC Gueugnon] R\u00e9sultat, r\u00e9actions et r\u00e9sum\u00e9","datePublished":"2023-01-24T13:49:28+00:00","dateModified":"2023-05-13T11:11:23+00:00","mainEntityOfPage":{"@id":"https:\/\/www.fcgueugnon.fr\/site\/n3-j13-uf-macon-fc-gueugnon-resultat-reactions-et-resume\/2981"},"wordCount":587,"publisher":{"@id":"https:\/\/www.fcgueugnon.fr\/site\/#organization"},"image":{"@id":"https:\/\/www.fcgueugnon.fr\/site\/n3-j13-uf-macon-fc-gueugnon-resultat-reactions-et-resume\/2981#primaryimage"},"thumbnailUrl":"https:\/\/www.fcgueugnon.fr\/site\/wp-content\/uploads\/2023\/01\/ce-samedi-l-uf-maconnais-et-le-fc-gueugnon-se-sont-contentes-du-match-nul-photos-jsl-philippe-monperrus-clp-1674335204-2.jpg","keywords":["R\u00e9sultat","Vid\u00e9o"],"articleSection":["Archives 2022\/2023","News"],"inLanguage":"fr-FR"},{"@type":"WebPage","@id":"https:\/\/www.fcgueugnon.fr\/site\/n3-j13-uf-macon-fc-gueugnon-resultat-reactions-et-resume\/2981","url":"https:\/\/www.fcgueugnon.fr\/site\/n3-j13-uf-macon-fc-gueugnon-resultat-reactions-et-resume\/2981","name":"[N3 J13 : UF M\u00e2con \u2013 FC Gueugnon] R\u00e9sultat, r\u00e9actions et r\u00e9sum\u00e9 &#8226; FOOTBALL CLUB GUEUGNON","isPartOf":{"@id":"https:\/\/www.fcgueugnon.fr\/site\/#website"},"primaryImageOfPage":{"@id":"https:\/\/www.fcgueugnon.fr\/site\/n3-j13-uf-macon-fc-gueugnon-resultat-reactions-et-resume\/2981#primaryimage"},"image":{"@id":"https:\/\/www.fcgueugnon.fr\/site\/n3-j13-uf-macon-fc-gueugnon-resultat-reactions-et-resume\/2981#primaryimage"},"thumbnailUrl":"https:\/\/www.fcgueugnon.fr\/site\/wp-content\/uploads\/2023\/01\/ce-samedi-l-uf-maconnais-et-le-fc-gueugnon-se-sont-contentes-du-match-nul-photos-jsl-philippe-monperrus-clp-1674335204-2.jpg","datePublished":"2023-01-24T13:49:28+00:00","dateModified":"2023-05-13T11:11:23+00:00","breadcrumb":{"@id":"https:\/\/www.fcgueugnon.fr\/site\/n3-j13-uf-macon-fc-gueugnon-resultat-reactions-et-resume\/2981#breadcrumb"},"inLanguage":"fr-FR","potentialAction":[{"@type":"ReadAction","target":["https:\/\/www.fcgueugnon.fr\/site\/n3-j13-uf-macon-fc-gueugnon-resultat-reactions-et-resume\/2981"]}]},{"@type":"ImageObject","inLanguage":"fr-FR","@id":"https:\/\/www.fcgueugnon.fr\/site\/n3-j13-uf-macon-fc-gueugnon-resultat-reactions-et-resume\/2981#primaryimage","url":"https:\/\/www.fcgueugnon.fr\/site\/wp-content\/uploads\/2023\/01\/ce-samedi-l-uf-maconnais-et-le-fc-gueugnon-se-sont-contentes-du-match-nul-photos-jsl-philippe-monperrus-clp-1674335204-2.jpg","contentUrl":"https:\/\/www.fcgueugnon.fr\/site\/wp-content\/uploads\/2023\/01\/ce-samedi-l-uf-maconnais-et-le-fc-gueugnon-se-sont-contentes-du-match-nul-photos-jsl-philippe-monperrus-clp-1674335204-2.jpg","width":1600,"height":1202},{"@type":"BreadcrumbList","@id":"https:\/\/www.fcgueugnon.fr\/site\/n3-j13-uf-macon-fc-gueugnon-resultat-reactions-et-resume\/2981#breadcrumb","itemListElement":[{"@type":"ListItem","position":1,"name":"Accueil","item":"https:\/\/www.fcgueugnon.fr\/site\/"},{"@type":"ListItem","position":2,"name":"[N3 J13 : UF M\u00e2con \u2013 FC Gueugnon] R\u00e9sultat, r\u00e9actions et r\u00e9sum\u00e9"}]},{"@type":"WebSite","@id":"https:\/\/www.fcgueugnon.fr\/site\/#website","url":"https:\/\/www.fcgueugnon.fr\/site\/","name":"FOOTBALL CLUB GUEUGNON","description":"Le Site Officiel des Forgerons","publisher":{"@id":"https:\/\/www.fcgueugnon.fr\/site\/#organization"},"potentialAction":[{"@type":"SearchAction","target":{"@type":"EntryPoint","urlTemplate":"https:\/\/www.fcgueugnon.fr\/site\/?s={search_term_string}"},"query-input":{"@type":"PropertyValueSpecification","valueRequired":true,"valueName":"search_term_string"}}],"inLanguage":"fr-FR"},{"@type":"Organization","@id":"https:\/\/www.fcgueugnon.fr\/site\/#organization","name":"FC Gueugnon","url":"https:\/\/www.fcgueugnon.fr\/site\/","logo":{"@type":"ImageObject","inLanguage":"fr-FR","@id":"https:\/\/www.fcgueugnon.fr\/site\/#\/schema\/logo\/image\/","url":"https:\/\/www.fcgueugnon.fr\/site\/wp-content\/uploads\/2022\/07\/cropped-Logo-FCGUEUGNON-low-350x350-1.png","contentUrl":"https:\/\/www.fcgueugnon.fr\/site\/wp-content\/uploads\/2022\/07\/cropped-Logo-FCGUEUGNON-low-350x350-1.png","width":350,"height":350,"caption":"FC Gueugnon"},"image":{"@id":"https:\/\/www.fcgueugnon.fr\/site\/#\/schema\/logo\/image\/"},"sameAs":["http:\/\/facebook.com\/FCGueugnon","https:\/\/x.com\/FCGueugnon_off","https:\/\/www.instagram.com\/fcgueugnon\/","https:\/\/www.linkedin.com\/company\/football-club-de-gueugnon\/","https:\/\/www.youtube.com\/user\/FCGueugnonnais","https:\/\/fr.wikipedia.org\/wiki\/Football_Club_de_Gueugnon"]},{"@type":"Person","@id":"https:\/\/www.fcgueugnon.fr\/site\/#\/schema\/person\/829630bfb5d6f3ebe4d296b75687c01a","name":"FC Gueugnon","url":"https:\/\/www.fcgueugnon.fr\/site\/author\/g-avin1"}]}},"rttpg_featured_image_url":{"full":["https:\/\/www.fcgueugnon.fr\/site\/wp-content\/uploads\/2023\/01\/ce-samedi-l-uf-maconnais-et-le-fc-gueugnon-se-sont-contentes-du-match-nul-photos-jsl-philippe-monperrus-clp-1674335204-2.jpg",1600,1202,false],"landscape":["https:\/\/www.fcgueugnon.fr\/site\/wp-content\/uploads\/2023\/01\/ce-samedi-l-uf-maconnais-et-le-fc-gueugnon-se-sont-contentes-du-match-nul-photos-jsl-philippe-monperrus-clp-1674335204-2.jpg",1600,1202,false],"portraits":["https:\/\/www.fcgueugnon.fr\/site\/wp-content\/uploads\/2023\/01\/ce-samedi-l-uf-maconnais-et-le-fc-gueugnon-se-sont-contentes-du-match-nul-photos-jsl-philippe-monperrus-clp-1674335204-2.jpg",1600,1202,false],"thumbnail":["https:\/\/www.fcgueugnon.fr\/site\/wp-content\/uploads\/2023\/01\/ce-samedi-l-uf-maconnais-et-le-fc-gueugnon-se-sont-contentes-du-match-nul-photos-jsl-philippe-monperrus-clp-1674335204-2-150x150.jpg",150,150,true],"medium":["https:\/\/www.fcgueugnon.fr\/site\/wp-content\/uploads\/2023\/01\/ce-samedi-l-uf-maconnais-et-le-fc-gueugnon-se-sont-contentes-du-match-nul-photos-jsl-philippe-monperrus-clp-1674335204-2-400x301.jpg",400,301,true],"large":["https:\/\/www.fcgueugnon.fr\/site\/wp-content\/uploads\/2023\/01\/ce-samedi-l-uf-maconnais-et-le-fc-gueugnon-se-sont-contentes-du-match-nul-photos-jsl-philippe-monperrus-clp-1674335204-2-1024x769.jpg",1024,769,true],"1536x1536":["https:\/\/www.fcgueugnon.fr\/site\/wp-content\/uploads\/2023\/01\/ce-samedi-l-uf-maconnais-et-le-fc-gueugnon-se-sont-contentes-du-match-nul-photos-jsl-philippe-monperrus-clp-1674335204-2-1536x1154.jpg",1536,1154,true],"2048x2048":["https:\/\/www.fcgueugnon.fr\/site\/wp-content\/uploads\/2023\/01\/ce-samedi-l-uf-maconnais-et-le-fc-gueugnon-se-sont-contentes-du-match-nul-photos-jsl-philippe-monperrus-clp-1674335204-2.jpg",1600,1202,false]},"rttpg_author":{"display_name":"FC Gueugnon","author_link":"https:\/\/www.fcgueugnon.fr\/site\/author\/g-avin1"},"rttpg_comment":0,"rttpg_category":"<a href=\"https:\/\/www.fcgueugnon.fr\/site\/category\/news\/news-2022-2023\" rel=\"category tag\">Archives 2022\/2023<\/a> <a href=\"https:\/\/www.fcgueugnon.fr\/site\/category\/news\" rel=\"category tag\">News<\/a>","rttpg_excerpt":"Sur la pelouse de l&rsquo;UF M\u00e2con, les forgerons ont su livrer une prestation encourageante avant d&rsquo;affronter le FCMB dans le cadre du Derby du 71. Photos : JSL \/ Phillipe MONPERRUS Apr\u00e8s deux rencontres abouties face \u00e0 Rumilly en amical puis face \u00e0 Morteau en championnat, les forgerons se d\u00e9pla\u00e7aient ce samedi \u00e0 M\u00e2con avec\u2026","_links":{"self":[{"href":"https:\/\/www.fcgueugnon.fr\/site\/wp-json\/wp\/v2\/posts\/2981","targetHints":{"allow":["GET"]}}],"collection":[{"href":"https:\/\/www.fcgueugnon.fr\/site\/wp-json\/wp\/v2\/posts"}],"about":[{"href":"https:\/\/www.fcgueugnon.fr\/site\/wp-json\/wp\/v2\/types\/post"}],"author":[{"embeddable":true,"href":"https:\/\/www.fcgueugnon.fr\/site\/wp-json\/wp\/v2\/users\/3"}],"replies":[{"embeddable":true,"href":"https:\/\/www.fcgueugnon.fr\/site\/wp-json\/wp\/v2\/comments?post=2981"}],"version-history":[{"count":8,"href":"https:\/\/www.fcgueugnon.fr\/site\/wp-json\/wp\/v2\/posts\/2981\/revisions"}],"predecessor-version":[{"id":3014,"href":"https:\/\/www.fcgueugnon.fr\/site\/wp-json\/wp\/v2\/posts\/2981\/revisions\/3014"}],"wp:featuredmedia":[{"embeddable":true,"href":"https:\/\/www.fcgueugnon.fr\/site\/wp-json\/wp\/v2\/media\/2991"}],"wp:attachment":[{"href":"https:\/\/www.fcgueugnon.fr\/site\/wp-json\/wp\/v2\/media?parent=2981"}],"wp:term":[{"taxonomy":"category","embeddable":true,"href":"https:\/\/www.fcgueugnon.fr\/site\/wp-json\/wp\/v2\/categories?post=2981"},{"taxonomy":"post_tag","embeddable":true,"href":"https:\/\/www.fcgueugnon.fr\/site\/wp-json\/wp\/v2\/tags?post=2981"}],"curies":[{"name":"wp","href":"https:\/\/api.w.org\/{rel}","templated":true}]}}