{"id":2880,"date":"2023-01-13T09:01:00","date_gmt":"2023-01-13T08:01:00","guid":{"rendered":"https:\/\/www.fcgueugnon.fr\/site\/?p=2880"},"modified":"2024-02-21T21:44:40","modified_gmt":"2024-02-21T20:44:40","slug":"n3-j12-fc-gueugnon-morteau-montlebon-les-bonnes-resolutions-des-forgerons-demarrent-des-ce-samedi-a-jean-laville","status":"publish","type":"post","link":"https:\/\/www.fcgueugnon.fr\/site\/n3-j12-fc-gueugnon-morteau-montlebon-les-bonnes-resolutions-des-forgerons-demarrent-des-ce-samedi-a-jean-laville\/2880","title":{"rendered":"[N3 J12 : FC Gueugnon \u2013 Morteau-Montlebon] Les bonnes r\u00e9solutions des forgerons d\u00e9marrent d\u00e8s ce samedi \u00e0 Jean Laville !"},"content":{"rendered":"\n<h2 class=\"wp-block-heading\"><strong>Nouvelle ann\u00e9e pour nos forgerons qui d\u00e9butent ce samedi dans leur antre de Jean Laville avec la r\u00e9ception du FC Morteau-Montlebon.<\/strong><\/h2>\n\n\n\n<div style=\"height:70px\" aria-hidden=\"true\" class=\"wp-block-spacer\"><\/div>\n\n\n\n<div class=\"wp-block-getwid-image-box getwid-animation has-text-center has-mobile-layout-default has-mobile-alignment-center\" data-animation=\"zoomSmall\"><div class=\"wp-block-getwid-image-box__image-container is-position-top\"><div class=\"wp-block-getwid-image-box__image-wrapper\"><img loading=\"lazy\" decoding=\"async\" width=\"724\" height=\"1024\" src=\"https:\/\/www.fcgueugnon.fr\/site\/wp-content\/uploads\/2022\/08\/Affiche-FC-Gueugnon-Morteau-Montlebon-724x1024.jpg\" alt=\"\" class=\"wp-block-getwid-image-box__image wp-image-2868\" srcset=\"https:\/\/www.fcgueugnon.fr\/site\/wp-content\/uploads\/2022\/08\/Affiche-FC-Gueugnon-Morteau-Montlebon-724x1024.jpg 724w, https:\/\/www.fcgueugnon.fr\/site\/wp-content\/uploads\/2022\/08\/Affiche-FC-Gueugnon-Morteau-Montlebon-283x400.jpg 283w, https:\/\/www.fcgueugnon.fr\/site\/wp-content\/uploads\/2022\/08\/Affiche-FC-Gueugnon-Morteau-Montlebon-768x1086.jpg 768w, https:\/\/www.fcgueugnon.fr\/site\/wp-content\/uploads\/2022\/08\/Affiche-FC-Gueugnon-Morteau-Montlebon-1086x1536.jpg 1086w, https:\/\/www.fcgueugnon.fr\/site\/wp-content\/uploads\/2022\/08\/Affiche-FC-Gueugnon-Morteau-Montlebon-1320x1867.jpg 1320w, https:\/\/www.fcgueugnon.fr\/site\/wp-content\/uploads\/2022\/08\/Affiche-FC-Gueugnon-Morteau-Montlebon-600x849.jpg 600w, https:\/\/www.fcgueugnon.fr\/site\/wp-content\/uploads\/2022\/08\/Affiche-FC-Gueugnon-Morteau-Montlebon.jpg 1448w\" sizes=\"auto, (max-width: 724px) 100vw, 724px\" \/><\/div><\/div><div class=\"wp-block-getwid-image-box__content\">\n<h3 class=\"wp-block-heading\"><\/h3>\n\n\n\n<p><\/p>\n<\/div><\/div>\n\n\n\n<div style=\"height:70px\" aria-hidden=\"true\" class=\"wp-block-spacer\"><\/div>\n\n\n\n<h3 class=\"wp-block-heading\">\ud83c\udd9a <em><strong>L&rsquo;adversaire <\/strong><\/em><\/h3>\n\n\n\n<p>Revoici le <strong>FC Morteau-Montlebon<\/strong> que les forgerons avaient battus 2-0 en octobre dernier en <strong>Coupe de France <\/strong>(<a href=\"https:\/\/www.fcgueugnon.fr\/site\/cdf-6e-tour-morteau-montlebon-fc-gueugnon-resultat-reactions-et-resume\/1849\" target=\"_blank\" rel=\"noreferrer noopener\">relire apr\u00e8s-match<\/a>) \u00e0 l\u2019issue d&rsquo;une ouverture du score rapide et d&rsquo;une prestation aboutie. L&rsquo;\u00e9quipe de <strong>S\u00e9bastien Mazzotti<\/strong> qui \u00e9tait pass\u00e9e tout pr\u00e8s de la rel\u00e9gation la saison derni\u00e8re avec une 12e et premi\u00e8re place non rel\u00e9gable aura su rebondir depuis avec 2 victoires, 3 nuls et seulement 1 d\u00e9faite. <\/p>\n\n\n\n<p>Pour son match de reprise avanc\u00e9 samedi dernier contre la r\u00e9serve du <strong>DFCO<\/strong>, actuel 2e au classement, le <strong>FCMM <\/strong>\u00e9tait priv\u00e9 de quelques titulaires mais s\u2019\u00e9tait pr\u00e9par\u00e9 ! Et comme cela a \u00e9t\u00e9 le cas face aux \u00e9quipes du haut de tableau puisque ni <strong>Pontarlier <\/strong>(1er), ni <strong>M\u00e2con <\/strong>(3e) et pas plus que<strong> Jura Dolois<\/strong> (4e) n\u2019avaient r\u00e9ussi \u00e0 faire plier les mortuaciens, les 2 \u00e9quipes ont d\u00fb se contenter du partage des points (0-0).<\/p>\n\n\n\n<p>Avec ce point suppl\u00e9mentaire, <strong>Morteau <\/strong>(5V\/3N\/2D &#8211; 14 points) remonte \u00e0 une 9e place synonyme de sortie du groupe des 5 rel\u00e9gables&#8230; et compte encore un match en retard face au Besan\u00e7on Foot. Le club qui occupe \u00e9galement la 3e place au classement des d\u00e9fenses reste une \u00e9quipe solide et avide de points ! <\/p>\n\n\n\n<p>Site internet de Morteau-Montlebon : <a href=\"https:\/\/fcmorteaumontlebon.com\/\" target=\"_blank\" rel=\"noreferrer noopener\">fcmorteaumontlebon.com<\/a><\/p>\n\n\n\n<div style=\"height:70px\" aria-hidden=\"true\" class=\"wp-block-spacer\"><\/div>\n\n\n\n<h3 class=\"wp-block-heading\">\ud83d\udce3 <em><strong>La d\u00e9cla&rsquo;<\/strong><\/em><\/h3>\n\n\n\n<blockquote class=\"wp-block-quote is-style-default is-layout-flow wp-block-quote-is-layout-flow\">\n<p class=\"has-x-large-font-size\">\u00ab <em>On va tomber sur une \u00e9quipe qui devrait jouer bloc bas et qui a quelques \u00e9l\u00e9ments devant qui risquent de nous poser probl\u00e8me. On n\u2019a pas le droit de se poser trop de questions sur ce match l\u00e0.<\/em>\u00a0\u00bb<\/p>\n<cite><strong><em>Guy CLOPIN (dirigeant dont c&rsquo;est l&rsquo;anniversaire ce samedi 14\/01)<\/em><\/strong><\/cite><\/blockquote>\n\n\n\n<div style=\"height:70px\" aria-hidden=\"true\" class=\"wp-block-spacer\"><\/div>\n\n\n\n<h3 class=\"wp-block-heading\">\ud83d\udfe1\ud83d\udd35 <em><strong>Le FC Gueugnon<\/strong><\/em><\/h3>\n\n\n\n<p>L\u2019heure de la reprise a sonn\u00e9 depuis le 2 janvier pour le <strong>FC Gueugnon<\/strong> ! Apr\u00e8s un d\u00e9but de saison \u00ab <em>inexplicable <\/em>\u00bb pour le directeur sportif <strong>Richard Trivino<\/strong> qui poursuit dans <a href=\"https:\/\/www.fcgueugnon.fr\/site\/interview-le-bilan-a-la-mi-saison-de-richard-trivino\/2819\" target=\"_blank\" rel=\"noreferrer noopener\">son bilan de mi-saison (lire l&rsquo;article)<\/a> : \u00ab <em>Selon moi, nous avons le plus gros effectif depuis que nous sommes en National 3. [\u2026] Pour le moment, le classement ne me donne pas raison, mais nous avons \u00e0 disposition un groupe en or. Les joueurs m\u00e9ritent beaucoup plus que cela.<\/em> \u00bb.<\/p>\n\n\n\n<p>Les jaunes et bleus se sont remis dans le bain samedi dernier en affrontant le club de <strong>Rumilly (N3)<\/strong>, 2e de son groupe, en l&#8217;emportant 1-0 sur une but <strong>Nils Bouekou<\/strong>. Une grosse revue d&rsquo;effectif avec pas moins de 20 joueurs diff\u00e9rents align\u00e9s et une prestation qui laisse \u00e0 dire \u00e0 <strong>Guy Clopin <\/strong>l&rsquo;analyse suivante : \u00ab <em>Ce fut un bon match de reprise sur le plan de l\u2019engagement, sur le plan collectif ou la simplicit\u00e9 dans le jeu qui a parfois \u00e9t\u00e9 un d\u00e9faut jusque-l\u00e0. Notons un bon \u00e9tat d\u2019esprit et un bon match de reprise face \u00e0 une belle \u00e9quipe de Rumilly.\u00a0<\/em>.<\/p>\n\n\n\n<p>Paradoxalement, le FCG n\u2019a connu, pour l&rsquo;instant, que des d\u00e9faites \u00e0 l\u2019ext\u00e9rieur cette saison \u00e0 l&rsquo;exception de <strong>Morteau-Montlebon<\/strong> en Coupe de France ! Le retour aux affaires passe par de bonnes r\u00e9solutions \u00e0 domicile avec pour seul mot d\u2019ordre la victoire ! Et pour cela, \u00ab\u00a0<em>il nous manque juste ce petit d\u00e9clic pour reprendre confiance<\/em>\u00a0\u00bb dixit\u00a0<strong>Richard Trivino<\/strong>&#8230;.<\/p>\n\n\n\n<div style=\"height:70px\" aria-hidden=\"true\" class=\"wp-block-spacer\"><\/div>\n\n\n\n<hr class=\"wp-block-separator has-text-color has-css-opacity has-background is-style-default\" style=\"background-color:#f7db4a;color:#f7db4a\"\/>\n\n\n\n<h3 class=\"wp-block-heading\">\ud83d\udccd <strong><em>Les infos pratiques<\/em><\/strong><\/h3>\n\n\n\n<h2 class=\"wp-block-heading\">Billetterie<\/h2>\n\n\n\n<div class=\"wp-block-media-text alignwide is-stacked-on-mobile is-vertically-aligned-center is-style-default\" style=\"grid-template-columns:49% auto\"><figure class=\"wp-block-media-text__media\"><img loading=\"lazy\" decoding=\"async\" width=\"1024\" height=\"768\" src=\"https:\/\/www.fcgueugnon.fr\/site\/wp-content\/uploads\/2022\/08\/entree-billetterie-stade-jean-laville-sous-la-tribune-ouest-1024x768.jpg\" alt=\"\" class=\"wp-image-951 size-full\" srcset=\"https:\/\/www.fcgueugnon.fr\/site\/wp-content\/uploads\/2022\/08\/entree-billetterie-stade-jean-laville-sous-la-tribune-ouest-1024x768.jpg 1024w, https:\/\/www.fcgueugnon.fr\/site\/wp-content\/uploads\/2022\/08\/entree-billetterie-stade-jean-laville-sous-la-tribune-ouest-400x300.jpg 400w, https:\/\/www.fcgueugnon.fr\/site\/wp-content\/uploads\/2022\/08\/entree-billetterie-stade-jean-laville-sous-la-tribune-ouest-768x576.jpg 768w, https:\/\/www.fcgueugnon.fr\/site\/wp-content\/uploads\/2022\/08\/entree-billetterie-stade-jean-laville-sous-la-tribune-ouest-1536x1152.jpg 1536w, https:\/\/www.fcgueugnon.fr\/site\/wp-content\/uploads\/2022\/08\/entree-billetterie-stade-jean-laville-sous-la-tribune-ouest-2048x1536.jpg 2048w, https:\/\/www.fcgueugnon.fr\/site\/wp-content\/uploads\/2022\/08\/entree-billetterie-stade-jean-laville-sous-la-tribune-ouest-1320x990.jpg 1320w\" sizes=\"auto, (max-width: 1024px) 100vw, 1024px\" \/><\/figure><div class=\"wp-block-media-text__content\">\n<p><br><em>Rendez-vous sous la<strong> tribune Ouest <\/strong>pour acc\u00e9der au guichet Billetterie puis dans l&rsquo;angle des tribunes Nord et Ouest (c\u00f4t\u00e9 piscine) pour acc\u00e9der au stade.<\/em><\/p>\n<\/div><\/div>\n\n\n\n<div class=\"wp-block-media-text alignwide has-media-on-the-right is-stacked-on-mobile is-vertically-aligned-center is-style-default\" style=\"grid-template-columns:auto 49%\"><div class=\"wp-block-media-text__content\">\n<h2 class=\"wp-block-heading\">Tarifs<\/h2>\n\n\n\n<ul class=\"wp-block-list\">\n<li><strong>Gratuits <\/strong>: licenci\u00e9s FC Gueugnon, -16ans (sur pr\u00e9sentation d\u2019un justificatif ou carte)<\/li>\n\n\n\n<li><strong>Tarif r\u00e9duit : 4\u20ac<\/strong> \u2013 \u00c9tudiants, Demandeurs d\u2019emploi (sur pr\u00e9sentation d\u2019un justificatif ou carte)<\/li>\n\n\n\n<li><strong>Plein-tarif : 7\u20ac<\/strong><\/li>\n<\/ul>\n\n\n\n<div style=\"height:10px\" aria-hidden=\"true\" class=\"wp-block-spacer\"><\/div>\n\n\n\n<p><\/p>\n<\/div><figure class=\"wp-block-media-text__media\"><img loading=\"lazy\" decoding=\"async\" width=\"1024\" height=\"768\" src=\"https:\/\/www.fcgueugnon.fr\/site\/wp-content\/uploads\/2022\/07\/billetterie-sous-la-tribune-ouest-d-FCGueugnon-a-Jean-Laville-1024x768.jpg\" alt=\"\" class=\"wp-image-63 size-full\" srcset=\"https:\/\/www.fcgueugnon.fr\/site\/wp-content\/uploads\/2022\/07\/billetterie-sous-la-tribune-ouest-d-FCGueugnon-a-Jean-Laville-1024x768.jpg 1024w, https:\/\/www.fcgueugnon.fr\/site\/wp-content\/uploads\/2022\/07\/billetterie-sous-la-tribune-ouest-d-FCGueugnon-a-Jean-Laville-400x300.jpg 400w, https:\/\/www.fcgueugnon.fr\/site\/wp-content\/uploads\/2022\/07\/billetterie-sous-la-tribune-ouest-d-FCGueugnon-a-Jean-Laville-768x576.jpg 768w, https:\/\/www.fcgueugnon.fr\/site\/wp-content\/uploads\/2022\/07\/billetterie-sous-la-tribune-ouest-d-FCGueugnon-a-Jean-Laville-1536x1152.jpg 1536w, https:\/\/www.fcgueugnon.fr\/site\/wp-content\/uploads\/2022\/07\/billetterie-sous-la-tribune-ouest-d-FCGueugnon-a-Jean-Laville-2048x1536.jpg 2048w\" sizes=\"auto, (max-width: 1024px) 100vw, 1024px\" \/><\/figure><\/div>\n\n\n\n<div class=\"wp-block-media-text alignwide is-stacked-on-mobile is-vertically-aligned-center is-style-default\" style=\"grid-template-columns:49% auto\"><figure class=\"wp-block-media-text__media\"><img loading=\"lazy\" decoding=\"async\" width=\"1024\" height=\"538\" src=\"https:\/\/www.fcgueugnon.fr\/site\/wp-content\/uploads\/2022\/08\/post-facebook-FCG-1024x538.png\" alt=\"\" class=\"wp-image-930 size-full\" srcset=\"https:\/\/www.fcgueugnon.fr\/site\/wp-content\/uploads\/2022\/08\/post-facebook-FCG-1024x538.png 1024w, https:\/\/www.fcgueugnon.fr\/site\/wp-content\/uploads\/2022\/08\/post-facebook-FCG-400x210.png 400w, https:\/\/www.fcgueugnon.fr\/site\/wp-content\/uploads\/2022\/08\/post-facebook-FCG-768x403.png 768w, https:\/\/www.fcgueugnon.fr\/site\/wp-content\/uploads\/2022\/08\/post-facebook-FCG.png 1200w\" sizes=\"auto, (max-width: 1024px) 100vw, 1024px\" \/><\/figure><div class=\"wp-block-media-text__content\">\n<h2 class=\"wp-block-heading\">C&rsquo;est en covoiturant qu&rsquo;on devient Forgeron ! <\/h2>\n\n\n\n<div style=\"height:10px\" aria-hidden=\"true\" class=\"wp-block-spacer\"><\/div>\n\n\n\n<p><strong>Rendez-vous sur l&rsquo;application et le site internet de StadiumGO pour proposer et trouver votre trajet pour vous rendre \u00e0 Gueugnon !<\/strong><\/p>\n\n\n\n<div class=\"wp-block-buttons is-layout-flex wp-block-buttons-is-layout-flex\">\n<div class=\"wp-block-button aligncenter is-style-circular\"><a class=\"wp-block-button__link wp-element-button\" href=\"https:\/\/www.stadiumgo.fr\/liste-matchs?search=1&amp;club=gueugnon&amp;league=\">StadiumGO<\/a><\/div>\n<\/div>\n<\/div><\/div>\n\n\n\n<div style=\"height:10px\" aria-hidden=\"true\" class=\"wp-block-spacer\"><\/div>\n\n\n\n<div style=\"height:25px\" aria-hidden=\"true\" class=\"wp-block-spacer\"><\/div>\n\n\n\n<p>\u2139\ufe0f <em><a href=\"https:\/\/www.fcgueugnon.fr\/site\/infos-pratiques\" target=\"_blank\" rel=\"noreferrer noopener\"><span style=\"text-decoration: underline;\">Acc\u00e8s au stade, buvette, PMR&#8230; Toutes les infos pratiques sur ce lien<\/span><\/a><\/em><\/p>\n\n\n\n<div style=\"height:70px\" aria-hidden=\"true\" class=\"wp-block-spacer\"><\/div>\n\n\n\n<hr class=\"wp-block-separator has-text-color has-css-opacity has-background is-style-default\" style=\"background-color:#f7db4a;color:#f7db4a\"\/>\n\n\n\n<h3 class=\"wp-block-heading\">\u26bd <strong><em>La fiche<\/em><\/strong><\/h3>\n\n\n\n<h4 class=\"wp-block-heading\"><b>NIVEAU NATIONAL : F\u00c9D\u00c9RATION\u00a0FRAN\u00c7AISE\u00a0DE FOOTBALL<\/b><br><strong><b>NATIONAL 3 &#8211; J12<\/b><\/strong><br>Samedi 14 Janvier 2022 &#8211; 18H00<br>FC GUEUGNON \/ FC MORTEAU-MONTLEBON<\/h4>\n\n\n\n<p><strong>TERRAIN<\/strong><br>Stade Jean Laville<br>Rue Roger Couderc<br>71130 Gueugnon<\/p>\n\n\n\n<p><strong>SURFACE DE JEU<\/strong><br>Pelouse naturelle<\/p>\n\n\n\n<p><strong>OFFICIELS<\/strong><br>Arbitre centre : PIERRE MARIE BROBECK<br>Arbitre assistant 1 : CEDRIC JUNG<br>Arbitre assistant 2 : ROMAIN GARNIER<br>D\u00e9l\u00e9gu\u00e9 principal : GILLES RONDEAU<br>D\u00e9l\u00e9gu\u00e9 accompagnateur : FRANCK MOSCATO<br>Observateur principal : CHRISTOPHE SIMON<\/p>\n\n\n\n<div style=\"height:50px\" aria-hidden=\"true\" class=\"wp-block-spacer\"><\/div>\n\n\n\n<h3 class=\"wp-block-heading\"><strong>Groupe<\/strong><br>A suivre apr\u00e8s le dernier entrainement<\/h3>\n\n\n\n<div style=\"height:50px\" aria-hidden=\"true\" class=\"wp-block-spacer\"><\/div>\n\n\n\n<h3 class=\"wp-block-heading\">\ud83d\uddd3 <strong>La 12e journ\u00e9e de National 3<\/strong><\/h3>\n\n\n\n<p>Samedi 14 Janvier 2023<br>18:00 : CA Pontarlier &#8211; AS Quetigny <br>18:00 : FC Gueugnon &#8211; Morteau-Montlebon<br>18:00 : Jura Dolois &#8211; US Cosne<\/p>\n\n\n\n<p>Dimanche 15 D\u00e9cembre 2023<br>14:30 : Sochaux-Montb\u00e9liard B &#8211; St Apollinaire<br>14:30 : Besan\u00e7on Foot &#8211; UF M\u00e2con<br>14:30 : Dijon FCO B &#8211; Montceau Bourg.<br>14:30 : Is-Selongey &#8211; FC Granvillars<\/p>\n\n\n\n<div style=\"height:100px\" aria-hidden=\"true\" class=\"wp-block-spacer\"><\/div>\n","protected":false},"excerpt":{"rendered":"<p>Nouvelle ann\u00e9e pour nos forgerons qui d\u00e9butent ce samedi dans leur antre de Jean Laville avec la r\u00e9ception du FC Morteau-Montlebon. \ud83c\udd9a L&rsquo;adversaire Revoici le FC Morteau-Montlebon que les forgerons avaient battus 2-0 en octobre dernier en Coupe de France (relire apr\u00e8s-match) \u00e0 l\u2019issue d&rsquo;une ouverture du score rapide et d&rsquo;une prestation aboutie. L&rsquo;\u00e9quipe de &#8230; <\/p>\n<p class=\"read-more-container\"><a title=\"[N3 J12 : FC Gueugnon \u2013 Morteau-Montlebon] Les bonnes r\u00e9solutions des forgerons d\u00e9marrent d\u00e8s ce samedi \u00e0 Jean Laville !\" class=\"read-more button\" href=\"https:\/\/www.fcgueugnon.fr\/site\/n3-j12-fc-gueugnon-morteau-montlebon-les-bonnes-resolutions-des-forgerons-demarrent-des-ce-samedi-a-jean-laville\/2880#more-2880\" aria-label=\"Plus sur [N3 J12 : FC Gueugnon \u2013 Morteau-Montlebon] Les bonnes r\u00e9solutions des forgerons d\u00e9marrent d\u00e8s ce samedi \u00e0 Jean Laville !\">Lire la suite<\/a><\/p>\n","protected":false},"author":1,"featured_media":2885,"comment_status":"closed","ping_status":"closed","sticky":false,"template":"","format":"standard","meta":{"footnotes":""},"categories":[5,4],"tags":[28],"class_list":["post-2880","post","type-post","status-publish","format-standard","has-post-thumbnail","hentry","category-news-2022-2023","category-news","tag-avant-match","infinite-scroll-item","generate-columns","tablet-grid-50","mobile-grid-100","grid-parent","grid-25","resize-featured-image"],"yoast_head":"<!-- This site is optimized with the Yoast SEO plugin v26.6 - https:\/\/yoast.com\/wordpress\/plugins\/seo\/ -->\n<title>[N3 J12 : FC Gueugnon \u2013 Morteau-Montlebon] Les bonnes r\u00e9solutions des forgerons d\u00e9marrent d\u00e8s ce samedi \u00e0 Jean Laville ! &#8226; FOOTBALL CLUB GUEUGNON<\/title>\n<meta name=\"robots\" content=\"index, follow, max-snippet:-1, max-image-preview:large, max-video-preview:-1\" \/>\n<link rel=\"canonical\" href=\"https:\/\/www.fcgueugnon.fr\/site\/n3-j12-fc-gueugnon-morteau-montlebon-les-bonnes-resolutions-des-forgerons-demarrent-des-ce-samedi-a-jean-laville\/2880\" \/>\n<meta property=\"og:locale\" content=\"fr_FR\" \/>\n<meta property=\"og:type\" content=\"article\" \/>\n<meta property=\"og:title\" content=\"[N3 J12 : FC Gueugnon \u2013 Morteau-Montlebon] Les bonnes r\u00e9solutions des forgerons d\u00e9marrent d\u00e8s ce samedi \u00e0 Jean Laville ! &#8226; FOOTBALL CLUB GUEUGNON\" \/>\n<meta property=\"og:description\" content=\"Nouvelle ann\u00e9e pour nos forgerons qui d\u00e9butent ce samedi dans leur antre de Jean Laville avec la r\u00e9ception du FC Morteau-Montlebon. \ud83c\udd9a L&rsquo;adversaire Revoici le FC Morteau-Montlebon que les forgerons avaient battus 2-0 en octobre dernier en Coupe de France (relire apr\u00e8s-match) \u00e0 l\u2019issue d&rsquo;une ouverture du score rapide et d&rsquo;une prestation aboutie. L&rsquo;\u00e9quipe de ... Lire la suite\" \/>\n<meta property=\"og:url\" content=\"https:\/\/www.fcgueugnon.fr\/site\/n3-j12-fc-gueugnon-morteau-montlebon-les-bonnes-resolutions-des-forgerons-demarrent-des-ce-samedi-a-jean-laville\/2880\" \/>\n<meta property=\"og:site_name\" content=\"FOOTBALL CLUB GUEUGNON\" \/>\n<meta property=\"article:publisher\" content=\"http:\/\/facebook.com\/FCGueugnon\" \/>\n<meta property=\"article:published_time\" content=\"2023-01-13T08:01:00+00:00\" \/>\n<meta property=\"article:modified_time\" content=\"2024-02-21T20:44:40+00:00\" \/>\n<meta property=\"og:image\" content=\"https:\/\/www.fcgueugnon.fr\/site\/wp-content\/uploads\/2023\/01\/avant-mtch-fc-gueugnon-morteau-montlebon-1024x576.png\" \/>\n\t<meta property=\"og:image:width\" content=\"1024\" \/>\n\t<meta property=\"og:image:height\" content=\"576\" \/>\n\t<meta property=\"og:image:type\" content=\"image\/png\" \/>\n<meta name=\"author\" content=\"FC Gueugnon\" \/>\n<meta name=\"twitter:card\" content=\"summary_large_image\" \/>\n<meta name=\"twitter:creator\" content=\"@FCGueugnon_off\" \/>\n<meta name=\"twitter:site\" content=\"@FCGueugnon_off\" \/>\n<meta name=\"twitter:label1\" content=\"\u00c9crit par\" \/>\n\t<meta name=\"twitter:data1\" content=\"FC Gueugnon\" \/>\n\t<meta name=\"twitter:label2\" content=\"Dur\u00e9e de lecture estim\u00e9e\" \/>\n\t<meta name=\"twitter:data2\" content=\"5 minutes\" \/>\n<script type=\"application\/ld+json\" class=\"yoast-schema-graph\">{\"@context\":\"https:\/\/schema.org\",\"@graph\":[{\"@type\":\"Article\",\"@id\":\"https:\/\/www.fcgueugnon.fr\/site\/n3-j12-fc-gueugnon-morteau-montlebon-les-bonnes-resolutions-des-forgerons-demarrent-des-ce-samedi-a-jean-laville\/2880#article\",\"isPartOf\":{\"@id\":\"https:\/\/www.fcgueugnon.fr\/site\/n3-j12-fc-gueugnon-morteau-montlebon-les-bonnes-resolutions-des-forgerons-demarrent-des-ce-samedi-a-jean-laville\/2880\"},\"author\":{\"name\":\"FC Gueugnon\",\"@id\":\"https:\/\/www.fcgueugnon.fr\/site\/#\/schema\/person\/f6444fbdd35fa731ee974c03508738fb\"},\"headline\":\"[N3 J12 : FC Gueugnon \u2013 Morteau-Montlebon] Les bonnes r\u00e9solutions des forgerons d\u00e9marrent d\u00e8s ce samedi \u00e0 Jean Laville !\",\"datePublished\":\"2023-01-13T08:01:00+00:00\",\"dateModified\":\"2024-02-21T20:44:40+00:00\",\"mainEntityOfPage\":{\"@id\":\"https:\/\/www.fcgueugnon.fr\/site\/n3-j12-fc-gueugnon-morteau-montlebon-les-bonnes-resolutions-des-forgerons-demarrent-des-ce-samedi-a-jean-laville\/2880\"},\"wordCount\":784,\"publisher\":{\"@id\":\"https:\/\/www.fcgueugnon.fr\/site\/#organization\"},\"image\":{\"@id\":\"https:\/\/www.fcgueugnon.fr\/site\/n3-j12-fc-gueugnon-morteau-montlebon-les-bonnes-resolutions-des-forgerons-demarrent-des-ce-samedi-a-jean-laville\/2880#primaryimage\"},\"thumbnailUrl\":\"https:\/\/www.fcgueugnon.fr\/site\/wp-content\/uploads\/2023\/01\/avant-mtch-fc-gueugnon-morteau-montlebon.png\",\"keywords\":[\"Avant-match\"],\"articleSection\":[\"Archives 2022\/2023\",\"News\"],\"inLanguage\":\"fr-FR\"},{\"@type\":\"WebPage\",\"@id\":\"https:\/\/www.fcgueugnon.fr\/site\/n3-j12-fc-gueugnon-morteau-montlebon-les-bonnes-resolutions-des-forgerons-demarrent-des-ce-samedi-a-jean-laville\/2880\",\"url\":\"https:\/\/www.fcgueugnon.fr\/site\/n3-j12-fc-gueugnon-morteau-montlebon-les-bonnes-resolutions-des-forgerons-demarrent-des-ce-samedi-a-jean-laville\/2880\",\"name\":\"[N3 J12 : FC Gueugnon \u2013 Morteau-Montlebon] Les bonnes r\u00e9solutions des forgerons d\u00e9marrent d\u00e8s ce samedi \u00e0 Jean Laville ! &#8226; FOOTBALL CLUB GUEUGNON\",\"isPartOf\":{\"@id\":\"https:\/\/www.fcgueugnon.fr\/site\/#website\"},\"primaryImageOfPage\":{\"@id\":\"https:\/\/www.fcgueugnon.fr\/site\/n3-j12-fc-gueugnon-morteau-montlebon-les-bonnes-resolutions-des-forgerons-demarrent-des-ce-samedi-a-jean-laville\/2880#primaryimage\"},\"image\":{\"@id\":\"https:\/\/www.fcgueugnon.fr\/site\/n3-j12-fc-gueugnon-morteau-montlebon-les-bonnes-resolutions-des-forgerons-demarrent-des-ce-samedi-a-jean-laville\/2880#primaryimage\"},\"thumbnailUrl\":\"https:\/\/www.fcgueugnon.fr\/site\/wp-content\/uploads\/2023\/01\/avant-mtch-fc-gueugnon-morteau-montlebon.png\",\"datePublished\":\"2023-01-13T08:01:00+00:00\",\"dateModified\":\"2024-02-21T20:44:40+00:00\",\"breadcrumb\":{\"@id\":\"https:\/\/www.fcgueugnon.fr\/site\/n3-j12-fc-gueugnon-morteau-montlebon-les-bonnes-resolutions-des-forgerons-demarrent-des-ce-samedi-a-jean-laville\/2880#breadcrumb\"},\"inLanguage\":\"fr-FR\",\"potentialAction\":[{\"@type\":\"ReadAction\",\"target\":[\"https:\/\/www.fcgueugnon.fr\/site\/n3-j12-fc-gueugnon-morteau-montlebon-les-bonnes-resolutions-des-forgerons-demarrent-des-ce-samedi-a-jean-laville\/2880\"]}]},{\"@type\":\"ImageObject\",\"inLanguage\":\"fr-FR\",\"@id\":\"https:\/\/www.fcgueugnon.fr\/site\/n3-j12-fc-gueugnon-morteau-montlebon-les-bonnes-resolutions-des-forgerons-demarrent-des-ce-samedi-a-jean-laville\/2880#primaryimage\",\"url\":\"https:\/\/www.fcgueugnon.fr\/site\/wp-content\/uploads\/2023\/01\/avant-mtch-fc-gueugnon-morteau-montlebon.png\",\"contentUrl\":\"https:\/\/www.fcgueugnon.fr\/site\/wp-content\/uploads\/2023\/01\/avant-mtch-fc-gueugnon-morteau-montlebon.png\",\"width\":1920,\"height\":1080},{\"@type\":\"BreadcrumbList\",\"@id\":\"https:\/\/www.fcgueugnon.fr\/site\/n3-j12-fc-gueugnon-morteau-montlebon-les-bonnes-resolutions-des-forgerons-demarrent-des-ce-samedi-a-jean-laville\/2880#breadcrumb\",\"itemListElement\":[{\"@type\":\"ListItem\",\"position\":1,\"name\":\"Accueil\",\"item\":\"https:\/\/www.fcgueugnon.fr\/site\/\"},{\"@type\":\"ListItem\",\"position\":2,\"name\":\"[N3 J12 : FC Gueugnon \u2013 Morteau-Montlebon] Les bonnes r\u00e9solutions des forgerons d\u00e9marrent d\u00e8s ce samedi \u00e0 Jean Laville !\"}]},{\"@type\":\"WebSite\",\"@id\":\"https:\/\/www.fcgueugnon.fr\/site\/#website\",\"url\":\"https:\/\/www.fcgueugnon.fr\/site\/\",\"name\":\"FOOTBALL CLUB GUEUGNON\",\"description\":\"Le Site Officiel des Forgerons\",\"publisher\":{\"@id\":\"https:\/\/www.fcgueugnon.fr\/site\/#organization\"},\"potentialAction\":[{\"@type\":\"SearchAction\",\"target\":{\"@type\":\"EntryPoint\",\"urlTemplate\":\"https:\/\/www.fcgueugnon.fr\/site\/?s={search_term_string}\"},\"query-input\":{\"@type\":\"PropertyValueSpecification\",\"valueRequired\":true,\"valueName\":\"search_term_string\"}}],\"inLanguage\":\"fr-FR\"},{\"@type\":\"Organization\",\"@id\":\"https:\/\/www.fcgueugnon.fr\/site\/#organization\",\"name\":\"FC Gueugnon\",\"url\":\"https:\/\/www.fcgueugnon.fr\/site\/\",\"logo\":{\"@type\":\"ImageObject\",\"inLanguage\":\"fr-FR\",\"@id\":\"https:\/\/www.fcgueugnon.fr\/site\/#\/schema\/logo\/image\/\",\"url\":\"https:\/\/www.fcgueugnon.fr\/site\/wp-content\/uploads\/2022\/07\/cropped-Logo-FCGUEUGNON-low-350x350-1.png\",\"contentUrl\":\"https:\/\/www.fcgueugnon.fr\/site\/wp-content\/uploads\/2022\/07\/cropped-Logo-FCGUEUGNON-low-350x350-1.png\",\"width\":350,\"height\":350,\"caption\":\"FC Gueugnon\"},\"image\":{\"@id\":\"https:\/\/www.fcgueugnon.fr\/site\/#\/schema\/logo\/image\/\"},\"sameAs\":[\"http:\/\/facebook.com\/FCGueugnon\",\"https:\/\/x.com\/FCGueugnon_off\",\"https:\/\/www.instagram.com\/fcgueugnon\/\",\"https:\/\/www.linkedin.com\/company\/football-club-de-gueugnon\/\",\"https:\/\/www.youtube.com\/user\/FCGueugnonnais\",\"https:\/\/fr.wikipedia.org\/wiki\/Football_Club_de_Gueugnon\"]},{\"@type\":\"Person\",\"@id\":\"https:\/\/www.fcgueugnon.fr\/site\/#\/schema\/person\/f6444fbdd35fa731ee974c03508738fb\",\"name\":\"FC Gueugnon\",\"sameAs\":[\"https:\/\/www.fcgueugnon.fr\/site\"],\"url\":\"https:\/\/www.fcgueugnon.fr\/site\/author\/admin-antho\"}]}<\/script>\n<!-- \/ Yoast SEO plugin. -->","yoast_head_json":{"title":"[N3 J12 : FC Gueugnon \u2013 Morteau-Montlebon] Les bonnes r\u00e9solutions des forgerons d\u00e9marrent d\u00e8s ce samedi \u00e0 Jean Laville ! &#8226; FOOTBALL CLUB GUEUGNON","robots":{"index":"index","follow":"follow","max-snippet":"max-snippet:-1","max-image-preview":"max-image-preview:large","max-video-preview":"max-video-preview:-1"},"canonical":"https:\/\/www.fcgueugnon.fr\/site\/n3-j12-fc-gueugnon-morteau-montlebon-les-bonnes-resolutions-des-forgerons-demarrent-des-ce-samedi-a-jean-laville\/2880","og_locale":"fr_FR","og_type":"article","og_title":"[N3 J12 : FC Gueugnon \u2013 Morteau-Montlebon] Les bonnes r\u00e9solutions des forgerons d\u00e9marrent d\u00e8s ce samedi \u00e0 Jean Laville ! &#8226; FOOTBALL CLUB GUEUGNON","og_description":"Nouvelle ann\u00e9e pour nos forgerons qui d\u00e9butent ce samedi dans leur antre de Jean Laville avec la r\u00e9ception du FC Morteau-Montlebon. \ud83c\udd9a L&rsquo;adversaire Revoici le FC Morteau-Montlebon que les forgerons avaient battus 2-0 en octobre dernier en Coupe de France (relire apr\u00e8s-match) \u00e0 l\u2019issue d&rsquo;une ouverture du score rapide et d&rsquo;une prestation aboutie. L&rsquo;\u00e9quipe de ... Lire la suite","og_url":"https:\/\/www.fcgueugnon.fr\/site\/n3-j12-fc-gueugnon-morteau-montlebon-les-bonnes-resolutions-des-forgerons-demarrent-des-ce-samedi-a-jean-laville\/2880","og_site_name":"FOOTBALL CLUB GUEUGNON","article_publisher":"http:\/\/facebook.com\/FCGueugnon","article_published_time":"2023-01-13T08:01:00+00:00","article_modified_time":"2024-02-21T20:44:40+00:00","og_image":[{"width":1024,"height":576,"url":"https:\/\/www.fcgueugnon.fr\/site\/wp-content\/uploads\/2023\/01\/avant-mtch-fc-gueugnon-morteau-montlebon-1024x576.png","type":"image\/png"}],"author":"FC Gueugnon","twitter_card":"summary_large_image","twitter_creator":"@FCGueugnon_off","twitter_site":"@FCGueugnon_off","twitter_misc":{"\u00c9crit par":"FC Gueugnon","Dur\u00e9e de lecture estim\u00e9e":"5 minutes"},"schema":{"@context":"https:\/\/schema.org","@graph":[{"@type":"Article","@id":"https:\/\/www.fcgueugnon.fr\/site\/n3-j12-fc-gueugnon-morteau-montlebon-les-bonnes-resolutions-des-forgerons-demarrent-des-ce-samedi-a-jean-laville\/2880#article","isPartOf":{"@id":"https:\/\/www.fcgueugnon.fr\/site\/n3-j12-fc-gueugnon-morteau-montlebon-les-bonnes-resolutions-des-forgerons-demarrent-des-ce-samedi-a-jean-laville\/2880"},"author":{"name":"FC Gueugnon","@id":"https:\/\/www.fcgueugnon.fr\/site\/#\/schema\/person\/f6444fbdd35fa731ee974c03508738fb"},"headline":"[N3 J12 : FC Gueugnon \u2013 Morteau-Montlebon] Les bonnes r\u00e9solutions des forgerons d\u00e9marrent d\u00e8s ce samedi \u00e0 Jean Laville !","datePublished":"2023-01-13T08:01:00+00:00","dateModified":"2024-02-21T20:44:40+00:00","mainEntityOfPage":{"@id":"https:\/\/www.fcgueugnon.fr\/site\/n3-j12-fc-gueugnon-morteau-montlebon-les-bonnes-resolutions-des-forgerons-demarrent-des-ce-samedi-a-jean-laville\/2880"},"wordCount":784,"publisher":{"@id":"https:\/\/www.fcgueugnon.fr\/site\/#organization"},"image":{"@id":"https:\/\/www.fcgueugnon.fr\/site\/n3-j12-fc-gueugnon-morteau-montlebon-les-bonnes-resolutions-des-forgerons-demarrent-des-ce-samedi-a-jean-laville\/2880#primaryimage"},"thumbnailUrl":"https:\/\/www.fcgueugnon.fr\/site\/wp-content\/uploads\/2023\/01\/avant-mtch-fc-gueugnon-morteau-montlebon.png","keywords":["Avant-match"],"articleSection":["Archives 2022\/2023","News"],"inLanguage":"fr-FR"},{"@type":"WebPage","@id":"https:\/\/www.fcgueugnon.fr\/site\/n3-j12-fc-gueugnon-morteau-montlebon-les-bonnes-resolutions-des-forgerons-demarrent-des-ce-samedi-a-jean-laville\/2880","url":"https:\/\/www.fcgueugnon.fr\/site\/n3-j12-fc-gueugnon-morteau-montlebon-les-bonnes-resolutions-des-forgerons-demarrent-des-ce-samedi-a-jean-laville\/2880","name":"[N3 J12 : FC Gueugnon \u2013 Morteau-Montlebon] Les bonnes r\u00e9solutions des forgerons d\u00e9marrent d\u00e8s ce samedi \u00e0 Jean Laville ! &#8226; FOOTBALL CLUB GUEUGNON","isPartOf":{"@id":"https:\/\/www.fcgueugnon.fr\/site\/#website"},"primaryImageOfPage":{"@id":"https:\/\/www.fcgueugnon.fr\/site\/n3-j12-fc-gueugnon-morteau-montlebon-les-bonnes-resolutions-des-forgerons-demarrent-des-ce-samedi-a-jean-laville\/2880#primaryimage"},"image":{"@id":"https:\/\/www.fcgueugnon.fr\/site\/n3-j12-fc-gueugnon-morteau-montlebon-les-bonnes-resolutions-des-forgerons-demarrent-des-ce-samedi-a-jean-laville\/2880#primaryimage"},"thumbnailUrl":"https:\/\/www.fcgueugnon.fr\/site\/wp-content\/uploads\/2023\/01\/avant-mtch-fc-gueugnon-morteau-montlebon.png","datePublished":"2023-01-13T08:01:00+00:00","dateModified":"2024-02-21T20:44:40+00:00","breadcrumb":{"@id":"https:\/\/www.fcgueugnon.fr\/site\/n3-j12-fc-gueugnon-morteau-montlebon-les-bonnes-resolutions-des-forgerons-demarrent-des-ce-samedi-a-jean-laville\/2880#breadcrumb"},"inLanguage":"fr-FR","potentialAction":[{"@type":"ReadAction","target":["https:\/\/www.fcgueugnon.fr\/site\/n3-j12-fc-gueugnon-morteau-montlebon-les-bonnes-resolutions-des-forgerons-demarrent-des-ce-samedi-a-jean-laville\/2880"]}]},{"@type":"ImageObject","inLanguage":"fr-FR","@id":"https:\/\/www.fcgueugnon.fr\/site\/n3-j12-fc-gueugnon-morteau-montlebon-les-bonnes-resolutions-des-forgerons-demarrent-des-ce-samedi-a-jean-laville\/2880#primaryimage","url":"https:\/\/www.fcgueugnon.fr\/site\/wp-content\/uploads\/2023\/01\/avant-mtch-fc-gueugnon-morteau-montlebon.png","contentUrl":"https:\/\/www.fcgueugnon.fr\/site\/wp-content\/uploads\/2023\/01\/avant-mtch-fc-gueugnon-morteau-montlebon.png","width":1920,"height":1080},{"@type":"BreadcrumbList","@id":"https:\/\/www.fcgueugnon.fr\/site\/n3-j12-fc-gueugnon-morteau-montlebon-les-bonnes-resolutions-des-forgerons-demarrent-des-ce-samedi-a-jean-laville\/2880#breadcrumb","itemListElement":[{"@type":"ListItem","position":1,"name":"Accueil","item":"https:\/\/www.fcgueugnon.fr\/site\/"},{"@type":"ListItem","position":2,"name":"[N3 J12 : FC Gueugnon \u2013 Morteau-Montlebon] Les bonnes r\u00e9solutions des forgerons d\u00e9marrent d\u00e8s ce samedi \u00e0 Jean Laville !"}]},{"@type":"WebSite","@id":"https:\/\/www.fcgueugnon.fr\/site\/#website","url":"https:\/\/www.fcgueugnon.fr\/site\/","name":"FOOTBALL CLUB GUEUGNON","description":"Le Site Officiel des Forgerons","publisher":{"@id":"https:\/\/www.fcgueugnon.fr\/site\/#organization"},"potentialAction":[{"@type":"SearchAction","target":{"@type":"EntryPoint","urlTemplate":"https:\/\/www.fcgueugnon.fr\/site\/?s={search_term_string}"},"query-input":{"@type":"PropertyValueSpecification","valueRequired":true,"valueName":"search_term_string"}}],"inLanguage":"fr-FR"},{"@type":"Organization","@id":"https:\/\/www.fcgueugnon.fr\/site\/#organization","name":"FC Gueugnon","url":"https:\/\/www.fcgueugnon.fr\/site\/","logo":{"@type":"ImageObject","inLanguage":"fr-FR","@id":"https:\/\/www.fcgueugnon.fr\/site\/#\/schema\/logo\/image\/","url":"https:\/\/www.fcgueugnon.fr\/site\/wp-content\/uploads\/2022\/07\/cropped-Logo-FCGUEUGNON-low-350x350-1.png","contentUrl":"https:\/\/www.fcgueugnon.fr\/site\/wp-content\/uploads\/2022\/07\/cropped-Logo-FCGUEUGNON-low-350x350-1.png","width":350,"height":350,"caption":"FC Gueugnon"},"image":{"@id":"https:\/\/www.fcgueugnon.fr\/site\/#\/schema\/logo\/image\/"},"sameAs":["http:\/\/facebook.com\/FCGueugnon","https:\/\/x.com\/FCGueugnon_off","https:\/\/www.instagram.com\/fcgueugnon\/","https:\/\/www.linkedin.com\/company\/football-club-de-gueugnon\/","https:\/\/www.youtube.com\/user\/FCGueugnonnais","https:\/\/fr.wikipedia.org\/wiki\/Football_Club_de_Gueugnon"]},{"@type":"Person","@id":"https:\/\/www.fcgueugnon.fr\/site\/#\/schema\/person\/f6444fbdd35fa731ee974c03508738fb","name":"FC Gueugnon","sameAs":["https:\/\/www.fcgueugnon.fr\/site"],"url":"https:\/\/www.fcgueugnon.fr\/site\/author\/admin-antho"}]}},"rttpg_featured_image_url":{"full":["https:\/\/www.fcgueugnon.fr\/site\/wp-content\/uploads\/2023\/01\/avant-mtch-fc-gueugnon-morteau-montlebon.png",1920,1080,false],"landscape":["https:\/\/www.fcgueugnon.fr\/site\/wp-content\/uploads\/2023\/01\/avant-mtch-fc-gueugnon-morteau-montlebon.png",1920,1080,false],"portraits":["https:\/\/www.fcgueugnon.fr\/site\/wp-content\/uploads\/2023\/01\/avant-mtch-fc-gueugnon-morteau-montlebon.png",1920,1080,false],"thumbnail":["https:\/\/www.fcgueugnon.fr\/site\/wp-content\/uploads\/2023\/01\/avant-mtch-fc-gueugnon-morteau-montlebon-150x150.png",150,150,true],"medium":["https:\/\/www.fcgueugnon.fr\/site\/wp-content\/uploads\/2023\/01\/avant-mtch-fc-gueugnon-morteau-montlebon-400x225.png",400,225,true],"large":["https:\/\/www.fcgueugnon.fr\/site\/wp-content\/uploads\/2023\/01\/avant-mtch-fc-gueugnon-morteau-montlebon-1024x576.png",1024,576,true],"1536x1536":["https:\/\/www.fcgueugnon.fr\/site\/wp-content\/uploads\/2023\/01\/avant-mtch-fc-gueugnon-morteau-montlebon-1536x864.png",1536,864,true],"2048x2048":["https:\/\/www.fcgueugnon.fr\/site\/wp-content\/uploads\/2023\/01\/avant-mtch-fc-gueugnon-morteau-montlebon.png",1920,1080,false]},"rttpg_author":{"display_name":"FC Gueugnon","author_link":"https:\/\/www.fcgueugnon.fr\/site\/author\/admin-antho"},"rttpg_comment":0,"rttpg_category":"<a href=\"https:\/\/www.fcgueugnon.fr\/site\/category\/news\/news-2022-2023\" rel=\"category tag\">Archives 2022\/2023<\/a> <a href=\"https:\/\/www.fcgueugnon.fr\/site\/category\/news\" rel=\"category tag\">News<\/a>","rttpg_excerpt":"Nouvelle ann\u00e9e pour nos forgerons qui d\u00e9butent ce samedi dans leur antre de Jean Laville avec la r\u00e9ception du FC Morteau-Montlebon. \ud83c\udd9a L&rsquo;adversaire Revoici le FC Morteau-Montlebon que les forgerons avaient battus 2-0 en octobre dernier en Coupe de France (relire apr\u00e8s-match) \u00e0 l\u2019issue d&rsquo;une ouverture du score rapide et d&rsquo;une prestation aboutie. L&rsquo;\u00e9quipe de\u2026","_links":{"self":[{"href":"https:\/\/www.fcgueugnon.fr\/site\/wp-json\/wp\/v2\/posts\/2880","targetHints":{"allow":["GET"]}}],"collection":[{"href":"https:\/\/www.fcgueugnon.fr\/site\/wp-json\/wp\/v2\/posts"}],"about":[{"href":"https:\/\/www.fcgueugnon.fr\/site\/wp-json\/wp\/v2\/types\/post"}],"author":[{"embeddable":true,"href":"https:\/\/www.fcgueugnon.fr\/site\/wp-json\/wp\/v2\/users\/1"}],"replies":[{"embeddable":true,"href":"https:\/\/www.fcgueugnon.fr\/site\/wp-json\/wp\/v2\/comments?post=2880"}],"version-history":[{"count":1,"href":"https:\/\/www.fcgueugnon.fr\/site\/wp-json\/wp\/v2\/posts\/2880\/revisions"}],"predecessor-version":[{"id":2886,"href":"https:\/\/www.fcgueugnon.fr\/site\/wp-json\/wp\/v2\/posts\/2880\/revisions\/2886"}],"wp:featuredmedia":[{"embeddable":true,"href":"https:\/\/www.fcgueugnon.fr\/site\/wp-json\/wp\/v2\/media\/2885"}],"wp:attachment":[{"href":"https:\/\/www.fcgueugnon.fr\/site\/wp-json\/wp\/v2\/media?parent=2880"}],"wp:term":[{"taxonomy":"category","embeddable":true,"href":"https:\/\/www.fcgueugnon.fr\/site\/wp-json\/wp\/v2\/categories?post=2880"},{"taxonomy":"post_tag","embeddable":true,"href":"https:\/\/www.fcgueugnon.fr\/site\/wp-json\/wp\/v2\/tags?post=2880"}],"curies":[{"name":"wp","href":"https:\/\/api.w.org\/{rel}","templated":true}]}}