{"id":2819,"date":"2023-01-08T18:00:00","date_gmt":"2023-01-08T17:00:00","guid":{"rendered":"https:\/\/www.fcgueugnon.fr\/site\/?p=2819"},"modified":"2023-01-06T17:11:12","modified_gmt":"2023-01-06T16:11:12","slug":"interview-le-bilan-a-la-mi-saison-de-richard-trivino","status":"publish","type":"post","link":"https:\/\/www.fcgueugnon.fr\/site\/interview-le-bilan-a-la-mi-saison-de-richard-trivino\/2819","title":{"rendered":"[Interview] Le bilan \u00e0 la mi-saison de Richard Trivino"},"content":{"rendered":"\n<h2 class=\"wp-block-heading\"><strong><strong>\u00c0 quelques jours de la reprise du championnat National 3, nous sommes all\u00e9s \u00e0 la rencontre de notre Directeur Sportif : Richard Trivino.<\/strong><\/strong><\/h2>\n\n\n\n<div style=\"height:60px\" aria-hidden=\"true\" class=\"wp-block-spacer\"><\/div>\n\n\n<div class=\"wp-block-image\">\n<figure class=\"aligncenter size-large\"><img loading=\"lazy\" decoding=\"async\" width=\"1024\" height=\"683\" src=\"https:\/\/www.fcgueugnon.fr\/site\/wp-content\/uploads\/2022\/08\/interview-richard-trivino-au-micro-tournoi-1024x683.jpg\" alt=\"\" class=\"wp-image-488\" srcset=\"https:\/\/www.fcgueugnon.fr\/site\/wp-content\/uploads\/2022\/08\/interview-richard-trivino-au-micro-tournoi-1024x683.jpg 1024w, https:\/\/www.fcgueugnon.fr\/site\/wp-content\/uploads\/2022\/08\/interview-richard-trivino-au-micro-tournoi-400x267.jpg 400w, https:\/\/www.fcgueugnon.fr\/site\/wp-content\/uploads\/2022\/08\/interview-richard-trivino-au-micro-tournoi-768x512.jpg 768w, https:\/\/www.fcgueugnon.fr\/site\/wp-content\/uploads\/2022\/08\/interview-richard-trivino-au-micro-tournoi-1536x1024.jpg 1536w, https:\/\/www.fcgueugnon.fr\/site\/wp-content\/uploads\/2022\/08\/interview-richard-trivino-au-micro-tournoi-2048x1365.jpg 2048w\" sizes=\"auto, (max-width: 1024px) 100vw, 1024px\" \/><\/figure>\n<\/div>\n\n\n<div style=\"height:60px\" aria-hidden=\"true\" class=\"wp-block-spacer\"><\/div>\n\n\n\n<p><strong>Piero : Richard, peux-tu faire le bilan de la saison derni\u00e8re o\u00f9 nous avons jou\u00e9 la mont\u00e9e jusqu&rsquo;au bout ?<\/strong><br>Bonjour Piero. Si nous ne tenons pas compte de notre dernier match qui \u00e9tait anecdotique, le bilan de la saison derni\u00e8re est exceptionnel. Nous avions la meilleure d\u00e9fense de National 3&nbsp;mais nous sommes malheureusement tomb\u00e9s sur le Racing Besan\u00e7on qui a fait encore mieux. Apr\u00e8s le Racing, nous avions la meilleure \u00e9quipe&#8230; La saison derni\u00e8re a \u00e9t\u00e9 bonne, aussi bien d\u00e9fensivement qu&rsquo;offensivement. C&rsquo;est dommage car nous sommes pass\u00e9s d&rsquo;un rien \u00e0 c\u00f4t\u00e9 d&rsquo;une mont\u00e9e malgr\u00e9 que le groupe a \u00e9t\u00e9 tr\u00e8s difficile \u00e0&nbsp;g\u00e9rer.<\/p>\n\n\n\n<div style=\"height:24px\" aria-hidden=\"true\" class=\"wp-block-spacer\"><\/div>\n\n\n\n<p><strong>Une grande majorit\u00e9 de l&rsquo;effectif a d\u00fb \u00eatre renouvel\u00e9. Peux-tu nous expliquer pourquoi nous n&rsquo;avons pas su conserver certains joueurs qui avaient apport\u00e9 satisfaction ?<\/strong><br>Depuis plusieurs saisons, on se bat pour garder une majorit\u00e9 de joueurs. Mais pour ceux qui ne sont pas originaires de la r\u00e9gion, il est parfois difficile de s&rsquo;adapter \u00e0 notre cadre de vie. Gueugnon est une petite ville au milieu de la campagne&#8230; M\u00eame en Ligue 2, nous avions du mal \u00e0 attirer les joueurs, alors en National 3, c&rsquo;est beaucoup plus compliqu\u00e9 encore&nbsp;! On avait l&rsquo;ambition de garder notre d\u00e9fense centrale et notre milieu de terrain mais certains joueurs ont souhait\u00e9 partir. On est constamment en contact avec les joueurs, on parle avec eux, on essaie de les sonder&#8230; On voulait garder cette ossature mais malheureusement comme je l&rsquo;ai dit, il est difficile de conserver les joueurs en fin de contrat.<\/p>\n\n\n\n<p>Nous avons \u00e9galement d\u00fb faire face \u00e0 de nombreuses blessures en d\u00e9but de saison et nous avons \u00e9t\u00e9 contraint de jouer avec 8 nouveaux joueurs sur le 11 titulaire&#8230; Quoi qu&rsquo;il en soit, je fais enti\u00e8rement confiance \u00e0 ce groupe. On a une qualit\u00e9 \u00e9norme. Cette saison est plus compliqu\u00e9e, mais je suis s\u00fbr que l&rsquo;on va rebondir. Il reste encore beaucoup de matchs \u00e0 jouer et on est capable de faire une s\u00e9rie.<\/p>\n\n\n\n<div style=\"height:30px\" aria-hidden=\"true\" class=\"wp-block-spacer\"><\/div>\n\n\n\n<div class=\"wp-block-media-text alignwide is-stacked-on-mobile\"><figure class=\"wp-block-media-text__media\"><img loading=\"lazy\" decoding=\"async\" width=\"1024\" height=\"664\" src=\"https:\/\/www.fcgueugnon.fr\/site\/wp-content\/uploads\/2022\/10\/defaite-fc-gueugnon-besancon-foot-1024x664.jpg\" alt=\"\" class=\"wp-image-2000 size-full\" srcset=\"https:\/\/www.fcgueugnon.fr\/site\/wp-content\/uploads\/2022\/10\/defaite-fc-gueugnon-besancon-foot-1024x664.jpg 1024w, https:\/\/www.fcgueugnon.fr\/site\/wp-content\/uploads\/2022\/10\/defaite-fc-gueugnon-besancon-foot-400x260.jpg 400w, https:\/\/www.fcgueugnon.fr\/site\/wp-content\/uploads\/2022\/10\/defaite-fc-gueugnon-besancon-foot-768x498.jpg 768w, https:\/\/www.fcgueugnon.fr\/site\/wp-content\/uploads\/2022\/10\/defaite-fc-gueugnon-besancon-foot-1536x996.jpg 1536w, https:\/\/www.fcgueugnon.fr\/site\/wp-content\/uploads\/2022\/10\/defaite-fc-gueugnon-besancon-foot-1320x856.jpg 1320w, https:\/\/www.fcgueugnon.fr\/site\/wp-content\/uploads\/2022\/10\/defaite-fc-gueugnon-besancon-foot.jpg 1600w\" sizes=\"auto, (max-width: 1024px) 100vw, 1024px\" \/><\/figure><div class=\"wp-block-media-text__content\">\n<p class=\"has-medium-font-size\"><em>\u00ab Selon moi, nous avons le plus gros effectif depuis que nous sommes en National 3. [&#8230;] Pour le moment, le classement ne me donne pas raison, mais nous avons \u00e0 disposition un groupe en or. Les joueurs m\u00e9ritent beaucoup plus que cela. \u00bb<\/em><\/p>\n<\/div><\/div>\n\n\n\n<div style=\"height:50px\" aria-hidden=\"true\" class=\"wp-block-spacer\"><\/div>\n\n\n\n<p><strong>Nous sommes actuellement 11\u00e8me au classement avec 13 points. Comment expliques-tu ces d\u00e9buts compliqu\u00e9s ?<\/strong><br>Aujourd&rsquo;hui, ce qui se passe est totalement inexplicable&#8230; Selon moi, nous avons le plus gros effectif depuis que nous sommes en National 3. Toutes nos recrues ont jou\u00e9 en National 2, voire en championnats professionnels pour certains. Pour le moment, le classement ne me donne pas raison, mais nous avons \u00e0 disposition un groupe en or. Les joueurs m\u00e9ritent beaucoup plus que cela.<\/p>\n\n\n\n<div style=\"height:24px\" aria-hidden=\"true\" class=\"wp-block-spacer\"><\/div>\n\n\n\n<p><strong>Allons nous avoir des recrues durant l&rsquo;inter-saison comme par exemple un buteur comme certains le demande ?<\/strong><br>C\u2019est tellement plus facile de parler d\u2019un groupe ou d\u2019un vestiaire quand on est pas \u00e0 l\u2019int\u00e9rieur d\u2019un club&#8230; C\u2019est aussi tellement plus difficile lorsque l&rsquo;on doit faire face \u00e0 des responsabilit\u00e9s&#8230; Le buteur nous l&rsquo;avons et il s\u2019appelle Oum\u00e9rou Dram\u00e9. Il a marqu\u00e9 18 buts la saison pass\u00e9e. Arnaud Rollin qui a \u00e9t\u00e9 bless\u00e9 ce d\u00e9but de saison et qui avait marqu\u00e9 10 buts va faire son retour. Erwan Mbock et Jason Luanda, nos 2 meilleurs buteurs de la saison pass\u00e9e sont toujours pr\u00e9sents. On a remplac\u00e9 Hugo Nseke dans le couloir droit par Nils Bouekou. Les joueurs nous les avons, ce n&rsquo;est qu&rsquo;un probl\u00e8me de confiance. S\u2019il manque certains ingr\u00e9dients, \u00e0 nous d&rsquo;en parler. Nous avons l\u2019amour du club et tout le monde essaie de faire de son mieux pour que l&rsquo;\u00e9quipe soit le plus haut possible. Il n\u2019y aura pas de mercato, on ne peut pas faire mieux que ce que l\u2019on a ! Je sais qu&rsquo;on peut terminer dans les 5 premiers, mais on va d\u00e9j\u00e0 commencer par prendre des points pour nous mettre \u00e0 l&rsquo;abri rapidement.&nbsp;&nbsp;&nbsp;<\/p>\n\n\n\n<div style=\"height:30px\" aria-hidden=\"true\" class=\"wp-block-spacer\"><\/div>\n\n\n\n<div class=\"wp-block-media-text alignwide has-media-on-the-right is-stacked-on-mobile\"><div class=\"wp-block-media-text__content\">\n<p class=\"has-medium-font-size\"><em>\u00ab Il faut souligner le travail de l&rsquo;ensemble du staff et des b\u00e9n\u00e9voles qui sont pr\u00e9sents. Derri\u00e8re Philippe et moi, beaucoup de personnes travaillent dans l\u2019ombre. \u00bb<\/em><\/p>\n<\/div><figure class=\"wp-block-media-text__media\"><img loading=\"lazy\" decoding=\"async\" width=\"1024\" height=\"683\" src=\"https:\/\/www.fcgueugnon.fr\/site\/wp-content\/uploads\/2022\/11\/Assemblee-Generale-FC-Gueugnon-2022-15-1024x683.jpg\" alt=\"\" class=\"wp-image-2419 size-full\" srcset=\"https:\/\/www.fcgueugnon.fr\/site\/wp-content\/uploads\/2022\/11\/Assemblee-Generale-FC-Gueugnon-2022-15-1024x683.jpg 1024w, https:\/\/www.fcgueugnon.fr\/site\/wp-content\/uploads\/2022\/11\/Assemblee-Generale-FC-Gueugnon-2022-15-400x267.jpg 400w, https:\/\/www.fcgueugnon.fr\/site\/wp-content\/uploads\/2022\/11\/Assemblee-Generale-FC-Gueugnon-2022-15-768x512.jpg 768w, https:\/\/www.fcgueugnon.fr\/site\/wp-content\/uploads\/2022\/11\/Assemblee-Generale-FC-Gueugnon-2022-15-1536x1024.jpg 1536w, https:\/\/www.fcgueugnon.fr\/site\/wp-content\/uploads\/2022\/11\/Assemblee-Generale-FC-Gueugnon-2022-15-1320x880.jpg 1320w, https:\/\/www.fcgueugnon.fr\/site\/wp-content\/uploads\/2022\/11\/Assemblee-Generale-FC-Gueugnon-2022-15.jpg 1600w\" sizes=\"auto, (max-width: 1024px) 100vw, 1024px\" \/><\/figure><\/div>\n\n\n\n<div style=\"height:50px\" aria-hidden=\"true\" class=\"wp-block-spacer\"><\/div>\n\n\n\n<p><strong>Peux-tu nous dire un mot sur l&rsquo;ensemble du staff compos\u00e9 d&rsquo;entra\u00eeneurs, d&rsquo;\u00e9ducateurs, de kin\u00e9s, de pr\u00e9parateurs \u2026<\/strong><br>Oui, il faut souligner le travail de l&rsquo;ensemble du staff et des b\u00e9n\u00e9voles qui sont pr\u00e9sents. Derri\u00e8re Philippe et moi, beaucoup de personnes travaillent dans l\u2019ombre. Serge Victor est arriv\u00e9 et nous a permis de remettre de l\u2019ordre au niveau de la s\u00e9curit\u00e9 et du suivi m\u00e9dical. Aujourd\u2019hui, on a de nombreux professionnels de sant\u00e9 \u00e0 nos c\u00f4t\u00e9s. C&rsquo;est une belle \u00e9volution et un atout pour nos joueurs. Je remercie \u00e9galement nos arbitres qui font du bon travail et qui nous allouent 6 mutations. Au FCG, les b\u00e9n\u00e9voles sont tr\u00e8s importants.<\/p>\n\n\n\n<div style=\"height:25px\" aria-hidden=\"true\" class=\"wp-block-spacer\"><\/div>\n\n\n\n<p><strong>Le groupe Espoirs r\u00e9alise un tr\u00e8s bon d\u00e9but de saison et flirt avec le podium \u2026<\/strong><br>Ils font un d\u00e9but de saison exceptionnel et il faut les f\u00e9liciter. Apr\u00e8s, comme l\u2019a dit Fabrice Correia, c\u2019est un championnat qui est tr\u00e8s serr\u00e9, il ne faut pas non plus s\u2019emballer. Fabrice r\u00e9alise un tr\u00e8s bon travail et il faut continuer de travailler pour faire grandir ce groupe Espoirs.<\/p>\n\n\n\n<div style=\"height:25px\" aria-hidden=\"true\" class=\"wp-block-spacer\"><\/div>\n\n\n\n<p><strong>Qu&rsquo;en est-il au niveau de la Sport E.Leclerc Acad\u00e9mie ?<\/strong><br>Gr\u00e2ce au travail de David Vasco et de son staff d\u2019\u00e9ducateurs, on est en permanente am\u00e9lioration. Comptablement, nos \u00e9quipes sont un peu plus en difficult\u00e9 que la saison derni\u00e8re, mais c&rsquo;est normal, il faut du temps pour appr\u00e9hender le niveau R1. On est en pleine \u00e9volution et notre acad\u00e9mie progresse de semaines en semaines. Le club s&rsquo;en donne les moyens en engageant des \u00e9ducateurs dipl\u00f4m\u00e9s qui permettent de faire progresser l\u2019acad\u00e9mie. \u00c0 l&rsquo;avenir, j\u2019esp\u00e8re que nous auront des jeunes qui auront le potentiel pour acc\u00e9der \u00e0 notre \u00e9quipe N3, voire N2.<\/p>\n\n\n\n<div style=\"height:25px\" aria-hidden=\"true\" class=\"wp-block-spacer\"><\/div>\n\n\n\n<p><strong>Le football f\u00e9minin et les sections sportives sont \u00e9galement en \u00e9volution &#8230;<\/strong><br>Au niveau du football f\u00e9minin, Alexandre Lavigne fait un boulot \u00e9norme. Dans notre secteur, c&rsquo;est tr\u00e8s compliqu\u00e9 d\u2019attirer les filles. Certaines de nos joueuses sont suivies par le DFCO et par l&rsquo;Olympique Lyonnais. Camille Marmillot a \u00e9galement \u00e9t\u00e9 s\u00e9lectionn\u00e9e en \u00e9quipe de France U15. Cela r\u00e9compense le travail d\u2019Alexandre et de nos \u00e9ducateurs. Concernant les sections sportives, c\u2019est une \u00e9norme force d\u2019avoir un coll\u00e8ge et un lyc\u00e9e avec lesquels nous pouvons travailler au quotidien. D\u00e9sormais, nous pouvons miser davantage sur la qualit\u00e9 avec un encadrement adapt\u00e9. Notre \u00c9cole de Football est \u00e9galement en plein d\u00e9veloppement. Un vivier de jeunes est en train de grandir, \u00e0 l\u2019image de tout le club d\u2019ailleurs.<\/p>\n\n\n\n<div style=\"height:30px\" aria-hidden=\"true\" class=\"wp-block-spacer\"><\/div>\n\n\n\n<div class=\"wp-block-media-text alignwide is-stacked-on-mobile\"><figure class=\"wp-block-media-text__media\"><img loading=\"lazy\" decoding=\"async\" width=\"1024\" height=\"602\" src=\"https:\/\/www.fcgueugnon.fr\/site\/wp-content\/uploads\/2022\/11\/ce-samedi-le-fc-gueugnon-est-bouscule-a-domicile-par-l-un-des-leaders-du-championnat-mais-finit-par-decrocher-le-nul-dans-les-derniers-instants-photos-jsl-philippe-monperrus-clp-1668892042-1024x602.jpg\" alt=\"\" class=\"wp-image-2368 size-full\" srcset=\"https:\/\/www.fcgueugnon.fr\/site\/wp-content\/uploads\/2022\/11\/ce-samedi-le-fc-gueugnon-est-bouscule-a-domicile-par-l-un-des-leaders-du-championnat-mais-finit-par-decrocher-le-nul-dans-les-derniers-instants-photos-jsl-philippe-monperrus-clp-1668892042-1024x602.jpg 1024w, https:\/\/www.fcgueugnon.fr\/site\/wp-content\/uploads\/2022\/11\/ce-samedi-le-fc-gueugnon-est-bouscule-a-domicile-par-l-un-des-leaders-du-championnat-mais-finit-par-decrocher-le-nul-dans-les-derniers-instants-photos-jsl-philippe-monperrus-clp-1668892042-400x235.jpg 400w, https:\/\/www.fcgueugnon.fr\/site\/wp-content\/uploads\/2022\/11\/ce-samedi-le-fc-gueugnon-est-bouscule-a-domicile-par-l-un-des-leaders-du-championnat-mais-finit-par-decrocher-le-nul-dans-les-derniers-instants-photos-jsl-philippe-monperrus-clp-1668892042-768x452.jpg 768w, https:\/\/www.fcgueugnon.fr\/site\/wp-content\/uploads\/2022\/11\/ce-samedi-le-fc-gueugnon-est-bouscule-a-domicile-par-l-un-des-leaders-du-championnat-mais-finit-par-decrocher-le-nul-dans-les-derniers-instants-photos-jsl-philippe-monperrus-clp-1668892042-1536x903.jpg 1536w, https:\/\/www.fcgueugnon.fr\/site\/wp-content\/uploads\/2022\/11\/ce-samedi-le-fc-gueugnon-est-bouscule-a-domicile-par-l-un-des-leaders-du-championnat-mais-finit-par-decrocher-le-nul-dans-les-derniers-instants-photos-jsl-philippe-monperrus-clp-1668892042-1320x776.jpg 1320w, https:\/\/www.fcgueugnon.fr\/site\/wp-content\/uploads\/2022\/11\/ce-samedi-le-fc-gueugnon-est-bouscule-a-domicile-par-l-un-des-leaders-du-championnat-mais-finit-par-decrocher-le-nul-dans-les-derniers-instants-photos-jsl-philippe-monperrus-clp-1668892042.jpg 1600w\" sizes=\"auto, (max-width: 1024px) 100vw, 1024px\" \/><\/figure><div class=\"wp-block-media-text__content\">\n<p class=\"has-medium-font-size\"><em>\u00ab Aujourd\u2019hui, on est conscient de la situation et nous devons encha\u00eener les victoires pour pouvoir recoller devant. On a un groupe suffisamment comp\u00e9titif et on a un super d\u00e9fi \u00e0 relever sur la deuxi\u00e8me partie de saison. \u00bb<\/em><\/p>\n<\/div><\/div>\n\n\n\n<div style=\"height:50px\" aria-hidden=\"true\" class=\"wp-block-spacer\"><\/div>\n\n\n\n<p><strong><strong>Richard, il reste 15 matchs pour notre \u00e9quipe fanion. Quelles sont les ambitions et  objectifs d\u00e9sormais <\/strong>?<\/strong><br>Comme tous les ans, nous avons fait un bilan de mi-saison avec le Pr\u00e9sident. Aujourd\u2019hui, on est conscient de la situation et nous devons encha\u00eener les victoires pour pouvoir recoller devant. On a un groupe suffisamment comp\u00e9titif et on a un super d\u00e9fi \u00e0 relever sur la deuxi\u00e8me partie de saison, comme c&rsquo;\u00e9tait le cas en 2021-2022. On a montr\u00e9 contre Chamali\u00e8res et contre Jura Dolois que nous avons le niveau contre des \u00e9quipes qui jouent le haut de tableau. Il manque juste ce petit d\u00e9clic pour reprendre confiance.&nbsp;&nbsp;&nbsp;&nbsp;&nbsp;<\/p>\n\n\n\n<div style=\"height:25px\" aria-hidden=\"true\" class=\"wp-block-spacer\"><\/div>\n\n\n\n<p><strong><strong>Dans cette p\u00e9riode des v\u0153ux, qu\u2019aimerais tu souhaiter<\/strong> aux membres du FCG ?<\/strong><br>Dans ces moments-l\u00e0, le sportif est secondaire. Le plus important pour moi est la sant\u00e9. Je souhaite une bonne sant\u00e9 \u00e0 tous les membres du FC Gueugnon et je leur souhaite le meilleur. J\u2019en profite pour remercier toutes les personnes qui \u0153uvrent pour notre club, surtout les personnes qui sont dans l\u2019ombre. Sans les b\u00e9n\u00e9voles, on ne serait pas l\u00e0 ! Concernant le sportif, nous allons continuer \u00e0 \u0153uvrer tous les jours pour devenir meilleur\u2026 Nous allons essayer de donner de la joie et des r\u00e9sultats pour que les jours soient encore meilleurs.<\/p>\n\n\n\n<div style=\"height:25px\" aria-hidden=\"true\" class=\"wp-block-spacer\"><\/div>\n\n\n\n<blockquote class=\"wp-block-quote is-layout-flow wp-block-quote-is-layout-flow\">\n<p class=\"has-text-align-center has-medium-font-size\"><em>Merci Richard ! <br>Bonne et heureuse ann\u00e9e 2023 \u00e0 toutes et \u00e0 tous !<\/em><\/p>\n<\/blockquote>\n","protected":false},"excerpt":{"rendered":"<p>\u00c0 quelques jours de la reprise du championnat National 3, nous sommes all\u00e9s \u00e0 la rencontre de notre Directeur Sportif : Richard Trivino. Piero : Richard, peux-tu faire le bilan de la saison derni\u00e8re o\u00f9 nous avons jou\u00e9 la mont\u00e9e jusqu&rsquo;au bout ?Bonjour Piero. Si nous ne tenons pas compte de notre dernier match qui &#8230; <\/p>\n<p class=\"read-more-container\"><a title=\"[Interview] Le bilan \u00e0 la mi-saison de Richard Trivino\" class=\"read-more button\" href=\"https:\/\/www.fcgueugnon.fr\/site\/interview-le-bilan-a-la-mi-saison-de-richard-trivino\/2819#more-2819\" aria-label=\"Plus sur [Interview] Le bilan \u00e0 la mi-saison de Richard Trivino\">Lire la suite<\/a><\/p>\n","protected":false},"author":3,"featured_media":488,"comment_status":"closed","ping_status":"closed","sticky":true,"template":"","format":"standard","meta":{"footnotes":""},"categories":[5,4],"tags":[35,14],"class_list":["post-2819","post","type-post","status-publish","format-standard","has-post-thumbnail","hentry","category-news-2022-2023","category-news","tag-foot-feminin","tag-sport-e-leclerc-academie-jeunes-formation","infinite-scroll-item","generate-columns","tablet-grid-50","mobile-grid-100","grid-parent","grid-25"],"yoast_head":"<!-- This site is optimized with the Yoast SEO plugin v26.6 - https:\/\/yoast.com\/wordpress\/plugins\/seo\/ -->\n<title>[Interview] Le bilan \u00e0 la mi-saison de Richard Trivino &#8226; FOOTBALL CLUB GUEUGNON<\/title>\n<meta name=\"robots\" content=\"index, follow, max-snippet:-1, max-image-preview:large, max-video-preview:-1\" \/>\n<link rel=\"canonical\" href=\"https:\/\/www.fcgueugnon.fr\/site\/interview-le-bilan-a-la-mi-saison-de-richard-trivino\/2819\" \/>\n<meta property=\"og:locale\" content=\"fr_FR\" \/>\n<meta property=\"og:type\" content=\"article\" \/>\n<meta property=\"og:title\" content=\"[Interview] Le bilan \u00e0 la mi-saison de Richard Trivino &#8226; FOOTBALL CLUB GUEUGNON\" \/>\n<meta property=\"og:description\" content=\"\u00c0 quelques jours de la reprise du championnat National 3, nous sommes all\u00e9s \u00e0 la rencontre de notre Directeur Sportif : Richard Trivino. Piero : Richard, peux-tu faire le bilan de la saison derni\u00e8re o\u00f9 nous avons jou\u00e9 la mont\u00e9e jusqu&rsquo;au bout ?Bonjour Piero. Si nous ne tenons pas compte de notre dernier match qui ... Lire la suite\" \/>\n<meta property=\"og:url\" content=\"https:\/\/www.fcgueugnon.fr\/site\/interview-le-bilan-a-la-mi-saison-de-richard-trivino\/2819\" \/>\n<meta property=\"og:site_name\" content=\"FOOTBALL CLUB GUEUGNON\" \/>\n<meta property=\"article:publisher\" content=\"http:\/\/facebook.com\/FCGueugnon\" \/>\n<meta property=\"article:published_time\" content=\"2023-01-08T17:00:00+00:00\" \/>\n<meta property=\"og:image\" content=\"https:\/\/www.fcgueugnon.fr\/site\/wp-content\/uploads\/2022\/08\/interview-richard-trivino-au-micro-tournoi-scaled.jpg\" \/>\n\t<meta property=\"og:image:width\" content=\"2560\" \/>\n\t<meta property=\"og:image:height\" content=\"1707\" \/>\n\t<meta property=\"og:image:type\" content=\"image\/jpeg\" \/>\n<meta name=\"author\" content=\"FC Gueugnon\" \/>\n<meta name=\"twitter:card\" content=\"summary_large_image\" \/>\n<meta name=\"twitter:creator\" content=\"@FCGueugnon_off\" \/>\n<meta name=\"twitter:site\" content=\"@FCGueugnon_off\" \/>\n<meta name=\"twitter:label1\" content=\"\u00c9crit par\" \/>\n\t<meta name=\"twitter:data1\" content=\"FC Gueugnon\" \/>\n\t<meta name=\"twitter:label2\" content=\"Dur\u00e9e de lecture estim\u00e9e\" \/>\n\t<meta name=\"twitter:data2\" content=\"8 minutes\" \/>\n<script type=\"application\/ld+json\" class=\"yoast-schema-graph\">{\"@context\":\"https:\/\/schema.org\",\"@graph\":[{\"@type\":\"Article\",\"@id\":\"https:\/\/www.fcgueugnon.fr\/site\/interview-le-bilan-a-la-mi-saison-de-richard-trivino\/2819#article\",\"isPartOf\":{\"@id\":\"https:\/\/www.fcgueugnon.fr\/site\/interview-le-bilan-a-la-mi-saison-de-richard-trivino\/2819\"},\"author\":{\"name\":\"FC Gueugnon\",\"@id\":\"https:\/\/www.fcgueugnon.fr\/site\/#\/schema\/person\/829630bfb5d6f3ebe4d296b75687c01a\"},\"headline\":\"[Interview] Le bilan \u00e0 la mi-saison de Richard Trivino\",\"datePublished\":\"2023-01-08T17:00:00+00:00\",\"mainEntityOfPage\":{\"@id\":\"https:\/\/www.fcgueugnon.fr\/site\/interview-le-bilan-a-la-mi-saison-de-richard-trivino\/2819\"},\"wordCount\":1486,\"publisher\":{\"@id\":\"https:\/\/www.fcgueugnon.fr\/site\/#organization\"},\"image\":{\"@id\":\"https:\/\/www.fcgueugnon.fr\/site\/interview-le-bilan-a-la-mi-saison-de-richard-trivino\/2819#primaryimage\"},\"thumbnailUrl\":\"https:\/\/www.fcgueugnon.fr\/site\/wp-content\/uploads\/2022\/08\/interview-richard-trivino-au-micro-tournoi-scaled.jpg\",\"keywords\":[\"Foot F\u00e9minin\",\"Sport E.Leclerc Acad\u00e9mie : Jeunes \/ Formation\"],\"articleSection\":[\"Archives 2022\/2023\",\"News\"],\"inLanguage\":\"fr-FR\"},{\"@type\":\"WebPage\",\"@id\":\"https:\/\/www.fcgueugnon.fr\/site\/interview-le-bilan-a-la-mi-saison-de-richard-trivino\/2819\",\"url\":\"https:\/\/www.fcgueugnon.fr\/site\/interview-le-bilan-a-la-mi-saison-de-richard-trivino\/2819\",\"name\":\"[Interview] Le bilan \u00e0 la mi-saison de Richard Trivino &#8226; FOOTBALL CLUB GUEUGNON\",\"isPartOf\":{\"@id\":\"https:\/\/www.fcgueugnon.fr\/site\/#website\"},\"primaryImageOfPage\":{\"@id\":\"https:\/\/www.fcgueugnon.fr\/site\/interview-le-bilan-a-la-mi-saison-de-richard-trivino\/2819#primaryimage\"},\"image\":{\"@id\":\"https:\/\/www.fcgueugnon.fr\/site\/interview-le-bilan-a-la-mi-saison-de-richard-trivino\/2819#primaryimage\"},\"thumbnailUrl\":\"https:\/\/www.fcgueugnon.fr\/site\/wp-content\/uploads\/2022\/08\/interview-richard-trivino-au-micro-tournoi-scaled.jpg\",\"datePublished\":\"2023-01-08T17:00:00+00:00\",\"breadcrumb\":{\"@id\":\"https:\/\/www.fcgueugnon.fr\/site\/interview-le-bilan-a-la-mi-saison-de-richard-trivino\/2819#breadcrumb\"},\"inLanguage\":\"fr-FR\",\"potentialAction\":[{\"@type\":\"ReadAction\",\"target\":[\"https:\/\/www.fcgueugnon.fr\/site\/interview-le-bilan-a-la-mi-saison-de-richard-trivino\/2819\"]}]},{\"@type\":\"ImageObject\",\"inLanguage\":\"fr-FR\",\"@id\":\"https:\/\/www.fcgueugnon.fr\/site\/interview-le-bilan-a-la-mi-saison-de-richard-trivino\/2819#primaryimage\",\"url\":\"https:\/\/www.fcgueugnon.fr\/site\/wp-content\/uploads\/2022\/08\/interview-richard-trivino-au-micro-tournoi-scaled.jpg\",\"contentUrl\":\"https:\/\/www.fcgueugnon.fr\/site\/wp-content\/uploads\/2022\/08\/interview-richard-trivino-au-micro-tournoi-scaled.jpg\",\"width\":2560,\"height\":1707},{\"@type\":\"BreadcrumbList\",\"@id\":\"https:\/\/www.fcgueugnon.fr\/site\/interview-le-bilan-a-la-mi-saison-de-richard-trivino\/2819#breadcrumb\",\"itemListElement\":[{\"@type\":\"ListItem\",\"position\":1,\"name\":\"Accueil\",\"item\":\"https:\/\/www.fcgueugnon.fr\/site\/\"},{\"@type\":\"ListItem\",\"position\":2,\"name\":\"[Interview] Le bilan \u00e0 la mi-saison de Richard Trivino\"}]},{\"@type\":\"WebSite\",\"@id\":\"https:\/\/www.fcgueugnon.fr\/site\/#website\",\"url\":\"https:\/\/www.fcgueugnon.fr\/site\/\",\"name\":\"FOOTBALL CLUB GUEUGNON\",\"description\":\"Le Site Officiel des Forgerons\",\"publisher\":{\"@id\":\"https:\/\/www.fcgueugnon.fr\/site\/#organization\"},\"potentialAction\":[{\"@type\":\"SearchAction\",\"target\":{\"@type\":\"EntryPoint\",\"urlTemplate\":\"https:\/\/www.fcgueugnon.fr\/site\/?s={search_term_string}\"},\"query-input\":{\"@type\":\"PropertyValueSpecification\",\"valueRequired\":true,\"valueName\":\"search_term_string\"}}],\"inLanguage\":\"fr-FR\"},{\"@type\":\"Organization\",\"@id\":\"https:\/\/www.fcgueugnon.fr\/site\/#organization\",\"name\":\"FC Gueugnon\",\"url\":\"https:\/\/www.fcgueugnon.fr\/site\/\",\"logo\":{\"@type\":\"ImageObject\",\"inLanguage\":\"fr-FR\",\"@id\":\"https:\/\/www.fcgueugnon.fr\/site\/#\/schema\/logo\/image\/\",\"url\":\"https:\/\/www.fcgueugnon.fr\/site\/wp-content\/uploads\/2022\/07\/cropped-Logo-FCGUEUGNON-low-350x350-1.png\",\"contentUrl\":\"https:\/\/www.fcgueugnon.fr\/site\/wp-content\/uploads\/2022\/07\/cropped-Logo-FCGUEUGNON-low-350x350-1.png\",\"width\":350,\"height\":350,\"caption\":\"FC Gueugnon\"},\"image\":{\"@id\":\"https:\/\/www.fcgueugnon.fr\/site\/#\/schema\/logo\/image\/\"},\"sameAs\":[\"http:\/\/facebook.com\/FCGueugnon\",\"https:\/\/x.com\/FCGueugnon_off\",\"https:\/\/www.instagram.com\/fcgueugnon\/\",\"https:\/\/www.linkedin.com\/company\/football-club-de-gueugnon\/\",\"https:\/\/www.youtube.com\/user\/FCGueugnonnais\",\"https:\/\/fr.wikipedia.org\/wiki\/Football_Club_de_Gueugnon\"]},{\"@type\":\"Person\",\"@id\":\"https:\/\/www.fcgueugnon.fr\/site\/#\/schema\/person\/829630bfb5d6f3ebe4d296b75687c01a\",\"name\":\"FC Gueugnon\",\"url\":\"https:\/\/www.fcgueugnon.fr\/site\/author\/g-avin1\"}]}<\/script>\n<!-- \/ Yoast SEO plugin. -->","yoast_head_json":{"title":"[Interview] Le bilan \u00e0 la mi-saison de Richard Trivino &#8226; FOOTBALL CLUB GUEUGNON","robots":{"index":"index","follow":"follow","max-snippet":"max-snippet:-1","max-image-preview":"max-image-preview:large","max-video-preview":"max-video-preview:-1"},"canonical":"https:\/\/www.fcgueugnon.fr\/site\/interview-le-bilan-a-la-mi-saison-de-richard-trivino\/2819","og_locale":"fr_FR","og_type":"article","og_title":"[Interview] Le bilan \u00e0 la mi-saison de Richard Trivino &#8226; FOOTBALL CLUB GUEUGNON","og_description":"\u00c0 quelques jours de la reprise du championnat National 3, nous sommes all\u00e9s \u00e0 la rencontre de notre Directeur Sportif : Richard Trivino. Piero : Richard, peux-tu faire le bilan de la saison derni\u00e8re o\u00f9 nous avons jou\u00e9 la mont\u00e9e jusqu&rsquo;au bout ?Bonjour Piero. Si nous ne tenons pas compte de notre dernier match qui ... Lire la suite","og_url":"https:\/\/www.fcgueugnon.fr\/site\/interview-le-bilan-a-la-mi-saison-de-richard-trivino\/2819","og_site_name":"FOOTBALL CLUB GUEUGNON","article_publisher":"http:\/\/facebook.com\/FCGueugnon","article_published_time":"2023-01-08T17:00:00+00:00","og_image":[{"width":2560,"height":1707,"url":"https:\/\/www.fcgueugnon.fr\/site\/wp-content\/uploads\/2022\/08\/interview-richard-trivino-au-micro-tournoi-scaled.jpg","type":"image\/jpeg"}],"author":"FC Gueugnon","twitter_card":"summary_large_image","twitter_creator":"@FCGueugnon_off","twitter_site":"@FCGueugnon_off","twitter_misc":{"\u00c9crit par":"FC Gueugnon","Dur\u00e9e de lecture estim\u00e9e":"8 minutes"},"schema":{"@context":"https:\/\/schema.org","@graph":[{"@type":"Article","@id":"https:\/\/www.fcgueugnon.fr\/site\/interview-le-bilan-a-la-mi-saison-de-richard-trivino\/2819#article","isPartOf":{"@id":"https:\/\/www.fcgueugnon.fr\/site\/interview-le-bilan-a-la-mi-saison-de-richard-trivino\/2819"},"author":{"name":"FC Gueugnon","@id":"https:\/\/www.fcgueugnon.fr\/site\/#\/schema\/person\/829630bfb5d6f3ebe4d296b75687c01a"},"headline":"[Interview] Le bilan \u00e0 la mi-saison de Richard Trivino","datePublished":"2023-01-08T17:00:00+00:00","mainEntityOfPage":{"@id":"https:\/\/www.fcgueugnon.fr\/site\/interview-le-bilan-a-la-mi-saison-de-richard-trivino\/2819"},"wordCount":1486,"publisher":{"@id":"https:\/\/www.fcgueugnon.fr\/site\/#organization"},"image":{"@id":"https:\/\/www.fcgueugnon.fr\/site\/interview-le-bilan-a-la-mi-saison-de-richard-trivino\/2819#primaryimage"},"thumbnailUrl":"https:\/\/www.fcgueugnon.fr\/site\/wp-content\/uploads\/2022\/08\/interview-richard-trivino-au-micro-tournoi-scaled.jpg","keywords":["Foot F\u00e9minin","Sport E.Leclerc Acad\u00e9mie : Jeunes \/ Formation"],"articleSection":["Archives 2022\/2023","News"],"inLanguage":"fr-FR"},{"@type":"WebPage","@id":"https:\/\/www.fcgueugnon.fr\/site\/interview-le-bilan-a-la-mi-saison-de-richard-trivino\/2819","url":"https:\/\/www.fcgueugnon.fr\/site\/interview-le-bilan-a-la-mi-saison-de-richard-trivino\/2819","name":"[Interview] Le bilan \u00e0 la mi-saison de Richard Trivino &#8226; FOOTBALL CLUB GUEUGNON","isPartOf":{"@id":"https:\/\/www.fcgueugnon.fr\/site\/#website"},"primaryImageOfPage":{"@id":"https:\/\/www.fcgueugnon.fr\/site\/interview-le-bilan-a-la-mi-saison-de-richard-trivino\/2819#primaryimage"},"image":{"@id":"https:\/\/www.fcgueugnon.fr\/site\/interview-le-bilan-a-la-mi-saison-de-richard-trivino\/2819#primaryimage"},"thumbnailUrl":"https:\/\/www.fcgueugnon.fr\/site\/wp-content\/uploads\/2022\/08\/interview-richard-trivino-au-micro-tournoi-scaled.jpg","datePublished":"2023-01-08T17:00:00+00:00","breadcrumb":{"@id":"https:\/\/www.fcgueugnon.fr\/site\/interview-le-bilan-a-la-mi-saison-de-richard-trivino\/2819#breadcrumb"},"inLanguage":"fr-FR","potentialAction":[{"@type":"ReadAction","target":["https:\/\/www.fcgueugnon.fr\/site\/interview-le-bilan-a-la-mi-saison-de-richard-trivino\/2819"]}]},{"@type":"ImageObject","inLanguage":"fr-FR","@id":"https:\/\/www.fcgueugnon.fr\/site\/interview-le-bilan-a-la-mi-saison-de-richard-trivino\/2819#primaryimage","url":"https:\/\/www.fcgueugnon.fr\/site\/wp-content\/uploads\/2022\/08\/interview-richard-trivino-au-micro-tournoi-scaled.jpg","contentUrl":"https:\/\/www.fcgueugnon.fr\/site\/wp-content\/uploads\/2022\/08\/interview-richard-trivino-au-micro-tournoi-scaled.jpg","width":2560,"height":1707},{"@type":"BreadcrumbList","@id":"https:\/\/www.fcgueugnon.fr\/site\/interview-le-bilan-a-la-mi-saison-de-richard-trivino\/2819#breadcrumb","itemListElement":[{"@type":"ListItem","position":1,"name":"Accueil","item":"https:\/\/www.fcgueugnon.fr\/site\/"},{"@type":"ListItem","position":2,"name":"[Interview] Le bilan \u00e0 la mi-saison de Richard Trivino"}]},{"@type":"WebSite","@id":"https:\/\/www.fcgueugnon.fr\/site\/#website","url":"https:\/\/www.fcgueugnon.fr\/site\/","name":"FOOTBALL CLUB GUEUGNON","description":"Le Site Officiel des Forgerons","publisher":{"@id":"https:\/\/www.fcgueugnon.fr\/site\/#organization"},"potentialAction":[{"@type":"SearchAction","target":{"@type":"EntryPoint","urlTemplate":"https:\/\/www.fcgueugnon.fr\/site\/?s={search_term_string}"},"query-input":{"@type":"PropertyValueSpecification","valueRequired":true,"valueName":"search_term_string"}}],"inLanguage":"fr-FR"},{"@type":"Organization","@id":"https:\/\/www.fcgueugnon.fr\/site\/#organization","name":"FC Gueugnon","url":"https:\/\/www.fcgueugnon.fr\/site\/","logo":{"@type":"ImageObject","inLanguage":"fr-FR","@id":"https:\/\/www.fcgueugnon.fr\/site\/#\/schema\/logo\/image\/","url":"https:\/\/www.fcgueugnon.fr\/site\/wp-content\/uploads\/2022\/07\/cropped-Logo-FCGUEUGNON-low-350x350-1.png","contentUrl":"https:\/\/www.fcgueugnon.fr\/site\/wp-content\/uploads\/2022\/07\/cropped-Logo-FCGUEUGNON-low-350x350-1.png","width":350,"height":350,"caption":"FC Gueugnon"},"image":{"@id":"https:\/\/www.fcgueugnon.fr\/site\/#\/schema\/logo\/image\/"},"sameAs":["http:\/\/facebook.com\/FCGueugnon","https:\/\/x.com\/FCGueugnon_off","https:\/\/www.instagram.com\/fcgueugnon\/","https:\/\/www.linkedin.com\/company\/football-club-de-gueugnon\/","https:\/\/www.youtube.com\/user\/FCGueugnonnais","https:\/\/fr.wikipedia.org\/wiki\/Football_Club_de_Gueugnon"]},{"@type":"Person","@id":"https:\/\/www.fcgueugnon.fr\/site\/#\/schema\/person\/829630bfb5d6f3ebe4d296b75687c01a","name":"FC Gueugnon","url":"https:\/\/www.fcgueugnon.fr\/site\/author\/g-avin1"}]}},"rttpg_featured_image_url":{"full":["https:\/\/www.fcgueugnon.fr\/site\/wp-content\/uploads\/2022\/08\/interview-richard-trivino-au-micro-tournoi-scaled.jpg",2560,1707,false],"landscape":["https:\/\/www.fcgueugnon.fr\/site\/wp-content\/uploads\/2022\/08\/interview-richard-trivino-au-micro-tournoi-scaled.jpg",2560,1707,false],"portraits":["https:\/\/www.fcgueugnon.fr\/site\/wp-content\/uploads\/2022\/08\/interview-richard-trivino-au-micro-tournoi-scaled.jpg",2560,1707,false],"thumbnail":["https:\/\/www.fcgueugnon.fr\/site\/wp-content\/uploads\/2022\/08\/interview-richard-trivino-au-micro-tournoi-150x150.jpg",150,150,true],"medium":["https:\/\/www.fcgueugnon.fr\/site\/wp-content\/uploads\/2022\/08\/interview-richard-trivino-au-micro-tournoi-400x267.jpg",400,267,true],"large":["https:\/\/www.fcgueugnon.fr\/site\/wp-content\/uploads\/2022\/08\/interview-richard-trivino-au-micro-tournoi-1024x683.jpg",1024,683,true],"1536x1536":["https:\/\/www.fcgueugnon.fr\/site\/wp-content\/uploads\/2022\/08\/interview-richard-trivino-au-micro-tournoi-1536x1024.jpg",1536,1024,true],"2048x2048":["https:\/\/www.fcgueugnon.fr\/site\/wp-content\/uploads\/2022\/08\/interview-richard-trivino-au-micro-tournoi-2048x1365.jpg",2048,1365,true]},"rttpg_author":{"display_name":"FC Gueugnon","author_link":"https:\/\/www.fcgueugnon.fr\/site\/author\/g-avin1"},"rttpg_comment":0,"rttpg_category":"<a href=\"https:\/\/www.fcgueugnon.fr\/site\/category\/news\/news-2022-2023\" rel=\"category tag\">Archives 2022\/2023<\/a> <a href=\"https:\/\/www.fcgueugnon.fr\/site\/category\/news\" rel=\"category tag\">News<\/a>","rttpg_excerpt":"\u00c0 quelques jours de la reprise du championnat National 3, nous sommes all\u00e9s \u00e0 la rencontre de notre Directeur Sportif : Richard Trivino. Piero : Richard, peux-tu faire le bilan de la saison derni\u00e8re o\u00f9 nous avons jou\u00e9 la mont\u00e9e jusqu&rsquo;au bout ?Bonjour Piero. Si nous ne tenons pas compte de notre dernier match qui\u2026","_links":{"self":[{"href":"https:\/\/www.fcgueugnon.fr\/site\/wp-json\/wp\/v2\/posts\/2819","targetHints":{"allow":["GET"]}}],"collection":[{"href":"https:\/\/www.fcgueugnon.fr\/site\/wp-json\/wp\/v2\/posts"}],"about":[{"href":"https:\/\/www.fcgueugnon.fr\/site\/wp-json\/wp\/v2\/types\/post"}],"author":[{"embeddable":true,"href":"https:\/\/www.fcgueugnon.fr\/site\/wp-json\/wp\/v2\/users\/3"}],"replies":[{"embeddable":true,"href":"https:\/\/www.fcgueugnon.fr\/site\/wp-json\/wp\/v2\/comments?post=2819"}],"version-history":[{"count":7,"href":"https:\/\/www.fcgueugnon.fr\/site\/wp-json\/wp\/v2\/posts\/2819\/revisions"}],"predecessor-version":[{"id":2828,"href":"https:\/\/www.fcgueugnon.fr\/site\/wp-json\/wp\/v2\/posts\/2819\/revisions\/2828"}],"wp:featuredmedia":[{"embeddable":true,"href":"https:\/\/www.fcgueugnon.fr\/site\/wp-json\/wp\/v2\/media\/488"}],"wp:attachment":[{"href":"https:\/\/www.fcgueugnon.fr\/site\/wp-json\/wp\/v2\/media?parent=2819"}],"wp:term":[{"taxonomy":"category","embeddable":true,"href":"https:\/\/www.fcgueugnon.fr\/site\/wp-json\/wp\/v2\/categories?post=2819"},{"taxonomy":"post_tag","embeddable":true,"href":"https:\/\/www.fcgueugnon.fr\/site\/wp-json\/wp\/v2\/tags?post=2819"}],"curies":[{"name":"wp","href":"https:\/\/api.w.org\/{rel}","templated":true}]}}