{"id":2799,"date":"2023-01-06T16:50:48","date_gmt":"2023-01-06T15:50:48","guid":{"rendered":"https:\/\/www.fcgueugnon.fr\/site\/?p=2799"},"modified":"2023-01-06T16:50:51","modified_gmt":"2023-01-06T15:50:51","slug":"interview-les-voeux-du-president-bernard-canard","status":"publish","type":"post","link":"https:\/\/www.fcgueugnon.fr\/site\/interview-les-voeux-du-president-bernard-canard\/2799","title":{"rendered":"[Interview] Les v\u0153ux du pr\u00e9sident Bernard Canard"},"content":{"rendered":"\n<h2 class=\"wp-block-heading\"><strong><strong>Alors que la reprise des championnats n\u2019a pas encore sonn\u00e9e, notre Pr\u00e9sident Bernard Canard vous adresse ses v\u0153ux pour 2023.<\/strong><\/strong><\/h2>\n\n\n\n<div style=\"height:60px\" aria-hidden=\"true\" class=\"wp-block-spacer\"><\/div>\n\n\n<div class=\"wp-block-image\">\n<figure class=\"aligncenter size-large is-resized\"><img loading=\"lazy\" decoding=\"async\" src=\"https:\/\/www.fcgueugnon.fr\/site\/wp-content\/uploads\/2023\/01\/interview-et-video-les-voeux-du-president-bernard-canard-2023-1024x576.png\" alt=\"\" class=\"wp-image-2816\" width=\"768\" height=\"432\" srcset=\"https:\/\/www.fcgueugnon.fr\/site\/wp-content\/uploads\/2023\/01\/interview-et-video-les-voeux-du-president-bernard-canard-2023-1024x576.png 1024w, https:\/\/www.fcgueugnon.fr\/site\/wp-content\/uploads\/2023\/01\/interview-et-video-les-voeux-du-president-bernard-canard-2023-400x225.png 400w, https:\/\/www.fcgueugnon.fr\/site\/wp-content\/uploads\/2023\/01\/interview-et-video-les-voeux-du-president-bernard-canard-2023-768x432.png 768w, https:\/\/www.fcgueugnon.fr\/site\/wp-content\/uploads\/2023\/01\/interview-et-video-les-voeux-du-president-bernard-canard-2023-1536x864.png 1536w, https:\/\/www.fcgueugnon.fr\/site\/wp-content\/uploads\/2023\/01\/interview-et-video-les-voeux-du-president-bernard-canard-2023-1320x743.png 1320w, https:\/\/www.fcgueugnon.fr\/site\/wp-content\/uploads\/2023\/01\/interview-et-video-les-voeux-du-president-bernard-canard-2023-600x338.png 600w, https:\/\/www.fcgueugnon.fr\/site\/wp-content\/uploads\/2023\/01\/interview-et-video-les-voeux-du-president-bernard-canard-2023.png 1920w\" sizes=\"auto, (max-width: 768px) 100vw, 768px\" \/><\/figure>\n<\/div>\n\n\n<div style=\"height:60px\" aria-hidden=\"true\" class=\"wp-block-spacer\"><\/div>\n\n\n\n<p><strong>Piero : <strong>Bonjour Pr\u00e9sident, comment allez-vous en ces temps compliqu\u00e9s avec les pand\u00e9mies, les crises \u00e9nerg\u00e9tiques et climatiques &#8230; votre emploi du temps professionnel charg\u00e9 et la&nbsp;pr\u00e9sidence du club<\/strong> ?<\/strong><br>Bonjour.  Je vais parfaitement bien malgr\u00e9 une charge de travail importante qui ne me permet pas de profiter pleinement de quelques moments de d\u00e9tente. En compl\u00e9ment, j&rsquo;ai pris la Pr\u00e9sidence du MEDEF Allier depuis le 1er Octobre 2022 pour une dur\u00e9e de 3 ans. En ce qui concerne les entreprises, la p\u00e9riode \u00e9tait d\u00e9j\u00e0 compliqu\u00e9e. Elle s&rsquo;aggrave depuis cette fameuse crise \u00e9nerg\u00e9tique avec des tarifs exorbitants, des d\u00e9lestages annonc\u00e9s&#8230; Dans quel monde sommes-nous pour avoir de telles annonces ? C&rsquo;est inconcevable\u2026<\/p>\n\n\n\n<div style=\"height:24px\" aria-hidden=\"true\" class=\"wp-block-spacer\"><\/div>\n\n\n\n<p><strong>Le FCG est devenu \u00ab\u00a0une entreprise\u00a0\u00bb forte d&rsquo;une quarantaine de salari\u00e9s et&nbsp;joue un r\u00f4le d&rsquo;acteur \u00e9conomique, social et sportif de notre r\u00e9gion. C&rsquo;est une certaine satisfaction pour vous ?<\/strong><br>Oui, c&rsquo;est une grande satisfaction. Le FCG est une grande entreprise sur Gueugnon et doit \u00eatre trait\u00e9e comme telle. Les 40 salari\u00e9s du club repr\u00e9sentent des emplois et permettent de faire vivre des familles, des commerces etc&#8230; Sur le plan sportif, l&rsquo;action men\u00e9e sur l&rsquo;encadrement de nos jeunes forgerons avec notamment 23 \u00e9ducateurs dipl\u00f4m\u00e9s a port\u00e9 ses fruits. D\u00e9sormais, nos \u00e9quipes \u00e9voluent toutes au plus haut niveau r\u00e9gional, c&rsquo;est une grande satisfaction. Nous allons poursuivre nos efforts en ce sens dans les ann\u00e9es futures.<\/p>\n\n\n\n<div style=\"height:30px\" aria-hidden=\"true\" class=\"wp-block-spacer\"><\/div>\n\n\n\n<div class=\"wp-block-media-text alignwide is-stacked-on-mobile\"><figure class=\"wp-block-media-text__media\"><img loading=\"lazy\" decoding=\"async\" width=\"1024\" height=\"683\" src=\"https:\/\/www.fcgueugnon.fr\/site\/wp-content\/uploads\/2022\/09\/FCG-Journee-des-forgerons-2022-7-1024x683.jpg\" alt=\"\" class=\"wp-image-1242 size-full\" srcset=\"https:\/\/www.fcgueugnon.fr\/site\/wp-content\/uploads\/2022\/09\/FCG-Journee-des-forgerons-2022-7-1024x683.jpg 1024w, https:\/\/www.fcgueugnon.fr\/site\/wp-content\/uploads\/2022\/09\/FCG-Journee-des-forgerons-2022-7-400x267.jpg 400w, https:\/\/www.fcgueugnon.fr\/site\/wp-content\/uploads\/2022\/09\/FCG-Journee-des-forgerons-2022-7-768x512.jpg 768w, https:\/\/www.fcgueugnon.fr\/site\/wp-content\/uploads\/2022\/09\/FCG-Journee-des-forgerons-2022-7-1320x880.jpg 1320w, https:\/\/www.fcgueugnon.fr\/site\/wp-content\/uploads\/2022\/09\/FCG-Journee-des-forgerons-2022-7.jpg 1329w\" sizes=\"auto, (max-width: 1024px) 100vw, 1024px\" \/><\/figure><div class=\"wp-block-media-text__content\">\n<p class=\"has-medium-font-size\"><em>\u00ab Le FC Gueugnon attire plus que jamais. Notre encadrement (\u00e9ducateurs, entra\u00eeneurs, responsables jeunes&#8230;) est une des causes principales de ce d\u00e9veloppement. \u00c0 ce jour, la structure que l&rsquo;on propose n&rsquo;a pas d&rsquo;\u00e9quivalent sur notre territoire. \u00bb<\/em><\/p>\n<\/div><\/div>\n\n\n\n<div style=\"height:50px\" aria-hidden=\"true\" class=\"wp-block-spacer\"><\/div>\n\n\n\n<p><strong><strong>Nous avons un symbole important avec la section Baby forgeron qui peut compter sur 17 jeunes. Le FCG attire \u00e0 nouveau ?<\/strong><\/strong><br>Le nombre de licenci\u00e9s a fortement augment\u00e9 dans toutes les cat\u00e9gories de la Sport E.Leclerc Acad\u00e9mie. Le FC Gueugnon attire plus que jamais. Notre encadrement (\u00e9ducateurs, entra\u00eeneurs, responsables jeunes&#8230;) est une des causes principales de ce d\u00e9veloppement. \u00c0 ce jour, la structure que l&rsquo;on propose n&rsquo;a pas d&rsquo;\u00e9quivalent sur notre territoire.<\/p>\n\n\n\n<div style=\"height:25px\" aria-hidden=\"true\" class=\"wp-block-spacer\"><\/div>\n\n\n\n<p><strong>Le club poursuit \u00e9galement son d\u00e9veloppement au niveau du football f\u00e9minin et de l&rsquo;arbitrage &#8230;<\/strong><br>Effectivement, ce sont deux sujets qui revenaient en boucle depuis 2011, et qui, avec\u00a0pers\u00e9v\u00e9rance d&rsquo;ann\u00e9e en ann\u00e9e, trouvent leur aboutissement. Nous devons cependant continuer \u00e0 progresser et \u00e0 se d\u00e9velopper, surtout sur les f\u00e9minines. Concernant l&rsquo;arbitrage, le sujet a \u00e9t\u00e9 pris en main de ma\u00eetre par Philippe Lauvernier.\u00a0Je f\u00e9licite ce groupe d&rsquo;arbitres qui permet au club d&rsquo;\u00eatre en conformit\u00e9 avec ses obligations. \u00catre arbitre est un exercice passionnant mais qui n&rsquo;est jamais un long fleuve tranquille. Nos arbitres, comme d&rsquo;autres, sont trop souvent confront\u00e9s \u00e0 des invectives sur le terrain et en dehors.\u00a0Merci \u00e0 eux pour leur engagement.<\/p>\n\n\n\n<div style=\"height:30px\" aria-hidden=\"true\" class=\"wp-block-spacer\"><\/div>\n\n\n\n<div class=\"wp-block-media-text alignwide has-media-on-the-right is-stacked-on-mobile\"><div class=\"wp-block-media-text__content\">\n<p class=\"has-medium-font-size\"><em>\u00ab Le budget a fortement augment\u00e9 car de nouveaux partenaires nous ont rejoint, m\u00eame dans cette p\u00e9riode difficile. Ils nous font confiance et je les remercie vivement. Les anciens, qu&rsquo;ils soient publics ou priv\u00e9s, restent fid\u00e8les \u00e9galement. C&rsquo;est donc une grande satisfaction \u00e0 mon niveau. \u00bb<\/em><\/p>\n<\/div><figure class=\"wp-block-media-text__media\"><img loading=\"lazy\" decoding=\"async\" width=\"1024\" height=\"768\" src=\"https:\/\/www.fcgueugnon.fr\/site\/wp-content\/uploads\/2022\/08\/Stade-Jean-Laville-Gueugnon-1024x768.jpg\" alt=\"\" class=\"wp-image-652 size-full\" srcset=\"https:\/\/www.fcgueugnon.fr\/site\/wp-content\/uploads\/2022\/08\/Stade-Jean-Laville-Gueugnon-1024x768.jpg 1024w, https:\/\/www.fcgueugnon.fr\/site\/wp-content\/uploads\/2022\/08\/Stade-Jean-Laville-Gueugnon-400x300.jpg 400w, https:\/\/www.fcgueugnon.fr\/site\/wp-content\/uploads\/2022\/08\/Stade-Jean-Laville-Gueugnon-768x576.jpg 768w, https:\/\/www.fcgueugnon.fr\/site\/wp-content\/uploads\/2022\/08\/Stade-Jean-Laville-Gueugnon-1536x1152.jpg 1536w, https:\/\/www.fcgueugnon.fr\/site\/wp-content\/uploads\/2022\/08\/Stade-Jean-Laville-Gueugnon-1320x990.jpg 1320w, https:\/\/www.fcgueugnon.fr\/site\/wp-content\/uploads\/2022\/08\/Stade-Jean-Laville-Gueugnon.jpg 2048w\" sizes=\"auto, (max-width: 1024px) 100vw, 1024px\" \/><\/figure><\/div>\n\n\n\n<div style=\"height:50px\" aria-hidden=\"true\" class=\"wp-block-spacer\"><\/div>\n\n\n\n<p><strong><strong>C\u00f4t\u00e9 finances<\/strong>, nous notons<strong> encore un budget \u00e0 la hausse, valid\u00e9 en l&rsquo;\u00e9tat par la CRCC <em>(ndlr : DNCG du foot amateur) :<\/em><\/strong><\/strong><br>Le budget a fortement augment\u00e9 car de nouveaux partenaires nous ont rejoint, m\u00eame dans cette p\u00e9riode difficile. Ils nous font confiance et je les remercie vivement. Les anciens, qu&rsquo;ils soient publics ou priv\u00e9s, restent fid\u00e8les \u00e9galement. C&rsquo;est donc une grande satisfaction \u00e0 mon niveau. Les aides \u00e0 l&rsquo;apprentissage nous permettent \u00e9galement d&rsquo;avoir des \u00e9ducateurs \u00e0 disposition de nos jeunes licenci\u00e9s. Certains interviennent aussi dans&nbsp;les EHPAD et rendent ces aides d&rsquo;utilit\u00e9s publiques.<\/p>\n\n\n\n<div style=\"height:25px\" aria-hidden=\"true\" class=\"wp-block-spacer\"><\/div>\n\n\n\n<p><strong>Quels sont les chantiers en cours ? Le terrain synth\u00e9tique est en projet ?<\/strong><br>La plaine du Vieux Fresne co\u00fbte 50 \u00e0 60 000 euros par an au club. Malgr\u00e9 une subvention exceptionnelle de 10 000 \u20ac de la part de la Ville de Gueugnon, c&rsquo;est intenable. Chaque saison, nous partons avec un d\u00e9ficit de 50 000 euros par rapport aux autres clubs, qui eux disposent tous, sans exception, de terrains municipaux. Le terrain synth\u00e9tique est une n\u00e9cessit\u00e9. Le projet est dans les mains de la Mairie.<\/p>\n\n\n\n<div style=\"height:25px\" aria-hidden=\"true\" class=\"wp-block-spacer\"><\/div>\n\n\n\n<p><strong>On a parl\u00e9 des salari\u00e9s, des \u00e9ducateurs, des partenaires&#8230;\u00a0 Le club est tr\u00e8s bien entour\u00e9,\u00a0avec \u00e9galement plus d&rsquo;une centaine de dirigeants et b\u00e9n\u00e9voles. C&rsquo;est une force pour le FCG ?<\/strong><br>L\u00e0 encore, j&rsquo;ai une chance inou\u00efe d&rsquo;\u00eatre aussi bien entour\u00e9. Nous avons des comp\u00e9tences \u00e0 tous les niveaux, que ce soit par l&rsquo;interm\u00e9diaire de nos b\u00e9n\u00e9voles, de nos dirigeants ou de nos salari\u00e9s. Christophe Noluveau <em>(Ndlr : Directeur G\u00e9n\u00e9ral du club)<\/em> est une personne d&rsquo;une grande comp\u00e9tence, qui entraine derri\u00e8re lui un wagon.<\/p>\n\n\n\n<div style=\"height:30px\" aria-hidden=\"true\" class=\"wp-block-spacer\"><\/div>\n\n\n\n<div class=\"wp-block-media-text alignwide is-stacked-on-mobile\"><figure class=\"wp-block-media-text__media\"><img loading=\"lazy\" decoding=\"async\" width=\"1024\" height=\"683\" src=\"https:\/\/www.fcgueugnon.fr\/site\/wp-content\/uploads\/2022\/10\/fc-gueugnon-chamaliere-coupe-de-France-photo-le-jsl-supporters-1024x683.jpg\" alt=\"\" class=\"wp-image-2086 size-full\" srcset=\"https:\/\/www.fcgueugnon.fr\/site\/wp-content\/uploads\/2022\/10\/fc-gueugnon-chamaliere-coupe-de-France-photo-le-jsl-supporters-1024x683.jpg 1024w, https:\/\/www.fcgueugnon.fr\/site\/wp-content\/uploads\/2022\/10\/fc-gueugnon-chamaliere-coupe-de-France-photo-le-jsl-supporters-400x267.jpg 400w, https:\/\/www.fcgueugnon.fr\/site\/wp-content\/uploads\/2022\/10\/fc-gueugnon-chamaliere-coupe-de-France-photo-le-jsl-supporters-768x512.jpg 768w, https:\/\/www.fcgueugnon.fr\/site\/wp-content\/uploads\/2022\/10\/fc-gueugnon-chamaliere-coupe-de-France-photo-le-jsl-supporters-1536x1024.jpg 1536w, https:\/\/www.fcgueugnon.fr\/site\/wp-content\/uploads\/2022\/10\/fc-gueugnon-chamaliere-coupe-de-France-photo-le-jsl-supporters-1320x880.jpg 1320w, https:\/\/www.fcgueugnon.fr\/site\/wp-content\/uploads\/2022\/10\/fc-gueugnon-chamaliere-coupe-de-France-photo-le-jsl-supporters.jpg 1600w\" sizes=\"auto, (max-width: 1024px) 100vw, 1024px\" \/><\/figure><div class=\"wp-block-media-text__content\">\n<p class=\"has-medium-font-size\"><em>\u00ab Je suis extr\u00eamement d\u00e9\u00e7u. [&#8230;] Mais, malgr\u00e9 les r\u00e9sultats actuels, nous faisons confiance \u00e0 ce groupe. Il doit d\u00e9montrer ses r\u00e9elles qualit\u00e9s, contrairement \u00e0 ce qui a \u00e9t\u00e9 fait en premi\u00e8re partie de saison. \u00bb<\/em><\/p>\n<\/div><\/div>\n\n\n\n<div style=\"height:50px\" aria-hidden=\"true\" class=\"wp-block-spacer\"><\/div>\n\n\n\n<p><strong>Quel bilan tirez-vous de cette premi\u00e8re partie de saison du groupe National 3 ?<\/strong><br>Je suis extr\u00eamement d\u00e9\u00e7u. Ce d\u00e9but de saison est incompr\u00e9hensible. Nous avons une obligation de nous remettre \u00e0 flot d\u00e8s le d\u00e9but de l&rsquo;ann\u00e9e 2023 en obtenant des victoires quelque soit notre adversaire. \u00ab&nbsp;Z\u00e9ro&nbsp;\u00bb &nbsp;point de pris en d\u00e9placement, c&rsquo;est du jamais vu. J&rsquo;attends une r\u00e9action de la part des joueurs et du staff.<\/p>\n\n\n\n<div style=\"height:25px\" aria-hidden=\"true\" class=\"wp-block-spacer\"><\/div>\n\n\n\n<p><strong>Le Directeur Sportif du club Richard Trivino a annonc\u00e9 qu&rsquo;il n&rsquo;y aurait pas de mercato cet hiver et qu&rsquo;il faisait confiance \u00e0 ce groupe.\u00a0Quel est votre sentiment en tant que pr\u00e9sident ?<\/strong><br>Les d\u00e9cisions de Richard sont prises en connaissance de cause. Nous validons ensemble toutes les d\u00e9cisions. Un joueur partira peut \u00eatre mais il n&rsquo;est pas s\u00fbr d&rsquo;\u00eatre\u00a0remplac\u00e9. Nous allons \u00e9galement pouvoir nous appuyer sur des retours de blessures comme Fabrice Revuelta, Jean-Pierre Mendy ou encore Anthony Lamonge. Malgr\u00e9 les r\u00e9sultats actuels, nous faisons confiance \u00e0 ce groupe. Il doit d\u00e9montrer ses r\u00e9elles qualit\u00e9s, contrairement \u00e0 ce qui a \u00e9t\u00e9 fait en premi\u00e8re partie de saison.<\/p>\n\n\n\n<div style=\"height:25px\" aria-hidden=\"true\" class=\"wp-block-spacer\"><\/div>\n\n\n\n<p><strong>Les supporters et Ultras Gueugnon continuent de suivre notre \u00e9quipe, que ce soit \u00e0 la maison ou \u00e0 l&rsquo;ext\u00e9rieur. Un fait tr\u00e8s rare en National 3 :<\/strong><br>Merci \u00e0 ce groupe de supporters qui pousse les joueurs m\u00eame dans les moments difficiles.&nbsp;Ils continuent de faire les d\u00e9placements alors que le club n&rsquo;a subi que des d\u00e9faites en d\u00e9placement&#8230;. Je les remercie vivement pour leur fid\u00e9lit\u00e9 et leur soutien.<\/p>\n\n\n\n<div style=\"height:25px\" aria-hidden=\"true\" class=\"wp-block-spacer\"><\/div>\n\n\n\n<p><strong>J&rsquo;ai v\u00e9cu la reprise du FCG en 2011&#8230; Que de progr\u00e8s depuis ! Il ne manque plus que la cerise sur le g\u00e2teau&#8230;<\/strong><br>Merci Piero. J&rsquo;aimerais que ce club monte en National 2. Non pas par orgueil, mais parce qu&rsquo;il le m\u00e9rite \u00e0 tous les niveaux (structure, salari\u00e9s, encadrement, jeunes etc&#8230;). Cette mont\u00e9e donnerait un coup de pouce \u00e0 notre club. Un jour, je laisserai ma place et c&rsquo;est normal, mais j&rsquo;aimerai aussi franchir ce palier.<\/p>\n\n\n\n<div style=\"height:25px\" aria-hidden=\"true\" class=\"wp-block-spacer\"><\/div>\n\n\n\n<p><strong>Quels sont les v\u0153ux que vous souhaiteriez faire \u00e0 toute cette grande famille qu\u2019est le FCG ?<\/strong><br>Des v\u0153ux de sant\u00e9, de prosp\u00e9rit\u00e9 et que cette ann\u00e9e 2023 que l&rsquo;on nous annonce si compliqu\u00e9e soit aussi une ann\u00e9e o\u00f9 chacun d&rsquo;entre nous trouve son chemin dans la difficult\u00e9. Nous avons la chance de vivre dans un pays magnifique o\u00f9 les difficult\u00e9s ne sont pas celles de la France, mais celles d&rsquo;un monde qui bouge. Au niveau sportif, je souhaite une deuxi\u00e8me partie de saison de haute vol\u00e9e. Cela ne tient qu&rsquo;\u00e0 nous.<\/p>\n\n\n\n<div style=\"height:25px\" aria-hidden=\"true\" class=\"wp-block-spacer\"><\/div>\n\n\n\n<blockquote class=\"wp-block-quote is-layout-flow wp-block-quote-is-layout-flow\">\n<p class=\"has-text-align-center has-medium-font-size\"><em>Bonne et heureuse ann\u00e9e 2023 \u00e0 toutes et \u00e0 tous !<\/em><\/p>\n<\/blockquote>\n","protected":false},"excerpt":{"rendered":"<p>Alors que la reprise des championnats n\u2019a pas encore sonn\u00e9e, notre Pr\u00e9sident Bernard Canard vous adresse ses v\u0153ux pour 2023. Piero : Bonjour Pr\u00e9sident, comment allez-vous en ces temps compliqu\u00e9s avec les pand\u00e9mies, les crises \u00e9nerg\u00e9tiques et climatiques &#8230; votre emploi du temps professionnel charg\u00e9 et la&nbsp;pr\u00e9sidence du club ?Bonjour. Je vais parfaitement bien malgr\u00e9 &#8230; <\/p>\n<p class=\"read-more-container\"><a title=\"[Interview] Les v\u0153ux du pr\u00e9sident Bernard Canard\" class=\"read-more button\" href=\"https:\/\/www.fcgueugnon.fr\/site\/interview-les-voeux-du-president-bernard-canard\/2799#more-2799\" aria-label=\"Plus sur [Interview] Les v\u0153ux du pr\u00e9sident Bernard Canard\">Lire la suite<\/a><\/p>\n","protected":false},"author":3,"featured_media":2816,"comment_status":"closed","ping_status":"closed","sticky":true,"template":"","format":"standard","meta":{"footnotes":""},"categories":[5,4],"tags":[35,14],"class_list":["post-2799","post","type-post","status-publish","format-standard","has-post-thumbnail","hentry","category-news-2022-2023","category-news","tag-foot-feminin","tag-sport-e-leclerc-academie-jeunes-formation","infinite-scroll-item","generate-columns","tablet-grid-50","mobile-grid-100","grid-parent","grid-25","resize-featured-image"],"yoast_head":"<!-- This site is optimized with the Yoast SEO plugin v26.6 - https:\/\/yoast.com\/wordpress\/plugins\/seo\/ -->\n<title>[Interview] Les v\u0153ux du pr\u00e9sident Bernard Canard &#8226; FOOTBALL CLUB GUEUGNON<\/title>\n<meta name=\"robots\" content=\"index, follow, max-snippet:-1, max-image-preview:large, max-video-preview:-1\" \/>\n<link rel=\"canonical\" href=\"https:\/\/www.fcgueugnon.fr\/site\/interview-les-voeux-du-president-bernard-canard\/2799\" \/>\n<meta property=\"og:locale\" content=\"fr_FR\" \/>\n<meta property=\"og:type\" content=\"article\" \/>\n<meta property=\"og:title\" content=\"[Interview] Les v\u0153ux du pr\u00e9sident Bernard Canard &#8226; FOOTBALL CLUB GUEUGNON\" \/>\n<meta property=\"og:description\" content=\"Alors que la reprise des championnats n\u2019a pas encore sonn\u00e9e, notre Pr\u00e9sident Bernard Canard vous adresse ses v\u0153ux pour 2023. Piero : Bonjour Pr\u00e9sident, comment allez-vous en ces temps compliqu\u00e9s avec les pand\u00e9mies, les crises \u00e9nerg\u00e9tiques et climatiques &#8230; votre emploi du temps professionnel charg\u00e9 et la&nbsp;pr\u00e9sidence du club ?Bonjour. Je vais parfaitement bien malgr\u00e9 ... Lire la suite\" \/>\n<meta property=\"og:url\" content=\"https:\/\/www.fcgueugnon.fr\/site\/interview-les-voeux-du-president-bernard-canard\/2799\" \/>\n<meta property=\"og:site_name\" content=\"FOOTBALL CLUB GUEUGNON\" \/>\n<meta property=\"article:publisher\" content=\"http:\/\/facebook.com\/FCGueugnon\" \/>\n<meta property=\"article:published_time\" content=\"2023-01-06T15:50:48+00:00\" \/>\n<meta property=\"article:modified_time\" content=\"2023-01-06T15:50:51+00:00\" \/>\n<meta property=\"og:image\" content=\"https:\/\/www.fcgueugnon.fr\/site\/wp-content\/uploads\/2023\/01\/interview-et-video-les-voeux-du-president-bernard-canard-2023.png\" \/>\n\t<meta property=\"og:image:width\" content=\"1920\" \/>\n\t<meta property=\"og:image:height\" content=\"1080\" \/>\n\t<meta property=\"og:image:type\" content=\"image\/png\" \/>\n<meta name=\"author\" content=\"FC Gueugnon\" \/>\n<meta name=\"twitter:card\" content=\"summary_large_image\" \/>\n<meta name=\"twitter:creator\" content=\"@FCGueugnon_off\" \/>\n<meta name=\"twitter:site\" content=\"@FCGueugnon_off\" \/>\n<meta name=\"twitter:label1\" content=\"\u00c9crit par\" \/>\n\t<meta name=\"twitter:data1\" content=\"FC Gueugnon\" \/>\n\t<meta name=\"twitter:label2\" content=\"Dur\u00e9e de lecture estim\u00e9e\" \/>\n\t<meta name=\"twitter:data2\" content=\"8 minutes\" \/>\n<script type=\"application\/ld+json\" class=\"yoast-schema-graph\">{\"@context\":\"https:\/\/schema.org\",\"@graph\":[{\"@type\":\"Article\",\"@id\":\"https:\/\/www.fcgueugnon.fr\/site\/interview-les-voeux-du-president-bernard-canard\/2799#article\",\"isPartOf\":{\"@id\":\"https:\/\/www.fcgueugnon.fr\/site\/interview-les-voeux-du-president-bernard-canard\/2799\"},\"author\":{\"name\":\"FC Gueugnon\",\"@id\":\"https:\/\/www.fcgueugnon.fr\/site\/#\/schema\/person\/829630bfb5d6f3ebe4d296b75687c01a\"},\"headline\":\"[Interview] Les v\u0153ux du pr\u00e9sident Bernard Canard\",\"datePublished\":\"2023-01-06T15:50:48+00:00\",\"dateModified\":\"2023-01-06T15:50:51+00:00\",\"mainEntityOfPage\":{\"@id\":\"https:\/\/www.fcgueugnon.fr\/site\/interview-les-voeux-du-president-bernard-canard\/2799\"},\"wordCount\":1372,\"publisher\":{\"@id\":\"https:\/\/www.fcgueugnon.fr\/site\/#organization\"},\"image\":{\"@id\":\"https:\/\/www.fcgueugnon.fr\/site\/interview-les-voeux-du-president-bernard-canard\/2799#primaryimage\"},\"thumbnailUrl\":\"https:\/\/www.fcgueugnon.fr\/site\/wp-content\/uploads\/2023\/01\/interview-et-video-les-voeux-du-president-bernard-canard-2023.png\",\"keywords\":[\"Foot F\u00e9minin\",\"Sport E.Leclerc Acad\u00e9mie : Jeunes \/ Formation\"],\"articleSection\":[\"Archives 2022\/2023\",\"News\"],\"inLanguage\":\"fr-FR\"},{\"@type\":\"WebPage\",\"@id\":\"https:\/\/www.fcgueugnon.fr\/site\/interview-les-voeux-du-president-bernard-canard\/2799\",\"url\":\"https:\/\/www.fcgueugnon.fr\/site\/interview-les-voeux-du-president-bernard-canard\/2799\",\"name\":\"[Interview] Les v\u0153ux du pr\u00e9sident Bernard Canard &#8226; FOOTBALL CLUB GUEUGNON\",\"isPartOf\":{\"@id\":\"https:\/\/www.fcgueugnon.fr\/site\/#website\"},\"primaryImageOfPage\":{\"@id\":\"https:\/\/www.fcgueugnon.fr\/site\/interview-les-voeux-du-president-bernard-canard\/2799#primaryimage\"},\"image\":{\"@id\":\"https:\/\/www.fcgueugnon.fr\/site\/interview-les-voeux-du-president-bernard-canard\/2799#primaryimage\"},\"thumbnailUrl\":\"https:\/\/www.fcgueugnon.fr\/site\/wp-content\/uploads\/2023\/01\/interview-et-video-les-voeux-du-president-bernard-canard-2023.png\",\"datePublished\":\"2023-01-06T15:50:48+00:00\",\"dateModified\":\"2023-01-06T15:50:51+00:00\",\"breadcrumb\":{\"@id\":\"https:\/\/www.fcgueugnon.fr\/site\/interview-les-voeux-du-president-bernard-canard\/2799#breadcrumb\"},\"inLanguage\":\"fr-FR\",\"potentialAction\":[{\"@type\":\"ReadAction\",\"target\":[\"https:\/\/www.fcgueugnon.fr\/site\/interview-les-voeux-du-president-bernard-canard\/2799\"]}]},{\"@type\":\"ImageObject\",\"inLanguage\":\"fr-FR\",\"@id\":\"https:\/\/www.fcgueugnon.fr\/site\/interview-les-voeux-du-president-bernard-canard\/2799#primaryimage\",\"url\":\"https:\/\/www.fcgueugnon.fr\/site\/wp-content\/uploads\/2023\/01\/interview-et-video-les-voeux-du-president-bernard-canard-2023.png\",\"contentUrl\":\"https:\/\/www.fcgueugnon.fr\/site\/wp-content\/uploads\/2023\/01\/interview-et-video-les-voeux-du-president-bernard-canard-2023.png\",\"width\":1920,\"height\":1080},{\"@type\":\"BreadcrumbList\",\"@id\":\"https:\/\/www.fcgueugnon.fr\/site\/interview-les-voeux-du-president-bernard-canard\/2799#breadcrumb\",\"itemListElement\":[{\"@type\":\"ListItem\",\"position\":1,\"name\":\"Accueil\",\"item\":\"https:\/\/www.fcgueugnon.fr\/site\/\"},{\"@type\":\"ListItem\",\"position\":2,\"name\":\"[Interview] Les v\u0153ux du pr\u00e9sident Bernard Canard\"}]},{\"@type\":\"WebSite\",\"@id\":\"https:\/\/www.fcgueugnon.fr\/site\/#website\",\"url\":\"https:\/\/www.fcgueugnon.fr\/site\/\",\"name\":\"FOOTBALL CLUB GUEUGNON\",\"description\":\"Le Site Officiel des Forgerons\",\"publisher\":{\"@id\":\"https:\/\/www.fcgueugnon.fr\/site\/#organization\"},\"potentialAction\":[{\"@type\":\"SearchAction\",\"target\":{\"@type\":\"EntryPoint\",\"urlTemplate\":\"https:\/\/www.fcgueugnon.fr\/site\/?s={search_term_string}\"},\"query-input\":{\"@type\":\"PropertyValueSpecification\",\"valueRequired\":true,\"valueName\":\"search_term_string\"}}],\"inLanguage\":\"fr-FR\"},{\"@type\":\"Organization\",\"@id\":\"https:\/\/www.fcgueugnon.fr\/site\/#organization\",\"name\":\"FC Gueugnon\",\"url\":\"https:\/\/www.fcgueugnon.fr\/site\/\",\"logo\":{\"@type\":\"ImageObject\",\"inLanguage\":\"fr-FR\",\"@id\":\"https:\/\/www.fcgueugnon.fr\/site\/#\/schema\/logo\/image\/\",\"url\":\"https:\/\/www.fcgueugnon.fr\/site\/wp-content\/uploads\/2022\/07\/cropped-Logo-FCGUEUGNON-low-350x350-1.png\",\"contentUrl\":\"https:\/\/www.fcgueugnon.fr\/site\/wp-content\/uploads\/2022\/07\/cropped-Logo-FCGUEUGNON-low-350x350-1.png\",\"width\":350,\"height\":350,\"caption\":\"FC Gueugnon\"},\"image\":{\"@id\":\"https:\/\/www.fcgueugnon.fr\/site\/#\/schema\/logo\/image\/\"},\"sameAs\":[\"http:\/\/facebook.com\/FCGueugnon\",\"https:\/\/x.com\/FCGueugnon_off\",\"https:\/\/www.instagram.com\/fcgueugnon\/\",\"https:\/\/www.linkedin.com\/company\/football-club-de-gueugnon\/\",\"https:\/\/www.youtube.com\/user\/FCGueugnonnais\",\"https:\/\/fr.wikipedia.org\/wiki\/Football_Club_de_Gueugnon\"]},{\"@type\":\"Person\",\"@id\":\"https:\/\/www.fcgueugnon.fr\/site\/#\/schema\/person\/829630bfb5d6f3ebe4d296b75687c01a\",\"name\":\"FC Gueugnon\",\"url\":\"https:\/\/www.fcgueugnon.fr\/site\/author\/g-avin1\"}]}<\/script>\n<!-- \/ Yoast SEO plugin. -->","yoast_head_json":{"title":"[Interview] Les v\u0153ux du pr\u00e9sident Bernard Canard &#8226; FOOTBALL CLUB GUEUGNON","robots":{"index":"index","follow":"follow","max-snippet":"max-snippet:-1","max-image-preview":"max-image-preview:large","max-video-preview":"max-video-preview:-1"},"canonical":"https:\/\/www.fcgueugnon.fr\/site\/interview-les-voeux-du-president-bernard-canard\/2799","og_locale":"fr_FR","og_type":"article","og_title":"[Interview] Les v\u0153ux du pr\u00e9sident Bernard Canard &#8226; FOOTBALL CLUB GUEUGNON","og_description":"Alors que la reprise des championnats n\u2019a pas encore sonn\u00e9e, notre Pr\u00e9sident Bernard Canard vous adresse ses v\u0153ux pour 2023. Piero : Bonjour Pr\u00e9sident, comment allez-vous en ces temps compliqu\u00e9s avec les pand\u00e9mies, les crises \u00e9nerg\u00e9tiques et climatiques &#8230; votre emploi du temps professionnel charg\u00e9 et la&nbsp;pr\u00e9sidence du club ?Bonjour. Je vais parfaitement bien malgr\u00e9 ... Lire la suite","og_url":"https:\/\/www.fcgueugnon.fr\/site\/interview-les-voeux-du-president-bernard-canard\/2799","og_site_name":"FOOTBALL CLUB GUEUGNON","article_publisher":"http:\/\/facebook.com\/FCGueugnon","article_published_time":"2023-01-06T15:50:48+00:00","article_modified_time":"2023-01-06T15:50:51+00:00","og_image":[{"width":1920,"height":1080,"url":"https:\/\/www.fcgueugnon.fr\/site\/wp-content\/uploads\/2023\/01\/interview-et-video-les-voeux-du-president-bernard-canard-2023.png","type":"image\/png"}],"author":"FC Gueugnon","twitter_card":"summary_large_image","twitter_creator":"@FCGueugnon_off","twitter_site":"@FCGueugnon_off","twitter_misc":{"\u00c9crit par":"FC Gueugnon","Dur\u00e9e de lecture estim\u00e9e":"8 minutes"},"schema":{"@context":"https:\/\/schema.org","@graph":[{"@type":"Article","@id":"https:\/\/www.fcgueugnon.fr\/site\/interview-les-voeux-du-president-bernard-canard\/2799#article","isPartOf":{"@id":"https:\/\/www.fcgueugnon.fr\/site\/interview-les-voeux-du-president-bernard-canard\/2799"},"author":{"name":"FC Gueugnon","@id":"https:\/\/www.fcgueugnon.fr\/site\/#\/schema\/person\/829630bfb5d6f3ebe4d296b75687c01a"},"headline":"[Interview] Les v\u0153ux du pr\u00e9sident Bernard Canard","datePublished":"2023-01-06T15:50:48+00:00","dateModified":"2023-01-06T15:50:51+00:00","mainEntityOfPage":{"@id":"https:\/\/www.fcgueugnon.fr\/site\/interview-les-voeux-du-president-bernard-canard\/2799"},"wordCount":1372,"publisher":{"@id":"https:\/\/www.fcgueugnon.fr\/site\/#organization"},"image":{"@id":"https:\/\/www.fcgueugnon.fr\/site\/interview-les-voeux-du-president-bernard-canard\/2799#primaryimage"},"thumbnailUrl":"https:\/\/www.fcgueugnon.fr\/site\/wp-content\/uploads\/2023\/01\/interview-et-video-les-voeux-du-president-bernard-canard-2023.png","keywords":["Foot F\u00e9minin","Sport E.Leclerc Acad\u00e9mie : Jeunes \/ Formation"],"articleSection":["Archives 2022\/2023","News"],"inLanguage":"fr-FR"},{"@type":"WebPage","@id":"https:\/\/www.fcgueugnon.fr\/site\/interview-les-voeux-du-president-bernard-canard\/2799","url":"https:\/\/www.fcgueugnon.fr\/site\/interview-les-voeux-du-president-bernard-canard\/2799","name":"[Interview] Les v\u0153ux du pr\u00e9sident Bernard Canard &#8226; FOOTBALL CLUB GUEUGNON","isPartOf":{"@id":"https:\/\/www.fcgueugnon.fr\/site\/#website"},"primaryImageOfPage":{"@id":"https:\/\/www.fcgueugnon.fr\/site\/interview-les-voeux-du-president-bernard-canard\/2799#primaryimage"},"image":{"@id":"https:\/\/www.fcgueugnon.fr\/site\/interview-les-voeux-du-president-bernard-canard\/2799#primaryimage"},"thumbnailUrl":"https:\/\/www.fcgueugnon.fr\/site\/wp-content\/uploads\/2023\/01\/interview-et-video-les-voeux-du-president-bernard-canard-2023.png","datePublished":"2023-01-06T15:50:48+00:00","dateModified":"2023-01-06T15:50:51+00:00","breadcrumb":{"@id":"https:\/\/www.fcgueugnon.fr\/site\/interview-les-voeux-du-president-bernard-canard\/2799#breadcrumb"},"inLanguage":"fr-FR","potentialAction":[{"@type":"ReadAction","target":["https:\/\/www.fcgueugnon.fr\/site\/interview-les-voeux-du-president-bernard-canard\/2799"]}]},{"@type":"ImageObject","inLanguage":"fr-FR","@id":"https:\/\/www.fcgueugnon.fr\/site\/interview-les-voeux-du-president-bernard-canard\/2799#primaryimage","url":"https:\/\/www.fcgueugnon.fr\/site\/wp-content\/uploads\/2023\/01\/interview-et-video-les-voeux-du-president-bernard-canard-2023.png","contentUrl":"https:\/\/www.fcgueugnon.fr\/site\/wp-content\/uploads\/2023\/01\/interview-et-video-les-voeux-du-president-bernard-canard-2023.png","width":1920,"height":1080},{"@type":"BreadcrumbList","@id":"https:\/\/www.fcgueugnon.fr\/site\/interview-les-voeux-du-president-bernard-canard\/2799#breadcrumb","itemListElement":[{"@type":"ListItem","position":1,"name":"Accueil","item":"https:\/\/www.fcgueugnon.fr\/site\/"},{"@type":"ListItem","position":2,"name":"[Interview] Les v\u0153ux du pr\u00e9sident Bernard Canard"}]},{"@type":"WebSite","@id":"https:\/\/www.fcgueugnon.fr\/site\/#website","url":"https:\/\/www.fcgueugnon.fr\/site\/","name":"FOOTBALL CLUB GUEUGNON","description":"Le Site Officiel des Forgerons","publisher":{"@id":"https:\/\/www.fcgueugnon.fr\/site\/#organization"},"potentialAction":[{"@type":"SearchAction","target":{"@type":"EntryPoint","urlTemplate":"https:\/\/www.fcgueugnon.fr\/site\/?s={search_term_string}"},"query-input":{"@type":"PropertyValueSpecification","valueRequired":true,"valueName":"search_term_string"}}],"inLanguage":"fr-FR"},{"@type":"Organization","@id":"https:\/\/www.fcgueugnon.fr\/site\/#organization","name":"FC Gueugnon","url":"https:\/\/www.fcgueugnon.fr\/site\/","logo":{"@type":"ImageObject","inLanguage":"fr-FR","@id":"https:\/\/www.fcgueugnon.fr\/site\/#\/schema\/logo\/image\/","url":"https:\/\/www.fcgueugnon.fr\/site\/wp-content\/uploads\/2022\/07\/cropped-Logo-FCGUEUGNON-low-350x350-1.png","contentUrl":"https:\/\/www.fcgueugnon.fr\/site\/wp-content\/uploads\/2022\/07\/cropped-Logo-FCGUEUGNON-low-350x350-1.png","width":350,"height":350,"caption":"FC Gueugnon"},"image":{"@id":"https:\/\/www.fcgueugnon.fr\/site\/#\/schema\/logo\/image\/"},"sameAs":["http:\/\/facebook.com\/FCGueugnon","https:\/\/x.com\/FCGueugnon_off","https:\/\/www.instagram.com\/fcgueugnon\/","https:\/\/www.linkedin.com\/company\/football-club-de-gueugnon\/","https:\/\/www.youtube.com\/user\/FCGueugnonnais","https:\/\/fr.wikipedia.org\/wiki\/Football_Club_de_Gueugnon"]},{"@type":"Person","@id":"https:\/\/www.fcgueugnon.fr\/site\/#\/schema\/person\/829630bfb5d6f3ebe4d296b75687c01a","name":"FC Gueugnon","url":"https:\/\/www.fcgueugnon.fr\/site\/author\/g-avin1"}]}},"rttpg_featured_image_url":{"full":["https:\/\/www.fcgueugnon.fr\/site\/wp-content\/uploads\/2023\/01\/interview-et-video-les-voeux-du-president-bernard-canard-2023.png",1920,1080,false],"landscape":["https:\/\/www.fcgueugnon.fr\/site\/wp-content\/uploads\/2023\/01\/interview-et-video-les-voeux-du-president-bernard-canard-2023.png",1920,1080,false],"portraits":["https:\/\/www.fcgueugnon.fr\/site\/wp-content\/uploads\/2023\/01\/interview-et-video-les-voeux-du-president-bernard-canard-2023.png",1920,1080,false],"thumbnail":["https:\/\/www.fcgueugnon.fr\/site\/wp-content\/uploads\/2023\/01\/interview-et-video-les-voeux-du-president-bernard-canard-2023-150x150.png",150,150,true],"medium":["https:\/\/www.fcgueugnon.fr\/site\/wp-content\/uploads\/2023\/01\/interview-et-video-les-voeux-du-president-bernard-canard-2023-400x225.png",400,225,true],"large":["https:\/\/www.fcgueugnon.fr\/site\/wp-content\/uploads\/2023\/01\/interview-et-video-les-voeux-du-president-bernard-canard-2023-1024x576.png",1024,576,true],"1536x1536":["https:\/\/www.fcgueugnon.fr\/site\/wp-content\/uploads\/2023\/01\/interview-et-video-les-voeux-du-president-bernard-canard-2023-1536x864.png",1536,864,true],"2048x2048":["https:\/\/www.fcgueugnon.fr\/site\/wp-content\/uploads\/2023\/01\/interview-et-video-les-voeux-du-president-bernard-canard-2023.png",1920,1080,false]},"rttpg_author":{"display_name":"FC Gueugnon","author_link":"https:\/\/www.fcgueugnon.fr\/site\/author\/g-avin1"},"rttpg_comment":0,"rttpg_category":"<a href=\"https:\/\/www.fcgueugnon.fr\/site\/category\/news\/news-2022-2023\" rel=\"category tag\">Archives 2022\/2023<\/a> <a href=\"https:\/\/www.fcgueugnon.fr\/site\/category\/news\" rel=\"category tag\">News<\/a>","rttpg_excerpt":"Alors que la reprise des championnats n\u2019a pas encore sonn\u00e9e, notre Pr\u00e9sident Bernard Canard vous adresse ses v\u0153ux pour 2023. Piero : Bonjour Pr\u00e9sident, comment allez-vous en ces temps compliqu\u00e9s avec les pand\u00e9mies, les crises \u00e9nerg\u00e9tiques et climatiques &#8230; votre emploi du temps professionnel charg\u00e9 et la&nbsp;pr\u00e9sidence du club ?Bonjour. Je vais parfaitement bien malgr\u00e9\u2026","_links":{"self":[{"href":"https:\/\/www.fcgueugnon.fr\/site\/wp-json\/wp\/v2\/posts\/2799","targetHints":{"allow":["GET"]}}],"collection":[{"href":"https:\/\/www.fcgueugnon.fr\/site\/wp-json\/wp\/v2\/posts"}],"about":[{"href":"https:\/\/www.fcgueugnon.fr\/site\/wp-json\/wp\/v2\/types\/post"}],"author":[{"embeddable":true,"href":"https:\/\/www.fcgueugnon.fr\/site\/wp-json\/wp\/v2\/users\/3"}],"replies":[{"embeddable":true,"href":"https:\/\/www.fcgueugnon.fr\/site\/wp-json\/wp\/v2\/comments?post=2799"}],"version-history":[{"count":17,"href":"https:\/\/www.fcgueugnon.fr\/site\/wp-json\/wp\/v2\/posts\/2799\/revisions"}],"predecessor-version":[{"id":2827,"href":"https:\/\/www.fcgueugnon.fr\/site\/wp-json\/wp\/v2\/posts\/2799\/revisions\/2827"}],"wp:featuredmedia":[{"embeddable":true,"href":"https:\/\/www.fcgueugnon.fr\/site\/wp-json\/wp\/v2\/media\/2816"}],"wp:attachment":[{"href":"https:\/\/www.fcgueugnon.fr\/site\/wp-json\/wp\/v2\/media?parent=2799"}],"wp:term":[{"taxonomy":"category","embeddable":true,"href":"https:\/\/www.fcgueugnon.fr\/site\/wp-json\/wp\/v2\/categories?post=2799"},{"taxonomy":"post_tag","embeddable":true,"href":"https:\/\/www.fcgueugnon.fr\/site\/wp-json\/wp\/v2\/tags?post=2799"}],"curies":[{"name":"wp","href":"https:\/\/api.w.org\/{rel}","templated":true}]}}