{"id":2774,"date":"2022-12-30T09:08:16","date_gmt":"2022-12-30T08:08:16","guid":{"rendered":"https:\/\/www.fcgueugnon.fr\/site\/?p=2774"},"modified":"2023-05-13T13:12:50","modified_gmt":"2023-05-13T11:12:50","slug":"total-foot-radio-cactus-retrouvez-lemission-du-28-decembre-en-podcast","status":"publish","type":"post","link":"https:\/\/www.fcgueugnon.fr\/site\/total-foot-radio-cactus-retrouvez-lemission-du-28-decembre-en-podcast\/2774","title":{"rendered":"[Total Foot &#8211; Radio Cactus] Retrouvez l&rsquo;\u00e9mission du 28 D\u00e9cembre en podcast !"},"content":{"rendered":"\n<h3 class=\"wp-block-heading\"><strong>Chaque semaine, retrouvez toute l\u2019actualit\u00e9 du FC Gueugnon sur Radio Cactus ! R\u00e9sultats, matchs, buteurs, rien que pour vous sur le 92.2 !<\/strong><\/h3>\n\n\n\n<p>L&rsquo;\u00e9mission Total Foot est disponible tous les mercredis \u00e0 10:15 et \u00e0 18:30 sur Radio Cactus (FM 92.2) mais aussi en replay sur notre site officiel ou sur Mixcloud.com !<\/p>\n\n\n\n<p><strong>L&rsquo;intervenant de cette semaine :<\/strong><\/p>\n\n\n\n<ul class=\"wp-block-list\">\n<li>Anthony Chauvet &#8211; D\u00e9fenseur<\/li>\n<\/ul>\n\n\n\n<p>Site de Radio Cactus : <a href=\"http:\/\/radio-cactus.com\/\" target=\"_blank\" rel=\"noreferrer noopener\">http:\/\/radio-cactus.com\/<\/a><\/p>\n\n\n\n<figure class=\"wp-block-embed is-type-rich is-provider-soundcloud wp-block-embed-soundcloud\"><div class=\"wp-block-embed__wrapper\">\n<iframe loading=\"lazy\" title=\"Total Foot du 28 d\u00e9cembre 2022. by TOTAL FOOT\" width=\"1200\" height=\"400\" scrolling=\"no\" frameborder=\"no\" src=\"https:\/\/w.soundcloud.com\/player\/?visual=true&#038;url=https%3A%2F%2Fapi.soundcloud.com%2Ftracks%2F1409921152&#038;show_artwork=true&#038;maxheight=1000&#038;maxwidth=1200\"><\/iframe>\n<\/div><\/figure>\n","protected":false},"excerpt":{"rendered":"<p>Chaque semaine, retrouvez toute l\u2019actualit\u00e9 du FC Gueugnon sur Radio Cactus ! R\u00e9sultats, matchs, buteurs, rien que pour vous sur le 92.2 ! L&rsquo;\u00e9mission Total Foot est disponible tous les mercredis \u00e0 10:15 et \u00e0 18:30 sur Radio Cactus (FM 92.2) mais aussi en replay sur notre site officiel ou sur Mixcloud.com ! L&rsquo;intervenant de &#8230; <\/p>\n<p class=\"read-more-container\"><a title=\"[Total Foot &#8211; Radio Cactus] Retrouvez l&rsquo;\u00e9mission du 28 D\u00e9cembre en podcast !\" class=\"read-more button\" href=\"https:\/\/www.fcgueugnon.fr\/site\/total-foot-radio-cactus-retrouvez-lemission-du-28-decembre-en-podcast\/2774#more-2774\" aria-label=\"Plus sur [Total Foot &#8211; Radio Cactus] Retrouvez l&rsquo;\u00e9mission du 28 D\u00e9cembre en podcast !\">Lire la suite<\/a><\/p>\n","protected":false},"author":1,"featured_media":473,"comment_status":"closed","ping_status":"closed","sticky":false,"template":"","format":"standard","meta":{"footnotes":""},"categories":[5,4],"tags":[11,12,13],"class_list":["post-2774","post","type-post","status-publish","format-standard","has-post-thumbnail","hentry","category-news-2022-2023","category-news","tag-interview","tag-medias-presse-radio","tag-total-foot","infinite-scroll-item","generate-columns","tablet-grid-50","mobile-grid-100","grid-parent","grid-25","resize-featured-image"],"yoast_head":"<!-- This site is optimized with the Yoast SEO plugin v26.6 - https:\/\/yoast.com\/wordpress\/plugins\/seo\/ -->\n<title>[Total Foot - Radio Cactus] Retrouvez l&#039;\u00e9mission du 28 D\u00e9cembre en podcast ! &#8226; FOOTBALL CLUB GUEUGNON<\/title>\n<meta name=\"robots\" content=\"index, follow, max-snippet:-1, max-image-preview:large, max-video-preview:-1\" \/>\n<link rel=\"canonical\" href=\"https:\/\/www.fcgueugnon.fr\/site\/total-foot-radio-cactus-retrouvez-lemission-du-28-decembre-en-podcast\/2774\" \/>\n<meta property=\"og:locale\" content=\"fr_FR\" \/>\n<meta property=\"og:type\" content=\"article\" \/>\n<meta property=\"og:title\" content=\"[Total Foot - Radio Cactus] Retrouvez l&#039;\u00e9mission du 28 D\u00e9cembre en podcast ! &#8226; FOOTBALL CLUB GUEUGNON\" \/>\n<meta property=\"og:description\" content=\"Chaque semaine, retrouvez toute l\u2019actualit\u00e9 du FC Gueugnon sur Radio Cactus ! R\u00e9sultats, matchs, buteurs, rien que pour vous sur le 92.2 ! L&rsquo;\u00e9mission Total Foot est disponible tous les mercredis \u00e0 10:15 et \u00e0 18:30 sur Radio Cactus (FM 92.2) mais aussi en replay sur notre site officiel ou sur Mixcloud.com ! L&rsquo;intervenant de ... Lire la suite\" \/>\n<meta property=\"og:url\" content=\"https:\/\/www.fcgueugnon.fr\/site\/total-foot-radio-cactus-retrouvez-lemission-du-28-decembre-en-podcast\/2774\" \/>\n<meta property=\"og:site_name\" content=\"FOOTBALL CLUB GUEUGNON\" \/>\n<meta property=\"article:publisher\" content=\"http:\/\/facebook.com\/FCGueugnon\" \/>\n<meta property=\"article:published_time\" content=\"2022-12-30T08:08:16+00:00\" \/>\n<meta property=\"article:modified_time\" content=\"2023-05-13T11:12:50+00:00\" \/>\n<meta property=\"og:image\" content=\"https:\/\/www.fcgueugnon.fr\/site\/wp-content\/uploads\/2022\/08\/Podcast-FCGueugnon-Radio-Cactus-TOTAL-FOOT-1024x576.png\" \/>\n\t<meta property=\"og:image:width\" content=\"1024\" \/>\n\t<meta property=\"og:image:height\" content=\"576\" \/>\n\t<meta property=\"og:image:type\" content=\"image\/png\" \/>\n<meta name=\"author\" content=\"FC Gueugnon\" \/>\n<meta name=\"twitter:card\" content=\"summary_large_image\" \/>\n<meta name=\"twitter:creator\" content=\"@FCGueugnon_off\" \/>\n<meta name=\"twitter:site\" content=\"@FCGueugnon_off\" \/>\n<meta name=\"twitter:label1\" content=\"\u00c9crit par\" \/>\n\t<meta name=\"twitter:data1\" content=\"FC Gueugnon\" \/>\n\t<meta name=\"twitter:label2\" content=\"Dur\u00e9e de lecture estim\u00e9e\" \/>\n\t<meta name=\"twitter:data2\" content=\"1 minute\" \/>\n<script type=\"application\/ld+json\" class=\"yoast-schema-graph\">{\"@context\":\"https:\/\/schema.org\",\"@graph\":[{\"@type\":\"Article\",\"@id\":\"https:\/\/www.fcgueugnon.fr\/site\/total-foot-radio-cactus-retrouvez-lemission-du-28-decembre-en-podcast\/2774#article\",\"isPartOf\":{\"@id\":\"https:\/\/www.fcgueugnon.fr\/site\/total-foot-radio-cactus-retrouvez-lemission-du-28-decembre-en-podcast\/2774\"},\"author\":{\"name\":\"FC Gueugnon\",\"@id\":\"https:\/\/www.fcgueugnon.fr\/site\/#\/schema\/person\/f6444fbdd35fa731ee974c03508738fb\"},\"headline\":\"[Total Foot &#8211; Radio Cactus] Retrouvez l&rsquo;\u00e9mission du 28 D\u00e9cembre en podcast !\",\"datePublished\":\"2022-12-30T08:08:16+00:00\",\"dateModified\":\"2023-05-13T11:12:50+00:00\",\"mainEntityOfPage\":{\"@id\":\"https:\/\/www.fcgueugnon.fr\/site\/total-foot-radio-cactus-retrouvez-lemission-du-28-decembre-en-podcast\/2774\"},\"wordCount\":95,\"publisher\":{\"@id\":\"https:\/\/www.fcgueugnon.fr\/site\/#organization\"},\"image\":{\"@id\":\"https:\/\/www.fcgueugnon.fr\/site\/total-foot-radio-cactus-retrouvez-lemission-du-28-decembre-en-podcast\/2774#primaryimage\"},\"thumbnailUrl\":\"https:\/\/www.fcgueugnon.fr\/site\/wp-content\/uploads\/2022\/08\/Podcast-FCGueugnon-Radio-Cactus-TOTAL-FOOT.png\",\"keywords\":[\"Interview\",\"M\u00e9dias : Presse &amp; Radio\",\"Total Foot\"],\"articleSection\":[\"Archives 2022\/2023\",\"News\"],\"inLanguage\":\"fr-FR\"},{\"@type\":\"WebPage\",\"@id\":\"https:\/\/www.fcgueugnon.fr\/site\/total-foot-radio-cactus-retrouvez-lemission-du-28-decembre-en-podcast\/2774\",\"url\":\"https:\/\/www.fcgueugnon.fr\/site\/total-foot-radio-cactus-retrouvez-lemission-du-28-decembre-en-podcast\/2774\",\"name\":\"[Total Foot - Radio Cactus] Retrouvez l'\u00e9mission du 28 D\u00e9cembre en podcast ! &#8226; FOOTBALL CLUB GUEUGNON\",\"isPartOf\":{\"@id\":\"https:\/\/www.fcgueugnon.fr\/site\/#website\"},\"primaryImageOfPage\":{\"@id\":\"https:\/\/www.fcgueugnon.fr\/site\/total-foot-radio-cactus-retrouvez-lemission-du-28-decembre-en-podcast\/2774#primaryimage\"},\"image\":{\"@id\":\"https:\/\/www.fcgueugnon.fr\/site\/total-foot-radio-cactus-retrouvez-lemission-du-28-decembre-en-podcast\/2774#primaryimage\"},\"thumbnailUrl\":\"https:\/\/www.fcgueugnon.fr\/site\/wp-content\/uploads\/2022\/08\/Podcast-FCGueugnon-Radio-Cactus-TOTAL-FOOT.png\",\"datePublished\":\"2022-12-30T08:08:16+00:00\",\"dateModified\":\"2023-05-13T11:12:50+00:00\",\"breadcrumb\":{\"@id\":\"https:\/\/www.fcgueugnon.fr\/site\/total-foot-radio-cactus-retrouvez-lemission-du-28-decembre-en-podcast\/2774#breadcrumb\"},\"inLanguage\":\"fr-FR\",\"potentialAction\":[{\"@type\":\"ReadAction\",\"target\":[\"https:\/\/www.fcgueugnon.fr\/site\/total-foot-radio-cactus-retrouvez-lemission-du-28-decembre-en-podcast\/2774\"]}]},{\"@type\":\"ImageObject\",\"inLanguage\":\"fr-FR\",\"@id\":\"https:\/\/www.fcgueugnon.fr\/site\/total-foot-radio-cactus-retrouvez-lemission-du-28-decembre-en-podcast\/2774#primaryimage\",\"url\":\"https:\/\/www.fcgueugnon.fr\/site\/wp-content\/uploads\/2022\/08\/Podcast-FCGueugnon-Radio-Cactus-TOTAL-FOOT.png\",\"contentUrl\":\"https:\/\/www.fcgueugnon.fr\/site\/wp-content\/uploads\/2022\/08\/Podcast-FCGueugnon-Radio-Cactus-TOTAL-FOOT.png\",\"width\":3556,\"height\":2000},{\"@type\":\"BreadcrumbList\",\"@id\":\"https:\/\/www.fcgueugnon.fr\/site\/total-foot-radio-cactus-retrouvez-lemission-du-28-decembre-en-podcast\/2774#breadcrumb\",\"itemListElement\":[{\"@type\":\"ListItem\",\"position\":1,\"name\":\"Accueil\",\"item\":\"https:\/\/www.fcgueugnon.fr\/site\/\"},{\"@type\":\"ListItem\",\"position\":2,\"name\":\"[Total Foot &#8211; Radio Cactus] Retrouvez l&rsquo;\u00e9mission du 28 D\u00e9cembre en podcast !\"}]},{\"@type\":\"WebSite\",\"@id\":\"https:\/\/www.fcgueugnon.fr\/site\/#website\",\"url\":\"https:\/\/www.fcgueugnon.fr\/site\/\",\"name\":\"FOOTBALL CLUB GUEUGNON\",\"description\":\"Le Site Officiel des Forgerons\",\"publisher\":{\"@id\":\"https:\/\/www.fcgueugnon.fr\/site\/#organization\"},\"potentialAction\":[{\"@type\":\"SearchAction\",\"target\":{\"@type\":\"EntryPoint\",\"urlTemplate\":\"https:\/\/www.fcgueugnon.fr\/site\/?s={search_term_string}\"},\"query-input\":{\"@type\":\"PropertyValueSpecification\",\"valueRequired\":true,\"valueName\":\"search_term_string\"}}],\"inLanguage\":\"fr-FR\"},{\"@type\":\"Organization\",\"@id\":\"https:\/\/www.fcgueugnon.fr\/site\/#organization\",\"name\":\"FC Gueugnon\",\"url\":\"https:\/\/www.fcgueugnon.fr\/site\/\",\"logo\":{\"@type\":\"ImageObject\",\"inLanguage\":\"fr-FR\",\"@id\":\"https:\/\/www.fcgueugnon.fr\/site\/#\/schema\/logo\/image\/\",\"url\":\"https:\/\/www.fcgueugnon.fr\/site\/wp-content\/uploads\/2022\/07\/cropped-Logo-FCGUEUGNON-low-350x350-1.png\",\"contentUrl\":\"https:\/\/www.fcgueugnon.fr\/site\/wp-content\/uploads\/2022\/07\/cropped-Logo-FCGUEUGNON-low-350x350-1.png\",\"width\":350,\"height\":350,\"caption\":\"FC Gueugnon\"},\"image\":{\"@id\":\"https:\/\/www.fcgueugnon.fr\/site\/#\/schema\/logo\/image\/\"},\"sameAs\":[\"http:\/\/facebook.com\/FCGueugnon\",\"https:\/\/x.com\/FCGueugnon_off\",\"https:\/\/www.instagram.com\/fcgueugnon\/\",\"https:\/\/www.linkedin.com\/company\/football-club-de-gueugnon\/\",\"https:\/\/www.youtube.com\/user\/FCGueugnonnais\",\"https:\/\/fr.wikipedia.org\/wiki\/Football_Club_de_Gueugnon\"]},{\"@type\":\"Person\",\"@id\":\"https:\/\/www.fcgueugnon.fr\/site\/#\/schema\/person\/f6444fbdd35fa731ee974c03508738fb\",\"name\":\"FC Gueugnon\",\"sameAs\":[\"https:\/\/www.fcgueugnon.fr\/site\"],\"url\":\"https:\/\/www.fcgueugnon.fr\/site\/author\/admin-antho\"}]}<\/script>\n<!-- \/ Yoast SEO plugin. -->","yoast_head_json":{"title":"[Total Foot - Radio Cactus] Retrouvez l'\u00e9mission du 28 D\u00e9cembre en podcast ! &#8226; FOOTBALL CLUB GUEUGNON","robots":{"index":"index","follow":"follow","max-snippet":"max-snippet:-1","max-image-preview":"max-image-preview:large","max-video-preview":"max-video-preview:-1"},"canonical":"https:\/\/www.fcgueugnon.fr\/site\/total-foot-radio-cactus-retrouvez-lemission-du-28-decembre-en-podcast\/2774","og_locale":"fr_FR","og_type":"article","og_title":"[Total Foot - Radio Cactus] Retrouvez l'\u00e9mission du 28 D\u00e9cembre en podcast ! &#8226; FOOTBALL CLUB GUEUGNON","og_description":"Chaque semaine, retrouvez toute l\u2019actualit\u00e9 du FC Gueugnon sur Radio Cactus ! R\u00e9sultats, matchs, buteurs, rien que pour vous sur le 92.2 ! L&rsquo;\u00e9mission Total Foot est disponible tous les mercredis \u00e0 10:15 et \u00e0 18:30 sur Radio Cactus (FM 92.2) mais aussi en replay sur notre site officiel ou sur Mixcloud.com ! L&rsquo;intervenant de ... Lire la suite","og_url":"https:\/\/www.fcgueugnon.fr\/site\/total-foot-radio-cactus-retrouvez-lemission-du-28-decembre-en-podcast\/2774","og_site_name":"FOOTBALL CLUB GUEUGNON","article_publisher":"http:\/\/facebook.com\/FCGueugnon","article_published_time":"2022-12-30T08:08:16+00:00","article_modified_time":"2023-05-13T11:12:50+00:00","og_image":[{"width":1024,"height":576,"url":"https:\/\/www.fcgueugnon.fr\/site\/wp-content\/uploads\/2022\/08\/Podcast-FCGueugnon-Radio-Cactus-TOTAL-FOOT-1024x576.png","type":"image\/png"}],"author":"FC Gueugnon","twitter_card":"summary_large_image","twitter_creator":"@FCGueugnon_off","twitter_site":"@FCGueugnon_off","twitter_misc":{"\u00c9crit par":"FC Gueugnon","Dur\u00e9e de lecture estim\u00e9e":"1 minute"},"schema":{"@context":"https:\/\/schema.org","@graph":[{"@type":"Article","@id":"https:\/\/www.fcgueugnon.fr\/site\/total-foot-radio-cactus-retrouvez-lemission-du-28-decembre-en-podcast\/2774#article","isPartOf":{"@id":"https:\/\/www.fcgueugnon.fr\/site\/total-foot-radio-cactus-retrouvez-lemission-du-28-decembre-en-podcast\/2774"},"author":{"name":"FC Gueugnon","@id":"https:\/\/www.fcgueugnon.fr\/site\/#\/schema\/person\/f6444fbdd35fa731ee974c03508738fb"},"headline":"[Total Foot &#8211; Radio Cactus] Retrouvez l&rsquo;\u00e9mission du 28 D\u00e9cembre en podcast !","datePublished":"2022-12-30T08:08:16+00:00","dateModified":"2023-05-13T11:12:50+00:00","mainEntityOfPage":{"@id":"https:\/\/www.fcgueugnon.fr\/site\/total-foot-radio-cactus-retrouvez-lemission-du-28-decembre-en-podcast\/2774"},"wordCount":95,"publisher":{"@id":"https:\/\/www.fcgueugnon.fr\/site\/#organization"},"image":{"@id":"https:\/\/www.fcgueugnon.fr\/site\/total-foot-radio-cactus-retrouvez-lemission-du-28-decembre-en-podcast\/2774#primaryimage"},"thumbnailUrl":"https:\/\/www.fcgueugnon.fr\/site\/wp-content\/uploads\/2022\/08\/Podcast-FCGueugnon-Radio-Cactus-TOTAL-FOOT.png","keywords":["Interview","M\u00e9dias : Presse &amp; Radio","Total Foot"],"articleSection":["Archives 2022\/2023","News"],"inLanguage":"fr-FR"},{"@type":"WebPage","@id":"https:\/\/www.fcgueugnon.fr\/site\/total-foot-radio-cactus-retrouvez-lemission-du-28-decembre-en-podcast\/2774","url":"https:\/\/www.fcgueugnon.fr\/site\/total-foot-radio-cactus-retrouvez-lemission-du-28-decembre-en-podcast\/2774","name":"[Total Foot - Radio Cactus] Retrouvez l'\u00e9mission du 28 D\u00e9cembre en podcast ! &#8226; FOOTBALL CLUB GUEUGNON","isPartOf":{"@id":"https:\/\/www.fcgueugnon.fr\/site\/#website"},"primaryImageOfPage":{"@id":"https:\/\/www.fcgueugnon.fr\/site\/total-foot-radio-cactus-retrouvez-lemission-du-28-decembre-en-podcast\/2774#primaryimage"},"image":{"@id":"https:\/\/www.fcgueugnon.fr\/site\/total-foot-radio-cactus-retrouvez-lemission-du-28-decembre-en-podcast\/2774#primaryimage"},"thumbnailUrl":"https:\/\/www.fcgueugnon.fr\/site\/wp-content\/uploads\/2022\/08\/Podcast-FCGueugnon-Radio-Cactus-TOTAL-FOOT.png","datePublished":"2022-12-30T08:08:16+00:00","dateModified":"2023-05-13T11:12:50+00:00","breadcrumb":{"@id":"https:\/\/www.fcgueugnon.fr\/site\/total-foot-radio-cactus-retrouvez-lemission-du-28-decembre-en-podcast\/2774#breadcrumb"},"inLanguage":"fr-FR","potentialAction":[{"@type":"ReadAction","target":["https:\/\/www.fcgueugnon.fr\/site\/total-foot-radio-cactus-retrouvez-lemission-du-28-decembre-en-podcast\/2774"]}]},{"@type":"ImageObject","inLanguage":"fr-FR","@id":"https:\/\/www.fcgueugnon.fr\/site\/total-foot-radio-cactus-retrouvez-lemission-du-28-decembre-en-podcast\/2774#primaryimage","url":"https:\/\/www.fcgueugnon.fr\/site\/wp-content\/uploads\/2022\/08\/Podcast-FCGueugnon-Radio-Cactus-TOTAL-FOOT.png","contentUrl":"https:\/\/www.fcgueugnon.fr\/site\/wp-content\/uploads\/2022\/08\/Podcast-FCGueugnon-Radio-Cactus-TOTAL-FOOT.png","width":3556,"height":2000},{"@type":"BreadcrumbList","@id":"https:\/\/www.fcgueugnon.fr\/site\/total-foot-radio-cactus-retrouvez-lemission-du-28-decembre-en-podcast\/2774#breadcrumb","itemListElement":[{"@type":"ListItem","position":1,"name":"Accueil","item":"https:\/\/www.fcgueugnon.fr\/site\/"},{"@type":"ListItem","position":2,"name":"[Total Foot &#8211; Radio Cactus] Retrouvez l&rsquo;\u00e9mission du 28 D\u00e9cembre en podcast !"}]},{"@type":"WebSite","@id":"https:\/\/www.fcgueugnon.fr\/site\/#website","url":"https:\/\/www.fcgueugnon.fr\/site\/","name":"FOOTBALL CLUB GUEUGNON","description":"Le Site Officiel des Forgerons","publisher":{"@id":"https:\/\/www.fcgueugnon.fr\/site\/#organization"},"potentialAction":[{"@type":"SearchAction","target":{"@type":"EntryPoint","urlTemplate":"https:\/\/www.fcgueugnon.fr\/site\/?s={search_term_string}"},"query-input":{"@type":"PropertyValueSpecification","valueRequired":true,"valueName":"search_term_string"}}],"inLanguage":"fr-FR"},{"@type":"Organization","@id":"https:\/\/www.fcgueugnon.fr\/site\/#organization","name":"FC Gueugnon","url":"https:\/\/www.fcgueugnon.fr\/site\/","logo":{"@type":"ImageObject","inLanguage":"fr-FR","@id":"https:\/\/www.fcgueugnon.fr\/site\/#\/schema\/logo\/image\/","url":"https:\/\/www.fcgueugnon.fr\/site\/wp-content\/uploads\/2022\/07\/cropped-Logo-FCGUEUGNON-low-350x350-1.png","contentUrl":"https:\/\/www.fcgueugnon.fr\/site\/wp-content\/uploads\/2022\/07\/cropped-Logo-FCGUEUGNON-low-350x350-1.png","width":350,"height":350,"caption":"FC Gueugnon"},"image":{"@id":"https:\/\/www.fcgueugnon.fr\/site\/#\/schema\/logo\/image\/"},"sameAs":["http:\/\/facebook.com\/FCGueugnon","https:\/\/x.com\/FCGueugnon_off","https:\/\/www.instagram.com\/fcgueugnon\/","https:\/\/www.linkedin.com\/company\/football-club-de-gueugnon\/","https:\/\/www.youtube.com\/user\/FCGueugnonnais","https:\/\/fr.wikipedia.org\/wiki\/Football_Club_de_Gueugnon"]},{"@type":"Person","@id":"https:\/\/www.fcgueugnon.fr\/site\/#\/schema\/person\/f6444fbdd35fa731ee974c03508738fb","name":"FC Gueugnon","sameAs":["https:\/\/www.fcgueugnon.fr\/site"],"url":"https:\/\/www.fcgueugnon.fr\/site\/author\/admin-antho"}]}},"rttpg_featured_image_url":{"full":["https:\/\/www.fcgueugnon.fr\/site\/wp-content\/uploads\/2022\/08\/Podcast-FCGueugnon-Radio-Cactus-TOTAL-FOOT.png",3556,2000,false],"landscape":["https:\/\/www.fcgueugnon.fr\/site\/wp-content\/uploads\/2022\/08\/Podcast-FCGueugnon-Radio-Cactus-TOTAL-FOOT.png",3556,2000,false],"portraits":["https:\/\/www.fcgueugnon.fr\/site\/wp-content\/uploads\/2022\/08\/Podcast-FCGueugnon-Radio-Cactus-TOTAL-FOOT.png",3556,2000,false],"thumbnail":["https:\/\/www.fcgueugnon.fr\/site\/wp-content\/uploads\/2022\/08\/Podcast-FCGueugnon-Radio-Cactus-TOTAL-FOOT-150x150.png",150,150,true],"medium":["https:\/\/www.fcgueugnon.fr\/site\/wp-content\/uploads\/2022\/08\/Podcast-FCGueugnon-Radio-Cactus-TOTAL-FOOT-400x225.png",400,225,true],"large":["https:\/\/www.fcgueugnon.fr\/site\/wp-content\/uploads\/2022\/08\/Podcast-FCGueugnon-Radio-Cactus-TOTAL-FOOT-1024x576.png",1024,576,true],"1536x1536":["https:\/\/www.fcgueugnon.fr\/site\/wp-content\/uploads\/2022\/08\/Podcast-FCGueugnon-Radio-Cactus-TOTAL-FOOT-1536x864.png",1536,864,true],"2048x2048":["https:\/\/www.fcgueugnon.fr\/site\/wp-content\/uploads\/2022\/08\/Podcast-FCGueugnon-Radio-Cactus-TOTAL-FOOT-2048x1152.png",2048,1152,true]},"rttpg_author":{"display_name":"FC Gueugnon","author_link":"https:\/\/www.fcgueugnon.fr\/site\/author\/admin-antho"},"rttpg_comment":0,"rttpg_category":"<a href=\"https:\/\/www.fcgueugnon.fr\/site\/category\/news\/news-2022-2023\" rel=\"category tag\">Archives 2022\/2023<\/a> <a href=\"https:\/\/www.fcgueugnon.fr\/site\/category\/news\" rel=\"category tag\">News<\/a>","rttpg_excerpt":"Chaque semaine, retrouvez toute l\u2019actualit\u00e9 du FC Gueugnon sur Radio Cactus ! R\u00e9sultats, matchs, buteurs, rien que pour vous sur le 92.2 ! L&rsquo;\u00e9mission Total Foot est disponible tous les mercredis \u00e0 10:15 et \u00e0 18:30 sur Radio Cactus (FM 92.2) mais aussi en replay sur notre site officiel ou sur Mixcloud.com ! L&rsquo;intervenant de\u2026","_links":{"self":[{"href":"https:\/\/www.fcgueugnon.fr\/site\/wp-json\/wp\/v2\/posts\/2774","targetHints":{"allow":["GET"]}}],"collection":[{"href":"https:\/\/www.fcgueugnon.fr\/site\/wp-json\/wp\/v2\/posts"}],"about":[{"href":"https:\/\/www.fcgueugnon.fr\/site\/wp-json\/wp\/v2\/types\/post"}],"author":[{"embeddable":true,"href":"https:\/\/www.fcgueugnon.fr\/site\/wp-json\/wp\/v2\/users\/1"}],"replies":[{"embeddable":true,"href":"https:\/\/www.fcgueugnon.fr\/site\/wp-json\/wp\/v2\/comments?post=2774"}],"version-history":[{"count":1,"href":"https:\/\/www.fcgueugnon.fr\/site\/wp-json\/wp\/v2\/posts\/2774\/revisions"}],"predecessor-version":[{"id":2775,"href":"https:\/\/www.fcgueugnon.fr\/site\/wp-json\/wp\/v2\/posts\/2774\/revisions\/2775"}],"wp:featuredmedia":[{"embeddable":true,"href":"https:\/\/www.fcgueugnon.fr\/site\/wp-json\/wp\/v2\/media\/473"}],"wp:attachment":[{"href":"https:\/\/www.fcgueugnon.fr\/site\/wp-json\/wp\/v2\/media?parent=2774"}],"wp:term":[{"taxonomy":"category","embeddable":true,"href":"https:\/\/www.fcgueugnon.fr\/site\/wp-json\/wp\/v2\/categories?post=2774"},{"taxonomy":"post_tag","embeddable":true,"href":"https:\/\/www.fcgueugnon.fr\/site\/wp-json\/wp\/v2\/tags?post=2774"}],"curies":[{"name":"wp","href":"https:\/\/api.w.org\/{rel}","templated":true}]}}