{"id":2635,"date":"2022-12-23T16:59:00","date_gmt":"2022-12-23T15:59:00","guid":{"rendered":"https:\/\/www.fcgueugnon.fr\/site\/?p=2635"},"modified":"2022-12-19T23:05:58","modified_gmt":"2022-12-19T22:05:58","slug":"sport-e-leclerc-academie-le-bilan-de-nos-equipes-a-la-mi-saison","status":"publish","type":"post","link":"https:\/\/www.fcgueugnon.fr\/site\/sport-e-leclerc-academie-le-bilan-de-nos-equipes-a-la-mi-saison\/2635","title":{"rendered":"[Sport E.Leclerc Acad\u00e9mie] Le bilan de nos \u00e9quipes \u00e0 la mi-saison"},"content":{"rendered":"\n<h2 class=\"wp-block-heading\"><strong><strong>En cette p\u00e9riode de tr\u00eave hivernale, nous sommes all\u00e9s \u00e0 la rencontre des responsables de cat\u00e9gories de la Sport E.Leclerc Acad\u00e9mie pour faire un bilan et se projeter sur la seconde partie de saison.<\/strong><\/strong><\/h2>\n\n\n\n<div style=\"height:60px\" aria-hidden=\"true\" class=\"wp-block-spacer\"><\/div>\n\n\n<div class=\"wp-block-image\">\n<figure class=\"aligncenter size-full is-resized\"><img loading=\"lazy\" decoding=\"async\" src=\"https:\/\/www.fcgueugnon.fr\/site\/wp-content\/uploads\/2022\/12\/Photo-officielle-22-23-U18.jpg\" alt=\"\" class=\"wp-image-2643\" width=\"800\" height=\"497\" srcset=\"https:\/\/www.fcgueugnon.fr\/site\/wp-content\/uploads\/2022\/12\/Photo-officielle-22-23-U18.jpg 1600w, https:\/\/www.fcgueugnon.fr\/site\/wp-content\/uploads\/2022\/12\/Photo-officielle-22-23-U18-400x248.jpg 400w, https:\/\/www.fcgueugnon.fr\/site\/wp-content\/uploads\/2022\/12\/Photo-officielle-22-23-U18-1024x636.jpg 1024w, https:\/\/www.fcgueugnon.fr\/site\/wp-content\/uploads\/2022\/12\/Photo-officielle-22-23-U18-768x477.jpg 768w, https:\/\/www.fcgueugnon.fr\/site\/wp-content\/uploads\/2022\/12\/Photo-officielle-22-23-U18-1536x953.jpg 1536w, https:\/\/www.fcgueugnon.fr\/site\/wp-content\/uploads\/2022\/12\/Photo-officielle-22-23-U18-1320x819.jpg 1320w\" sizes=\"auto, (max-width: 800px) 100vw, 800px\" \/><\/figure>\n<\/div>\n\n\n<div style=\"height:20px\" aria-hidden=\"true\" class=\"wp-block-spacer\"><\/div>\n\n\n\n<h3 class=\"has-text-align-center wp-block-heading\"><strong>Cat\u00e9gorie U18 &#8211; Jorge DA CUNHA<\/strong><br>(10\u00e8me : 3V, 6D)<\/h3>\n\n\n\n<div style=\"height:20px\" aria-hidden=\"true\" class=\"wp-block-spacer\"><\/div>\n\n\n\n<p><strong>Peux-tu te pr\u00e9senter, ainsi que ta cat\u00e9gorie ?<\/strong><br>Bonjour, je m&rsquo;appelle Jorge DA CUNHA et je suis l&rsquo;entra\u00eeneur des U18 R1 du FC Gueugnon cette saison.<\/p>\n\n\n\n<div style=\"height:10px\" aria-hidden=\"true\" class=\"wp-block-spacer\"><\/div>\n\n\n\n<p><strong>Quel bilan tires-tu de cette premi\u00e8re partie de saison ?<\/strong><br>La premi\u00e8re partie de saison a \u00e9t\u00e9 compliqu\u00e9e car 90% de mon effectif sont n\u00e9s en 2006. R\u00e9guli\u00e8rement, ils affrontent des joueurs qui ont un an de plus, donc je savais que les premi\u00e8res rencontres allaient \u00eatre difficiles. Mais le but initial \u00e9tait de garder l&rsquo;effectif de l&rsquo;an dernier qui avait fait une tr\u00e8s belle saison en y ajoutant quelques recrues.<\/p>\n\n\n\n<div style=\"height:10px\" aria-hidden=\"true\" class=\"wp-block-spacer\"><\/div>\n\n\n\n<p><strong>Qu\u2019attends-tu de ton groupe \u00e0 la reprise en janvier ? Quelles sont vos ambitions et objectifs pour la seconde partie de saison ?<\/strong><br>J&rsquo;esp\u00e8re que l&rsquo;on sera plus performant sur cette deuxi\u00e8me moiti\u00e9 de saison et que les gar\u00e7ons auront compris l\u2019importance des petits d\u00e9tails qui font la diff\u00e9rence dans le football. L&rsquo;objectif est que le groupe progresse tant sur le plan collectif que sur le plan individuel, de fa\u00e7on \u00e0 les pr\u00e9parer par la suite \u00e0 int\u00e9grer le groupe seniors. En termes de r\u00e9sultats, ce serait bien de se rapprocher du milieu de tableau. Pour une premi\u00e8re ann\u00e9e en U18 R1, ce n&rsquo;est pas facile de rivaliser avec des \u00e9quipes comme le DFCO ou Pontarlier par exemple. Ce sont des villes beaucoup plus importantes que la n\u00f4tre.<\/p>\n\n\n\n<div style=\"height:10px\" aria-hidden=\"true\" class=\"wp-block-spacer\"><\/div>\n\n\n\n<p><strong>As-tu un dernier mot \u00e0 ajouter ?<\/strong><br>Je tiens \u00e0 remercier les \u00e9ducateurs et David Vasco qui font un boulot monstre et j&rsquo;esp\u00e8re que le club r\u00e9ussira \u00e0 p\u00e9renniser les \u00e9quipes de jeunes au plus haut niveau r\u00e9gional. Je souhaite de bonnes f\u00eates de fin d\u2019ann\u00e9e \u00e0 tous les gens du FCG.<\/p>\n\n\n\n<div style=\"height:60px\" aria-hidden=\"true\" class=\"wp-block-spacer\"><\/div>\n\n\n\n<hr class=\"wp-block-separator has-alpha-channel-opacity\"\/>\n\n\n\n<div style=\"height:20px\" aria-hidden=\"true\" class=\"wp-block-spacer\"><\/div>\n\n\n<div class=\"wp-block-image\">\n<figure class=\"aligncenter size-full is-resized\"><img loading=\"lazy\" decoding=\"async\" src=\"https:\/\/www.fcgueugnon.fr\/site\/wp-content\/uploads\/2022\/12\/Photo-officielle-22-23-U16.jpg\" alt=\"\" class=\"wp-image-2647\" width=\"800\" height=\"497\" srcset=\"https:\/\/www.fcgueugnon.fr\/site\/wp-content\/uploads\/2022\/12\/Photo-officielle-22-23-U16.jpg 1600w, https:\/\/www.fcgueugnon.fr\/site\/wp-content\/uploads\/2022\/12\/Photo-officielle-22-23-U16-400x248.jpg 400w, https:\/\/www.fcgueugnon.fr\/site\/wp-content\/uploads\/2022\/12\/Photo-officielle-22-23-U16-1024x636.jpg 1024w, https:\/\/www.fcgueugnon.fr\/site\/wp-content\/uploads\/2022\/12\/Photo-officielle-22-23-U16-768x477.jpg 768w, https:\/\/www.fcgueugnon.fr\/site\/wp-content\/uploads\/2022\/12\/Photo-officielle-22-23-U16-1536x953.jpg 1536w, https:\/\/www.fcgueugnon.fr\/site\/wp-content\/uploads\/2022\/12\/Photo-officielle-22-23-U16-1320x819.jpg 1320w\" sizes=\"auto, (max-width: 800px) 100vw, 800px\" \/><\/figure>\n<\/div>\n\n\n<div style=\"height:20px\" aria-hidden=\"true\" class=\"wp-block-spacer\"><\/div>\n\n\n\n<h3 class=\"has-text-align-center wp-block-heading\"><strong>Cat\u00e9gorie U16 &#8211; Alexandre LAFITTE<\/strong><br>(8\u00e8me : 4V, 1N, 6D)<\/h3>\n\n\n\n<div style=\"height:20px\" aria-hidden=\"true\" class=\"wp-block-spacer\"><\/div>\n\n\n\n<p><strong>Peux-tu te pr\u00e9senter, ainsi que ta cat\u00e9gorie ?<\/strong><br>Je m&rsquo;appelle Alexandre LAFITTE. Je suis arriv\u00e9 en d\u00e9but de saison au FC Gueugnon pour prendre la responsabilit\u00e9 de la cat\u00e9gorie U16 qui \u00e9volue en R1. Les joueurs sont scolaris\u00e9s au Lyc\u00e9e de Digoin et s\u2019entra\u00eenent tous ensemble le mardi matin, le mercredi apr\u00e8s-midi avec une pr\u00e9s\u00e9ance de renforcement musculaire et un temps de travail vid\u00e9o post s\u00e9ance, le jeudi matin et le vendredi en d\u00e9but de soir\u00e9e. Le dimanche est r\u00e9serv\u00e9 \u00e0 la comp\u00e9tition o\u00f9 ils affrontent les meilleures \u00e9quipes de la r\u00e9gion. C\u2019est un championnat g\u00e9ographiquement semblable \u00e0 la National 3.<\/p>\n\n\n\n<p>Le groupe \u00e9tait constitu\u00e9 de 20 joueurs, dont 2 joueurs U15 actuellement en p\u00f4le espoir \u00e0 Dijon et renforc\u00e9 par 5 joueurs venus de l\u2019ext\u00e9rieur. Hormis 2 joueurs de l\u2019effectif qui avaient connu le championnat \u00e9lite en U15, cette g\u00e9n\u00e9ration n\u2019avait jamais connu l\u2019\u00e9lite dans sa pr\u00e9-formation. Concernant les s\u00e9lections inter-secteurs pour l\u2019\u00e9quipe r\u00e9gionale U16, un seul joueur du groupe fut s\u00e9lectionn\u00e9.<\/p>\n\n\n\n<div style=\"height:10px\" aria-hidden=\"true\" class=\"wp-block-spacer\"><\/div>\n\n\n\n<p><strong>Quel bilan tires-tu de cette premi\u00e8re partie de saison ?<\/strong><br>Cette premi\u00e8re partie de saison est tr\u00e8s positive, individuellement comme collectivement puisque les joueurs ont \u00e9t\u00e9 en constante progression. \u00c0 vrai dire, ce groupe \u00e9tait en d\u00e9but de saison volontaire et \u00e0 l\u2019\u00e9coute mais n\u2019avait pas la maturit\u00e9 et la prise de conscience des efforts et concessions que demande le football de bon niveau et du sport de comp\u00e9tition.<\/p>\n\n\n\n<p>Le travail au sein de l\u2019\u00e9quipe \u00e9tait de cr\u00e9er un projet de vie, d\u2019entra\u00eenement et de jeu, c\u2019est-\u00e0-dire fixer un cadre de vie avec ses r\u00e8gles et sa mani\u00e8re de fonctionner, ainsi que de mettre en place une m\u00e9thodologie de travail pour faire assimiler des principes de jeux collectifs. L\u2019objectif \u00e0 travers le fonctionnement est de rendre acteur les joueurs dans leur formation, et de leur donner des cl\u00e9s pour qu\u2019individuellement, ils puissent gagner en maturit\u00e9. Ce fonctionnement s\u2019appuie sur un d\u00e9veloppement triptyque : Scolarit\u00e9, Education, Football o\u00f9 la finalit\u00e9 est de former des joueurs de football, mais aussi des jeunes adolescents \u00e0 vivre ensemble dans la soci\u00e9t\u00e9.<\/p>\n\n\n\n<p>Une part du travail a \u00e9t\u00e9 de d\u00e9velopper la connaissance du travail invisible (nutrition, sommeil, r\u00e9cup\u00e9ration, pr\u00e9vention des blessures), \u00eatre capable de s\u2019analyser, s\u2019auto-\u00e9valuer sur ses performances, ainsi que de d\u00e9velopper la connaissance du jeu et de comprendre les qualit\u00e9s que sollicite son poste. Cette premi\u00e8re partie de saison a permis \u00e0 un tr\u00e8s grand nombre de joueurs de gagner en maturit\u00e9 o\u00f9 de commencer un processus de changement, \u00e0 apprendre l\u2019exigence du travail, du d\u00e9passement de soi, \u00e0 vivre diff\u00e9rentes \u00e9motions, \u00e0 apprendre \u00e0 avoir diff\u00e9rents statuts : non convoqu\u00e9s, rempla\u00e7ants, titulaires, joueurs sortants; primordial dans le processus de formation du jeune footballeur.<\/p>\n\n\n\n<div style=\"height:10px\" aria-hidden=\"true\" class=\"wp-block-spacer\"><\/div>\n\n\n\n<p><strong>Qu\u2019attends-tu de ton groupe \u00e0 la reprise en janvier ? Quelles sont vos ambitions et objectifs pour la seconde partie de saison ?<\/strong><br>Durant la premi\u00e8re partie de saison, le travail a \u00e9t\u00e9 prioritairement de d\u00e9velopper le projet collectif \u00e0 travers le projet de jeu, et l\u2019intelligence de jeu ainsi que de construire un projet de vie et d\u2019inculquer une culture du travail et de l\u2019exigence.<\/p>\n\n\n\n<p>Concernant la seconde partie de saison, le processus de travail va \u00eatre plus individualis\u00e9 o\u00f9, \u00e0 travers une fixation d\u2019objectifs individuels, chaque joueur aura d\u00e9cid\u00e9 un projet individuel avec 4 objectifs dans les 4 facteurs de la performance. L\u2019objectif sera que chaque joueur optimise ses qualit\u00e9s et renforce ses manques.<\/p>\n\n\n\n<p>Concernant le projet collectif, l\u2019objectif va \u00eatre de continuer \u00e0 imposer nos principes de jeu en d\u00e9veloppant la capacit\u00e9 \u00e0 s\u2019adapter \u00e0 diff\u00e9rents contextes de jeu et d\u2019environnement et \u00e0 maintenir un niveau d\u2019exigence et d\u2019ambition.<\/p>\n\n\n\n<div style=\"height:10px\" aria-hidden=\"true\" class=\"wp-block-spacer\"><\/div>\n\n\n\n<p><strong>As-tu un dernier mot \u00e0 ajouter ?<\/strong><br>La r\u00e9ussite ne se r\u00e9sume pas \u00e0 sa finalit\u00e9, mais au chemin parcouru, d\u2019o\u00f9 l\u2019importance de vivre des moments et des \u00e9motions diff\u00e9rentes pour que les jeunes footballeurs se construisent leur propre repr\u00e9sentation du football de comp\u00e9tition. Bonnes f\u00eates \u00e0 tous, le meilleur pour chacun d\u2019entre vous en 2023.<\/p>\n\n\n\n<div style=\"height:60px\" aria-hidden=\"true\" class=\"wp-block-spacer\"><\/div>\n\n\n\n<hr class=\"wp-block-separator has-alpha-channel-opacity\"\/>\n\n\n\n<div style=\"height:20px\" aria-hidden=\"true\" class=\"wp-block-spacer\"><\/div>\n\n\n<div class=\"wp-block-image\">\n<figure class=\"aligncenter size-full is-resized\"><img loading=\"lazy\" decoding=\"async\" src=\"https:\/\/www.fcgueugnon.fr\/site\/wp-content\/uploads\/2022\/12\/Photo-officielle-22-23-U15.jpg\" alt=\"\" class=\"wp-image-2642\" width=\"800\" height=\"497\" srcset=\"https:\/\/www.fcgueugnon.fr\/site\/wp-content\/uploads\/2022\/12\/Photo-officielle-22-23-U15.jpg 1600w, https:\/\/www.fcgueugnon.fr\/site\/wp-content\/uploads\/2022\/12\/Photo-officielle-22-23-U15-400x248.jpg 400w, https:\/\/www.fcgueugnon.fr\/site\/wp-content\/uploads\/2022\/12\/Photo-officielle-22-23-U15-1024x636.jpg 1024w, https:\/\/www.fcgueugnon.fr\/site\/wp-content\/uploads\/2022\/12\/Photo-officielle-22-23-U15-768x477.jpg 768w, https:\/\/www.fcgueugnon.fr\/site\/wp-content\/uploads\/2022\/12\/Photo-officielle-22-23-U15-1536x953.jpg 1536w, https:\/\/www.fcgueugnon.fr\/site\/wp-content\/uploads\/2022\/12\/Photo-officielle-22-23-U15-1320x819.jpg 1320w\" sizes=\"auto, (max-width: 800px) 100vw, 800px\" \/><\/figure>\n<\/div>\n\n\n<div style=\"height:20px\" aria-hidden=\"true\" class=\"wp-block-spacer\"><\/div>\n\n\n\n<h3 class=\"has-text-align-center wp-block-heading\"><strong>Cat\u00e9gorie U15 &#8211; Thomas HAMMOUDI<\/strong><br>(4\u00e8me : 4V, 1N, 5D)<\/h3>\n\n\n\n<div style=\"height:20px\" aria-hidden=\"true\" class=\"wp-block-spacer\"><\/div>\n\n\n\n<p><strong>Peux-tu te pr\u00e9senter, ainsi que ta cat\u00e9gorie ?<\/strong><br>Bonjour, je me pr\u00e9sente Thomas HAMMOUDI, j&rsquo;ai 28 ans. Je suis arriv\u00e9 au club cette saison en provenance de la r\u00e9gion parisienne, et je suis en charge des U15 R1 du club avec 4 entra\u00eenements dans la semaine, un match le week-end.<\/p>\n\n\n\n<div style=\"height:10px\" aria-hidden=\"true\" class=\"wp-block-spacer\"><\/div>\n\n\n\n<p><strong>Quel bilan tires-tu de cette premi\u00e8re partie de saison ?<\/strong><br>Cette premi\u00e8re partie de saison a montr\u00e9 une progression chez les joueurs, \u00e0 la fois individuellement mais \u00e9galement collectivement dans le projet de jeu que nous mettons en place. D&rsquo;un point de vue r\u00e9sultat pur, malheureusement, apr\u00e8s avoir \u00e9t\u00e9 dans la course jusqu&rsquo;\u00e0 tr\u00e8s tard dans la saison, nous ne sommes pas parvenus \u00e0 acc\u00e9der \u00e0 la poule \u00e9lite. Sur nos deux derniers matchs en championnat et coupe, nous avons \u00e9t\u00e9 loin de notre niveau. Nous sommes cependant toujours en lice dans la coupe U15, et avons h\u00e2te de conna\u00eetre notre groupe pour la 2\u00e8me partie de saison qui s&rsquo;annonce passionnante.<\/p>\n\n\n\n<div style=\"height:10px\" aria-hidden=\"true\" class=\"wp-block-spacer\"><\/div>\n\n\n\n<p><strong>Qu\u2019attends-tu de ton groupe \u00e0 la reprise en janvier ? Quelles sont vos ambitions et objectifs pour la seconde partie de saison ?<\/strong><br>D\u00e8s la reprise, l&rsquo;objectif principal du groupe sera de poursuivre notre progression, en particulier \u00e0 l&rsquo;\u00e9chelle d&rsquo;un match. En effet, jusqu&rsquo;\u00e0 pr\u00e9sent, nous manquons de consistance dans la performance, avec de nombreux matchs o\u00f9 notre production collective est bonne sur 40 \u00e0 60 minutes mais rarement sur la dur\u00e9e totale de la rencontre.&nbsp;Concernant les objectifs, ils seront de figurer au mieux en championnat et de d&rsquo;aller le plus loin possible en coupe. C&rsquo;est toujours sympa pour un groupe de vivre ces exp\u00e9riences.&nbsp;<\/p>\n\n\n\n<div style=\"height:10px\" aria-hidden=\"true\" class=\"wp-block-spacer\"><\/div>\n\n\n\n<p><strong>As-tu un dernier mot \u00e0 ajouter ?<\/strong><br>Je tiens \u00e0 remercier l&rsquo;ensemble des personnes du FCG qui, d&rsquo;une part m&rsquo;ont fait confiance pour vous rejoindre, et d&rsquo;autre part ont facilit\u00e9 mon int\u00e9gration au sein du club. Cela fait maintenant un peu plus de 3 mois que j&rsquo;ai rejoins le FC Gueugnon et le premier bilan est tr\u00e8s positif sur ces aspects-l\u00e0. Les nombreux \u00e9changes avec les diff\u00e9rents \u00e9ducateurs sont toujours passionnants et enrichissants.&nbsp;<\/p>\n\n\n\n<p>Pour conclure, je souhaite de joyeuses f\u00eates de fin d&rsquo;ann\u00e9e \u00e0 tout le monde, profitons-en pour nous reposer et recharger les batteries en vue de la deuxi\u00e8me partie de saison.<\/p>\n\n\n\n<div style=\"height:60px\" aria-hidden=\"true\" class=\"wp-block-spacer\"><\/div>\n\n\n\n<hr class=\"wp-block-separator has-alpha-channel-opacity\"\/>\n\n\n\n<div style=\"height:20px\" aria-hidden=\"true\" class=\"wp-block-spacer\"><\/div>\n\n\n<div class=\"wp-block-image\">\n<figure class=\"aligncenter size-full is-resized\"><img loading=\"lazy\" decoding=\"async\" src=\"https:\/\/www.fcgueugnon.fr\/site\/wp-content\/uploads\/2022\/12\/Photo-officielle-22-23-U15F.jpg\" alt=\"\" class=\"wp-image-2645\" width=\"800\" height=\"497\" srcset=\"https:\/\/www.fcgueugnon.fr\/site\/wp-content\/uploads\/2022\/12\/Photo-officielle-22-23-U15F.jpg 1600w, https:\/\/www.fcgueugnon.fr\/site\/wp-content\/uploads\/2022\/12\/Photo-officielle-22-23-U15F-400x248.jpg 400w, https:\/\/www.fcgueugnon.fr\/site\/wp-content\/uploads\/2022\/12\/Photo-officielle-22-23-U15F-1024x636.jpg 1024w, https:\/\/www.fcgueugnon.fr\/site\/wp-content\/uploads\/2022\/12\/Photo-officielle-22-23-U15F-768x477.jpg 768w, https:\/\/www.fcgueugnon.fr\/site\/wp-content\/uploads\/2022\/12\/Photo-officielle-22-23-U15F-1536x953.jpg 1536w, https:\/\/www.fcgueugnon.fr\/site\/wp-content\/uploads\/2022\/12\/Photo-officielle-22-23-U15F-1320x819.jpg 1320w\" sizes=\"auto, (max-width: 800px) 100vw, 800px\" \/><\/figure>\n<\/div>\n\n\n<div style=\"height:20px\" aria-hidden=\"true\" class=\"wp-block-spacer\"><\/div>\n\n\n\n<h3 class=\"has-text-align-center wp-block-heading\"><strong>Cat\u00e9gorie U15F &#8211; Clara COULPIED et Corentin DUCAROUGE<\/strong><br>(1er : 3V, 1N)<\/h3>\n\n\n\n<div style=\"height:20px\" aria-hidden=\"true\" class=\"wp-block-spacer\"><\/div>\n\n\n\n<p><strong>Pouvez-vous vous pr\u00e9senter, ainsi que votre cat\u00e9gorie ?<\/strong><br><em>Corentin :<\/em> Bonjour, je m\u2019appelle Corentin DUCAROUGE, j\u2019ai 22 ans et j\u2019entame ma deuxi\u00e8me saison au FC Gueugnon.<br><em>Clara : <\/em>Bonjour, je suis Clara COULPIED, j\u2019ai 19 ans et c\u2019est ma premi\u00e8re saison au FC Gueugnon.<br>Nous sommes tous les 2 apprentis au FC Gueugnon. Nous faisons un Titre Professionnel Conseiller Commercial avec Formapi. Nous sommes responsables des U15F depuis ce d\u00e9but de saison. Ce groupe est compos\u00e9 de 15 filles sur 3 cat\u00e9gories (U13, U14 et U15) et nous int\u00e9grons 2 filles U16 lors des entra\u00eenements pour les pr\u00e9parer au mieux pour leur match avec l\u2019\u00e9quipe s\u00e9nior le weekend.<\/p>\n\n\n\n<div style=\"height:10px\" aria-hidden=\"true\" class=\"wp-block-spacer\"><\/div>\n\n\n\n<p><strong>Quel bilan tirez-vous de cette premi\u00e8re partie de saison ?<\/strong><br>Nous tirons un bilan positif de cette premi\u00e8re partie de saison puisque les filles finissent en t\u00eate de la phase de brassage en \u00e9tant invaincues et acc\u00e8dent \u00e0 la poule haute pour la deuxi\u00e8me partie de saison. Les filles \u00e9taient g\u00e9n\u00e9ralement nombreuses aux entra\u00eenements et \u00e0 l\u2019\u00e9coute des consignes.<\/p>\n\n\n\n<div style=\"height:10px\" aria-hidden=\"true\" class=\"wp-block-spacer\"><\/div>\n\n\n\n<p><strong>Qu\u2019attendez-vous de votre groupe \u00e0 la reprise en janvier ? Quelles sont vos ambitions et objectifs pour la seconde partie de saison ?<\/strong><br>Nous esp\u00e9rons que les filles viennent toujours aussi nombreuses aux entra\u00eenements et qu\u2019elles travaillent toujours aussi rigoureusement. Sur le plan comp\u00e9tition, nous esp\u00e9rons jouer les premi\u00e8res places dans un groupe au niveau plus relev\u00e9 que lors de la premi\u00e8re partie de saison.<\/p>\n\n\n\n<div style=\"height:10px\" aria-hidden=\"true\" class=\"wp-block-spacer\"><\/div>\n\n\n\n<p><strong>Avez-vous un dernier mot \u00e0 ajouter ?<\/strong><br>Nous souhaitons une bonne ann\u00e9e \u00e0 tous les supporters du FC Gueugnon et une bonne fin de saison \u00e0 toutes les autres \u00e9quipes du club&nbsp;!<\/p>\n\n\n\n<div style=\"height:60px\" aria-hidden=\"true\" class=\"wp-block-spacer\"><\/div>\n\n\n\n<hr class=\"wp-block-separator has-alpha-channel-opacity\"\/>\n\n\n\n<div style=\"height:20px\" aria-hidden=\"true\" class=\"wp-block-spacer\"><\/div>\n\n\n<div class=\"wp-block-image\">\n<figure class=\"aligncenter size-full is-resized\"><img loading=\"lazy\" decoding=\"async\" src=\"https:\/\/www.fcgueugnon.fr\/site\/wp-content\/uploads\/2022\/12\/Photo-officielle-22-23-U14.jpg\" alt=\"\" class=\"wp-image-2640\" width=\"800\" height=\"497\" srcset=\"https:\/\/www.fcgueugnon.fr\/site\/wp-content\/uploads\/2022\/12\/Photo-officielle-22-23-U14.jpg 1600w, https:\/\/www.fcgueugnon.fr\/site\/wp-content\/uploads\/2022\/12\/Photo-officielle-22-23-U14-400x248.jpg 400w, https:\/\/www.fcgueugnon.fr\/site\/wp-content\/uploads\/2022\/12\/Photo-officielle-22-23-U14-1024x636.jpg 1024w, https:\/\/www.fcgueugnon.fr\/site\/wp-content\/uploads\/2022\/12\/Photo-officielle-22-23-U14-768x477.jpg 768w, https:\/\/www.fcgueugnon.fr\/site\/wp-content\/uploads\/2022\/12\/Photo-officielle-22-23-U14-1536x953.jpg 1536w, https:\/\/www.fcgueugnon.fr\/site\/wp-content\/uploads\/2022\/12\/Photo-officielle-22-23-U14-1320x819.jpg 1320w\" sizes=\"auto, (max-width: 800px) 100vw, 800px\" \/><\/figure>\n<\/div>\n\n\n<div style=\"height:20px\" aria-hidden=\"true\" class=\"wp-block-spacer\"><\/div>\n\n\n\n<h3 class=\"has-text-align-center wp-block-heading\"><strong>Cat\u00e9gorie U14 &#8211; Gabriel ROUSSEAU<\/strong><br>(6\u00e8me : 1V, 9D)<\/h3>\n\n\n\n<div style=\"height:20px\" aria-hidden=\"true\" class=\"wp-block-spacer\"><\/div>\n\n\n\n<p><strong>Peux-tu te pr\u00e9senter, ainsi que ta cat\u00e9gorie ?<\/strong><br>Bonjour, je m&rsquo;appelle Gabriel ROUSSEAU, j&rsquo;ai 25 ans et je suis originaire de la Ni\u00e8vre. Cela fait maintenant 3 saisons que je suis salari\u00e9 au club. J&rsquo;ai d\u00e9but\u00e9 en tant que responsable U11 puis U12, avant de passer cette ann\u00e9e sur du \u00ab\u00a0Foot \u00e0 11\u00a0\u00bb avec la prise en charge\u00a0des U14 r\u00e9gionaux.<\/p>\n\n\n\n<p>Le groupe U14 est compos\u00e9 de 19 joueurs dont 3 f\u00e9minines, une au p\u00f4le espoir \u00e0 Dijon, deux en section sportive au DFCO, en plus d&rsquo;un joueur U13 surclass\u00e9. Nous avons quatre s\u00e9ances chaque semaine, du mardi au vendredi en plus du match le samedi apr\u00e8s-midi. Sur la p\u00e9riode hivernale, nous avons \u00e9galement du Futsal le jeudi. Pour m&rsquo;accompagner la semaine, je peux compter sur Jason LUANDA et Basile DELCLAUX (joueurs de l&rsquo;\u00e9quipe N3) en plus d&rsquo;avoir des parents dirigeants qui m&rsquo;accompagnent tous les weekends. Je profite de l&rsquo;occasion pour les remercier de leurs investissements. Ils me sont d&rsquo;une aide capitale. Un grand merci \u00e0 vous.<\/p>\n\n\n\n<div style=\"height:10px\" aria-hidden=\"true\" class=\"wp-block-spacer\"><\/div>\n\n\n\n<p><strong>Quel bilan tires-tu de cette premi\u00e8re partie de saison ?<\/strong><br>La premi\u00e8re partie de la saison est compliqu\u00e9e au niveau des r\u00e9sultats.&nbsp;Nous avons un groupe avec beaucoup de nouveaux joueurs, il faut donc \u00eatre plus patient sur le contenu, et les r\u00e9sultats viendront naturellement par la suite. Je reste cependant tr\u00e8s confiant pour cette deuxi\u00e8me partie de saison. Nous faisons preuve d&rsquo;une grosse progression individuelle et collective. Nous r\u00e9coltons&nbsp;\u00e0 ce jour le fruit de notre travail, avec notamment une belle victoire dans le derby du 71 face \u00e0 Montceau, 3-0.<\/p>\n\n\n\n<div style=\"height:10px\" aria-hidden=\"true\" class=\"wp-block-spacer\"><\/div>\n\n\n\n<p><strong>Qu\u2019attends-tu de ton groupe \u00e0 la reprise en janvier ? Quelles sont vos ambitions et objectifs pour la seconde partie de saison ?<\/strong><br>Pour la deuxi\u00e8me phase de championnat, nous aurons une poule compos\u00e9e de 6 \u00e9quipes, avec l&rsquo;objectif de finir dans les 4 premiers, et ainsi, s&rsquo;assurer une place pour les U15 R1 la saison prochaine. C\u00f4t\u00e9 coupe, apr\u00e8s une belle victoire face au FC Chalon (3-1), nous nous sommes inclin\u00e9s \u00e0 domicile face au FC Paron aux p\u00e9naltys apr\u00e8s un match pourtant nettement maitris\u00e9.<\/p>\n\n\n\n<p>Pour finir, je voulais f\u00e9liciter plusieurs joueuses et joueurs de mon effectif en commen\u00e7ant par Camille MARMILLOT, convoqu\u00e9e en \u00e9quipe de France U15 F\u00e9minine, ainsi que Kelya FIGUEIRA et Lucie ZAK pour leurs s\u00e9lections&nbsp;avec l&rsquo;\u00e9quipe r\u00e9gionale 71 f\u00e9minin et Junior DOVELLE pour sa&nbsp;s\u00e9lection avec l&rsquo;\u00e9quipe r\u00e9gionale 71 masculins. Ceci est gage de la qualit\u00e9 de la formation du club, une r\u00e9compense pour tous les \u00e9ducateurs.<\/p>\n\n\n\n<div style=\"height:10px\" aria-hidden=\"true\" class=\"wp-block-spacer\"><\/div>\n\n\n\n<p><strong>As-tu un dernier mot \u00e0 ajouter ?<\/strong><br>Je vous souhaite \u00e0 toutes et tous de joyeuses f\u00eates de fin d&rsquo;ann\u00e9e, et \u00e0 l&rsquo;ann\u00e9e prochaine au bord des terrains.<\/p>\n\n\n\n<div style=\"height:60px\" aria-hidden=\"true\" class=\"wp-block-spacer\"><\/div>\n\n\n\n<hr class=\"wp-block-separator has-alpha-channel-opacity\"\/>\n\n\n\n<div style=\"height:20px\" aria-hidden=\"true\" class=\"wp-block-spacer\"><\/div>\n\n\n\n<div style=\"height:20px\" aria-hidden=\"true\" class=\"wp-block-spacer\"><\/div>\n\n\n<div class=\"wp-block-image\">\n<figure class=\"aligncenter size-full is-resized\"><img loading=\"lazy\" decoding=\"async\" src=\"https:\/\/www.fcgueugnon.fr\/site\/wp-content\/uploads\/2022\/12\/Photo-officielle-22-23-U12-U13.jpg\" alt=\"\" class=\"wp-image-2636\" width=\"800\" height=\"497\" srcset=\"https:\/\/www.fcgueugnon.fr\/site\/wp-content\/uploads\/2022\/12\/Photo-officielle-22-23-U12-U13.jpg 1600w, https:\/\/www.fcgueugnon.fr\/site\/wp-content\/uploads\/2022\/12\/Photo-officielle-22-23-U12-U13-400x248.jpg 400w, https:\/\/www.fcgueugnon.fr\/site\/wp-content\/uploads\/2022\/12\/Photo-officielle-22-23-U12-U13-1024x636.jpg 1024w, https:\/\/www.fcgueugnon.fr\/site\/wp-content\/uploads\/2022\/12\/Photo-officielle-22-23-U12-U13-768x477.jpg 768w, https:\/\/www.fcgueugnon.fr\/site\/wp-content\/uploads\/2022\/12\/Photo-officielle-22-23-U12-U13-1536x953.jpg 1536w, https:\/\/www.fcgueugnon.fr\/site\/wp-content\/uploads\/2022\/12\/Photo-officielle-22-23-U12-U13-1320x819.jpg 1320w\" sizes=\"auto, (max-width: 800px) 100vw, 800px\" \/><\/figure>\n<\/div>\n\n\n<div style=\"height:20px\" aria-hidden=\"true\" class=\"wp-block-spacer\"><\/div>\n\n\n\n<h3 class=\"has-text-align-center wp-block-heading\"><strong><span><b>Cat\u00e9gorie U12 \/ U13 &#8211; <\/b>Patrick FEDRIGO (U13)<\/span> et Mathis POTIER (U12)<\/strong><br>(U13 | 1er : 8V, 1D)<br>(U12 | 1er : 6V, 1N, 1D)<\/h3>\n\n\n\n<div style=\"height:20px\" aria-hidden=\"true\" class=\"wp-block-spacer\"><\/div>\n\n\n\n<p><strong>Patrick, peux-tu te pr\u00e9senter, ainsi que ton \u00e9quipe ?<\/strong><br>Bonjour, je suis Patrick FEDRIGO et je suis le responsable de la cat\u00e9gorie U13 71. C&rsquo;est ma 5\u00e8me saison au club avec la m\u00eame cat\u00e9gorie. Je peux compter cette saison sur un effectif de 14 joueurs. Il est donc parfois compliqu\u00e9 de faire mes choix le weekend car je dispose de beaucoup de jeunes m\u00e9ritants. Je dispose d&rsquo;une tr\u00e8s bonne g\u00e9n\u00e9ration avec notamment 6 joueurs en d\u00e9tection.<\/p>\n\n\n\n<div style=\"height:10px\" aria-hidden=\"true\" class=\"wp-block-spacer\"><\/div>\n\n\n\n<p><strong>Quel bilan tires-tu de cette premi\u00e8re partie de saison ?<\/strong><br>Le bilan de cette premi\u00e8re partie de saison est excellent puisque nous avons fini champions de la cat\u00e9gorie devant M\u00e2con, Chalon-sur-Sa\u00f4ne, Montceau et Louhans-Cuiseaux.<\/p>\n\n\n\n<div style=\"height:10px\" aria-hidden=\"true\" class=\"wp-block-spacer\"><\/div>\n\n\n\n<p><strong>Qu\u2019attends-tu de ton groupe \u00e0 la reprise en janvier ? Quelles sont vos ambitions et objectifs pour la seconde partie de saison ?<\/strong><br>Nous allons jouer le championnat ligue \u00e0 partir de fin f\u00e9vrier &#8211; d\u00e9but mars. J&rsquo;attends de mon groupe une reprise en janvier bas\u00e9e sur le s\u00e9rieux, le travail et l&rsquo;ambition de bien figurer sur ce championnat relev\u00e9. Afin de bien pr\u00e9parer cette seconde partie de saison, nous avons fix\u00e9 des matchs amicaux et des tournois de Futsal.<\/p>\n\n\n\n<p>J&rsquo;esp\u00e8re tr\u00e8s bien figurer dans le championnat ligue. Nous allons \u00eatre ambitieux pour aller chercher le haut de tableau. La coupe U13 sera \u00e9galement int\u00e9ressante pour nous, avec potentiellement une place en finale r\u00e9gionale \u00e0 aller chercher. Enfin, individuellement, j&rsquo;esp\u00e8re que certains jeunes seront capables d&rsquo;int\u00e9grer un club professionnel ou le p\u00f4le espoir. Ce serait une belle cons\u00e9cration pour cette g\u00e9n\u00e9ration qui ne cesse de progresser. Cette cat\u00e9gorie U13 est tr\u00e8s int\u00e9ressante et la formation que nous proposons est tr\u00e8s importante pour pr\u00e9parer les jeunes \u00e0 int\u00e9grer les effectifs U14R1, U15R1 dans les ann\u00e9es futures.<\/p>\n\n\n\n<div style=\"height:10px\" aria-hidden=\"true\" class=\"wp-block-spacer\"><\/div>\n\n\n\n<p><strong>As-tu un dernier mot \u00e0 ajouter ?<\/strong><br>Les jeunes vont pouvoir se reposer et profiter des vacances scolaires de No\u00ebl&#8230; Je leur souhaite de bonnes f\u00eates de fin d&rsquo;ann\u00e9e !<\/p>\n\n\n\n<div style=\"height:20px\" aria-hidden=\"true\" class=\"wp-block-spacer\"><\/div>\n\n\n\n<p class=\"has-text-align-center\">****************<\/p>\n\n\n\n<div style=\"height:20px\" aria-hidden=\"true\" class=\"wp-block-spacer\"><\/div>\n\n\n\n<p><strong>Mathis, peux-tu te pr\u00e9senter, ainsi que ton \u00e9quipe ?<\/strong><br>Bonjour, je m\u2019appelle Mathis POTIER, j\u2019ai 19 ans et je suis au club depuis deux ans. Cette ann\u00e9e, je suis en charge de la cat\u00e9gorie U12 (g\u00e9n\u00e9ration 2011). \u00c0 c\u00f4t\u00e9, j\u2019interviens en suppl\u00e9ment avec le groupe National 3.&nbsp;La g\u00e9n\u00e9ration U12 se compose de 11 joueurs. C\u2019est un groupe de qualit\u00e9, en perp\u00e9tuelle recherche de progression, qui prend plaisir \u00e0 jouer et progresser ensemble.<\/p>\n\n\n\n<div style=\"height:10px\" aria-hidden=\"true\" class=\"wp-block-spacer\"><\/div>\n\n\n\n<p><strong>Quel bilan tires-tu de cette premi\u00e8re partie de saison ?<\/strong><br>Le bilan est tr\u00e8s positif. Sur le plan individuel, les joueurs sont dans une progression continuelle dans beaucoup d\u2019aspects. Collectivement, c\u2019est un groupe homog\u00e8ne, demandeur de nouvelles choses, souvent en r\u00e9flexion. Ils sont \u00e0 la recherche de la moindre information qui pourrait leur \u00eatre utile dans leur progression.<\/p>\n\n\n\n<p>Au niveau de la comp\u00e9tition, la saison se d\u00e9coupe en deux phases avec une premi\u00e8re phase de septembre \u00e0 d\u00e9cembre o\u00f9 nous avons \u00e9volu\u00e9 dans un championnat de d\u00e9partemental 2. Dans un groupe h\u00e9t\u00e9rog\u00e8ne o\u00f9 nous avons jou\u00e9 une majorit\u00e9 d\u2019\u00e9quipes compos\u00e9es de joueur U13, le d\u00e9ficit physique \u00e9tait pr\u00e9sent.\u00a0Mais nous avons su faire face par de combativit\u00e9 et de l&rsquo;abn\u00e9gation durant ces 4 mois. Au bout de cette premi\u00e8re phase, nous terminons en t\u00eate devant une tr\u00e8s belle \u00e9quipe de Paray. Cette premi\u00e8re place vient r\u00e9compenser les enfants de leur assiduit\u00e9 et de leur rigueur depuis la reprise en Ao\u00fbt.<\/p>\n\n\n\n<p>Nous allons reprendre en f\u00e9vrier dans un championnat de D1 qui sera beaucoup plus relev\u00e9 et homog\u00e8ne. Ce sera forc\u00e9ment plus int\u00e9ressant pour nous et pour notre progression.<\/p>\n\n\n\n<div style=\"height:10px\" aria-hidden=\"true\" class=\"wp-block-spacer\"><\/div>\n\n\n\n<p><strong>Qu\u2019attends-tu de ton groupe \u00e0 la reprise en janvier ? Quelles sont vos ambitions et objectifs pour la seconde partie de saison ?<\/strong><br>\u00c0 la reprise, nous devrons garder le m\u00eame \u00e9tat d\u2019esprit sans se rel\u00e2cher. Mais avant, nous allons recharger les batteries au maximum durant ces vacances bien m\u00e9rit\u00e9es. L\u2019objectif sera de maintenir une progression individuelle et collective durant les prochains mois, et ce, jusqu\u2019\u00e0 la fin de saison.<\/p>\n\n\n\n<p>Niveau comp\u00e9tition, les r\u00e9sultats seront le fruit d\u2019une progression men\u00e9e au quotidien. Pour nous, la comp\u00e9tition n&rsquo;est que du bonus. \u00c9videmment que les joueurs souhaitent terminer le plus haut possible, mais \u00e0 cet \u00e2ge l\u00e0, le plus important reste le contenu que l\u2019on tire en match ou en s\u00e9ances d\u2019entra\u00eenement. L\u2019\u00e9l\u00e9ment num\u00e9ro 1 sera toujours le plaisir.<\/p>\n\n\n\n<div style=\"height:10px\" aria-hidden=\"true\" class=\"wp-block-spacer\"><\/div>\n\n\n\n<p><strong>As-tu un dernier mot \u00e0 ajouter ?<\/strong><br>Que cette nouvelle ann\u00e9e nous apporte de la r\u00e9ussite, sant\u00e9 et prosp\u00e9rit\u00e9 !<\/p>\n\n\n\n<div style=\"height:60px\" aria-hidden=\"true\" class=\"wp-block-spacer\"><\/div>\n\n\n\n<hr class=\"wp-block-separator has-alpha-channel-opacity\"\/>\n\n\n\n<div style=\"height:20px\" aria-hidden=\"true\" class=\"wp-block-spacer\"><\/div>\n\n\n\n<figure class=\"wp-block-gallery has-nested-images columns-2 is-cropped wp-block-gallery-1 is-layout-flex wp-block-gallery-is-layout-flex\">\n<figure class=\"wp-block-image size-large\"><img loading=\"lazy\" decoding=\"async\" width=\"1024\" height=\"635\" data-id=\"2638\" src=\"https:\/\/www.fcgueugnon.fr\/site\/wp-content\/uploads\/2022\/12\/Photo-officielle-22-23-Baby-Ballon-1024x635.jpg\" alt=\"Image gallery image\" class=\"wp-image-2638\" srcset=\"https:\/\/www.fcgueugnon.fr\/site\/wp-content\/uploads\/2022\/12\/Photo-officielle-22-23-Baby-Ballon-1024x635.jpg 1024w, https:\/\/www.fcgueugnon.fr\/site\/wp-content\/uploads\/2022\/12\/Photo-officielle-22-23-Baby-Ballon-400x248.jpg 400w, https:\/\/www.fcgueugnon.fr\/site\/wp-content\/uploads\/2022\/12\/Photo-officielle-22-23-Baby-Ballon-768x476.jpg 768w, https:\/\/www.fcgueugnon.fr\/site\/wp-content\/uploads\/2022\/12\/Photo-officielle-22-23-Baby-Ballon-1536x952.jpg 1536w, https:\/\/www.fcgueugnon.fr\/site\/wp-content\/uploads\/2022\/12\/Photo-officielle-22-23-Baby-Ballon-1320x818.jpg 1320w, https:\/\/www.fcgueugnon.fr\/site\/wp-content\/uploads\/2022\/12\/Photo-officielle-22-23-Baby-Ballon.jpg 1600w\" sizes=\"auto, (max-width: 1024px) 100vw, 1024px\" \/><\/figure>\n\n\n\n<figure class=\"wp-block-image size-large\"><img loading=\"lazy\" decoding=\"async\" width=\"1024\" height=\"636\" data-id=\"2644\" src=\"https:\/\/www.fcgueugnon.fr\/site\/wp-content\/uploads\/2022\/12\/Photo-officielle-22-23-U6-U7-1024x636.jpg\" alt=\"Image gallery image\" class=\"wp-image-2644\" srcset=\"https:\/\/www.fcgueugnon.fr\/site\/wp-content\/uploads\/2022\/12\/Photo-officielle-22-23-U6-U7-1024x636.jpg 1024w, https:\/\/www.fcgueugnon.fr\/site\/wp-content\/uploads\/2022\/12\/Photo-officielle-22-23-U6-U7-400x248.jpg 400w, https:\/\/www.fcgueugnon.fr\/site\/wp-content\/uploads\/2022\/12\/Photo-officielle-22-23-U6-U7-768x477.jpg 768w, https:\/\/www.fcgueugnon.fr\/site\/wp-content\/uploads\/2022\/12\/Photo-officielle-22-23-U6-U7-1536x953.jpg 1536w, https:\/\/www.fcgueugnon.fr\/site\/wp-content\/uploads\/2022\/12\/Photo-officielle-22-23-U6-U7-1320x819.jpg 1320w, https:\/\/www.fcgueugnon.fr\/site\/wp-content\/uploads\/2022\/12\/Photo-officielle-22-23-U6-U7.jpg 1600w\" sizes=\"auto, (max-width: 1024px) 100vw, 1024px\" \/><\/figure>\n\n\n\n<figure class=\"wp-block-image size-large\"><img loading=\"lazy\" decoding=\"async\" width=\"1024\" height=\"636\" data-id=\"2639\" src=\"https:\/\/www.fcgueugnon.fr\/site\/wp-content\/uploads\/2022\/12\/Photo-officielle-22-23-U8-U9-1024x636.jpg\" alt=\"Image gallery image\" class=\"wp-image-2639\" srcset=\"https:\/\/www.fcgueugnon.fr\/site\/wp-content\/uploads\/2022\/12\/Photo-officielle-22-23-U8-U9-1024x636.jpg 1024w, https:\/\/www.fcgueugnon.fr\/site\/wp-content\/uploads\/2022\/12\/Photo-officielle-22-23-U8-U9-400x248.jpg 400w, https:\/\/www.fcgueugnon.fr\/site\/wp-content\/uploads\/2022\/12\/Photo-officielle-22-23-U8-U9-768x477.jpg 768w, https:\/\/www.fcgueugnon.fr\/site\/wp-content\/uploads\/2022\/12\/Photo-officielle-22-23-U8-U9-1536x953.jpg 1536w, https:\/\/www.fcgueugnon.fr\/site\/wp-content\/uploads\/2022\/12\/Photo-officielle-22-23-U8-U9-1320x819.jpg 1320w, https:\/\/www.fcgueugnon.fr\/site\/wp-content\/uploads\/2022\/12\/Photo-officielle-22-23-U8-U9.jpg 1600w\" sizes=\"auto, (max-width: 1024px) 100vw, 1024px\" \/><\/figure>\n\n\n\n<figure class=\"wp-block-image size-large\"><img loading=\"lazy\" decoding=\"async\" width=\"1024\" height=\"636\" data-id=\"2641\" src=\"https:\/\/www.fcgueugnon.fr\/site\/wp-content\/uploads\/2022\/12\/Photo-officielle-22-23-U10-U11-1024x636.jpg\" alt=\"Image gallery image\" class=\"wp-image-2641\" srcset=\"https:\/\/www.fcgueugnon.fr\/site\/wp-content\/uploads\/2022\/12\/Photo-officielle-22-23-U10-U11-1024x636.jpg 1024w, https:\/\/www.fcgueugnon.fr\/site\/wp-content\/uploads\/2022\/12\/Photo-officielle-22-23-U10-U11-400x248.jpg 400w, https:\/\/www.fcgueugnon.fr\/site\/wp-content\/uploads\/2022\/12\/Photo-officielle-22-23-U10-U11-768x477.jpg 768w, https:\/\/www.fcgueugnon.fr\/site\/wp-content\/uploads\/2022\/12\/Photo-officielle-22-23-U10-U11-1536x953.jpg 1536w, https:\/\/www.fcgueugnon.fr\/site\/wp-content\/uploads\/2022\/12\/Photo-officielle-22-23-U10-U11-1320x819.jpg 1320w, https:\/\/www.fcgueugnon.fr\/site\/wp-content\/uploads\/2022\/12\/Photo-officielle-22-23-U10-U11.jpg 1600w\" sizes=\"auto, (max-width: 1024px) 100vw, 1024px\" \/><\/figure>\n<\/figure>\n\n\n\n<div style=\"height:20px\" aria-hidden=\"true\" class=\"wp-block-spacer\"><\/div>\n\n\n\n<h3 class=\"has-text-align-center wp-block-heading\"><strong>\u00c9cole de Football &#8211; Geoffray RICHELET<\/strong><\/h3>\n\n\n\n<div style=\"height:20px\" aria-hidden=\"true\" class=\"wp-block-spacer\"><\/div>\n\n\n\n<p><strong>Peux-tu te pr\u00e9senter ? <\/strong><br>Je m\u2019appelle\u00a0Geoffray RICHELET, j\u2019ai 28 ans et j\u2019entame ma quatri\u00e8me\u00a0saison au\u00a0FCG. Je suis actuellement responsable de l\u2019\u00c9cole de Football\u00a0(Baby Ballon \u00e0\u00a0U11), responsable de la section baby ballon, de la cat\u00e9gorie U6\/U7 en bin\u00f4me avec Olivier GAGNON et de la cat\u00e9gorie U8\/U9. Je poursuis \u00e9galement mon aide sur les projets sportifs et associatifs du club, notamment avec la section sport adapt\u00e9 qui est en pleine ascension.<\/p>\n\n\n\n<div style=\"height:10px\" aria-hidden=\"true\" class=\"wp-block-spacer\"><\/div>\n\n\n\n<p><strong>Peux-tu nous pr\u00e9senter les diff\u00e9rentes cat\u00e9gories ? <\/strong><br>Nous avons 107 joueurs sur la pratique du \u00ab\u00a0foot animation\u00a0\u00bb, encadr\u00e9e par 20 \u00e0 25 \u00e9ducateurs, animateurs et dirigeants. Globalement nous sommes satisfaits de cette premi\u00e8re partie de saison ! L\u2019un des objectifs prioritaires pour le d\u00e9veloppement de l\u2019\u00e9cole de foot \u00e9tait l\u2019instauration d\u2019une identit\u00e9 club dans l\u2019\u00e9tat d\u2019esprit et dans l\u2019animation du jeu. On commence \u00e0 voir les effets de ce travail ! Nous savons que cela prendra du temps mais nous sommes confiants pour la suite.<\/p>\n\n\n\n<div style=\"height:5px\" aria-hidden=\"true\" class=\"wp-block-spacer\"><\/div>\n\n\n\n<p>&#8211; <strong>Section Baby Ballon<\/strong><\/p>\n\n\n\n<p>La pratique du foot \u00e0 cet \u00e2ge doit \u00eatre adapt\u00e9e. Les enfants ont une \u00e9volution et un rythme de vie diff\u00e9rent.&nbsp;L\u2019id\u00e9e est de leur apprendre les bases du football et de leur transmettre cette identit\u00e9 \u00ab Forgeronne \u00bb pour une bonne int\u00e9gration au club.&nbsp;<\/p>\n\n\n\n<p>Depuis la saison derni\u00e8re, nous sommes surpris de son succ\u00e8s. Nous avons 18 enfants cette saison et le groupe progresse bien. Les parents ont la possibilit\u00e9 de participer aux s\u00e9ances. L\u2019ambiance est donc tr\u00e8s conviviale. C\u2019est une approche tr\u00e8s diff\u00e9rente, bas\u00e9e sur des activit\u00e9s ludiques. La priorit\u00e9 est de faire aimer le football aux enfants par le club. Le constat est tr\u00e8s clair : le baby ballon est l\u2019un des facteurs de l\u2019\u00e9volution positive du club sur les jeunes.&nbsp;On commence \u00e0 faire d\u00e9marrer certains U5 qui ont des facilit\u00e9s sur les s\u00e9ances U6\/U7. Cela nous permet de d\u00e9marrer avec une g\u00e9n\u00e9ration U6 d\u00e9j\u00e0 pr\u00eate et avec davantage facilit\u00e9s dans la compr\u00e9hension des r\u00e8gles essentielles et des basiques. Il ne faut pas faire de g\u00e9n\u00e9ralit\u00e9s, mais certains enfants qui passent par le baby ballon ont de l\u2019avance. Je pense \u00e0 certains joueurs de nos g\u00e9n\u00e9rations U6\/U7 actuelles.<\/p>\n\n\n\n<p>La cat\u00e9gorie est encadr\u00e9e par Olivier GAGNON, Sandrine RICHARD et moi-m\u00eame. Nous sommes accompagn\u00e9s par Jules BOULOT, Mathys DIAS et Flavien CHABORT. Je tiens \u00e0 remercier toutes les personnes qui accompagnent cette cat\u00e9gorie pour leur travail exemplaire.<\/p>\n\n\n\n<div style=\"height:5px\" aria-hidden=\"true\" class=\"wp-block-spacer\"><\/div>\n\n\n\n<p>&#8211; <strong>U6\/U7<\/strong><\/p>\n\n\n\n<p>Nous avons un effectif important de 31 enfants. C&rsquo;est une cat\u00e9gorie essentielle, qui doit \u00eatre parfaitement encadr\u00e9e ! Elle est compos\u00e9e de 17 enfants de la g\u00e9n\u00e9ration 2016, et de 14 enfants de la g\u00e9n\u00e9ration 2017. Beaucoup de ces jeunes arrivent du baby ballon et on d\u00e9j\u00e0 quelques notions du football \u00e0 4.<\/p>\n\n\n\n<p>Le groupe progresse bien dans l\u2019ensemble, chacun \u00e0 son rythme, malgr\u00e9 des \u00e9carts de niveaux importants. Les enfants ont une \u00e0 deux s\u00e9ances par semaine. Le weekend, les enfants participent \u00e0 des plateaux \u00ab\u00a0foot \u00e0 4\u00a0\u00bb. Nous pouvons pr\u00e9sent\u00e9 3 \u00e0 4 \u00e9quipes par plateaux et nous avons la chance de pouvoir pr\u00e9senter une \u00e9quipe U7 en surclassement sur du foot \u00e0 5 qui nous surprend chaque weekend.<\/p>\n\n\n\n<p>La cat\u00e9gorie est encadr\u00e9e en semaine par Killian DULKA et Gabriel ROUSSEAU qui apportent leurs exp\u00e9riences sur les petits, accompagn\u00e9 de Baptiste DUVERNAY, Lo\u00efc MILAN, Jules BOULOT, Mathys DIAS, Flavien CHABROT et moi-m\u00eame. Le weekend, c\u2019est Olivier GAGNON qui est responsable de la cat\u00e9gorie, accompagn\u00e9 par Sandrine RICHARD, Baptiste DUVERNAY, Aur\u00e9lien PERRIN et Lo\u00efc MILAN. Je tiens \u00e0 souligner leur travail et \u00e0 remercier les parents qui nous donnent la main sur le weekend.<\/p>\n\n\n\n<div style=\"height:5px\" aria-hidden=\"true\" class=\"wp-block-spacer\"><\/div>\n\n\n\n<p>&#8211; <strong>U8\/U9<\/strong><\/p>\n\n\n\n<p>Nous avons un effectif important de 28 enfants. C&rsquo;est une cat\u00e9gorie cl\u00e9 pour la maitrise globale du football \u00e0 5. C&rsquo;est aussi une transition au foot \u00e0 8 qui arrive d\u00e8s la cat\u00e9gorie U9. \u00c0 mes yeux, c&rsquo;est la premi\u00e8re cat\u00e9gorie o\u00f9 l\u2019approche collective du jeu devient primordiale et int\u00e9ressante ! Elle est compos\u00e9e de 14 enfants de la g\u00e9n\u00e9ration 2015 et 14 enfants de la g\u00e9n\u00e9ration 2014. C&rsquo;est un groupe tr\u00e8s int\u00e9ressant et de qualit\u00e9. Les jeunes sont travailleurs et \u00e0 l\u2019\u00e9coute mais doivent encore gagner en maturit\u00e9 dans l\u2019\u00e9tat d\u2019esprit.<\/p>\n\n\n\n<p>Le groupe progresse bien dans l\u2019ensemble malgr\u00e9 des \u00e9carts de niveau importants. Comme les U6-U7, chacun progresse \u00e0 son rythme. Je tiens particuli\u00e8rement \u00e0 f\u00e9liciter ce groupe pour la qualit\u00e9 du rendu le weekend. J\u2019ai plaisir \u00e0 regarder leurs matchs, les intentions de jeu sont tr\u00e8s int\u00e9ressantes. Les enfants ont une \u00e0 deux s\u00e9ances par semaine. Le weekend, les enfants participent \u00e0 des plateaux foot \u00e0 5. Nous pouvons pr\u00e9senter deux \u00e0 trois \u00e9quipes par plateau et nous avons la chance de pouvoir surclasser une majorit\u00e9 de U9 sur les \u00e9quipes U10\/U11 en foot \u00e0 8.<\/p>\n\n\n\n<p>La cat\u00e9gorie est encadr\u00e9 par Ilan DOS SANTOS qui fait du super travail avec les enfants et moi-m\u00eame. Nous sommes accompagn\u00e9s de Pierre DROIN, Cyril LACROIX, Ryan DOMINGUES, Math\u00e9o VERNUS, Mathys DIAS et Flavien CHABROT. Mathis POTIER nous apporte \u00e9galement son exp\u00e9rience du foot \u00e0 8 le lundi soir. Romain DELORME intervient avec le gardien U9 sur des sp\u00e9cifiques.<\/p>\n\n\n\n<div style=\"height:5px\" aria-hidden=\"true\" class=\"wp-block-spacer\"><\/div>\n\n\n\n<p>&#8211; <strong>U10\/U11<\/strong><\/p>\n\n\n\n<p>Nous avons un effectif important de 32 enfants. C&rsquo;est une cat\u00e9gorie tr\u00e8s importante o\u00f9 nous passons sur du foot \u00e0 8. Elle est compos\u00e9e de la g\u00e9n\u00e9ration 2013, avec 18 enfants et de la g\u00e9n\u00e9ration 2012 avec 14 enfants. La plupart des jeunes de 2012 sont pr\u00e9sents au club depuis de nombreuses ann\u00e9es, contrairement \u00e0 la g\u00e9n\u00e9ration 2013. L&rsquo;effectif est int\u00e9ressant mais doit encore progresser sur la compr\u00e9hension du foot \u00e0 8. Nous avons su construire un groupe qui vit tr\u00e8s bien mais qui doit encore gagner en maitrise et apprendre \u00e0 jouer ensemble.<\/p>\n\n\n\n<p>Les jeunes progressent bien dans l\u2019ensemble et nous pouvons former 3 \u00e9quipes le weekend. C\u2019est tr\u00e8s int\u00e9ressant car cela nous permet de continuer \u00e0 faire progresser les enfants sur deux \u00e0 trois s\u00e9ances par semaine. Le weekend, nous avons une \u00e9quipe en Niveau 1 majoritairement compos\u00e9e de U11, une \u00e9quipe en Niveau 2 majoritairement compos\u00e9e de U10 et une \u00e9quipe en Niveau 3 compos\u00e9e de U10 et U11, parfois compl\u00e9t\u00e9e par quelques U9.<\/p>\n\n\n\n<p>La cat\u00e9gorie est encadr\u00e9e par Killian DULKA,, Baptiste DUVERNAY et Cl\u00e9ment LACROIX. Ils sont jeunes et font du bon travail. Ils sont accompagn\u00e9 de Ryan DOMINGUES, Math\u00e9o VERNUS, Jules BOULOT et Mickael DEBORD. On a \u00e9galement Romain DELORME qui travaille avec les 3 gardiens U10\/U11 sur des sp\u00e9cifiques chaque semaine.<\/p>\n\n\n\n<div style=\"height:5px\" aria-hidden=\"true\" class=\"wp-block-spacer\"><\/div>\n\n\n\n<p>&#8211; <strong>F\u00e9minines<\/strong><\/p>\n\n\n\n<p>Concernant nos f\u00e9minines, nous avons 11 filles sur l\u2019\u00c9cole de Football. Nous avons une \u00e9quipe U8\/U9 F\u00e9minine qui est pour moi, l\u2019avenir du foot f\u00e9minin au sein du club gr\u00e2ce au travail de Cyril LACROIX et de Alexandre LAVIGNE. Notre objectif est d&rsquo;accompagner les filles sur l\u2019\u00e9cole de foot f\u00e9minine jusqu\u2019\u00e0 la section sportive f\u00e9minine. Le fonctionnement est le m\u00eame qu&rsquo;avec les gar\u00e7ons. Toutefois, il est primordial de poursuivre nos efforts sur le d\u00e9veloppement de la pratique f\u00e9minine. Il est essentiel de travailler avec les clubs du secteur, la zone \u00e9tant trop faible en f\u00e9minines pour travailler chacun de notre c\u00f4t\u00e9.<\/p>\n\n\n\n<div style=\"height:10px\" aria-hidden=\"true\" class=\"wp-block-spacer\"><\/div>\n\n\n\n<p><strong><strong>Quel bilan tires-tu pour l&rsquo;\u00e9cole<\/strong><\/strong> <strong><strong>de foot ?<\/strong><\/strong><br>En terme de quantit\u00e9, nous avons largement doubl\u00e9 nos effectifs. L\u2019\u00c9cole de Football est devenue forte de ses licenci\u00e9s. L\u2019objectif \u00e9tait que chaque g\u00e9n\u00e9ration soit capable d\u2019\u00eatre compos\u00e9e de 12 \u00e0 15 joueurs pour alimenter parfaitement la section sportive \u00e0 partir de la 6\u00e8me. Nous y sommes ! Maintenant, \u00e0 nous de bien encadrer ces jeunes pour les accompagner au mieux car la priorit\u00e9 restera la QUALIT\u00c9 et non la quantit\u00e9 !<\/p>\n\n\n\n<div style=\"height:10px\" aria-hidden=\"true\" class=\"wp-block-spacer\"><\/div>\n\n\n\n<p><strong>Qu\u2019attends-tu de ton groupe \u00e0 la reprise en janvier ? Quelles sont vos ambitions et objectifs pour la seconde partie de saison ?<\/strong><br>Nous attendons que les enfants prennent du plaisir \u00e0 nos c\u00f4t\u00e9s et que les enfants aient des comportements et des intentions de jeu en ad\u00e9quation avec l\u2019identit\u00e9 club que l\u2019on souhaite transmettre. La priorit\u00e9 est, et restera, la recherche du bien-\u00eatre individuel de chacun sans oublier que le jeu passe par le collectif. On souhaite voir nos forgerons heureux de venir aux s\u00e9ances, qu&rsquo;ils aiment notre club, qu&rsquo;ils prennent du plaisir par nos contenus, avec l\u2019id\u00e9e directrice d\u2019apprendre. En aucun cas, la mise en avant de la comp\u00e9titivit\u00e9 est prioritaire. L\u2019objectif est d\u2019accompagner nos forgerons \u00e0 la pr\u00e9formation et par la suite au niveau r\u00e9gional o\u00f9 l\u00e0, une certaine comp\u00e9titivit\u00e9 entre en jeu. Il ne faut jamais oublier que le football reste un jeu.<\/p>\n\n\n\n<div style=\"height:10px\" aria-hidden=\"true\" class=\"wp-block-spacer\"><\/div>\n\n\n\n<p><strong>As-tu un dernier mot \u00e0 ajouter ?<\/strong><br>Je voudrais rappeler tout d\u2019abord que les portes du\u00a0FCG\u00a0sont ouvertes \u00e0 toutes et tous, filles ou gar\u00e7ons,\u00a0de U4 \u00e0\u00a0U11 (ann\u00e9es de naissance : 2012 \u00e0 2019). Si tu souhaites devenir forgeron, tu es le bienvenu ! Bonnes f\u00eates de fin d\u2019ann\u00e9e \u00e0 tous et surtout prenez soin de vous !<\/p>\n\n\n\n<div style=\"height:200px\" aria-hidden=\"true\" class=\"wp-block-spacer\"><\/div>\n","protected":false},"excerpt":{"rendered":"<p>En cette p\u00e9riode de tr\u00eave hivernale, nous sommes all\u00e9s \u00e0 la rencontre des responsables de cat\u00e9gories de la Sport E.Leclerc Acad\u00e9mie pour faire un bilan et se projeter sur la seconde partie de saison. Cat\u00e9gorie U18 &#8211; Jorge DA CUNHA(10\u00e8me : 3V, 6D) Peux-tu te pr\u00e9senter, ainsi que ta cat\u00e9gorie ?Bonjour, je m&rsquo;appelle Jorge DA &#8230; <\/p>\n<p class=\"read-more-container\"><a title=\"[Sport E.Leclerc Acad\u00e9mie] Le bilan de nos \u00e9quipes \u00e0 la mi-saison\" class=\"read-more button\" href=\"https:\/\/www.fcgueugnon.fr\/site\/sport-e-leclerc-academie-le-bilan-de-nos-equipes-a-la-mi-saison\/2635#more-2635\" aria-label=\"Plus sur [Sport E.Leclerc Acad\u00e9mie] Le bilan de nos \u00e9quipes \u00e0 la mi-saison\">Lire la suite<\/a><\/p>\n","protected":false},"author":3,"featured_media":2702,"comment_status":"closed","ping_status":"closed","sticky":true,"template":"","format":"standard","meta":{"footnotes":""},"categories":[5,4],"tags":[35,14],"class_list":["post-2635","post","type-post","status-publish","format-standard","has-post-thumbnail","hentry","category-news-2022-2023","category-news","tag-foot-feminin","tag-sport-e-leclerc-academie-jeunes-formation","infinite-scroll-item","generate-columns","tablet-grid-50","mobile-grid-100","grid-parent","grid-25","resize-featured-image"],"yoast_head":"<!-- This site is optimized with the Yoast SEO plugin v26.6 - https:\/\/yoast.com\/wordpress\/plugins\/seo\/ -->\n<title>[Sport E.Leclerc Acad\u00e9mie] Le bilan de nos \u00e9quipes \u00e0 la mi-saison &#8226; FOOTBALL CLUB GUEUGNON<\/title>\n<meta name=\"robots\" content=\"index, follow, max-snippet:-1, max-image-preview:large, max-video-preview:-1\" \/>\n<link rel=\"canonical\" href=\"https:\/\/www.fcgueugnon.fr\/site\/sport-e-leclerc-academie-le-bilan-de-nos-equipes-a-la-mi-saison\/2635\" \/>\n<meta property=\"og:locale\" content=\"fr_FR\" \/>\n<meta property=\"og:type\" content=\"article\" \/>\n<meta property=\"og:title\" content=\"[Sport E.Leclerc Acad\u00e9mie] Le bilan de nos \u00e9quipes \u00e0 la mi-saison &#8226; FOOTBALL CLUB GUEUGNON\" \/>\n<meta property=\"og:description\" content=\"En cette p\u00e9riode de tr\u00eave hivernale, nous sommes all\u00e9s \u00e0 la rencontre des responsables de cat\u00e9gories de la Sport E.Leclerc Acad\u00e9mie pour faire un bilan et se projeter sur la seconde partie de saison. Cat\u00e9gorie U18 &#8211; Jorge DA CUNHA(10\u00e8me : 3V, 6D) Peux-tu te pr\u00e9senter, ainsi que ta cat\u00e9gorie ?Bonjour, je m&rsquo;appelle Jorge DA ... Lire la suite\" \/>\n<meta property=\"og:url\" content=\"https:\/\/www.fcgueugnon.fr\/site\/sport-e-leclerc-academie-le-bilan-de-nos-equipes-a-la-mi-saison\/2635\" \/>\n<meta property=\"og:site_name\" content=\"FOOTBALL CLUB GUEUGNON\" \/>\n<meta property=\"article:publisher\" content=\"http:\/\/facebook.com\/FCGueugnon\" \/>\n<meta property=\"article:published_time\" content=\"2022-12-23T15:59:00+00:00\" \/>\n<meta property=\"og:image\" content=\"https:\/\/www.fcgueugnon.fr\/site\/wp-content\/uploads\/2022\/12\/Bilan-mi-saison.png\" \/>\n\t<meta property=\"og:image:width\" content=\"1920\" \/>\n\t<meta property=\"og:image:height\" content=\"1080\" \/>\n\t<meta property=\"og:image:type\" content=\"image\/png\" \/>\n<meta name=\"author\" content=\"FC Gueugnon\" \/>\n<meta name=\"twitter:card\" content=\"summary_large_image\" \/>\n<meta name=\"twitter:creator\" content=\"@FCGueugnon_off\" \/>\n<meta name=\"twitter:site\" content=\"@FCGueugnon_off\" \/>\n<meta name=\"twitter:label1\" content=\"\u00c9crit par\" \/>\n\t<meta name=\"twitter:data1\" content=\"FC Gueugnon\" \/>\n\t<meta name=\"twitter:label2\" content=\"Dur\u00e9e de lecture estim\u00e9e\" \/>\n\t<meta name=\"twitter:data2\" content=\"24 minutes\" \/>\n<script type=\"application\/ld+json\" class=\"yoast-schema-graph\">{\"@context\":\"https:\/\/schema.org\",\"@graph\":[{\"@type\":\"Article\",\"@id\":\"https:\/\/www.fcgueugnon.fr\/site\/sport-e-leclerc-academie-le-bilan-de-nos-equipes-a-la-mi-saison\/2635#article\",\"isPartOf\":{\"@id\":\"https:\/\/www.fcgueugnon.fr\/site\/sport-e-leclerc-academie-le-bilan-de-nos-equipes-a-la-mi-saison\/2635\"},\"author\":{\"name\":\"FC Gueugnon\",\"@id\":\"https:\/\/www.fcgueugnon.fr\/site\/#\/schema\/person\/829630bfb5d6f3ebe4d296b75687c01a\"},\"headline\":\"[Sport E.Leclerc Acad\u00e9mie] Le bilan de nos \u00e9quipes \u00e0 la mi-saison\",\"datePublished\":\"2022-12-23T15:59:00+00:00\",\"mainEntityOfPage\":{\"@id\":\"https:\/\/www.fcgueugnon.fr\/site\/sport-e-leclerc-academie-le-bilan-de-nos-equipes-a-la-mi-saison\/2635\"},\"wordCount\":4658,\"publisher\":{\"@id\":\"https:\/\/www.fcgueugnon.fr\/site\/#organization\"},\"image\":{\"@id\":\"https:\/\/www.fcgueugnon.fr\/site\/sport-e-leclerc-academie-le-bilan-de-nos-equipes-a-la-mi-saison\/2635#primaryimage\"},\"thumbnailUrl\":\"https:\/\/www.fcgueugnon.fr\/site\/wp-content\/uploads\/2022\/12\/Bilan-mi-saison.png\",\"keywords\":[\"Foot F\u00e9minin\",\"Sport E.Leclerc Acad\u00e9mie : Jeunes \/ Formation\"],\"articleSection\":[\"Archives 2022\/2023\",\"News\"],\"inLanguage\":\"fr-FR\"},{\"@type\":\"WebPage\",\"@id\":\"https:\/\/www.fcgueugnon.fr\/site\/sport-e-leclerc-academie-le-bilan-de-nos-equipes-a-la-mi-saison\/2635\",\"url\":\"https:\/\/www.fcgueugnon.fr\/site\/sport-e-leclerc-academie-le-bilan-de-nos-equipes-a-la-mi-saison\/2635\",\"name\":\"[Sport E.Leclerc Acad\u00e9mie] Le bilan de nos \u00e9quipes \u00e0 la mi-saison &#8226; FOOTBALL CLUB GUEUGNON\",\"isPartOf\":{\"@id\":\"https:\/\/www.fcgueugnon.fr\/site\/#website\"},\"primaryImageOfPage\":{\"@id\":\"https:\/\/www.fcgueugnon.fr\/site\/sport-e-leclerc-academie-le-bilan-de-nos-equipes-a-la-mi-saison\/2635#primaryimage\"},\"image\":{\"@id\":\"https:\/\/www.fcgueugnon.fr\/site\/sport-e-leclerc-academie-le-bilan-de-nos-equipes-a-la-mi-saison\/2635#primaryimage\"},\"thumbnailUrl\":\"https:\/\/www.fcgueugnon.fr\/site\/wp-content\/uploads\/2022\/12\/Bilan-mi-saison.png\",\"datePublished\":\"2022-12-23T15:59:00+00:00\",\"breadcrumb\":{\"@id\":\"https:\/\/www.fcgueugnon.fr\/site\/sport-e-leclerc-academie-le-bilan-de-nos-equipes-a-la-mi-saison\/2635#breadcrumb\"},\"inLanguage\":\"fr-FR\",\"potentialAction\":[{\"@type\":\"ReadAction\",\"target\":[\"https:\/\/www.fcgueugnon.fr\/site\/sport-e-leclerc-academie-le-bilan-de-nos-equipes-a-la-mi-saison\/2635\"]}]},{\"@type\":\"ImageObject\",\"inLanguage\":\"fr-FR\",\"@id\":\"https:\/\/www.fcgueugnon.fr\/site\/sport-e-leclerc-academie-le-bilan-de-nos-equipes-a-la-mi-saison\/2635#primaryimage\",\"url\":\"https:\/\/www.fcgueugnon.fr\/site\/wp-content\/uploads\/2022\/12\/Bilan-mi-saison.png\",\"contentUrl\":\"https:\/\/www.fcgueugnon.fr\/site\/wp-content\/uploads\/2022\/12\/Bilan-mi-saison.png\",\"width\":1920,\"height\":1080},{\"@type\":\"BreadcrumbList\",\"@id\":\"https:\/\/www.fcgueugnon.fr\/site\/sport-e-leclerc-academie-le-bilan-de-nos-equipes-a-la-mi-saison\/2635#breadcrumb\",\"itemListElement\":[{\"@type\":\"ListItem\",\"position\":1,\"name\":\"Accueil\",\"item\":\"https:\/\/www.fcgueugnon.fr\/site\/\"},{\"@type\":\"ListItem\",\"position\":2,\"name\":\"[Sport E.Leclerc Acad\u00e9mie] Le bilan de nos \u00e9quipes \u00e0 la mi-saison\"}]},{\"@type\":\"WebSite\",\"@id\":\"https:\/\/www.fcgueugnon.fr\/site\/#website\",\"url\":\"https:\/\/www.fcgueugnon.fr\/site\/\",\"name\":\"FOOTBALL CLUB GUEUGNON\",\"description\":\"Le Site Officiel des Forgerons\",\"publisher\":{\"@id\":\"https:\/\/www.fcgueugnon.fr\/site\/#organization\"},\"potentialAction\":[{\"@type\":\"SearchAction\",\"target\":{\"@type\":\"EntryPoint\",\"urlTemplate\":\"https:\/\/www.fcgueugnon.fr\/site\/?s={search_term_string}\"},\"query-input\":{\"@type\":\"PropertyValueSpecification\",\"valueRequired\":true,\"valueName\":\"search_term_string\"}}],\"inLanguage\":\"fr-FR\"},{\"@type\":\"Organization\",\"@id\":\"https:\/\/www.fcgueugnon.fr\/site\/#organization\",\"name\":\"FC Gueugnon\",\"url\":\"https:\/\/www.fcgueugnon.fr\/site\/\",\"logo\":{\"@type\":\"ImageObject\",\"inLanguage\":\"fr-FR\",\"@id\":\"https:\/\/www.fcgueugnon.fr\/site\/#\/schema\/logo\/image\/\",\"url\":\"https:\/\/www.fcgueugnon.fr\/site\/wp-content\/uploads\/2022\/07\/cropped-Logo-FCGUEUGNON-low-350x350-1.png\",\"contentUrl\":\"https:\/\/www.fcgueugnon.fr\/site\/wp-content\/uploads\/2022\/07\/cropped-Logo-FCGUEUGNON-low-350x350-1.png\",\"width\":350,\"height\":350,\"caption\":\"FC Gueugnon\"},\"image\":{\"@id\":\"https:\/\/www.fcgueugnon.fr\/site\/#\/schema\/logo\/image\/\"},\"sameAs\":[\"http:\/\/facebook.com\/FCGueugnon\",\"https:\/\/x.com\/FCGueugnon_off\",\"https:\/\/www.instagram.com\/fcgueugnon\/\",\"https:\/\/www.linkedin.com\/company\/football-club-de-gueugnon\/\",\"https:\/\/www.youtube.com\/user\/FCGueugnonnais\",\"https:\/\/fr.wikipedia.org\/wiki\/Football_Club_de_Gueugnon\"]},{\"@type\":\"Person\",\"@id\":\"https:\/\/www.fcgueugnon.fr\/site\/#\/schema\/person\/829630bfb5d6f3ebe4d296b75687c01a\",\"name\":\"FC Gueugnon\",\"url\":\"https:\/\/www.fcgueugnon.fr\/site\/author\/g-avin1\"}]}<\/script>\n<!-- \/ Yoast SEO plugin. -->","yoast_head_json":{"title":"[Sport E.Leclerc Acad\u00e9mie] Le bilan de nos \u00e9quipes \u00e0 la mi-saison &#8226; FOOTBALL CLUB GUEUGNON","robots":{"index":"index","follow":"follow","max-snippet":"max-snippet:-1","max-image-preview":"max-image-preview:large","max-video-preview":"max-video-preview:-1"},"canonical":"https:\/\/www.fcgueugnon.fr\/site\/sport-e-leclerc-academie-le-bilan-de-nos-equipes-a-la-mi-saison\/2635","og_locale":"fr_FR","og_type":"article","og_title":"[Sport E.Leclerc Acad\u00e9mie] Le bilan de nos \u00e9quipes \u00e0 la mi-saison &#8226; FOOTBALL CLUB GUEUGNON","og_description":"En cette p\u00e9riode de tr\u00eave hivernale, nous sommes all\u00e9s \u00e0 la rencontre des responsables de cat\u00e9gories de la Sport E.Leclerc Acad\u00e9mie pour faire un bilan et se projeter sur la seconde partie de saison. Cat\u00e9gorie U18 &#8211; Jorge DA CUNHA(10\u00e8me : 3V, 6D) Peux-tu te pr\u00e9senter, ainsi que ta cat\u00e9gorie ?Bonjour, je m&rsquo;appelle Jorge DA ... Lire la suite","og_url":"https:\/\/www.fcgueugnon.fr\/site\/sport-e-leclerc-academie-le-bilan-de-nos-equipes-a-la-mi-saison\/2635","og_site_name":"FOOTBALL CLUB GUEUGNON","article_publisher":"http:\/\/facebook.com\/FCGueugnon","article_published_time":"2022-12-23T15:59:00+00:00","og_image":[{"width":1920,"height":1080,"url":"https:\/\/www.fcgueugnon.fr\/site\/wp-content\/uploads\/2022\/12\/Bilan-mi-saison.png","type":"image\/png"}],"author":"FC Gueugnon","twitter_card":"summary_large_image","twitter_creator":"@FCGueugnon_off","twitter_site":"@FCGueugnon_off","twitter_misc":{"\u00c9crit par":"FC Gueugnon","Dur\u00e9e de lecture estim\u00e9e":"24 minutes"},"schema":{"@context":"https:\/\/schema.org","@graph":[{"@type":"Article","@id":"https:\/\/www.fcgueugnon.fr\/site\/sport-e-leclerc-academie-le-bilan-de-nos-equipes-a-la-mi-saison\/2635#article","isPartOf":{"@id":"https:\/\/www.fcgueugnon.fr\/site\/sport-e-leclerc-academie-le-bilan-de-nos-equipes-a-la-mi-saison\/2635"},"author":{"name":"FC Gueugnon","@id":"https:\/\/www.fcgueugnon.fr\/site\/#\/schema\/person\/829630bfb5d6f3ebe4d296b75687c01a"},"headline":"[Sport E.Leclerc Acad\u00e9mie] Le bilan de nos \u00e9quipes \u00e0 la mi-saison","datePublished":"2022-12-23T15:59:00+00:00","mainEntityOfPage":{"@id":"https:\/\/www.fcgueugnon.fr\/site\/sport-e-leclerc-academie-le-bilan-de-nos-equipes-a-la-mi-saison\/2635"},"wordCount":4658,"publisher":{"@id":"https:\/\/www.fcgueugnon.fr\/site\/#organization"},"image":{"@id":"https:\/\/www.fcgueugnon.fr\/site\/sport-e-leclerc-academie-le-bilan-de-nos-equipes-a-la-mi-saison\/2635#primaryimage"},"thumbnailUrl":"https:\/\/www.fcgueugnon.fr\/site\/wp-content\/uploads\/2022\/12\/Bilan-mi-saison.png","keywords":["Foot F\u00e9minin","Sport E.Leclerc Acad\u00e9mie : Jeunes \/ Formation"],"articleSection":["Archives 2022\/2023","News"],"inLanguage":"fr-FR"},{"@type":"WebPage","@id":"https:\/\/www.fcgueugnon.fr\/site\/sport-e-leclerc-academie-le-bilan-de-nos-equipes-a-la-mi-saison\/2635","url":"https:\/\/www.fcgueugnon.fr\/site\/sport-e-leclerc-academie-le-bilan-de-nos-equipes-a-la-mi-saison\/2635","name":"[Sport E.Leclerc Acad\u00e9mie] Le bilan de nos \u00e9quipes \u00e0 la mi-saison &#8226; FOOTBALL CLUB GUEUGNON","isPartOf":{"@id":"https:\/\/www.fcgueugnon.fr\/site\/#website"},"primaryImageOfPage":{"@id":"https:\/\/www.fcgueugnon.fr\/site\/sport-e-leclerc-academie-le-bilan-de-nos-equipes-a-la-mi-saison\/2635#primaryimage"},"image":{"@id":"https:\/\/www.fcgueugnon.fr\/site\/sport-e-leclerc-academie-le-bilan-de-nos-equipes-a-la-mi-saison\/2635#primaryimage"},"thumbnailUrl":"https:\/\/www.fcgueugnon.fr\/site\/wp-content\/uploads\/2022\/12\/Bilan-mi-saison.png","datePublished":"2022-12-23T15:59:00+00:00","breadcrumb":{"@id":"https:\/\/www.fcgueugnon.fr\/site\/sport-e-leclerc-academie-le-bilan-de-nos-equipes-a-la-mi-saison\/2635#breadcrumb"},"inLanguage":"fr-FR","potentialAction":[{"@type":"ReadAction","target":["https:\/\/www.fcgueugnon.fr\/site\/sport-e-leclerc-academie-le-bilan-de-nos-equipes-a-la-mi-saison\/2635"]}]},{"@type":"ImageObject","inLanguage":"fr-FR","@id":"https:\/\/www.fcgueugnon.fr\/site\/sport-e-leclerc-academie-le-bilan-de-nos-equipes-a-la-mi-saison\/2635#primaryimage","url":"https:\/\/www.fcgueugnon.fr\/site\/wp-content\/uploads\/2022\/12\/Bilan-mi-saison.png","contentUrl":"https:\/\/www.fcgueugnon.fr\/site\/wp-content\/uploads\/2022\/12\/Bilan-mi-saison.png","width":1920,"height":1080},{"@type":"BreadcrumbList","@id":"https:\/\/www.fcgueugnon.fr\/site\/sport-e-leclerc-academie-le-bilan-de-nos-equipes-a-la-mi-saison\/2635#breadcrumb","itemListElement":[{"@type":"ListItem","position":1,"name":"Accueil","item":"https:\/\/www.fcgueugnon.fr\/site\/"},{"@type":"ListItem","position":2,"name":"[Sport E.Leclerc Acad\u00e9mie] Le bilan de nos \u00e9quipes \u00e0 la mi-saison"}]},{"@type":"WebSite","@id":"https:\/\/www.fcgueugnon.fr\/site\/#website","url":"https:\/\/www.fcgueugnon.fr\/site\/","name":"FOOTBALL CLUB GUEUGNON","description":"Le Site Officiel des Forgerons","publisher":{"@id":"https:\/\/www.fcgueugnon.fr\/site\/#organization"},"potentialAction":[{"@type":"SearchAction","target":{"@type":"EntryPoint","urlTemplate":"https:\/\/www.fcgueugnon.fr\/site\/?s={search_term_string}"},"query-input":{"@type":"PropertyValueSpecification","valueRequired":true,"valueName":"search_term_string"}}],"inLanguage":"fr-FR"},{"@type":"Organization","@id":"https:\/\/www.fcgueugnon.fr\/site\/#organization","name":"FC Gueugnon","url":"https:\/\/www.fcgueugnon.fr\/site\/","logo":{"@type":"ImageObject","inLanguage":"fr-FR","@id":"https:\/\/www.fcgueugnon.fr\/site\/#\/schema\/logo\/image\/","url":"https:\/\/www.fcgueugnon.fr\/site\/wp-content\/uploads\/2022\/07\/cropped-Logo-FCGUEUGNON-low-350x350-1.png","contentUrl":"https:\/\/www.fcgueugnon.fr\/site\/wp-content\/uploads\/2022\/07\/cropped-Logo-FCGUEUGNON-low-350x350-1.png","width":350,"height":350,"caption":"FC Gueugnon"},"image":{"@id":"https:\/\/www.fcgueugnon.fr\/site\/#\/schema\/logo\/image\/"},"sameAs":["http:\/\/facebook.com\/FCGueugnon","https:\/\/x.com\/FCGueugnon_off","https:\/\/www.instagram.com\/fcgueugnon\/","https:\/\/www.linkedin.com\/company\/football-club-de-gueugnon\/","https:\/\/www.youtube.com\/user\/FCGueugnonnais","https:\/\/fr.wikipedia.org\/wiki\/Football_Club_de_Gueugnon"]},{"@type":"Person","@id":"https:\/\/www.fcgueugnon.fr\/site\/#\/schema\/person\/829630bfb5d6f3ebe4d296b75687c01a","name":"FC Gueugnon","url":"https:\/\/www.fcgueugnon.fr\/site\/author\/g-avin1"}]}},"rttpg_featured_image_url":{"full":["https:\/\/www.fcgueugnon.fr\/site\/wp-content\/uploads\/2022\/12\/Bilan-mi-saison.png",1920,1080,false],"landscape":["https:\/\/www.fcgueugnon.fr\/site\/wp-content\/uploads\/2022\/12\/Bilan-mi-saison.png",1920,1080,false],"portraits":["https:\/\/www.fcgueugnon.fr\/site\/wp-content\/uploads\/2022\/12\/Bilan-mi-saison.png",1920,1080,false],"thumbnail":["https:\/\/www.fcgueugnon.fr\/site\/wp-content\/uploads\/2022\/12\/Bilan-mi-saison-150x150.png",150,150,true],"medium":["https:\/\/www.fcgueugnon.fr\/site\/wp-content\/uploads\/2022\/12\/Bilan-mi-saison-400x225.png",400,225,true],"large":["https:\/\/www.fcgueugnon.fr\/site\/wp-content\/uploads\/2022\/12\/Bilan-mi-saison-1024x576.png",1024,576,true],"1536x1536":["https:\/\/www.fcgueugnon.fr\/site\/wp-content\/uploads\/2022\/12\/Bilan-mi-saison-1536x864.png",1536,864,true],"2048x2048":["https:\/\/www.fcgueugnon.fr\/site\/wp-content\/uploads\/2022\/12\/Bilan-mi-saison.png",1920,1080,false]},"rttpg_author":{"display_name":"FC Gueugnon","author_link":"https:\/\/www.fcgueugnon.fr\/site\/author\/g-avin1"},"rttpg_comment":0,"rttpg_category":"<a href=\"https:\/\/www.fcgueugnon.fr\/site\/category\/news\/news-2022-2023\" rel=\"category tag\">Archives 2022\/2023<\/a> <a href=\"https:\/\/www.fcgueugnon.fr\/site\/category\/news\" rel=\"category tag\">News<\/a>","rttpg_excerpt":"En cette p\u00e9riode de tr\u00eave hivernale, nous sommes all\u00e9s \u00e0 la rencontre des responsables de cat\u00e9gories de la Sport E.Leclerc Acad\u00e9mie pour faire un bilan et se projeter sur la seconde partie de saison. Cat\u00e9gorie U18 &#8211; Jorge DA CUNHA(10\u00e8me : 3V, 6D) Peux-tu te pr\u00e9senter, ainsi que ta cat\u00e9gorie ?Bonjour, je m&rsquo;appelle Jorge DA\u2026","_links":{"self":[{"href":"https:\/\/www.fcgueugnon.fr\/site\/wp-json\/wp\/v2\/posts\/2635","targetHints":{"allow":["GET"]}}],"collection":[{"href":"https:\/\/www.fcgueugnon.fr\/site\/wp-json\/wp\/v2\/posts"}],"about":[{"href":"https:\/\/www.fcgueugnon.fr\/site\/wp-json\/wp\/v2\/types\/post"}],"author":[{"embeddable":true,"href":"https:\/\/www.fcgueugnon.fr\/site\/wp-json\/wp\/v2\/users\/3"}],"replies":[{"embeddable":true,"href":"https:\/\/www.fcgueugnon.fr\/site\/wp-json\/wp\/v2\/comments?post=2635"}],"version-history":[{"count":27,"href":"https:\/\/www.fcgueugnon.fr\/site\/wp-json\/wp\/v2\/posts\/2635\/revisions"}],"predecessor-version":[{"id":2752,"href":"https:\/\/www.fcgueugnon.fr\/site\/wp-json\/wp\/v2\/posts\/2635\/revisions\/2752"}],"wp:featuredmedia":[{"embeddable":true,"href":"https:\/\/www.fcgueugnon.fr\/site\/wp-json\/wp\/v2\/media\/2702"}],"wp:attachment":[{"href":"https:\/\/www.fcgueugnon.fr\/site\/wp-json\/wp\/v2\/media?parent=2635"}],"wp:term":[{"taxonomy":"category","embeddable":true,"href":"https:\/\/www.fcgueugnon.fr\/site\/wp-json\/wp\/v2\/categories?post=2635"},{"taxonomy":"post_tag","embeddable":true,"href":"https:\/\/www.fcgueugnon.fr\/site\/wp-json\/wp\/v2\/tags?post=2635"}],"curies":[{"name":"wp","href":"https:\/\/api.w.org\/{rel}","templated":true}]}}