{"id":2587,"date":"2022-12-09T07:50:00","date_gmt":"2022-12-09T06:50:00","guid":{"rendered":"https:\/\/www.fcgueugnon.fr\/site\/?p=2587"},"modified":"2023-05-13T13:14:49","modified_gmt":"2023-05-13T11:14:49","slug":"agenda-week-end-du-10-et-11-decembre-2022","status":"publish","type":"post","link":"https:\/\/www.fcgueugnon.fr\/site\/agenda-week-end-du-10-et-11-decembre-2022\/2587","title":{"rendered":"[Agenda] Week-end du 10 et 11 D\u00e9cembre 2022"},"content":{"rendered":"\n<h2 class=\"wp-block-heading\">Au programme de nos forgerons ce week-end<\/h2>\n\n\n\n<div style=\"height:35px\" aria-hidden=\"true\" class=\"wp-block-spacer\"><\/div>\n\n\n\n<h3 class=\"blue-underline-title wp-block-heading\">S\u00e9niors<\/h3>\n\n\n\n<p><em>Groupe N3 \u2013 J11<\/em><br>Samedi 10\/12 \u2013 14h30<br><strong>ASC Saint Apollinaire \/ FC Gueugnon<\/strong><\/p>\n\n\n\n<p><em>Groupe Espoir \u2013 R1 Herbelin J11<\/em><br>Dimanche 11\/12 \u2013 14h30<br><strong>Dijon USC \/ FC Gueugnon<\/strong><strong><\/strong><\/p>\n\n\n\n<p><em>S\u00e9niors F \u2013 D1 J05<\/em><br>Dimanche 11\/12 \u2013 10h00<br><strong>Entente Marly\/Neuvy \/<\/strong> <strong>Entente FCG-DFCA <\/strong><\/p>\n\n\n\n<div style=\"height:80px\" aria-hidden=\"true\" class=\"wp-block-spacer\"><\/div>\n\n\n\n<h3 class=\"blue-underline-title wp-block-heading\">Sport E.Leclerc Acad\u00e9mie<\/h3>\n\n\n\n<p><em>U1<\/em><em>8R1<\/em><em> \u2013 <\/em><em>J09<\/em><br>Dimanche 11\/12 \u2013 Horaire \u00e0 d\u00e9finir<br><strong>Dijon ASPTT \/ <\/strong><strong>FC Gueugnon<\/strong><strong><\/strong><\/p>\n\n\n\n<p><em>U15 \u2013 Coupe <\/em><em>Cr\u00e9dit Agricole, 1\/8<\/em><em><sup>e<\/sup><\/em><em> de finale<\/em><br>Samedi 10\/12 \u2013 14h30<br><strong>FC Chalon \/ <\/strong><strong>FC Gueugnon<\/strong><strong><\/strong><\/p>\n\n\n\n<p><em>U15F \u2013 D1 J0<\/em><em>7<\/em><br>Samedi 10\/12 \u2013 10h00<br><strong>FC Gueugnon \/ JS Cr\u00e8ch<\/strong><strong>oise <\/strong><strong><\/strong><\/p>\n\n\n\n<p><em>U14 \u2013 Coupe Cr\u00e9dit Agricole, 1\/8<\/em><em><sup>e<\/sup><\/em><em> de finale<\/em><br>Samedi 10\/12 \u2013 14h30<br><strong>FC Gueugnon \/ FC Paron<\/strong><strong><\/strong><\/p>\n\n\n\n<p><em>U13 \u2013 Match amical<\/em><br>Samedi 10\/12 \u2013 Horaire \u00e0 d\u00e9finir<br><strong>AS Moulins \/ FC Gueugnon<\/strong><strong><\/strong><\/p>\n\n\n\n<p><em>U11 \u2013 Niveau 1<\/em><br>Samedi 10\/12 \u2013 14h00<br><strong>Plateau \u00e0 Louhans<\/strong><strong><\/strong><\/p>\n\n\n\n<p><em>U11 \u2013 Niveau 2<\/em><br>Samedi 10\/12 \u2013 14h00<br><strong>Plateau \u00e0 Gueugnon<\/strong><strong><\/strong><\/p>\n\n\n\n<p><em>U11 \u2013 Niveau 3<\/em><br>Samedi 10\/12 \u2013 14h00<br><strong>Plateau \u00e0 Bourbon-Lancy<\/strong><strong><\/strong><\/p>\n\n\n\n<p><em>U08 &#8211; U09<\/em><br>Samedi 10\/12 \u2013 10h30<br><strong>Inter-clubs \u00e0 Digoin<\/strong><strong><\/strong><\/p>\n\n\n\n<p><em>U08F &#8211; U09F<\/em><br>Samedi 10\/12 \u2013 10h30<br><strong>Plateau \u00e0 Cuisery<\/strong><strong><\/strong><\/p>\n\n\n\n<p><em>U06 \u2013 U07<\/em><br>Samedi 10\/12 \u2013 10h30<br><strong>Inter-clubs \u00e0 Digoin<\/strong><\/p>\n\n\n\n<div style=\"height:80px\" aria-hidden=\"true\" class=\"wp-block-spacer mb-0\"><\/div>\n\n\n\n<h3 class=\"blue-underline-title wp-block-heading\">Arbitres<\/h3>\n\n\n\n<p><span style=\"text-decoration: underline;\">Samedi 10\/12<\/span><\/p>\n\n\n\n<p><strong>Fabrice MUET<\/strong><br>U18 D2 : Charolles \/ Vendenesse\/Arroux<\/p>\n\n\n\n<div style=\"height:10px\" aria-hidden=\"true\" class=\"wp-block-spacer\"><\/div>\n\n\n\n<p><span style=\"text-decoration: underline;\">Dimanche 11\/12<\/span><\/p>\n\n\n\n<p><strong>Lucas MENAGER<\/strong><br>R3 : Dun Sornin \/ FC Chalon B<strong>Christophe AUVEL<\/strong><br>D3 : Antully \/ Orion<\/p>\n\n\n\n<div style=\"height:80px\" aria-hidden=\"true\" class=\"wp-block-spacer mb-0\"><\/div>\n\n\n\n<h3 class=\"blue-underline-title wp-block-heading\">eSport<\/h3>\n\n\n\n<h3 class=\"wp-block-heading\"><strong>FIFA23 Club Pro<\/strong><\/h3>\n\n\n\n<p><em>Playoffs &#8211; 8e de finale match aller<\/em><br>Mercredi 07\/11&nbsp;\u2013 21h20<br><strong>FC Gueugnon eSport \/ Team MTLK eFoot : 1-2<\/strong><\/p>\n\n\n\n<p><em>Playoffs &#8211; 8e de finale match retour<\/em><br>Mercredi 07\/11&nbsp;\u2013 21h40<br><strong>FC Gueugnon eSport \/ Team MTLK eFoot : 0-3<\/strong><\/p>\n\n\n\n<div style=\"height:10px\" aria-hidden=\"true\" class=\"wp-block-spacer\"><\/div>\n\n\n\n<p><em>Suivez toute l&rsquo;actualit\u00e9 de la section eSport du FCG sur <a href=\"http:\/\/twitter.com\/gueugnon_esport\/\" target=\"_blank\" rel=\"noreferrer noopener\">Twitter<\/a> et <a href=\"http:\/\/twitch.tv\/fcgesport\/\" target=\"_blank\" rel=\"noreferrer noopener\">Twitch<\/a><\/em><\/p>\n\n\n\n<div style=\"height:100px\" aria-hidden=\"true\" class=\"wp-block-spacer mb-0\"><\/div>\n\n\n\n<h1 class=\"has-text-align-center wp-block-heading\">#ForgeronFamily<\/h1>\n","protected":false},"excerpt":{"rendered":"<p>Au programme de nos forgerons ce week-end S\u00e9niors Groupe N3 \u2013 J11Samedi 10\/12 \u2013 14h30ASC Saint Apollinaire \/ FC Gueugnon Groupe Espoir \u2013 R1 Herbelin J11Dimanche 11\/12 \u2013 14h30Dijon USC \/ FC Gueugnon S\u00e9niors F \u2013 D1 J05Dimanche 11\/12 \u2013 10h00Entente Marly\/Neuvy \/ Entente FCG-DFCA Sport E.Leclerc Acad\u00e9mie U18R1 \u2013 J09Dimanche 11\/12 \u2013 Horaire \u00e0 &#8230; <\/p>\n<p class=\"read-more-container\"><a title=\"[Agenda] Week-end du 10 et 11 D\u00e9cembre 2022\" class=\"read-more button\" href=\"https:\/\/www.fcgueugnon.fr\/site\/agenda-week-end-du-10-et-11-decembre-2022\/2587#more-2587\" aria-label=\"Plus sur [Agenda] Week-end du 10 et 11 D\u00e9cembre 2022\">Lire la suite<\/a><\/p>\n","protected":false},"author":1,"featured_media":1107,"comment_status":"closed","ping_status":"closed","sticky":false,"template":"","format":"standard","meta":{"footnotes":""},"categories":[5,4],"tags":[33,14],"class_list":["post-2587","post","type-post","status-publish","format-standard","has-post-thumbnail","hentry","category-news-2022-2023","category-news","tag-agenda","tag-sport-e-leclerc-academie-jeunes-formation","infinite-scroll-item","generate-columns","tablet-grid-50","mobile-grid-100","grid-parent","grid-25","resize-featured-image"],"yoast_head":"<!-- This site is optimized with the Yoast SEO plugin v26.6 - https:\/\/yoast.com\/wordpress\/plugins\/seo\/ -->\n<title>[Agenda] Week-end du 10 et 11 D\u00e9cembre 2022 &#8226; FOOTBALL CLUB GUEUGNON<\/title>\n<meta name=\"robots\" content=\"index, follow, max-snippet:-1, max-image-preview:large, max-video-preview:-1\" \/>\n<link rel=\"canonical\" href=\"https:\/\/www.fcgueugnon.fr\/site\/agenda-week-end-du-10-et-11-decembre-2022\/2587\" \/>\n<meta property=\"og:locale\" content=\"fr_FR\" \/>\n<meta property=\"og:type\" content=\"article\" \/>\n<meta property=\"og:title\" content=\"[Agenda] Week-end du 10 et 11 D\u00e9cembre 2022 &#8226; FOOTBALL CLUB GUEUGNON\" \/>\n<meta property=\"og:description\" content=\"Au programme de nos forgerons ce week-end S\u00e9niors Groupe N3 \u2013 J11Samedi 10\/12 \u2013 14h30ASC Saint Apollinaire \/ FC Gueugnon Groupe Espoir \u2013 R1 Herbelin J11Dimanche 11\/12 \u2013 14h30Dijon USC \/ FC Gueugnon S\u00e9niors F \u2013 D1 J05Dimanche 11\/12 \u2013 10h00Entente Marly\/Neuvy \/ Entente FCG-DFCA Sport E.Leclerc Acad\u00e9mie U18R1 \u2013 J09Dimanche 11\/12 \u2013 Horaire \u00e0 ... Lire la suite\" \/>\n<meta property=\"og:url\" content=\"https:\/\/www.fcgueugnon.fr\/site\/agenda-week-end-du-10-et-11-decembre-2022\/2587\" \/>\n<meta property=\"og:site_name\" content=\"FOOTBALL CLUB GUEUGNON\" \/>\n<meta property=\"article:publisher\" content=\"http:\/\/facebook.com\/FCGueugnon\" \/>\n<meta property=\"article:published_time\" content=\"2022-12-09T06:50:00+00:00\" \/>\n<meta property=\"article:modified_time\" content=\"2023-05-13T11:14:49+00:00\" \/>\n<meta property=\"og:image\" content=\"https:\/\/www.fcgueugnon.fr\/site\/wp-content\/uploads\/2022\/09\/MicrosoftTeams-image.png\" \/>\n\t<meta property=\"og:image:width\" content=\"1920\" \/>\n\t<meta property=\"og:image:height\" content=\"1080\" \/>\n\t<meta property=\"og:image:type\" content=\"image\/png\" \/>\n<meta name=\"author\" content=\"FC Gueugnon\" \/>\n<meta name=\"twitter:card\" content=\"summary_large_image\" \/>\n<meta name=\"twitter:creator\" content=\"@FCGueugnon_off\" \/>\n<meta name=\"twitter:site\" content=\"@FCGueugnon_off\" \/>\n<meta name=\"twitter:label1\" content=\"\u00c9crit par\" \/>\n\t<meta name=\"twitter:data1\" content=\"FC Gueugnon\" \/>\n\t<meta name=\"twitter:label2\" content=\"Dur\u00e9e de lecture estim\u00e9e\" \/>\n\t<meta name=\"twitter:data2\" content=\"2 minutes\" \/>\n<script type=\"application\/ld+json\" class=\"yoast-schema-graph\">{\"@context\":\"https:\/\/schema.org\",\"@graph\":[{\"@type\":\"Article\",\"@id\":\"https:\/\/www.fcgueugnon.fr\/site\/agenda-week-end-du-10-et-11-decembre-2022\/2587#article\",\"isPartOf\":{\"@id\":\"https:\/\/www.fcgueugnon.fr\/site\/agenda-week-end-du-10-et-11-decembre-2022\/2587\"},\"author\":{\"name\":\"FC Gueugnon\",\"@id\":\"https:\/\/www.fcgueugnon.fr\/site\/#\/schema\/person\/f6444fbdd35fa731ee974c03508738fb\"},\"headline\":\"[Agenda] Week-end du 10 et 11 D\u00e9cembre 2022\",\"datePublished\":\"2022-12-09T06:50:00+00:00\",\"dateModified\":\"2023-05-13T11:14:49+00:00\",\"mainEntityOfPage\":{\"@id\":\"https:\/\/www.fcgueugnon.fr\/site\/agenda-week-end-du-10-et-11-decembre-2022\/2587\"},\"wordCount\":230,\"publisher\":{\"@id\":\"https:\/\/www.fcgueugnon.fr\/site\/#organization\"},\"image\":{\"@id\":\"https:\/\/www.fcgueugnon.fr\/site\/agenda-week-end-du-10-et-11-decembre-2022\/2587#primaryimage\"},\"thumbnailUrl\":\"https:\/\/www.fcgueugnon.fr\/site\/wp-content\/uploads\/2022\/09\/MicrosoftTeams-image.png\",\"keywords\":[\"Agenda\",\"Sport E.Leclerc Acad\u00e9mie : Jeunes \/ Formation\"],\"articleSection\":[\"Archives 2022\/2023\",\"News\"],\"inLanguage\":\"fr-FR\"},{\"@type\":\"WebPage\",\"@id\":\"https:\/\/www.fcgueugnon.fr\/site\/agenda-week-end-du-10-et-11-decembre-2022\/2587\",\"url\":\"https:\/\/www.fcgueugnon.fr\/site\/agenda-week-end-du-10-et-11-decembre-2022\/2587\",\"name\":\"[Agenda] Week-end du 10 et 11 D\u00e9cembre 2022 &#8226; FOOTBALL CLUB GUEUGNON\",\"isPartOf\":{\"@id\":\"https:\/\/www.fcgueugnon.fr\/site\/#website\"},\"primaryImageOfPage\":{\"@id\":\"https:\/\/www.fcgueugnon.fr\/site\/agenda-week-end-du-10-et-11-decembre-2022\/2587#primaryimage\"},\"image\":{\"@id\":\"https:\/\/www.fcgueugnon.fr\/site\/agenda-week-end-du-10-et-11-decembre-2022\/2587#primaryimage\"},\"thumbnailUrl\":\"https:\/\/www.fcgueugnon.fr\/site\/wp-content\/uploads\/2022\/09\/MicrosoftTeams-image.png\",\"datePublished\":\"2022-12-09T06:50:00+00:00\",\"dateModified\":\"2023-05-13T11:14:49+00:00\",\"breadcrumb\":{\"@id\":\"https:\/\/www.fcgueugnon.fr\/site\/agenda-week-end-du-10-et-11-decembre-2022\/2587#breadcrumb\"},\"inLanguage\":\"fr-FR\",\"potentialAction\":[{\"@type\":\"ReadAction\",\"target\":[\"https:\/\/www.fcgueugnon.fr\/site\/agenda-week-end-du-10-et-11-decembre-2022\/2587\"]}]},{\"@type\":\"ImageObject\",\"inLanguage\":\"fr-FR\",\"@id\":\"https:\/\/www.fcgueugnon.fr\/site\/agenda-week-end-du-10-et-11-decembre-2022\/2587#primaryimage\",\"url\":\"https:\/\/www.fcgueugnon.fr\/site\/wp-content\/uploads\/2022\/09\/MicrosoftTeams-image.png\",\"contentUrl\":\"https:\/\/www.fcgueugnon.fr\/site\/wp-content\/uploads\/2022\/09\/MicrosoftTeams-image.png\",\"width\":1920,\"height\":1080},{\"@type\":\"BreadcrumbList\",\"@id\":\"https:\/\/www.fcgueugnon.fr\/site\/agenda-week-end-du-10-et-11-decembre-2022\/2587#breadcrumb\",\"itemListElement\":[{\"@type\":\"ListItem\",\"position\":1,\"name\":\"Accueil\",\"item\":\"https:\/\/www.fcgueugnon.fr\/site\/\"},{\"@type\":\"ListItem\",\"position\":2,\"name\":\"[Agenda] Week-end du 10 et 11 D\u00e9cembre 2022\"}]},{\"@type\":\"WebSite\",\"@id\":\"https:\/\/www.fcgueugnon.fr\/site\/#website\",\"url\":\"https:\/\/www.fcgueugnon.fr\/site\/\",\"name\":\"FOOTBALL CLUB GUEUGNON\",\"description\":\"Le Site Officiel des Forgerons\",\"publisher\":{\"@id\":\"https:\/\/www.fcgueugnon.fr\/site\/#organization\"},\"potentialAction\":[{\"@type\":\"SearchAction\",\"target\":{\"@type\":\"EntryPoint\",\"urlTemplate\":\"https:\/\/www.fcgueugnon.fr\/site\/?s={search_term_string}\"},\"query-input\":{\"@type\":\"PropertyValueSpecification\",\"valueRequired\":true,\"valueName\":\"search_term_string\"}}],\"inLanguage\":\"fr-FR\"},{\"@type\":\"Organization\",\"@id\":\"https:\/\/www.fcgueugnon.fr\/site\/#organization\",\"name\":\"FC Gueugnon\",\"url\":\"https:\/\/www.fcgueugnon.fr\/site\/\",\"logo\":{\"@type\":\"ImageObject\",\"inLanguage\":\"fr-FR\",\"@id\":\"https:\/\/www.fcgueugnon.fr\/site\/#\/schema\/logo\/image\/\",\"url\":\"https:\/\/www.fcgueugnon.fr\/site\/wp-content\/uploads\/2022\/07\/cropped-Logo-FCGUEUGNON-low-350x350-1.png\",\"contentUrl\":\"https:\/\/www.fcgueugnon.fr\/site\/wp-content\/uploads\/2022\/07\/cropped-Logo-FCGUEUGNON-low-350x350-1.png\",\"width\":350,\"height\":350,\"caption\":\"FC Gueugnon\"},\"image\":{\"@id\":\"https:\/\/www.fcgueugnon.fr\/site\/#\/schema\/logo\/image\/\"},\"sameAs\":[\"http:\/\/facebook.com\/FCGueugnon\",\"https:\/\/x.com\/FCGueugnon_off\",\"https:\/\/www.instagram.com\/fcgueugnon\/\",\"https:\/\/www.linkedin.com\/company\/football-club-de-gueugnon\/\",\"https:\/\/www.youtube.com\/user\/FCGueugnonnais\",\"https:\/\/fr.wikipedia.org\/wiki\/Football_Club_de_Gueugnon\"]},{\"@type\":\"Person\",\"@id\":\"https:\/\/www.fcgueugnon.fr\/site\/#\/schema\/person\/f6444fbdd35fa731ee974c03508738fb\",\"name\":\"FC Gueugnon\",\"sameAs\":[\"https:\/\/www.fcgueugnon.fr\/site\"],\"url\":\"https:\/\/www.fcgueugnon.fr\/site\/author\/admin-antho\"}]}<\/script>\n<!-- \/ Yoast SEO plugin. -->","yoast_head_json":{"title":"[Agenda] Week-end du 10 et 11 D\u00e9cembre 2022 &#8226; FOOTBALL CLUB GUEUGNON","robots":{"index":"index","follow":"follow","max-snippet":"max-snippet:-1","max-image-preview":"max-image-preview:large","max-video-preview":"max-video-preview:-1"},"canonical":"https:\/\/www.fcgueugnon.fr\/site\/agenda-week-end-du-10-et-11-decembre-2022\/2587","og_locale":"fr_FR","og_type":"article","og_title":"[Agenda] Week-end du 10 et 11 D\u00e9cembre 2022 &#8226; FOOTBALL CLUB GUEUGNON","og_description":"Au programme de nos forgerons ce week-end S\u00e9niors Groupe N3 \u2013 J11Samedi 10\/12 \u2013 14h30ASC Saint Apollinaire \/ FC Gueugnon Groupe Espoir \u2013 R1 Herbelin J11Dimanche 11\/12 \u2013 14h30Dijon USC \/ FC Gueugnon S\u00e9niors F \u2013 D1 J05Dimanche 11\/12 \u2013 10h00Entente Marly\/Neuvy \/ Entente FCG-DFCA Sport E.Leclerc Acad\u00e9mie U18R1 \u2013 J09Dimanche 11\/12 \u2013 Horaire \u00e0 ... Lire la suite","og_url":"https:\/\/www.fcgueugnon.fr\/site\/agenda-week-end-du-10-et-11-decembre-2022\/2587","og_site_name":"FOOTBALL CLUB GUEUGNON","article_publisher":"http:\/\/facebook.com\/FCGueugnon","article_published_time":"2022-12-09T06:50:00+00:00","article_modified_time":"2023-05-13T11:14:49+00:00","og_image":[{"width":1920,"height":1080,"url":"https:\/\/www.fcgueugnon.fr\/site\/wp-content\/uploads\/2022\/09\/MicrosoftTeams-image.png","type":"image\/png"}],"author":"FC Gueugnon","twitter_card":"summary_large_image","twitter_creator":"@FCGueugnon_off","twitter_site":"@FCGueugnon_off","twitter_misc":{"\u00c9crit par":"FC Gueugnon","Dur\u00e9e de lecture estim\u00e9e":"2 minutes"},"schema":{"@context":"https:\/\/schema.org","@graph":[{"@type":"Article","@id":"https:\/\/www.fcgueugnon.fr\/site\/agenda-week-end-du-10-et-11-decembre-2022\/2587#article","isPartOf":{"@id":"https:\/\/www.fcgueugnon.fr\/site\/agenda-week-end-du-10-et-11-decembre-2022\/2587"},"author":{"name":"FC Gueugnon","@id":"https:\/\/www.fcgueugnon.fr\/site\/#\/schema\/person\/f6444fbdd35fa731ee974c03508738fb"},"headline":"[Agenda] Week-end du 10 et 11 D\u00e9cembre 2022","datePublished":"2022-12-09T06:50:00+00:00","dateModified":"2023-05-13T11:14:49+00:00","mainEntityOfPage":{"@id":"https:\/\/www.fcgueugnon.fr\/site\/agenda-week-end-du-10-et-11-decembre-2022\/2587"},"wordCount":230,"publisher":{"@id":"https:\/\/www.fcgueugnon.fr\/site\/#organization"},"image":{"@id":"https:\/\/www.fcgueugnon.fr\/site\/agenda-week-end-du-10-et-11-decembre-2022\/2587#primaryimage"},"thumbnailUrl":"https:\/\/www.fcgueugnon.fr\/site\/wp-content\/uploads\/2022\/09\/MicrosoftTeams-image.png","keywords":["Agenda","Sport E.Leclerc Acad\u00e9mie : Jeunes \/ Formation"],"articleSection":["Archives 2022\/2023","News"],"inLanguage":"fr-FR"},{"@type":"WebPage","@id":"https:\/\/www.fcgueugnon.fr\/site\/agenda-week-end-du-10-et-11-decembre-2022\/2587","url":"https:\/\/www.fcgueugnon.fr\/site\/agenda-week-end-du-10-et-11-decembre-2022\/2587","name":"[Agenda] Week-end du 10 et 11 D\u00e9cembre 2022 &#8226; FOOTBALL CLUB GUEUGNON","isPartOf":{"@id":"https:\/\/www.fcgueugnon.fr\/site\/#website"},"primaryImageOfPage":{"@id":"https:\/\/www.fcgueugnon.fr\/site\/agenda-week-end-du-10-et-11-decembre-2022\/2587#primaryimage"},"image":{"@id":"https:\/\/www.fcgueugnon.fr\/site\/agenda-week-end-du-10-et-11-decembre-2022\/2587#primaryimage"},"thumbnailUrl":"https:\/\/www.fcgueugnon.fr\/site\/wp-content\/uploads\/2022\/09\/MicrosoftTeams-image.png","datePublished":"2022-12-09T06:50:00+00:00","dateModified":"2023-05-13T11:14:49+00:00","breadcrumb":{"@id":"https:\/\/www.fcgueugnon.fr\/site\/agenda-week-end-du-10-et-11-decembre-2022\/2587#breadcrumb"},"inLanguage":"fr-FR","potentialAction":[{"@type":"ReadAction","target":["https:\/\/www.fcgueugnon.fr\/site\/agenda-week-end-du-10-et-11-decembre-2022\/2587"]}]},{"@type":"ImageObject","inLanguage":"fr-FR","@id":"https:\/\/www.fcgueugnon.fr\/site\/agenda-week-end-du-10-et-11-decembre-2022\/2587#primaryimage","url":"https:\/\/www.fcgueugnon.fr\/site\/wp-content\/uploads\/2022\/09\/MicrosoftTeams-image.png","contentUrl":"https:\/\/www.fcgueugnon.fr\/site\/wp-content\/uploads\/2022\/09\/MicrosoftTeams-image.png","width":1920,"height":1080},{"@type":"BreadcrumbList","@id":"https:\/\/www.fcgueugnon.fr\/site\/agenda-week-end-du-10-et-11-decembre-2022\/2587#breadcrumb","itemListElement":[{"@type":"ListItem","position":1,"name":"Accueil","item":"https:\/\/www.fcgueugnon.fr\/site\/"},{"@type":"ListItem","position":2,"name":"[Agenda] Week-end du 10 et 11 D\u00e9cembre 2022"}]},{"@type":"WebSite","@id":"https:\/\/www.fcgueugnon.fr\/site\/#website","url":"https:\/\/www.fcgueugnon.fr\/site\/","name":"FOOTBALL CLUB GUEUGNON","description":"Le Site Officiel des Forgerons","publisher":{"@id":"https:\/\/www.fcgueugnon.fr\/site\/#organization"},"potentialAction":[{"@type":"SearchAction","target":{"@type":"EntryPoint","urlTemplate":"https:\/\/www.fcgueugnon.fr\/site\/?s={search_term_string}"},"query-input":{"@type":"PropertyValueSpecification","valueRequired":true,"valueName":"search_term_string"}}],"inLanguage":"fr-FR"},{"@type":"Organization","@id":"https:\/\/www.fcgueugnon.fr\/site\/#organization","name":"FC Gueugnon","url":"https:\/\/www.fcgueugnon.fr\/site\/","logo":{"@type":"ImageObject","inLanguage":"fr-FR","@id":"https:\/\/www.fcgueugnon.fr\/site\/#\/schema\/logo\/image\/","url":"https:\/\/www.fcgueugnon.fr\/site\/wp-content\/uploads\/2022\/07\/cropped-Logo-FCGUEUGNON-low-350x350-1.png","contentUrl":"https:\/\/www.fcgueugnon.fr\/site\/wp-content\/uploads\/2022\/07\/cropped-Logo-FCGUEUGNON-low-350x350-1.png","width":350,"height":350,"caption":"FC Gueugnon"},"image":{"@id":"https:\/\/www.fcgueugnon.fr\/site\/#\/schema\/logo\/image\/"},"sameAs":["http:\/\/facebook.com\/FCGueugnon","https:\/\/x.com\/FCGueugnon_off","https:\/\/www.instagram.com\/fcgueugnon\/","https:\/\/www.linkedin.com\/company\/football-club-de-gueugnon\/","https:\/\/www.youtube.com\/user\/FCGueugnonnais","https:\/\/fr.wikipedia.org\/wiki\/Football_Club_de_Gueugnon"]},{"@type":"Person","@id":"https:\/\/www.fcgueugnon.fr\/site\/#\/schema\/person\/f6444fbdd35fa731ee974c03508738fb","name":"FC Gueugnon","sameAs":["https:\/\/www.fcgueugnon.fr\/site"],"url":"https:\/\/www.fcgueugnon.fr\/site\/author\/admin-antho"}]}},"rttpg_featured_image_url":{"full":["https:\/\/www.fcgueugnon.fr\/site\/wp-content\/uploads\/2022\/09\/MicrosoftTeams-image.png",1920,1080,false],"landscape":["https:\/\/www.fcgueugnon.fr\/site\/wp-content\/uploads\/2022\/09\/MicrosoftTeams-image.png",1920,1080,false],"portraits":["https:\/\/www.fcgueugnon.fr\/site\/wp-content\/uploads\/2022\/09\/MicrosoftTeams-image.png",1920,1080,false],"thumbnail":["https:\/\/www.fcgueugnon.fr\/site\/wp-content\/uploads\/2022\/09\/MicrosoftTeams-image-150x150.png",150,150,true],"medium":["https:\/\/www.fcgueugnon.fr\/site\/wp-content\/uploads\/2022\/09\/MicrosoftTeams-image-400x225.png",400,225,true],"large":["https:\/\/www.fcgueugnon.fr\/site\/wp-content\/uploads\/2022\/09\/MicrosoftTeams-image-1024x576.png",1024,576,true],"1536x1536":["https:\/\/www.fcgueugnon.fr\/site\/wp-content\/uploads\/2022\/09\/MicrosoftTeams-image-1536x864.png",1536,864,true],"2048x2048":["https:\/\/www.fcgueugnon.fr\/site\/wp-content\/uploads\/2022\/09\/MicrosoftTeams-image.png",1920,1080,false]},"rttpg_author":{"display_name":"FC Gueugnon","author_link":"https:\/\/www.fcgueugnon.fr\/site\/author\/admin-antho"},"rttpg_comment":0,"rttpg_category":"<a href=\"https:\/\/www.fcgueugnon.fr\/site\/category\/news\/news-2022-2023\" rel=\"category tag\">Archives 2022\/2023<\/a> <a href=\"https:\/\/www.fcgueugnon.fr\/site\/category\/news\" rel=\"category tag\">News<\/a>","rttpg_excerpt":"Au programme de nos forgerons ce week-end S\u00e9niors Groupe N3 \u2013 J11Samedi 10\/12 \u2013 14h30ASC Saint Apollinaire \/ FC Gueugnon Groupe Espoir \u2013 R1 Herbelin J11Dimanche 11\/12 \u2013 14h30Dijon USC \/ FC Gueugnon S\u00e9niors F \u2013 D1 J05Dimanche 11\/12 \u2013 10h00Entente Marly\/Neuvy \/ Entente FCG-DFCA Sport E.Leclerc Acad\u00e9mie U18R1 \u2013 J09Dimanche 11\/12 \u2013 Horaire \u00e0\u2026","_links":{"self":[{"href":"https:\/\/www.fcgueugnon.fr\/site\/wp-json\/wp\/v2\/posts\/2587","targetHints":{"allow":["GET"]}}],"collection":[{"href":"https:\/\/www.fcgueugnon.fr\/site\/wp-json\/wp\/v2\/posts"}],"about":[{"href":"https:\/\/www.fcgueugnon.fr\/site\/wp-json\/wp\/v2\/types\/post"}],"author":[{"embeddable":true,"href":"https:\/\/www.fcgueugnon.fr\/site\/wp-json\/wp\/v2\/users\/1"}],"replies":[{"embeddable":true,"href":"https:\/\/www.fcgueugnon.fr\/site\/wp-json\/wp\/v2\/comments?post=2587"}],"version-history":[{"count":1,"href":"https:\/\/www.fcgueugnon.fr\/site\/wp-json\/wp\/v2\/posts\/2587\/revisions"}],"predecessor-version":[{"id":2588,"href":"https:\/\/www.fcgueugnon.fr\/site\/wp-json\/wp\/v2\/posts\/2587\/revisions\/2588"}],"wp:featuredmedia":[{"embeddable":true,"href":"https:\/\/www.fcgueugnon.fr\/site\/wp-json\/wp\/v2\/media\/1107"}],"wp:attachment":[{"href":"https:\/\/www.fcgueugnon.fr\/site\/wp-json\/wp\/v2\/media?parent=2587"}],"wp:term":[{"taxonomy":"category","embeddable":true,"href":"https:\/\/www.fcgueugnon.fr\/site\/wp-json\/wp\/v2\/categories?post=2587"},{"taxonomy":"post_tag","embeddable":true,"href":"https:\/\/www.fcgueugnon.fr\/site\/wp-json\/wp\/v2\/tags?post=2587"}],"curies":[{"name":"wp","href":"https:\/\/api.w.org\/{rel}","templated":true}]}}