{"id":2554,"date":"2022-12-06T14:18:55","date_gmt":"2022-12-06T13:18:55","guid":{"rendered":"https:\/\/www.fcgueugnon.fr\/site\/?p=2554"},"modified":"2023-05-13T13:11:25","modified_gmt":"2023-05-13T11:11:25","slug":"n3-j10-fc-gueugnon-as-quetigny-resultat-reactions-et-resume-video","status":"publish","type":"post","link":"https:\/\/www.fcgueugnon.fr\/site\/n3-j10-fc-gueugnon-as-quetigny-resultat-reactions-et-resume-video\/2554","title":{"rendered":"[N3 J10 : FC Gueugnon \u2013 AS Quetigny] R\u00e9sultat, r\u00e9actions et r\u00e9sum\u00e9 vid\u00e9o"},"content":{"rendered":"\n<h3 class=\"has-text-align-left wp-block-heading\"><strong>Face \u00e0 Quetigny, les forgerons se sont impos\u00e9s (3-1) et ont obtenu une victoire tr\u00e8s importante !<\/strong><\/h3>\n\n\n\n<div style=\"height:15px\" aria-hidden=\"true\" class=\"wp-block-spacer\"><\/div>\n\n\n\n<figure class=\"wp-block-gallery has-nested-images columns-2 is-cropped wp-block-gallery-1 is-layout-flex wp-block-gallery-is-layout-flex\">\n<figure class=\"wp-block-image size-full\"><img loading=\"lazy\" decoding=\"async\" width=\"1600\" height=\"1067\" data-id=\"2579\" src=\"https:\/\/www.fcgueugnon.fr\/site\/wp-content\/uploads\/2022\/12\/ce-samedi-gueugnon-a-fait-le-job-a-domicile-ne-laissant-aucune-chance-a-son-adversaire-du-jour-photos-jsl-corentin-murat-1670100880.jpg\" alt=\"\" class=\"wp-image-2579\" srcset=\"https:\/\/www.fcgueugnon.fr\/site\/wp-content\/uploads\/2022\/12\/ce-samedi-gueugnon-a-fait-le-job-a-domicile-ne-laissant-aucune-chance-a-son-adversaire-du-jour-photos-jsl-corentin-murat-1670100880.jpg 1600w, https:\/\/www.fcgueugnon.fr\/site\/wp-content\/uploads\/2022\/12\/ce-samedi-gueugnon-a-fait-le-job-a-domicile-ne-laissant-aucune-chance-a-son-adversaire-du-jour-photos-jsl-corentin-murat-1670100880-400x267.jpg 400w, https:\/\/www.fcgueugnon.fr\/site\/wp-content\/uploads\/2022\/12\/ce-samedi-gueugnon-a-fait-le-job-a-domicile-ne-laissant-aucune-chance-a-son-adversaire-du-jour-photos-jsl-corentin-murat-1670100880-1024x683.jpg 1024w, https:\/\/www.fcgueugnon.fr\/site\/wp-content\/uploads\/2022\/12\/ce-samedi-gueugnon-a-fait-le-job-a-domicile-ne-laissant-aucune-chance-a-son-adversaire-du-jour-photos-jsl-corentin-murat-1670100880-768x512.jpg 768w, https:\/\/www.fcgueugnon.fr\/site\/wp-content\/uploads\/2022\/12\/ce-samedi-gueugnon-a-fait-le-job-a-domicile-ne-laissant-aucune-chance-a-son-adversaire-du-jour-photos-jsl-corentin-murat-1670100880-1536x1024.jpg 1536w, https:\/\/www.fcgueugnon.fr\/site\/wp-content\/uploads\/2022\/12\/ce-samedi-gueugnon-a-fait-le-job-a-domicile-ne-laissant-aucune-chance-a-son-adversaire-du-jour-photos-jsl-corentin-murat-1670100880-1320x880.jpg 1320w\" sizes=\"auto, (max-width: 1600px) 100vw, 1600px\" \/><\/figure>\n<\/figure>\n\n\n\n<p class=\"has-text-align-center\"><em>Photos : Le JSL \/ Corentin Murat<\/em><\/p>\n\n\n\n<div style=\"height:15px\" aria-hidden=\"true\" class=\"wp-block-spacer\"><\/div>\n\n\n\n<p>Face \u00e0 la lanterne rouge du championnat, le FC Gueugnon avait pour ambition de s&rsquo;offrir une derni\u00e8re victoire \u00e0 domicile avant la tr\u00eave hivernale. Un r\u00e9sultat positif qui permettrait de retrouver une place au classement plus conforme aux ambitions du club. Pourtant, ce sont bien les joueurs de l&rsquo;AS Quetigny qui apportent le danger en premier. <strong>Nicolas Vannier<\/strong> (10&prime;) et <strong>Micka\u00ebl Gaougaou<\/strong> (11&prime;) parviennent \u00e0 d\u00e9fier <strong>Anthony Njock<\/strong> qui reste impeccable dans son but. Sans complexe, les visiteurs se cr\u00e9ent d&rsquo;autres opportunit\u00e9s mais<strong> Zakary Kamal<\/strong>\u00a0(13&prime;) puis <strong>Micka\u00ebl Mbala<\/strong> (24&prime;) se montrent impr\u00e9cis. En difficult\u00e9, les gueugnonnais tentent de r\u00e9agir par l&rsquo;interm\u00e9diaire de <strong>Mouhamed Diallo<\/strong> (11&prime;) qui manque le cadre de justesse. Finalement, c&rsquo;est <strong>Erwan Mbock<\/strong>, bien positionn\u00e9, qui ouvre le score en profitant d&rsquo;une reprise de vol\u00e9e du capitaine <strong>Franck Revuelta<\/strong> repouss\u00e9e dans ses pieds (1-0 ; 25&prime;).<\/p>\n\n\n\n<p>Apr\u00e8s quelques ajustements \u00e0 la pause, les forgerons reviennent sur le terrain avec de meilleures intentions. Tr\u00e8s vite, <strong>Erwan Mbock<\/strong> multiplie les acc\u00e9l\u00e9rations et fait des diff\u00e9rences dans le couloir gauche. L&rsquo;attaquant gueugnonnais se procure deux occasions importantes (46&prime; ; 47&prime;) mais <strong>Math\u00e9o Roy<\/strong> maintient Quetigny dans la partie. Et juste apr\u00e8s, les visiteurs vont parvenir \u00e0 \u00e9galiser sur un penalty transform\u00e9 par <strong>Micka\u00ebl Gaougaou<\/strong> (1-1 ; 53&prime;). Tout est \u00e0 refaire pour les forgerons.<\/p>\n\n\n\n<p>Apr\u00e8s le but \u00e9galisateur, Quetigny va reculer et laisser plus d&rsquo;opportunit\u00e9s aux hommes de <strong>Philippe Correia<\/strong>. Le duo <strong>Mbock &#8211; Revuelta<\/strong> est de nouveau d\u00e9cisif. L&rsquo;excentr\u00e9 gueugnonnais d\u00e9cale <strong>Franck Revuelta<\/strong> qui profite de l\u2019offrande de son co\u00e9quipier pour conclure (2-1 ; 71&prime;). En fin de partie, c&rsquo;est <strong>Arnaud Rollin<\/strong>, \u00e0 la r\u00e9ception d&rsquo;une passe en retrait de <strong>Magide Mahla<\/strong>, qui fait la diff\u00e9rence en inscrivant son premier but sous les couleurs du FC Gueugnon (3-1, 86&prime;).<\/p>\n\n\n\n<p>Il ne reste plus qu&rsquo;un match \u00e0 disputer avant la tr\u00eave hivernale. Ce samedi \u00e0 14h30, l&rsquo;\u00e9quipe de Philippe Correia se d\u00e9place sur le terrain de l&rsquo;ASC Saint-Apollinaire.<\/p>\n\n\n\n<div style=\"height:40px\" aria-hidden=\"true\" class=\"wp-block-spacer\"><\/div>\n\n\n\n<h2 class=\"wp-block-heading\">R\u00e9sum\u00e9 vid\u00e9o<\/h2>\n\n\n\n<div style=\"height:40px\" aria-hidden=\"true\" class=\"wp-block-spacer\"><\/div>\n\n\n\n<figure class=\"wp-block-embed is-type-rich is-provider-prise-en-charge-des-contenus-embarques wp-block-embed-prise-en-charge-des-contenus-embarques wp-embed-aspect-16-9 wp-has-aspect-ratio\"><div class=\"wp-block-embed__wrapper\">\n<iframe loading=\"lazy\" title=\"FC Gueugnon - AS Quetigny | Journe\u0301e 10 | Re\u0301sume\u0301 Complet\" width=\"1200\" height=\"675\" src=\"https:\/\/www.youtube.com\/embed\/ojaXZwH43KA?feature=oembed\" frameborder=\"0\" allow=\"accelerometer; autoplay; clipboard-write; encrypted-media; gyroscope; picture-in-picture; web-share\" allowfullscreen><\/iframe>\n<\/div><\/figure>\n\n\n\n<div style=\"height:40px\" aria-hidden=\"true\" class=\"wp-block-spacer\"><\/div>\n\n\n\n<h2 class=\"wp-block-heading\">R\u00e9actions<\/h2>\n\n\n\n<div class=\"wp-block-coblocks-media-card alignwide is-style-left is-stacked-on-mobile coblocks-media-card-77145432166\"><div class=\"wp-block-coblocks-media-card__inner has-padding has-large-padding\"><div class=\"wp-block-coblocks-media-card__wrapper\" style=\"grid-template-columns:44% auto\"><figure class=\"wp-block-coblocks-media-card__media has-shadow\"><img loading=\"lazy\" decoding=\"async\" width=\"1024\" height=\"682\" src=\"https:\/\/www.fcgueugnon.fr\/site\/wp-content\/uploads\/2022\/10\/philippe-Correia-FC-Gueugnon-1024x682.jpg\" alt=\"\" class=\"wp-image-1998\" srcset=\"https:\/\/www.fcgueugnon.fr\/site\/wp-content\/uploads\/2022\/10\/philippe-Correia-FC-Gueugnon-1024x682.jpg 1024w, https:\/\/www.fcgueugnon.fr\/site\/wp-content\/uploads\/2022\/10\/philippe-Correia-FC-Gueugnon-400x267.jpg 400w, https:\/\/www.fcgueugnon.fr\/site\/wp-content\/uploads\/2022\/10\/philippe-Correia-FC-Gueugnon-768x512.jpg 768w, https:\/\/www.fcgueugnon.fr\/site\/wp-content\/uploads\/2022\/10\/philippe-Correia-FC-Gueugnon.jpg 1280w\" sizes=\"auto, (max-width: 1024px) 100vw, 1024px\" \/><\/figure><div class=\"wp-block-coblocks-media-card__content has-shadow\">\n<div class=\"wp-block-coblocks-row coblocks-row-77145432275\" data-columns=\"1\" data-layout=\"100\"><div class=\"wp-block-coblocks-row__inner has-background has-padding has-huge-padding has-no-margin is-stacked-on-mobile are-vertically-aligned-center has-medium-gutter\" style=\"background-color:#FFFFFF\">\n<div class=\"wp-block-coblocks-column is-vertically-aligned-center coblocks-column-77145432284\" style=\"width:100%\"><div class=\"wp-block-coblocks-column__inner has-no-padding has-no-margin\">\n<h3 class=\"wp-block-heading\"><strong>Philippe CORREIA, entraineur : <\/strong><\/h3>\n\n\n\n<div style=\"height:30px\" aria-hidden=\"true\" class=\"wp-block-spacer\"><\/div>\n\n\n\n<p><em>\u00ab C<em>\u2019\u00e9tait important de gagner ce match pour \u00eatre plus en conformit\u00e9 avec nos ambitions. Apr\u00e8s des d\u00e9buts laborieux, <em><em>on a bien r\u00e9agi<\/em><\/em> en \u00e9tant efficaces&nbsp;en fin de partie.<\/em> \u00bb<\/em><\/p>\n\n\n\n<div style=\"height:30px\" aria-hidden=\"true\" class=\"wp-block-spacer\"><\/div>\n\n\n\n<p><sub>R\u00e9actions compl\u00e8tes \u00e0 retrouver ce mercredi \u00e0 10:15 et \u00e0 18:30 en direct sur Radio Cactus (FM 92.2) ou \u00e0 partir de jeudi sur notre site officiel ou sur Mixcloud.com !<\/sub><\/p>\n\n\n\n<div style=\"height:20px\" aria-hidden=\"true\" class=\"wp-block-spacer\"><\/div>\n<\/div><\/div>\n<\/div><\/div>\n<\/div><\/div><\/div><\/div>\n\n\n\n<div style=\"height:40px\" aria-hidden=\"true\" class=\"wp-block-spacer\"><\/div>\n\n\n\n<hr class=\"wp-block-separator has-text-color has-css-opacity has-background\" style=\"background-color:#f7db4a;color:#f7db4a\"\/>\n\n\n\n<h3 class=\"has-text-align-center wp-block-heading\"><strong>\u2139 Prochain match : <\/strong><br>&#8211; Samedi 10\/12\/2022 \u00e0 14h30 : Saint-Apollinaire \/ FC Gueugnon<br>&#8211; Samedi 14\/01\/2023 \u00e0 18h00 : FC Gueugnon \/ Morteau-Montlebon<\/h3>\n\n\n\n<hr class=\"wp-block-separator has-text-color has-css-opacity has-background\" style=\"background-color:#f7db4a;color:#f7db4a\"\/>\n\n\n\n<h3 class=\"wp-block-heading\">\u26bd <strong>Score final<\/strong><\/h3>\n\n\n\n<p><span data-reactid=\".9.1:3:1:$comment10153319512882859_10153320215687859:0.0.$right.0.$left.0.0.1.$comment-body.0.$end:0:$4:0\"><span class=\"null\"><strong>\u00c0 Gueugnon, stade Jean Laville<\/strong><br><\/span><\/span>FC Gueugnon 3 &#8211; 1 AS Quetigny<br>Buts : Mbock (25&prime;), Fr. Revuelta (69&prime;), Rollin (85&prime;) ; Gaougaou (53&prime;)<\/p>\n\n\n\n<p><strong>Officiels :<\/strong><br>Arbitre centre : YOHAN HUOT MARCHAND<br>Arbitre assistant 1 : VALENTIN THERY SIMONIN<br>Arbitre assistant 2 : AURELIEN PLAT<br>D\u00e9l\u00e9gu\u00e9 principal : DAVID BERQUIER<br>Observateur adjoint 1 : BENOIT MORELIERE<\/p>\n\n\n\n<div style=\"height:15px\" aria-hidden=\"true\" class=\"wp-block-spacer\"><\/div>\n\n\n\n<h3 class=\"wp-block-heading\">\ud83d\udfe1\ud83d\udd35 <strong>Composition d&rsquo;\u00e9quipe<\/strong><\/h3>\n\n\n\n<p>Njock, Helal (74&prime; Mahla), Chauvet, Fahrasmane, Delclaux, Mohamed, Luanda (58&prime; Bouekou) , Diallo (74&prime; Salibur), Fr. Revuelta (c) (74&prime; Mvondo), Dram\u00e9 (58&prime; Rollin), Mbock.<br>Entraineur : Philippe Correia (abs) \/ Adjoint : Bakeba Bayo.<\/p>\n\n\n\n<div style=\"height:38px\" aria-hidden=\"true\" class=\"wp-block-spacer\"><\/div>\n\n\n\n<h3 class=\"wp-block-heading\">\ud83d\udd0d <strong>Plus d&rsquo;articles <\/strong><\/h3>\n\n\n\n<blockquote class=\"wp-block-quote is-layout-flow wp-block-quote-is-layout-flow\">\n<p><span style=\"line-height: 1.5;\">\u25ba <a href=\"https:\/\/twitter.com\/FCGueugnon_Off\/status\/1599071209471238148\" target=\"_blank\" rel=\"noreferrer noopener\">Revivre le live<\/a><\/span><\/p>\n<\/blockquote>\n","protected":false},"excerpt":{"rendered":"<p>Face \u00e0 Quetigny, les forgerons se sont impos\u00e9s (3-1) et ont obtenu une victoire tr\u00e8s importante ! Photos : Le JSL \/ Corentin Murat Face \u00e0 la lanterne rouge du championnat, le FC Gueugnon avait pour ambition de s&rsquo;offrir une derni\u00e8re victoire \u00e0 domicile avant la tr\u00eave hivernale. Un r\u00e9sultat positif qui permettrait de retrouver &#8230; <\/p>\n<p class=\"read-more-container\"><a title=\"[N3 J10 : FC Gueugnon \u2013 AS Quetigny] R\u00e9sultat, r\u00e9actions et r\u00e9sum\u00e9 vid\u00e9o\" class=\"read-more button\" href=\"https:\/\/www.fcgueugnon.fr\/site\/n3-j10-fc-gueugnon-as-quetigny-resultat-reactions-et-resume-video\/2554#more-2554\" aria-label=\"Plus sur [N3 J10 : FC Gueugnon \u2013 AS Quetigny] R\u00e9sultat, r\u00e9actions et r\u00e9sum\u00e9 vid\u00e9o\">Lire la suite<\/a><\/p>\n","protected":false},"author":3,"featured_media":2579,"comment_status":"closed","ping_status":"closed","sticky":true,"template":"","format":"standard","meta":{"footnotes":""},"categories":[5,4],"tags":[27],"class_list":["post-2554","post","type-post","status-publish","format-standard","has-post-thumbnail","hentry","category-news-2022-2023","category-news","tag-resultat","infinite-scroll-item","generate-columns","tablet-grid-50","mobile-grid-100","grid-parent","grid-25"],"yoast_head":"<!-- This site is optimized with the Yoast SEO plugin v26.6 - https:\/\/yoast.com\/wordpress\/plugins\/seo\/ -->\n<title>[N3 J10 : FC Gueugnon \u2013 AS Quetigny] R\u00e9sultat, r\u00e9actions et r\u00e9sum\u00e9 vid\u00e9o &#8226; FOOTBALL CLUB GUEUGNON<\/title>\n<meta name=\"robots\" content=\"index, follow, max-snippet:-1, max-image-preview:large, max-video-preview:-1\" \/>\n<link rel=\"canonical\" href=\"https:\/\/www.fcgueugnon.fr\/site\/n3-j10-fc-gueugnon-as-quetigny-resultat-reactions-et-resume-video\/2554\" \/>\n<meta property=\"og:locale\" content=\"fr_FR\" \/>\n<meta property=\"og:type\" content=\"article\" \/>\n<meta property=\"og:title\" content=\"[N3 J10 : FC Gueugnon \u2013 AS Quetigny] R\u00e9sultat, r\u00e9actions et r\u00e9sum\u00e9 vid\u00e9o &#8226; FOOTBALL CLUB GUEUGNON\" \/>\n<meta property=\"og:description\" content=\"Face \u00e0 Quetigny, les forgerons se sont impos\u00e9s (3-1) et ont obtenu une victoire tr\u00e8s importante ! Photos : Le JSL \/ Corentin Murat Face \u00e0 la lanterne rouge du championnat, le FC Gueugnon avait pour ambition de s&rsquo;offrir une derni\u00e8re victoire \u00e0 domicile avant la tr\u00eave hivernale. Un r\u00e9sultat positif qui permettrait de retrouver ... Lire la suite\" \/>\n<meta property=\"og:url\" content=\"https:\/\/www.fcgueugnon.fr\/site\/n3-j10-fc-gueugnon-as-quetigny-resultat-reactions-et-resume-video\/2554\" \/>\n<meta property=\"og:site_name\" content=\"FOOTBALL CLUB GUEUGNON\" \/>\n<meta property=\"article:publisher\" content=\"http:\/\/facebook.com\/FCGueugnon\" \/>\n<meta property=\"article:published_time\" content=\"2022-12-06T13:18:55+00:00\" \/>\n<meta property=\"article:modified_time\" content=\"2023-05-13T11:11:25+00:00\" \/>\n<meta property=\"og:image\" content=\"https:\/\/www.fcgueugnon.fr\/site\/wp-content\/uploads\/2022\/12\/ce-samedi-gueugnon-a-fait-le-job-a-domicile-ne-laissant-aucune-chance-a-son-adversaire-du-jour-photos-jsl-corentin-murat-1670100880.jpg\" \/>\n\t<meta property=\"og:image:width\" content=\"1600\" \/>\n\t<meta property=\"og:image:height\" content=\"1067\" \/>\n\t<meta property=\"og:image:type\" content=\"image\/jpeg\" \/>\n<meta name=\"author\" content=\"FC Gueugnon\" \/>\n<meta name=\"twitter:card\" content=\"summary_large_image\" \/>\n<meta name=\"twitter:creator\" content=\"@FCGueugnon_off\" \/>\n<meta name=\"twitter:site\" content=\"@FCGueugnon_off\" \/>\n<meta name=\"twitter:label1\" content=\"\u00c9crit par\" \/>\n\t<meta name=\"twitter:data1\" content=\"FC Gueugnon\" \/>\n\t<meta name=\"twitter:label2\" content=\"Dur\u00e9e de lecture estim\u00e9e\" \/>\n\t<meta name=\"twitter:data2\" content=\"4 minutes\" \/>\n<script type=\"application\/ld+json\" class=\"yoast-schema-graph\">{\"@context\":\"https:\/\/schema.org\",\"@graph\":[{\"@type\":\"Article\",\"@id\":\"https:\/\/www.fcgueugnon.fr\/site\/n3-j10-fc-gueugnon-as-quetigny-resultat-reactions-et-resume-video\/2554#article\",\"isPartOf\":{\"@id\":\"https:\/\/www.fcgueugnon.fr\/site\/n3-j10-fc-gueugnon-as-quetigny-resultat-reactions-et-resume-video\/2554\"},\"author\":{\"name\":\"FC Gueugnon\",\"@id\":\"https:\/\/www.fcgueugnon.fr\/site\/#\/schema\/person\/829630bfb5d6f3ebe4d296b75687c01a\"},\"headline\":\"[N3 J10 : FC Gueugnon \u2013 AS Quetigny] R\u00e9sultat, r\u00e9actions et r\u00e9sum\u00e9 vid\u00e9o\",\"datePublished\":\"2022-12-06T13:18:55+00:00\",\"dateModified\":\"2023-05-13T11:11:25+00:00\",\"mainEntityOfPage\":{\"@id\":\"https:\/\/www.fcgueugnon.fr\/site\/n3-j10-fc-gueugnon-as-quetigny-resultat-reactions-et-resume-video\/2554\"},\"wordCount\":536,\"publisher\":{\"@id\":\"https:\/\/www.fcgueugnon.fr\/site\/#organization\"},\"image\":{\"@id\":\"https:\/\/www.fcgueugnon.fr\/site\/n3-j10-fc-gueugnon-as-quetigny-resultat-reactions-et-resume-video\/2554#primaryimage\"},\"thumbnailUrl\":\"https:\/\/www.fcgueugnon.fr\/site\/wp-content\/uploads\/2022\/12\/ce-samedi-gueugnon-a-fait-le-job-a-domicile-ne-laissant-aucune-chance-a-son-adversaire-du-jour-photos-jsl-corentin-murat-1670100880.jpg\",\"keywords\":[\"R\u00e9sultat\"],\"articleSection\":[\"Archives 2022\/2023\",\"News\"],\"inLanguage\":\"fr-FR\"},{\"@type\":\"WebPage\",\"@id\":\"https:\/\/www.fcgueugnon.fr\/site\/n3-j10-fc-gueugnon-as-quetigny-resultat-reactions-et-resume-video\/2554\",\"url\":\"https:\/\/www.fcgueugnon.fr\/site\/n3-j10-fc-gueugnon-as-quetigny-resultat-reactions-et-resume-video\/2554\",\"name\":\"[N3 J10 : FC Gueugnon \u2013 AS Quetigny] R\u00e9sultat, r\u00e9actions et r\u00e9sum\u00e9 vid\u00e9o &#8226; FOOTBALL CLUB GUEUGNON\",\"isPartOf\":{\"@id\":\"https:\/\/www.fcgueugnon.fr\/site\/#website\"},\"primaryImageOfPage\":{\"@id\":\"https:\/\/www.fcgueugnon.fr\/site\/n3-j10-fc-gueugnon-as-quetigny-resultat-reactions-et-resume-video\/2554#primaryimage\"},\"image\":{\"@id\":\"https:\/\/www.fcgueugnon.fr\/site\/n3-j10-fc-gueugnon-as-quetigny-resultat-reactions-et-resume-video\/2554#primaryimage\"},\"thumbnailUrl\":\"https:\/\/www.fcgueugnon.fr\/site\/wp-content\/uploads\/2022\/12\/ce-samedi-gueugnon-a-fait-le-job-a-domicile-ne-laissant-aucune-chance-a-son-adversaire-du-jour-photos-jsl-corentin-murat-1670100880.jpg\",\"datePublished\":\"2022-12-06T13:18:55+00:00\",\"dateModified\":\"2023-05-13T11:11:25+00:00\",\"breadcrumb\":{\"@id\":\"https:\/\/www.fcgueugnon.fr\/site\/n3-j10-fc-gueugnon-as-quetigny-resultat-reactions-et-resume-video\/2554#breadcrumb\"},\"inLanguage\":\"fr-FR\",\"potentialAction\":[{\"@type\":\"ReadAction\",\"target\":[\"https:\/\/www.fcgueugnon.fr\/site\/n3-j10-fc-gueugnon-as-quetigny-resultat-reactions-et-resume-video\/2554\"]}]},{\"@type\":\"ImageObject\",\"inLanguage\":\"fr-FR\",\"@id\":\"https:\/\/www.fcgueugnon.fr\/site\/n3-j10-fc-gueugnon-as-quetigny-resultat-reactions-et-resume-video\/2554#primaryimage\",\"url\":\"https:\/\/www.fcgueugnon.fr\/site\/wp-content\/uploads\/2022\/12\/ce-samedi-gueugnon-a-fait-le-job-a-domicile-ne-laissant-aucune-chance-a-son-adversaire-du-jour-photos-jsl-corentin-murat-1670100880.jpg\",\"contentUrl\":\"https:\/\/www.fcgueugnon.fr\/site\/wp-content\/uploads\/2022\/12\/ce-samedi-gueugnon-a-fait-le-job-a-domicile-ne-laissant-aucune-chance-a-son-adversaire-du-jour-photos-jsl-corentin-murat-1670100880.jpg\",\"width\":1600,\"height\":1067},{\"@type\":\"BreadcrumbList\",\"@id\":\"https:\/\/www.fcgueugnon.fr\/site\/n3-j10-fc-gueugnon-as-quetigny-resultat-reactions-et-resume-video\/2554#breadcrumb\",\"itemListElement\":[{\"@type\":\"ListItem\",\"position\":1,\"name\":\"Accueil\",\"item\":\"https:\/\/www.fcgueugnon.fr\/site\/\"},{\"@type\":\"ListItem\",\"position\":2,\"name\":\"[N3 J10 : FC Gueugnon \u2013 AS Quetigny] R\u00e9sultat, r\u00e9actions et r\u00e9sum\u00e9 vid\u00e9o\"}]},{\"@type\":\"WebSite\",\"@id\":\"https:\/\/www.fcgueugnon.fr\/site\/#website\",\"url\":\"https:\/\/www.fcgueugnon.fr\/site\/\",\"name\":\"FOOTBALL CLUB GUEUGNON\",\"description\":\"Le Site Officiel des Forgerons\",\"publisher\":{\"@id\":\"https:\/\/www.fcgueugnon.fr\/site\/#organization\"},\"potentialAction\":[{\"@type\":\"SearchAction\",\"target\":{\"@type\":\"EntryPoint\",\"urlTemplate\":\"https:\/\/www.fcgueugnon.fr\/site\/?s={search_term_string}\"},\"query-input\":{\"@type\":\"PropertyValueSpecification\",\"valueRequired\":true,\"valueName\":\"search_term_string\"}}],\"inLanguage\":\"fr-FR\"},{\"@type\":\"Organization\",\"@id\":\"https:\/\/www.fcgueugnon.fr\/site\/#organization\",\"name\":\"FC Gueugnon\",\"url\":\"https:\/\/www.fcgueugnon.fr\/site\/\",\"logo\":{\"@type\":\"ImageObject\",\"inLanguage\":\"fr-FR\",\"@id\":\"https:\/\/www.fcgueugnon.fr\/site\/#\/schema\/logo\/image\/\",\"url\":\"https:\/\/www.fcgueugnon.fr\/site\/wp-content\/uploads\/2022\/07\/cropped-Logo-FCGUEUGNON-low-350x350-1.png\",\"contentUrl\":\"https:\/\/www.fcgueugnon.fr\/site\/wp-content\/uploads\/2022\/07\/cropped-Logo-FCGUEUGNON-low-350x350-1.png\",\"width\":350,\"height\":350,\"caption\":\"FC Gueugnon\"},\"image\":{\"@id\":\"https:\/\/www.fcgueugnon.fr\/site\/#\/schema\/logo\/image\/\"},\"sameAs\":[\"http:\/\/facebook.com\/FCGueugnon\",\"https:\/\/x.com\/FCGueugnon_off\",\"https:\/\/www.instagram.com\/fcgueugnon\/\",\"https:\/\/www.linkedin.com\/company\/football-club-de-gueugnon\/\",\"https:\/\/www.youtube.com\/user\/FCGueugnonnais\",\"https:\/\/fr.wikipedia.org\/wiki\/Football_Club_de_Gueugnon\"]},{\"@type\":\"Person\",\"@id\":\"https:\/\/www.fcgueugnon.fr\/site\/#\/schema\/person\/829630bfb5d6f3ebe4d296b75687c01a\",\"name\":\"FC Gueugnon\",\"url\":\"https:\/\/www.fcgueugnon.fr\/site\/author\/g-avin1\"}]}<\/script>\n<!-- \/ Yoast SEO plugin. -->","yoast_head_json":{"title":"[N3 J10 : FC Gueugnon \u2013 AS Quetigny] R\u00e9sultat, r\u00e9actions et r\u00e9sum\u00e9 vid\u00e9o &#8226; FOOTBALL CLUB GUEUGNON","robots":{"index":"index","follow":"follow","max-snippet":"max-snippet:-1","max-image-preview":"max-image-preview:large","max-video-preview":"max-video-preview:-1"},"canonical":"https:\/\/www.fcgueugnon.fr\/site\/n3-j10-fc-gueugnon-as-quetigny-resultat-reactions-et-resume-video\/2554","og_locale":"fr_FR","og_type":"article","og_title":"[N3 J10 : FC Gueugnon \u2013 AS Quetigny] R\u00e9sultat, r\u00e9actions et r\u00e9sum\u00e9 vid\u00e9o &#8226; FOOTBALL CLUB GUEUGNON","og_description":"Face \u00e0 Quetigny, les forgerons se sont impos\u00e9s (3-1) et ont obtenu une victoire tr\u00e8s importante ! Photos : Le JSL \/ Corentin Murat Face \u00e0 la lanterne rouge du championnat, le FC Gueugnon avait pour ambition de s&rsquo;offrir une derni\u00e8re victoire \u00e0 domicile avant la tr\u00eave hivernale. Un r\u00e9sultat positif qui permettrait de retrouver ... Lire la suite","og_url":"https:\/\/www.fcgueugnon.fr\/site\/n3-j10-fc-gueugnon-as-quetigny-resultat-reactions-et-resume-video\/2554","og_site_name":"FOOTBALL CLUB GUEUGNON","article_publisher":"http:\/\/facebook.com\/FCGueugnon","article_published_time":"2022-12-06T13:18:55+00:00","article_modified_time":"2023-05-13T11:11:25+00:00","og_image":[{"width":1600,"height":1067,"url":"https:\/\/www.fcgueugnon.fr\/site\/wp-content\/uploads\/2022\/12\/ce-samedi-gueugnon-a-fait-le-job-a-domicile-ne-laissant-aucune-chance-a-son-adversaire-du-jour-photos-jsl-corentin-murat-1670100880.jpg","type":"image\/jpeg"}],"author":"FC Gueugnon","twitter_card":"summary_large_image","twitter_creator":"@FCGueugnon_off","twitter_site":"@FCGueugnon_off","twitter_misc":{"\u00c9crit par":"FC Gueugnon","Dur\u00e9e de lecture estim\u00e9e":"4 minutes"},"schema":{"@context":"https:\/\/schema.org","@graph":[{"@type":"Article","@id":"https:\/\/www.fcgueugnon.fr\/site\/n3-j10-fc-gueugnon-as-quetigny-resultat-reactions-et-resume-video\/2554#article","isPartOf":{"@id":"https:\/\/www.fcgueugnon.fr\/site\/n3-j10-fc-gueugnon-as-quetigny-resultat-reactions-et-resume-video\/2554"},"author":{"name":"FC Gueugnon","@id":"https:\/\/www.fcgueugnon.fr\/site\/#\/schema\/person\/829630bfb5d6f3ebe4d296b75687c01a"},"headline":"[N3 J10 : FC Gueugnon \u2013 AS Quetigny] R\u00e9sultat, r\u00e9actions et r\u00e9sum\u00e9 vid\u00e9o","datePublished":"2022-12-06T13:18:55+00:00","dateModified":"2023-05-13T11:11:25+00:00","mainEntityOfPage":{"@id":"https:\/\/www.fcgueugnon.fr\/site\/n3-j10-fc-gueugnon-as-quetigny-resultat-reactions-et-resume-video\/2554"},"wordCount":536,"publisher":{"@id":"https:\/\/www.fcgueugnon.fr\/site\/#organization"},"image":{"@id":"https:\/\/www.fcgueugnon.fr\/site\/n3-j10-fc-gueugnon-as-quetigny-resultat-reactions-et-resume-video\/2554#primaryimage"},"thumbnailUrl":"https:\/\/www.fcgueugnon.fr\/site\/wp-content\/uploads\/2022\/12\/ce-samedi-gueugnon-a-fait-le-job-a-domicile-ne-laissant-aucune-chance-a-son-adversaire-du-jour-photos-jsl-corentin-murat-1670100880.jpg","keywords":["R\u00e9sultat"],"articleSection":["Archives 2022\/2023","News"],"inLanguage":"fr-FR"},{"@type":"WebPage","@id":"https:\/\/www.fcgueugnon.fr\/site\/n3-j10-fc-gueugnon-as-quetigny-resultat-reactions-et-resume-video\/2554","url":"https:\/\/www.fcgueugnon.fr\/site\/n3-j10-fc-gueugnon-as-quetigny-resultat-reactions-et-resume-video\/2554","name":"[N3 J10 : FC Gueugnon \u2013 AS Quetigny] R\u00e9sultat, r\u00e9actions et r\u00e9sum\u00e9 vid\u00e9o &#8226; FOOTBALL CLUB GUEUGNON","isPartOf":{"@id":"https:\/\/www.fcgueugnon.fr\/site\/#website"},"primaryImageOfPage":{"@id":"https:\/\/www.fcgueugnon.fr\/site\/n3-j10-fc-gueugnon-as-quetigny-resultat-reactions-et-resume-video\/2554#primaryimage"},"image":{"@id":"https:\/\/www.fcgueugnon.fr\/site\/n3-j10-fc-gueugnon-as-quetigny-resultat-reactions-et-resume-video\/2554#primaryimage"},"thumbnailUrl":"https:\/\/www.fcgueugnon.fr\/site\/wp-content\/uploads\/2022\/12\/ce-samedi-gueugnon-a-fait-le-job-a-domicile-ne-laissant-aucune-chance-a-son-adversaire-du-jour-photos-jsl-corentin-murat-1670100880.jpg","datePublished":"2022-12-06T13:18:55+00:00","dateModified":"2023-05-13T11:11:25+00:00","breadcrumb":{"@id":"https:\/\/www.fcgueugnon.fr\/site\/n3-j10-fc-gueugnon-as-quetigny-resultat-reactions-et-resume-video\/2554#breadcrumb"},"inLanguage":"fr-FR","potentialAction":[{"@type":"ReadAction","target":["https:\/\/www.fcgueugnon.fr\/site\/n3-j10-fc-gueugnon-as-quetigny-resultat-reactions-et-resume-video\/2554"]}]},{"@type":"ImageObject","inLanguage":"fr-FR","@id":"https:\/\/www.fcgueugnon.fr\/site\/n3-j10-fc-gueugnon-as-quetigny-resultat-reactions-et-resume-video\/2554#primaryimage","url":"https:\/\/www.fcgueugnon.fr\/site\/wp-content\/uploads\/2022\/12\/ce-samedi-gueugnon-a-fait-le-job-a-domicile-ne-laissant-aucune-chance-a-son-adversaire-du-jour-photos-jsl-corentin-murat-1670100880.jpg","contentUrl":"https:\/\/www.fcgueugnon.fr\/site\/wp-content\/uploads\/2022\/12\/ce-samedi-gueugnon-a-fait-le-job-a-domicile-ne-laissant-aucune-chance-a-son-adversaire-du-jour-photos-jsl-corentin-murat-1670100880.jpg","width":1600,"height":1067},{"@type":"BreadcrumbList","@id":"https:\/\/www.fcgueugnon.fr\/site\/n3-j10-fc-gueugnon-as-quetigny-resultat-reactions-et-resume-video\/2554#breadcrumb","itemListElement":[{"@type":"ListItem","position":1,"name":"Accueil","item":"https:\/\/www.fcgueugnon.fr\/site\/"},{"@type":"ListItem","position":2,"name":"[N3 J10 : FC Gueugnon \u2013 AS Quetigny] R\u00e9sultat, r\u00e9actions et r\u00e9sum\u00e9 vid\u00e9o"}]},{"@type":"WebSite","@id":"https:\/\/www.fcgueugnon.fr\/site\/#website","url":"https:\/\/www.fcgueugnon.fr\/site\/","name":"FOOTBALL CLUB GUEUGNON","description":"Le Site Officiel des Forgerons","publisher":{"@id":"https:\/\/www.fcgueugnon.fr\/site\/#organization"},"potentialAction":[{"@type":"SearchAction","target":{"@type":"EntryPoint","urlTemplate":"https:\/\/www.fcgueugnon.fr\/site\/?s={search_term_string}"},"query-input":{"@type":"PropertyValueSpecification","valueRequired":true,"valueName":"search_term_string"}}],"inLanguage":"fr-FR"},{"@type":"Organization","@id":"https:\/\/www.fcgueugnon.fr\/site\/#organization","name":"FC Gueugnon","url":"https:\/\/www.fcgueugnon.fr\/site\/","logo":{"@type":"ImageObject","inLanguage":"fr-FR","@id":"https:\/\/www.fcgueugnon.fr\/site\/#\/schema\/logo\/image\/","url":"https:\/\/www.fcgueugnon.fr\/site\/wp-content\/uploads\/2022\/07\/cropped-Logo-FCGUEUGNON-low-350x350-1.png","contentUrl":"https:\/\/www.fcgueugnon.fr\/site\/wp-content\/uploads\/2022\/07\/cropped-Logo-FCGUEUGNON-low-350x350-1.png","width":350,"height":350,"caption":"FC Gueugnon"},"image":{"@id":"https:\/\/www.fcgueugnon.fr\/site\/#\/schema\/logo\/image\/"},"sameAs":["http:\/\/facebook.com\/FCGueugnon","https:\/\/x.com\/FCGueugnon_off","https:\/\/www.instagram.com\/fcgueugnon\/","https:\/\/www.linkedin.com\/company\/football-club-de-gueugnon\/","https:\/\/www.youtube.com\/user\/FCGueugnonnais","https:\/\/fr.wikipedia.org\/wiki\/Football_Club_de_Gueugnon"]},{"@type":"Person","@id":"https:\/\/www.fcgueugnon.fr\/site\/#\/schema\/person\/829630bfb5d6f3ebe4d296b75687c01a","name":"FC Gueugnon","url":"https:\/\/www.fcgueugnon.fr\/site\/author\/g-avin1"}]}},"rttpg_featured_image_url":{"full":["https:\/\/www.fcgueugnon.fr\/site\/wp-content\/uploads\/2022\/12\/ce-samedi-gueugnon-a-fait-le-job-a-domicile-ne-laissant-aucune-chance-a-son-adversaire-du-jour-photos-jsl-corentin-murat-1670100880.jpg",1600,1067,false],"landscape":["https:\/\/www.fcgueugnon.fr\/site\/wp-content\/uploads\/2022\/12\/ce-samedi-gueugnon-a-fait-le-job-a-domicile-ne-laissant-aucune-chance-a-son-adversaire-du-jour-photos-jsl-corentin-murat-1670100880.jpg",1600,1067,false],"portraits":["https:\/\/www.fcgueugnon.fr\/site\/wp-content\/uploads\/2022\/12\/ce-samedi-gueugnon-a-fait-le-job-a-domicile-ne-laissant-aucune-chance-a-son-adversaire-du-jour-photos-jsl-corentin-murat-1670100880.jpg",1600,1067,false],"thumbnail":["https:\/\/www.fcgueugnon.fr\/site\/wp-content\/uploads\/2022\/12\/ce-samedi-gueugnon-a-fait-le-job-a-domicile-ne-laissant-aucune-chance-a-son-adversaire-du-jour-photos-jsl-corentin-murat-1670100880-150x150.jpg",150,150,true],"medium":["https:\/\/www.fcgueugnon.fr\/site\/wp-content\/uploads\/2022\/12\/ce-samedi-gueugnon-a-fait-le-job-a-domicile-ne-laissant-aucune-chance-a-son-adversaire-du-jour-photos-jsl-corentin-murat-1670100880-400x267.jpg",400,267,true],"large":["https:\/\/www.fcgueugnon.fr\/site\/wp-content\/uploads\/2022\/12\/ce-samedi-gueugnon-a-fait-le-job-a-domicile-ne-laissant-aucune-chance-a-son-adversaire-du-jour-photos-jsl-corentin-murat-1670100880-1024x683.jpg",1024,683,true],"1536x1536":["https:\/\/www.fcgueugnon.fr\/site\/wp-content\/uploads\/2022\/12\/ce-samedi-gueugnon-a-fait-le-job-a-domicile-ne-laissant-aucune-chance-a-son-adversaire-du-jour-photos-jsl-corentin-murat-1670100880-1536x1024.jpg",1536,1024,true],"2048x2048":["https:\/\/www.fcgueugnon.fr\/site\/wp-content\/uploads\/2022\/12\/ce-samedi-gueugnon-a-fait-le-job-a-domicile-ne-laissant-aucune-chance-a-son-adversaire-du-jour-photos-jsl-corentin-murat-1670100880.jpg",1600,1067,false]},"rttpg_author":{"display_name":"FC Gueugnon","author_link":"https:\/\/www.fcgueugnon.fr\/site\/author\/g-avin1"},"rttpg_comment":0,"rttpg_category":"<a href=\"https:\/\/www.fcgueugnon.fr\/site\/category\/news\/news-2022-2023\" rel=\"category tag\">Archives 2022\/2023<\/a> <a href=\"https:\/\/www.fcgueugnon.fr\/site\/category\/news\" rel=\"category tag\">News<\/a>","rttpg_excerpt":"Face \u00e0 Quetigny, les forgerons se sont impos\u00e9s (3-1) et ont obtenu une victoire tr\u00e8s importante ! Photos : Le JSL \/ Corentin Murat Face \u00e0 la lanterne rouge du championnat, le FC Gueugnon avait pour ambition de s&rsquo;offrir une derni\u00e8re victoire \u00e0 domicile avant la tr\u00eave hivernale. Un r\u00e9sultat positif qui permettrait de retrouver\u2026","_links":{"self":[{"href":"https:\/\/www.fcgueugnon.fr\/site\/wp-json\/wp\/v2\/posts\/2554","targetHints":{"allow":["GET"]}}],"collection":[{"href":"https:\/\/www.fcgueugnon.fr\/site\/wp-json\/wp\/v2\/posts"}],"about":[{"href":"https:\/\/www.fcgueugnon.fr\/site\/wp-json\/wp\/v2\/types\/post"}],"author":[{"embeddable":true,"href":"https:\/\/www.fcgueugnon.fr\/site\/wp-json\/wp\/v2\/users\/3"}],"replies":[{"embeddable":true,"href":"https:\/\/www.fcgueugnon.fr\/site\/wp-json\/wp\/v2\/comments?post=2554"}],"version-history":[{"count":8,"href":"https:\/\/www.fcgueugnon.fr\/site\/wp-json\/wp\/v2\/posts\/2554\/revisions"}],"predecessor-version":[{"id":3012,"href":"https:\/\/www.fcgueugnon.fr\/site\/wp-json\/wp\/v2\/posts\/2554\/revisions\/3012"}],"wp:featuredmedia":[{"embeddable":true,"href":"https:\/\/www.fcgueugnon.fr\/site\/wp-json\/wp\/v2\/media\/2579"}],"wp:attachment":[{"href":"https:\/\/www.fcgueugnon.fr\/site\/wp-json\/wp\/v2\/media?parent=2554"}],"wp:term":[{"taxonomy":"category","embeddable":true,"href":"https:\/\/www.fcgueugnon.fr\/site\/wp-json\/wp\/v2\/categories?post=2554"},{"taxonomy":"post_tag","embeddable":true,"href":"https:\/\/www.fcgueugnon.fr\/site\/wp-json\/wp\/v2\/tags?post=2554"}],"curies":[{"name":"wp","href":"https:\/\/api.w.org\/{rel}","templated":true}]}}