{"id":2527,"date":"2022-12-05T08:48:46","date_gmt":"2022-12-05T07:48:46","guid":{"rendered":"https:\/\/www.fcgueugnon.fr\/site\/?p=2527"},"modified":"2022-12-05T08:48:48","modified_gmt":"2022-12-05T07:48:48","slug":"agenda-resultats-du-week-end-du-03-et-04-decembre-2022","status":"publish","type":"post","link":"https:\/\/www.fcgueugnon.fr\/site\/agenda-resultats-du-week-end-du-03-et-04-decembre-2022\/2527","title":{"rendered":"[Agenda] R\u00e9sultats du week-end du 03 et 04 D\u00e9cembre 2022"},"content":{"rendered":"\n<h2 class=\"wp-block-heading\">Au programme de nos forgerons ce week-end<\/h2>\n\n\n\n<div style=\"height:35px\" aria-hidden=\"true\" class=\"wp-block-spacer\"><\/div>\n\n\n\n<h3 class=\"blue-underline-title wp-block-heading\">S\u00e9niors<\/h3>\n\n\n\n<p><em>Groupe N3 \u2013 J10<\/em> \u2705<br>Samedi 03\/12 \u2013 18h00<br><strong>FC Gueugnon \/ AS Quetigny<\/strong> : 3 &#8211; 1<\/p>\n\n\n\n<div class=\"wp-block-getwid-image-box has-text-center has-mobile-layout-default has-mobile-alignment-default\"><div class=\"wp-block-getwid-image-box__image-container is-position-top\"><div class=\"wp-block-getwid-image-box__image-wrapper\"><img loading=\"lazy\" decoding=\"async\" width=\"400\" height=\"400\" src=\"https:\/\/www.fcgueugnon.fr\/site\/wp-content\/uploads\/2022\/12\/score-fllash-fc-gueugnon-quetigny-400x400.jpg\" class=\"wp-block-getwid-image-box__image wp-image-2525\" srcset=\"https:\/\/www.fcgueugnon.fr\/site\/wp-content\/uploads\/2022\/12\/score-fllash-fc-gueugnon-quetigny-400x400.jpg 400w, https:\/\/www.fcgueugnon.fr\/site\/wp-content\/uploads\/2022\/12\/score-fllash-fc-gueugnon-quetigny-1024x1024.jpg 1024w, https:\/\/www.fcgueugnon.fr\/site\/wp-content\/uploads\/2022\/12\/score-fllash-fc-gueugnon-quetigny-150x150.jpg 150w, https:\/\/www.fcgueugnon.fr\/site\/wp-content\/uploads\/2022\/12\/score-fllash-fc-gueugnon-quetigny-768x768.jpg 768w, https:\/\/www.fcgueugnon.fr\/site\/wp-content\/uploads\/2022\/12\/score-fllash-fc-gueugnon-quetigny-1536x1536.jpg 1536w, https:\/\/www.fcgueugnon.fr\/site\/wp-content\/uploads\/2022\/12\/score-fllash-fc-gueugnon-quetigny-1320x1320.jpg 1320w, https:\/\/www.fcgueugnon.fr\/site\/wp-content\/uploads\/2022\/12\/score-fllash-fc-gueugnon-quetigny.jpg 2000w\" sizes=\"auto, (max-width: 400px) 100vw, 400px\" \/><\/div><\/div><div class=\"wp-block-getwid-image-box__content\">\n<h3 class=\"wp-block-heading\"><\/h3>\n\n\n\n<p><\/p>\n<\/div><\/div>\n\n\n\n<p><em>Groupe Espoir \u2013 R1 Herbelin J10<\/em> \u2705<br>Dimanche 04\/12 \u2013 14h30<br><strong>FC Gueugnon \/ Is-Selongey B<\/strong> : 3 &#8211; 2<\/p>\n\n\n\n<p><em>S\u00e9niors F \u2013 D1 J09<\/em> \u2705<br>Dimanche 04\/12 \u2013 10h00<br><strong>Entente FCG-DFCA \/ Jonny Salornay Val de Guy (JSVG)<\/strong> : 5 &#8211; 0<br>Buts : LAMOTTE x2, SORNAY x2 et BARREIROS<\/p>\n\n\n\n<div class=\"wp-block-getwid-image-box getwid-animation has-text-center has-mobile-layout-default has-mobile-alignment-default\" data-animation=\"zoomSmall\"><div class=\"wp-block-getwid-image-box__image-container is-position-top\"><div class=\"wp-block-getwid-image-box__image-wrapper\"><img loading=\"lazy\" decoding=\"async\" width=\"640\" height=\"479\" src=\"https:\/\/www.fcgueugnon.fr\/site\/wp-content\/uploads\/2022\/12\/entente-fc-gueugnon-digoin-dfca.jpg\" alt=\"\" class=\"wp-block-getwid-image-box__image wp-image-2528\" srcset=\"https:\/\/www.fcgueugnon.fr\/site\/wp-content\/uploads\/2022\/12\/entente-fc-gueugnon-digoin-dfca.jpg 640w, https:\/\/www.fcgueugnon.fr\/site\/wp-content\/uploads\/2022\/12\/entente-fc-gueugnon-digoin-dfca-400x299.jpg 400w\" sizes=\"auto, (max-width: 640px) 100vw, 640px\" \/><\/div><\/div><div class=\"wp-block-getwid-image-box__content\">\n<h3 class=\"wp-block-heading\"><\/h3>\n\n\n\n<p><\/p>\n<\/div><\/div>\n\n\n\n<div style=\"height:80px\" aria-hidden=\"true\" class=\"wp-block-spacer\"><\/div>\n\n\n\n<h3 class=\"blue-underline-title wp-block-heading\">Sport E.Leclerc Acad\u00e9mie<\/h3>\n\n\n\n<p><em>U18 \u2013 R1 J11<\/em> \u274c<br>Dimanche 04\/12 \u2013 12h00<br><strong>FC Gueugnon \/ ASM Belfort <\/strong>: 0 &#8211; 5<\/p>\n\n\n\n<p><em>U16 \u2013 R1 J11<\/em> \u274c<br>Samedi 03\/12 \u2013 17h00<br><strong>AJ Auxerre \/ FC Gueugnon<\/strong> : 1 &#8211; 0<\/p>\n\n\n\n<p><em>U15 \u2013 R1 J10<\/em> \u274c<br>Samedi 03\/12 \u2013 14h30<br><strong>AFGP 58 \/ FC Gueugnon<\/strong> : 1 &#8211; 0<\/p>\n\n\n\n<p><em>U14 \u2013 R1 J10<\/em> \u2705<br>Samedi 03\/12 \u2013 14h30<br><strong>FC Gueugnon \/ FC Montceau Bourgogne<\/strong> : 3 &#8211; 0<br>Buts : BOILEAU Mathys &#8211; MARMILLOT Camille x2<br>Le mot de Gabriel Rousseau : \u00ab Un match plein de la 1ere \u00e0 la derni\u00e8re minutes. Des buts sur nos temps forts, de la solidarit\u00e9 et de la solidit\u00e9 d\u00e9fensive sur nos temps faibles, voil\u00e0 l\u2019accomplissement d\u2019une belle progression. BRAVO, celle l\u00e0 elle est pour les 18 joueuses et joueurs du groupe.<br>Rendez-vous la semaine prochaine pour notre dernier match en coupe face \u00e0 Paron. \u00bb<\/p>\n\n\n\n<div class=\"wp-block-getwid-image-box getwid-animation has-text-center has-mobile-layout-default has-mobile-alignment-default\" data-animation=\"zoomSmall\"><div class=\"wp-block-getwid-image-box__image-container is-position-top\"><div class=\"wp-block-getwid-image-box__image-wrapper\"><img loading=\"lazy\" decoding=\"async\" width=\"1024\" height=\"593\" src=\"https:\/\/www.fcgueugnon.fr\/site\/wp-content\/uploads\/2022\/12\/U14-victoire-fc-gueugnon-fcmb-montceau-derby-du-71-1024x593.jpeg\" class=\"wp-block-getwid-image-box__image wp-image-2531\" srcset=\"https:\/\/www.fcgueugnon.fr\/site\/wp-content\/uploads\/2022\/12\/U14-victoire-fc-gueugnon-fcmb-montceau-derby-du-71-1024x593.jpeg 1024w, https:\/\/www.fcgueugnon.fr\/site\/wp-content\/uploads\/2022\/12\/U14-victoire-fc-gueugnon-fcmb-montceau-derby-du-71-400x232.jpeg 400w, https:\/\/www.fcgueugnon.fr\/site\/wp-content\/uploads\/2022\/12\/U14-victoire-fc-gueugnon-fcmb-montceau-derby-du-71-768x444.jpeg 768w, https:\/\/www.fcgueugnon.fr\/site\/wp-content\/uploads\/2022\/12\/U14-victoire-fc-gueugnon-fcmb-montceau-derby-du-71-1536x889.jpeg 1536w, https:\/\/www.fcgueugnon.fr\/site\/wp-content\/uploads\/2022\/12\/U14-victoire-fc-gueugnon-fcmb-montceau-derby-du-71-1320x764.jpeg 1320w, https:\/\/www.fcgueugnon.fr\/site\/wp-content\/uploads\/2022\/12\/U14-victoire-fc-gueugnon-fcmb-montceau-derby-du-71.jpeg 1600w\" sizes=\"auto, (max-width: 1024px) 100vw, 1024px\" \/><\/div><\/div><div class=\"wp-block-getwid-image-box__content\">\n<h3 class=\"wp-block-heading\"><\/h3>\n\n\n\n<p><\/p>\n<\/div><\/div>\n\n\n\n<div style=\"height:10px\" aria-hidden=\"true\" class=\"wp-block-spacer\"><\/div>\n\n\n\n<p><em>U13 \u2013 D1 J09<\/em> \u2705<br>Samedi 03\/12 \u2013 10h30<br><strong>JS Cr\u00e8choise \/ FC Gueugnon<\/strong> : 3 &#8211; 8<\/p>\n\n\n\n<p><em>U13 \u2013 D2 J09<\/em> \u2705<br>Samedi 03\/12 \u2013 13h30<br><strong>FC Gueugnon \/ SRC La Clayette<\/strong> : 14 &#8211; 0<br>Le mot de Mathis Potier : \u00ab Les U12 terminent \u00e0 la premi\u00e8re place et sont CHAMPION ! Avec un dernier succ\u00e8s de qualit\u00e9 14-0 contre La Clayette. D\u00e9s r\u00e9sultats qui viennent r\u00e9compenser un tr\u00e8s bon travail fourni depuis le mois d\u2019ao\u00fbt. Bravo \u00e0 toutes et tous ! \u00bb<\/p>\n\n\n\n<div class=\"wp-block-getwid-image-box getwid-animation has-text-center has-mobile-layout-default has-mobile-alignment-default\" data-animation=\"zoomSmall\"><div class=\"wp-block-getwid-image-box__image-container is-position-top\"><div class=\"wp-block-getwid-image-box__image-wrapper\"><img loading=\"lazy\" decoding=\"async\" width=\"1024\" height=\"768\" src=\"https:\/\/www.fcgueugnon.fr\/site\/wp-content\/uploads\/2022\/12\/U12-fc-gueugnon-champion-a-la-clayette-1024x768.jpeg\" class=\"wp-block-getwid-image-box__image wp-image-2529\" srcset=\"https:\/\/www.fcgueugnon.fr\/site\/wp-content\/uploads\/2022\/12\/U12-fc-gueugnon-champion-a-la-clayette-1024x768.jpeg 1024w, https:\/\/www.fcgueugnon.fr\/site\/wp-content\/uploads\/2022\/12\/U12-fc-gueugnon-champion-a-la-clayette-400x300.jpeg 400w, https:\/\/www.fcgueugnon.fr\/site\/wp-content\/uploads\/2022\/12\/U12-fc-gueugnon-champion-a-la-clayette-768x576.jpeg 768w, https:\/\/www.fcgueugnon.fr\/site\/wp-content\/uploads\/2022\/12\/U12-fc-gueugnon-champion-a-la-clayette-1536x1152.jpeg 1536w, https:\/\/www.fcgueugnon.fr\/site\/wp-content\/uploads\/2022\/12\/U12-fc-gueugnon-champion-a-la-clayette-1320x990.jpeg 1320w, https:\/\/www.fcgueugnon.fr\/site\/wp-content\/uploads\/2022\/12\/U12-fc-gueugnon-champion-a-la-clayette.jpeg 2048w\" sizes=\"auto, (max-width: 1024px) 100vw, 1024px\" \/><\/div><\/div><div class=\"wp-block-getwid-image-box__content\">\n<h3 class=\"wp-block-heading\"><\/h3>\n\n\n\n<p><\/p>\n<\/div><\/div>\n\n\n\n<div class=\"wp-block-getwid-image-box getwid-animation has-text-center has-mobile-layout-default has-mobile-alignment-default\" data-animation=\"zoomSmall\"><div class=\"wp-block-getwid-image-box__image-container is-position-top\"><div class=\"wp-block-getwid-image-box__image-wrapper\"><img loading=\"lazy\" decoding=\"async\" width=\"768\" height=\"1024\" src=\"https:\/\/www.fcgueugnon.fr\/site\/wp-content\/uploads\/2022\/12\/U12-fc-gueugnon-champion-a-la-clayette-2-768x1024.jpeg\" class=\"wp-block-getwid-image-box__image wp-image-2530\" srcset=\"https:\/\/www.fcgueugnon.fr\/site\/wp-content\/uploads\/2022\/12\/U12-fc-gueugnon-champion-a-la-clayette-2-768x1024.jpeg 768w, https:\/\/www.fcgueugnon.fr\/site\/wp-content\/uploads\/2022\/12\/U12-fc-gueugnon-champion-a-la-clayette-2-300x400.jpeg 300w, https:\/\/www.fcgueugnon.fr\/site\/wp-content\/uploads\/2022\/12\/U12-fc-gueugnon-champion-a-la-clayette-2-1152x1536.jpeg 1152w, https:\/\/www.fcgueugnon.fr\/site\/wp-content\/uploads\/2022\/12\/U12-fc-gueugnon-champion-a-la-clayette-2-1320x1760.jpeg 1320w, https:\/\/www.fcgueugnon.fr\/site\/wp-content\/uploads\/2022\/12\/U12-fc-gueugnon-champion-a-la-clayette-2.jpeg 1536w\" sizes=\"auto, (max-width: 768px) 100vw, 768px\" \/><\/div><\/div><div class=\"wp-block-getwid-image-box__content\">\n<h3 class=\"wp-block-heading\"><\/h3>\n\n\n\n<p><\/p>\n<\/div><\/div>\n\n\n\n<div style=\"height:10px\" aria-hidden=\"true\" class=\"wp-block-spacer\"><\/div>\n\n\n\n<p><em>U11<\/em> \u2611<br>Samedi 03\/12 \u2013 10h00<br><strong>Plateau \u00e0 Gueugnon<\/strong><br>\u00c9quipe 1 :<br>&#8211; Victoire 8-0 contre Rigny<br>&#8211; Victoire 3-1 contre Gueugnon<br>\u00c9quipe 2 :<br>&#8211; Victoire 1-0 contre Rigny<br>&#8211; D\u00e9faite 3-1 contre Gueugnon 1<br>\u00c9quipe 3 :<br>&#8211; Match nul 2-2 contre Le Creusot 3<br>&#8211; D\u00e9faite 4-0 contre Le Creusot 2<br>&#8211; D\u00e9faite 3-2 contre Gueugnon 4 (u9)<br>\u00c9quipe 4 : (u9)<br>&#8211; Match nul 1-1 contre Le Creusot 2<br>&#8211; Victoire 2-1 contre Le Creusot 3<br>&#8211; Victoire 3-2 contre Gueugnon 3<\/p>\n\n\n\n<div class=\"wp-block-getwid-image-box getwid-animation has-text-center has-mobile-layout-default has-mobile-alignment-default\" data-animation=\"zoomSmall\"><div class=\"wp-block-getwid-image-box__image-container is-position-top\"><div class=\"wp-block-getwid-image-box__image-wrapper\"><img loading=\"lazy\" decoding=\"async\" width=\"1024\" height=\"768\" src=\"https:\/\/www.fcgueugnon.fr\/site\/wp-content\/uploads\/2022\/12\/U11-fc-gueugnon-plateau-1024x768.jpeg\" class=\"wp-block-getwid-image-box__image wp-image-2550\" srcset=\"https:\/\/www.fcgueugnon.fr\/site\/wp-content\/uploads\/2022\/12\/U11-fc-gueugnon-plateau-1024x768.jpeg 1024w, https:\/\/www.fcgueugnon.fr\/site\/wp-content\/uploads\/2022\/12\/U11-fc-gueugnon-plateau-400x300.jpeg 400w, https:\/\/www.fcgueugnon.fr\/site\/wp-content\/uploads\/2022\/12\/U11-fc-gueugnon-plateau-768x576.jpeg 768w, https:\/\/www.fcgueugnon.fr\/site\/wp-content\/uploads\/2022\/12\/U11-fc-gueugnon-plateau-1536x1152.jpeg 1536w, https:\/\/www.fcgueugnon.fr\/site\/wp-content\/uploads\/2022\/12\/U11-fc-gueugnon-plateau-1320x990.jpeg 1320w, https:\/\/www.fcgueugnon.fr\/site\/wp-content\/uploads\/2022\/12\/U11-fc-gueugnon-plateau.jpeg 1600w\" sizes=\"auto, (max-width: 1024px) 100vw, 1024px\" \/><\/div><\/div><div class=\"wp-block-getwid-image-box__content\">\n<h3 class=\"wp-block-heading\"><\/h3>\n\n\n\n<p><\/p>\n<\/div><\/div>\n\n\n\n<div style=\"height:10px\" aria-hidden=\"true\" class=\"wp-block-spacer\"><\/div>\n\n\n\n<p><em>U08 &#8211; U09<\/em> \u2611<br>Samedi 03\/12 \u2013 10h30<br><strong>Plateau \u00e0 La Motte-Saint-Jean<\/strong> : 4 Victoires \/ 1 D\u00e9faite<\/p>\n\n\n\n<div class=\"wp-block-getwid-image-box getwid-animation has-text-center has-mobile-layout-default has-mobile-alignment-default\" data-animation=\"zoomSmall\"><div class=\"wp-block-getwid-image-box__image-container is-position-top\"><div class=\"wp-block-getwid-image-box__image-wrapper\"><img loading=\"lazy\" decoding=\"async\" width=\"768\" height=\"1026\" src=\"https:\/\/www.fcgueugnon.fr\/site\/wp-content\/uploads\/2022\/12\/U08-fc-gueugnon-plateau-a-la-motte-saint-jean-768x1026.jpeg\" class=\"wp-block-getwid-image-box__image wp-image-2533\" srcset=\"https:\/\/www.fcgueugnon.fr\/site\/wp-content\/uploads\/2022\/12\/U08-fc-gueugnon-plateau-a-la-motte-saint-jean-768x1026.jpeg 768w, https:\/\/www.fcgueugnon.fr\/site\/wp-content\/uploads\/2022\/12\/U08-fc-gueugnon-plateau-a-la-motte-saint-jean-300x400.jpeg 300w, https:\/\/www.fcgueugnon.fr\/site\/wp-content\/uploads\/2022\/12\/U08-fc-gueugnon-plateau-a-la-motte-saint-jean-767x1024.jpeg 767w, https:\/\/www.fcgueugnon.fr\/site\/wp-content\/uploads\/2022\/12\/U08-fc-gueugnon-plateau-a-la-motte-saint-jean-1150x1536.jpeg 1150w, https:\/\/www.fcgueugnon.fr\/site\/wp-content\/uploads\/2022\/12\/U08-fc-gueugnon-plateau-a-la-motte-saint-jean.jpeg 1198w\" sizes=\"auto, (max-width: 768px) 100vw, 768px\" \/><\/div><\/div><div class=\"wp-block-getwid-image-box__content\">\n<h3 class=\"wp-block-heading\"><\/h3>\n\n\n\n<p><\/p>\n<\/div><\/div>\n\n\n\n<div style=\"height:10px\" aria-hidden=\"true\" class=\"wp-block-spacer\"><\/div>\n\n\n\n<p><em>U08F &#8211; U09F<\/em> \u2611<br>Samedi 03\/12 \u2013 10h30<br><strong>Plateau \u00e0 Palinges<\/strong><br>&#8211; \u00c9quipe U07 : 3 Victoires \/ 2 D\u00e9faites<br>&#8211; \u00c9quipe U08-U09 : 5 D\u00e9faites <\/p>\n\n\n\n<div class=\"wp-block-getwid-image-box getwid-animation has-text-center has-mobile-layout-default has-mobile-alignment-default\" data-animation=\"zoomSmall\"><div class=\"wp-block-getwid-image-box__image-container is-position-top\"><div class=\"wp-block-getwid-image-box__image-wrapper\"><img loading=\"lazy\" decoding=\"async\" width=\"1024\" height=\"767\" src=\"https:\/\/www.fcgueugnon.fr\/site\/wp-content\/uploads\/2022\/12\/U08-plateau-FC-Gueugnon-1024x767.jpeg\" class=\"wp-block-getwid-image-box__image wp-image-2532\" srcset=\"https:\/\/www.fcgueugnon.fr\/site\/wp-content\/uploads\/2022\/12\/U08-plateau-FC-Gueugnon-1024x767.jpeg 1024w, https:\/\/www.fcgueugnon.fr\/site\/wp-content\/uploads\/2022\/12\/U08-plateau-FC-Gueugnon-400x300.jpeg 400w, https:\/\/www.fcgueugnon.fr\/site\/wp-content\/uploads\/2022\/12\/U08-plateau-FC-Gueugnon-768x575.jpeg 768w, https:\/\/www.fcgueugnon.fr\/site\/wp-content\/uploads\/2022\/12\/U08-plateau-FC-Gueugnon-1536x1150.jpeg 1536w, https:\/\/www.fcgueugnon.fr\/site\/wp-content\/uploads\/2022\/12\/U08-plateau-FC-Gueugnon-1320x988.jpeg 1320w, https:\/\/www.fcgueugnon.fr\/site\/wp-content\/uploads\/2022\/12\/U08-plateau-FC-Gueugnon.jpeg 1600w\" sizes=\"auto, (max-width: 1024px) 100vw, 1024px\" \/><\/div><\/div><div class=\"wp-block-getwid-image-box__content\">\n<h3 class=\"wp-block-heading\"><\/h3>\n\n\n\n<p><\/p>\n<\/div><\/div>\n\n\n\n<div style=\"height:10px\" aria-hidden=\"true\" class=\"wp-block-spacer\"><\/div>\n\n\n\n<p><em>U06 \u2013 U07<\/em> \u2611<br>Samedi 03\/12 \u2013 10h30<br><strong>Plateau \u00e0 Gueugnon<\/strong><br>&#8211; \u00c9quipe U07 : 3 Victoires \/ 1 Nul \/ 1 D\u00e9faite <br>&#8211; \u00c9quipe U06 : 3 Victoires \/ 2 D\u00e9faites <br>&#8211; \u00c9quipe U06\/U07 : 3 Victoires \/ 1 Nul \/ 1 D\u00e9faite <\/p>\n\n\n\n<div class=\"wp-block-getwid-image-box getwid-animation has-text-center has-mobile-layout-default has-mobile-alignment-default\" data-animation=\"zoomBig\"><div class=\"wp-block-getwid-image-box__image-container is-position-top\"><div class=\"wp-block-getwid-image-box__image-wrapper\"><img loading=\"lazy\" decoding=\"async\" width=\"1024\" height=\"768\" src=\"https:\/\/www.fcgueugnon.fr\/site\/wp-content\/uploads\/2022\/12\/plateau-FC-Gueugnon-U06-1024x768.jpeg\" class=\"wp-block-getwid-image-box__image wp-image-2534\" srcset=\"https:\/\/www.fcgueugnon.fr\/site\/wp-content\/uploads\/2022\/12\/plateau-FC-Gueugnon-U06-1024x768.jpeg 1024w, https:\/\/www.fcgueugnon.fr\/site\/wp-content\/uploads\/2022\/12\/plateau-FC-Gueugnon-U06-400x300.jpeg 400w, https:\/\/www.fcgueugnon.fr\/site\/wp-content\/uploads\/2022\/12\/plateau-FC-Gueugnon-U06-768x576.jpeg 768w, https:\/\/www.fcgueugnon.fr\/site\/wp-content\/uploads\/2022\/12\/plateau-FC-Gueugnon-U06-1536x1152.jpeg 1536w, https:\/\/www.fcgueugnon.fr\/site\/wp-content\/uploads\/2022\/12\/plateau-FC-Gueugnon-U06-1320x990.jpeg 1320w, https:\/\/www.fcgueugnon.fr\/site\/wp-content\/uploads\/2022\/12\/plateau-FC-Gueugnon-U06.jpeg 1600w\" sizes=\"auto, (max-width: 1024px) 100vw, 1024px\" \/><\/div><\/div><div class=\"wp-block-getwid-image-box__content\">\n<h3 class=\"wp-block-heading\"><\/h3>\n\n\n\n<p><\/p>\n<\/div><\/div>\n\n\n\n<div aria-label=\"Offset Gallery\" class=\"wp-block-coblocks-gallery-offset alignwide has-lightbox\"><ul class=\"coblocks-gallery has-caption-style-dark has-large-images has-medium-gutter\"><li class=\"coblocks-gallery--item\"><figure class=\"wp-block-coblocks-gallery-offset__figure\"><img loading=\"lazy\" decoding=\"async\" width=\"768\" height=\"1024\" src=\"https:\/\/www.fcgueugnon.fr\/site\/wp-content\/uploads\/2022\/12\/plateau-FC-Gueugnon-5-768x1024.jpeg\" alt=\"Image gallery image\" data-id=\"2535\" class=\"wp-image-2535\" srcset=\"https:\/\/www.fcgueugnon.fr\/site\/wp-content\/uploads\/2022\/12\/plateau-FC-Gueugnon-5-768x1024.jpeg 768w, https:\/\/www.fcgueugnon.fr\/site\/wp-content\/uploads\/2022\/12\/plateau-FC-Gueugnon-5-300x400.jpeg 300w, https:\/\/www.fcgueugnon.fr\/site\/wp-content\/uploads\/2022\/12\/plateau-FC-Gueugnon-5-1152x1536.jpeg 1152w, https:\/\/www.fcgueugnon.fr\/site\/wp-content\/uploads\/2022\/12\/plateau-FC-Gueugnon-5.jpeg 1200w\" sizes=\"auto, (max-width: 768px) 100vw, 768px\" \/><\/figure><\/li><li class=\"coblocks-gallery--item\"><figure class=\"wp-block-coblocks-gallery-offset__figure\"><img loading=\"lazy\" decoding=\"async\" width=\"768\" height=\"1024\" src=\"https:\/\/www.fcgueugnon.fr\/site\/wp-content\/uploads\/2022\/12\/plateau-FC-Gueugnon-6-768x1024.jpeg\" alt=\"Image gallery image\" data-id=\"2540\" class=\"wp-image-2540\" srcset=\"https:\/\/www.fcgueugnon.fr\/site\/wp-content\/uploads\/2022\/12\/plateau-FC-Gueugnon-6-768x1024.jpeg 768w, https:\/\/www.fcgueugnon.fr\/site\/wp-content\/uploads\/2022\/12\/plateau-FC-Gueugnon-6-300x400.jpeg 300w, https:\/\/www.fcgueugnon.fr\/site\/wp-content\/uploads\/2022\/12\/plateau-FC-Gueugnon-6-1152x1536.jpeg 1152w, https:\/\/www.fcgueugnon.fr\/site\/wp-content\/uploads\/2022\/12\/plateau-FC-Gueugnon-6-1320x1760.jpeg 1320w, https:\/\/www.fcgueugnon.fr\/site\/wp-content\/uploads\/2022\/12\/plateau-FC-Gueugnon-6.jpeg 1536w\" sizes=\"auto, (max-width: 768px) 100vw, 768px\" \/><\/figure><\/li><li class=\"coblocks-gallery--item\"><figure class=\"wp-block-coblocks-gallery-offset__figure\"><img loading=\"lazy\" decoding=\"async\" width=\"768\" height=\"1024\" src=\"https:\/\/www.fcgueugnon.fr\/site\/wp-content\/uploads\/2022\/12\/plateau-FC-Gueugnon-7-768x1024.jpeg\" alt=\"Image gallery image\" data-id=\"2538\" class=\"wp-image-2538\" srcset=\"https:\/\/www.fcgueugnon.fr\/site\/wp-content\/uploads\/2022\/12\/plateau-FC-Gueugnon-7-768x1024.jpeg 768w, https:\/\/www.fcgueugnon.fr\/site\/wp-content\/uploads\/2022\/12\/plateau-FC-Gueugnon-7-300x400.jpeg 300w, https:\/\/www.fcgueugnon.fr\/site\/wp-content\/uploads\/2022\/12\/plateau-FC-Gueugnon-7-1152x1536.jpeg 1152w, https:\/\/www.fcgueugnon.fr\/site\/wp-content\/uploads\/2022\/12\/plateau-FC-Gueugnon-7-1320x1760.jpeg 1320w, https:\/\/www.fcgueugnon.fr\/site\/wp-content\/uploads\/2022\/12\/plateau-FC-Gueugnon-7.jpeg 1500w\" sizes=\"auto, (max-width: 768px) 100vw, 768px\" \/><\/figure><\/li><li class=\"coblocks-gallery--item\"><figure class=\"wp-block-coblocks-gallery-offset__figure\"><img loading=\"lazy\" decoding=\"async\" width=\"768\" height=\"1024\" src=\"https:\/\/www.fcgueugnon.fr\/site\/wp-content\/uploads\/2022\/12\/plateau-FC-Gueugnon-8-768x1024.jpeg\" alt=\"Image gallery image\" data-id=\"2539\" class=\"wp-image-2539\" srcset=\"https:\/\/www.fcgueugnon.fr\/site\/wp-content\/uploads\/2022\/12\/plateau-FC-Gueugnon-8-768x1024.jpeg 768w, https:\/\/www.fcgueugnon.fr\/site\/wp-content\/uploads\/2022\/12\/plateau-FC-Gueugnon-8-300x400.jpeg 300w, https:\/\/www.fcgueugnon.fr\/site\/wp-content\/uploads\/2022\/12\/plateau-FC-Gueugnon-8-1152x1536.jpeg 1152w, https:\/\/www.fcgueugnon.fr\/site\/wp-content\/uploads\/2022\/12\/plateau-FC-Gueugnon-8.jpeg 1200w\" sizes=\"auto, (max-width: 768px) 100vw, 768px\" \/><\/figure><\/li><li class=\"coblocks-gallery--item\"><figure class=\"wp-block-coblocks-gallery-offset__figure\"><img loading=\"lazy\" decoding=\"async\" width=\"1024\" height=\"768\" src=\"https:\/\/www.fcgueugnon.fr\/site\/wp-content\/uploads\/2022\/12\/plateau-FC-Gueugnon-9-1024x768.jpeg\" alt=\"Image gallery image\" data-id=\"2537\" class=\"wp-image-2537\" srcset=\"https:\/\/www.fcgueugnon.fr\/site\/wp-content\/uploads\/2022\/12\/plateau-FC-Gueugnon-9-1024x768.jpeg 1024w, https:\/\/www.fcgueugnon.fr\/site\/wp-content\/uploads\/2022\/12\/plateau-FC-Gueugnon-9-400x300.jpeg 400w, https:\/\/www.fcgueugnon.fr\/site\/wp-content\/uploads\/2022\/12\/plateau-FC-Gueugnon-9-768x576.jpeg 768w, https:\/\/www.fcgueugnon.fr\/site\/wp-content\/uploads\/2022\/12\/plateau-FC-Gueugnon-9-1536x1152.jpeg 1536w, https:\/\/www.fcgueugnon.fr\/site\/wp-content\/uploads\/2022\/12\/plateau-FC-Gueugnon-9-1320x990.jpeg 1320w, https:\/\/www.fcgueugnon.fr\/site\/wp-content\/uploads\/2022\/12\/plateau-FC-Gueugnon-9.jpeg 1600w\" sizes=\"auto, (max-width: 1024px) 100vw, 1024px\" \/><\/figure><\/li><li class=\"coblocks-gallery--item\"><figure class=\"wp-block-coblocks-gallery-offset__figure\"><img loading=\"lazy\" decoding=\"async\" width=\"1024\" height=\"768\" src=\"https:\/\/www.fcgueugnon.fr\/site\/wp-content\/uploads\/2022\/12\/plateau-FC-Gueugnon-12-1024x768.jpeg\" alt=\"Image gallery image\" data-id=\"2542\" class=\"wp-image-2542\" srcset=\"https:\/\/www.fcgueugnon.fr\/site\/wp-content\/uploads\/2022\/12\/plateau-FC-Gueugnon-12-1024x768.jpeg 1024w, https:\/\/www.fcgueugnon.fr\/site\/wp-content\/uploads\/2022\/12\/plateau-FC-Gueugnon-12-400x300.jpeg 400w, https:\/\/www.fcgueugnon.fr\/site\/wp-content\/uploads\/2022\/12\/plateau-FC-Gueugnon-12-768x576.jpeg 768w, https:\/\/www.fcgueugnon.fr\/site\/wp-content\/uploads\/2022\/12\/plateau-FC-Gueugnon-12-1536x1152.jpeg 1536w, https:\/\/www.fcgueugnon.fr\/site\/wp-content\/uploads\/2022\/12\/plateau-FC-Gueugnon-12-1320x990.jpeg 1320w, https:\/\/www.fcgueugnon.fr\/site\/wp-content\/uploads\/2022\/12\/plateau-FC-Gueugnon-12.jpeg 1600w\" sizes=\"auto, (max-width: 1024px) 100vw, 1024px\" \/><\/figure><\/li><li class=\"coblocks-gallery--item\"><figure class=\"wp-block-coblocks-gallery-offset__figure\"><img loading=\"lazy\" decoding=\"async\" width=\"1024\" height=\"768\" src=\"https:\/\/www.fcgueugnon.fr\/site\/wp-content\/uploads\/2022\/12\/plateau-FC-Gueugnon-13-1024x768.jpeg\" alt=\"Image gallery image\" data-id=\"2544\" class=\"wp-image-2544\" srcset=\"https:\/\/www.fcgueugnon.fr\/site\/wp-content\/uploads\/2022\/12\/plateau-FC-Gueugnon-13-1024x768.jpeg 1024w, https:\/\/www.fcgueugnon.fr\/site\/wp-content\/uploads\/2022\/12\/plateau-FC-Gueugnon-13-400x300.jpeg 400w, https:\/\/www.fcgueugnon.fr\/site\/wp-content\/uploads\/2022\/12\/plateau-FC-Gueugnon-13-768x576.jpeg 768w, https:\/\/www.fcgueugnon.fr\/site\/wp-content\/uploads\/2022\/12\/plateau-FC-Gueugnon-13-1536x1152.jpeg 1536w, https:\/\/www.fcgueugnon.fr\/site\/wp-content\/uploads\/2022\/12\/plateau-FC-Gueugnon-13-1320x990.jpeg 1320w, https:\/\/www.fcgueugnon.fr\/site\/wp-content\/uploads\/2022\/12\/plateau-FC-Gueugnon-13.jpeg 1600w\" sizes=\"auto, (max-width: 1024px) 100vw, 1024px\" \/><\/figure><\/li><li class=\"coblocks-gallery--item\"><figure class=\"wp-block-coblocks-gallery-offset__figure\"><img loading=\"lazy\" decoding=\"async\" width=\"1024\" height=\"768\" src=\"https:\/\/www.fcgueugnon.fr\/site\/wp-content\/uploads\/2022\/12\/plateau-FC-Gueugnon-14-1024x768.jpeg\" alt=\"Image gallery image\" data-id=\"2545\" class=\"wp-image-2545\" srcset=\"https:\/\/www.fcgueugnon.fr\/site\/wp-content\/uploads\/2022\/12\/plateau-FC-Gueugnon-14-1024x768.jpeg 1024w, https:\/\/www.fcgueugnon.fr\/site\/wp-content\/uploads\/2022\/12\/plateau-FC-Gueugnon-14-400x300.jpeg 400w, https:\/\/www.fcgueugnon.fr\/site\/wp-content\/uploads\/2022\/12\/plateau-FC-Gueugnon-14-768x576.jpeg 768w, https:\/\/www.fcgueugnon.fr\/site\/wp-content\/uploads\/2022\/12\/plateau-FC-Gueugnon-14-1536x1152.jpeg 1536w, https:\/\/www.fcgueugnon.fr\/site\/wp-content\/uploads\/2022\/12\/plateau-FC-Gueugnon-14-1320x990.jpeg 1320w, https:\/\/www.fcgueugnon.fr\/site\/wp-content\/uploads\/2022\/12\/plateau-FC-Gueugnon-14.jpeg 1600w\" sizes=\"auto, (max-width: 1024px) 100vw, 1024px\" \/><\/figure><\/li><li class=\"coblocks-gallery--item\"><figure class=\"wp-block-coblocks-gallery-offset__figure\"><img loading=\"lazy\" decoding=\"async\" width=\"1024\" height=\"768\" src=\"https:\/\/www.fcgueugnon.fr\/site\/wp-content\/uploads\/2022\/12\/plateau-FC-Gueugnon-15-1024x768.jpeg\" alt=\"Image gallery image\" data-id=\"2541\" class=\"wp-image-2541\" srcset=\"https:\/\/www.fcgueugnon.fr\/site\/wp-content\/uploads\/2022\/12\/plateau-FC-Gueugnon-15-1024x768.jpeg 1024w, https:\/\/www.fcgueugnon.fr\/site\/wp-content\/uploads\/2022\/12\/plateau-FC-Gueugnon-15-400x300.jpeg 400w, https:\/\/www.fcgueugnon.fr\/site\/wp-content\/uploads\/2022\/12\/plateau-FC-Gueugnon-15-768x576.jpeg 768w, https:\/\/www.fcgueugnon.fr\/site\/wp-content\/uploads\/2022\/12\/plateau-FC-Gueugnon-15-1536x1152.jpeg 1536w, https:\/\/www.fcgueugnon.fr\/site\/wp-content\/uploads\/2022\/12\/plateau-FC-Gueugnon-15-1320x990.jpeg 1320w, https:\/\/www.fcgueugnon.fr\/site\/wp-content\/uploads\/2022\/12\/plateau-FC-Gueugnon-15.jpeg 1600w\" sizes=\"auto, (max-width: 1024px) 100vw, 1024px\" \/><\/figure><\/li><li class=\"coblocks-gallery--item\"><figure class=\"wp-block-coblocks-gallery-offset__figure\"><img loading=\"lazy\" decoding=\"async\" width=\"1024\" height=\"768\" src=\"https:\/\/www.fcgueugnon.fr\/site\/wp-content\/uploads\/2022\/12\/plateau-FC-Gueugnon-16-1024x768.jpeg\" alt=\"Image gallery image\" data-id=\"2546\" class=\"wp-image-2546\" srcset=\"https:\/\/www.fcgueugnon.fr\/site\/wp-content\/uploads\/2022\/12\/plateau-FC-Gueugnon-16-1024x768.jpeg 1024w, https:\/\/www.fcgueugnon.fr\/site\/wp-content\/uploads\/2022\/12\/plateau-FC-Gueugnon-16-400x300.jpeg 400w, https:\/\/www.fcgueugnon.fr\/site\/wp-content\/uploads\/2022\/12\/plateau-FC-Gueugnon-16-768x576.jpeg 768w, https:\/\/www.fcgueugnon.fr\/site\/wp-content\/uploads\/2022\/12\/plateau-FC-Gueugnon-16-1536x1152.jpeg 1536w, https:\/\/www.fcgueugnon.fr\/site\/wp-content\/uploads\/2022\/12\/plateau-FC-Gueugnon-16-1320x990.jpeg 1320w, https:\/\/www.fcgueugnon.fr\/site\/wp-content\/uploads\/2022\/12\/plateau-FC-Gueugnon-16.jpeg 1600w\" sizes=\"auto, (max-width: 1024px) 100vw, 1024px\" \/><\/figure><\/li><li class=\"coblocks-gallery--item\"><figure class=\"wp-block-coblocks-gallery-offset__figure\"><img loading=\"lazy\" decoding=\"async\" width=\"1024\" height=\"768\" src=\"https:\/\/www.fcgueugnon.fr\/site\/wp-content\/uploads\/2022\/12\/plateau-FC-Gueugnon-17-1024x768.jpeg\" alt=\"Image gallery image\" data-id=\"2543\" class=\"wp-image-2543\" srcset=\"https:\/\/www.fcgueugnon.fr\/site\/wp-content\/uploads\/2022\/12\/plateau-FC-Gueugnon-17-1024x768.jpeg 1024w, https:\/\/www.fcgueugnon.fr\/site\/wp-content\/uploads\/2022\/12\/plateau-FC-Gueugnon-17-400x300.jpeg 400w, https:\/\/www.fcgueugnon.fr\/site\/wp-content\/uploads\/2022\/12\/plateau-FC-Gueugnon-17-768x576.jpeg 768w, https:\/\/www.fcgueugnon.fr\/site\/wp-content\/uploads\/2022\/12\/plateau-FC-Gueugnon-17-1536x1152.jpeg 1536w, https:\/\/www.fcgueugnon.fr\/site\/wp-content\/uploads\/2022\/12\/plateau-FC-Gueugnon-17-1320x990.jpeg 1320w, https:\/\/www.fcgueugnon.fr\/site\/wp-content\/uploads\/2022\/12\/plateau-FC-Gueugnon-17.jpeg 1600w\" sizes=\"auto, (max-width: 1024px) 100vw, 1024px\" \/><\/figure><\/li><li class=\"coblocks-gallery--item\"><figure class=\"wp-block-coblocks-gallery-offset__figure\"><img loading=\"lazy\" decoding=\"async\" width=\"1024\" height=\"768\" src=\"https:\/\/www.fcgueugnon.fr\/site\/wp-content\/uploads\/2022\/12\/plateau-FC-Gueugnon-19-1024x768.jpeg\" alt=\"Image gallery image\" data-id=\"2549\" class=\"wp-image-2549\" srcset=\"https:\/\/www.fcgueugnon.fr\/site\/wp-content\/uploads\/2022\/12\/plateau-FC-Gueugnon-19-1024x768.jpeg 1024w, https:\/\/www.fcgueugnon.fr\/site\/wp-content\/uploads\/2022\/12\/plateau-FC-Gueugnon-19-400x300.jpeg 400w, https:\/\/www.fcgueugnon.fr\/site\/wp-content\/uploads\/2022\/12\/plateau-FC-Gueugnon-19-768x576.jpeg 768w, https:\/\/www.fcgueugnon.fr\/site\/wp-content\/uploads\/2022\/12\/plateau-FC-Gueugnon-19-1536x1152.jpeg 1536w, https:\/\/www.fcgueugnon.fr\/site\/wp-content\/uploads\/2022\/12\/plateau-FC-Gueugnon-19-1320x990.jpeg 1320w, https:\/\/www.fcgueugnon.fr\/site\/wp-content\/uploads\/2022\/12\/plateau-FC-Gueugnon-19.jpeg 1600w\" sizes=\"auto, (max-width: 1024px) 100vw, 1024px\" \/><\/figure><\/li><li class=\"coblocks-gallery--item\"><figure class=\"wp-block-coblocks-gallery-offset__figure\"><img loading=\"lazy\" decoding=\"async\" width=\"1024\" height=\"768\" src=\"https:\/\/www.fcgueugnon.fr\/site\/wp-content\/uploads\/2022\/12\/plateau-FC-Gueugnon-21-1024x768.jpeg\" alt=\"Image gallery image\" data-id=\"2548\" class=\"wp-image-2548\" srcset=\"https:\/\/www.fcgueugnon.fr\/site\/wp-content\/uploads\/2022\/12\/plateau-FC-Gueugnon-21-1024x768.jpeg 1024w, https:\/\/www.fcgueugnon.fr\/site\/wp-content\/uploads\/2022\/12\/plateau-FC-Gueugnon-21-400x300.jpeg 400w, https:\/\/www.fcgueugnon.fr\/site\/wp-content\/uploads\/2022\/12\/plateau-FC-Gueugnon-21-768x576.jpeg 768w, https:\/\/www.fcgueugnon.fr\/site\/wp-content\/uploads\/2022\/12\/plateau-FC-Gueugnon-21-1536x1152.jpeg 1536w, https:\/\/www.fcgueugnon.fr\/site\/wp-content\/uploads\/2022\/12\/plateau-FC-Gueugnon-21-1320x990.jpeg 1320w, https:\/\/www.fcgueugnon.fr\/site\/wp-content\/uploads\/2022\/12\/plateau-FC-Gueugnon-21.jpeg 1600w\" sizes=\"auto, (max-width: 1024px) 100vw, 1024px\" \/><\/figure><\/li><li class=\"coblocks-gallery--item\"><figure class=\"wp-block-coblocks-gallery-offset__figure\"><img loading=\"lazy\" decoding=\"async\" width=\"1024\" height=\"768\" src=\"https:\/\/www.fcgueugnon.fr\/site\/wp-content\/uploads\/2022\/12\/plateau-FC-Gueugnon-22-1024x768.jpeg\" alt=\"Image gallery image\" data-id=\"2547\" class=\"wp-image-2547\" srcset=\"https:\/\/www.fcgueugnon.fr\/site\/wp-content\/uploads\/2022\/12\/plateau-FC-Gueugnon-22-1024x768.jpeg 1024w, https:\/\/www.fcgueugnon.fr\/site\/wp-content\/uploads\/2022\/12\/plateau-FC-Gueugnon-22-400x300.jpeg 400w, https:\/\/www.fcgueugnon.fr\/site\/wp-content\/uploads\/2022\/12\/plateau-FC-Gueugnon-22-768x576.jpeg 768w, https:\/\/www.fcgueugnon.fr\/site\/wp-content\/uploads\/2022\/12\/plateau-FC-Gueugnon-22-1536x1152.jpeg 1536w, https:\/\/www.fcgueugnon.fr\/site\/wp-content\/uploads\/2022\/12\/plateau-FC-Gueugnon-22-1320x990.jpeg 1320w, https:\/\/www.fcgueugnon.fr\/site\/wp-content\/uploads\/2022\/12\/plateau-FC-Gueugnon-22.jpeg 1600w\" sizes=\"auto, (max-width: 1024px) 100vw, 1024px\" \/><\/figure><\/li><li class=\"coblocks-gallery--item\"><figure class=\"wp-block-coblocks-gallery-offset__figure\"><img loading=\"lazy\" decoding=\"async\" width=\"1024\" height=\"576\" src=\"https:\/\/www.fcgueugnon.fr\/site\/wp-content\/uploads\/2022\/12\/plateau-FC-Gueugnon-10-1024x576.jpeg\" alt=\"Image gallery image\" data-id=\"2536\" class=\"wp-image-2536\" srcset=\"https:\/\/www.fcgueugnon.fr\/site\/wp-content\/uploads\/2022\/12\/plateau-FC-Gueugnon-10-1024x576.jpeg 1024w, https:\/\/www.fcgueugnon.fr\/site\/wp-content\/uploads\/2022\/12\/plateau-FC-Gueugnon-10-400x225.jpeg 400w, https:\/\/www.fcgueugnon.fr\/site\/wp-content\/uploads\/2022\/12\/plateau-FC-Gueugnon-10-768x432.jpeg 768w, https:\/\/www.fcgueugnon.fr\/site\/wp-content\/uploads\/2022\/12\/plateau-FC-Gueugnon-10-1536x864.jpeg 1536w, https:\/\/www.fcgueugnon.fr\/site\/wp-content\/uploads\/2022\/12\/plateau-FC-Gueugnon-10-1320x743.jpeg 1320w, https:\/\/www.fcgueugnon.fr\/site\/wp-content\/uploads\/2022\/12\/plateau-FC-Gueugnon-10.jpeg 1600w\" sizes=\"auto, (max-width: 1024px) 100vw, 1024px\" \/><\/figure><\/li><\/ul><\/div>\n\n\n\n<div style=\"height:80px\" aria-hidden=\"true\" class=\"wp-block-spacer mb-0\"><\/div>\n\n\n\n<h3 class=\"blue-underline-title wp-block-heading\">Arbitres<\/h3>\n\n\n\n<p><span style=\"text-decoration: underline;\">Samedi 03\/12<\/span><\/p>\n\n\n\n<p><strong>Fabrice MUET<\/strong><br>U18 D1 : FC Montceau Bourgogne \/ Sennecey-le-Grand<\/p>\n\n\n\n<p><strong>Mehdi OTMANI<\/strong><br>U18 D2 : St Vallier \/ JO Creusot<\/p>\n\n\n\n<div style=\"height:20px\" aria-hidden=\"true\" class=\"wp-block-spacer\"><\/div>\n\n\n\n<p><span style=\"text-decoration: underline;\">Dimanche 04\/12<\/span><\/p>\n\n\n\n<p><strong>Lucas MENAGER<\/strong><br>R1F : AS Chatenoy \/ US Blanzy<\/p>\n\n\n\n<p><strong>Christophe AUBEL<\/strong><br>R2 : JO Creusot \/ ASA Vauzelles<\/p>\n\n\n\n<p><strong>Fabrice MUET<\/strong><br>D1 : DFCA \/ JSMO<\/p>\n\n\n\n<p><strong>Savian Dumitru SAVIAN<\/strong><br>D2 : Bourbon Lancy \/ St Agnan<\/p>\n\n\n\n<p><strong>Th\u00e9o GABE<\/strong><br>D3 : Sud Foot B \/ JSVG B<\/p>\n\n\n\n<p><strong>Mehdi OTMANI<\/strong><br>D3 : Bois du Verne \/ Gilly\/Loire<\/p>\n\n\n\n<div style=\"height:80px\" aria-hidden=\"true\" class=\"wp-block-spacer mb-0\"><\/div>\n\n\n\n<h3 class=\"blue-underline-title wp-block-heading\">eSport<\/h3>\n\n\n\n<h3 class=\"wp-block-heading\"><strong>FIFA23 Club Pro<\/strong><\/h3>\n\n\n\n<p><em>Ligue de Football Virtuel&nbsp;(LFV) \u2013 J05<\/em><br>Lundi 28\/11&nbsp;\u2013 22h45<br><strong>Montpellier HSC \/ FC Gueugnon eSport : 1-1<\/strong><\/p>\n\n\n\n<p><em>eSport Football League (EFL) \u2013 J23<\/em><br>Mardi 29\/11 \u2013 22h00<br><strong>FC Gueugnon eSport \/ Atlantide eSport 1-4<\/strong><\/p>\n\n\n\n<p><em>eSport Football League (EFL) \u2013 J24<\/em><br>Mardi 29\/11 \u2013 22h20<br><strong>SC Draguignan eSport \/ FC Gueugnon eSport 2-1<\/strong><\/p>\n\n\n\n<p><em>eSport Football League (EFL) \u2013 J25<\/em><br>Mardi 29\/11 \u2013 22h45<br><strong>RC Grasse eSport \/ FC Gueugnon eSport : 2-1<\/strong><\/p>\n\n\n\n<p><em>eSport Football League (EFL) \u2013 J26<\/em><br>Jeudi 24\/11\u00a0\u2013 23h00<br><strong>SC Toulon eSport \/ FC Gueugnon eSport : 0-1<\/strong><\/p>\n\n\n\n<div style=\"height:10px\" aria-hidden=\"true\" class=\"wp-block-spacer\"><\/div>\n\n\n\n<h3 class=\"wp-block-heading\"><strong>FIFA23 Ultimate Team<\/strong><\/h3>\n\n\n\n<p><strong>Zeyrox<\/strong><\/p>\n\n\n\n<p>Ultimate Football League<br>J03\u00a0contre LaGuez13 : victoire 16-0<br>J04\u00a0contre Lepheno85 : victoire 4-1<\/p>\n\n\n\n<p><strong>Yzaki<\/strong><\/p>\n\n\n\n<p>Tournoi Orange eFoot Cup (Ligue de Bourgogne Franche Comt\u00e9)<br>1\/16 de finale : victoire 2-0<br>1\/8 de finale : d\u00e9faite 3-2<\/p>\n\n\n\n<div style=\"height:10px\" aria-hidden=\"true\" class=\"wp-block-spacer\"><\/div>\n\n\n\n<p><em>Suivez toute l&rsquo;actualit\u00e9 de la section eSport du FCG sur <a href=\"http:\/\/twitter.com\/gueugnon_esport\/\" target=\"_blank\" rel=\"noreferrer noopener\">Twitter<\/a> et <a href=\"http:\/\/twitch.tv\/fcgesport\/\" target=\"_blank\" rel=\"noreferrer noopener\">Twitch<\/a><\/em><\/p>\n\n\n\n<div style=\"height:100px\" aria-hidden=\"true\" class=\"wp-block-spacer mb-0\"><\/div>\n\n\n\n<h1 class=\"has-text-align-center wp-block-heading\">#ForgeronFamily<\/h1>\n","protected":false},"excerpt":{"rendered":"<p>Au programme de nos forgerons ce week-end S\u00e9niors Groupe N3 \u2013 J10 \u2705Samedi 03\/12 \u2013 18h00FC Gueugnon \/ AS Quetigny : 3 &#8211; 1 Groupe Espoir \u2013 R1 Herbelin J10 \u2705Dimanche 04\/12 \u2013 14h30FC Gueugnon \/ Is-Selongey B : 3 &#8211; 2 S\u00e9niors F \u2013 D1 J09 \u2705Dimanche 04\/12 \u2013 10h00Entente FCG-DFCA \/ Jonny Salornay &#8230; <\/p>\n<p class=\"read-more-container\"><a title=\"[Agenda] R\u00e9sultats du week-end du 03 et 04 D\u00e9cembre 2022\" class=\"read-more button\" href=\"https:\/\/www.fcgueugnon.fr\/site\/agenda-resultats-du-week-end-du-03-et-04-decembre-2022\/2527#more-2527\" aria-label=\"Plus sur [Agenda] R\u00e9sultats du week-end du 03 et 04 D\u00e9cembre 2022\">Lire la suite<\/a><\/p>\n","protected":false},"author":1,"featured_media":2529,"comment_status":"closed","ping_status":"closed","sticky":true,"template":"","format":"standard","meta":{"footnotes":""},"categories":[5,4],"tags":[33,14],"class_list":["post-2527","post","type-post","status-publish","format-standard","has-post-thumbnail","hentry","category-news-2022-2023","category-news","tag-agenda","tag-sport-e-leclerc-academie-jeunes-formation","infinite-scroll-item","generate-columns","tablet-grid-50","mobile-grid-100","grid-parent","grid-25","resize-featured-image"],"yoast_head":"<!-- This site is optimized with the Yoast SEO plugin v26.6 - https:\/\/yoast.com\/wordpress\/plugins\/seo\/ -->\n<title>[Agenda] R\u00e9sultats du week-end du 03 et 04 D\u00e9cembre 2022 &#8226; FOOTBALL CLUB GUEUGNON<\/title>\n<meta name=\"robots\" content=\"index, follow, max-snippet:-1, max-image-preview:large, max-video-preview:-1\" \/>\n<link rel=\"canonical\" href=\"https:\/\/www.fcgueugnon.fr\/site\/agenda-resultats-du-week-end-du-03-et-04-decembre-2022\/2527\" \/>\n<meta property=\"og:locale\" content=\"fr_FR\" \/>\n<meta property=\"og:type\" content=\"article\" \/>\n<meta property=\"og:title\" content=\"[Agenda] R\u00e9sultats du week-end du 03 et 04 D\u00e9cembre 2022 &#8226; FOOTBALL CLUB GUEUGNON\" \/>\n<meta property=\"og:description\" content=\"Au programme de nos forgerons ce week-end S\u00e9niors Groupe N3 \u2013 J10 \u2705Samedi 03\/12 \u2013 18h00FC Gueugnon \/ AS Quetigny : 3 &#8211; 1 Groupe Espoir \u2013 R1 Herbelin J10 \u2705Dimanche 04\/12 \u2013 14h30FC Gueugnon \/ Is-Selongey B : 3 &#8211; 2 S\u00e9niors F \u2013 D1 J09 \u2705Dimanche 04\/12 \u2013 10h00Entente FCG-DFCA \/ Jonny Salornay ... Lire la suite\" \/>\n<meta property=\"og:url\" content=\"https:\/\/www.fcgueugnon.fr\/site\/agenda-resultats-du-week-end-du-03-et-04-decembre-2022\/2527\" \/>\n<meta property=\"og:site_name\" content=\"FOOTBALL CLUB GUEUGNON\" \/>\n<meta property=\"article:publisher\" content=\"http:\/\/facebook.com\/FCGueugnon\" \/>\n<meta property=\"article:published_time\" content=\"2022-12-05T07:48:46+00:00\" \/>\n<meta property=\"article:modified_time\" content=\"2022-12-05T07:48:48+00:00\" \/>\n<meta property=\"og:image\" content=\"https:\/\/www.fcgueugnon.fr\/site\/wp-content\/uploads\/2022\/12\/U12-fc-gueugnon-champion-a-la-clayette.jpeg\" \/>\n\t<meta property=\"og:image:width\" content=\"2048\" \/>\n\t<meta property=\"og:image:height\" content=\"1536\" \/>\n\t<meta property=\"og:image:type\" content=\"image\/jpeg\" \/>\n<meta name=\"author\" content=\"FC Gueugnon\" \/>\n<meta name=\"twitter:card\" content=\"summary_large_image\" \/>\n<meta name=\"twitter:creator\" content=\"@FCGueugnon_off\" \/>\n<meta name=\"twitter:site\" content=\"@FCGueugnon_off\" \/>\n<meta name=\"twitter:label1\" content=\"\u00c9crit par\" \/>\n\t<meta name=\"twitter:data1\" content=\"FC Gueugnon\" \/>\n\t<meta name=\"twitter:label2\" content=\"Dur\u00e9e de lecture estim\u00e9e\" \/>\n\t<meta name=\"twitter:data2\" content=\"8 minutes\" \/>\n<script type=\"application\/ld+json\" class=\"yoast-schema-graph\">{\"@context\":\"https:\/\/schema.org\",\"@graph\":[{\"@type\":\"Article\",\"@id\":\"https:\/\/www.fcgueugnon.fr\/site\/agenda-resultats-du-week-end-du-03-et-04-decembre-2022\/2527#article\",\"isPartOf\":{\"@id\":\"https:\/\/www.fcgueugnon.fr\/site\/agenda-resultats-du-week-end-du-03-et-04-decembre-2022\/2527\"},\"author\":{\"name\":\"FC Gueugnon\",\"@id\":\"https:\/\/www.fcgueugnon.fr\/site\/#\/schema\/person\/f6444fbdd35fa731ee974c03508738fb\"},\"headline\":\"[Agenda] R\u00e9sultats du week-end du 03 et 04 D\u00e9cembre 2022\",\"datePublished\":\"2022-12-05T07:48:46+00:00\",\"dateModified\":\"2022-12-05T07:48:48+00:00\",\"mainEntityOfPage\":{\"@id\":\"https:\/\/www.fcgueugnon.fr\/site\/agenda-resultats-du-week-end-du-03-et-04-decembre-2022\/2527\"},\"wordCount\":567,\"publisher\":{\"@id\":\"https:\/\/www.fcgueugnon.fr\/site\/#organization\"},\"image\":{\"@id\":\"https:\/\/www.fcgueugnon.fr\/site\/agenda-resultats-du-week-end-du-03-et-04-decembre-2022\/2527#primaryimage\"},\"thumbnailUrl\":\"https:\/\/www.fcgueugnon.fr\/site\/wp-content\/uploads\/2022\/12\/U12-fc-gueugnon-champion-a-la-clayette.jpeg\",\"keywords\":[\"Agenda\",\"Sport E.Leclerc Acad\u00e9mie : Jeunes \/ Formation\"],\"articleSection\":[\"Archives 2022\/2023\",\"News\"],\"inLanguage\":\"fr-FR\"},{\"@type\":\"WebPage\",\"@id\":\"https:\/\/www.fcgueugnon.fr\/site\/agenda-resultats-du-week-end-du-03-et-04-decembre-2022\/2527\",\"url\":\"https:\/\/www.fcgueugnon.fr\/site\/agenda-resultats-du-week-end-du-03-et-04-decembre-2022\/2527\",\"name\":\"[Agenda] R\u00e9sultats du week-end du 03 et 04 D\u00e9cembre 2022 &#8226; FOOTBALL CLUB GUEUGNON\",\"isPartOf\":{\"@id\":\"https:\/\/www.fcgueugnon.fr\/site\/#website\"},\"primaryImageOfPage\":{\"@id\":\"https:\/\/www.fcgueugnon.fr\/site\/agenda-resultats-du-week-end-du-03-et-04-decembre-2022\/2527#primaryimage\"},\"image\":{\"@id\":\"https:\/\/www.fcgueugnon.fr\/site\/agenda-resultats-du-week-end-du-03-et-04-decembre-2022\/2527#primaryimage\"},\"thumbnailUrl\":\"https:\/\/www.fcgueugnon.fr\/site\/wp-content\/uploads\/2022\/12\/U12-fc-gueugnon-champion-a-la-clayette.jpeg\",\"datePublished\":\"2022-12-05T07:48:46+00:00\",\"dateModified\":\"2022-12-05T07:48:48+00:00\",\"breadcrumb\":{\"@id\":\"https:\/\/www.fcgueugnon.fr\/site\/agenda-resultats-du-week-end-du-03-et-04-decembre-2022\/2527#breadcrumb\"},\"inLanguage\":\"fr-FR\",\"potentialAction\":[{\"@type\":\"ReadAction\",\"target\":[\"https:\/\/www.fcgueugnon.fr\/site\/agenda-resultats-du-week-end-du-03-et-04-decembre-2022\/2527\"]}]},{\"@type\":\"ImageObject\",\"inLanguage\":\"fr-FR\",\"@id\":\"https:\/\/www.fcgueugnon.fr\/site\/agenda-resultats-du-week-end-du-03-et-04-decembre-2022\/2527#primaryimage\",\"url\":\"https:\/\/www.fcgueugnon.fr\/site\/wp-content\/uploads\/2022\/12\/U12-fc-gueugnon-champion-a-la-clayette.jpeg\",\"contentUrl\":\"https:\/\/www.fcgueugnon.fr\/site\/wp-content\/uploads\/2022\/12\/U12-fc-gueugnon-champion-a-la-clayette.jpeg\",\"width\":2048,\"height\":1536},{\"@type\":\"BreadcrumbList\",\"@id\":\"https:\/\/www.fcgueugnon.fr\/site\/agenda-resultats-du-week-end-du-03-et-04-decembre-2022\/2527#breadcrumb\",\"itemListElement\":[{\"@type\":\"ListItem\",\"position\":1,\"name\":\"Accueil\",\"item\":\"https:\/\/www.fcgueugnon.fr\/site\/\"},{\"@type\":\"ListItem\",\"position\":2,\"name\":\"[Agenda] R\u00e9sultats du week-end du 03 et 04 D\u00e9cembre 2022\"}]},{\"@type\":\"WebSite\",\"@id\":\"https:\/\/www.fcgueugnon.fr\/site\/#website\",\"url\":\"https:\/\/www.fcgueugnon.fr\/site\/\",\"name\":\"FOOTBALL CLUB GUEUGNON\",\"description\":\"Le Site Officiel des Forgerons\",\"publisher\":{\"@id\":\"https:\/\/www.fcgueugnon.fr\/site\/#organization\"},\"potentialAction\":[{\"@type\":\"SearchAction\",\"target\":{\"@type\":\"EntryPoint\",\"urlTemplate\":\"https:\/\/www.fcgueugnon.fr\/site\/?s={search_term_string}\"},\"query-input\":{\"@type\":\"PropertyValueSpecification\",\"valueRequired\":true,\"valueName\":\"search_term_string\"}}],\"inLanguage\":\"fr-FR\"},{\"@type\":\"Organization\",\"@id\":\"https:\/\/www.fcgueugnon.fr\/site\/#organization\",\"name\":\"FC Gueugnon\",\"url\":\"https:\/\/www.fcgueugnon.fr\/site\/\",\"logo\":{\"@type\":\"ImageObject\",\"inLanguage\":\"fr-FR\",\"@id\":\"https:\/\/www.fcgueugnon.fr\/site\/#\/schema\/logo\/image\/\",\"url\":\"https:\/\/www.fcgueugnon.fr\/site\/wp-content\/uploads\/2022\/07\/cropped-Logo-FCGUEUGNON-low-350x350-1.png\",\"contentUrl\":\"https:\/\/www.fcgueugnon.fr\/site\/wp-content\/uploads\/2022\/07\/cropped-Logo-FCGUEUGNON-low-350x350-1.png\",\"width\":350,\"height\":350,\"caption\":\"FC Gueugnon\"},\"image\":{\"@id\":\"https:\/\/www.fcgueugnon.fr\/site\/#\/schema\/logo\/image\/\"},\"sameAs\":[\"http:\/\/facebook.com\/FCGueugnon\",\"https:\/\/x.com\/FCGueugnon_off\",\"https:\/\/www.instagram.com\/fcgueugnon\/\",\"https:\/\/www.linkedin.com\/company\/football-club-de-gueugnon\/\",\"https:\/\/www.youtube.com\/user\/FCGueugnonnais\",\"https:\/\/fr.wikipedia.org\/wiki\/Football_Club_de_Gueugnon\"]},{\"@type\":\"Person\",\"@id\":\"https:\/\/www.fcgueugnon.fr\/site\/#\/schema\/person\/f6444fbdd35fa731ee974c03508738fb\",\"name\":\"FC Gueugnon\",\"sameAs\":[\"https:\/\/www.fcgueugnon.fr\/site\"],\"url\":\"https:\/\/www.fcgueugnon.fr\/site\/author\/admin-antho\"}]}<\/script>\n<!-- \/ Yoast SEO plugin. -->","yoast_head_json":{"title":"[Agenda] R\u00e9sultats du week-end du 03 et 04 D\u00e9cembre 2022 &#8226; FOOTBALL CLUB GUEUGNON","robots":{"index":"index","follow":"follow","max-snippet":"max-snippet:-1","max-image-preview":"max-image-preview:large","max-video-preview":"max-video-preview:-1"},"canonical":"https:\/\/www.fcgueugnon.fr\/site\/agenda-resultats-du-week-end-du-03-et-04-decembre-2022\/2527","og_locale":"fr_FR","og_type":"article","og_title":"[Agenda] R\u00e9sultats du week-end du 03 et 04 D\u00e9cembre 2022 &#8226; FOOTBALL CLUB GUEUGNON","og_description":"Au programme de nos forgerons ce week-end S\u00e9niors Groupe N3 \u2013 J10 \u2705Samedi 03\/12 \u2013 18h00FC Gueugnon \/ AS Quetigny : 3 &#8211; 1 Groupe Espoir \u2013 R1 Herbelin J10 \u2705Dimanche 04\/12 \u2013 14h30FC Gueugnon \/ Is-Selongey B : 3 &#8211; 2 S\u00e9niors F \u2013 D1 J09 \u2705Dimanche 04\/12 \u2013 10h00Entente FCG-DFCA \/ Jonny Salornay ... Lire la suite","og_url":"https:\/\/www.fcgueugnon.fr\/site\/agenda-resultats-du-week-end-du-03-et-04-decembre-2022\/2527","og_site_name":"FOOTBALL CLUB GUEUGNON","article_publisher":"http:\/\/facebook.com\/FCGueugnon","article_published_time":"2022-12-05T07:48:46+00:00","article_modified_time":"2022-12-05T07:48:48+00:00","og_image":[{"width":2048,"height":1536,"url":"https:\/\/www.fcgueugnon.fr\/site\/wp-content\/uploads\/2022\/12\/U12-fc-gueugnon-champion-a-la-clayette.jpeg","type":"image\/jpeg"}],"author":"FC Gueugnon","twitter_card":"summary_large_image","twitter_creator":"@FCGueugnon_off","twitter_site":"@FCGueugnon_off","twitter_misc":{"\u00c9crit par":"FC Gueugnon","Dur\u00e9e de lecture estim\u00e9e":"8 minutes"},"schema":{"@context":"https:\/\/schema.org","@graph":[{"@type":"Article","@id":"https:\/\/www.fcgueugnon.fr\/site\/agenda-resultats-du-week-end-du-03-et-04-decembre-2022\/2527#article","isPartOf":{"@id":"https:\/\/www.fcgueugnon.fr\/site\/agenda-resultats-du-week-end-du-03-et-04-decembre-2022\/2527"},"author":{"name":"FC Gueugnon","@id":"https:\/\/www.fcgueugnon.fr\/site\/#\/schema\/person\/f6444fbdd35fa731ee974c03508738fb"},"headline":"[Agenda] R\u00e9sultats du week-end du 03 et 04 D\u00e9cembre 2022","datePublished":"2022-12-05T07:48:46+00:00","dateModified":"2022-12-05T07:48:48+00:00","mainEntityOfPage":{"@id":"https:\/\/www.fcgueugnon.fr\/site\/agenda-resultats-du-week-end-du-03-et-04-decembre-2022\/2527"},"wordCount":567,"publisher":{"@id":"https:\/\/www.fcgueugnon.fr\/site\/#organization"},"image":{"@id":"https:\/\/www.fcgueugnon.fr\/site\/agenda-resultats-du-week-end-du-03-et-04-decembre-2022\/2527#primaryimage"},"thumbnailUrl":"https:\/\/www.fcgueugnon.fr\/site\/wp-content\/uploads\/2022\/12\/U12-fc-gueugnon-champion-a-la-clayette.jpeg","keywords":["Agenda","Sport E.Leclerc Acad\u00e9mie : Jeunes \/ Formation"],"articleSection":["Archives 2022\/2023","News"],"inLanguage":"fr-FR"},{"@type":"WebPage","@id":"https:\/\/www.fcgueugnon.fr\/site\/agenda-resultats-du-week-end-du-03-et-04-decembre-2022\/2527","url":"https:\/\/www.fcgueugnon.fr\/site\/agenda-resultats-du-week-end-du-03-et-04-decembre-2022\/2527","name":"[Agenda] R\u00e9sultats du week-end du 03 et 04 D\u00e9cembre 2022 &#8226; FOOTBALL CLUB GUEUGNON","isPartOf":{"@id":"https:\/\/www.fcgueugnon.fr\/site\/#website"},"primaryImageOfPage":{"@id":"https:\/\/www.fcgueugnon.fr\/site\/agenda-resultats-du-week-end-du-03-et-04-decembre-2022\/2527#primaryimage"},"image":{"@id":"https:\/\/www.fcgueugnon.fr\/site\/agenda-resultats-du-week-end-du-03-et-04-decembre-2022\/2527#primaryimage"},"thumbnailUrl":"https:\/\/www.fcgueugnon.fr\/site\/wp-content\/uploads\/2022\/12\/U12-fc-gueugnon-champion-a-la-clayette.jpeg","datePublished":"2022-12-05T07:48:46+00:00","dateModified":"2022-12-05T07:48:48+00:00","breadcrumb":{"@id":"https:\/\/www.fcgueugnon.fr\/site\/agenda-resultats-du-week-end-du-03-et-04-decembre-2022\/2527#breadcrumb"},"inLanguage":"fr-FR","potentialAction":[{"@type":"ReadAction","target":["https:\/\/www.fcgueugnon.fr\/site\/agenda-resultats-du-week-end-du-03-et-04-decembre-2022\/2527"]}]},{"@type":"ImageObject","inLanguage":"fr-FR","@id":"https:\/\/www.fcgueugnon.fr\/site\/agenda-resultats-du-week-end-du-03-et-04-decembre-2022\/2527#primaryimage","url":"https:\/\/www.fcgueugnon.fr\/site\/wp-content\/uploads\/2022\/12\/U12-fc-gueugnon-champion-a-la-clayette.jpeg","contentUrl":"https:\/\/www.fcgueugnon.fr\/site\/wp-content\/uploads\/2022\/12\/U12-fc-gueugnon-champion-a-la-clayette.jpeg","width":2048,"height":1536},{"@type":"BreadcrumbList","@id":"https:\/\/www.fcgueugnon.fr\/site\/agenda-resultats-du-week-end-du-03-et-04-decembre-2022\/2527#breadcrumb","itemListElement":[{"@type":"ListItem","position":1,"name":"Accueil","item":"https:\/\/www.fcgueugnon.fr\/site\/"},{"@type":"ListItem","position":2,"name":"[Agenda] R\u00e9sultats du week-end du 03 et 04 D\u00e9cembre 2022"}]},{"@type":"WebSite","@id":"https:\/\/www.fcgueugnon.fr\/site\/#website","url":"https:\/\/www.fcgueugnon.fr\/site\/","name":"FOOTBALL CLUB GUEUGNON","description":"Le Site Officiel des Forgerons","publisher":{"@id":"https:\/\/www.fcgueugnon.fr\/site\/#organization"},"potentialAction":[{"@type":"SearchAction","target":{"@type":"EntryPoint","urlTemplate":"https:\/\/www.fcgueugnon.fr\/site\/?s={search_term_string}"},"query-input":{"@type":"PropertyValueSpecification","valueRequired":true,"valueName":"search_term_string"}}],"inLanguage":"fr-FR"},{"@type":"Organization","@id":"https:\/\/www.fcgueugnon.fr\/site\/#organization","name":"FC Gueugnon","url":"https:\/\/www.fcgueugnon.fr\/site\/","logo":{"@type":"ImageObject","inLanguage":"fr-FR","@id":"https:\/\/www.fcgueugnon.fr\/site\/#\/schema\/logo\/image\/","url":"https:\/\/www.fcgueugnon.fr\/site\/wp-content\/uploads\/2022\/07\/cropped-Logo-FCGUEUGNON-low-350x350-1.png","contentUrl":"https:\/\/www.fcgueugnon.fr\/site\/wp-content\/uploads\/2022\/07\/cropped-Logo-FCGUEUGNON-low-350x350-1.png","width":350,"height":350,"caption":"FC Gueugnon"},"image":{"@id":"https:\/\/www.fcgueugnon.fr\/site\/#\/schema\/logo\/image\/"},"sameAs":["http:\/\/facebook.com\/FCGueugnon","https:\/\/x.com\/FCGueugnon_off","https:\/\/www.instagram.com\/fcgueugnon\/","https:\/\/www.linkedin.com\/company\/football-club-de-gueugnon\/","https:\/\/www.youtube.com\/user\/FCGueugnonnais","https:\/\/fr.wikipedia.org\/wiki\/Football_Club_de_Gueugnon"]},{"@type":"Person","@id":"https:\/\/www.fcgueugnon.fr\/site\/#\/schema\/person\/f6444fbdd35fa731ee974c03508738fb","name":"FC Gueugnon","sameAs":["https:\/\/www.fcgueugnon.fr\/site"],"url":"https:\/\/www.fcgueugnon.fr\/site\/author\/admin-antho"}]}},"rttpg_featured_image_url":{"full":["https:\/\/www.fcgueugnon.fr\/site\/wp-content\/uploads\/2022\/12\/U12-fc-gueugnon-champion-a-la-clayette.jpeg",2048,1536,false],"landscape":["https:\/\/www.fcgueugnon.fr\/site\/wp-content\/uploads\/2022\/12\/U12-fc-gueugnon-champion-a-la-clayette.jpeg",2048,1536,false],"portraits":["https:\/\/www.fcgueugnon.fr\/site\/wp-content\/uploads\/2022\/12\/U12-fc-gueugnon-champion-a-la-clayette.jpeg",2048,1536,false],"thumbnail":["https:\/\/www.fcgueugnon.fr\/site\/wp-content\/uploads\/2022\/12\/U12-fc-gueugnon-champion-a-la-clayette-150x150.jpeg",150,150,true],"medium":["https:\/\/www.fcgueugnon.fr\/site\/wp-content\/uploads\/2022\/12\/U12-fc-gueugnon-champion-a-la-clayette-400x300.jpeg",400,300,true],"large":["https:\/\/www.fcgueugnon.fr\/site\/wp-content\/uploads\/2022\/12\/U12-fc-gueugnon-champion-a-la-clayette-1024x768.jpeg",1024,768,true],"1536x1536":["https:\/\/www.fcgueugnon.fr\/site\/wp-content\/uploads\/2022\/12\/U12-fc-gueugnon-champion-a-la-clayette-1536x1152.jpeg",1536,1152,true],"2048x2048":["https:\/\/www.fcgueugnon.fr\/site\/wp-content\/uploads\/2022\/12\/U12-fc-gueugnon-champion-a-la-clayette.jpeg",2048,1536,false]},"rttpg_author":{"display_name":"FC Gueugnon","author_link":"https:\/\/www.fcgueugnon.fr\/site\/author\/admin-antho"},"rttpg_comment":0,"rttpg_category":"<a href=\"https:\/\/www.fcgueugnon.fr\/site\/category\/news\/news-2022-2023\" rel=\"category tag\">Archives 2022\/2023<\/a> <a href=\"https:\/\/www.fcgueugnon.fr\/site\/category\/news\" rel=\"category tag\">News<\/a>","rttpg_excerpt":"Au programme de nos forgerons ce week-end S\u00e9niors Groupe N3 \u2013 J10 \u2705Samedi 03\/12 \u2013 18h00FC Gueugnon \/ AS Quetigny : 3 &#8211; 1 Groupe Espoir \u2013 R1 Herbelin J10 \u2705Dimanche 04\/12 \u2013 14h30FC Gueugnon \/ Is-Selongey B : 3 &#8211; 2 S\u00e9niors F \u2013 D1 J09 \u2705Dimanche 04\/12 \u2013 10h00Entente FCG-DFCA \/ Jonny Salornay\u2026","_links":{"self":[{"href":"https:\/\/www.fcgueugnon.fr\/site\/wp-json\/wp\/v2\/posts\/2527","targetHints":{"allow":["GET"]}}],"collection":[{"href":"https:\/\/www.fcgueugnon.fr\/site\/wp-json\/wp\/v2\/posts"}],"about":[{"href":"https:\/\/www.fcgueugnon.fr\/site\/wp-json\/wp\/v2\/types\/post"}],"author":[{"embeddable":true,"href":"https:\/\/www.fcgueugnon.fr\/site\/wp-json\/wp\/v2\/users\/1"}],"replies":[{"embeddable":true,"href":"https:\/\/www.fcgueugnon.fr\/site\/wp-json\/wp\/v2\/comments?post=2527"}],"version-history":[{"count":2,"href":"https:\/\/www.fcgueugnon.fr\/site\/wp-json\/wp\/v2\/posts\/2527\/revisions"}],"predecessor-version":[{"id":2552,"href":"https:\/\/www.fcgueugnon.fr\/site\/wp-json\/wp\/v2\/posts\/2527\/revisions\/2552"}],"wp:featuredmedia":[{"embeddable":true,"href":"https:\/\/www.fcgueugnon.fr\/site\/wp-json\/wp\/v2\/media\/2529"}],"wp:attachment":[{"href":"https:\/\/www.fcgueugnon.fr\/site\/wp-json\/wp\/v2\/media?parent=2527"}],"wp:term":[{"taxonomy":"category","embeddable":true,"href":"https:\/\/www.fcgueugnon.fr\/site\/wp-json\/wp\/v2\/categories?post=2527"},{"taxonomy":"post_tag","embeddable":true,"href":"https:\/\/www.fcgueugnon.fr\/site\/wp-json\/wp\/v2\/tags?post=2527"}],"curies":[{"name":"wp","href":"https:\/\/api.w.org\/{rel}","templated":true}]}}