{"id":2509,"date":"2022-12-03T16:55:00","date_gmt":"2022-12-03T15:55:00","guid":{"rendered":"https:\/\/www.fcgueugnon.fr\/site\/?p=2509"},"modified":"2022-12-01T11:18:44","modified_gmt":"2022-12-01T10:18:44","slug":"interview-forgeron-mag-6-avec-anthony-chauvet","status":"publish","type":"post","link":"https:\/\/www.fcgueugnon.fr\/site\/interview-forgeron-mag-6-avec-anthony-chauvet\/2509","title":{"rendered":"[Interview] Forgeron Mag #6 avec Anthony CHAUVET"},"content":{"rendered":"\n<h3 class=\"wp-block-heading\">D\u00e9couvrez en int\u00e9gralit\u00e9 l&rsquo;entretien de <strong>Anthony CHAUVET<\/strong> diffus\u00e9 \u00e0 l&rsquo;occasion de cette 10\u00e8me journ\u00e9e de championnat face \u00e0 l&rsquo;AS Quetigny dans le Forgeron Mag du 03\/12\/22.<\/h3>\n\n\n\n<div style=\"height:75px\" aria-hidden=\"true\" class=\"wp-block-spacer\"><\/div>\n\n\n<div class=\"wp-block-image\">\n<figure class=\"aligncenter size-large\"><img loading=\"lazy\" decoding=\"async\" width=\"1024\" height=\"683\" src=\"https:\/\/www.fcgueugnon.fr\/site\/wp-content\/uploads\/2022\/12\/MicrosoftTeams-image-6-1024x683.jpg\" alt=\"\" class=\"wp-image-2510\" srcset=\"https:\/\/www.fcgueugnon.fr\/site\/wp-content\/uploads\/2022\/12\/MicrosoftTeams-image-6-1024x683.jpg 1024w, https:\/\/www.fcgueugnon.fr\/site\/wp-content\/uploads\/2022\/12\/MicrosoftTeams-image-6-400x267.jpg 400w, https:\/\/www.fcgueugnon.fr\/site\/wp-content\/uploads\/2022\/12\/MicrosoftTeams-image-6-768x512.jpg 768w, https:\/\/www.fcgueugnon.fr\/site\/wp-content\/uploads\/2022\/12\/MicrosoftTeams-image-6-1536x1024.jpg 1536w, https:\/\/www.fcgueugnon.fr\/site\/wp-content\/uploads\/2022\/12\/MicrosoftTeams-image-6-2048x1365.jpg 2048w, https:\/\/www.fcgueugnon.fr\/site\/wp-content\/uploads\/2022\/12\/MicrosoftTeams-image-6-1320x880.jpg 1320w\" sizes=\"auto, (max-width: 1024px) 100vw, 1024px\" \/><\/figure>\n<\/div>\n\n\n<div style=\"height:75px\" aria-hidden=\"true\" class=\"wp-block-spacer\"><\/div>\n\n\n\n<p><strong>Salut Anthony, peux-tu te pr\u00e9senter \u00e0 tes supporters\u00a0?<\/strong><br>\u00ab\u00a0Bonjour\u00a0! Je suis Anthony Chauvet, j\u2019ai 29 ans, je suis arriv\u00e9 cette ann\u00e9e au FC Gueugnon. Je suis mari\u00e9, j\u2019ai une petite fille inscrite au baby foot et un gar\u00e7on qui va bient\u00f4t avoir 10 mois.\u00a0\u00bb<\/p>\n\n\n\n<p><strong>Parle-nous de ce qui t\u2019a amen\u00e9 \u00e0 jouer au foot\u00a0:<\/strong><br>\u00ab\u00a0J\u2019ai commenc\u00e9 le foot quand j\u2019avais 5 ans. Mon p\u00e8re \u00e9tait joueur dans un club de r\u00e9gion Parisienne, mon oncle jouait aussi l\u00e0-bas. L\u2019aspect familial m\u2019a vite fait baigner dans le foot. Mon p\u00e8re m\u2019a quand m\u00eame fait essayer d\u2019autres sports mais a vite compris que \u00e7a ne ferait pas l\u2019affaire\u00a0!\u00a0\u00bb<\/p>\n\n\n\n<p><strong>29 ans et un CV plut\u00f4t garni\u00a0! Pas loin de 10 clubs, parle-nous des moments qui t\u2019ont le plus marqu\u00e9\u00a0:<\/strong><br>\u00ab\u00a0Tout d\u2019abord, il y a l\u2019ann\u00e9e o\u00f9 j\u2019ai sign\u00e9 au Paris FC, je sortais de 2 ann\u00e9es compliqu\u00e9es \u00e0 Ch\u00e2teauroux. J\u2019ai fait une premi\u00e8re saison avec les U19 nationaux, puis en CFA2 et enfin en national\u00a0! C\u2019est ma premi\u00e8re grosse exp\u00e9rience. Aussi, il y a mes ann\u00e9es \u00e0 \u00c9pinal, j\u2019ai jou\u00e9 la mont\u00e9e en national avec ce club\u00a0! Et enfin l\u2019\u00e9quipe de France universitaire qui \u00e9tait une super exp\u00e9rience.\u00a0\u00bb<\/p>\n\n\n\n<figure class=\"wp-block-pullquote\"><blockquote><p>\u00ab Je tiens \u00e0 remercier les supporters et les Ultras qui arrivent \u00e0 nous pousser m\u00eame dans les moments les plus durs&#8230; \u00bb<\/p><\/blockquote><\/figure>\n\n\n\n<p><strong>Qu\u2019en est-il de ta scolarit\u00e9\u00a0?<\/strong><br>\u00ab\u00a0J\u2019ai d\u00e9croch\u00e9 un bac S lorsque j\u2019\u00e9tais en r\u00e9gion Parisienne, ce n\u2019\u00e9tait pas facile de jongler entre le foot et les \u00e9tudes. J\u2019ai continu\u00e9 ensuite en centre de formation pour tenter d\u2019obtenir une licence STAPS et ainsi pouvoir devenir pr\u00e9parateur physique. Mais je n\u2019ai pas r\u00e9ussi \u00e0 m\u2019adapter \u00e0 ce rythme intense o\u00f9 je devais jongler entre les entrainements et les cours. J\u2019ai donc privil\u00e9gi\u00e9 le foot aux \u00e9tudes.\u00a0\u00bb<\/p>\n\n\n\n<p><strong>Pendant cette p\u00e9riode universitaire, tu as pu jouer avec l\u2019\u00e9quipe de France, raconte-nous cette exp\u00e9rience\u00a0:<\/strong><br>\u00ab\u00a0C\u2019\u00e9tait vraiment g\u00e9nial\u00a0! L\u2019un des \u00e9tudiants que je c\u00f4toyais \u00e9tait d\u00e9j\u00e0 dans l\u2019\u00e9quipe (et notamment est champion du monde). Il a fait passer mon CV aupr\u00e8s de son coach qui recherchait des joueurs, j\u2019ai particip\u00e9 aux matches de pr\u00e9paration et en 2015 j\u2019ai particip\u00e9 \u00e0 la coupe du monde universitaire en Cor\u00e9e du Sud\u00a0! C\u2019\u00e9tait incroyable\u00a0!\u00a0\u00bb<\/p>\n\n\n\n<p><strong>Lors de ta carri\u00e8re, tu as pu c\u00f4toyer le monde pro, raconte-nous ces moments de ta carri\u00e8re\u00a0:<\/strong><br>\u00ab\u00a0Oui tout \u00e0 fait, je jouais avec la r\u00e9serve de Guingamp, on s\u2019entrainait de temps en temps avec les pros (qui en plus \u00e9taient mont\u00e9s en Ligue 1 cette saison-l\u00e0), c\u2019\u00e9tait assez gratifiant de pouvoir m\u2019entrainer avec eux\u00a0!<br>J\u2019ai aussi c\u00f4toy\u00e9 les pros \u00e0 Troyes, c\u2019est d\u2019ailleurs l\u00e0 mon plus grand regret, j\u2019ai commenc\u00e9 avec eux et je me suis bless\u00e9 d\u00e8s le d\u00e9but de saison, je l\u2019ai train\u00e9 jusqu\u2019en fin de saison, le club avait plac\u00e9 beaucoup d\u2019espoir en moi, mais j\u2019ai d\u00fb faire une saison blanche \u2026\u00a0\u00bb<\/p>\n\n\n\n<figure class=\"wp-block-pullquote\"><blockquote><p>\u00ab Il y a tout d\u2019un club pro ici\u00a0! C\u2019est justement ce que je recherchais\u00a0! A nous de faire le travail pour ramener le club \u00e0 sa v\u00e9ritable place\u00a0!\u00a0\u00bb<\/p><\/blockquote><\/figure>\n\n\n\n<p><strong>Tu as connu beaucoup de r\u00e9gions diff\u00e9rentes lors de ton parcours avant d\u2019atterrir \u00e0 Gueugnon, comment tu te sens ici\u00a0avec ta famille ?<\/strong><br>\u00ab\u00a0On s\u2019est plut\u00f4t bien adapt\u00e9 ici avec ma femme et mes enfants. La r\u00e9gion est plut\u00f4t sympa et agr\u00e9able, surtout pour les balades en famille.\u00a0\u00bb<\/p>\n\n\n\n<p><strong>Qu\u2019est-ce que tu fais quand tu n\u2019es pas \u00e0 l\u2019entrainement\u00a0?<\/strong><br>\u00ab\u00a0Je passe \u00e9norm\u00e9ment de temps avec mes enfants, on fait un maximum de balades avec eux. C\u2019est gr\u00e2ce \u00e0 ces moments que j\u2019arrive \u00e0 trouver de la force pendant les p\u00e9riodes difficiles.\u00a0\u00bb<\/p>\n\n\n\n<p><strong>Et en tant que joueur,\u00a0quel poste occupes-tu\u00a0? J\u2019ai aussi remarqu\u00e9 que tu pouvais jouer \u00e0 d\u2019autres postes\u00a0?<\/strong><br>\u00ab\u00a0Mon poste pr\u00e9f\u00e9r\u00e9 c\u2019est lat\u00e9ral gauche. C\u2019est l\u00e0 o\u00f9 je me sens le mieux et o\u00f9 je prends le plus de plaisir. Je peux aussi jouer arri\u00e8re central gauche (certains diront d\u2019ailleurs que c\u2019est l\u00e0 o\u00f9 je suis le meilleur). Lorsque j\u2019\u00e9tais plus jeune, j\u2019ai aussi beaucoup jou\u00e9 en milieu gauche.\u00a0\u00bb<\/p>\n\n\n\n<figure class=\"wp-block-pullquote\"><blockquote><p>\u00ab J\u2019ai particip\u00e9 \u00e0 la coupe du monde universitaire en Cor\u00e9e du Sud\u00a0! C\u2019\u00e9tait incroyable\u00a0! \u00bb<\/p><\/blockquote><\/figure>\n\n\n\n<p><strong>Qu\u2019est-ce qui t\u2019a amen\u00e9 \u00e0 rejoindre le FCG\u00a0?<\/strong><br>\u00ab\u00a0J\u2019\u00e9tais en contact avec Richard Trivino depuis 2 ans, il voulait me faire venir mais \u00e0 l\u2019\u00e9poque ce n\u2019\u00e9tait pas possible. Pour cette saison on a trouv\u00e9 un accord, le projet du club m\u2019a beaucoup int\u00e9ress\u00e9. Tr\u00e8s honn\u00eatement je n\u2019ai pas r\u00e9fl\u00e9chi tr\u00e8s longtemps \u00e0 la proposition du club\u00a0! Entrainements tous les matins et\/ou apr\u00e8s-midis, les infrastructures \u2026 Il y a tout d\u2019un club pro ici\u00a0! C\u2019est justement ce que je recherchais\u00a0! A nous de faire le travail pour ramener le club \u00e0 sa v\u00e9ritable place\u00a0!\u00a0\u00bb<\/p>\n\n\n\n<p><strong>Pas facile de d\u00e9buter un championnat avec une \u00e9quipe fortement renouvel\u00e9e, est-ce que le FCG est sur une bonne dynamique d\u00e9sormais\u00a0?<\/strong><br>\u00ab\u00a0Effectivement, les difficult\u00e9s de d\u00e9but de saison sont dues \u00e0 un nouveau groupe, il faut que tout le monde puisse trouver ses marques\u00a0! On a r\u00e9ussi \u00e0 enclencher la dynamique contre Chamali\u00e8res, \u00e0 l\u2019heure \u00e0 laquelle je vous parle, on est sur 4 matches sans d\u00e9faite si on enl\u00e8ve les tirs aux buts de la Coupe de France. Les 2 victoires \u00e0 domicile font beaucoup de bien \u00e0 tout le monde\u00a0! On a r\u00e9ussi \u00e0 trouver une force collective, l\u2019\u00e9tat d\u2019esprit est l\u00e0\u00a0!\u00a0\u00bb<\/p>\n\n\n\n<p><strong>Ce n\u2019est pas la premi\u00e8re fois que tu connais un d\u00e9but de saison compliqu\u00e9, et malgr\u00e9 tout vous aviez r\u00e9ussi \u00e0 monter, parle-nous de cette saison\u00a0:<\/strong><br>\u00ab\u00a0Effectivement, c\u2019\u00e9tait avec \u00c9pinal en N2, l\u2019effectif avait \u00e9t\u00e9 largement remani\u00e9, un d\u00e9but de saison un peu chaotique. Peu importe le d\u00e9but de saison, on a r\u00e9ussi \u00e0 se rattraper et engranger les points n\u00e9cessaires\u00a0!\u00a0\u00bb<\/p>\n\n\n\n<figure class=\"wp-block-pullquote\"><blockquote><p>\u00ab On va aborder ce match comme si c\u2019\u00e9tait un match de coupe. \u00bb<\/p><\/blockquote><\/figure>\n\n\n\n<p><strong>Sochaux B, Jura Dolois et Pontarlier\u2026 Vous avez affront\u00e9 des \u00e9quipes jouant le haut de tableau lors des derniers matches. Pour le prochain, vous allez affronter la lanterne rouge Quetigny, comment vous allez aborder ce match\u00a0?<\/strong><br>\u00ab\u00a0Quel que soit le classement, ce n\u2019est jamais des matches faciles. On peut clairement tomber dans un pi\u00e8ge contre ces \u00e9quipes mal class\u00e9es. On va aborder ce match comme si c\u2019\u00e9tait un match de coupe, on va tout donner contre une \u00e9quipe qui vient clairement en qu\u00eate du moindre point. L\u2019\u00e9tat d\u2019esprit de guerrier sera de retour sur le terrain\u00a0!\u00a0\u00bb<\/p>\n\n\n\n<p><strong>Je suis assez impressionn\u00e9 par la densit\u00e9 des matches et la r\u00e9silience des \u00e9quipes cette saison, qu\u2019est-ce qui a chang\u00e9 pour toi\u00a0?<\/strong><br>\u00ab\u00a0La refonte des championnats a chang\u00e9 beaucoup de choses, avec les 5 descentes, tout le monde s\u2019efforce de jouer au maximum\u00a0!\u00a0\u00bb<\/p>\n\n\n\n<p><strong>J\u2019imagine que tu suis la coupe du monde, quelles seront les \u00e9quipes du dernier carr\u00e9 selon toi\u00a0?<\/strong><br>\u00ab\u00a0Effectivement je la suis, on a fait une soir\u00e9e pizzas avec tout le groupe pour le premier match d\u2019ailleurs\u00a0! Des bons moments de coh\u00e9sion\u00a0!<br>Je vois bien le Br\u00e9sil, je pense que la France a ses chances aussi, je vois bien l\u2019Angleterre et peut-\u00eatre l\u2019Allemagne ou l\u2019Espagne.\u00a0\u00bb<\/p>\n\n\n\n<figure class=\"wp-block-pullquote\"><blockquote><p>\u00ab  Je pense que le club est dans la bonne voie\u00a0! \u00bb<\/p><\/blockquote><\/figure>\n\n\n\n<p><strong>En tant que joueur, tu dois forc\u00e9ment r\u00e9fl\u00e9chir \u00e0 la suite de ta carri\u00e8re et notamment la fin, qu\u2019est-ce que tu te vois faire \u00e0 la fin de ta carri\u00e8re\u00a0?<\/strong><br>\u00ab\u00a0J\u2019aimerais rester dans le monde du sport. Je commence \u00e0 pr\u00e9parer un dipl\u00f4me de pr\u00e9parateur physique avec Formapi, j\u2019aimerais int\u00e9grer un staff un jour et pouvoir apporter mon bagage et toute mon exp\u00e9rience\u00a0!\u00a0\u00bb<\/p>\n\n\n\n<p><strong>Le mot de la fin\u00a0?<\/strong><br>\u00ab\u00a0Je tiens \u00e0 dire que j\u2019ai \u00e9t\u00e9 vraiment surpris de l\u2019engouement qu\u2019il y a autour du club. La puissance des supporters et des partenaires est vraiment impressionnante\u00a0! Je tiens \u00e0 remercier les supporters et les Ultras qui arrivent \u00e0 nous pousser m\u00eame dans les moments les plus durs, ils sont toujours derri\u00e8re nous quoi qu\u2019il arrive\u00a0! Je pense que le club est dans la bonne voie\u00a0!\u00a0\u00bb<\/p>\n\n\n\n<p>Merci Anthony<\/p>\n\n\n\n<div style=\"height:100px\" aria-hidden=\"true\" class=\"wp-block-spacer\"><\/div>\n\n\n\n<hr class=\"wp-block-separator has-alpha-channel-opacity\"\/>\n\n\n\n<h3 class=\"wp-block-heading\">Retrouvez le Forgeron Mag #5 en int\u00e9gralit\u00e9<\/h3>\n\n\n\n<div class=\"wp-block-pdf-viewer-block-standard\" style=\"text-align:left\"><div class=\"uploaded-pdf\"><a href=\"https:\/\/www.fcgueugnon.fr\/site\/wp-content\/uploads\/2022\/12\/forgeron-mag-6-FC-Gueugnon-vs-AS-Quetigny.pdf\" data-width=\"\" data-height=\"\"><\/a><\/div><\/div>\n\n\n\n<div class=\"wp-block-buttons is-layout-flex wp-block-buttons-is-layout-flex\">\n<div class=\"wp-block-button alignright is-style-circular\"><a class=\"wp-block-button__link wp-element-button\" href=\"https:\/\/www.fcgueugnon.fr\/site\/wp-content\/uploads\/2022\/12\/forgeron-mag-6-FC-Gueugnon-vs-AS-Quetigny.pdf\">T\u00e9l\u00e9charger<\/a><\/div>\n<\/div>\n","protected":false},"excerpt":{"rendered":"<p>D\u00e9couvrez en int\u00e9gralit\u00e9 l&rsquo;entretien de Anthony CHAUVET diffus\u00e9 \u00e0 l&rsquo;occasion de cette 10\u00e8me journ\u00e9e de championnat face \u00e0 l&rsquo;AS Quetigny dans le Forgeron Mag du 03\/12\/22. Salut Anthony, peux-tu te pr\u00e9senter \u00e0 tes supporters\u00a0?\u00ab\u00a0Bonjour\u00a0! Je suis Anthony Chauvet, j\u2019ai 29 ans, je suis arriv\u00e9 cette ann\u00e9e au FC Gueugnon. Je suis mari\u00e9, j\u2019ai une petite &#8230; <\/p>\n<p class=\"read-more-container\"><a title=\"[Interview] Forgeron Mag #6 avec Anthony CHAUVET\" class=\"read-more button\" href=\"https:\/\/www.fcgueugnon.fr\/site\/interview-forgeron-mag-6-avec-anthony-chauvet\/2509#more-2509\" aria-label=\"Plus sur [Interview] Forgeron Mag #6 avec Anthony CHAUVET\">Lire la suite<\/a><\/p>\n","protected":false},"author":2,"featured_media":2510,"comment_status":"closed","ping_status":"closed","sticky":false,"template":"","format":"standard","meta":{"footnotes":""},"categories":[5,4],"tags":[24,11],"class_list":["post-2509","post","type-post","status-publish","format-standard","has-post-thumbnail","hentry","category-news-2022-2023","category-news","tag-forgeron-mag","tag-interview","infinite-scroll-item","generate-columns","tablet-grid-50","mobile-grid-100","grid-parent","grid-25"],"yoast_head":"<!-- This site is optimized with the Yoast SEO plugin v26.6 - https:\/\/yoast.com\/wordpress\/plugins\/seo\/ -->\n<title>[Interview] Forgeron Mag #6 avec Anthony CHAUVET &#8226; FOOTBALL CLUB GUEUGNON<\/title>\n<meta name=\"robots\" content=\"index, follow, max-snippet:-1, max-image-preview:large, max-video-preview:-1\" \/>\n<link rel=\"canonical\" href=\"https:\/\/www.fcgueugnon.fr\/site\/interview-forgeron-mag-6-avec-anthony-chauvet\/2509\" \/>\n<meta property=\"og:locale\" content=\"fr_FR\" \/>\n<meta property=\"og:type\" content=\"article\" \/>\n<meta property=\"og:title\" content=\"[Interview] Forgeron Mag #6 avec Anthony CHAUVET &#8226; FOOTBALL CLUB GUEUGNON\" \/>\n<meta property=\"og:description\" content=\"D\u00e9couvrez en int\u00e9gralit\u00e9 l&rsquo;entretien de Anthony CHAUVET diffus\u00e9 \u00e0 l&rsquo;occasion de cette 10\u00e8me journ\u00e9e de championnat face \u00e0 l&rsquo;AS Quetigny dans le Forgeron Mag du 03\/12\/22. Salut Anthony, peux-tu te pr\u00e9senter \u00e0 tes supporters\u00a0?\u00ab\u00a0Bonjour\u00a0! Je suis Anthony Chauvet, j\u2019ai 29 ans, je suis arriv\u00e9 cette ann\u00e9e au FC Gueugnon. Je suis mari\u00e9, j\u2019ai une petite ... Lire la suite\" \/>\n<meta property=\"og:url\" content=\"https:\/\/www.fcgueugnon.fr\/site\/interview-forgeron-mag-6-avec-anthony-chauvet\/2509\" \/>\n<meta property=\"og:site_name\" content=\"FOOTBALL CLUB GUEUGNON\" \/>\n<meta property=\"article:publisher\" content=\"http:\/\/facebook.com\/FCGueugnon\" \/>\n<meta property=\"article:published_time\" content=\"2022-12-03T15:55:00+00:00\" \/>\n<meta property=\"og:image\" content=\"https:\/\/www.fcgueugnon.fr\/site\/wp-content\/uploads\/2022\/12\/MicrosoftTeams-image-6-scaled.jpg\" \/>\n\t<meta property=\"og:image:width\" content=\"2560\" \/>\n\t<meta property=\"og:image:height\" content=\"1707\" \/>\n\t<meta property=\"og:image:type\" content=\"image\/jpeg\" \/>\n<meta name=\"author\" content=\"FC Gueugnon\" \/>\n<meta name=\"twitter:card\" content=\"summary_large_image\" \/>\n<meta name=\"twitter:creator\" content=\"@FCGueugnon_off\" \/>\n<meta name=\"twitter:site\" content=\"@FCGueugnon_off\" \/>\n<meta name=\"twitter:label1\" content=\"\u00c9crit par\" \/>\n\t<meta name=\"twitter:data1\" content=\"FC Gueugnon\" \/>\n\t<meta name=\"twitter:label2\" content=\"Dur\u00e9e de lecture estim\u00e9e\" \/>\n\t<meta name=\"twitter:data2\" content=\"7 minutes\" \/>\n<script type=\"application\/ld+json\" class=\"yoast-schema-graph\">{\"@context\":\"https:\/\/schema.org\",\"@graph\":[{\"@type\":\"Article\",\"@id\":\"https:\/\/www.fcgueugnon.fr\/site\/interview-forgeron-mag-6-avec-anthony-chauvet\/2509#article\",\"isPartOf\":{\"@id\":\"https:\/\/www.fcgueugnon.fr\/site\/interview-forgeron-mag-6-avec-anthony-chauvet\/2509\"},\"author\":{\"name\":\"FC Gueugnon\",\"@id\":\"https:\/\/www.fcgueugnon.fr\/site\/#\/schema\/person\/d342d0c35e8e8f04740b9bdd734eeb20\"},\"headline\":\"[Interview] Forgeron Mag #6 avec Anthony CHAUVET\",\"datePublished\":\"2022-12-03T15:55:00+00:00\",\"mainEntityOfPage\":{\"@id\":\"https:\/\/www.fcgueugnon.fr\/site\/interview-forgeron-mag-6-avec-anthony-chauvet\/2509\"},\"wordCount\":1482,\"publisher\":{\"@id\":\"https:\/\/www.fcgueugnon.fr\/site\/#organization\"},\"image\":{\"@id\":\"https:\/\/www.fcgueugnon.fr\/site\/interview-forgeron-mag-6-avec-anthony-chauvet\/2509#primaryimage\"},\"thumbnailUrl\":\"https:\/\/www.fcgueugnon.fr\/site\/wp-content\/uploads\/2022\/12\/MicrosoftTeams-image-6-scaled.jpg\",\"keywords\":[\"Forgeron Mag\",\"Interview\"],\"articleSection\":[\"Archives 2022\/2023\",\"News\"],\"inLanguage\":\"fr-FR\"},{\"@type\":\"WebPage\",\"@id\":\"https:\/\/www.fcgueugnon.fr\/site\/interview-forgeron-mag-6-avec-anthony-chauvet\/2509\",\"url\":\"https:\/\/www.fcgueugnon.fr\/site\/interview-forgeron-mag-6-avec-anthony-chauvet\/2509\",\"name\":\"[Interview] Forgeron Mag #6 avec Anthony CHAUVET &#8226; FOOTBALL CLUB GUEUGNON\",\"isPartOf\":{\"@id\":\"https:\/\/www.fcgueugnon.fr\/site\/#website\"},\"primaryImageOfPage\":{\"@id\":\"https:\/\/www.fcgueugnon.fr\/site\/interview-forgeron-mag-6-avec-anthony-chauvet\/2509#primaryimage\"},\"image\":{\"@id\":\"https:\/\/www.fcgueugnon.fr\/site\/interview-forgeron-mag-6-avec-anthony-chauvet\/2509#primaryimage\"},\"thumbnailUrl\":\"https:\/\/www.fcgueugnon.fr\/site\/wp-content\/uploads\/2022\/12\/MicrosoftTeams-image-6-scaled.jpg\",\"datePublished\":\"2022-12-03T15:55:00+00:00\",\"breadcrumb\":{\"@id\":\"https:\/\/www.fcgueugnon.fr\/site\/interview-forgeron-mag-6-avec-anthony-chauvet\/2509#breadcrumb\"},\"inLanguage\":\"fr-FR\",\"potentialAction\":[{\"@type\":\"ReadAction\",\"target\":[\"https:\/\/www.fcgueugnon.fr\/site\/interview-forgeron-mag-6-avec-anthony-chauvet\/2509\"]}]},{\"@type\":\"ImageObject\",\"inLanguage\":\"fr-FR\",\"@id\":\"https:\/\/www.fcgueugnon.fr\/site\/interview-forgeron-mag-6-avec-anthony-chauvet\/2509#primaryimage\",\"url\":\"https:\/\/www.fcgueugnon.fr\/site\/wp-content\/uploads\/2022\/12\/MicrosoftTeams-image-6-scaled.jpg\",\"contentUrl\":\"https:\/\/www.fcgueugnon.fr\/site\/wp-content\/uploads\/2022\/12\/MicrosoftTeams-image-6-scaled.jpg\",\"width\":2560,\"height\":1707},{\"@type\":\"BreadcrumbList\",\"@id\":\"https:\/\/www.fcgueugnon.fr\/site\/interview-forgeron-mag-6-avec-anthony-chauvet\/2509#breadcrumb\",\"itemListElement\":[{\"@type\":\"ListItem\",\"position\":1,\"name\":\"Accueil\",\"item\":\"https:\/\/www.fcgueugnon.fr\/site\/\"},{\"@type\":\"ListItem\",\"position\":2,\"name\":\"[Interview] Forgeron Mag #6 avec Anthony CHAUVET\"}]},{\"@type\":\"WebSite\",\"@id\":\"https:\/\/www.fcgueugnon.fr\/site\/#website\",\"url\":\"https:\/\/www.fcgueugnon.fr\/site\/\",\"name\":\"FOOTBALL CLUB GUEUGNON\",\"description\":\"Le Site Officiel des Forgerons\",\"publisher\":{\"@id\":\"https:\/\/www.fcgueugnon.fr\/site\/#organization\"},\"potentialAction\":[{\"@type\":\"SearchAction\",\"target\":{\"@type\":\"EntryPoint\",\"urlTemplate\":\"https:\/\/www.fcgueugnon.fr\/site\/?s={search_term_string}\"},\"query-input\":{\"@type\":\"PropertyValueSpecification\",\"valueRequired\":true,\"valueName\":\"search_term_string\"}}],\"inLanguage\":\"fr-FR\"},{\"@type\":\"Organization\",\"@id\":\"https:\/\/www.fcgueugnon.fr\/site\/#organization\",\"name\":\"FC Gueugnon\",\"url\":\"https:\/\/www.fcgueugnon.fr\/site\/\",\"logo\":{\"@type\":\"ImageObject\",\"inLanguage\":\"fr-FR\",\"@id\":\"https:\/\/www.fcgueugnon.fr\/site\/#\/schema\/logo\/image\/\",\"url\":\"https:\/\/www.fcgueugnon.fr\/site\/wp-content\/uploads\/2022\/07\/cropped-Logo-FCGUEUGNON-low-350x350-1.png\",\"contentUrl\":\"https:\/\/www.fcgueugnon.fr\/site\/wp-content\/uploads\/2022\/07\/cropped-Logo-FCGUEUGNON-low-350x350-1.png\",\"width\":350,\"height\":350,\"caption\":\"FC Gueugnon\"},\"image\":{\"@id\":\"https:\/\/www.fcgueugnon.fr\/site\/#\/schema\/logo\/image\/\"},\"sameAs\":[\"http:\/\/facebook.com\/FCGueugnon\",\"https:\/\/x.com\/FCGueugnon_off\",\"https:\/\/www.instagram.com\/fcgueugnon\/\",\"https:\/\/www.linkedin.com\/company\/football-club-de-gueugnon\/\",\"https:\/\/www.youtube.com\/user\/FCGueugnonnais\",\"https:\/\/fr.wikipedia.org\/wiki\/Football_Club_de_Gueugnon\"]},{\"@type\":\"Person\",\"@id\":\"https:\/\/www.fcgueugnon.fr\/site\/#\/schema\/person\/d342d0c35e8e8f04740b9bdd734eeb20\",\"name\":\"FC Gueugnon\",\"url\":\"https:\/\/www.fcgueugnon.fr\/site\/author\/s-rod\"}]}<\/script>\n<!-- \/ Yoast SEO plugin. -->","yoast_head_json":{"title":"[Interview] Forgeron Mag #6 avec Anthony CHAUVET &#8226; FOOTBALL CLUB GUEUGNON","robots":{"index":"index","follow":"follow","max-snippet":"max-snippet:-1","max-image-preview":"max-image-preview:large","max-video-preview":"max-video-preview:-1"},"canonical":"https:\/\/www.fcgueugnon.fr\/site\/interview-forgeron-mag-6-avec-anthony-chauvet\/2509","og_locale":"fr_FR","og_type":"article","og_title":"[Interview] Forgeron Mag #6 avec Anthony CHAUVET &#8226; FOOTBALL CLUB GUEUGNON","og_description":"D\u00e9couvrez en int\u00e9gralit\u00e9 l&rsquo;entretien de Anthony CHAUVET diffus\u00e9 \u00e0 l&rsquo;occasion de cette 10\u00e8me journ\u00e9e de championnat face \u00e0 l&rsquo;AS Quetigny dans le Forgeron Mag du 03\/12\/22. Salut Anthony, peux-tu te pr\u00e9senter \u00e0 tes supporters\u00a0?\u00ab\u00a0Bonjour\u00a0! Je suis Anthony Chauvet, j\u2019ai 29 ans, je suis arriv\u00e9 cette ann\u00e9e au FC Gueugnon. Je suis mari\u00e9, j\u2019ai une petite ... Lire la suite","og_url":"https:\/\/www.fcgueugnon.fr\/site\/interview-forgeron-mag-6-avec-anthony-chauvet\/2509","og_site_name":"FOOTBALL CLUB GUEUGNON","article_publisher":"http:\/\/facebook.com\/FCGueugnon","article_published_time":"2022-12-03T15:55:00+00:00","og_image":[{"width":2560,"height":1707,"url":"https:\/\/www.fcgueugnon.fr\/site\/wp-content\/uploads\/2022\/12\/MicrosoftTeams-image-6-scaled.jpg","type":"image\/jpeg"}],"author":"FC Gueugnon","twitter_card":"summary_large_image","twitter_creator":"@FCGueugnon_off","twitter_site":"@FCGueugnon_off","twitter_misc":{"\u00c9crit par":"FC Gueugnon","Dur\u00e9e de lecture estim\u00e9e":"7 minutes"},"schema":{"@context":"https:\/\/schema.org","@graph":[{"@type":"Article","@id":"https:\/\/www.fcgueugnon.fr\/site\/interview-forgeron-mag-6-avec-anthony-chauvet\/2509#article","isPartOf":{"@id":"https:\/\/www.fcgueugnon.fr\/site\/interview-forgeron-mag-6-avec-anthony-chauvet\/2509"},"author":{"name":"FC Gueugnon","@id":"https:\/\/www.fcgueugnon.fr\/site\/#\/schema\/person\/d342d0c35e8e8f04740b9bdd734eeb20"},"headline":"[Interview] Forgeron Mag #6 avec Anthony CHAUVET","datePublished":"2022-12-03T15:55:00+00:00","mainEntityOfPage":{"@id":"https:\/\/www.fcgueugnon.fr\/site\/interview-forgeron-mag-6-avec-anthony-chauvet\/2509"},"wordCount":1482,"publisher":{"@id":"https:\/\/www.fcgueugnon.fr\/site\/#organization"},"image":{"@id":"https:\/\/www.fcgueugnon.fr\/site\/interview-forgeron-mag-6-avec-anthony-chauvet\/2509#primaryimage"},"thumbnailUrl":"https:\/\/www.fcgueugnon.fr\/site\/wp-content\/uploads\/2022\/12\/MicrosoftTeams-image-6-scaled.jpg","keywords":["Forgeron Mag","Interview"],"articleSection":["Archives 2022\/2023","News"],"inLanguage":"fr-FR"},{"@type":"WebPage","@id":"https:\/\/www.fcgueugnon.fr\/site\/interview-forgeron-mag-6-avec-anthony-chauvet\/2509","url":"https:\/\/www.fcgueugnon.fr\/site\/interview-forgeron-mag-6-avec-anthony-chauvet\/2509","name":"[Interview] Forgeron Mag #6 avec Anthony CHAUVET &#8226; FOOTBALL CLUB GUEUGNON","isPartOf":{"@id":"https:\/\/www.fcgueugnon.fr\/site\/#website"},"primaryImageOfPage":{"@id":"https:\/\/www.fcgueugnon.fr\/site\/interview-forgeron-mag-6-avec-anthony-chauvet\/2509#primaryimage"},"image":{"@id":"https:\/\/www.fcgueugnon.fr\/site\/interview-forgeron-mag-6-avec-anthony-chauvet\/2509#primaryimage"},"thumbnailUrl":"https:\/\/www.fcgueugnon.fr\/site\/wp-content\/uploads\/2022\/12\/MicrosoftTeams-image-6-scaled.jpg","datePublished":"2022-12-03T15:55:00+00:00","breadcrumb":{"@id":"https:\/\/www.fcgueugnon.fr\/site\/interview-forgeron-mag-6-avec-anthony-chauvet\/2509#breadcrumb"},"inLanguage":"fr-FR","potentialAction":[{"@type":"ReadAction","target":["https:\/\/www.fcgueugnon.fr\/site\/interview-forgeron-mag-6-avec-anthony-chauvet\/2509"]}]},{"@type":"ImageObject","inLanguage":"fr-FR","@id":"https:\/\/www.fcgueugnon.fr\/site\/interview-forgeron-mag-6-avec-anthony-chauvet\/2509#primaryimage","url":"https:\/\/www.fcgueugnon.fr\/site\/wp-content\/uploads\/2022\/12\/MicrosoftTeams-image-6-scaled.jpg","contentUrl":"https:\/\/www.fcgueugnon.fr\/site\/wp-content\/uploads\/2022\/12\/MicrosoftTeams-image-6-scaled.jpg","width":2560,"height":1707},{"@type":"BreadcrumbList","@id":"https:\/\/www.fcgueugnon.fr\/site\/interview-forgeron-mag-6-avec-anthony-chauvet\/2509#breadcrumb","itemListElement":[{"@type":"ListItem","position":1,"name":"Accueil","item":"https:\/\/www.fcgueugnon.fr\/site\/"},{"@type":"ListItem","position":2,"name":"[Interview] Forgeron Mag #6 avec Anthony CHAUVET"}]},{"@type":"WebSite","@id":"https:\/\/www.fcgueugnon.fr\/site\/#website","url":"https:\/\/www.fcgueugnon.fr\/site\/","name":"FOOTBALL CLUB GUEUGNON","description":"Le Site Officiel des Forgerons","publisher":{"@id":"https:\/\/www.fcgueugnon.fr\/site\/#organization"},"potentialAction":[{"@type":"SearchAction","target":{"@type":"EntryPoint","urlTemplate":"https:\/\/www.fcgueugnon.fr\/site\/?s={search_term_string}"},"query-input":{"@type":"PropertyValueSpecification","valueRequired":true,"valueName":"search_term_string"}}],"inLanguage":"fr-FR"},{"@type":"Organization","@id":"https:\/\/www.fcgueugnon.fr\/site\/#organization","name":"FC Gueugnon","url":"https:\/\/www.fcgueugnon.fr\/site\/","logo":{"@type":"ImageObject","inLanguage":"fr-FR","@id":"https:\/\/www.fcgueugnon.fr\/site\/#\/schema\/logo\/image\/","url":"https:\/\/www.fcgueugnon.fr\/site\/wp-content\/uploads\/2022\/07\/cropped-Logo-FCGUEUGNON-low-350x350-1.png","contentUrl":"https:\/\/www.fcgueugnon.fr\/site\/wp-content\/uploads\/2022\/07\/cropped-Logo-FCGUEUGNON-low-350x350-1.png","width":350,"height":350,"caption":"FC Gueugnon"},"image":{"@id":"https:\/\/www.fcgueugnon.fr\/site\/#\/schema\/logo\/image\/"},"sameAs":["http:\/\/facebook.com\/FCGueugnon","https:\/\/x.com\/FCGueugnon_off","https:\/\/www.instagram.com\/fcgueugnon\/","https:\/\/www.linkedin.com\/company\/football-club-de-gueugnon\/","https:\/\/www.youtube.com\/user\/FCGueugnonnais","https:\/\/fr.wikipedia.org\/wiki\/Football_Club_de_Gueugnon"]},{"@type":"Person","@id":"https:\/\/www.fcgueugnon.fr\/site\/#\/schema\/person\/d342d0c35e8e8f04740b9bdd734eeb20","name":"FC Gueugnon","url":"https:\/\/www.fcgueugnon.fr\/site\/author\/s-rod"}]}},"rttpg_featured_image_url":{"full":["https:\/\/www.fcgueugnon.fr\/site\/wp-content\/uploads\/2022\/12\/MicrosoftTeams-image-6-scaled.jpg",2560,1707,false],"landscape":["https:\/\/www.fcgueugnon.fr\/site\/wp-content\/uploads\/2022\/12\/MicrosoftTeams-image-6-scaled.jpg",2560,1707,false],"portraits":["https:\/\/www.fcgueugnon.fr\/site\/wp-content\/uploads\/2022\/12\/MicrosoftTeams-image-6-scaled.jpg",2560,1707,false],"thumbnail":["https:\/\/www.fcgueugnon.fr\/site\/wp-content\/uploads\/2022\/12\/MicrosoftTeams-image-6-150x150.jpg",150,150,true],"medium":["https:\/\/www.fcgueugnon.fr\/site\/wp-content\/uploads\/2022\/12\/MicrosoftTeams-image-6-400x267.jpg",400,267,true],"large":["https:\/\/www.fcgueugnon.fr\/site\/wp-content\/uploads\/2022\/12\/MicrosoftTeams-image-6-1024x683.jpg",1024,683,true],"1536x1536":["https:\/\/www.fcgueugnon.fr\/site\/wp-content\/uploads\/2022\/12\/MicrosoftTeams-image-6-1536x1024.jpg",1536,1024,true],"2048x2048":["https:\/\/www.fcgueugnon.fr\/site\/wp-content\/uploads\/2022\/12\/MicrosoftTeams-image-6-2048x1365.jpg",2048,1365,true]},"rttpg_author":{"display_name":"FC Gueugnon","author_link":"https:\/\/www.fcgueugnon.fr\/site\/author\/s-rod"},"rttpg_comment":0,"rttpg_category":"<a href=\"https:\/\/www.fcgueugnon.fr\/site\/category\/news\/news-2022-2023\" rel=\"category tag\">Archives 2022\/2023<\/a> <a href=\"https:\/\/www.fcgueugnon.fr\/site\/category\/news\" rel=\"category tag\">News<\/a>","rttpg_excerpt":"D\u00e9couvrez en int\u00e9gralit\u00e9 l&rsquo;entretien de Anthony CHAUVET diffus\u00e9 \u00e0 l&rsquo;occasion de cette 10\u00e8me journ\u00e9e de championnat face \u00e0 l&rsquo;AS Quetigny dans le Forgeron Mag du 03\/12\/22. Salut Anthony, peux-tu te pr\u00e9senter \u00e0 tes supporters\u00a0?\u00ab\u00a0Bonjour\u00a0! Je suis Anthony Chauvet, j\u2019ai 29 ans, je suis arriv\u00e9 cette ann\u00e9e au FC Gueugnon. Je suis mari\u00e9, j\u2019ai une petite\u2026","_links":{"self":[{"href":"https:\/\/www.fcgueugnon.fr\/site\/wp-json\/wp\/v2\/posts\/2509","targetHints":{"allow":["GET"]}}],"collection":[{"href":"https:\/\/www.fcgueugnon.fr\/site\/wp-json\/wp\/v2\/posts"}],"about":[{"href":"https:\/\/www.fcgueugnon.fr\/site\/wp-json\/wp\/v2\/types\/post"}],"author":[{"embeddable":true,"href":"https:\/\/www.fcgueugnon.fr\/site\/wp-json\/wp\/v2\/users\/2"}],"replies":[{"embeddable":true,"href":"https:\/\/www.fcgueugnon.fr\/site\/wp-json\/wp\/v2\/comments?post=2509"}],"version-history":[{"count":1,"href":"https:\/\/www.fcgueugnon.fr\/site\/wp-json\/wp\/v2\/posts\/2509\/revisions"}],"predecessor-version":[{"id":2512,"href":"https:\/\/www.fcgueugnon.fr\/site\/wp-json\/wp\/v2\/posts\/2509\/revisions\/2512"}],"wp:featuredmedia":[{"embeddable":true,"href":"https:\/\/www.fcgueugnon.fr\/site\/wp-json\/wp\/v2\/media\/2510"}],"wp:attachment":[{"href":"https:\/\/www.fcgueugnon.fr\/site\/wp-json\/wp\/v2\/media?parent=2509"}],"wp:term":[{"taxonomy":"category","embeddable":true,"href":"https:\/\/www.fcgueugnon.fr\/site\/wp-json\/wp\/v2\/categories?post=2509"},{"taxonomy":"post_tag","embeddable":true,"href":"https:\/\/www.fcgueugnon.fr\/site\/wp-json\/wp\/v2\/tags?post=2509"}],"curies":[{"name":"wp","href":"https:\/\/api.w.org\/{rel}","templated":true}]}}