{"id":2501,"date":"2022-12-02T08:45:00","date_gmt":"2022-12-02T07:45:00","guid":{"rendered":"https:\/\/www.fcgueugnon.fr\/site\/?p=2501"},"modified":"2023-05-13T13:10:39","modified_gmt":"2023-05-13T11:10:39","slug":"n3-j10-fc-gueugnon-as-quetigny-dernier-match-de-lannee-2022-a-domicile","status":"publish","type":"post","link":"https:\/\/www.fcgueugnon.fr\/site\/n3-j10-fc-gueugnon-as-quetigny-dernier-match-de-lannee-2022-a-domicile\/2501","title":{"rendered":"[N3 J10 : FC Gueugnon &#8211; AS Quetigny] Dernier match de l&rsquo;ann\u00e9e 2022 \u00e0 domicile !"},"content":{"rendered":"\n<h2 class=\"wp-block-heading\"><strong>Battu chez le leader le week-end dernier, Gueugnon veut jouer le rebond \u00e0 domicile face \u00e0 la lanterne rouge<\/strong>&#8230;<\/h2>\n\n\n\n<div style=\"height:70px\" aria-hidden=\"true\" class=\"wp-block-spacer\"><\/div>\n\n\n\n<div class=\"wp-block-getwid-image-box getwid-animation has-text-center has-mobile-layout-default has-mobile-alignment-center\" data-animation=\"zoomSmall\"><div class=\"wp-block-getwid-image-box__image-container is-position-top\"><div class=\"wp-block-getwid-image-box__image-wrapper\"><img loading=\"lazy\" decoding=\"async\" width=\"724\" height=\"1024\" src=\"https:\/\/www.fcgueugnon.fr\/site\/wp-content\/uploads\/2022\/11\/affiche-fc-gueugnon-as-quetigny-724x1024.jpg\" class=\"wp-block-getwid-image-box__image wp-image-2502\" srcset=\"https:\/\/www.fcgueugnon.fr\/site\/wp-content\/uploads\/2022\/11\/affiche-fc-gueugnon-as-quetigny-724x1024.jpg 724w, https:\/\/www.fcgueugnon.fr\/site\/wp-content\/uploads\/2022\/11\/affiche-fc-gueugnon-as-quetigny-283x400.jpg 283w, https:\/\/www.fcgueugnon.fr\/site\/wp-content\/uploads\/2022\/11\/affiche-fc-gueugnon-as-quetigny-768x1086.jpg 768w, https:\/\/www.fcgueugnon.fr\/site\/wp-content\/uploads\/2022\/11\/affiche-fc-gueugnon-as-quetigny-1086x1536.jpg 1086w, https:\/\/www.fcgueugnon.fr\/site\/wp-content\/uploads\/2022\/11\/affiche-fc-gueugnon-as-quetigny-1320x1867.jpg 1320w, https:\/\/www.fcgueugnon.fr\/site\/wp-content\/uploads\/2022\/11\/affiche-fc-gueugnon-as-quetigny.jpg 1448w\" sizes=\"auto, (max-width: 724px) 100vw, 724px\" \/><\/div><\/div><div class=\"wp-block-getwid-image-box__content\">\n<h3 class=\"wp-block-heading\"><\/h3>\n\n\n\n<p><\/p>\n<\/div><\/div>\n\n\n\n<div style=\"height:70px\" aria-hidden=\"true\" class=\"wp-block-spacer\"><\/div>\n\n\n\n<h3 class=\"wp-block-heading\">\ud83c\udd9a <em><strong>L&rsquo;adversaire <\/strong><\/em><\/h3>\n\n\n\n<p>Promu cette saison apr\u00e8s le titre en R1 obtenu la saison derni\u00e8re, l&rsquo;<strong>AS Quetigny <\/strong>a connu du mouvement ! Tout d&rsquo;abord avec le d\u00e9part du coach de la mont\u00e9e : <strong>Anthony Morlot<\/strong> pour raisons professionnelles. Celui-ci fut remplac\u00e9 par un duo compos\u00e9 de <strong>Jonathan Mougeot <\/strong>et d&rsquo;un <strong>Benjamin Gilles<\/strong> bien connu du c\u00f4t\u00e9 de Selongey.<\/p>\n\n\n\n<p>L&rsquo;ambition ? Maintien. Malgr\u00e9 des moyens limit\u00e9s et quelques nouvelles t\u00eates, le club s&rsquo;appuie sur une majorit\u00e9 de joueurs ayant particip\u00e9 \u00e0 la mont\u00e9e dont <strong>Micka\u00ebl Gaougaou<\/strong>, auteur de 28 buts en R\u00e9gional 1 sous les couleurs de <strong>Quetigny <\/strong>! Celui qui \u00e9tait parti rejoindre le <strong>Racing Besan\u00e7on<\/strong> durant l&rsquo;intersaison n&rsquo;aura cependant fait que 2 matchs en N2 avant de revenir en Bourgogne&#8230;<\/p>\n\n\n\n<p>Mais on peut dire que la mayonnaise n&rsquo;a pas bien pris pour les joueurs de la banlieue de Dijon&#8230; Apr\u00e8s 3 d\u00e9faites en autant de matchs de championnat et malgr\u00e9 une \u00e9limination sur le fil au 4e tour de la coupe de France contre l&rsquo;<strong>UF M\u00e2con<\/strong>, le duo d&rsquo;entraineur a d\u00e9cid\u00e9 de quitter ses fonctions. Sans coach attitr\u00e9, les quetignois parviennent toutefois \u00e0 signer leur premi\u00e8re victoire de la saison face au <strong>FC Montceau Bourgogne <\/strong>(3-0) avant qu&rsquo;un nouveau duo ne viennent au chevet du club en la personne de <strong>Didier Clerval<\/strong> et <strong>Michel Mimpia<\/strong>.<\/p>\n\n\n\n<p>Malheureusement, les r\u00e9sultats ne seront pas plus probants et avec 1 victoire pour 9 d\u00e9faites, ce sont 3 points et une place de lanterne rouge \u00e0 8 points du premier non rel\u00e9gable obtenu par Quetigny&#8230; Cependant, attention \u00e0 l&rsquo;exc\u00e8s de confiance face \u00e0 une \u00e9quipe certes meurtrie mais toujours capable d&rsquo;un sursaut d&rsquo;orgueil !<\/p>\n\n\n\n<p>Site internet de l&rsquo;AS Quetigny :<a href=\"https:\/\/as-quetigny-football.footeo.com\" target=\"_blank\" rel=\"noreferrer noopener\"> as-quetigny-football.footeo.com<\/a><\/p>\n\n\n\n<div style=\"height:70px\" aria-hidden=\"true\" class=\"wp-block-spacer\"><\/div>\n\n\n\n<h3 class=\"wp-block-heading\">\ud83d\udce3 <em><strong>La d\u00e9cla&rsquo;<\/strong><\/em><\/h3>\n\n\n\n<blockquote class=\"wp-block-quote is-style-default is-layout-flow wp-block-quote-is-layout-flow\">\n<p>\u00ab La saison est encore longue et si on garde le m\u00eame \u00e9tat d\u2019esprit, on va prendre des points.&nbsp;\u00bb<\/p>\n<cite><strong><em>Philippe CORREIA (entraineur)<\/em><\/strong><\/cite><\/blockquote>\n\n\n\n<div style=\"height:70px\" aria-hidden=\"true\" class=\"wp-block-spacer\"><\/div>\n\n\n\n<h3 class=\"wp-block-heading\">\ud83d\udfe1\ud83d\udd35 <em><strong>Le FC Gueugnon<\/strong><\/em><\/h3>\n\n\n\n<p>Apr\u00e8s 2 victoires face \u00e0 <strong>Is-Selongey <\/strong>et <strong>Sochaux Montb\u00e9liard<\/strong> B, puis 1 nul contre <strong>Jura Dolois<\/strong> (<a href=\"https:\/\/www.fcgueugnon.fr\/site\/tag\/resultat\" target=\"_blank\" rel=\"noreferrer noopener\">relire les apr\u00e8s-match<\/a>), les forgerons ont pu engranger 7 points \u00e0 Jean Laville. Rajoutant \u00e0 cela des prestations int\u00e9ressantes, les gueugnonnais ont pu gagner en confiance et revenir \u00e0 un niveau plus conforme \u00e0 celui qui \u00e9tait attendu.<\/p>\n\n\n\n<p>Le d\u00e9placement chez le leader <strong>Pontarlier <\/strong>\u00e9tait un excellent moyen de se jauger. Conqu\u00e9rants au milieu de terrain, les jaunes et bleus ont \u00e9t\u00e9 dominant dans le jeu mais sans parvenir \u00e0 faire la diff\u00e9rence face \u00e0 une d\u00e9fense \u00e0 5 ! Et c&rsquo;est bien <strong>Pontarlier <\/strong>qui justifiera sa position de leader en ouvrant le score \u00e0 l&rsquo;heure de jeu avant de faire le break dans les derniers instants (2-0)&#8230;<\/p>\n\n\n\n<p>Une d\u00e9faite et beaucoup de regrets pour les forgerons qui n\u2019ont pas d\u00e9m\u00e9rit\u00e9 lors de cette rencontre et qui veulent rebondir d\u00e8s ce week-end \u00e0 domicile comme l&rsquo;\u00e9voquait <strong>Franck Revuelta <\/strong>: <em>\u00ab Dans l\u2019\u00e9tat d\u2019esprit et dans l\u2019engagement, nous avons r\u00e9pondu pr\u00e9sent. \u00c0 nous de continuer \u00e0 travailler pour gommer nos erreurs, \u00eatre plus efficace d\u00e9fensivement et peser plus offensivement. \u00bb<\/em>&#8230; Place \u00e0 la v\u00e9rit\u00e9 du terrain ! <\/p>\n\n\n\n<div style=\"height:70px\" aria-hidden=\"true\" class=\"wp-block-spacer\"><\/div>\n\n\n\n<hr class=\"wp-block-separator has-text-color has-css-opacity has-background is-style-default\" style=\"background-color:#f7db4a;color:#f7db4a\"\/>\n\n\n\n<h3 class=\"wp-block-heading\">\ud83d\udccd <strong><em>Les infos pratiques<\/em><\/strong><\/h3>\n\n\n\n<h2 class=\"wp-block-heading\">Billetterie<\/h2>\n\n\n\n<div class=\"wp-block-media-text alignwide is-stacked-on-mobile is-vertically-aligned-center is-style-default\" style=\"grid-template-columns:49% auto\"><figure class=\"wp-block-media-text__media\"><img loading=\"lazy\" decoding=\"async\" width=\"1024\" height=\"768\" src=\"https:\/\/www.fcgueugnon.fr\/site\/wp-content\/uploads\/2022\/08\/entree-billetterie-stade-jean-laville-sous-la-tribune-ouest-1024x768.jpg\" alt=\"\" class=\"wp-image-951 size-full\" srcset=\"https:\/\/www.fcgueugnon.fr\/site\/wp-content\/uploads\/2022\/08\/entree-billetterie-stade-jean-laville-sous-la-tribune-ouest-1024x768.jpg 1024w, https:\/\/www.fcgueugnon.fr\/site\/wp-content\/uploads\/2022\/08\/entree-billetterie-stade-jean-laville-sous-la-tribune-ouest-400x300.jpg 400w, https:\/\/www.fcgueugnon.fr\/site\/wp-content\/uploads\/2022\/08\/entree-billetterie-stade-jean-laville-sous-la-tribune-ouest-768x576.jpg 768w, https:\/\/www.fcgueugnon.fr\/site\/wp-content\/uploads\/2022\/08\/entree-billetterie-stade-jean-laville-sous-la-tribune-ouest-1536x1152.jpg 1536w, https:\/\/www.fcgueugnon.fr\/site\/wp-content\/uploads\/2022\/08\/entree-billetterie-stade-jean-laville-sous-la-tribune-ouest-2048x1536.jpg 2048w, https:\/\/www.fcgueugnon.fr\/site\/wp-content\/uploads\/2022\/08\/entree-billetterie-stade-jean-laville-sous-la-tribune-ouest-1320x990.jpg 1320w\" sizes=\"auto, (max-width: 1024px) 100vw, 1024px\" \/><\/figure><div class=\"wp-block-media-text__content\">\n<p><br><em>Rendez-vous sous la<strong> tribune Ouest <\/strong>pour acc\u00e9der au guichet Billetterie puis dans l&rsquo;angle des tribunes Nord et Ouest (c\u00f4t\u00e9 piscine) pour acc\u00e9der au stade.<\/em><\/p>\n<\/div><\/div>\n\n\n\n<div class=\"wp-block-media-text alignwide has-media-on-the-right is-stacked-on-mobile is-vertically-aligned-center is-style-default\" style=\"grid-template-columns:auto 49%\"><div class=\"wp-block-media-text__content\">\n<h2 class=\"wp-block-heading\">Tarifs<\/h2>\n\n\n\n<ul class=\"wp-block-list\">\n<li><strong>Gratuits <\/strong>: licenci\u00e9s FC Gueugnon, -16ans (sur pr\u00e9sentation d\u2019un justificatif ou carte)<\/li>\n\n\n\n<li><strong>Tarif r\u00e9duit : 4\u20ac<\/strong> \u2013 \u00c9tudiants, Demandeurs d\u2019emploi (sur pr\u00e9sentation d\u2019un justificatif ou carte)<\/li>\n\n\n\n<li><strong>Plein-tarif : 7\u20ac<\/strong><\/li>\n<\/ul>\n\n\n\n<div style=\"height:10px\" aria-hidden=\"true\" class=\"wp-block-spacer\"><\/div>\n\n\n\n<p><\/p>\n<\/div><figure class=\"wp-block-media-text__media\"><img loading=\"lazy\" decoding=\"async\" width=\"1024\" height=\"768\" src=\"https:\/\/www.fcgueugnon.fr\/site\/wp-content\/uploads\/2022\/07\/billetterie-sous-la-tribune-ouest-d-FCGueugnon-a-Jean-Laville-1024x768.jpg\" alt=\"\" class=\"wp-image-63 size-full\" srcset=\"https:\/\/www.fcgueugnon.fr\/site\/wp-content\/uploads\/2022\/07\/billetterie-sous-la-tribune-ouest-d-FCGueugnon-a-Jean-Laville-1024x768.jpg 1024w, https:\/\/www.fcgueugnon.fr\/site\/wp-content\/uploads\/2022\/07\/billetterie-sous-la-tribune-ouest-d-FCGueugnon-a-Jean-Laville-400x300.jpg 400w, https:\/\/www.fcgueugnon.fr\/site\/wp-content\/uploads\/2022\/07\/billetterie-sous-la-tribune-ouest-d-FCGueugnon-a-Jean-Laville-768x576.jpg 768w, https:\/\/www.fcgueugnon.fr\/site\/wp-content\/uploads\/2022\/07\/billetterie-sous-la-tribune-ouest-d-FCGueugnon-a-Jean-Laville-1536x1152.jpg 1536w, https:\/\/www.fcgueugnon.fr\/site\/wp-content\/uploads\/2022\/07\/billetterie-sous-la-tribune-ouest-d-FCGueugnon-a-Jean-Laville-2048x1536.jpg 2048w\" sizes=\"auto, (max-width: 1024px) 100vw, 1024px\" \/><\/figure><\/div>\n\n\n\n<div class=\"wp-block-media-text alignwide is-stacked-on-mobile is-vertically-aligned-center is-style-default\" style=\"grid-template-columns:49% auto\"><figure class=\"wp-block-media-text__media\"><img loading=\"lazy\" decoding=\"async\" width=\"1024\" height=\"538\" src=\"https:\/\/www.fcgueugnon.fr\/site\/wp-content\/uploads\/2022\/08\/post-facebook-FCG-1024x538.png\" alt=\"\" class=\"wp-image-930 size-full\" srcset=\"https:\/\/www.fcgueugnon.fr\/site\/wp-content\/uploads\/2022\/08\/post-facebook-FCG-1024x538.png 1024w, https:\/\/www.fcgueugnon.fr\/site\/wp-content\/uploads\/2022\/08\/post-facebook-FCG-400x210.png 400w, https:\/\/www.fcgueugnon.fr\/site\/wp-content\/uploads\/2022\/08\/post-facebook-FCG-768x403.png 768w, https:\/\/www.fcgueugnon.fr\/site\/wp-content\/uploads\/2022\/08\/post-facebook-FCG.png 1200w\" sizes=\"auto, (max-width: 1024px) 100vw, 1024px\" \/><\/figure><div class=\"wp-block-media-text__content\">\n<h2 class=\"wp-block-heading\">C&rsquo;est en covoiturant qu&rsquo;on devient Forgeron ! <\/h2>\n\n\n\n<div style=\"height:10px\" aria-hidden=\"true\" class=\"wp-block-spacer\"><\/div>\n\n\n\n<p><strong>Rendez-vous sur l&rsquo;application et le site internet de StadiumGO pour proposer et trouver votre trajet pour vous rendre \u00e0 Gueugnon !<\/strong><\/p>\n\n\n\n<div class=\"wp-block-buttons is-layout-flex wp-block-buttons-is-layout-flex\">\n<div class=\"wp-block-button aligncenter is-style-circular\"><a class=\"wp-block-button__link wp-element-button\" href=\"https:\/\/www.stadiumgo.fr\/liste-matchs?search=1&amp;club=gueugnon&amp;league=\">StadiumGO<\/a><\/div>\n<\/div>\n<\/div><\/div>\n\n\n\n<div style=\"height:10px\" aria-hidden=\"true\" class=\"wp-block-spacer\"><\/div>\n\n\n\n<div style=\"height:25px\" aria-hidden=\"true\" class=\"wp-block-spacer\"><\/div>\n\n\n\n<p>\u2139\ufe0f <em><a href=\"https:\/\/www.fcgueugnon.fr\/site\/infos-pratiques\" target=\"_blank\" rel=\"noreferrer noopener\"><span style=\"text-decoration: underline;\">Acc\u00e8s au stade, buvette, PMR&#8230; Toutes les infos pratiques sur ce lien<\/span><\/a><\/em><\/p>\n\n\n\n<div style=\"height:70px\" aria-hidden=\"true\" class=\"wp-block-spacer\"><\/div>\n\n\n\n<hr class=\"wp-block-separator has-text-color has-css-opacity has-background is-style-default\" style=\"background-color:#f7db4a;color:#f7db4a\"\/>\n\n\n\n<h3 class=\"wp-block-heading\">\u26bd <strong><em>La fiche<\/em><\/strong><\/h3>\n\n\n\n<h4 class=\"wp-block-heading\"><b>NIVEAU NATIONAL : F\u00c9D\u00c9RATION&nbsp;FRAN\u00c7AISE&nbsp;DE FOOTBALL<\/b><br><strong><b>NATIONAL 3 &#8211; J10<\/b><\/strong><br>Samedi 03 D\u00e9cembre 2022 &#8211; 18H00<br>FC GUEUGNON \/ AS QUETIGNY<\/h4>\n\n\n\n<p><strong>TERRAIN<\/strong><br>Stade Jean Laville<br>Rue Roger Couderc<br>71130 Gueugnon<\/p>\n\n\n\n<p><strong>SURFACE DE JEU<\/strong><br>Pelouse naturelle<\/p>\n\n\n\n<p><strong>OFFICIELS<\/strong><br>Arbitre centre : YOHAN HUOT MARCHAND<br>Arbitre assistant 1 : VALENTIN THERY SIMONIN<br>Arbitre assistant 2 : AURELIEN PLAT<br>D\u00e9l\u00e9gu\u00e9 principal : DAVID BERQUIER<br>Observateur adjoint 1 : BENOIT MORELIERE<\/p>\n\n\n\n<div style=\"height:50px\" aria-hidden=\"true\" class=\"wp-block-spacer\"><\/div>\n\n\n\n<h3 class=\"wp-block-heading\"><strong>Groupe<\/strong><\/h3>\n\n\n\n<figure class=\"wp-block-embed is-type-rich is-provider-twitter wp-block-embed-twitter\"><div class=\"wp-block-embed__wrapper\">\n<blockquote class=\"twitter-tweet\" data-width=\"550\" data-dnt=\"true\"><p lang=\"fr\" dir=\"ltr\">\ud83d\udfe1 \ud835\udde1\ud835\udfef \ud835\udddd\ud835\udfed\ud835\udfec | \ud835\uddd9\ud835\uddd6 \ud835\uddda\ud835\udde8\ud835\uddd8\ud835\udde8\ud835\uddda\ud835\udde1\ud835\udde2\ud835\udde1 &#8211; \ud835\uddd4\ud835\udde6 \ud835\udde4\ud835\udde8\ud835\uddd8\ud835\udde7\ud835\udddc\ud835\uddda\ud835\udde1\ud835\uddec \ud83d\udd35<br><br>\ud83d\udc65 Le groupe forgeron pour la 10\u00e8me journ\u00e9e de National 3 : Njock &#8211; Chauvet &#8211; Fahrasmane &#8211; Ketterle &#8211; Mohamed &#8211; Helal &#8211; Diallo &#8211; Delclaux &#8211; Salibur &#8211; Luanda &#8211; Mbock &#8211; Bouekou &#8211; Mvondo &#8211; Dram\u00e9 &#8211; Fr. Revuelta. <a href=\"https:\/\/t.co\/czWHM0aw6d\">pic.twitter.com\/czWHM0aw6d<\/a><\/p>&mdash; FC Gueugnon (@FCGueugnon_Off) <a href=\"https:\/\/twitter.com\/FCGueugnon_Off\/status\/1598743361568985088?ref_src=twsrc%5Etfw\">December 2, 2022<\/a><\/blockquote><script async src=\"https:\/\/platform.twitter.com\/widgets.js\" charset=\"utf-8\"><\/script>\n<\/div><\/figure>\n\n\n\n<div style=\"height:50px\" aria-hidden=\"true\" class=\"wp-block-spacer\"><\/div>\n\n\n\n<h3 class=\"wp-block-heading\">\ud83d\uddd3 <strong>La 10e journ\u00e9e de National 3<\/strong><\/h3>\n\n\n\n<p>Samedi 03 D\u00e9cembre<br>18:00 : FC Gueugnon &#8211; AS Quetigny<br>18:00 : Besan\u00e7on Foot &#8211; Saint Apollinaire<br>18:00 : Sochaux-Montb\u00e9liard B &#8211; CA Pontarlier <br>18:00 : Jura Dolois &#8211; Morteau-Montlebon<br>18:00 : FC Grandvillars &#8211; UCS Cosne<br>18:00 : Is-Selongey &#8211; FC Montceau<\/p>\n\n\n\n<p>Dimanche 04 D\u00e9cembre 2022<br>14:30 : Dijon FCO B &#8211; UF M\u00e2con<\/p>\n\n\n\n<div style=\"height:100px\" aria-hidden=\"true\" class=\"wp-block-spacer\"><\/div>\n","protected":false},"excerpt":{"rendered":"<p>Battu chez le leader le week-end dernier, Gueugnon veut jouer le rebond \u00e0 domicile face \u00e0 la lanterne rouge&#8230; \ud83c\udd9a L&rsquo;adversaire Promu cette saison apr\u00e8s le titre en R1 obtenu la saison derni\u00e8re, l&rsquo;AS Quetigny a connu du mouvement ! Tout d&rsquo;abord avec le d\u00e9part du coach de la mont\u00e9e : Anthony Morlot pour raisons &#8230; <\/p>\n<p class=\"read-more-container\"><a title=\"[N3 J10 : FC Gueugnon &#8211; AS Quetigny] Dernier match de l&rsquo;ann\u00e9e 2022 \u00e0 domicile !\" class=\"read-more button\" href=\"https:\/\/www.fcgueugnon.fr\/site\/n3-j10-fc-gueugnon-as-quetigny-dernier-match-de-lannee-2022-a-domicile\/2501#more-2501\" aria-label=\"Plus sur [N3 J10 : FC Gueugnon &#8211; AS Quetigny] Dernier match de l&rsquo;ann\u00e9e 2022 \u00e0 domicile !\">Lire la suite<\/a><\/p>\n","protected":false},"author":1,"featured_media":2517,"comment_status":"closed","ping_status":"closed","sticky":false,"template":"","format":"standard","meta":{"footnotes":""},"categories":[5,4],"tags":[28],"class_list":["post-2501","post","type-post","status-publish","format-standard","has-post-thumbnail","hentry","category-news-2022-2023","category-news","tag-avant-match","infinite-scroll-item","generate-columns","tablet-grid-50","mobile-grid-100","grid-parent","grid-25","resize-featured-image"],"yoast_head":"<!-- This site is optimized with the Yoast SEO plugin v26.6 - https:\/\/yoast.com\/wordpress\/plugins\/seo\/ -->\n<title>[N3 J10 : FC Gueugnon - AS Quetigny] Dernier match de l&#039;ann\u00e9e 2022 \u00e0 domicile ! &#8226; FOOTBALL CLUB GUEUGNON<\/title>\n<meta name=\"robots\" content=\"index, follow, max-snippet:-1, max-image-preview:large, max-video-preview:-1\" \/>\n<link rel=\"canonical\" href=\"https:\/\/www.fcgueugnon.fr\/site\/n3-j10-fc-gueugnon-as-quetigny-dernier-match-de-lannee-2022-a-domicile\/2501\" \/>\n<meta property=\"og:locale\" content=\"fr_FR\" \/>\n<meta property=\"og:type\" content=\"article\" \/>\n<meta property=\"og:title\" content=\"[N3 J10 : FC Gueugnon - AS Quetigny] Dernier match de l&#039;ann\u00e9e 2022 \u00e0 domicile ! &#8226; FOOTBALL CLUB GUEUGNON\" \/>\n<meta property=\"og:description\" content=\"Battu chez le leader le week-end dernier, Gueugnon veut jouer le rebond \u00e0 domicile face \u00e0 la lanterne rouge&#8230; \ud83c\udd9a L&rsquo;adversaire Promu cette saison apr\u00e8s le titre en R1 obtenu la saison derni\u00e8re, l&rsquo;AS Quetigny a connu du mouvement ! Tout d&rsquo;abord avec le d\u00e9part du coach de la mont\u00e9e : Anthony Morlot pour raisons ... Lire la suite\" \/>\n<meta property=\"og:url\" content=\"https:\/\/www.fcgueugnon.fr\/site\/n3-j10-fc-gueugnon-as-quetigny-dernier-match-de-lannee-2022-a-domicile\/2501\" \/>\n<meta property=\"og:site_name\" content=\"FOOTBALL CLUB GUEUGNON\" \/>\n<meta property=\"article:publisher\" content=\"http:\/\/facebook.com\/FCGueugnon\" \/>\n<meta property=\"article:published_time\" content=\"2022-12-02T07:45:00+00:00\" \/>\n<meta property=\"article:modified_time\" content=\"2023-05-13T11:10:39+00:00\" \/>\n<meta property=\"og:image\" content=\"https:\/\/www.fcgueugnon.fr\/site\/wp-content\/uploads\/2022\/12\/avant-match-quetigny-fc-gueugnon-1024x576.png\" \/>\n\t<meta property=\"og:image:width\" content=\"1024\" \/>\n\t<meta property=\"og:image:height\" content=\"576\" \/>\n\t<meta property=\"og:image:type\" content=\"image\/png\" \/>\n<meta name=\"author\" content=\"FC Gueugnon\" \/>\n<meta name=\"twitter:card\" content=\"summary_large_image\" \/>\n<meta name=\"twitter:creator\" content=\"@FCGueugnon_off\" \/>\n<meta name=\"twitter:site\" content=\"@FCGueugnon_off\" \/>\n<meta name=\"twitter:label1\" content=\"\u00c9crit par\" \/>\n\t<meta name=\"twitter:data1\" content=\"FC Gueugnon\" \/>\n\t<meta name=\"twitter:label2\" content=\"Dur\u00e9e de lecture estim\u00e9e\" \/>\n\t<meta name=\"twitter:data2\" content=\"5 minutes\" \/>\n<script type=\"application\/ld+json\" class=\"yoast-schema-graph\">{\"@context\":\"https:\/\/schema.org\",\"@graph\":[{\"@type\":\"Article\",\"@id\":\"https:\/\/www.fcgueugnon.fr\/site\/n3-j10-fc-gueugnon-as-quetigny-dernier-match-de-lannee-2022-a-domicile\/2501#article\",\"isPartOf\":{\"@id\":\"https:\/\/www.fcgueugnon.fr\/site\/n3-j10-fc-gueugnon-as-quetigny-dernier-match-de-lannee-2022-a-domicile\/2501\"},\"author\":{\"name\":\"FC Gueugnon\",\"@id\":\"https:\/\/www.fcgueugnon.fr\/site\/#\/schema\/person\/f6444fbdd35fa731ee974c03508738fb\"},\"headline\":\"[N3 J10 : FC Gueugnon &#8211; AS Quetigny] Dernier match de l&rsquo;ann\u00e9e 2022 \u00e0 domicile !\",\"datePublished\":\"2022-12-02T07:45:00+00:00\",\"dateModified\":\"2023-05-13T11:10:39+00:00\",\"mainEntityOfPage\":{\"@id\":\"https:\/\/www.fcgueugnon.fr\/site\/n3-j10-fc-gueugnon-as-quetigny-dernier-match-de-lannee-2022-a-domicile\/2501\"},\"wordCount\":776,\"publisher\":{\"@id\":\"https:\/\/www.fcgueugnon.fr\/site\/#organization\"},\"image\":{\"@id\":\"https:\/\/www.fcgueugnon.fr\/site\/n3-j10-fc-gueugnon-as-quetigny-dernier-match-de-lannee-2022-a-domicile\/2501#primaryimage\"},\"thumbnailUrl\":\"https:\/\/www.fcgueugnon.fr\/site\/wp-content\/uploads\/2022\/12\/avant-match-quetigny-fc-gueugnon.png\",\"keywords\":[\"Avant-match\"],\"articleSection\":[\"Archives 2022\/2023\",\"News\"],\"inLanguage\":\"fr-FR\"},{\"@type\":\"WebPage\",\"@id\":\"https:\/\/www.fcgueugnon.fr\/site\/n3-j10-fc-gueugnon-as-quetigny-dernier-match-de-lannee-2022-a-domicile\/2501\",\"url\":\"https:\/\/www.fcgueugnon.fr\/site\/n3-j10-fc-gueugnon-as-quetigny-dernier-match-de-lannee-2022-a-domicile\/2501\",\"name\":\"[N3 J10 : FC Gueugnon - AS Quetigny] Dernier match de l'ann\u00e9e 2022 \u00e0 domicile ! &#8226; FOOTBALL CLUB GUEUGNON\",\"isPartOf\":{\"@id\":\"https:\/\/www.fcgueugnon.fr\/site\/#website\"},\"primaryImageOfPage\":{\"@id\":\"https:\/\/www.fcgueugnon.fr\/site\/n3-j10-fc-gueugnon-as-quetigny-dernier-match-de-lannee-2022-a-domicile\/2501#primaryimage\"},\"image\":{\"@id\":\"https:\/\/www.fcgueugnon.fr\/site\/n3-j10-fc-gueugnon-as-quetigny-dernier-match-de-lannee-2022-a-domicile\/2501#primaryimage\"},\"thumbnailUrl\":\"https:\/\/www.fcgueugnon.fr\/site\/wp-content\/uploads\/2022\/12\/avant-match-quetigny-fc-gueugnon.png\",\"datePublished\":\"2022-12-02T07:45:00+00:00\",\"dateModified\":\"2023-05-13T11:10:39+00:00\",\"breadcrumb\":{\"@id\":\"https:\/\/www.fcgueugnon.fr\/site\/n3-j10-fc-gueugnon-as-quetigny-dernier-match-de-lannee-2022-a-domicile\/2501#breadcrumb\"},\"inLanguage\":\"fr-FR\",\"potentialAction\":[{\"@type\":\"ReadAction\",\"target\":[\"https:\/\/www.fcgueugnon.fr\/site\/n3-j10-fc-gueugnon-as-quetigny-dernier-match-de-lannee-2022-a-domicile\/2501\"]}]},{\"@type\":\"ImageObject\",\"inLanguage\":\"fr-FR\",\"@id\":\"https:\/\/www.fcgueugnon.fr\/site\/n3-j10-fc-gueugnon-as-quetigny-dernier-match-de-lannee-2022-a-domicile\/2501#primaryimage\",\"url\":\"https:\/\/www.fcgueugnon.fr\/site\/wp-content\/uploads\/2022\/12\/avant-match-quetigny-fc-gueugnon.png\",\"contentUrl\":\"https:\/\/www.fcgueugnon.fr\/site\/wp-content\/uploads\/2022\/12\/avant-match-quetigny-fc-gueugnon.png\",\"width\":1920,\"height\":1080},{\"@type\":\"BreadcrumbList\",\"@id\":\"https:\/\/www.fcgueugnon.fr\/site\/n3-j10-fc-gueugnon-as-quetigny-dernier-match-de-lannee-2022-a-domicile\/2501#breadcrumb\",\"itemListElement\":[{\"@type\":\"ListItem\",\"position\":1,\"name\":\"Accueil\",\"item\":\"https:\/\/www.fcgueugnon.fr\/site\/\"},{\"@type\":\"ListItem\",\"position\":2,\"name\":\"[N3 J10 : FC Gueugnon &#8211; AS Quetigny] Dernier match de l&rsquo;ann\u00e9e 2022 \u00e0 domicile !\"}]},{\"@type\":\"WebSite\",\"@id\":\"https:\/\/www.fcgueugnon.fr\/site\/#website\",\"url\":\"https:\/\/www.fcgueugnon.fr\/site\/\",\"name\":\"FOOTBALL CLUB GUEUGNON\",\"description\":\"Le Site Officiel des Forgerons\",\"publisher\":{\"@id\":\"https:\/\/www.fcgueugnon.fr\/site\/#organization\"},\"potentialAction\":[{\"@type\":\"SearchAction\",\"target\":{\"@type\":\"EntryPoint\",\"urlTemplate\":\"https:\/\/www.fcgueugnon.fr\/site\/?s={search_term_string}\"},\"query-input\":{\"@type\":\"PropertyValueSpecification\",\"valueRequired\":true,\"valueName\":\"search_term_string\"}}],\"inLanguage\":\"fr-FR\"},{\"@type\":\"Organization\",\"@id\":\"https:\/\/www.fcgueugnon.fr\/site\/#organization\",\"name\":\"FC Gueugnon\",\"url\":\"https:\/\/www.fcgueugnon.fr\/site\/\",\"logo\":{\"@type\":\"ImageObject\",\"inLanguage\":\"fr-FR\",\"@id\":\"https:\/\/www.fcgueugnon.fr\/site\/#\/schema\/logo\/image\/\",\"url\":\"https:\/\/www.fcgueugnon.fr\/site\/wp-content\/uploads\/2022\/07\/cropped-Logo-FCGUEUGNON-low-350x350-1.png\",\"contentUrl\":\"https:\/\/www.fcgueugnon.fr\/site\/wp-content\/uploads\/2022\/07\/cropped-Logo-FCGUEUGNON-low-350x350-1.png\",\"width\":350,\"height\":350,\"caption\":\"FC Gueugnon\"},\"image\":{\"@id\":\"https:\/\/www.fcgueugnon.fr\/site\/#\/schema\/logo\/image\/\"},\"sameAs\":[\"http:\/\/facebook.com\/FCGueugnon\",\"https:\/\/x.com\/FCGueugnon_off\",\"https:\/\/www.instagram.com\/fcgueugnon\/\",\"https:\/\/www.linkedin.com\/company\/football-club-de-gueugnon\/\",\"https:\/\/www.youtube.com\/user\/FCGueugnonnais\",\"https:\/\/fr.wikipedia.org\/wiki\/Football_Club_de_Gueugnon\"]},{\"@type\":\"Person\",\"@id\":\"https:\/\/www.fcgueugnon.fr\/site\/#\/schema\/person\/f6444fbdd35fa731ee974c03508738fb\",\"name\":\"FC Gueugnon\",\"sameAs\":[\"https:\/\/www.fcgueugnon.fr\/site\"],\"url\":\"https:\/\/www.fcgueugnon.fr\/site\/author\/admin-antho\"}]}<\/script>\n<!-- \/ Yoast SEO plugin. -->","yoast_head_json":{"title":"[N3 J10 : FC Gueugnon - AS Quetigny] Dernier match de l'ann\u00e9e 2022 \u00e0 domicile ! &#8226; FOOTBALL CLUB GUEUGNON","robots":{"index":"index","follow":"follow","max-snippet":"max-snippet:-1","max-image-preview":"max-image-preview:large","max-video-preview":"max-video-preview:-1"},"canonical":"https:\/\/www.fcgueugnon.fr\/site\/n3-j10-fc-gueugnon-as-quetigny-dernier-match-de-lannee-2022-a-domicile\/2501","og_locale":"fr_FR","og_type":"article","og_title":"[N3 J10 : FC Gueugnon - AS Quetigny] Dernier match de l'ann\u00e9e 2022 \u00e0 domicile ! &#8226; FOOTBALL CLUB GUEUGNON","og_description":"Battu chez le leader le week-end dernier, Gueugnon veut jouer le rebond \u00e0 domicile face \u00e0 la lanterne rouge&#8230; \ud83c\udd9a L&rsquo;adversaire Promu cette saison apr\u00e8s le titre en R1 obtenu la saison derni\u00e8re, l&rsquo;AS Quetigny a connu du mouvement ! Tout d&rsquo;abord avec le d\u00e9part du coach de la mont\u00e9e : Anthony Morlot pour raisons ... Lire la suite","og_url":"https:\/\/www.fcgueugnon.fr\/site\/n3-j10-fc-gueugnon-as-quetigny-dernier-match-de-lannee-2022-a-domicile\/2501","og_site_name":"FOOTBALL CLUB GUEUGNON","article_publisher":"http:\/\/facebook.com\/FCGueugnon","article_published_time":"2022-12-02T07:45:00+00:00","article_modified_time":"2023-05-13T11:10:39+00:00","og_image":[{"width":1024,"height":576,"url":"https:\/\/www.fcgueugnon.fr\/site\/wp-content\/uploads\/2022\/12\/avant-match-quetigny-fc-gueugnon-1024x576.png","type":"image\/png"}],"author":"FC Gueugnon","twitter_card":"summary_large_image","twitter_creator":"@FCGueugnon_off","twitter_site":"@FCGueugnon_off","twitter_misc":{"\u00c9crit par":"FC Gueugnon","Dur\u00e9e de lecture estim\u00e9e":"5 minutes"},"schema":{"@context":"https:\/\/schema.org","@graph":[{"@type":"Article","@id":"https:\/\/www.fcgueugnon.fr\/site\/n3-j10-fc-gueugnon-as-quetigny-dernier-match-de-lannee-2022-a-domicile\/2501#article","isPartOf":{"@id":"https:\/\/www.fcgueugnon.fr\/site\/n3-j10-fc-gueugnon-as-quetigny-dernier-match-de-lannee-2022-a-domicile\/2501"},"author":{"name":"FC Gueugnon","@id":"https:\/\/www.fcgueugnon.fr\/site\/#\/schema\/person\/f6444fbdd35fa731ee974c03508738fb"},"headline":"[N3 J10 : FC Gueugnon &#8211; AS Quetigny] Dernier match de l&rsquo;ann\u00e9e 2022 \u00e0 domicile !","datePublished":"2022-12-02T07:45:00+00:00","dateModified":"2023-05-13T11:10:39+00:00","mainEntityOfPage":{"@id":"https:\/\/www.fcgueugnon.fr\/site\/n3-j10-fc-gueugnon-as-quetigny-dernier-match-de-lannee-2022-a-domicile\/2501"},"wordCount":776,"publisher":{"@id":"https:\/\/www.fcgueugnon.fr\/site\/#organization"},"image":{"@id":"https:\/\/www.fcgueugnon.fr\/site\/n3-j10-fc-gueugnon-as-quetigny-dernier-match-de-lannee-2022-a-domicile\/2501#primaryimage"},"thumbnailUrl":"https:\/\/www.fcgueugnon.fr\/site\/wp-content\/uploads\/2022\/12\/avant-match-quetigny-fc-gueugnon.png","keywords":["Avant-match"],"articleSection":["Archives 2022\/2023","News"],"inLanguage":"fr-FR"},{"@type":"WebPage","@id":"https:\/\/www.fcgueugnon.fr\/site\/n3-j10-fc-gueugnon-as-quetigny-dernier-match-de-lannee-2022-a-domicile\/2501","url":"https:\/\/www.fcgueugnon.fr\/site\/n3-j10-fc-gueugnon-as-quetigny-dernier-match-de-lannee-2022-a-domicile\/2501","name":"[N3 J10 : FC Gueugnon - AS Quetigny] Dernier match de l'ann\u00e9e 2022 \u00e0 domicile ! &#8226; FOOTBALL CLUB GUEUGNON","isPartOf":{"@id":"https:\/\/www.fcgueugnon.fr\/site\/#website"},"primaryImageOfPage":{"@id":"https:\/\/www.fcgueugnon.fr\/site\/n3-j10-fc-gueugnon-as-quetigny-dernier-match-de-lannee-2022-a-domicile\/2501#primaryimage"},"image":{"@id":"https:\/\/www.fcgueugnon.fr\/site\/n3-j10-fc-gueugnon-as-quetigny-dernier-match-de-lannee-2022-a-domicile\/2501#primaryimage"},"thumbnailUrl":"https:\/\/www.fcgueugnon.fr\/site\/wp-content\/uploads\/2022\/12\/avant-match-quetigny-fc-gueugnon.png","datePublished":"2022-12-02T07:45:00+00:00","dateModified":"2023-05-13T11:10:39+00:00","breadcrumb":{"@id":"https:\/\/www.fcgueugnon.fr\/site\/n3-j10-fc-gueugnon-as-quetigny-dernier-match-de-lannee-2022-a-domicile\/2501#breadcrumb"},"inLanguage":"fr-FR","potentialAction":[{"@type":"ReadAction","target":["https:\/\/www.fcgueugnon.fr\/site\/n3-j10-fc-gueugnon-as-quetigny-dernier-match-de-lannee-2022-a-domicile\/2501"]}]},{"@type":"ImageObject","inLanguage":"fr-FR","@id":"https:\/\/www.fcgueugnon.fr\/site\/n3-j10-fc-gueugnon-as-quetigny-dernier-match-de-lannee-2022-a-domicile\/2501#primaryimage","url":"https:\/\/www.fcgueugnon.fr\/site\/wp-content\/uploads\/2022\/12\/avant-match-quetigny-fc-gueugnon.png","contentUrl":"https:\/\/www.fcgueugnon.fr\/site\/wp-content\/uploads\/2022\/12\/avant-match-quetigny-fc-gueugnon.png","width":1920,"height":1080},{"@type":"BreadcrumbList","@id":"https:\/\/www.fcgueugnon.fr\/site\/n3-j10-fc-gueugnon-as-quetigny-dernier-match-de-lannee-2022-a-domicile\/2501#breadcrumb","itemListElement":[{"@type":"ListItem","position":1,"name":"Accueil","item":"https:\/\/www.fcgueugnon.fr\/site\/"},{"@type":"ListItem","position":2,"name":"[N3 J10 : FC Gueugnon &#8211; AS Quetigny] Dernier match de l&rsquo;ann\u00e9e 2022 \u00e0 domicile !"}]},{"@type":"WebSite","@id":"https:\/\/www.fcgueugnon.fr\/site\/#website","url":"https:\/\/www.fcgueugnon.fr\/site\/","name":"FOOTBALL CLUB GUEUGNON","description":"Le Site Officiel des Forgerons","publisher":{"@id":"https:\/\/www.fcgueugnon.fr\/site\/#organization"},"potentialAction":[{"@type":"SearchAction","target":{"@type":"EntryPoint","urlTemplate":"https:\/\/www.fcgueugnon.fr\/site\/?s={search_term_string}"},"query-input":{"@type":"PropertyValueSpecification","valueRequired":true,"valueName":"search_term_string"}}],"inLanguage":"fr-FR"},{"@type":"Organization","@id":"https:\/\/www.fcgueugnon.fr\/site\/#organization","name":"FC Gueugnon","url":"https:\/\/www.fcgueugnon.fr\/site\/","logo":{"@type":"ImageObject","inLanguage":"fr-FR","@id":"https:\/\/www.fcgueugnon.fr\/site\/#\/schema\/logo\/image\/","url":"https:\/\/www.fcgueugnon.fr\/site\/wp-content\/uploads\/2022\/07\/cropped-Logo-FCGUEUGNON-low-350x350-1.png","contentUrl":"https:\/\/www.fcgueugnon.fr\/site\/wp-content\/uploads\/2022\/07\/cropped-Logo-FCGUEUGNON-low-350x350-1.png","width":350,"height":350,"caption":"FC Gueugnon"},"image":{"@id":"https:\/\/www.fcgueugnon.fr\/site\/#\/schema\/logo\/image\/"},"sameAs":["http:\/\/facebook.com\/FCGueugnon","https:\/\/x.com\/FCGueugnon_off","https:\/\/www.instagram.com\/fcgueugnon\/","https:\/\/www.linkedin.com\/company\/football-club-de-gueugnon\/","https:\/\/www.youtube.com\/user\/FCGueugnonnais","https:\/\/fr.wikipedia.org\/wiki\/Football_Club_de_Gueugnon"]},{"@type":"Person","@id":"https:\/\/www.fcgueugnon.fr\/site\/#\/schema\/person\/f6444fbdd35fa731ee974c03508738fb","name":"FC Gueugnon","sameAs":["https:\/\/www.fcgueugnon.fr\/site"],"url":"https:\/\/www.fcgueugnon.fr\/site\/author\/admin-antho"}]}},"rttpg_featured_image_url":{"full":["https:\/\/www.fcgueugnon.fr\/site\/wp-content\/uploads\/2022\/12\/avant-match-quetigny-fc-gueugnon.png",1920,1080,false],"landscape":["https:\/\/www.fcgueugnon.fr\/site\/wp-content\/uploads\/2022\/12\/avant-match-quetigny-fc-gueugnon.png",1920,1080,false],"portraits":["https:\/\/www.fcgueugnon.fr\/site\/wp-content\/uploads\/2022\/12\/avant-match-quetigny-fc-gueugnon.png",1920,1080,false],"thumbnail":["https:\/\/www.fcgueugnon.fr\/site\/wp-content\/uploads\/2022\/12\/avant-match-quetigny-fc-gueugnon-150x150.png",150,150,true],"medium":["https:\/\/www.fcgueugnon.fr\/site\/wp-content\/uploads\/2022\/12\/avant-match-quetigny-fc-gueugnon-400x225.png",400,225,true],"large":["https:\/\/www.fcgueugnon.fr\/site\/wp-content\/uploads\/2022\/12\/avant-match-quetigny-fc-gueugnon-1024x576.png",1024,576,true],"1536x1536":["https:\/\/www.fcgueugnon.fr\/site\/wp-content\/uploads\/2022\/12\/avant-match-quetigny-fc-gueugnon-1536x864.png",1536,864,true],"2048x2048":["https:\/\/www.fcgueugnon.fr\/site\/wp-content\/uploads\/2022\/12\/avant-match-quetigny-fc-gueugnon.png",1920,1080,false]},"rttpg_author":{"display_name":"FC Gueugnon","author_link":"https:\/\/www.fcgueugnon.fr\/site\/author\/admin-antho"},"rttpg_comment":0,"rttpg_category":"<a href=\"https:\/\/www.fcgueugnon.fr\/site\/category\/news\/news-2022-2023\" rel=\"category tag\">Archives 2022\/2023<\/a> <a href=\"https:\/\/www.fcgueugnon.fr\/site\/category\/news\" rel=\"category tag\">News<\/a>","rttpg_excerpt":"Battu chez le leader le week-end dernier, Gueugnon veut jouer le rebond \u00e0 domicile face \u00e0 la lanterne rouge&#8230; \ud83c\udd9a L&rsquo;adversaire Promu cette saison apr\u00e8s le titre en R1 obtenu la saison derni\u00e8re, l&rsquo;AS Quetigny a connu du mouvement ! Tout d&rsquo;abord avec le d\u00e9part du coach de la mont\u00e9e : Anthony Morlot pour raisons\u2026","_links":{"self":[{"href":"https:\/\/www.fcgueugnon.fr\/site\/wp-json\/wp\/v2\/posts\/2501","targetHints":{"allow":["GET"]}}],"collection":[{"href":"https:\/\/www.fcgueugnon.fr\/site\/wp-json\/wp\/v2\/posts"}],"about":[{"href":"https:\/\/www.fcgueugnon.fr\/site\/wp-json\/wp\/v2\/types\/post"}],"author":[{"embeddable":true,"href":"https:\/\/www.fcgueugnon.fr\/site\/wp-json\/wp\/v2\/users\/1"}],"replies":[{"embeddable":true,"href":"https:\/\/www.fcgueugnon.fr\/site\/wp-json\/wp\/v2\/comments?post=2501"}],"version-history":[{"count":7,"href":"https:\/\/www.fcgueugnon.fr\/site\/wp-json\/wp\/v2\/posts\/2501\/revisions"}],"predecessor-version":[{"id":2523,"href":"https:\/\/www.fcgueugnon.fr\/site\/wp-json\/wp\/v2\/posts\/2501\/revisions\/2523"}],"wp:featuredmedia":[{"embeddable":true,"href":"https:\/\/www.fcgueugnon.fr\/site\/wp-json\/wp\/v2\/media\/2517"}],"wp:attachment":[{"href":"https:\/\/www.fcgueugnon.fr\/site\/wp-json\/wp\/v2\/media?parent=2501"}],"wp:term":[{"taxonomy":"category","embeddable":true,"href":"https:\/\/www.fcgueugnon.fr\/site\/wp-json\/wp\/v2\/categories?post=2501"},{"taxonomy":"post_tag","embeddable":true,"href":"https:\/\/www.fcgueugnon.fr\/site\/wp-json\/wp\/v2\/tags?post=2501"}],"curies":[{"name":"wp","href":"https:\/\/api.w.org\/{rel}","templated":true}]}}