{"id":2482,"date":"2022-11-29T09:34:35","date_gmt":"2022-11-29T08:34:35","guid":{"rendered":"https:\/\/www.fcgueugnon.fr\/site\/?p=2482"},"modified":"2022-11-29T09:35:33","modified_gmt":"2022-11-29T08:35:33","slug":"agenda-resultats-du-week-end-du-26-et-27-novembre-2022","status":"publish","type":"post","link":"https:\/\/www.fcgueugnon.fr\/site\/agenda-resultats-du-week-end-du-26-et-27-novembre-2022\/2482","title":{"rendered":"[Agenda] R\u00e9sultats du week-end du 26 et 27 Novembre 2022"},"content":{"rendered":"\n<h2 class=\"wp-block-heading\">Retrouvez les r\u00e9sultats de nos forgerons ce week-end<\/h2>\n\n\n\n<div style=\"height:35px\" aria-hidden=\"true\" class=\"wp-block-spacer\"><\/div>\n\n\n\n<h3 class=\"blue-underline-title wp-block-heading\">S\u00e9niors<\/h3>\n\n\n\n<p><em>Groupe N3 \u2013 J09<\/em> \u274c<br>Samedi 26\/11 \u2013 15h00<br><strong>CA Pontarlier \/<\/strong> <strong>FC Gueugnon<\/strong> : 2 &#8211; 0<\/p>\n\n\n\n<div class=\"wp-block-getwid-image-box getwid-animation has-text-center has-mobile-layout-default has-mobile-alignment-default\" data-animation=\"zoomSmall\"><div class=\"wp-block-getwid-image-box__image-container is-position-top\"><div class=\"wp-block-getwid-image-box__image-wrapper\"><img loading=\"lazy\" decoding=\"async\" width=\"400\" height=\"400\" src=\"https:\/\/www.fcgueugnon.fr\/site\/wp-content\/uploads\/2022\/11\/SCORE-FINAL-2-400x400.png\" class=\"wp-block-getwid-image-box__image wp-image-2460\" srcset=\"https:\/\/www.fcgueugnon.fr\/site\/wp-content\/uploads\/2022\/11\/SCORE-FINAL-2-400x400.png 400w, https:\/\/www.fcgueugnon.fr\/site\/wp-content\/uploads\/2022\/11\/SCORE-FINAL-2-1024x1024.png 1024w, https:\/\/www.fcgueugnon.fr\/site\/wp-content\/uploads\/2022\/11\/SCORE-FINAL-2-150x150.png 150w, https:\/\/www.fcgueugnon.fr\/site\/wp-content\/uploads\/2022\/11\/SCORE-FINAL-2-768x768.png 768w, https:\/\/www.fcgueugnon.fr\/site\/wp-content\/uploads\/2022\/11\/SCORE-FINAL-2-1536x1536.png 1536w, https:\/\/www.fcgueugnon.fr\/site\/wp-content\/uploads\/2022\/11\/SCORE-FINAL-2-1320x1320.png 1320w, https:\/\/www.fcgueugnon.fr\/site\/wp-content\/uploads\/2022\/11\/SCORE-FINAL-2.png 2000w\" sizes=\"auto, (max-width: 400px) 100vw, 400px\" \/><\/div><\/div><div class=\"wp-block-getwid-image-box__content\">\n<h3 class=\"wp-block-heading\">&gt; <a href=\"https:\/\/www.fcgueugnon.fr\/site\/n3-j09-ca-pontarlier-fc-gueugnon-resultat-reactions-et-resume\/2462\" target=\"_blank\" rel=\"noreferrer noopener\">Article d&rsquo;apr\u00e8s-match<\/a><\/h3>\n\n\n\n<p><\/p>\n<\/div><\/div>\n\n\n\n<p><em>Groupe Espoir \u2013 R1 Herbelin J09<\/em> \u274c<br>Dimanche 27\/11 \u2013 14h30<br><strong>FC Gueugnon \/ AS Garchizy<\/strong> : 1 &#8211; 3<\/p>\n\n\n\n<p><em>S\u00e9niors F \u2013 D1 J08<\/em> \u2705<br>Dimanche 27\/11 \u2013 10h00<br><strong>JS Epinac \/<\/strong> <strong>Entente FCG-DFCA<\/strong> : 1 &#8211; 6<\/p>\n\n\n\n<div style=\"height:80px\" aria-hidden=\"true\" class=\"wp-block-spacer\"><\/div>\n\n\n\n<h3 class=\"blue-underline-title wp-block-heading\">Sport E.Leclerc Acad\u00e9mie<\/h3>\n\n\n\n<p><em>U18 \u2013 R1 J10<\/em> \u2705<br>Dimanche 27\/11 \u2013 12h00<br><strong>FC Gueugnon \/ US St Vit<\/strong> : 1 &#8211; 0<br>But : Ilan Dos Santos<\/p>\n\n\n\n<p><em>U16 \u2013 R1 J10<\/em> \u2705<br>Dimanche 27\/11 \u2013 12h30<br><strong>FC Gueugnon \/ FC Morteau Montlebon<\/strong> : 7 &#8211; 3<\/p>\n\n\n\n<div class=\"wp-block-getwid-image-box getwid-animation has-text-center has-mobile-layout-default has-mobile-alignment-default\" data-animation=\"zoomSmall\"><div class=\"wp-block-getwid-image-box__image-container is-position-top\"><div class=\"wp-block-getwid-image-box__image-wrapper\"><img loading=\"lazy\" decoding=\"async\" width=\"1024\" height=\"768\" src=\"https:\/\/www.fcgueugnon.fr\/site\/wp-content\/uploads\/2022\/11\/U16-fc-gueugnon-victoire-st-vit-1024x768.jpeg\" class=\"wp-block-getwid-image-box__image wp-image-2483\" srcset=\"https:\/\/www.fcgueugnon.fr\/site\/wp-content\/uploads\/2022\/11\/U16-fc-gueugnon-victoire-st-vit-1024x768.jpeg 1024w, https:\/\/www.fcgueugnon.fr\/site\/wp-content\/uploads\/2022\/11\/U16-fc-gueugnon-victoire-st-vit-400x300.jpeg 400w, https:\/\/www.fcgueugnon.fr\/site\/wp-content\/uploads\/2022\/11\/U16-fc-gueugnon-victoire-st-vit-768x576.jpeg 768w, https:\/\/www.fcgueugnon.fr\/site\/wp-content\/uploads\/2022\/11\/U16-fc-gueugnon-victoire-st-vit-1536x1152.jpeg 1536w, https:\/\/www.fcgueugnon.fr\/site\/wp-content\/uploads\/2022\/11\/U16-fc-gueugnon-victoire-st-vit-1320x990.jpeg 1320w, https:\/\/www.fcgueugnon.fr\/site\/wp-content\/uploads\/2022\/11\/U16-fc-gueugnon-victoire-st-vit.jpeg 2048w\" sizes=\"auto, (max-width: 1024px) 100vw, 1024px\" \/><\/div><\/div><div class=\"wp-block-getwid-image-box__content\">\n<h3 class=\"wp-block-heading\"><\/h3>\n\n\n\n<p><\/p>\n<\/div><\/div>\n\n\n\n<div style=\"height:10px\" aria-hidden=\"true\" class=\"wp-block-spacer\"><\/div>\n\n\n\n<p><em>U15 \u2013 R1 J09<\/em> \u274c<br>Samedi 26\/11 \u2013 14h30<br><strong>FC Gueugnon \/ FC Monceau Bourgogne<\/strong> : 1 &#8211; 4<\/p>\n\n\n\n<p><em>U15F \u2013 D1 J06<\/em> \ud83d\udfe7<br>Samedi 26\/11 \u2013 14h00<br><strong>SRC La Clayette \/ FC Gueugnon<\/strong> : 1 &#8211; 1<br>But : PLUCHAUD Isoline<\/p>\n\n\n\n<p><em>U14 \u2013 R1 J09<\/em> \u274c<br>Samedi 26\/11 \u2013 14h30<br><strong>FC Louhans Cuiseaux \/<\/strong> <strong>FC Gueugnon<\/strong> : 3 &#8211; 1<br>But : Yanis COGNARD<\/p>\n\n\n\n<p><em>U13 \u2013 D1 J08<\/em> \u2705<br>Samedi 26\/11 \u2013 13h30<br><strong>FC Gueugnon \/ GJ GSF FC M\u00e2con<\/strong> : 2 &#8211; 1<\/p>\n\n\n\n<p><em>U13 \u2013 D2 J08<\/em> \u2705<br>Samedi 26\/11 \u2013 13h30<br><strong>Sud Foot \/ FC Gueugnon<\/strong> : 6 &#8211; 9<\/p>\n\n\n\n<p><em>U11 \u2013 Niveau 1<\/em> \u2611<br>Samedi 26\/11 \u2013 14h00<br><strong>Plateau \u00e0 Gueugnon<\/strong><br>&#8211; Victoire 2-0 contre Vir\u00e9 Lugny. Buteurs : Noe DROIN et Pusat KARACA<br>&#8211; Match nul 0-0 contre Le Creusot.<br>&#8211; D\u00e9faite 2-1 contre Paray. Buteur : Pusat KARACA<\/p>\n\n\n\n<div class=\"wp-block-getwid-image-box getwid-animation has-text-center has-mobile-layout-default has-mobile-alignment-default\" data-animation=\"zoomSmall\"><div class=\"wp-block-getwid-image-box__image-container is-position-top\"><div class=\"wp-block-getwid-image-box__image-wrapper\"><img loading=\"lazy\" decoding=\"async\" width=\"768\" height=\"1024\" src=\"https:\/\/www.fcgueugnon.fr\/site\/wp-content\/uploads\/2022\/11\/u11-plateau-fc-gueugnon-768x1024.jpeg\" class=\"wp-block-getwid-image-box__image wp-image-2484\" srcset=\"https:\/\/www.fcgueugnon.fr\/site\/wp-content\/uploads\/2022\/11\/u11-plateau-fc-gueugnon-768x1024.jpeg 768w, https:\/\/www.fcgueugnon.fr\/site\/wp-content\/uploads\/2022\/11\/u11-plateau-fc-gueugnon-300x400.jpeg 300w, https:\/\/www.fcgueugnon.fr\/site\/wp-content\/uploads\/2022\/11\/u11-plateau-fc-gueugnon-1152x1536.jpeg 1152w, https:\/\/www.fcgueugnon.fr\/site\/wp-content\/uploads\/2022\/11\/u11-plateau-fc-gueugnon.jpeg 1200w\" sizes=\"auto, (max-width: 768px) 100vw, 768px\" \/><\/div><\/div><div class=\"wp-block-getwid-image-box__content\">\n<h3 class=\"wp-block-heading\"><\/h3>\n\n\n\n<p><\/p>\n<\/div><\/div>\n\n\n\n<div style=\"height:10px\" aria-hidden=\"true\" class=\"wp-block-spacer\"><\/div>\n\n\n\n<p><em>U11 \u2013 Niveau 2<\/em> \u2611<br>Samedi 26\/11 \u2013 14h00<br><strong>Plateau \u00e0 St Bonnet de Joux<\/strong><br>&#8211; Victoire 3-1 contre la Motte\/ les Guerreaux<br>&#8211; D\u00e9faite 3-1 contre USBG 3-1<br>&#8211; Victoire 5-1 contre Sanvignes<\/p>\n\n\n\n<p><em>U11 \u2013 Niveau 3<\/em> \u2611<br>Samedi 26\/11 \u2013 14h00<br><strong>Plateau \u00e0 Luzy<\/strong><br>&#8211; Victoire 2-1 contre Le Breuil. Buts : Leo AUXOUX et Th\u00e9o PIGUET<br>&#8211; Victoire 1-0 contre la JSTEL 2. But : Joani BASSANI.<\/p>\n\n\n\n<div class=\"wp-block-getwid-image-box getwid-animation has-text-center has-mobile-layout-default has-mobile-alignment-default\" data-animation=\"zoomSmall\"><div class=\"wp-block-getwid-image-box__image-container is-position-top\"><div class=\"wp-block-getwid-image-box__image-wrapper\"><img loading=\"lazy\" decoding=\"async\" width=\"1024\" height=\"768\" src=\"https:\/\/www.fcgueugnon.fr\/site\/wp-content\/uploads\/2022\/11\/FC-Gueugnon-U11-plateau-1024x768.jpeg\" class=\"wp-block-getwid-image-box__image wp-image-2485\" srcset=\"https:\/\/www.fcgueugnon.fr\/site\/wp-content\/uploads\/2022\/11\/FC-Gueugnon-U11-plateau-1024x768.jpeg 1024w, https:\/\/www.fcgueugnon.fr\/site\/wp-content\/uploads\/2022\/11\/FC-Gueugnon-U11-plateau-400x300.jpeg 400w, https:\/\/www.fcgueugnon.fr\/site\/wp-content\/uploads\/2022\/11\/FC-Gueugnon-U11-plateau-768x576.jpeg 768w, https:\/\/www.fcgueugnon.fr\/site\/wp-content\/uploads\/2022\/11\/FC-Gueugnon-U11-plateau-1536x1152.jpeg 1536w, https:\/\/www.fcgueugnon.fr\/site\/wp-content\/uploads\/2022\/11\/FC-Gueugnon-U11-plateau-1320x990.jpeg 1320w, https:\/\/www.fcgueugnon.fr\/site\/wp-content\/uploads\/2022\/11\/FC-Gueugnon-U11-plateau.jpeg 1600w\" sizes=\"auto, (max-width: 1024px) 100vw, 1024px\" \/><\/div><\/div><div class=\"wp-block-getwid-image-box__content\">\n<h3 class=\"wp-block-heading\"><\/h3>\n\n\n\n<p><\/p>\n<\/div><\/div>\n\n\n\n<div style=\"height:10px\" aria-hidden=\"true\" class=\"wp-block-spacer\"><\/div>\n\n\n\n<p><em>U08 &#8211; U09<\/em> \u2611<br>Samedi 26\/11 \u2013 10h30<br><strong>Plateau aux Gach\u00e8res<\/strong><br>&#8211; Equipe U08 : 5 Victoires<br>&#8211; Equipe U08\/U09 : 2 Victoires \/ 1 Nul \/ 2 D\u00e9faites<br>&#8211; Equipe U07 (surclassement) : 2 Vcitoires \/ 1 Nul \/ 3 D\u00e9faites<\/p>\n\n\n\n<p><em>U08F &#8211; U09F<\/em> \u2611<br>Samedi 26\/11 \u2013 10h30<br><strong>Plateau aux Gach\u00e8res<\/strong><br>&#8211; 1 Nul \/ 4 D\u00e9faites<\/p>\n\n\n\n<div class=\"wp-block-getwid-image-box getwid-animation has-text-center has-mobile-layout-default has-mobile-alignment-default\" data-animation=\"zoomSmall\"><div class=\"wp-block-getwid-image-box__image-container is-position-top\"><div class=\"wp-block-getwid-image-box__image-wrapper\"><img loading=\"lazy\" decoding=\"async\" width=\"1024\" height=\"768\" src=\"https:\/\/www.fcgueugnon.fr\/site\/wp-content\/uploads\/2022\/11\/U08-fc-gueugnon-plateau-gacheres-1024x768.jpeg\" class=\"wp-block-getwid-image-box__image wp-image-2488\" srcset=\"https:\/\/www.fcgueugnon.fr\/site\/wp-content\/uploads\/2022\/11\/U08-fc-gueugnon-plateau-gacheres-1024x768.jpeg 1024w, https:\/\/www.fcgueugnon.fr\/site\/wp-content\/uploads\/2022\/11\/U08-fc-gueugnon-plateau-gacheres-400x300.jpeg 400w, https:\/\/www.fcgueugnon.fr\/site\/wp-content\/uploads\/2022\/11\/U08-fc-gueugnon-plateau-gacheres-768x576.jpeg 768w, https:\/\/www.fcgueugnon.fr\/site\/wp-content\/uploads\/2022\/11\/U08-fc-gueugnon-plateau-gacheres-1536x1152.jpeg 1536w, https:\/\/www.fcgueugnon.fr\/site\/wp-content\/uploads\/2022\/11\/U08-fc-gueugnon-plateau-gacheres-1320x990.jpeg 1320w, https:\/\/www.fcgueugnon.fr\/site\/wp-content\/uploads\/2022\/11\/U08-fc-gueugnon-plateau-gacheres.jpeg 1600w\" sizes=\"auto, (max-width: 1024px) 100vw, 1024px\" \/><\/div><\/div><div class=\"wp-block-getwid-image-box__content\">\n<h3 class=\"wp-block-heading\"><\/h3>\n\n\n\n<p><\/p>\n<\/div><\/div>\n\n\n\n<div style=\"height:80px\" aria-hidden=\"true\" class=\"wp-block-spacer mb-0\"><\/div>\n\n\n\n<h3 class=\"blue-underline-title wp-block-heading\">Arbitres<\/h3>\n\n\n\n<p><span style=\"text-decoration: underline;\">Samedi 26\/11<\/span><\/p>\n\n\n\n<p><strong>Lucas MENAGER<\/strong><br>U18 D2 : Montceaux l\u2019Etoile \/ Marmagne<\/p>\n\n\n\n<div style=\"height:10px\" aria-hidden=\"true\" class=\"wp-block-spacer\"><\/div>\n\n\n\n<p><span style=\"text-decoration: underline;\">Dimanche 27\/11<\/span><\/p>\n\n\n\n<p><strong>Lucas MENAGER<\/strong><br>R2 : JSMO \/ Ent F.Villages<\/p>\n\n\n\n<p><strong>Mehdi OTMANI<\/strong><br>R2 : USC Paray B \/ UF M\u00e2con B<\/p>\n\n\n\n<p><strong>Fabrice MUET<\/strong><br>D1 : SRC La Clayette&nbsp; \/ La Chapelle de Guichay B<\/p>\n\n\n\n<p><strong>Savian Dumitru SAVIAN<\/strong><br>D2 : Joncy Salornay \/ Les Gach\u00e8res<\/p>\n\n\n\n<p><strong>Th\u00e9o GABE<\/strong><br>D3 : Team Monceau Foot B \/ St Forgeot<\/p>\n\n\n\n<p><strong>Th\u00e9o GABE<\/strong><br>D3 : DFCA B \/ FC Vitry-en-Charollais B<\/p>\n\n\n\n<p><strong>Christophe AUBEL<\/strong><br>D3 : JSMO C \/ St Vallier B<\/p>\n\n\n\n<div style=\"height:80px\" aria-hidden=\"true\" class=\"wp-block-spacer mb-0\"><\/div>\n\n\n\n<h3 class=\"blue-underline-title wp-block-heading\">eSport<\/h3>\n\n\n\n<h3 class=\"wp-block-heading\"><strong>FIFA23 Club Pro<\/strong><\/h3>\n\n\n\n<p><em>eSport Football League (EFL) \u2013 J19<\/em><br>Mardi 22\/11 \u2013 22h20<br><strong>FC Gueugnon eSport \/ FC ESC eSport : 3-1<\/strong><\/p>\n\n\n\n<p><em>eSport Football League (EFL) \u2013 J20<\/em><br>Mardi 22\/11 \u2013 22h45<br><strong>FC Gueugnon eSport \/ VS Tolosa : 4-1<\/strong><\/p>\n\n\n\n<p><em>Ligue de Football Virtuel (LFV) \u2013 J04<\/em><br>Mardi 22\/11 \u2013 23h00<br><strong>Trelissac FC \/ FC Gueugnon eSport : 3-0<\/strong><\/p>\n\n\n\n<p><em>eSport Football League (EFL) \u2013 J21<\/em><br>Jeudi 24\/11&nbsp;\u2013 22h20<br><strong>FC Gueugnon eSport \/ Montpellier : 3-4<\/strong><\/p>\n\n\n\n<p><em>eSport Football League (EFL) \u2013 J22<\/em><br>Jeudi 24\/11&nbsp;\u2013 22h20<br><strong>FC Gueugnon eSport \/ Aquilae eSport : 0-2<\/strong><\/p>\n\n\n\n<div style=\"height:10px\" aria-hidden=\"true\" class=\"wp-block-spacer\"><\/div>\n\n\n\n<h3 class=\"wp-block-heading\"><strong>FIFA23 Ultimate Team<\/strong><\/h3>\n\n\n\n<p><span style=\"text-decoration: underline;\">Jeudi 17\/11<\/span><\/p>\n\n\n\n<ul class=\"wp-block-list\">\n<li><strong>Zeyrox et Yzaki<\/strong><\/li>\n<\/ul>\n\n\n\n<p>Phase de pre-qualification&nbsp;FIFAe Club Series 2023 (Qualification championnats d&rsquo;Europe) : \u00c9limination au 3e tour<\/p>\n\n\n\n<ul class=\"wp-block-list\">\n<li><strong>Zeyrox<\/strong><\/li>\n<\/ul>\n\n\n\n<p>Ultimate Football League<\/p>\n\n\n\n<p>J01 contre AkalFIFA_ (FC Lyon)&nbsp;: victoire par forfait<\/p>\n\n\n\n<p>J02 contre PADOUUUFIFA : victoire 4-3<\/p>\n\n\n\n<div style=\"height:10px\" aria-hidden=\"true\" class=\"wp-block-spacer\"><\/div>\n\n\n\n<p><em>Suivez toute l&rsquo;actualit\u00e9 de la section eSport du FCG sur <a href=\"http:\/\/twitter.com\/gueugnon_esport\/\" target=\"_blank\" rel=\"noreferrer noopener\">Twitter<\/a> et <a href=\"http:\/\/twitch.tv\/fcgesport\/\" target=\"_blank\" rel=\"noreferrer noopener\">Twitch<\/a><\/em><\/p>\n\n\n\n<div style=\"height:100px\" aria-hidden=\"true\" class=\"wp-block-spacer mb-0\"><\/div>\n\n\n\n<h1 class=\"has-text-align-center wp-block-heading\">#ForgeronFamily<\/h1>\n","protected":false},"excerpt":{"rendered":"<p>Retrouvez les r\u00e9sultats de nos forgerons ce week-end S\u00e9niors Groupe N3 \u2013 J09 \u274cSamedi 26\/11 \u2013 15h00CA Pontarlier \/ FC Gueugnon : 2 &#8211; 0 Groupe Espoir \u2013 R1 Herbelin J09 \u274cDimanche 27\/11 \u2013 14h30FC Gueugnon \/ AS Garchizy : 1 &#8211; 3 S\u00e9niors F \u2013 D1 J08 \u2705Dimanche 27\/11 \u2013 10h00JS Epinac \/ Entente &#8230; <\/p>\n<p class=\"read-more-container\"><a title=\"[Agenda] R\u00e9sultats du week-end du 26 et 27 Novembre 2022\" class=\"read-more button\" href=\"https:\/\/www.fcgueugnon.fr\/site\/agenda-resultats-du-week-end-du-26-et-27-novembre-2022\/2482#more-2482\" aria-label=\"Plus sur [Agenda] R\u00e9sultats du week-end du 26 et 27 Novembre 2022\">Lire la suite<\/a><\/p>\n","protected":false},"author":1,"featured_media":2483,"comment_status":"closed","ping_status":"closed","sticky":false,"template":"","format":"standard","meta":{"footnotes":""},"categories":[5,4],"tags":[33,14],"class_list":["post-2482","post","type-post","status-publish","format-standard","has-post-thumbnail","hentry","category-news-2022-2023","category-news","tag-agenda","tag-sport-e-leclerc-academie-jeunes-formation","infinite-scroll-item","generate-columns","tablet-grid-50","mobile-grid-100","grid-parent","grid-25","resize-featured-image"],"yoast_head":"<!-- This site is optimized with the Yoast SEO plugin v26.6 - https:\/\/yoast.com\/wordpress\/plugins\/seo\/ -->\n<title>[Agenda] R\u00e9sultats du week-end du 26 et 27 Novembre 2022 &#8226; FOOTBALL CLUB GUEUGNON<\/title>\n<meta name=\"robots\" content=\"index, follow, max-snippet:-1, max-image-preview:large, max-video-preview:-1\" \/>\n<link rel=\"canonical\" href=\"https:\/\/www.fcgueugnon.fr\/site\/agenda-resultats-du-week-end-du-26-et-27-novembre-2022\/2482\" \/>\n<meta property=\"og:locale\" content=\"fr_FR\" \/>\n<meta property=\"og:type\" content=\"article\" \/>\n<meta property=\"og:title\" content=\"[Agenda] R\u00e9sultats du week-end du 26 et 27 Novembre 2022 &#8226; FOOTBALL CLUB GUEUGNON\" \/>\n<meta property=\"og:description\" content=\"Retrouvez les r\u00e9sultats de nos forgerons ce week-end S\u00e9niors Groupe N3 \u2013 J09 \u274cSamedi 26\/11 \u2013 15h00CA Pontarlier \/ FC Gueugnon : 2 &#8211; 0 Groupe Espoir \u2013 R1 Herbelin J09 \u274cDimanche 27\/11 \u2013 14h30FC Gueugnon \/ AS Garchizy : 1 &#8211; 3 S\u00e9niors F \u2013 D1 J08 \u2705Dimanche 27\/11 \u2013 10h00JS Epinac \/ Entente ... Lire la suite\" \/>\n<meta property=\"og:url\" content=\"https:\/\/www.fcgueugnon.fr\/site\/agenda-resultats-du-week-end-du-26-et-27-novembre-2022\/2482\" \/>\n<meta property=\"og:site_name\" content=\"FOOTBALL CLUB GUEUGNON\" \/>\n<meta property=\"article:publisher\" content=\"http:\/\/facebook.com\/FCGueugnon\" \/>\n<meta property=\"article:published_time\" content=\"2022-11-29T08:34:35+00:00\" \/>\n<meta property=\"article:modified_time\" content=\"2022-11-29T08:35:33+00:00\" \/>\n<meta property=\"og:image\" content=\"https:\/\/www.fcgueugnon.fr\/site\/wp-content\/uploads\/2022\/11\/U16-fc-gueugnon-victoire-st-vit.jpeg\" \/>\n\t<meta property=\"og:image:width\" content=\"2048\" \/>\n\t<meta property=\"og:image:height\" content=\"1536\" \/>\n\t<meta property=\"og:image:type\" content=\"image\/jpeg\" \/>\n<meta name=\"author\" content=\"FC Gueugnon\" \/>\n<meta name=\"twitter:card\" content=\"summary_large_image\" \/>\n<meta name=\"twitter:creator\" content=\"@FCGueugnon_off\" \/>\n<meta name=\"twitter:site\" content=\"@FCGueugnon_off\" \/>\n<meta name=\"twitter:label1\" content=\"\u00c9crit par\" \/>\n\t<meta name=\"twitter:data1\" content=\"FC Gueugnon\" \/>\n\t<meta name=\"twitter:label2\" content=\"Dur\u00e9e de lecture estim\u00e9e\" \/>\n\t<meta name=\"twitter:data2\" content=\"4 minutes\" \/>\n<script type=\"application\/ld+json\" class=\"yoast-schema-graph\">{\"@context\":\"https:\/\/schema.org\",\"@graph\":[{\"@type\":\"Article\",\"@id\":\"https:\/\/www.fcgueugnon.fr\/site\/agenda-resultats-du-week-end-du-26-et-27-novembre-2022\/2482#article\",\"isPartOf\":{\"@id\":\"https:\/\/www.fcgueugnon.fr\/site\/agenda-resultats-du-week-end-du-26-et-27-novembre-2022\/2482\"},\"author\":{\"name\":\"FC Gueugnon\",\"@id\":\"https:\/\/www.fcgueugnon.fr\/site\/#\/schema\/person\/f6444fbdd35fa731ee974c03508738fb\"},\"headline\":\"[Agenda] R\u00e9sultats du week-end du 26 et 27 Novembre 2022\",\"datePublished\":\"2022-11-29T08:34:35+00:00\",\"dateModified\":\"2022-11-29T08:35:33+00:00\",\"mainEntityOfPage\":{\"@id\":\"https:\/\/www.fcgueugnon.fr\/site\/agenda-resultats-du-week-end-du-26-et-27-novembre-2022\/2482\"},\"wordCount\":485,\"publisher\":{\"@id\":\"https:\/\/www.fcgueugnon.fr\/site\/#organization\"},\"image\":{\"@id\":\"https:\/\/www.fcgueugnon.fr\/site\/agenda-resultats-du-week-end-du-26-et-27-novembre-2022\/2482#primaryimage\"},\"thumbnailUrl\":\"https:\/\/www.fcgueugnon.fr\/site\/wp-content\/uploads\/2022\/11\/U16-fc-gueugnon-victoire-st-vit.jpeg\",\"keywords\":[\"Agenda\",\"Sport E.Leclerc Acad\u00e9mie : Jeunes \/ Formation\"],\"articleSection\":[\"Archives 2022\/2023\",\"News\"],\"inLanguage\":\"fr-FR\"},{\"@type\":\"WebPage\",\"@id\":\"https:\/\/www.fcgueugnon.fr\/site\/agenda-resultats-du-week-end-du-26-et-27-novembre-2022\/2482\",\"url\":\"https:\/\/www.fcgueugnon.fr\/site\/agenda-resultats-du-week-end-du-26-et-27-novembre-2022\/2482\",\"name\":\"[Agenda] R\u00e9sultats du week-end du 26 et 27 Novembre 2022 &#8226; FOOTBALL CLUB GUEUGNON\",\"isPartOf\":{\"@id\":\"https:\/\/www.fcgueugnon.fr\/site\/#website\"},\"primaryImageOfPage\":{\"@id\":\"https:\/\/www.fcgueugnon.fr\/site\/agenda-resultats-du-week-end-du-26-et-27-novembre-2022\/2482#primaryimage\"},\"image\":{\"@id\":\"https:\/\/www.fcgueugnon.fr\/site\/agenda-resultats-du-week-end-du-26-et-27-novembre-2022\/2482#primaryimage\"},\"thumbnailUrl\":\"https:\/\/www.fcgueugnon.fr\/site\/wp-content\/uploads\/2022\/11\/U16-fc-gueugnon-victoire-st-vit.jpeg\",\"datePublished\":\"2022-11-29T08:34:35+00:00\",\"dateModified\":\"2022-11-29T08:35:33+00:00\",\"breadcrumb\":{\"@id\":\"https:\/\/www.fcgueugnon.fr\/site\/agenda-resultats-du-week-end-du-26-et-27-novembre-2022\/2482#breadcrumb\"},\"inLanguage\":\"fr-FR\",\"potentialAction\":[{\"@type\":\"ReadAction\",\"target\":[\"https:\/\/www.fcgueugnon.fr\/site\/agenda-resultats-du-week-end-du-26-et-27-novembre-2022\/2482\"]}]},{\"@type\":\"ImageObject\",\"inLanguage\":\"fr-FR\",\"@id\":\"https:\/\/www.fcgueugnon.fr\/site\/agenda-resultats-du-week-end-du-26-et-27-novembre-2022\/2482#primaryimage\",\"url\":\"https:\/\/www.fcgueugnon.fr\/site\/wp-content\/uploads\/2022\/11\/U16-fc-gueugnon-victoire-st-vit.jpeg\",\"contentUrl\":\"https:\/\/www.fcgueugnon.fr\/site\/wp-content\/uploads\/2022\/11\/U16-fc-gueugnon-victoire-st-vit.jpeg\",\"width\":2048,\"height\":1536},{\"@type\":\"BreadcrumbList\",\"@id\":\"https:\/\/www.fcgueugnon.fr\/site\/agenda-resultats-du-week-end-du-26-et-27-novembre-2022\/2482#breadcrumb\",\"itemListElement\":[{\"@type\":\"ListItem\",\"position\":1,\"name\":\"Accueil\",\"item\":\"https:\/\/www.fcgueugnon.fr\/site\/\"},{\"@type\":\"ListItem\",\"position\":2,\"name\":\"[Agenda] R\u00e9sultats du week-end du 26 et 27 Novembre 2022\"}]},{\"@type\":\"WebSite\",\"@id\":\"https:\/\/www.fcgueugnon.fr\/site\/#website\",\"url\":\"https:\/\/www.fcgueugnon.fr\/site\/\",\"name\":\"FOOTBALL CLUB GUEUGNON\",\"description\":\"Le Site Officiel des Forgerons\",\"publisher\":{\"@id\":\"https:\/\/www.fcgueugnon.fr\/site\/#organization\"},\"potentialAction\":[{\"@type\":\"SearchAction\",\"target\":{\"@type\":\"EntryPoint\",\"urlTemplate\":\"https:\/\/www.fcgueugnon.fr\/site\/?s={search_term_string}\"},\"query-input\":{\"@type\":\"PropertyValueSpecification\",\"valueRequired\":true,\"valueName\":\"search_term_string\"}}],\"inLanguage\":\"fr-FR\"},{\"@type\":\"Organization\",\"@id\":\"https:\/\/www.fcgueugnon.fr\/site\/#organization\",\"name\":\"FC Gueugnon\",\"url\":\"https:\/\/www.fcgueugnon.fr\/site\/\",\"logo\":{\"@type\":\"ImageObject\",\"inLanguage\":\"fr-FR\",\"@id\":\"https:\/\/www.fcgueugnon.fr\/site\/#\/schema\/logo\/image\/\",\"url\":\"https:\/\/www.fcgueugnon.fr\/site\/wp-content\/uploads\/2022\/07\/cropped-Logo-FCGUEUGNON-low-350x350-1.png\",\"contentUrl\":\"https:\/\/www.fcgueugnon.fr\/site\/wp-content\/uploads\/2022\/07\/cropped-Logo-FCGUEUGNON-low-350x350-1.png\",\"width\":350,\"height\":350,\"caption\":\"FC Gueugnon\"},\"image\":{\"@id\":\"https:\/\/www.fcgueugnon.fr\/site\/#\/schema\/logo\/image\/\"},\"sameAs\":[\"http:\/\/facebook.com\/FCGueugnon\",\"https:\/\/x.com\/FCGueugnon_off\",\"https:\/\/www.instagram.com\/fcgueugnon\/\",\"https:\/\/www.linkedin.com\/company\/football-club-de-gueugnon\/\",\"https:\/\/www.youtube.com\/user\/FCGueugnonnais\",\"https:\/\/fr.wikipedia.org\/wiki\/Football_Club_de_Gueugnon\"]},{\"@type\":\"Person\",\"@id\":\"https:\/\/www.fcgueugnon.fr\/site\/#\/schema\/person\/f6444fbdd35fa731ee974c03508738fb\",\"name\":\"FC Gueugnon\",\"sameAs\":[\"https:\/\/www.fcgueugnon.fr\/site\"],\"url\":\"https:\/\/www.fcgueugnon.fr\/site\/author\/admin-antho\"}]}<\/script>\n<!-- \/ Yoast SEO plugin. -->","yoast_head_json":{"title":"[Agenda] R\u00e9sultats du week-end du 26 et 27 Novembre 2022 &#8226; FOOTBALL CLUB GUEUGNON","robots":{"index":"index","follow":"follow","max-snippet":"max-snippet:-1","max-image-preview":"max-image-preview:large","max-video-preview":"max-video-preview:-1"},"canonical":"https:\/\/www.fcgueugnon.fr\/site\/agenda-resultats-du-week-end-du-26-et-27-novembre-2022\/2482","og_locale":"fr_FR","og_type":"article","og_title":"[Agenda] R\u00e9sultats du week-end du 26 et 27 Novembre 2022 &#8226; FOOTBALL CLUB GUEUGNON","og_description":"Retrouvez les r\u00e9sultats de nos forgerons ce week-end S\u00e9niors Groupe N3 \u2013 J09 \u274cSamedi 26\/11 \u2013 15h00CA Pontarlier \/ FC Gueugnon : 2 &#8211; 0 Groupe Espoir \u2013 R1 Herbelin J09 \u274cDimanche 27\/11 \u2013 14h30FC Gueugnon \/ AS Garchizy : 1 &#8211; 3 S\u00e9niors F \u2013 D1 J08 \u2705Dimanche 27\/11 \u2013 10h00JS Epinac \/ Entente ... Lire la suite","og_url":"https:\/\/www.fcgueugnon.fr\/site\/agenda-resultats-du-week-end-du-26-et-27-novembre-2022\/2482","og_site_name":"FOOTBALL CLUB GUEUGNON","article_publisher":"http:\/\/facebook.com\/FCGueugnon","article_published_time":"2022-11-29T08:34:35+00:00","article_modified_time":"2022-11-29T08:35:33+00:00","og_image":[{"width":2048,"height":1536,"url":"https:\/\/www.fcgueugnon.fr\/site\/wp-content\/uploads\/2022\/11\/U16-fc-gueugnon-victoire-st-vit.jpeg","type":"image\/jpeg"}],"author":"FC Gueugnon","twitter_card":"summary_large_image","twitter_creator":"@FCGueugnon_off","twitter_site":"@FCGueugnon_off","twitter_misc":{"\u00c9crit par":"FC Gueugnon","Dur\u00e9e de lecture estim\u00e9e":"4 minutes"},"schema":{"@context":"https:\/\/schema.org","@graph":[{"@type":"Article","@id":"https:\/\/www.fcgueugnon.fr\/site\/agenda-resultats-du-week-end-du-26-et-27-novembre-2022\/2482#article","isPartOf":{"@id":"https:\/\/www.fcgueugnon.fr\/site\/agenda-resultats-du-week-end-du-26-et-27-novembre-2022\/2482"},"author":{"name":"FC Gueugnon","@id":"https:\/\/www.fcgueugnon.fr\/site\/#\/schema\/person\/f6444fbdd35fa731ee974c03508738fb"},"headline":"[Agenda] R\u00e9sultats du week-end du 26 et 27 Novembre 2022","datePublished":"2022-11-29T08:34:35+00:00","dateModified":"2022-11-29T08:35:33+00:00","mainEntityOfPage":{"@id":"https:\/\/www.fcgueugnon.fr\/site\/agenda-resultats-du-week-end-du-26-et-27-novembre-2022\/2482"},"wordCount":485,"publisher":{"@id":"https:\/\/www.fcgueugnon.fr\/site\/#organization"},"image":{"@id":"https:\/\/www.fcgueugnon.fr\/site\/agenda-resultats-du-week-end-du-26-et-27-novembre-2022\/2482#primaryimage"},"thumbnailUrl":"https:\/\/www.fcgueugnon.fr\/site\/wp-content\/uploads\/2022\/11\/U16-fc-gueugnon-victoire-st-vit.jpeg","keywords":["Agenda","Sport E.Leclerc Acad\u00e9mie : Jeunes \/ Formation"],"articleSection":["Archives 2022\/2023","News"],"inLanguage":"fr-FR"},{"@type":"WebPage","@id":"https:\/\/www.fcgueugnon.fr\/site\/agenda-resultats-du-week-end-du-26-et-27-novembre-2022\/2482","url":"https:\/\/www.fcgueugnon.fr\/site\/agenda-resultats-du-week-end-du-26-et-27-novembre-2022\/2482","name":"[Agenda] R\u00e9sultats du week-end du 26 et 27 Novembre 2022 &#8226; FOOTBALL CLUB GUEUGNON","isPartOf":{"@id":"https:\/\/www.fcgueugnon.fr\/site\/#website"},"primaryImageOfPage":{"@id":"https:\/\/www.fcgueugnon.fr\/site\/agenda-resultats-du-week-end-du-26-et-27-novembre-2022\/2482#primaryimage"},"image":{"@id":"https:\/\/www.fcgueugnon.fr\/site\/agenda-resultats-du-week-end-du-26-et-27-novembre-2022\/2482#primaryimage"},"thumbnailUrl":"https:\/\/www.fcgueugnon.fr\/site\/wp-content\/uploads\/2022\/11\/U16-fc-gueugnon-victoire-st-vit.jpeg","datePublished":"2022-11-29T08:34:35+00:00","dateModified":"2022-11-29T08:35:33+00:00","breadcrumb":{"@id":"https:\/\/www.fcgueugnon.fr\/site\/agenda-resultats-du-week-end-du-26-et-27-novembre-2022\/2482#breadcrumb"},"inLanguage":"fr-FR","potentialAction":[{"@type":"ReadAction","target":["https:\/\/www.fcgueugnon.fr\/site\/agenda-resultats-du-week-end-du-26-et-27-novembre-2022\/2482"]}]},{"@type":"ImageObject","inLanguage":"fr-FR","@id":"https:\/\/www.fcgueugnon.fr\/site\/agenda-resultats-du-week-end-du-26-et-27-novembre-2022\/2482#primaryimage","url":"https:\/\/www.fcgueugnon.fr\/site\/wp-content\/uploads\/2022\/11\/U16-fc-gueugnon-victoire-st-vit.jpeg","contentUrl":"https:\/\/www.fcgueugnon.fr\/site\/wp-content\/uploads\/2022\/11\/U16-fc-gueugnon-victoire-st-vit.jpeg","width":2048,"height":1536},{"@type":"BreadcrumbList","@id":"https:\/\/www.fcgueugnon.fr\/site\/agenda-resultats-du-week-end-du-26-et-27-novembre-2022\/2482#breadcrumb","itemListElement":[{"@type":"ListItem","position":1,"name":"Accueil","item":"https:\/\/www.fcgueugnon.fr\/site\/"},{"@type":"ListItem","position":2,"name":"[Agenda] R\u00e9sultats du week-end du 26 et 27 Novembre 2022"}]},{"@type":"WebSite","@id":"https:\/\/www.fcgueugnon.fr\/site\/#website","url":"https:\/\/www.fcgueugnon.fr\/site\/","name":"FOOTBALL CLUB GUEUGNON","description":"Le Site Officiel des Forgerons","publisher":{"@id":"https:\/\/www.fcgueugnon.fr\/site\/#organization"},"potentialAction":[{"@type":"SearchAction","target":{"@type":"EntryPoint","urlTemplate":"https:\/\/www.fcgueugnon.fr\/site\/?s={search_term_string}"},"query-input":{"@type":"PropertyValueSpecification","valueRequired":true,"valueName":"search_term_string"}}],"inLanguage":"fr-FR"},{"@type":"Organization","@id":"https:\/\/www.fcgueugnon.fr\/site\/#organization","name":"FC Gueugnon","url":"https:\/\/www.fcgueugnon.fr\/site\/","logo":{"@type":"ImageObject","inLanguage":"fr-FR","@id":"https:\/\/www.fcgueugnon.fr\/site\/#\/schema\/logo\/image\/","url":"https:\/\/www.fcgueugnon.fr\/site\/wp-content\/uploads\/2022\/07\/cropped-Logo-FCGUEUGNON-low-350x350-1.png","contentUrl":"https:\/\/www.fcgueugnon.fr\/site\/wp-content\/uploads\/2022\/07\/cropped-Logo-FCGUEUGNON-low-350x350-1.png","width":350,"height":350,"caption":"FC Gueugnon"},"image":{"@id":"https:\/\/www.fcgueugnon.fr\/site\/#\/schema\/logo\/image\/"},"sameAs":["http:\/\/facebook.com\/FCGueugnon","https:\/\/x.com\/FCGueugnon_off","https:\/\/www.instagram.com\/fcgueugnon\/","https:\/\/www.linkedin.com\/company\/football-club-de-gueugnon\/","https:\/\/www.youtube.com\/user\/FCGueugnonnais","https:\/\/fr.wikipedia.org\/wiki\/Football_Club_de_Gueugnon"]},{"@type":"Person","@id":"https:\/\/www.fcgueugnon.fr\/site\/#\/schema\/person\/f6444fbdd35fa731ee974c03508738fb","name":"FC Gueugnon","sameAs":["https:\/\/www.fcgueugnon.fr\/site"],"url":"https:\/\/www.fcgueugnon.fr\/site\/author\/admin-antho"}]}},"rttpg_featured_image_url":{"full":["https:\/\/www.fcgueugnon.fr\/site\/wp-content\/uploads\/2022\/11\/U16-fc-gueugnon-victoire-st-vit.jpeg",2048,1536,false],"landscape":["https:\/\/www.fcgueugnon.fr\/site\/wp-content\/uploads\/2022\/11\/U16-fc-gueugnon-victoire-st-vit.jpeg",2048,1536,false],"portraits":["https:\/\/www.fcgueugnon.fr\/site\/wp-content\/uploads\/2022\/11\/U16-fc-gueugnon-victoire-st-vit.jpeg",2048,1536,false],"thumbnail":["https:\/\/www.fcgueugnon.fr\/site\/wp-content\/uploads\/2022\/11\/U16-fc-gueugnon-victoire-st-vit-150x150.jpeg",150,150,true],"medium":["https:\/\/www.fcgueugnon.fr\/site\/wp-content\/uploads\/2022\/11\/U16-fc-gueugnon-victoire-st-vit-400x300.jpeg",400,300,true],"large":["https:\/\/www.fcgueugnon.fr\/site\/wp-content\/uploads\/2022\/11\/U16-fc-gueugnon-victoire-st-vit-1024x768.jpeg",1024,768,true],"1536x1536":["https:\/\/www.fcgueugnon.fr\/site\/wp-content\/uploads\/2022\/11\/U16-fc-gueugnon-victoire-st-vit-1536x1152.jpeg",1536,1152,true],"2048x2048":["https:\/\/www.fcgueugnon.fr\/site\/wp-content\/uploads\/2022\/11\/U16-fc-gueugnon-victoire-st-vit.jpeg",2048,1536,false]},"rttpg_author":{"display_name":"FC Gueugnon","author_link":"https:\/\/www.fcgueugnon.fr\/site\/author\/admin-antho"},"rttpg_comment":0,"rttpg_category":"<a href=\"https:\/\/www.fcgueugnon.fr\/site\/category\/news\/news-2022-2023\" rel=\"category tag\">Archives 2022\/2023<\/a> <a href=\"https:\/\/www.fcgueugnon.fr\/site\/category\/news\" rel=\"category tag\">News<\/a>","rttpg_excerpt":"Retrouvez les r\u00e9sultats de nos forgerons ce week-end S\u00e9niors Groupe N3 \u2013 J09 \u274cSamedi 26\/11 \u2013 15h00CA Pontarlier \/ FC Gueugnon : 2 &#8211; 0 Groupe Espoir \u2013 R1 Herbelin J09 \u274cDimanche 27\/11 \u2013 14h30FC Gueugnon \/ AS Garchizy : 1 &#8211; 3 S\u00e9niors F \u2013 D1 J08 \u2705Dimanche 27\/11 \u2013 10h00JS Epinac \/ Entente\u2026","_links":{"self":[{"href":"https:\/\/www.fcgueugnon.fr\/site\/wp-json\/wp\/v2\/posts\/2482","targetHints":{"allow":["GET"]}}],"collection":[{"href":"https:\/\/www.fcgueugnon.fr\/site\/wp-json\/wp\/v2\/posts"}],"about":[{"href":"https:\/\/www.fcgueugnon.fr\/site\/wp-json\/wp\/v2\/types\/post"}],"author":[{"embeddable":true,"href":"https:\/\/www.fcgueugnon.fr\/site\/wp-json\/wp\/v2\/users\/1"}],"replies":[{"embeddable":true,"href":"https:\/\/www.fcgueugnon.fr\/site\/wp-json\/wp\/v2\/comments?post=2482"}],"version-history":[{"count":3,"href":"https:\/\/www.fcgueugnon.fr\/site\/wp-json\/wp\/v2\/posts\/2482\/revisions"}],"predecessor-version":[{"id":2493,"href":"https:\/\/www.fcgueugnon.fr\/site\/wp-json\/wp\/v2\/posts\/2482\/revisions\/2493"}],"wp:featuredmedia":[{"embeddable":true,"href":"https:\/\/www.fcgueugnon.fr\/site\/wp-json\/wp\/v2\/media\/2483"}],"wp:attachment":[{"href":"https:\/\/www.fcgueugnon.fr\/site\/wp-json\/wp\/v2\/media?parent=2482"}],"wp:term":[{"taxonomy":"category","embeddable":true,"href":"https:\/\/www.fcgueugnon.fr\/site\/wp-json\/wp\/v2\/categories?post=2482"},{"taxonomy":"post_tag","embeddable":true,"href":"https:\/\/www.fcgueugnon.fr\/site\/wp-json\/wp\/v2\/tags?post=2482"}],"curies":[{"name":"wp","href":"https:\/\/api.w.org\/{rel}","templated":true}]}}