{"id":2462,"date":"2022-11-28T10:52:46","date_gmt":"2022-11-28T09:52:46","guid":{"rendered":"https:\/\/www.fcgueugnon.fr\/site\/?p=2462"},"modified":"2023-05-13T13:11:25","modified_gmt":"2023-05-13T11:11:25","slug":"n3-j09-ca-pontarlier-fc-gueugnon-resultat-reactions-et-resume","status":"publish","type":"post","link":"https:\/\/www.fcgueugnon.fr\/site\/n3-j09-ca-pontarlier-fc-gueugnon-resultat-reactions-et-resume\/2462","title":{"rendered":"[N3 J09 : CA Pontarlier &#8211; FC Gueugnon] R\u00e9sultat, r\u00e9actions et r\u00e9sum\u00e9"},"content":{"rendered":"\n<h3 class=\"has-text-align-left wp-block-heading\"><strong>Ce samedi, le FC Gueugnon s&rsquo;est inclin\u00e9 sur la pelouse du CA Pontarlier, qui conforte ainsi sa place de leader au classement de ce championnat National 3.<\/strong><\/h3>\n\n\n\n<div style=\"height:15px\" aria-hidden=\"true\" class=\"wp-block-spacer\"><\/div>\n\n\n\n<figure class=\"wp-block-gallery has-nested-images columns-2 is-cropped wp-block-gallery-1 is-layout-flex wp-block-gallery-is-layout-flex\">\n<figure class=\"wp-block-image size-large\"><img loading=\"lazy\" decoding=\"async\" width=\"1024\" height=\"768\" data-id=\"2463\" src=\"https:\/\/www.fcgueugnon.fr\/site\/wp-content\/uploads\/2022\/11\/CA-PONTARLIER-FC-GUEUGNON-2-1024x768.jpeg\" alt=\"\" class=\"wp-image-2463\" srcset=\"https:\/\/www.fcgueugnon.fr\/site\/wp-content\/uploads\/2022\/11\/CA-PONTARLIER-FC-GUEUGNON-2-1024x768.jpeg 1024w, https:\/\/www.fcgueugnon.fr\/site\/wp-content\/uploads\/2022\/11\/CA-PONTARLIER-FC-GUEUGNON-2-400x300.jpeg 400w, https:\/\/www.fcgueugnon.fr\/site\/wp-content\/uploads\/2022\/11\/CA-PONTARLIER-FC-GUEUGNON-2-768x576.jpeg 768w, https:\/\/www.fcgueugnon.fr\/site\/wp-content\/uploads\/2022\/11\/CA-PONTARLIER-FC-GUEUGNON-2-1536x1152.jpeg 1536w, https:\/\/www.fcgueugnon.fr\/site\/wp-content\/uploads\/2022\/11\/CA-PONTARLIER-FC-GUEUGNON-2-1320x990.jpeg 1320w, https:\/\/www.fcgueugnon.fr\/site\/wp-content\/uploads\/2022\/11\/CA-PONTARLIER-FC-GUEUGNON-2.jpeg 2000w\" sizes=\"auto, (max-width: 1024px) 100vw, 1024px\" \/><\/figure>\n\n\n\n<figure class=\"wp-block-image size-large\"><img loading=\"lazy\" decoding=\"async\" width=\"1024\" height=\"768\" data-id=\"2464\" src=\"https:\/\/www.fcgueugnon.fr\/site\/wp-content\/uploads\/2022\/11\/CA-PONTARLIER-FC-GUEUGNON-1-1024x768.jpeg\" alt=\"\" class=\"wp-image-2464\" srcset=\"https:\/\/www.fcgueugnon.fr\/site\/wp-content\/uploads\/2022\/11\/CA-PONTARLIER-FC-GUEUGNON-1-1024x768.jpeg 1024w, https:\/\/www.fcgueugnon.fr\/site\/wp-content\/uploads\/2022\/11\/CA-PONTARLIER-FC-GUEUGNON-1-400x300.jpeg 400w, https:\/\/www.fcgueugnon.fr\/site\/wp-content\/uploads\/2022\/11\/CA-PONTARLIER-FC-GUEUGNON-1-768x576.jpeg 768w, https:\/\/www.fcgueugnon.fr\/site\/wp-content\/uploads\/2022\/11\/CA-PONTARLIER-FC-GUEUGNON-1-1536x1152.jpeg 1536w, https:\/\/www.fcgueugnon.fr\/site\/wp-content\/uploads\/2022\/11\/CA-PONTARLIER-FC-GUEUGNON-1-1320x990.jpeg 1320w, https:\/\/www.fcgueugnon.fr\/site\/wp-content\/uploads\/2022\/11\/CA-PONTARLIER-FC-GUEUGNON-1.jpeg 2000w\" sizes=\"auto, (max-width: 1024px) 100vw, 1024px\" \/><\/figure>\n<\/figure>\n\n\n\n<p class=\"has-text-align-center\"><em>Photos : FC Gueugnon<\/em><\/p>\n\n\n\n<div style=\"height:15px\" aria-hidden=\"true\" class=\"wp-block-spacer\"><\/div>\n\n\n\n<p>Avec sept victoires en neuf journ\u00e9es, le CA Pontarlier domine le championnat National 3 Bourgogne Franche-Comt\u00e9. Pourtant, ce sont bien les gueugnonnais, en net regain de forme, qui dominent dans le jeu et gagnent la bataille du milieu de terrain. Apr\u00e8s une premi\u00e8re alerte sur le but d&rsquo;<strong>Anthony Njock<\/strong> o\u00f9 <strong>Quissumgo Maconda<\/strong> est signal\u00e9 en position de hors-jeu (3&prime;), les forgerons se montrent sup\u00e9rieurs mais font face \u00e0 une d\u00e9fense \u00e0 cinq de Pontarlier bien en place. Seul, <strong>Jason Luanda<\/strong> parvient r\u00e9ellement \u00e0 mettre en difficult\u00e9 <strong>Lucas Buisson<\/strong> qui r\u00e9alise la parade (13&prime; ; 0-0).<\/p>\n\n\n\n<p>Apr\u00e8s la pause, les gueugnonnais reviennent sur le terrain avec les m\u00eames intentions mais se feront surprendre sur un centre de <strong>Maconda<\/strong> repris par <strong>Chayebi<\/strong> (62&prime; ; 1-0). Le FCG va alors se porter vers l&rsquo;avant pour tenter de revenir au score. Malheureusement, la vol\u00e9e de <strong>Franck Revuelta<\/strong> (74&prime;) vient mourir au pied du poteau puis <strong>Patrick Mvondo<\/strong>, \u00e0 la r\u00e9ception d&rsquo;un centre, ne parvient pas \u00e0 conclure (78&prime;). Finalement, ce sont les locaux qui vont faire le break sur coup-franc et sceller le score de la partir (82&prime; ; 2-0).<\/p>\n\n\n\n<p>Beaucoup de regrets pour les forgerons qui n&rsquo;ont pas d\u00e9m\u00e9rit\u00e9 et qui vont tenter de rebondir ce samedi \u00e0 Jean Laville face \u00e0 Quetigny (18h).<\/p>\n\n\n\n<div style=\"height:40px\" aria-hidden=\"true\" class=\"wp-block-spacer\"><\/div>\n\n\n\n<h2 class=\"wp-block-heading\">R\u00e9actions<\/h2>\n\n\n\n<div class=\"wp-block-coblocks-media-card alignwide is-style-left is-stacked-on-mobile coblocks-media-card-77145432166\"><div class=\"wp-block-coblocks-media-card__inner has-padding has-large-padding\"><div class=\"wp-block-coblocks-media-card__wrapper\" style=\"grid-template-columns:44% auto\"><figure class=\"wp-block-coblocks-media-card__media has-shadow\"><img loading=\"lazy\" decoding=\"async\" width=\"1024\" height=\"682\" src=\"https:\/\/www.fcgueugnon.fr\/site\/wp-content\/uploads\/2022\/09\/SONI-MUSTIVAR-1024x682.png\" alt=\"\" class=\"wp-image-1222\" srcset=\"https:\/\/www.fcgueugnon.fr\/site\/wp-content\/uploads\/2022\/09\/SONI-MUSTIVAR-1024x682.png 1024w, https:\/\/www.fcgueugnon.fr\/site\/wp-content\/uploads\/2022\/09\/SONI-MUSTIVAR-400x267.png 400w, https:\/\/www.fcgueugnon.fr\/site\/wp-content\/uploads\/2022\/09\/SONI-MUSTIVAR-768x512.png 768w, https:\/\/www.fcgueugnon.fr\/site\/wp-content\/uploads\/2022\/09\/SONI-MUSTIVAR-1536x1024.png 1536w, https:\/\/www.fcgueugnon.fr\/site\/wp-content\/uploads\/2022\/09\/SONI-MUSTIVAR-1320x880.png 1320w, https:\/\/www.fcgueugnon.fr\/site\/wp-content\/uploads\/2022\/09\/SONI-MUSTIVAR.png 1772w\" sizes=\"auto, (max-width: 1024px) 100vw, 1024px\" \/><\/figure><div class=\"wp-block-coblocks-media-card__content has-shadow\">\n<div class=\"wp-block-coblocks-row coblocks-row-77145432275\" data-columns=\"1\" data-layout=\"100\"><div class=\"wp-block-coblocks-row__inner has-background has-padding has-huge-padding has-no-margin is-stacked-on-mobile are-vertically-aligned-center has-medium-gutter\" style=\"background-color:#FFFFFF\">\n<div class=\"wp-block-coblocks-column is-vertically-aligned-center coblocks-column-77145432284\" style=\"width:100%\"><div class=\"wp-block-coblocks-column__inner has-no-padding has-no-margin\">\n<h3 class=\"wp-block-heading\"><strong>Soni Mustivar, capitaine<\/strong> :<\/h3>\n\n\n\n<div style=\"height:30px\" aria-hidden=\"true\" class=\"wp-block-spacer\"><\/div>\n\n\n\n<p><em>\u00ab C&rsquo;est une d\u00e9faite difficile \u00e0 accepter. Le contenu que nous avons propos\u00e9 \u00e9tait bon mais quand on fait des erreurs, on est puni. C&rsquo;est ce qu&rsquo;il nous est arriv\u00e9 ce soir. \u00bb<\/em><\/p>\n\n\n\n<div style=\"height:30px\" aria-hidden=\"true\" class=\"wp-block-spacer\"><\/div>\n\n\n\n<p><sub>R\u00e9actions compl\u00e8tes \u00e0 retrouver ce mercredi \u00e0 10:15 et \u00e0 18:30 en direct sur Radio Cactus (FM 92.2) ou \u00e0 partir de jeudi sur notre site officiel ou sur Mixcloud.com !<\/sub><\/p>\n\n\n\n<div style=\"height:20px\" aria-hidden=\"true\" class=\"wp-block-spacer\"><\/div>\n<\/div><\/div>\n<\/div><\/div>\n<\/div><\/div><\/div><\/div>\n\n\n\n<div class=\"wp-block-coblocks-media-card alignwide is-style-right is-stacked-on-mobile coblocks-media-card-77145432166\"><div class=\"wp-block-coblocks-media-card__inner has-padding has-large-padding\"><div class=\"wp-block-coblocks-media-card__wrapper\" style=\"grid-template-columns:auto 46%\"><figure class=\"wp-block-coblocks-media-card__media has-shadow\"><img loading=\"lazy\" decoding=\"async\" width=\"1024\" height=\"709\" src=\"https:\/\/www.fcgueugnon.fr\/site\/wp-content\/uploads\/2022\/11\/Franck-Revuelta-1024x709.png\" alt=\"\" class=\"wp-image-2466\" srcset=\"https:\/\/www.fcgueugnon.fr\/site\/wp-content\/uploads\/2022\/11\/Franck-Revuelta-1024x709.png 1024w, https:\/\/www.fcgueugnon.fr\/site\/wp-content\/uploads\/2022\/11\/Franck-Revuelta-400x277.png 400w, https:\/\/www.fcgueugnon.fr\/site\/wp-content\/uploads\/2022\/11\/Franck-Revuelta-768x532.png 768w, https:\/\/www.fcgueugnon.fr\/site\/wp-content\/uploads\/2022\/11\/Franck-Revuelta-1320x914.png 1320w, https:\/\/www.fcgueugnon.fr\/site\/wp-content\/uploads\/2022\/11\/Franck-Revuelta.png 1535w\" sizes=\"auto, (max-width: 1024px) 100vw, 1024px\" \/><\/figure><div class=\"wp-block-coblocks-media-card__content has-shadow\">\n<div class=\"wp-block-coblocks-row coblocks-row-77145432275\" data-columns=\"1\" data-layout=\"100\"><div class=\"wp-block-coblocks-row__inner has-background has-padding has-huge-padding has-no-margin is-stacked-on-mobile are-vertically-aligned-center has-medium-gutter\" style=\"background-color:#FFFFFF\">\n<div class=\"wp-block-coblocks-column is-vertically-aligned-center coblocks-column-77145432284\" style=\"width:100%\"><div class=\"wp-block-coblocks-column__inner has-no-padding has-no-margin\">\n<h3 class=\"wp-block-heading\"><strong>Franck Revuelta, attaquant <strong> :<\/strong><\/strong><\/h3>\n\n\n\n<div style=\"height:30px\" aria-hidden=\"true\" class=\"wp-block-spacer\"><\/div>\n\n\n\n<p><em>\u00ab Dans l&rsquo;\u00e9tat d&rsquo;esprit et dans l&rsquo;engagement, nous avons r\u00e9pondu pr\u00e9sent. \u00c0 nous de continuer \u00e0 travailler pour gommer nos erreurs, \u00eatre plus efficace d\u00e9fensivement et peser plus offensivement. \u00bb<\/em><\/p>\n\n\n\n<div style=\"height:30px\" aria-hidden=\"true\" class=\"wp-block-spacer\"><\/div>\n\n\n\n<p><sub>R\u00e9actions compl\u00e8tes \u00e0 retrouver ce mercredi \u00e0 10:15 et \u00e0 18:30 en direct sur Radio Cactus (FM 92.2) ou \u00e0 partir de jeudi sur notre site officiel ou sur Mixcloud.com !<\/sub><\/p>\n\n\n\n<div style=\"height:20px\" aria-hidden=\"true\" class=\"wp-block-spacer\"><\/div>\n<\/div><\/div>\n<\/div><\/div>\n<\/div><\/div><\/div><\/div>\n\n\n\n<div style=\"height:40px\" aria-hidden=\"true\" class=\"wp-block-spacer\"><\/div>\n\n\n\n<hr class=\"wp-block-separator has-text-color has-css-opacity has-background\" style=\"background-color:#f7db4a;color:#f7db4a\"\/>\n\n\n\n<h3 class=\"has-text-align-center wp-block-heading\"><strong>\u2139 Prochains matchs : <\/strong><br>&#8211; Samedi 03\/12 \u00e0 18h00 : FC Gueugnon \/ Quetigny<br>&#8211; Samedi 10\/12 \u00e0 14h30 : Saint-Apollinaire \/ FC Gueugnon<\/h3>\n\n\n\n<hr class=\"wp-block-separator has-text-color has-css-opacity has-background\" style=\"background-color:#f7db4a;color:#f7db4a\"\/>\n\n\n\n<h3 class=\"wp-block-heading\">\u26bd <strong>Score final<\/strong><\/h3>\n\n\n\n<p><span data-reactid=\".9.1:3:1:$comment10153319512882859_10153320215687859:0.0.$right.0.$left.0.0.1.$comment-body.0.$end:0:$4:0\"><span class=\"null\"><strong>\u00c0 Pontarlier, stade Paul Robbe<\/strong><br><\/span><\/span>CA Pontarlier 2 &#8211; 0 FC Gueugnon<\/p>\n\n\n\n<p><strong>Officiels :<\/strong><br>Arbitre centre : EVAN JERONIMO<br>Arbitre assistant 1 : RAFIK BELKAID<br>Arbitre assistant 2 : FABRICE SIMARD<br>D\u00e9l\u00e9gu\u00e9 principal : YASSINE SAAD<br>Observateur adjoint 1 : JOEL ROCHERIEUX<\/p>\n\n\n\n<div style=\"height:15px\" aria-hidden=\"true\" class=\"wp-block-spacer\"><\/div>\n\n\n\n<h3 class=\"wp-block-heading\">\ud83d\udfe1\ud83d\udd35 <strong>Composition d&rsquo;\u00e9quipe<\/strong><\/h3>\n\n\n\n<p>Njock &#8211; Helal, Ketterle, Fahrasmane, Chauvet &#8211; Mustivar (c) (73&prime; Mohamed), Diallo, Salibur (86&prime; Mbock), Luanda (69&prime; Bouekou) &#8211; Fr. Revuelta, Dram\u00e9 (69&prime; Mvondo).<br>Entraineur : Philippe Correia (abs) \/ Adjoints : Bakeba Bayo \/ Alexandre Lafitte.<\/p>\n\n\n\n<div style=\"height:38px\" aria-hidden=\"true\" class=\"wp-block-spacer\"><\/div>\n\n\n\n<h3 class=\"wp-block-heading\">\ud83d\udd0d <strong>Plus d&rsquo;articles <\/strong><\/h3>\n\n\n\n<blockquote class=\"wp-block-quote is-layout-flow wp-block-quote-is-layout-flow\">\n<p><span style=\"line-height: 1.5;\">\u25ba <a href=\"https:\/\/twitter.com\/FCGueugnon_Off\/status\/1596489196037758976\">Revivre le live<\/a><\/span><\/p>\n<\/blockquote>\n","protected":false},"excerpt":{"rendered":"<p>Ce samedi, le FC Gueugnon s&rsquo;est inclin\u00e9 sur la pelouse du CA Pontarlier, qui conforte ainsi sa place de leader au classement de ce championnat National 3. Photos : FC Gueugnon Avec sept victoires en neuf journ\u00e9es, le CA Pontarlier domine le championnat National 3 Bourgogne Franche-Comt\u00e9. Pourtant, ce sont bien les gueugnonnais, en net &#8230; <\/p>\n<p class=\"read-more-container\"><a title=\"[N3 J09 : CA Pontarlier &#8211; FC Gueugnon] R\u00e9sultat, r\u00e9actions et r\u00e9sum\u00e9\" class=\"read-more button\" href=\"https:\/\/www.fcgueugnon.fr\/site\/n3-j09-ca-pontarlier-fc-gueugnon-resultat-reactions-et-resume\/2462#more-2462\" aria-label=\"Plus sur [N3 J09 : CA Pontarlier &#8211; FC Gueugnon] R\u00e9sultat, r\u00e9actions et r\u00e9sum\u00e9\">Lire la suite<\/a><\/p>\n","protected":false},"author":3,"featured_media":2463,"comment_status":"closed","ping_status":"closed","sticky":true,"template":"","format":"standard","meta":{"footnotes":""},"categories":[5,4],"tags":[27],"class_list":["post-2462","post","type-post","status-publish","format-standard","has-post-thumbnail","hentry","category-news-2022-2023","category-news","tag-resultat","infinite-scroll-item","generate-columns","tablet-grid-50","mobile-grid-100","grid-parent","grid-25","resize-featured-image"],"yoast_head":"<!-- This site is optimized with the Yoast SEO plugin v26.6 - https:\/\/yoast.com\/wordpress\/plugins\/seo\/ -->\n<title>[N3 J09 : CA Pontarlier - FC Gueugnon] R\u00e9sultat, r\u00e9actions et r\u00e9sum\u00e9 &#8226; FOOTBALL CLUB GUEUGNON<\/title>\n<meta name=\"robots\" content=\"index, follow, max-snippet:-1, max-image-preview:large, max-video-preview:-1\" \/>\n<link rel=\"canonical\" href=\"https:\/\/www.fcgueugnon.fr\/site\/n3-j09-ca-pontarlier-fc-gueugnon-resultat-reactions-et-resume\/2462\" \/>\n<meta property=\"og:locale\" content=\"fr_FR\" \/>\n<meta property=\"og:type\" content=\"article\" \/>\n<meta property=\"og:title\" content=\"[N3 J09 : CA Pontarlier - FC Gueugnon] R\u00e9sultat, r\u00e9actions et r\u00e9sum\u00e9 &#8226; FOOTBALL CLUB GUEUGNON\" \/>\n<meta property=\"og:description\" content=\"Ce samedi, le FC Gueugnon s&rsquo;est inclin\u00e9 sur la pelouse du CA Pontarlier, qui conforte ainsi sa place de leader au classement de ce championnat National 3. Photos : FC Gueugnon Avec sept victoires en neuf journ\u00e9es, le CA Pontarlier domine le championnat National 3 Bourgogne Franche-Comt\u00e9. Pourtant, ce sont bien les gueugnonnais, en net ... Lire la suite\" \/>\n<meta property=\"og:url\" content=\"https:\/\/www.fcgueugnon.fr\/site\/n3-j09-ca-pontarlier-fc-gueugnon-resultat-reactions-et-resume\/2462\" \/>\n<meta property=\"og:site_name\" content=\"FOOTBALL CLUB GUEUGNON\" \/>\n<meta property=\"article:publisher\" content=\"http:\/\/facebook.com\/FCGueugnon\" \/>\n<meta property=\"article:published_time\" content=\"2022-11-28T09:52:46+00:00\" \/>\n<meta property=\"article:modified_time\" content=\"2023-05-13T11:11:25+00:00\" \/>\n<meta property=\"og:image\" content=\"https:\/\/www.fcgueugnon.fr\/site\/wp-content\/uploads\/2022\/11\/CA-PONTARLIER-FC-GUEUGNON-2.jpeg\" \/>\n\t<meta property=\"og:image:width\" content=\"2000\" \/>\n\t<meta property=\"og:image:height\" content=\"1500\" \/>\n\t<meta property=\"og:image:type\" content=\"image\/jpeg\" \/>\n<meta name=\"author\" content=\"FC Gueugnon\" \/>\n<meta name=\"twitter:card\" content=\"summary_large_image\" \/>\n<meta name=\"twitter:creator\" content=\"@FCGueugnon_off\" \/>\n<meta name=\"twitter:site\" content=\"@FCGueugnon_off\" \/>\n<meta name=\"twitter:label1\" content=\"\u00c9crit par\" \/>\n\t<meta name=\"twitter:data1\" content=\"FC Gueugnon\" \/>\n\t<meta name=\"twitter:label2\" content=\"Dur\u00e9e de lecture estim\u00e9e\" \/>\n\t<meta name=\"twitter:data2\" content=\"4 minutes\" \/>\n<script type=\"application\/ld+json\" class=\"yoast-schema-graph\">{\"@context\":\"https:\/\/schema.org\",\"@graph\":[{\"@type\":\"Article\",\"@id\":\"https:\/\/www.fcgueugnon.fr\/site\/n3-j09-ca-pontarlier-fc-gueugnon-resultat-reactions-et-resume\/2462#article\",\"isPartOf\":{\"@id\":\"https:\/\/www.fcgueugnon.fr\/site\/n3-j09-ca-pontarlier-fc-gueugnon-resultat-reactions-et-resume\/2462\"},\"author\":{\"name\":\"FC Gueugnon\",\"@id\":\"https:\/\/www.fcgueugnon.fr\/site\/#\/schema\/person\/829630bfb5d6f3ebe4d296b75687c01a\"},\"headline\":\"[N3 J09 : CA Pontarlier &#8211; FC Gueugnon] R\u00e9sultat, r\u00e9actions et r\u00e9sum\u00e9\",\"datePublished\":\"2022-11-28T09:52:46+00:00\",\"dateModified\":\"2023-05-13T11:11:25+00:00\",\"mainEntityOfPage\":{\"@id\":\"https:\/\/www.fcgueugnon.fr\/site\/n3-j09-ca-pontarlier-fc-gueugnon-resultat-reactions-et-resume\/2462\"},\"wordCount\":462,\"publisher\":{\"@id\":\"https:\/\/www.fcgueugnon.fr\/site\/#organization\"},\"image\":{\"@id\":\"https:\/\/www.fcgueugnon.fr\/site\/n3-j09-ca-pontarlier-fc-gueugnon-resultat-reactions-et-resume\/2462#primaryimage\"},\"thumbnailUrl\":\"https:\/\/www.fcgueugnon.fr\/site\/wp-content\/uploads\/2022\/11\/CA-PONTARLIER-FC-GUEUGNON-2.jpeg\",\"keywords\":[\"R\u00e9sultat\"],\"articleSection\":[\"Archives 2022\/2023\",\"News\"],\"inLanguage\":\"fr-FR\"},{\"@type\":\"WebPage\",\"@id\":\"https:\/\/www.fcgueugnon.fr\/site\/n3-j09-ca-pontarlier-fc-gueugnon-resultat-reactions-et-resume\/2462\",\"url\":\"https:\/\/www.fcgueugnon.fr\/site\/n3-j09-ca-pontarlier-fc-gueugnon-resultat-reactions-et-resume\/2462\",\"name\":\"[N3 J09 : CA Pontarlier - FC Gueugnon] R\u00e9sultat, r\u00e9actions et r\u00e9sum\u00e9 &#8226; FOOTBALL CLUB GUEUGNON\",\"isPartOf\":{\"@id\":\"https:\/\/www.fcgueugnon.fr\/site\/#website\"},\"primaryImageOfPage\":{\"@id\":\"https:\/\/www.fcgueugnon.fr\/site\/n3-j09-ca-pontarlier-fc-gueugnon-resultat-reactions-et-resume\/2462#primaryimage\"},\"image\":{\"@id\":\"https:\/\/www.fcgueugnon.fr\/site\/n3-j09-ca-pontarlier-fc-gueugnon-resultat-reactions-et-resume\/2462#primaryimage\"},\"thumbnailUrl\":\"https:\/\/www.fcgueugnon.fr\/site\/wp-content\/uploads\/2022\/11\/CA-PONTARLIER-FC-GUEUGNON-2.jpeg\",\"datePublished\":\"2022-11-28T09:52:46+00:00\",\"dateModified\":\"2023-05-13T11:11:25+00:00\",\"breadcrumb\":{\"@id\":\"https:\/\/www.fcgueugnon.fr\/site\/n3-j09-ca-pontarlier-fc-gueugnon-resultat-reactions-et-resume\/2462#breadcrumb\"},\"inLanguage\":\"fr-FR\",\"potentialAction\":[{\"@type\":\"ReadAction\",\"target\":[\"https:\/\/www.fcgueugnon.fr\/site\/n3-j09-ca-pontarlier-fc-gueugnon-resultat-reactions-et-resume\/2462\"]}]},{\"@type\":\"ImageObject\",\"inLanguage\":\"fr-FR\",\"@id\":\"https:\/\/www.fcgueugnon.fr\/site\/n3-j09-ca-pontarlier-fc-gueugnon-resultat-reactions-et-resume\/2462#primaryimage\",\"url\":\"https:\/\/www.fcgueugnon.fr\/site\/wp-content\/uploads\/2022\/11\/CA-PONTARLIER-FC-GUEUGNON-2.jpeg\",\"contentUrl\":\"https:\/\/www.fcgueugnon.fr\/site\/wp-content\/uploads\/2022\/11\/CA-PONTARLIER-FC-GUEUGNON-2.jpeg\",\"width\":2000,\"height\":1500},{\"@type\":\"BreadcrumbList\",\"@id\":\"https:\/\/www.fcgueugnon.fr\/site\/n3-j09-ca-pontarlier-fc-gueugnon-resultat-reactions-et-resume\/2462#breadcrumb\",\"itemListElement\":[{\"@type\":\"ListItem\",\"position\":1,\"name\":\"Accueil\",\"item\":\"https:\/\/www.fcgueugnon.fr\/site\/\"},{\"@type\":\"ListItem\",\"position\":2,\"name\":\"[N3 J09 : CA Pontarlier &#8211; FC Gueugnon] R\u00e9sultat, r\u00e9actions et r\u00e9sum\u00e9\"}]},{\"@type\":\"WebSite\",\"@id\":\"https:\/\/www.fcgueugnon.fr\/site\/#website\",\"url\":\"https:\/\/www.fcgueugnon.fr\/site\/\",\"name\":\"FOOTBALL CLUB GUEUGNON\",\"description\":\"Le Site Officiel des Forgerons\",\"publisher\":{\"@id\":\"https:\/\/www.fcgueugnon.fr\/site\/#organization\"},\"potentialAction\":[{\"@type\":\"SearchAction\",\"target\":{\"@type\":\"EntryPoint\",\"urlTemplate\":\"https:\/\/www.fcgueugnon.fr\/site\/?s={search_term_string}\"},\"query-input\":{\"@type\":\"PropertyValueSpecification\",\"valueRequired\":true,\"valueName\":\"search_term_string\"}}],\"inLanguage\":\"fr-FR\"},{\"@type\":\"Organization\",\"@id\":\"https:\/\/www.fcgueugnon.fr\/site\/#organization\",\"name\":\"FC Gueugnon\",\"url\":\"https:\/\/www.fcgueugnon.fr\/site\/\",\"logo\":{\"@type\":\"ImageObject\",\"inLanguage\":\"fr-FR\",\"@id\":\"https:\/\/www.fcgueugnon.fr\/site\/#\/schema\/logo\/image\/\",\"url\":\"https:\/\/www.fcgueugnon.fr\/site\/wp-content\/uploads\/2022\/07\/cropped-Logo-FCGUEUGNON-low-350x350-1.png\",\"contentUrl\":\"https:\/\/www.fcgueugnon.fr\/site\/wp-content\/uploads\/2022\/07\/cropped-Logo-FCGUEUGNON-low-350x350-1.png\",\"width\":350,\"height\":350,\"caption\":\"FC Gueugnon\"},\"image\":{\"@id\":\"https:\/\/www.fcgueugnon.fr\/site\/#\/schema\/logo\/image\/\"},\"sameAs\":[\"http:\/\/facebook.com\/FCGueugnon\",\"https:\/\/x.com\/FCGueugnon_off\",\"https:\/\/www.instagram.com\/fcgueugnon\/\",\"https:\/\/www.linkedin.com\/company\/football-club-de-gueugnon\/\",\"https:\/\/www.youtube.com\/user\/FCGueugnonnais\",\"https:\/\/fr.wikipedia.org\/wiki\/Football_Club_de_Gueugnon\"]},{\"@type\":\"Person\",\"@id\":\"https:\/\/www.fcgueugnon.fr\/site\/#\/schema\/person\/829630bfb5d6f3ebe4d296b75687c01a\",\"name\":\"FC Gueugnon\",\"url\":\"https:\/\/www.fcgueugnon.fr\/site\/author\/g-avin1\"}]}<\/script>\n<!-- \/ Yoast SEO plugin. -->","yoast_head_json":{"title":"[N3 J09 : CA Pontarlier - FC Gueugnon] R\u00e9sultat, r\u00e9actions et r\u00e9sum\u00e9 &#8226; FOOTBALL CLUB GUEUGNON","robots":{"index":"index","follow":"follow","max-snippet":"max-snippet:-1","max-image-preview":"max-image-preview:large","max-video-preview":"max-video-preview:-1"},"canonical":"https:\/\/www.fcgueugnon.fr\/site\/n3-j09-ca-pontarlier-fc-gueugnon-resultat-reactions-et-resume\/2462","og_locale":"fr_FR","og_type":"article","og_title":"[N3 J09 : CA Pontarlier - FC Gueugnon] R\u00e9sultat, r\u00e9actions et r\u00e9sum\u00e9 &#8226; FOOTBALL CLUB GUEUGNON","og_description":"Ce samedi, le FC Gueugnon s&rsquo;est inclin\u00e9 sur la pelouse du CA Pontarlier, qui conforte ainsi sa place de leader au classement de ce championnat National 3. Photos : FC Gueugnon Avec sept victoires en neuf journ\u00e9es, le CA Pontarlier domine le championnat National 3 Bourgogne Franche-Comt\u00e9. Pourtant, ce sont bien les gueugnonnais, en net ... Lire la suite","og_url":"https:\/\/www.fcgueugnon.fr\/site\/n3-j09-ca-pontarlier-fc-gueugnon-resultat-reactions-et-resume\/2462","og_site_name":"FOOTBALL CLUB GUEUGNON","article_publisher":"http:\/\/facebook.com\/FCGueugnon","article_published_time":"2022-11-28T09:52:46+00:00","article_modified_time":"2023-05-13T11:11:25+00:00","og_image":[{"width":2000,"height":1500,"url":"https:\/\/www.fcgueugnon.fr\/site\/wp-content\/uploads\/2022\/11\/CA-PONTARLIER-FC-GUEUGNON-2.jpeg","type":"image\/jpeg"}],"author":"FC Gueugnon","twitter_card":"summary_large_image","twitter_creator":"@FCGueugnon_off","twitter_site":"@FCGueugnon_off","twitter_misc":{"\u00c9crit par":"FC Gueugnon","Dur\u00e9e de lecture estim\u00e9e":"4 minutes"},"schema":{"@context":"https:\/\/schema.org","@graph":[{"@type":"Article","@id":"https:\/\/www.fcgueugnon.fr\/site\/n3-j09-ca-pontarlier-fc-gueugnon-resultat-reactions-et-resume\/2462#article","isPartOf":{"@id":"https:\/\/www.fcgueugnon.fr\/site\/n3-j09-ca-pontarlier-fc-gueugnon-resultat-reactions-et-resume\/2462"},"author":{"name":"FC Gueugnon","@id":"https:\/\/www.fcgueugnon.fr\/site\/#\/schema\/person\/829630bfb5d6f3ebe4d296b75687c01a"},"headline":"[N3 J09 : CA Pontarlier &#8211; FC Gueugnon] R\u00e9sultat, r\u00e9actions et r\u00e9sum\u00e9","datePublished":"2022-11-28T09:52:46+00:00","dateModified":"2023-05-13T11:11:25+00:00","mainEntityOfPage":{"@id":"https:\/\/www.fcgueugnon.fr\/site\/n3-j09-ca-pontarlier-fc-gueugnon-resultat-reactions-et-resume\/2462"},"wordCount":462,"publisher":{"@id":"https:\/\/www.fcgueugnon.fr\/site\/#organization"},"image":{"@id":"https:\/\/www.fcgueugnon.fr\/site\/n3-j09-ca-pontarlier-fc-gueugnon-resultat-reactions-et-resume\/2462#primaryimage"},"thumbnailUrl":"https:\/\/www.fcgueugnon.fr\/site\/wp-content\/uploads\/2022\/11\/CA-PONTARLIER-FC-GUEUGNON-2.jpeg","keywords":["R\u00e9sultat"],"articleSection":["Archives 2022\/2023","News"],"inLanguage":"fr-FR"},{"@type":"WebPage","@id":"https:\/\/www.fcgueugnon.fr\/site\/n3-j09-ca-pontarlier-fc-gueugnon-resultat-reactions-et-resume\/2462","url":"https:\/\/www.fcgueugnon.fr\/site\/n3-j09-ca-pontarlier-fc-gueugnon-resultat-reactions-et-resume\/2462","name":"[N3 J09 : CA Pontarlier - FC Gueugnon] R\u00e9sultat, r\u00e9actions et r\u00e9sum\u00e9 &#8226; FOOTBALL CLUB GUEUGNON","isPartOf":{"@id":"https:\/\/www.fcgueugnon.fr\/site\/#website"},"primaryImageOfPage":{"@id":"https:\/\/www.fcgueugnon.fr\/site\/n3-j09-ca-pontarlier-fc-gueugnon-resultat-reactions-et-resume\/2462#primaryimage"},"image":{"@id":"https:\/\/www.fcgueugnon.fr\/site\/n3-j09-ca-pontarlier-fc-gueugnon-resultat-reactions-et-resume\/2462#primaryimage"},"thumbnailUrl":"https:\/\/www.fcgueugnon.fr\/site\/wp-content\/uploads\/2022\/11\/CA-PONTARLIER-FC-GUEUGNON-2.jpeg","datePublished":"2022-11-28T09:52:46+00:00","dateModified":"2023-05-13T11:11:25+00:00","breadcrumb":{"@id":"https:\/\/www.fcgueugnon.fr\/site\/n3-j09-ca-pontarlier-fc-gueugnon-resultat-reactions-et-resume\/2462#breadcrumb"},"inLanguage":"fr-FR","potentialAction":[{"@type":"ReadAction","target":["https:\/\/www.fcgueugnon.fr\/site\/n3-j09-ca-pontarlier-fc-gueugnon-resultat-reactions-et-resume\/2462"]}]},{"@type":"ImageObject","inLanguage":"fr-FR","@id":"https:\/\/www.fcgueugnon.fr\/site\/n3-j09-ca-pontarlier-fc-gueugnon-resultat-reactions-et-resume\/2462#primaryimage","url":"https:\/\/www.fcgueugnon.fr\/site\/wp-content\/uploads\/2022\/11\/CA-PONTARLIER-FC-GUEUGNON-2.jpeg","contentUrl":"https:\/\/www.fcgueugnon.fr\/site\/wp-content\/uploads\/2022\/11\/CA-PONTARLIER-FC-GUEUGNON-2.jpeg","width":2000,"height":1500},{"@type":"BreadcrumbList","@id":"https:\/\/www.fcgueugnon.fr\/site\/n3-j09-ca-pontarlier-fc-gueugnon-resultat-reactions-et-resume\/2462#breadcrumb","itemListElement":[{"@type":"ListItem","position":1,"name":"Accueil","item":"https:\/\/www.fcgueugnon.fr\/site\/"},{"@type":"ListItem","position":2,"name":"[N3 J09 : CA Pontarlier &#8211; FC Gueugnon] R\u00e9sultat, r\u00e9actions et r\u00e9sum\u00e9"}]},{"@type":"WebSite","@id":"https:\/\/www.fcgueugnon.fr\/site\/#website","url":"https:\/\/www.fcgueugnon.fr\/site\/","name":"FOOTBALL CLUB GUEUGNON","description":"Le Site Officiel des Forgerons","publisher":{"@id":"https:\/\/www.fcgueugnon.fr\/site\/#organization"},"potentialAction":[{"@type":"SearchAction","target":{"@type":"EntryPoint","urlTemplate":"https:\/\/www.fcgueugnon.fr\/site\/?s={search_term_string}"},"query-input":{"@type":"PropertyValueSpecification","valueRequired":true,"valueName":"search_term_string"}}],"inLanguage":"fr-FR"},{"@type":"Organization","@id":"https:\/\/www.fcgueugnon.fr\/site\/#organization","name":"FC Gueugnon","url":"https:\/\/www.fcgueugnon.fr\/site\/","logo":{"@type":"ImageObject","inLanguage":"fr-FR","@id":"https:\/\/www.fcgueugnon.fr\/site\/#\/schema\/logo\/image\/","url":"https:\/\/www.fcgueugnon.fr\/site\/wp-content\/uploads\/2022\/07\/cropped-Logo-FCGUEUGNON-low-350x350-1.png","contentUrl":"https:\/\/www.fcgueugnon.fr\/site\/wp-content\/uploads\/2022\/07\/cropped-Logo-FCGUEUGNON-low-350x350-1.png","width":350,"height":350,"caption":"FC Gueugnon"},"image":{"@id":"https:\/\/www.fcgueugnon.fr\/site\/#\/schema\/logo\/image\/"},"sameAs":["http:\/\/facebook.com\/FCGueugnon","https:\/\/x.com\/FCGueugnon_off","https:\/\/www.instagram.com\/fcgueugnon\/","https:\/\/www.linkedin.com\/company\/football-club-de-gueugnon\/","https:\/\/www.youtube.com\/user\/FCGueugnonnais","https:\/\/fr.wikipedia.org\/wiki\/Football_Club_de_Gueugnon"]},{"@type":"Person","@id":"https:\/\/www.fcgueugnon.fr\/site\/#\/schema\/person\/829630bfb5d6f3ebe4d296b75687c01a","name":"FC Gueugnon","url":"https:\/\/www.fcgueugnon.fr\/site\/author\/g-avin1"}]}},"rttpg_featured_image_url":{"full":["https:\/\/www.fcgueugnon.fr\/site\/wp-content\/uploads\/2022\/11\/CA-PONTARLIER-FC-GUEUGNON-2.jpeg",2000,1500,false],"landscape":["https:\/\/www.fcgueugnon.fr\/site\/wp-content\/uploads\/2022\/11\/CA-PONTARLIER-FC-GUEUGNON-2.jpeg",2000,1500,false],"portraits":["https:\/\/www.fcgueugnon.fr\/site\/wp-content\/uploads\/2022\/11\/CA-PONTARLIER-FC-GUEUGNON-2.jpeg",2000,1500,false],"thumbnail":["https:\/\/www.fcgueugnon.fr\/site\/wp-content\/uploads\/2022\/11\/CA-PONTARLIER-FC-GUEUGNON-2-150x150.jpeg",150,150,true],"medium":["https:\/\/www.fcgueugnon.fr\/site\/wp-content\/uploads\/2022\/11\/CA-PONTARLIER-FC-GUEUGNON-2-400x300.jpeg",400,300,true],"large":["https:\/\/www.fcgueugnon.fr\/site\/wp-content\/uploads\/2022\/11\/CA-PONTARLIER-FC-GUEUGNON-2-1024x768.jpeg",1024,768,true],"1536x1536":["https:\/\/www.fcgueugnon.fr\/site\/wp-content\/uploads\/2022\/11\/CA-PONTARLIER-FC-GUEUGNON-2-1536x1152.jpeg",1536,1152,true],"2048x2048":["https:\/\/www.fcgueugnon.fr\/site\/wp-content\/uploads\/2022\/11\/CA-PONTARLIER-FC-GUEUGNON-2.jpeg",2000,1500,false]},"rttpg_author":{"display_name":"FC Gueugnon","author_link":"https:\/\/www.fcgueugnon.fr\/site\/author\/g-avin1"},"rttpg_comment":0,"rttpg_category":"<a href=\"https:\/\/www.fcgueugnon.fr\/site\/category\/news\/news-2022-2023\" rel=\"category tag\">Archives 2022\/2023<\/a> <a href=\"https:\/\/www.fcgueugnon.fr\/site\/category\/news\" rel=\"category tag\">News<\/a>","rttpg_excerpt":"Ce samedi, le FC Gueugnon s&rsquo;est inclin\u00e9 sur la pelouse du CA Pontarlier, qui conforte ainsi sa place de leader au classement de ce championnat National 3. Photos : FC Gueugnon Avec sept victoires en neuf journ\u00e9es, le CA Pontarlier domine le championnat National 3 Bourgogne Franche-Comt\u00e9. Pourtant, ce sont bien les gueugnonnais, en net\u2026","_links":{"self":[{"href":"https:\/\/www.fcgueugnon.fr\/site\/wp-json\/wp\/v2\/posts\/2462","targetHints":{"allow":["GET"]}}],"collection":[{"href":"https:\/\/www.fcgueugnon.fr\/site\/wp-json\/wp\/v2\/posts"}],"about":[{"href":"https:\/\/www.fcgueugnon.fr\/site\/wp-json\/wp\/v2\/types\/post"}],"author":[{"embeddable":true,"href":"https:\/\/www.fcgueugnon.fr\/site\/wp-json\/wp\/v2\/users\/3"}],"replies":[{"embeddable":true,"href":"https:\/\/www.fcgueugnon.fr\/site\/wp-json\/wp\/v2\/comments?post=2462"}],"version-history":[{"count":2,"href":"https:\/\/www.fcgueugnon.fr\/site\/wp-json\/wp\/v2\/posts\/2462\/revisions"}],"predecessor-version":[{"id":2480,"href":"https:\/\/www.fcgueugnon.fr\/site\/wp-json\/wp\/v2\/posts\/2462\/revisions\/2480"}],"wp:featuredmedia":[{"embeddable":true,"href":"https:\/\/www.fcgueugnon.fr\/site\/wp-json\/wp\/v2\/media\/2463"}],"wp:attachment":[{"href":"https:\/\/www.fcgueugnon.fr\/site\/wp-json\/wp\/v2\/media?parent=2462"}],"wp:term":[{"taxonomy":"category","embeddable":true,"href":"https:\/\/www.fcgueugnon.fr\/site\/wp-json\/wp\/v2\/categories?post=2462"},{"taxonomy":"post_tag","embeddable":true,"href":"https:\/\/www.fcgueugnon.fr\/site\/wp-json\/wp\/v2\/tags?post=2462"}],"curies":[{"name":"wp","href":"https:\/\/api.w.org\/{rel}","templated":true}]}}