{"id":2339,"date":"2022-11-19T16:55:00","date_gmt":"2022-11-19T15:55:00","guid":{"rendered":"https:\/\/www.fcgueugnon.fr\/site\/?p=2339"},"modified":"2022-11-21T08:39:25","modified_gmt":"2022-11-21T07:39:25","slug":"interview-forgeron-mag-5-avec-theo-gabe","status":"publish","type":"post","link":"https:\/\/www.fcgueugnon.fr\/site\/interview-forgeron-mag-5-avec-theo-gabe\/2339","title":{"rendered":"[Interview] Forgeron Mag #5 avec Th\u00e9o GAB\u00c9"},"content":{"rendered":"\n<h3 class=\"wp-block-heading\">D\u00e9couvrez en int\u00e9gralit\u00e9 l&rsquo;entretien de <strong>Th\u00e9o GAB\u00c9<\/strong> diffus\u00e9 \u00e0 l&rsquo;occasion de cette 5\u00e8me journ\u00e9e de championnat face \u00e0 Jura Dolois Football dans le Forgeron Mag du 17\/11\/22.<\/h3>\n\n\n\n<div style=\"height:75px\" aria-hidden=\"true\" class=\"wp-block-spacer\"><\/div>\n\n\n<div class=\"wp-block-image\">\n<figure class=\"aligncenter size-large\"><img loading=\"lazy\" decoding=\"async\" width=\"1024\" height=\"683\" src=\"https:\/\/www.fcgueugnon.fr\/site\/wp-content\/uploads\/2022\/11\/MicrosoftTeams-image-7-1024x683.jpg\" alt=\"\" class=\"wp-image-2340\" srcset=\"https:\/\/www.fcgueugnon.fr\/site\/wp-content\/uploads\/2022\/11\/MicrosoftTeams-image-7-1024x683.jpg 1024w, https:\/\/www.fcgueugnon.fr\/site\/wp-content\/uploads\/2022\/11\/MicrosoftTeams-image-7-400x267.jpg 400w, https:\/\/www.fcgueugnon.fr\/site\/wp-content\/uploads\/2022\/11\/MicrosoftTeams-image-7-768x512.jpg 768w, https:\/\/www.fcgueugnon.fr\/site\/wp-content\/uploads\/2022\/11\/MicrosoftTeams-image-7-1536x1024.jpg 1536w, https:\/\/www.fcgueugnon.fr\/site\/wp-content\/uploads\/2022\/11\/MicrosoftTeams-image-7-2048x1365.jpg 2048w, https:\/\/www.fcgueugnon.fr\/site\/wp-content\/uploads\/2022\/11\/MicrosoftTeams-image-7-1320x880.jpg 1320w\" sizes=\"auto, (max-width: 1024px) 100vw, 1024px\" \/><\/figure>\n<\/div>\n\n\n<div style=\"height:75px\" aria-hidden=\"true\" class=\"wp-block-spacer\"><\/div>\n\n\n\n<p><strong>Salut Th\u00e9o, parle-nous de tes premiers pas dans le football&nbsp;:<\/strong><br>\u00ab&nbsp;Et bien j\u2019ai commenc\u00e9 le foot \u00e0 6 ans, c\u2019\u00e9tait dans le club de mon p\u00e8re. J\u2019ai imm\u00e9diatement accroch\u00e9 \u00e0 ce sport et cette passion ne m\u2019a jamais quitt\u00e9e.&nbsp;Dans les cat\u00e9gories jeunes je jouais attaquant. J\u2019ai commenc\u00e9 \u00e0 jouer au milieu de terrain \u00e0 environ 10 ans. Maintenant je suis plut\u00f4t milieu axial. Je suis assez polyvalent, je peux m\u2019adapter au syst\u00e8me de jeu de l\u2019\u00e9quipe.&nbsp;\u00bb<\/p>\n\n\n\n<p><strong>Parle-nous de ton parcours apr\u00e8s tes classes footballistiques&nbsp;:<\/strong><br>\u00ab&nbsp;J\u2019ai r\u00e9alis\u00e9 plusieurs saisons en N2 avec Dieppe, Avranches, Rouen, Saint Pryve Saint Hilaire et Sannois Saint Gratien. J\u2019ai aussi connu plusieurs saisons en N3 avant d\u2019arriver \u00e0 Gueugnon. Mon seul regret dans ce parcours c\u2019est de n\u2019avoir jamais pu int\u00e9grer de club professionnel, je suis tout de m\u00eame tr\u00e8s content d\u2019\u00eatre ici&nbsp;!&nbsp;\u00bb<\/p>\n\n\n\n<p><br><strong>Quels sont tes meilleurs souvenirs&nbsp;?<\/strong><br>\u00ab&nbsp;Je dirais tout d\u2019abord la coupe de France, avoir pu atteindre les 16<sup>e<\/sup> de finale \u00e9tait une fiert\u00e9 pour moi. Aussi la mont\u00e9e en nation avec Sannois St Gratien&nbsp;!&nbsp;\u00bb<\/p>\n\n\n\n<figure class=\"wp-block-pullquote\"><blockquote><p>\u00ab On fera les comptes en fin de saison et on verra ce qui a fonctionn\u00e9 ou non. \u00bb<\/p><\/blockquote><\/figure>\n\n\n\n<p><strong>Parle-nous de ton r\u00f4le au sein de l\u2019\u00e9quipe et du club&nbsp;:<\/strong><br>\u00ab&nbsp;Je n\u2019ai pas de r\u00f4le sp\u00e9cifique dans l\u2019\u00e9quipe, j\u2019essaie tout de m\u00eame d\u2019apporter mes qualit\u00e9s et mon savoir-faire \u00e0 l\u2019\u00e9quipe&nbsp;! Je suis aussi arbitre mais je me concentre avant tout sur l\u2019aspect joueur.&nbsp;\u00bb<\/p>\n\n\n\n<p><strong>Raconte-nous ce que c\u2019est d\u2019\u00eatre arbitre&nbsp;:<\/strong><br>\u00ab&nbsp;C\u2019est vraiment int\u00e9ressant, \u00e7a m\u2019a permis de comprendre les difficult\u00e9s que peut rencontrer un arbitre pendant un match difficile ou de g\u00e9rer 2 \u00e9quipes. Je trouve d\u2019ailleurs que les arbitres ont une mauvaise image en g\u00e9n\u00e9ral, c\u2019est bien dommage. Les joueurs comme les arbitres devraient se mettre \u00e0 la place de l\u2019autre lors d\u2019un match, \u00e7a \u00e9viterait beaucoup de tension je pense.&nbsp;\u00bb<\/p>\n\n\n\n<figure class=\"wp-block-pullquote\"><blockquote><p>\u00ab Mon seul regret dans ce parcours c\u2019est de n\u2019avoir jamais pu int\u00e9grer de club professionnel, je suis tout de m\u00eame tr\u00e8s content d\u2019\u00eatre ici&nbsp;!&nbsp;\u00bb<\/p><\/blockquote><\/figure>\n\n\n\n<p><strong>Qu\u2019est-ce que tu \u00e9coutes&nbsp;?<\/strong><br>\u00ab&nbsp;J\u2019\u00e9coute des choses tr\u00e8s dansantes, des artistes comme Burna Boys ou Kaza.&nbsp;\u00bb<\/p>\n\n\n\n<p><strong>En dehors des entrainements, qu\u2019est-ce que tu fais&nbsp;?<\/strong><br>\u00ab&nbsp;On a en g\u00e9n\u00e9ral beaucoup de temps apr\u00e8s l\u2019entrainement, je me repose et joue souvent \u00e0 la console, j\u2019adore la licence Call of Duty et surtout Warzone.&nbsp;\u00bb<\/p>\n\n\n\n<p><strong>C\u2019est quoi ton plat pr\u00e9f\u00e9r\u00e9&nbsp;?<\/strong><br>\u00ab&nbsp;J\u2019adore les p\u00e2tes au saumon et les Lasagnes. Avec le temps \u00e0 ma disposition, je cuisine pas mal&nbsp;!&nbsp;\u00bb<\/p>\n\n\n\n<figure class=\"wp-block-pullquote\"><blockquote><p>\u00ab Les joueurs comme les arbitres devraient se mettre \u00e0 la place de l\u2019autre lors d\u2019un match, \u00e7a \u00e9viterait beaucoup de tension je pense. \u00bb<\/p><\/blockquote><\/figure>\n\n\n\n<p><strong>Quel est ton sportif pr\u00e9f\u00e9r\u00e9&nbsp;?<\/strong><br>\u00ab&nbsp;Je ne me suis jamais vraiment identifi\u00e9 \u00e0 un joueur. Si je devais choisir, je dirais bien Lassana Diarra ou N\u2019Dombele, j\u2019aime bien ces joueurs.&nbsp;\u00bb<\/p>\n\n\n\n<p><strong>La coupe du monde c\u2019est pour bient\u00f4t, tu vas supporter qui&nbsp;?<\/strong><br>\u00ab&nbsp;\u00c7a va \u00eatre un mondial compliqu\u00e9 mais je vais \u00eatre patriote et supporter la France&nbsp;! J\u2019esp\u00e8re qu\u2019on va gagner. Sinon, ce serait bien qu\u2019une \u00e9quipe Africaine gagne pour la 1<sup>\u00e8re<\/sup> fois.&nbsp;\u00bb<br><br><strong>Tu as \u00e9t\u00e9 \u00e9loign\u00e9 des terrains pendant un certain temps, comment tu as g\u00e9r\u00e9 cela&nbsp;?<\/strong><br>\u00ab&nbsp;Effectivement, j\u2019ai \u00e9t\u00e9 op\u00e9r\u00e9 fin juillet pour une pubalgie, c\u2019\u00e9tait assez compliqu\u00e9 pour moi car lorsqu\u2019on est joueur, on prend du plaisir uniquement sur le terrain. Que ce soit \u00e0 l\u2019entrainement et surtout pendant les matches. J\u2019esp\u00e8re que c\u2019est la derni\u00e8re fois que cela m\u2019arrive&nbsp;!&nbsp;\u00bb<\/p>\n\n\n\n<figure class=\"wp-block-pullquote\"><blockquote><p>\u00ab Les matches contre Jura Dolois et Pontarlier vont \u00eatre d\u00e9cisifs pour la suite de la saison. \u00bb<\/p><\/blockquote><\/figure>\n\n\n\n<p><strong>Comment cela se passe dans l\u2019\u00e9quipe en ce moment&nbsp;et comment tu vis ce d\u00e9but de saison ?<\/strong><br>\u00ab&nbsp;Je commence \u00e0 retrouver le rythme et surtout les bonnes sensations&nbsp;! Malheureusement avec le carton rouge attribu\u00e9 la semaine derni\u00e8re, \u00e7a va stopper un peu les choses\u2026 Je vais travailler pendant ma suspension pour revenir au top&nbsp;!<br>L\u2019\u00e9quipe \u00e9tait dans une p\u00e9riode de doute \u00e0 mon retour de blessure. On sort de 3 bons matches, une bonne dynamique s\u2019installe. J\u2019esp\u00e8re que l\u2019\u00e9quipe va continuer cette marche en avant&nbsp;! J\u2019ai confiance en mes co\u00e9quipiers pour cela&nbsp;!&nbsp;\u00bb<\/p>\n\n\n\n<p><strong>Et pour la suite&nbsp;du championnat ?<\/strong><br>\u00ab&nbsp;Les matches contre Jura Dolois et Pontarlier vont \u00eatre d\u00e9cisifs pour la suite de la saison. Les r\u00e9sultats donneront une vision claire de notre position dans ce championnat.&nbsp;\u00bb<\/p>\n\n\n\n<figure class=\"wp-block-pullquote\"><blockquote><p>\u00ab On sort de 3 bons matches, une bonne dynamique s\u2019installe. J\u2019esp\u00e8re que l\u2019\u00e9quipe va continuer cette marche en avant&nbsp;!  \u00bb<\/p><\/blockquote><\/figure>\n\n\n\n<p><strong>Un dernier mot pour terminer&nbsp;?<\/strong><br>\u00ab&nbsp;Comme je l\u2019ai dit plus haut sur le sujet des arbitres sur le fait de se mettre \u00e0 la place des joueurs et des arbitres, j\u2019aimerais vraiment que toutes les personnes qui gravitent autour du club se mettent \u00e0 notre place, l\u2019\u00e9quipe est nouvelle, \u00e7a prend malheureusement du temps \u00e0 ce que tout fonctionne. En tout cas, sachez qu\u2019on donne notre maximum&nbsp;! On fera les comptes en fin de saison et on verra ce qui a fonctionn\u00e9 ou non. Je tiens \u00e0 remercier aussi ma famille et mes proches pour leur soutien tout au long de mon parcours et surtout pendant les moments difficiles&nbsp;\u00bb<\/p>\n\n\n\n<p>Merci Th\u00e9o<\/p>\n\n\n\n<div style=\"height:100px\" aria-hidden=\"true\" class=\"wp-block-spacer\"><\/div>\n\n\n\n<hr class=\"wp-block-separator has-alpha-channel-opacity\"\/>\n\n\n\n<h3 class=\"wp-block-heading\">Retrouvez le Forgeron Mag #5 en int\u00e9gralit\u00e9<\/h3>\n\n\n\n<div class=\"wp-block-pdf-viewer-block-standard\" style=\"text-align:left\"><div class=\"uploaded-pdf\"><a href=\"https:\/\/www.fcgueugnon.fr\/site\/wp-content\/uploads\/2022\/11\/forgeron-mag-fcgueugnon-vs-jura-dolois-J5.pdf\" data-width=\"\" data-height=\"\"><\/a><\/div><\/div>\n\n\n\n<div class=\"wp-block-buttons is-layout-flex wp-block-buttons-is-layout-flex\">\n<div class=\"wp-block-button alignright is-style-circular\"><a class=\"wp-block-button__link wp-element-button\" href=\"https:\/\/www.fcgueugnon.fr\/site\/wp-content\/uploads\/2022\/11\/forgeron-mag-fcgueugnon-vs-jura-dolois-J5.pdf\">T\u00e9l\u00e9charger<\/a><\/div>\n<\/div>\n","protected":false},"excerpt":{"rendered":"<p>D\u00e9couvrez en int\u00e9gralit\u00e9 l&rsquo;entretien de Th\u00e9o GAB\u00c9 diffus\u00e9 \u00e0 l&rsquo;occasion de cette 5\u00e8me journ\u00e9e de championnat face \u00e0 Jura Dolois Football dans le Forgeron Mag du 17\/11\/22. Salut Th\u00e9o, parle-nous de tes premiers pas dans le football&nbsp;:\u00ab&nbsp;Et bien j\u2019ai commenc\u00e9 le foot \u00e0 6 ans, c\u2019\u00e9tait dans le club de mon p\u00e8re. J\u2019ai imm\u00e9diatement accroch\u00e9 &#8230; <\/p>\n<p class=\"read-more-container\"><a title=\"[Interview] Forgeron Mag #5 avec Th\u00e9o GAB\u00c9\" class=\"read-more button\" href=\"https:\/\/www.fcgueugnon.fr\/site\/interview-forgeron-mag-5-avec-theo-gabe\/2339#more-2339\" aria-label=\"Plus sur [Interview] Forgeron Mag #5 avec Th\u00e9o GAB\u00c9\">Lire la suite<\/a><\/p>\n","protected":false},"author":2,"featured_media":2340,"comment_status":"closed","ping_status":"closed","sticky":false,"template":"","format":"standard","meta":{"footnotes":""},"categories":[5,4],"tags":[24,11],"class_list":["post-2339","post","type-post","status-publish","format-standard","has-post-thumbnail","hentry","category-news-2022-2023","category-news","tag-forgeron-mag","tag-interview","infinite-scroll-item","generate-columns","tablet-grid-50","mobile-grid-100","grid-parent","grid-25"],"yoast_head":"<!-- This site is optimized with the Yoast SEO plugin v26.6 - https:\/\/yoast.com\/wordpress\/plugins\/seo\/ -->\n<title>[Interview] Forgeron Mag #5 avec Th\u00e9o GAB\u00c9 &#8226; FOOTBALL CLUB GUEUGNON<\/title>\n<meta name=\"robots\" content=\"index, follow, max-snippet:-1, max-image-preview:large, max-video-preview:-1\" \/>\n<link rel=\"canonical\" href=\"https:\/\/www.fcgueugnon.fr\/site\/interview-forgeron-mag-5-avec-theo-gabe\/2339\" \/>\n<meta property=\"og:locale\" content=\"fr_FR\" \/>\n<meta property=\"og:type\" content=\"article\" \/>\n<meta property=\"og:title\" content=\"[Interview] Forgeron Mag #5 avec Th\u00e9o GAB\u00c9 &#8226; FOOTBALL CLUB GUEUGNON\" \/>\n<meta property=\"og:description\" content=\"D\u00e9couvrez en int\u00e9gralit\u00e9 l&rsquo;entretien de Th\u00e9o GAB\u00c9 diffus\u00e9 \u00e0 l&rsquo;occasion de cette 5\u00e8me journ\u00e9e de championnat face \u00e0 Jura Dolois Football dans le Forgeron Mag du 17\/11\/22. Salut Th\u00e9o, parle-nous de tes premiers pas dans le football&nbsp;:\u00ab&nbsp;Et bien j\u2019ai commenc\u00e9 le foot \u00e0 6 ans, c\u2019\u00e9tait dans le club de mon p\u00e8re. J\u2019ai imm\u00e9diatement accroch\u00e9 ... Lire la suite\" \/>\n<meta property=\"og:url\" content=\"https:\/\/www.fcgueugnon.fr\/site\/interview-forgeron-mag-5-avec-theo-gabe\/2339\" \/>\n<meta property=\"og:site_name\" content=\"FOOTBALL CLUB GUEUGNON\" \/>\n<meta property=\"article:publisher\" content=\"http:\/\/facebook.com\/FCGueugnon\" \/>\n<meta property=\"article:published_time\" content=\"2022-11-19T15:55:00+00:00\" \/>\n<meta property=\"article:modified_time\" content=\"2022-11-21T07:39:25+00:00\" \/>\n<meta property=\"og:image\" content=\"https:\/\/www.fcgueugnon.fr\/site\/wp-content\/uploads\/2022\/11\/MicrosoftTeams-image-7-scaled.jpg\" \/>\n\t<meta property=\"og:image:width\" content=\"2560\" \/>\n\t<meta property=\"og:image:height\" content=\"1707\" \/>\n\t<meta property=\"og:image:type\" content=\"image\/jpeg\" \/>\n<meta name=\"author\" content=\"FC Gueugnon\" \/>\n<meta name=\"twitter:card\" content=\"summary_large_image\" \/>\n<meta name=\"twitter:creator\" content=\"@FCGueugnon_off\" \/>\n<meta name=\"twitter:site\" content=\"@FCGueugnon_off\" \/>\n<meta name=\"twitter:label1\" content=\"\u00c9crit par\" \/>\n\t<meta name=\"twitter:data1\" content=\"FC Gueugnon\" \/>\n\t<meta name=\"twitter:label2\" content=\"Dur\u00e9e de lecture estim\u00e9e\" \/>\n\t<meta name=\"twitter:data2\" content=\"5 minutes\" \/>\n<script type=\"application\/ld+json\" class=\"yoast-schema-graph\">{\"@context\":\"https:\/\/schema.org\",\"@graph\":[{\"@type\":\"Article\",\"@id\":\"https:\/\/www.fcgueugnon.fr\/site\/interview-forgeron-mag-5-avec-theo-gabe\/2339#article\",\"isPartOf\":{\"@id\":\"https:\/\/www.fcgueugnon.fr\/site\/interview-forgeron-mag-5-avec-theo-gabe\/2339\"},\"author\":{\"name\":\"FC Gueugnon\",\"@id\":\"https:\/\/www.fcgueugnon.fr\/site\/#\/schema\/person\/d342d0c35e8e8f04740b9bdd734eeb20\"},\"headline\":\"[Interview] Forgeron Mag #5 avec Th\u00e9o GAB\u00c9\",\"datePublished\":\"2022-11-19T15:55:00+00:00\",\"dateModified\":\"2022-11-21T07:39:25+00:00\",\"mainEntityOfPage\":{\"@id\":\"https:\/\/www.fcgueugnon.fr\/site\/interview-forgeron-mag-5-avec-theo-gabe\/2339\"},\"wordCount\":1025,\"publisher\":{\"@id\":\"https:\/\/www.fcgueugnon.fr\/site\/#organization\"},\"image\":{\"@id\":\"https:\/\/www.fcgueugnon.fr\/site\/interview-forgeron-mag-5-avec-theo-gabe\/2339#primaryimage\"},\"thumbnailUrl\":\"https:\/\/www.fcgueugnon.fr\/site\/wp-content\/uploads\/2022\/11\/MicrosoftTeams-image-7-scaled.jpg\",\"keywords\":[\"Forgeron Mag\",\"Interview\"],\"articleSection\":[\"Archives 2022\/2023\",\"News\"],\"inLanguage\":\"fr-FR\"},{\"@type\":\"WebPage\",\"@id\":\"https:\/\/www.fcgueugnon.fr\/site\/interview-forgeron-mag-5-avec-theo-gabe\/2339\",\"url\":\"https:\/\/www.fcgueugnon.fr\/site\/interview-forgeron-mag-5-avec-theo-gabe\/2339\",\"name\":\"[Interview] Forgeron Mag #5 avec Th\u00e9o GAB\u00c9 &#8226; FOOTBALL CLUB GUEUGNON\",\"isPartOf\":{\"@id\":\"https:\/\/www.fcgueugnon.fr\/site\/#website\"},\"primaryImageOfPage\":{\"@id\":\"https:\/\/www.fcgueugnon.fr\/site\/interview-forgeron-mag-5-avec-theo-gabe\/2339#primaryimage\"},\"image\":{\"@id\":\"https:\/\/www.fcgueugnon.fr\/site\/interview-forgeron-mag-5-avec-theo-gabe\/2339#primaryimage\"},\"thumbnailUrl\":\"https:\/\/www.fcgueugnon.fr\/site\/wp-content\/uploads\/2022\/11\/MicrosoftTeams-image-7-scaled.jpg\",\"datePublished\":\"2022-11-19T15:55:00+00:00\",\"dateModified\":\"2022-11-21T07:39:25+00:00\",\"breadcrumb\":{\"@id\":\"https:\/\/www.fcgueugnon.fr\/site\/interview-forgeron-mag-5-avec-theo-gabe\/2339#breadcrumb\"},\"inLanguage\":\"fr-FR\",\"potentialAction\":[{\"@type\":\"ReadAction\",\"target\":[\"https:\/\/www.fcgueugnon.fr\/site\/interview-forgeron-mag-5-avec-theo-gabe\/2339\"]}]},{\"@type\":\"ImageObject\",\"inLanguage\":\"fr-FR\",\"@id\":\"https:\/\/www.fcgueugnon.fr\/site\/interview-forgeron-mag-5-avec-theo-gabe\/2339#primaryimage\",\"url\":\"https:\/\/www.fcgueugnon.fr\/site\/wp-content\/uploads\/2022\/11\/MicrosoftTeams-image-7-scaled.jpg\",\"contentUrl\":\"https:\/\/www.fcgueugnon.fr\/site\/wp-content\/uploads\/2022\/11\/MicrosoftTeams-image-7-scaled.jpg\",\"width\":2560,\"height\":1707},{\"@type\":\"BreadcrumbList\",\"@id\":\"https:\/\/www.fcgueugnon.fr\/site\/interview-forgeron-mag-5-avec-theo-gabe\/2339#breadcrumb\",\"itemListElement\":[{\"@type\":\"ListItem\",\"position\":1,\"name\":\"Accueil\",\"item\":\"https:\/\/www.fcgueugnon.fr\/site\/\"},{\"@type\":\"ListItem\",\"position\":2,\"name\":\"[Interview] Forgeron Mag #5 avec Th\u00e9o GAB\u00c9\"}]},{\"@type\":\"WebSite\",\"@id\":\"https:\/\/www.fcgueugnon.fr\/site\/#website\",\"url\":\"https:\/\/www.fcgueugnon.fr\/site\/\",\"name\":\"FOOTBALL CLUB GUEUGNON\",\"description\":\"Le Site Officiel des Forgerons\",\"publisher\":{\"@id\":\"https:\/\/www.fcgueugnon.fr\/site\/#organization\"},\"potentialAction\":[{\"@type\":\"SearchAction\",\"target\":{\"@type\":\"EntryPoint\",\"urlTemplate\":\"https:\/\/www.fcgueugnon.fr\/site\/?s={search_term_string}\"},\"query-input\":{\"@type\":\"PropertyValueSpecification\",\"valueRequired\":true,\"valueName\":\"search_term_string\"}}],\"inLanguage\":\"fr-FR\"},{\"@type\":\"Organization\",\"@id\":\"https:\/\/www.fcgueugnon.fr\/site\/#organization\",\"name\":\"FC Gueugnon\",\"url\":\"https:\/\/www.fcgueugnon.fr\/site\/\",\"logo\":{\"@type\":\"ImageObject\",\"inLanguage\":\"fr-FR\",\"@id\":\"https:\/\/www.fcgueugnon.fr\/site\/#\/schema\/logo\/image\/\",\"url\":\"https:\/\/www.fcgueugnon.fr\/site\/wp-content\/uploads\/2022\/07\/cropped-Logo-FCGUEUGNON-low-350x350-1.png\",\"contentUrl\":\"https:\/\/www.fcgueugnon.fr\/site\/wp-content\/uploads\/2022\/07\/cropped-Logo-FCGUEUGNON-low-350x350-1.png\",\"width\":350,\"height\":350,\"caption\":\"FC Gueugnon\"},\"image\":{\"@id\":\"https:\/\/www.fcgueugnon.fr\/site\/#\/schema\/logo\/image\/\"},\"sameAs\":[\"http:\/\/facebook.com\/FCGueugnon\",\"https:\/\/x.com\/FCGueugnon_off\",\"https:\/\/www.instagram.com\/fcgueugnon\/\",\"https:\/\/www.linkedin.com\/company\/football-club-de-gueugnon\/\",\"https:\/\/www.youtube.com\/user\/FCGueugnonnais\",\"https:\/\/fr.wikipedia.org\/wiki\/Football_Club_de_Gueugnon\"]},{\"@type\":\"Person\",\"@id\":\"https:\/\/www.fcgueugnon.fr\/site\/#\/schema\/person\/d342d0c35e8e8f04740b9bdd734eeb20\",\"name\":\"FC Gueugnon\",\"url\":\"https:\/\/www.fcgueugnon.fr\/site\/author\/s-rod\"}]}<\/script>\n<!-- \/ Yoast SEO plugin. -->","yoast_head_json":{"title":"[Interview] Forgeron Mag #5 avec Th\u00e9o GAB\u00c9 &#8226; FOOTBALL CLUB GUEUGNON","robots":{"index":"index","follow":"follow","max-snippet":"max-snippet:-1","max-image-preview":"max-image-preview:large","max-video-preview":"max-video-preview:-1"},"canonical":"https:\/\/www.fcgueugnon.fr\/site\/interview-forgeron-mag-5-avec-theo-gabe\/2339","og_locale":"fr_FR","og_type":"article","og_title":"[Interview] Forgeron Mag #5 avec Th\u00e9o GAB\u00c9 &#8226; FOOTBALL CLUB GUEUGNON","og_description":"D\u00e9couvrez en int\u00e9gralit\u00e9 l&rsquo;entretien de Th\u00e9o GAB\u00c9 diffus\u00e9 \u00e0 l&rsquo;occasion de cette 5\u00e8me journ\u00e9e de championnat face \u00e0 Jura Dolois Football dans le Forgeron Mag du 17\/11\/22. Salut Th\u00e9o, parle-nous de tes premiers pas dans le football&nbsp;:\u00ab&nbsp;Et bien j\u2019ai commenc\u00e9 le foot \u00e0 6 ans, c\u2019\u00e9tait dans le club de mon p\u00e8re. J\u2019ai imm\u00e9diatement accroch\u00e9 ... Lire la suite","og_url":"https:\/\/www.fcgueugnon.fr\/site\/interview-forgeron-mag-5-avec-theo-gabe\/2339","og_site_name":"FOOTBALL CLUB GUEUGNON","article_publisher":"http:\/\/facebook.com\/FCGueugnon","article_published_time":"2022-11-19T15:55:00+00:00","article_modified_time":"2022-11-21T07:39:25+00:00","og_image":[{"width":2560,"height":1707,"url":"https:\/\/www.fcgueugnon.fr\/site\/wp-content\/uploads\/2022\/11\/MicrosoftTeams-image-7-scaled.jpg","type":"image\/jpeg"}],"author":"FC Gueugnon","twitter_card":"summary_large_image","twitter_creator":"@FCGueugnon_off","twitter_site":"@FCGueugnon_off","twitter_misc":{"\u00c9crit par":"FC Gueugnon","Dur\u00e9e de lecture estim\u00e9e":"5 minutes"},"schema":{"@context":"https:\/\/schema.org","@graph":[{"@type":"Article","@id":"https:\/\/www.fcgueugnon.fr\/site\/interview-forgeron-mag-5-avec-theo-gabe\/2339#article","isPartOf":{"@id":"https:\/\/www.fcgueugnon.fr\/site\/interview-forgeron-mag-5-avec-theo-gabe\/2339"},"author":{"name":"FC Gueugnon","@id":"https:\/\/www.fcgueugnon.fr\/site\/#\/schema\/person\/d342d0c35e8e8f04740b9bdd734eeb20"},"headline":"[Interview] Forgeron Mag #5 avec Th\u00e9o GAB\u00c9","datePublished":"2022-11-19T15:55:00+00:00","dateModified":"2022-11-21T07:39:25+00:00","mainEntityOfPage":{"@id":"https:\/\/www.fcgueugnon.fr\/site\/interview-forgeron-mag-5-avec-theo-gabe\/2339"},"wordCount":1025,"publisher":{"@id":"https:\/\/www.fcgueugnon.fr\/site\/#organization"},"image":{"@id":"https:\/\/www.fcgueugnon.fr\/site\/interview-forgeron-mag-5-avec-theo-gabe\/2339#primaryimage"},"thumbnailUrl":"https:\/\/www.fcgueugnon.fr\/site\/wp-content\/uploads\/2022\/11\/MicrosoftTeams-image-7-scaled.jpg","keywords":["Forgeron Mag","Interview"],"articleSection":["Archives 2022\/2023","News"],"inLanguage":"fr-FR"},{"@type":"WebPage","@id":"https:\/\/www.fcgueugnon.fr\/site\/interview-forgeron-mag-5-avec-theo-gabe\/2339","url":"https:\/\/www.fcgueugnon.fr\/site\/interview-forgeron-mag-5-avec-theo-gabe\/2339","name":"[Interview] Forgeron Mag #5 avec Th\u00e9o GAB\u00c9 &#8226; FOOTBALL CLUB GUEUGNON","isPartOf":{"@id":"https:\/\/www.fcgueugnon.fr\/site\/#website"},"primaryImageOfPage":{"@id":"https:\/\/www.fcgueugnon.fr\/site\/interview-forgeron-mag-5-avec-theo-gabe\/2339#primaryimage"},"image":{"@id":"https:\/\/www.fcgueugnon.fr\/site\/interview-forgeron-mag-5-avec-theo-gabe\/2339#primaryimage"},"thumbnailUrl":"https:\/\/www.fcgueugnon.fr\/site\/wp-content\/uploads\/2022\/11\/MicrosoftTeams-image-7-scaled.jpg","datePublished":"2022-11-19T15:55:00+00:00","dateModified":"2022-11-21T07:39:25+00:00","breadcrumb":{"@id":"https:\/\/www.fcgueugnon.fr\/site\/interview-forgeron-mag-5-avec-theo-gabe\/2339#breadcrumb"},"inLanguage":"fr-FR","potentialAction":[{"@type":"ReadAction","target":["https:\/\/www.fcgueugnon.fr\/site\/interview-forgeron-mag-5-avec-theo-gabe\/2339"]}]},{"@type":"ImageObject","inLanguage":"fr-FR","@id":"https:\/\/www.fcgueugnon.fr\/site\/interview-forgeron-mag-5-avec-theo-gabe\/2339#primaryimage","url":"https:\/\/www.fcgueugnon.fr\/site\/wp-content\/uploads\/2022\/11\/MicrosoftTeams-image-7-scaled.jpg","contentUrl":"https:\/\/www.fcgueugnon.fr\/site\/wp-content\/uploads\/2022\/11\/MicrosoftTeams-image-7-scaled.jpg","width":2560,"height":1707},{"@type":"BreadcrumbList","@id":"https:\/\/www.fcgueugnon.fr\/site\/interview-forgeron-mag-5-avec-theo-gabe\/2339#breadcrumb","itemListElement":[{"@type":"ListItem","position":1,"name":"Accueil","item":"https:\/\/www.fcgueugnon.fr\/site\/"},{"@type":"ListItem","position":2,"name":"[Interview] Forgeron Mag #5 avec Th\u00e9o GAB\u00c9"}]},{"@type":"WebSite","@id":"https:\/\/www.fcgueugnon.fr\/site\/#website","url":"https:\/\/www.fcgueugnon.fr\/site\/","name":"FOOTBALL CLUB GUEUGNON","description":"Le Site Officiel des Forgerons","publisher":{"@id":"https:\/\/www.fcgueugnon.fr\/site\/#organization"},"potentialAction":[{"@type":"SearchAction","target":{"@type":"EntryPoint","urlTemplate":"https:\/\/www.fcgueugnon.fr\/site\/?s={search_term_string}"},"query-input":{"@type":"PropertyValueSpecification","valueRequired":true,"valueName":"search_term_string"}}],"inLanguage":"fr-FR"},{"@type":"Organization","@id":"https:\/\/www.fcgueugnon.fr\/site\/#organization","name":"FC Gueugnon","url":"https:\/\/www.fcgueugnon.fr\/site\/","logo":{"@type":"ImageObject","inLanguage":"fr-FR","@id":"https:\/\/www.fcgueugnon.fr\/site\/#\/schema\/logo\/image\/","url":"https:\/\/www.fcgueugnon.fr\/site\/wp-content\/uploads\/2022\/07\/cropped-Logo-FCGUEUGNON-low-350x350-1.png","contentUrl":"https:\/\/www.fcgueugnon.fr\/site\/wp-content\/uploads\/2022\/07\/cropped-Logo-FCGUEUGNON-low-350x350-1.png","width":350,"height":350,"caption":"FC Gueugnon"},"image":{"@id":"https:\/\/www.fcgueugnon.fr\/site\/#\/schema\/logo\/image\/"},"sameAs":["http:\/\/facebook.com\/FCGueugnon","https:\/\/x.com\/FCGueugnon_off","https:\/\/www.instagram.com\/fcgueugnon\/","https:\/\/www.linkedin.com\/company\/football-club-de-gueugnon\/","https:\/\/www.youtube.com\/user\/FCGueugnonnais","https:\/\/fr.wikipedia.org\/wiki\/Football_Club_de_Gueugnon"]},{"@type":"Person","@id":"https:\/\/www.fcgueugnon.fr\/site\/#\/schema\/person\/d342d0c35e8e8f04740b9bdd734eeb20","name":"FC Gueugnon","url":"https:\/\/www.fcgueugnon.fr\/site\/author\/s-rod"}]}},"rttpg_featured_image_url":{"full":["https:\/\/www.fcgueugnon.fr\/site\/wp-content\/uploads\/2022\/11\/MicrosoftTeams-image-7-scaled.jpg",2560,1707,false],"landscape":["https:\/\/www.fcgueugnon.fr\/site\/wp-content\/uploads\/2022\/11\/MicrosoftTeams-image-7-scaled.jpg",2560,1707,false],"portraits":["https:\/\/www.fcgueugnon.fr\/site\/wp-content\/uploads\/2022\/11\/MicrosoftTeams-image-7-scaled.jpg",2560,1707,false],"thumbnail":["https:\/\/www.fcgueugnon.fr\/site\/wp-content\/uploads\/2022\/11\/MicrosoftTeams-image-7-150x150.jpg",150,150,true],"medium":["https:\/\/www.fcgueugnon.fr\/site\/wp-content\/uploads\/2022\/11\/MicrosoftTeams-image-7-400x267.jpg",400,267,true],"large":["https:\/\/www.fcgueugnon.fr\/site\/wp-content\/uploads\/2022\/11\/MicrosoftTeams-image-7-1024x683.jpg",1024,683,true],"1536x1536":["https:\/\/www.fcgueugnon.fr\/site\/wp-content\/uploads\/2022\/11\/MicrosoftTeams-image-7-1536x1024.jpg",1536,1024,true],"2048x2048":["https:\/\/www.fcgueugnon.fr\/site\/wp-content\/uploads\/2022\/11\/MicrosoftTeams-image-7-2048x1365.jpg",2048,1365,true]},"rttpg_author":{"display_name":"FC Gueugnon","author_link":"https:\/\/www.fcgueugnon.fr\/site\/author\/s-rod"},"rttpg_comment":0,"rttpg_category":"<a href=\"https:\/\/www.fcgueugnon.fr\/site\/category\/news\/news-2022-2023\" rel=\"category tag\">Archives 2022\/2023<\/a> <a href=\"https:\/\/www.fcgueugnon.fr\/site\/category\/news\" rel=\"category tag\">News<\/a>","rttpg_excerpt":"D\u00e9couvrez en int\u00e9gralit\u00e9 l&rsquo;entretien de Th\u00e9o GAB\u00c9 diffus\u00e9 \u00e0 l&rsquo;occasion de cette 5\u00e8me journ\u00e9e de championnat face \u00e0 Jura Dolois Football dans le Forgeron Mag du 17\/11\/22. Salut Th\u00e9o, parle-nous de tes premiers pas dans le football&nbsp;:\u00ab&nbsp;Et bien j\u2019ai commenc\u00e9 le foot \u00e0 6 ans, c\u2019\u00e9tait dans le club de mon p\u00e8re. J\u2019ai imm\u00e9diatement accroch\u00e9\u2026","_links":{"self":[{"href":"https:\/\/www.fcgueugnon.fr\/site\/wp-json\/wp\/v2\/posts\/2339","targetHints":{"allow":["GET"]}}],"collection":[{"href":"https:\/\/www.fcgueugnon.fr\/site\/wp-json\/wp\/v2\/posts"}],"about":[{"href":"https:\/\/www.fcgueugnon.fr\/site\/wp-json\/wp\/v2\/types\/post"}],"author":[{"embeddable":true,"href":"https:\/\/www.fcgueugnon.fr\/site\/wp-json\/wp\/v2\/users\/2"}],"replies":[{"embeddable":true,"href":"https:\/\/www.fcgueugnon.fr\/site\/wp-json\/wp\/v2\/comments?post=2339"}],"version-history":[{"count":2,"href":"https:\/\/www.fcgueugnon.fr\/site\/wp-json\/wp\/v2\/posts\/2339\/revisions"}],"predecessor-version":[{"id":2360,"href":"https:\/\/www.fcgueugnon.fr\/site\/wp-json\/wp\/v2\/posts\/2339\/revisions\/2360"}],"wp:featuredmedia":[{"embeddable":true,"href":"https:\/\/www.fcgueugnon.fr\/site\/wp-json\/wp\/v2\/media\/2340"}],"wp:attachment":[{"href":"https:\/\/www.fcgueugnon.fr\/site\/wp-json\/wp\/v2\/media?parent=2339"}],"wp:term":[{"taxonomy":"category","embeddable":true,"href":"https:\/\/www.fcgueugnon.fr\/site\/wp-json\/wp\/v2\/categories?post=2339"},{"taxonomy":"post_tag","embeddable":true,"href":"https:\/\/www.fcgueugnon.fr\/site\/wp-json\/wp\/v2\/tags?post=2339"}],"curies":[{"name":"wp","href":"https:\/\/api.w.org\/{rel}","templated":true}]}}