{"id":2328,"date":"2022-11-18T12:07:21","date_gmt":"2022-11-18T11:07:21","guid":{"rendered":"https:\/\/www.fcgueugnon.fr\/site\/?p=2328"},"modified":"2023-05-13T13:10:39","modified_gmt":"2023-05-13T11:10:39","slug":"n3-j05-fc-gueugnon-jura-dolois-la-passe-de-3-a-jean-laville","status":"publish","type":"post","link":"https:\/\/www.fcgueugnon.fr\/site\/n3-j05-fc-gueugnon-jura-dolois-la-passe-de-3-a-jean-laville\/2328","title":{"rendered":"[N3 J05 : FC Gueugnon &#8211; Jura Dolois] La passe de 3 \u00e0 Jean Laville ?"},"content":{"rendered":"\n<h2 class=\"wp-block-heading\"><strong>Apr\u00e8s 2 victoires cons\u00e9cutives \u00e0 Jean Laville, les forgerons re\u00e7oivent le Jura Dolois pour le compte de la 5e journ\u00e9e en retard du championnat ! <\/strong><\/h2>\n\n\n\n<div style=\"height:70px\" aria-hidden=\"true\" class=\"wp-block-spacer\"><\/div>\n\n\n\n<div class=\"wp-block-getwid-image-box getwid-animation has-text-center has-mobile-layout-default has-mobile-alignment-center\" data-animation=\"zoomSmall\"><div class=\"wp-block-getwid-image-box__image-container is-position-top\"><div class=\"wp-block-getwid-image-box__image-wrapper\"><img loading=\"lazy\" decoding=\"async\" width=\"768\" height=\"1086\" src=\"https:\/\/www.fcgueugnon.fr\/site\/wp-content\/uploads\/2022\/11\/Affiche-A3-JURA-DOLOIS-768x1086.jpg\" class=\"wp-block-getwid-image-box__image wp-image-2329\" srcset=\"https:\/\/www.fcgueugnon.fr\/site\/wp-content\/uploads\/2022\/11\/Affiche-A3-JURA-DOLOIS-768x1086.jpg 768w, https:\/\/www.fcgueugnon.fr\/site\/wp-content\/uploads\/2022\/11\/Affiche-A3-JURA-DOLOIS-283x400.jpg 283w, https:\/\/www.fcgueugnon.fr\/site\/wp-content\/uploads\/2022\/11\/Affiche-A3-JURA-DOLOIS-724x1024.jpg 724w, https:\/\/www.fcgueugnon.fr\/site\/wp-content\/uploads\/2022\/11\/Affiche-A3-JURA-DOLOIS-1086x1536.jpg 1086w, https:\/\/www.fcgueugnon.fr\/site\/wp-content\/uploads\/2022\/11\/Affiche-A3-JURA-DOLOIS-1448x2048.jpg 1448w, https:\/\/www.fcgueugnon.fr\/site\/wp-content\/uploads\/2022\/11\/Affiche-A3-JURA-DOLOIS-1320x1867.jpg 1320w, https:\/\/www.fcgueugnon.fr\/site\/wp-content\/uploads\/2022\/11\/Affiche-A3-JURA-DOLOIS-scaled.jpg 1810w\" sizes=\"auto, (max-width: 768px) 100vw, 768px\" \/><\/div><\/div><div class=\"wp-block-getwid-image-box__content\">\n<h3 class=\"wp-block-heading\"><\/h3>\n\n\n\n<p><\/p>\n<\/div><\/div>\n\n\n\n<div style=\"height:70px\" aria-hidden=\"true\" class=\"wp-block-spacer\"><\/div>\n\n\n\n<h3 class=\"wp-block-heading\">\ud83c\udd9a <em><strong>L&rsquo;adversaire <\/strong><\/em><\/h3>\n\n\n\n<p>Le <strong>Jura Dolois Football <\/strong>est ambitieux&#8230; Fond\u00e9 en 1991 en \u00e9voluant depuis 2017 en National 3, le club du pr\u00e9sident <strong>Mohamed Mbitel<\/strong> a pr\u00e9sent\u00e9 son projet de club \u00ab Horizon 2027 \u00bb s&rsquo;articulant autour de 5 axes : \u00e9v\u00e8nementiel, professionnalisation, attractivit\u00e9, infrastructures et des ambitions sportives avec l&rsquo;objectif d&rsquo;atteindre le championnat National. <\/p>\n\n\n\n<p>Et le club se donne les moyens de ses ambitions \u00e0 l&rsquo;image d&rsquo;un mercato marqu\u00e9e par une \u00ab&nbsp;<em>vague de d\u00e9parts et un ouragan d\u2019arriv\u00e9es<\/em>&nbsp;\u00bb selon la presse locale. Du renfort \u00e9galement au sein du le staff pour \u00e9pauler le coach <strong>Herv\u00e9 Saclier <\/strong>et une \u00e9quipe qui, sans cette p\u00e9nalit\u00e9 de 4 points \u00e0 cause d&rsquo;un probl\u00e8me titularisation d\u2019un joueur suspendu la saison derni\u00e8re, \u00e9tait dans la course pour le podium et la mont\u00e9e&#8230; <\/p>\n\n\n\n<p>Cette saison, le <strong>JDF <\/strong>a bien d\u00e9but\u00e9 son championnat avec qu&rsquo;une seule d\u00e9faite contre le leader <strong>Pontarlier <\/strong>pour 2 nuls et 4 victoires dont la derni\u00e8re face \u00e0 la lanterne rouge <strong>Quetigny<\/strong>. Des stats permettant \u00e0 la seconde meilleure attaque du championnat (18 buts) de pointer \u00e0 la 3e place avec 14 points et un match en retard face aux gueugnonnais qui auront fort \u00e0 faire ! <\/p>\n\n\n\n<p>Site internet de Jura Dolois Football : <a href=\"https:\/\/www.juradoloisfoot.fr\/\" target=\"_blank\" rel=\"noreferrer noopener\">www.juradoloisfoot.fr<\/a><\/p>\n\n\n\n<div style=\"height:70px\" aria-hidden=\"true\" class=\"wp-block-spacer\"><\/div>\n\n\n\n<h3 class=\"wp-block-heading\">\ud83d\udce3 <em><strong>La d\u00e9cla&rsquo;<\/strong><\/em><\/h3>\n\n\n\n<blockquote class=\"wp-block-quote is-style-default is-layout-flow wp-block-quote-is-layout-flow\">\n<p>\u00ab <em>Il est s\u00fbr que ce sera un match compliqu\u00e9 mais nous allons le pr\u00e9parer comme n\u2019importe quel match parce qu\u2019on joue tous les matchs pour les gagner. Nos supporters savent nous encourager, contre Sochaux ils nous ont pouss\u00e9, le public jouera encore son r\u00f4le de 12<sup>e<\/sup> homme.<\/em>&nbsp;\u00bb<\/p>\n<cite><strong><em>Soni MUSTIVAR (capitaine)<\/em><\/strong><\/cite><\/blockquote>\n\n\n\n<div style=\"height:70px\" aria-hidden=\"true\" class=\"wp-block-spacer\"><\/div>\n\n\n\n<h3 class=\"wp-block-heading\">\ud83d\udfe1\ud83d\udd35 <em><strong>Le FC Gueugnon<\/strong><\/em><\/h3>\n\n\n\n<p>Apr\u00e8s une victoire acquise dans la douleur face \u00e0 Is-Selongey (1-0. <a href=\"https:\/\/www.fcgueugnon.fr\/site\/n3-j07-fc-gueugnon-is-selongey-resultat-reactions-et-resume-video\/2183\" target=\"_blank\" rel=\"noreferrer noopener\">Relire l&rsquo;apr\u00e8s-match<\/a>), les forgerons ont sur faire preuve de solidarit\u00e9 pour venir \u00e0 bout des lionceaux du <strong>FC Sochaux-Montb\u00e9liard B<\/strong> avec une ouverture rapide du score sur le centre millim\u00e9tr\u00e9e de <strong>Taylor Salibur<\/strong> d\u00e9vi\u00e9 par un d\u00e9fenseur sochalien dans son propre but avant qu&rsquo;<strong>Oum\u00e9rou Dram\u00e9<\/strong> double le score sur une passe d\u00e9cisive de <strong>Franck Revuelta<\/strong> (10\u2032 2-0). <\/p>\n\n\n\n<p>Malgr\u00e9 les vell\u00e9it\u00e9s des sochaliens et l&rsquo;expulsion de <strong>Th\u00e9o Gab\u00e9 <\/strong>pour un tacle appuy\u00e9 juste avant la mi-temps, Gueugnon a su faire bloc pour prendre 3 points avec la mani\u00e8re pour une victoire savour\u00e9e par les 500 spectateurs pr\u00e9sents ainsi que les <strong>Ultras Gueugnon <\/strong>qui c\u00e9l\u00e9braient leur 20 ans (score final : 2-1. <a href=\"https:\/\/www.fcgueugnon.fr\/site\/n3-j08-fc-gueugnon-sochaux-montbeliard-b-resultat-reactions-et-resume\/2282\" target=\"_blank\" rel=\"noreferrer noopener\">Relire l&rsquo;apr\u00e8s-match<\/a>).<\/p>\n\n\n\n<p>Une prestation appr\u00e9ci\u00e9e par le Directeur Sportif <strong>Richard Trivino<\/strong> qui r\u00e9agissait \u00e0 l\u2019issue du match : <em>\u00ab Je n\u2019ai jamais dout\u00e9 car je connais la qualit\u00e9 de mes joueurs. On bosse, on s\u2019est parl\u00e9 avec les joueurs et ils ont r\u00e9pondu pr\u00e9sents. Ils ont fait un match \u00e9norme&nbsp;et <em>l&rsquo;\u00e9tat d\u2019esprit est l\u00e0.<\/em><\/em> \u00bb avant de faire les comptes \u00ab<em> \u00e7a fait 2 victoires maintenant il faut aller chercher la 3<sup>e<\/sup>&nbsp;\u00bb.<\/em><\/p>\n\n\n\n<div style=\"height:70px\" aria-hidden=\"true\" class=\"wp-block-spacer\"><\/div>\n\n\n\n<hr class=\"wp-block-separator has-text-color has-css-opacity has-background is-style-default\" style=\"background-color:#f7db4a;color:#f7db4a\"\/>\n\n\n\n<h3 class=\"wp-block-heading\">\ud83d\udccd <strong><em>Les infos pratiques<\/em><\/strong><\/h3>\n\n\n\n<h2 class=\"wp-block-heading\">Billetterie<\/h2>\n\n\n\n<div class=\"wp-block-media-text alignwide is-stacked-on-mobile is-vertically-aligned-center is-style-default\" style=\"grid-template-columns:49% auto\"><figure class=\"wp-block-media-text__media\"><img loading=\"lazy\" decoding=\"async\" width=\"1024\" height=\"768\" src=\"https:\/\/www.fcgueugnon.fr\/site\/wp-content\/uploads\/2022\/08\/entree-billetterie-stade-jean-laville-sous-la-tribune-ouest-1024x768.jpg\" alt=\"\" class=\"wp-image-951 size-full\" srcset=\"https:\/\/www.fcgueugnon.fr\/site\/wp-content\/uploads\/2022\/08\/entree-billetterie-stade-jean-laville-sous-la-tribune-ouest-1024x768.jpg 1024w, https:\/\/www.fcgueugnon.fr\/site\/wp-content\/uploads\/2022\/08\/entree-billetterie-stade-jean-laville-sous-la-tribune-ouest-400x300.jpg 400w, https:\/\/www.fcgueugnon.fr\/site\/wp-content\/uploads\/2022\/08\/entree-billetterie-stade-jean-laville-sous-la-tribune-ouest-768x576.jpg 768w, https:\/\/www.fcgueugnon.fr\/site\/wp-content\/uploads\/2022\/08\/entree-billetterie-stade-jean-laville-sous-la-tribune-ouest-1536x1152.jpg 1536w, https:\/\/www.fcgueugnon.fr\/site\/wp-content\/uploads\/2022\/08\/entree-billetterie-stade-jean-laville-sous-la-tribune-ouest-2048x1536.jpg 2048w, https:\/\/www.fcgueugnon.fr\/site\/wp-content\/uploads\/2022\/08\/entree-billetterie-stade-jean-laville-sous-la-tribune-ouest-1320x990.jpg 1320w\" sizes=\"auto, (max-width: 1024px) 100vw, 1024px\" \/><\/figure><div class=\"wp-block-media-text__content\">\n<p><br><em>Rendez-vous sous la<strong> tribune Ouest <\/strong>pour acc\u00e9der au guichet Billetterie puis dans l&rsquo;angle des tribunes Nord et Ouest (c\u00f4t\u00e9 piscine) pour acc\u00e9der au stade.<\/em><\/p>\n<\/div><\/div>\n\n\n\n<div class=\"wp-block-media-text alignwide has-media-on-the-right is-stacked-on-mobile is-vertically-aligned-center is-style-default\" style=\"grid-template-columns:auto 49%\"><div class=\"wp-block-media-text__content\">\n<h2 class=\"wp-block-heading\">Tarifs<\/h2>\n\n\n\n<ul class=\"wp-block-list\">\n<li><strong>Gratuits <\/strong>: licenci\u00e9s FC Gueugnon, -16ans (sur pr\u00e9sentation d\u2019un justificatif ou carte)<\/li>\n\n\n\n<li><strong>Tarif r\u00e9duit : 4\u20ac<\/strong> \u2013 \u00c9tudiants, Demandeurs d\u2019emploi (sur pr\u00e9sentation d\u2019un justificatif ou carte)<\/li>\n\n\n\n<li><strong>Plein-tarif : 7\u20ac<\/strong><\/li>\n<\/ul>\n\n\n\n<div style=\"height:10px\" aria-hidden=\"true\" class=\"wp-block-spacer\"><\/div>\n\n\n\n<p><\/p>\n<\/div><figure class=\"wp-block-media-text__media\"><img loading=\"lazy\" decoding=\"async\" width=\"1024\" height=\"768\" src=\"https:\/\/www.fcgueugnon.fr\/site\/wp-content\/uploads\/2022\/07\/billetterie-sous-la-tribune-ouest-d-FCGueugnon-a-Jean-Laville-1024x768.jpg\" alt=\"\" class=\"wp-image-63 size-full\" srcset=\"https:\/\/www.fcgueugnon.fr\/site\/wp-content\/uploads\/2022\/07\/billetterie-sous-la-tribune-ouest-d-FCGueugnon-a-Jean-Laville-1024x768.jpg 1024w, https:\/\/www.fcgueugnon.fr\/site\/wp-content\/uploads\/2022\/07\/billetterie-sous-la-tribune-ouest-d-FCGueugnon-a-Jean-Laville-400x300.jpg 400w, https:\/\/www.fcgueugnon.fr\/site\/wp-content\/uploads\/2022\/07\/billetterie-sous-la-tribune-ouest-d-FCGueugnon-a-Jean-Laville-768x576.jpg 768w, https:\/\/www.fcgueugnon.fr\/site\/wp-content\/uploads\/2022\/07\/billetterie-sous-la-tribune-ouest-d-FCGueugnon-a-Jean-Laville-1536x1152.jpg 1536w, https:\/\/www.fcgueugnon.fr\/site\/wp-content\/uploads\/2022\/07\/billetterie-sous-la-tribune-ouest-d-FCGueugnon-a-Jean-Laville-2048x1536.jpg 2048w\" sizes=\"auto, (max-width: 1024px) 100vw, 1024px\" \/><\/figure><\/div>\n\n\n\n<div class=\"wp-block-media-text alignwide is-stacked-on-mobile is-vertically-aligned-center is-style-default\" style=\"grid-template-columns:49% auto\"><figure class=\"wp-block-media-text__media\"><img loading=\"lazy\" decoding=\"async\" width=\"1024\" height=\"538\" src=\"https:\/\/www.fcgueugnon.fr\/site\/wp-content\/uploads\/2022\/08\/post-facebook-FCG-1024x538.png\" alt=\"\" class=\"wp-image-930 size-full\" srcset=\"https:\/\/www.fcgueugnon.fr\/site\/wp-content\/uploads\/2022\/08\/post-facebook-FCG-1024x538.png 1024w, https:\/\/www.fcgueugnon.fr\/site\/wp-content\/uploads\/2022\/08\/post-facebook-FCG-400x210.png 400w, https:\/\/www.fcgueugnon.fr\/site\/wp-content\/uploads\/2022\/08\/post-facebook-FCG-768x403.png 768w, https:\/\/www.fcgueugnon.fr\/site\/wp-content\/uploads\/2022\/08\/post-facebook-FCG.png 1200w\" sizes=\"auto, (max-width: 1024px) 100vw, 1024px\" \/><\/figure><div class=\"wp-block-media-text__content\">\n<h2 class=\"wp-block-heading\">C&rsquo;est en covoiturant qu&rsquo;on devient Forgeron ! <\/h2>\n\n\n\n<div style=\"height:10px\" aria-hidden=\"true\" class=\"wp-block-spacer\"><\/div>\n\n\n\n<p><strong>Rendez-vous sur l&rsquo;application et le site internet de StadiumGO pour proposer et trouver votre trajet pour vous rendre \u00e0 Gueugnon !<\/strong><\/p>\n\n\n\n<div class=\"wp-block-buttons is-layout-flex wp-block-buttons-is-layout-flex\">\n<div class=\"wp-block-button aligncenter is-style-circular\"><a class=\"wp-block-button__link wp-element-button\" href=\"https:\/\/www.stadiumgo.fr\/liste-matchs?search=1&amp;club=gueugnon&amp;league=\">StadiumGO<\/a><\/div>\n<\/div>\n<\/div><\/div>\n\n\n\n<div style=\"height:10px\" aria-hidden=\"true\" class=\"wp-block-spacer\"><\/div>\n\n\n\n<div style=\"height:25px\" aria-hidden=\"true\" class=\"wp-block-spacer\"><\/div>\n\n\n\n<p>\u2139\ufe0f <em><a href=\"https:\/\/www.fcgueugnon.fr\/site\/infos-pratiques\" target=\"_blank\" rel=\"noreferrer noopener\"><span style=\"text-decoration: underline;\">Acc\u00e8s au stade, buvette, PMR&#8230; Toutes les infos pratiques sur ce lien<\/span><\/a><\/em><\/p>\n\n\n\n<div style=\"height:70px\" aria-hidden=\"true\" class=\"wp-block-spacer\"><\/div>\n\n\n\n<hr class=\"wp-block-separator has-text-color has-css-opacity has-background is-style-default\" style=\"background-color:#f7db4a;color:#f7db4a\"\/>\n\n\n\n<h3 class=\"wp-block-heading\">\u26bd <strong><em>La fiche<\/em><\/strong><\/h3>\n\n\n\n<h4 class=\"wp-block-heading\"><b>NIVEAU NATIONAL : F\u00c9D\u00c9RATION&nbsp;FRAN\u00c7AISE&nbsp;DE FOOTBALL<\/b><br><strong><b>NATIONAL 3 &#8211; J05<\/b><\/strong><br>Samedi 19 Novembre 2022 &#8211; 18H00<br>FC GUEUGNON \/ JURA DOLOIS<\/h4>\n\n\n\n<p><strong>TERRAIN<\/strong><br>Stade Jean Laville<br>Rue Roger Couderc<br>71130 Gueugnon<\/p>\n\n\n\n<p><strong>SURFACE DE JEU<\/strong><br>Pelouse naturelle<\/p>\n\n\n\n<p><strong>OFFICIELS<\/strong><br>Arbitre centre : CORENTIN PAYA<br>Arbitre assistant 1 : EMMANUEL GAUTHIER<br>Arbitre assistant 2 : ROMAIN GARNIER<br>D\u00e9l\u00e9gu\u00e9 principal : NICOLAS SALVAYRE<br>D\u00e9l\u00e9gu\u00e9 accompagnateur : FRANCK MOSCATO<br>Observateur principal : CHRISTOPHE SIMON<br>Observateur adjoint 1 : SEBASTIEN CARAYON<\/p>\n\n\n\n<div style=\"height:50px\" aria-hidden=\"true\" class=\"wp-block-spacer\"><\/div>\n\n\n\n<h3 class=\"wp-block-heading\"><strong>Groupe<\/strong><\/h3>\n\n\n\n<figure class=\"wp-block-embed is-type-rich is-provider-twitter wp-block-embed-twitter\"><div class=\"wp-block-embed__wrapper\">\n<blockquote class=\"twitter-tweet\" data-width=\"550\" data-dnt=\"true\"><p lang=\"fr\" dir=\"ltr\">\ud83d\udfe1 \ud835\udde1\ud835\udfef \ud835\udddd\ud835\udfec\ud835\udff1 | \ud835\uddd9\ud835\uddd6 \ud835\uddda\ud835\udde8\ud835\uddd8\ud835\udde8\ud835\uddda\ud835\udde1\ud835\udde2\ud835\udde1 &#8211; \ud835\udddd\ud835\udde8\ud835\udde5\ud835\uddd4 \ud835\uddd7\ud835\udde2\ud835\udddf\ud835\udde2\ud835\udddc\ud835\udde6 \ud83d\udd35<br><br>\ud83d\udc65 Le groupe forgeron pour la 5\u00e8me journ\u00e9e de N3 : Njock &#8211; Doridot &#8211; Fahrasmane &#8211; Delclaux &#8211; Chauvet &#8211; Helal &#8211; Mohamed &#8211; Diallo &#8211; Salibur &#8211; Mustivar &#8211; Fr. Revuelta &#8211; Dram\u00e9 &#8211; Mbock &#8211; Luanda &#8211; Diomand\u00e9 &#8211; Mvondo. <a href=\"https:\/\/t.co\/wdKMjpZpKQ\">pic.twitter.com\/wdKMjpZpKQ<\/a><\/p>&mdash; FC Gueugnon (@FCGueugnon_Off) <a href=\"https:\/\/twitter.com\/FCGueugnon_Off\/status\/1593687991175860229?ref_src=twsrc%5Etfw\">November 18, 2022<\/a><\/blockquote><script async src=\"https:\/\/platform.twitter.com\/widgets.js\" charset=\"utf-8\"><\/script>\n<\/div><\/figure>\n\n\n\n<div style=\"height:50px\" aria-hidden=\"true\" class=\"wp-block-spacer\"><\/div>\n\n\n\n<h3 class=\"wp-block-heading\">\ud83d\uddd3 <strong>La 5e journ\u00e9e de National 3<\/strong><\/h3>\n\n\n\n<p>15\/10 : Besan\u00e7on Foot &#8211; Is-Selongey : 1 &#8211; 2<br>15\/10 : AS Quetigny &#8211; Montceau : 3 &#8211; 1<br>16\/10 : Sochaux-Montb. B &#8211; DFCO B : 2 &#8211; 1<br>29\/10 : CA Pontartelier &#8211; FC Grandvillars : 5 &#8211; 0<br>01\/11 : Morteau-Montlebon &#8211; UC M\u00e2con : 4 &#8211; 3<br>19\/11 : FC Gueugnon &#8211; Jura Dolois<br>18\/12 : Saint-Apollinaire &#8211; UCS Cosne<\/p>\n\n\n\n<div style=\"height:100px\" aria-hidden=\"true\" class=\"wp-block-spacer\"><\/div>\n","protected":false},"excerpt":{"rendered":"<p>Apr\u00e8s 2 victoires cons\u00e9cutives \u00e0 Jean Laville, les forgerons re\u00e7oivent le Jura Dolois pour le compte de la 5e journ\u00e9e en retard du championnat ! \ud83c\udd9a L&rsquo;adversaire Le Jura Dolois Football est ambitieux&#8230; Fond\u00e9 en 1991 en \u00e9voluant depuis 2017 en National 3, le club du pr\u00e9sident Mohamed Mbitel a pr\u00e9sent\u00e9 son projet de club &#8230; <\/p>\n<p class=\"read-more-container\"><a title=\"[N3 J05 : FC Gueugnon &#8211; Jura Dolois] La passe de 3 \u00e0 Jean Laville ?\" class=\"read-more button\" href=\"https:\/\/www.fcgueugnon.fr\/site\/n3-j05-fc-gueugnon-jura-dolois-la-passe-de-3-a-jean-laville\/2328#more-2328\" aria-label=\"Plus sur [N3 J05 : FC Gueugnon &#8211; Jura Dolois] La passe de 3 \u00e0 Jean Laville ?\">Lire la suite<\/a><\/p>\n","protected":false},"author":1,"featured_media":2350,"comment_status":"closed","ping_status":"closed","sticky":false,"template":"","format":"standard","meta":{"footnotes":""},"categories":[5,4],"tags":[28],"class_list":["post-2328","post","type-post","status-publish","format-standard","has-post-thumbnail","hentry","category-news-2022-2023","category-news","tag-avant-match","infinite-scroll-item","generate-columns","tablet-grid-50","mobile-grid-100","grid-parent","grid-25","resize-featured-image"],"yoast_head":"<!-- This site is optimized with the Yoast SEO plugin v26.6 - https:\/\/yoast.com\/wordpress\/plugins\/seo\/ -->\n<title>[N3 J05 : FC Gueugnon - Jura Dolois] La passe de 3 \u00e0 Jean Laville ? &#8226; FOOTBALL CLUB GUEUGNON<\/title>\n<meta name=\"robots\" content=\"index, follow, max-snippet:-1, max-image-preview:large, max-video-preview:-1\" \/>\n<link rel=\"canonical\" href=\"https:\/\/www.fcgueugnon.fr\/site\/n3-j05-fc-gueugnon-jura-dolois-la-passe-de-3-a-jean-laville\/2328\" \/>\n<meta property=\"og:locale\" content=\"fr_FR\" \/>\n<meta property=\"og:type\" content=\"article\" \/>\n<meta property=\"og:title\" content=\"[N3 J05 : FC Gueugnon - Jura Dolois] La passe de 3 \u00e0 Jean Laville ? &#8226; FOOTBALL CLUB GUEUGNON\" \/>\n<meta property=\"og:description\" content=\"Apr\u00e8s 2 victoires cons\u00e9cutives \u00e0 Jean Laville, les forgerons re\u00e7oivent le Jura Dolois pour le compte de la 5e journ\u00e9e en retard du championnat ! \ud83c\udd9a L&rsquo;adversaire Le Jura Dolois Football est ambitieux&#8230; Fond\u00e9 en 1991 en \u00e9voluant depuis 2017 en National 3, le club du pr\u00e9sident Mohamed Mbitel a pr\u00e9sent\u00e9 son projet de club ... Lire la suite\" \/>\n<meta property=\"og:url\" content=\"https:\/\/www.fcgueugnon.fr\/site\/n3-j05-fc-gueugnon-jura-dolois-la-passe-de-3-a-jean-laville\/2328\" \/>\n<meta property=\"og:site_name\" content=\"FOOTBALL CLUB GUEUGNON\" \/>\n<meta property=\"article:publisher\" content=\"http:\/\/facebook.com\/FCGueugnon\" \/>\n<meta property=\"article:published_time\" content=\"2022-11-18T11:07:21+00:00\" \/>\n<meta property=\"article:modified_time\" content=\"2023-05-13T11:10:39+00:00\" \/>\n<meta property=\"og:image\" content=\"https:\/\/www.fcgueugnon.fr\/site\/wp-content\/uploads\/2022\/11\/avant-match-fc-gueugnon-jura-dolois-dole.jpg\" \/>\n\t<meta property=\"og:image:width\" content=\"1920\" \/>\n\t<meta property=\"og:image:height\" content=\"1080\" \/>\n\t<meta property=\"og:image:type\" content=\"image\/jpeg\" \/>\n<meta name=\"author\" content=\"FC Gueugnon\" \/>\n<meta name=\"twitter:card\" content=\"summary_large_image\" \/>\n<meta name=\"twitter:creator\" content=\"@FCGueugnon_off\" \/>\n<meta name=\"twitter:site\" content=\"@FCGueugnon_off\" \/>\n<meta name=\"twitter:label1\" content=\"\u00c9crit par\" \/>\n\t<meta name=\"twitter:data1\" content=\"FC Gueugnon\" \/>\n\t<meta name=\"twitter:label2\" content=\"Dur\u00e9e de lecture estim\u00e9e\" \/>\n\t<meta name=\"twitter:data2\" content=\"5 minutes\" \/>\n<script type=\"application\/ld+json\" class=\"yoast-schema-graph\">{\"@context\":\"https:\/\/schema.org\",\"@graph\":[{\"@type\":\"Article\",\"@id\":\"https:\/\/www.fcgueugnon.fr\/site\/n3-j05-fc-gueugnon-jura-dolois-la-passe-de-3-a-jean-laville\/2328#article\",\"isPartOf\":{\"@id\":\"https:\/\/www.fcgueugnon.fr\/site\/n3-j05-fc-gueugnon-jura-dolois-la-passe-de-3-a-jean-laville\/2328\"},\"author\":{\"name\":\"FC Gueugnon\",\"@id\":\"https:\/\/www.fcgueugnon.fr\/site\/#\/schema\/person\/f6444fbdd35fa731ee974c03508738fb\"},\"headline\":\"[N3 J05 : FC Gueugnon &#8211; Jura Dolois] La passe de 3 \u00e0 Jean Laville ?\",\"datePublished\":\"2022-11-18T11:07:21+00:00\",\"dateModified\":\"2023-05-13T11:10:39+00:00\",\"mainEntityOfPage\":{\"@id\":\"https:\/\/www.fcgueugnon.fr\/site\/n3-j05-fc-gueugnon-jura-dolois-la-passe-de-3-a-jean-laville\/2328\"},\"wordCount\":748,\"publisher\":{\"@id\":\"https:\/\/www.fcgueugnon.fr\/site\/#organization\"},\"image\":{\"@id\":\"https:\/\/www.fcgueugnon.fr\/site\/n3-j05-fc-gueugnon-jura-dolois-la-passe-de-3-a-jean-laville\/2328#primaryimage\"},\"thumbnailUrl\":\"https:\/\/www.fcgueugnon.fr\/site\/wp-content\/uploads\/2022\/11\/avant-match-fc-gueugnon-jura-dolois-dole.jpg\",\"keywords\":[\"Avant-match\"],\"articleSection\":[\"Archives 2022\/2023\",\"News\"],\"inLanguage\":\"fr-FR\"},{\"@type\":\"WebPage\",\"@id\":\"https:\/\/www.fcgueugnon.fr\/site\/n3-j05-fc-gueugnon-jura-dolois-la-passe-de-3-a-jean-laville\/2328\",\"url\":\"https:\/\/www.fcgueugnon.fr\/site\/n3-j05-fc-gueugnon-jura-dolois-la-passe-de-3-a-jean-laville\/2328\",\"name\":\"[N3 J05 : FC Gueugnon - Jura Dolois] La passe de 3 \u00e0 Jean Laville ? &#8226; FOOTBALL CLUB GUEUGNON\",\"isPartOf\":{\"@id\":\"https:\/\/www.fcgueugnon.fr\/site\/#website\"},\"primaryImageOfPage\":{\"@id\":\"https:\/\/www.fcgueugnon.fr\/site\/n3-j05-fc-gueugnon-jura-dolois-la-passe-de-3-a-jean-laville\/2328#primaryimage\"},\"image\":{\"@id\":\"https:\/\/www.fcgueugnon.fr\/site\/n3-j05-fc-gueugnon-jura-dolois-la-passe-de-3-a-jean-laville\/2328#primaryimage\"},\"thumbnailUrl\":\"https:\/\/www.fcgueugnon.fr\/site\/wp-content\/uploads\/2022\/11\/avant-match-fc-gueugnon-jura-dolois-dole.jpg\",\"datePublished\":\"2022-11-18T11:07:21+00:00\",\"dateModified\":\"2023-05-13T11:10:39+00:00\",\"breadcrumb\":{\"@id\":\"https:\/\/www.fcgueugnon.fr\/site\/n3-j05-fc-gueugnon-jura-dolois-la-passe-de-3-a-jean-laville\/2328#breadcrumb\"},\"inLanguage\":\"fr-FR\",\"potentialAction\":[{\"@type\":\"ReadAction\",\"target\":[\"https:\/\/www.fcgueugnon.fr\/site\/n3-j05-fc-gueugnon-jura-dolois-la-passe-de-3-a-jean-laville\/2328\"]}]},{\"@type\":\"ImageObject\",\"inLanguage\":\"fr-FR\",\"@id\":\"https:\/\/www.fcgueugnon.fr\/site\/n3-j05-fc-gueugnon-jura-dolois-la-passe-de-3-a-jean-laville\/2328#primaryimage\",\"url\":\"https:\/\/www.fcgueugnon.fr\/site\/wp-content\/uploads\/2022\/11\/avant-match-fc-gueugnon-jura-dolois-dole.jpg\",\"contentUrl\":\"https:\/\/www.fcgueugnon.fr\/site\/wp-content\/uploads\/2022\/11\/avant-match-fc-gueugnon-jura-dolois-dole.jpg\",\"width\":1920,\"height\":1080},{\"@type\":\"BreadcrumbList\",\"@id\":\"https:\/\/www.fcgueugnon.fr\/site\/n3-j05-fc-gueugnon-jura-dolois-la-passe-de-3-a-jean-laville\/2328#breadcrumb\",\"itemListElement\":[{\"@type\":\"ListItem\",\"position\":1,\"name\":\"Accueil\",\"item\":\"https:\/\/www.fcgueugnon.fr\/site\/\"},{\"@type\":\"ListItem\",\"position\":2,\"name\":\"[N3 J05 : FC Gueugnon &#8211; Jura Dolois] La passe de 3 \u00e0 Jean Laville ?\"}]},{\"@type\":\"WebSite\",\"@id\":\"https:\/\/www.fcgueugnon.fr\/site\/#website\",\"url\":\"https:\/\/www.fcgueugnon.fr\/site\/\",\"name\":\"FOOTBALL CLUB GUEUGNON\",\"description\":\"Le Site Officiel des Forgerons\",\"publisher\":{\"@id\":\"https:\/\/www.fcgueugnon.fr\/site\/#organization\"},\"potentialAction\":[{\"@type\":\"SearchAction\",\"target\":{\"@type\":\"EntryPoint\",\"urlTemplate\":\"https:\/\/www.fcgueugnon.fr\/site\/?s={search_term_string}\"},\"query-input\":{\"@type\":\"PropertyValueSpecification\",\"valueRequired\":true,\"valueName\":\"search_term_string\"}}],\"inLanguage\":\"fr-FR\"},{\"@type\":\"Organization\",\"@id\":\"https:\/\/www.fcgueugnon.fr\/site\/#organization\",\"name\":\"FC Gueugnon\",\"url\":\"https:\/\/www.fcgueugnon.fr\/site\/\",\"logo\":{\"@type\":\"ImageObject\",\"inLanguage\":\"fr-FR\",\"@id\":\"https:\/\/www.fcgueugnon.fr\/site\/#\/schema\/logo\/image\/\",\"url\":\"https:\/\/www.fcgueugnon.fr\/site\/wp-content\/uploads\/2022\/07\/cropped-Logo-FCGUEUGNON-low-350x350-1.png\",\"contentUrl\":\"https:\/\/www.fcgueugnon.fr\/site\/wp-content\/uploads\/2022\/07\/cropped-Logo-FCGUEUGNON-low-350x350-1.png\",\"width\":350,\"height\":350,\"caption\":\"FC Gueugnon\"},\"image\":{\"@id\":\"https:\/\/www.fcgueugnon.fr\/site\/#\/schema\/logo\/image\/\"},\"sameAs\":[\"http:\/\/facebook.com\/FCGueugnon\",\"https:\/\/x.com\/FCGueugnon_off\",\"https:\/\/www.instagram.com\/fcgueugnon\/\",\"https:\/\/www.linkedin.com\/company\/football-club-de-gueugnon\/\",\"https:\/\/www.youtube.com\/user\/FCGueugnonnais\",\"https:\/\/fr.wikipedia.org\/wiki\/Football_Club_de_Gueugnon\"]},{\"@type\":\"Person\",\"@id\":\"https:\/\/www.fcgueugnon.fr\/site\/#\/schema\/person\/f6444fbdd35fa731ee974c03508738fb\",\"name\":\"FC Gueugnon\",\"sameAs\":[\"https:\/\/www.fcgueugnon.fr\/site\"],\"url\":\"https:\/\/www.fcgueugnon.fr\/site\/author\/admin-antho\"}]}<\/script>\n<!-- \/ Yoast SEO plugin. -->","yoast_head_json":{"title":"[N3 J05 : FC Gueugnon - Jura Dolois] La passe de 3 \u00e0 Jean Laville ? &#8226; FOOTBALL CLUB GUEUGNON","robots":{"index":"index","follow":"follow","max-snippet":"max-snippet:-1","max-image-preview":"max-image-preview:large","max-video-preview":"max-video-preview:-1"},"canonical":"https:\/\/www.fcgueugnon.fr\/site\/n3-j05-fc-gueugnon-jura-dolois-la-passe-de-3-a-jean-laville\/2328","og_locale":"fr_FR","og_type":"article","og_title":"[N3 J05 : FC Gueugnon - Jura Dolois] La passe de 3 \u00e0 Jean Laville ? &#8226; FOOTBALL CLUB GUEUGNON","og_description":"Apr\u00e8s 2 victoires cons\u00e9cutives \u00e0 Jean Laville, les forgerons re\u00e7oivent le Jura Dolois pour le compte de la 5e journ\u00e9e en retard du championnat ! \ud83c\udd9a L&rsquo;adversaire Le Jura Dolois Football est ambitieux&#8230; Fond\u00e9 en 1991 en \u00e9voluant depuis 2017 en National 3, le club du pr\u00e9sident Mohamed Mbitel a pr\u00e9sent\u00e9 son projet de club ... Lire la suite","og_url":"https:\/\/www.fcgueugnon.fr\/site\/n3-j05-fc-gueugnon-jura-dolois-la-passe-de-3-a-jean-laville\/2328","og_site_name":"FOOTBALL CLUB GUEUGNON","article_publisher":"http:\/\/facebook.com\/FCGueugnon","article_published_time":"2022-11-18T11:07:21+00:00","article_modified_time":"2023-05-13T11:10:39+00:00","og_image":[{"width":1920,"height":1080,"url":"https:\/\/www.fcgueugnon.fr\/site\/wp-content\/uploads\/2022\/11\/avant-match-fc-gueugnon-jura-dolois-dole.jpg","type":"image\/jpeg"}],"author":"FC Gueugnon","twitter_card":"summary_large_image","twitter_creator":"@FCGueugnon_off","twitter_site":"@FCGueugnon_off","twitter_misc":{"\u00c9crit par":"FC Gueugnon","Dur\u00e9e de lecture estim\u00e9e":"5 minutes"},"schema":{"@context":"https:\/\/schema.org","@graph":[{"@type":"Article","@id":"https:\/\/www.fcgueugnon.fr\/site\/n3-j05-fc-gueugnon-jura-dolois-la-passe-de-3-a-jean-laville\/2328#article","isPartOf":{"@id":"https:\/\/www.fcgueugnon.fr\/site\/n3-j05-fc-gueugnon-jura-dolois-la-passe-de-3-a-jean-laville\/2328"},"author":{"name":"FC Gueugnon","@id":"https:\/\/www.fcgueugnon.fr\/site\/#\/schema\/person\/f6444fbdd35fa731ee974c03508738fb"},"headline":"[N3 J05 : FC Gueugnon &#8211; Jura Dolois] La passe de 3 \u00e0 Jean Laville ?","datePublished":"2022-11-18T11:07:21+00:00","dateModified":"2023-05-13T11:10:39+00:00","mainEntityOfPage":{"@id":"https:\/\/www.fcgueugnon.fr\/site\/n3-j05-fc-gueugnon-jura-dolois-la-passe-de-3-a-jean-laville\/2328"},"wordCount":748,"publisher":{"@id":"https:\/\/www.fcgueugnon.fr\/site\/#organization"},"image":{"@id":"https:\/\/www.fcgueugnon.fr\/site\/n3-j05-fc-gueugnon-jura-dolois-la-passe-de-3-a-jean-laville\/2328#primaryimage"},"thumbnailUrl":"https:\/\/www.fcgueugnon.fr\/site\/wp-content\/uploads\/2022\/11\/avant-match-fc-gueugnon-jura-dolois-dole.jpg","keywords":["Avant-match"],"articleSection":["Archives 2022\/2023","News"],"inLanguage":"fr-FR"},{"@type":"WebPage","@id":"https:\/\/www.fcgueugnon.fr\/site\/n3-j05-fc-gueugnon-jura-dolois-la-passe-de-3-a-jean-laville\/2328","url":"https:\/\/www.fcgueugnon.fr\/site\/n3-j05-fc-gueugnon-jura-dolois-la-passe-de-3-a-jean-laville\/2328","name":"[N3 J05 : FC Gueugnon - Jura Dolois] La passe de 3 \u00e0 Jean Laville ? &#8226; FOOTBALL CLUB GUEUGNON","isPartOf":{"@id":"https:\/\/www.fcgueugnon.fr\/site\/#website"},"primaryImageOfPage":{"@id":"https:\/\/www.fcgueugnon.fr\/site\/n3-j05-fc-gueugnon-jura-dolois-la-passe-de-3-a-jean-laville\/2328#primaryimage"},"image":{"@id":"https:\/\/www.fcgueugnon.fr\/site\/n3-j05-fc-gueugnon-jura-dolois-la-passe-de-3-a-jean-laville\/2328#primaryimage"},"thumbnailUrl":"https:\/\/www.fcgueugnon.fr\/site\/wp-content\/uploads\/2022\/11\/avant-match-fc-gueugnon-jura-dolois-dole.jpg","datePublished":"2022-11-18T11:07:21+00:00","dateModified":"2023-05-13T11:10:39+00:00","breadcrumb":{"@id":"https:\/\/www.fcgueugnon.fr\/site\/n3-j05-fc-gueugnon-jura-dolois-la-passe-de-3-a-jean-laville\/2328#breadcrumb"},"inLanguage":"fr-FR","potentialAction":[{"@type":"ReadAction","target":["https:\/\/www.fcgueugnon.fr\/site\/n3-j05-fc-gueugnon-jura-dolois-la-passe-de-3-a-jean-laville\/2328"]}]},{"@type":"ImageObject","inLanguage":"fr-FR","@id":"https:\/\/www.fcgueugnon.fr\/site\/n3-j05-fc-gueugnon-jura-dolois-la-passe-de-3-a-jean-laville\/2328#primaryimage","url":"https:\/\/www.fcgueugnon.fr\/site\/wp-content\/uploads\/2022\/11\/avant-match-fc-gueugnon-jura-dolois-dole.jpg","contentUrl":"https:\/\/www.fcgueugnon.fr\/site\/wp-content\/uploads\/2022\/11\/avant-match-fc-gueugnon-jura-dolois-dole.jpg","width":1920,"height":1080},{"@type":"BreadcrumbList","@id":"https:\/\/www.fcgueugnon.fr\/site\/n3-j05-fc-gueugnon-jura-dolois-la-passe-de-3-a-jean-laville\/2328#breadcrumb","itemListElement":[{"@type":"ListItem","position":1,"name":"Accueil","item":"https:\/\/www.fcgueugnon.fr\/site\/"},{"@type":"ListItem","position":2,"name":"[N3 J05 : FC Gueugnon &#8211; Jura Dolois] La passe de 3 \u00e0 Jean Laville ?"}]},{"@type":"WebSite","@id":"https:\/\/www.fcgueugnon.fr\/site\/#website","url":"https:\/\/www.fcgueugnon.fr\/site\/","name":"FOOTBALL CLUB GUEUGNON","description":"Le Site Officiel des Forgerons","publisher":{"@id":"https:\/\/www.fcgueugnon.fr\/site\/#organization"},"potentialAction":[{"@type":"SearchAction","target":{"@type":"EntryPoint","urlTemplate":"https:\/\/www.fcgueugnon.fr\/site\/?s={search_term_string}"},"query-input":{"@type":"PropertyValueSpecification","valueRequired":true,"valueName":"search_term_string"}}],"inLanguage":"fr-FR"},{"@type":"Organization","@id":"https:\/\/www.fcgueugnon.fr\/site\/#organization","name":"FC Gueugnon","url":"https:\/\/www.fcgueugnon.fr\/site\/","logo":{"@type":"ImageObject","inLanguage":"fr-FR","@id":"https:\/\/www.fcgueugnon.fr\/site\/#\/schema\/logo\/image\/","url":"https:\/\/www.fcgueugnon.fr\/site\/wp-content\/uploads\/2022\/07\/cropped-Logo-FCGUEUGNON-low-350x350-1.png","contentUrl":"https:\/\/www.fcgueugnon.fr\/site\/wp-content\/uploads\/2022\/07\/cropped-Logo-FCGUEUGNON-low-350x350-1.png","width":350,"height":350,"caption":"FC Gueugnon"},"image":{"@id":"https:\/\/www.fcgueugnon.fr\/site\/#\/schema\/logo\/image\/"},"sameAs":["http:\/\/facebook.com\/FCGueugnon","https:\/\/x.com\/FCGueugnon_off","https:\/\/www.instagram.com\/fcgueugnon\/","https:\/\/www.linkedin.com\/company\/football-club-de-gueugnon\/","https:\/\/www.youtube.com\/user\/FCGueugnonnais","https:\/\/fr.wikipedia.org\/wiki\/Football_Club_de_Gueugnon"]},{"@type":"Person","@id":"https:\/\/www.fcgueugnon.fr\/site\/#\/schema\/person\/f6444fbdd35fa731ee974c03508738fb","name":"FC Gueugnon","sameAs":["https:\/\/www.fcgueugnon.fr\/site"],"url":"https:\/\/www.fcgueugnon.fr\/site\/author\/admin-antho"}]}},"rttpg_featured_image_url":{"full":["https:\/\/www.fcgueugnon.fr\/site\/wp-content\/uploads\/2022\/11\/avant-match-fc-gueugnon-jura-dolois-dole.jpg",1920,1080,false],"landscape":["https:\/\/www.fcgueugnon.fr\/site\/wp-content\/uploads\/2022\/11\/avant-match-fc-gueugnon-jura-dolois-dole.jpg",1920,1080,false],"portraits":["https:\/\/www.fcgueugnon.fr\/site\/wp-content\/uploads\/2022\/11\/avant-match-fc-gueugnon-jura-dolois-dole.jpg",1920,1080,false],"thumbnail":["https:\/\/www.fcgueugnon.fr\/site\/wp-content\/uploads\/2022\/11\/avant-match-fc-gueugnon-jura-dolois-dole-150x150.jpg",150,150,true],"medium":["https:\/\/www.fcgueugnon.fr\/site\/wp-content\/uploads\/2022\/11\/avant-match-fc-gueugnon-jura-dolois-dole-400x225.jpg",400,225,true],"large":["https:\/\/www.fcgueugnon.fr\/site\/wp-content\/uploads\/2022\/11\/avant-match-fc-gueugnon-jura-dolois-dole-1024x576.jpg",1024,576,true],"1536x1536":["https:\/\/www.fcgueugnon.fr\/site\/wp-content\/uploads\/2022\/11\/avant-match-fc-gueugnon-jura-dolois-dole-1536x864.jpg",1536,864,true],"2048x2048":["https:\/\/www.fcgueugnon.fr\/site\/wp-content\/uploads\/2022\/11\/avant-match-fc-gueugnon-jura-dolois-dole.jpg",1920,1080,false]},"rttpg_author":{"display_name":"FC Gueugnon","author_link":"https:\/\/www.fcgueugnon.fr\/site\/author\/admin-antho"},"rttpg_comment":0,"rttpg_category":"<a href=\"https:\/\/www.fcgueugnon.fr\/site\/category\/news\/news-2022-2023\" rel=\"category tag\">Archives 2022\/2023<\/a> <a href=\"https:\/\/www.fcgueugnon.fr\/site\/category\/news\" rel=\"category tag\">News<\/a>","rttpg_excerpt":"Apr\u00e8s 2 victoires cons\u00e9cutives \u00e0 Jean Laville, les forgerons re\u00e7oivent le Jura Dolois pour le compte de la 5e journ\u00e9e en retard du championnat ! \ud83c\udd9a L&rsquo;adversaire Le Jura Dolois Football est ambitieux&#8230; Fond\u00e9 en 1991 en \u00e9voluant depuis 2017 en National 3, le club du pr\u00e9sident Mohamed Mbitel a pr\u00e9sent\u00e9 son projet de club\u2026","_links":{"self":[{"href":"https:\/\/www.fcgueugnon.fr\/site\/wp-json\/wp\/v2\/posts\/2328","targetHints":{"allow":["GET"]}}],"collection":[{"href":"https:\/\/www.fcgueugnon.fr\/site\/wp-json\/wp\/v2\/posts"}],"about":[{"href":"https:\/\/www.fcgueugnon.fr\/site\/wp-json\/wp\/v2\/types\/post"}],"author":[{"embeddable":true,"href":"https:\/\/www.fcgueugnon.fr\/site\/wp-json\/wp\/v2\/users\/1"}],"replies":[{"embeddable":true,"href":"https:\/\/www.fcgueugnon.fr\/site\/wp-json\/wp\/v2\/comments?post=2328"}],"version-history":[{"count":6,"href":"https:\/\/www.fcgueugnon.fr\/site\/wp-json\/wp\/v2\/posts\/2328\/revisions"}],"predecessor-version":[{"id":2356,"href":"https:\/\/www.fcgueugnon.fr\/site\/wp-json\/wp\/v2\/posts\/2328\/revisions\/2356"}],"wp:featuredmedia":[{"embeddable":true,"href":"https:\/\/www.fcgueugnon.fr\/site\/wp-json\/wp\/v2\/media\/2350"}],"wp:attachment":[{"href":"https:\/\/www.fcgueugnon.fr\/site\/wp-json\/wp\/v2\/media?parent=2328"}],"wp:term":[{"taxonomy":"category","embeddable":true,"href":"https:\/\/www.fcgueugnon.fr\/site\/wp-json\/wp\/v2\/categories?post=2328"},{"taxonomy":"post_tag","embeddable":true,"href":"https:\/\/www.fcgueugnon.fr\/site\/wp-json\/wp\/v2\/tags?post=2328"}],"curies":[{"name":"wp","href":"https:\/\/api.w.org\/{rel}","templated":true}]}}