{"id":2282,"date":"2022-11-14T11:45:53","date_gmt":"2022-11-14T10:45:53","guid":{"rendered":"https:\/\/www.fcgueugnon.fr\/site\/?p=2282"},"modified":"2023-05-13T13:11:26","modified_gmt":"2023-05-13T11:11:26","slug":"n3-j08-fc-gueugnon-sochaux-montbeliard-b-resultat-reactions-et-resume","status":"publish","type":"post","link":"https:\/\/www.fcgueugnon.fr\/site\/n3-j08-fc-gueugnon-sochaux-montbeliard-b-resultat-reactions-et-resume\/2282","title":{"rendered":"[N3 J08 : FC Gueugnon \u2013 Sochaux-Montb\u00e9liard B] R\u00e9sultat, r\u00e9actions et r\u00e9sum\u00e9"},"content":{"rendered":"\n<h3 class=\"has-text-align-left wp-block-heading\"><strong>Une semaine seulement apr\u00e8s sa victoire \u00e0 domicile face \u00e0 Is-Selongey, le FC Gueugnon recevait cette fois-ci la r\u00e9serve professionnelle du FC Sochaux-Montb\u00e9liard avec un objectif de r\u00e9sultat.<\/strong><\/h3>\n\n\n\n<div style=\"height:15px\" aria-hidden=\"true\" class=\"wp-block-spacer\"><\/div>\n\n\n\n<figure class=\"wp-block-gallery has-nested-images columns-2 is-cropped wp-block-gallery-1 is-layout-flex wp-block-gallery-is-layout-flex\">\n<figure class=\"wp-block-image size-large\"><img loading=\"lazy\" decoding=\"async\" width=\"1024\" height=\"682\" data-id=\"2283\" src=\"https:\/\/www.fcgueugnon.fr\/site\/wp-content\/uploads\/2022\/11\/samedi-soir-face-a-sochaux-b-les-gueugnonnais-ont-remporte-leur-deuxieme-rencontre-consecutive-a-jean-laville-sur-le-score-de-2-1-photo-jsl-benjamin-lemousy-clp-1668287384-5-1024x682.jpg\" alt=\"\" class=\"wp-image-2283\" srcset=\"https:\/\/www.fcgueugnon.fr\/site\/wp-content\/uploads\/2022\/11\/samedi-soir-face-a-sochaux-b-les-gueugnonnais-ont-remporte-leur-deuxieme-rencontre-consecutive-a-jean-laville-sur-le-score-de-2-1-photo-jsl-benjamin-lemousy-clp-1668287384-5-1024x682.jpg 1024w, https:\/\/www.fcgueugnon.fr\/site\/wp-content\/uploads\/2022\/11\/samedi-soir-face-a-sochaux-b-les-gueugnonnais-ont-remporte-leur-deuxieme-rencontre-consecutive-a-jean-laville-sur-le-score-de-2-1-photo-jsl-benjamin-lemousy-clp-1668287384-5-400x267.jpg 400w, https:\/\/www.fcgueugnon.fr\/site\/wp-content\/uploads\/2022\/11\/samedi-soir-face-a-sochaux-b-les-gueugnonnais-ont-remporte-leur-deuxieme-rencontre-consecutive-a-jean-laville-sur-le-score-de-2-1-photo-jsl-benjamin-lemousy-clp-1668287384-5-768x512.jpg 768w, https:\/\/www.fcgueugnon.fr\/site\/wp-content\/uploads\/2022\/11\/samedi-soir-face-a-sochaux-b-les-gueugnonnais-ont-remporte-leur-deuxieme-rencontre-consecutive-a-jean-laville-sur-le-score-de-2-1-photo-jsl-benjamin-lemousy-clp-1668287384-5-1536x1023.jpg 1536w, https:\/\/www.fcgueugnon.fr\/site\/wp-content\/uploads\/2022\/11\/samedi-soir-face-a-sochaux-b-les-gueugnonnais-ont-remporte-leur-deuxieme-rencontre-consecutive-a-jean-laville-sur-le-score-de-2-1-photo-jsl-benjamin-lemousy-clp-1668287384-5-1320x879.jpg 1320w, https:\/\/www.fcgueugnon.fr\/site\/wp-content\/uploads\/2022\/11\/samedi-soir-face-a-sochaux-b-les-gueugnonnais-ont-remporte-leur-deuxieme-rencontre-consecutive-a-jean-laville-sur-le-score-de-2-1-photo-jsl-benjamin-lemousy-clp-1668287384-5.jpg 1600w\" sizes=\"auto, (max-width: 1024px) 100vw, 1024px\" \/><\/figure>\n\n\n\n<figure class=\"wp-block-image size-large\"><img loading=\"lazy\" decoding=\"async\" width=\"1024\" height=\"682\" data-id=\"2284\" src=\"https:\/\/www.fcgueugnon.fr\/site\/wp-content\/uploads\/2022\/11\/samedi-soir-face-a-sochaux-b-les-gueugnonnais-ont-remporte-leur-deuxieme-rencontre-consecutive-a-jean-laville-sur-le-score-de-2-1-photo-jsl-benjamin-lemousy-clp-1668287384-4-1024x682.jpg\" alt=\"\" class=\"wp-image-2284\" srcset=\"https:\/\/www.fcgueugnon.fr\/site\/wp-content\/uploads\/2022\/11\/samedi-soir-face-a-sochaux-b-les-gueugnonnais-ont-remporte-leur-deuxieme-rencontre-consecutive-a-jean-laville-sur-le-score-de-2-1-photo-jsl-benjamin-lemousy-clp-1668287384-4-1024x682.jpg 1024w, https:\/\/www.fcgueugnon.fr\/site\/wp-content\/uploads\/2022\/11\/samedi-soir-face-a-sochaux-b-les-gueugnonnais-ont-remporte-leur-deuxieme-rencontre-consecutive-a-jean-laville-sur-le-score-de-2-1-photo-jsl-benjamin-lemousy-clp-1668287384-4-400x267.jpg 400w, https:\/\/www.fcgueugnon.fr\/site\/wp-content\/uploads\/2022\/11\/samedi-soir-face-a-sochaux-b-les-gueugnonnais-ont-remporte-leur-deuxieme-rencontre-consecutive-a-jean-laville-sur-le-score-de-2-1-photo-jsl-benjamin-lemousy-clp-1668287384-4-768x512.jpg 768w, https:\/\/www.fcgueugnon.fr\/site\/wp-content\/uploads\/2022\/11\/samedi-soir-face-a-sochaux-b-les-gueugnonnais-ont-remporte-leur-deuxieme-rencontre-consecutive-a-jean-laville-sur-le-score-de-2-1-photo-jsl-benjamin-lemousy-clp-1668287384-4-1536x1023.jpg 1536w, https:\/\/www.fcgueugnon.fr\/site\/wp-content\/uploads\/2022\/11\/samedi-soir-face-a-sochaux-b-les-gueugnonnais-ont-remporte-leur-deuxieme-rencontre-consecutive-a-jean-laville-sur-le-score-de-2-1-photo-jsl-benjamin-lemousy-clp-1668287384-4-1320x879.jpg 1320w, https:\/\/www.fcgueugnon.fr\/site\/wp-content\/uploads\/2022\/11\/samedi-soir-face-a-sochaux-b-les-gueugnonnais-ont-remporte-leur-deuxieme-rencontre-consecutive-a-jean-laville-sur-le-score-de-2-1-photo-jsl-benjamin-lemousy-clp-1668287384-4.jpg 1600w\" sizes=\"auto, (max-width: 1024px) 100vw, 1024px\" \/><\/figure>\n\n\n\n<figure class=\"wp-block-image size-large\"><img loading=\"lazy\" decoding=\"async\" width=\"1024\" height=\"683\" data-id=\"2285\" src=\"https:\/\/www.fcgueugnon.fr\/site\/wp-content\/uploads\/2022\/11\/samedi-soir-face-a-sochaux-b-les-gueugnonnais-ont-remporte-leur-deuxieme-rencontre-consecutive-a-jean-laville-sur-le-score-de-2-1-photo-jsl-benjamin-lemousy-clp-1668287384-3-1024x683.jpg\" alt=\"\" class=\"wp-image-2285\" srcset=\"https:\/\/www.fcgueugnon.fr\/site\/wp-content\/uploads\/2022\/11\/samedi-soir-face-a-sochaux-b-les-gueugnonnais-ont-remporte-leur-deuxieme-rencontre-consecutive-a-jean-laville-sur-le-score-de-2-1-photo-jsl-benjamin-lemousy-clp-1668287384-3-1024x683.jpg 1024w, https:\/\/www.fcgueugnon.fr\/site\/wp-content\/uploads\/2022\/11\/samedi-soir-face-a-sochaux-b-les-gueugnonnais-ont-remporte-leur-deuxieme-rencontre-consecutive-a-jean-laville-sur-le-score-de-2-1-photo-jsl-benjamin-lemousy-clp-1668287384-3-400x267.jpg 400w, https:\/\/www.fcgueugnon.fr\/site\/wp-content\/uploads\/2022\/11\/samedi-soir-face-a-sochaux-b-les-gueugnonnais-ont-remporte-leur-deuxieme-rencontre-consecutive-a-jean-laville-sur-le-score-de-2-1-photo-jsl-benjamin-lemousy-clp-1668287384-3-768x512.jpg 768w, https:\/\/www.fcgueugnon.fr\/site\/wp-content\/uploads\/2022\/11\/samedi-soir-face-a-sochaux-b-les-gueugnonnais-ont-remporte-leur-deuxieme-rencontre-consecutive-a-jean-laville-sur-le-score-de-2-1-photo-jsl-benjamin-lemousy-clp-1668287384-3-1536x1024.jpg 1536w, https:\/\/www.fcgueugnon.fr\/site\/wp-content\/uploads\/2022\/11\/samedi-soir-face-a-sochaux-b-les-gueugnonnais-ont-remporte-leur-deuxieme-rencontre-consecutive-a-jean-laville-sur-le-score-de-2-1-photo-jsl-benjamin-lemousy-clp-1668287384-3-1320x880.jpg 1320w, https:\/\/www.fcgueugnon.fr\/site\/wp-content\/uploads\/2022\/11\/samedi-soir-face-a-sochaux-b-les-gueugnonnais-ont-remporte-leur-deuxieme-rencontre-consecutive-a-jean-laville-sur-le-score-de-2-1-photo-jsl-benjamin-lemousy-clp-1668287384-3.jpg 1600w\" sizes=\"auto, (max-width: 1024px) 100vw, 1024px\" \/><\/figure>\n\n\n\n<figure class=\"wp-block-image size-large\"><img loading=\"lazy\" decoding=\"async\" width=\"1024\" height=\"682\" data-id=\"2286\" src=\"https:\/\/www.fcgueugnon.fr\/site\/wp-content\/uploads\/2022\/11\/samedi-soir-face-a-sochaux-b-les-gueugnonnais-ont-remporte-leur-deuxieme-rencontre-consecutive-a-jean-laville-sur-le-score-de-2-1-photo-jsl-benjamin-lemousy-clp-1668287384-2-1024x682.jpg\" alt=\"\" class=\"wp-image-2286\" srcset=\"https:\/\/www.fcgueugnon.fr\/site\/wp-content\/uploads\/2022\/11\/samedi-soir-face-a-sochaux-b-les-gueugnonnais-ont-remporte-leur-deuxieme-rencontre-consecutive-a-jean-laville-sur-le-score-de-2-1-photo-jsl-benjamin-lemousy-clp-1668287384-2-1024x682.jpg 1024w, https:\/\/www.fcgueugnon.fr\/site\/wp-content\/uploads\/2022\/11\/samedi-soir-face-a-sochaux-b-les-gueugnonnais-ont-remporte-leur-deuxieme-rencontre-consecutive-a-jean-laville-sur-le-score-de-2-1-photo-jsl-benjamin-lemousy-clp-1668287384-2-400x267.jpg 400w, https:\/\/www.fcgueugnon.fr\/site\/wp-content\/uploads\/2022\/11\/samedi-soir-face-a-sochaux-b-les-gueugnonnais-ont-remporte-leur-deuxieme-rencontre-consecutive-a-jean-laville-sur-le-score-de-2-1-photo-jsl-benjamin-lemousy-clp-1668287384-2-768x512.jpg 768w, https:\/\/www.fcgueugnon.fr\/site\/wp-content\/uploads\/2022\/11\/samedi-soir-face-a-sochaux-b-les-gueugnonnais-ont-remporte-leur-deuxieme-rencontre-consecutive-a-jean-laville-sur-le-score-de-2-1-photo-jsl-benjamin-lemousy-clp-1668287384-2-1536x1023.jpg 1536w, https:\/\/www.fcgueugnon.fr\/site\/wp-content\/uploads\/2022\/11\/samedi-soir-face-a-sochaux-b-les-gueugnonnais-ont-remporte-leur-deuxieme-rencontre-consecutive-a-jean-laville-sur-le-score-de-2-1-photo-jsl-benjamin-lemousy-clp-1668287384-2-1320x879.jpg 1320w, https:\/\/www.fcgueugnon.fr\/site\/wp-content\/uploads\/2022\/11\/samedi-soir-face-a-sochaux-b-les-gueugnonnais-ont-remporte-leur-deuxieme-rencontre-consecutive-a-jean-laville-sur-le-score-de-2-1-photo-jsl-benjamin-lemousy-clp-1668287384-2.jpg 1600w\" sizes=\"auto, (max-width: 1024px) 100vw, 1024px\" \/><\/figure>\n<\/figure>\n\n\n\n<p class=\"has-text-align-center\"><em>Photos : JSL\/Benjamin Lemousy<\/em><\/p>\n\n\n\n<div style=\"height:15px\" aria-hidden=\"true\" class=\"wp-block-spacer\"><\/div>\n\n\n\n<p>Avec 3 matchs cons\u00e9cutifs \u00e0 disputer \u00e0 Jean Laville, les joueurs du FC Gueugnon disposent d&rsquo;un calendrier id\u00e9al pour lancer d\u00e9finitivement leur saison devant leurs supporters. Mais face \u00e0 des adversaires difficile \u00e0 man\u0153uvrer, la t\u00e2che ne sera pas aussi ais\u00e9e. Forts de leur succ\u00e8s face \u00e0 Is-Selongey, les forgerons d\u00e9fiaient ce samedi le FC Sochaux-Montb\u00e9liard avec l&rsquo;ambition de d\u00e9buter une s\u00e9rie positive.<\/p>\n\n\n\n<p>Sous le regard des Ultras Gueugnon qui c\u00e9l\u00e9braient leurs 20 ans, les hommes de <strong>Philippe Correia<\/strong> d\u00e9butent la partie parfaitement. D\u00e8s la 8\u00e8me minute de jeu, <strong>Taylor Salibur<\/strong> d\u00e9borde sur le c\u00f4t\u00e9 droit et adresse un centre millim\u00e9tr\u00e9 qui sera d\u00e9vi\u00e9 par un d\u00e9fenseur sochalien dans son propre but (1-0). Trois minutes plus tard, c&rsquo;est <strong>Oum\u00e9rou Dram\u00e9<\/strong>, \u00e0 la r\u00e9ception d&rsquo;une passe en retrait de <strong>Franck Revuelta<\/strong>, qui trompe <strong>Kocamanu Agro<\/strong> d&rsquo;un plat du pied \u00e0 l&rsquo;entr\u00e9e de la surface (10&prime; 2-0). Malgr\u00e9 les deux buts conc\u00e9d\u00e9s, les sochaliens ne vont pas se montr\u00e9s abattus et vont peu \u00e0 peu rentrer dans leur match. \u00c0 la demi-heure de jeu, les visiteurs vont se procurer quelques situations mais les attaquants se montrent impr\u00e9cis. <\/p>\n\n\n\n<p>Juste avant la pause, les forgerons seront r\u00e9duits \u00e0 10 suite \u00e0 l&rsquo;exclusion de <strong>Th\u00e9o Gab\u00e9<\/strong> pour un exc\u00e8s d&rsquo;engagement. Un fait de jeu qui relance compl\u00e8tement les jeunes sochaliens au moment d&rsquo;aborder la seconde p\u00e9riode. En inf\u00e9riorit\u00e9 num\u00e9rique, les forgerons vont faire preuve de beaucoup de solidarit\u00e9, de courage et de g\u00e9n\u00e9rosit\u00e9. Si bien que les hommes de <strong>Sylvain Monsoreau<\/strong> peinent \u00e0 trouver des solutions face \u00e0 un bloc gueugnonnais bien en place. La premi\u00e8re occasion de la seconde p\u00e9riode sera m\u00eame \u00e0 l&rsquo;initiative de <strong>Franck Revuelta<\/strong> qui r\u00e9cup\u00e8re un ballon dans l&rsquo;entrejeu et tente un lobe lointain qui \u00e9tait tout proche de tromper le gardien adverse (46&prime; ; 2-0).<\/p>\n\n\n\n<p>\u00c0 l&rsquo;heure de jeu, <strong>Yanis Figueira<\/strong> effectue ses d\u00e9buts en National 3 au poste de milieu de terrain aux c\u00f4t\u00e9s du capitaine <strong>Soni Mustivar<\/strong>. Malheureusement, le jeune gueugnonnais sera victime d&rsquo;une blessure au bras et devra c\u00e9der sa place d\u00e8s la 75\u00e8me minute \u00e0 <strong>Lamin Helal<\/strong>. <em>(Bon r\u00e9tablissement Yanis)<\/em>. Malgr\u00e9 ces faits de jeu regrettables, le FCG va rester solidaire et solide d\u00e9fensivement. Les visiteurs parviendront toutefois \u00e0 r\u00e9duire le score en toute fin de match sur un coup-franc direct inscrit par <strong>Samy Faraj<\/strong> (90+3&prime; ; 2-1).<\/p>\n\n\n\n<p>En match en retard de la 5\u00e8me journ\u00e9e de National 3, le FC Gueugnon re\u00e7oit Jura Dolois Football ce samedi \u00e0 Jean Laville. Coup d&rsquo;envoi \u00e0 18h00.<\/p>\n\n\n\n<div style=\"height:40px\" aria-hidden=\"true\" class=\"wp-block-spacer\"><\/div>\n\n\n<div class=\"wp-block-image\">\n<figure class=\"aligncenter size-large\"><img loading=\"lazy\" decoding=\"async\" width=\"1024\" height=\"461\" src=\"https:\/\/www.fcgueugnon.fr\/site\/wp-content\/uploads\/2022\/11\/ULTRAS-GUEUGNON-20-ANS-1024x461.jpg\" alt=\"\" class=\"wp-image-2291\" srcset=\"https:\/\/www.fcgueugnon.fr\/site\/wp-content\/uploads\/2022\/11\/ULTRAS-GUEUGNON-20-ANS-1024x461.jpg 1024w, https:\/\/www.fcgueugnon.fr\/site\/wp-content\/uploads\/2022\/11\/ULTRAS-GUEUGNON-20-ANS-400x180.jpg 400w, https:\/\/www.fcgueugnon.fr\/site\/wp-content\/uploads\/2022\/11\/ULTRAS-GUEUGNON-20-ANS-768x346.jpg 768w, https:\/\/www.fcgueugnon.fr\/site\/wp-content\/uploads\/2022\/11\/ULTRAS-GUEUGNON-20-ANS-1536x691.jpg 1536w, https:\/\/www.fcgueugnon.fr\/site\/wp-content\/uploads\/2022\/11\/ULTRAS-GUEUGNON-20-ANS-2048x922.jpg 2048w, https:\/\/www.fcgueugnon.fr\/site\/wp-content\/uploads\/2022\/11\/ULTRAS-GUEUGNON-20-ANS-1320x594.jpg 1320w\" sizes=\"auto, (max-width: 1024px) 100vw, 1024px\" \/><\/figure>\n<\/div>\n\n\n<div style=\"height:40px\" aria-hidden=\"true\" class=\"wp-block-spacer\"><\/div>\n\n\n\n<h2 class=\"wp-block-heading\">R\u00e9actions<\/h2>\n\n\n\n<div class=\"wp-block-coblocks-media-card alignwide is-style-left is-stacked-on-mobile coblocks-media-card-77145432166\"><div class=\"wp-block-coblocks-media-card__inner has-padding has-large-padding\"><div class=\"wp-block-coblocks-media-card__wrapper\" style=\"grid-template-columns:44% auto\"><figure class=\"wp-block-coblocks-media-card__media has-shadow\"><img loading=\"lazy\" decoding=\"async\" width=\"1024\" height=\"683\" src=\"https:\/\/www.fcgueugnon.fr\/site\/wp-content\/uploads\/2022\/11\/lamin-helal-1024x683.png\" alt=\"\" class=\"wp-image-2289\" srcset=\"https:\/\/www.fcgueugnon.fr\/site\/wp-content\/uploads\/2022\/11\/lamin-helal-1024x683.png 1024w, https:\/\/www.fcgueugnon.fr\/site\/wp-content\/uploads\/2022\/11\/lamin-helal-400x267.png 400w, https:\/\/www.fcgueugnon.fr\/site\/wp-content\/uploads\/2022\/11\/lamin-helal-768x512.png 768w, https:\/\/www.fcgueugnon.fr\/site\/wp-content\/uploads\/2022\/11\/lamin-helal-1536x1024.png 1536w, https:\/\/www.fcgueugnon.fr\/site\/wp-content\/uploads\/2022\/11\/lamin-helal-1320x880.png 1320w, https:\/\/www.fcgueugnon.fr\/site\/wp-content\/uploads\/2022\/11\/lamin-helal.png 1600w\" sizes=\"auto, (max-width: 1024px) 100vw, 1024px\" \/><\/figure><div class=\"wp-block-coblocks-media-card__content has-shadow\">\n<div class=\"wp-block-coblocks-row coblocks-row-77145432275\" data-columns=\"1\" data-layout=\"100\"><div class=\"wp-block-coblocks-row__inner has-background has-padding has-huge-padding has-no-margin is-stacked-on-mobile are-vertically-aligned-center has-medium-gutter\" style=\"background-color:#FFFFFF\">\n<div class=\"wp-block-coblocks-column is-vertically-aligned-center coblocks-column-77145432284\" style=\"width:100%\"><div class=\"wp-block-coblocks-column__inner has-no-padding has-no-margin\">\n<h3 class=\"wp-block-heading\"><strong>Lamin HELAL, Milieu<\/strong> :<\/h3>\n\n\n\n<div style=\"height:30px\" aria-hidden=\"true\" class=\"wp-block-spacer\"><\/div>\n\n\n\n<p><em>\u00ab C&rsquo;\u00e9tait l&rsquo;un de mes premiers matchs en N3. J&rsquo;ai eu une pression positive avec beaucoup d&rsquo;encouragements de la part de mes co\u00e9quipiers. Le principal \u00e9tait la victoire, maintenant nous allons essayer d&rsquo;encha\u00eener. \u00bb<\/em><\/p>\n\n\n\n<div style=\"height:30px\" aria-hidden=\"true\" class=\"wp-block-spacer\"><\/div>\n\n\n\n<p><sub>R\u00e9actions compl\u00e8tes \u00e0 retrouver ce mercredi \u00e0 10:15 et \u00e0 18:30 en direct sur Radio Cactus (FM 92.2) ou \u00e0 partir de jeudi sur notre site officiel ou sur Mixcloud.com !<\/sub><\/p>\n\n\n\n<div style=\"height:20px\" aria-hidden=\"true\" class=\"wp-block-spacer\"><\/div>\n<\/div><\/div>\n<\/div><\/div>\n<\/div><\/div><\/div><\/div>\n\n\n\n<div class=\"wp-block-coblocks-media-card alignwide is-style-right is-stacked-on-mobile coblocks-media-card-77145432166\"><div class=\"wp-block-coblocks-media-card__inner has-padding has-large-padding\"><div class=\"wp-block-coblocks-media-card__wrapper\" style=\"grid-template-columns:auto 46%\"><figure class=\"wp-block-coblocks-media-card__media has-shadow\"><img loading=\"lazy\" decoding=\"async\" width=\"1024\" height=\"683\" src=\"https:\/\/www.fcgueugnon.fr\/site\/wp-content\/uploads\/2022\/11\/samedi-soir-face-a-sochaux-b-les-gueugnonnais-ont-remporte-leur-deuxieme-rencontre-consecutive-a-jean-laville-sur-le-score-de-2-1-photo-jsl-benjamin-lemousy-clp-1668287384-6-1024x683.jpg\" alt=\"\" class=\"wp-image-2288\" srcset=\"https:\/\/www.fcgueugnon.fr\/site\/wp-content\/uploads\/2022\/11\/samedi-soir-face-a-sochaux-b-les-gueugnonnais-ont-remporte-leur-deuxieme-rencontre-consecutive-a-jean-laville-sur-le-score-de-2-1-photo-jsl-benjamin-lemousy-clp-1668287384-6-1024x683.jpg 1024w, https:\/\/www.fcgueugnon.fr\/site\/wp-content\/uploads\/2022\/11\/samedi-soir-face-a-sochaux-b-les-gueugnonnais-ont-remporte-leur-deuxieme-rencontre-consecutive-a-jean-laville-sur-le-score-de-2-1-photo-jsl-benjamin-lemousy-clp-1668287384-6-400x267.jpg 400w, https:\/\/www.fcgueugnon.fr\/site\/wp-content\/uploads\/2022\/11\/samedi-soir-face-a-sochaux-b-les-gueugnonnais-ont-remporte-leur-deuxieme-rencontre-consecutive-a-jean-laville-sur-le-score-de-2-1-photo-jsl-benjamin-lemousy-clp-1668287384-6-768x512.jpg 768w, https:\/\/www.fcgueugnon.fr\/site\/wp-content\/uploads\/2022\/11\/samedi-soir-face-a-sochaux-b-les-gueugnonnais-ont-remporte-leur-deuxieme-rencontre-consecutive-a-jean-laville-sur-le-score-de-2-1-photo-jsl-benjamin-lemousy-clp-1668287384-6-1536x1024.jpg 1536w, https:\/\/www.fcgueugnon.fr\/site\/wp-content\/uploads\/2022\/11\/samedi-soir-face-a-sochaux-b-les-gueugnonnais-ont-remporte-leur-deuxieme-rencontre-consecutive-a-jean-laville-sur-le-score-de-2-1-photo-jsl-benjamin-lemousy-clp-1668287384-6-1320x880.jpg 1320w, https:\/\/www.fcgueugnon.fr\/site\/wp-content\/uploads\/2022\/11\/samedi-soir-face-a-sochaux-b-les-gueugnonnais-ont-remporte-leur-deuxieme-rencontre-consecutive-a-jean-laville-sur-le-score-de-2-1-photo-jsl-benjamin-lemousy-clp-1668287384-6.jpg 1600w\" sizes=\"auto, (max-width: 1024px) 100vw, 1024px\" \/><\/figure><div class=\"wp-block-coblocks-media-card__content has-shadow\">\n<div class=\"wp-block-coblocks-row coblocks-row-77145432275\" data-columns=\"1\" data-layout=\"100\"><div class=\"wp-block-coblocks-row__inner has-background has-padding has-huge-padding has-no-margin is-stacked-on-mobile are-vertically-aligned-center has-medium-gutter\" style=\"background-color:#FFFFFF\">\n<div class=\"wp-block-coblocks-column is-vertically-aligned-center coblocks-column-77145432284\" style=\"width:100%\"><div class=\"wp-block-coblocks-column__inner has-no-padding has-no-margin\">\n<h3 class=\"wp-block-heading\"><strong>Thomas DORIDOT, <strong>D\u00e9fenseur <\/strong> : <\/strong><\/h3>\n\n\n\n<div style=\"height:30px\" aria-hidden=\"true\" class=\"wp-block-spacer\"><\/div>\n\n\n\n<p><em>\u00ab Ce n&rsquo;\u00e9tait pas un match facile mais nous avons su \u00eatre solides tout au long de la partie, nous avons jou\u00e9 en \u00e9quipe et avons \u00e9t\u00e9 solidaires. C&rsquo;est une belle victoire collective. \u00bb<\/em><\/p>\n\n\n\n<div style=\"height:30px\" aria-hidden=\"true\" class=\"wp-block-spacer\"><\/div>\n\n\n\n<p><sub>R\u00e9actions compl\u00e8tes \u00e0 retrouver ce mercredi \u00e0 10:15 et \u00e0 18:30 en direct sur Radio Cactus (FM 92.2) ou \u00e0 partir de jeudi sur notre site officiel ou sur Mixcloud.com !<\/sub><\/p>\n\n\n\n<div style=\"height:20px\" aria-hidden=\"true\" class=\"wp-block-spacer\"><\/div>\n<\/div><\/div>\n<\/div><\/div>\n<\/div><\/div><\/div><\/div>\n\n\n\n<div style=\"height:40px\" aria-hidden=\"true\" class=\"wp-block-spacer\"><\/div>\n\n\n\n<hr class=\"wp-block-separator has-text-color has-css-opacity has-background\" style=\"background-color:#f7db4a;color:#f7db4a\"\/>\n\n\n\n<h3 class=\"has-text-align-center wp-block-heading\"><strong>\u2139 Prochains matchs \u00e0 Jean Laville : <\/strong><br>&#8211; Samedi 19\/11 \u00e0 18h : N3 contre Jura Dolois Football<br>&#8211; Samedi 26\/11 \u00e0 18h : N3 \u00e0 Pontarlier<\/h3>\n\n\n\n<hr class=\"wp-block-separator has-text-color has-css-opacity has-background\" style=\"background-color:#f7db4a;color:#f7db4a\"\/>\n\n\n\n<h3 class=\"wp-block-heading\">\u26bd <strong>Score final<\/strong><\/h3>\n\n\n\n<p><span data-reactid=\".9.1:3:1:$comment10153319512882859_10153320215687859:0.0.$right.0.$left.0.0.1.$comment-body.0.$end:0:$4:0\"><span class=\"null\"><strong>\u00c0 Gueugnon, stade Jean Laville<\/strong><br><\/span><\/span>FC Gueugnon 2 &#8211; 1 FCSM B<br>Buts : CSC (7&prime;) ; Oum\u00e9rou Dram\u00e9 (10&prime;).<\/p>\n\n\n\n<p><strong>Officiels :<\/strong><br>Arbitre centre : ALEXIS GIL<br>Arbitre assistant 1 : ADIL MALDOU<br>Arbitre assistant 2 : MATHIAS DONAT<br>D\u00e9l\u00e9gu\u00e9 principal : BERNARD PILLOT<br>D\u00e9l\u00e9gu\u00e9 accompagnateur : FRANCK MOSCATO<br>Observateur principal : CHRISTOPHE SIMON<\/p>\n\n\n\n<div style=\"height:15px\" aria-hidden=\"true\" class=\"wp-block-spacer\"><\/div>\n\n\n\n<h3 class=\"wp-block-heading\">\ud83d\udfe1\ud83d\udd35 <strong>Composition d&rsquo;\u00e9quipe<\/strong><\/h3>\n\n\n\n<p>Njock, Doridot, Chauvet, Fahrasmane, Delclaux, Mustivar (c), Salibur, Gab\u00e9, Fr. Revuelta (77&prime; Mbock), Dram\u00e9 (59&prime; Figueira puis Helal 77&prime;), Luanda (77&prime; Mvondo).<br>Entraineur : Philippe Correia \/ Adjoints : Bakeba Bayo \/ Alexandre Lafitte.<\/p>\n\n\n\n<div style=\"height:38px\" aria-hidden=\"true\" class=\"wp-block-spacer\"><\/div>\n\n\n\n<h3 class=\"wp-block-heading\">\ud83d\udd0d <strong>Plus d&rsquo;articles <\/strong><\/h3>\n\n\n\n<blockquote class=\"wp-block-quote is-layout-flow wp-block-quote-is-layout-flow\">\n<p><span style=\"line-height: 1.5;\">\u25ba <a href=\"https:\/\/twitter.com\/FCGueugnon_Off\/status\/1591461064654233600\" target=\"_blank\" rel=\"noreferrer noopener\">Revivre le live<\/a><\/span><\/p>\n<\/blockquote>\n","protected":false},"excerpt":{"rendered":"<p>Une semaine seulement apr\u00e8s sa victoire \u00e0 domicile face \u00e0 Is-Selongey, le FC Gueugnon recevait cette fois-ci la r\u00e9serve professionnelle du FC Sochaux-Montb\u00e9liard avec un objectif de r\u00e9sultat. Photos : JSL\/Benjamin Lemousy Avec 3 matchs cons\u00e9cutifs \u00e0 disputer \u00e0 Jean Laville, les joueurs du FC Gueugnon disposent d&rsquo;un calendrier id\u00e9al pour lancer d\u00e9finitivement leur saison &#8230; <\/p>\n<p class=\"read-more-container\"><a title=\"[N3 J08 : FC Gueugnon \u2013 Sochaux-Montb\u00e9liard B] R\u00e9sultat, r\u00e9actions et r\u00e9sum\u00e9\" class=\"read-more button\" href=\"https:\/\/www.fcgueugnon.fr\/site\/n3-j08-fc-gueugnon-sochaux-montbeliard-b-resultat-reactions-et-resume\/2282#more-2282\" aria-label=\"Plus sur [N3 J08 : FC Gueugnon \u2013 Sochaux-Montb\u00e9liard B] R\u00e9sultat, r\u00e9actions et r\u00e9sum\u00e9\">Lire la suite<\/a><\/p>\n","protected":false},"author":3,"featured_media":2291,"comment_status":"closed","ping_status":"closed","sticky":true,"template":"","format":"standard","meta":{"footnotes":""},"categories":[5,4],"tags":[27],"class_list":["post-2282","post","type-post","status-publish","format-standard","has-post-thumbnail","hentry","category-news-2022-2023","category-news","tag-resultat","infinite-scroll-item","generate-columns","tablet-grid-50","mobile-grid-100","grid-parent","grid-25","resize-featured-image"],"yoast_head":"<!-- This site is optimized with the Yoast SEO plugin v26.6 - https:\/\/yoast.com\/wordpress\/plugins\/seo\/ -->\n<title>[N3 J08 : FC Gueugnon \u2013 Sochaux-Montb\u00e9liard B] R\u00e9sultat, r\u00e9actions et r\u00e9sum\u00e9 &#8226; FOOTBALL CLUB GUEUGNON<\/title>\n<meta name=\"robots\" content=\"index, follow, max-snippet:-1, max-image-preview:large, max-video-preview:-1\" \/>\n<link rel=\"canonical\" href=\"https:\/\/www.fcgueugnon.fr\/site\/n3-j08-fc-gueugnon-sochaux-montbeliard-b-resultat-reactions-et-resume\/2282\" \/>\n<meta property=\"og:locale\" content=\"fr_FR\" \/>\n<meta property=\"og:type\" content=\"article\" \/>\n<meta property=\"og:title\" content=\"[N3 J08 : FC Gueugnon \u2013 Sochaux-Montb\u00e9liard B] R\u00e9sultat, r\u00e9actions et r\u00e9sum\u00e9 &#8226; FOOTBALL CLUB GUEUGNON\" \/>\n<meta property=\"og:description\" content=\"Une semaine seulement apr\u00e8s sa victoire \u00e0 domicile face \u00e0 Is-Selongey, le FC Gueugnon recevait cette fois-ci la r\u00e9serve professionnelle du FC Sochaux-Montb\u00e9liard avec un objectif de r\u00e9sultat. Photos : JSL\/Benjamin Lemousy Avec 3 matchs cons\u00e9cutifs \u00e0 disputer \u00e0 Jean Laville, les joueurs du FC Gueugnon disposent d&rsquo;un calendrier id\u00e9al pour lancer d\u00e9finitivement leur saison ... Lire la suite\" \/>\n<meta property=\"og:url\" content=\"https:\/\/www.fcgueugnon.fr\/site\/n3-j08-fc-gueugnon-sochaux-montbeliard-b-resultat-reactions-et-resume\/2282\" \/>\n<meta property=\"og:site_name\" content=\"FOOTBALL CLUB GUEUGNON\" \/>\n<meta property=\"article:publisher\" content=\"http:\/\/facebook.com\/FCGueugnon\" \/>\n<meta property=\"article:published_time\" content=\"2022-11-14T10:45:53+00:00\" \/>\n<meta property=\"article:modified_time\" content=\"2023-05-13T11:11:26+00:00\" \/>\n<meta property=\"og:image\" content=\"https:\/\/www.fcgueugnon.fr\/site\/wp-content\/uploads\/2022\/11\/ULTRAS-GUEUGNON-20-ANS.jpg\" \/>\n\t<meta property=\"og:image:width\" content=\"2240\" \/>\n\t<meta property=\"og:image:height\" content=\"1008\" \/>\n\t<meta property=\"og:image:type\" content=\"image\/jpeg\" \/>\n<meta name=\"author\" content=\"FC Gueugnon\" \/>\n<meta name=\"twitter:card\" content=\"summary_large_image\" \/>\n<meta name=\"twitter:creator\" content=\"@FCGueugnon_off\" \/>\n<meta name=\"twitter:site\" content=\"@FCGueugnon_off\" \/>\n<meta name=\"twitter:label1\" content=\"\u00c9crit par\" \/>\n\t<meta name=\"twitter:data1\" content=\"FC Gueugnon\" \/>\n\t<meta name=\"twitter:label2\" content=\"Dur\u00e9e de lecture estim\u00e9e\" \/>\n\t<meta name=\"twitter:data2\" content=\"5 minutes\" \/>\n<script type=\"application\/ld+json\" class=\"yoast-schema-graph\">{\"@context\":\"https:\/\/schema.org\",\"@graph\":[{\"@type\":\"Article\",\"@id\":\"https:\/\/www.fcgueugnon.fr\/site\/n3-j08-fc-gueugnon-sochaux-montbeliard-b-resultat-reactions-et-resume\/2282#article\",\"isPartOf\":{\"@id\":\"https:\/\/www.fcgueugnon.fr\/site\/n3-j08-fc-gueugnon-sochaux-montbeliard-b-resultat-reactions-et-resume\/2282\"},\"author\":{\"name\":\"FC Gueugnon\",\"@id\":\"https:\/\/www.fcgueugnon.fr\/site\/#\/schema\/person\/829630bfb5d6f3ebe4d296b75687c01a\"},\"headline\":\"[N3 J08 : FC Gueugnon \u2013 Sochaux-Montb\u00e9liard B] R\u00e9sultat, r\u00e9actions et r\u00e9sum\u00e9\",\"datePublished\":\"2022-11-14T10:45:53+00:00\",\"dateModified\":\"2023-05-13T11:11:26+00:00\",\"mainEntityOfPage\":{\"@id\":\"https:\/\/www.fcgueugnon.fr\/site\/n3-j08-fc-gueugnon-sochaux-montbeliard-b-resultat-reactions-et-resume\/2282\"},\"wordCount\":718,\"publisher\":{\"@id\":\"https:\/\/www.fcgueugnon.fr\/site\/#organization\"},\"image\":{\"@id\":\"https:\/\/www.fcgueugnon.fr\/site\/n3-j08-fc-gueugnon-sochaux-montbeliard-b-resultat-reactions-et-resume\/2282#primaryimage\"},\"thumbnailUrl\":\"https:\/\/www.fcgueugnon.fr\/site\/wp-content\/uploads\/2022\/11\/ULTRAS-GUEUGNON-20-ANS.jpg\",\"keywords\":[\"R\u00e9sultat\"],\"articleSection\":[\"Archives 2022\/2023\",\"News\"],\"inLanguage\":\"fr-FR\"},{\"@type\":\"WebPage\",\"@id\":\"https:\/\/www.fcgueugnon.fr\/site\/n3-j08-fc-gueugnon-sochaux-montbeliard-b-resultat-reactions-et-resume\/2282\",\"url\":\"https:\/\/www.fcgueugnon.fr\/site\/n3-j08-fc-gueugnon-sochaux-montbeliard-b-resultat-reactions-et-resume\/2282\",\"name\":\"[N3 J08 : FC Gueugnon \u2013 Sochaux-Montb\u00e9liard B] R\u00e9sultat, r\u00e9actions et r\u00e9sum\u00e9 &#8226; FOOTBALL CLUB GUEUGNON\",\"isPartOf\":{\"@id\":\"https:\/\/www.fcgueugnon.fr\/site\/#website\"},\"primaryImageOfPage\":{\"@id\":\"https:\/\/www.fcgueugnon.fr\/site\/n3-j08-fc-gueugnon-sochaux-montbeliard-b-resultat-reactions-et-resume\/2282#primaryimage\"},\"image\":{\"@id\":\"https:\/\/www.fcgueugnon.fr\/site\/n3-j08-fc-gueugnon-sochaux-montbeliard-b-resultat-reactions-et-resume\/2282#primaryimage\"},\"thumbnailUrl\":\"https:\/\/www.fcgueugnon.fr\/site\/wp-content\/uploads\/2022\/11\/ULTRAS-GUEUGNON-20-ANS.jpg\",\"datePublished\":\"2022-11-14T10:45:53+00:00\",\"dateModified\":\"2023-05-13T11:11:26+00:00\",\"breadcrumb\":{\"@id\":\"https:\/\/www.fcgueugnon.fr\/site\/n3-j08-fc-gueugnon-sochaux-montbeliard-b-resultat-reactions-et-resume\/2282#breadcrumb\"},\"inLanguage\":\"fr-FR\",\"potentialAction\":[{\"@type\":\"ReadAction\",\"target\":[\"https:\/\/www.fcgueugnon.fr\/site\/n3-j08-fc-gueugnon-sochaux-montbeliard-b-resultat-reactions-et-resume\/2282\"]}]},{\"@type\":\"ImageObject\",\"inLanguage\":\"fr-FR\",\"@id\":\"https:\/\/www.fcgueugnon.fr\/site\/n3-j08-fc-gueugnon-sochaux-montbeliard-b-resultat-reactions-et-resume\/2282#primaryimage\",\"url\":\"https:\/\/www.fcgueugnon.fr\/site\/wp-content\/uploads\/2022\/11\/ULTRAS-GUEUGNON-20-ANS.jpg\",\"contentUrl\":\"https:\/\/www.fcgueugnon.fr\/site\/wp-content\/uploads\/2022\/11\/ULTRAS-GUEUGNON-20-ANS.jpg\",\"width\":2240,\"height\":1008},{\"@type\":\"BreadcrumbList\",\"@id\":\"https:\/\/www.fcgueugnon.fr\/site\/n3-j08-fc-gueugnon-sochaux-montbeliard-b-resultat-reactions-et-resume\/2282#breadcrumb\",\"itemListElement\":[{\"@type\":\"ListItem\",\"position\":1,\"name\":\"Accueil\",\"item\":\"https:\/\/www.fcgueugnon.fr\/site\/\"},{\"@type\":\"ListItem\",\"position\":2,\"name\":\"[N3 J08 : FC Gueugnon \u2013 Sochaux-Montb\u00e9liard B] R\u00e9sultat, r\u00e9actions et r\u00e9sum\u00e9\"}]},{\"@type\":\"WebSite\",\"@id\":\"https:\/\/www.fcgueugnon.fr\/site\/#website\",\"url\":\"https:\/\/www.fcgueugnon.fr\/site\/\",\"name\":\"FOOTBALL CLUB GUEUGNON\",\"description\":\"Le Site Officiel des Forgerons\",\"publisher\":{\"@id\":\"https:\/\/www.fcgueugnon.fr\/site\/#organization\"},\"potentialAction\":[{\"@type\":\"SearchAction\",\"target\":{\"@type\":\"EntryPoint\",\"urlTemplate\":\"https:\/\/www.fcgueugnon.fr\/site\/?s={search_term_string}\"},\"query-input\":{\"@type\":\"PropertyValueSpecification\",\"valueRequired\":true,\"valueName\":\"search_term_string\"}}],\"inLanguage\":\"fr-FR\"},{\"@type\":\"Organization\",\"@id\":\"https:\/\/www.fcgueugnon.fr\/site\/#organization\",\"name\":\"FC Gueugnon\",\"url\":\"https:\/\/www.fcgueugnon.fr\/site\/\",\"logo\":{\"@type\":\"ImageObject\",\"inLanguage\":\"fr-FR\",\"@id\":\"https:\/\/www.fcgueugnon.fr\/site\/#\/schema\/logo\/image\/\",\"url\":\"https:\/\/www.fcgueugnon.fr\/site\/wp-content\/uploads\/2022\/07\/cropped-Logo-FCGUEUGNON-low-350x350-1.png\",\"contentUrl\":\"https:\/\/www.fcgueugnon.fr\/site\/wp-content\/uploads\/2022\/07\/cropped-Logo-FCGUEUGNON-low-350x350-1.png\",\"width\":350,\"height\":350,\"caption\":\"FC Gueugnon\"},\"image\":{\"@id\":\"https:\/\/www.fcgueugnon.fr\/site\/#\/schema\/logo\/image\/\"},\"sameAs\":[\"http:\/\/facebook.com\/FCGueugnon\",\"https:\/\/x.com\/FCGueugnon_off\",\"https:\/\/www.instagram.com\/fcgueugnon\/\",\"https:\/\/www.linkedin.com\/company\/football-club-de-gueugnon\/\",\"https:\/\/www.youtube.com\/user\/FCGueugnonnais\",\"https:\/\/fr.wikipedia.org\/wiki\/Football_Club_de_Gueugnon\"]},{\"@type\":\"Person\",\"@id\":\"https:\/\/www.fcgueugnon.fr\/site\/#\/schema\/person\/829630bfb5d6f3ebe4d296b75687c01a\",\"name\":\"FC Gueugnon\",\"url\":\"https:\/\/www.fcgueugnon.fr\/site\/author\/g-avin1\"}]}<\/script>\n<!-- \/ Yoast SEO plugin. -->","yoast_head_json":{"title":"[N3 J08 : FC Gueugnon \u2013 Sochaux-Montb\u00e9liard B] R\u00e9sultat, r\u00e9actions et r\u00e9sum\u00e9 &#8226; FOOTBALL CLUB GUEUGNON","robots":{"index":"index","follow":"follow","max-snippet":"max-snippet:-1","max-image-preview":"max-image-preview:large","max-video-preview":"max-video-preview:-1"},"canonical":"https:\/\/www.fcgueugnon.fr\/site\/n3-j08-fc-gueugnon-sochaux-montbeliard-b-resultat-reactions-et-resume\/2282","og_locale":"fr_FR","og_type":"article","og_title":"[N3 J08 : FC Gueugnon \u2013 Sochaux-Montb\u00e9liard B] R\u00e9sultat, r\u00e9actions et r\u00e9sum\u00e9 &#8226; FOOTBALL CLUB GUEUGNON","og_description":"Une semaine seulement apr\u00e8s sa victoire \u00e0 domicile face \u00e0 Is-Selongey, le FC Gueugnon recevait cette fois-ci la r\u00e9serve professionnelle du FC Sochaux-Montb\u00e9liard avec un objectif de r\u00e9sultat. Photos : JSL\/Benjamin Lemousy Avec 3 matchs cons\u00e9cutifs \u00e0 disputer \u00e0 Jean Laville, les joueurs du FC Gueugnon disposent d&rsquo;un calendrier id\u00e9al pour lancer d\u00e9finitivement leur saison ... Lire la suite","og_url":"https:\/\/www.fcgueugnon.fr\/site\/n3-j08-fc-gueugnon-sochaux-montbeliard-b-resultat-reactions-et-resume\/2282","og_site_name":"FOOTBALL CLUB GUEUGNON","article_publisher":"http:\/\/facebook.com\/FCGueugnon","article_published_time":"2022-11-14T10:45:53+00:00","article_modified_time":"2023-05-13T11:11:26+00:00","og_image":[{"width":2240,"height":1008,"url":"https:\/\/www.fcgueugnon.fr\/site\/wp-content\/uploads\/2022\/11\/ULTRAS-GUEUGNON-20-ANS.jpg","type":"image\/jpeg"}],"author":"FC Gueugnon","twitter_card":"summary_large_image","twitter_creator":"@FCGueugnon_off","twitter_site":"@FCGueugnon_off","twitter_misc":{"\u00c9crit par":"FC Gueugnon","Dur\u00e9e de lecture estim\u00e9e":"5 minutes"},"schema":{"@context":"https:\/\/schema.org","@graph":[{"@type":"Article","@id":"https:\/\/www.fcgueugnon.fr\/site\/n3-j08-fc-gueugnon-sochaux-montbeliard-b-resultat-reactions-et-resume\/2282#article","isPartOf":{"@id":"https:\/\/www.fcgueugnon.fr\/site\/n3-j08-fc-gueugnon-sochaux-montbeliard-b-resultat-reactions-et-resume\/2282"},"author":{"name":"FC Gueugnon","@id":"https:\/\/www.fcgueugnon.fr\/site\/#\/schema\/person\/829630bfb5d6f3ebe4d296b75687c01a"},"headline":"[N3 J08 : FC Gueugnon \u2013 Sochaux-Montb\u00e9liard B] R\u00e9sultat, r\u00e9actions et r\u00e9sum\u00e9","datePublished":"2022-11-14T10:45:53+00:00","dateModified":"2023-05-13T11:11:26+00:00","mainEntityOfPage":{"@id":"https:\/\/www.fcgueugnon.fr\/site\/n3-j08-fc-gueugnon-sochaux-montbeliard-b-resultat-reactions-et-resume\/2282"},"wordCount":718,"publisher":{"@id":"https:\/\/www.fcgueugnon.fr\/site\/#organization"},"image":{"@id":"https:\/\/www.fcgueugnon.fr\/site\/n3-j08-fc-gueugnon-sochaux-montbeliard-b-resultat-reactions-et-resume\/2282#primaryimage"},"thumbnailUrl":"https:\/\/www.fcgueugnon.fr\/site\/wp-content\/uploads\/2022\/11\/ULTRAS-GUEUGNON-20-ANS.jpg","keywords":["R\u00e9sultat"],"articleSection":["Archives 2022\/2023","News"],"inLanguage":"fr-FR"},{"@type":"WebPage","@id":"https:\/\/www.fcgueugnon.fr\/site\/n3-j08-fc-gueugnon-sochaux-montbeliard-b-resultat-reactions-et-resume\/2282","url":"https:\/\/www.fcgueugnon.fr\/site\/n3-j08-fc-gueugnon-sochaux-montbeliard-b-resultat-reactions-et-resume\/2282","name":"[N3 J08 : FC Gueugnon \u2013 Sochaux-Montb\u00e9liard B] R\u00e9sultat, r\u00e9actions et r\u00e9sum\u00e9 &#8226; FOOTBALL CLUB GUEUGNON","isPartOf":{"@id":"https:\/\/www.fcgueugnon.fr\/site\/#website"},"primaryImageOfPage":{"@id":"https:\/\/www.fcgueugnon.fr\/site\/n3-j08-fc-gueugnon-sochaux-montbeliard-b-resultat-reactions-et-resume\/2282#primaryimage"},"image":{"@id":"https:\/\/www.fcgueugnon.fr\/site\/n3-j08-fc-gueugnon-sochaux-montbeliard-b-resultat-reactions-et-resume\/2282#primaryimage"},"thumbnailUrl":"https:\/\/www.fcgueugnon.fr\/site\/wp-content\/uploads\/2022\/11\/ULTRAS-GUEUGNON-20-ANS.jpg","datePublished":"2022-11-14T10:45:53+00:00","dateModified":"2023-05-13T11:11:26+00:00","breadcrumb":{"@id":"https:\/\/www.fcgueugnon.fr\/site\/n3-j08-fc-gueugnon-sochaux-montbeliard-b-resultat-reactions-et-resume\/2282#breadcrumb"},"inLanguage":"fr-FR","potentialAction":[{"@type":"ReadAction","target":["https:\/\/www.fcgueugnon.fr\/site\/n3-j08-fc-gueugnon-sochaux-montbeliard-b-resultat-reactions-et-resume\/2282"]}]},{"@type":"ImageObject","inLanguage":"fr-FR","@id":"https:\/\/www.fcgueugnon.fr\/site\/n3-j08-fc-gueugnon-sochaux-montbeliard-b-resultat-reactions-et-resume\/2282#primaryimage","url":"https:\/\/www.fcgueugnon.fr\/site\/wp-content\/uploads\/2022\/11\/ULTRAS-GUEUGNON-20-ANS.jpg","contentUrl":"https:\/\/www.fcgueugnon.fr\/site\/wp-content\/uploads\/2022\/11\/ULTRAS-GUEUGNON-20-ANS.jpg","width":2240,"height":1008},{"@type":"BreadcrumbList","@id":"https:\/\/www.fcgueugnon.fr\/site\/n3-j08-fc-gueugnon-sochaux-montbeliard-b-resultat-reactions-et-resume\/2282#breadcrumb","itemListElement":[{"@type":"ListItem","position":1,"name":"Accueil","item":"https:\/\/www.fcgueugnon.fr\/site\/"},{"@type":"ListItem","position":2,"name":"[N3 J08 : FC Gueugnon \u2013 Sochaux-Montb\u00e9liard B] R\u00e9sultat, r\u00e9actions et r\u00e9sum\u00e9"}]},{"@type":"WebSite","@id":"https:\/\/www.fcgueugnon.fr\/site\/#website","url":"https:\/\/www.fcgueugnon.fr\/site\/","name":"FOOTBALL CLUB GUEUGNON","description":"Le Site Officiel des Forgerons","publisher":{"@id":"https:\/\/www.fcgueugnon.fr\/site\/#organization"},"potentialAction":[{"@type":"SearchAction","target":{"@type":"EntryPoint","urlTemplate":"https:\/\/www.fcgueugnon.fr\/site\/?s={search_term_string}"},"query-input":{"@type":"PropertyValueSpecification","valueRequired":true,"valueName":"search_term_string"}}],"inLanguage":"fr-FR"},{"@type":"Organization","@id":"https:\/\/www.fcgueugnon.fr\/site\/#organization","name":"FC Gueugnon","url":"https:\/\/www.fcgueugnon.fr\/site\/","logo":{"@type":"ImageObject","inLanguage":"fr-FR","@id":"https:\/\/www.fcgueugnon.fr\/site\/#\/schema\/logo\/image\/","url":"https:\/\/www.fcgueugnon.fr\/site\/wp-content\/uploads\/2022\/07\/cropped-Logo-FCGUEUGNON-low-350x350-1.png","contentUrl":"https:\/\/www.fcgueugnon.fr\/site\/wp-content\/uploads\/2022\/07\/cropped-Logo-FCGUEUGNON-low-350x350-1.png","width":350,"height":350,"caption":"FC Gueugnon"},"image":{"@id":"https:\/\/www.fcgueugnon.fr\/site\/#\/schema\/logo\/image\/"},"sameAs":["http:\/\/facebook.com\/FCGueugnon","https:\/\/x.com\/FCGueugnon_off","https:\/\/www.instagram.com\/fcgueugnon\/","https:\/\/www.linkedin.com\/company\/football-club-de-gueugnon\/","https:\/\/www.youtube.com\/user\/FCGueugnonnais","https:\/\/fr.wikipedia.org\/wiki\/Football_Club_de_Gueugnon"]},{"@type":"Person","@id":"https:\/\/www.fcgueugnon.fr\/site\/#\/schema\/person\/829630bfb5d6f3ebe4d296b75687c01a","name":"FC Gueugnon","url":"https:\/\/www.fcgueugnon.fr\/site\/author\/g-avin1"}]}},"rttpg_featured_image_url":{"full":["https:\/\/www.fcgueugnon.fr\/site\/wp-content\/uploads\/2022\/11\/ULTRAS-GUEUGNON-20-ANS.jpg",2240,1008,false],"landscape":["https:\/\/www.fcgueugnon.fr\/site\/wp-content\/uploads\/2022\/11\/ULTRAS-GUEUGNON-20-ANS.jpg",2240,1008,false],"portraits":["https:\/\/www.fcgueugnon.fr\/site\/wp-content\/uploads\/2022\/11\/ULTRAS-GUEUGNON-20-ANS.jpg",2240,1008,false],"thumbnail":["https:\/\/www.fcgueugnon.fr\/site\/wp-content\/uploads\/2022\/11\/ULTRAS-GUEUGNON-20-ANS-150x150.jpg",150,150,true],"medium":["https:\/\/www.fcgueugnon.fr\/site\/wp-content\/uploads\/2022\/11\/ULTRAS-GUEUGNON-20-ANS-400x180.jpg",400,180,true],"large":["https:\/\/www.fcgueugnon.fr\/site\/wp-content\/uploads\/2022\/11\/ULTRAS-GUEUGNON-20-ANS-1024x461.jpg",1024,461,true],"1536x1536":["https:\/\/www.fcgueugnon.fr\/site\/wp-content\/uploads\/2022\/11\/ULTRAS-GUEUGNON-20-ANS-1536x691.jpg",1536,691,true],"2048x2048":["https:\/\/www.fcgueugnon.fr\/site\/wp-content\/uploads\/2022\/11\/ULTRAS-GUEUGNON-20-ANS-2048x922.jpg",2048,922,true]},"rttpg_author":{"display_name":"FC Gueugnon","author_link":"https:\/\/www.fcgueugnon.fr\/site\/author\/g-avin1"},"rttpg_comment":0,"rttpg_category":"<a href=\"https:\/\/www.fcgueugnon.fr\/site\/category\/news\/news-2022-2023\" rel=\"category tag\">Archives 2022\/2023<\/a> <a href=\"https:\/\/www.fcgueugnon.fr\/site\/category\/news\" rel=\"category tag\">News<\/a>","rttpg_excerpt":"Une semaine seulement apr\u00e8s sa victoire \u00e0 domicile face \u00e0 Is-Selongey, le FC Gueugnon recevait cette fois-ci la r\u00e9serve professionnelle du FC Sochaux-Montb\u00e9liard avec un objectif de r\u00e9sultat. Photos : JSL\/Benjamin Lemousy Avec 3 matchs cons\u00e9cutifs \u00e0 disputer \u00e0 Jean Laville, les joueurs du FC Gueugnon disposent d&rsquo;un calendrier id\u00e9al pour lancer d\u00e9finitivement leur saison\u2026","_links":{"self":[{"href":"https:\/\/www.fcgueugnon.fr\/site\/wp-json\/wp\/v2\/posts\/2282","targetHints":{"allow":["GET"]}}],"collection":[{"href":"https:\/\/www.fcgueugnon.fr\/site\/wp-json\/wp\/v2\/posts"}],"about":[{"href":"https:\/\/www.fcgueugnon.fr\/site\/wp-json\/wp\/v2\/types\/post"}],"author":[{"embeddable":true,"href":"https:\/\/www.fcgueugnon.fr\/site\/wp-json\/wp\/v2\/users\/3"}],"replies":[{"embeddable":true,"href":"https:\/\/www.fcgueugnon.fr\/site\/wp-json\/wp\/v2\/comments?post=2282"}],"version-history":[{"count":5,"href":"https:\/\/www.fcgueugnon.fr\/site\/wp-json\/wp\/v2\/posts\/2282\/revisions"}],"predecessor-version":[{"id":2294,"href":"https:\/\/www.fcgueugnon.fr\/site\/wp-json\/wp\/v2\/posts\/2282\/revisions\/2294"}],"wp:featuredmedia":[{"embeddable":true,"href":"https:\/\/www.fcgueugnon.fr\/site\/wp-json\/wp\/v2\/media\/2291"}],"wp:attachment":[{"href":"https:\/\/www.fcgueugnon.fr\/site\/wp-json\/wp\/v2\/media?parent=2282"}],"wp:term":[{"taxonomy":"category","embeddable":true,"href":"https:\/\/www.fcgueugnon.fr\/site\/wp-json\/wp\/v2\/categories?post=2282"},{"taxonomy":"post_tag","embeddable":true,"href":"https:\/\/www.fcgueugnon.fr\/site\/wp-json\/wp\/v2\/tags?post=2282"}],"curies":[{"name":"wp","href":"https:\/\/api.w.org\/{rel}","templated":true}]}}