{"id":2263,"date":"2022-11-12T16:55:00","date_gmt":"2022-11-12T15:55:00","guid":{"rendered":"https:\/\/www.fcgueugnon.fr\/site\/?p=2263"},"modified":"2022-11-10T09:49:17","modified_gmt":"2022-11-10T08:49:17","slug":"interview-forgeron-mag-4-avec-basile-delclaux","status":"publish","type":"post","link":"https:\/\/www.fcgueugnon.fr\/site\/interview-forgeron-mag-4-avec-basile-delclaux\/2263","title":{"rendered":"[Interview] Forgeron Mag #4 avec Basile  DELCLAUX"},"content":{"rendered":"\n<h3 class=\"wp-block-heading\">D\u00e9couvrez en int\u00e9gralit\u00e9 l&rsquo;entretien de <strong>Basile DELCLAUX<\/strong> diffus\u00e9 \u00e0 l&rsquo;occasion de cette 8\u00e8me journ\u00e9e de championnat face au FC Sochaux Montb\u00e9liard B dans le Forgeron Mag du 12\/11\/22.<\/h3>\n\n\n\n<div style=\"height:75px\" aria-hidden=\"true\" class=\"wp-block-spacer\"><\/div>\n\n\n<div class=\"wp-block-image\">\n<figure class=\"aligncenter size-large\"><img loading=\"lazy\" decoding=\"async\" width=\"1024\" height=\"576\" src=\"https:\/\/www.fcgueugnon.fr\/site\/wp-content\/uploads\/2022\/11\/forgeron-mag-highlight-sochaux-1024x576.png\" alt=\"\" class=\"wp-image-2266\" srcset=\"https:\/\/www.fcgueugnon.fr\/site\/wp-content\/uploads\/2022\/11\/forgeron-mag-highlight-sochaux-1024x576.png 1024w, https:\/\/www.fcgueugnon.fr\/site\/wp-content\/uploads\/2022\/11\/forgeron-mag-highlight-sochaux-400x225.png 400w, https:\/\/www.fcgueugnon.fr\/site\/wp-content\/uploads\/2022\/11\/forgeron-mag-highlight-sochaux-768x432.png 768w, https:\/\/www.fcgueugnon.fr\/site\/wp-content\/uploads\/2022\/11\/forgeron-mag-highlight-sochaux-1536x864.png 1536w, https:\/\/www.fcgueugnon.fr\/site\/wp-content\/uploads\/2022\/11\/forgeron-mag-highlight-sochaux-1320x743.png 1320w, https:\/\/www.fcgueugnon.fr\/site\/wp-content\/uploads\/2022\/11\/forgeron-mag-highlight-sochaux.png 1920w\" sizes=\"auto, (max-width: 1024px) 100vw, 1024px\" \/><\/figure>\n<\/div>\n\n\n<div style=\"height:75px\" aria-hidden=\"true\" class=\"wp-block-spacer\"><\/div>\n\n\n\n<p><strong>Piero : Bonjour Basile, commen\u00e7ons cet entretien avec ton tout d\u00e9but dans le football\u00a0:<\/strong><br>Basile : \u00ab\u00a0Bonjour, j\u2019ai v\u00e9cu une grande partie de ma vie en Aveyron \u00e0 Rodez. J\u2019ai commenc\u00e9 le foot et ai fait toutes mes classes footballistiques au sein du Rodez Aveyron Football.\u00a0\u00bb<\/p>\n\n\n\n<p><strong>Parle-nous des diff\u00e9rentes \u00e9tapes jusqu\u2019\u00e0 arriver au FC Gueugnon\u00a0:<\/strong><br>\u00ab\u00a0J\u2019ai toujours baign\u00e9 dans le foot, c\u2019est mon p\u00e8re qui me l\u2019a transmis. J\u2019ai commenc\u00e9 l\u2019\u00e9cole du foot \u00e0 5 ans, j\u2019ai progress\u00e9 \u00e0 travers les diff\u00e9rentes cat\u00e9gories jeunes jusqu\u2019aux U17 Nationaux. Apr\u00e8s cette saison, j\u2019ai directement int\u00e9gr\u00e9 l\u2019\u00e9quipe 3 de Rodez Aveyron qui \u00e9voluait en R3 \u00e0 l\u2019\u00e9poque. Nous sommes m\u00eame mont\u00e9s en R2\u00a0! L\u2019ann\u00e9e suivante, j\u2019ai int\u00e9gr\u00e9 la r\u00e9serve qui elle jouait en R1 et avec qui j\u2019ai connu une mont\u00e9e en N3. J\u2019ai fait 4 saisons pleines avec le groupe avant d\u2019int\u00e9grer le FCG.\u00a0\u00bb<\/p>\n\n\n\n<p><strong>Pourquoi avoir rejoint le FCG\u00a0?<\/strong><br>\u00ab\u00a0Beaucoup de choses m\u2019ont attir\u00e9 dans ce club, l\u2019histoire du FCG, le projet tr\u00e8s ambitieux mis en place par les dirigeants, les infrastructures et des valeurs communes \u00e0 celles que j\u2019ai pu connaitre lors de mes ann\u00e9es \u00e0 Rodez. Je suis tr\u00e8s content aujourd\u2019hui d\u2019\u00eatre Forgeron\u00a0!\u00a0\u00bb<\/p>\n\n\n\n<figure class=\"wp-block-pullquote\"><blockquote><p>\u00ab il y a beaucoup plus de ferveur au stade Jean Laville que lorsque que je jouais avec l\u2019\u00e9quipe r\u00e9serve (\u00e0 Rodez). C\u2019est vraiment tr\u00e8s appr\u00e9ciable d\u2019avoir des supporters&#8230; \u00bb<\/p><\/blockquote><\/figure>\n\n\n\n<p><strong>Tu as connu 2 mont\u00e9es avec des groupes s\u00e9niors, tu as pu jouer la Gambardella, quels sont tes meilleurs souvenirs\u00a0de ton parcours ?<\/strong><br>\u00ab\u00a0J\u2019ai de tr\u00e8s bons souvenirs apr\u00e8s 17 saisons \u00e0 Rodez, le parcours en Gambardella est celui qui m\u2019a le plus marqu\u00e9. Nous avons \u00e9tabli le record du club atteignant les 16<sup>e<\/sup> de finale avec des matches \u00e0 rebondissements tout le long du parcours\u00a0!\u00a0\u00bb<\/p>\n\n\n\n<p><strong>Rodez Aveyron est un club qui privil\u00e9gie la formation interne, parle-nous de ton parcours de formation\u00a0:<\/strong><br>\u00ab\u00a0Tout \u00e0 fait, le club cherche \u00e0 amener un maximum de joueurs en \u00e9quipe premi\u00e8re et cela commence d\u00e8s l\u2019\u00e9cole du foot. Il y a beaucoup de monde donc tr\u00e8s peu d\u2019\u00e9lus qui parviennent \u00e0 int\u00e9grer l\u2019\u00e9quipe A.\u00a0\u00bb<\/p>\n\n\n\n<p><strong>Toujours concernant ton parcours de formation, tu \u00e9tais en licence \u00ab\u00a0STAPS\u00a0\u00bb quand tu \u00e9tais \u00e0 Rodez, qu\u2019en est-il aujourd\u2019hui\u00a0?<\/strong><br>\u00ab\u00a0Effectivement, j\u2019ai obtenu ma licence STAPS en \u00e9ducation et motricit\u00e9. Avec ce dipl\u00f4me, je peux me diriger vers le professorat que ce soit en \u00e9cole primaire ou EPS au coll\u00e8ge et lyc\u00e9e. Quand j\u2019ai valid\u00e9 ce dipl\u00f4me, j\u2019ai d\u00fb faire le choix entre continuer vers un master (et pouvoir devenir professeur) ou me focaliser \u00e0 100% sur ma passion du football. Comme vous l\u2019aurez compris, j\u2019ai choisi le foot\u00a0!\u00a0\u00bb<\/p>\n\n\n\n<p><strong>Lors des derni\u00e8res ann\u00e9es, tu as pu c\u00f4toyer les pros de Rodez et te pr\u00e9parer avec eux, que retiens-tu de cette p\u00e9riode\u00a0?<\/strong><br>\u00ab\u00a0Effectivement, on effectuait des s\u00e9ances d\u2019entrainement avec l\u2019\u00e9quipe fanion lors des ann\u00e9es National et Ligue 2. Cela fait \u00e9norm\u00e9ment progresser de travailler avec eux\u00a0! J\u2019ai aussi grandement gagn\u00e9 en confiance \u00e0 leurs c\u00f4t\u00e9s.\u00a0\u00bb<\/p>\n\n\n\n<figure class=\"wp-block-pullquote\"><blockquote><p>\u00ab Je suis tr\u00e8s content aujourd\u2019hui d\u2019\u00eatre Forgeron. \u00bb<\/p><\/blockquote><\/figure>\n\n\n\n<p><strong>Quelles similitudes et diff\u00e9rences vois-tu entre ces 2 clubs\u00a0et les villes qu\u2019il y a derri\u00e8re ?<\/strong><br>\u00ab\u00a0Pour les similitudes, il y a d\u00e9j\u00e0 la volont\u00e9 de jouer un football de qualit\u00e9. Concernant la ville, j\u2019y retrouve comme en Aveyron un environnement passionn\u00e9, calme, paisible, il y fait bon vivre. <br>Pour les diff\u00e9rences, il y a beaucoup plus de ferveur au stade Jean Laville que lorsque que je jouais avec l\u2019\u00e9quipe r\u00e9serve. C\u2019est vraiment tr\u00e8s appr\u00e9ciable d\u2019avoir des supporters qui nous suivent que ce soit \u00e0 domicile ou \u00e0 l\u2019ext\u00e9rieur. L\u2019\u00e9quipe est aussi beaucoup plus exp\u00e9riment\u00e9e, \u00e7a me permet de continuer \u00e0 progresser.\u00a0\u00bb<\/p>\n\n\n\n<p><strong>Et concernant les diff\u00e9rences entre le championnat de N3 que tu as connu et celui de Bourgogne Franche-Comt\u00e9\u00a0?<\/strong><br>\u00ab\u00a0Je dirai que ce sont des r\u00e9gions similaires en termes de football, des \u00e9quipes joueuses et beaucoup de bons joueurs.\u00a0\u00bb<\/p>\n\n\n\n<figure class=\"wp-block-pullquote\"><blockquote><p>\u00ab J&rsquo;ai soulev\u00e9 la coupe de Roumanie en tant que capitaine et j&rsquo;ai m\u00eame jou\u00e9 quelques matches en Europa League\u2026 \u00bb<\/p><\/blockquote><\/figure>\n\n\n\n<p><strong>Quel type de d\u00e9fenseur es-tu\u00a0?<\/strong><br>\u00ab\u00a0Je suis tr\u00e8s combatif et j\u2019aime les duels. J\u2019aime une bonne lecture de jeu ce qui me permet de jouer sur l\u2019anticipation. Je communique aussi beaucoup sur le terrain, c\u2019est important d\u2019\u00eatre en phase avec ses co\u00e9quipiers.\u00a0\u00bb<\/p>\n\n\n\n<p><strong>Passons maintenant \u00e0 des questions au tac-au-tac, quel est ton genre de film pr\u00e9f\u00e9r\u00e9&nbsp;?<br><\/strong>\u00ab&nbsp;Les thrillers.&nbsp;\u00bb<\/p>\n\n\n\n<p><strong>Qu\u2019est-ce que tu \u00e9coutes\u00a0?<\/strong><br>\u00ab\u00a0Un peu de tout, r\u00e9cents, anciens, \u00e7a d\u00e9pend de mes envies.\u00a0\u00bb<\/p>\n\n\n\n<p><strong>Ton jeu-vid\u00e9o pr\u00e9f\u00e9r\u00e9\u00a0?<\/strong><br>\u00ab\u00a0FIFA.\u00a0\u00bb<\/p>\n\n\n\n<p><strong>Ton plat pr\u00e9f\u00e9r\u00e9\u00a0?<\/strong><br>\u00ab\u00a0Les p\u00e2tes \u00e0 la carbonara.\u00a0\u00bb<\/p>\n\n\n\n<p><strong>Plut\u00f4t ville ou campagne\u00a0?<\/strong><br>\u00ab\u00a0Plut\u00f4t campagne.\u00a0\u00bb<\/p>\n\n\n\n<p><strong>Quels sports suis-tu\u00a0?<\/strong><br>\u00ab\u00a0Je suis un grand fan de sport en g\u00e9n\u00e9ral, je suis surtout le tennis et le cyclisme.\u00a0\u00bb<\/p>\n\n\n\n<p><strong>Quelles sont tes autres occupations\u00a0?<\/strong><br>\u00ab\u00a0J\u2019aime \u00e9couter de la musique, je passe beaucoup de temps \u00e0 d\u00e9couvrir de nouvelles musiques.\u00a0\u00bb<\/p>\n\n\n\n<figure class=\"wp-block-pullquote\"><blockquote><p>\u00ab Je suis tout de m\u00eame confiant pour la suite de notre saison\u00a0! \u00bb<\/p><\/blockquote><\/figure>\n\n\n\n<p><strong>Le FCG a part le pass\u00e9 \u00e9t\u00e9 l\u2019une des meilleures d\u00e9fenses de N3, vous \u00eates tous nouveaux en d\u00e9fense, les choses s\u2019am\u00e9liorent cette saison, comment cela se passe\u00a0?<\/strong><br>\u00ab\u00a0En arrivant dans un club comme le FC Gueugnon, il faut \u00eatre conscient des exigences et des attendus autour de l\u2019\u00e9quipe. Nous travaillons tous les jours pour trouver une stabilit\u00e9 et des automatismes. Comme tu l\u2019as fait remarquer, il y a beaucoup de nouveaux dans l\u2019\u00e9quipe et \u00e7a prend du temps. Je suis tout de m\u00eame confiant pour la suite de notre saison\u00a0!\u00a0\u00bb<\/p>\n\n\n\n<p><strong>Victoire en coupe contre Morteau, un tr\u00e8s bon match face \u00e0 Chamali\u00e8res, une victoire face \u00e0 Selongey, la machine est relanc\u00e9e\u00a0?<\/strong><br>\u00ab\u00a0Le d\u00e9but de saison a \u00e9t\u00e9 compliqu\u00e9. Heureusement le parcours en Coupe nous a servi \u00e0 d\u00e9velopper notre \u00e9tat d\u2019esprit collectif. On a \u00e9t\u00e9 solidaires et on a tout donn\u00e9 sur le terrain pour nos supporters, notre staff et les partenaires du club. On esp\u00e8re que ces progr\u00e8s vont continuer\u00a0!\u00a0\u00bb<\/p>\n\n\n\n<figure class=\"wp-block-pullquote\"><blockquote><p>\u00ab Je souhaite remercier toutes les personnes qui nous soutiennent de pr\u00e8s ou de loin. \u00bb<\/p><\/blockquote><\/figure>\n\n\n\n<p><strong>Apr\u00e8s Selongey, 2<sup>e<\/sup> match des 3 d\u2019affil\u00e9e \u00e0 domicile, contre la r\u00e9serve de Sochaux. Comment \u00e7a se pr\u00e9sente\u00a0?<\/strong><br>\u00ab\u00a0Connaissant plut\u00f4t bien les r\u00e9serves pros, ce sera un match tr\u00e8s int\u00e9ressant. Tout le monde a envie de remonter la pente. Il faudra \u00eatre efficace sur les plans d\u00e9fensif et offensif comme lors du match face \u00e0 Selongey.\u00a0\u00bb<\/p>\n\n\n\n<p><strong>Quel est ton adage\u00a0?<\/strong><br>\u00ab\u00a0J\u2019aime \u00e0 penser que le travail, l\u2019effort et la rigueur sont les clefs pour obtenir de bons r\u00e9sultats\u00a0\u00bb<\/p>\n\n\n\n<p><strong>Un dernier mot pour terminer cet entretien\u00a0:<\/strong><br>\u00ab\u00a0Je souhaite remercier toutes les personnes qui nous soutiennent de pr\u00e8s ou de loin. On travaille dur pour redresser la barre et pour que nos supporters soient contents de nous.\u00a0\u00bb<\/p>\n\n\n\n<p><strong>Merci Basile<\/strong><\/p>\n\n\n\n<div style=\"height:100px\" aria-hidden=\"true\" class=\"wp-block-spacer\"><\/div>\n\n\n\n<hr class=\"wp-block-separator has-alpha-channel-opacity\"\/>\n\n\n\n<h3 class=\"wp-block-heading\">Retrouvez le Forgeron Mag #4 en int\u00e9gralit\u00e9<\/h3>\n\n\n\n<div class=\"wp-block-pdf-viewer-block-standard\" style=\"text-align:left\"><div class=\"uploaded-pdf\"><a href=\"https:\/\/www.fcgueugnon.fr\/site\/wp-content\/uploads\/2022\/11\/Forgeron-mag-4-fc-gueugnon-fc-sochaux.pdf\" data-width=\"\" data-height=\"\"><\/a><\/div><\/div>\n\n\n\n<div class=\"wp-block-buttons is-layout-flex wp-block-buttons-is-layout-flex\">\n<div class=\"wp-block-button alignright is-style-circular\"><a class=\"wp-block-button__link wp-element-button\" href=\"https:\/\/www.fcgueugnon.fr\/site\/wp-content\/uploads\/2022\/11\/Forgeron-mag-4-fc-gueugnon-fc-sochaux.pdf\">T\u00e9l\u00e9charger<\/a><\/div>\n<\/div>\n","protected":false},"excerpt":{"rendered":"<p>D\u00e9couvrez en int\u00e9gralit\u00e9 l&rsquo;entretien de Basile DELCLAUX diffus\u00e9 \u00e0 l&rsquo;occasion de cette 8\u00e8me journ\u00e9e de championnat face au FC Sochaux Montb\u00e9liard B dans le Forgeron Mag du 12\/11\/22. Piero : Bonjour Basile, commen\u00e7ons cet entretien avec ton tout d\u00e9but dans le football\u00a0:Basile : \u00ab\u00a0Bonjour, j\u2019ai v\u00e9cu une grande partie de ma vie en Aveyron \u00e0 &#8230; <\/p>\n<p class=\"read-more-container\"><a title=\"[Interview] Forgeron Mag #4 avec Basile  DELCLAUX\" class=\"read-more button\" href=\"https:\/\/www.fcgueugnon.fr\/site\/interview-forgeron-mag-4-avec-basile-delclaux\/2263#more-2263\" aria-label=\"Plus sur [Interview] Forgeron Mag #4 avec Basile  DELCLAUX\">Lire la suite<\/a><\/p>\n","protected":false},"author":2,"featured_media":1222,"comment_status":"closed","ping_status":"closed","sticky":false,"template":"","format":"standard","meta":{"footnotes":""},"categories":[5,4],"tags":[24,11],"class_list":["post-2263","post","type-post","status-publish","format-standard","has-post-thumbnail","hentry","category-news-2022-2023","category-news","tag-forgeron-mag","tag-interview","infinite-scroll-item","generate-columns","tablet-grid-50","mobile-grid-100","grid-parent","grid-25"],"yoast_head":"<!-- This site is optimized with the Yoast SEO plugin v26.6 - https:\/\/yoast.com\/wordpress\/plugins\/seo\/ -->\n<title>[Interview] Forgeron Mag #4 avec Basile DELCLAUX &#8226; FOOTBALL CLUB GUEUGNON<\/title>\n<meta name=\"robots\" content=\"index, follow, max-snippet:-1, max-image-preview:large, max-video-preview:-1\" \/>\n<link rel=\"canonical\" href=\"https:\/\/www.fcgueugnon.fr\/site\/interview-forgeron-mag-4-avec-basile-delclaux\/2263\" \/>\n<meta property=\"og:locale\" content=\"fr_FR\" \/>\n<meta property=\"og:type\" content=\"article\" \/>\n<meta property=\"og:title\" content=\"[Interview] Forgeron Mag #4 avec Basile DELCLAUX &#8226; FOOTBALL CLUB GUEUGNON\" \/>\n<meta property=\"og:description\" content=\"D\u00e9couvrez en int\u00e9gralit\u00e9 l&rsquo;entretien de Basile DELCLAUX diffus\u00e9 \u00e0 l&rsquo;occasion de cette 8\u00e8me journ\u00e9e de championnat face au FC Sochaux Montb\u00e9liard B dans le Forgeron Mag du 12\/11\/22. Piero : Bonjour Basile, commen\u00e7ons cet entretien avec ton tout d\u00e9but dans le football\u00a0:Basile : \u00ab\u00a0Bonjour, j\u2019ai v\u00e9cu une grande partie de ma vie en Aveyron \u00e0 ... Lire la suite\" \/>\n<meta property=\"og:url\" content=\"https:\/\/www.fcgueugnon.fr\/site\/interview-forgeron-mag-4-avec-basile-delclaux\/2263\" \/>\n<meta property=\"og:site_name\" content=\"FOOTBALL CLUB GUEUGNON\" \/>\n<meta property=\"article:publisher\" content=\"http:\/\/facebook.com\/FCGueugnon\" \/>\n<meta property=\"article:published_time\" content=\"2022-11-12T15:55:00+00:00\" \/>\n<meta property=\"og:image\" content=\"https:\/\/www.fcgueugnon.fr\/site\/wp-content\/uploads\/2022\/09\/SONI-MUSTIVAR-1024x682.png\" \/>\n\t<meta property=\"og:image:width\" content=\"1024\" \/>\n\t<meta property=\"og:image:height\" content=\"682\" \/>\n\t<meta property=\"og:image:type\" content=\"image\/png\" \/>\n<meta name=\"author\" content=\"FC Gueugnon\" \/>\n<meta name=\"twitter:card\" content=\"summary_large_image\" \/>\n<meta name=\"twitter:creator\" content=\"@FCGueugnon_off\" \/>\n<meta name=\"twitter:site\" content=\"@FCGueugnon_off\" \/>\n<meta name=\"twitter:label1\" content=\"\u00c9crit par\" \/>\n\t<meta name=\"twitter:data1\" content=\"FC Gueugnon\" \/>\n\t<meta name=\"twitter:label2\" content=\"Dur\u00e9e de lecture estim\u00e9e\" \/>\n\t<meta name=\"twitter:data2\" content=\"6 minutes\" \/>\n<script type=\"application\/ld+json\" class=\"yoast-schema-graph\">{\"@context\":\"https:\/\/schema.org\",\"@graph\":[{\"@type\":\"Article\",\"@id\":\"https:\/\/www.fcgueugnon.fr\/site\/interview-forgeron-mag-4-avec-basile-delclaux\/2263#article\",\"isPartOf\":{\"@id\":\"https:\/\/www.fcgueugnon.fr\/site\/interview-forgeron-mag-4-avec-basile-delclaux\/2263\"},\"author\":{\"name\":\"FC Gueugnon\",\"@id\":\"https:\/\/www.fcgueugnon.fr\/site\/#\/schema\/person\/d342d0c35e8e8f04740b9bdd734eeb20\"},\"headline\":\"[Interview] Forgeron Mag #4 avec Basile DELCLAUX\",\"datePublished\":\"2022-11-12T15:55:00+00:00\",\"mainEntityOfPage\":{\"@id\":\"https:\/\/www.fcgueugnon.fr\/site\/interview-forgeron-mag-4-avec-basile-delclaux\/2263\"},\"wordCount\":1267,\"publisher\":{\"@id\":\"https:\/\/www.fcgueugnon.fr\/site\/#organization\"},\"image\":{\"@id\":\"https:\/\/www.fcgueugnon.fr\/site\/interview-forgeron-mag-4-avec-basile-delclaux\/2263#primaryimage\"},\"thumbnailUrl\":\"https:\/\/www.fcgueugnon.fr\/site\/wp-content\/uploads\/2022\/09\/SONI-MUSTIVAR.png\",\"keywords\":[\"Forgeron Mag\",\"Interview\"],\"articleSection\":[\"Archives 2022\/2023\",\"News\"],\"inLanguage\":\"fr-FR\"},{\"@type\":\"WebPage\",\"@id\":\"https:\/\/www.fcgueugnon.fr\/site\/interview-forgeron-mag-4-avec-basile-delclaux\/2263\",\"url\":\"https:\/\/www.fcgueugnon.fr\/site\/interview-forgeron-mag-4-avec-basile-delclaux\/2263\",\"name\":\"[Interview] Forgeron Mag #4 avec Basile DELCLAUX &#8226; FOOTBALL CLUB GUEUGNON\",\"isPartOf\":{\"@id\":\"https:\/\/www.fcgueugnon.fr\/site\/#website\"},\"primaryImageOfPage\":{\"@id\":\"https:\/\/www.fcgueugnon.fr\/site\/interview-forgeron-mag-4-avec-basile-delclaux\/2263#primaryimage\"},\"image\":{\"@id\":\"https:\/\/www.fcgueugnon.fr\/site\/interview-forgeron-mag-4-avec-basile-delclaux\/2263#primaryimage\"},\"thumbnailUrl\":\"https:\/\/www.fcgueugnon.fr\/site\/wp-content\/uploads\/2022\/09\/SONI-MUSTIVAR.png\",\"datePublished\":\"2022-11-12T15:55:00+00:00\",\"breadcrumb\":{\"@id\":\"https:\/\/www.fcgueugnon.fr\/site\/interview-forgeron-mag-4-avec-basile-delclaux\/2263#breadcrumb\"},\"inLanguage\":\"fr-FR\",\"potentialAction\":[{\"@type\":\"ReadAction\",\"target\":[\"https:\/\/www.fcgueugnon.fr\/site\/interview-forgeron-mag-4-avec-basile-delclaux\/2263\"]}]},{\"@type\":\"ImageObject\",\"inLanguage\":\"fr-FR\",\"@id\":\"https:\/\/www.fcgueugnon.fr\/site\/interview-forgeron-mag-4-avec-basile-delclaux\/2263#primaryimage\",\"url\":\"https:\/\/www.fcgueugnon.fr\/site\/wp-content\/uploads\/2022\/09\/SONI-MUSTIVAR.png\",\"contentUrl\":\"https:\/\/www.fcgueugnon.fr\/site\/wp-content\/uploads\/2022\/09\/SONI-MUSTIVAR.png\",\"width\":1772,\"height\":1181},{\"@type\":\"BreadcrumbList\",\"@id\":\"https:\/\/www.fcgueugnon.fr\/site\/interview-forgeron-mag-4-avec-basile-delclaux\/2263#breadcrumb\",\"itemListElement\":[{\"@type\":\"ListItem\",\"position\":1,\"name\":\"Accueil\",\"item\":\"https:\/\/www.fcgueugnon.fr\/site\/\"},{\"@type\":\"ListItem\",\"position\":2,\"name\":\"[Interview] Forgeron Mag #4 avec Basile DELCLAUX\"}]},{\"@type\":\"WebSite\",\"@id\":\"https:\/\/www.fcgueugnon.fr\/site\/#website\",\"url\":\"https:\/\/www.fcgueugnon.fr\/site\/\",\"name\":\"FOOTBALL CLUB GUEUGNON\",\"description\":\"Le Site Officiel des Forgerons\",\"publisher\":{\"@id\":\"https:\/\/www.fcgueugnon.fr\/site\/#organization\"},\"potentialAction\":[{\"@type\":\"SearchAction\",\"target\":{\"@type\":\"EntryPoint\",\"urlTemplate\":\"https:\/\/www.fcgueugnon.fr\/site\/?s={search_term_string}\"},\"query-input\":{\"@type\":\"PropertyValueSpecification\",\"valueRequired\":true,\"valueName\":\"search_term_string\"}}],\"inLanguage\":\"fr-FR\"},{\"@type\":\"Organization\",\"@id\":\"https:\/\/www.fcgueugnon.fr\/site\/#organization\",\"name\":\"FC Gueugnon\",\"url\":\"https:\/\/www.fcgueugnon.fr\/site\/\",\"logo\":{\"@type\":\"ImageObject\",\"inLanguage\":\"fr-FR\",\"@id\":\"https:\/\/www.fcgueugnon.fr\/site\/#\/schema\/logo\/image\/\",\"url\":\"https:\/\/www.fcgueugnon.fr\/site\/wp-content\/uploads\/2022\/07\/cropped-Logo-FCGUEUGNON-low-350x350-1.png\",\"contentUrl\":\"https:\/\/www.fcgueugnon.fr\/site\/wp-content\/uploads\/2022\/07\/cropped-Logo-FCGUEUGNON-low-350x350-1.png\",\"width\":350,\"height\":350,\"caption\":\"FC Gueugnon\"},\"image\":{\"@id\":\"https:\/\/www.fcgueugnon.fr\/site\/#\/schema\/logo\/image\/\"},\"sameAs\":[\"http:\/\/facebook.com\/FCGueugnon\",\"https:\/\/x.com\/FCGueugnon_off\",\"https:\/\/www.instagram.com\/fcgueugnon\/\",\"https:\/\/www.linkedin.com\/company\/football-club-de-gueugnon\/\",\"https:\/\/www.youtube.com\/user\/FCGueugnonnais\",\"https:\/\/fr.wikipedia.org\/wiki\/Football_Club_de_Gueugnon\"]},{\"@type\":\"Person\",\"@id\":\"https:\/\/www.fcgueugnon.fr\/site\/#\/schema\/person\/d342d0c35e8e8f04740b9bdd734eeb20\",\"name\":\"FC Gueugnon\",\"url\":\"https:\/\/www.fcgueugnon.fr\/site\/author\/s-rod\"}]}<\/script>\n<!-- \/ Yoast SEO plugin. -->","yoast_head_json":{"title":"[Interview] Forgeron Mag #4 avec Basile DELCLAUX &#8226; FOOTBALL CLUB GUEUGNON","robots":{"index":"index","follow":"follow","max-snippet":"max-snippet:-1","max-image-preview":"max-image-preview:large","max-video-preview":"max-video-preview:-1"},"canonical":"https:\/\/www.fcgueugnon.fr\/site\/interview-forgeron-mag-4-avec-basile-delclaux\/2263","og_locale":"fr_FR","og_type":"article","og_title":"[Interview] Forgeron Mag #4 avec Basile DELCLAUX &#8226; FOOTBALL CLUB GUEUGNON","og_description":"D\u00e9couvrez en int\u00e9gralit\u00e9 l&rsquo;entretien de Basile DELCLAUX diffus\u00e9 \u00e0 l&rsquo;occasion de cette 8\u00e8me journ\u00e9e de championnat face au FC Sochaux Montb\u00e9liard B dans le Forgeron Mag du 12\/11\/22. Piero : Bonjour Basile, commen\u00e7ons cet entretien avec ton tout d\u00e9but dans le football\u00a0:Basile : \u00ab\u00a0Bonjour, j\u2019ai v\u00e9cu une grande partie de ma vie en Aveyron \u00e0 ... Lire la suite","og_url":"https:\/\/www.fcgueugnon.fr\/site\/interview-forgeron-mag-4-avec-basile-delclaux\/2263","og_site_name":"FOOTBALL CLUB GUEUGNON","article_publisher":"http:\/\/facebook.com\/FCGueugnon","article_published_time":"2022-11-12T15:55:00+00:00","og_image":[{"width":1024,"height":682,"url":"https:\/\/www.fcgueugnon.fr\/site\/wp-content\/uploads\/2022\/09\/SONI-MUSTIVAR-1024x682.png","type":"image\/png"}],"author":"FC Gueugnon","twitter_card":"summary_large_image","twitter_creator":"@FCGueugnon_off","twitter_site":"@FCGueugnon_off","twitter_misc":{"\u00c9crit par":"FC Gueugnon","Dur\u00e9e de lecture estim\u00e9e":"6 minutes"},"schema":{"@context":"https:\/\/schema.org","@graph":[{"@type":"Article","@id":"https:\/\/www.fcgueugnon.fr\/site\/interview-forgeron-mag-4-avec-basile-delclaux\/2263#article","isPartOf":{"@id":"https:\/\/www.fcgueugnon.fr\/site\/interview-forgeron-mag-4-avec-basile-delclaux\/2263"},"author":{"name":"FC Gueugnon","@id":"https:\/\/www.fcgueugnon.fr\/site\/#\/schema\/person\/d342d0c35e8e8f04740b9bdd734eeb20"},"headline":"[Interview] Forgeron Mag #4 avec Basile DELCLAUX","datePublished":"2022-11-12T15:55:00+00:00","mainEntityOfPage":{"@id":"https:\/\/www.fcgueugnon.fr\/site\/interview-forgeron-mag-4-avec-basile-delclaux\/2263"},"wordCount":1267,"publisher":{"@id":"https:\/\/www.fcgueugnon.fr\/site\/#organization"},"image":{"@id":"https:\/\/www.fcgueugnon.fr\/site\/interview-forgeron-mag-4-avec-basile-delclaux\/2263#primaryimage"},"thumbnailUrl":"https:\/\/www.fcgueugnon.fr\/site\/wp-content\/uploads\/2022\/09\/SONI-MUSTIVAR.png","keywords":["Forgeron Mag","Interview"],"articleSection":["Archives 2022\/2023","News"],"inLanguage":"fr-FR"},{"@type":"WebPage","@id":"https:\/\/www.fcgueugnon.fr\/site\/interview-forgeron-mag-4-avec-basile-delclaux\/2263","url":"https:\/\/www.fcgueugnon.fr\/site\/interview-forgeron-mag-4-avec-basile-delclaux\/2263","name":"[Interview] Forgeron Mag #4 avec Basile DELCLAUX &#8226; FOOTBALL CLUB GUEUGNON","isPartOf":{"@id":"https:\/\/www.fcgueugnon.fr\/site\/#website"},"primaryImageOfPage":{"@id":"https:\/\/www.fcgueugnon.fr\/site\/interview-forgeron-mag-4-avec-basile-delclaux\/2263#primaryimage"},"image":{"@id":"https:\/\/www.fcgueugnon.fr\/site\/interview-forgeron-mag-4-avec-basile-delclaux\/2263#primaryimage"},"thumbnailUrl":"https:\/\/www.fcgueugnon.fr\/site\/wp-content\/uploads\/2022\/09\/SONI-MUSTIVAR.png","datePublished":"2022-11-12T15:55:00+00:00","breadcrumb":{"@id":"https:\/\/www.fcgueugnon.fr\/site\/interview-forgeron-mag-4-avec-basile-delclaux\/2263#breadcrumb"},"inLanguage":"fr-FR","potentialAction":[{"@type":"ReadAction","target":["https:\/\/www.fcgueugnon.fr\/site\/interview-forgeron-mag-4-avec-basile-delclaux\/2263"]}]},{"@type":"ImageObject","inLanguage":"fr-FR","@id":"https:\/\/www.fcgueugnon.fr\/site\/interview-forgeron-mag-4-avec-basile-delclaux\/2263#primaryimage","url":"https:\/\/www.fcgueugnon.fr\/site\/wp-content\/uploads\/2022\/09\/SONI-MUSTIVAR.png","contentUrl":"https:\/\/www.fcgueugnon.fr\/site\/wp-content\/uploads\/2022\/09\/SONI-MUSTIVAR.png","width":1772,"height":1181},{"@type":"BreadcrumbList","@id":"https:\/\/www.fcgueugnon.fr\/site\/interview-forgeron-mag-4-avec-basile-delclaux\/2263#breadcrumb","itemListElement":[{"@type":"ListItem","position":1,"name":"Accueil","item":"https:\/\/www.fcgueugnon.fr\/site\/"},{"@type":"ListItem","position":2,"name":"[Interview] Forgeron Mag #4 avec Basile DELCLAUX"}]},{"@type":"WebSite","@id":"https:\/\/www.fcgueugnon.fr\/site\/#website","url":"https:\/\/www.fcgueugnon.fr\/site\/","name":"FOOTBALL CLUB GUEUGNON","description":"Le Site Officiel des Forgerons","publisher":{"@id":"https:\/\/www.fcgueugnon.fr\/site\/#organization"},"potentialAction":[{"@type":"SearchAction","target":{"@type":"EntryPoint","urlTemplate":"https:\/\/www.fcgueugnon.fr\/site\/?s={search_term_string}"},"query-input":{"@type":"PropertyValueSpecification","valueRequired":true,"valueName":"search_term_string"}}],"inLanguage":"fr-FR"},{"@type":"Organization","@id":"https:\/\/www.fcgueugnon.fr\/site\/#organization","name":"FC Gueugnon","url":"https:\/\/www.fcgueugnon.fr\/site\/","logo":{"@type":"ImageObject","inLanguage":"fr-FR","@id":"https:\/\/www.fcgueugnon.fr\/site\/#\/schema\/logo\/image\/","url":"https:\/\/www.fcgueugnon.fr\/site\/wp-content\/uploads\/2022\/07\/cropped-Logo-FCGUEUGNON-low-350x350-1.png","contentUrl":"https:\/\/www.fcgueugnon.fr\/site\/wp-content\/uploads\/2022\/07\/cropped-Logo-FCGUEUGNON-low-350x350-1.png","width":350,"height":350,"caption":"FC Gueugnon"},"image":{"@id":"https:\/\/www.fcgueugnon.fr\/site\/#\/schema\/logo\/image\/"},"sameAs":["http:\/\/facebook.com\/FCGueugnon","https:\/\/x.com\/FCGueugnon_off","https:\/\/www.instagram.com\/fcgueugnon\/","https:\/\/www.linkedin.com\/company\/football-club-de-gueugnon\/","https:\/\/www.youtube.com\/user\/FCGueugnonnais","https:\/\/fr.wikipedia.org\/wiki\/Football_Club_de_Gueugnon"]},{"@type":"Person","@id":"https:\/\/www.fcgueugnon.fr\/site\/#\/schema\/person\/d342d0c35e8e8f04740b9bdd734eeb20","name":"FC Gueugnon","url":"https:\/\/www.fcgueugnon.fr\/site\/author\/s-rod"}]}},"rttpg_featured_image_url":{"full":["https:\/\/www.fcgueugnon.fr\/site\/wp-content\/uploads\/2022\/09\/SONI-MUSTIVAR.png",1772,1181,false],"landscape":["https:\/\/www.fcgueugnon.fr\/site\/wp-content\/uploads\/2022\/09\/SONI-MUSTIVAR.png",1772,1181,false],"portraits":["https:\/\/www.fcgueugnon.fr\/site\/wp-content\/uploads\/2022\/09\/SONI-MUSTIVAR.png",1772,1181,false],"thumbnail":["https:\/\/www.fcgueugnon.fr\/site\/wp-content\/uploads\/2022\/09\/SONI-MUSTIVAR-150x150.png",150,150,true],"medium":["https:\/\/www.fcgueugnon.fr\/site\/wp-content\/uploads\/2022\/09\/SONI-MUSTIVAR-400x267.png",400,267,true],"large":["https:\/\/www.fcgueugnon.fr\/site\/wp-content\/uploads\/2022\/09\/SONI-MUSTIVAR-1024x682.png",1024,682,true],"1536x1536":["https:\/\/www.fcgueugnon.fr\/site\/wp-content\/uploads\/2022\/09\/SONI-MUSTIVAR-1536x1024.png",1536,1024,true],"2048x2048":["https:\/\/www.fcgueugnon.fr\/site\/wp-content\/uploads\/2022\/09\/SONI-MUSTIVAR.png",1772,1181,false]},"rttpg_author":{"display_name":"FC Gueugnon","author_link":"https:\/\/www.fcgueugnon.fr\/site\/author\/s-rod"},"rttpg_comment":0,"rttpg_category":"<a href=\"https:\/\/www.fcgueugnon.fr\/site\/category\/news\/news-2022-2023\" rel=\"category tag\">Archives 2022\/2023<\/a> <a href=\"https:\/\/www.fcgueugnon.fr\/site\/category\/news\" rel=\"category tag\">News<\/a>","rttpg_excerpt":"D\u00e9couvrez en int\u00e9gralit\u00e9 l&rsquo;entretien de Basile DELCLAUX diffus\u00e9 \u00e0 l&rsquo;occasion de cette 8\u00e8me journ\u00e9e de championnat face au FC Sochaux Montb\u00e9liard B dans le Forgeron Mag du 12\/11\/22. Piero : Bonjour Basile, commen\u00e7ons cet entretien avec ton tout d\u00e9but dans le football\u00a0:Basile : \u00ab\u00a0Bonjour, j\u2019ai v\u00e9cu une grande partie de ma vie en Aveyron \u00e0\u2026","_links":{"self":[{"href":"https:\/\/www.fcgueugnon.fr\/site\/wp-json\/wp\/v2\/posts\/2263","targetHints":{"allow":["GET"]}}],"collection":[{"href":"https:\/\/www.fcgueugnon.fr\/site\/wp-json\/wp\/v2\/posts"}],"about":[{"href":"https:\/\/www.fcgueugnon.fr\/site\/wp-json\/wp\/v2\/types\/post"}],"author":[{"embeddable":true,"href":"https:\/\/www.fcgueugnon.fr\/site\/wp-json\/wp\/v2\/users\/2"}],"replies":[{"embeddable":true,"href":"https:\/\/www.fcgueugnon.fr\/site\/wp-json\/wp\/v2\/comments?post=2263"}],"version-history":[{"count":1,"href":"https:\/\/www.fcgueugnon.fr\/site\/wp-json\/wp\/v2\/posts\/2263\/revisions"}],"predecessor-version":[{"id":2268,"href":"https:\/\/www.fcgueugnon.fr\/site\/wp-json\/wp\/v2\/posts\/2263\/revisions\/2268"}],"wp:featuredmedia":[{"embeddable":true,"href":"https:\/\/www.fcgueugnon.fr\/site\/wp-json\/wp\/v2\/media\/1222"}],"wp:attachment":[{"href":"https:\/\/www.fcgueugnon.fr\/site\/wp-json\/wp\/v2\/media?parent=2263"}],"wp:term":[{"taxonomy":"category","embeddable":true,"href":"https:\/\/www.fcgueugnon.fr\/site\/wp-json\/wp\/v2\/categories?post=2263"},{"taxonomy":"post_tag","embeddable":true,"href":"https:\/\/www.fcgueugnon.fr\/site\/wp-json\/wp\/v2\/tags?post=2263"}],"curies":[{"name":"wp","href":"https:\/\/api.w.org\/{rel}","templated":true}]}}