{"id":2209,"date":"2022-11-11T10:48:26","date_gmt":"2022-11-11T09:48:26","guid":{"rendered":"https:\/\/www.fcgueugnon.fr\/site\/?p=2209"},"modified":"2023-05-13T13:10:40","modified_gmt":"2023-05-13T11:10:40","slug":"n3-j08-fc-gueugnon-sochaux-montbeliard-b-duel-de-jaune-et-bleu-a-jean-laville","status":"publish","type":"post","link":"https:\/\/www.fcgueugnon.fr\/site\/n3-j08-fc-gueugnon-sochaux-montbeliard-b-duel-de-jaune-et-bleu-a-jean-laville\/2209","title":{"rendered":"[N3 J08 : FC Gueugnon &#8211; Sochaux-Montb\u00e9liard B] Duel de jaune et bleu \u00e0 Jean Laville"},"content":{"rendered":"\n<h2 class=\"wp-block-heading\"><strong>Ce sont deux \u00e9quipes aux couleurs identiques mais aux trajectoires diff\u00e9rentes qui s&rsquo;affrontent ce samedi \u00e0 Jean Laville&#8230;<\/strong><\/h2>\n\n\n\n<div style=\"height:70px\" aria-hidden=\"true\" class=\"wp-block-spacer\"><\/div>\n\n\n\n<div class=\"wp-block-getwid-image-box getwid-animation has-text-center has-mobile-layout-default has-mobile-alignment-center\" data-animation=\"zoomSmall\"><div class=\"wp-block-getwid-image-box__image-container is-position-top\"><div class=\"wp-block-getwid-image-box__image-wrapper\"><img loading=\"lazy\" decoding=\"async\" width=\"673\" height=\"956\" src=\"https:\/\/www.fcgueugnon.fr\/site\/wp-content\/uploads\/2022\/11\/Affiche-FC-Gueugnon-SOCHAUX-montbeliard.jpg\" class=\"wp-block-getwid-image-box__image wp-image-2261\" srcset=\"https:\/\/www.fcgueugnon.fr\/site\/wp-content\/uploads\/2022\/11\/Affiche-FC-Gueugnon-SOCHAUX-montbeliard.jpg 673w, https:\/\/www.fcgueugnon.fr\/site\/wp-content\/uploads\/2022\/11\/Affiche-FC-Gueugnon-SOCHAUX-montbeliard-282x400.jpg 282w\" sizes=\"auto, (max-width: 673px) 100vw, 673px\" \/><\/div><\/div><div class=\"wp-block-getwid-image-box__content\">\n<h3 class=\"wp-block-heading\"><\/h3>\n\n\n\n<p><\/p>\n<\/div><\/div>\n\n\n\n<div style=\"height:70px\" aria-hidden=\"true\" class=\"wp-block-spacer\"><\/div>\n\n\n\n<h3 class=\"wp-block-heading\">\ud83c\udd9a <em><strong>L&rsquo;adversaire <\/strong><\/em><\/h3>\n\n\n\n<p>Apr\u00e8s une seconde place \u00e0 \u00e9galit\u00e9 de points avec le FCG, quelle ambition pour les lionceaux de la r\u00e9serve sochalienne ? Le coach<strong> Sylvain Monsoreau <\/strong>r\u00e9pond \u00e0 cette question en \u00e9voquant l&rsquo;objectif de \u00ab&nbsp;<em>se mettre d\u2019abord \u00e0 l\u2019abri d\u2019abord. Monter si l\u2019occasion se pr\u00e9sente mais l\u2019ambition est de former des joueurs qui vont pass\u00e9s pros&nbsp;comme la saison derni\u00e8re<\/em> \u00bb.<\/p>\n\n\n\n<p>Et le d\u00e9but de saison a \u00e9t\u00e9 compliqu\u00e9 pour les doubistes avec 2 d\u00e9faites, malgr\u00e9 des renforts, contre les promus de l&rsquo;<strong>UF M\u00e2con<\/strong> et l&rsquo;<strong>UCS Cosne<\/strong>&#8230; S&rsquo;en suivra 3 victoires (Montceau 5-0, Grandvillars 1-3, DFCO B 2-1) et 2 nuls face \u00e0 <strong>Jura Dole <\/strong>(1-1) et <strong>Besan\u00e7on Foot<\/strong> malgr\u00e9 une sup\u00e9riorit\u00e9 num\u00e9rique (0-0). Voil\u00e0 un Sochaux revenu au pied du podium avec 11 points et 5 points d&rsquo;\u00e9cart avec les 2 co-leaders ! <\/p>\n\n\n\n<p>Une grosse cylindr\u00e9e dont les forgerons sont friands pour se sublimer ! <\/p>\n\n\n\n<p>Site internet de Sochaux-Montb\u00e9liard : <a href=\"https:\/\/www.fcsochaux.fr\/\" target=\"_blank\" rel=\"noreferrer noopener\">www.fcsochaux.fr<\/a><\/p>\n\n\n\n<div style=\"height:70px\" aria-hidden=\"true\" class=\"wp-block-spacer\"><\/div>\n\n\n\n<h3 class=\"wp-block-heading\">\ud83d\udce3 <em><strong>La d\u00e9cla&rsquo;<\/strong><\/em><\/h3>\n\n\n\n<blockquote class=\"wp-block-quote is-style-default is-layout-flow wp-block-quote-is-layout-flow\">\n<p>\u00ab <em>On sait que ce sera un match difficile face \u00e0 une \u00e9quipe de qualit\u00e9. Toutefois, on n\u2019a pas \u00e0 les envier et \u00e0 nous de remporter une autre victoire<\/em>&nbsp;\u00bb<\/p>\n<cite><strong><em>Bak\u00e9 BAYO (entraineur-adjoint)<\/em><\/strong><\/cite><\/blockquote>\n\n\n\n<div style=\"height:70px\" aria-hidden=\"true\" class=\"wp-block-spacer\"><\/div>\n\n\n\n<h3 class=\"wp-block-heading\">\ud83d\udfe1\ud83d\udd35 <em><strong>Le FC Gueugnon<\/strong><\/em><\/h3>\n\n\n\n<p>Aur\u00e9ol\u00e9 d&rsquo;un bon match de coupe contre Chamali\u00e8res, les forgerons avaient \u00e0 c\u0153ur de se relancer en championnat ! Ce fut chose faite pour ce premier match \u00e0 Jean Laville avec la victoire gr\u00e2ce \u00e0 un but \u00e0 la 83e minute de <strong>Jason Luanda<\/strong> sur un plat du pied &#8211; s\u00e9curit\u00e9 (<a href=\"https:\/\/www.fcgueugnon.fr\/site\/n3-j07-fc-gueugnon-is-selongey-resultat-reactions-et-resume-video\/2183\">relire l&rsquo;apr\u00e8s-match + r\u00e9sum\u00e9 vid\u00e9o<\/a>). Un coaching gagnant du banc gueugnonnais et 3 points face \u00e0 cette belle \u00e9quipe de <strong>Is-Selongey <\/strong>qui en fera souffrir d\u2019autres.<\/p>\n\n\n\n<p>Place \u00e0 la r\u00e9serve de <strong>Sochaux<\/strong>, un adversaire coriace comme l&rsquo;\u00e9voquait <strong>Jason Luanda <\/strong>justement apr\u00e8s la victoire samedi dernier : \u00ab&nbsp;<em>Tous les matchs vont \u00eatre difficiles \u00e0 cause du grand nombre de descentes mais il faut prendre match par match et si on reste sur cette d\u00e9termination et cette solidarit\u00e9 je ne m\u2019inqui\u00e8te pour le match contre Sochaux<\/em>&nbsp;\u00bb.<\/p>\n\n\n\n<p>Une solidarit\u00e9 \u00e9galement avec le public forgeron pr\u00e9sent en nombre avec pas moins 800 personnes pr\u00e9sentes dans les trav\u00e9es de Jean Laville et qui devrait encore r\u00e9pondre pr\u00e9sent pour ce deuxi\u00e8me des trois rencontres cons\u00e9cutifs dans la plus belle enceinte du 71 !<\/p>\n\n\n\n<div style=\"height:70px\" aria-hidden=\"true\" class=\"wp-block-spacer\"><\/div>\n\n\n\n<h3 class=\"wp-block-heading\">\ud83e\udd1d <em><strong>Partenaire du match<\/strong> : <\/em><a href=\"https:\/\/www.fcgueugnon.fr\/site\/n3-j08-fc-gueugnon-sochaux-montbeliard-kyriad-montchanin-le-creusot-et-lamicale-des-anciens-partenaires-de-la-rencontre\/2265\" target=\"_blank\" rel=\"noreferrer noopener\">Kyriad Montchanin Le Creusot et l\u2019Amicale des Anciens, partenaires de la rencontre<\/a><\/h3>\n\n\n\n<div class=\"wp-block-getwid-image-box getwid-animation has-text-center has-mobile-layout-default has-mobile-alignment-default\" data-animation=\"zoomSmall\"><div class=\"wp-block-getwid-image-box__image-container is-position-top\"><div class=\"wp-block-getwid-image-box__image-wrapper\"><img loading=\"lazy\" decoding=\"async\" width=\"1024\" height=\"576\" src=\"https:\/\/www.fcgueugnon.fr\/site\/wp-content\/uploads\/2022\/11\/PARTENAIRE-DU-MATCH-2M-CONSTRUCTIONS-1-1024x576.png\" class=\"wp-block-getwid-image-box__image wp-image-2270\" srcset=\"https:\/\/www.fcgueugnon.fr\/site\/wp-content\/uploads\/2022\/11\/PARTENAIRE-DU-MATCH-2M-CONSTRUCTIONS-1-1024x576.png 1024w, https:\/\/www.fcgueugnon.fr\/site\/wp-content\/uploads\/2022\/11\/PARTENAIRE-DU-MATCH-2M-CONSTRUCTIONS-1-400x225.png 400w, https:\/\/www.fcgueugnon.fr\/site\/wp-content\/uploads\/2022\/11\/PARTENAIRE-DU-MATCH-2M-CONSTRUCTIONS-1-768x432.png 768w, https:\/\/www.fcgueugnon.fr\/site\/wp-content\/uploads\/2022\/11\/PARTENAIRE-DU-MATCH-2M-CONSTRUCTIONS-1-1536x864.png 1536w, https:\/\/www.fcgueugnon.fr\/site\/wp-content\/uploads\/2022\/11\/PARTENAIRE-DU-MATCH-2M-CONSTRUCTIONS-1-1320x743.png 1320w, https:\/\/www.fcgueugnon.fr\/site\/wp-content\/uploads\/2022\/11\/PARTENAIRE-DU-MATCH-2M-CONSTRUCTIONS-1.png 1920w\" sizes=\"auto, (max-width: 1024px) 100vw, 1024px\" \/><\/div><\/div><div class=\"wp-block-getwid-image-box__content\">\n<h3 class=\"wp-block-heading\">&gt; <a href=\"https:\/\/www.fcgueugnon.fr\/site\/n3-j08-fc-gueugnon-sochaux-montbeliard-kyriad-montchanin-le-creusot-et-lamicale-des-anciens-partenaires-de-la-rencontre\/2265\">[N3 J08 : FC Gueugnon \u2013 Sochaux Montb\u00e9liard] <\/a><br><a href=\"https:\/\/www.fcgueugnon.fr\/site\/n3-j08-fc-gueugnon-sochaux-montbeliard-kyriad-montchanin-le-creusot-et-lamicale-des-anciens-partenaires-de-la-rencontre\/2265\" target=\"_blank\" rel=\"noreferrer noopener\">Kyriad Montchanin Le Creusot et l\u2019Amicale des Anciens, partenaires de la rencontre<\/a><\/h3>\n\n\n\n<p><\/p>\n<\/div><\/div>\n\n\n\n<div style=\"height:70px\" aria-hidden=\"true\" class=\"wp-block-spacer\"><\/div>\n\n\n\n<hr class=\"wp-block-separator has-text-color has-css-opacity has-background is-style-default\" style=\"background-color:#f7db4a;color:#f7db4a\"\/>\n\n\n\n<h3 class=\"wp-block-heading\">\ud83d\udccd <strong><em>Les infos pratiques<\/em><\/strong><\/h3>\n\n\n\n<h2 class=\"wp-block-heading\">Billetterie<\/h2>\n\n\n\n<div class=\"wp-block-media-text alignwide is-stacked-on-mobile is-vertically-aligned-center is-style-default\" style=\"grid-template-columns:49% auto\"><figure class=\"wp-block-media-text__media\"><img loading=\"lazy\" decoding=\"async\" width=\"1024\" height=\"768\" src=\"https:\/\/www.fcgueugnon.fr\/site\/wp-content\/uploads\/2022\/08\/entree-billetterie-stade-jean-laville-sous-la-tribune-ouest-1024x768.jpg\" alt=\"\" class=\"wp-image-951 size-full\" srcset=\"https:\/\/www.fcgueugnon.fr\/site\/wp-content\/uploads\/2022\/08\/entree-billetterie-stade-jean-laville-sous-la-tribune-ouest-1024x768.jpg 1024w, https:\/\/www.fcgueugnon.fr\/site\/wp-content\/uploads\/2022\/08\/entree-billetterie-stade-jean-laville-sous-la-tribune-ouest-400x300.jpg 400w, https:\/\/www.fcgueugnon.fr\/site\/wp-content\/uploads\/2022\/08\/entree-billetterie-stade-jean-laville-sous-la-tribune-ouest-768x576.jpg 768w, https:\/\/www.fcgueugnon.fr\/site\/wp-content\/uploads\/2022\/08\/entree-billetterie-stade-jean-laville-sous-la-tribune-ouest-1536x1152.jpg 1536w, https:\/\/www.fcgueugnon.fr\/site\/wp-content\/uploads\/2022\/08\/entree-billetterie-stade-jean-laville-sous-la-tribune-ouest-2048x1536.jpg 2048w, https:\/\/www.fcgueugnon.fr\/site\/wp-content\/uploads\/2022\/08\/entree-billetterie-stade-jean-laville-sous-la-tribune-ouest-1320x990.jpg 1320w\" sizes=\"auto, (max-width: 1024px) 100vw, 1024px\" \/><\/figure><div class=\"wp-block-media-text__content\">\n<p><br><em>Rendez-vous sous la<strong> tribune Ouest <\/strong>pour acc\u00e9der au guichet Billetterie puis dans l&rsquo;angle des tribunes Nord et Ouest (c\u00f4t\u00e9 piscine) pour acc\u00e9der au stade.<\/em><\/p>\n<\/div><\/div>\n\n\n\n<div class=\"wp-block-media-text alignwide has-media-on-the-right is-stacked-on-mobile is-vertically-aligned-center is-style-default\" style=\"grid-template-columns:auto 49%\"><div class=\"wp-block-media-text__content\">\n<h2 class=\"wp-block-heading\">Tarifs<\/h2>\n\n\n\n<ul class=\"wp-block-list\">\n<li><strong>Gratuits <\/strong>: licenci\u00e9s FC Gueugnon, -16ans (sur pr\u00e9sentation d\u2019un justificatif ou carte)<\/li>\n\n\n\n<li><strong>Tarif r\u00e9duit : 4\u20ac<\/strong> \u2013 \u00c9tudiants, Demandeurs d\u2019emploi (sur pr\u00e9sentation d\u2019un justificatif ou carte)<\/li>\n\n\n\n<li><strong>Plein-tarif : 7\u20ac<\/strong><\/li>\n<\/ul>\n\n\n\n<div style=\"height:10px\" aria-hidden=\"true\" class=\"wp-block-spacer\"><\/div>\n\n\n\n<p><\/p>\n<\/div><figure class=\"wp-block-media-text__media\"><img loading=\"lazy\" decoding=\"async\" width=\"1024\" height=\"768\" src=\"https:\/\/www.fcgueugnon.fr\/site\/wp-content\/uploads\/2022\/07\/billetterie-sous-la-tribune-ouest-d-FCGueugnon-a-Jean-Laville-1024x768.jpg\" alt=\"\" class=\"wp-image-63 size-full\" srcset=\"https:\/\/www.fcgueugnon.fr\/site\/wp-content\/uploads\/2022\/07\/billetterie-sous-la-tribune-ouest-d-FCGueugnon-a-Jean-Laville-1024x768.jpg 1024w, https:\/\/www.fcgueugnon.fr\/site\/wp-content\/uploads\/2022\/07\/billetterie-sous-la-tribune-ouest-d-FCGueugnon-a-Jean-Laville-400x300.jpg 400w, https:\/\/www.fcgueugnon.fr\/site\/wp-content\/uploads\/2022\/07\/billetterie-sous-la-tribune-ouest-d-FCGueugnon-a-Jean-Laville-768x576.jpg 768w, https:\/\/www.fcgueugnon.fr\/site\/wp-content\/uploads\/2022\/07\/billetterie-sous-la-tribune-ouest-d-FCGueugnon-a-Jean-Laville-1536x1152.jpg 1536w, https:\/\/www.fcgueugnon.fr\/site\/wp-content\/uploads\/2022\/07\/billetterie-sous-la-tribune-ouest-d-FCGueugnon-a-Jean-Laville-2048x1536.jpg 2048w\" sizes=\"auto, (max-width: 1024px) 100vw, 1024px\" \/><\/figure><\/div>\n\n\n\n<div class=\"wp-block-media-text alignwide is-stacked-on-mobile is-vertically-aligned-center is-style-default\" style=\"grid-template-columns:49% auto\"><figure class=\"wp-block-media-text__media\"><img loading=\"lazy\" decoding=\"async\" width=\"1024\" height=\"538\" src=\"https:\/\/www.fcgueugnon.fr\/site\/wp-content\/uploads\/2022\/08\/post-facebook-FCG-1024x538.png\" alt=\"\" class=\"wp-image-930 size-full\" srcset=\"https:\/\/www.fcgueugnon.fr\/site\/wp-content\/uploads\/2022\/08\/post-facebook-FCG-1024x538.png 1024w, https:\/\/www.fcgueugnon.fr\/site\/wp-content\/uploads\/2022\/08\/post-facebook-FCG-400x210.png 400w, https:\/\/www.fcgueugnon.fr\/site\/wp-content\/uploads\/2022\/08\/post-facebook-FCG-768x403.png 768w, https:\/\/www.fcgueugnon.fr\/site\/wp-content\/uploads\/2022\/08\/post-facebook-FCG.png 1200w\" sizes=\"auto, (max-width: 1024px) 100vw, 1024px\" \/><\/figure><div class=\"wp-block-media-text__content\">\n<h2 class=\"wp-block-heading\">C&rsquo;est en covoiturant qu&rsquo;on devient Forgeron ! <\/h2>\n\n\n\n<div style=\"height:10px\" aria-hidden=\"true\" class=\"wp-block-spacer\"><\/div>\n\n\n\n<p><strong>Rendez-vous sur l&rsquo;application et le site internet de StadiumGO pour proposer et trouver votre trajet pour vous rendre \u00e0 Gueugnon !<\/strong><\/p>\n\n\n\n<div class=\"wp-block-buttons is-layout-flex wp-block-buttons-is-layout-flex\">\n<div class=\"wp-block-button aligncenter is-style-circular\"><a class=\"wp-block-button__link wp-element-button\" href=\"https:\/\/www.stadiumgo.fr\/liste-matchs?search=1&amp;club=gueugnon&amp;league=\">StadiumGO<\/a><\/div>\n<\/div>\n<\/div><\/div>\n\n\n\n<div style=\"height:10px\" aria-hidden=\"true\" class=\"wp-block-spacer\"><\/div>\n\n\n\n<div style=\"height:25px\" aria-hidden=\"true\" class=\"wp-block-spacer\"><\/div>\n\n\n\n<p>\u2139\ufe0f <em><a href=\"https:\/\/www.fcgueugnon.fr\/site\/infos-pratiques\" target=\"_blank\" rel=\"noreferrer noopener\"><span style=\"text-decoration: underline;\">Acc\u00e8s au stade, buvette, PMR&#8230; Toutes les infos pratiques sur ce lien<\/span><\/a><\/em><\/p>\n\n\n\n<div style=\"height:70px\" aria-hidden=\"true\" class=\"wp-block-spacer\"><\/div>\n\n\n\n<hr class=\"wp-block-separator has-text-color has-css-opacity has-background is-style-default\" style=\"background-color:#f7db4a;color:#f7db4a\"\/>\n\n\n\n<h3 class=\"wp-block-heading\">\u26bd <strong><em>La fiche<\/em><\/strong><\/h3>\n\n\n\n<h4 class=\"wp-block-heading\"><b>NIVEAU NATIONAL : F\u00c9D\u00c9RATION&nbsp;FRAN\u00c7AISE&nbsp;DE FOOTBALL<\/b><br><strong><b>NATIONAL 3 &#8211; J08<\/b><\/strong><br>Samedi 12 Novembre 2022 &#8211; 18H00<br>FC GUEUGNON \/ SOCHAUX-MONTBELIARD B<\/h4>\n\n\n\n<p><strong>TERRAIN<\/strong><br>Stade Jean Laville<br>Rue Roger Couderc<br>71130 Gueugnon<\/p>\n\n\n\n<p><strong>SURFACE DE JEU<\/strong><br>Pelouse naturelle<\/p>\n\n\n\n<p><strong>OFFICIELS<\/strong><br>Arbitre centre : ALEXIS GIL<br>D\u00e9l\u00e9gu\u00e9 principal : BERNARD PILLOT<br>D\u00e9l\u00e9gu\u00e9 accompagnateur : FRANCK MOSCATO<br>Observateur principal : CHRISTOPHE SIMON<\/p>\n\n\n\n<div style=\"height:50px\" aria-hidden=\"true\" class=\"wp-block-spacer\"><\/div>\n\n\n\n<h3 class=\"wp-block-heading\"><strong>Groupe<\/strong><\/h3>\n\n\n\n<figure class=\"wp-block-embed is-type-rich is-provider-twitter wp-block-embed-twitter\"><div class=\"wp-block-embed__wrapper\">\n<blockquote class=\"twitter-tweet\" data-width=\"550\" data-dnt=\"true\"><p lang=\"fr\" dir=\"ltr\">\ud83d\udfe1 \ud835\udde1\ud835\udfef \ud835\udddd\ud835\udfec\ud835\udff4 | \ud835\uddd9\ud835\uddd6 \ud835\uddda\ud835\udde8\ud835\uddd8\ud835\udde8\ud835\uddda\ud835\udde1\ud835\udde2\ud835\udde1 &#8211; \ud835\udde6\ud835\udde2\ud835\uddd6\ud835\udddb\ud835\uddd4\ud835\udde8\ud835\uddeb-\ud835\udde0\ud835\udde2\ud835\udde1\ud835\udde7\ud835\uddd5\ud835\uddd8\ud835\udddf\ud835\udddc\ud835\uddd4\ud835\udde5\ud835\uddd7 \ud835\uddd5 \ud83d\udd35<br><br>\ud83d\udc65 Le groupe forgeron : Njock &#8211; Fahrasmane &#8211; Doridot &#8211; Delclaux &#8211; Chauvet &#8211; Helal &#8211; Figueira- Mustivar &#8211; Gab\u00e9 &#8211; Salibur &#8211; Drame  &#8211; Luanda &#8211; MBock &#8211; Revuelta &#8211; Mvondo &#8211; Diomande <a href=\"https:\/\/t.co\/r7aPnJjcRn\">pic.twitter.com\/r7aPnJjcRn<\/a><\/p>&mdash; FC Gueugnon (@FCGueugnon_Off) <a href=\"https:\/\/twitter.com\/FCGueugnon_Off\/status\/1591142332149161985?ref_src=twsrc%5Etfw\">November 11, 2022<\/a><\/blockquote><script async src=\"https:\/\/platform.twitter.com\/widgets.js\" charset=\"utf-8\"><\/script>\n<\/div><\/figure>\n\n\n\n<div style=\"height:50px\" aria-hidden=\"true\" class=\"wp-block-spacer\"><\/div>\n\n\n\n<h3 class=\"wp-block-heading\">\ud83d\uddd3 <strong>La 8e journ\u00e9e de National 3<\/strong><\/h3>\n\n\n\n<p>Samedi 12 Novembre<br>18:00 : FC Grandvillars &#8211; Morteau-Montlebon<br>18:00 : Jura Dolois &#8211; AS Quetigny<br>18:00 : FC Gueugnon &#8211; Sochaux-Montb\u00e9liard B<br>18:00 : FC Montceau &#8211; UF M\u00e2con<br>18:00 : Is-Selongey &#8211; UCS Cosne<\/p>\n\n\n\n<p>Dimanche 13 Novembre 2022<br>14:30 : Dijon FCO B &#8211; ASC St Apollinaire<br>14:30 : Besan\u00e7on Foot &#8211; CA Pontarlier<\/p>\n\n\n\n<div style=\"height:100px\" aria-hidden=\"true\" class=\"wp-block-spacer\"><\/div>\n","protected":false},"excerpt":{"rendered":"<p>Ce sont deux \u00e9quipes aux couleurs identiques mais aux trajectoires diff\u00e9rentes qui s&rsquo;affrontent ce samedi \u00e0 Jean Laville&#8230; \ud83c\udd9a L&rsquo;adversaire Apr\u00e8s une seconde place \u00e0 \u00e9galit\u00e9 de points avec le FCG, quelle ambition pour les lionceaux de la r\u00e9serve sochalienne ? Le coach Sylvain Monsoreau r\u00e9pond \u00e0 cette question en \u00e9voquant l&rsquo;objectif de \u00ab&nbsp;se mettre &#8230; <\/p>\n<p class=\"read-more-container\"><a title=\"[N3 J08 : FC Gueugnon &#8211; Sochaux-Montb\u00e9liard B] Duel de jaune et bleu \u00e0 Jean Laville\" class=\"read-more button\" href=\"https:\/\/www.fcgueugnon.fr\/site\/n3-j08-fc-gueugnon-sochaux-montbeliard-b-duel-de-jaune-et-bleu-a-jean-laville\/2209#more-2209\" aria-label=\"Plus sur [N3 J08 : FC Gueugnon &#8211; Sochaux-Montb\u00e9liard B] Duel de jaune et bleu \u00e0 Jean Laville\">Lire la suite<\/a><\/p>\n","protected":false},"author":1,"featured_media":2260,"comment_status":"closed","ping_status":"closed","sticky":false,"template":"","format":"standard","meta":{"footnotes":""},"categories":[5,4],"tags":[28],"class_list":["post-2209","post","type-post","status-publish","format-standard","has-post-thumbnail","hentry","category-news-2022-2023","category-news","tag-avant-match","infinite-scroll-item","generate-columns","tablet-grid-50","mobile-grid-100","grid-parent","grid-25","resize-featured-image"],"yoast_head":"<!-- This site is optimized with the Yoast SEO plugin v26.6 - https:\/\/yoast.com\/wordpress\/plugins\/seo\/ -->\n<title>[N3 J08 : FC Gueugnon - Sochaux-Montb\u00e9liard B] Duel de jaune et bleu \u00e0 Jean Laville &#8226; FOOTBALL CLUB GUEUGNON<\/title>\n<meta name=\"robots\" content=\"index, follow, max-snippet:-1, max-image-preview:large, max-video-preview:-1\" \/>\n<link rel=\"canonical\" href=\"https:\/\/www.fcgueugnon.fr\/site\/n3-j08-fc-gueugnon-sochaux-montbeliard-b-duel-de-jaune-et-bleu-a-jean-laville\/2209\" \/>\n<meta property=\"og:locale\" content=\"fr_FR\" \/>\n<meta property=\"og:type\" content=\"article\" \/>\n<meta property=\"og:title\" content=\"[N3 J08 : FC Gueugnon - Sochaux-Montb\u00e9liard B] Duel de jaune et bleu \u00e0 Jean Laville &#8226; FOOTBALL CLUB GUEUGNON\" \/>\n<meta property=\"og:description\" content=\"Ce sont deux \u00e9quipes aux couleurs identiques mais aux trajectoires diff\u00e9rentes qui s&rsquo;affrontent ce samedi \u00e0 Jean Laville&#8230; \ud83c\udd9a L&rsquo;adversaire Apr\u00e8s une seconde place \u00e0 \u00e9galit\u00e9 de points avec le FCG, quelle ambition pour les lionceaux de la r\u00e9serve sochalienne ? Le coach Sylvain Monsoreau r\u00e9pond \u00e0 cette question en \u00e9voquant l&rsquo;objectif de \u00ab&nbsp;se mettre ... Lire la suite\" \/>\n<meta property=\"og:url\" content=\"https:\/\/www.fcgueugnon.fr\/site\/n3-j08-fc-gueugnon-sochaux-montbeliard-b-duel-de-jaune-et-bleu-a-jean-laville\/2209\" \/>\n<meta property=\"og:site_name\" content=\"FOOTBALL CLUB GUEUGNON\" \/>\n<meta property=\"article:publisher\" content=\"http:\/\/facebook.com\/FCGueugnon\" \/>\n<meta property=\"article:published_time\" content=\"2022-11-11T09:48:26+00:00\" \/>\n<meta property=\"article:modified_time\" content=\"2023-05-13T11:10:40+00:00\" \/>\n<meta property=\"og:image\" content=\"https:\/\/www.fcgueugnon.fr\/site\/wp-content\/uploads\/2022\/11\/avant-match-fc-gueugnon-sochaux-montbeliard-B.jpg\" \/>\n\t<meta property=\"og:image:width\" content=\"1920\" \/>\n\t<meta property=\"og:image:height\" content=\"1080\" \/>\n\t<meta property=\"og:image:type\" content=\"image\/jpeg\" \/>\n<meta name=\"author\" content=\"FC Gueugnon\" \/>\n<meta name=\"twitter:card\" content=\"summary_large_image\" \/>\n<meta name=\"twitter:creator\" content=\"@FCGueugnon_off\" \/>\n<meta name=\"twitter:site\" content=\"@FCGueugnon_off\" \/>\n<meta name=\"twitter:label1\" content=\"\u00c9crit par\" \/>\n\t<meta name=\"twitter:data1\" content=\"FC Gueugnon\" \/>\n\t<meta name=\"twitter:label2\" content=\"Dur\u00e9e de lecture estim\u00e9e\" \/>\n\t<meta name=\"twitter:data2\" content=\"5 minutes\" \/>\n<script type=\"application\/ld+json\" class=\"yoast-schema-graph\">{\"@context\":\"https:\/\/schema.org\",\"@graph\":[{\"@type\":\"Article\",\"@id\":\"https:\/\/www.fcgueugnon.fr\/site\/n3-j08-fc-gueugnon-sochaux-montbeliard-b-duel-de-jaune-et-bleu-a-jean-laville\/2209#article\",\"isPartOf\":{\"@id\":\"https:\/\/www.fcgueugnon.fr\/site\/n3-j08-fc-gueugnon-sochaux-montbeliard-b-duel-de-jaune-et-bleu-a-jean-laville\/2209\"},\"author\":{\"name\":\"FC Gueugnon\",\"@id\":\"https:\/\/www.fcgueugnon.fr\/site\/#\/schema\/person\/f6444fbdd35fa731ee974c03508738fb\"},\"headline\":\"[N3 J08 : FC Gueugnon &#8211; Sochaux-Montb\u00e9liard B] Duel de jaune et bleu \u00e0 Jean Laville\",\"datePublished\":\"2022-11-11T09:48:26+00:00\",\"dateModified\":\"2023-05-13T11:10:40+00:00\",\"mainEntityOfPage\":{\"@id\":\"https:\/\/www.fcgueugnon.fr\/site\/n3-j08-fc-gueugnon-sochaux-montbeliard-b-duel-de-jaune-et-bleu-a-jean-laville\/2209\"},\"wordCount\":679,\"publisher\":{\"@id\":\"https:\/\/www.fcgueugnon.fr\/site\/#organization\"},\"image\":{\"@id\":\"https:\/\/www.fcgueugnon.fr\/site\/n3-j08-fc-gueugnon-sochaux-montbeliard-b-duel-de-jaune-et-bleu-a-jean-laville\/2209#primaryimage\"},\"thumbnailUrl\":\"https:\/\/www.fcgueugnon.fr\/site\/wp-content\/uploads\/2022\/11\/avant-match-fc-gueugnon-sochaux-montbeliard-B.jpg\",\"keywords\":[\"Avant-match\"],\"articleSection\":[\"Archives 2022\/2023\",\"News\"],\"inLanguage\":\"fr-FR\"},{\"@type\":\"WebPage\",\"@id\":\"https:\/\/www.fcgueugnon.fr\/site\/n3-j08-fc-gueugnon-sochaux-montbeliard-b-duel-de-jaune-et-bleu-a-jean-laville\/2209\",\"url\":\"https:\/\/www.fcgueugnon.fr\/site\/n3-j08-fc-gueugnon-sochaux-montbeliard-b-duel-de-jaune-et-bleu-a-jean-laville\/2209\",\"name\":\"[N3 J08 : FC Gueugnon - Sochaux-Montb\u00e9liard B] Duel de jaune et bleu \u00e0 Jean Laville &#8226; FOOTBALL CLUB GUEUGNON\",\"isPartOf\":{\"@id\":\"https:\/\/www.fcgueugnon.fr\/site\/#website\"},\"primaryImageOfPage\":{\"@id\":\"https:\/\/www.fcgueugnon.fr\/site\/n3-j08-fc-gueugnon-sochaux-montbeliard-b-duel-de-jaune-et-bleu-a-jean-laville\/2209#primaryimage\"},\"image\":{\"@id\":\"https:\/\/www.fcgueugnon.fr\/site\/n3-j08-fc-gueugnon-sochaux-montbeliard-b-duel-de-jaune-et-bleu-a-jean-laville\/2209#primaryimage\"},\"thumbnailUrl\":\"https:\/\/www.fcgueugnon.fr\/site\/wp-content\/uploads\/2022\/11\/avant-match-fc-gueugnon-sochaux-montbeliard-B.jpg\",\"datePublished\":\"2022-11-11T09:48:26+00:00\",\"dateModified\":\"2023-05-13T11:10:40+00:00\",\"breadcrumb\":{\"@id\":\"https:\/\/www.fcgueugnon.fr\/site\/n3-j08-fc-gueugnon-sochaux-montbeliard-b-duel-de-jaune-et-bleu-a-jean-laville\/2209#breadcrumb\"},\"inLanguage\":\"fr-FR\",\"potentialAction\":[{\"@type\":\"ReadAction\",\"target\":[\"https:\/\/www.fcgueugnon.fr\/site\/n3-j08-fc-gueugnon-sochaux-montbeliard-b-duel-de-jaune-et-bleu-a-jean-laville\/2209\"]}]},{\"@type\":\"ImageObject\",\"inLanguage\":\"fr-FR\",\"@id\":\"https:\/\/www.fcgueugnon.fr\/site\/n3-j08-fc-gueugnon-sochaux-montbeliard-b-duel-de-jaune-et-bleu-a-jean-laville\/2209#primaryimage\",\"url\":\"https:\/\/www.fcgueugnon.fr\/site\/wp-content\/uploads\/2022\/11\/avant-match-fc-gueugnon-sochaux-montbeliard-B.jpg\",\"contentUrl\":\"https:\/\/www.fcgueugnon.fr\/site\/wp-content\/uploads\/2022\/11\/avant-match-fc-gueugnon-sochaux-montbeliard-B.jpg\",\"width\":1920,\"height\":1080},{\"@type\":\"BreadcrumbList\",\"@id\":\"https:\/\/www.fcgueugnon.fr\/site\/n3-j08-fc-gueugnon-sochaux-montbeliard-b-duel-de-jaune-et-bleu-a-jean-laville\/2209#breadcrumb\",\"itemListElement\":[{\"@type\":\"ListItem\",\"position\":1,\"name\":\"Accueil\",\"item\":\"https:\/\/www.fcgueugnon.fr\/site\/\"},{\"@type\":\"ListItem\",\"position\":2,\"name\":\"[N3 J08 : FC Gueugnon &#8211; Sochaux-Montb\u00e9liard B] Duel de jaune et bleu \u00e0 Jean Laville\"}]},{\"@type\":\"WebSite\",\"@id\":\"https:\/\/www.fcgueugnon.fr\/site\/#website\",\"url\":\"https:\/\/www.fcgueugnon.fr\/site\/\",\"name\":\"FOOTBALL CLUB GUEUGNON\",\"description\":\"Le Site Officiel des Forgerons\",\"publisher\":{\"@id\":\"https:\/\/www.fcgueugnon.fr\/site\/#organization\"},\"potentialAction\":[{\"@type\":\"SearchAction\",\"target\":{\"@type\":\"EntryPoint\",\"urlTemplate\":\"https:\/\/www.fcgueugnon.fr\/site\/?s={search_term_string}\"},\"query-input\":{\"@type\":\"PropertyValueSpecification\",\"valueRequired\":true,\"valueName\":\"search_term_string\"}}],\"inLanguage\":\"fr-FR\"},{\"@type\":\"Organization\",\"@id\":\"https:\/\/www.fcgueugnon.fr\/site\/#organization\",\"name\":\"FC Gueugnon\",\"url\":\"https:\/\/www.fcgueugnon.fr\/site\/\",\"logo\":{\"@type\":\"ImageObject\",\"inLanguage\":\"fr-FR\",\"@id\":\"https:\/\/www.fcgueugnon.fr\/site\/#\/schema\/logo\/image\/\",\"url\":\"https:\/\/www.fcgueugnon.fr\/site\/wp-content\/uploads\/2022\/07\/cropped-Logo-FCGUEUGNON-low-350x350-1.png\",\"contentUrl\":\"https:\/\/www.fcgueugnon.fr\/site\/wp-content\/uploads\/2022\/07\/cropped-Logo-FCGUEUGNON-low-350x350-1.png\",\"width\":350,\"height\":350,\"caption\":\"FC Gueugnon\"},\"image\":{\"@id\":\"https:\/\/www.fcgueugnon.fr\/site\/#\/schema\/logo\/image\/\"},\"sameAs\":[\"http:\/\/facebook.com\/FCGueugnon\",\"https:\/\/x.com\/FCGueugnon_off\",\"https:\/\/www.instagram.com\/fcgueugnon\/\",\"https:\/\/www.linkedin.com\/company\/football-club-de-gueugnon\/\",\"https:\/\/www.youtube.com\/user\/FCGueugnonnais\",\"https:\/\/fr.wikipedia.org\/wiki\/Football_Club_de_Gueugnon\"]},{\"@type\":\"Person\",\"@id\":\"https:\/\/www.fcgueugnon.fr\/site\/#\/schema\/person\/f6444fbdd35fa731ee974c03508738fb\",\"name\":\"FC Gueugnon\",\"sameAs\":[\"https:\/\/www.fcgueugnon.fr\/site\"],\"url\":\"https:\/\/www.fcgueugnon.fr\/site\/author\/admin-antho\"}]}<\/script>\n<!-- \/ Yoast SEO plugin. -->","yoast_head_json":{"title":"[N3 J08 : FC Gueugnon - Sochaux-Montb\u00e9liard B] Duel de jaune et bleu \u00e0 Jean Laville &#8226; FOOTBALL CLUB GUEUGNON","robots":{"index":"index","follow":"follow","max-snippet":"max-snippet:-1","max-image-preview":"max-image-preview:large","max-video-preview":"max-video-preview:-1"},"canonical":"https:\/\/www.fcgueugnon.fr\/site\/n3-j08-fc-gueugnon-sochaux-montbeliard-b-duel-de-jaune-et-bleu-a-jean-laville\/2209","og_locale":"fr_FR","og_type":"article","og_title":"[N3 J08 : FC Gueugnon - Sochaux-Montb\u00e9liard B] Duel de jaune et bleu \u00e0 Jean Laville &#8226; FOOTBALL CLUB GUEUGNON","og_description":"Ce sont deux \u00e9quipes aux couleurs identiques mais aux trajectoires diff\u00e9rentes qui s&rsquo;affrontent ce samedi \u00e0 Jean Laville&#8230; \ud83c\udd9a L&rsquo;adversaire Apr\u00e8s une seconde place \u00e0 \u00e9galit\u00e9 de points avec le FCG, quelle ambition pour les lionceaux de la r\u00e9serve sochalienne ? Le coach Sylvain Monsoreau r\u00e9pond \u00e0 cette question en \u00e9voquant l&rsquo;objectif de \u00ab&nbsp;se mettre ... Lire la suite","og_url":"https:\/\/www.fcgueugnon.fr\/site\/n3-j08-fc-gueugnon-sochaux-montbeliard-b-duel-de-jaune-et-bleu-a-jean-laville\/2209","og_site_name":"FOOTBALL CLUB GUEUGNON","article_publisher":"http:\/\/facebook.com\/FCGueugnon","article_published_time":"2022-11-11T09:48:26+00:00","article_modified_time":"2023-05-13T11:10:40+00:00","og_image":[{"width":1920,"height":1080,"url":"https:\/\/www.fcgueugnon.fr\/site\/wp-content\/uploads\/2022\/11\/avant-match-fc-gueugnon-sochaux-montbeliard-B.jpg","type":"image\/jpeg"}],"author":"FC Gueugnon","twitter_card":"summary_large_image","twitter_creator":"@FCGueugnon_off","twitter_site":"@FCGueugnon_off","twitter_misc":{"\u00c9crit par":"FC Gueugnon","Dur\u00e9e de lecture estim\u00e9e":"5 minutes"},"schema":{"@context":"https:\/\/schema.org","@graph":[{"@type":"Article","@id":"https:\/\/www.fcgueugnon.fr\/site\/n3-j08-fc-gueugnon-sochaux-montbeliard-b-duel-de-jaune-et-bleu-a-jean-laville\/2209#article","isPartOf":{"@id":"https:\/\/www.fcgueugnon.fr\/site\/n3-j08-fc-gueugnon-sochaux-montbeliard-b-duel-de-jaune-et-bleu-a-jean-laville\/2209"},"author":{"name":"FC Gueugnon","@id":"https:\/\/www.fcgueugnon.fr\/site\/#\/schema\/person\/f6444fbdd35fa731ee974c03508738fb"},"headline":"[N3 J08 : FC Gueugnon &#8211; Sochaux-Montb\u00e9liard B] Duel de jaune et bleu \u00e0 Jean Laville","datePublished":"2022-11-11T09:48:26+00:00","dateModified":"2023-05-13T11:10:40+00:00","mainEntityOfPage":{"@id":"https:\/\/www.fcgueugnon.fr\/site\/n3-j08-fc-gueugnon-sochaux-montbeliard-b-duel-de-jaune-et-bleu-a-jean-laville\/2209"},"wordCount":679,"publisher":{"@id":"https:\/\/www.fcgueugnon.fr\/site\/#organization"},"image":{"@id":"https:\/\/www.fcgueugnon.fr\/site\/n3-j08-fc-gueugnon-sochaux-montbeliard-b-duel-de-jaune-et-bleu-a-jean-laville\/2209#primaryimage"},"thumbnailUrl":"https:\/\/www.fcgueugnon.fr\/site\/wp-content\/uploads\/2022\/11\/avant-match-fc-gueugnon-sochaux-montbeliard-B.jpg","keywords":["Avant-match"],"articleSection":["Archives 2022\/2023","News"],"inLanguage":"fr-FR"},{"@type":"WebPage","@id":"https:\/\/www.fcgueugnon.fr\/site\/n3-j08-fc-gueugnon-sochaux-montbeliard-b-duel-de-jaune-et-bleu-a-jean-laville\/2209","url":"https:\/\/www.fcgueugnon.fr\/site\/n3-j08-fc-gueugnon-sochaux-montbeliard-b-duel-de-jaune-et-bleu-a-jean-laville\/2209","name":"[N3 J08 : FC Gueugnon - Sochaux-Montb\u00e9liard B] Duel de jaune et bleu \u00e0 Jean Laville &#8226; FOOTBALL CLUB GUEUGNON","isPartOf":{"@id":"https:\/\/www.fcgueugnon.fr\/site\/#website"},"primaryImageOfPage":{"@id":"https:\/\/www.fcgueugnon.fr\/site\/n3-j08-fc-gueugnon-sochaux-montbeliard-b-duel-de-jaune-et-bleu-a-jean-laville\/2209#primaryimage"},"image":{"@id":"https:\/\/www.fcgueugnon.fr\/site\/n3-j08-fc-gueugnon-sochaux-montbeliard-b-duel-de-jaune-et-bleu-a-jean-laville\/2209#primaryimage"},"thumbnailUrl":"https:\/\/www.fcgueugnon.fr\/site\/wp-content\/uploads\/2022\/11\/avant-match-fc-gueugnon-sochaux-montbeliard-B.jpg","datePublished":"2022-11-11T09:48:26+00:00","dateModified":"2023-05-13T11:10:40+00:00","breadcrumb":{"@id":"https:\/\/www.fcgueugnon.fr\/site\/n3-j08-fc-gueugnon-sochaux-montbeliard-b-duel-de-jaune-et-bleu-a-jean-laville\/2209#breadcrumb"},"inLanguage":"fr-FR","potentialAction":[{"@type":"ReadAction","target":["https:\/\/www.fcgueugnon.fr\/site\/n3-j08-fc-gueugnon-sochaux-montbeliard-b-duel-de-jaune-et-bleu-a-jean-laville\/2209"]}]},{"@type":"ImageObject","inLanguage":"fr-FR","@id":"https:\/\/www.fcgueugnon.fr\/site\/n3-j08-fc-gueugnon-sochaux-montbeliard-b-duel-de-jaune-et-bleu-a-jean-laville\/2209#primaryimage","url":"https:\/\/www.fcgueugnon.fr\/site\/wp-content\/uploads\/2022\/11\/avant-match-fc-gueugnon-sochaux-montbeliard-B.jpg","contentUrl":"https:\/\/www.fcgueugnon.fr\/site\/wp-content\/uploads\/2022\/11\/avant-match-fc-gueugnon-sochaux-montbeliard-B.jpg","width":1920,"height":1080},{"@type":"BreadcrumbList","@id":"https:\/\/www.fcgueugnon.fr\/site\/n3-j08-fc-gueugnon-sochaux-montbeliard-b-duel-de-jaune-et-bleu-a-jean-laville\/2209#breadcrumb","itemListElement":[{"@type":"ListItem","position":1,"name":"Accueil","item":"https:\/\/www.fcgueugnon.fr\/site\/"},{"@type":"ListItem","position":2,"name":"[N3 J08 : FC Gueugnon &#8211; Sochaux-Montb\u00e9liard B] Duel de jaune et bleu \u00e0 Jean Laville"}]},{"@type":"WebSite","@id":"https:\/\/www.fcgueugnon.fr\/site\/#website","url":"https:\/\/www.fcgueugnon.fr\/site\/","name":"FOOTBALL CLUB GUEUGNON","description":"Le Site Officiel des Forgerons","publisher":{"@id":"https:\/\/www.fcgueugnon.fr\/site\/#organization"},"potentialAction":[{"@type":"SearchAction","target":{"@type":"EntryPoint","urlTemplate":"https:\/\/www.fcgueugnon.fr\/site\/?s={search_term_string}"},"query-input":{"@type":"PropertyValueSpecification","valueRequired":true,"valueName":"search_term_string"}}],"inLanguage":"fr-FR"},{"@type":"Organization","@id":"https:\/\/www.fcgueugnon.fr\/site\/#organization","name":"FC Gueugnon","url":"https:\/\/www.fcgueugnon.fr\/site\/","logo":{"@type":"ImageObject","inLanguage":"fr-FR","@id":"https:\/\/www.fcgueugnon.fr\/site\/#\/schema\/logo\/image\/","url":"https:\/\/www.fcgueugnon.fr\/site\/wp-content\/uploads\/2022\/07\/cropped-Logo-FCGUEUGNON-low-350x350-1.png","contentUrl":"https:\/\/www.fcgueugnon.fr\/site\/wp-content\/uploads\/2022\/07\/cropped-Logo-FCGUEUGNON-low-350x350-1.png","width":350,"height":350,"caption":"FC Gueugnon"},"image":{"@id":"https:\/\/www.fcgueugnon.fr\/site\/#\/schema\/logo\/image\/"},"sameAs":["http:\/\/facebook.com\/FCGueugnon","https:\/\/x.com\/FCGueugnon_off","https:\/\/www.instagram.com\/fcgueugnon\/","https:\/\/www.linkedin.com\/company\/football-club-de-gueugnon\/","https:\/\/www.youtube.com\/user\/FCGueugnonnais","https:\/\/fr.wikipedia.org\/wiki\/Football_Club_de_Gueugnon"]},{"@type":"Person","@id":"https:\/\/www.fcgueugnon.fr\/site\/#\/schema\/person\/f6444fbdd35fa731ee974c03508738fb","name":"FC Gueugnon","sameAs":["https:\/\/www.fcgueugnon.fr\/site"],"url":"https:\/\/www.fcgueugnon.fr\/site\/author\/admin-antho"}]}},"rttpg_featured_image_url":{"full":["https:\/\/www.fcgueugnon.fr\/site\/wp-content\/uploads\/2022\/11\/avant-match-fc-gueugnon-sochaux-montbeliard-B.jpg",1920,1080,false],"landscape":["https:\/\/www.fcgueugnon.fr\/site\/wp-content\/uploads\/2022\/11\/avant-match-fc-gueugnon-sochaux-montbeliard-B.jpg",1920,1080,false],"portraits":["https:\/\/www.fcgueugnon.fr\/site\/wp-content\/uploads\/2022\/11\/avant-match-fc-gueugnon-sochaux-montbeliard-B.jpg",1920,1080,false],"thumbnail":["https:\/\/www.fcgueugnon.fr\/site\/wp-content\/uploads\/2022\/11\/avant-match-fc-gueugnon-sochaux-montbeliard-B-150x150.jpg",150,150,true],"medium":["https:\/\/www.fcgueugnon.fr\/site\/wp-content\/uploads\/2022\/11\/avant-match-fc-gueugnon-sochaux-montbeliard-B-400x225.jpg",400,225,true],"large":["https:\/\/www.fcgueugnon.fr\/site\/wp-content\/uploads\/2022\/11\/avant-match-fc-gueugnon-sochaux-montbeliard-B-1024x576.jpg",1024,576,true],"1536x1536":["https:\/\/www.fcgueugnon.fr\/site\/wp-content\/uploads\/2022\/11\/avant-match-fc-gueugnon-sochaux-montbeliard-B-1536x864.jpg",1536,864,true],"2048x2048":["https:\/\/www.fcgueugnon.fr\/site\/wp-content\/uploads\/2022\/11\/avant-match-fc-gueugnon-sochaux-montbeliard-B.jpg",1920,1080,false]},"rttpg_author":{"display_name":"FC Gueugnon","author_link":"https:\/\/www.fcgueugnon.fr\/site\/author\/admin-antho"},"rttpg_comment":0,"rttpg_category":"<a href=\"https:\/\/www.fcgueugnon.fr\/site\/category\/news\/news-2022-2023\" rel=\"category tag\">Archives 2022\/2023<\/a> <a href=\"https:\/\/www.fcgueugnon.fr\/site\/category\/news\" rel=\"category tag\">News<\/a>","rttpg_excerpt":"Ce sont deux \u00e9quipes aux couleurs identiques mais aux trajectoires diff\u00e9rentes qui s&rsquo;affrontent ce samedi \u00e0 Jean Laville&#8230; \ud83c\udd9a L&rsquo;adversaire Apr\u00e8s une seconde place \u00e0 \u00e9galit\u00e9 de points avec le FCG, quelle ambition pour les lionceaux de la r\u00e9serve sochalienne ? Le coach Sylvain Monsoreau r\u00e9pond \u00e0 cette question en \u00e9voquant l&rsquo;objectif de \u00ab&nbsp;se mettre\u2026","_links":{"self":[{"href":"https:\/\/www.fcgueugnon.fr\/site\/wp-json\/wp\/v2\/posts\/2209","targetHints":{"allow":["GET"]}}],"collection":[{"href":"https:\/\/www.fcgueugnon.fr\/site\/wp-json\/wp\/v2\/posts"}],"about":[{"href":"https:\/\/www.fcgueugnon.fr\/site\/wp-json\/wp\/v2\/types\/post"}],"author":[{"embeddable":true,"href":"https:\/\/www.fcgueugnon.fr\/site\/wp-json\/wp\/v2\/users\/1"}],"replies":[{"embeddable":true,"href":"https:\/\/www.fcgueugnon.fr\/site\/wp-json\/wp\/v2\/comments?post=2209"}],"version-history":[{"count":5,"href":"https:\/\/www.fcgueugnon.fr\/site\/wp-json\/wp\/v2\/posts\/2209\/revisions"}],"predecessor-version":[{"id":2276,"href":"https:\/\/www.fcgueugnon.fr\/site\/wp-json\/wp\/v2\/posts\/2209\/revisions\/2276"}],"wp:featuredmedia":[{"embeddable":true,"href":"https:\/\/www.fcgueugnon.fr\/site\/wp-json\/wp\/v2\/media\/2260"}],"wp:attachment":[{"href":"https:\/\/www.fcgueugnon.fr\/site\/wp-json\/wp\/v2\/media?parent=2209"}],"wp:term":[{"taxonomy":"category","embeddable":true,"href":"https:\/\/www.fcgueugnon.fr\/site\/wp-json\/wp\/v2\/categories?post=2209"},{"taxonomy":"post_tag","embeddable":true,"href":"https:\/\/www.fcgueugnon.fr\/site\/wp-json\/wp\/v2\/tags?post=2209"}],"curies":[{"name":"wp","href":"https:\/\/api.w.org\/{rel}","templated":true}]}}