{"id":1992,"date":"2022-10-24T15:54:45","date_gmt":"2022-10-24T13:54:45","guid":{"rendered":"https:\/\/www.fcgueugnon.fr\/site\/?p=1992"},"modified":"2022-10-24T15:54:48","modified_gmt":"2022-10-24T13:54:48","slug":"n3-j06-besancon-foot-fc-gueugnon-resultat-reactions-et-resume","status":"publish","type":"post","link":"https:\/\/www.fcgueugnon.fr\/site\/n3-j06-besancon-foot-fc-gueugnon-resultat-reactions-et-resume\/1992","title":{"rendered":"[N3 J06 : Besan\u00e7on Foot \u2013 FC Gueugnon] R\u00e9sultat, r\u00e9actions et r\u00e9sum\u00e9"},"content":{"rendered":"\n<h3 class=\"has-text-align-left wp-block-heading\">D\u00e9ception ce dimanche avec la lourde d\u00e9faite des gueugnonnais par 3 buts \u00e0 0 chez le Besan\u00e7on Foot.<\/h3>\n\n\n\n<div style=\"height:15px\" aria-hidden=\"true\" class=\"wp-block-spacer\"><\/div>\n\n\n<div class=\"wp-block-image\">\n<figure class=\"aligncenter size-large\"><img loading=\"lazy\" decoding=\"async\" width=\"1024\" height=\"664\" src=\"https:\/\/www.fcgueugnon.fr\/site\/wp-content\/uploads\/2022\/10\/defaite-fc-gueugnon-besancon-foot-1024x664.jpg\" alt=\"\" class=\"wp-image-2000\" srcset=\"https:\/\/www.fcgueugnon.fr\/site\/wp-content\/uploads\/2022\/10\/defaite-fc-gueugnon-besancon-foot-1024x664.jpg 1024w, https:\/\/www.fcgueugnon.fr\/site\/wp-content\/uploads\/2022\/10\/defaite-fc-gueugnon-besancon-foot-400x260.jpg 400w, https:\/\/www.fcgueugnon.fr\/site\/wp-content\/uploads\/2022\/10\/defaite-fc-gueugnon-besancon-foot-768x498.jpg 768w, https:\/\/www.fcgueugnon.fr\/site\/wp-content\/uploads\/2022\/10\/defaite-fc-gueugnon-besancon-foot-1536x996.jpg 1536w, https:\/\/www.fcgueugnon.fr\/site\/wp-content\/uploads\/2022\/10\/defaite-fc-gueugnon-besancon-foot-1320x856.jpg 1320w, https:\/\/www.fcgueugnon.fr\/site\/wp-content\/uploads\/2022\/10\/defaite-fc-gueugnon-besancon-foot.jpg 1600w\" sizes=\"auto, (max-width: 1024px) 100vw, 1024px\" \/><\/figure>\n<\/div>\n\n\n<p class=\"has-text-align-center\"><em>Photos : Est R\u00e9publicain \/ Arnaud CASTAGNE<\/em><\/p>\n\n\n\n<div style=\"height:15px\" aria-hidden=\"true\" class=\"wp-block-spacer\"><\/div>\n\n\n\n<p>Les forgerons restaient sur une belle prestation en coupe de France chez le <strong>FC Morteau-Montlebon <\/strong>(<a href=\"https:\/\/www.fcgueugnon.fr\/site\/cdf-6e-tour-morteau-montlebon-fc-gueugnon-resultat-reactions-et-resume\/1849\" target=\"_blank\" rel=\"noreferrer noopener\">relire apr\u00e8s-match<\/a>) et se d\u00e9pla\u00e7aient avec de l&rsquo;envie du c\u00f4t\u00e9 de L\u00e9o Lagrange ! Pourtant, les gueugnonnais ont fait les frais du r\u00e9veil de <strong>Besan\u00e7on Foot<\/strong> qui restait sur 3 d\u00e9faites cons\u00e9cutives&#8230;<\/p>\n\n\n\n<p>Timor\u00e9 en d\u00e9but de partie, <strong>Gueugnon <\/strong>subit un pressing important et une agressivit\u00e9 dans les duels qui reste licite et autoris\u00e9e par l&rsquo;arbitre. Malgr\u00e9 plusieurs arr\u00eats de <strong>Anthony Njock<\/strong>, ce sont bien les locaux qui ouvriront la marque en s&rsquo;appuyant sur un <strong>Jessim Pellissard<\/strong> des grands soirs ! Tout d&rsquo;abord pour l&rsquo;ouverture du score d\u2019une frappe crois\u00e9e (16&prime; 1-0) avant de doubler la mise sur coup-franc \u00e0 l&rsquo;entr\u00e9e de la surface (34&prime; 2-0). La mi-temps est alors siffl\u00e9e sur ce score logique de 2-0. <\/p>\n\n\n\n<p>Dos au mur, les gueugnonnais prennent le jeu \u00e0 leur compte en seconde p\u00e9riode mais se heurtent \u00e0 une d\u00e9fense bisontine en gestion et une \u00e9quipe jouant cr\u00e2nement sa chance en contre&#8230; \u00e0 l&rsquo;image de cette frappe sur la barre (51&prime;) ou de ce 3e but \u00e0 la 71&prime; (3-0). Sans solutions, Gueugnon s&rsquo;incline lourdement dans cette 6e journ\u00e9e de championnat. <\/p>\n\n\n\n<p>Si ce match qui \u00e9tait important pour engranger des points et lancer la saison reste une grande d\u00e9ception pour l&rsquo;ensemble du club, celui-ci sera bien \u00e9videment analys\u00e9 en interne. Le bilan comptable n&rsquo;est pas \u00e0 la hauteur de l&rsquo;ambition du club et il va falloir se serrer les coudes pour assurer le maintien le plus rapidement possible. <\/p>\n\n\n\n<div style=\"height:40px\" aria-hidden=\"true\" class=\"wp-block-spacer\"><\/div>\n\n\n\n<h2 class=\"wp-block-heading\">R\u00e9actions<\/h2>\n\n\n\n<div class=\"wp-block-coblocks-media-card alignwide is-style-right is-stacked-on-mobile coblocks-media-card-77145432166\"><div class=\"wp-block-coblocks-media-card__inner has-padding has-large-padding\"><div class=\"wp-block-coblocks-media-card__wrapper\" style=\"grid-template-columns:auto 40%\"><figure class=\"wp-block-coblocks-media-card__media has-shadow\"><img loading=\"lazy\" decoding=\"async\" width=\"1024\" height=\"682\" src=\"https:\/\/www.fcgueugnon.fr\/site\/wp-content\/uploads\/2022\/10\/philippe-Correia-FC-Gueugnon-1024x682.jpg\" alt=\"\" class=\"wp-image-1998\" srcset=\"https:\/\/www.fcgueugnon.fr\/site\/wp-content\/uploads\/2022\/10\/philippe-Correia-FC-Gueugnon-1024x682.jpg 1024w, https:\/\/www.fcgueugnon.fr\/site\/wp-content\/uploads\/2022\/10\/philippe-Correia-FC-Gueugnon-400x267.jpg 400w, https:\/\/www.fcgueugnon.fr\/site\/wp-content\/uploads\/2022\/10\/philippe-Correia-FC-Gueugnon-768x512.jpg 768w, https:\/\/www.fcgueugnon.fr\/site\/wp-content\/uploads\/2022\/10\/philippe-Correia-FC-Gueugnon.jpg 1280w\" sizes=\"auto, (max-width: 1024px) 100vw, 1024px\" \/><\/figure><div class=\"wp-block-coblocks-media-card__content has-shadow\">\n<div class=\"wp-block-coblocks-row coblocks-row-77145432275\" data-columns=\"1\" data-layout=\"100\"><div class=\"wp-block-coblocks-row__inner has-background has-padding has-huge-padding has-no-margin is-stacked-on-mobile are-vertically-aligned-center has-medium-gutter\" style=\"background-color:#FFFFFF\">\n<div class=\"wp-block-coblocks-column is-vertically-aligned-center coblocks-column-77145432284\" style=\"width:100%\"><div class=\"wp-block-coblocks-column__inner has-no-padding has-no-margin\">\n<h3 class=\"wp-block-heading\"><strong>Philippe CORREIA, Entra\u00eeneur :<\/strong><\/h3>\n\n\n\n<div style=\"height:30px\" aria-hidden=\"true\" class=\"wp-block-spacer\"><\/div>\n\n\n\n<p><em>\u00ab Une premi\u00e8re mi-temps rat\u00e9e de notre part. On a eu du retard \u00e0 l&rsquo;allumage et on est pass\u00e9 compl\u00e8tement \u00e0 c\u00f4t\u00e9 de notre sujet pendant 30 min. Absents dans les duels et le combat, on a beaucoup subit et on est logiquement sanctionn\u00e9.<\/em> <em>\u00bb<\/em><\/p>\n\n\n\n<div style=\"height:30px\" aria-hidden=\"true\" class=\"wp-block-spacer\"><\/div>\n\n\n\n<p><sub>R\u00e9actions compl\u00e8tes \u00e0 retrouver ce mercredi \u00e0 10:15 et \u00e0 18:30 en direct sur Radio Cactus (FM 92.2) ou \u00e0 partir de jeudi sur notre site officiel ou sur Mixcloud.com !<\/sub><\/p>\n\n\n\n<div style=\"height:20px\" aria-hidden=\"true\" class=\"wp-block-spacer\"><\/div>\n<\/div><\/div>\n<\/div><\/div>\n<\/div><\/div><\/div><\/div>\n\n\n\n<div class=\"wp-block-coblocks-media-card alignwide is-style-left is-stacked-on-mobile coblocks-media-card-77145432166\"><div class=\"wp-block-coblocks-media-card__inner has-padding has-large-padding\"><div class=\"wp-block-coblocks-media-card__wrapper\" style=\"grid-template-columns:40% auto\"><figure class=\"wp-block-coblocks-media-card__media has-shadow\"><img loading=\"lazy\" decoding=\"async\" width=\"1024\" height=\"683\" src=\"https:\/\/www.fcgueugnon.fr\/site\/wp-content\/uploads\/2022\/08\/interview-richard-trivino-au-micro-tournoi-1024x683.jpg\" alt=\"\" class=\"wp-image-488\" srcset=\"https:\/\/www.fcgueugnon.fr\/site\/wp-content\/uploads\/2022\/08\/interview-richard-trivino-au-micro-tournoi-1024x683.jpg 1024w, https:\/\/www.fcgueugnon.fr\/site\/wp-content\/uploads\/2022\/08\/interview-richard-trivino-au-micro-tournoi-400x267.jpg 400w, https:\/\/www.fcgueugnon.fr\/site\/wp-content\/uploads\/2022\/08\/interview-richard-trivino-au-micro-tournoi-768x512.jpg 768w, https:\/\/www.fcgueugnon.fr\/site\/wp-content\/uploads\/2022\/08\/interview-richard-trivino-au-micro-tournoi-1536x1024.jpg 1536w, https:\/\/www.fcgueugnon.fr\/site\/wp-content\/uploads\/2022\/08\/interview-richard-trivino-au-micro-tournoi-2048x1365.jpg 2048w\" sizes=\"auto, (max-width: 1024px) 100vw, 1024px\" \/><\/figure><div class=\"wp-block-coblocks-media-card__content has-shadow\">\n<div class=\"wp-block-coblocks-row coblocks-row-77145432275\" data-columns=\"1\" data-layout=\"100\"><div class=\"wp-block-coblocks-row__inner has-background has-padding has-huge-padding has-no-margin is-stacked-on-mobile are-vertically-aligned-center has-medium-gutter\" style=\"background-color:#FFFFFF\">\n<div class=\"wp-block-coblocks-column is-vertically-aligned-center coblocks-column-77145432284\" style=\"width:100%\"><div class=\"wp-block-coblocks-column__inner has-no-padding has-no-margin\">\n<h3 class=\"wp-block-heading\"><strong>Richard TRIVINO<\/strong><\/h3>\n\n\n\n<div style=\"height:30px\" aria-hidden=\"true\" class=\"wp-block-spacer\"><\/div>\n\n\n\n<p><em>\u00ab On \u0153uvre au quotidien pour ce club qu&rsquo;on adore et on va tout faire d\u00e8s aujourd&rsquo;hui pour prendre des points, assurer le maintien le plus rapidement possible et remonter le plus rapidement possible.   \u00bb<\/em><\/p>\n\n\n\n<div style=\"height:30px\" aria-hidden=\"true\" class=\"wp-block-spacer\"><\/div>\n\n\n\n<p><sub>R\u00e9actions compl\u00e8tes \u00e0 retrouver ce mercredi \u00e0 10:15 et \u00e0 18:30 en direct sur Radio Cactus (FM 92.2) ou \u00e0 partir de jeudi sur notre site officiel ou sur Mixcloud.com !<\/sub><\/p>\n\n\n\n<div style=\"height:20px\" aria-hidden=\"true\" class=\"wp-block-spacer\"><\/div>\n<\/div><\/div>\n<\/div><\/div>\n<\/div><\/div><\/div><\/div>\n\n\n\n<div style=\"height:40px\" aria-hidden=\"true\" class=\"wp-block-spacer\"><\/div>\n\n\n\n<hr class=\"wp-block-separator has-text-color has-css-opacity has-background\" style=\"background-color:#f7db4a;color:#f7db4a\"\/>\n\n\n\n<h3 class=\"has-text-align-center wp-block-heading\"><strong>\u2139 Prochains matchs : <\/strong><br>&#8211; Samedi 29 Octobre \u00e0 18h &#8211; 7\u00e8me tour de Coupe de France : Chamali\u00e8res (N2) \/ FC Gueugnon<br>&#8211; Samedi 05 Novembre \u00e0 18h &#8211; 7\u00e8me journ\u00e9e de N3 : FC Gueugnon \/ Is-Selongey<\/h3>\n\n\n\n<hr class=\"wp-block-separator has-text-color has-css-opacity has-background\" style=\"background-color:#f7db4a;color:#f7db4a\"\/>\n\n\n\n<h3 class=\"wp-block-heading\">\u26bd <strong>Score final<\/strong><\/h3>\n\n\n\n<p><span data-reactid=\".9.1:3:1:$comment10153319512882859_10153320215687859:0.0.$right.0.$left.0.0.1.$comment-body.0.$end:0:$4:0\"><span class=\"null\"><strong>\u00c0 Besan\u00e7on, stade L\u00e9o-Lagrange<\/strong><br><\/span><\/span>Besan\u00e7on Foot 3 &#8211; 0 FC Gueugnon<br>Buts : Pellissard (16&prime;, 34&prime;), Valade (71&prime;)<\/p>\n\n\n\n<p><strong>Officiels :<\/strong><br>Arbitre centre : CHAKIB NEGHLIZ <br>Arbitre assistant 1 : CYRILLE REMOND <br>Arbitre assistant 2 : FABRICE SIMARD <br>D\u00e9l\u00e9gu\u00e9 principal : MESSAOUD BOUTEFFAS <br>D\u00e9l\u00e9gu\u00e9 accompagnateur : DOMINIQUE COUTOT <br>Observateur principal : DIDIER VINCENT<\/p>\n\n\n\n<div style=\"height:15px\" aria-hidden=\"true\" class=\"wp-block-spacer\"><\/div>\n\n\n\n<h3 class=\"wp-block-heading\">\ud83d\udfe1\ud83d\udd35 <strong>Composition d&rsquo;\u00e9quipe<\/strong><\/h3>\n\n\n\n<p>Njock &#8211; Mahla, Houla, Ketterle (27&prime; Fahrasmane), Delclaux &#8211; Mohamed (81&prime; Diallo), Mustivar (81&prime; Chauvet) &#8211; Mvondo (61&prime; Brossard), Dram\u00e9, Bouekou &#8211; Luanda.<br>Entra\u00eeneur : Philippe Correia \/ Adjoints : Bakeba Bayo<\/p>\n\n\n\n<div style=\"height:38px\" aria-hidden=\"true\" class=\"wp-block-spacer\"><\/div>\n\n\n\n<h3 class=\"wp-block-heading\">\ud83d\udd0d <strong>Plus d&rsquo;articles <\/strong><\/h3>\n\n\n\n<blockquote class=\"wp-block-quote is-layout-flow wp-block-quote-is-layout-flow\"><p><span style=\"line-height: 1.5;\">\u25ba <a href=\"https:\/\/twitter.com\/FCGueugnon_Off\/status\/1584152662479540225?s=20&amp;t=lRnVs7EuEmu8b486dTChRg\" target=\"_blank\" rel=\"noreferrer noopener\">Revivre le live<\/a><\/span><\/p><\/blockquote>\n","protected":false},"excerpt":{"rendered":"<p>D\u00e9ception ce dimanche avec la lourde d\u00e9faite des gueugnonnais par 3 buts \u00e0 0 chez le Besan\u00e7on Foot. Photos : Est R\u00e9publicain \/ Arnaud CASTAGNE Les forgerons restaient sur une belle prestation en coupe de France chez le FC Morteau-Montlebon (relire apr\u00e8s-match) et se d\u00e9pla\u00e7aient avec de l&rsquo;envie du c\u00f4t\u00e9 de L\u00e9o Lagrange ! Pourtant, &#8230; <\/p>\n<p class=\"read-more-container\"><a title=\"[N3 J06 : Besan\u00e7on Foot \u2013 FC Gueugnon] R\u00e9sultat, r\u00e9actions et r\u00e9sum\u00e9\" class=\"read-more button\" href=\"https:\/\/www.fcgueugnon.fr\/site\/n3-j06-besancon-foot-fc-gueugnon-resultat-reactions-et-resume\/1992#more-1992\" aria-label=\"Plus sur [N3 J06 : Besan\u00e7on Foot \u2013 FC Gueugnon] R\u00e9sultat, r\u00e9actions et r\u00e9sum\u00e9\">Lire la suite<\/a><\/p>\n","protected":false},"author":1,"featured_media":2000,"comment_status":"closed","ping_status":"closed","sticky":true,"template":"","format":"standard","meta":{"footnotes":""},"categories":[5,4],"tags":[27,31],"class_list":["post-1992","post","type-post","status-publish","format-standard","has-post-thumbnail","hentry","category-news-2022-2023","category-news","tag-resultat","tag-video","infinite-scroll-item","generate-columns","tablet-grid-50","mobile-grid-100","grid-parent","grid-25","resize-featured-image"],"yoast_head":"<!-- This site is optimized with the Yoast SEO plugin v26.6 - https:\/\/yoast.com\/wordpress\/plugins\/seo\/ -->\n<title>[N3 J06 : Besan\u00e7on Foot \u2013 FC Gueugnon] R\u00e9sultat, r\u00e9actions et r\u00e9sum\u00e9 &#8226; FOOTBALL CLUB GUEUGNON<\/title>\n<meta name=\"robots\" content=\"index, follow, max-snippet:-1, max-image-preview:large, max-video-preview:-1\" \/>\n<link rel=\"canonical\" href=\"https:\/\/www.fcgueugnon.fr\/site\/n3-j06-besancon-foot-fc-gueugnon-resultat-reactions-et-resume\/1992\" \/>\n<meta property=\"og:locale\" content=\"fr_FR\" \/>\n<meta property=\"og:type\" content=\"article\" \/>\n<meta property=\"og:title\" content=\"[N3 J06 : Besan\u00e7on Foot \u2013 FC Gueugnon] R\u00e9sultat, r\u00e9actions et r\u00e9sum\u00e9 &#8226; FOOTBALL CLUB GUEUGNON\" \/>\n<meta property=\"og:description\" content=\"D\u00e9ception ce dimanche avec la lourde d\u00e9faite des gueugnonnais par 3 buts \u00e0 0 chez le Besan\u00e7on Foot. Photos : Est R\u00e9publicain \/ Arnaud CASTAGNE Les forgerons restaient sur une belle prestation en coupe de France chez le FC Morteau-Montlebon (relire apr\u00e8s-match) et se d\u00e9pla\u00e7aient avec de l&rsquo;envie du c\u00f4t\u00e9 de L\u00e9o Lagrange ! Pourtant, ... Lire la suite\" \/>\n<meta property=\"og:url\" content=\"https:\/\/www.fcgueugnon.fr\/site\/n3-j06-besancon-foot-fc-gueugnon-resultat-reactions-et-resume\/1992\" \/>\n<meta property=\"og:site_name\" content=\"FOOTBALL CLUB GUEUGNON\" \/>\n<meta property=\"article:publisher\" content=\"http:\/\/facebook.com\/FCGueugnon\" \/>\n<meta property=\"article:published_time\" content=\"2022-10-24T13:54:45+00:00\" \/>\n<meta property=\"article:modified_time\" content=\"2022-10-24T13:54:48+00:00\" \/>\n<meta property=\"og:image\" content=\"https:\/\/www.fcgueugnon.fr\/site\/wp-content\/uploads\/2022\/10\/defaite-fc-gueugnon-besancon-foot.jpg\" \/>\n\t<meta property=\"og:image:width\" content=\"1600\" \/>\n\t<meta property=\"og:image:height\" content=\"1038\" \/>\n\t<meta property=\"og:image:type\" content=\"image\/jpeg\" \/>\n<meta name=\"author\" content=\"FC Gueugnon\" \/>\n<meta name=\"twitter:card\" content=\"summary_large_image\" \/>\n<meta name=\"twitter:creator\" content=\"@FCGueugnon_off\" \/>\n<meta name=\"twitter:site\" content=\"@FCGueugnon_off\" \/>\n<meta name=\"twitter:label1\" content=\"\u00c9crit par\" \/>\n\t<meta name=\"twitter:data1\" content=\"FC Gueugnon\" \/>\n\t<meta name=\"twitter:label2\" content=\"Dur\u00e9e de lecture estim\u00e9e\" \/>\n\t<meta name=\"twitter:data2\" content=\"4 minutes\" \/>\n<script type=\"application\/ld+json\" class=\"yoast-schema-graph\">{\"@context\":\"https:\/\/schema.org\",\"@graph\":[{\"@type\":\"Article\",\"@id\":\"https:\/\/www.fcgueugnon.fr\/site\/n3-j06-besancon-foot-fc-gueugnon-resultat-reactions-et-resume\/1992#article\",\"isPartOf\":{\"@id\":\"https:\/\/www.fcgueugnon.fr\/site\/n3-j06-besancon-foot-fc-gueugnon-resultat-reactions-et-resume\/1992\"},\"author\":{\"name\":\"FC Gueugnon\",\"@id\":\"https:\/\/www.fcgueugnon.fr\/site\/#\/schema\/person\/f6444fbdd35fa731ee974c03508738fb\"},\"headline\":\"[N3 J06 : Besan\u00e7on Foot \u2013 FC Gueugnon] R\u00e9sultat, r\u00e9actions et r\u00e9sum\u00e9\",\"datePublished\":\"2022-10-24T13:54:45+00:00\",\"dateModified\":\"2022-10-24T13:54:48+00:00\",\"mainEntityOfPage\":{\"@id\":\"https:\/\/www.fcgueugnon.fr\/site\/n3-j06-besancon-foot-fc-gueugnon-resultat-reactions-et-resume\/1992\"},\"wordCount\":556,\"publisher\":{\"@id\":\"https:\/\/www.fcgueugnon.fr\/site\/#organization\"},\"image\":{\"@id\":\"https:\/\/www.fcgueugnon.fr\/site\/n3-j06-besancon-foot-fc-gueugnon-resultat-reactions-et-resume\/1992#primaryimage\"},\"thumbnailUrl\":\"https:\/\/www.fcgueugnon.fr\/site\/wp-content\/uploads\/2022\/10\/defaite-fc-gueugnon-besancon-foot.jpg\",\"keywords\":[\"R\u00e9sultat\",\"Vid\u00e9o\"],\"articleSection\":[\"Archives 2022\/2023\",\"News\"],\"inLanguage\":\"fr-FR\"},{\"@type\":\"WebPage\",\"@id\":\"https:\/\/www.fcgueugnon.fr\/site\/n3-j06-besancon-foot-fc-gueugnon-resultat-reactions-et-resume\/1992\",\"url\":\"https:\/\/www.fcgueugnon.fr\/site\/n3-j06-besancon-foot-fc-gueugnon-resultat-reactions-et-resume\/1992\",\"name\":\"[N3 J06 : Besan\u00e7on Foot \u2013 FC Gueugnon] R\u00e9sultat, r\u00e9actions et r\u00e9sum\u00e9 &#8226; FOOTBALL CLUB GUEUGNON\",\"isPartOf\":{\"@id\":\"https:\/\/www.fcgueugnon.fr\/site\/#website\"},\"primaryImageOfPage\":{\"@id\":\"https:\/\/www.fcgueugnon.fr\/site\/n3-j06-besancon-foot-fc-gueugnon-resultat-reactions-et-resume\/1992#primaryimage\"},\"image\":{\"@id\":\"https:\/\/www.fcgueugnon.fr\/site\/n3-j06-besancon-foot-fc-gueugnon-resultat-reactions-et-resume\/1992#primaryimage\"},\"thumbnailUrl\":\"https:\/\/www.fcgueugnon.fr\/site\/wp-content\/uploads\/2022\/10\/defaite-fc-gueugnon-besancon-foot.jpg\",\"datePublished\":\"2022-10-24T13:54:45+00:00\",\"dateModified\":\"2022-10-24T13:54:48+00:00\",\"breadcrumb\":{\"@id\":\"https:\/\/www.fcgueugnon.fr\/site\/n3-j06-besancon-foot-fc-gueugnon-resultat-reactions-et-resume\/1992#breadcrumb\"},\"inLanguage\":\"fr-FR\",\"potentialAction\":[{\"@type\":\"ReadAction\",\"target\":[\"https:\/\/www.fcgueugnon.fr\/site\/n3-j06-besancon-foot-fc-gueugnon-resultat-reactions-et-resume\/1992\"]}]},{\"@type\":\"ImageObject\",\"inLanguage\":\"fr-FR\",\"@id\":\"https:\/\/www.fcgueugnon.fr\/site\/n3-j06-besancon-foot-fc-gueugnon-resultat-reactions-et-resume\/1992#primaryimage\",\"url\":\"https:\/\/www.fcgueugnon.fr\/site\/wp-content\/uploads\/2022\/10\/defaite-fc-gueugnon-besancon-foot.jpg\",\"contentUrl\":\"https:\/\/www.fcgueugnon.fr\/site\/wp-content\/uploads\/2022\/10\/defaite-fc-gueugnon-besancon-foot.jpg\",\"width\":1600,\"height\":1038},{\"@type\":\"BreadcrumbList\",\"@id\":\"https:\/\/www.fcgueugnon.fr\/site\/n3-j06-besancon-foot-fc-gueugnon-resultat-reactions-et-resume\/1992#breadcrumb\",\"itemListElement\":[{\"@type\":\"ListItem\",\"position\":1,\"name\":\"Accueil\",\"item\":\"https:\/\/www.fcgueugnon.fr\/site\/\"},{\"@type\":\"ListItem\",\"position\":2,\"name\":\"[N3 J06 : Besan\u00e7on Foot \u2013 FC Gueugnon] R\u00e9sultat, r\u00e9actions et r\u00e9sum\u00e9\"}]},{\"@type\":\"WebSite\",\"@id\":\"https:\/\/www.fcgueugnon.fr\/site\/#website\",\"url\":\"https:\/\/www.fcgueugnon.fr\/site\/\",\"name\":\"FOOTBALL CLUB GUEUGNON\",\"description\":\"Le Site Officiel des Forgerons\",\"publisher\":{\"@id\":\"https:\/\/www.fcgueugnon.fr\/site\/#organization\"},\"potentialAction\":[{\"@type\":\"SearchAction\",\"target\":{\"@type\":\"EntryPoint\",\"urlTemplate\":\"https:\/\/www.fcgueugnon.fr\/site\/?s={search_term_string}\"},\"query-input\":{\"@type\":\"PropertyValueSpecification\",\"valueRequired\":true,\"valueName\":\"search_term_string\"}}],\"inLanguage\":\"fr-FR\"},{\"@type\":\"Organization\",\"@id\":\"https:\/\/www.fcgueugnon.fr\/site\/#organization\",\"name\":\"FC Gueugnon\",\"url\":\"https:\/\/www.fcgueugnon.fr\/site\/\",\"logo\":{\"@type\":\"ImageObject\",\"inLanguage\":\"fr-FR\",\"@id\":\"https:\/\/www.fcgueugnon.fr\/site\/#\/schema\/logo\/image\/\",\"url\":\"https:\/\/www.fcgueugnon.fr\/site\/wp-content\/uploads\/2022\/07\/cropped-Logo-FCGUEUGNON-low-350x350-1.png\",\"contentUrl\":\"https:\/\/www.fcgueugnon.fr\/site\/wp-content\/uploads\/2022\/07\/cropped-Logo-FCGUEUGNON-low-350x350-1.png\",\"width\":350,\"height\":350,\"caption\":\"FC Gueugnon\"},\"image\":{\"@id\":\"https:\/\/www.fcgueugnon.fr\/site\/#\/schema\/logo\/image\/\"},\"sameAs\":[\"http:\/\/facebook.com\/FCGueugnon\",\"https:\/\/x.com\/FCGueugnon_off\",\"https:\/\/www.instagram.com\/fcgueugnon\/\",\"https:\/\/www.linkedin.com\/company\/football-club-de-gueugnon\/\",\"https:\/\/www.youtube.com\/user\/FCGueugnonnais\",\"https:\/\/fr.wikipedia.org\/wiki\/Football_Club_de_Gueugnon\"]},{\"@type\":\"Person\",\"@id\":\"https:\/\/www.fcgueugnon.fr\/site\/#\/schema\/person\/f6444fbdd35fa731ee974c03508738fb\",\"name\":\"FC Gueugnon\",\"sameAs\":[\"https:\/\/www.fcgueugnon.fr\/site\"],\"url\":\"https:\/\/www.fcgueugnon.fr\/site\/author\/admin-antho\"}]}<\/script>\n<!-- \/ Yoast SEO plugin. -->","yoast_head_json":{"title":"[N3 J06 : Besan\u00e7on Foot \u2013 FC Gueugnon] R\u00e9sultat, r\u00e9actions et r\u00e9sum\u00e9 &#8226; FOOTBALL CLUB GUEUGNON","robots":{"index":"index","follow":"follow","max-snippet":"max-snippet:-1","max-image-preview":"max-image-preview:large","max-video-preview":"max-video-preview:-1"},"canonical":"https:\/\/www.fcgueugnon.fr\/site\/n3-j06-besancon-foot-fc-gueugnon-resultat-reactions-et-resume\/1992","og_locale":"fr_FR","og_type":"article","og_title":"[N3 J06 : Besan\u00e7on Foot \u2013 FC Gueugnon] R\u00e9sultat, r\u00e9actions et r\u00e9sum\u00e9 &#8226; FOOTBALL CLUB GUEUGNON","og_description":"D\u00e9ception ce dimanche avec la lourde d\u00e9faite des gueugnonnais par 3 buts \u00e0 0 chez le Besan\u00e7on Foot. Photos : Est R\u00e9publicain \/ Arnaud CASTAGNE Les forgerons restaient sur une belle prestation en coupe de France chez le FC Morteau-Montlebon (relire apr\u00e8s-match) et se d\u00e9pla\u00e7aient avec de l&rsquo;envie du c\u00f4t\u00e9 de L\u00e9o Lagrange ! Pourtant, ... Lire la suite","og_url":"https:\/\/www.fcgueugnon.fr\/site\/n3-j06-besancon-foot-fc-gueugnon-resultat-reactions-et-resume\/1992","og_site_name":"FOOTBALL CLUB GUEUGNON","article_publisher":"http:\/\/facebook.com\/FCGueugnon","article_published_time":"2022-10-24T13:54:45+00:00","article_modified_time":"2022-10-24T13:54:48+00:00","og_image":[{"width":1600,"height":1038,"url":"https:\/\/www.fcgueugnon.fr\/site\/wp-content\/uploads\/2022\/10\/defaite-fc-gueugnon-besancon-foot.jpg","type":"image\/jpeg"}],"author":"FC Gueugnon","twitter_card":"summary_large_image","twitter_creator":"@FCGueugnon_off","twitter_site":"@FCGueugnon_off","twitter_misc":{"\u00c9crit par":"FC Gueugnon","Dur\u00e9e de lecture estim\u00e9e":"4 minutes"},"schema":{"@context":"https:\/\/schema.org","@graph":[{"@type":"Article","@id":"https:\/\/www.fcgueugnon.fr\/site\/n3-j06-besancon-foot-fc-gueugnon-resultat-reactions-et-resume\/1992#article","isPartOf":{"@id":"https:\/\/www.fcgueugnon.fr\/site\/n3-j06-besancon-foot-fc-gueugnon-resultat-reactions-et-resume\/1992"},"author":{"name":"FC Gueugnon","@id":"https:\/\/www.fcgueugnon.fr\/site\/#\/schema\/person\/f6444fbdd35fa731ee974c03508738fb"},"headline":"[N3 J06 : Besan\u00e7on Foot \u2013 FC Gueugnon] R\u00e9sultat, r\u00e9actions et r\u00e9sum\u00e9","datePublished":"2022-10-24T13:54:45+00:00","dateModified":"2022-10-24T13:54:48+00:00","mainEntityOfPage":{"@id":"https:\/\/www.fcgueugnon.fr\/site\/n3-j06-besancon-foot-fc-gueugnon-resultat-reactions-et-resume\/1992"},"wordCount":556,"publisher":{"@id":"https:\/\/www.fcgueugnon.fr\/site\/#organization"},"image":{"@id":"https:\/\/www.fcgueugnon.fr\/site\/n3-j06-besancon-foot-fc-gueugnon-resultat-reactions-et-resume\/1992#primaryimage"},"thumbnailUrl":"https:\/\/www.fcgueugnon.fr\/site\/wp-content\/uploads\/2022\/10\/defaite-fc-gueugnon-besancon-foot.jpg","keywords":["R\u00e9sultat","Vid\u00e9o"],"articleSection":["Archives 2022\/2023","News"],"inLanguage":"fr-FR"},{"@type":"WebPage","@id":"https:\/\/www.fcgueugnon.fr\/site\/n3-j06-besancon-foot-fc-gueugnon-resultat-reactions-et-resume\/1992","url":"https:\/\/www.fcgueugnon.fr\/site\/n3-j06-besancon-foot-fc-gueugnon-resultat-reactions-et-resume\/1992","name":"[N3 J06 : Besan\u00e7on Foot \u2013 FC Gueugnon] R\u00e9sultat, r\u00e9actions et r\u00e9sum\u00e9 &#8226; FOOTBALL CLUB GUEUGNON","isPartOf":{"@id":"https:\/\/www.fcgueugnon.fr\/site\/#website"},"primaryImageOfPage":{"@id":"https:\/\/www.fcgueugnon.fr\/site\/n3-j06-besancon-foot-fc-gueugnon-resultat-reactions-et-resume\/1992#primaryimage"},"image":{"@id":"https:\/\/www.fcgueugnon.fr\/site\/n3-j06-besancon-foot-fc-gueugnon-resultat-reactions-et-resume\/1992#primaryimage"},"thumbnailUrl":"https:\/\/www.fcgueugnon.fr\/site\/wp-content\/uploads\/2022\/10\/defaite-fc-gueugnon-besancon-foot.jpg","datePublished":"2022-10-24T13:54:45+00:00","dateModified":"2022-10-24T13:54:48+00:00","breadcrumb":{"@id":"https:\/\/www.fcgueugnon.fr\/site\/n3-j06-besancon-foot-fc-gueugnon-resultat-reactions-et-resume\/1992#breadcrumb"},"inLanguage":"fr-FR","potentialAction":[{"@type":"ReadAction","target":["https:\/\/www.fcgueugnon.fr\/site\/n3-j06-besancon-foot-fc-gueugnon-resultat-reactions-et-resume\/1992"]}]},{"@type":"ImageObject","inLanguage":"fr-FR","@id":"https:\/\/www.fcgueugnon.fr\/site\/n3-j06-besancon-foot-fc-gueugnon-resultat-reactions-et-resume\/1992#primaryimage","url":"https:\/\/www.fcgueugnon.fr\/site\/wp-content\/uploads\/2022\/10\/defaite-fc-gueugnon-besancon-foot.jpg","contentUrl":"https:\/\/www.fcgueugnon.fr\/site\/wp-content\/uploads\/2022\/10\/defaite-fc-gueugnon-besancon-foot.jpg","width":1600,"height":1038},{"@type":"BreadcrumbList","@id":"https:\/\/www.fcgueugnon.fr\/site\/n3-j06-besancon-foot-fc-gueugnon-resultat-reactions-et-resume\/1992#breadcrumb","itemListElement":[{"@type":"ListItem","position":1,"name":"Accueil","item":"https:\/\/www.fcgueugnon.fr\/site\/"},{"@type":"ListItem","position":2,"name":"[N3 J06 : Besan\u00e7on Foot \u2013 FC Gueugnon] R\u00e9sultat, r\u00e9actions et r\u00e9sum\u00e9"}]},{"@type":"WebSite","@id":"https:\/\/www.fcgueugnon.fr\/site\/#website","url":"https:\/\/www.fcgueugnon.fr\/site\/","name":"FOOTBALL CLUB GUEUGNON","description":"Le Site Officiel des Forgerons","publisher":{"@id":"https:\/\/www.fcgueugnon.fr\/site\/#organization"},"potentialAction":[{"@type":"SearchAction","target":{"@type":"EntryPoint","urlTemplate":"https:\/\/www.fcgueugnon.fr\/site\/?s={search_term_string}"},"query-input":{"@type":"PropertyValueSpecification","valueRequired":true,"valueName":"search_term_string"}}],"inLanguage":"fr-FR"},{"@type":"Organization","@id":"https:\/\/www.fcgueugnon.fr\/site\/#organization","name":"FC Gueugnon","url":"https:\/\/www.fcgueugnon.fr\/site\/","logo":{"@type":"ImageObject","inLanguage":"fr-FR","@id":"https:\/\/www.fcgueugnon.fr\/site\/#\/schema\/logo\/image\/","url":"https:\/\/www.fcgueugnon.fr\/site\/wp-content\/uploads\/2022\/07\/cropped-Logo-FCGUEUGNON-low-350x350-1.png","contentUrl":"https:\/\/www.fcgueugnon.fr\/site\/wp-content\/uploads\/2022\/07\/cropped-Logo-FCGUEUGNON-low-350x350-1.png","width":350,"height":350,"caption":"FC Gueugnon"},"image":{"@id":"https:\/\/www.fcgueugnon.fr\/site\/#\/schema\/logo\/image\/"},"sameAs":["http:\/\/facebook.com\/FCGueugnon","https:\/\/x.com\/FCGueugnon_off","https:\/\/www.instagram.com\/fcgueugnon\/","https:\/\/www.linkedin.com\/company\/football-club-de-gueugnon\/","https:\/\/www.youtube.com\/user\/FCGueugnonnais","https:\/\/fr.wikipedia.org\/wiki\/Football_Club_de_Gueugnon"]},{"@type":"Person","@id":"https:\/\/www.fcgueugnon.fr\/site\/#\/schema\/person\/f6444fbdd35fa731ee974c03508738fb","name":"FC Gueugnon","sameAs":["https:\/\/www.fcgueugnon.fr\/site"],"url":"https:\/\/www.fcgueugnon.fr\/site\/author\/admin-antho"}]}},"rttpg_featured_image_url":{"full":["https:\/\/www.fcgueugnon.fr\/site\/wp-content\/uploads\/2022\/10\/defaite-fc-gueugnon-besancon-foot.jpg",1600,1038,false],"landscape":["https:\/\/www.fcgueugnon.fr\/site\/wp-content\/uploads\/2022\/10\/defaite-fc-gueugnon-besancon-foot.jpg",1600,1038,false],"portraits":["https:\/\/www.fcgueugnon.fr\/site\/wp-content\/uploads\/2022\/10\/defaite-fc-gueugnon-besancon-foot.jpg",1600,1038,false],"thumbnail":["https:\/\/www.fcgueugnon.fr\/site\/wp-content\/uploads\/2022\/10\/defaite-fc-gueugnon-besancon-foot-150x150.jpg",150,150,true],"medium":["https:\/\/www.fcgueugnon.fr\/site\/wp-content\/uploads\/2022\/10\/defaite-fc-gueugnon-besancon-foot-400x260.jpg",400,260,true],"large":["https:\/\/www.fcgueugnon.fr\/site\/wp-content\/uploads\/2022\/10\/defaite-fc-gueugnon-besancon-foot-1024x664.jpg",1024,664,true],"1536x1536":["https:\/\/www.fcgueugnon.fr\/site\/wp-content\/uploads\/2022\/10\/defaite-fc-gueugnon-besancon-foot-1536x996.jpg",1536,996,true],"2048x2048":["https:\/\/www.fcgueugnon.fr\/site\/wp-content\/uploads\/2022\/10\/defaite-fc-gueugnon-besancon-foot.jpg",1600,1038,false]},"rttpg_author":{"display_name":"FC Gueugnon","author_link":"https:\/\/www.fcgueugnon.fr\/site\/author\/admin-antho"},"rttpg_comment":0,"rttpg_category":"<a href=\"https:\/\/www.fcgueugnon.fr\/site\/category\/news\/news-2022-2023\" rel=\"category tag\">Archives 2022\/2023<\/a> <a href=\"https:\/\/www.fcgueugnon.fr\/site\/category\/news\" rel=\"category tag\">News<\/a>","rttpg_excerpt":"D\u00e9ception ce dimanche avec la lourde d\u00e9faite des gueugnonnais par 3 buts \u00e0 0 chez le Besan\u00e7on Foot. Photos : Est R\u00e9publicain \/ Arnaud CASTAGNE Les forgerons restaient sur une belle prestation en coupe de France chez le FC Morteau-Montlebon (relire apr\u00e8s-match) et se d\u00e9pla\u00e7aient avec de l&rsquo;envie du c\u00f4t\u00e9 de L\u00e9o Lagrange ! Pourtant,\u2026","_links":{"self":[{"href":"https:\/\/www.fcgueugnon.fr\/site\/wp-json\/wp\/v2\/posts\/1992","targetHints":{"allow":["GET"]}}],"collection":[{"href":"https:\/\/www.fcgueugnon.fr\/site\/wp-json\/wp\/v2\/posts"}],"about":[{"href":"https:\/\/www.fcgueugnon.fr\/site\/wp-json\/wp\/v2\/types\/post"}],"author":[{"embeddable":true,"href":"https:\/\/www.fcgueugnon.fr\/site\/wp-json\/wp\/v2\/users\/1"}],"replies":[{"embeddable":true,"href":"https:\/\/www.fcgueugnon.fr\/site\/wp-json\/wp\/v2\/comments?post=1992"}],"version-history":[{"count":5,"href":"https:\/\/www.fcgueugnon.fr\/site\/wp-json\/wp\/v2\/posts\/1992\/revisions"}],"predecessor-version":[{"id":2004,"href":"https:\/\/www.fcgueugnon.fr\/site\/wp-json\/wp\/v2\/posts\/1992\/revisions\/2004"}],"wp:featuredmedia":[{"embeddable":true,"href":"https:\/\/www.fcgueugnon.fr\/site\/wp-json\/wp\/v2\/media\/2000"}],"wp:attachment":[{"href":"https:\/\/www.fcgueugnon.fr\/site\/wp-json\/wp\/v2\/media?parent=1992"}],"wp:term":[{"taxonomy":"category","embeddable":true,"href":"https:\/\/www.fcgueugnon.fr\/site\/wp-json\/wp\/v2\/categories?post=1992"},{"taxonomy":"post_tag","embeddable":true,"href":"https:\/\/www.fcgueugnon.fr\/site\/wp-json\/wp\/v2\/tags?post=1992"}],"curies":[{"name":"wp","href":"https:\/\/api.w.org\/{rel}","templated":true}]}}